{"id":100032,"date":"2024-07-24T14:31:58","date_gmt":"2024-07-24T17:31:58","guid":{"rendered":"https:\/\/www.fatosefotosnews.com.br\/operacao-padrao-da-abin-nao-afetara-concurso-unificado-diz-ministerio\/"},"modified":"2024-07-24T14:31:58","modified_gmt":"2024-07-24T17:31:58","slug":"operacao-padrao-da-abin-nao-afetara-concurso-unificado-diz-ministerio","status":"publish","type":"post","link":"https:\/\/www.fatosefotosnews.com.br\/?p=100032","title":{"rendered":"Opera\u00e7\u00e3o-padr\u00e3o da Abin n\u00e3o afetar\u00e1 concurso unificado, diz minist\u00e9rio"},"content":{"rendered":"<p>O Minist\u00e9rio da Gest\u00e3o e da Inova\u00e7\u00e3o em Servi\u00e7os P\u00fablicos (MGI) n\u00e3o prev\u00ea altera\u00e7\u00f5es na opera\u00e7\u00e3o de seguran\u00e7a para a aplica\u00e7\u00e3o das provas do Concurso P\u00fablico Nacional Unificado (CPNU), em 18 de agosto, diante da opera\u00e7\u00e3o-padr\u00e3o dos servidores da Ag\u00eancia Brasileira de Intelig\u00eancia (Abin), iniciada na segunda-feira (22).\u00a0<img decoding=\"async\" src=\"https:\/\/agenciabrasil.ebc.com.br\/ebc.png?id=1605161&#038;o=node\" style=\"width:1px;height:1px\"><img decoding=\"async\" src=\"https:\/\/agenciabrasil.ebc.com.br\/ebc.gif?id=1605161&#038;o=node\" style=\"width:1px;height:1px\"><\/p>\n<p>Em geral, opera\u00e7\u00f5es desse tipo s\u00e3o caracterizadas em atividades administrativas com rigor excessivo, o que pode causar morosidade na presta\u00e7\u00e3o de servi\u00e7os. A opera\u00e7\u00e3o-padr\u00e3o ocorre ap\u00f3s impasse entre o governo federal e os servidores do \u00f3rg\u00e3o sobre as negocia\u00e7\u00f5es em rela\u00e7\u00e3o ao reajuste salarial da categoria e a reestrutura\u00e7\u00e3o de carreiras.<\/p>\n<p>Em resposta \u00e0 <strong>Ag\u00eancia Brasil<\/strong>, o Minist\u00e9rio da Gest\u00e3o e da Inova\u00e7\u00e3o em Servi\u00e7os P\u00fablicos informou que a coordena\u00e7\u00e3o-geral do concurso unificado est\u00e1 em contato com a Abin para quest\u00f5es relacionadas ao certame. \u201cN\u00e3o h\u00e1 indicativo de qualquer modifica\u00e7\u00e3o na opera\u00e7\u00e3o que garanta a seguran\u00e7a na realiza\u00e7\u00e3o do CPNU\u201d, disse o minist\u00e9rio.<\/p>\n<p>A pasta ainda frisou que coordena a rede de seguran\u00e7a do processo seletivo, em parceria com a Secretaria Nacional de Seguran\u00e7a P\u00fablica do Minist\u00e9rio da Justi\u00e7a e Seguran\u00e7a P\u00fablica (Senasp), e que conta com os efetivos da Pol\u00edcia Federal (PF), da Pol\u00edcia Rodovi\u00e1ria Federal (PRF), da For\u00e7a Nacional (FN), das secretarias de Seguran\u00e7a P\u00fablica estaduais, da Funda\u00e7\u00e3o Cesgranrio e dos Correios, al\u00e9m dos profissionais da Abin, na composi\u00e7\u00e3o da rede.<\/p>\n<p>O sindicato da categoria dos oficiais e t\u00e9cnicos do \u00f3rg\u00e3o discorda do posicionamento do MGI sobre poss\u00edveis altera\u00e7\u00f5es na log\u00edstica do processo seletivo, com a opera\u00e7\u00e3o-padr\u00e3o, conforme declara\u00e7\u00e3o da Uni\u00e3o dos Profissionais de Intelig\u00eancia de Estado da Abin (Intelis) \u00e0 reportagem da <strong>Ag\u00eancia Brasil<\/strong>. \u201cA Abin ajuda na seguran\u00e7a e inviolabilidade das provas, al\u00e9m das quest\u00f5es de log\u00edstica e fornecendo conhecimento sobre eventos e situa\u00e7\u00f5es que podem interferir no processo\u201d, explica.<\/p>\n<h2>Negocia\u00e7\u00f5es<\/h2>\n<p>O Minist\u00e9rio da Gest\u00e3o e da Inova\u00e7\u00e3o em Servi\u00e7os P\u00fablicos e as entidades representativas dos servidores da Abin se reuniram na quinta-feira (18) para uma rodada de negocia\u00e7\u00f5es das reivindica\u00e7\u00f5es de reestrutura\u00e7\u00e3o das carreiras.<\/p>\n<p>O MGI informou ter apresentado proposta de reajuste salarial que prev\u00ea ganhos acumulados de 14,5% a 25,3%, de 2023 a 2026. \u201cO governo segue com as negocia\u00e7\u00f5es buscando atender as reivindica\u00e7\u00f5es de reestrutura\u00e7\u00e3o das carreiras de todos os servidores federais, respeitando os limites or\u00e7ament\u00e1rios. At\u00e9 agora, j\u00e1 foram 22 acordos assinados com diferentes categorias\u201d, explicou o MGI diante da discord\u00e2ncia dos oficiais e t\u00e9cnicos de intelig\u00eancia em rela\u00e7\u00e3o a alguns pontos expostos na mesa de negocia\u00e7\u00f5es.<\/p>\n<p>Em nota, a Intelis relatou que o governo federal ignorou os problemas apontados pela categoria e reclamou da n\u00e3o recomposi\u00e7\u00e3o salarial, em 2025, para os servidores da base, al\u00e9m da proposta federal para os servidores do topo da carreira da Abin de terem reajuste de 9,5%, em 2025, e 5%, em 2026.<\/p>\n<p>No mesmo documento, a Intelis anunciou a opera\u00e7\u00e3o-padr\u00e3o das atividades da Abin. \u201cSentimos muito pela popula\u00e7\u00e3o brasileira, a quem n\u00e3o conseguiremos mais garantir a seguran\u00e7a e atender nas mais diversas \u00e1reas em que atuamos, mas chegamos a um ponto de n\u00e3o retorno, em que sabemos que o \u00f3rg\u00e3o n\u00e3o resistir\u00e1 a um terceiro epis\u00f3dio de descolamento frente \u00e0s demais carreiras.\u201d<\/p>\n<p>Uma nova reuni\u00e3o para continuidade das negocia\u00e7\u00f5es est\u00e1 marcada para a tarde desta quarta-feira (24), na sede do minist\u00e9rio, em Bras\u00edlia.<\/p>\n<p id=\"infocoweb_fonte\" class=\"infocoweb_fonte\">Fonte: <a target=\"_blank\" href=\"https:\/\/agenciabrasil.ebc.com.br\/geral\/noticia\/2024-07\/operacao-padrao-da-abin-nao-afetara-concurso-unificado-diz-ministerio#056d2e7f-1f90-4995-a2fb-002af0b58158\" rel=\"noopener\">EBC GERAL<\/a><\/p>\n","protected":false},"excerpt":{"rendered":"<p>O Minist\u00e9rio da Gest\u00e3o e da Inova\u00e7\u00e3o em Servi\u00e7os P\u00fablicos (MGI) n\u00e3o prev\u00ea altera\u00e7\u00f5es na opera\u00e7\u00e3o de seguran\u00e7a para a aplica\u00e7\u00e3o das provas do Concurso P\u00fablico Nacional Unificado (CPNU), em 18 de agosto, diante da opera\u00e7\u00e3o-padr\u00e3o dos servidores da Ag\u00eancia Brasileira de Intelig\u00eancia (Abin), iniciada na segunda-feira (22).\u00a0 Em geral, opera\u00e7\u00f5es desse tipo s\u00e3o caracterizadas [&hellip;]<\/p>\n","protected":false},"author":5,"featured_media":100033,"comment_status":"open","ping_status":"open","sticky":false,"template":"","format":"standard","meta":{"_acf_changed":false,"_angie_page":false,"_monsterinsights_skip_tracking":false,"_themeisle_gutenberg_block_has_review":false,"page_builder":"","footnotes":"","jetpack_publicize_message":"","jetpack_publicize_feature_enabled":true,"jetpack_social_post_already_shared":false,"jetpack_social_options":{"image_generator_settings":{"template":"highway","default_image_id":0,"font":"","enabled":false},"version":2}},"categories":[167],"tags":[18225,1271,637,526,13841],"class_list":["post-100032","post","type-post","status-publish","format-standard","has-post-thumbnail","hentry","category-geral","tag-afetara","tag-concurso","tag-ministerio","tag-opera","tag-unificado"],"acf":[],"nelio_content":{"autoShareEndMode":"never","automationSources":{"useCustomSentences":false,"customSentences":[]},"efiAlt":"","efiUrl":"","followers":[5],"highlights":[],"isAutoShareEnabled":true,"networkImageIds":[],"permalinkQueryArgs":[],"series":[],"suggestedReferences":[]},"yoast_head":"<!-- This site is optimized with the Yoast SEO plugin v28.3 - https:\/\/yoast.com\/product\/yoast-seo-wordpress\/ -->\n<title>Opera\u00e7\u00e3o-padr\u00e3o da Abin n\u00e3o afetar\u00e1 concurso unificado, diz minist\u00e9rio<\/title>\n<meta name=\"description\" content=\"Opera\u00e7\u00e3o-padr\u00e3o da Abin n\u00e3o afetar\u00e1 concurso unificado, diz minist\u00e9rio\" \/>\n<meta name=\"robots\" content=\"index, follow, max-snippet:-1, max-image-preview:large, max-video-preview:-1\" \/>\n<link rel=\"canonical\" href=\"https:\/\/www.fatosefotosnews.com.br\/?p=100032\" \/>\n<meta property=\"og:locale\" content=\"pt_BR\" \/>\n<meta property=\"og:type\" content=\"article\" \/>\n<meta property=\"og:title\" content=\"Opera\u00e7\u00e3o-padr\u00e3o da Abin n\u00e3o afetar\u00e1 concurso unificado, diz minist\u00e9rio\" \/>\n<meta property=\"og:description\" content=\"Opera\u00e7\u00e3o-padr\u00e3o da Abin n\u00e3o afetar\u00e1 concurso unificado, diz minist\u00e9rio\" \/>\n<meta property=\"og:url\" content=\"https:\/\/www.fatosefotosnews.com.br\/?p=100032\" \/>\n<meta property=\"og:site_name\" content=\"Fatos e Fotos News\" \/>\n<meta property=\"article:published_time\" content=\"2024-07-24T17:31:58+00:00\" \/>\n<meta property=\"og:image\" content=\"https:\/\/www.fatosefotosnews.com.br\/wp-content\/uploads\/2024\/07\/c1739991e1dc2c57607a6c6b34a8441d.jpeg\" \/>\n\t<meta property=\"og:image:width\" content=\"1024\" \/>\n\t<meta property=\"og:image:height\" content=\"512\" \/>\n\t<meta property=\"og:image:type\" content=\"image\/jpeg\" \/>\n<meta name=\"author\" content=\"Da Reda\u00e7\u00e3o\" \/>\n<meta name=\"twitter:card\" content=\"summary_large_image\" \/>\n<meta name=\"twitter:label1\" content=\"Escrito por\" \/>\n\t<meta name=\"twitter:data1\" content=\"Da Reda\u00e7\u00e3o\" \/>\n\t<meta name=\"twitter:label2\" content=\"Est. tempo de leitura\" \/>\n\t<meta name=\"twitter:data2\" content=\"99 minutos\" \/>\n<script type=\"application\/ld+json\" class=\"yoast-schema-graph\">{\"@context\":\"https:\\\/\\\/schema.org\",\"@graph\":[{\"@type\":\"Article\",\"@id\":\"https:\\\/\\\/www.fatosefotosnews.com.br\\\/?p=100032#article\",\"isPartOf\":{\"@id\":\"https:\\\/\\\/www.fatosefotosnews.com.br\\\/?p=100032\"},\"author\":{\"name\":\"Da Reda\u00e7\u00e3o\",\"@id\":\"https:\\\/\\\/www.fatosefotosnews.com.br\\\/#\\\/schema\\\/person\\\/3b80f81d08670fb1f6690e07eb8b5dc6\"},\"headline\":\"Opera\u00e7\u00e3o-padr\u00e3o da Abin n\u00e3o afetar\u00e1 concurso unificado, diz minist\u00e9rio\",\"datePublished\":\"2024-07-24T17:31:58+00:00\",\"mainEntityOfPage\":{\"@id\":\"https:\\\/\\\/www.fatosefotosnews.com.br\\\/?p=100032\"},\"wordCount\":643,\"commentCount\":0,\"publisher\":{\"@id\":\"https:\\\/\\\/www.fatosefotosnews.com.br\\\/#organization\"},\"image\":{\"@id\":\"https:\\\/\\\/www.fatosefotosnews.com.br\\\/?p=100032#primaryimage\"},\"thumbnailUrl\":\"https:\\\/\\\/www.fatosefotosnews.com.br\\\/wp-content\\\/uploads\\\/2024\\\/07\\\/c1739991e1dc2c57607a6c6b34a8441d.jpeg\",\"keywords\":[\"afetara\",\"concurso\",\"ministerio\",\"opera\",\"unificado\"],\"articleSection\":[\"Geral\"],\"inLanguage\":\"pt-BR\",\"potentialAction\":[{\"@type\":\"CommentAction\",\"name\":\"Comment\",\"target\":[\"https:\\\/\\\/www.fatosefotosnews.com.br\\\/?p=100032#respond\"]}]},{\"@type\":\"WebPage\",\"@id\":\"https:\\\/\\\/www.fatosefotosnews.com.br\\\/?p=100032\",\"url\":\"https:\\\/\\\/www.fatosefotosnews.com.br\\\/?p=100032\",\"name\":\"Opera\u00e7\u00e3o-padr\u00e3o da Abin n\u00e3o afetar\u00e1 concurso unificado, diz minist\u00e9rio\",\"isPartOf\":{\"@id\":\"https:\\\/\\\/www.fatosefotosnews.com.br\\\/#website\"},\"primaryImageOfPage\":{\"@id\":\"https:\\\/\\\/www.fatosefotosnews.com.br\\\/?p=100032#primaryimage\"},\"image\":{\"@id\":\"https:\\\/\\\/www.fatosefotosnews.com.br\\\/?p=100032#primaryimage\"},\"thumbnailUrl\":\"https:\\\/\\\/www.fatosefotosnews.com.br\\\/wp-content\\\/uploads\\\/2024\\\/07\\\/c1739991e1dc2c57607a6c6b34a8441d.jpeg\",\"datePublished\":\"2024-07-24T17:31:58+00:00\",\"description\":\"Opera\u00e7\u00e3o-padr\u00e3o da Abin n\u00e3o afetar\u00e1 concurso unificado, diz minist\u00e9rio\",\"breadcrumb\":{\"@id\":\"https:\\\/\\\/www.fatosefotosnews.com.br\\\/?p=100032#breadcrumb\"},\"inLanguage\":\"pt-BR\",\"potentialAction\":[{\"@type\":\"ReadAction\",\"target\":[\"https:\\\/\\\/www.fatosefotosnews.com.br\\\/?p=100032\"]}]},{\"@type\":\"ImageObject\",\"inLanguage\":\"pt-BR\",\"@id\":\"https:\\\/\\\/www.fatosefotosnews.com.br\\\/?p=100032#primaryimage\",\"url\":\"https:\\\/\\\/www.fatosefotosnews.com.br\\\/wp-content\\\/uploads\\\/2024\\\/07\\\/c1739991e1dc2c57607a6c6b34a8441d.jpeg\",\"contentUrl\":\"https:\\\/\\\/www.fatosefotosnews.com.br\\\/wp-content\\\/uploads\\\/2024\\\/07\\\/c1739991e1dc2c57607a6c6b34a8441d.jpeg\",\"width\":1024,\"height\":512,\"caption\":\"\u00a9\"},{\"@type\":\"BreadcrumbList\",\"@id\":\"https:\\\/\\\/www.fatosefotosnews.com.br\\\/?p=100032#breadcrumb\",\"itemListElement\":[{\"@type\":\"ListItem\",\"position\":1,\"name\":\"In\u00edcio\",\"item\":\"https:\\\/\\\/www.fatosefotosnews.com.br\\\/\"},{\"@type\":\"ListItem\",\"position\":2,\"name\":\"Opera\u00e7\u00e3o-padr\u00e3o da Abin n\u00e3o afetar\u00e1 concurso unificado, diz minist\u00e9rio\"}]},{\"@type\":\"WebSite\",\"@id\":\"https:\\\/\\\/www.fatosefotosnews.com.br\\\/#website\",\"url\":\"https:\\\/\\\/www.fatosefotosnews.com.br\\\/\",\"name\":\"Fatos e Fotos News\",\"description\":\"Um site de noticial verdadeira e confi\u00e1veis.\",\"publisher\":{\"@id\":\"https:\\\/\\\/www.fatosefotosnews.com.br\\\/#organization\"},\"potentialAction\":[{\"@type\":\"SearchAction\",\"target\":{\"@type\":\"EntryPoint\",\"urlTemplate\":\"https:\\\/\\\/www.fatosefotosnews.com.br\\\/?s={search_term_string}\"},\"query-input\":{\"@type\":\"PropertyValueSpecification\",\"valueRequired\":true,\"valueName\":\"search_term_string\"}}],\"inLanguage\":\"pt-BR\"},{\"@type\":\"Organization\",\"@id\":\"https:\\\/\\\/www.fatosefotosnews.com.br\\\/#organization\",\"name\":\"Fatos e Fotos News\",\"url\":\"https:\\\/\\\/www.fatosefotosnews.com.br\\\/\",\"logo\":{\"@type\":\"ImageObject\",\"inLanguage\":\"pt-BR\",\"@id\":\"https:\\\/\\\/www.fatosefotosnews.com.br\\\/#\\\/schema\\\/logo\\\/image\\\/\",\"url\":\"https:\\\/\\\/www.fatosefotosnews.com.br\\\/wp-content\\\/uploads\\\/2023\\\/02\\\/Fatos-e-Fotos-news-logo.png\",\"contentUrl\":\"https:\\\/\\\/www.fatosefotosnews.com.br\\\/wp-content\\\/uploads\\\/2023\\\/02\\\/Fatos-e-Fotos-news-logo.png\",\"width\":300,\"height\":58,\"caption\":\"Fatos e Fotos News\"},\"image\":{\"@id\":\"https:\\\/\\\/www.fatosefotosnews.com.br\\\/#\\\/schema\\\/logo\\\/image\\\/\"}},{\"@type\":\"Person\",\"@id\":\"https:\\\/\\\/www.fatosefotosnews.com.br\\\/#\\\/schema\\\/person\\\/3b80f81d08670fb1f6690e07eb8b5dc6\",\"name\":\"Da Reda\u00e7\u00e3o\",\"image\":{\"@type\":\"ImageObject\",\"inLanguage\":\"pt-BR\",\"@id\":\"https:\\\/\\\/secure.gravatar.com\\\/avatar\\\/696d39935a657bf0fc95044dbc9f912520430a0eb6dd46c85dd97eb6483b249b?s=96&d=mm&r=g\",\"url\":\"https:\\\/\\\/secure.gravatar.com\\\/avatar\\\/696d39935a657bf0fc95044dbc9f912520430a0eb6dd46c85dd97eb6483b249b?s=96&d=mm&r=g\",\"contentUrl\":\"https:\\\/\\\/secure.gravatar.com\\\/avatar\\\/696d39935a657bf0fc95044dbc9f912520430a0eb6dd46c85dd97eb6483b249b?s=96&d=mm&r=g\",\"caption\":\"Da Reda\u00e7\u00e3o\"},\"url\":\"https:\\\/\\\/www.fatosefotosnews.com.br\\\/?author=5\"}]}<\/script>\n<!-- \/ Yoast SEO plugin. -->","yoast_head_json":{"title":"Opera\u00e7\u00e3o-padr\u00e3o da Abin n\u00e3o afetar\u00e1 concurso unificado, diz minist\u00e9rio","description":"Opera\u00e7\u00e3o-padr\u00e3o da Abin n\u00e3o afetar\u00e1 concurso unificado, diz minist\u00e9rio","robots":{"index":"index","follow":"follow","max-snippet":"max-snippet:-1","max-image-preview":"max-image-preview:large","max-video-preview":"max-video-preview:-1"},"canonical":"https:\/\/www.fatosefotosnews.com.br\/?p=100032","og_locale":"pt_BR","og_type":"article","og_title":"Opera\u00e7\u00e3o-padr\u00e3o da Abin n\u00e3o afetar\u00e1 concurso unificado, diz minist\u00e9rio","og_description":"Opera\u00e7\u00e3o-padr\u00e3o da Abin n\u00e3o afetar\u00e1 concurso unificado, diz minist\u00e9rio","og_url":"https:\/\/www.fatosefotosnews.com.br\/?p=100032","og_site_name":"Fatos e Fotos News","article_published_time":"2024-07-24T17:31:58+00:00","og_image":[{"width":1024,"height":512,"url":"https:\/\/www.fatosefotosnews.com.br\/wp-content\/uploads\/2024\/07\/c1739991e1dc2c57607a6c6b34a8441d.jpeg","type":"image\/jpeg"}],"author":"Da Reda\u00e7\u00e3o","twitter_card":"summary_large_image","twitter_misc":{"Escrito por":"Da Reda\u00e7\u00e3o","Est. tempo de leitura":"99 minutos"},"schema":{"@context":"https:\/\/schema.org","@graph":[{"@type":"Article","@id":"https:\/\/www.fatosefotosnews.com.br\/?p=100032#article","isPartOf":{"@id":"https:\/\/www.fatosefotosnews.com.br\/?p=100032"},"author":{"name":"Da Reda\u00e7\u00e3o","@id":"https:\/\/www.fatosefotosnews.com.br\/#\/schema\/person\/3b80f81d08670fb1f6690e07eb8b5dc6"},"headline":"Opera\u00e7\u00e3o-padr\u00e3o da Abin n\u00e3o afetar\u00e1 concurso unificado, diz minist\u00e9rio","datePublished":"2024-07-24T17:31:58+00:00","mainEntityOfPage":{"@id":"https:\/\/www.fatosefotosnews.com.br\/?p=100032"},"wordCount":643,"commentCount":0,"publisher":{"@id":"https:\/\/www.fatosefotosnews.com.br\/#organization"},"image":{"@id":"https:\/\/www.fatosefotosnews.com.br\/?p=100032#primaryimage"},"thumbnailUrl":"https:\/\/www.fatosefotosnews.com.br\/wp-content\/uploads\/2024\/07\/c1739991e1dc2c57607a6c6b34a8441d.jpeg","keywords":["afetara","concurso","ministerio","opera","unificado"],"articleSection":["Geral"],"inLanguage":"pt-BR","potentialAction":[{"@type":"CommentAction","name":"Comment","target":["https:\/\/www.fatosefotosnews.com.br\/?p=100032#respond"]}]},{"@type":"WebPage","@id":"https:\/\/www.fatosefotosnews.com.br\/?p=100032","url":"https:\/\/www.fatosefotosnews.com.br\/?p=100032","name":"Opera\u00e7\u00e3o-padr\u00e3o da Abin n\u00e3o afetar\u00e1 concurso unificado, diz minist\u00e9rio","isPartOf":{"@id":"https:\/\/www.fatosefotosnews.com.br\/#website"},"primaryImageOfPage":{"@id":"https:\/\/www.fatosefotosnews.com.br\/?p=100032#primaryimage"},"image":{"@id":"https:\/\/www.fatosefotosnews.com.br\/?p=100032#primaryimage"},"thumbnailUrl":"https:\/\/www.fatosefotosnews.com.br\/wp-content\/uploads\/2024\/07\/c1739991e1dc2c57607a6c6b34a8441d.jpeg","datePublished":"2024-07-24T17:31:58+00:00","description":"Opera\u00e7\u00e3o-padr\u00e3o da Abin n\u00e3o afetar\u00e1 concurso unificado, diz minist\u00e9rio","breadcrumb":{"@id":"https:\/\/www.fatosefotosnews.com.br\/?p=100032#breadcrumb"},"inLanguage":"pt-BR","potentialAction":[{"@type":"ReadAction","target":["https:\/\/www.fatosefotosnews.com.br\/?p=100032"]}]},{"@type":"ImageObject","inLanguage":"pt-BR","@id":"https:\/\/www.fatosefotosnews.com.br\/?p=100032#primaryimage","url":"https:\/\/www.fatosefotosnews.com.br\/wp-content\/uploads\/2024\/07\/c1739991e1dc2c57607a6c6b34a8441d.jpeg","contentUrl":"https:\/\/www.fatosefotosnews.com.br\/wp-content\/uploads\/2024\/07\/c1739991e1dc2c57607a6c6b34a8441d.jpeg","width":1024,"height":512,"caption":"\u00a9"},{"@type":"BreadcrumbList","@id":"https:\/\/www.fatosefotosnews.com.br\/?p=100032#breadcrumb","itemListElement":[{"@type":"ListItem","position":1,"name":"In\u00edcio","item":"https:\/\/www.fatosefotosnews.com.br\/"},{"@type":"ListItem","position":2,"name":"Opera\u00e7\u00e3o-padr\u00e3o da Abin n\u00e3o afetar\u00e1 concurso unificado, diz minist\u00e9rio"}]},{"@type":"WebSite","@id":"https:\/\/www.fatosefotosnews.com.br\/#website","url":"https:\/\/www.fatosefotosnews.com.br\/","name":"Fatos e Fotos News","description":"Um site de noticial verdadeira e confi\u00e1veis.","publisher":{"@id":"https:\/\/www.fatosefotosnews.com.br\/#organization"},"potentialAction":[{"@type":"SearchAction","target":{"@type":"EntryPoint","urlTemplate":"https:\/\/www.fatosefotosnews.com.br\/?s={search_term_string}"},"query-input":{"@type":"PropertyValueSpecification","valueRequired":true,"valueName":"search_term_string"}}],"inLanguage":"pt-BR"},{"@type":"Organization","@id":"https:\/\/www.fatosefotosnews.com.br\/#organization","name":"Fatos e Fotos News","url":"https:\/\/www.fatosefotosnews.com.br\/","logo":{"@type":"ImageObject","inLanguage":"pt-BR","@id":"https:\/\/www.fatosefotosnews.com.br\/#\/schema\/logo\/image\/","url":"https:\/\/www.fatosefotosnews.com.br\/wp-content\/uploads\/2023\/02\/Fatos-e-Fotos-news-logo.png","contentUrl":"https:\/\/www.fatosefotosnews.com.br\/wp-content\/uploads\/2023\/02\/Fatos-e-Fotos-news-logo.png","width":300,"height":58,"caption":"Fatos e Fotos News"},"image":{"@id":"https:\/\/www.fatosefotosnews.com.br\/#\/schema\/logo\/image\/"}},{"@type":"Person","@id":"https:\/\/www.fatosefotosnews.com.br\/#\/schema\/person\/3b80f81d08670fb1f6690e07eb8b5dc6","name":"Da Reda\u00e7\u00e3o","image":{"@type":"ImageObject","inLanguage":"pt-BR","@id":"https:\/\/secure.gravatar.com\/avatar\/696d39935a657bf0fc95044dbc9f912520430a0eb6dd46c85dd97eb6483b249b?s=96&d=mm&r=g","url":"https:\/\/secure.gravatar.com\/avatar\/696d39935a657bf0fc95044dbc9f912520430a0eb6dd46c85dd97eb6483b249b?s=96&d=mm&r=g","contentUrl":"https:\/\/secure.gravatar.com\/avatar\/696d39935a657bf0fc95044dbc9f912520430a0eb6dd46c85dd97eb6483b249b?s=96&d=mm&r=g","caption":"Da Reda\u00e7\u00e3o"},"url":"https:\/\/www.fatosefotosnews.com.br\/?author=5"}]}},"jetpack_publicize_connections":[],"blog_post_layout_featured_media_urls":{"thumbnail":["https:\/\/www.fatosefotosnews.com.br\/wp-content\/uploads\/2024\/07\/c1739991e1dc2c57607a6c6b34a8441d-150x150.jpeg",150,150,true],"full":["https:\/\/www.fatosefotosnews.com.br\/wp-content\/uploads\/2024\/07\/c1739991e1dc2c57607a6c6b34a8441d.jpeg",1024,512,false]},"categories_names":{"167":{"name":"Geral","link":"https:\/\/www.fatosefotosnews.com.br\/?cat=167"}},"tags_names":{"18225":{"name":"afetara","link":"https:\/\/www.fatosefotosnews.com.br\/?tag=afetara"},"1271":{"name":"concurso","link":"https:\/\/www.fatosefotosnews.com.br\/?tag=concurso"},"637":{"name":"ministerio","link":"https:\/\/www.fatosefotosnews.com.br\/?tag=ministerio"},"526":{"name":"opera","link":"https:\/\/www.fatosefotosnews.com.br\/?tag=opera"},"13841":{"name":"unificado","link":"https:\/\/www.fatosefotosnews.com.br\/?tag=unificado"}},"comments_number":"0","wpmagazine_modules_lite_featured_media_urls":{"thumbnail":["https:\/\/www.fatosefotosnews.com.br\/wp-content\/uploads\/2024\/07\/c1739991e1dc2c57607a6c6b34a8441d-150x150.jpeg",150,150,true],"cvmm-medium":["https:\/\/www.fatosefotosnews.com.br\/wp-content\/uploads\/2024\/07\/c1739991e1dc2c57607a6c6b34a8441d-300x300.jpeg",300,300,true],"cvmm-medium-plus":["https:\/\/www.fatosefotosnews.com.br\/wp-content\/uploads\/2024\/07\/c1739991e1dc2c57607a6c6b34a8441d-305x207.jpeg",305,207,true],"cvmm-portrait":["https:\/\/www.fatosefotosnews.com.br\/wp-content\/uploads\/2024\/07\/c1739991e1dc2c57607a6c6b34a8441d-400x512.jpeg",400,512,true],"cvmm-medium-square":["https:\/\/www.fatosefotosnews.com.br\/wp-content\/uploads\/2024\/07\/c1739991e1dc2c57607a6c6b34a8441d-600x512.jpeg",600,512,true],"cvmm-large":["https:\/\/www.fatosefotosnews.com.br\/wp-content\/uploads\/2024\/07\/c1739991e1dc2c57607a6c6b34a8441d.jpeg",1024,512,false],"cvmm-small":["https:\/\/www.fatosefotosnews.com.br\/wp-content\/uploads\/2024\/07\/c1739991e1dc2c57607a6c6b34a8441d-130x95.jpeg",130,95,true],"full":["https:\/\/www.fatosefotosnews.com.br\/wp-content\/uploads\/2024\/07\/c1739991e1dc2c57607a6c6b34a8441d.jpeg",1024,512,false]},"_links":{"self":[{"href":"https:\/\/www.fatosefotosnews.com.br\/index.php?rest_route=\/wp\/v2\/posts\/100032","targetHints":{"allow":["GET"]}}],"collection":[{"href":"https:\/\/www.fatosefotosnews.com.br\/index.php?rest_route=\/wp\/v2\/posts"}],"about":[{"href":"https:\/\/www.fatosefotosnews.com.br\/index.php?rest_route=\/wp\/v2\/types\/post"}],"author":[{"embeddable":true,"href":"https:\/\/www.fatosefotosnews.com.br\/index.php?rest_route=\/wp\/v2\/users\/5"}],"replies":[{"embeddable":true,"href":"https:\/\/www.fatosefotosnews.com.br\/index.php?rest_route=%2Fwp%2Fv2%2Fcomments&post=100032"}],"version-history":[{"count":0,"href":"https:\/\/www.fatosefotosnews.com.br\/index.php?rest_route=\/wp\/v2\/posts\/100032\/revisions"}],"wp:featuredmedia":[{"embeddable":true,"href":"https:\/\/www.fatosefotosnews.com.br\/index.php?rest_route=\/wp\/v2\/media\/100033"}],"wp:attachment":[{"href":"https:\/\/www.fatosefotosnews.com.br\/index.php?rest_route=%2Fwp%2Fv2%2Fmedia&parent=100032"}],"wp:term":[{"taxonomy":"category","embeddable":true,"href":"https:\/\/www.fatosefotosnews.com.br\/index.php?rest_route=%2Fwp%2Fv2%2Fcategories&post=100032"},{"taxonomy":"post_tag","embeddable":true,"href":"https:\/\/www.fatosefotosnews.com.br\/index.php?rest_route=%2Fwp%2Fv2%2Ftags&post=100032"}],"curies":[{"name":"wp","href":"https:\/\/api.w.org\/{rel}","templated":true}]}}