{"id":106832,"date":"2024-09-03T17:00:35","date_gmt":"2024-09-03T20:00:35","guid":{"rendered":"https:\/\/www.fatosefotosnews.com.br\/justica-obriga-marcal-a-postar-video-de-boulos-apos-acusacao-de-uso-de-drogas\/"},"modified":"2024-09-03T17:00:35","modified_gmt":"2024-09-03T20:00:35","slug":"justica-obriga-marcal-a-postar-video-de-boulos-apos-acusacao-de-uso-de-drogas","status":"publish","type":"post","link":"https:\/\/www.fatosefotosnews.com.br\/?p=106832","title":{"rendered":"Justi\u00e7a obriga Mar\u00e7al a postar v\u00eddeo de Boulos ap\u00f3s acusa\u00e7\u00e3o de uso de drogas"},"content":{"rendered":"<p><meta name=\"robots\" content=\"noindex\"><mreta name=\"googlebot\" content=\"noindex\"><\/p>\n<div class=\"Noticia_Foto fato\">\n<figure class=\"foto-legenda\" style=\"position: relative\">\n<div class=\"foto-legenda-img\"><img fetchpriority=\"high\" decoding=\"async\" src=\"https:\/\/i0.statig.com.br\/bancodeimagens\/3d\/kn\/cy\/3dkncy7g29292xazjrtpvfcz0.jpg\" width=\"906\" height=\"509\" alt=\"Mar\u00e7al disse em mais de uma ocasi\u00e3o que Boulos usou coca\u00edna, mas n\u00e3o h\u00e1 provas contra o psolista\" title=\"Mar\u00e7al disse em mais de uma ocasi\u00e3o que Boulos usou coca\u00edna, mas n\u00e3o h\u00e1 provas contra o psolista\"><\/div><figcaption class=\"foto-legenda-citacao\"><cite>Reprodu\u00e7\u00e3o\/redes sociais<\/cite><\/p>\n<div class=\"foto-legenda-citacao-text\">Mar\u00e7al disse em mais de uma ocasi\u00e3o que Boulos usou coca\u00edna, mas n\u00e3o h\u00e1 provas contra o psolista<\/div>\n<\/figcaption><\/figure>\n<\/div>\n<p><strong>Pablo Mar\u00e7al<\/strong> (PRTB) foi obrigado pela Justi\u00e7a a publicar um v\u00eddeo de <strong>Guilherme Boulos<\/strong> (PSOL) nas redes sociais. Os dois s\u00e3o candidatos \u00e0 Prefeitura de S\u00e3o Paulo em 2024.<\/p>\n<p>Boulos exigiu a publica\u00e7\u00e3o de <a href=\"https:\/\/odia.ig.com.br\/brasil\/2024\/08\/6907456-justica-eleitoral-restabelece-direito-de-resposta-de-boulos-nas-redes-de-marcal.html\" target=\"_blank\" data-mce-href=\"https:\/\/odia.ig.com.br\/brasil\/2024\/08\/6907456-justica-eleitoral-restabelece-direito-de-resposta-de-boulos-nas-redes-de-marcal.html\" rel=\"noopener\">um v\u00eddeo a partir do direito de resposta,<\/a>  lei que garante que candidatos possam se defender de informa\u00e7\u00f5es falsas dadas pelos outros candidatos.  <a href=\"https:\/\/ultimosegundo.ig.com.br\/brasil\/sp\/2024-08-19\/marcal-indenizacao-boulos-cocaina.html\" data-mce-href=\"https:\/\/ultimosegundo.ig.com.br\/brasil\/sp\/2024-08-19\/marcal-indenizacao-boulos-cocaina.html\">Mar\u00e7al acusou o psolista de usar coca\u00edna, mas n\u00e3o h\u00e1 provas.<\/a><\/p>\n<p>Mar\u00e7al chegou a entrar com recurso da decis\u00e3o, mas o TRE-SP (Tribunal Regional Eleitoral em S\u00e3o Paulo) negou na \u00faltima ter\u00e7a, 27. Considerou-se que o ex-coach fez, sim, acusa\u00e7\u00e3o caluniosa contra Boulos;  <a href=\"https:\/\/ultimosegundo.ig.com.br\/politica\/2024-08-27\/tre-sp-concede-direitos-de-resposta-a-boulos-nas-redes-sociais-de-marcal.html\" data-mce-href=\"https:\/\/ultimosegundo.ig.com.br\/politica\/2024-08-27\/tre-sp-concede-direitos-de-resposta-a-boulos-nas-redes-sociais-de-marcal.html\">o TRE-SP votou de forma un\u00e2nime no direito de resposta.<\/a><\/p>\n<p>Relator de um dos processos, o desembargador Cotrim Guimar\u00e3es disse: \u201cAs imputa\u00e7\u00f5es extrapolam os limites da liberdade de express\u00e3o e do debate pol\u00edtico,  <a href=\"https:\/\/ultimosegundo.ig.com.br\/brasil\/sp\/2024-08-19\/marcal-indenizacao-boulos-cocaina.html\" data-mce-href=\"https:\/\/ultimosegundo.ig.com.br\/brasil\/sp\/2024-08-19\/marcal-indenizacao-boulos-cocaina.html\">configurando unicamente ofensas \u00e0 honra do candidato recorrido.\u201d<\/a><\/p>\n<h3>Acusa\u00e7\u00e3o falsa<\/h3>\n<p>Mais de uma vez, <strong>Mar\u00e7al<\/strong> <a href=\"https:\/\/ultimosegundo.ig.com.br\/politica\/2024-08-29\/juiz-eleitoral-multa-marcal-em-30-mil-por-fake-news.html\" data-mce-href=\"https:\/\/ultimosegundo.ig.com.br\/politica\/2024-08-29\/juiz-eleitoral-multa-marcal-em-30-mil-por-fake-news.html\">deu a entender que Boulos usou coca\u00edna, por\u00e9m, sem provas concretas<\/a> . Ele falou sobre isso em debates na TV aberta, redes sociais e atos de campanha.<\/p>\n<p>Por\u00e9m, como a <em>Folha<\/em> mostrou, Mar\u00e7al, na verdade, leu sobre uma a\u00e7\u00e3o de um homem com o mesmo nome de Guilherme Boulos \u2014 mas sem nenhuma associa\u00e7\u00e3o ao candidato psolista.<\/p>\n<p>Mar\u00e7al participou do Roda Viva, da TV Cultura, na segunda, 2. Ele disse que as <strong>acusa\u00e7\u00f5es<\/strong> s\u00e3o verdadeiras e que mostrar\u00e1 provas em breve.<\/p>\n<h3>Boulos nega uso de drogas<\/h3>\n<p>No v\u00eddeo publicado nas redes de Mar\u00e7al, Boulos diz que a acusa\u00e7\u00e3o \u00e9 \u201cinven\u00e7\u00e3o absurda\u201d do opositor. Comentou que isso \u00e9 &#8220;mexer com a honra e a fam\u00edlia das pessoas [e isso] n\u00e3o se faz.\u201d<\/p>\n<p>Boulos informou que suas duas filhas em idade escolar chegaram a sofrer <strong>amea\u00e7as<\/strong> e hostilidade no meio acad\u00eamico ap\u00f3s o ataque de Mar\u00e7al.<\/p>\n<p>Boulos diz: \u201cTodo mundo sabe que essa \u00e9 uma acusa\u00e7\u00e3o absolutamente mentirosa, desrespeitosa. Agora, infelizmente, tem gente que ganha a vida com isso. N\u00e3o seria muito melhor tentar atrair a aten\u00e7\u00e3o das pessoas com proposta em vez de mentira e ataque?\u201d<\/p>\n<h3>Publica\u00e7\u00e3o \u201cescondida\u201d<\/h3>\n<p>O v\u00eddeo de Boulos foi publicado na segunda \u00e0 noite. At\u00e9 o come\u00e7o da tarde da ter\u00e7a, 3, o <strong>v\u00eddeo<\/strong> j\u00e1 ultrapassou as 6 milh\u00f5es de visualiza\u00e7\u00f5es.<\/p>\n<p class=\"\">Mar\u00e7al, ao publicar o v\u00eddeo, escolheu uma capa preta (n\u00e3o mostrando no feed o take de Boulos explicando que \u00e9 um direito de resposta) e fez 19 outros posts na sequ\u00eancia para \u201cdescer\u201d o do psolista.<\/p>\n<h3>Regras de direito de resposta<\/h3>\n<p>As leis do direito de resposta exigiram que, al\u00e9m de publicar a resposta de Boulos, Mar\u00e7al dever\u00e1 veicul\u00e1-la pelo dobro do tempo do que passou os v\u00eddeos com acusa\u00e7\u00f5es sem prova.<\/p>\n<p>Al\u00e9m disso, ele dever\u00e1 realizar o mesmo tipo de impulsionamento das publica\u00e7\u00f5es anteriores.<\/p>\n<p>Nelson dos Santos Pereira Junior, promotor eleitoral, disse que h\u00e1 &#8220;ind\u00edcios de pr\u00e1tica de <strong>crimes<\/strong> eleitorais&#8221; nas falas de Mar\u00e7al. O Minist\u00e9rio P\u00fablico Eleitoral de SP e  <a href=\"https:\/\/ultimosegundo.ig.com.br\/politica\/2024-08-20\/justica-manda-pf-investigar-marcal-por-calunia.html\" data-mce-href=\"https:\/\/ultimosegundo.ig.com.br\/politica\/2024-08-20\/justica-manda-pf-investigar-marcal-por-calunia.html\">a Pol\u00edcia Federal abriram inqu\u00e9rito<\/a>  para investigar poss\u00edvel crime eleitoral de Mar\u00e7al contra Boulos.<\/p>\n<p><a href=\"https:\/\/ultimosegundo.ig.com.br\/politica\/2024-08-16\/mpe-inquerito-marcal-fake-news-boulos.html\" data-mce-href=\"https:\/\/ultimosegundo.ig.com.br\/politica\/2024-08-16\/mpe-inquerito-marcal-fake-news-boulos.html\">\u00c9 ilegal, pelas leis eleitorais, publicar falsas acusa\u00e7\u00f5es contra candidatos opositores<\/a> .<\/p>\n<p>\u201cPor consequ\u00eancia, na forma como veiculadas, essas publicidades ressaltam atingimento \u00e0 honra e \u00e0 imagem do autor, pass\u00edvel de potencialmente induzir o eleitorado em erro em rela\u00e7\u00e3o a ele (autor), tamb\u00e9m candidato ao cargo de prefeito do munic\u00edpio de S\u00e3o Paulo,\u201d diz voto do relator.<\/p>\n<p>Quer ficar por dentro das principais not\u00edcias do dia?  <a href=\"https:\/\/whatsapp.com\/channel\/0029Va4wuqMEawdons07wY21\" data-mce-href=\"https:\/\/whatsapp.com\/channel\/0029Va4wuqMEawdons07wY21\">Clique aqui e fa\u00e7a parte do nosso canal no WhatsApp<\/a><\/p>\n<p id=\"infocoweb_fonte\" class=\"infocoweb_fonte\">Fonte: <a target=\"_blank\" href=\"http:\/\/ultimosegundo.ig.com.br\/politica\/2024-09-03\/justica-obriga-marcal-postar-video-boulos-acusacao-uso-drogas.html#031d9e65-e311-4c1d-91be-c09c728ce1a8\" rel=\"noopener\">Nacional<\/a><\/p>\n","protected":false},"excerpt":{"rendered":"<p>Reprodu\u00e7\u00e3o\/redes sociais Mar\u00e7al disse em mais de uma ocasi\u00e3o que Boulos usou coca\u00edna, mas n\u00e3o h\u00e1 provas contra o psolista Pablo Mar\u00e7al (PRTB) foi obrigado pela Justi\u00e7a a publicar um v\u00eddeo de Guilherme Boulos (PSOL) nas redes sociais. Os dois s\u00e3o candidatos \u00e0 Prefeitura de S\u00e3o Paulo em 2024. Boulos exigiu a publica\u00e7\u00e3o de um [&hellip;]<\/p>\n","protected":false},"author":5,"featured_media":106833,"comment_status":"open","ping_status":"open","sticky":false,"template":"","format":"standard","meta":{"_acf_changed":false,"_angie_page":false,"_monsterinsights_skip_tracking":false,"_themeisle_gutenberg_block_has_review":false,"page_builder":"","footnotes":"","jetpack_publicize_message":"","jetpack_publicize_feature_enabled":true,"jetpack_social_post_already_shared":false,"jetpack_social_options":{"image_generator_settings":{"template":"highway","default_image_id":0,"font":"","enabled":false},"version":2}},"categories":[167],"tags":[955,4007,4678,1513,4137,19599,653],"class_list":["post-106832","post","type-post","status-publish","format-standard","has-post-thumbnail","hentry","category-geral","tag-acusa","tag-boulos","tag-drogas","tag-justi","tag-obriga","tag-postar","tag-video"],"acf":[],"nelio_content":{"autoShareEndMode":"never","automationSources":{"useCustomSentences":false,"customSentences":[]},"efiAlt":"","efiUrl":"","followers":[5],"highlights":[],"isAutoShareEnabled":true,"networkImageIds":[],"permalinkQueryArgs":[],"series":[],"suggestedReferences":[]},"yoast_head":"<!-- This site is optimized with the Yoast SEO plugin v28.3 - https:\/\/yoast.com\/product\/yoast-seo-wordpress\/ -->\n<title>Justi\u00e7a obriga Mar\u00e7al a postar v\u00eddeo de Boulos ap\u00f3s acusa\u00e7\u00e3o de uso de drogas<\/title>\n<meta name=\"description\" content=\"Justi\u00e7a obriga Mar\u00e7al a postar v\u00eddeo de Boulos ap\u00f3s acusa\u00e7\u00e3o de uso de drogas\" \/>\n<meta name=\"robots\" content=\"index, follow, max-snippet:-1, max-image-preview:large, max-video-preview:-1\" \/>\n<link rel=\"canonical\" href=\"https:\/\/www.fatosefotosnews.com.br\/?p=106832\" \/>\n<meta property=\"og:locale\" content=\"pt_BR\" \/>\n<meta property=\"og:type\" content=\"article\" \/>\n<meta property=\"og:title\" content=\"Justi\u00e7a obriga Mar\u00e7al a postar v\u00eddeo de Boulos ap\u00f3s acusa\u00e7\u00e3o de uso de drogas\" \/>\n<meta property=\"og:description\" content=\"Justi\u00e7a obriga Mar\u00e7al a postar v\u00eddeo de Boulos ap\u00f3s acusa\u00e7\u00e3o de uso de drogas\" \/>\n<meta property=\"og:url\" content=\"https:\/\/www.fatosefotosnews.com.br\/?p=106832\" \/>\n<meta property=\"og:site_name\" content=\"Fatos e Fotos News\" \/>\n<meta property=\"article:published_time\" content=\"2024-09-03T20:00:35+00:00\" \/>\n<meta property=\"og:image\" content=\"https:\/\/www.fatosefotosnews.com.br\/wp-content\/uploads\/2024\/09\/f0fb4e626c3f92d82e4a170c7c22a8a1.jpeg\" \/>\n\t<meta property=\"og:image:width\" content=\"1024\" \/>\n\t<meta property=\"og:image:height\" content=\"576\" \/>\n\t<meta property=\"og:image:type\" content=\"image\/jpeg\" \/>\n<meta name=\"author\" content=\"Da Reda\u00e7\u00e3o\" \/>\n<meta name=\"twitter:card\" content=\"summary_large_image\" \/>\n<meta name=\"twitter:label1\" content=\"Escrito por\" \/>\n\t<meta name=\"twitter:data1\" content=\"Da Reda\u00e7\u00e3o\" \/>\n\t<meta name=\"twitter:label2\" content=\"Est. tempo de leitura\" \/>\n\t<meta name=\"twitter:data2\" content=\"99 minutos\" \/>\n<script type=\"application\/ld+json\" class=\"yoast-schema-graph\">{\"@context\":\"https:\\\/\\\/schema.org\",\"@graph\":[{\"@type\":\"Article\",\"@id\":\"https:\\\/\\\/www.fatosefotosnews.com.br\\\/?p=106832#article\",\"isPartOf\":{\"@id\":\"https:\\\/\\\/www.fatosefotosnews.com.br\\\/?p=106832\"},\"author\":{\"name\":\"Da Reda\u00e7\u00e3o\",\"@id\":\"https:\\\/\\\/www.fatosefotosnews.com.br\\\/#\\\/schema\\\/person\\\/3b80f81d08670fb1f6690e07eb8b5dc6\"},\"headline\":\"Justi\u00e7a obriga Mar\u00e7al a postar v\u00eddeo de Boulos ap\u00f3s acusa\u00e7\u00e3o de uso de drogas\",\"datePublished\":\"2024-09-03T20:00:35+00:00\",\"mainEntityOfPage\":{\"@id\":\"https:\\\/\\\/www.fatosefotosnews.com.br\\\/?p=106832\"},\"wordCount\":673,\"commentCount\":0,\"publisher\":{\"@id\":\"https:\\\/\\\/www.fatosefotosnews.com.br\\\/#organization\"},\"image\":{\"@id\":\"https:\\\/\\\/www.fatosefotosnews.com.br\\\/?p=106832#primaryimage\"},\"thumbnailUrl\":\"https:\\\/\\\/www.fatosefotosnews.com.br\\\/wp-content\\\/uploads\\\/2024\\\/09\\\/f0fb4e626c3f92d82e4a170c7c22a8a1.jpeg\",\"keywords\":[\"acusa\",\"boulos\",\"drogas\",\"justi\",\"obriga\",\"postar\",\"video\"],\"articleSection\":[\"Geral\"],\"inLanguage\":\"pt-BR\",\"potentialAction\":[{\"@type\":\"CommentAction\",\"name\":\"Comment\",\"target\":[\"https:\\\/\\\/www.fatosefotosnews.com.br\\\/?p=106832#respond\"]}]},{\"@type\":\"WebPage\",\"@id\":\"https:\\\/\\\/www.fatosefotosnews.com.br\\\/?p=106832\",\"url\":\"https:\\\/\\\/www.fatosefotosnews.com.br\\\/?p=106832\",\"name\":\"Justi\u00e7a obriga Mar\u00e7al a postar v\u00eddeo de Boulos ap\u00f3s acusa\u00e7\u00e3o de uso de drogas\",\"isPartOf\":{\"@id\":\"https:\\\/\\\/www.fatosefotosnews.com.br\\\/#website\"},\"primaryImageOfPage\":{\"@id\":\"https:\\\/\\\/www.fatosefotosnews.com.br\\\/?p=106832#primaryimage\"},\"image\":{\"@id\":\"https:\\\/\\\/www.fatosefotosnews.com.br\\\/?p=106832#primaryimage\"},\"thumbnailUrl\":\"https:\\\/\\\/www.fatosefotosnews.com.br\\\/wp-content\\\/uploads\\\/2024\\\/09\\\/f0fb4e626c3f92d82e4a170c7c22a8a1.jpeg\",\"datePublished\":\"2024-09-03T20:00:35+00:00\",\"description\":\"Justi\u00e7a obriga Mar\u00e7al a postar v\u00eddeo de Boulos ap\u00f3s acusa\u00e7\u00e3o de uso de drogas\",\"breadcrumb\":{\"@id\":\"https:\\\/\\\/www.fatosefotosnews.com.br\\\/?p=106832#breadcrumb\"},\"inLanguage\":\"pt-BR\",\"potentialAction\":[{\"@type\":\"ReadAction\",\"target\":[\"https:\\\/\\\/www.fatosefotosnews.com.br\\\/?p=106832\"]}]},{\"@type\":\"ImageObject\",\"inLanguage\":\"pt-BR\",\"@id\":\"https:\\\/\\\/www.fatosefotosnews.com.br\\\/?p=106832#primaryimage\",\"url\":\"https:\\\/\\\/www.fatosefotosnews.com.br\\\/wp-content\\\/uploads\\\/2024\\\/09\\\/f0fb4e626c3f92d82e4a170c7c22a8a1.jpeg\",\"contentUrl\":\"https:\\\/\\\/www.fatosefotosnews.com.br\\\/wp-content\\\/uploads\\\/2024\\\/09\\\/f0fb4e626c3f92d82e4a170c7c22a8a1.jpeg\",\"width\":1024,\"height\":576,\"caption\":\"Reprodu\u00e7\u00e3o\\\/redes sociaisMar\u00e7al disse em mais de uma ocasi\u00e3o que Boulos usou coca\u00edna, mas n\u00e3o h\u00e1 provas contra o\"},{\"@type\":\"BreadcrumbList\",\"@id\":\"https:\\\/\\\/www.fatosefotosnews.com.br\\\/?p=106832#breadcrumb\",\"itemListElement\":[{\"@type\":\"ListItem\",\"position\":1,\"name\":\"In\u00edcio\",\"item\":\"https:\\\/\\\/www.fatosefotosnews.com.br\\\/\"},{\"@type\":\"ListItem\",\"position\":2,\"name\":\"Justi\u00e7a obriga Mar\u00e7al a postar v\u00eddeo de Boulos ap\u00f3s acusa\u00e7\u00e3o de uso de drogas\"}]},{\"@type\":\"WebSite\",\"@id\":\"https:\\\/\\\/www.fatosefotosnews.com.br\\\/#website\",\"url\":\"https:\\\/\\\/www.fatosefotosnews.com.br\\\/\",\"name\":\"Fatos e Fotos News\",\"description\":\"Um site de noticial verdadeira e confi\u00e1veis.\",\"publisher\":{\"@id\":\"https:\\\/\\\/www.fatosefotosnews.com.br\\\/#organization\"},\"potentialAction\":[{\"@type\":\"SearchAction\",\"target\":{\"@type\":\"EntryPoint\",\"urlTemplate\":\"https:\\\/\\\/www.fatosefotosnews.com.br\\\/?s={search_term_string}\"},\"query-input\":{\"@type\":\"PropertyValueSpecification\",\"valueRequired\":true,\"valueName\":\"search_term_string\"}}],\"inLanguage\":\"pt-BR\"},{\"@type\":\"Organization\",\"@id\":\"https:\\\/\\\/www.fatosefotosnews.com.br\\\/#organization\",\"name\":\"Fatos e Fotos News\",\"url\":\"https:\\\/\\\/www.fatosefotosnews.com.br\\\/\",\"logo\":{\"@type\":\"ImageObject\",\"inLanguage\":\"pt-BR\",\"@id\":\"https:\\\/\\\/www.fatosefotosnews.com.br\\\/#\\\/schema\\\/logo\\\/image\\\/\",\"url\":\"https:\\\/\\\/www.fatosefotosnews.com.br\\\/wp-content\\\/uploads\\\/2023\\\/02\\\/Fatos-e-Fotos-news-logo.png\",\"contentUrl\":\"https:\\\/\\\/www.fatosefotosnews.com.br\\\/wp-content\\\/uploads\\\/2023\\\/02\\\/Fatos-e-Fotos-news-logo.png\",\"width\":300,\"height\":58,\"caption\":\"Fatos e Fotos News\"},\"image\":{\"@id\":\"https:\\\/\\\/www.fatosefotosnews.com.br\\\/#\\\/schema\\\/logo\\\/image\\\/\"}},{\"@type\":\"Person\",\"@id\":\"https:\\\/\\\/www.fatosefotosnews.com.br\\\/#\\\/schema\\\/person\\\/3b80f81d08670fb1f6690e07eb8b5dc6\",\"name\":\"Da Reda\u00e7\u00e3o\",\"image\":{\"@type\":\"ImageObject\",\"inLanguage\":\"pt-BR\",\"@id\":\"https:\\\/\\\/secure.gravatar.com\\\/avatar\\\/696d39935a657bf0fc95044dbc9f912520430a0eb6dd46c85dd97eb6483b249b?s=96&d=mm&r=g\",\"url\":\"https:\\\/\\\/secure.gravatar.com\\\/avatar\\\/696d39935a657bf0fc95044dbc9f912520430a0eb6dd46c85dd97eb6483b249b?s=96&d=mm&r=g\",\"contentUrl\":\"https:\\\/\\\/secure.gravatar.com\\\/avatar\\\/696d39935a657bf0fc95044dbc9f912520430a0eb6dd46c85dd97eb6483b249b?s=96&d=mm&r=g\",\"caption\":\"Da Reda\u00e7\u00e3o\"},\"url\":\"https:\\\/\\\/www.fatosefotosnews.com.br\\\/?author=5\"}]}<\/script>\n<!-- \/ Yoast SEO plugin. -->","yoast_head_json":{"title":"Justi\u00e7a obriga Mar\u00e7al a postar v\u00eddeo de Boulos ap\u00f3s acusa\u00e7\u00e3o de uso de drogas","description":"Justi\u00e7a obriga Mar\u00e7al a postar v\u00eddeo de Boulos ap\u00f3s acusa\u00e7\u00e3o de uso de drogas","robots":{"index":"index","follow":"follow","max-snippet":"max-snippet:-1","max-image-preview":"max-image-preview:large","max-video-preview":"max-video-preview:-1"},"canonical":"https:\/\/www.fatosefotosnews.com.br\/?p=106832","og_locale":"pt_BR","og_type":"article","og_title":"Justi\u00e7a obriga Mar\u00e7al a postar v\u00eddeo de Boulos ap\u00f3s acusa\u00e7\u00e3o de uso de drogas","og_description":"Justi\u00e7a obriga Mar\u00e7al a postar v\u00eddeo de Boulos ap\u00f3s acusa\u00e7\u00e3o de uso de drogas","og_url":"https:\/\/www.fatosefotosnews.com.br\/?p=106832","og_site_name":"Fatos e Fotos News","article_published_time":"2024-09-03T20:00:35+00:00","og_image":[{"width":1024,"height":576,"url":"https:\/\/www.fatosefotosnews.com.br\/wp-content\/uploads\/2024\/09\/f0fb4e626c3f92d82e4a170c7c22a8a1.jpeg","type":"image\/jpeg"}],"author":"Da Reda\u00e7\u00e3o","twitter_card":"summary_large_image","twitter_misc":{"Escrito por":"Da Reda\u00e7\u00e3o","Est. tempo de leitura":"99 minutos"},"schema":{"@context":"https:\/\/schema.org","@graph":[{"@type":"Article","@id":"https:\/\/www.fatosefotosnews.com.br\/?p=106832#article","isPartOf":{"@id":"https:\/\/www.fatosefotosnews.com.br\/?p=106832"},"author":{"name":"Da Reda\u00e7\u00e3o","@id":"https:\/\/www.fatosefotosnews.com.br\/#\/schema\/person\/3b80f81d08670fb1f6690e07eb8b5dc6"},"headline":"Justi\u00e7a obriga Mar\u00e7al a postar v\u00eddeo de Boulos ap\u00f3s acusa\u00e7\u00e3o de uso de drogas","datePublished":"2024-09-03T20:00:35+00:00","mainEntityOfPage":{"@id":"https:\/\/www.fatosefotosnews.com.br\/?p=106832"},"wordCount":673,"commentCount":0,"publisher":{"@id":"https:\/\/www.fatosefotosnews.com.br\/#organization"},"image":{"@id":"https:\/\/www.fatosefotosnews.com.br\/?p=106832#primaryimage"},"thumbnailUrl":"https:\/\/www.fatosefotosnews.com.br\/wp-content\/uploads\/2024\/09\/f0fb4e626c3f92d82e4a170c7c22a8a1.jpeg","keywords":["acusa","boulos","drogas","justi","obriga","postar","video"],"articleSection":["Geral"],"inLanguage":"pt-BR","potentialAction":[{"@type":"CommentAction","name":"Comment","target":["https:\/\/www.fatosefotosnews.com.br\/?p=106832#respond"]}]},{"@type":"WebPage","@id":"https:\/\/www.fatosefotosnews.com.br\/?p=106832","url":"https:\/\/www.fatosefotosnews.com.br\/?p=106832","name":"Justi\u00e7a obriga Mar\u00e7al a postar v\u00eddeo de Boulos ap\u00f3s acusa\u00e7\u00e3o de uso de drogas","isPartOf":{"@id":"https:\/\/www.fatosefotosnews.com.br\/#website"},"primaryImageOfPage":{"@id":"https:\/\/www.fatosefotosnews.com.br\/?p=106832#primaryimage"},"image":{"@id":"https:\/\/www.fatosefotosnews.com.br\/?p=106832#primaryimage"},"thumbnailUrl":"https:\/\/www.fatosefotosnews.com.br\/wp-content\/uploads\/2024\/09\/f0fb4e626c3f92d82e4a170c7c22a8a1.jpeg","datePublished":"2024-09-03T20:00:35+00:00","description":"Justi\u00e7a obriga Mar\u00e7al a postar v\u00eddeo de Boulos ap\u00f3s acusa\u00e7\u00e3o de uso de drogas","breadcrumb":{"@id":"https:\/\/www.fatosefotosnews.com.br\/?p=106832#breadcrumb"},"inLanguage":"pt-BR","potentialAction":[{"@type":"ReadAction","target":["https:\/\/www.fatosefotosnews.com.br\/?p=106832"]}]},{"@type":"ImageObject","inLanguage":"pt-BR","@id":"https:\/\/www.fatosefotosnews.com.br\/?p=106832#primaryimage","url":"https:\/\/www.fatosefotosnews.com.br\/wp-content\/uploads\/2024\/09\/f0fb4e626c3f92d82e4a170c7c22a8a1.jpeg","contentUrl":"https:\/\/www.fatosefotosnews.com.br\/wp-content\/uploads\/2024\/09\/f0fb4e626c3f92d82e4a170c7c22a8a1.jpeg","width":1024,"height":576,"caption":"Reprodu\u00e7\u00e3o\/redes sociaisMar\u00e7al disse em mais de uma ocasi\u00e3o que Boulos usou coca\u00edna, mas n\u00e3o h\u00e1 provas contra o"},{"@type":"BreadcrumbList","@id":"https:\/\/www.fatosefotosnews.com.br\/?p=106832#breadcrumb","itemListElement":[{"@type":"ListItem","position":1,"name":"In\u00edcio","item":"https:\/\/www.fatosefotosnews.com.br\/"},{"@type":"ListItem","position":2,"name":"Justi\u00e7a obriga Mar\u00e7al a postar v\u00eddeo de Boulos ap\u00f3s acusa\u00e7\u00e3o de uso de drogas"}]},{"@type":"WebSite","@id":"https:\/\/www.fatosefotosnews.com.br\/#website","url":"https:\/\/www.fatosefotosnews.com.br\/","name":"Fatos e Fotos News","description":"Um site de noticial verdadeira e confi\u00e1veis.","publisher":{"@id":"https:\/\/www.fatosefotosnews.com.br\/#organization"},"potentialAction":[{"@type":"SearchAction","target":{"@type":"EntryPoint","urlTemplate":"https:\/\/www.fatosefotosnews.com.br\/?s={search_term_string}"},"query-input":{"@type":"PropertyValueSpecification","valueRequired":true,"valueName":"search_term_string"}}],"inLanguage":"pt-BR"},{"@type":"Organization","@id":"https:\/\/www.fatosefotosnews.com.br\/#organization","name":"Fatos e Fotos News","url":"https:\/\/www.fatosefotosnews.com.br\/","logo":{"@type":"ImageObject","inLanguage":"pt-BR","@id":"https:\/\/www.fatosefotosnews.com.br\/#\/schema\/logo\/image\/","url":"https:\/\/www.fatosefotosnews.com.br\/wp-content\/uploads\/2023\/02\/Fatos-e-Fotos-news-logo.png","contentUrl":"https:\/\/www.fatosefotosnews.com.br\/wp-content\/uploads\/2023\/02\/Fatos-e-Fotos-news-logo.png","width":300,"height":58,"caption":"Fatos e Fotos News"},"image":{"@id":"https:\/\/www.fatosefotosnews.com.br\/#\/schema\/logo\/image\/"}},{"@type":"Person","@id":"https:\/\/www.fatosefotosnews.com.br\/#\/schema\/person\/3b80f81d08670fb1f6690e07eb8b5dc6","name":"Da Reda\u00e7\u00e3o","image":{"@type":"ImageObject","inLanguage":"pt-BR","@id":"https:\/\/secure.gravatar.com\/avatar\/696d39935a657bf0fc95044dbc9f912520430a0eb6dd46c85dd97eb6483b249b?s=96&d=mm&r=g","url":"https:\/\/secure.gravatar.com\/avatar\/696d39935a657bf0fc95044dbc9f912520430a0eb6dd46c85dd97eb6483b249b?s=96&d=mm&r=g","contentUrl":"https:\/\/secure.gravatar.com\/avatar\/696d39935a657bf0fc95044dbc9f912520430a0eb6dd46c85dd97eb6483b249b?s=96&d=mm&r=g","caption":"Da Reda\u00e7\u00e3o"},"url":"https:\/\/www.fatosefotosnews.com.br\/?author=5"}]}},"jetpack_publicize_connections":[],"blog_post_layout_featured_media_urls":{"thumbnail":["https:\/\/www.fatosefotosnews.com.br\/wp-content\/uploads\/2024\/09\/f0fb4e626c3f92d82e4a170c7c22a8a1-150x150.jpeg",150,150,true],"full":["https:\/\/www.fatosefotosnews.com.br\/wp-content\/uploads\/2024\/09\/f0fb4e626c3f92d82e4a170c7c22a8a1.jpeg",1024,576,false]},"categories_names":{"167":{"name":"Geral","link":"https:\/\/www.fatosefotosnews.com.br\/?cat=167"}},"tags_names":{"955":{"name":"acusa","link":"https:\/\/www.fatosefotosnews.com.br\/?tag=acusa"},"4007":{"name":"boulos","link":"https:\/\/www.fatosefotosnews.com.br\/?tag=boulos"},"4678":{"name":"drogas","link":"https:\/\/www.fatosefotosnews.com.br\/?tag=drogas"},"1513":{"name":"justi","link":"https:\/\/www.fatosefotosnews.com.br\/?tag=justi"},"4137":{"name":"obriga","link":"https:\/\/www.fatosefotosnews.com.br\/?tag=obriga"},"19599":{"name":"postar","link":"https:\/\/www.fatosefotosnews.com.br\/?tag=postar"},"653":{"name":"video","link":"https:\/\/www.fatosefotosnews.com.br\/?tag=video"}},"comments_number":"0","wpmagazine_modules_lite_featured_media_urls":{"thumbnail":["https:\/\/www.fatosefotosnews.com.br\/wp-content\/uploads\/2024\/09\/f0fb4e626c3f92d82e4a170c7c22a8a1-150x150.jpeg",150,150,true],"cvmm-medium":["https:\/\/www.fatosefotosnews.com.br\/wp-content\/uploads\/2024\/09\/f0fb4e626c3f92d82e4a170c7c22a8a1-300x300.jpeg",300,300,true],"cvmm-medium-plus":["https:\/\/www.fatosefotosnews.com.br\/wp-content\/uploads\/2024\/09\/f0fb4e626c3f92d82e4a170c7c22a8a1-305x207.jpeg",305,207,true],"cvmm-portrait":["https:\/\/www.fatosefotosnews.com.br\/wp-content\/uploads\/2024\/09\/f0fb4e626c3f92d82e4a170c7c22a8a1-400x576.jpeg",400,576,true],"cvmm-medium-square":["https:\/\/www.fatosefotosnews.com.br\/wp-content\/uploads\/2024\/09\/f0fb4e626c3f92d82e4a170c7c22a8a1-600x576.jpeg",600,576,true],"cvmm-large":["https:\/\/www.fatosefotosnews.com.br\/wp-content\/uploads\/2024\/09\/f0fb4e626c3f92d82e4a170c7c22a8a1.jpeg",1024,576,false],"cvmm-small":["https:\/\/www.fatosefotosnews.com.br\/wp-content\/uploads\/2024\/09\/f0fb4e626c3f92d82e4a170c7c22a8a1-130x95.jpeg",130,95,true],"full":["https:\/\/www.fatosefotosnews.com.br\/wp-content\/uploads\/2024\/09\/f0fb4e626c3f92d82e4a170c7c22a8a1.jpeg",1024,576,false]},"_links":{"self":[{"href":"https:\/\/www.fatosefotosnews.com.br\/index.php?rest_route=\/wp\/v2\/posts\/106832","targetHints":{"allow":["GET"]}}],"collection":[{"href":"https:\/\/www.fatosefotosnews.com.br\/index.php?rest_route=\/wp\/v2\/posts"}],"about":[{"href":"https:\/\/www.fatosefotosnews.com.br\/index.php?rest_route=\/wp\/v2\/types\/post"}],"author":[{"embeddable":true,"href":"https:\/\/www.fatosefotosnews.com.br\/index.php?rest_route=\/wp\/v2\/users\/5"}],"replies":[{"embeddable":true,"href":"https:\/\/www.fatosefotosnews.com.br\/index.php?rest_route=%2Fwp%2Fv2%2Fcomments&post=106832"}],"version-history":[{"count":0,"href":"https:\/\/www.fatosefotosnews.com.br\/index.php?rest_route=\/wp\/v2\/posts\/106832\/revisions"}],"wp:featuredmedia":[{"embeddable":true,"href":"https:\/\/www.fatosefotosnews.com.br\/index.php?rest_route=\/wp\/v2\/media\/106833"}],"wp:attachment":[{"href":"https:\/\/www.fatosefotosnews.com.br\/index.php?rest_route=%2Fwp%2Fv2%2Fmedia&parent=106832"}],"wp:term":[{"taxonomy":"category","embeddable":true,"href":"https:\/\/www.fatosefotosnews.com.br\/index.php?rest_route=%2Fwp%2Fv2%2Fcategories&post=106832"},{"taxonomy":"post_tag","embeddable":true,"href":"https:\/\/www.fatosefotosnews.com.br\/index.php?rest_route=%2Fwp%2Fv2%2Ftags&post=106832"}],"curies":[{"name":"wp","href":"https:\/\/api.w.org\/{rel}","templated":true}]}}