{"id":107124,"date":"2024-09-05T14:00:23","date_gmt":"2024-09-05T17:00:23","guid":{"rendered":"https:\/\/www.fatosefotosnews.com.br\/brasilia-shopping-lanca-estilo-brasilia\/"},"modified":"2024-09-05T14:00:23","modified_gmt":"2024-09-05T17:00:23","slug":"brasilia-shopping-lanca-estilo-brasilia","status":"publish","type":"post","link":"https:\/\/www.fatosefotosnews.com.br\/?p=107124","title":{"rendered":"Bras\u00edlia Shopping lan\u00e7a &#8220;Estilo Bras\u00edlia&#8221;"},"content":{"rendered":"<p><meta name=\"robots\" content=\"noindex\"><mreta name=\"googlebot\" content=\"noindex\"><\/p>\n<div class=\"Noticia_Foto fato\">\n<figure class=\"foto-legenda\" style=\"position: relative\">\n<div class=\"foto-legenda-img\"><img fetchpriority=\"high\" decoding=\"async\" src=\"https:\/\/i0.statig.com.br\/bancodeimagens\/dx\/ye\/ph\/dxyephhzygt4tiv42b1ma3s0v.jpg\" width=\"652\" height=\"408\" alt=\"Bras\u00edlia Shopping lan\u00e7a \u201cEstilo Bras\u00edlia\u201d\" title=\"Bras\u00edlia Shopping lan\u00e7a \u201cEstilo Bras\u00edlia\u201d\"><\/div><figcaption class=\"foto-legenda-citacao\"><cite>Reda\u00e7\u00e3o GPS<\/cite><\/p>\n<div class=\"foto-legenda-citacao-text\">Bras\u00edlia Shopping lan\u00e7a \u201cEstilo Bras\u00edlia\u201d<\/div>\n<\/figcaption><\/figure>\n<\/div>\n<p>H\u00e1 um pouco de rock, um pouco de samba. A mistura entre ontem, hoje e amanh\u00e3. Cabe lugar para o cl\u00e1ssico, mas sempre com ares de novidade. Muito se questiona e pouco se pode definir: qual, afinal, \u00e9 a \u201ccara\u201d de Bras\u00edlia?<\/p>\n<p>Em quase tr\u00eas d\u00e9cadas de hist\u00f3ria, o Bras\u00edlia Shopping se consolidou como um dos espa\u00e7os influentes no fomento \u00e0s diferentes manifesta\u00e7\u00f5es art\u00edsticas: o Pr\u00eamio de Moda, a Exposi\u00e7\u00e3o do Issey Miyake, o Parangoleando, em homenagem ao artista H\u00e9lio Oiticica, o Conex\u00e3o Bras\u00edlia, o Vogue Fashion\u2019s Night Out, entre tantos outros eventos ic\u00f4nicos. Essa linha do tempo ganha um novo integrante: o Estilo Bras\u00edlia.<\/p>\n<p>Mais do que um evento, o Estilo Bras\u00edlia ser\u00e1 um movimento dedicado \u00e0 celebra\u00e7\u00e3o da da cidade \u2014 criado por, com e para brasilienses. Sediado no Bras\u00edlia Shopping, nos dias 25 e 26 de setembro, a programa\u00e7\u00e3o ser\u00e1 conduzida a partir de um questionamento, quase uma reflex\u00e3o: qual \u00e9 o estilo que Bras\u00edlia tem?<\/p>\n<p>\u201c <em>Nesses 27 anos de hist\u00f3ria, o nosso Bras\u00edlia se consolidou como um dos espa\u00e7os influentes no fomento \u00e0s diferentes manifesta\u00e7\u00f5es art\u00edsticas. Localizado no cora\u00e7\u00e3o da cidade, o mall pulsa a energia efervescente que move os eixos, asas, quadras e blocos. Neste momento, nosso desejo \u00e9 olhar atentamente para o que vem sendo feito na moda, na arte e na cena criativa local. Queremos nos agarrar ainda mais forte em nossa ess\u00eancia e identidade enquanto cidade<\/em> \u201d, reflete <strong>Renata Monnerat, gerente de marketing do Bras\u00edlia Shopping.<\/strong><\/p>\n<p><strong>Fashionismo em pauta<\/strong><\/p>\n<p>Como um esquenta imperd\u00edvel para os temas que ser\u00e3o pauta nos dois dias de evento, o videocast do Estilo Bras\u00edlia chega para envolver o p\u00fablico em um bate-papo profundo e inspirador sobre o universo da moda na capital. Apresentado pela consultora Rosa Guimar\u00e3es, a temporada de estreia contar\u00e1 com seis epis\u00f3dios que trar\u00e3o convidados que s\u00e3o verdadeiras refer\u00eancias em seus segmentos.<\/p>\n<p>O programa, que ser\u00e1 exibido no YouTube e nas redes sociais do Bras\u00edlia Shopping ( <a href=\"https:\/\/www.instagram.com\/brasiliashopping\/\">@brasiliashopping<\/a> ), abre com o tema \u201c <em>O Bras\u00edlia Shopping e o cen\u00e1rio fashion da Capital ao longo dos anos<\/em> \u201c, um olhar atento e detalhado sobre a evolu\u00e7\u00e3o da moda em Bras\u00edlia e o papel do centro de compras nesse contexto.<\/p>\n<p>Em sinergia com os pilares do evento, os demais epis\u00f3dios tamb\u00e9m abordar\u00e3o a conex\u00e3o entre a cidade, a criatividade e a moda. Ser\u00e3o eles: <strong>Bras\u00edlia e os eventos de moda<\/strong> , <strong>O caminho criativo da moda em Bras\u00edlia<\/strong> , <strong>Moda e Neg\u00f3cio<\/strong> , <strong>Moda e comunica\u00e7\u00e3o na cidade<\/strong> e, para encerrar com chave de ouro, <strong>Construindo um evento de moda<\/strong> , onde os bastidores da cria\u00e7\u00e3o do Estilo Bras\u00edlia ser\u00e3o revelados.<\/p>\n<p>Esta ser\u00e1 uma oportunidade para o p\u00fablico se aprofundar n\u00e3o somente nas tem\u00e1ticas que ser\u00e3o discutidas, mas conhecer de perto a hist\u00f3ria de importantes personagens que integram essa grande colcha de retalhos que \u00e9 a moda na cidade, unindo desde pioneiros at\u00e9 nomes que despontam na contemporaneidade.<\/p>\n<p><strong>Estilo Bras\u00edlia no Bras\u00edlia<\/strong><\/p>\n<p>Nesta nova temporada que se inicia, o shopping, que orgulhosamente estampa o nome da cidade, busca valorizar a ess\u00eancia criativa que inspira quem nasceu ou escolheu Bras\u00edlia como lar. Pessoas que protagonizam hist\u00f3rias \u00fanicas, que se completam em sua unidade.<\/p>\n<p>Ao longo dos dois dias, o Bras\u00edlia Shopping se transformar\u00e1 em um epicentro de cultura que estampar\u00e1 o que h\u00e1 de mais criativo na cena de moda local. O Estilo Bras\u00edlia ser\u00e1 um verdadeiro encontro para quem vive e aprecia n\u00e3o somente o universo fashion, mas o design, a arquitetura, a gastronomia e a arte.<\/p>\n<p>Tal diversidade ser\u00e1 impressa no formato: ser\u00e3o desfiles, talks, ativa\u00e7\u00f5es em lojas e programa\u00e7\u00f5es antes e durante o evento. Em todas as a\u00e7\u00f5es feitas, os nomes que representam e criam a moda em Bras\u00edlia ser\u00e3o destaque \u2014 desde grandes refer\u00eancias, j\u00e1 consolidadas dentro e fora do quadradinho, at\u00e9 os talentos emergentes.<\/p>\n<p>Guarde bem os dias na agenda e fa\u00e7a parte deste movimento em prol da moda de Bras\u00edlia.<\/p>\n<p><strong>Estilo Bras\u00edlia<\/strong><br \/><strong>Data: 25 e 26 de setembro.<\/strong><br \/><strong>Local: <a href=\"https:\/\/gpsbrasilia.com.br\/?s=brasilia+shopping\">Bras\u00edlia Shopping<\/a> .<\/strong><br \/><strong>Entrada franca. Nas \u00e1reas de assento, pulseiras de acesso ser\u00e3o distribu\u00eddas conforme a disponibilidade durante os dois dias do evento. Para mais informa\u00e7\u00f5es, acesse as redes sociais do Bras\u00edlia Shopping: @brasiliashopping.<\/strong><\/p>\n<p>The post <a href=\"https:\/\/gpsbrasilia.com.br\/brasilia-shopping-lanca-estilo-brasilia\/\">Bras\u00edlia Shopping lan\u00e7a \u201cEstilo Bras\u00edlia\u201d<\/a> first appeared on <a href=\"https:\/\/gpsbrasilia.com.br\">GPS Bras\u00edlia &#8211; Portal de Not\u00edcias do DF<\/a> .<\/p>\n<p id=\"infocoweb_fonte\" class=\"infocoweb_fonte\">Fonte: <a target=\"_blank\" href=\"http:\/\/ultimosegundo.ig.com.br\/parceiros\/gps-brasilia\/2024-09-05\/brasilia-shopping-lanca-estilo-brasilia.html#2781f45c-ad0d-4b17-8bf1-57087c5735e8\" rel=\"noopener\">Nacional<\/a><\/p>\n","protected":false},"excerpt":{"rendered":"<p>Reda\u00e7\u00e3o GPS Bras\u00edlia Shopping lan\u00e7a \u201cEstilo Bras\u00edlia\u201d H\u00e1 um pouco de rock, um pouco de samba. A mistura entre ontem, hoje e amanh\u00e3. Cabe lugar para o cl\u00e1ssico, mas sempre com ares de novidade. Muito se questiona e pouco se pode definir: qual, afinal, \u00e9 a \u201ccara\u201d de Bras\u00edlia? Em quase tr\u00eas d\u00e9cadas de hist\u00f3ria, [&hellip;]<\/p>\n","protected":false},"author":5,"featured_media":107125,"comment_status":"open","ping_status":"open","sticky":false,"template":"","format":"standard","meta":{"_acf_changed":false,"_angie_page":false,"_monsterinsights_skip_tracking":false,"_themeisle_gutenberg_block_has_review":false,"page_builder":"","footnotes":"","jetpack_publicize_message":"","jetpack_publicize_feature_enabled":true,"jetpack_social_post_already_shared":false,"jetpack_social_options":{"image_generator_settings":{"template":"highway","default_image_id":0,"font":"","enabled":false},"version":2}},"categories":[167],"tags":[221,3640,3489],"class_list":["post-107124","post","type-post","status-publish","format-standard","has-post-thumbnail","hentry","category-geral","tag-brasilia","tag-estilo","tag-shopping"],"acf":[],"nelio_content":{"autoShareEndMode":"never","automationSources":{"useCustomSentences":false,"customSentences":[]},"efiAlt":"","efiUrl":"","followers":[5],"highlights":[],"isAutoShareEnabled":true,"networkImageIds":[],"permalinkQueryArgs":[],"series":[],"suggestedReferences":[]},"yoast_head":"<!-- This site is optimized with the Yoast SEO plugin v28.3 - https:\/\/yoast.com\/product\/yoast-seo-wordpress\/ -->\n<title>Bras\u00edlia Shopping lan\u00e7a &quot;Estilo Bras\u00edlia&quot;<\/title>\n<meta name=\"description\" content=\"Bras\u00edlia Shopping lan\u00e7a &quot;Estilo Bras\u00edlia&quot;\" \/>\n<meta name=\"robots\" content=\"index, follow, max-snippet:-1, max-image-preview:large, max-video-preview:-1\" \/>\n<link rel=\"canonical\" href=\"https:\/\/www.fatosefotosnews.com.br\/?p=107124\" \/>\n<meta property=\"og:locale\" content=\"pt_BR\" \/>\n<meta property=\"og:type\" content=\"article\" \/>\n<meta property=\"og:title\" content=\"Bras\u00edlia Shopping lan\u00e7a &quot;Estilo Bras\u00edlia&quot;\" \/>\n<meta property=\"og:description\" content=\"Bras\u00edlia Shopping lan\u00e7a &quot;Estilo Bras\u00edlia&quot;\" \/>\n<meta property=\"og:url\" content=\"https:\/\/www.fatosefotosnews.com.br\/?p=107124\" \/>\n<meta property=\"og:site_name\" content=\"Fatos e Fotos News\" \/>\n<meta property=\"article:published_time\" content=\"2024-09-05T17:00:23+00:00\" \/>\n<meta property=\"og:image\" content=\"https:\/\/www.fatosefotosnews.com.br\/wp-content\/uploads\/2024\/09\/60d18f0111d3c0ecd16015c7817f20c1.jpeg\" \/>\n\t<meta property=\"og:image:width\" content=\"1024\" \/>\n\t<meta property=\"og:image:height\" content=\"576\" \/>\n\t<meta property=\"og:image:type\" content=\"image\/jpeg\" \/>\n<meta name=\"author\" content=\"Da Reda\u00e7\u00e3o\" \/>\n<meta name=\"twitter:card\" content=\"summary_large_image\" \/>\n<meta name=\"twitter:label1\" content=\"Escrito por\" \/>\n\t<meta name=\"twitter:data1\" content=\"Da Reda\u00e7\u00e3o\" \/>\n\t<meta name=\"twitter:label2\" content=\"Est. tempo de leitura\" \/>\n\t<meta name=\"twitter:data2\" content=\"99 minutos\" \/>\n<script type=\"application\/ld+json\" class=\"yoast-schema-graph\">{\"@context\":\"https:\\\/\\\/schema.org\",\"@graph\":[{\"@type\":\"Article\",\"@id\":\"https:\\\/\\\/www.fatosefotosnews.com.br\\\/?p=107124#article\",\"isPartOf\":{\"@id\":\"https:\\\/\\\/www.fatosefotosnews.com.br\\\/?p=107124\"},\"author\":{\"name\":\"Da Reda\u00e7\u00e3o\",\"@id\":\"https:\\\/\\\/www.fatosefotosnews.com.br\\\/#\\\/schema\\\/person\\\/3b80f81d08670fb1f6690e07eb8b5dc6\"},\"headline\":\"Bras\u00edlia Shopping lan\u00e7a &#8220;Estilo Bras\u00edlia&#8221;\",\"datePublished\":\"2024-09-05T17:00:23+00:00\",\"mainEntityOfPage\":{\"@id\":\"https:\\\/\\\/www.fatosefotosnews.com.br\\\/?p=107124\"},\"wordCount\":800,\"commentCount\":0,\"publisher\":{\"@id\":\"https:\\\/\\\/www.fatosefotosnews.com.br\\\/#organization\"},\"image\":{\"@id\":\"https:\\\/\\\/www.fatosefotosnews.com.br\\\/?p=107124#primaryimage\"},\"thumbnailUrl\":\"https:\\\/\\\/www.fatosefotosnews.com.br\\\/wp-content\\\/uploads\\\/2024\\\/09\\\/60d18f0111d3c0ecd16015c7817f20c1.jpeg\",\"keywords\":[\"Bras\u00edlia\",\"estilo\",\"shopping\"],\"articleSection\":[\"Geral\"],\"inLanguage\":\"pt-BR\",\"potentialAction\":[{\"@type\":\"CommentAction\",\"name\":\"Comment\",\"target\":[\"https:\\\/\\\/www.fatosefotosnews.com.br\\\/?p=107124#respond\"]}]},{\"@type\":\"WebPage\",\"@id\":\"https:\\\/\\\/www.fatosefotosnews.com.br\\\/?p=107124\",\"url\":\"https:\\\/\\\/www.fatosefotosnews.com.br\\\/?p=107124\",\"name\":\"Bras\u00edlia Shopping lan\u00e7a \\\"Estilo Bras\u00edlia\\\"\",\"isPartOf\":{\"@id\":\"https:\\\/\\\/www.fatosefotosnews.com.br\\\/#website\"},\"primaryImageOfPage\":{\"@id\":\"https:\\\/\\\/www.fatosefotosnews.com.br\\\/?p=107124#primaryimage\"},\"image\":{\"@id\":\"https:\\\/\\\/www.fatosefotosnews.com.br\\\/?p=107124#primaryimage\"},\"thumbnailUrl\":\"https:\\\/\\\/www.fatosefotosnews.com.br\\\/wp-content\\\/uploads\\\/2024\\\/09\\\/60d18f0111d3c0ecd16015c7817f20c1.jpeg\",\"datePublished\":\"2024-09-05T17:00:23+00:00\",\"description\":\"Bras\u00edlia Shopping lan\u00e7a \\\"Estilo Bras\u00edlia\\\"\",\"breadcrumb\":{\"@id\":\"https:\\\/\\\/www.fatosefotosnews.com.br\\\/?p=107124#breadcrumb\"},\"inLanguage\":\"pt-BR\",\"potentialAction\":[{\"@type\":\"ReadAction\",\"target\":[\"https:\\\/\\\/www.fatosefotosnews.com.br\\\/?p=107124\"]}]},{\"@type\":\"ImageObject\",\"inLanguage\":\"pt-BR\",\"@id\":\"https:\\\/\\\/www.fatosefotosnews.com.br\\\/?p=107124#primaryimage\",\"url\":\"https:\\\/\\\/www.fatosefotosnews.com.br\\\/wp-content\\\/uploads\\\/2024\\\/09\\\/60d18f0111d3c0ecd16015c7817f20c1.jpeg\",\"contentUrl\":\"https:\\\/\\\/www.fatosefotosnews.com.br\\\/wp-content\\\/uploads\\\/2024\\\/09\\\/60d18f0111d3c0ecd16015c7817f20c1.jpeg\",\"width\":1024,\"height\":576,\"caption\":\"Reda\u00e7\u00e3o GPSBras\u00edlia Shopping lan\u00e7a \u201cEstilo\"},{\"@type\":\"BreadcrumbList\",\"@id\":\"https:\\\/\\\/www.fatosefotosnews.com.br\\\/?p=107124#breadcrumb\",\"itemListElement\":[{\"@type\":\"ListItem\",\"position\":1,\"name\":\"In\u00edcio\",\"item\":\"https:\\\/\\\/www.fatosefotosnews.com.br\\\/\"},{\"@type\":\"ListItem\",\"position\":2,\"name\":\"Bras\u00edlia Shopping lan\u00e7a &#8220;Estilo Bras\u00edlia&#8221;\"}]},{\"@type\":\"WebSite\",\"@id\":\"https:\\\/\\\/www.fatosefotosnews.com.br\\\/#website\",\"url\":\"https:\\\/\\\/www.fatosefotosnews.com.br\\\/\",\"name\":\"Fatos e Fotos News\",\"description\":\"Um site de noticial verdadeira e confi\u00e1veis.\",\"publisher\":{\"@id\":\"https:\\\/\\\/www.fatosefotosnews.com.br\\\/#organization\"},\"potentialAction\":[{\"@type\":\"SearchAction\",\"target\":{\"@type\":\"EntryPoint\",\"urlTemplate\":\"https:\\\/\\\/www.fatosefotosnews.com.br\\\/?s={search_term_string}\"},\"query-input\":{\"@type\":\"PropertyValueSpecification\",\"valueRequired\":true,\"valueName\":\"search_term_string\"}}],\"inLanguage\":\"pt-BR\"},{\"@type\":\"Organization\",\"@id\":\"https:\\\/\\\/www.fatosefotosnews.com.br\\\/#organization\",\"name\":\"Fatos e Fotos News\",\"url\":\"https:\\\/\\\/www.fatosefotosnews.com.br\\\/\",\"logo\":{\"@type\":\"ImageObject\",\"inLanguage\":\"pt-BR\",\"@id\":\"https:\\\/\\\/www.fatosefotosnews.com.br\\\/#\\\/schema\\\/logo\\\/image\\\/\",\"url\":\"https:\\\/\\\/www.fatosefotosnews.com.br\\\/wp-content\\\/uploads\\\/2023\\\/02\\\/Fatos-e-Fotos-news-logo.png\",\"contentUrl\":\"https:\\\/\\\/www.fatosefotosnews.com.br\\\/wp-content\\\/uploads\\\/2023\\\/02\\\/Fatos-e-Fotos-news-logo.png\",\"width\":300,\"height\":58,\"caption\":\"Fatos e Fotos News\"},\"image\":{\"@id\":\"https:\\\/\\\/www.fatosefotosnews.com.br\\\/#\\\/schema\\\/logo\\\/image\\\/\"}},{\"@type\":\"Person\",\"@id\":\"https:\\\/\\\/www.fatosefotosnews.com.br\\\/#\\\/schema\\\/person\\\/3b80f81d08670fb1f6690e07eb8b5dc6\",\"name\":\"Da Reda\u00e7\u00e3o\",\"image\":{\"@type\":\"ImageObject\",\"inLanguage\":\"pt-BR\",\"@id\":\"https:\\\/\\\/secure.gravatar.com\\\/avatar\\\/696d39935a657bf0fc95044dbc9f912520430a0eb6dd46c85dd97eb6483b249b?s=96&d=mm&r=g\",\"url\":\"https:\\\/\\\/secure.gravatar.com\\\/avatar\\\/696d39935a657bf0fc95044dbc9f912520430a0eb6dd46c85dd97eb6483b249b?s=96&d=mm&r=g\",\"contentUrl\":\"https:\\\/\\\/secure.gravatar.com\\\/avatar\\\/696d39935a657bf0fc95044dbc9f912520430a0eb6dd46c85dd97eb6483b249b?s=96&d=mm&r=g\",\"caption\":\"Da Reda\u00e7\u00e3o\"},\"url\":\"https:\\\/\\\/www.fatosefotosnews.com.br\\\/?author=5\"}]}<\/script>\n<!-- \/ Yoast SEO plugin. -->","yoast_head_json":{"title":"Bras\u00edlia Shopping lan\u00e7a \"Estilo Bras\u00edlia\"","description":"Bras\u00edlia Shopping lan\u00e7a \"Estilo Bras\u00edlia\"","robots":{"index":"index","follow":"follow","max-snippet":"max-snippet:-1","max-image-preview":"max-image-preview:large","max-video-preview":"max-video-preview:-1"},"canonical":"https:\/\/www.fatosefotosnews.com.br\/?p=107124","og_locale":"pt_BR","og_type":"article","og_title":"Bras\u00edlia Shopping lan\u00e7a \"Estilo Bras\u00edlia\"","og_description":"Bras\u00edlia Shopping lan\u00e7a \"Estilo Bras\u00edlia\"","og_url":"https:\/\/www.fatosefotosnews.com.br\/?p=107124","og_site_name":"Fatos e Fotos News","article_published_time":"2024-09-05T17:00:23+00:00","og_image":[{"width":1024,"height":576,"url":"https:\/\/www.fatosefotosnews.com.br\/wp-content\/uploads\/2024\/09\/60d18f0111d3c0ecd16015c7817f20c1.jpeg","type":"image\/jpeg"}],"author":"Da Reda\u00e7\u00e3o","twitter_card":"summary_large_image","twitter_misc":{"Escrito por":"Da Reda\u00e7\u00e3o","Est. tempo de leitura":"99 minutos"},"schema":{"@context":"https:\/\/schema.org","@graph":[{"@type":"Article","@id":"https:\/\/www.fatosefotosnews.com.br\/?p=107124#article","isPartOf":{"@id":"https:\/\/www.fatosefotosnews.com.br\/?p=107124"},"author":{"name":"Da Reda\u00e7\u00e3o","@id":"https:\/\/www.fatosefotosnews.com.br\/#\/schema\/person\/3b80f81d08670fb1f6690e07eb8b5dc6"},"headline":"Bras\u00edlia Shopping lan\u00e7a &#8220;Estilo Bras\u00edlia&#8221;","datePublished":"2024-09-05T17:00:23+00:00","mainEntityOfPage":{"@id":"https:\/\/www.fatosefotosnews.com.br\/?p=107124"},"wordCount":800,"commentCount":0,"publisher":{"@id":"https:\/\/www.fatosefotosnews.com.br\/#organization"},"image":{"@id":"https:\/\/www.fatosefotosnews.com.br\/?p=107124#primaryimage"},"thumbnailUrl":"https:\/\/www.fatosefotosnews.com.br\/wp-content\/uploads\/2024\/09\/60d18f0111d3c0ecd16015c7817f20c1.jpeg","keywords":["Bras\u00edlia","estilo","shopping"],"articleSection":["Geral"],"inLanguage":"pt-BR","potentialAction":[{"@type":"CommentAction","name":"Comment","target":["https:\/\/www.fatosefotosnews.com.br\/?p=107124#respond"]}]},{"@type":"WebPage","@id":"https:\/\/www.fatosefotosnews.com.br\/?p=107124","url":"https:\/\/www.fatosefotosnews.com.br\/?p=107124","name":"Bras\u00edlia Shopping lan\u00e7a \"Estilo Bras\u00edlia\"","isPartOf":{"@id":"https:\/\/www.fatosefotosnews.com.br\/#website"},"primaryImageOfPage":{"@id":"https:\/\/www.fatosefotosnews.com.br\/?p=107124#primaryimage"},"image":{"@id":"https:\/\/www.fatosefotosnews.com.br\/?p=107124#primaryimage"},"thumbnailUrl":"https:\/\/www.fatosefotosnews.com.br\/wp-content\/uploads\/2024\/09\/60d18f0111d3c0ecd16015c7817f20c1.jpeg","datePublished":"2024-09-05T17:00:23+00:00","description":"Bras\u00edlia Shopping lan\u00e7a \"Estilo Bras\u00edlia\"","breadcrumb":{"@id":"https:\/\/www.fatosefotosnews.com.br\/?p=107124#breadcrumb"},"inLanguage":"pt-BR","potentialAction":[{"@type":"ReadAction","target":["https:\/\/www.fatosefotosnews.com.br\/?p=107124"]}]},{"@type":"ImageObject","inLanguage":"pt-BR","@id":"https:\/\/www.fatosefotosnews.com.br\/?p=107124#primaryimage","url":"https:\/\/www.fatosefotosnews.com.br\/wp-content\/uploads\/2024\/09\/60d18f0111d3c0ecd16015c7817f20c1.jpeg","contentUrl":"https:\/\/www.fatosefotosnews.com.br\/wp-content\/uploads\/2024\/09\/60d18f0111d3c0ecd16015c7817f20c1.jpeg","width":1024,"height":576,"caption":"Reda\u00e7\u00e3o GPSBras\u00edlia Shopping lan\u00e7a \u201cEstilo"},{"@type":"BreadcrumbList","@id":"https:\/\/www.fatosefotosnews.com.br\/?p=107124#breadcrumb","itemListElement":[{"@type":"ListItem","position":1,"name":"In\u00edcio","item":"https:\/\/www.fatosefotosnews.com.br\/"},{"@type":"ListItem","position":2,"name":"Bras\u00edlia Shopping lan\u00e7a &#8220;Estilo Bras\u00edlia&#8221;"}]},{"@type":"WebSite","@id":"https:\/\/www.fatosefotosnews.com.br\/#website","url":"https:\/\/www.fatosefotosnews.com.br\/","name":"Fatos e Fotos News","description":"Um site de noticial verdadeira e confi\u00e1veis.","publisher":{"@id":"https:\/\/www.fatosefotosnews.com.br\/#organization"},"potentialAction":[{"@type":"SearchAction","target":{"@type":"EntryPoint","urlTemplate":"https:\/\/www.fatosefotosnews.com.br\/?s={search_term_string}"},"query-input":{"@type":"PropertyValueSpecification","valueRequired":true,"valueName":"search_term_string"}}],"inLanguage":"pt-BR"},{"@type":"Organization","@id":"https:\/\/www.fatosefotosnews.com.br\/#organization","name":"Fatos e Fotos News","url":"https:\/\/www.fatosefotosnews.com.br\/","logo":{"@type":"ImageObject","inLanguage":"pt-BR","@id":"https:\/\/www.fatosefotosnews.com.br\/#\/schema\/logo\/image\/","url":"https:\/\/www.fatosefotosnews.com.br\/wp-content\/uploads\/2023\/02\/Fatos-e-Fotos-news-logo.png","contentUrl":"https:\/\/www.fatosefotosnews.com.br\/wp-content\/uploads\/2023\/02\/Fatos-e-Fotos-news-logo.png","width":300,"height":58,"caption":"Fatos e Fotos News"},"image":{"@id":"https:\/\/www.fatosefotosnews.com.br\/#\/schema\/logo\/image\/"}},{"@type":"Person","@id":"https:\/\/www.fatosefotosnews.com.br\/#\/schema\/person\/3b80f81d08670fb1f6690e07eb8b5dc6","name":"Da Reda\u00e7\u00e3o","image":{"@type":"ImageObject","inLanguage":"pt-BR","@id":"https:\/\/secure.gravatar.com\/avatar\/696d39935a657bf0fc95044dbc9f912520430a0eb6dd46c85dd97eb6483b249b?s=96&d=mm&r=g","url":"https:\/\/secure.gravatar.com\/avatar\/696d39935a657bf0fc95044dbc9f912520430a0eb6dd46c85dd97eb6483b249b?s=96&d=mm&r=g","contentUrl":"https:\/\/secure.gravatar.com\/avatar\/696d39935a657bf0fc95044dbc9f912520430a0eb6dd46c85dd97eb6483b249b?s=96&d=mm&r=g","caption":"Da Reda\u00e7\u00e3o"},"url":"https:\/\/www.fatosefotosnews.com.br\/?author=5"}]}},"jetpack_publicize_connections":[],"blog_post_layout_featured_media_urls":{"thumbnail":["https:\/\/www.fatosefotosnews.com.br\/wp-content\/uploads\/2024\/09\/60d18f0111d3c0ecd16015c7817f20c1-150x150.jpeg",150,150,true],"full":["https:\/\/www.fatosefotosnews.com.br\/wp-content\/uploads\/2024\/09\/60d18f0111d3c0ecd16015c7817f20c1.jpeg",1024,576,false]},"categories_names":{"167":{"name":"Geral","link":"https:\/\/www.fatosefotosnews.com.br\/?cat=167"}},"tags_names":{"221":{"name":"Bras\u00edlia","link":"https:\/\/www.fatosefotosnews.com.br\/?tag=brasilia"},"3640":{"name":"estilo","link":"https:\/\/www.fatosefotosnews.com.br\/?tag=estilo"},"3489":{"name":"shopping","link":"https:\/\/www.fatosefotosnews.com.br\/?tag=shopping"}},"comments_number":"0","wpmagazine_modules_lite_featured_media_urls":{"thumbnail":["https:\/\/www.fatosefotosnews.com.br\/wp-content\/uploads\/2024\/09\/60d18f0111d3c0ecd16015c7817f20c1-150x150.jpeg",150,150,true],"cvmm-medium":["https:\/\/www.fatosefotosnews.com.br\/wp-content\/uploads\/2024\/09\/60d18f0111d3c0ecd16015c7817f20c1-300x300.jpeg",300,300,true],"cvmm-medium-plus":["https:\/\/www.fatosefotosnews.com.br\/wp-content\/uploads\/2024\/09\/60d18f0111d3c0ecd16015c7817f20c1-305x207.jpeg",305,207,true],"cvmm-portrait":["https:\/\/www.fatosefotosnews.com.br\/wp-content\/uploads\/2024\/09\/60d18f0111d3c0ecd16015c7817f20c1-400x576.jpeg",400,576,true],"cvmm-medium-square":["https:\/\/www.fatosefotosnews.com.br\/wp-content\/uploads\/2024\/09\/60d18f0111d3c0ecd16015c7817f20c1-600x576.jpeg",600,576,true],"cvmm-large":["https:\/\/www.fatosefotosnews.com.br\/wp-content\/uploads\/2024\/09\/60d18f0111d3c0ecd16015c7817f20c1.jpeg",1024,576,false],"cvmm-small":["https:\/\/www.fatosefotosnews.com.br\/wp-content\/uploads\/2024\/09\/60d18f0111d3c0ecd16015c7817f20c1-130x95.jpeg",130,95,true],"full":["https:\/\/www.fatosefotosnews.com.br\/wp-content\/uploads\/2024\/09\/60d18f0111d3c0ecd16015c7817f20c1.jpeg",1024,576,false]},"_links":{"self":[{"href":"https:\/\/www.fatosefotosnews.com.br\/index.php?rest_route=\/wp\/v2\/posts\/107124","targetHints":{"allow":["GET"]}}],"collection":[{"href":"https:\/\/www.fatosefotosnews.com.br\/index.php?rest_route=\/wp\/v2\/posts"}],"about":[{"href":"https:\/\/www.fatosefotosnews.com.br\/index.php?rest_route=\/wp\/v2\/types\/post"}],"author":[{"embeddable":true,"href":"https:\/\/www.fatosefotosnews.com.br\/index.php?rest_route=\/wp\/v2\/users\/5"}],"replies":[{"embeddable":true,"href":"https:\/\/www.fatosefotosnews.com.br\/index.php?rest_route=%2Fwp%2Fv2%2Fcomments&post=107124"}],"version-history":[{"count":0,"href":"https:\/\/www.fatosefotosnews.com.br\/index.php?rest_route=\/wp\/v2\/posts\/107124\/revisions"}],"wp:featuredmedia":[{"embeddable":true,"href":"https:\/\/www.fatosefotosnews.com.br\/index.php?rest_route=\/wp\/v2\/media\/107125"}],"wp:attachment":[{"href":"https:\/\/www.fatosefotosnews.com.br\/index.php?rest_route=%2Fwp%2Fv2%2Fmedia&parent=107124"}],"wp:term":[{"taxonomy":"category","embeddable":true,"href":"https:\/\/www.fatosefotosnews.com.br\/index.php?rest_route=%2Fwp%2Fv2%2Fcategories&post=107124"},{"taxonomy":"post_tag","embeddable":true,"href":"https:\/\/www.fatosefotosnews.com.br\/index.php?rest_route=%2Fwp%2Fv2%2Ftags&post=107124"}],"curies":[{"name":"wp","href":"https:\/\/api.w.org\/{rel}","templated":true}]}}