{"id":107456,"date":"2024-09-08T09:05:01","date_gmt":"2024-09-08T12:05:01","guid":{"rendered":"https:\/\/www.fatosefotosnews.com.br\/opositor-de-maduro-edmundo-gonzalez-deixa-a-venezuela-e-pede-asilo-na-espanha\/"},"modified":"2024-09-08T09:05:01","modified_gmt":"2024-09-08T12:05:01","slug":"opositor-de-maduro-edmundo-gonzalez-deixa-a-venezuela-e-pede-asilo-na-espanha","status":"publish","type":"post","link":"https:\/\/www.fatosefotosnews.com.br\/?p=107456","title":{"rendered":"Opositor de Maduro, Edmundo Gonz\u00e1lez deixa a Venezuela e pede asilo na Espanha"},"content":{"rendered":"<p><meta name=\"robots\" content=\"noindex\"><mreta name=\"googlebot\" content=\"noindex\"><\/p>\n<div class=\"Noticia_Foto fato\">\n<figure class=\"foto-legenda\" style=\"position: relative\">\n<div class=\"foto-legenda-img\"><img fetchpriority=\"high\" decoding=\"async\" src=\"https:\/\/i0.statig.com.br\/bancodeimagens\/f2\/ee\/8m\/f2ee8ml1f8z5hu8pn1eu4p6gw.jpg\" width=\"906\" height=\"509\" alt=\"Edmundo Gonz\u00e1lez se autoproclama presidente da Venezuela\" title=\"Edmundo Gonz\u00e1lez se autoproclama presidente da Venezuela\"><\/div><figcaption class=\"foto-legenda-citacao\"><cite>Reda\u00e7\u00e3o GPS<\/cite><\/p>\n<div class=\"foto-legenda-citacao-text\">Edmundo Gonz\u00e1lez se autoproclama presidente da Venezuela<\/div>\n<\/figcaption><\/figure>\n<\/div>\n<p class=\"\">Na noite deste s\u00e1bado (7), o governo de <a href=\"https:\/\/ultimosegundo.ig.com.br\/2024-09-07\/maduro-rompe-combinado-e-crise-entre-brasil-e-venezuela-aumenta.html\" data-mce-href=\"https:\/\/ultimosegundo.ig.com.br\/2024-09-07\/maduro-rompe-combinado-e-crise-entre-brasil-e-venezuela-aumenta.html\">Nicol\u00e1s Maduro<\/a> anunciou que Edmundo Gonz\u00e1lez, candidato da oposi\u00e7\u00e3o \u00e0 presid\u00eancia da Venezuela, deixou o pa\u00eds e solicitou asilo na Espanha. O an\u00fancio foi feito atrav\u00e9s de um comunicado nas redes sociais. As autoridades espanholas confirmaram a sa\u00edda de Gonz\u00e1lez, que era alvo de uma ordem de pris\u00e3o emitida pelo regime venezuelano.<\/p>\n<p>O processo de fuga do opositor come\u00e7ou dias antes e envolveu a media\u00e7\u00e3o discreta de Jos\u00e9 Luiz Zapatero, ex-presidente da Espanha. Durante as negocia\u00e7\u00f5es, um avi\u00e3o oficial do governo espanhol permaneceu na Rep\u00fablica Dominicana aguardando a conclus\u00e3o do acordo com Caracas. Neste s\u00e1bado, ap\u00f3s o acordo ser finalizado, o avi\u00e3o pousou na capital venezuelana para transportar Gonz\u00e1lez para fora do pa\u00eds.<\/p>\n<p>O Portal iG est\u00e1 no BlueSky, <a href=\"https:\/\/bsky.app\/profile\/portalig.bsky.social\" data-mce-href=\"https:\/\/bsky.app\/profile\/portalig.bsky.social\">siga para acompanhar as not\u00edcias!<\/a><\/p>\n<p>A vice-presidente da Venezuela, Delcy Rodr\u00edguez, explicou que Edmundo Gonz\u00e1lez havia buscado ref\u00fagio na embaixada da Espanha em Caracas e foi autorizado a deixar o local sem ser preso, ap\u00f3s negocia\u00e7\u00f5es entre os dois governos. Ela afirmou que a Venezuela concedeu um salvo-conduto em conformidade com o direito internacional, visando a paz e a estabilidade pol\u00edtica do pa\u00eds.<\/p>\n<p>O governo espanhol detalhou que Gonz\u00e1lez foi transportado para a Espanha a bordo de um avi\u00e3o da For\u00e7a A\u00e9rea Espanhola. A Espanha garantiu que forneceu os meios diplom\u00e1ticos e materiais necess\u00e1rios para a transfer\u00eancia, que ocorreu a pedido do pr\u00f3prio opositor. O governo de Madri reafirmou seu compromisso com os direitos pol\u00edticos e a integridade f\u00edsica de todos os venezuelanos, especialmente dos l\u00edderes pol\u00edticos.<\/p>\n<p>Jos\u00e9 Manuel \u00c1lvarez, chefe da diplomacia espanhola, indicou que a viagem foi solicitada pelo pr\u00f3prio Edmundo Gonz\u00e1lez e garantiu sua prote\u00e7\u00e3o. No entanto, a sa\u00edda do candidato pode complicar o processo de media\u00e7\u00e3o, uma vez que ele n\u00e3o estar\u00e1 mais no pa\u00eds para interagir diretamente com o regime venezuelano.<\/p>\n<p>A ordem de pris\u00e3o contra Gonz\u00e1lez, anunciada na semana passada pela Procuradoria-Geral de Caracas, marcou um ponto de inflex\u00e3o na media\u00e7\u00e3o liderada pelo Brasil. O pedido de pris\u00e3o, que inclu\u00eda acusa\u00e7\u00f5es de conspira\u00e7\u00e3o e sabotagem, foi rapidamente acatado por um tribunal de primeira inst\u00e2ncia. Essa decis\u00e3o aumentou a press\u00e3o da comunidade internacional sobre o governo de Nicol\u00e1s Maduro, especialmente ap\u00f3s a den\u00fancia de Maria Corina Machado, l\u00edder da oposi\u00e7\u00e3o, que criticou o governo por sua postura repressiva.<\/p>\n<p class=\"\">O pedido de pris\u00e3o de Edmundo Gonz\u00e1lez foi motivado por investiga\u00e7\u00f5es relacionadas \u00e0 dissemina\u00e7\u00e3o de informa\u00e7\u00f5es sobre as elei\u00e7\u00f5es, conduzidas pelo site &#8220;Resultados com VZLA&#8221;. O governo de Maduro declarou-se vencedor das elei\u00e7\u00f5es, mas nunca divulgou as atas das sess\u00f5es eleitorais, enquanto Gonz\u00e1lez alegou tamb\u00e9m ter vencido.<\/p>\n<p>A aus\u00eancia de Gonz\u00e1lez \u00e0s convoca\u00e7\u00f5es judiciais e a falta de respeito a essas ordens contribu\u00edram para o pedido de pris\u00e3o, que inclui acusa\u00e7\u00f5es graves como usurpa\u00e7\u00e3o de fun\u00e7\u00f5es e falsifica\u00e7\u00e3o de documentos p\u00fablicos. A ONU e a Uni\u00e3o Europeia reconheceram as atas obtidas pela oposi\u00e7\u00e3o como ver\u00eddicas, o que levou a um cen\u00e1rio de crescente tens\u00e3o e incerteza pol\u00edtica na Venezuela.<\/p>\n<p>Quer ficar por dentro das principais not\u00edcias do dia? Participe do <a href=\"https:\/\/whatsapp.com\/channel\/0029Va4wuqMEawdons07wY21\" data-mce-href=\"https:\/\/whatsapp.com\/channel\/0029Va4wuqMEawdons07wY21\">nosso canal no WhatsApp <\/a>e da  <a href=\"https:\/\/www.facebook.com\/groups\/472149365609716\" data-mce-href=\"https:\/\/www.facebook.com\/groups\/472149365609716\">nossa comunidade no Facebook.<\/a><\/p>\n<p id=\"infocoweb_fonte\" class=\"infocoweb_fonte\">Fonte: <a target=\"_blank\" href=\"http:\/\/ultimosegundo.ig.com.br\/mundo\/2024-09-08\/opositor-maduro-deixa-venezuela.html#7075ceaa-e5cc-4b91-8248-55e91409d000\" rel=\"noopener\">Internacional<\/a><\/p>\n","protected":false},"excerpt":{"rendered":"<p>Reda\u00e7\u00e3o GPS Edmundo Gonz\u00e1lez se autoproclama presidente da Venezuela Na noite deste s\u00e1bado (7), o governo de Nicol\u00e1s Maduro anunciou que Edmundo Gonz\u00e1lez, candidato da oposi\u00e7\u00e3o \u00e0 presid\u00eancia da Venezuela, deixou o pa\u00eds e solicitou asilo na Espanha. O an\u00fancio foi feito atrav\u00e9s de um comunicado nas redes sociais. As autoridades espanholas confirmaram a sa\u00edda [&hellip;]<\/p>\n","protected":false},"author":5,"featured_media":107457,"comment_status":"open","ping_status":"open","sticky":false,"template":"","format":"standard","meta":{"_acf_changed":false,"_angie_page":false,"_monsterinsights_skip_tracking":false,"_themeisle_gutenberg_block_has_review":false,"page_builder":"","footnotes":"","jetpack_publicize_message":"","jetpack_publicize_feature_enabled":true,"jetpack_social_post_already_shared":false,"jetpack_social_options":{"image_generator_settings":{"template":"highway","default_image_id":0,"font":"","enabled":false},"version":2}},"categories":[12],"tags":[13683,952,23087,13359,4949,8134,2836],"class_list":["post-107456","post","type-post","status-publish","format-standard","has-post-thumbnail","hentry","category-mundo","tag-asilo","tag-deixa","tag-edmundo","tag-gonzalez","tag-maduro","tag-opositor","tag-venezuela"],"acf":[],"nelio_content":{"autoShareEndMode":"never","automationSources":{"useCustomSentences":false,"customSentences":[]},"efiAlt":"","efiUrl":"","followers":[5],"highlights":[],"isAutoShareEnabled":true,"networkImageIds":[],"permalinkQueryArgs":[],"series":[],"suggestedReferences":[]},"yoast_head":"<!-- This site is optimized with the Yoast SEO plugin v28.3 - https:\/\/yoast.com\/product\/yoast-seo-wordpress\/ -->\n<title>Opositor de Maduro, Edmundo Gonz\u00e1lez deixa a Venezuela e pede asilo na Espanha<\/title>\n<meta name=\"description\" content=\"Opositor de Maduro, Edmundo Gonz\u00e1lez deixa a Venezuela e pede asilo na Espanha\" \/>\n<meta name=\"robots\" content=\"index, follow, max-snippet:-1, max-image-preview:large, max-video-preview:-1\" \/>\n<link rel=\"canonical\" href=\"https:\/\/www.fatosefotosnews.com.br\/?p=107456\" \/>\n<meta property=\"og:locale\" content=\"pt_BR\" \/>\n<meta property=\"og:type\" content=\"article\" \/>\n<meta property=\"og:title\" content=\"Opositor de Maduro, Edmundo Gonz\u00e1lez deixa a Venezuela e pede asilo na Espanha\" \/>\n<meta property=\"og:description\" content=\"Opositor de Maduro, Edmundo Gonz\u00e1lez deixa a Venezuela e pede asilo na Espanha\" \/>\n<meta property=\"og:url\" content=\"https:\/\/www.fatosefotosnews.com.br\/?p=107456\" \/>\n<meta property=\"og:site_name\" content=\"Fatos e Fotos News\" \/>\n<meta property=\"article:published_time\" content=\"2024-09-08T12:05:01+00:00\" \/>\n<meta property=\"og:image\" content=\"https:\/\/www.fatosefotosnews.com.br\/wp-content\/uploads\/2024\/09\/5a7c84ef34b8ac33ce7ac6468edada2c.jpeg\" \/>\n\t<meta property=\"og:image:width\" content=\"1024\" \/>\n\t<meta property=\"og:image:height\" content=\"576\" \/>\n\t<meta property=\"og:image:type\" content=\"image\/jpeg\" \/>\n<meta name=\"author\" content=\"Da Reda\u00e7\u00e3o\" \/>\n<meta name=\"twitter:card\" content=\"summary_large_image\" \/>\n<meta name=\"twitter:label1\" content=\"Escrito por\" \/>\n\t<meta name=\"twitter:data1\" content=\"Da Reda\u00e7\u00e3o\" \/>\n\t<meta name=\"twitter:label2\" content=\"Est. tempo de leitura\" \/>\n\t<meta name=\"twitter:data2\" content=\"99 minutos\" \/>\n<script type=\"application\/ld+json\" class=\"yoast-schema-graph\">{\"@context\":\"https:\\\/\\\/schema.org\",\"@graph\":[{\"@type\":\"Article\",\"@id\":\"https:\\\/\\\/www.fatosefotosnews.com.br\\\/?p=107456#article\",\"isPartOf\":{\"@id\":\"https:\\\/\\\/www.fatosefotosnews.com.br\\\/?p=107456\"},\"author\":{\"name\":\"Da Reda\u00e7\u00e3o\",\"@id\":\"https:\\\/\\\/www.fatosefotosnews.com.br\\\/#\\\/schema\\\/person\\\/3b80f81d08670fb1f6690e07eb8b5dc6\"},\"headline\":\"Opositor de Maduro, Edmundo Gonz\u00e1lez deixa a Venezuela e pede asilo na Espanha\",\"datePublished\":\"2024-09-08T12:05:01+00:00\",\"mainEntityOfPage\":{\"@id\":\"https:\\\/\\\/www.fatosefotosnews.com.br\\\/?p=107456\"},\"wordCount\":626,\"commentCount\":0,\"publisher\":{\"@id\":\"https:\\\/\\\/www.fatosefotosnews.com.br\\\/#organization\"},\"image\":{\"@id\":\"https:\\\/\\\/www.fatosefotosnews.com.br\\\/?p=107456#primaryimage\"},\"thumbnailUrl\":\"https:\\\/\\\/www.fatosefotosnews.com.br\\\/wp-content\\\/uploads\\\/2024\\\/09\\\/5a7c84ef34b8ac33ce7ac6468edada2c.jpeg\",\"keywords\":[\"asilo\",\"deixa\",\"edmundo\",\"gonzalez\",\"maduro\",\"opositor\",\"Venezuela\"],\"articleSection\":[\"Mundo\"],\"inLanguage\":\"pt-BR\",\"potentialAction\":[{\"@type\":\"CommentAction\",\"name\":\"Comment\",\"target\":[\"https:\\\/\\\/www.fatosefotosnews.com.br\\\/?p=107456#respond\"]}]},{\"@type\":\"WebPage\",\"@id\":\"https:\\\/\\\/www.fatosefotosnews.com.br\\\/?p=107456\",\"url\":\"https:\\\/\\\/www.fatosefotosnews.com.br\\\/?p=107456\",\"name\":\"Opositor de Maduro, Edmundo Gonz\u00e1lez deixa a Venezuela e pede asilo na Espanha\",\"isPartOf\":{\"@id\":\"https:\\\/\\\/www.fatosefotosnews.com.br\\\/#website\"},\"primaryImageOfPage\":{\"@id\":\"https:\\\/\\\/www.fatosefotosnews.com.br\\\/?p=107456#primaryimage\"},\"image\":{\"@id\":\"https:\\\/\\\/www.fatosefotosnews.com.br\\\/?p=107456#primaryimage\"},\"thumbnailUrl\":\"https:\\\/\\\/www.fatosefotosnews.com.br\\\/wp-content\\\/uploads\\\/2024\\\/09\\\/5a7c84ef34b8ac33ce7ac6468edada2c.jpeg\",\"datePublished\":\"2024-09-08T12:05:01+00:00\",\"description\":\"Opositor de Maduro, Edmundo Gonz\u00e1lez deixa a Venezuela e pede asilo na Espanha\",\"breadcrumb\":{\"@id\":\"https:\\\/\\\/www.fatosefotosnews.com.br\\\/?p=107456#breadcrumb\"},\"inLanguage\":\"pt-BR\",\"potentialAction\":[{\"@type\":\"ReadAction\",\"target\":[\"https:\\\/\\\/www.fatosefotosnews.com.br\\\/?p=107456\"]}]},{\"@type\":\"ImageObject\",\"inLanguage\":\"pt-BR\",\"@id\":\"https:\\\/\\\/www.fatosefotosnews.com.br\\\/?p=107456#primaryimage\",\"url\":\"https:\\\/\\\/www.fatosefotosnews.com.br\\\/wp-content\\\/uploads\\\/2024\\\/09\\\/5a7c84ef34b8ac33ce7ac6468edada2c.jpeg\",\"contentUrl\":\"https:\\\/\\\/www.fatosefotosnews.com.br\\\/wp-content\\\/uploads\\\/2024\\\/09\\\/5a7c84ef34b8ac33ce7ac6468edada2c.jpeg\",\"width\":1024,\"height\":576,\"caption\":\"Reda\u00e7\u00e3o GPSEdmundo Gonz\u00e1lez se autoproclama presidente da\"},{\"@type\":\"BreadcrumbList\",\"@id\":\"https:\\\/\\\/www.fatosefotosnews.com.br\\\/?p=107456#breadcrumb\",\"itemListElement\":[{\"@type\":\"ListItem\",\"position\":1,\"name\":\"In\u00edcio\",\"item\":\"https:\\\/\\\/www.fatosefotosnews.com.br\\\/\"},{\"@type\":\"ListItem\",\"position\":2,\"name\":\"Opositor de Maduro, Edmundo Gonz\u00e1lez deixa a Venezuela e pede asilo na Espanha\"}]},{\"@type\":\"WebSite\",\"@id\":\"https:\\\/\\\/www.fatosefotosnews.com.br\\\/#website\",\"url\":\"https:\\\/\\\/www.fatosefotosnews.com.br\\\/\",\"name\":\"Fatos e Fotos News\",\"description\":\"Um site de noticial verdadeira e confi\u00e1veis.\",\"publisher\":{\"@id\":\"https:\\\/\\\/www.fatosefotosnews.com.br\\\/#organization\"},\"potentialAction\":[{\"@type\":\"SearchAction\",\"target\":{\"@type\":\"EntryPoint\",\"urlTemplate\":\"https:\\\/\\\/www.fatosefotosnews.com.br\\\/?s={search_term_string}\"},\"query-input\":{\"@type\":\"PropertyValueSpecification\",\"valueRequired\":true,\"valueName\":\"search_term_string\"}}],\"inLanguage\":\"pt-BR\"},{\"@type\":\"Organization\",\"@id\":\"https:\\\/\\\/www.fatosefotosnews.com.br\\\/#organization\",\"name\":\"Fatos e Fotos News\",\"url\":\"https:\\\/\\\/www.fatosefotosnews.com.br\\\/\",\"logo\":{\"@type\":\"ImageObject\",\"inLanguage\":\"pt-BR\",\"@id\":\"https:\\\/\\\/www.fatosefotosnews.com.br\\\/#\\\/schema\\\/logo\\\/image\\\/\",\"url\":\"https:\\\/\\\/www.fatosefotosnews.com.br\\\/wp-content\\\/uploads\\\/2023\\\/02\\\/Fatos-e-Fotos-news-logo.png\",\"contentUrl\":\"https:\\\/\\\/www.fatosefotosnews.com.br\\\/wp-content\\\/uploads\\\/2023\\\/02\\\/Fatos-e-Fotos-news-logo.png\",\"width\":300,\"height\":58,\"caption\":\"Fatos e Fotos News\"},\"image\":{\"@id\":\"https:\\\/\\\/www.fatosefotosnews.com.br\\\/#\\\/schema\\\/logo\\\/image\\\/\"}},{\"@type\":\"Person\",\"@id\":\"https:\\\/\\\/www.fatosefotosnews.com.br\\\/#\\\/schema\\\/person\\\/3b80f81d08670fb1f6690e07eb8b5dc6\",\"name\":\"Da Reda\u00e7\u00e3o\",\"image\":{\"@type\":\"ImageObject\",\"inLanguage\":\"pt-BR\",\"@id\":\"https:\\\/\\\/secure.gravatar.com\\\/avatar\\\/696d39935a657bf0fc95044dbc9f912520430a0eb6dd46c85dd97eb6483b249b?s=96&d=mm&r=g\",\"url\":\"https:\\\/\\\/secure.gravatar.com\\\/avatar\\\/696d39935a657bf0fc95044dbc9f912520430a0eb6dd46c85dd97eb6483b249b?s=96&d=mm&r=g\",\"contentUrl\":\"https:\\\/\\\/secure.gravatar.com\\\/avatar\\\/696d39935a657bf0fc95044dbc9f912520430a0eb6dd46c85dd97eb6483b249b?s=96&d=mm&r=g\",\"caption\":\"Da Reda\u00e7\u00e3o\"},\"url\":\"https:\\\/\\\/www.fatosefotosnews.com.br\\\/?author=5\"}]}<\/script>\n<!-- \/ Yoast SEO plugin. -->","yoast_head_json":{"title":"Opositor de Maduro, Edmundo Gonz\u00e1lez deixa a Venezuela e pede asilo na Espanha","description":"Opositor de Maduro, Edmundo Gonz\u00e1lez deixa a Venezuela e pede asilo na Espanha","robots":{"index":"index","follow":"follow","max-snippet":"max-snippet:-1","max-image-preview":"max-image-preview:large","max-video-preview":"max-video-preview:-1"},"canonical":"https:\/\/www.fatosefotosnews.com.br\/?p=107456","og_locale":"pt_BR","og_type":"article","og_title":"Opositor de Maduro, Edmundo Gonz\u00e1lez deixa a Venezuela e pede asilo na Espanha","og_description":"Opositor de Maduro, Edmundo Gonz\u00e1lez deixa a Venezuela e pede asilo na Espanha","og_url":"https:\/\/www.fatosefotosnews.com.br\/?p=107456","og_site_name":"Fatos e Fotos News","article_published_time":"2024-09-08T12:05:01+00:00","og_image":[{"width":1024,"height":576,"url":"https:\/\/www.fatosefotosnews.com.br\/wp-content\/uploads\/2024\/09\/5a7c84ef34b8ac33ce7ac6468edada2c.jpeg","type":"image\/jpeg"}],"author":"Da Reda\u00e7\u00e3o","twitter_card":"summary_large_image","twitter_misc":{"Escrito por":"Da Reda\u00e7\u00e3o","Est. tempo de leitura":"99 minutos"},"schema":{"@context":"https:\/\/schema.org","@graph":[{"@type":"Article","@id":"https:\/\/www.fatosefotosnews.com.br\/?p=107456#article","isPartOf":{"@id":"https:\/\/www.fatosefotosnews.com.br\/?p=107456"},"author":{"name":"Da Reda\u00e7\u00e3o","@id":"https:\/\/www.fatosefotosnews.com.br\/#\/schema\/person\/3b80f81d08670fb1f6690e07eb8b5dc6"},"headline":"Opositor de Maduro, Edmundo Gonz\u00e1lez deixa a Venezuela e pede asilo na Espanha","datePublished":"2024-09-08T12:05:01+00:00","mainEntityOfPage":{"@id":"https:\/\/www.fatosefotosnews.com.br\/?p=107456"},"wordCount":626,"commentCount":0,"publisher":{"@id":"https:\/\/www.fatosefotosnews.com.br\/#organization"},"image":{"@id":"https:\/\/www.fatosefotosnews.com.br\/?p=107456#primaryimage"},"thumbnailUrl":"https:\/\/www.fatosefotosnews.com.br\/wp-content\/uploads\/2024\/09\/5a7c84ef34b8ac33ce7ac6468edada2c.jpeg","keywords":["asilo","deixa","edmundo","gonzalez","maduro","opositor","Venezuela"],"articleSection":["Mundo"],"inLanguage":"pt-BR","potentialAction":[{"@type":"CommentAction","name":"Comment","target":["https:\/\/www.fatosefotosnews.com.br\/?p=107456#respond"]}]},{"@type":"WebPage","@id":"https:\/\/www.fatosefotosnews.com.br\/?p=107456","url":"https:\/\/www.fatosefotosnews.com.br\/?p=107456","name":"Opositor de Maduro, Edmundo Gonz\u00e1lez deixa a Venezuela e pede asilo na Espanha","isPartOf":{"@id":"https:\/\/www.fatosefotosnews.com.br\/#website"},"primaryImageOfPage":{"@id":"https:\/\/www.fatosefotosnews.com.br\/?p=107456#primaryimage"},"image":{"@id":"https:\/\/www.fatosefotosnews.com.br\/?p=107456#primaryimage"},"thumbnailUrl":"https:\/\/www.fatosefotosnews.com.br\/wp-content\/uploads\/2024\/09\/5a7c84ef34b8ac33ce7ac6468edada2c.jpeg","datePublished":"2024-09-08T12:05:01+00:00","description":"Opositor de Maduro, Edmundo Gonz\u00e1lez deixa a Venezuela e pede asilo na Espanha","breadcrumb":{"@id":"https:\/\/www.fatosefotosnews.com.br\/?p=107456#breadcrumb"},"inLanguage":"pt-BR","potentialAction":[{"@type":"ReadAction","target":["https:\/\/www.fatosefotosnews.com.br\/?p=107456"]}]},{"@type":"ImageObject","inLanguage":"pt-BR","@id":"https:\/\/www.fatosefotosnews.com.br\/?p=107456#primaryimage","url":"https:\/\/www.fatosefotosnews.com.br\/wp-content\/uploads\/2024\/09\/5a7c84ef34b8ac33ce7ac6468edada2c.jpeg","contentUrl":"https:\/\/www.fatosefotosnews.com.br\/wp-content\/uploads\/2024\/09\/5a7c84ef34b8ac33ce7ac6468edada2c.jpeg","width":1024,"height":576,"caption":"Reda\u00e7\u00e3o GPSEdmundo Gonz\u00e1lez se autoproclama presidente da"},{"@type":"BreadcrumbList","@id":"https:\/\/www.fatosefotosnews.com.br\/?p=107456#breadcrumb","itemListElement":[{"@type":"ListItem","position":1,"name":"In\u00edcio","item":"https:\/\/www.fatosefotosnews.com.br\/"},{"@type":"ListItem","position":2,"name":"Opositor de Maduro, Edmundo Gonz\u00e1lez deixa a Venezuela e pede asilo na Espanha"}]},{"@type":"WebSite","@id":"https:\/\/www.fatosefotosnews.com.br\/#website","url":"https:\/\/www.fatosefotosnews.com.br\/","name":"Fatos e Fotos News","description":"Um site de noticial verdadeira e confi\u00e1veis.","publisher":{"@id":"https:\/\/www.fatosefotosnews.com.br\/#organization"},"potentialAction":[{"@type":"SearchAction","target":{"@type":"EntryPoint","urlTemplate":"https:\/\/www.fatosefotosnews.com.br\/?s={search_term_string}"},"query-input":{"@type":"PropertyValueSpecification","valueRequired":true,"valueName":"search_term_string"}}],"inLanguage":"pt-BR"},{"@type":"Organization","@id":"https:\/\/www.fatosefotosnews.com.br\/#organization","name":"Fatos e Fotos News","url":"https:\/\/www.fatosefotosnews.com.br\/","logo":{"@type":"ImageObject","inLanguage":"pt-BR","@id":"https:\/\/www.fatosefotosnews.com.br\/#\/schema\/logo\/image\/","url":"https:\/\/www.fatosefotosnews.com.br\/wp-content\/uploads\/2023\/02\/Fatos-e-Fotos-news-logo.png","contentUrl":"https:\/\/www.fatosefotosnews.com.br\/wp-content\/uploads\/2023\/02\/Fatos-e-Fotos-news-logo.png","width":300,"height":58,"caption":"Fatos e Fotos News"},"image":{"@id":"https:\/\/www.fatosefotosnews.com.br\/#\/schema\/logo\/image\/"}},{"@type":"Person","@id":"https:\/\/www.fatosefotosnews.com.br\/#\/schema\/person\/3b80f81d08670fb1f6690e07eb8b5dc6","name":"Da Reda\u00e7\u00e3o","image":{"@type":"ImageObject","inLanguage":"pt-BR","@id":"https:\/\/secure.gravatar.com\/avatar\/696d39935a657bf0fc95044dbc9f912520430a0eb6dd46c85dd97eb6483b249b?s=96&d=mm&r=g","url":"https:\/\/secure.gravatar.com\/avatar\/696d39935a657bf0fc95044dbc9f912520430a0eb6dd46c85dd97eb6483b249b?s=96&d=mm&r=g","contentUrl":"https:\/\/secure.gravatar.com\/avatar\/696d39935a657bf0fc95044dbc9f912520430a0eb6dd46c85dd97eb6483b249b?s=96&d=mm&r=g","caption":"Da Reda\u00e7\u00e3o"},"url":"https:\/\/www.fatosefotosnews.com.br\/?author=5"}]}},"jetpack_publicize_connections":[],"blog_post_layout_featured_media_urls":{"thumbnail":["https:\/\/www.fatosefotosnews.com.br\/wp-content\/uploads\/2024\/09\/5a7c84ef34b8ac33ce7ac6468edada2c-150x150.jpeg",150,150,true],"full":["https:\/\/www.fatosefotosnews.com.br\/wp-content\/uploads\/2024\/09\/5a7c84ef34b8ac33ce7ac6468edada2c.jpeg",1024,576,false]},"categories_names":{"12":{"name":"Mundo","link":"https:\/\/www.fatosefotosnews.com.br\/?cat=12"}},"tags_names":{"13683":{"name":"asilo","link":"https:\/\/www.fatosefotosnews.com.br\/?tag=asilo"},"952":{"name":"deixa","link":"https:\/\/www.fatosefotosnews.com.br\/?tag=deixa"},"23087":{"name":"edmundo","link":"https:\/\/www.fatosefotosnews.com.br\/?tag=edmundo"},"13359":{"name":"gonzalez","link":"https:\/\/www.fatosefotosnews.com.br\/?tag=gonzalez"},"4949":{"name":"maduro","link":"https:\/\/www.fatosefotosnews.com.br\/?tag=maduro"},"8134":{"name":"opositor","link":"https:\/\/www.fatosefotosnews.com.br\/?tag=opositor"},"2836":{"name":"Venezuela","link":"https:\/\/www.fatosefotosnews.com.br\/?tag=venezuela"}},"comments_number":"0","wpmagazine_modules_lite_featured_media_urls":{"thumbnail":["https:\/\/www.fatosefotosnews.com.br\/wp-content\/uploads\/2024\/09\/5a7c84ef34b8ac33ce7ac6468edada2c-150x150.jpeg",150,150,true],"cvmm-medium":["https:\/\/www.fatosefotosnews.com.br\/wp-content\/uploads\/2024\/09\/5a7c84ef34b8ac33ce7ac6468edada2c-300x300.jpeg",300,300,true],"cvmm-medium-plus":["https:\/\/www.fatosefotosnews.com.br\/wp-content\/uploads\/2024\/09\/5a7c84ef34b8ac33ce7ac6468edada2c-305x207.jpeg",305,207,true],"cvmm-portrait":["https:\/\/www.fatosefotosnews.com.br\/wp-content\/uploads\/2024\/09\/5a7c84ef34b8ac33ce7ac6468edada2c-400x576.jpeg",400,576,true],"cvmm-medium-square":["https:\/\/www.fatosefotosnews.com.br\/wp-content\/uploads\/2024\/09\/5a7c84ef34b8ac33ce7ac6468edada2c-600x576.jpeg",600,576,true],"cvmm-large":["https:\/\/www.fatosefotosnews.com.br\/wp-content\/uploads\/2024\/09\/5a7c84ef34b8ac33ce7ac6468edada2c.jpeg",1024,576,false],"cvmm-small":["https:\/\/www.fatosefotosnews.com.br\/wp-content\/uploads\/2024\/09\/5a7c84ef34b8ac33ce7ac6468edada2c-130x95.jpeg",130,95,true],"full":["https:\/\/www.fatosefotosnews.com.br\/wp-content\/uploads\/2024\/09\/5a7c84ef34b8ac33ce7ac6468edada2c.jpeg",1024,576,false]},"_links":{"self":[{"href":"https:\/\/www.fatosefotosnews.com.br\/index.php?rest_route=\/wp\/v2\/posts\/107456","targetHints":{"allow":["GET"]}}],"collection":[{"href":"https:\/\/www.fatosefotosnews.com.br\/index.php?rest_route=\/wp\/v2\/posts"}],"about":[{"href":"https:\/\/www.fatosefotosnews.com.br\/index.php?rest_route=\/wp\/v2\/types\/post"}],"author":[{"embeddable":true,"href":"https:\/\/www.fatosefotosnews.com.br\/index.php?rest_route=\/wp\/v2\/users\/5"}],"replies":[{"embeddable":true,"href":"https:\/\/www.fatosefotosnews.com.br\/index.php?rest_route=%2Fwp%2Fv2%2Fcomments&post=107456"}],"version-history":[{"count":0,"href":"https:\/\/www.fatosefotosnews.com.br\/index.php?rest_route=\/wp\/v2\/posts\/107456\/revisions"}],"wp:featuredmedia":[{"embeddable":true,"href":"https:\/\/www.fatosefotosnews.com.br\/index.php?rest_route=\/wp\/v2\/media\/107457"}],"wp:attachment":[{"href":"https:\/\/www.fatosefotosnews.com.br\/index.php?rest_route=%2Fwp%2Fv2%2Fmedia&parent=107456"}],"wp:term":[{"taxonomy":"category","embeddable":true,"href":"https:\/\/www.fatosefotosnews.com.br\/index.php?rest_route=%2Fwp%2Fv2%2Fcategories&post=107456"},{"taxonomy":"post_tag","embeddable":true,"href":"https:\/\/www.fatosefotosnews.com.br\/index.php?rest_route=%2Fwp%2Fv2%2Ftags&post=107456"}],"curies":[{"name":"wp","href":"https:\/\/api.w.org\/{rel}","templated":true}]}}