{"id":109616,"date":"2024-11-23T21:59:19","date_gmt":"2024-11-24T00:59:19","guid":{"rendered":"https:\/\/www.fatosefotosnews.com.br\/sonho-continental-adiado-cruzeiro-perde-final-da-sul-americana-para-o-racing\/"},"modified":"2024-11-23T21:59:19","modified_gmt":"2024-11-24T00:59:19","slug":"sonho-continental-adiado-cruzeiro-perde-final-da-sul-americana-para-o-racing","status":"publish","type":"post","link":"https:\/\/www.fatosefotosnews.com.br\/?p=109616","title":{"rendered":"Sonho continental adiado: Cruzeiro perde final da Sul-Americana para o Racing"},"content":{"rendered":"<p>O sonho do Cruzeiro de conquistar a Copa Sul-Americana foi interrompido neste s\u00e1bado (28) no est\u00e1dio General Pablo Rojas, em Assun\u00e7\u00e3o. A equipe mineira foi derrotada pelo Racing por 3 a 1, ampliando o jejum de t\u00edtulos continentais que perdura desde a Recopa Sul-Americana de 1998.<\/p>\n<p><img fetchpriority=\"high\" decoding=\"async\" class=\"alignnone size-full wp-image-467900\" src=\"https:\/\/agenciaesporte.com.br\/wp-content\/uploads\/2024\/11\/Cruzeiro-x-Racing.jpg\" alt=\"\" width=\"1181\" height=\"787\">A partida come\u00e7ou tumultuada. Logo aos dois minutos, o Racing teve um gol anulado pelo VAR por impedimento. O lance, no entanto, prenunciava o dom\u00ednio argentino. Aos 16 minutos, Martirena, em um chute que encobriu o goleiro C\u00e1ssio, abriu o placar com um gola\u00e7o. A situa\u00e7\u00e3o se complicou ainda mais para o Cruzeiro tr\u00eas minutos depois, quando Mart\u00ednez aproveitou falha da defesa e ampliou a vantagem.<\/p>\n<p>Nervoso e ap\u00e1tico em campo, o Cruzeiro pouco produziu na primeira etapa. A melhor chance veio aos 45 minutos, com Villalba, em um voleio defendido por Arias ap\u00f3s desvio de Kaio Jorge. O t\u00e9cnico Fernando Diniz tentou mudar o panorama da partida ainda no primeiro tempo, substituindo Walace por Lucas Silva aos 30 minutos.<\/p>\n<p>O Cruzeiro voltou do intervalo com outra postura. Aos sete minutos, Kaio Jorge, no rebote de uma defesa de Arias, diminuiu o placar e reacendeu a esperan\u00e7a da torcida cruzeirense. A equipe mineira pressionou em busca do empate, com Matheus Pereira quase marcando no minuto seguinte.<\/p>\n<p>Diniz promoveu mais tr\u00eas altera\u00e7\u00f5es na segunda etapa, colocando Lautaro D\u00edaz, Barreal e Kaique Kenji em campo. Apesar do dom\u00ednio da posse de bola e de criar algumas oportunidades, como um chute de longa dist\u00e2ncia de Barreal, o Cruzeiro n\u00e3o conseguiu furar a defesa argentina. Nos acr\u00e9scimos, em contra-ataque fulminante, Roger Mart\u00ednez sacramentou a vit\u00f3ria do Racing, dando n\u00fameros finais \u00e0 partida.<\/p>\n<p>Com a derrota, o Cruzeiro adia o sonho de um t\u00edtulo internacional e volta suas aten\u00e7\u00f5es para o Campeonato Brasileiro. A equipe mineira enfrenta o Gr\u00eamio na pr\u00f3xima quarta-feira (1\u00ba de novembro), pela 35\u00aa rodada da S\u00e9rie A, buscando se recuperar do rev\u00e9s e focar na reta final da competi\u00e7\u00e3o nacional.<\/p>\n<p><strong>FICHA T\u00c9CNICA<br \/> <\/strong><\/p>\n<p><strong>RACING-ARG 3 X 1 CRUZEIRO-BRA<\/strong><\/p>\n<p><strong>Local:<\/strong> General Pablo Rojas, em Assun\u00e7\u00e3o, no Paraguai<br \/> <strong>Data:<\/strong> 23\/11\/2024<br \/> <strong>Hora:<\/strong> 17 horas<br \/> <strong>\u00c1rbitro:<\/strong>\u00a0Esteban Ostojich (URU)<br \/> <strong>Assistentes:<\/strong> Nicol\u00e1s Tar\u00e1n e Carlos Barreiro (URU)<br \/> <strong>Cart\u00f5es amarelos<\/strong>: Nardoni, Garc\u00eda e Di Cesare (Racing) \/ Lucas Romero, Lucas Silva e Matheus Pereira (Cruzeiro)<br \/> <strong>GOLS<\/strong>: Martirena, aos 16\u2032 do 1\u00ba tempo, Mart\u00ednez, aos 19\u2032 do 1\u00ba tempo, e Roger Mart\u00ednez, aos 49\u2032 do 2\u00ba tempo <strong>(RACING) \u2013 <\/strong><br \/> Kaio Jorge, aos 7\u2019do 2\u00ba tempo <strong>(CRUZEIRO).<\/strong><\/p>\n<p><strong>RACING: <\/strong>Arias; Di C\u00e9sare, Sosa, Garc\u00eda Basso e Martirena; Nardoni, Almendra (Zuculini), Rojas e Quintero (Ferreyra); Salas e Mart\u00ednez (Roger Mart\u00ednez). T\u00e9cnico: Gustavo costas<\/p>\n<p><strong>CRUZEIRO: <\/strong>C\u00e1ssio; William, Villalba, Jo\u00e3o Marcelo e Marlon (Kaique Kenji); Walace (Lucas Silva), Romero (Barreal), Matheus Henrique e Matheus Pereira; Gabriel Ver\u00f3n (Lautaro D\u00edaz) e Kaio Jorge. T\u00e9cnico: Fernando Diniz<\/p>\n<div class=\"addtoany_share_save_container addtoany_content addtoany_content_bottom\">\n<div class=\"a2a_kit a2a_kit_size_32 addtoany_list\" data-a2a-url=\"https:\/\/agenciaesporte.com.br\/cruzeiro\/sonho-continental-adiado-cruzeiro-perde-final-da-sul-americana-para-o-racing\/\" data-a2a-title=\"Sonho continental adiado: Cruzeiro perde final da Sul-Americana para o Racing\"><a class=\"a2a_button_whatsapp\" href=\"https:\/\/www.addtoany.com\/add_to\/whatsapp?linkurl=https%3A%2F%2Fagenciaesporte.com.br%2Fcruzeiro%2Fsonho-continental-adiado-cruzeiro-perde-final-da-sul-americana-para-o-racing%2F&#038;linkname=Sonho%20continental%20adiado%3A%20Cruzeiro%20perde%20final%20da%20Sul-Americana%20para%20o%20Racing\" title=\"WhatsApp\" rel=\"nofollow noopener\" target=\"_blank\"><\/a><a class=\"a2a_button_facebook\" href=\"https:\/\/www.addtoany.com\/add_to\/facebook?linkurl=https%3A%2F%2Fagenciaesporte.com.br%2Fcruzeiro%2Fsonho-continental-adiado-cruzeiro-perde-final-da-sul-americana-para-o-racing%2F&#038;linkname=Sonho%20continental%20adiado%3A%20Cruzeiro%20perde%20final%20da%20Sul-Americana%20para%20o%20Racing\" title=\"Facebook\" rel=\"nofollow noopener\" target=\"_blank\"><\/a><a class=\"a2a_button_twitter\" href=\"https:\/\/www.addtoany.com\/add_to\/twitter?linkurl=https%3A%2F%2Fagenciaesporte.com.br%2Fcruzeiro%2Fsonho-continental-adiado-cruzeiro-perde-final-da-sul-americana-para-o-racing%2F&#038;linkname=Sonho%20continental%20adiado%3A%20Cruzeiro%20perde%20final%20da%20Sul-Americana%20para%20o%20Racing\" title=\"Twitter\" rel=\"nofollow noopener\" target=\"_blank\"><\/a><a class=\"a2a_button_facebook_messenger\" href=\"https:\/\/www.addtoany.com\/add_to\/facebook_messenger?linkurl=https%3A%2F%2Fagenciaesporte.com.br%2Fcruzeiro%2Fsonho-continental-adiado-cruzeiro-perde-final-da-sul-americana-para-o-racing%2F&#038;linkname=Sonho%20continental%20adiado%3A%20Cruzeiro%20perde%20final%20da%20Sul-Americana%20para%20o%20Racing\" title=\"Messenger\" rel=\"nofollow noopener\" target=\"_blank\"><\/a><a class=\"a2a_button_linkedin\" href=\"https:\/\/www.addtoany.com\/add_to\/linkedin?linkurl=https%3A%2F%2Fagenciaesporte.com.br%2Fcruzeiro%2Fsonho-continental-adiado-cruzeiro-perde-final-da-sul-americana-para-o-racing%2F&#038;linkname=Sonho%20continental%20adiado%3A%20Cruzeiro%20perde%20final%20da%20Sul-Americana%20para%20o%20Racing\" title=\"LinkedIn\" rel=\"nofollow noopener\" target=\"_blank\"><\/a><a class=\"a2a_dd addtoany_share_save addtoany_share\" href=\"https:\/\/www.addtoany.com\/share\"><\/a><\/div>\n<\/div>\n<p id=\"infocoweb_fonte\" class=\"infocoweb_fonte\">Fonte: <a target=\"_blank\" href=\"https:\/\/agenciaesporte.com.br\/cruzeiro\/sonho-continental-adiado-cruzeiro-perde-final-da-sul-americana-para-o-racing\/#02f37220-7add-464b-9cda-ae86f84e999e\">Esportes<\/a><\/p>\n","protected":false},"excerpt":{"rendered":"<p>O sonho do Cruzeiro de conquistar a Copa Sul-Americana foi interrompido neste s\u00e1bado (28) no est\u00e1dio General Pablo Rojas, em Assun\u00e7\u00e3o. A equipe mineira foi derrotada pelo Racing por 3 a 1, ampliando o jejum de t\u00edtulos continentais que perdura desde a Recopa Sul-Americana de 1998. A partida come\u00e7ou tumultuada. Logo aos dois minutos, o [&hellip;]<\/p>\n","protected":false},"author":5,"featured_media":109617,"comment_status":"open","ping_status":"open","sticky":false,"template":"","format":"standard","meta":{"_acf_changed":false,"_angie_page":false,"_monsterinsights_skip_tracking":false,"_themeisle_gutenberg_block_has_review":false,"page_builder":"","footnotes":"","jetpack_publicize_message":"","jetpack_publicize_feature_enabled":true,"jetpack_social_post_already_shared":false,"jetpack_social_options":{"image_generator_settings":{"template":"highway","default_image_id":0,"font":"","enabled":false},"version":2}},"categories":[5],"tags":[9413,6536,22968,1088,432,1623,6122],"class_list":["post-109616","post","type-post","status-publish","format-standard","has-post-thumbnail","hentry","category-esporte","tag-adiado","tag-americana","tag-continental","tag-cruzeiro","tag-final","tag-perde","tag-sonho"],"acf":[],"nelio_content":{"autoShareEndMode":"never","automationSources":{"useCustomSentences":false,"customSentences":[]},"efiAlt":"","efiUrl":"","followers":[5],"highlights":[],"isAutoShareEnabled":true,"networkImageIds":[],"permalinkQueryArgs":[],"series":[],"suggestedReferences":[]},"yoast_head":"<!-- This site is optimized with the Yoast SEO plugin v28.3 - https:\/\/yoast.com\/product\/yoast-seo-wordpress\/ -->\n<title>Sonho continental adiado: Cruzeiro perde final da Sul-Americana para o Racing<\/title>\n<meta name=\"description\" content=\"Sonho continental adiado: Cruzeiro perde final da Sul-Americana para o Racing\" \/>\n<meta name=\"robots\" content=\"index, follow, max-snippet:-1, max-image-preview:large, max-video-preview:-1\" \/>\n<link rel=\"canonical\" href=\"https:\/\/www.fatosefotosnews.com.br\/?p=109616\" \/>\n<meta property=\"og:locale\" content=\"pt_BR\" \/>\n<meta property=\"og:type\" content=\"article\" \/>\n<meta property=\"og:title\" content=\"Sonho continental adiado: Cruzeiro perde final da Sul-Americana para o Racing\" \/>\n<meta property=\"og:description\" content=\"Sonho continental adiado: Cruzeiro perde final da Sul-Americana para o Racing\" \/>\n<meta property=\"og:url\" content=\"https:\/\/www.fatosefotosnews.com.br\/?p=109616\" \/>\n<meta property=\"og:site_name\" content=\"Fatos e Fotos News\" \/>\n<meta property=\"article:published_time\" content=\"2024-11-24T00:59:19+00:00\" \/>\n<meta property=\"og:image\" content=\"https:\/\/www.fatosefotosnews.com.br\/wp-content\/uploads\/2024\/11\/79ccab293024731f17479f4b69d18a61.jpeg\" \/>\n\t<meta property=\"og:image:width\" content=\"1024\" \/>\n\t<meta property=\"og:image:height\" content=\"583\" \/>\n\t<meta property=\"og:image:type\" content=\"image\/jpeg\" \/>\n<meta name=\"author\" content=\"Da Reda\u00e7\u00e3o\" \/>\n<meta name=\"twitter:card\" content=\"summary_large_image\" \/>\n<meta name=\"twitter:label1\" content=\"Escrito por\" \/>\n\t<meta name=\"twitter:data1\" content=\"Da Reda\u00e7\u00e3o\" \/>\n\t<meta name=\"twitter:label2\" content=\"Est. tempo de leitura\" \/>\n\t<meta name=\"twitter:data2\" content=\"99 minutos\" \/>\n<script type=\"application\/ld+json\" class=\"yoast-schema-graph\">{\"@context\":\"https:\\\/\\\/schema.org\",\"@graph\":[{\"@type\":\"Article\",\"@id\":\"https:\\\/\\\/www.fatosefotosnews.com.br\\\/?p=109616#article\",\"isPartOf\":{\"@id\":\"https:\\\/\\\/www.fatosefotosnews.com.br\\\/?p=109616\"},\"author\":{\"name\":\"Da Reda\u00e7\u00e3o\",\"@id\":\"https:\\\/\\\/www.fatosefotosnews.com.br\\\/#\\\/schema\\\/person\\\/3b80f81d08670fb1f6690e07eb8b5dc6\"},\"headline\":\"Sonho continental adiado: Cruzeiro perde final da Sul-Americana para o Racing\",\"datePublished\":\"2024-11-24T00:59:19+00:00\",\"mainEntityOfPage\":{\"@id\":\"https:\\\/\\\/www.fatosefotosnews.com.br\\\/?p=109616\"},\"wordCount\":497,\"commentCount\":0,\"publisher\":{\"@id\":\"https:\\\/\\\/www.fatosefotosnews.com.br\\\/#organization\"},\"image\":{\"@id\":\"https:\\\/\\\/www.fatosefotosnews.com.br\\\/?p=109616#primaryimage\"},\"thumbnailUrl\":\"https:\\\/\\\/www.fatosefotosnews.com.br\\\/wp-content\\\/uploads\\\/2024\\\/11\\\/79ccab293024731f17479f4b69d18a61.jpeg\",\"keywords\":[\"adiado\",\"americana\",\"continental\",\"cruzeiro\",\"final\",\"perde\",\"sonho\"],\"articleSection\":[\"Esporte\"],\"inLanguage\":\"pt-BR\",\"potentialAction\":[{\"@type\":\"CommentAction\",\"name\":\"Comment\",\"target\":[\"https:\\\/\\\/www.fatosefotosnews.com.br\\\/?p=109616#respond\"]}]},{\"@type\":\"WebPage\",\"@id\":\"https:\\\/\\\/www.fatosefotosnews.com.br\\\/?p=109616\",\"url\":\"https:\\\/\\\/www.fatosefotosnews.com.br\\\/?p=109616\",\"name\":\"Sonho continental adiado: Cruzeiro perde final da Sul-Americana para o Racing\",\"isPartOf\":{\"@id\":\"https:\\\/\\\/www.fatosefotosnews.com.br\\\/#website\"},\"primaryImageOfPage\":{\"@id\":\"https:\\\/\\\/www.fatosefotosnews.com.br\\\/?p=109616#primaryimage\"},\"image\":{\"@id\":\"https:\\\/\\\/www.fatosefotosnews.com.br\\\/?p=109616#primaryimage\"},\"thumbnailUrl\":\"https:\\\/\\\/www.fatosefotosnews.com.br\\\/wp-content\\\/uploads\\\/2024\\\/11\\\/79ccab293024731f17479f4b69d18a61.jpeg\",\"datePublished\":\"2024-11-24T00:59:19+00:00\",\"description\":\"Sonho continental adiado: Cruzeiro perde final da Sul-Americana para o Racing\",\"breadcrumb\":{\"@id\":\"https:\\\/\\\/www.fatosefotosnews.com.br\\\/?p=109616#breadcrumb\"},\"inLanguage\":\"pt-BR\",\"potentialAction\":[{\"@type\":\"ReadAction\",\"target\":[\"https:\\\/\\\/www.fatosefotosnews.com.br\\\/?p=109616\"]}]},{\"@type\":\"ImageObject\",\"inLanguage\":\"pt-BR\",\"@id\":\"https:\\\/\\\/www.fatosefotosnews.com.br\\\/?p=109616#primaryimage\",\"url\":\"https:\\\/\\\/www.fatosefotosnews.com.br\\\/wp-content\\\/uploads\\\/2024\\\/11\\\/79ccab293024731f17479f4b69d18a61.jpeg\",\"contentUrl\":\"https:\\\/\\\/www.fatosefotosnews.com.br\\\/wp-content\\\/uploads\\\/2024\\\/11\\\/79ccab293024731f17479f4b69d18a61.jpeg\",\"width\":1024,\"height\":583},{\"@type\":\"BreadcrumbList\",\"@id\":\"https:\\\/\\\/www.fatosefotosnews.com.br\\\/?p=109616#breadcrumb\",\"itemListElement\":[{\"@type\":\"ListItem\",\"position\":1,\"name\":\"In\u00edcio\",\"item\":\"https:\\\/\\\/www.fatosefotosnews.com.br\\\/\"},{\"@type\":\"ListItem\",\"position\":2,\"name\":\"Sonho continental adiado: Cruzeiro perde final da Sul-Americana para o Racing\"}]},{\"@type\":\"WebSite\",\"@id\":\"https:\\\/\\\/www.fatosefotosnews.com.br\\\/#website\",\"url\":\"https:\\\/\\\/www.fatosefotosnews.com.br\\\/\",\"name\":\"Fatos e Fotos News\",\"description\":\"Um site de noticial verdadeira e confi\u00e1veis.\",\"publisher\":{\"@id\":\"https:\\\/\\\/www.fatosefotosnews.com.br\\\/#organization\"},\"potentialAction\":[{\"@type\":\"SearchAction\",\"target\":{\"@type\":\"EntryPoint\",\"urlTemplate\":\"https:\\\/\\\/www.fatosefotosnews.com.br\\\/?s={search_term_string}\"},\"query-input\":{\"@type\":\"PropertyValueSpecification\",\"valueRequired\":true,\"valueName\":\"search_term_string\"}}],\"inLanguage\":\"pt-BR\"},{\"@type\":\"Organization\",\"@id\":\"https:\\\/\\\/www.fatosefotosnews.com.br\\\/#organization\",\"name\":\"Fatos e Fotos News\",\"url\":\"https:\\\/\\\/www.fatosefotosnews.com.br\\\/\",\"logo\":{\"@type\":\"ImageObject\",\"inLanguage\":\"pt-BR\",\"@id\":\"https:\\\/\\\/www.fatosefotosnews.com.br\\\/#\\\/schema\\\/logo\\\/image\\\/\",\"url\":\"https:\\\/\\\/www.fatosefotosnews.com.br\\\/wp-content\\\/uploads\\\/2023\\\/02\\\/Fatos-e-Fotos-news-logo.png\",\"contentUrl\":\"https:\\\/\\\/www.fatosefotosnews.com.br\\\/wp-content\\\/uploads\\\/2023\\\/02\\\/Fatos-e-Fotos-news-logo.png\",\"width\":300,\"height\":58,\"caption\":\"Fatos e Fotos News\"},\"image\":{\"@id\":\"https:\\\/\\\/www.fatosefotosnews.com.br\\\/#\\\/schema\\\/logo\\\/image\\\/\"}},{\"@type\":\"Person\",\"@id\":\"https:\\\/\\\/www.fatosefotosnews.com.br\\\/#\\\/schema\\\/person\\\/3b80f81d08670fb1f6690e07eb8b5dc6\",\"name\":\"Da Reda\u00e7\u00e3o\",\"image\":{\"@type\":\"ImageObject\",\"inLanguage\":\"pt-BR\",\"@id\":\"https:\\\/\\\/secure.gravatar.com\\\/avatar\\\/696d39935a657bf0fc95044dbc9f912520430a0eb6dd46c85dd97eb6483b249b?s=96&d=mm&r=g\",\"url\":\"https:\\\/\\\/secure.gravatar.com\\\/avatar\\\/696d39935a657bf0fc95044dbc9f912520430a0eb6dd46c85dd97eb6483b249b?s=96&d=mm&r=g\",\"contentUrl\":\"https:\\\/\\\/secure.gravatar.com\\\/avatar\\\/696d39935a657bf0fc95044dbc9f912520430a0eb6dd46c85dd97eb6483b249b?s=96&d=mm&r=g\",\"caption\":\"Da Reda\u00e7\u00e3o\"},\"url\":\"https:\\\/\\\/www.fatosefotosnews.com.br\\\/?author=5\"}]}<\/script>\n<!-- \/ Yoast SEO plugin. -->","yoast_head_json":{"title":"Sonho continental adiado: Cruzeiro perde final da Sul-Americana para o Racing","description":"Sonho continental adiado: Cruzeiro perde final da Sul-Americana para o Racing","robots":{"index":"index","follow":"follow","max-snippet":"max-snippet:-1","max-image-preview":"max-image-preview:large","max-video-preview":"max-video-preview:-1"},"canonical":"https:\/\/www.fatosefotosnews.com.br\/?p=109616","og_locale":"pt_BR","og_type":"article","og_title":"Sonho continental adiado: Cruzeiro perde final da Sul-Americana para o Racing","og_description":"Sonho continental adiado: Cruzeiro perde final da Sul-Americana para o Racing","og_url":"https:\/\/www.fatosefotosnews.com.br\/?p=109616","og_site_name":"Fatos e Fotos News","article_published_time":"2024-11-24T00:59:19+00:00","og_image":[{"width":1024,"height":583,"url":"https:\/\/www.fatosefotosnews.com.br\/wp-content\/uploads\/2024\/11\/79ccab293024731f17479f4b69d18a61.jpeg","type":"image\/jpeg"}],"author":"Da Reda\u00e7\u00e3o","twitter_card":"summary_large_image","twitter_misc":{"Escrito por":"Da Reda\u00e7\u00e3o","Est. tempo de leitura":"99 minutos"},"schema":{"@context":"https:\/\/schema.org","@graph":[{"@type":"Article","@id":"https:\/\/www.fatosefotosnews.com.br\/?p=109616#article","isPartOf":{"@id":"https:\/\/www.fatosefotosnews.com.br\/?p=109616"},"author":{"name":"Da Reda\u00e7\u00e3o","@id":"https:\/\/www.fatosefotosnews.com.br\/#\/schema\/person\/3b80f81d08670fb1f6690e07eb8b5dc6"},"headline":"Sonho continental adiado: Cruzeiro perde final da Sul-Americana para o Racing","datePublished":"2024-11-24T00:59:19+00:00","mainEntityOfPage":{"@id":"https:\/\/www.fatosefotosnews.com.br\/?p=109616"},"wordCount":497,"commentCount":0,"publisher":{"@id":"https:\/\/www.fatosefotosnews.com.br\/#organization"},"image":{"@id":"https:\/\/www.fatosefotosnews.com.br\/?p=109616#primaryimage"},"thumbnailUrl":"https:\/\/www.fatosefotosnews.com.br\/wp-content\/uploads\/2024\/11\/79ccab293024731f17479f4b69d18a61.jpeg","keywords":["adiado","americana","continental","cruzeiro","final","perde","sonho"],"articleSection":["Esporte"],"inLanguage":"pt-BR","potentialAction":[{"@type":"CommentAction","name":"Comment","target":["https:\/\/www.fatosefotosnews.com.br\/?p=109616#respond"]}]},{"@type":"WebPage","@id":"https:\/\/www.fatosefotosnews.com.br\/?p=109616","url":"https:\/\/www.fatosefotosnews.com.br\/?p=109616","name":"Sonho continental adiado: Cruzeiro perde final da Sul-Americana para o Racing","isPartOf":{"@id":"https:\/\/www.fatosefotosnews.com.br\/#website"},"primaryImageOfPage":{"@id":"https:\/\/www.fatosefotosnews.com.br\/?p=109616#primaryimage"},"image":{"@id":"https:\/\/www.fatosefotosnews.com.br\/?p=109616#primaryimage"},"thumbnailUrl":"https:\/\/www.fatosefotosnews.com.br\/wp-content\/uploads\/2024\/11\/79ccab293024731f17479f4b69d18a61.jpeg","datePublished":"2024-11-24T00:59:19+00:00","description":"Sonho continental adiado: Cruzeiro perde final da Sul-Americana para o Racing","breadcrumb":{"@id":"https:\/\/www.fatosefotosnews.com.br\/?p=109616#breadcrumb"},"inLanguage":"pt-BR","potentialAction":[{"@type":"ReadAction","target":["https:\/\/www.fatosefotosnews.com.br\/?p=109616"]}]},{"@type":"ImageObject","inLanguage":"pt-BR","@id":"https:\/\/www.fatosefotosnews.com.br\/?p=109616#primaryimage","url":"https:\/\/www.fatosefotosnews.com.br\/wp-content\/uploads\/2024\/11\/79ccab293024731f17479f4b69d18a61.jpeg","contentUrl":"https:\/\/www.fatosefotosnews.com.br\/wp-content\/uploads\/2024\/11\/79ccab293024731f17479f4b69d18a61.jpeg","width":1024,"height":583},{"@type":"BreadcrumbList","@id":"https:\/\/www.fatosefotosnews.com.br\/?p=109616#breadcrumb","itemListElement":[{"@type":"ListItem","position":1,"name":"In\u00edcio","item":"https:\/\/www.fatosefotosnews.com.br\/"},{"@type":"ListItem","position":2,"name":"Sonho continental adiado: Cruzeiro perde final da Sul-Americana para o Racing"}]},{"@type":"WebSite","@id":"https:\/\/www.fatosefotosnews.com.br\/#website","url":"https:\/\/www.fatosefotosnews.com.br\/","name":"Fatos e Fotos News","description":"Um site de noticial verdadeira e confi\u00e1veis.","publisher":{"@id":"https:\/\/www.fatosefotosnews.com.br\/#organization"},"potentialAction":[{"@type":"SearchAction","target":{"@type":"EntryPoint","urlTemplate":"https:\/\/www.fatosefotosnews.com.br\/?s={search_term_string}"},"query-input":{"@type":"PropertyValueSpecification","valueRequired":true,"valueName":"search_term_string"}}],"inLanguage":"pt-BR"},{"@type":"Organization","@id":"https:\/\/www.fatosefotosnews.com.br\/#organization","name":"Fatos e Fotos News","url":"https:\/\/www.fatosefotosnews.com.br\/","logo":{"@type":"ImageObject","inLanguage":"pt-BR","@id":"https:\/\/www.fatosefotosnews.com.br\/#\/schema\/logo\/image\/","url":"https:\/\/www.fatosefotosnews.com.br\/wp-content\/uploads\/2023\/02\/Fatos-e-Fotos-news-logo.png","contentUrl":"https:\/\/www.fatosefotosnews.com.br\/wp-content\/uploads\/2023\/02\/Fatos-e-Fotos-news-logo.png","width":300,"height":58,"caption":"Fatos e Fotos News"},"image":{"@id":"https:\/\/www.fatosefotosnews.com.br\/#\/schema\/logo\/image\/"}},{"@type":"Person","@id":"https:\/\/www.fatosefotosnews.com.br\/#\/schema\/person\/3b80f81d08670fb1f6690e07eb8b5dc6","name":"Da Reda\u00e7\u00e3o","image":{"@type":"ImageObject","inLanguage":"pt-BR","@id":"https:\/\/secure.gravatar.com\/avatar\/696d39935a657bf0fc95044dbc9f912520430a0eb6dd46c85dd97eb6483b249b?s=96&d=mm&r=g","url":"https:\/\/secure.gravatar.com\/avatar\/696d39935a657bf0fc95044dbc9f912520430a0eb6dd46c85dd97eb6483b249b?s=96&d=mm&r=g","contentUrl":"https:\/\/secure.gravatar.com\/avatar\/696d39935a657bf0fc95044dbc9f912520430a0eb6dd46c85dd97eb6483b249b?s=96&d=mm&r=g","caption":"Da Reda\u00e7\u00e3o"},"url":"https:\/\/www.fatosefotosnews.com.br\/?author=5"}]}},"jetpack_publicize_connections":[],"blog_post_layout_featured_media_urls":{"thumbnail":["https:\/\/www.fatosefotosnews.com.br\/wp-content\/uploads\/2024\/11\/79ccab293024731f17479f4b69d18a61-150x150.jpeg",150,150,true],"full":["https:\/\/www.fatosefotosnews.com.br\/wp-content\/uploads\/2024\/11\/79ccab293024731f17479f4b69d18a61.jpeg",1024,583,false]},"categories_names":{"5":{"name":"Esporte","link":"https:\/\/www.fatosefotosnews.com.br\/?cat=5"}},"tags_names":{"9413":{"name":"adiado","link":"https:\/\/www.fatosefotosnews.com.br\/?tag=adiado"},"6536":{"name":"americana","link":"https:\/\/www.fatosefotosnews.com.br\/?tag=americana"},"22968":{"name":"continental","link":"https:\/\/www.fatosefotosnews.com.br\/?tag=continental"},"1088":{"name":"cruzeiro","link":"https:\/\/www.fatosefotosnews.com.br\/?tag=cruzeiro"},"432":{"name":"final","link":"https:\/\/www.fatosefotosnews.com.br\/?tag=final"},"1623":{"name":"perde","link":"https:\/\/www.fatosefotosnews.com.br\/?tag=perde"},"6122":{"name":"sonho","link":"https:\/\/www.fatosefotosnews.com.br\/?tag=sonho"}},"comments_number":"0","wpmagazine_modules_lite_featured_media_urls":{"thumbnail":["https:\/\/www.fatosefotosnews.com.br\/wp-content\/uploads\/2024\/11\/79ccab293024731f17479f4b69d18a61-150x150.jpeg",150,150,true],"cvmm-medium":["https:\/\/www.fatosefotosnews.com.br\/wp-content\/uploads\/2024\/11\/79ccab293024731f17479f4b69d18a61-300x300.jpeg",300,300,true],"cvmm-medium-plus":["https:\/\/www.fatosefotosnews.com.br\/wp-content\/uploads\/2024\/11\/79ccab293024731f17479f4b69d18a61-305x207.jpeg",305,207,true],"cvmm-portrait":["https:\/\/www.fatosefotosnews.com.br\/wp-content\/uploads\/2024\/11\/79ccab293024731f17479f4b69d18a61-400x583.jpeg",400,583,true],"cvmm-medium-square":["https:\/\/www.fatosefotosnews.com.br\/wp-content\/uploads\/2024\/11\/79ccab293024731f17479f4b69d18a61-600x583.jpeg",600,583,true],"cvmm-large":["https:\/\/www.fatosefotosnews.com.br\/wp-content\/uploads\/2024\/11\/79ccab293024731f17479f4b69d18a61.jpeg",1024,583,false],"cvmm-small":["https:\/\/www.fatosefotosnews.com.br\/wp-content\/uploads\/2024\/11\/79ccab293024731f17479f4b69d18a61-130x95.jpeg",130,95,true],"full":["https:\/\/www.fatosefotosnews.com.br\/wp-content\/uploads\/2024\/11\/79ccab293024731f17479f4b69d18a61.jpeg",1024,583,false]},"_links":{"self":[{"href":"https:\/\/www.fatosefotosnews.com.br\/index.php?rest_route=\/wp\/v2\/posts\/109616","targetHints":{"allow":["GET"]}}],"collection":[{"href":"https:\/\/www.fatosefotosnews.com.br\/index.php?rest_route=\/wp\/v2\/posts"}],"about":[{"href":"https:\/\/www.fatosefotosnews.com.br\/index.php?rest_route=\/wp\/v2\/types\/post"}],"author":[{"embeddable":true,"href":"https:\/\/www.fatosefotosnews.com.br\/index.php?rest_route=\/wp\/v2\/users\/5"}],"replies":[{"embeddable":true,"href":"https:\/\/www.fatosefotosnews.com.br\/index.php?rest_route=%2Fwp%2Fv2%2Fcomments&post=109616"}],"version-history":[{"count":0,"href":"https:\/\/www.fatosefotosnews.com.br\/index.php?rest_route=\/wp\/v2\/posts\/109616\/revisions"}],"wp:featuredmedia":[{"embeddable":true,"href":"https:\/\/www.fatosefotosnews.com.br\/index.php?rest_route=\/wp\/v2\/media\/109617"}],"wp:attachment":[{"href":"https:\/\/www.fatosefotosnews.com.br\/index.php?rest_route=%2Fwp%2Fv2%2Fmedia&parent=109616"}],"wp:term":[{"taxonomy":"category","embeddable":true,"href":"https:\/\/www.fatosefotosnews.com.br\/index.php?rest_route=%2Fwp%2Fv2%2Fcategories&post=109616"},{"taxonomy":"post_tag","embeddable":true,"href":"https:\/\/www.fatosefotosnews.com.br\/index.php?rest_route=%2Fwp%2Fv2%2Ftags&post=109616"}],"curies":[{"name":"wp","href":"https:\/\/api.w.org\/{rel}","templated":true}]}}