{"id":110199,"date":"2024-12-06T11:54:29","date_gmt":"2024-12-06T14:54:29","guid":{"rendered":"https:\/\/www.fatosefotosnews.com.br\/?p=110199"},"modified":"2024-12-06T11:54:37","modified_gmt":"2024-12-06T14:54:37","slug":"voto-de-toffoli-responsabiliza-redes-por-conteudos-ilegais-de-usuarios","status":"publish","type":"post","link":"https:\/\/www.fatosefotosnews.com.br\/?p=110199","title":{"rendered":"Voto de Toffoli responsabiliza redes por conte\u00fados ilegais de usu\u00e1rios"},"content":{"rendered":"\n<p class=\"wp-block-paragraph\">O ministro do Supremo Tribunal Federal (STF) Dias Toffoli votou nesta quinta-feira (5) para responsabilizar as redes sociais pelos conte\u00fados ilegais postados pelos usu\u00e1rios. Toffoli \u00e9 relator de uma das a\u00e7\u00f5es que est\u00e3o sendo julgadas pela Corte.&nbsp;&nbsp;<img decoding=\"async\" src=\"https:\/\/agenciabrasil.ebc.com.br\/ebc.png?id=1622606&amp;o=node\"><img decoding=\"async\" src=\"https:\/\/agenciabrasil.ebc.com.br\/ebc.gif?id=1622606&amp;o=node\"><\/p>\n\n\n\n<p class=\"wp-block-paragraph\">Em sua manifesta\u00e7\u00e3o, Toffoli considerou inconstitucional a atual regra que rege a responsabiliza\u00e7\u00e3o civil das plataformas. Com o entendimento, as redes se tornam obrigadas&nbsp;a retirar o conte\u00fado ilegal de forma imediata, sem esperar por uma ordem judicial.&nbsp;<\/p>\n\n\n\n<p class=\"wp-block-paragraph\">Se mantiverem as postagens, podem ser responsabilizadas pela Justi\u00e7a pelos danos causados pela manuten\u00e7\u00e3o das mensagens de seus usu\u00e1rios. A possibilidade de puni\u00e7\u00e3o tamb\u00e9m vale para o impulsionamento de postagens ilegais e no caso de cria\u00e7\u00e3o de perfis falsos.&nbsp;<\/p>\n\n\n\n<p class=\"wp-block-paragraph\">O ministro definiu como ilegais postagens que envolvem crimes contra o Estado Democr\u00e1tico de Direito, terrorismo, suic\u00eddio, racismo, viol\u00eancia contra mulher, crian\u00e7as e adolescentes, infra\u00e7\u00e3o sanit\u00e1ria, tr\u00e1fico de pessoas, incita\u00e7\u00e3o de viol\u00eancia f\u00edsica e sexual, divulga\u00e7\u00e3o de fatos inver\u00eddicos e descontextualizados e divulga\u00e7\u00e3o de fatos notoriamente inver\u00eddicos que possam causar danos \u00e0s elei\u00e7\u00f5es.<\/p>\n\n\n\n<p class=\"wp-block-paragraph\">Toffoli entendeu que o&nbsp;<a href=\"http:\/\/agenciabrasil.ebc.com.br\/justica\/noticia\/2024-12\/toffoli-diz-que-trecho-do-marco-civil-da-internet-e-inconstitucional\">Artigo 19 do Marco Civil da Internet \u00e9 inconstitucional&nbsp;<\/a>e deu imunidade para as redes sociais. Dessa forma, segundo o ministro, deve ser aplicado de forma geral o Artigo 21, que previu a responsabilidade direta para os casos de danos \u00e0 intimidade, \u00e0 honra e \u00e0 vida privada.&nbsp;<\/p>\n\n\n\n<p class=\"wp-block-paragraph\">&#8220;N\u00e3o tem como n\u00e3o estabelecermos hip\u00f3teses de responsabilidade objetiva. O 8 de janeiro [atos golpistas] mostra isso, novembro passado [atentado do homem-bomba] mostra isso&#8221;, disse Toffoli.&nbsp;<\/p>\n\n\n\n<p class=\"wp-block-paragraph\">Pelo Artigo 19, &#8220;com o intuito de assegurar a liberdade de express\u00e3o e impedir a censura&#8221;, as plataformas s\u00f3 podem ser responsabilizadas pelas postagens de seus usu\u00e1rios se, ap\u00f3s ordem judicial, n\u00e3o tomarem provid\u00eancias para retirar o conte\u00fado.<\/p>\n\n\n\n<p class=\"wp-block-paragraph\">Em seu voto, Toffoli tamb\u00e9m definiu que as regras de retirada imediata de conte\u00fado n\u00e3o se aplicam aos provedores de servi\u00e7os de e-mail, aplicativos de reuni\u00f5es fechadas online e provedores de mensageria privada (quando n\u00e3o forem usados como redes sociais).&nbsp;<\/p>\n\n\n\n<p class=\"wp-block-paragraph\">No caso de plataformas de marketplace, a responsabiliza\u00e7\u00e3o direta e solid\u00e1ria com os anunciantes ocorrer\u00e1 no caso de venda de produtos proibidos, como TV box, medicamentos e agrot\u00f3xicos sem autoriza\u00e7\u00e3o legal.&nbsp;<\/p>\n\n\n\n<p class=\"wp-block-paragraph\">A retirada de conte\u00fado considerado ilegal antes de decis\u00e3o judicial n\u00e3o atinge blogs e sites jornal\u00edsticos.<\/p>\n\n\n\n<p class=\"wp-block-paragraph\">Pelo voto do relator, o cumprimento da decis\u00e3o da Corte ser\u00e1 acompanhado pelo Departamento de Acompanhamento da Internet no Brasil (DAI), \u00f3rg\u00e3o que ser\u00e1 criado e funcionar\u00e1 no Conselho Nacional de Justi\u00e7a (CNJ).&nbsp;<\/p>\n\n\n\n<p class=\"wp-block-paragraph\">O ministro tamb\u00e9m deu prazo de 18 meses para o Congresso aprovar uma lei para enfrentamento da viol\u00eancia digital e a desinforma\u00e7\u00e3o.&nbsp;<\/p>\n\n\n\n<p class=\"wp-block-paragraph\">Ap\u00f3s o voto do ministro, a sess\u00e3o foi suspensa e ser\u00e1 retomada na quarta-feira (11). Faltam os votos de dez ministros.&nbsp;<\/p>\n\n\n\n<h2 class=\"wp-block-heading\">Entenda<\/h2>\n\n\n\n<p class=\"wp-block-paragraph\">O plen\u00e1rio do STF julga dois processos que discutem a constitucionalidade do Artigo 19 do Marco Civil da Internet.<\/p>\n\n\n\n<p class=\"wp-block-paragraph\">Na a\u00e7\u00e3o relatada pelo ministro Dias Toffoli, o tribunal julga a validade da regra que exige ordem judicial pr\u00e9via para responsabiliza\u00e7\u00e3o dos provedores por atos il\u00edcitos. O caso trata de um recurso do Facebook para derrubar uma decis\u00e3o judicial que condenou a plataforma por danos morais pela cria\u00e7\u00e3o de um perfil falso de um usu\u00e1rio.<\/p>\n\n\n\n<p class=\"wp-block-paragraph\">No processo relatado pelo ministro Luiz Fux, o STF discute se uma empresa que hospeda um site na internet deve fiscalizar conte\u00fados ofensivos e retir\u00e1-los do ar sem interven\u00e7\u00e3o judicial. O recurso foi protocolado pelo Google.<\/p>\n\n\n\n<p class=\"wp-block-paragraph\">Na semana passada, nos primeiros dias do julgamento, representantes das redes sociais defenderam a manuten\u00e7\u00e3o da responsabilidade somente ap\u00f3s o descumprimento de decis\u00e3o judicial, como ocorre atualmente. As redes socais sustentaram que j\u00e1 realizam a retirada de conte\u00fados ilegais de forma extrajudicial e que o eventual monitoramento pr\u00e9vio configuraria censura.&nbsp;<\/p>\n\n\n\n<p class=\"wp-block-paragraph\">FONTE: <a href=\"https:\/\/agenciabrasil.ebc.com.br\/justica\/noticia\/2024-12\/voto-de-toffoli-responsabiliza-redes-por-conteudos-ilegais-de-usuarios\">Ag\u00eancia Brasil<\/a><\/p>\n","protected":false},"excerpt":{"rendered":"<p>Toffoli entendeu que o\u00a0Artigo 19 do Marco Civil da Internet \u00e9 inconstitucional\u00a0e deu imunidade para as redes sociais. Dessa forma, segundo o ministro, deve ser aplicado de forma geral o Artigo 21, que previu a responsabilidade direta para os casos de danos \u00e0 intimidade, \u00e0 honra e \u00e0 vida privada.\u00a0<\/p>\n","protected":false},"author":5,"featured_media":110227,"comment_status":"open","ping_status":"open","sticky":false,"template":"","format":"standard","meta":{"_acf_changed":false,"_angie_page":false,"_monsterinsights_skip_tracking":false,"_themeisle_gutenberg_block_has_review":false,"page_builder":"","footnotes":"","jetpack_publicize_message":"","jetpack_publicize_feature_enabled":true,"jetpack_social_post_already_shared":false,"jetpack_social_options":{"image_generator_settings":{"template":"highway","default_image_id":0,"font":"","enabled":false},"version":2}},"categories":[167],"tags":[179,24388,2294,7398,24441,210,8604],"class_list":["post-110199","post","type-post","status-publish","format-standard","has-post-thumbnail","hentry","category-geral","tag-brasil","tag-noticias-2","tag-politica-2","tag-redes-sociais","tag-regulamentacao","tag-stf","tag-toffoli"],"acf":[],"nelio_content":{"autoShareEndMode":"never","automationSources":{"useCustomSentences":false,"customSentences":[]},"efiAlt":"","efiUrl":"","followers":[],"highlights":[],"isAutoShareEnabled":true,"networkImageIds":[],"permalinkQueryArgs":[],"series":[],"suggestedReferences":[]},"yoast_head":"<!-- This site is optimized with the Yoast SEO plugin v28.3 - https:\/\/yoast.com\/product\/yoast-seo-wordpress\/ -->\n<title>Voto de Toffoli responsabiliza redes por conte\u00fados ilegais de usu\u00e1rios - Fatos e Fotos News<\/title>\n<meta name=\"robots\" content=\"index, follow, max-snippet:-1, max-image-preview:large, max-video-preview:-1\" \/>\n<link rel=\"canonical\" href=\"https:\/\/www.fatosefotosnews.com.br\/?p=110199\" \/>\n<meta property=\"og:locale\" content=\"pt_BR\" \/>\n<meta property=\"og:type\" content=\"article\" \/>\n<meta property=\"og:title\" content=\"Voto de Toffoli responsabiliza redes por conte\u00fados ilegais de usu\u00e1rios - Fatos e Fotos News\" \/>\n<meta property=\"og:description\" content=\"Toffoli entendeu que o\u00a0Artigo 19 do Marco Civil da Internet \u00e9 inconstitucional\u00a0e deu imunidade para as redes sociais. Dessa forma, segundo o ministro, deve ser aplicado de forma geral o Artigo 21, que previu a responsabilidade direta para os casos de danos \u00e0 intimidade, \u00e0 honra e \u00e0 vida privada.\u00a0\" \/>\n<meta property=\"og:url\" content=\"https:\/\/www.fatosefotosnews.com.br\/?p=110199\" \/>\n<meta property=\"og:site_name\" content=\"Fatos e Fotos News\" \/>\n<meta property=\"article:published_time\" content=\"2024-12-06T14:54:29+00:00\" \/>\n<meta property=\"article:modified_time\" content=\"2024-12-06T14:54:37+00:00\" \/>\n<meta property=\"og:image\" content=\"https:\/\/www.fatosefotosnews.com.br\/wp-content\/uploads\/2024\/12\/Voto-de-Toffoli-responsabiliza-redes-por-conteudos-ilegais-de-usuarios.jpg\" \/>\n\t<meta property=\"og:image:width\" content=\"960\" \/>\n\t<meta property=\"og:image:height\" content=\"540\" \/>\n\t<meta property=\"og:image:type\" content=\"image\/jpeg\" \/>\n<meta name=\"author\" content=\"Da Reda\u00e7\u00e3o\" \/>\n<meta name=\"twitter:card\" content=\"summary_large_image\" \/>\n<meta name=\"twitter:label1\" content=\"Escrito por\" \/>\n\t<meta name=\"twitter:data1\" content=\"Da Reda\u00e7\u00e3o\" \/>\n\t<meta name=\"twitter:label2\" content=\"Est. tempo de leitura\" \/>\n\t<meta name=\"twitter:data2\" content=\"3 minutos\" \/>\n<script type=\"application\/ld+json\" class=\"yoast-schema-graph\">{\"@context\":\"https:\\\/\\\/schema.org\",\"@graph\":[{\"@type\":\"Article\",\"@id\":\"https:\\\/\\\/www.fatosefotosnews.com.br\\\/?p=110199#article\",\"isPartOf\":{\"@id\":\"https:\\\/\\\/www.fatosefotosnews.com.br\\\/?p=110199\"},\"author\":{\"name\":\"Da Reda\u00e7\u00e3o\",\"@id\":\"https:\\\/\\\/www.fatosefotosnews.com.br\\\/#\\\/schema\\\/person\\\/3b80f81d08670fb1f6690e07eb8b5dc6\"},\"headline\":\"Voto de Toffoli responsabiliza redes por conte\u00fados ilegais de usu\u00e1rios\",\"datePublished\":\"2024-12-06T14:54:29+00:00\",\"dateModified\":\"2024-12-06T14:54:37+00:00\",\"mainEntityOfPage\":{\"@id\":\"https:\\\/\\\/www.fatosefotosnews.com.br\\\/?p=110199\"},\"wordCount\":700,\"commentCount\":0,\"publisher\":{\"@id\":\"https:\\\/\\\/www.fatosefotosnews.com.br\\\/#organization\"},\"image\":{\"@id\":\"https:\\\/\\\/www.fatosefotosnews.com.br\\\/?p=110199#primaryimage\"},\"thumbnailUrl\":\"https:\\\/\\\/www.fatosefotosnews.com.br\\\/wp-content\\\/uploads\\\/2024\\\/12\\\/Voto-de-Toffoli-responsabiliza-redes-por-conteudos-ilegais-de-usuarios.jpg\",\"keywords\":[\"Brasil\",\"not\u00edcias\",\"Pol\u00edtica\",\"Redes Sociais\",\"regulamenta\u00e7\u00e3o\",\"STF\",\"toffoli\"],\"articleSection\":[\"Geral\"],\"inLanguage\":\"pt-BR\",\"potentialAction\":[{\"@type\":\"CommentAction\",\"name\":\"Comment\",\"target\":[\"https:\\\/\\\/www.fatosefotosnews.com.br\\\/?p=110199#respond\"]}]},{\"@type\":\"WebPage\",\"@id\":\"https:\\\/\\\/www.fatosefotosnews.com.br\\\/?p=110199\",\"url\":\"https:\\\/\\\/www.fatosefotosnews.com.br\\\/?p=110199\",\"name\":\"Voto de Toffoli responsabiliza redes por conte\u00fados ilegais de usu\u00e1rios - Fatos e Fotos News\",\"isPartOf\":{\"@id\":\"https:\\\/\\\/www.fatosefotosnews.com.br\\\/#website\"},\"primaryImageOfPage\":{\"@id\":\"https:\\\/\\\/www.fatosefotosnews.com.br\\\/?p=110199#primaryimage\"},\"image\":{\"@id\":\"https:\\\/\\\/www.fatosefotosnews.com.br\\\/?p=110199#primaryimage\"},\"thumbnailUrl\":\"https:\\\/\\\/www.fatosefotosnews.com.br\\\/wp-content\\\/uploads\\\/2024\\\/12\\\/Voto-de-Toffoli-responsabiliza-redes-por-conteudos-ilegais-de-usuarios.jpg\",\"datePublished\":\"2024-12-06T14:54:29+00:00\",\"dateModified\":\"2024-12-06T14:54:37+00:00\",\"breadcrumb\":{\"@id\":\"https:\\\/\\\/www.fatosefotosnews.com.br\\\/?p=110199#breadcrumb\"},\"inLanguage\":\"pt-BR\",\"potentialAction\":[{\"@type\":\"ReadAction\",\"target\":[\"https:\\\/\\\/www.fatosefotosnews.com.br\\\/?p=110199\"]}]},{\"@type\":\"ImageObject\",\"inLanguage\":\"pt-BR\",\"@id\":\"https:\\\/\\\/www.fatosefotosnews.com.br\\\/?p=110199#primaryimage\",\"url\":\"https:\\\/\\\/www.fatosefotosnews.com.br\\\/wp-content\\\/uploads\\\/2024\\\/12\\\/Voto-de-Toffoli-responsabiliza-redes-por-conteudos-ilegais-de-usuarios.jpg\",\"contentUrl\":\"https:\\\/\\\/www.fatosefotosnews.com.br\\\/wp-content\\\/uploads\\\/2024\\\/12\\\/Voto-de-Toffoli-responsabiliza-redes-por-conteudos-ilegais-de-usuarios.jpg\",\"width\":960,\"height\":540},{\"@type\":\"BreadcrumbList\",\"@id\":\"https:\\\/\\\/www.fatosefotosnews.com.br\\\/?p=110199#breadcrumb\",\"itemListElement\":[{\"@type\":\"ListItem\",\"position\":1,\"name\":\"In\u00edcio\",\"item\":\"https:\\\/\\\/www.fatosefotosnews.com.br\\\/\"},{\"@type\":\"ListItem\",\"position\":2,\"name\":\"Voto de Toffoli responsabiliza redes por conte\u00fados ilegais de usu\u00e1rios\"}]},{\"@type\":\"WebSite\",\"@id\":\"https:\\\/\\\/www.fatosefotosnews.com.br\\\/#website\",\"url\":\"https:\\\/\\\/www.fatosefotosnews.com.br\\\/\",\"name\":\"Fatos e Fotos News\",\"description\":\"Um site de noticial verdadeira e confi\u00e1veis.\",\"publisher\":{\"@id\":\"https:\\\/\\\/www.fatosefotosnews.com.br\\\/#organization\"},\"potentialAction\":[{\"@type\":\"SearchAction\",\"target\":{\"@type\":\"EntryPoint\",\"urlTemplate\":\"https:\\\/\\\/www.fatosefotosnews.com.br\\\/?s={search_term_string}\"},\"query-input\":{\"@type\":\"PropertyValueSpecification\",\"valueRequired\":true,\"valueName\":\"search_term_string\"}}],\"inLanguage\":\"pt-BR\"},{\"@type\":\"Organization\",\"@id\":\"https:\\\/\\\/www.fatosefotosnews.com.br\\\/#organization\",\"name\":\"Fatos e Fotos News\",\"url\":\"https:\\\/\\\/www.fatosefotosnews.com.br\\\/\",\"logo\":{\"@type\":\"ImageObject\",\"inLanguage\":\"pt-BR\",\"@id\":\"https:\\\/\\\/www.fatosefotosnews.com.br\\\/#\\\/schema\\\/logo\\\/image\\\/\",\"url\":\"https:\\\/\\\/www.fatosefotosnews.com.br\\\/wp-content\\\/uploads\\\/2023\\\/02\\\/Fatos-e-Fotos-news-logo.png\",\"contentUrl\":\"https:\\\/\\\/www.fatosefotosnews.com.br\\\/wp-content\\\/uploads\\\/2023\\\/02\\\/Fatos-e-Fotos-news-logo.png\",\"width\":300,\"height\":58,\"caption\":\"Fatos e Fotos News\"},\"image\":{\"@id\":\"https:\\\/\\\/www.fatosefotosnews.com.br\\\/#\\\/schema\\\/logo\\\/image\\\/\"}},{\"@type\":\"Person\",\"@id\":\"https:\\\/\\\/www.fatosefotosnews.com.br\\\/#\\\/schema\\\/person\\\/3b80f81d08670fb1f6690e07eb8b5dc6\",\"name\":\"Da Reda\u00e7\u00e3o\",\"image\":{\"@type\":\"ImageObject\",\"inLanguage\":\"pt-BR\",\"@id\":\"https:\\\/\\\/secure.gravatar.com\\\/avatar\\\/696d39935a657bf0fc95044dbc9f912520430a0eb6dd46c85dd97eb6483b249b?s=96&d=mm&r=g\",\"url\":\"https:\\\/\\\/secure.gravatar.com\\\/avatar\\\/696d39935a657bf0fc95044dbc9f912520430a0eb6dd46c85dd97eb6483b249b?s=96&d=mm&r=g\",\"contentUrl\":\"https:\\\/\\\/secure.gravatar.com\\\/avatar\\\/696d39935a657bf0fc95044dbc9f912520430a0eb6dd46c85dd97eb6483b249b?s=96&d=mm&r=g\",\"caption\":\"Da Reda\u00e7\u00e3o\"},\"url\":\"https:\\\/\\\/www.fatosefotosnews.com.br\\\/?author=5\"}]}<\/script>\n<!-- \/ Yoast SEO plugin. -->","yoast_head_json":{"title":"Voto de Toffoli responsabiliza redes por conte\u00fados ilegais de usu\u00e1rios - Fatos e Fotos News","robots":{"index":"index","follow":"follow","max-snippet":"max-snippet:-1","max-image-preview":"max-image-preview:large","max-video-preview":"max-video-preview:-1"},"canonical":"https:\/\/www.fatosefotosnews.com.br\/?p=110199","og_locale":"pt_BR","og_type":"article","og_title":"Voto de Toffoli responsabiliza redes por conte\u00fados ilegais de usu\u00e1rios - Fatos e Fotos News","og_description":"Toffoli entendeu que o\u00a0Artigo 19 do Marco Civil da Internet \u00e9 inconstitucional\u00a0e deu imunidade para as redes sociais. Dessa forma, segundo o ministro, deve ser aplicado de forma geral o Artigo 21, que previu a responsabilidade direta para os casos de danos \u00e0 intimidade, \u00e0 honra e \u00e0 vida privada.\u00a0","og_url":"https:\/\/www.fatosefotosnews.com.br\/?p=110199","og_site_name":"Fatos e Fotos News","article_published_time":"2024-12-06T14:54:29+00:00","article_modified_time":"2024-12-06T14:54:37+00:00","og_image":[{"width":960,"height":540,"url":"https:\/\/www.fatosefotosnews.com.br\/wp-content\/uploads\/2024\/12\/Voto-de-Toffoli-responsabiliza-redes-por-conteudos-ilegais-de-usuarios.jpg","type":"image\/jpeg"}],"author":"Da Reda\u00e7\u00e3o","twitter_card":"summary_large_image","twitter_misc":{"Escrito por":"Da Reda\u00e7\u00e3o","Est. tempo de leitura":"3 minutos"},"schema":{"@context":"https:\/\/schema.org","@graph":[{"@type":"Article","@id":"https:\/\/www.fatosefotosnews.com.br\/?p=110199#article","isPartOf":{"@id":"https:\/\/www.fatosefotosnews.com.br\/?p=110199"},"author":{"name":"Da Reda\u00e7\u00e3o","@id":"https:\/\/www.fatosefotosnews.com.br\/#\/schema\/person\/3b80f81d08670fb1f6690e07eb8b5dc6"},"headline":"Voto de Toffoli responsabiliza redes por conte\u00fados ilegais de usu\u00e1rios","datePublished":"2024-12-06T14:54:29+00:00","dateModified":"2024-12-06T14:54:37+00:00","mainEntityOfPage":{"@id":"https:\/\/www.fatosefotosnews.com.br\/?p=110199"},"wordCount":700,"commentCount":0,"publisher":{"@id":"https:\/\/www.fatosefotosnews.com.br\/#organization"},"image":{"@id":"https:\/\/www.fatosefotosnews.com.br\/?p=110199#primaryimage"},"thumbnailUrl":"https:\/\/www.fatosefotosnews.com.br\/wp-content\/uploads\/2024\/12\/Voto-de-Toffoli-responsabiliza-redes-por-conteudos-ilegais-de-usuarios.jpg","keywords":["Brasil","not\u00edcias","Pol\u00edtica","Redes Sociais","regulamenta\u00e7\u00e3o","STF","toffoli"],"articleSection":["Geral"],"inLanguage":"pt-BR","potentialAction":[{"@type":"CommentAction","name":"Comment","target":["https:\/\/www.fatosefotosnews.com.br\/?p=110199#respond"]}]},{"@type":"WebPage","@id":"https:\/\/www.fatosefotosnews.com.br\/?p=110199","url":"https:\/\/www.fatosefotosnews.com.br\/?p=110199","name":"Voto de Toffoli responsabiliza redes por conte\u00fados ilegais de usu\u00e1rios - Fatos e Fotos News","isPartOf":{"@id":"https:\/\/www.fatosefotosnews.com.br\/#website"},"primaryImageOfPage":{"@id":"https:\/\/www.fatosefotosnews.com.br\/?p=110199#primaryimage"},"image":{"@id":"https:\/\/www.fatosefotosnews.com.br\/?p=110199#primaryimage"},"thumbnailUrl":"https:\/\/www.fatosefotosnews.com.br\/wp-content\/uploads\/2024\/12\/Voto-de-Toffoli-responsabiliza-redes-por-conteudos-ilegais-de-usuarios.jpg","datePublished":"2024-12-06T14:54:29+00:00","dateModified":"2024-12-06T14:54:37+00:00","breadcrumb":{"@id":"https:\/\/www.fatosefotosnews.com.br\/?p=110199#breadcrumb"},"inLanguage":"pt-BR","potentialAction":[{"@type":"ReadAction","target":["https:\/\/www.fatosefotosnews.com.br\/?p=110199"]}]},{"@type":"ImageObject","inLanguage":"pt-BR","@id":"https:\/\/www.fatosefotosnews.com.br\/?p=110199#primaryimage","url":"https:\/\/www.fatosefotosnews.com.br\/wp-content\/uploads\/2024\/12\/Voto-de-Toffoli-responsabiliza-redes-por-conteudos-ilegais-de-usuarios.jpg","contentUrl":"https:\/\/www.fatosefotosnews.com.br\/wp-content\/uploads\/2024\/12\/Voto-de-Toffoli-responsabiliza-redes-por-conteudos-ilegais-de-usuarios.jpg","width":960,"height":540},{"@type":"BreadcrumbList","@id":"https:\/\/www.fatosefotosnews.com.br\/?p=110199#breadcrumb","itemListElement":[{"@type":"ListItem","position":1,"name":"In\u00edcio","item":"https:\/\/www.fatosefotosnews.com.br\/"},{"@type":"ListItem","position":2,"name":"Voto de Toffoli responsabiliza redes por conte\u00fados ilegais de usu\u00e1rios"}]},{"@type":"WebSite","@id":"https:\/\/www.fatosefotosnews.com.br\/#website","url":"https:\/\/www.fatosefotosnews.com.br\/","name":"Fatos e Fotos News","description":"Um site de noticial verdadeira e confi\u00e1veis.","publisher":{"@id":"https:\/\/www.fatosefotosnews.com.br\/#organization"},"potentialAction":[{"@type":"SearchAction","target":{"@type":"EntryPoint","urlTemplate":"https:\/\/www.fatosefotosnews.com.br\/?s={search_term_string}"},"query-input":{"@type":"PropertyValueSpecification","valueRequired":true,"valueName":"search_term_string"}}],"inLanguage":"pt-BR"},{"@type":"Organization","@id":"https:\/\/www.fatosefotosnews.com.br\/#organization","name":"Fatos e Fotos News","url":"https:\/\/www.fatosefotosnews.com.br\/","logo":{"@type":"ImageObject","inLanguage":"pt-BR","@id":"https:\/\/www.fatosefotosnews.com.br\/#\/schema\/logo\/image\/","url":"https:\/\/www.fatosefotosnews.com.br\/wp-content\/uploads\/2023\/02\/Fatos-e-Fotos-news-logo.png","contentUrl":"https:\/\/www.fatosefotosnews.com.br\/wp-content\/uploads\/2023\/02\/Fatos-e-Fotos-news-logo.png","width":300,"height":58,"caption":"Fatos e Fotos News"},"image":{"@id":"https:\/\/www.fatosefotosnews.com.br\/#\/schema\/logo\/image\/"}},{"@type":"Person","@id":"https:\/\/www.fatosefotosnews.com.br\/#\/schema\/person\/3b80f81d08670fb1f6690e07eb8b5dc6","name":"Da Reda\u00e7\u00e3o","image":{"@type":"ImageObject","inLanguage":"pt-BR","@id":"https:\/\/secure.gravatar.com\/avatar\/696d39935a657bf0fc95044dbc9f912520430a0eb6dd46c85dd97eb6483b249b?s=96&d=mm&r=g","url":"https:\/\/secure.gravatar.com\/avatar\/696d39935a657bf0fc95044dbc9f912520430a0eb6dd46c85dd97eb6483b249b?s=96&d=mm&r=g","contentUrl":"https:\/\/secure.gravatar.com\/avatar\/696d39935a657bf0fc95044dbc9f912520430a0eb6dd46c85dd97eb6483b249b?s=96&d=mm&r=g","caption":"Da Reda\u00e7\u00e3o"},"url":"https:\/\/www.fatosefotosnews.com.br\/?author=5"}]}},"jetpack_publicize_connections":[],"blog_post_layout_featured_media_urls":{"thumbnail":["https:\/\/www.fatosefotosnews.com.br\/wp-content\/uploads\/2024\/12\/Voto-de-Toffoli-responsabiliza-redes-por-conteudos-ilegais-de-usuarios-150x150.jpg",150,150,true],"full":["https:\/\/www.fatosefotosnews.com.br\/wp-content\/uploads\/2024\/12\/Voto-de-Toffoli-responsabiliza-redes-por-conteudos-ilegais-de-usuarios.jpg",960,540,false]},"categories_names":{"167":{"name":"Geral","link":"https:\/\/www.fatosefotosnews.com.br\/?cat=167"}},"tags_names":{"179":{"name":"Brasil","link":"https:\/\/www.fatosefotosnews.com.br\/?tag=brasil"},"24388":{"name":"not\u00edcias","link":"https:\/\/www.fatosefotosnews.com.br\/?tag=noticias-2"},"2294":{"name":"Pol\u00edtica","link":"https:\/\/www.fatosefotosnews.com.br\/?tag=politica-2"},"7398":{"name":"Redes Sociais","link":"https:\/\/www.fatosefotosnews.com.br\/?tag=redes-sociais"},"24441":{"name":"regulamenta\u00e7\u00e3o","link":"https:\/\/www.fatosefotosnews.com.br\/?tag=regulamentacao"},"210":{"name":"STF","link":"https:\/\/www.fatosefotosnews.com.br\/?tag=stf"},"8604":{"name":"toffoli","link":"https:\/\/www.fatosefotosnews.com.br\/?tag=toffoli"}},"comments_number":"0","wpmagazine_modules_lite_featured_media_urls":{"thumbnail":["https:\/\/www.fatosefotosnews.com.br\/wp-content\/uploads\/2024\/12\/Voto-de-Toffoli-responsabiliza-redes-por-conteudos-ilegais-de-usuarios-150x150.jpg",150,150,true],"cvmm-medium":["https:\/\/www.fatosefotosnews.com.br\/wp-content\/uploads\/2024\/12\/Voto-de-Toffoli-responsabiliza-redes-por-conteudos-ilegais-de-usuarios-300x300.jpg",300,300,true],"cvmm-medium-plus":["https:\/\/www.fatosefotosnews.com.br\/wp-content\/uploads\/2024\/12\/Voto-de-Toffoli-responsabiliza-redes-por-conteudos-ilegais-de-usuarios-305x207.jpg",305,207,true],"cvmm-portrait":["https:\/\/www.fatosefotosnews.com.br\/wp-content\/uploads\/2024\/12\/Voto-de-Toffoli-responsabiliza-redes-por-conteudos-ilegais-de-usuarios-400x540.jpg",400,540,true],"cvmm-medium-square":["https:\/\/www.fatosefotosnews.com.br\/wp-content\/uploads\/2024\/12\/Voto-de-Toffoli-responsabiliza-redes-por-conteudos-ilegais-de-usuarios-600x540.jpg",600,540,true],"cvmm-large":["https:\/\/www.fatosefotosnews.com.br\/wp-content\/uploads\/2024\/12\/Voto-de-Toffoli-responsabiliza-redes-por-conteudos-ilegais-de-usuarios.jpg",960,540,false],"cvmm-small":["https:\/\/www.fatosefotosnews.com.br\/wp-content\/uploads\/2024\/12\/Voto-de-Toffoli-responsabiliza-redes-por-conteudos-ilegais-de-usuarios-130x95.jpg",130,95,true],"full":["https:\/\/www.fatosefotosnews.com.br\/wp-content\/uploads\/2024\/12\/Voto-de-Toffoli-responsabiliza-redes-por-conteudos-ilegais-de-usuarios.jpg",960,540,false]},"_links":{"self":[{"href":"https:\/\/www.fatosefotosnews.com.br\/index.php?rest_route=\/wp\/v2\/posts\/110199","targetHints":{"allow":["GET"]}}],"collection":[{"href":"https:\/\/www.fatosefotosnews.com.br\/index.php?rest_route=\/wp\/v2\/posts"}],"about":[{"href":"https:\/\/www.fatosefotosnews.com.br\/index.php?rest_route=\/wp\/v2\/types\/post"}],"author":[{"embeddable":true,"href":"https:\/\/www.fatosefotosnews.com.br\/index.php?rest_route=\/wp\/v2\/users\/5"}],"replies":[{"embeddable":true,"href":"https:\/\/www.fatosefotosnews.com.br\/index.php?rest_route=%2Fwp%2Fv2%2Fcomments&post=110199"}],"version-history":[{"count":1,"href":"https:\/\/www.fatosefotosnews.com.br\/index.php?rest_route=\/wp\/v2\/posts\/110199\/revisions"}],"predecessor-version":[{"id":110228,"href":"https:\/\/www.fatosefotosnews.com.br\/index.php?rest_route=\/wp\/v2\/posts\/110199\/revisions\/110228"}],"wp:featuredmedia":[{"embeddable":true,"href":"https:\/\/www.fatosefotosnews.com.br\/index.php?rest_route=\/wp\/v2\/media\/110227"}],"wp:attachment":[{"href":"https:\/\/www.fatosefotosnews.com.br\/index.php?rest_route=%2Fwp%2Fv2%2Fmedia&parent=110199"}],"wp:term":[{"taxonomy":"category","embeddable":true,"href":"https:\/\/www.fatosefotosnews.com.br\/index.php?rest_route=%2Fwp%2Fv2%2Fcategories&post=110199"},{"taxonomy":"post_tag","embeddable":true,"href":"https:\/\/www.fatosefotosnews.com.br\/index.php?rest_route=%2Fwp%2Fv2%2Ftags&post=110199"}],"curies":[{"name":"wp","href":"https:\/\/api.w.org\/{rel}","templated":true}]}}