{"id":110425,"date":"2024-12-10T18:50:12","date_gmt":"2024-12-10T21:50:12","guid":{"rendered":"https:\/\/www.fatosefotosnews.com.br\/?p=110425"},"modified":"2024-12-10T18:50:20","modified_gmt":"2024-12-10T21:50:20","slug":"senado-aprova-indicados-por-lula-para-a-diretoria-do-banco-central","status":"publish","type":"post","link":"https:\/\/www.fatosefotosnews.com.br\/?p=110425","title":{"rendered":"Senado aprova indicados por Lula para a diretoria do Banco Central"},"content":{"rendered":"\n<p class=\"wp-block-paragraph\">O plen\u00e1rio do do Senado aprovou, nesta ter\u00e7a-feira, as\u00a0tr\u00eas indica\u00e7\u00f5es do presidente Luiz In\u00e1cio Lula da Silva \u00e0 diretoria do Banco Central (BC). om a aprova\u00e7\u00e3o, os tr\u00eas tomar\u00e3o posse em 1\u00ba de janeiro. Eles foram sabatinados nesta ter\u00e7a-feira pela Comiss\u00e3o de Assuntos Econ\u00f4micos (CAE) da Casa e disseram ter compromisso com a principal miss\u00e3o da autoridade monet\u00e1ria, que \u00e9 o controle da infla\u00e7\u00e3o.<\/p>\n\n\n\n<p class=\"wp-block-paragraph\">A aprova\u00e7\u00e3o ocorreu em meio a expectativa de aumento da Taxa Selic. A maior parte das institui\u00e7\u00f5es financeiras avaliam que o Comit\u00ea de Pol\u00edtica Monet\u00e1ria (Copom), do BC, deve elevar a Selic em 0,75 ponto percentual amanh\u00e3, na \u00faltima reuni\u00e3o do ano \u2014 mas algumas j\u00e1 esperam alta de 1 ponto, o que levaria os juros dos atuais 11,25% a 12,25% ao ano.<\/p>\n\n\n\n<p class=\"wp-block-paragraph\"><strong>Os nomes aprovados at\u00e9 agora foram:<\/strong><\/p>\n\n\n\n<ul class=\"wp-block-list\">\n<li>Nilton David, na vaga de\u00a0Gabriel Gal\u00edpolo\u00a0(Pol\u00edtica Monet\u00e1ria), por 50 votos a 3.<\/li>\n\n\n\n<li>Izabela Correa, na vaga de Carolina de Assis Barros (Relacionamento, Cidadania e Supervis\u00e3o de Conduta), por 48 a 3.<\/li>\n\n\n\n<li>Gilneu Vivan, na vaga de Ot\u00e1vio Damaso (Regula\u00e7\u00e3o), por 53 a 3.<\/li>\n<\/ul>\n\n\n\n<p class=\"wp-block-paragraph\">Gabriel Gal\u00edpolo, atual diretor de Pol\u00edtica Monet\u00e1ria, j\u00e1 foi aprovado pelo Senado para assumir a presid\u00eancia do BC no lugar de\u00a0Roberto Campos Neto, que deixa o cargo no dia 31 de dezembro deste ano. Na mesma data, se encerram os mandatos de Damaso e Carolina Barros.<\/p>\n\n\n\n<p class=\"wp-block-paragraph\">Caso as indica\u00e7\u00f5es sejam aprovadas pelo plen\u00e1rio ainda neste ano, os indicados passar\u00e3o a exercer o cargo de diretor do Banco Central do Brasil a partir de 1\u00b0 de janeiro de 2025.<\/p>\n\n\n\n<p class=\"wp-block-paragraph\">FONTE: <a href=\"https:\/\/oglobo.globo.com\/economia\/noticia\/2024\/12\/10\/senado-aprova-indicados-por-lula-para-a-diretoria-do-banco-central.ghtml\">Jornal O Globo<\/a><\/p>\n","protected":false},"excerpt":{"rendered":"<p>O plen\u00e1rio do do Senado aprovou, nesta ter\u00e7a-feira, as\u00a0tr\u00eas indica\u00e7\u00f5es do presidente Luiz In\u00e1cio Lula da Silva \u00e0 diretoria do Banco Central (BC). om a aprova\u00e7\u00e3o, os tr\u00eas tomar\u00e3o posse em 1\u00ba de janeiro. Eles foram sabatinados nesta ter\u00e7a-feira pela Comiss\u00e3o de Assuntos Econ\u00f4micos (CAE) da Casa e disseram ter compromisso com a principal miss\u00e3o da autoridade monet\u00e1ria, que \u00e9 o controle da infla\u00e7\u00e3o.<\/p>\n","protected":false},"author":5,"featured_media":110426,"comment_status":"open","ping_status":"open","sticky":false,"template":"","format":"standard","meta":{"_acf_changed":false,"_angie_page":false,"_monsterinsights_skip_tracking":false,"_themeisle_gutenberg_block_has_review":false,"page_builder":"","footnotes":"","jetpack_publicize_message":"","jetpack_publicize_feature_enabled":true,"jetpack_social_post_already_shared":false,"jetpack_social_options":{"image_generator_settings":{"template":"highway","default_image_id":0,"font":"","enabled":false},"version":2}},"categories":[167],"tags":[331,179,2291,663,175,24388,2294,5127],"class_list":["post-110425","post","type-post","status-publish","format-standard","has-post-thumbnail","hentry","category-geral","tag-banco-central","tag-brasil","tag-economia","tag-governo","tag-lula","tag-noticias-2","tag-politica-2","tag-senado-federal"],"acf":[],"nelio_content":{"autoShareEndMode":"never","automationSources":{"useCustomSentences":false,"customSentences":[]},"efiAlt":"","efiUrl":"","followers":[],"highlights":[],"isAutoShareEnabled":true,"networkImageIds":[],"permalinkQueryArgs":[],"series":[],"suggestedReferences":[]},"yoast_head":"<!-- This site is optimized with the Yoast SEO plugin v28.3 - https:\/\/yoast.com\/product\/yoast-seo-wordpress\/ -->\n<title>Senado aprova indicados por Lula para a diretoria do Banco Central - Fatos e Fotos News<\/title>\n<meta name=\"robots\" content=\"index, follow, max-snippet:-1, max-image-preview:large, max-video-preview:-1\" \/>\n<link rel=\"canonical\" href=\"https:\/\/www.fatosefotosnews.com.br\/?p=110425\" \/>\n<meta property=\"og:locale\" content=\"pt_BR\" \/>\n<meta property=\"og:type\" content=\"article\" \/>\n<meta property=\"og:title\" content=\"Senado aprova indicados por Lula para a diretoria do Banco Central - Fatos e Fotos News\" \/>\n<meta property=\"og:description\" content=\"O plen\u00e1rio do do Senado aprovou, nesta ter\u00e7a-feira, as\u00a0tr\u00eas indica\u00e7\u00f5es do presidente Luiz In\u00e1cio Lula da Silva \u00e0 diretoria do Banco Central (BC). om a aprova\u00e7\u00e3o, os tr\u00eas tomar\u00e3o posse em 1\u00ba de janeiro. Eles foram sabatinados nesta ter\u00e7a-feira pela Comiss\u00e3o de Assuntos Econ\u00f4micos (CAE) da Casa e disseram ter compromisso com a principal miss\u00e3o da autoridade monet\u00e1ria, que \u00e9 o controle da infla\u00e7\u00e3o.\" \/>\n<meta property=\"og:url\" content=\"https:\/\/www.fatosefotosnews.com.br\/?p=110425\" \/>\n<meta property=\"og:site_name\" content=\"Fatos e Fotos News\" \/>\n<meta property=\"article:published_time\" content=\"2024-12-10T21:50:12+00:00\" \/>\n<meta property=\"article:modified_time\" content=\"2024-12-10T21:50:20+00:00\" \/>\n<meta property=\"og:image\" content=\"https:\/\/www.fatosefotosnews.com.br\/wp-content\/uploads\/2024\/12\/Senado-aprova-indicados-por-Lula-para-a-diretoria-do-Banco-Central.png\" \/>\n\t<meta property=\"og:image:width\" content=\"885\" \/>\n\t<meta property=\"og:image:height\" content=\"585\" \/>\n\t<meta property=\"og:image:type\" content=\"image\/png\" \/>\n<meta name=\"author\" content=\"Da Reda\u00e7\u00e3o\" \/>\n<meta name=\"twitter:card\" content=\"summary_large_image\" \/>\n<meta name=\"twitter:label1\" content=\"Escrito por\" \/>\n\t<meta name=\"twitter:data1\" content=\"Da Reda\u00e7\u00e3o\" \/>\n\t<meta name=\"twitter:label2\" content=\"Est. tempo de leitura\" \/>\n\t<meta name=\"twitter:data2\" content=\"1 minuto\" \/>\n<script type=\"application\/ld+json\" class=\"yoast-schema-graph\">{\"@context\":\"https:\\\/\\\/schema.org\",\"@graph\":[{\"@type\":\"Article\",\"@id\":\"https:\\\/\\\/www.fatosefotosnews.com.br\\\/?p=110425#article\",\"isPartOf\":{\"@id\":\"https:\\\/\\\/www.fatosefotosnews.com.br\\\/?p=110425\"},\"author\":{\"name\":\"Da Reda\u00e7\u00e3o\",\"@id\":\"https:\\\/\\\/www.fatosefotosnews.com.br\\\/#\\\/schema\\\/person\\\/3b80f81d08670fb1f6690e07eb8b5dc6\"},\"headline\":\"Senado aprova indicados por Lula para a diretoria do Banco Central\",\"datePublished\":\"2024-12-10T21:50:12+00:00\",\"dateModified\":\"2024-12-10T21:50:20+00:00\",\"mainEntityOfPage\":{\"@id\":\"https:\\\/\\\/www.fatosefotosnews.com.br\\\/?p=110425\"},\"wordCount\":288,\"commentCount\":0,\"publisher\":{\"@id\":\"https:\\\/\\\/www.fatosefotosnews.com.br\\\/#organization\"},\"image\":{\"@id\":\"https:\\\/\\\/www.fatosefotosnews.com.br\\\/?p=110425#primaryimage\"},\"thumbnailUrl\":\"https:\\\/\\\/www.fatosefotosnews.com.br\\\/wp-content\\\/uploads\\\/2024\\\/12\\\/Senado-aprova-indicados-por-Lula-para-a-diretoria-do-Banco-Central.png\",\"keywords\":[\"Banco Central\",\"Brasil\",\"Economia\",\"governo\",\"Lula\",\"not\u00edcias\",\"Pol\u00edtica\",\"Senado Federal\"],\"articleSection\":[\"Geral\"],\"inLanguage\":\"pt-BR\",\"potentialAction\":[{\"@type\":\"CommentAction\",\"name\":\"Comment\",\"target\":[\"https:\\\/\\\/www.fatosefotosnews.com.br\\\/?p=110425#respond\"]}]},{\"@type\":\"WebPage\",\"@id\":\"https:\\\/\\\/www.fatosefotosnews.com.br\\\/?p=110425\",\"url\":\"https:\\\/\\\/www.fatosefotosnews.com.br\\\/?p=110425\",\"name\":\"Senado aprova indicados por Lula para a diretoria do Banco Central - Fatos e Fotos News\",\"isPartOf\":{\"@id\":\"https:\\\/\\\/www.fatosefotosnews.com.br\\\/#website\"},\"primaryImageOfPage\":{\"@id\":\"https:\\\/\\\/www.fatosefotosnews.com.br\\\/?p=110425#primaryimage\"},\"image\":{\"@id\":\"https:\\\/\\\/www.fatosefotosnews.com.br\\\/?p=110425#primaryimage\"},\"thumbnailUrl\":\"https:\\\/\\\/www.fatosefotosnews.com.br\\\/wp-content\\\/uploads\\\/2024\\\/12\\\/Senado-aprova-indicados-por-Lula-para-a-diretoria-do-Banco-Central.png\",\"datePublished\":\"2024-12-10T21:50:12+00:00\",\"dateModified\":\"2024-12-10T21:50:20+00:00\",\"breadcrumb\":{\"@id\":\"https:\\\/\\\/www.fatosefotosnews.com.br\\\/?p=110425#breadcrumb\"},\"inLanguage\":\"pt-BR\",\"potentialAction\":[{\"@type\":\"ReadAction\",\"target\":[\"https:\\\/\\\/www.fatosefotosnews.com.br\\\/?p=110425\"]}]},{\"@type\":\"ImageObject\",\"inLanguage\":\"pt-BR\",\"@id\":\"https:\\\/\\\/www.fatosefotosnews.com.br\\\/?p=110425#primaryimage\",\"url\":\"https:\\\/\\\/www.fatosefotosnews.com.br\\\/wp-content\\\/uploads\\\/2024\\\/12\\\/Senado-aprova-indicados-por-Lula-para-a-diretoria-do-Banco-Central.png\",\"contentUrl\":\"https:\\\/\\\/www.fatosefotosnews.com.br\\\/wp-content\\\/uploads\\\/2024\\\/12\\\/Senado-aprova-indicados-por-Lula-para-a-diretoria-do-Banco-Central.png\",\"width\":885,\"height\":585},{\"@type\":\"BreadcrumbList\",\"@id\":\"https:\\\/\\\/www.fatosefotosnews.com.br\\\/?p=110425#breadcrumb\",\"itemListElement\":[{\"@type\":\"ListItem\",\"position\":1,\"name\":\"In\u00edcio\",\"item\":\"https:\\\/\\\/www.fatosefotosnews.com.br\\\/\"},{\"@type\":\"ListItem\",\"position\":2,\"name\":\"Senado aprova indicados por Lula para a diretoria do Banco Central\"}]},{\"@type\":\"WebSite\",\"@id\":\"https:\\\/\\\/www.fatosefotosnews.com.br\\\/#website\",\"url\":\"https:\\\/\\\/www.fatosefotosnews.com.br\\\/\",\"name\":\"Fatos e Fotos News\",\"description\":\"Um site de noticial verdadeira e confi\u00e1veis.\",\"publisher\":{\"@id\":\"https:\\\/\\\/www.fatosefotosnews.com.br\\\/#organization\"},\"potentialAction\":[{\"@type\":\"SearchAction\",\"target\":{\"@type\":\"EntryPoint\",\"urlTemplate\":\"https:\\\/\\\/www.fatosefotosnews.com.br\\\/?s={search_term_string}\"},\"query-input\":{\"@type\":\"PropertyValueSpecification\",\"valueRequired\":true,\"valueName\":\"search_term_string\"}}],\"inLanguage\":\"pt-BR\"},{\"@type\":\"Organization\",\"@id\":\"https:\\\/\\\/www.fatosefotosnews.com.br\\\/#organization\",\"name\":\"Fatos e Fotos News\",\"url\":\"https:\\\/\\\/www.fatosefotosnews.com.br\\\/\",\"logo\":{\"@type\":\"ImageObject\",\"inLanguage\":\"pt-BR\",\"@id\":\"https:\\\/\\\/www.fatosefotosnews.com.br\\\/#\\\/schema\\\/logo\\\/image\\\/\",\"url\":\"https:\\\/\\\/www.fatosefotosnews.com.br\\\/wp-content\\\/uploads\\\/2023\\\/02\\\/Fatos-e-Fotos-news-logo.png\",\"contentUrl\":\"https:\\\/\\\/www.fatosefotosnews.com.br\\\/wp-content\\\/uploads\\\/2023\\\/02\\\/Fatos-e-Fotos-news-logo.png\",\"width\":300,\"height\":58,\"caption\":\"Fatos e Fotos News\"},\"image\":{\"@id\":\"https:\\\/\\\/www.fatosefotosnews.com.br\\\/#\\\/schema\\\/logo\\\/image\\\/\"}},{\"@type\":\"Person\",\"@id\":\"https:\\\/\\\/www.fatosefotosnews.com.br\\\/#\\\/schema\\\/person\\\/3b80f81d08670fb1f6690e07eb8b5dc6\",\"name\":\"Da Reda\u00e7\u00e3o\",\"image\":{\"@type\":\"ImageObject\",\"inLanguage\":\"pt-BR\",\"@id\":\"https:\\\/\\\/secure.gravatar.com\\\/avatar\\\/696d39935a657bf0fc95044dbc9f912520430a0eb6dd46c85dd97eb6483b249b?s=96&d=mm&r=g\",\"url\":\"https:\\\/\\\/secure.gravatar.com\\\/avatar\\\/696d39935a657bf0fc95044dbc9f912520430a0eb6dd46c85dd97eb6483b249b?s=96&d=mm&r=g\",\"contentUrl\":\"https:\\\/\\\/secure.gravatar.com\\\/avatar\\\/696d39935a657bf0fc95044dbc9f912520430a0eb6dd46c85dd97eb6483b249b?s=96&d=mm&r=g\",\"caption\":\"Da Reda\u00e7\u00e3o\"},\"url\":\"https:\\\/\\\/www.fatosefotosnews.com.br\\\/?author=5\"}]}<\/script>\n<!-- \/ Yoast SEO plugin. -->","yoast_head_json":{"title":"Senado aprova indicados por Lula para a diretoria do Banco Central - Fatos e Fotos News","robots":{"index":"index","follow":"follow","max-snippet":"max-snippet:-1","max-image-preview":"max-image-preview:large","max-video-preview":"max-video-preview:-1"},"canonical":"https:\/\/www.fatosefotosnews.com.br\/?p=110425","og_locale":"pt_BR","og_type":"article","og_title":"Senado aprova indicados por Lula para a diretoria do Banco Central - Fatos e Fotos News","og_description":"O plen\u00e1rio do do Senado aprovou, nesta ter\u00e7a-feira, as\u00a0tr\u00eas indica\u00e7\u00f5es do presidente Luiz In\u00e1cio Lula da Silva \u00e0 diretoria do Banco Central (BC). om a aprova\u00e7\u00e3o, os tr\u00eas tomar\u00e3o posse em 1\u00ba de janeiro. Eles foram sabatinados nesta ter\u00e7a-feira pela Comiss\u00e3o de Assuntos Econ\u00f4micos (CAE) da Casa e disseram ter compromisso com a principal miss\u00e3o da autoridade monet\u00e1ria, que \u00e9 o controle da infla\u00e7\u00e3o.","og_url":"https:\/\/www.fatosefotosnews.com.br\/?p=110425","og_site_name":"Fatos e Fotos News","article_published_time":"2024-12-10T21:50:12+00:00","article_modified_time":"2024-12-10T21:50:20+00:00","og_image":[{"width":885,"height":585,"url":"https:\/\/www.fatosefotosnews.com.br\/wp-content\/uploads\/2024\/12\/Senado-aprova-indicados-por-Lula-para-a-diretoria-do-Banco-Central.png","type":"image\/png"}],"author":"Da Reda\u00e7\u00e3o","twitter_card":"summary_large_image","twitter_misc":{"Escrito por":"Da Reda\u00e7\u00e3o","Est. tempo de leitura":"1 minuto"},"schema":{"@context":"https:\/\/schema.org","@graph":[{"@type":"Article","@id":"https:\/\/www.fatosefotosnews.com.br\/?p=110425#article","isPartOf":{"@id":"https:\/\/www.fatosefotosnews.com.br\/?p=110425"},"author":{"name":"Da Reda\u00e7\u00e3o","@id":"https:\/\/www.fatosefotosnews.com.br\/#\/schema\/person\/3b80f81d08670fb1f6690e07eb8b5dc6"},"headline":"Senado aprova indicados por Lula para a diretoria do Banco Central","datePublished":"2024-12-10T21:50:12+00:00","dateModified":"2024-12-10T21:50:20+00:00","mainEntityOfPage":{"@id":"https:\/\/www.fatosefotosnews.com.br\/?p=110425"},"wordCount":288,"commentCount":0,"publisher":{"@id":"https:\/\/www.fatosefotosnews.com.br\/#organization"},"image":{"@id":"https:\/\/www.fatosefotosnews.com.br\/?p=110425#primaryimage"},"thumbnailUrl":"https:\/\/www.fatosefotosnews.com.br\/wp-content\/uploads\/2024\/12\/Senado-aprova-indicados-por-Lula-para-a-diretoria-do-Banco-Central.png","keywords":["Banco Central","Brasil","Economia","governo","Lula","not\u00edcias","Pol\u00edtica","Senado Federal"],"articleSection":["Geral"],"inLanguage":"pt-BR","potentialAction":[{"@type":"CommentAction","name":"Comment","target":["https:\/\/www.fatosefotosnews.com.br\/?p=110425#respond"]}]},{"@type":"WebPage","@id":"https:\/\/www.fatosefotosnews.com.br\/?p=110425","url":"https:\/\/www.fatosefotosnews.com.br\/?p=110425","name":"Senado aprova indicados por Lula para a diretoria do Banco Central - Fatos e Fotos News","isPartOf":{"@id":"https:\/\/www.fatosefotosnews.com.br\/#website"},"primaryImageOfPage":{"@id":"https:\/\/www.fatosefotosnews.com.br\/?p=110425#primaryimage"},"image":{"@id":"https:\/\/www.fatosefotosnews.com.br\/?p=110425#primaryimage"},"thumbnailUrl":"https:\/\/www.fatosefotosnews.com.br\/wp-content\/uploads\/2024\/12\/Senado-aprova-indicados-por-Lula-para-a-diretoria-do-Banco-Central.png","datePublished":"2024-12-10T21:50:12+00:00","dateModified":"2024-12-10T21:50:20+00:00","breadcrumb":{"@id":"https:\/\/www.fatosefotosnews.com.br\/?p=110425#breadcrumb"},"inLanguage":"pt-BR","potentialAction":[{"@type":"ReadAction","target":["https:\/\/www.fatosefotosnews.com.br\/?p=110425"]}]},{"@type":"ImageObject","inLanguage":"pt-BR","@id":"https:\/\/www.fatosefotosnews.com.br\/?p=110425#primaryimage","url":"https:\/\/www.fatosefotosnews.com.br\/wp-content\/uploads\/2024\/12\/Senado-aprova-indicados-por-Lula-para-a-diretoria-do-Banco-Central.png","contentUrl":"https:\/\/www.fatosefotosnews.com.br\/wp-content\/uploads\/2024\/12\/Senado-aprova-indicados-por-Lula-para-a-diretoria-do-Banco-Central.png","width":885,"height":585},{"@type":"BreadcrumbList","@id":"https:\/\/www.fatosefotosnews.com.br\/?p=110425#breadcrumb","itemListElement":[{"@type":"ListItem","position":1,"name":"In\u00edcio","item":"https:\/\/www.fatosefotosnews.com.br\/"},{"@type":"ListItem","position":2,"name":"Senado aprova indicados por Lula para a diretoria do Banco Central"}]},{"@type":"WebSite","@id":"https:\/\/www.fatosefotosnews.com.br\/#website","url":"https:\/\/www.fatosefotosnews.com.br\/","name":"Fatos e Fotos News","description":"Um site de noticial verdadeira e confi\u00e1veis.","publisher":{"@id":"https:\/\/www.fatosefotosnews.com.br\/#organization"},"potentialAction":[{"@type":"SearchAction","target":{"@type":"EntryPoint","urlTemplate":"https:\/\/www.fatosefotosnews.com.br\/?s={search_term_string}"},"query-input":{"@type":"PropertyValueSpecification","valueRequired":true,"valueName":"search_term_string"}}],"inLanguage":"pt-BR"},{"@type":"Organization","@id":"https:\/\/www.fatosefotosnews.com.br\/#organization","name":"Fatos e Fotos News","url":"https:\/\/www.fatosefotosnews.com.br\/","logo":{"@type":"ImageObject","inLanguage":"pt-BR","@id":"https:\/\/www.fatosefotosnews.com.br\/#\/schema\/logo\/image\/","url":"https:\/\/www.fatosefotosnews.com.br\/wp-content\/uploads\/2023\/02\/Fatos-e-Fotos-news-logo.png","contentUrl":"https:\/\/www.fatosefotosnews.com.br\/wp-content\/uploads\/2023\/02\/Fatos-e-Fotos-news-logo.png","width":300,"height":58,"caption":"Fatos e Fotos News"},"image":{"@id":"https:\/\/www.fatosefotosnews.com.br\/#\/schema\/logo\/image\/"}},{"@type":"Person","@id":"https:\/\/www.fatosefotosnews.com.br\/#\/schema\/person\/3b80f81d08670fb1f6690e07eb8b5dc6","name":"Da Reda\u00e7\u00e3o","image":{"@type":"ImageObject","inLanguage":"pt-BR","@id":"https:\/\/secure.gravatar.com\/avatar\/696d39935a657bf0fc95044dbc9f912520430a0eb6dd46c85dd97eb6483b249b?s=96&d=mm&r=g","url":"https:\/\/secure.gravatar.com\/avatar\/696d39935a657bf0fc95044dbc9f912520430a0eb6dd46c85dd97eb6483b249b?s=96&d=mm&r=g","contentUrl":"https:\/\/secure.gravatar.com\/avatar\/696d39935a657bf0fc95044dbc9f912520430a0eb6dd46c85dd97eb6483b249b?s=96&d=mm&r=g","caption":"Da Reda\u00e7\u00e3o"},"url":"https:\/\/www.fatosefotosnews.com.br\/?author=5"}]}},"jetpack_publicize_connections":[],"blog_post_layout_featured_media_urls":{"thumbnail":["https:\/\/www.fatosefotosnews.com.br\/wp-content\/uploads\/2024\/12\/Senado-aprova-indicados-por-Lula-para-a-diretoria-do-Banco-Central-150x150.png",150,150,true],"full":["https:\/\/www.fatosefotosnews.com.br\/wp-content\/uploads\/2024\/12\/Senado-aprova-indicados-por-Lula-para-a-diretoria-do-Banco-Central.png",885,585,false]},"categories_names":{"167":{"name":"Geral","link":"https:\/\/www.fatosefotosnews.com.br\/?cat=167"}},"tags_names":{"331":{"name":"Banco Central","link":"https:\/\/www.fatosefotosnews.com.br\/?tag=banco-central"},"179":{"name":"Brasil","link":"https:\/\/www.fatosefotosnews.com.br\/?tag=brasil"},"2291":{"name":"Economia","link":"https:\/\/www.fatosefotosnews.com.br\/?tag=economia"},"663":{"name":"governo","link":"https:\/\/www.fatosefotosnews.com.br\/?tag=governo"},"175":{"name":"Lula","link":"https:\/\/www.fatosefotosnews.com.br\/?tag=lula"},"24388":{"name":"not\u00edcias","link":"https:\/\/www.fatosefotosnews.com.br\/?tag=noticias-2"},"2294":{"name":"Pol\u00edtica","link":"https:\/\/www.fatosefotosnews.com.br\/?tag=politica-2"},"5127":{"name":"Senado Federal","link":"https:\/\/www.fatosefotosnews.com.br\/?tag=senado-federal"}},"comments_number":"0","wpmagazine_modules_lite_featured_media_urls":{"thumbnail":["https:\/\/www.fatosefotosnews.com.br\/wp-content\/uploads\/2024\/12\/Senado-aprova-indicados-por-Lula-para-a-diretoria-do-Banco-Central-150x150.png",150,150,true],"cvmm-medium":["https:\/\/www.fatosefotosnews.com.br\/wp-content\/uploads\/2024\/12\/Senado-aprova-indicados-por-Lula-para-a-diretoria-do-Banco-Central-300x300.png",300,300,true],"cvmm-medium-plus":["https:\/\/www.fatosefotosnews.com.br\/wp-content\/uploads\/2024\/12\/Senado-aprova-indicados-por-Lula-para-a-diretoria-do-Banco-Central-305x207.png",305,207,true],"cvmm-portrait":["https:\/\/www.fatosefotosnews.com.br\/wp-content\/uploads\/2024\/12\/Senado-aprova-indicados-por-Lula-para-a-diretoria-do-Banco-Central-400x585.png",400,585,true],"cvmm-medium-square":["https:\/\/www.fatosefotosnews.com.br\/wp-content\/uploads\/2024\/12\/Senado-aprova-indicados-por-Lula-para-a-diretoria-do-Banco-Central-600x585.png",600,585,true],"cvmm-large":["https:\/\/www.fatosefotosnews.com.br\/wp-content\/uploads\/2024\/12\/Senado-aprova-indicados-por-Lula-para-a-diretoria-do-Banco-Central.png",885,585,false],"cvmm-small":["https:\/\/www.fatosefotosnews.com.br\/wp-content\/uploads\/2024\/12\/Senado-aprova-indicados-por-Lula-para-a-diretoria-do-Banco-Central-130x95.png",130,95,true],"full":["https:\/\/www.fatosefotosnews.com.br\/wp-content\/uploads\/2024\/12\/Senado-aprova-indicados-por-Lula-para-a-diretoria-do-Banco-Central.png",885,585,false]},"_links":{"self":[{"href":"https:\/\/www.fatosefotosnews.com.br\/index.php?rest_route=\/wp\/v2\/posts\/110425","targetHints":{"allow":["GET"]}}],"collection":[{"href":"https:\/\/www.fatosefotosnews.com.br\/index.php?rest_route=\/wp\/v2\/posts"}],"about":[{"href":"https:\/\/www.fatosefotosnews.com.br\/index.php?rest_route=\/wp\/v2\/types\/post"}],"author":[{"embeddable":true,"href":"https:\/\/www.fatosefotosnews.com.br\/index.php?rest_route=\/wp\/v2\/users\/5"}],"replies":[{"embeddable":true,"href":"https:\/\/www.fatosefotosnews.com.br\/index.php?rest_route=%2Fwp%2Fv2%2Fcomments&post=110425"}],"version-history":[{"count":1,"href":"https:\/\/www.fatosefotosnews.com.br\/index.php?rest_route=\/wp\/v2\/posts\/110425\/revisions"}],"predecessor-version":[{"id":110427,"href":"https:\/\/www.fatosefotosnews.com.br\/index.php?rest_route=\/wp\/v2\/posts\/110425\/revisions\/110427"}],"wp:featuredmedia":[{"embeddable":true,"href":"https:\/\/www.fatosefotosnews.com.br\/index.php?rest_route=\/wp\/v2\/media\/110426"}],"wp:attachment":[{"href":"https:\/\/www.fatosefotosnews.com.br\/index.php?rest_route=%2Fwp%2Fv2%2Fmedia&parent=110425"}],"wp:term":[{"taxonomy":"category","embeddable":true,"href":"https:\/\/www.fatosefotosnews.com.br\/index.php?rest_route=%2Fwp%2Fv2%2Fcategories&post=110425"},{"taxonomy":"post_tag","embeddable":true,"href":"https:\/\/www.fatosefotosnews.com.br\/index.php?rest_route=%2Fwp%2Fv2%2Ftags&post=110425"}],"curies":[{"name":"wp","href":"https:\/\/api.w.org\/{rel}","templated":true}]}}