{"id":112409,"date":"2025-01-13T08:03:29","date_gmt":"2025-01-13T11:03:29","guid":{"rendered":"https:\/\/www.fatosefotosnews.com.br\/?p=112409"},"modified":"2025-01-13T08:03:29","modified_gmt":"2025-01-13T11:03:29","slug":"morre-advogado-marcello-lavenere-que-pediu-impeachment-de-collor","status":"publish","type":"post","link":"https:\/\/www.fatosefotosnews.com.br\/?p=112409","title":{"rendered":"Morre advogado Marcello Laven\u00e8re, que pediu impeachment de Collor"},"content":{"rendered":"<div class=\"header-noticia full-width\">\n<h1 class=\"titulo-materia\"><\/h1>\n<h2 class=\"linha-fina-noticia\">Jurista tinha 86 anos e foi presidente do Conselho Federal da OAB<\/h2>\n<\/div>\n<div id=\"block-tts-block-tts\" class=\"block block-tts\">\n<div class=\"content\">\n<div id=\"tts-container\" class=\"container-audio rel-position\">\n<div class=\"title abs-position\">Foto: Lula Marques<\/div>\n<\/div>\n<\/div>\n<\/div>\n<div class=\"conteudo-noticia\">\n<p>O advogado alagoano Marcello Laven\u00e8re Machado, de 86 anos, morreu, neste domingo (12), em Bras\u00edlia (DF). Ele se tornou nacionalmente conhecido por ter, como presidente do Conselho Federal da Ordem dos Advogados do Brasil (OAB), assinado o pedido de impeachment do ex-presidente Fernando Collor de Mello, em 1992.<img decoding=\"async\" src=\"https:\/\/agenciabrasil.ebc.com.br\/ebc.png?id=1626620&amp;o=node\" \/><img decoding=\"async\" src=\"https:\/\/agenciabrasil.ebc.com.br\/ebc.gif?id=1626620&amp;o=node\" \/><\/p>\n<p>Confira os\u00a0<a href=\"https:\/\/www2.senado.leg.br\/bdsf\/item\/id\/518943\" target=\"_blank\" rel=\"noopener\">documentos do pedido<\/a>\u00a0de impeachment.<\/p>\n<p>Em notas de pesar, seccionais da Ordem dos Advogados do Brasil destacaram o papel de Laven\u00e8re na defesa da democracia, da justi\u00e7a social e dos direitos humanos. O jurista era natural de Macei\u00f3 e se tornou membro vital\u00edcio do Conselho Federal da OAB.<\/p>\n<h2>Contra a ditadura<\/h2>\n<p>O advogado foi presidente da Comiss\u00e3o de Anistia do Minist\u00e9rio da Justi\u00e7a, entre 2003 e 2007, onde se dedicou \u00e0 an\u00e1lise das repara\u00e7\u00f5es \u00e0s v\u00edtimas da ditadura militar, em atua\u00e7\u00e3o pelos direitos dos perseguidos pol\u00edticos.<\/p>\n<p>Em nota publicada no X, o presidente Luiz In\u00e1cio Lula da Silva destacou o legado do jurista que foi &#8220;sempre atuante na defesa da democracia e da justi\u00e7a social&#8221;, al\u00e9m de ter se dedicado &#8220;\u00e0 luta pela repara\u00e7\u00e3o \u00e0s v\u00edtimas da ditadura&#8221;.<\/p>\n<p>Lula transmitiu sentimentos e solidariedade aos familiares, amigos, colegas e admiradores do advogado, que tamb\u00e9m foi membro da Comiss\u00e3o de Justi\u00e7a e Paz da Confer\u00eancia Nacional dos Bispos do Brasil.<\/p>\n<p>No \u00e2mbito acad\u00eamico, Laven\u00e8re foi professor na Universidade Federal de Alagoas (Ufal), na Universidade de Bras\u00edlia (UnB) e na Escola Superior do Minist\u00e9rio P\u00fablico.<\/p>\n<p>Ele deixa esposa, 6 filhos, 15 netos e 7 bisnetos. O vel\u00f3rio e crema\u00e7\u00e3o ser\u00e3o realizados na segunda-feira (13), em Bras\u00edlia.<\/p>\n<\/div>\n","protected":false},"excerpt":{"rendered":"<p>O advogado alagoano Marcello Laven\u00e8re Machado, de 86 anos, morreu, neste domingo (12), em Bras\u00edlia (DF).<\/p>\n","protected":false},"author":1,"featured_media":112410,"comment_status":"open","ping_status":"open","sticky":false,"template":"","format":"standard","meta":{"_acf_changed":false,"_angie_page":false,"_monsterinsights_skip_tracking":false,"_themeisle_gutenberg_block_has_review":false,"page_builder":"","footnotes":"","jetpack_publicize_message":"","jetpack_publicize_feature_enabled":true,"jetpack_social_post_already_shared":true,"jetpack_social_options":{"image_generator_settings":{"template":"highway","default_image_id":0,"font":"","enabled":false},"version":2}},"categories":[167,2],"tags":[9553,6754,3989,175,2063],"class_list":["post-112409","post","type-post","status-publish","format-standard","has-post-thumbnail","hentry","category-geral","category-politica","tag-collor","tag-direitos-humanos","tag-impeachment","tag-lula","tag-oab"],"acf":[],"nelio_content":{"autoShareEndMode":"never","automationSources":{"useCustomSentences":false,"customSentences":[]},"efiAlt":"","efiUrl":"","followers":[4,1],"highlights":[],"isAutoShareEnabled":true,"networkImageIds":[],"permalinkQueryArgs":[],"series":[],"suggestedReferences":[]},"yoast_head":"<!-- This site is optimized with the Yoast SEO plugin v28.3 - https:\/\/yoast.com\/product\/yoast-seo-wordpress\/ -->\n<title>Morre advogado Marcello Laven\u00e8re, que pediu impeachment de Collor - Fatos e Fotos News<\/title>\n<meta name=\"description\" content=\"O advogado alagoano Marcello Laven\u00e8re Machado, de 86 anos, morreu, neste domingo (12), em Bras\u00edlia (DF).\" \/>\n<meta name=\"robots\" content=\"index, follow, max-snippet:-1, max-image-preview:large, max-video-preview:-1\" \/>\n<link rel=\"canonical\" href=\"https:\/\/www.fatosefotosnews.com.br\/?p=112409\" \/>\n<meta property=\"og:locale\" content=\"pt_BR\" \/>\n<meta property=\"og:type\" content=\"article\" \/>\n<meta property=\"og:title\" content=\"Morre advogado Marcello Laven\u00e8re, que pediu impeachment de Collor - Fatos e Fotos News\" \/>\n<meta property=\"og:description\" content=\"O advogado alagoano Marcello Laven\u00e8re Machado, de 86 anos, morreu, neste domingo (12), em Bras\u00edlia (DF).\" \/>\n<meta property=\"og:url\" content=\"https:\/\/www.fatosefotosnews.com.br\/?p=112409\" \/>\n<meta property=\"og:site_name\" content=\"Fatos e Fotos News\" \/>\n<meta property=\"article:published_time\" content=\"2025-01-13T11:03:29+00:00\" \/>\n<meta property=\"og:image\" content=\"https:\/\/www.fatosefotosnews.com.br\/wp-content\/uploads\/2025\/01\/cms-image-000482766_0.webp\" \/>\n\t<meta property=\"og:image:width\" content=\"1170\" \/>\n\t<meta property=\"og:image:height\" content=\"700\" \/>\n\t<meta property=\"og:image:type\" content=\"image\/webp\" \/>\n<meta name=\"author\" content=\"fatosefotosnews\" \/>\n<meta name=\"twitter:card\" content=\"summary_large_image\" \/>\n<meta name=\"twitter:label1\" content=\"Escrito por\" \/>\n\t<meta name=\"twitter:data1\" content=\"fatosefotosnews\" \/>\n\t<meta name=\"twitter:label2\" content=\"Est. tempo de leitura\" \/>\n\t<meta name=\"twitter:data2\" content=\"3 minutos\" \/>\n<script type=\"application\/ld+json\" class=\"yoast-schema-graph\">{\"@context\":\"https:\\\/\\\/schema.org\",\"@graph\":[{\"@type\":\"Article\",\"@id\":\"https:\\\/\\\/www.fatosefotosnews.com.br\\\/?p=112409#article\",\"isPartOf\":{\"@id\":\"https:\\\/\\\/www.fatosefotosnews.com.br\\\/?p=112409\"},\"author\":{\"name\":\"fatosefotosnews\",\"@id\":\"https:\\\/\\\/www.fatosefotosnews.com.br\\\/#\\\/schema\\\/person\\\/70ccaf82072edcbc921e1c3ca2259803\"},\"headline\":\"Morre advogado Marcello Laven\u00e8re, que pediu impeachment de Collor\",\"datePublished\":\"2025-01-13T11:03:29+00:00\",\"mainEntityOfPage\":{\"@id\":\"https:\\\/\\\/www.fatosefotosnews.com.br\\\/?p=112409\"},\"wordCount\":297,\"commentCount\":0,\"publisher\":{\"@id\":\"https:\\\/\\\/www.fatosefotosnews.com.br\\\/#organization\"},\"image\":{\"@id\":\"https:\\\/\\\/www.fatosefotosnews.com.br\\\/?p=112409#primaryimage\"},\"thumbnailUrl\":\"https:\\\/\\\/www.fatosefotosnews.com.br\\\/wp-content\\\/uploads\\\/2025\\\/01\\\/cms-image-000482766_0.webp\",\"keywords\":[\"Collor\",\"Direitos Humanos\",\"impeachment\",\"Lula\",\"OAB\"],\"articleSection\":[\"Geral\",\"Pol\u00edtica\"],\"inLanguage\":\"pt-BR\",\"potentialAction\":[{\"@type\":\"CommentAction\",\"name\":\"Comment\",\"target\":[\"https:\\\/\\\/www.fatosefotosnews.com.br\\\/?p=112409#respond\"]}]},{\"@type\":\"WebPage\",\"@id\":\"https:\\\/\\\/www.fatosefotosnews.com.br\\\/?p=112409\",\"url\":\"https:\\\/\\\/www.fatosefotosnews.com.br\\\/?p=112409\",\"name\":\"Morre advogado Marcello Laven\u00e8re, que pediu impeachment de Collor - Fatos e Fotos News\",\"isPartOf\":{\"@id\":\"https:\\\/\\\/www.fatosefotosnews.com.br\\\/#website\"},\"primaryImageOfPage\":{\"@id\":\"https:\\\/\\\/www.fatosefotosnews.com.br\\\/?p=112409#primaryimage\"},\"image\":{\"@id\":\"https:\\\/\\\/www.fatosefotosnews.com.br\\\/?p=112409#primaryimage\"},\"thumbnailUrl\":\"https:\\\/\\\/www.fatosefotosnews.com.br\\\/wp-content\\\/uploads\\\/2025\\\/01\\\/cms-image-000482766_0.webp\",\"datePublished\":\"2025-01-13T11:03:29+00:00\",\"description\":\"O advogado alagoano Marcello Laven\u00e8re Machado, de 86 anos, morreu, neste domingo (12), em Bras\u00edlia (DF).\",\"breadcrumb\":{\"@id\":\"https:\\\/\\\/www.fatosefotosnews.com.br\\\/?p=112409#breadcrumb\"},\"inLanguage\":\"pt-BR\",\"potentialAction\":[{\"@type\":\"ReadAction\",\"target\":[\"https:\\\/\\\/www.fatosefotosnews.com.br\\\/?p=112409\"]}]},{\"@type\":\"ImageObject\",\"inLanguage\":\"pt-BR\",\"@id\":\"https:\\\/\\\/www.fatosefotosnews.com.br\\\/?p=112409#primaryimage\",\"url\":\"https:\\\/\\\/www.fatosefotosnews.com.br\\\/wp-content\\\/uploads\\\/2025\\\/01\\\/cms-image-000482766_0.webp\",\"contentUrl\":\"https:\\\/\\\/www.fatosefotosnews.com.br\\\/wp-content\\\/uploads\\\/2025\\\/01\\\/cms-image-000482766_0.webp\",\"width\":1170,\"height\":700},{\"@type\":\"BreadcrumbList\",\"@id\":\"https:\\\/\\\/www.fatosefotosnews.com.br\\\/?p=112409#breadcrumb\",\"itemListElement\":[{\"@type\":\"ListItem\",\"position\":1,\"name\":\"In\u00edcio\",\"item\":\"https:\\\/\\\/www.fatosefotosnews.com.br\\\/\"},{\"@type\":\"ListItem\",\"position\":2,\"name\":\"Morre advogado Marcello Laven\u00e8re, que pediu impeachment de Collor\"}]},{\"@type\":\"WebSite\",\"@id\":\"https:\\\/\\\/www.fatosefotosnews.com.br\\\/#website\",\"url\":\"https:\\\/\\\/www.fatosefotosnews.com.br\\\/\",\"name\":\"Fatos e Fotos News\",\"description\":\"Um site de noticial verdadeira e confi\u00e1veis.\",\"publisher\":{\"@id\":\"https:\\\/\\\/www.fatosefotosnews.com.br\\\/#organization\"},\"potentialAction\":[{\"@type\":\"SearchAction\",\"target\":{\"@type\":\"EntryPoint\",\"urlTemplate\":\"https:\\\/\\\/www.fatosefotosnews.com.br\\\/?s={search_term_string}\"},\"query-input\":{\"@type\":\"PropertyValueSpecification\",\"valueRequired\":true,\"valueName\":\"search_term_string\"}}],\"inLanguage\":\"pt-BR\"},{\"@type\":\"Organization\",\"@id\":\"https:\\\/\\\/www.fatosefotosnews.com.br\\\/#organization\",\"name\":\"Fatos e Fotos News\",\"url\":\"https:\\\/\\\/www.fatosefotosnews.com.br\\\/\",\"logo\":{\"@type\":\"ImageObject\",\"inLanguage\":\"pt-BR\",\"@id\":\"https:\\\/\\\/www.fatosefotosnews.com.br\\\/#\\\/schema\\\/logo\\\/image\\\/\",\"url\":\"https:\\\/\\\/www.fatosefotosnews.com.br\\\/wp-content\\\/uploads\\\/2023\\\/02\\\/Fatos-e-Fotos-news-logo.png\",\"contentUrl\":\"https:\\\/\\\/www.fatosefotosnews.com.br\\\/wp-content\\\/uploads\\\/2023\\\/02\\\/Fatos-e-Fotos-news-logo.png\",\"width\":300,\"height\":58,\"caption\":\"Fatos e Fotos News\"},\"image\":{\"@id\":\"https:\\\/\\\/www.fatosefotosnews.com.br\\\/#\\\/schema\\\/logo\\\/image\\\/\"}},{\"@type\":\"Person\",\"@id\":\"https:\\\/\\\/www.fatosefotosnews.com.br\\\/#\\\/schema\\\/person\\\/70ccaf82072edcbc921e1c3ca2259803\",\"name\":\"fatosefotosnews\",\"image\":{\"@type\":\"ImageObject\",\"inLanguage\":\"pt-BR\",\"@id\":\"https:\\\/\\\/secure.gravatar.com\\\/avatar\\\/b347acc00c2543eadf2855e28bb74049205ff50092da0cb7bc50f2652c752f81?s=96&d=mm&r=g\",\"url\":\"https:\\\/\\\/secure.gravatar.com\\\/avatar\\\/b347acc00c2543eadf2855e28bb74049205ff50092da0cb7bc50f2652c752f81?s=96&d=mm&r=g\",\"contentUrl\":\"https:\\\/\\\/secure.gravatar.com\\\/avatar\\\/b347acc00c2543eadf2855e28bb74049205ff50092da0cb7bc50f2652c752f81?s=96&d=mm&r=g\",\"caption\":\"fatosefotosnews\"},\"sameAs\":[\"http:\\\/\\\/www.fatosefotosnews.com.br\"],\"url\":\"https:\\\/\\\/www.fatosefotosnews.com.br\\\/?author=1\"}]}<\/script>\n<!-- \/ Yoast SEO plugin. -->","yoast_head_json":{"title":"Morre advogado Marcello Laven\u00e8re, que pediu impeachment de Collor - Fatos e Fotos News","description":"O advogado alagoano Marcello Laven\u00e8re Machado, de 86 anos, morreu, neste domingo (12), em Bras\u00edlia (DF).","robots":{"index":"index","follow":"follow","max-snippet":"max-snippet:-1","max-image-preview":"max-image-preview:large","max-video-preview":"max-video-preview:-1"},"canonical":"https:\/\/www.fatosefotosnews.com.br\/?p=112409","og_locale":"pt_BR","og_type":"article","og_title":"Morre advogado Marcello Laven\u00e8re, que pediu impeachment de Collor - Fatos e Fotos News","og_description":"O advogado alagoano Marcello Laven\u00e8re Machado, de 86 anos, morreu, neste domingo (12), em Bras\u00edlia (DF).","og_url":"https:\/\/www.fatosefotosnews.com.br\/?p=112409","og_site_name":"Fatos e Fotos News","article_published_time":"2025-01-13T11:03:29+00:00","og_image":[{"width":1170,"height":700,"url":"https:\/\/www.fatosefotosnews.com.br\/wp-content\/uploads\/2025\/01\/cms-image-000482766_0.webp","type":"image\/webp"}],"author":"fatosefotosnews","twitter_card":"summary_large_image","twitter_misc":{"Escrito por":"fatosefotosnews","Est. tempo de leitura":"3 minutos"},"schema":{"@context":"https:\/\/schema.org","@graph":[{"@type":"Article","@id":"https:\/\/www.fatosefotosnews.com.br\/?p=112409#article","isPartOf":{"@id":"https:\/\/www.fatosefotosnews.com.br\/?p=112409"},"author":{"name":"fatosefotosnews","@id":"https:\/\/www.fatosefotosnews.com.br\/#\/schema\/person\/70ccaf82072edcbc921e1c3ca2259803"},"headline":"Morre advogado Marcello Laven\u00e8re, que pediu impeachment de Collor","datePublished":"2025-01-13T11:03:29+00:00","mainEntityOfPage":{"@id":"https:\/\/www.fatosefotosnews.com.br\/?p=112409"},"wordCount":297,"commentCount":0,"publisher":{"@id":"https:\/\/www.fatosefotosnews.com.br\/#organization"},"image":{"@id":"https:\/\/www.fatosefotosnews.com.br\/?p=112409#primaryimage"},"thumbnailUrl":"https:\/\/www.fatosefotosnews.com.br\/wp-content\/uploads\/2025\/01\/cms-image-000482766_0.webp","keywords":["Collor","Direitos Humanos","impeachment","Lula","OAB"],"articleSection":["Geral","Pol\u00edtica"],"inLanguage":"pt-BR","potentialAction":[{"@type":"CommentAction","name":"Comment","target":["https:\/\/www.fatosefotosnews.com.br\/?p=112409#respond"]}]},{"@type":"WebPage","@id":"https:\/\/www.fatosefotosnews.com.br\/?p=112409","url":"https:\/\/www.fatosefotosnews.com.br\/?p=112409","name":"Morre advogado Marcello Laven\u00e8re, que pediu impeachment de Collor - Fatos e Fotos News","isPartOf":{"@id":"https:\/\/www.fatosefotosnews.com.br\/#website"},"primaryImageOfPage":{"@id":"https:\/\/www.fatosefotosnews.com.br\/?p=112409#primaryimage"},"image":{"@id":"https:\/\/www.fatosefotosnews.com.br\/?p=112409#primaryimage"},"thumbnailUrl":"https:\/\/www.fatosefotosnews.com.br\/wp-content\/uploads\/2025\/01\/cms-image-000482766_0.webp","datePublished":"2025-01-13T11:03:29+00:00","description":"O advogado alagoano Marcello Laven\u00e8re Machado, de 86 anos, morreu, neste domingo (12), em Bras\u00edlia (DF).","breadcrumb":{"@id":"https:\/\/www.fatosefotosnews.com.br\/?p=112409#breadcrumb"},"inLanguage":"pt-BR","potentialAction":[{"@type":"ReadAction","target":["https:\/\/www.fatosefotosnews.com.br\/?p=112409"]}]},{"@type":"ImageObject","inLanguage":"pt-BR","@id":"https:\/\/www.fatosefotosnews.com.br\/?p=112409#primaryimage","url":"https:\/\/www.fatosefotosnews.com.br\/wp-content\/uploads\/2025\/01\/cms-image-000482766_0.webp","contentUrl":"https:\/\/www.fatosefotosnews.com.br\/wp-content\/uploads\/2025\/01\/cms-image-000482766_0.webp","width":1170,"height":700},{"@type":"BreadcrumbList","@id":"https:\/\/www.fatosefotosnews.com.br\/?p=112409#breadcrumb","itemListElement":[{"@type":"ListItem","position":1,"name":"In\u00edcio","item":"https:\/\/www.fatosefotosnews.com.br\/"},{"@type":"ListItem","position":2,"name":"Morre advogado Marcello Laven\u00e8re, que pediu impeachment de Collor"}]},{"@type":"WebSite","@id":"https:\/\/www.fatosefotosnews.com.br\/#website","url":"https:\/\/www.fatosefotosnews.com.br\/","name":"Fatos e Fotos News","description":"Um site de noticial verdadeira e confi\u00e1veis.","publisher":{"@id":"https:\/\/www.fatosefotosnews.com.br\/#organization"},"potentialAction":[{"@type":"SearchAction","target":{"@type":"EntryPoint","urlTemplate":"https:\/\/www.fatosefotosnews.com.br\/?s={search_term_string}"},"query-input":{"@type":"PropertyValueSpecification","valueRequired":true,"valueName":"search_term_string"}}],"inLanguage":"pt-BR"},{"@type":"Organization","@id":"https:\/\/www.fatosefotosnews.com.br\/#organization","name":"Fatos e Fotos News","url":"https:\/\/www.fatosefotosnews.com.br\/","logo":{"@type":"ImageObject","inLanguage":"pt-BR","@id":"https:\/\/www.fatosefotosnews.com.br\/#\/schema\/logo\/image\/","url":"https:\/\/www.fatosefotosnews.com.br\/wp-content\/uploads\/2023\/02\/Fatos-e-Fotos-news-logo.png","contentUrl":"https:\/\/www.fatosefotosnews.com.br\/wp-content\/uploads\/2023\/02\/Fatos-e-Fotos-news-logo.png","width":300,"height":58,"caption":"Fatos e Fotos News"},"image":{"@id":"https:\/\/www.fatosefotosnews.com.br\/#\/schema\/logo\/image\/"}},{"@type":"Person","@id":"https:\/\/www.fatosefotosnews.com.br\/#\/schema\/person\/70ccaf82072edcbc921e1c3ca2259803","name":"fatosefotosnews","image":{"@type":"ImageObject","inLanguage":"pt-BR","@id":"https:\/\/secure.gravatar.com\/avatar\/b347acc00c2543eadf2855e28bb74049205ff50092da0cb7bc50f2652c752f81?s=96&d=mm&r=g","url":"https:\/\/secure.gravatar.com\/avatar\/b347acc00c2543eadf2855e28bb74049205ff50092da0cb7bc50f2652c752f81?s=96&d=mm&r=g","contentUrl":"https:\/\/secure.gravatar.com\/avatar\/b347acc00c2543eadf2855e28bb74049205ff50092da0cb7bc50f2652c752f81?s=96&d=mm&r=g","caption":"fatosefotosnews"},"sameAs":["http:\/\/www.fatosefotosnews.com.br"],"url":"https:\/\/www.fatosefotosnews.com.br\/?author=1"}]}},"jetpack_publicize_connections":[],"blog_post_layout_featured_media_urls":{"thumbnail":["https:\/\/www.fatosefotosnews.com.br\/wp-content\/uploads\/2025\/01\/cms-image-000482766_0-150x150.webp",150,150,true],"full":["https:\/\/www.fatosefotosnews.com.br\/wp-content\/uploads\/2025\/01\/cms-image-000482766_0.webp",1170,700,false]},"categories_names":{"167":{"name":"Geral","link":"https:\/\/www.fatosefotosnews.com.br\/?cat=167"},"2":{"name":"Pol\u00edtica","link":"https:\/\/www.fatosefotosnews.com.br\/?cat=2"}},"tags_names":{"9553":{"name":"Collor","link":"https:\/\/www.fatosefotosnews.com.br\/?tag=collor"},"6754":{"name":"Direitos Humanos","link":"https:\/\/www.fatosefotosnews.com.br\/?tag=direitos-humanos"},"3989":{"name":"impeachment","link":"https:\/\/www.fatosefotosnews.com.br\/?tag=impeachment"},"175":{"name":"Lula","link":"https:\/\/www.fatosefotosnews.com.br\/?tag=lula"},"2063":{"name":"OAB","link":"https:\/\/www.fatosefotosnews.com.br\/?tag=oab"}},"comments_number":"0","wpmagazine_modules_lite_featured_media_urls":{"thumbnail":["https:\/\/www.fatosefotosnews.com.br\/wp-content\/uploads\/2025\/01\/cms-image-000482766_0-150x150.webp",150,150,true],"cvmm-medium":["https:\/\/www.fatosefotosnews.com.br\/wp-content\/uploads\/2025\/01\/cms-image-000482766_0-300x300.webp",300,300,true],"cvmm-medium-plus":["https:\/\/www.fatosefotosnews.com.br\/wp-content\/uploads\/2025\/01\/cms-image-000482766_0-305x207.webp",305,207,true],"cvmm-portrait":["https:\/\/www.fatosefotosnews.com.br\/wp-content\/uploads\/2025\/01\/cms-image-000482766_0-400x600.webp",400,600,true],"cvmm-medium-square":["https:\/\/www.fatosefotosnews.com.br\/wp-content\/uploads\/2025\/01\/cms-image-000482766_0-600x600.webp",600,600,true],"cvmm-large":["https:\/\/www.fatosefotosnews.com.br\/wp-content\/uploads\/2025\/01\/cms-image-000482766_0-1024x700.webp",1024,700,true],"cvmm-small":["https:\/\/www.fatosefotosnews.com.br\/wp-content\/uploads\/2025\/01\/cms-image-000482766_0-130x95.webp",130,95,true],"full":["https:\/\/www.fatosefotosnews.com.br\/wp-content\/uploads\/2025\/01\/cms-image-000482766_0.webp",1170,700,false]},"_links":{"self":[{"href":"https:\/\/www.fatosefotosnews.com.br\/index.php?rest_route=\/wp\/v2\/posts\/112409","targetHints":{"allow":["GET"]}}],"collection":[{"href":"https:\/\/www.fatosefotosnews.com.br\/index.php?rest_route=\/wp\/v2\/posts"}],"about":[{"href":"https:\/\/www.fatosefotosnews.com.br\/index.php?rest_route=\/wp\/v2\/types\/post"}],"author":[{"embeddable":true,"href":"https:\/\/www.fatosefotosnews.com.br\/index.php?rest_route=\/wp\/v2\/users\/1"}],"replies":[{"embeddable":true,"href":"https:\/\/www.fatosefotosnews.com.br\/index.php?rest_route=%2Fwp%2Fv2%2Fcomments&post=112409"}],"version-history":[{"count":1,"href":"https:\/\/www.fatosefotosnews.com.br\/index.php?rest_route=\/wp\/v2\/posts\/112409\/revisions"}],"predecessor-version":[{"id":112411,"href":"https:\/\/www.fatosefotosnews.com.br\/index.php?rest_route=\/wp\/v2\/posts\/112409\/revisions\/112411"}],"wp:featuredmedia":[{"embeddable":true,"href":"https:\/\/www.fatosefotosnews.com.br\/index.php?rest_route=\/wp\/v2\/media\/112410"}],"wp:attachment":[{"href":"https:\/\/www.fatosefotosnews.com.br\/index.php?rest_route=%2Fwp%2Fv2%2Fmedia&parent=112409"}],"wp:term":[{"taxonomy":"category","embeddable":true,"href":"https:\/\/www.fatosefotosnews.com.br\/index.php?rest_route=%2Fwp%2Fv2%2Fcategories&post=112409"},{"taxonomy":"post_tag","embeddable":true,"href":"https:\/\/www.fatosefotosnews.com.br\/index.php?rest_route=%2Fwp%2Fv2%2Ftags&post=112409"}],"curies":[{"name":"wp","href":"https:\/\/api.w.org\/{rel}","templated":true}]}}