{"id":112938,"date":"2025-01-20T17:28:13","date_gmt":"2025-01-20T20:28:13","guid":{"rendered":"https:\/\/www.fatosefotosnews.com.br\/sabrina-sato-curte-ensaio-da-vila-isabel-e-beija-muito-nicolas-prattes-carnaval-2025\/"},"modified":"2025-01-20T17:28:13","modified_gmt":"2025-01-20T20:28:13","slug":"sabrina-sato-curte-ensaio-da-vila-isabel-e-beija-muito-nicolas-prattes-carnaval-2025","status":"publish","type":"post","link":"https:\/\/www.fatosefotosnews.com.br\/?p=112938","title":{"rendered":"Sabrina Sato curte ensaio da Vila Isabel e beija muito Nicolas Prattes: \u2018Carnaval 2025\u2019"},"content":{"rendered":"<div class=\"elementor-widget-container\">\n<div class=\"mc-column content-text active-extra-styles active-capital-letter\" data-block-type=\"unstyled\" data-block-weight=\"104\" data-block-id=\"2\" data-mrf-recirculation=\"Recomenda\u00e7\u00e3o Meio do Texto\">\n<div class=\"cropped-block\" style=\"text-align: justify\">\n<div class=\"mc-column content-text active-extra-styles\" data-block-type=\"unstyled\" data-block-weight=\"62\" data-block-id=\"3\" data-mrf-recirculation=\"Recomenda\u00e7\u00e3o Meio do Texto\">\n<p class=\"content-text__container\" data-track-category=\"Link no Texto\" data-track-links=\"\" data-mrf-recirculation=\"Article links\">A apresentadora Sabrina Sato, musa do Carnaval em S\u00e3o Paulo e no Rio de Janeiro, participou do ensaio da Unidos de Vila Isabel, neste domingo (19), na quadra da escola, no Rio de Janeiro. A artista, de 42 anos, ocupa o cargo de rainha de bateria da escola de samba desde 2011, chegou acompanhada do marido, Nicolas Prattes.<\/p>\n<div class=\"cropped-block\">\n<div class=\"mc-column content-text active-extra-styles\" data-block-type=\"unstyled\" data-block-weight=\"51\" data-block-id=\"3\" data-mrf-recirculation=\"Recomenda\u00e7\u00e3o Meio do Texto\">\n<div style=\"clear:both;margin-top:0em;margin-bottom:1em\"><a href=\"https:\/\/www.topfamosos.com.br\/sabrina-sato-brilha-em-ensaio-da-gavioes-da-fiel-da-lua-de-mel-para-o-ensaio\/\" target=\"_blank\" class=\"IRPP_ruby\"><!-- INLINE RELATED POSTS 1\/3 \/\/--><\/p>\n<div class=\"centered-text-area\">\n<div class=\"centered-text\">\n<div class=\"IRPP_ruby-content\">\n<div class=\"postTitle\" style=\"float:left\">Sabrina Sato brilha em ensaio da Gavi\u00f5es da Fiel: &#8216;Da lua de mel para o ensaio&#8217;<\/div>\n<\/div>\n<\/div>\n<\/div>\n<p><\/a><\/div>\n<p class=\"content-text__container\" data-track-category=\"Link no Texto\" data-track-links=\"\" data-mrf-recirculation=\"Article links\">Sabrina usou um look pink composto por um vestido telado, luvas e at\u00e9 um acess\u00f3rio na cabe\u00e7a. A apresentadora voltou recentemente da lua de mel em Trancoso, no litoral da Bahia, com Nicolas Prattes, com quem se casou em Porto Feliz, no interior de S\u00e3o Paulo, no \u00faltimo dia 10.<\/p>\n<\/p>\n<\/div>\n<\/div>\n<div class=\"cropped-block\">\n<div class=\"mc-column content-text active-extra-styles\" data-block-type=\"unstyled\" data-block-weight=\"13\" data-block-id=\"4\" data-mrf-recirculation=\"Recomenda\u00e7\u00e3o Meio do Texto\">\n<div class=\"cropped-block\">\n<div class=\"mc-column content-text active-extra-styles\" data-block-type=\"unstyled\" data-block-weight=\"52\" data-block-id=\"6\" data-mrf-recirculation=\"Recomenda\u00e7\u00e3o Meio do Texto\">\n<p class=\"content-text__container\" data-track-category=\"Link no Texto\" data-track-links=\"\" data-mrf-recirculation=\"Article links\">Sabrina caiu no samba no evento que teve feijoada e beijou muito o marido. A maratona do Carnaval de Sabrina j\u00e1 come\u00e7ou com tudo. Na sexta-feira (17), a apresentadora estava em S\u00e3o Paulo e participou do ensaio da Gavi\u00f5es da Fiel, da qual tamb\u00e9m \u00e9 rainha de bateria. Confira cliques abaixo:<\/p>\n<div style=\"clear:both;margin-top:0em;margin-bottom:1em\"><a href=\"https:\/\/www.topfamosos.com.br\/sabrina-sato-brilha-em-ensaio-da-gavioes-da-fiel-da-lua-de-mel-para-o-ensaio\/\" target=\"_blank\" class=\"IRPP_ruby\"><!-- INLINE RELATED POSTS 2\/3 \/\/--><\/p>\n<div class=\"centered-text-area\">\n<div class=\"centered-text\">\n<div class=\"IRPP_ruby-content\">\n<div class=\"postTitle\" style=\"float:left\">Sabrina Sato brilha em ensaio da Gavi\u00f5es da Fiel: &#8216;Da lua de mel para o ensaio&#8217;<\/div>\n<\/div>\n<\/div>\n<\/div>\n<p><\/a><\/div>\n<\/div>\n<\/div>\n<div class=\"cropped-block\">\n<div class=\"bs-video-block mc-column content-media content-video\" data-block-type=\"backstage-video\" data-block-id=\"7\">\n<div class=\"content-media__container\">\n<div class=\"content-video__bigger-player-description-fixer\">\n<article class=\"content-video\">\n<section class=\"content-video__video-container\">\n<div class=\"content-video__video\">  <\/div>\n<\/section>\n<\/article>\n<\/div>\n<\/div>\n<\/div>\n<\/div>\n<\/div>\n<\/div>\n<\/div>\n<\/div>\n<div class=\"mc-column content-text active-extra-styles\" style=\"text-align: justify\" data-block-type=\"unstyled\" data-block-weight=\"93\" data-block-id=\"4\" data-mrf-recirculation=\"Recomenda\u00e7\u00e3o Meio do Texto\">\n<div class=\"mc-column content-text active-extra-styles active-capital-letter\" data-block-type=\"unstyled\" data-block-weight=\"65\" data-block-id=\"2\" data-mrf-recirculation=\"Recomenda\u00e7\u00e3o Meio do Texto\">\n<blockquote class=\"instagram-media\" style=\"background: #FFF;border: 0;border-radius: 3px;margin: 1px;max-width: 540px;min-width: 326px;padding: 0;width: calc(100% - 2px)\" data-instgrm-captioned=\"\" data-instgrm-permalink=\"https:\/\/www.instagram.com\/p\/DFBa5lyRxKd\/?utm_source=ig_embed&#038;utm_campaign=loading\" data-instgrm-version=\"14\">\n<div style=\"padding: 16px\">\n<div style=\"flex-direction: row;align-items: center\">\n<div style=\"flex-direction: column;flex-grow: 1;justify-content: center\">   <\/div>\n<\/p>\n<\/div>\n<div style=\"padding-top: 8px\">\n<div style=\"color: #3897f0;font-family: Arial,sans-serif;font-size: 14px;font-style: normal;font-weight: 550;line-height: 18px\">Ver essa foto no Instagram<\/div>\n<\/p>\n<\/div>\n<div style=\"flex-direction: row;margin-bottom: 14px;align-items: center\">\n<div>    <\/div>\n<div style=\"margin-left: 8px\">   <\/div>\n<div style=\"margin-left: auto\">    <\/div>\n<\/p>\n<\/div>\n<div style=\"flex-direction: column;flex-grow: 1;justify-content: center;margin-bottom: 24px\">   <\/div>\n<p style=\"color: #c9c8cd;font-family: Arial,sans-serif;font-size: 14px;line-height: 17px;margin-bottom: 0;margin-top: 8px;overflow: hidden;padding: 8px 0 7px;text-align: center\"><a style=\"color: #c9c8cd;font-family: Arial,sans-serif;font-size: 14px;font-style: normal;font-weight: normal;line-height: 17px;text-decoration: none\" href=\"https:\/\/www.instagram.com\/p\/DFBa5lyRxKd\/?utm_source=ig_embed&#038;utm_campaign=loading\" target=\"_blank\" rel=\"noopener\">Uma publica\u00e7\u00e3o compartilhada por Sabrina Sato (@sabrinasato)<\/a><\/p>\n<\/p>\n<\/div>\n<\/blockquote>\n<\/div>\n<\/div>\n<\/div>\n<\/div>\n<p id=\"infocoweb_fonte\" class=\"infocoweb_fonte\">Fonte: <a target=\"_blank\" href=\"https:\/\/www.topfamosos.com.br\/sabrina-sato-curte-ensaio-da-vila-isabel-e-beija-muito-nicolas-prattes-carnaval-2025\/#27dd20a6-30bf-4aef-90c8-5500917513f6\">TOP FAMOSOS<\/a><\/p>\n","protected":false},"excerpt":{"rendered":"<p>A apresentadora Sabrina Sato, musa do Carnaval em S\u00e3o Paulo e no Rio de Janeiro, participou do ensaio da Unidos de Vila Isabel, neste domingo (19), na quadra da escola, no Rio de Janeiro. A artista, de 42 anos, ocupa o cargo de rainha de bateria da escola de samba desde 2011, chegou acompanhada do [&hellip;]<\/p>\n","protected":false},"author":5,"featured_media":112939,"comment_status":"open","ping_status":"open","sticky":false,"template":"","format":"standard","meta":{"_acf_changed":false,"_angie_page":false,"_monsterinsights_skip_tracking":false,"_themeisle_gutenberg_block_has_review":false,"page_builder":"","footnotes":"","jetpack_publicize_message":"","jetpack_publicize_feature_enabled":true,"jetpack_social_post_already_shared":true,"jetpack_social_options":{"image_generator_settings":{"template":"highway","default_image_id":0,"font":"","enabled":false},"version":2}},"categories":[3],"tags":[7309,1146,744,2578,979,9992,4669],"class_list":["post-112938","post","type-post","status-publish","format-standard","has-post-thumbnail","hentry","category-entretenimento","tag-beija","tag-curte","tag-ensaio","tag-isabel","tag-muito","tag-nicolas","tag-sabrina"],"acf":[],"nelio_content":{"autoShareEndMode":"never","automationSources":{"useCustomSentences":false,"customSentences":[]},"efiAlt":"","efiUrl":"","followers":[],"highlights":[],"isAutoShareEnabled":true,"networkImageIds":[],"permalinkQueryArgs":[],"series":[],"suggestedReferences":[]},"yoast_head":"<!-- This site is optimized with the Yoast SEO plugin v28.3 - https:\/\/yoast.com\/product\/yoast-seo-wordpress\/ -->\n<title>Sabrina Sato curte ensaio da Vila Isabel e beija muito Nicolas Prattes: \u2018Carnaval 2025\u2019<\/title>\n<meta name=\"description\" content=\"Sabrina Sato curte ensaio da Vila Isabel e beija muito Nicolas Prattes: \u2018Carnaval 2025\u2019\" \/>\n<meta name=\"robots\" content=\"index, follow, max-snippet:-1, max-image-preview:large, max-video-preview:-1\" \/>\n<link rel=\"canonical\" href=\"https:\/\/www.fatosefotosnews.com.br\/?p=112938\" \/>\n<meta property=\"og:locale\" content=\"pt_BR\" \/>\n<meta property=\"og:type\" content=\"article\" \/>\n<meta property=\"og:title\" content=\"Sabrina Sato curte ensaio da Vila Isabel e beija muito Nicolas Prattes: \u2018Carnaval 2025\u2019\" \/>\n<meta property=\"og:description\" content=\"Sabrina Sato curte ensaio da Vila Isabel e beija muito Nicolas Prattes: \u2018Carnaval 2025\u2019\" \/>\n<meta property=\"og:url\" content=\"https:\/\/www.fatosefotosnews.com.br\/?p=112938\" \/>\n<meta property=\"og:site_name\" content=\"Fatos e Fotos News\" \/>\n<meta property=\"article:published_time\" content=\"2025-01-20T20:28:13+00:00\" \/>\n<meta property=\"og:image\" content=\"https:\/\/www.fatosefotosnews.com.br\/wp-content\/uploads\/2025\/01\/1caf3d030e64a2cb29f38d1b467865e0.jpeg\" \/>\n\t<meta property=\"og:image:width\" content=\"1024\" \/>\n\t<meta property=\"og:image:height\" content=\"576\" \/>\n\t<meta property=\"og:image:type\" content=\"image\/jpeg\" \/>\n<meta name=\"author\" content=\"Da Reda\u00e7\u00e3o\" \/>\n<meta name=\"twitter:card\" content=\"summary_large_image\" \/>\n<meta name=\"twitter:label1\" content=\"Escrito por\" \/>\n\t<meta name=\"twitter:data1\" content=\"Da Reda\u00e7\u00e3o\" \/>\n\t<meta name=\"twitter:label2\" content=\"Est. tempo de leitura\" \/>\n\t<meta name=\"twitter:data2\" content=\"99 minutos\" \/>\n<script type=\"application\/ld+json\" class=\"yoast-schema-graph\">{\"@context\":\"https:\\\/\\\/schema.org\",\"@graph\":[{\"@type\":\"Article\",\"@id\":\"https:\\\/\\\/www.fatosefotosnews.com.br\\\/?p=112938#article\",\"isPartOf\":{\"@id\":\"https:\\\/\\\/www.fatosefotosnews.com.br\\\/?p=112938\"},\"author\":{\"name\":\"Da Reda\u00e7\u00e3o\",\"@id\":\"https:\\\/\\\/www.fatosefotosnews.com.br\\\/#\\\/schema\\\/person\\\/3b80f81d08670fb1f6690e07eb8b5dc6\"},\"headline\":\"Sabrina Sato curte ensaio da Vila Isabel e beija muito Nicolas Prattes: \u2018Carnaval 2025\u2019\",\"datePublished\":\"2025-01-20T20:28:13+00:00\",\"mainEntityOfPage\":{\"@id\":\"https:\\\/\\\/www.fatosefotosnews.com.br\\\/?p=112938\"},\"wordCount\":224,\"commentCount\":0,\"publisher\":{\"@id\":\"https:\\\/\\\/www.fatosefotosnews.com.br\\\/#organization\"},\"image\":{\"@id\":\"https:\\\/\\\/www.fatosefotosnews.com.br\\\/?p=112938#primaryimage\"},\"thumbnailUrl\":\"https:\\\/\\\/www.fatosefotosnews.com.br\\\/wp-content\\\/uploads\\\/2025\\\/01\\\/1caf3d030e64a2cb29f38d1b467865e0.jpeg\",\"keywords\":[\"beija\",\"curte\",\"ensaio\",\"isabel\",\"muito\",\"nicolas\",\"sabrina\"],\"articleSection\":[\"Entretenimento\"],\"inLanguage\":\"pt-BR\",\"potentialAction\":[{\"@type\":\"CommentAction\",\"name\":\"Comment\",\"target\":[\"https:\\\/\\\/www.fatosefotosnews.com.br\\\/?p=112938#respond\"]}]},{\"@type\":\"WebPage\",\"@id\":\"https:\\\/\\\/www.fatosefotosnews.com.br\\\/?p=112938\",\"url\":\"https:\\\/\\\/www.fatosefotosnews.com.br\\\/?p=112938\",\"name\":\"Sabrina Sato curte ensaio da Vila Isabel e beija muito Nicolas Prattes: \u2018Carnaval 2025\u2019\",\"isPartOf\":{\"@id\":\"https:\\\/\\\/www.fatosefotosnews.com.br\\\/#website\"},\"primaryImageOfPage\":{\"@id\":\"https:\\\/\\\/www.fatosefotosnews.com.br\\\/?p=112938#primaryimage\"},\"image\":{\"@id\":\"https:\\\/\\\/www.fatosefotosnews.com.br\\\/?p=112938#primaryimage\"},\"thumbnailUrl\":\"https:\\\/\\\/www.fatosefotosnews.com.br\\\/wp-content\\\/uploads\\\/2025\\\/01\\\/1caf3d030e64a2cb29f38d1b467865e0.jpeg\",\"datePublished\":\"2025-01-20T20:28:13+00:00\",\"description\":\"Sabrina Sato curte ensaio da Vila Isabel e beija muito Nicolas Prattes: \u2018Carnaval 2025\u2019\",\"breadcrumb\":{\"@id\":\"https:\\\/\\\/www.fatosefotosnews.com.br\\\/?p=112938#breadcrumb\"},\"inLanguage\":\"pt-BR\",\"potentialAction\":[{\"@type\":\"ReadAction\",\"target\":[\"https:\\\/\\\/www.fatosefotosnews.com.br\\\/?p=112938\"]}]},{\"@type\":\"ImageObject\",\"inLanguage\":\"pt-BR\",\"@id\":\"https:\\\/\\\/www.fatosefotosnews.com.br\\\/?p=112938#primaryimage\",\"url\":\"https:\\\/\\\/www.fatosefotosnews.com.br\\\/wp-content\\\/uploads\\\/2025\\\/01\\\/1caf3d030e64a2cb29f38d1b467865e0.jpeg\",\"contentUrl\":\"https:\\\/\\\/www.fatosefotosnews.com.br\\\/wp-content\\\/uploads\\\/2025\\\/01\\\/1caf3d030e64a2cb29f38d1b467865e0.jpeg\",\"width\":1024,\"height\":576},{\"@type\":\"BreadcrumbList\",\"@id\":\"https:\\\/\\\/www.fatosefotosnews.com.br\\\/?p=112938#breadcrumb\",\"itemListElement\":[{\"@type\":\"ListItem\",\"position\":1,\"name\":\"In\u00edcio\",\"item\":\"https:\\\/\\\/www.fatosefotosnews.com.br\\\/\"},{\"@type\":\"ListItem\",\"position\":2,\"name\":\"Sabrina Sato curte ensaio da Vila Isabel e beija muito Nicolas Prattes: \u2018Carnaval 2025\u2019\"}]},{\"@type\":\"WebSite\",\"@id\":\"https:\\\/\\\/www.fatosefotosnews.com.br\\\/#website\",\"url\":\"https:\\\/\\\/www.fatosefotosnews.com.br\\\/\",\"name\":\"Fatos e Fotos News\",\"description\":\"Um site de noticial verdadeira e confi\u00e1veis.\",\"publisher\":{\"@id\":\"https:\\\/\\\/www.fatosefotosnews.com.br\\\/#organization\"},\"potentialAction\":[{\"@type\":\"SearchAction\",\"target\":{\"@type\":\"EntryPoint\",\"urlTemplate\":\"https:\\\/\\\/www.fatosefotosnews.com.br\\\/?s={search_term_string}\"},\"query-input\":{\"@type\":\"PropertyValueSpecification\",\"valueRequired\":true,\"valueName\":\"search_term_string\"}}],\"inLanguage\":\"pt-BR\"},{\"@type\":\"Organization\",\"@id\":\"https:\\\/\\\/www.fatosefotosnews.com.br\\\/#organization\",\"name\":\"Fatos e Fotos News\",\"url\":\"https:\\\/\\\/www.fatosefotosnews.com.br\\\/\",\"logo\":{\"@type\":\"ImageObject\",\"inLanguage\":\"pt-BR\",\"@id\":\"https:\\\/\\\/www.fatosefotosnews.com.br\\\/#\\\/schema\\\/logo\\\/image\\\/\",\"url\":\"https:\\\/\\\/www.fatosefotosnews.com.br\\\/wp-content\\\/uploads\\\/2023\\\/02\\\/Fatos-e-Fotos-news-logo.png\",\"contentUrl\":\"https:\\\/\\\/www.fatosefotosnews.com.br\\\/wp-content\\\/uploads\\\/2023\\\/02\\\/Fatos-e-Fotos-news-logo.png\",\"width\":300,\"height\":58,\"caption\":\"Fatos e Fotos News\"},\"image\":{\"@id\":\"https:\\\/\\\/www.fatosefotosnews.com.br\\\/#\\\/schema\\\/logo\\\/image\\\/\"}},{\"@type\":\"Person\",\"@id\":\"https:\\\/\\\/www.fatosefotosnews.com.br\\\/#\\\/schema\\\/person\\\/3b80f81d08670fb1f6690e07eb8b5dc6\",\"name\":\"Da Reda\u00e7\u00e3o\",\"image\":{\"@type\":\"ImageObject\",\"inLanguage\":\"pt-BR\",\"@id\":\"https:\\\/\\\/secure.gravatar.com\\\/avatar\\\/696d39935a657bf0fc95044dbc9f912520430a0eb6dd46c85dd97eb6483b249b?s=96&d=mm&r=g\",\"url\":\"https:\\\/\\\/secure.gravatar.com\\\/avatar\\\/696d39935a657bf0fc95044dbc9f912520430a0eb6dd46c85dd97eb6483b249b?s=96&d=mm&r=g\",\"contentUrl\":\"https:\\\/\\\/secure.gravatar.com\\\/avatar\\\/696d39935a657bf0fc95044dbc9f912520430a0eb6dd46c85dd97eb6483b249b?s=96&d=mm&r=g\",\"caption\":\"Da Reda\u00e7\u00e3o\"},\"url\":\"https:\\\/\\\/www.fatosefotosnews.com.br\\\/?author=5\"}]}<\/script>\n<!-- \/ Yoast SEO plugin. -->","yoast_head_json":{"title":"Sabrina Sato curte ensaio da Vila Isabel e beija muito Nicolas Prattes: \u2018Carnaval 2025\u2019","description":"Sabrina Sato curte ensaio da Vila Isabel e beija muito Nicolas Prattes: \u2018Carnaval 2025\u2019","robots":{"index":"index","follow":"follow","max-snippet":"max-snippet:-1","max-image-preview":"max-image-preview:large","max-video-preview":"max-video-preview:-1"},"canonical":"https:\/\/www.fatosefotosnews.com.br\/?p=112938","og_locale":"pt_BR","og_type":"article","og_title":"Sabrina Sato curte ensaio da Vila Isabel e beija muito Nicolas Prattes: \u2018Carnaval 2025\u2019","og_description":"Sabrina Sato curte ensaio da Vila Isabel e beija muito Nicolas Prattes: \u2018Carnaval 2025\u2019","og_url":"https:\/\/www.fatosefotosnews.com.br\/?p=112938","og_site_name":"Fatos e Fotos News","article_published_time":"2025-01-20T20:28:13+00:00","og_image":[{"width":1024,"height":576,"url":"https:\/\/www.fatosefotosnews.com.br\/wp-content\/uploads\/2025\/01\/1caf3d030e64a2cb29f38d1b467865e0.jpeg","type":"image\/jpeg"}],"author":"Da Reda\u00e7\u00e3o","twitter_card":"summary_large_image","twitter_misc":{"Escrito por":"Da Reda\u00e7\u00e3o","Est. tempo de leitura":"99 minutos"},"schema":{"@context":"https:\/\/schema.org","@graph":[{"@type":"Article","@id":"https:\/\/www.fatosefotosnews.com.br\/?p=112938#article","isPartOf":{"@id":"https:\/\/www.fatosefotosnews.com.br\/?p=112938"},"author":{"name":"Da Reda\u00e7\u00e3o","@id":"https:\/\/www.fatosefotosnews.com.br\/#\/schema\/person\/3b80f81d08670fb1f6690e07eb8b5dc6"},"headline":"Sabrina Sato curte ensaio da Vila Isabel e beija muito Nicolas Prattes: \u2018Carnaval 2025\u2019","datePublished":"2025-01-20T20:28:13+00:00","mainEntityOfPage":{"@id":"https:\/\/www.fatosefotosnews.com.br\/?p=112938"},"wordCount":224,"commentCount":0,"publisher":{"@id":"https:\/\/www.fatosefotosnews.com.br\/#organization"},"image":{"@id":"https:\/\/www.fatosefotosnews.com.br\/?p=112938#primaryimage"},"thumbnailUrl":"https:\/\/www.fatosefotosnews.com.br\/wp-content\/uploads\/2025\/01\/1caf3d030e64a2cb29f38d1b467865e0.jpeg","keywords":["beija","curte","ensaio","isabel","muito","nicolas","sabrina"],"articleSection":["Entretenimento"],"inLanguage":"pt-BR","potentialAction":[{"@type":"CommentAction","name":"Comment","target":["https:\/\/www.fatosefotosnews.com.br\/?p=112938#respond"]}]},{"@type":"WebPage","@id":"https:\/\/www.fatosefotosnews.com.br\/?p=112938","url":"https:\/\/www.fatosefotosnews.com.br\/?p=112938","name":"Sabrina Sato curte ensaio da Vila Isabel e beija muito Nicolas Prattes: \u2018Carnaval 2025\u2019","isPartOf":{"@id":"https:\/\/www.fatosefotosnews.com.br\/#website"},"primaryImageOfPage":{"@id":"https:\/\/www.fatosefotosnews.com.br\/?p=112938#primaryimage"},"image":{"@id":"https:\/\/www.fatosefotosnews.com.br\/?p=112938#primaryimage"},"thumbnailUrl":"https:\/\/www.fatosefotosnews.com.br\/wp-content\/uploads\/2025\/01\/1caf3d030e64a2cb29f38d1b467865e0.jpeg","datePublished":"2025-01-20T20:28:13+00:00","description":"Sabrina Sato curte ensaio da Vila Isabel e beija muito Nicolas Prattes: \u2018Carnaval 2025\u2019","breadcrumb":{"@id":"https:\/\/www.fatosefotosnews.com.br\/?p=112938#breadcrumb"},"inLanguage":"pt-BR","potentialAction":[{"@type":"ReadAction","target":["https:\/\/www.fatosefotosnews.com.br\/?p=112938"]}]},{"@type":"ImageObject","inLanguage":"pt-BR","@id":"https:\/\/www.fatosefotosnews.com.br\/?p=112938#primaryimage","url":"https:\/\/www.fatosefotosnews.com.br\/wp-content\/uploads\/2025\/01\/1caf3d030e64a2cb29f38d1b467865e0.jpeg","contentUrl":"https:\/\/www.fatosefotosnews.com.br\/wp-content\/uploads\/2025\/01\/1caf3d030e64a2cb29f38d1b467865e0.jpeg","width":1024,"height":576},{"@type":"BreadcrumbList","@id":"https:\/\/www.fatosefotosnews.com.br\/?p=112938#breadcrumb","itemListElement":[{"@type":"ListItem","position":1,"name":"In\u00edcio","item":"https:\/\/www.fatosefotosnews.com.br\/"},{"@type":"ListItem","position":2,"name":"Sabrina Sato curte ensaio da Vila Isabel e beija muito Nicolas Prattes: \u2018Carnaval 2025\u2019"}]},{"@type":"WebSite","@id":"https:\/\/www.fatosefotosnews.com.br\/#website","url":"https:\/\/www.fatosefotosnews.com.br\/","name":"Fatos e Fotos News","description":"Um site de noticial verdadeira e confi\u00e1veis.","publisher":{"@id":"https:\/\/www.fatosefotosnews.com.br\/#organization"},"potentialAction":[{"@type":"SearchAction","target":{"@type":"EntryPoint","urlTemplate":"https:\/\/www.fatosefotosnews.com.br\/?s={search_term_string}"},"query-input":{"@type":"PropertyValueSpecification","valueRequired":true,"valueName":"search_term_string"}}],"inLanguage":"pt-BR"},{"@type":"Organization","@id":"https:\/\/www.fatosefotosnews.com.br\/#organization","name":"Fatos e Fotos News","url":"https:\/\/www.fatosefotosnews.com.br\/","logo":{"@type":"ImageObject","inLanguage":"pt-BR","@id":"https:\/\/www.fatosefotosnews.com.br\/#\/schema\/logo\/image\/","url":"https:\/\/www.fatosefotosnews.com.br\/wp-content\/uploads\/2023\/02\/Fatos-e-Fotos-news-logo.png","contentUrl":"https:\/\/www.fatosefotosnews.com.br\/wp-content\/uploads\/2023\/02\/Fatos-e-Fotos-news-logo.png","width":300,"height":58,"caption":"Fatos e Fotos News"},"image":{"@id":"https:\/\/www.fatosefotosnews.com.br\/#\/schema\/logo\/image\/"}},{"@type":"Person","@id":"https:\/\/www.fatosefotosnews.com.br\/#\/schema\/person\/3b80f81d08670fb1f6690e07eb8b5dc6","name":"Da Reda\u00e7\u00e3o","image":{"@type":"ImageObject","inLanguage":"pt-BR","@id":"https:\/\/secure.gravatar.com\/avatar\/696d39935a657bf0fc95044dbc9f912520430a0eb6dd46c85dd97eb6483b249b?s=96&d=mm&r=g","url":"https:\/\/secure.gravatar.com\/avatar\/696d39935a657bf0fc95044dbc9f912520430a0eb6dd46c85dd97eb6483b249b?s=96&d=mm&r=g","contentUrl":"https:\/\/secure.gravatar.com\/avatar\/696d39935a657bf0fc95044dbc9f912520430a0eb6dd46c85dd97eb6483b249b?s=96&d=mm&r=g","caption":"Da Reda\u00e7\u00e3o"},"url":"https:\/\/www.fatosefotosnews.com.br\/?author=5"}]}},"jetpack_publicize_connections":[],"blog_post_layout_featured_media_urls":{"thumbnail":["https:\/\/www.fatosefotosnews.com.br\/wp-content\/uploads\/2025\/01\/1caf3d030e64a2cb29f38d1b467865e0-150x150.jpeg",150,150,true],"full":["https:\/\/www.fatosefotosnews.com.br\/wp-content\/uploads\/2025\/01\/1caf3d030e64a2cb29f38d1b467865e0.jpeg",1024,576,false]},"categories_names":{"3":{"name":"Entretenimento","link":"https:\/\/www.fatosefotosnews.com.br\/?cat=3"}},"tags_names":{"7309":{"name":"beija","link":"https:\/\/www.fatosefotosnews.com.br\/?tag=beija"},"1146":{"name":"curte","link":"https:\/\/www.fatosefotosnews.com.br\/?tag=curte"},"744":{"name":"ensaio","link":"https:\/\/www.fatosefotosnews.com.br\/?tag=ensaio"},"2578":{"name":"isabel","link":"https:\/\/www.fatosefotosnews.com.br\/?tag=isabel"},"979":{"name":"muito","link":"https:\/\/www.fatosefotosnews.com.br\/?tag=muito"},"9992":{"name":"nicolas","link":"https:\/\/www.fatosefotosnews.com.br\/?tag=nicolas"},"4669":{"name":"sabrina","link":"https:\/\/www.fatosefotosnews.com.br\/?tag=sabrina"}},"comments_number":"0","wpmagazine_modules_lite_featured_media_urls":{"thumbnail":["https:\/\/www.fatosefotosnews.com.br\/wp-content\/uploads\/2025\/01\/1caf3d030e64a2cb29f38d1b467865e0-150x150.jpeg",150,150,true],"cvmm-medium":["https:\/\/www.fatosefotosnews.com.br\/wp-content\/uploads\/2025\/01\/1caf3d030e64a2cb29f38d1b467865e0-300x300.jpeg",300,300,true],"cvmm-medium-plus":["https:\/\/www.fatosefotosnews.com.br\/wp-content\/uploads\/2025\/01\/1caf3d030e64a2cb29f38d1b467865e0-305x207.jpeg",305,207,true],"cvmm-portrait":["https:\/\/www.fatosefotosnews.com.br\/wp-content\/uploads\/2025\/01\/1caf3d030e64a2cb29f38d1b467865e0-400x576.jpeg",400,576,true],"cvmm-medium-square":["https:\/\/www.fatosefotosnews.com.br\/wp-content\/uploads\/2025\/01\/1caf3d030e64a2cb29f38d1b467865e0-600x576.jpeg",600,576,true],"cvmm-large":["https:\/\/www.fatosefotosnews.com.br\/wp-content\/uploads\/2025\/01\/1caf3d030e64a2cb29f38d1b467865e0.jpeg",1024,576,false],"cvmm-small":["https:\/\/www.fatosefotosnews.com.br\/wp-content\/uploads\/2025\/01\/1caf3d030e64a2cb29f38d1b467865e0-130x95.jpeg",130,95,true],"full":["https:\/\/www.fatosefotosnews.com.br\/wp-content\/uploads\/2025\/01\/1caf3d030e64a2cb29f38d1b467865e0.jpeg",1024,576,false]},"_links":{"self":[{"href":"https:\/\/www.fatosefotosnews.com.br\/index.php?rest_route=\/wp\/v2\/posts\/112938","targetHints":{"allow":["GET"]}}],"collection":[{"href":"https:\/\/www.fatosefotosnews.com.br\/index.php?rest_route=\/wp\/v2\/posts"}],"about":[{"href":"https:\/\/www.fatosefotosnews.com.br\/index.php?rest_route=\/wp\/v2\/types\/post"}],"author":[{"embeddable":true,"href":"https:\/\/www.fatosefotosnews.com.br\/index.php?rest_route=\/wp\/v2\/users\/5"}],"replies":[{"embeddable":true,"href":"https:\/\/www.fatosefotosnews.com.br\/index.php?rest_route=%2Fwp%2Fv2%2Fcomments&post=112938"}],"version-history":[{"count":0,"href":"https:\/\/www.fatosefotosnews.com.br\/index.php?rest_route=\/wp\/v2\/posts\/112938\/revisions"}],"wp:featuredmedia":[{"embeddable":true,"href":"https:\/\/www.fatosefotosnews.com.br\/index.php?rest_route=\/wp\/v2\/media\/112939"}],"wp:attachment":[{"href":"https:\/\/www.fatosefotosnews.com.br\/index.php?rest_route=%2Fwp%2Fv2%2Fmedia&parent=112938"}],"wp:term":[{"taxonomy":"category","embeddable":true,"href":"https:\/\/www.fatosefotosnews.com.br\/index.php?rest_route=%2Fwp%2Fv2%2Fcategories&post=112938"},{"taxonomy":"post_tag","embeddable":true,"href":"https:\/\/www.fatosefotosnews.com.br\/index.php?rest_route=%2Fwp%2Fv2%2Ftags&post=112938"}],"curies":[{"name":"wp","href":"https:\/\/api.w.org\/{rel}","templated":true}]}}