{"id":115074,"date":"2025-02-19T07:27:23","date_gmt":"2025-02-19T10:27:23","guid":{"rendered":"https:\/\/www.fatosefotosnews.com.br\/lancado-o-livro-brasil-e-mundo-arabe-negocios-marketing-e-diplomacia\/"},"modified":"2025-02-19T07:27:23","modified_gmt":"2025-02-19T10:27:23","slug":"lancado-o-livro-brasil-e-mundo-arabe-negocios-marketing-e-diplomacia","status":"publish","type":"post","link":"https:\/\/www.fatosefotosnews.com.br\/?p=115074","title":{"rendered":"Lan\u00e7ado o livro: Brasil e Mundo \u00c1rabe: Neg\u00f3cios, Marketing e Diplomacia"},"content":{"rendered":"<p>A C\u00e2mara de Com\u00e9rcio \u00c1rabe-Brasileira o lan\u00e7amento do livro \u201cBrasil e Mundo \u00c1rabe: Neg\u00f3cios, Marketing e Diplomacia Econ\u00f4mica Ampliada\u201d, de Rubens Hannun. O evento contou com a presen\u00e7a de aproximadamente 400 participantes, incluindo o ex-presidente Michel Temer, que escreveu o pref\u00e1cio da obra.<\/p>\n<p>Durante o evento, especialistas discutiram o futuro das rela\u00e7\u00f5es comerciais e diplom\u00e1ticas entre o Brasil e o Mundo \u00c1rabe. Participaram do debate: Guilherme Quintal: Partner e Head de Global Market da eB Capital, ex-VP e Operating Partner do fundo saudita PIF;\u00a0Grazielle Parenti: Head de Global Value Chain da Syngenta;\u00a0Walker Lahmann: Diretor-executivo da Eurofarma, respons\u00e1vel tamb\u00e9m pela \u00e1rea de Rela\u00e7\u00f5es Institucionais e Novos Mercados e\u00a0Virgilio Carvalho: Representante da Secretaria de Estado de Turismo e Viagens do Governo do Estado de S\u00e3o Paulo. A media\u00e7\u00e3o do bate-papo foi conduzida pelo bi\u00f3grafo Elias Awad.<\/p>\n<p>O livro de Rubens Hannun, publicado pelo Grupo Novo S\u00e9culo, explora as oportunidades de neg\u00f3cios, marketing e diplomacia econ\u00f4mica entre o Brasil e os pa\u00edses \u00e1rabes, oferecendo insights valiosos para empres\u00e1rios interessados em expandir suas opera\u00e7\u00f5es na regi\u00e3o. A obra tamb\u00e9m enfatiza a relev\u00e2ncia da diplomacia econ\u00f4mica ampliada nesse contexto. Editado pelo Grupo Novo S\u00e9culo, \u201cBrasil e Mundo \u00c1rabe: Neg\u00f3cios, Marketing e Diplomacia Econ\u00f4mica Ampliada\u201d destaca a import\u00e2ncia da rela\u00e7\u00e3o comercial do Brasil com o bloco, as oportunidades de neg\u00f3cios na regi\u00e3o, experi\u00eancias reais de negocia\u00e7\u00f5es, al\u00e9m de cases de empresas bem-sucedidas que souberam evitar equ\u00edvocos e adequar produtos, servi\u00e7os, processos de marketing e de comunica\u00e7\u00e3o \u00e0 cultura local.<\/p>\n<div id=\"attachment_287317\" style=\"width: 253px\" class=\"wp-caption alignnone\"><img fetchpriority=\"high\" decoding=\"async\" aria-describedby=\"caption-attachment-287317\" class=\"wp-image-287317\" src=\"https:\/\/pensaragro.com.br\/wp-content\/uploads\/2025\/02\/isan-1-220x300.jpg\" alt=\"\" width=\"243\" height=\"331\"><\/p>\n<p id=\"caption-attachment-287317\" class=\"wp-caption-text\"><span style=\"font-size: 12px\"><em>Isan Rezende, o Presidente da C\u00e2mara de Com\u00e9rcio \u00c1rabe Brasileira Dr. William Adib Dib Junior e a editora da coluna Agro Ar\u00e1bia Maria Cristina Calil<\/em><\/span><\/p>\n<\/div>\n<div id=\"attachment_287319\" style=\"width: 393px\" class=\"wp-caption alignnone\"><img decoding=\"async\" aria-describedby=\"caption-attachment-287319\" class=\"wp-image-287319\" src=\"https:\/\/pensaragro.com.br\/wp-content\/uploads\/2025\/02\/livro-arabe-300x152.jpg\" alt=\"\" width=\"383\" height=\"194\"><\/p>\n<p id=\"caption-attachment-287319\" class=\"wp-caption-text\"><span style=\"font-size: 12px\"><em>Maria Cristina Calil, Osmar Chohfi, ex Embaixador e Presidente da C\u00e2mara de Com\u00e9rcio \u00c1rabe Brasileira; Isan e Acimar Lisboa<\/em><\/span><\/p>\n<\/div>\n<p>COOPERA\u00c7\u00c3O \u2013 O presidente do Instituto do Agroneg\u00f3cio (IA) Isan Rezende, esteve presente no evento, refor\u00e7ando a coopera\u00e7\u00e3o com os Emirados \u00c1rabes Unidos, visando fortalecer as rela\u00e7\u00f5es culturais e comerciais entre o Brasil e os pa\u00edses \u00e1rabes.<\/p>\n<p>Esta iniciativa busca estruturar estrat\u00e9gias comerciais e promover a divulga\u00e7\u00e3o de autoridades \u00e1rabes no projeto Pensar Agro, especialmente na coluna Agro Ar\u00e1bia da revista, coordenada por Maria Cristina Calil e seu assistente editorial, Marco Calil.<\/p>\n<p>Al\u00e9m de Isan Rezende, Maria Cristina Calil e Marco Calil, destacaram-se no evento Osmar Chohfi, ex-embaixador e presidente da C\u00e2mara de Com\u00e9rcio \u00c1rabe-Brasileira, e Acimar Lisboa, CEO da NU Tecnologia. A presen\u00e7a dessas personalidades refor\u00e7a o compromisso m\u00fatuo em estreitar os la\u00e7os entre o Brasil e o mundo \u00e1rabe, promovendo interc\u00e2mbios culturais e oportunidades comerciais.<\/p>\n<p>A coopera\u00e7\u00e3o estabelecida pelo Instituto do Agroneg\u00f3cio com os Emirados \u00c1rabes Unidos representa um passo significativo na amplia\u00e7\u00e3o das rela\u00e7\u00f5es bilaterais, promovendo o desenvolvimento de projetos conjuntos e a troca de conhecimentos entre as na\u00e7\u00f5es.<\/p>\n<p id=\"infocoweb_fonte\" class=\"infocoweb_fonte\">Fonte: <a target=\"_blank\" href=\"https:\/\/pensaragro.com.br\/lancado-o-livro-brasil-e-mundo-arabe-negocios-marketing-e-diplomacia\/#0059ea59-8124-4e36-8f4f-534628876fb0\">Pensar Agro<\/a><\/p>\n","protected":false},"excerpt":{"rendered":"<p>A C\u00e2mara de Com\u00e9rcio \u00c1rabe-Brasileira o lan\u00e7amento do livro \u201cBrasil e Mundo \u00c1rabe: Neg\u00f3cios, Marketing e Diplomacia Econ\u00f4mica Ampliada\u201d, de Rubens Hannun. O evento contou com a presen\u00e7a de aproximadamente 400 participantes, incluindo o ex-presidente Michel Temer, que escreveu o pref\u00e1cio da obra. Durante o evento, especialistas discutiram o futuro das rela\u00e7\u00f5es comerciais e diplom\u00e1ticas [&hellip;]<\/p>\n","protected":false},"author":5,"featured_media":115075,"comment_status":"open","ping_status":"open","sticky":false,"template":"","format":"standard","meta":{"_acf_changed":false,"_angie_page":false,"_monsterinsights_skip_tracking":false,"_themeisle_gutenberg_block_has_review":false,"page_builder":"","footnotes":"","jetpack_publicize_message":"","jetpack_publicize_feature_enabled":true,"jetpack_social_post_already_shared":true,"jetpack_social_options":{"image_generator_settings":{"template":"highway","default_image_id":0,"font":"","enabled":false},"version":2}},"categories":[2],"tags":[5261,179,3769,2355,10391,1224,3858],"class_list":["post-115074","post","type-post","status-publish","format-standard","has-post-thumbnail","hentry","category-politica","tag-arabe","tag-brasil","tag-diplomacia","tag-livro","tag-marketing","tag-mundo","tag-negocios"],"acf":[],"nelio_content":{"autoShareEndMode":"never","automationSources":{"useCustomSentences":false,"customSentences":[]},"efiAlt":"","efiUrl":"","followers":[],"highlights":[],"isAutoShareEnabled":true,"networkImageIds":[],"permalinkQueryArgs":[],"series":[],"suggestedReferences":[]},"yoast_head":"<!-- This site is optimized with the Yoast SEO plugin v28.3 - https:\/\/yoast.com\/product\/yoast-seo-wordpress\/ -->\n<title>Lan\u00e7ado o livro: Brasil e Mundo \u00c1rabe: Neg\u00f3cios, Marketing e Diplomacia<\/title>\n<meta name=\"description\" content=\"Lan\u00e7ado o livro: Brasil e Mundo \u00c1rabe: Neg\u00f3cios, Marketing e Diplomacia\" \/>\n<meta name=\"robots\" content=\"index, follow, max-snippet:-1, max-image-preview:large, max-video-preview:-1\" \/>\n<link rel=\"canonical\" href=\"https:\/\/www.fatosefotosnews.com.br\/?p=115074\" \/>\n<meta property=\"og:locale\" content=\"pt_BR\" \/>\n<meta property=\"og:type\" content=\"article\" \/>\n<meta property=\"og:title\" content=\"Lan\u00e7ado o livro: Brasil e Mundo \u00c1rabe: Neg\u00f3cios, Marketing e Diplomacia\" \/>\n<meta property=\"og:description\" content=\"Lan\u00e7ado o livro: Brasil e Mundo \u00c1rabe: Neg\u00f3cios, Marketing e Diplomacia\" \/>\n<meta property=\"og:url\" content=\"https:\/\/www.fatosefotosnews.com.br\/?p=115074\" \/>\n<meta property=\"og:site_name\" content=\"Fatos e Fotos News\" \/>\n<meta property=\"article:published_time\" content=\"2025-02-19T10:27:23+00:00\" \/>\n<meta property=\"og:image\" content=\"https:\/\/www.fatosefotosnews.com.br\/wp-content\/uploads\/2025\/02\/c7958ae432d71319d4e29442af9a2522.jpeg\" \/>\n\t<meta property=\"og:image:width\" content=\"1024\" \/>\n\t<meta property=\"og:image:height\" content=\"731\" \/>\n\t<meta property=\"og:image:type\" content=\"image\/jpeg\" \/>\n<meta name=\"author\" content=\"Da Reda\u00e7\u00e3o\" \/>\n<meta name=\"twitter:card\" content=\"summary_large_image\" \/>\n<meta name=\"twitter:label1\" content=\"Escrito por\" \/>\n\t<meta name=\"twitter:data1\" content=\"Da Reda\u00e7\u00e3o\" \/>\n\t<meta name=\"twitter:label2\" content=\"Est. tempo de leitura\" \/>\n\t<meta name=\"twitter:data2\" content=\"99 minutos\" \/>\n<script type=\"application\/ld+json\" class=\"yoast-schema-graph\">{\"@context\":\"https:\\\/\\\/schema.org\",\"@graph\":[{\"@type\":\"Article\",\"@id\":\"https:\\\/\\\/www.fatosefotosnews.com.br\\\/?p=115074#article\",\"isPartOf\":{\"@id\":\"https:\\\/\\\/www.fatosefotosnews.com.br\\\/?p=115074\"},\"author\":{\"name\":\"Da Reda\u00e7\u00e3o\",\"@id\":\"https:\\\/\\\/www.fatosefotosnews.com.br\\\/#\\\/schema\\\/person\\\/3b80f81d08670fb1f6690e07eb8b5dc6\"},\"headline\":\"Lan\u00e7ado o livro: Brasil e Mundo \u00c1rabe: Neg\u00f3cios, Marketing e Diplomacia\",\"datePublished\":\"2025-02-19T10:27:23+00:00\",\"mainEntityOfPage\":{\"@id\":\"https:\\\/\\\/www.fatosefotosnews.com.br\\\/?p=115074\"},\"wordCount\":530,\"commentCount\":0,\"publisher\":{\"@id\":\"https:\\\/\\\/www.fatosefotosnews.com.br\\\/#organization\"},\"image\":{\"@id\":\"https:\\\/\\\/www.fatosefotosnews.com.br\\\/?p=115074#primaryimage\"},\"thumbnailUrl\":\"https:\\\/\\\/www.fatosefotosnews.com.br\\\/wp-content\\\/uploads\\\/2025\\\/02\\\/c7958ae432d71319d4e29442af9a2522.jpeg\",\"keywords\":[\"arabe\",\"Brasil\",\"diplomacia\",\"livro\",\"marketing\",\"mundo\",\"negocios\"],\"articleSection\":[\"Pol\u00edtica\"],\"inLanguage\":\"pt-BR\",\"potentialAction\":[{\"@type\":\"CommentAction\",\"name\":\"Comment\",\"target\":[\"https:\\\/\\\/www.fatosefotosnews.com.br\\\/?p=115074#respond\"]}]},{\"@type\":\"WebPage\",\"@id\":\"https:\\\/\\\/www.fatosefotosnews.com.br\\\/?p=115074\",\"url\":\"https:\\\/\\\/www.fatosefotosnews.com.br\\\/?p=115074\",\"name\":\"Lan\u00e7ado o livro: Brasil e Mundo \u00c1rabe: Neg\u00f3cios, Marketing e Diplomacia\",\"isPartOf\":{\"@id\":\"https:\\\/\\\/www.fatosefotosnews.com.br\\\/#website\"},\"primaryImageOfPage\":{\"@id\":\"https:\\\/\\\/www.fatosefotosnews.com.br\\\/?p=115074#primaryimage\"},\"image\":{\"@id\":\"https:\\\/\\\/www.fatosefotosnews.com.br\\\/?p=115074#primaryimage\"},\"thumbnailUrl\":\"https:\\\/\\\/www.fatosefotosnews.com.br\\\/wp-content\\\/uploads\\\/2025\\\/02\\\/c7958ae432d71319d4e29442af9a2522.jpeg\",\"datePublished\":\"2025-02-19T10:27:23+00:00\",\"description\":\"Lan\u00e7ado o livro: Brasil e Mundo \u00c1rabe: Neg\u00f3cios, Marketing e Diplomacia\",\"breadcrumb\":{\"@id\":\"https:\\\/\\\/www.fatosefotosnews.com.br\\\/?p=115074#breadcrumb\"},\"inLanguage\":\"pt-BR\",\"potentialAction\":[{\"@type\":\"ReadAction\",\"target\":[\"https:\\\/\\\/www.fatosefotosnews.com.br\\\/?p=115074\"]}]},{\"@type\":\"ImageObject\",\"inLanguage\":\"pt-BR\",\"@id\":\"https:\\\/\\\/www.fatosefotosnews.com.br\\\/?p=115074#primaryimage\",\"url\":\"https:\\\/\\\/www.fatosefotosnews.com.br\\\/wp-content\\\/uploads\\\/2025\\\/02\\\/c7958ae432d71319d4e29442af9a2522.jpeg\",\"contentUrl\":\"https:\\\/\\\/www.fatosefotosnews.com.br\\\/wp-content\\\/uploads\\\/2025\\\/02\\\/c7958ae432d71319d4e29442af9a2522.jpeg\",\"width\":1024,\"height\":731},{\"@type\":\"BreadcrumbList\",\"@id\":\"https:\\\/\\\/www.fatosefotosnews.com.br\\\/?p=115074#breadcrumb\",\"itemListElement\":[{\"@type\":\"ListItem\",\"position\":1,\"name\":\"In\u00edcio\",\"item\":\"https:\\\/\\\/www.fatosefotosnews.com.br\\\/\"},{\"@type\":\"ListItem\",\"position\":2,\"name\":\"Lan\u00e7ado o livro: Brasil e Mundo \u00c1rabe: Neg\u00f3cios, Marketing e Diplomacia\"}]},{\"@type\":\"WebSite\",\"@id\":\"https:\\\/\\\/www.fatosefotosnews.com.br\\\/#website\",\"url\":\"https:\\\/\\\/www.fatosefotosnews.com.br\\\/\",\"name\":\"Fatos e Fotos News\",\"description\":\"Um site de noticial verdadeira e confi\u00e1veis.\",\"publisher\":{\"@id\":\"https:\\\/\\\/www.fatosefotosnews.com.br\\\/#organization\"},\"potentialAction\":[{\"@type\":\"SearchAction\",\"target\":{\"@type\":\"EntryPoint\",\"urlTemplate\":\"https:\\\/\\\/www.fatosefotosnews.com.br\\\/?s={search_term_string}\"},\"query-input\":{\"@type\":\"PropertyValueSpecification\",\"valueRequired\":true,\"valueName\":\"search_term_string\"}}],\"inLanguage\":\"pt-BR\"},{\"@type\":\"Organization\",\"@id\":\"https:\\\/\\\/www.fatosefotosnews.com.br\\\/#organization\",\"name\":\"Fatos e Fotos News\",\"url\":\"https:\\\/\\\/www.fatosefotosnews.com.br\\\/\",\"logo\":{\"@type\":\"ImageObject\",\"inLanguage\":\"pt-BR\",\"@id\":\"https:\\\/\\\/www.fatosefotosnews.com.br\\\/#\\\/schema\\\/logo\\\/image\\\/\",\"url\":\"https:\\\/\\\/www.fatosefotosnews.com.br\\\/wp-content\\\/uploads\\\/2023\\\/02\\\/Fatos-e-Fotos-news-logo.png\",\"contentUrl\":\"https:\\\/\\\/www.fatosefotosnews.com.br\\\/wp-content\\\/uploads\\\/2023\\\/02\\\/Fatos-e-Fotos-news-logo.png\",\"width\":300,\"height\":58,\"caption\":\"Fatos e Fotos News\"},\"image\":{\"@id\":\"https:\\\/\\\/www.fatosefotosnews.com.br\\\/#\\\/schema\\\/logo\\\/image\\\/\"}},{\"@type\":\"Person\",\"@id\":\"https:\\\/\\\/www.fatosefotosnews.com.br\\\/#\\\/schema\\\/person\\\/3b80f81d08670fb1f6690e07eb8b5dc6\",\"name\":\"Da Reda\u00e7\u00e3o\",\"image\":{\"@type\":\"ImageObject\",\"inLanguage\":\"pt-BR\",\"@id\":\"https:\\\/\\\/secure.gravatar.com\\\/avatar\\\/696d39935a657bf0fc95044dbc9f912520430a0eb6dd46c85dd97eb6483b249b?s=96&d=mm&r=g\",\"url\":\"https:\\\/\\\/secure.gravatar.com\\\/avatar\\\/696d39935a657bf0fc95044dbc9f912520430a0eb6dd46c85dd97eb6483b249b?s=96&d=mm&r=g\",\"contentUrl\":\"https:\\\/\\\/secure.gravatar.com\\\/avatar\\\/696d39935a657bf0fc95044dbc9f912520430a0eb6dd46c85dd97eb6483b249b?s=96&d=mm&r=g\",\"caption\":\"Da Reda\u00e7\u00e3o\"},\"url\":\"https:\\\/\\\/www.fatosefotosnews.com.br\\\/?author=5\"}]}<\/script>\n<!-- \/ Yoast SEO plugin. -->","yoast_head_json":{"title":"Lan\u00e7ado o livro: Brasil e Mundo \u00c1rabe: Neg\u00f3cios, Marketing e Diplomacia","description":"Lan\u00e7ado o livro: Brasil e Mundo \u00c1rabe: Neg\u00f3cios, Marketing e Diplomacia","robots":{"index":"index","follow":"follow","max-snippet":"max-snippet:-1","max-image-preview":"max-image-preview:large","max-video-preview":"max-video-preview:-1"},"canonical":"https:\/\/www.fatosefotosnews.com.br\/?p=115074","og_locale":"pt_BR","og_type":"article","og_title":"Lan\u00e7ado o livro: Brasil e Mundo \u00c1rabe: Neg\u00f3cios, Marketing e Diplomacia","og_description":"Lan\u00e7ado o livro: Brasil e Mundo \u00c1rabe: Neg\u00f3cios, Marketing e Diplomacia","og_url":"https:\/\/www.fatosefotosnews.com.br\/?p=115074","og_site_name":"Fatos e Fotos News","article_published_time":"2025-02-19T10:27:23+00:00","og_image":[{"width":1024,"height":731,"url":"https:\/\/www.fatosefotosnews.com.br\/wp-content\/uploads\/2025\/02\/c7958ae432d71319d4e29442af9a2522.jpeg","type":"image\/jpeg"}],"author":"Da Reda\u00e7\u00e3o","twitter_card":"summary_large_image","twitter_misc":{"Escrito por":"Da Reda\u00e7\u00e3o","Est. tempo de leitura":"99 minutos"},"schema":{"@context":"https:\/\/schema.org","@graph":[{"@type":"Article","@id":"https:\/\/www.fatosefotosnews.com.br\/?p=115074#article","isPartOf":{"@id":"https:\/\/www.fatosefotosnews.com.br\/?p=115074"},"author":{"name":"Da Reda\u00e7\u00e3o","@id":"https:\/\/www.fatosefotosnews.com.br\/#\/schema\/person\/3b80f81d08670fb1f6690e07eb8b5dc6"},"headline":"Lan\u00e7ado o livro: Brasil e Mundo \u00c1rabe: Neg\u00f3cios, Marketing e Diplomacia","datePublished":"2025-02-19T10:27:23+00:00","mainEntityOfPage":{"@id":"https:\/\/www.fatosefotosnews.com.br\/?p=115074"},"wordCount":530,"commentCount":0,"publisher":{"@id":"https:\/\/www.fatosefotosnews.com.br\/#organization"},"image":{"@id":"https:\/\/www.fatosefotosnews.com.br\/?p=115074#primaryimage"},"thumbnailUrl":"https:\/\/www.fatosefotosnews.com.br\/wp-content\/uploads\/2025\/02\/c7958ae432d71319d4e29442af9a2522.jpeg","keywords":["arabe","Brasil","diplomacia","livro","marketing","mundo","negocios"],"articleSection":["Pol\u00edtica"],"inLanguage":"pt-BR","potentialAction":[{"@type":"CommentAction","name":"Comment","target":["https:\/\/www.fatosefotosnews.com.br\/?p=115074#respond"]}]},{"@type":"WebPage","@id":"https:\/\/www.fatosefotosnews.com.br\/?p=115074","url":"https:\/\/www.fatosefotosnews.com.br\/?p=115074","name":"Lan\u00e7ado o livro: Brasil e Mundo \u00c1rabe: Neg\u00f3cios, Marketing e Diplomacia","isPartOf":{"@id":"https:\/\/www.fatosefotosnews.com.br\/#website"},"primaryImageOfPage":{"@id":"https:\/\/www.fatosefotosnews.com.br\/?p=115074#primaryimage"},"image":{"@id":"https:\/\/www.fatosefotosnews.com.br\/?p=115074#primaryimage"},"thumbnailUrl":"https:\/\/www.fatosefotosnews.com.br\/wp-content\/uploads\/2025\/02\/c7958ae432d71319d4e29442af9a2522.jpeg","datePublished":"2025-02-19T10:27:23+00:00","description":"Lan\u00e7ado o livro: Brasil e Mundo \u00c1rabe: Neg\u00f3cios, Marketing e Diplomacia","breadcrumb":{"@id":"https:\/\/www.fatosefotosnews.com.br\/?p=115074#breadcrumb"},"inLanguage":"pt-BR","potentialAction":[{"@type":"ReadAction","target":["https:\/\/www.fatosefotosnews.com.br\/?p=115074"]}]},{"@type":"ImageObject","inLanguage":"pt-BR","@id":"https:\/\/www.fatosefotosnews.com.br\/?p=115074#primaryimage","url":"https:\/\/www.fatosefotosnews.com.br\/wp-content\/uploads\/2025\/02\/c7958ae432d71319d4e29442af9a2522.jpeg","contentUrl":"https:\/\/www.fatosefotosnews.com.br\/wp-content\/uploads\/2025\/02\/c7958ae432d71319d4e29442af9a2522.jpeg","width":1024,"height":731},{"@type":"BreadcrumbList","@id":"https:\/\/www.fatosefotosnews.com.br\/?p=115074#breadcrumb","itemListElement":[{"@type":"ListItem","position":1,"name":"In\u00edcio","item":"https:\/\/www.fatosefotosnews.com.br\/"},{"@type":"ListItem","position":2,"name":"Lan\u00e7ado o livro: Brasil e Mundo \u00c1rabe: Neg\u00f3cios, Marketing e Diplomacia"}]},{"@type":"WebSite","@id":"https:\/\/www.fatosefotosnews.com.br\/#website","url":"https:\/\/www.fatosefotosnews.com.br\/","name":"Fatos e Fotos News","description":"Um site de noticial verdadeira e confi\u00e1veis.","publisher":{"@id":"https:\/\/www.fatosefotosnews.com.br\/#organization"},"potentialAction":[{"@type":"SearchAction","target":{"@type":"EntryPoint","urlTemplate":"https:\/\/www.fatosefotosnews.com.br\/?s={search_term_string}"},"query-input":{"@type":"PropertyValueSpecification","valueRequired":true,"valueName":"search_term_string"}}],"inLanguage":"pt-BR"},{"@type":"Organization","@id":"https:\/\/www.fatosefotosnews.com.br\/#organization","name":"Fatos e Fotos News","url":"https:\/\/www.fatosefotosnews.com.br\/","logo":{"@type":"ImageObject","inLanguage":"pt-BR","@id":"https:\/\/www.fatosefotosnews.com.br\/#\/schema\/logo\/image\/","url":"https:\/\/www.fatosefotosnews.com.br\/wp-content\/uploads\/2023\/02\/Fatos-e-Fotos-news-logo.png","contentUrl":"https:\/\/www.fatosefotosnews.com.br\/wp-content\/uploads\/2023\/02\/Fatos-e-Fotos-news-logo.png","width":300,"height":58,"caption":"Fatos e Fotos News"},"image":{"@id":"https:\/\/www.fatosefotosnews.com.br\/#\/schema\/logo\/image\/"}},{"@type":"Person","@id":"https:\/\/www.fatosefotosnews.com.br\/#\/schema\/person\/3b80f81d08670fb1f6690e07eb8b5dc6","name":"Da Reda\u00e7\u00e3o","image":{"@type":"ImageObject","inLanguage":"pt-BR","@id":"https:\/\/secure.gravatar.com\/avatar\/696d39935a657bf0fc95044dbc9f912520430a0eb6dd46c85dd97eb6483b249b?s=96&d=mm&r=g","url":"https:\/\/secure.gravatar.com\/avatar\/696d39935a657bf0fc95044dbc9f912520430a0eb6dd46c85dd97eb6483b249b?s=96&d=mm&r=g","contentUrl":"https:\/\/secure.gravatar.com\/avatar\/696d39935a657bf0fc95044dbc9f912520430a0eb6dd46c85dd97eb6483b249b?s=96&d=mm&r=g","caption":"Da Reda\u00e7\u00e3o"},"url":"https:\/\/www.fatosefotosnews.com.br\/?author=5"}]}},"jetpack_publicize_connections":[],"blog_post_layout_featured_media_urls":{"thumbnail":["https:\/\/www.fatosefotosnews.com.br\/wp-content\/uploads\/2025\/02\/c7958ae432d71319d4e29442af9a2522-150x150.jpeg",150,150,true],"full":["https:\/\/www.fatosefotosnews.com.br\/wp-content\/uploads\/2025\/02\/c7958ae432d71319d4e29442af9a2522.jpeg",1024,731,false]},"categories_names":{"2":{"name":"Pol\u00edtica","link":"https:\/\/www.fatosefotosnews.com.br\/?cat=2"}},"tags_names":{"5261":{"name":"arabe","link":"https:\/\/www.fatosefotosnews.com.br\/?tag=arabe"},"179":{"name":"Brasil","link":"https:\/\/www.fatosefotosnews.com.br\/?tag=brasil"},"3769":{"name":"diplomacia","link":"https:\/\/www.fatosefotosnews.com.br\/?tag=diplomacia"},"2355":{"name":"livro","link":"https:\/\/www.fatosefotosnews.com.br\/?tag=livro"},"10391":{"name":"marketing","link":"https:\/\/www.fatosefotosnews.com.br\/?tag=marketing"},"1224":{"name":"mundo","link":"https:\/\/www.fatosefotosnews.com.br\/?tag=mundo"},"3858":{"name":"negocios","link":"https:\/\/www.fatosefotosnews.com.br\/?tag=negocios"}},"comments_number":"0","wpmagazine_modules_lite_featured_media_urls":{"thumbnail":["https:\/\/www.fatosefotosnews.com.br\/wp-content\/uploads\/2025\/02\/c7958ae432d71319d4e29442af9a2522-150x150.jpeg",150,150,true],"cvmm-medium":["https:\/\/www.fatosefotosnews.com.br\/wp-content\/uploads\/2025\/02\/c7958ae432d71319d4e29442af9a2522-300x300.jpeg",300,300,true],"cvmm-medium-plus":["https:\/\/www.fatosefotosnews.com.br\/wp-content\/uploads\/2025\/02\/c7958ae432d71319d4e29442af9a2522-305x207.jpeg",305,207,true],"cvmm-portrait":["https:\/\/www.fatosefotosnews.com.br\/wp-content\/uploads\/2025\/02\/c7958ae432d71319d4e29442af9a2522-400x600.jpeg",400,600,true],"cvmm-medium-square":["https:\/\/www.fatosefotosnews.com.br\/wp-content\/uploads\/2025\/02\/c7958ae432d71319d4e29442af9a2522-600x600.jpeg",600,600,true],"cvmm-large":["https:\/\/www.fatosefotosnews.com.br\/wp-content\/uploads\/2025\/02\/c7958ae432d71319d4e29442af9a2522.jpeg",1024,731,false],"cvmm-small":["https:\/\/www.fatosefotosnews.com.br\/wp-content\/uploads\/2025\/02\/c7958ae432d71319d4e29442af9a2522-130x95.jpeg",130,95,true],"full":["https:\/\/www.fatosefotosnews.com.br\/wp-content\/uploads\/2025\/02\/c7958ae432d71319d4e29442af9a2522.jpeg",1024,731,false]},"_links":{"self":[{"href":"https:\/\/www.fatosefotosnews.com.br\/index.php?rest_route=\/wp\/v2\/posts\/115074","targetHints":{"allow":["GET"]}}],"collection":[{"href":"https:\/\/www.fatosefotosnews.com.br\/index.php?rest_route=\/wp\/v2\/posts"}],"about":[{"href":"https:\/\/www.fatosefotosnews.com.br\/index.php?rest_route=\/wp\/v2\/types\/post"}],"author":[{"embeddable":true,"href":"https:\/\/www.fatosefotosnews.com.br\/index.php?rest_route=\/wp\/v2\/users\/5"}],"replies":[{"embeddable":true,"href":"https:\/\/www.fatosefotosnews.com.br\/index.php?rest_route=%2Fwp%2Fv2%2Fcomments&post=115074"}],"version-history":[{"count":0,"href":"https:\/\/www.fatosefotosnews.com.br\/index.php?rest_route=\/wp\/v2\/posts\/115074\/revisions"}],"wp:featuredmedia":[{"embeddable":true,"href":"https:\/\/www.fatosefotosnews.com.br\/index.php?rest_route=\/wp\/v2\/media\/115075"}],"wp:attachment":[{"href":"https:\/\/www.fatosefotosnews.com.br\/index.php?rest_route=%2Fwp%2Fv2%2Fmedia&parent=115074"}],"wp:term":[{"taxonomy":"category","embeddable":true,"href":"https:\/\/www.fatosefotosnews.com.br\/index.php?rest_route=%2Fwp%2Fv2%2Fcategories&post=115074"},{"taxonomy":"post_tag","embeddable":true,"href":"https:\/\/www.fatosefotosnews.com.br\/index.php?rest_route=%2Fwp%2Fv2%2Ftags&post=115074"}],"curies":[{"name":"wp","href":"https:\/\/api.w.org\/{rel}","templated":true}]}}