{"id":115500,"date":"2025-02-26T17:19:17","date_gmt":"2025-02-26T20:19:17","guid":{"rendered":"https:\/\/www.fatosefotosnews.com.br\/?p=115500"},"modified":"2025-02-26T17:19:17","modified_gmt":"2025-02-26T20:19:17","slug":"congresso-promete-ao-stf-identificar-os-padrinhos-das-emendas","status":"publish","type":"post","link":"https:\/\/www.fatosefotosnews.com.br\/?p=115500","title":{"rendered":"Congresso promete ao STF identificar os padrinhos das emendas"},"content":{"rendered":"<div class=\"header-noticia full-width\">\n<h3 class=\"linha-fina-noticia\">Compromisso foi encaminhado ao ministro Fl\u00e1vio Dino<\/h3>\n<\/div>\n<div class=\"subheader\">\n<div class=\"container-autoria\">\n<div class=\"local\">Foto: Arquivo\/fatosefotosnews<\/div>\n<\/div>\n<\/div>\n<div class=\"conteudo-noticia\">\n<p>As\u00a0<strong>mesas diretoras da C\u00e2mara e do Senado<\/strong>\u00a0enviaram ao ministro Fl\u00e1vio Dino, do Supremo Tribunal Federal (STF), um documento em que se comprometem a identificar todos os parlamentares respons\u00e1veis por indicar a\u00a0<strong>destina\u00e7\u00e3o de emendas ao Or\u00e7amento da Uni\u00e3o<\/strong>, bem como os benefici\u00e1rios dos repasses.<img decoding=\"async\" src=\"https:\/\/agenciabrasil.ebc.com.br\/ebc.png?id=1632017&amp;o=node\" \/><img decoding=\"async\" src=\"https:\/\/agenciabrasil.ebc.com.br\/ebc.gif?id=1632017&amp;o=node\" \/><\/p>\n<p>Ambas as\u00a0<strong>casas legislativas prometeram que, do exerc\u00edcio financeiro de 2025 em diante n\u00e3o ser\u00e1 mais poss\u00edvel empenhar emendas sem a identifica\u00e7\u00e3o de padrinho<\/strong>\u00a0e benefici\u00e1rio final, principal problema apontado pelo Supremo na execu\u00e7\u00e3o de emendas or\u00e7ament\u00e1rias.<\/p>\n<p>A falta de transpar\u00eancia na libera\u00e7\u00e3o de emendas levou a um impasse com o Supremo, que imp\u00f4s crit\u00e9rios mais r\u00edgidos para que os repasses pudessem ser feitos. Diante do impasse, a\u00a0<strong>Lei Or\u00e7ament\u00e1ria Anual de 2025 (LOA) ainda n\u00e3o foi aprovada pelo Congresso<\/strong>.<\/p>\n<p>O\u00a0<a href=\"https:\/\/agenciabrasil.ebc.com.br\/justica\/noticia\/2025-02\/dino-convoca-audiencia-com-executivo-e-congresso-sobre-emendas\" target=\"_blank\" rel=\"noopener\">plano conjunto foi apresentado a Dino, relator do tema no Supremo, na v\u00e9spera de uma audi\u00eancia de concilia\u00e7\u00e3o<\/a>\u00a0convocada pelo ministro para avaliar a execu\u00e7\u00e3o das medidas de controle e transpar\u00eancia determinadas por ele, e pelo plen\u00e1rio da Corte, desde 2022.<\/p>\n<p>O\u00a0<strong>Plano de Trabalho Conjunto foi enviado ao Supremo ap\u00f3s acordo com o governo federal<\/strong>. A Advocacia-Geral da Uni\u00e3o (AGU) tamb\u00e9m informou ao ministro Fl\u00e1vio Dino sobre medidas para aprimorar a transpar\u00eancia em sistemas mantidos pela Uni\u00e3o para divulgar a execu\u00e7\u00e3o do Or\u00e7amento, com a inclus\u00e3o do nome dos parlamentares respons\u00e1veis por cada emenda liberada.<\/p>\n<p>Segundo a AGU, o plano conjunto tem como objetivo \u201caprimorar a interface entre os sistemas dos poderes Executivo e Legislativo na execu\u00e7\u00e3o das emendas, aprimorando o tr\u00e2mite administrativo e facilitando o controle social e o acesso p\u00fablico \u00e0s informa\u00e7\u00f5es\u201d.<\/p>\n<p><strong>O governo federal tamb\u00e9m prometeu empenho na fiscaliza\u00e7\u00e3o da execu\u00e7\u00e3o or\u00e7ament\u00e1ria<\/strong>.<\/p>\n<h2>Mudan\u00e7a de regra<\/h2>\n<p>O plano aborda, em especial, as emendas individuais de transfer\u00eancia, as chamadas emendas Pix &#8211; identificada nos sistemas or\u00e7ament\u00e1rios pela sigla RP6 -, de bancada estadual (RP7), de comiss\u00e3o (RP8) e as emendas de relator, que deram origem \u00e0 express\u00e3o \u201cor\u00e7amento secreto\u201d (RP9).<\/p>\n<p>As duas Casas prometeram aprovar uma mudan\u00e7a na resolu\u00e7\u00e3o que disciplina a proposi\u00e7\u00e3o de emendas parlamentares, de modo a adequar as regras e cumprir a determina\u00e7\u00e3o do Supremo de identificar cada congressista respons\u00e1vel por indicar emendas, incluindo as de comiss\u00e3o e de bancada.<\/p>\n<p>Segundo o plano, a indica\u00e7\u00e3o de cada emenda precisar\u00e1 obrigatoriamente ser acompanhada de ata de delibera\u00e7\u00e3o na respectiva comiss\u00e3o ou bancada partid\u00e1ria e estadual, bem como de planilhas indicando quem prop\u00f4s cada destina\u00e7\u00e3o dos recursos e o benefici\u00e1rio.<\/p>\n<p>A medida visa impedir o chamado \u201crateio\u201d de emendas em comiss\u00f5es, quando uma emenda gen\u00e9rica acaba sendo dividida entre diferentes destinos sem que seja identificado o parlamentar que fez a indica\u00e7\u00e3o.<\/p>\n<p>De acordo com as informa\u00e7\u00f5es da C\u00e2mara e do Senado, as emendas apresentadas ao Or\u00e7amento de 2025 j\u00e1 foram feitas sob o novo modelo, mesmo antes da mudan\u00e7a na regra.<\/p>\n<h2>Restos a pagar<\/h2>\n<p>Em rela\u00e7\u00e3o aos restos a pagar de 2024, cada comiss\u00e3o permanente do Congresso dever\u00e1 novamente deliberar sobre cada empenho de emendas de comiss\u00e3o, ratificando ou n\u00e3o a destina\u00e7\u00e3o dos recursos, at\u00e9 o dia 31 de mar\u00e7o.<\/p>\n<p>O resultado das delibera\u00e7\u00f5es dever\u00e1 ser divulgado em cinco dias pela Comiss\u00e3o Mista do Or\u00e7amento (CMO), informaram a C\u00e2mara e o Senado.<\/p>\n<p>Os restos a pagar de 2023 e anos anteriores tamb\u00e9m devem ter seus padrinhos e benefici\u00e1rios identificados, por meio de atualiza\u00e7\u00f5es no Registro de Apoio \u00e0s Emendas Parlamentares, sistema que dever\u00e1 ser aprimorado em 30 dias, a partir da homologa\u00e7\u00e3o do plano de trabalho pelo Supremo.<\/p>\n<p>Em dezembro, o ministro\u00a0<a href=\"https:\/\/agenciabrasil.ebc.com.br\/justica\/noticia\/2024-12\/dino-suspende-o-pagamento-de-r-42-bilhoes-em-emendas-de-comissao\" target=\"_blank\" rel=\"noopener\">Fl\u00e1vio Dino bloqueou, por exemplo, a execu\u00e7\u00e3o de ao menos R$ 4,2 bilh\u00f5es em emendas de comiss\u00e3o<\/a>\u00a0que n\u00e3o teriam cumprido crit\u00e9rios de transpar\u00eancia para sua execu\u00e7\u00e3o, por n\u00e3o permitirem identificar o pol\u00edtico que indicou a emenda ou o benefici\u00e1rio final da transfer\u00eancia de recursos.<\/p>\n<p><strong>O total destinado a emendas parlamentares no Or\u00e7amento de 2025 chega a R$ 52 bilh\u00f5es<\/strong>, uma alta em rela\u00e7\u00e3o a 2024, quando a cifra foi de R$ 49,2 bilh\u00f5es. H\u00e1 dez anos, em 2014, esse valor era de R$ 6,1 bilh\u00f5es.<\/p>\n<\/div>\n","protected":false},"excerpt":{"rendered":"<p>A falta de transpar\u00eancia na libera\u00e7\u00e3o de emendas levou a um impasse com o Supremo, que imp\u00f4s crit\u00e9rios mais r\u00edgidos para que os repasses pudessem ser feitos.<\/p>\n","protected":false},"author":1,"featured_media":115501,"comment_status":"open","ping_status":"open","sticky":false,"template":"","format":"standard","meta":{"_acf_changed":false,"_angie_page":false,"_monsterinsights_skip_tracking":false,"_themeisle_gutenberg_block_has_review":false,"page_builder":"","footnotes":"","jetpack_publicize_message":"","jetpack_publicize_feature_enabled":true,"jetpack_social_post_already_shared":true,"jetpack_social_options":{"image_generator_settings":{"template":"highway","default_image_id":0,"font":"","enabled":false},"version":2}},"categories":[167],"tags":[2288,4518,25359,10539,210],"class_list":["post-115500","post","type-post","status-publish","format-standard","has-post-thumbnail","hentry","category-geral","tag-congresso","tag-emendas","tag-padrinhos","tag-secretas","tag-stf"],"acf":[],"nelio_content":{"autoShareEndMode":"never","automationSources":{"useCustomSentences":false,"customSentences":[]},"efiAlt":"","efiUrl":"","followers":[4,1],"highlights":[],"isAutoShareEnabled":true,"networkImageIds":[],"permalinkQueryArgs":[],"series":[],"suggestedReferences":[]},"yoast_head":"<!-- This site is optimized with the Yoast SEO plugin v28.3 - https:\/\/yoast.com\/product\/yoast-seo-wordpress\/ -->\n<title>Congresso promete ao STF identificar os padrinhos das emendas - Fatos e Fotos News<\/title>\n<meta name=\"description\" content=\"A falta de transpar\u00eancia na libera\u00e7\u00e3o de emendas levou a um impasse com o Supremo, que imp\u00f4s crit\u00e9rios mais r\u00edgidos para que os repasses pudessem ser feitos.\" \/>\n<meta name=\"robots\" content=\"index, follow, max-snippet:-1, max-image-preview:large, max-video-preview:-1\" \/>\n<link rel=\"canonical\" href=\"https:\/\/www.fatosefotosnews.com.br\/?p=115500\" \/>\n<meta property=\"og:locale\" content=\"pt_BR\" \/>\n<meta property=\"og:type\" content=\"article\" \/>\n<meta property=\"og:title\" content=\"Congresso promete ao STF identificar os padrinhos das emendas - Fatos e Fotos News\" \/>\n<meta property=\"og:description\" content=\"A falta de transpar\u00eancia na libera\u00e7\u00e3o de emendas levou a um impasse com o Supremo, que imp\u00f4s crit\u00e9rios mais r\u00edgidos para que os repasses pudessem ser feitos.\" \/>\n<meta property=\"og:url\" content=\"https:\/\/www.fatosefotosnews.com.br\/?p=115500\" \/>\n<meta property=\"og:site_name\" content=\"Fatos e Fotos News\" \/>\n<meta property=\"article:published_time\" content=\"2025-02-26T20:19:17+00:00\" \/>\n<meta property=\"og:image\" content=\"https:\/\/www.fatosefotosnews.com.br\/wp-content\/uploads\/2025\/02\/WhatsApp-Image-2025-02-20-at-07.46.37-1.jpeg\" \/>\n\t<meta property=\"og:image:width\" content=\"1280\" \/>\n\t<meta property=\"og:image:height\" content=\"720\" \/>\n\t<meta property=\"og:image:type\" content=\"image\/jpeg\" \/>\n<meta name=\"author\" content=\"fatosefotosnews\" \/>\n<meta name=\"twitter:card\" content=\"summary_large_image\" \/>\n<meta name=\"twitter:label1\" content=\"Escrito por\" \/>\n\t<meta name=\"twitter:data1\" content=\"fatosefotosnews\" \/>\n\t<meta name=\"twitter:label2\" content=\"Est. tempo de leitura\" \/>\n\t<meta name=\"twitter:data2\" content=\"5 minutos\" \/>\n<script type=\"application\/ld+json\" class=\"yoast-schema-graph\">{\"@context\":\"https:\\\/\\\/schema.org\",\"@graph\":[{\"@type\":\"Article\",\"@id\":\"https:\\\/\\\/www.fatosefotosnews.com.br\\\/?p=115500#article\",\"isPartOf\":{\"@id\":\"https:\\\/\\\/www.fatosefotosnews.com.br\\\/?p=115500\"},\"author\":{\"name\":\"fatosefotosnews\",\"@id\":\"https:\\\/\\\/www.fatosefotosnews.com.br\\\/#\\\/schema\\\/person\\\/70ccaf82072edcbc921e1c3ca2259803\"},\"headline\":\"Congresso promete ao STF identificar os padrinhos das emendas\",\"datePublished\":\"2025-02-26T20:19:17+00:00\",\"mainEntityOfPage\":{\"@id\":\"https:\\\/\\\/www.fatosefotosnews.com.br\\\/?p=115500\"},\"wordCount\":768,\"commentCount\":0,\"publisher\":{\"@id\":\"https:\\\/\\\/www.fatosefotosnews.com.br\\\/#organization\"},\"image\":{\"@id\":\"https:\\\/\\\/www.fatosefotosnews.com.br\\\/?p=115500#primaryimage\"},\"thumbnailUrl\":\"https:\\\/\\\/www.fatosefotosnews.com.br\\\/wp-content\\\/uploads\\\/2025\\\/02\\\/WhatsApp-Image-2025-02-20-at-07.46.37-1.jpeg\",\"keywords\":[\"Congresso\",\"emendas\",\"padrinhos\",\"secretas\",\"STF\"],\"articleSection\":[\"Geral\"],\"inLanguage\":\"pt-BR\",\"potentialAction\":[{\"@type\":\"CommentAction\",\"name\":\"Comment\",\"target\":[\"https:\\\/\\\/www.fatosefotosnews.com.br\\\/?p=115500#respond\"]}]},{\"@type\":\"WebPage\",\"@id\":\"https:\\\/\\\/www.fatosefotosnews.com.br\\\/?p=115500\",\"url\":\"https:\\\/\\\/www.fatosefotosnews.com.br\\\/?p=115500\",\"name\":\"Congresso promete ao STF identificar os padrinhos das emendas - Fatos e Fotos News\",\"isPartOf\":{\"@id\":\"https:\\\/\\\/www.fatosefotosnews.com.br\\\/#website\"},\"primaryImageOfPage\":{\"@id\":\"https:\\\/\\\/www.fatosefotosnews.com.br\\\/?p=115500#primaryimage\"},\"image\":{\"@id\":\"https:\\\/\\\/www.fatosefotosnews.com.br\\\/?p=115500#primaryimage\"},\"thumbnailUrl\":\"https:\\\/\\\/www.fatosefotosnews.com.br\\\/wp-content\\\/uploads\\\/2025\\\/02\\\/WhatsApp-Image-2025-02-20-at-07.46.37-1.jpeg\",\"datePublished\":\"2025-02-26T20:19:17+00:00\",\"description\":\"A falta de transpar\u00eancia na libera\u00e7\u00e3o de emendas levou a um impasse com o Supremo, que imp\u00f4s crit\u00e9rios mais r\u00edgidos para que os repasses pudessem ser feitos.\",\"breadcrumb\":{\"@id\":\"https:\\\/\\\/www.fatosefotosnews.com.br\\\/?p=115500#breadcrumb\"},\"inLanguage\":\"pt-BR\",\"potentialAction\":[{\"@type\":\"ReadAction\",\"target\":[\"https:\\\/\\\/www.fatosefotosnews.com.br\\\/?p=115500\"]}]},{\"@type\":\"ImageObject\",\"inLanguage\":\"pt-BR\",\"@id\":\"https:\\\/\\\/www.fatosefotosnews.com.br\\\/?p=115500#primaryimage\",\"url\":\"https:\\\/\\\/www.fatosefotosnews.com.br\\\/wp-content\\\/uploads\\\/2025\\\/02\\\/WhatsApp-Image-2025-02-20-at-07.46.37-1.jpeg\",\"contentUrl\":\"https:\\\/\\\/www.fatosefotosnews.com.br\\\/wp-content\\\/uploads\\\/2025\\\/02\\\/WhatsApp-Image-2025-02-20-at-07.46.37-1.jpeg\",\"width\":1280,\"height\":720},{\"@type\":\"BreadcrumbList\",\"@id\":\"https:\\\/\\\/www.fatosefotosnews.com.br\\\/?p=115500#breadcrumb\",\"itemListElement\":[{\"@type\":\"ListItem\",\"position\":1,\"name\":\"In\u00edcio\",\"item\":\"https:\\\/\\\/www.fatosefotosnews.com.br\\\/\"},{\"@type\":\"ListItem\",\"position\":2,\"name\":\"Congresso promete ao STF identificar os padrinhos das emendas\"}]},{\"@type\":\"WebSite\",\"@id\":\"https:\\\/\\\/www.fatosefotosnews.com.br\\\/#website\",\"url\":\"https:\\\/\\\/www.fatosefotosnews.com.br\\\/\",\"name\":\"Fatos e Fotos News\",\"description\":\"Um site de noticial verdadeira e confi\u00e1veis.\",\"publisher\":{\"@id\":\"https:\\\/\\\/www.fatosefotosnews.com.br\\\/#organization\"},\"potentialAction\":[{\"@type\":\"SearchAction\",\"target\":{\"@type\":\"EntryPoint\",\"urlTemplate\":\"https:\\\/\\\/www.fatosefotosnews.com.br\\\/?s={search_term_string}\"},\"query-input\":{\"@type\":\"PropertyValueSpecification\",\"valueRequired\":true,\"valueName\":\"search_term_string\"}}],\"inLanguage\":\"pt-BR\"},{\"@type\":\"Organization\",\"@id\":\"https:\\\/\\\/www.fatosefotosnews.com.br\\\/#organization\",\"name\":\"Fatos e Fotos News\",\"url\":\"https:\\\/\\\/www.fatosefotosnews.com.br\\\/\",\"logo\":{\"@type\":\"ImageObject\",\"inLanguage\":\"pt-BR\",\"@id\":\"https:\\\/\\\/www.fatosefotosnews.com.br\\\/#\\\/schema\\\/logo\\\/image\\\/\",\"url\":\"https:\\\/\\\/www.fatosefotosnews.com.br\\\/wp-content\\\/uploads\\\/2023\\\/02\\\/Fatos-e-Fotos-news-logo.png\",\"contentUrl\":\"https:\\\/\\\/www.fatosefotosnews.com.br\\\/wp-content\\\/uploads\\\/2023\\\/02\\\/Fatos-e-Fotos-news-logo.png\",\"width\":300,\"height\":58,\"caption\":\"Fatos e Fotos News\"},\"image\":{\"@id\":\"https:\\\/\\\/www.fatosefotosnews.com.br\\\/#\\\/schema\\\/logo\\\/image\\\/\"}},{\"@type\":\"Person\",\"@id\":\"https:\\\/\\\/www.fatosefotosnews.com.br\\\/#\\\/schema\\\/person\\\/70ccaf82072edcbc921e1c3ca2259803\",\"name\":\"fatosefotosnews\",\"image\":{\"@type\":\"ImageObject\",\"inLanguage\":\"pt-BR\",\"@id\":\"https:\\\/\\\/secure.gravatar.com\\\/avatar\\\/b347acc00c2543eadf2855e28bb74049205ff50092da0cb7bc50f2652c752f81?s=96&d=mm&r=g\",\"url\":\"https:\\\/\\\/secure.gravatar.com\\\/avatar\\\/b347acc00c2543eadf2855e28bb74049205ff50092da0cb7bc50f2652c752f81?s=96&d=mm&r=g\",\"contentUrl\":\"https:\\\/\\\/secure.gravatar.com\\\/avatar\\\/b347acc00c2543eadf2855e28bb74049205ff50092da0cb7bc50f2652c752f81?s=96&d=mm&r=g\",\"caption\":\"fatosefotosnews\"},\"sameAs\":[\"http:\\\/\\\/www.fatosefotosnews.com.br\"],\"url\":\"https:\\\/\\\/www.fatosefotosnews.com.br\\\/?author=1\"}]}<\/script>\n<!-- \/ Yoast SEO plugin. -->","yoast_head_json":{"title":"Congresso promete ao STF identificar os padrinhos das emendas - Fatos e Fotos News","description":"A falta de transpar\u00eancia na libera\u00e7\u00e3o de emendas levou a um impasse com o Supremo, que imp\u00f4s crit\u00e9rios mais r\u00edgidos para que os repasses pudessem ser feitos.","robots":{"index":"index","follow":"follow","max-snippet":"max-snippet:-1","max-image-preview":"max-image-preview:large","max-video-preview":"max-video-preview:-1"},"canonical":"https:\/\/www.fatosefotosnews.com.br\/?p=115500","og_locale":"pt_BR","og_type":"article","og_title":"Congresso promete ao STF identificar os padrinhos das emendas - Fatos e Fotos News","og_description":"A falta de transpar\u00eancia na libera\u00e7\u00e3o de emendas levou a um impasse com o Supremo, que imp\u00f4s crit\u00e9rios mais r\u00edgidos para que os repasses pudessem ser feitos.","og_url":"https:\/\/www.fatosefotosnews.com.br\/?p=115500","og_site_name":"Fatos e Fotos News","article_published_time":"2025-02-26T20:19:17+00:00","og_image":[{"width":1280,"height":720,"url":"https:\/\/www.fatosefotosnews.com.br\/wp-content\/uploads\/2025\/02\/WhatsApp-Image-2025-02-20-at-07.46.37-1.jpeg","type":"image\/jpeg"}],"author":"fatosefotosnews","twitter_card":"summary_large_image","twitter_misc":{"Escrito por":"fatosefotosnews","Est. tempo de leitura":"5 minutos"},"schema":{"@context":"https:\/\/schema.org","@graph":[{"@type":"Article","@id":"https:\/\/www.fatosefotosnews.com.br\/?p=115500#article","isPartOf":{"@id":"https:\/\/www.fatosefotosnews.com.br\/?p=115500"},"author":{"name":"fatosefotosnews","@id":"https:\/\/www.fatosefotosnews.com.br\/#\/schema\/person\/70ccaf82072edcbc921e1c3ca2259803"},"headline":"Congresso promete ao STF identificar os padrinhos das emendas","datePublished":"2025-02-26T20:19:17+00:00","mainEntityOfPage":{"@id":"https:\/\/www.fatosefotosnews.com.br\/?p=115500"},"wordCount":768,"commentCount":0,"publisher":{"@id":"https:\/\/www.fatosefotosnews.com.br\/#organization"},"image":{"@id":"https:\/\/www.fatosefotosnews.com.br\/?p=115500#primaryimage"},"thumbnailUrl":"https:\/\/www.fatosefotosnews.com.br\/wp-content\/uploads\/2025\/02\/WhatsApp-Image-2025-02-20-at-07.46.37-1.jpeg","keywords":["Congresso","emendas","padrinhos","secretas","STF"],"articleSection":["Geral"],"inLanguage":"pt-BR","potentialAction":[{"@type":"CommentAction","name":"Comment","target":["https:\/\/www.fatosefotosnews.com.br\/?p=115500#respond"]}]},{"@type":"WebPage","@id":"https:\/\/www.fatosefotosnews.com.br\/?p=115500","url":"https:\/\/www.fatosefotosnews.com.br\/?p=115500","name":"Congresso promete ao STF identificar os padrinhos das emendas - Fatos e Fotos News","isPartOf":{"@id":"https:\/\/www.fatosefotosnews.com.br\/#website"},"primaryImageOfPage":{"@id":"https:\/\/www.fatosefotosnews.com.br\/?p=115500#primaryimage"},"image":{"@id":"https:\/\/www.fatosefotosnews.com.br\/?p=115500#primaryimage"},"thumbnailUrl":"https:\/\/www.fatosefotosnews.com.br\/wp-content\/uploads\/2025\/02\/WhatsApp-Image-2025-02-20-at-07.46.37-1.jpeg","datePublished":"2025-02-26T20:19:17+00:00","description":"A falta de transpar\u00eancia na libera\u00e7\u00e3o de emendas levou a um impasse com o Supremo, que imp\u00f4s crit\u00e9rios mais r\u00edgidos para que os repasses pudessem ser feitos.","breadcrumb":{"@id":"https:\/\/www.fatosefotosnews.com.br\/?p=115500#breadcrumb"},"inLanguage":"pt-BR","potentialAction":[{"@type":"ReadAction","target":["https:\/\/www.fatosefotosnews.com.br\/?p=115500"]}]},{"@type":"ImageObject","inLanguage":"pt-BR","@id":"https:\/\/www.fatosefotosnews.com.br\/?p=115500#primaryimage","url":"https:\/\/www.fatosefotosnews.com.br\/wp-content\/uploads\/2025\/02\/WhatsApp-Image-2025-02-20-at-07.46.37-1.jpeg","contentUrl":"https:\/\/www.fatosefotosnews.com.br\/wp-content\/uploads\/2025\/02\/WhatsApp-Image-2025-02-20-at-07.46.37-1.jpeg","width":1280,"height":720},{"@type":"BreadcrumbList","@id":"https:\/\/www.fatosefotosnews.com.br\/?p=115500#breadcrumb","itemListElement":[{"@type":"ListItem","position":1,"name":"In\u00edcio","item":"https:\/\/www.fatosefotosnews.com.br\/"},{"@type":"ListItem","position":2,"name":"Congresso promete ao STF identificar os padrinhos das emendas"}]},{"@type":"WebSite","@id":"https:\/\/www.fatosefotosnews.com.br\/#website","url":"https:\/\/www.fatosefotosnews.com.br\/","name":"Fatos e Fotos News","description":"Um site de noticial verdadeira e confi\u00e1veis.","publisher":{"@id":"https:\/\/www.fatosefotosnews.com.br\/#organization"},"potentialAction":[{"@type":"SearchAction","target":{"@type":"EntryPoint","urlTemplate":"https:\/\/www.fatosefotosnews.com.br\/?s={search_term_string}"},"query-input":{"@type":"PropertyValueSpecification","valueRequired":true,"valueName":"search_term_string"}}],"inLanguage":"pt-BR"},{"@type":"Organization","@id":"https:\/\/www.fatosefotosnews.com.br\/#organization","name":"Fatos e Fotos News","url":"https:\/\/www.fatosefotosnews.com.br\/","logo":{"@type":"ImageObject","inLanguage":"pt-BR","@id":"https:\/\/www.fatosefotosnews.com.br\/#\/schema\/logo\/image\/","url":"https:\/\/www.fatosefotosnews.com.br\/wp-content\/uploads\/2023\/02\/Fatos-e-Fotos-news-logo.png","contentUrl":"https:\/\/www.fatosefotosnews.com.br\/wp-content\/uploads\/2023\/02\/Fatos-e-Fotos-news-logo.png","width":300,"height":58,"caption":"Fatos e Fotos News"},"image":{"@id":"https:\/\/www.fatosefotosnews.com.br\/#\/schema\/logo\/image\/"}},{"@type":"Person","@id":"https:\/\/www.fatosefotosnews.com.br\/#\/schema\/person\/70ccaf82072edcbc921e1c3ca2259803","name":"fatosefotosnews","image":{"@type":"ImageObject","inLanguage":"pt-BR","@id":"https:\/\/secure.gravatar.com\/avatar\/b347acc00c2543eadf2855e28bb74049205ff50092da0cb7bc50f2652c752f81?s=96&d=mm&r=g","url":"https:\/\/secure.gravatar.com\/avatar\/b347acc00c2543eadf2855e28bb74049205ff50092da0cb7bc50f2652c752f81?s=96&d=mm&r=g","contentUrl":"https:\/\/secure.gravatar.com\/avatar\/b347acc00c2543eadf2855e28bb74049205ff50092da0cb7bc50f2652c752f81?s=96&d=mm&r=g","caption":"fatosefotosnews"},"sameAs":["http:\/\/www.fatosefotosnews.com.br"],"url":"https:\/\/www.fatosefotosnews.com.br\/?author=1"}]}},"jetpack_publicize_connections":[],"blog_post_layout_featured_media_urls":{"thumbnail":["https:\/\/www.fatosefotosnews.com.br\/wp-content\/uploads\/2025\/02\/WhatsApp-Image-2025-02-20-at-07.46.37-1-150x150.jpeg",150,150,true],"full":["https:\/\/www.fatosefotosnews.com.br\/wp-content\/uploads\/2025\/02\/WhatsApp-Image-2025-02-20-at-07.46.37-1.jpeg",1280,720,false]},"categories_names":{"167":{"name":"Geral","link":"https:\/\/www.fatosefotosnews.com.br\/?cat=167"}},"tags_names":{"2288":{"name":"Congresso","link":"https:\/\/www.fatosefotosnews.com.br\/?tag=congresso"},"4518":{"name":"emendas","link":"https:\/\/www.fatosefotosnews.com.br\/?tag=emendas"},"25359":{"name":"padrinhos","link":"https:\/\/www.fatosefotosnews.com.br\/?tag=padrinhos"},"10539":{"name":"secretas","link":"https:\/\/www.fatosefotosnews.com.br\/?tag=secretas"},"210":{"name":"STF","link":"https:\/\/www.fatosefotosnews.com.br\/?tag=stf"}},"comments_number":"0","wpmagazine_modules_lite_featured_media_urls":{"thumbnail":["https:\/\/www.fatosefotosnews.com.br\/wp-content\/uploads\/2025\/02\/WhatsApp-Image-2025-02-20-at-07.46.37-1-150x150.jpeg",150,150,true],"cvmm-medium":["https:\/\/www.fatosefotosnews.com.br\/wp-content\/uploads\/2025\/02\/WhatsApp-Image-2025-02-20-at-07.46.37-1-300x300.jpeg",300,300,true],"cvmm-medium-plus":["https:\/\/www.fatosefotosnews.com.br\/wp-content\/uploads\/2025\/02\/WhatsApp-Image-2025-02-20-at-07.46.37-1-305x207.jpeg",305,207,true],"cvmm-portrait":["https:\/\/www.fatosefotosnews.com.br\/wp-content\/uploads\/2025\/02\/WhatsApp-Image-2025-02-20-at-07.46.37-1-400x600.jpeg",400,600,true],"cvmm-medium-square":["https:\/\/www.fatosefotosnews.com.br\/wp-content\/uploads\/2025\/02\/WhatsApp-Image-2025-02-20-at-07.46.37-1-600x600.jpeg",600,600,true],"cvmm-large":["https:\/\/www.fatosefotosnews.com.br\/wp-content\/uploads\/2025\/02\/WhatsApp-Image-2025-02-20-at-07.46.37-1-1024x720.jpeg",1024,720,true],"cvmm-small":["https:\/\/www.fatosefotosnews.com.br\/wp-content\/uploads\/2025\/02\/WhatsApp-Image-2025-02-20-at-07.46.37-1-130x95.jpeg",130,95,true],"full":["https:\/\/www.fatosefotosnews.com.br\/wp-content\/uploads\/2025\/02\/WhatsApp-Image-2025-02-20-at-07.46.37-1.jpeg",1280,720,false]},"_links":{"self":[{"href":"https:\/\/www.fatosefotosnews.com.br\/index.php?rest_route=\/wp\/v2\/posts\/115500","targetHints":{"allow":["GET"]}}],"collection":[{"href":"https:\/\/www.fatosefotosnews.com.br\/index.php?rest_route=\/wp\/v2\/posts"}],"about":[{"href":"https:\/\/www.fatosefotosnews.com.br\/index.php?rest_route=\/wp\/v2\/types\/post"}],"author":[{"embeddable":true,"href":"https:\/\/www.fatosefotosnews.com.br\/index.php?rest_route=\/wp\/v2\/users\/1"}],"replies":[{"embeddable":true,"href":"https:\/\/www.fatosefotosnews.com.br\/index.php?rest_route=%2Fwp%2Fv2%2Fcomments&post=115500"}],"version-history":[{"count":1,"href":"https:\/\/www.fatosefotosnews.com.br\/index.php?rest_route=\/wp\/v2\/posts\/115500\/revisions"}],"predecessor-version":[{"id":115502,"href":"https:\/\/www.fatosefotosnews.com.br\/index.php?rest_route=\/wp\/v2\/posts\/115500\/revisions\/115502"}],"wp:featuredmedia":[{"embeddable":true,"href":"https:\/\/www.fatosefotosnews.com.br\/index.php?rest_route=\/wp\/v2\/media\/115501"}],"wp:attachment":[{"href":"https:\/\/www.fatosefotosnews.com.br\/index.php?rest_route=%2Fwp%2Fv2%2Fmedia&parent=115500"}],"wp:term":[{"taxonomy":"category","embeddable":true,"href":"https:\/\/www.fatosefotosnews.com.br\/index.php?rest_route=%2Fwp%2Fv2%2Fcategories&post=115500"},{"taxonomy":"post_tag","embeddable":true,"href":"https:\/\/www.fatosefotosnews.com.br\/index.php?rest_route=%2Fwp%2Fv2%2Ftags&post=115500"}],"curies":[{"name":"wp","href":"https:\/\/api.w.org\/{rel}","templated":true}]}}