{"id":116172,"date":"2025-03-11T09:00:57","date_gmt":"2025-03-11T12:00:57","guid":{"rendered":"https:\/\/www.fatosefotosnews.com.br\/?p=116172"},"modified":"2025-03-11T09:00:57","modified_gmt":"2025-03-11T12:00:57","slug":"revelando-sao-paulo-abre-inscricoes-para-artistas-e-expositores","status":"publish","type":"post","link":"https:\/\/www.fatosefotosnews.com.br\/?p=116172","title":{"rendered":"Revelando S\u00e3o Paulo abre inscri\u00e7\u00f5es para artistas e expositores"},"content":{"rendered":"<div class=\"header-noticia full-width\">\n<h3 class=\"linha-fina-noticia\">Evento investir\u00e1 12 milh\u00f5es em mostra de produtos t\u00edpicos<\/h3>\n<\/div>\n<div class=\"subheader\"><\/div>\n<div class=\"capa-materia rel-position\"><\/div>\n<h4>Foto: Paulo Pinto<\/h4>\n<div class=\"conteudo-noticia\">\n<p>Foi aberto nessa segunda-feira (10)\u00a0o\u00a0<a href=\"http:\/\/%20https\/\/editaisapaa.org.br\/%C2%A0\" target=\"_blank\" rel=\"noopener\">edital de participa\u00e7\u00e3o no Revelando SP 2025<\/a>. O evento re\u00fane expositores de munic\u00edpios de todas as regi\u00f5es do estado para mostrar\u00a0produtos artesanais, culin\u00e1ria t\u00edpica, dan\u00e7a e m\u00fasica.\u00a0<img decoding=\"async\" src=\"https:\/\/agenciabrasil.ebc.com.br\/ebc.png?id=1634046&amp;o=node\" \/><img decoding=\"async\" src=\"https:\/\/agenciabrasil.ebc.com.br\/ebc.gif?id=1634046&amp;o=node\" \/><\/p>\n<p><strong>O edital fica aberto de 10 a 31 de mar\u00e7o, quando os munic\u00edpios paulistas podem entrar no\u00a0<em>site<\/em>\u00a0e inscrever representantes da cultura local<\/strong>. Cada munic\u00edpio pode indicar at\u00e9 16 representa\u00e7\u00f5es nas\u00a0tr\u00eas categorias. Entre 31 de mar\u00e7o e 22 de abril, a Associa\u00e7\u00e3o Paulista dos Amigos da Arte (APAA), que organiza o festival, far\u00e1 a sele\u00e7\u00e3o dos participantes, que ser\u00e3o anunciados\u00a0no dia 25 de abril. O evento \u00e9 promovido pela Secretaria da Cultura, Economia e Ind\u00fastria Criativas.<\/p>\n<p>Em 2024, os participantes apresentaram\u00a0seus trabalhos\u00a0nas\u00a0cidades de Barretos, Iguape, Presidente Prudente, S\u00e3o Jos\u00e9 dos dos Campos e S\u00e3o Paulo, com entrada gratuita. O festival \u00e9 realizado h\u00e1\u00a0mais de 30 anos e j\u00e1 contou com mais de 60 edi\u00e7\u00f5es.\u00a0<strong>Este ano, a previs\u00e3o de investimento \u00e9 de R$ 12 milh\u00f5es, com participa\u00e7\u00e3o de representantes de 150 munic\u00edpios e p\u00fablico de 230 mil pessoas.<\/strong><\/p>\n<p>\u201cO Revelando SP, iniciativa crucial para a valoriza\u00e7\u00e3o e preserva\u00e7\u00e3o das tradi\u00e7\u00f5es culturais do estado, n\u00e3o apenas enaltece as express\u00f5es art\u00edsticas e culturais de cada munic\u00edpio, mas refor\u00e7a a identidade paulista. O programa fomenta o interc\u00e2mbio de experi\u00eancias entre comunidades e cria novas oportunidades para artistas e produtores locais. Esse edital celebra e divulga a riqueza da cultura paulista, consolidando o compromisso do governo do estado com a economia criativa\u201d, destaca Marilia Marton, secret\u00e1ria da Cultura, Economia e Ind\u00fastria Criativas do estado.<\/p>\n<\/div>\n","protected":false},"excerpt":{"rendered":"<p>O edital fica aberto de 10 a 31 de mar\u00e7o, quando os munic\u00edpios paulistas podem entrar no\u00a0site\u00a0e inscrever representantes da cultura local. Cada munic\u00edpio pode indicar at\u00e9 16 representa\u00e7\u00f5es nas\u00a0tr\u00eas categorias.<\/p>\n","protected":false},"author":1,"featured_media":116173,"comment_status":"open","ping_status":"open","sticky":false,"template":"","format":"standard","meta":{"_acf_changed":false,"_angie_page":false,"_monsterinsights_skip_tracking":false,"_themeisle_gutenberg_block_has_review":false,"page_builder":"","footnotes":"","jetpack_publicize_message":"","jetpack_publicize_feature_enabled":true,"jetpack_social_post_already_shared":true,"jetpack_social_options":{"image_generator_settings":{"template":"highway","default_image_id":0,"font":"","enabled":false},"version":2}},"categories":[167,25310],"tags":[5352,947,25528],"class_list":["post-116172","post","type-post","status-publish","format-standard","has-post-thumbnail","hentry","category-geral","category-sao-paulo","tag-arte","tag-cultura","tag-revela-sao-paulo"],"acf":[],"nelio_content":{"autoShareEndMode":"never","automationSources":{"useCustomSentences":false,"customSentences":[]},"efiAlt":"","efiUrl":"","followers":[4,1],"highlights":[],"isAutoShareEnabled":true,"networkImageIds":[],"permalinkQueryArgs":[],"series":[],"suggestedReferences":[]},"yoast_head":"<!-- This site is optimized with the Yoast SEO plugin v28.3 - https:\/\/yoast.com\/product\/yoast-seo-wordpress\/ -->\n<title>Revelando S\u00e3o Paulo abre inscri\u00e7\u00f5es para artistas e expositores - Fatos e Fotos News<\/title>\n<meta name=\"description\" content=\"O edital fica aberto de 10 a 31 de mar\u00e7o, quando os munic\u00edpios paulistas podem entrar no\u00a0site\u00a0e inscrever representantes da cultura local.\" \/>\n<meta name=\"robots\" content=\"index, follow, max-snippet:-1, max-image-preview:large, max-video-preview:-1\" \/>\n<link rel=\"canonical\" href=\"https:\/\/www.fatosefotosnews.com.br\/?p=116172\" \/>\n<meta property=\"og:locale\" content=\"pt_BR\" \/>\n<meta property=\"og:type\" content=\"article\" \/>\n<meta property=\"og:title\" content=\"Revelando S\u00e3o Paulo abre inscri\u00e7\u00f5es para artistas e expositores - Fatos e Fotos News\" \/>\n<meta property=\"og:description\" content=\"O edital fica aberto de 10 a 31 de mar\u00e7o, quando os munic\u00edpios paulistas podem entrar no\u00a0site\u00a0e inscrever representantes da cultura local.\" \/>\n<meta property=\"og:url\" content=\"https:\/\/www.fatosefotosnews.com.br\/?p=116172\" \/>\n<meta property=\"og:site_name\" content=\"Fatos e Fotos News\" \/>\n<meta property=\"article:published_time\" content=\"2025-03-11T12:00:57+00:00\" \/>\n<meta property=\"og:image\" content=\"https:\/\/www.fatosefotosnews.com.br\/wp-content\/uploads\/2025\/03\/revelando_sp_13.webp\" \/>\n\t<meta property=\"og:image:width\" content=\"1170\" \/>\n\t<meta property=\"og:image:height\" content=\"700\" \/>\n\t<meta property=\"og:image:type\" content=\"image\/webp\" \/>\n<meta name=\"author\" content=\"fatosefotosnews\" \/>\n<meta name=\"twitter:card\" content=\"summary_large_image\" \/>\n<meta name=\"twitter:label1\" content=\"Escrito por\" \/>\n\t<meta name=\"twitter:data1\" content=\"fatosefotosnews\" \/>\n\t<meta name=\"twitter:label2\" content=\"Est. tempo de leitura\" \/>\n\t<meta name=\"twitter:data2\" content=\"3 minutos\" \/>\n<script type=\"application\/ld+json\" class=\"yoast-schema-graph\">{\"@context\":\"https:\\\/\\\/schema.org\",\"@graph\":[{\"@type\":\"Article\",\"@id\":\"https:\\\/\\\/www.fatosefotosnews.com.br\\\/?p=116172#article\",\"isPartOf\":{\"@id\":\"https:\\\/\\\/www.fatosefotosnews.com.br\\\/?p=116172\"},\"author\":{\"name\":\"fatosefotosnews\",\"@id\":\"https:\\\/\\\/www.fatosefotosnews.com.br\\\/#\\\/schema\\\/person\\\/70ccaf82072edcbc921e1c3ca2259803\"},\"headline\":\"Revelando S\u00e3o Paulo abre inscri\u00e7\u00f5es para artistas e expositores\",\"datePublished\":\"2025-03-11T12:00:57+00:00\",\"mainEntityOfPage\":{\"@id\":\"https:\\\/\\\/www.fatosefotosnews.com.br\\\/?p=116172\"},\"wordCount\":306,\"commentCount\":0,\"publisher\":{\"@id\":\"https:\\\/\\\/www.fatosefotosnews.com.br\\\/#organization\"},\"image\":{\"@id\":\"https:\\\/\\\/www.fatosefotosnews.com.br\\\/?p=116172#primaryimage\"},\"thumbnailUrl\":\"https:\\\/\\\/www.fatosefotosnews.com.br\\\/wp-content\\\/uploads\\\/2025\\\/03\\\/revelando_sp_13.webp\",\"keywords\":[\"Arte\",\"cultura\",\"Revela S\u00e3o Paulo\"],\"articleSection\":[\"Geral\",\"S\u00e3o Paulo\"],\"inLanguage\":\"pt-BR\",\"potentialAction\":[{\"@type\":\"CommentAction\",\"name\":\"Comment\",\"target\":[\"https:\\\/\\\/www.fatosefotosnews.com.br\\\/?p=116172#respond\"]}]},{\"@type\":\"WebPage\",\"@id\":\"https:\\\/\\\/www.fatosefotosnews.com.br\\\/?p=116172\",\"url\":\"https:\\\/\\\/www.fatosefotosnews.com.br\\\/?p=116172\",\"name\":\"Revelando S\u00e3o Paulo abre inscri\u00e7\u00f5es para artistas e expositores - Fatos e Fotos News\",\"isPartOf\":{\"@id\":\"https:\\\/\\\/www.fatosefotosnews.com.br\\\/#website\"},\"primaryImageOfPage\":{\"@id\":\"https:\\\/\\\/www.fatosefotosnews.com.br\\\/?p=116172#primaryimage\"},\"image\":{\"@id\":\"https:\\\/\\\/www.fatosefotosnews.com.br\\\/?p=116172#primaryimage\"},\"thumbnailUrl\":\"https:\\\/\\\/www.fatosefotosnews.com.br\\\/wp-content\\\/uploads\\\/2025\\\/03\\\/revelando_sp_13.webp\",\"datePublished\":\"2025-03-11T12:00:57+00:00\",\"description\":\"O edital fica aberto de 10 a 31 de mar\u00e7o, quando os munic\u00edpios paulistas podem entrar no\u00a0site\u00a0e inscrever representantes da cultura local.\",\"breadcrumb\":{\"@id\":\"https:\\\/\\\/www.fatosefotosnews.com.br\\\/?p=116172#breadcrumb\"},\"inLanguage\":\"pt-BR\",\"potentialAction\":[{\"@type\":\"ReadAction\",\"target\":[\"https:\\\/\\\/www.fatosefotosnews.com.br\\\/?p=116172\"]}]},{\"@type\":\"ImageObject\",\"inLanguage\":\"pt-BR\",\"@id\":\"https:\\\/\\\/www.fatosefotosnews.com.br\\\/?p=116172#primaryimage\",\"url\":\"https:\\\/\\\/www.fatosefotosnews.com.br\\\/wp-content\\\/uploads\\\/2025\\\/03\\\/revelando_sp_13.webp\",\"contentUrl\":\"https:\\\/\\\/www.fatosefotosnews.com.br\\\/wp-content\\\/uploads\\\/2025\\\/03\\\/revelando_sp_13.webp\",\"width\":1170,\"height\":700},{\"@type\":\"BreadcrumbList\",\"@id\":\"https:\\\/\\\/www.fatosefotosnews.com.br\\\/?p=116172#breadcrumb\",\"itemListElement\":[{\"@type\":\"ListItem\",\"position\":1,\"name\":\"In\u00edcio\",\"item\":\"https:\\\/\\\/www.fatosefotosnews.com.br\\\/\"},{\"@type\":\"ListItem\",\"position\":2,\"name\":\"Revelando S\u00e3o Paulo abre inscri\u00e7\u00f5es para artistas e expositores\"}]},{\"@type\":\"WebSite\",\"@id\":\"https:\\\/\\\/www.fatosefotosnews.com.br\\\/#website\",\"url\":\"https:\\\/\\\/www.fatosefotosnews.com.br\\\/\",\"name\":\"Fatos e Fotos News\",\"description\":\"Um site de noticial verdadeira e confi\u00e1veis.\",\"publisher\":{\"@id\":\"https:\\\/\\\/www.fatosefotosnews.com.br\\\/#organization\"},\"potentialAction\":[{\"@type\":\"SearchAction\",\"target\":{\"@type\":\"EntryPoint\",\"urlTemplate\":\"https:\\\/\\\/www.fatosefotosnews.com.br\\\/?s={search_term_string}\"},\"query-input\":{\"@type\":\"PropertyValueSpecification\",\"valueRequired\":true,\"valueName\":\"search_term_string\"}}],\"inLanguage\":\"pt-BR\"},{\"@type\":\"Organization\",\"@id\":\"https:\\\/\\\/www.fatosefotosnews.com.br\\\/#organization\",\"name\":\"Fatos e Fotos News\",\"url\":\"https:\\\/\\\/www.fatosefotosnews.com.br\\\/\",\"logo\":{\"@type\":\"ImageObject\",\"inLanguage\":\"pt-BR\",\"@id\":\"https:\\\/\\\/www.fatosefotosnews.com.br\\\/#\\\/schema\\\/logo\\\/image\\\/\",\"url\":\"https:\\\/\\\/www.fatosefotosnews.com.br\\\/wp-content\\\/uploads\\\/2023\\\/02\\\/Fatos-e-Fotos-news-logo.png\",\"contentUrl\":\"https:\\\/\\\/www.fatosefotosnews.com.br\\\/wp-content\\\/uploads\\\/2023\\\/02\\\/Fatos-e-Fotos-news-logo.png\",\"width\":300,\"height\":58,\"caption\":\"Fatos e Fotos News\"},\"image\":{\"@id\":\"https:\\\/\\\/www.fatosefotosnews.com.br\\\/#\\\/schema\\\/logo\\\/image\\\/\"}},{\"@type\":\"Person\",\"@id\":\"https:\\\/\\\/www.fatosefotosnews.com.br\\\/#\\\/schema\\\/person\\\/70ccaf82072edcbc921e1c3ca2259803\",\"name\":\"fatosefotosnews\",\"image\":{\"@type\":\"ImageObject\",\"inLanguage\":\"pt-BR\",\"@id\":\"https:\\\/\\\/secure.gravatar.com\\\/avatar\\\/b347acc00c2543eadf2855e28bb74049205ff50092da0cb7bc50f2652c752f81?s=96&d=mm&r=g\",\"url\":\"https:\\\/\\\/secure.gravatar.com\\\/avatar\\\/b347acc00c2543eadf2855e28bb74049205ff50092da0cb7bc50f2652c752f81?s=96&d=mm&r=g\",\"contentUrl\":\"https:\\\/\\\/secure.gravatar.com\\\/avatar\\\/b347acc00c2543eadf2855e28bb74049205ff50092da0cb7bc50f2652c752f81?s=96&d=mm&r=g\",\"caption\":\"fatosefotosnews\"},\"sameAs\":[\"http:\\\/\\\/www.fatosefotosnews.com.br\"],\"url\":\"https:\\\/\\\/www.fatosefotosnews.com.br\\\/?author=1\"}]}<\/script>\n<!-- \/ Yoast SEO plugin. -->","yoast_head_json":{"title":"Revelando S\u00e3o Paulo abre inscri\u00e7\u00f5es para artistas e expositores - Fatos e Fotos News","description":"O edital fica aberto de 10 a 31 de mar\u00e7o, quando os munic\u00edpios paulistas podem entrar no\u00a0site\u00a0e inscrever representantes da cultura local.","robots":{"index":"index","follow":"follow","max-snippet":"max-snippet:-1","max-image-preview":"max-image-preview:large","max-video-preview":"max-video-preview:-1"},"canonical":"https:\/\/www.fatosefotosnews.com.br\/?p=116172","og_locale":"pt_BR","og_type":"article","og_title":"Revelando S\u00e3o Paulo abre inscri\u00e7\u00f5es para artistas e expositores - Fatos e Fotos News","og_description":"O edital fica aberto de 10 a 31 de mar\u00e7o, quando os munic\u00edpios paulistas podem entrar no\u00a0site\u00a0e inscrever representantes da cultura local.","og_url":"https:\/\/www.fatosefotosnews.com.br\/?p=116172","og_site_name":"Fatos e Fotos News","article_published_time":"2025-03-11T12:00:57+00:00","og_image":[{"width":1170,"height":700,"url":"https:\/\/www.fatosefotosnews.com.br\/wp-content\/uploads\/2025\/03\/revelando_sp_13.webp","type":"image\/webp"}],"author":"fatosefotosnews","twitter_card":"summary_large_image","twitter_misc":{"Escrito por":"fatosefotosnews","Est. tempo de leitura":"3 minutos"},"schema":{"@context":"https:\/\/schema.org","@graph":[{"@type":"Article","@id":"https:\/\/www.fatosefotosnews.com.br\/?p=116172#article","isPartOf":{"@id":"https:\/\/www.fatosefotosnews.com.br\/?p=116172"},"author":{"name":"fatosefotosnews","@id":"https:\/\/www.fatosefotosnews.com.br\/#\/schema\/person\/70ccaf82072edcbc921e1c3ca2259803"},"headline":"Revelando S\u00e3o Paulo abre inscri\u00e7\u00f5es para artistas e expositores","datePublished":"2025-03-11T12:00:57+00:00","mainEntityOfPage":{"@id":"https:\/\/www.fatosefotosnews.com.br\/?p=116172"},"wordCount":306,"commentCount":0,"publisher":{"@id":"https:\/\/www.fatosefotosnews.com.br\/#organization"},"image":{"@id":"https:\/\/www.fatosefotosnews.com.br\/?p=116172#primaryimage"},"thumbnailUrl":"https:\/\/www.fatosefotosnews.com.br\/wp-content\/uploads\/2025\/03\/revelando_sp_13.webp","keywords":["Arte","cultura","Revela S\u00e3o Paulo"],"articleSection":["Geral","S\u00e3o Paulo"],"inLanguage":"pt-BR","potentialAction":[{"@type":"CommentAction","name":"Comment","target":["https:\/\/www.fatosefotosnews.com.br\/?p=116172#respond"]}]},{"@type":"WebPage","@id":"https:\/\/www.fatosefotosnews.com.br\/?p=116172","url":"https:\/\/www.fatosefotosnews.com.br\/?p=116172","name":"Revelando S\u00e3o Paulo abre inscri\u00e7\u00f5es para artistas e expositores - Fatos e Fotos News","isPartOf":{"@id":"https:\/\/www.fatosefotosnews.com.br\/#website"},"primaryImageOfPage":{"@id":"https:\/\/www.fatosefotosnews.com.br\/?p=116172#primaryimage"},"image":{"@id":"https:\/\/www.fatosefotosnews.com.br\/?p=116172#primaryimage"},"thumbnailUrl":"https:\/\/www.fatosefotosnews.com.br\/wp-content\/uploads\/2025\/03\/revelando_sp_13.webp","datePublished":"2025-03-11T12:00:57+00:00","description":"O edital fica aberto de 10 a 31 de mar\u00e7o, quando os munic\u00edpios paulistas podem entrar no\u00a0site\u00a0e inscrever representantes da cultura local.","breadcrumb":{"@id":"https:\/\/www.fatosefotosnews.com.br\/?p=116172#breadcrumb"},"inLanguage":"pt-BR","potentialAction":[{"@type":"ReadAction","target":["https:\/\/www.fatosefotosnews.com.br\/?p=116172"]}]},{"@type":"ImageObject","inLanguage":"pt-BR","@id":"https:\/\/www.fatosefotosnews.com.br\/?p=116172#primaryimage","url":"https:\/\/www.fatosefotosnews.com.br\/wp-content\/uploads\/2025\/03\/revelando_sp_13.webp","contentUrl":"https:\/\/www.fatosefotosnews.com.br\/wp-content\/uploads\/2025\/03\/revelando_sp_13.webp","width":1170,"height":700},{"@type":"BreadcrumbList","@id":"https:\/\/www.fatosefotosnews.com.br\/?p=116172#breadcrumb","itemListElement":[{"@type":"ListItem","position":1,"name":"In\u00edcio","item":"https:\/\/www.fatosefotosnews.com.br\/"},{"@type":"ListItem","position":2,"name":"Revelando S\u00e3o Paulo abre inscri\u00e7\u00f5es para artistas e expositores"}]},{"@type":"WebSite","@id":"https:\/\/www.fatosefotosnews.com.br\/#website","url":"https:\/\/www.fatosefotosnews.com.br\/","name":"Fatos e Fotos News","description":"Um site de noticial verdadeira e confi\u00e1veis.","publisher":{"@id":"https:\/\/www.fatosefotosnews.com.br\/#organization"},"potentialAction":[{"@type":"SearchAction","target":{"@type":"EntryPoint","urlTemplate":"https:\/\/www.fatosefotosnews.com.br\/?s={search_term_string}"},"query-input":{"@type":"PropertyValueSpecification","valueRequired":true,"valueName":"search_term_string"}}],"inLanguage":"pt-BR"},{"@type":"Organization","@id":"https:\/\/www.fatosefotosnews.com.br\/#organization","name":"Fatos e Fotos News","url":"https:\/\/www.fatosefotosnews.com.br\/","logo":{"@type":"ImageObject","inLanguage":"pt-BR","@id":"https:\/\/www.fatosefotosnews.com.br\/#\/schema\/logo\/image\/","url":"https:\/\/www.fatosefotosnews.com.br\/wp-content\/uploads\/2023\/02\/Fatos-e-Fotos-news-logo.png","contentUrl":"https:\/\/www.fatosefotosnews.com.br\/wp-content\/uploads\/2023\/02\/Fatos-e-Fotos-news-logo.png","width":300,"height":58,"caption":"Fatos e Fotos News"},"image":{"@id":"https:\/\/www.fatosefotosnews.com.br\/#\/schema\/logo\/image\/"}},{"@type":"Person","@id":"https:\/\/www.fatosefotosnews.com.br\/#\/schema\/person\/70ccaf82072edcbc921e1c3ca2259803","name":"fatosefotosnews","image":{"@type":"ImageObject","inLanguage":"pt-BR","@id":"https:\/\/secure.gravatar.com\/avatar\/b347acc00c2543eadf2855e28bb74049205ff50092da0cb7bc50f2652c752f81?s=96&d=mm&r=g","url":"https:\/\/secure.gravatar.com\/avatar\/b347acc00c2543eadf2855e28bb74049205ff50092da0cb7bc50f2652c752f81?s=96&d=mm&r=g","contentUrl":"https:\/\/secure.gravatar.com\/avatar\/b347acc00c2543eadf2855e28bb74049205ff50092da0cb7bc50f2652c752f81?s=96&d=mm&r=g","caption":"fatosefotosnews"},"sameAs":["http:\/\/www.fatosefotosnews.com.br"],"url":"https:\/\/www.fatosefotosnews.com.br\/?author=1"}]}},"jetpack_publicize_connections":[],"blog_post_layout_featured_media_urls":{"thumbnail":["https:\/\/www.fatosefotosnews.com.br\/wp-content\/uploads\/2025\/03\/revelando_sp_13-150x150.webp",150,150,true],"full":["https:\/\/www.fatosefotosnews.com.br\/wp-content\/uploads\/2025\/03\/revelando_sp_13.webp",1170,700,false]},"categories_names":{"167":{"name":"Geral","link":"https:\/\/www.fatosefotosnews.com.br\/?cat=167"},"25310":{"name":"S\u00e3o Paulo","link":"https:\/\/www.fatosefotosnews.com.br\/?cat=25310"}},"tags_names":{"5352":{"name":"Arte","link":"https:\/\/www.fatosefotosnews.com.br\/?tag=arte"},"947":{"name":"cultura","link":"https:\/\/www.fatosefotosnews.com.br\/?tag=cultura"},"25528":{"name":"Revela S\u00e3o Paulo","link":"https:\/\/www.fatosefotosnews.com.br\/?tag=revela-sao-paulo"}},"comments_number":"0","wpmagazine_modules_lite_featured_media_urls":{"thumbnail":["https:\/\/www.fatosefotosnews.com.br\/wp-content\/uploads\/2025\/03\/revelando_sp_13-150x150.webp",150,150,true],"cvmm-medium":["https:\/\/www.fatosefotosnews.com.br\/wp-content\/uploads\/2025\/03\/revelando_sp_13-300x300.webp",300,300,true],"cvmm-medium-plus":["https:\/\/www.fatosefotosnews.com.br\/wp-content\/uploads\/2025\/03\/revelando_sp_13-305x207.webp",305,207,true],"cvmm-portrait":["https:\/\/www.fatosefotosnews.com.br\/wp-content\/uploads\/2025\/03\/revelando_sp_13-400x600.webp",400,600,true],"cvmm-medium-square":["https:\/\/www.fatosefotosnews.com.br\/wp-content\/uploads\/2025\/03\/revelando_sp_13-600x600.webp",600,600,true],"cvmm-large":["https:\/\/www.fatosefotosnews.com.br\/wp-content\/uploads\/2025\/03\/revelando_sp_13-1024x700.webp",1024,700,true],"cvmm-small":["https:\/\/www.fatosefotosnews.com.br\/wp-content\/uploads\/2025\/03\/revelando_sp_13-130x95.webp",130,95,true],"full":["https:\/\/www.fatosefotosnews.com.br\/wp-content\/uploads\/2025\/03\/revelando_sp_13.webp",1170,700,false]},"_links":{"self":[{"href":"https:\/\/www.fatosefotosnews.com.br\/index.php?rest_route=\/wp\/v2\/posts\/116172","targetHints":{"allow":["GET"]}}],"collection":[{"href":"https:\/\/www.fatosefotosnews.com.br\/index.php?rest_route=\/wp\/v2\/posts"}],"about":[{"href":"https:\/\/www.fatosefotosnews.com.br\/index.php?rest_route=\/wp\/v2\/types\/post"}],"author":[{"embeddable":true,"href":"https:\/\/www.fatosefotosnews.com.br\/index.php?rest_route=\/wp\/v2\/users\/1"}],"replies":[{"embeddable":true,"href":"https:\/\/www.fatosefotosnews.com.br\/index.php?rest_route=%2Fwp%2Fv2%2Fcomments&post=116172"}],"version-history":[{"count":1,"href":"https:\/\/www.fatosefotosnews.com.br\/index.php?rest_route=\/wp\/v2\/posts\/116172\/revisions"}],"predecessor-version":[{"id":116174,"href":"https:\/\/www.fatosefotosnews.com.br\/index.php?rest_route=\/wp\/v2\/posts\/116172\/revisions\/116174"}],"wp:featuredmedia":[{"embeddable":true,"href":"https:\/\/www.fatosefotosnews.com.br\/index.php?rest_route=\/wp\/v2\/media\/116173"}],"wp:attachment":[{"href":"https:\/\/www.fatosefotosnews.com.br\/index.php?rest_route=%2Fwp%2Fv2%2Fmedia&parent=116172"}],"wp:term":[{"taxonomy":"category","embeddable":true,"href":"https:\/\/www.fatosefotosnews.com.br\/index.php?rest_route=%2Fwp%2Fv2%2Fcategories&post=116172"},{"taxonomy":"post_tag","embeddable":true,"href":"https:\/\/www.fatosefotosnews.com.br\/index.php?rest_route=%2Fwp%2Fv2%2Ftags&post=116172"}],"curies":[{"name":"wp","href":"https:\/\/api.w.org\/{rel}","templated":true}]}}