{"id":116321,"date":"2025-03-13T11:27:58","date_gmt":"2025-03-13T14:27:58","guid":{"rendered":"https:\/\/www.fatosefotosnews.com.br\/ex-bbb-giovanna-jacobina-curte-praia-no-rio-de-janeiro-e-exibe-corpao-sereia\/"},"modified":"2025-03-13T11:27:58","modified_gmt":"2025-03-13T14:27:58","slug":"ex-bbb-giovanna-jacobina-curte-praia-no-rio-de-janeiro-e-exibe-corpao-sereia","status":"publish","type":"post","link":"https:\/\/www.fatosefotosnews.com.br\/?p=116321","title":{"rendered":"Ex-BBB Giovanna Jacobina curte praia no Rio de Janeiro e exibe corp\u00e3o: \u2018Sereia\u2019"},"content":{"rendered":"<div class=\"elementor-widget-container\">\n<div class=\"mc-column content-text active-extra-styles active-capital-letter\" data-block-type=\"unstyled\" data-block-weight=\"38\" data-block-id=\"2\" data-mrf-recirculation=\"Recomenda\u00e7\u00e3o Meio do Texto\">\n<p class=\"content-text__container theme-color-primary-first-letter\" style=\"text-align: justify\" data-track-category=\"Link no Texto\" data-track-links=\"\" data-mrf-recirculation=\"Article links\">A ex-BBB\u00a0Giovanna Jacobina\u00a0enfrentou o calor forte do Rio, nesta quarta-feira (12), na praia. A irm\u00e3 de\u00a0Gracyanne Barbosa\u00a0usou um biqu\u00edni cor-de-rosa no momento de lazer e registrou um v\u00eddeo do entardecer brincando na \u00e1gua.<\/p>\n<\/p>\n<\/div>\n<div class=\"wall protected-content\">\n<div class=\"cropped-block\">\n<div id=\"taboola-mid-article-saiba-mais\" class=\"trc_related_container trc_spotlight_widget tbl-feed-container tbl-feed-frame-DIVIDER editoraglobo-revistaquem-feed render-late-effect\" data-mrf-recirculation=\"Taboola\" data-gtm-vis-recent-on-screen93395857_384=\"4604\" data-gtm-vis-first-on-screen93395857_384=\"4604\" data-gtm-vis-total-visible-time93395857_384=\"100\" data-gtm-vis-has-fired93395857_384=\"1\" data-feed-container-num=\"1\" data-feed-main-container-id=\"taboola-mid-article-saiba-mais\" data-parent-placement-name=\"Mid Article Saiba Mais\" data-pub-lang=\"pt\">\n<div class=\"cropped-block\" style=\"text-align: justify\">\n<div class=\"mc-column content-text active-extra-styles\" data-block-type=\"unstyled\" data-block-weight=\"38\" data-block-id=\"3\" data-mrf-recirculation=\"Recomenda\u00e7\u00e3o Meio do Texto\">\n<p class=\"content-text__container\" data-track-category=\"Link no Texto\" data-track-links=\"\" data-mrf-recirculation=\"Article links\">\u201cPOV: voc\u00ea mora no RJ e o mar cura tudo\u201d, disse a veterin\u00e1ria de 26 anos. As imagens renderam v\u00e1rios elogios para Giovanna, que foi eliminada no terceiro pared\u00e3o do BBB 25 com 52,61% dos votos.<\/p>\n<\/p>\n<\/div>\n<\/div>\n<div class=\"cropped-block\">\n<div class=\"mc-column content-text active-extra-styles\" data-block-type=\"unstyled\" data-block-weight=\"57\" data-block-id=\"4\" data-mrf-recirculation=\"Recomenda\u00e7\u00e3o Meio do Texto\">\n<p class=\"content-text__container\" style=\"text-align: justify\" data-track-category=\"Link no Texto\" data-track-links=\"\" data-mrf-recirculation=\"Article links\">\u201cA preta mais linda desse mundo\u201d, elogiou uma seguidora. \u201crrasou \u2026 Um p\u00f4r do sol com uma gata dessa\u201d, elogiou outra. \u201cGente que gatinha linda\u201d, disse uma terceira. Confira os cliques abaixo:<\/p>\n<p data-track-category=\"Link no Texto\" data-track-links=\"\" data-mrf-recirculation=\"Article links\">\n<\/div>\n<blockquote class=\"instagram-media\" style=\"background: #FFF;border: 0;border-radius: 3px;margin: 1px;max-width: 540px;min-width: 326px;padding: 0;width: calc(100% - 2px)\" data-instgrm-captioned=\"\" data-instgrm-permalink=\"https:\/\/www.instagram.com\/reel\/DHHWP15yw5l\/?utm_source=ig_embed&#038;utm_campaign=loading\" data-instgrm-version=\"14\">\n<div style=\"padding: 16px\">\n<div style=\"flex-direction: row;align-items: center\">\n<div style=\"flex-direction: column;flex-grow: 1;justify-content: center\">   <\/div>\n<\/p>\n<\/div>\n<div style=\"padding-top: 8px\">\n<div style=\"color: #3897f0;font-family: Arial,sans-serif;font-size: 14px;font-style: normal;font-weight: 550;line-height: 18px\">Ver essa foto no Instagram<\/div>\n<\/p>\n<\/div>\n<div style=\"flex-direction: row;margin-bottom: 14px;align-items: center\">\n<div>    <\/div>\n<div style=\"margin-left: 8px\">   <\/div>\n<div style=\"margin-left: auto\">    <\/div>\n<\/p>\n<\/div>\n<div style=\"flex-direction: column;flex-grow: 1;justify-content: center;margin-bottom: 24px\">   <\/div>\n<p style=\"color: #c9c8cd;font-family: Arial,sans-serif;font-size: 14px;line-height: 17px;margin-bottom: 0;margin-top: 8px;overflow: hidden;padding: 8px 0 7px;text-align: center\"><a style=\"color: #c9c8cd;font-family: Arial,sans-serif;font-size: 14px;font-style: normal;font-weight: normal;line-height: 17px;text-decoration: none\" href=\"https:\/\/www.instagram.com\/reel\/DHHWP15yw5l\/?utm_source=ig_embed&#038;utm_campaign=loading\" target=\"_blank\" rel=\"noopener\">Uma publica\u00e7\u00e3o compartilhada por Giovanna Jacobina (@giovanna_jacobina)<\/a><\/p>\n<\/p>\n<\/div>\n<\/blockquote>\n<\/div>\n<\/div>\n<\/div>\n<\/div>\n<\/div>\n<p id=\"infocoweb_fonte\" class=\"infocoweb_fonte\">Fonte: <a target=\"_blank\" href=\"https:\/\/www.topfamosos.com.br\/ex-bbb-giovanna-jacobina-curte-praia-no-rio-de-janeiro-e-exibe-corpao-sereia\/#33b57388-2e9b-41e7-8d62-9121a1838462\">TOP FAMOSOS<\/a><\/p>\n","protected":false},"excerpt":{"rendered":"<p>A ex-BBB\u00a0Giovanna Jacobina\u00a0enfrentou o calor forte do Rio, nesta quarta-feira (12), na praia. A irm\u00e3 de\u00a0Gracyanne Barbosa\u00a0usou um biqu\u00edni cor-de-rosa no momento de lazer e registrou um v\u00eddeo do entardecer brincando na \u00e1gua. \u201cPOV: voc\u00ea mora no RJ e o mar cura tudo\u201d, disse a veterin\u00e1ria de 26 anos. As imagens renderam v\u00e1rios elogios para [&hellip;]<\/p>\n","protected":false},"author":5,"featured_media":116322,"comment_status":"open","ping_status":"open","sticky":false,"template":"","format":"standard","meta":{"_acf_changed":false,"_angie_page":false,"_monsterinsights_skip_tracking":false,"_themeisle_gutenberg_block_has_review":false,"page_builder":"","footnotes":"","jetpack_publicize_message":"","jetpack_publicize_feature_enabled":true,"jetpack_social_post_already_shared":true,"jetpack_social_options":{"image_generator_settings":{"template":"highway","default_image_id":0,"font":"","enabled":false},"version":2}},"categories":[3],"tags":[1146,675,6716,25551,940,1525,4035],"class_list":["post-116321","post","type-post","status-publish","format-standard","has-post-thumbnail","hentry","category-entretenimento","tag-curte","tag-exibe","tag-giovanna","tag-jacobina","tag-janeiro","tag-praia","tag-sereia"],"acf":[],"nelio_content":{"autoShareEndMode":"never","automationSources":{"useCustomSentences":false,"customSentences":[]},"efiAlt":"","efiUrl":"","followers":[],"highlights":[],"isAutoShareEnabled":true,"networkImageIds":[],"permalinkQueryArgs":[],"series":[],"suggestedReferences":[]},"yoast_head":"<!-- This site is optimized with the Yoast SEO plugin v28.3 - https:\/\/yoast.com\/product\/yoast-seo-wordpress\/ -->\n<title>Ex-BBB Giovanna Jacobina curte praia no Rio de Janeiro e exibe corp\u00e3o: \u2018Sereia\u2019<\/title>\n<meta name=\"description\" content=\"Ex-BBB Giovanna Jacobina curte praia no Rio de Janeiro e exibe corp\u00e3o: \u2018Sereia\u2019\" \/>\n<meta name=\"robots\" content=\"index, follow, max-snippet:-1, max-image-preview:large, max-video-preview:-1\" \/>\n<link rel=\"canonical\" href=\"https:\/\/www.fatosefotosnews.com.br\/?p=116321\" \/>\n<meta property=\"og:locale\" content=\"pt_BR\" \/>\n<meta property=\"og:type\" content=\"article\" \/>\n<meta property=\"og:title\" content=\"Ex-BBB Giovanna Jacobina curte praia no Rio de Janeiro e exibe corp\u00e3o: \u2018Sereia\u2019\" \/>\n<meta property=\"og:description\" content=\"Ex-BBB Giovanna Jacobina curte praia no Rio de Janeiro e exibe corp\u00e3o: \u2018Sereia\u2019\" \/>\n<meta property=\"og:url\" content=\"https:\/\/www.fatosefotosnews.com.br\/?p=116321\" \/>\n<meta property=\"og:site_name\" content=\"Fatos e Fotos News\" \/>\n<meta property=\"article:published_time\" content=\"2025-03-13T14:27:58+00:00\" \/>\n<meta property=\"og:image\" content=\"https:\/\/www.fatosefotosnews.com.br\/wp-content\/uploads\/2025\/03\/442a17ca71f6f5fdb22890786f3764d9.jpeg\" \/>\n\t<meta property=\"og:image:width\" content=\"1024\" \/>\n\t<meta property=\"og:image:height\" content=\"576\" \/>\n\t<meta property=\"og:image:type\" content=\"image\/jpeg\" \/>\n<meta name=\"author\" content=\"Da Reda\u00e7\u00e3o\" \/>\n<meta name=\"twitter:card\" content=\"summary_large_image\" \/>\n<meta name=\"twitter:label1\" content=\"Escrito por\" \/>\n\t<meta name=\"twitter:data1\" content=\"Da Reda\u00e7\u00e3o\" \/>\n\t<meta name=\"twitter:label2\" content=\"Est. tempo de leitura\" \/>\n\t<meta name=\"twitter:data2\" content=\"99 minutos\" \/>\n<script type=\"application\/ld+json\" class=\"yoast-schema-graph\">{\"@context\":\"https:\\\/\\\/schema.org\",\"@graph\":[{\"@type\":\"Article\",\"@id\":\"https:\\\/\\\/www.fatosefotosnews.com.br\\\/?p=116321#article\",\"isPartOf\":{\"@id\":\"https:\\\/\\\/www.fatosefotosnews.com.br\\\/?p=116321\"},\"author\":{\"name\":\"Da Reda\u00e7\u00e3o\",\"@id\":\"https:\\\/\\\/www.fatosefotosnews.com.br\\\/#\\\/schema\\\/person\\\/3b80f81d08670fb1f6690e07eb8b5dc6\"},\"headline\":\"Ex-BBB Giovanna Jacobina curte praia no Rio de Janeiro e exibe corp\u00e3o: \u2018Sereia\u2019\",\"datePublished\":\"2025-03-13T14:27:58+00:00\",\"mainEntityOfPage\":{\"@id\":\"https:\\\/\\\/www.fatosefotosnews.com.br\\\/?p=116321\"},\"wordCount\":137,\"commentCount\":0,\"publisher\":{\"@id\":\"https:\\\/\\\/www.fatosefotosnews.com.br\\\/#organization\"},\"image\":{\"@id\":\"https:\\\/\\\/www.fatosefotosnews.com.br\\\/?p=116321#primaryimage\"},\"thumbnailUrl\":\"https:\\\/\\\/www.fatosefotosnews.com.br\\\/wp-content\\\/uploads\\\/2025\\\/03\\\/442a17ca71f6f5fdb22890786f3764d9.jpeg\",\"keywords\":[\"curte\",\"exibe\",\"giovanna\",\"jacobina\",\"janeiro\",\"praia\",\"sereia\"],\"articleSection\":[\"Entretenimento\"],\"inLanguage\":\"pt-BR\",\"potentialAction\":[{\"@type\":\"CommentAction\",\"name\":\"Comment\",\"target\":[\"https:\\\/\\\/www.fatosefotosnews.com.br\\\/?p=116321#respond\"]}]},{\"@type\":\"WebPage\",\"@id\":\"https:\\\/\\\/www.fatosefotosnews.com.br\\\/?p=116321\",\"url\":\"https:\\\/\\\/www.fatosefotosnews.com.br\\\/?p=116321\",\"name\":\"Ex-BBB Giovanna Jacobina curte praia no Rio de Janeiro e exibe corp\u00e3o: \u2018Sereia\u2019\",\"isPartOf\":{\"@id\":\"https:\\\/\\\/www.fatosefotosnews.com.br\\\/#website\"},\"primaryImageOfPage\":{\"@id\":\"https:\\\/\\\/www.fatosefotosnews.com.br\\\/?p=116321#primaryimage\"},\"image\":{\"@id\":\"https:\\\/\\\/www.fatosefotosnews.com.br\\\/?p=116321#primaryimage\"},\"thumbnailUrl\":\"https:\\\/\\\/www.fatosefotosnews.com.br\\\/wp-content\\\/uploads\\\/2025\\\/03\\\/442a17ca71f6f5fdb22890786f3764d9.jpeg\",\"datePublished\":\"2025-03-13T14:27:58+00:00\",\"description\":\"Ex-BBB Giovanna Jacobina curte praia no Rio de Janeiro e exibe corp\u00e3o: \u2018Sereia\u2019\",\"breadcrumb\":{\"@id\":\"https:\\\/\\\/www.fatosefotosnews.com.br\\\/?p=116321#breadcrumb\"},\"inLanguage\":\"pt-BR\",\"potentialAction\":[{\"@type\":\"ReadAction\",\"target\":[\"https:\\\/\\\/www.fatosefotosnews.com.br\\\/?p=116321\"]}]},{\"@type\":\"ImageObject\",\"inLanguage\":\"pt-BR\",\"@id\":\"https:\\\/\\\/www.fatosefotosnews.com.br\\\/?p=116321#primaryimage\",\"url\":\"https:\\\/\\\/www.fatosefotosnews.com.br\\\/wp-content\\\/uploads\\\/2025\\\/03\\\/442a17ca71f6f5fdb22890786f3764d9.jpeg\",\"contentUrl\":\"https:\\\/\\\/www.fatosefotosnews.com.br\\\/wp-content\\\/uploads\\\/2025\\\/03\\\/442a17ca71f6f5fdb22890786f3764d9.jpeg\",\"width\":1024,\"height\":576},{\"@type\":\"BreadcrumbList\",\"@id\":\"https:\\\/\\\/www.fatosefotosnews.com.br\\\/?p=116321#breadcrumb\",\"itemListElement\":[{\"@type\":\"ListItem\",\"position\":1,\"name\":\"In\u00edcio\",\"item\":\"https:\\\/\\\/www.fatosefotosnews.com.br\\\/\"},{\"@type\":\"ListItem\",\"position\":2,\"name\":\"Ex-BBB Giovanna Jacobina curte praia no Rio de Janeiro e exibe corp\u00e3o: \u2018Sereia\u2019\"}]},{\"@type\":\"WebSite\",\"@id\":\"https:\\\/\\\/www.fatosefotosnews.com.br\\\/#website\",\"url\":\"https:\\\/\\\/www.fatosefotosnews.com.br\\\/\",\"name\":\"Fatos e Fotos News\",\"description\":\"Um site de noticial verdadeira e confi\u00e1veis.\",\"publisher\":{\"@id\":\"https:\\\/\\\/www.fatosefotosnews.com.br\\\/#organization\"},\"potentialAction\":[{\"@type\":\"SearchAction\",\"target\":{\"@type\":\"EntryPoint\",\"urlTemplate\":\"https:\\\/\\\/www.fatosefotosnews.com.br\\\/?s={search_term_string}\"},\"query-input\":{\"@type\":\"PropertyValueSpecification\",\"valueRequired\":true,\"valueName\":\"search_term_string\"}}],\"inLanguage\":\"pt-BR\"},{\"@type\":\"Organization\",\"@id\":\"https:\\\/\\\/www.fatosefotosnews.com.br\\\/#organization\",\"name\":\"Fatos e Fotos News\",\"url\":\"https:\\\/\\\/www.fatosefotosnews.com.br\\\/\",\"logo\":{\"@type\":\"ImageObject\",\"inLanguage\":\"pt-BR\",\"@id\":\"https:\\\/\\\/www.fatosefotosnews.com.br\\\/#\\\/schema\\\/logo\\\/image\\\/\",\"url\":\"https:\\\/\\\/www.fatosefotosnews.com.br\\\/wp-content\\\/uploads\\\/2023\\\/02\\\/Fatos-e-Fotos-news-logo.png\",\"contentUrl\":\"https:\\\/\\\/www.fatosefotosnews.com.br\\\/wp-content\\\/uploads\\\/2023\\\/02\\\/Fatos-e-Fotos-news-logo.png\",\"width\":300,\"height\":58,\"caption\":\"Fatos e Fotos News\"},\"image\":{\"@id\":\"https:\\\/\\\/www.fatosefotosnews.com.br\\\/#\\\/schema\\\/logo\\\/image\\\/\"}},{\"@type\":\"Person\",\"@id\":\"https:\\\/\\\/www.fatosefotosnews.com.br\\\/#\\\/schema\\\/person\\\/3b80f81d08670fb1f6690e07eb8b5dc6\",\"name\":\"Da Reda\u00e7\u00e3o\",\"image\":{\"@type\":\"ImageObject\",\"inLanguage\":\"pt-BR\",\"@id\":\"https:\\\/\\\/secure.gravatar.com\\\/avatar\\\/696d39935a657bf0fc95044dbc9f912520430a0eb6dd46c85dd97eb6483b249b?s=96&d=mm&r=g\",\"url\":\"https:\\\/\\\/secure.gravatar.com\\\/avatar\\\/696d39935a657bf0fc95044dbc9f912520430a0eb6dd46c85dd97eb6483b249b?s=96&d=mm&r=g\",\"contentUrl\":\"https:\\\/\\\/secure.gravatar.com\\\/avatar\\\/696d39935a657bf0fc95044dbc9f912520430a0eb6dd46c85dd97eb6483b249b?s=96&d=mm&r=g\",\"caption\":\"Da Reda\u00e7\u00e3o\"},\"url\":\"https:\\\/\\\/www.fatosefotosnews.com.br\\\/?author=5\"}]}<\/script>\n<!-- \/ Yoast SEO plugin. -->","yoast_head_json":{"title":"Ex-BBB Giovanna Jacobina curte praia no Rio de Janeiro e exibe corp\u00e3o: \u2018Sereia\u2019","description":"Ex-BBB Giovanna Jacobina curte praia no Rio de Janeiro e exibe corp\u00e3o: \u2018Sereia\u2019","robots":{"index":"index","follow":"follow","max-snippet":"max-snippet:-1","max-image-preview":"max-image-preview:large","max-video-preview":"max-video-preview:-1"},"canonical":"https:\/\/www.fatosefotosnews.com.br\/?p=116321","og_locale":"pt_BR","og_type":"article","og_title":"Ex-BBB Giovanna Jacobina curte praia no Rio de Janeiro e exibe corp\u00e3o: \u2018Sereia\u2019","og_description":"Ex-BBB Giovanna Jacobina curte praia no Rio de Janeiro e exibe corp\u00e3o: \u2018Sereia\u2019","og_url":"https:\/\/www.fatosefotosnews.com.br\/?p=116321","og_site_name":"Fatos e Fotos News","article_published_time":"2025-03-13T14:27:58+00:00","og_image":[{"width":1024,"height":576,"url":"https:\/\/www.fatosefotosnews.com.br\/wp-content\/uploads\/2025\/03\/442a17ca71f6f5fdb22890786f3764d9.jpeg","type":"image\/jpeg"}],"author":"Da Reda\u00e7\u00e3o","twitter_card":"summary_large_image","twitter_misc":{"Escrito por":"Da Reda\u00e7\u00e3o","Est. tempo de leitura":"99 minutos"},"schema":{"@context":"https:\/\/schema.org","@graph":[{"@type":"Article","@id":"https:\/\/www.fatosefotosnews.com.br\/?p=116321#article","isPartOf":{"@id":"https:\/\/www.fatosefotosnews.com.br\/?p=116321"},"author":{"name":"Da Reda\u00e7\u00e3o","@id":"https:\/\/www.fatosefotosnews.com.br\/#\/schema\/person\/3b80f81d08670fb1f6690e07eb8b5dc6"},"headline":"Ex-BBB Giovanna Jacobina curte praia no Rio de Janeiro e exibe corp\u00e3o: \u2018Sereia\u2019","datePublished":"2025-03-13T14:27:58+00:00","mainEntityOfPage":{"@id":"https:\/\/www.fatosefotosnews.com.br\/?p=116321"},"wordCount":137,"commentCount":0,"publisher":{"@id":"https:\/\/www.fatosefotosnews.com.br\/#organization"},"image":{"@id":"https:\/\/www.fatosefotosnews.com.br\/?p=116321#primaryimage"},"thumbnailUrl":"https:\/\/www.fatosefotosnews.com.br\/wp-content\/uploads\/2025\/03\/442a17ca71f6f5fdb22890786f3764d9.jpeg","keywords":["curte","exibe","giovanna","jacobina","janeiro","praia","sereia"],"articleSection":["Entretenimento"],"inLanguage":"pt-BR","potentialAction":[{"@type":"CommentAction","name":"Comment","target":["https:\/\/www.fatosefotosnews.com.br\/?p=116321#respond"]}]},{"@type":"WebPage","@id":"https:\/\/www.fatosefotosnews.com.br\/?p=116321","url":"https:\/\/www.fatosefotosnews.com.br\/?p=116321","name":"Ex-BBB Giovanna Jacobina curte praia no Rio de Janeiro e exibe corp\u00e3o: \u2018Sereia\u2019","isPartOf":{"@id":"https:\/\/www.fatosefotosnews.com.br\/#website"},"primaryImageOfPage":{"@id":"https:\/\/www.fatosefotosnews.com.br\/?p=116321#primaryimage"},"image":{"@id":"https:\/\/www.fatosefotosnews.com.br\/?p=116321#primaryimage"},"thumbnailUrl":"https:\/\/www.fatosefotosnews.com.br\/wp-content\/uploads\/2025\/03\/442a17ca71f6f5fdb22890786f3764d9.jpeg","datePublished":"2025-03-13T14:27:58+00:00","description":"Ex-BBB Giovanna Jacobina curte praia no Rio de Janeiro e exibe corp\u00e3o: \u2018Sereia\u2019","breadcrumb":{"@id":"https:\/\/www.fatosefotosnews.com.br\/?p=116321#breadcrumb"},"inLanguage":"pt-BR","potentialAction":[{"@type":"ReadAction","target":["https:\/\/www.fatosefotosnews.com.br\/?p=116321"]}]},{"@type":"ImageObject","inLanguage":"pt-BR","@id":"https:\/\/www.fatosefotosnews.com.br\/?p=116321#primaryimage","url":"https:\/\/www.fatosefotosnews.com.br\/wp-content\/uploads\/2025\/03\/442a17ca71f6f5fdb22890786f3764d9.jpeg","contentUrl":"https:\/\/www.fatosefotosnews.com.br\/wp-content\/uploads\/2025\/03\/442a17ca71f6f5fdb22890786f3764d9.jpeg","width":1024,"height":576},{"@type":"BreadcrumbList","@id":"https:\/\/www.fatosefotosnews.com.br\/?p=116321#breadcrumb","itemListElement":[{"@type":"ListItem","position":1,"name":"In\u00edcio","item":"https:\/\/www.fatosefotosnews.com.br\/"},{"@type":"ListItem","position":2,"name":"Ex-BBB Giovanna Jacobina curte praia no Rio de Janeiro e exibe corp\u00e3o: \u2018Sereia\u2019"}]},{"@type":"WebSite","@id":"https:\/\/www.fatosefotosnews.com.br\/#website","url":"https:\/\/www.fatosefotosnews.com.br\/","name":"Fatos e Fotos News","description":"Um site de noticial verdadeira e confi\u00e1veis.","publisher":{"@id":"https:\/\/www.fatosefotosnews.com.br\/#organization"},"potentialAction":[{"@type":"SearchAction","target":{"@type":"EntryPoint","urlTemplate":"https:\/\/www.fatosefotosnews.com.br\/?s={search_term_string}"},"query-input":{"@type":"PropertyValueSpecification","valueRequired":true,"valueName":"search_term_string"}}],"inLanguage":"pt-BR"},{"@type":"Organization","@id":"https:\/\/www.fatosefotosnews.com.br\/#organization","name":"Fatos e Fotos News","url":"https:\/\/www.fatosefotosnews.com.br\/","logo":{"@type":"ImageObject","inLanguage":"pt-BR","@id":"https:\/\/www.fatosefotosnews.com.br\/#\/schema\/logo\/image\/","url":"https:\/\/www.fatosefotosnews.com.br\/wp-content\/uploads\/2023\/02\/Fatos-e-Fotos-news-logo.png","contentUrl":"https:\/\/www.fatosefotosnews.com.br\/wp-content\/uploads\/2023\/02\/Fatos-e-Fotos-news-logo.png","width":300,"height":58,"caption":"Fatos e Fotos News"},"image":{"@id":"https:\/\/www.fatosefotosnews.com.br\/#\/schema\/logo\/image\/"}},{"@type":"Person","@id":"https:\/\/www.fatosefotosnews.com.br\/#\/schema\/person\/3b80f81d08670fb1f6690e07eb8b5dc6","name":"Da Reda\u00e7\u00e3o","image":{"@type":"ImageObject","inLanguage":"pt-BR","@id":"https:\/\/secure.gravatar.com\/avatar\/696d39935a657bf0fc95044dbc9f912520430a0eb6dd46c85dd97eb6483b249b?s=96&d=mm&r=g","url":"https:\/\/secure.gravatar.com\/avatar\/696d39935a657bf0fc95044dbc9f912520430a0eb6dd46c85dd97eb6483b249b?s=96&d=mm&r=g","contentUrl":"https:\/\/secure.gravatar.com\/avatar\/696d39935a657bf0fc95044dbc9f912520430a0eb6dd46c85dd97eb6483b249b?s=96&d=mm&r=g","caption":"Da Reda\u00e7\u00e3o"},"url":"https:\/\/www.fatosefotosnews.com.br\/?author=5"}]}},"jetpack_publicize_connections":[],"blog_post_layout_featured_media_urls":{"thumbnail":["https:\/\/www.fatosefotosnews.com.br\/wp-content\/uploads\/2025\/03\/442a17ca71f6f5fdb22890786f3764d9-150x150.jpeg",150,150,true],"full":["https:\/\/www.fatosefotosnews.com.br\/wp-content\/uploads\/2025\/03\/442a17ca71f6f5fdb22890786f3764d9.jpeg",1024,576,false]},"categories_names":{"3":{"name":"Entretenimento","link":"https:\/\/www.fatosefotosnews.com.br\/?cat=3"}},"tags_names":{"1146":{"name":"curte","link":"https:\/\/www.fatosefotosnews.com.br\/?tag=curte"},"675":{"name":"exibe","link":"https:\/\/www.fatosefotosnews.com.br\/?tag=exibe"},"6716":{"name":"giovanna","link":"https:\/\/www.fatosefotosnews.com.br\/?tag=giovanna"},"25551":{"name":"jacobina","link":"https:\/\/www.fatosefotosnews.com.br\/?tag=jacobina"},"940":{"name":"janeiro","link":"https:\/\/www.fatosefotosnews.com.br\/?tag=janeiro"},"1525":{"name":"praia","link":"https:\/\/www.fatosefotosnews.com.br\/?tag=praia"},"4035":{"name":"sereia","link":"https:\/\/www.fatosefotosnews.com.br\/?tag=sereia"}},"comments_number":"0","wpmagazine_modules_lite_featured_media_urls":{"thumbnail":["https:\/\/www.fatosefotosnews.com.br\/wp-content\/uploads\/2025\/03\/442a17ca71f6f5fdb22890786f3764d9-150x150.jpeg",150,150,true],"cvmm-medium":["https:\/\/www.fatosefotosnews.com.br\/wp-content\/uploads\/2025\/03\/442a17ca71f6f5fdb22890786f3764d9-300x300.jpeg",300,300,true],"cvmm-medium-plus":["https:\/\/www.fatosefotosnews.com.br\/wp-content\/uploads\/2025\/03\/442a17ca71f6f5fdb22890786f3764d9-305x207.jpeg",305,207,true],"cvmm-portrait":["https:\/\/www.fatosefotosnews.com.br\/wp-content\/uploads\/2025\/03\/442a17ca71f6f5fdb22890786f3764d9-400x576.jpeg",400,576,true],"cvmm-medium-square":["https:\/\/www.fatosefotosnews.com.br\/wp-content\/uploads\/2025\/03\/442a17ca71f6f5fdb22890786f3764d9-600x576.jpeg",600,576,true],"cvmm-large":["https:\/\/www.fatosefotosnews.com.br\/wp-content\/uploads\/2025\/03\/442a17ca71f6f5fdb22890786f3764d9.jpeg",1024,576,false],"cvmm-small":["https:\/\/www.fatosefotosnews.com.br\/wp-content\/uploads\/2025\/03\/442a17ca71f6f5fdb22890786f3764d9-130x95.jpeg",130,95,true],"full":["https:\/\/www.fatosefotosnews.com.br\/wp-content\/uploads\/2025\/03\/442a17ca71f6f5fdb22890786f3764d9.jpeg",1024,576,false]},"_links":{"self":[{"href":"https:\/\/www.fatosefotosnews.com.br\/index.php?rest_route=\/wp\/v2\/posts\/116321","targetHints":{"allow":["GET"]}}],"collection":[{"href":"https:\/\/www.fatosefotosnews.com.br\/index.php?rest_route=\/wp\/v2\/posts"}],"about":[{"href":"https:\/\/www.fatosefotosnews.com.br\/index.php?rest_route=\/wp\/v2\/types\/post"}],"author":[{"embeddable":true,"href":"https:\/\/www.fatosefotosnews.com.br\/index.php?rest_route=\/wp\/v2\/users\/5"}],"replies":[{"embeddable":true,"href":"https:\/\/www.fatosefotosnews.com.br\/index.php?rest_route=%2Fwp%2Fv2%2Fcomments&post=116321"}],"version-history":[{"count":0,"href":"https:\/\/www.fatosefotosnews.com.br\/index.php?rest_route=\/wp\/v2\/posts\/116321\/revisions"}],"wp:featuredmedia":[{"embeddable":true,"href":"https:\/\/www.fatosefotosnews.com.br\/index.php?rest_route=\/wp\/v2\/media\/116322"}],"wp:attachment":[{"href":"https:\/\/www.fatosefotosnews.com.br\/index.php?rest_route=%2Fwp%2Fv2%2Fmedia&parent=116321"}],"wp:term":[{"taxonomy":"category","embeddable":true,"href":"https:\/\/www.fatosefotosnews.com.br\/index.php?rest_route=%2Fwp%2Fv2%2Fcategories&post=116321"},{"taxonomy":"post_tag","embeddable":true,"href":"https:\/\/www.fatosefotosnews.com.br\/index.php?rest_route=%2Fwp%2Fv2%2Ftags&post=116321"}],"curies":[{"name":"wp","href":"https:\/\/api.w.org\/{rel}","templated":true}]}}