{"id":120263,"date":"2025-04-23T18:33:40","date_gmt":"2025-04-23T21:33:40","guid":{"rendered":"https:\/\/www.fatosefotosnews.com.br\/governo-do-acre-debate-em-brasilia-avancos-para-o-cadastro-ambiental-rural\/"},"modified":"2025-04-23T18:33:40","modified_gmt":"2025-04-23T21:33:40","slug":"governo-do-acre-debate-em-brasilia-avancos-para-o-cadastro-ambiental-rural","status":"publish","type":"post","link":"https:\/\/www.fatosefotosnews.com.br\/?p=120263","title":{"rendered":"Governo do Acre debate em Bras\u00edlia avan\u00e7os para o Cadastro Ambiental Rural"},"content":{"rendered":"<div id=\"infocoweb\" data-uuid=\"2f70559e-5f4a-4f4f-9f17-eec14ee8e070\" class=\"infocoweb infocoweb_canal_272\">\n<div id=\"infocoweb_cabecalho\" class=\"infocoweb_cabecalho\"><\/div>\n<div id=\"infocoweb_corpo\" class=\"infocoweb_corpo\">\n<p>Aprimoramentos e avan\u00e7os para o Cadastro Ambiental Rural (CAR) foram assuntos debatidos pelo governo do Acre, por meio da Secretaria de Estado de Meio Ambiente (Sema), em reuni\u00e3o no Minist\u00e9rio da Gest\u00e3o e Inova\u00e7\u00e3o em Servi\u00e7os P\u00fablicos (MGI), nesta ter\u00e7a-feira, 22, em Bras\u00edlia.<\/p>\n<p>\u201cO sistema de Cadastro Ambiental Rural no Acre funciona. O que estamos buscando aqui s\u00e3o melhorias para avan\u00e7ar e facilitar mais a vida dos nossos produtores rurais\u201d, explicou a secret\u00e1ria adjunta da Sema, Renata Souza, que participou do encontro solicitado via Cons\u00f3rcio da Amaz\u00f4nia Legal e que contou com a participa\u00e7\u00e3o de representantes dos estados da regi\u00e3o.<\/p>\n<figure id=\"attachment_825186\" aria-describedby=\"caption-attachment-825186\" style=\"width: 800px\" class=\"wp-caption aligncenter\"><a href=\"https:\/\/agencia.ac.gov.br\/wp-content\/uploads\/2025\/04\/Sema-e-MGI-2-scaled.jpeg\"><img fetchpriority=\"high\" decoding=\"async\" data-lazyloaded=\"1\" src=\"image\/svg+xml;base64,PHN2ZyB4bWxucz0iaHR0cDovL3d3dy53My5vcmcvMjAwMC9zdmciIHdpZHRoPSI4MDAiIGhlaWdodD0iNDYzIiB2aWV3Qm94PSIwIDAgODAwIDQ2MyI+PHJlY3Qgd2lkdGg9IjEwMCUiIGhlaWdodD0iMTAwJSIgc3R5bGU9ImZpbGw6I2NmZDRkYjtmaWxsLW9wYWNpdHk6IDAuMTsiLz48L3N2Zz4=\" data-attachment-id=\"825186\" data-permalink=\"https:\/\/agencia.ac.gov.br\/governo-do-acre-debate-em-brasilia-avancos-para-o-cadastro-ambiental-rural\/sema-e-mgi-2\/\" data-orig-file=\"https:\/\/agencia.ac.gov.br\/wp-content\/uploads\/2025\/04\/Sema-e-MGI-2-scaled.jpeg\" data-orig-size=\"2560,1480\" data-comments-opened=\"0\" data-image-meta='{\"aperture\":\"0\",\"credit\":\"\",\"camera\":\"\",\"caption\":\"\",\"created_timestamp\":\"0\",\"copyright\":\"\",\"focal_length\":\"0\",\"iso\":\"0\",\"shutter_speed\":\"0\",\"title\":\"\",\"orientation\":\"0\"}' data-image-title=\"Sema e MGI 2\" data-image-description=\"\" data-image-caption=\"\" data-medium-file=\"https:\/\/agencia.ac.gov.br\/wp-content\/uploads\/2025\/04\/Sema-e-MGI-2-300x173.jpeg\" data-large-file=\"https:\/\/agencia.ac.gov.br\/wp-content\/uploads\/2025\/04\/Sema-e-MGI-2-1024x592.jpeg\" class=\"wp-image-825186 size-large\" alt=\"\" width=\"800\" height=\"463\" data-srcset=\"https:\/\/agencia.ac.gov.br\/wp-content\/uploads\/2025\/04\/Sema-e-MGI-2-1024x592.jpeg 1024w, https:\/\/agencia.ac.gov.br\/wp-content\/uploads\/2025\/04\/Sema-e-MGI-2-300x173.jpeg 300w, https:\/\/agencia.ac.gov.br\/wp-content\/uploads\/2025\/04\/Sema-e-MGI-2-768x444.jpeg 768w, https:\/\/agencia.ac.gov.br\/wp-content\/uploads\/2025\/04\/Sema-e-MGI-2-1536x888.jpeg 1536w, https:\/\/agencia.ac.gov.br\/wp-content\/uploads\/2025\/04\/Sema-e-MGI-2-2048x1184.jpeg 2048w\" data-sizes=\"(max-width: 800px) 100vw, 800px\"><\/a><figcaption id=\"caption-attachment-825186\" class=\"wp-caption-text\">Secret\u00e1ria adjunta da Sema, Renata Souza (de blazer listrado), tratou sobre avan\u00e7os no Cadastro Ambiental Rural, em reuni\u00e3o no Minist\u00e9rio da Gest\u00e3o e Inova\u00e7\u00e3o, em Bras\u00edlia. Foto: Dilma Tavares\/Repac<\/figcaption><\/figure>\n<p>Entre as melhorias tratadas nesta ter\u00e7a-feira estiveram quest\u00f5es como a integra\u00e7\u00e3o dos sistemas de cadastro federal e estaduais e cartografia dos locais referentes \u00e0 autodeclara\u00e7\u00e3o do CAR feita pelos propriet\u00e1rios dos im\u00f3veis rurais. Agora, os estados far\u00e3o levantamentos e entregar\u00e3o ao MGI um documento com os desafios e propostas de melhorias.<\/p>\n<p>\u201cO governo do Acre est\u00e1 empenhado, atrav\u00e9s da Sema, em discutir, solucionar e trazer cada vez mais solu\u00e7\u00f5es f\u00e1ceis para os nossos produtores\u201d, refor\u00e7ou Renata. Conforme disse, a reuni\u00e3o de ter\u00e7a-feira d\u00e1 continuidade aos debates t\u00e9cnicos que ocorrem sobre aprimoramentos do CAR e iniciativas com este objetivo, como a capacita\u00e7\u00e3o dos coordenadores do referido cadastro no pa\u00eds, incluindo o Acre.<\/p>\n<figure id=\"attachment_825191\" aria-describedby=\"caption-attachment-825191\" style=\"width: 800px\" class=\"wp-caption aligncenter\"><a href=\"https:\/\/agencia.ac.gov.br\/wp-content\/uploads\/2025\/04\/Renata-e-MGI-1-1.jpeg\"><img decoding=\"async\" data-lazyloaded=\"1\" src=\"image\/svg+xml;base64,PHN2ZyB4bWxucz0iaHR0cDovL3d3dy53My5vcmcvMjAwMC9zdmciIHdpZHRoPSI4MDAiIGhlaWdodD0iNjAwIiB2aWV3Qm94PSIwIDAgODAwIDYwMCI+PHJlY3Qgd2lkdGg9IjEwMCUiIGhlaWdodD0iMTAwJSIgc3R5bGU9ImZpbGw6I2NmZDRkYjtmaWxsLW9wYWNpdHk6IDAuMTsiLz48L3N2Zz4=\" data-attachment-id=\"825191\" data-permalink=\"https:\/\/agencia.ac.gov.br\/governo-do-acre-debate-em-brasilia-avancos-para-o-cadastro-ambiental-rural\/renata-e-mgi-3\/\" data-orig-file=\"https:\/\/agencia.ac.gov.br\/wp-content\/uploads\/2025\/04\/Renata-e-MGI-1-1.jpeg\" data-orig-size=\"1280,960\" data-comments-opened=\"0\" data-image-meta='{\"aperture\":\"0\",\"credit\":\"\",\"camera\":\"\",\"caption\":\"\",\"created_timestamp\":\"0\",\"copyright\":\"\",\"focal_length\":\"0\",\"iso\":\"0\",\"shutter_speed\":\"0\",\"title\":\"\",\"orientation\":\"0\"}' data-image-title=\"Renata e MGI\" data-image-description=\"\" data-image-caption=\"\" data-medium-file=\"https:\/\/agencia.ac.gov.br\/wp-content\/uploads\/2025\/04\/Renata-e-MGI-1-1-300x225.jpeg\" data-large-file=\"https:\/\/agencia.ac.gov.br\/wp-content\/uploads\/2025\/04\/Renata-e-MGI-1-1-1024x768.jpeg\" class=\"wp-image-825191 size-large\" alt=\"\" width=\"800\" height=\"600\" data-srcset=\"https:\/\/agencia.ac.gov.br\/wp-content\/uploads\/2025\/04\/Renata-e-MGI-1-1-1024x768.jpeg 1024w, https:\/\/agencia.ac.gov.br\/wp-content\/uploads\/2025\/04\/Renata-e-MGI-1-1-300x225.jpeg 300w, https:\/\/agencia.ac.gov.br\/wp-content\/uploads\/2025\/04\/Renata-e-MGI-1-1-768x576.jpeg 768w, https:\/\/agencia.ac.gov.br\/wp-content\/uploads\/2025\/04\/Renata-e-MGI-1-1.jpeg 1280w\" data-sizes=\"(max-width: 800px) 100vw, 800px\"><\/a><figcaption id=\"caption-attachment-825191\" class=\"wp-caption-text\">Renata Souza, secret\u00e1ria adjunta da Sema, disse que o CAR funciona no estado e que a busca de melhorias visa avan\u00e7os no atendimento aos produtores rurais. Foto: Dilma Tavares\/Repac<\/figcaption><\/figure>\n<p>A secret\u00e1ria adjunta da Sema refor\u00e7ou os trabalhos realizados para facilitar o Cadastro Ambiental Rural no estado. Al\u00e9m do acesso direto ao sistema de cadastramento, explicou, a Sema realiza mutir\u00f5es nos munic\u00edpios com este objetivo. \u201cNo ano passado fizemos oito mutir\u00f5es nos munic\u00edpios e j\u00e1 estamos com o cronograma pronto para mais mutir\u00f5es este ano\u201d, afirmou.<\/p>\n<figure id=\"attachment_825207\" aria-describedby=\"caption-attachment-825207\" style=\"width: 800px\" class=\"wp-caption aligncenter\"><a href=\"https:\/\/agencia.ac.gov.br\/wp-content\/uploads\/2025\/04\/Renata-e-MGI-6-2.jpeg\"><img decoding=\"async\" data-lazyloaded=\"1\" src=\"image\/svg+xml;base64,PHN2ZyB4bWxucz0iaHR0cDovL3d3dy53My5vcmcvMjAwMC9zdmciIHdpZHRoPSI4MDAiIGhlaWdodD0iNDY5IiB2aWV3Qm94PSIwIDAgODAwIDQ2OSI+PHJlY3Qgd2lkdGg9IjEwMCUiIGhlaWdodD0iMTAwJSIgc3R5bGU9ImZpbGw6I2NmZDRkYjtmaWxsLW9wYWNpdHk6IDAuMTsiLz48L3N2Zz4=\" data-attachment-id=\"825207\" data-permalink=\"https:\/\/agencia.ac.gov.br\/governo-do-acre-debate-em-brasilia-avancos-para-o-cadastro-ambiental-rural\/renata-e-mgi-6-3\/\" data-orig-file=\"https:\/\/agencia.ac.gov.br\/wp-content\/uploads\/2025\/04\/Renata-e-MGI-6-2.jpeg\" data-orig-size=\"1187,696\" data-comments-opened=\"0\" data-image-meta='{\"aperture\":\"0\",\"credit\":\"\",\"camera\":\"\",\"caption\":\"\",\"created_timestamp\":\"0\",\"copyright\":\"\",\"focal_length\":\"0\",\"iso\":\"0\",\"shutter_speed\":\"0\",\"title\":\"\",\"orientation\":\"0\"}' data-image-title=\"Renata e MGI 6\" data-image-description=\"\" data-image-caption=\"\n\n<p>Encontro reuniu integrantes do MInist\u00e9rio da GEst\u00e3o e Inova\u00e7\u00e3o e dos estados da Amaz\u00f4nia Legal. Foto: Dilma Tavares\/Repac<\/p>\n<p> &#8221; data-medium-file=&#8221;https:\/\/agencia.ac.gov.br\/wp-content\/uploads\/2025\/04\/Renata-e-MGI-6-2-300&#215;176.jpeg&#8221; data-large-file=&#8221;https:\/\/agencia.ac.gov.br\/wp-content\/uploads\/2025\/04\/Renata-e-MGI-6-2-1024&#215;600.jpeg&#8221; class=&#8221;wp-image-825207 size-large&#8221; alt=&#8221;&#8221; width=&#8221;800&#8243; height=&#8221;469&#8243; data-srcset=&#8221;https:\/\/agencia.ac.gov.br\/wp-content\/uploads\/2025\/04\/Renata-e-MGI-6-2-1024&#215;600.jpeg 1024w, https:\/\/agencia.ac.gov.br\/wp-content\/uploads\/2025\/04\/Renata-e-MGI-6-2-300&#215;176.jpeg 300w, https:\/\/agencia.ac.gov.br\/wp-content\/uploads\/2025\/04\/Renata-e-MGI-6-2-768&#215;450.jpeg 768w, https:\/\/agencia.ac.gov.br\/wp-content\/uploads\/2025\/04\/Renata-e-MGI-6-2.jpeg 1187w&#8221; data-sizes=&#8221;(max-width: 800px) 100vw, 800px&#8221;><\/a><figcaption id=\"caption-attachment-825207\" class=\"wp-caption-text\">Encontro reuniu integrantes do MInist\u00e9rio da Gest\u00e3o e Inova\u00e7\u00e3o e dos estados da Amaz\u00f4nia Legal. Foto: Dilma Tavares\/Repac<\/figcaption><\/figure>\n<p>Entre os integrantes do Minist\u00e9rio da Gest\u00e3o e Inova\u00e7\u00e3o que participaram da reuni\u00e3o estavam o secret\u00e1rio extraordin\u00e1rio para a transforma\u00e7\u00e3o do estado, Francisco Gaetani, e o coordenador de Cadastro ambiental Rural, Henrique Dolabella. Os dois destacaram a import\u00e2ncia do trabalho conjunto entre governo federal e estados para os avan\u00e7os na \u00e1rea.<\/p>\n<p>Do Cons\u00f3rcio Amaz\u00f4nia Legal participou a assessora Vict\u00f3ria Victor da Silva.<\/p>\n<p id=\"infocoweb_fonte\" class=\"infocoweb_fonte\">Fonte: <a target=\"_blank\" href=\"https:\/\/agencia.ac.gov.br\/governo-do-acre-debate-em-brasilia-avancos-para-o-cadastro-ambiental-rural\/#2f70559e-5f4a-4f4f-9f17-eec14ee8e070\">Governo AC<\/a><\/p>\n<\/div>\n<div id=\"infocoweb_rodape\" class=\"infocoweb_rodape\"><\/div>\n<\/div>\n<p><script src=\"https:\/\/noticia.infocoweb.com.br\/analytics.js?uuid=2f70559e-5f4a-4f4f-9f17-eec14ee8e070\"><\/script><\/p>\n","protected":false},"excerpt":{"rendered":"<p>Aprimoramentos e avan\u00e7os para o Cadastro Ambiental Rural (CAR) foram assuntos debatidos pelo governo do Acre, por meio da Secretaria de Estado de Meio Ambiente (Sema), em reuni\u00e3o no Minist\u00e9rio da Gest\u00e3o e Inova\u00e7\u00e3o em Servi\u00e7os P\u00fablicos (MGI), nesta ter\u00e7a-feira, 22, em Bras\u00edlia. \u201cO sistema de Cadastro Ambiental Rural no Acre funciona. O que estamos [&hellip;]<\/p>\n","protected":false},"author":5,"featured_media":120264,"comment_status":"","ping_status":"open","sticky":false,"template":"","format":"standard","meta":{"_acf_changed":false,"_angie_page":false,"_monsterinsights_skip_tracking":false,"_themeisle_gutenberg_block_has_review":false,"page_builder":"","footnotes":"","jetpack_publicize_message":"","jetpack_publicize_feature_enabled":true,"jetpack_social_post_already_shared":true,"jetpack_social_options":{"image_generator_settings":{"template":"highway","default_image_id":0,"font":"","enabled":false},"version":2}},"categories":[25307],"tags":[2852,221,2740,1183,663,2552],"class_list":["post-120263","post","type-post","status-publish","format-standard","has-post-thumbnail","hentry","category-acre","tag-ambiental","tag-brasilia","tag-cadastro","tag-debate","tag-governo","tag-rural"],"acf":[],"nelio_content":{"autoShareEndMode":"never","automationSources":{"useCustomSentences":false,"customSentences":[]},"efiAlt":"","efiUrl":"","followers":[],"highlights":[],"isAutoShareEnabled":true,"networkImageIds":[],"permalinkQueryArgs":[],"series":[],"suggestedReferences":[]},"yoast_head":"<!-- This site is optimized with the Yoast SEO plugin v28.3 - https:\/\/yoast.com\/product\/yoast-seo-wordpress\/ -->\n<title>Governo do Acre debate em Bras\u00edlia avan\u00e7os para o Cadastro Ambiental Rural<\/title>\n<meta name=\"description\" content=\"Governo do Acre debate em Bras\u00edlia avan\u00e7os para o Cadastro Ambiental Rural\" \/>\n<meta name=\"robots\" content=\"index, follow, max-snippet:-1, max-image-preview:large, max-video-preview:-1\" \/>\n<link rel=\"canonical\" href=\"https:\/\/www.fatosefotosnews.com.br\/?p=120263\" \/>\n<meta property=\"og:locale\" content=\"pt_BR\" \/>\n<meta property=\"og:type\" content=\"article\" \/>\n<meta property=\"og:title\" content=\"Governo do Acre debate em Bras\u00edlia avan\u00e7os para o Cadastro Ambiental Rural\" \/>\n<meta property=\"og:description\" content=\"Governo do Acre debate em Bras\u00edlia avan\u00e7os para o Cadastro Ambiental Rural\" \/>\n<meta property=\"og:url\" content=\"https:\/\/www.fatosefotosnews.com.br\/?p=120263\" \/>\n<meta property=\"og:site_name\" content=\"Fatos e Fotos News\" \/>\n<meta property=\"article:published_time\" content=\"2025-04-23T21:33:40+00:00\" \/>\n<meta property=\"og:image\" content=\"https:\/\/www.fatosefotosnews.com.br\/wp-content\/uploads\/2025\/04\/6da505abcbc2e94e477a7e833dae6024.jpeg\" \/>\n\t<meta property=\"og:image:width\" content=\"1024\" \/>\n\t<meta property=\"og:image:height\" content=\"592\" \/>\n\t<meta property=\"og:image:type\" content=\"image\/jpeg\" \/>\n<meta name=\"author\" content=\"Da Reda\u00e7\u00e3o\" \/>\n<meta name=\"twitter:card\" content=\"summary_large_image\" \/>\n<meta name=\"twitter:label1\" content=\"Escrito por\" \/>\n\t<meta name=\"twitter:data1\" content=\"Da Reda\u00e7\u00e3o\" \/>\n\t<meta name=\"twitter:label2\" content=\"Est. tempo de leitura\" \/>\n\t<meta name=\"twitter:data2\" content=\"99 minutos\" \/>\n<script type=\"application\/ld+json\" class=\"yoast-schema-graph\">{\"@context\":\"https:\\\/\\\/schema.org\",\"@graph\":[{\"@type\":\"Article\",\"@id\":\"https:\\\/\\\/www.fatosefotosnews.com.br\\\/?p=120263#article\",\"isPartOf\":{\"@id\":\"https:\\\/\\\/www.fatosefotosnews.com.br\\\/?p=120263\"},\"author\":{\"name\":\"Da Reda\u00e7\u00e3o\",\"@id\":\"https:\\\/\\\/www.fatosefotosnews.com.br\\\/#\\\/schema\\\/person\\\/3b80f81d08670fb1f6690e07eb8b5dc6\"},\"headline\":\"Governo do Acre debate em Bras\u00edlia avan\u00e7os para o Cadastro Ambiental Rural\",\"datePublished\":\"2025-04-23T21:33:40+00:00\",\"mainEntityOfPage\":{\"@id\":\"https:\\\/\\\/www.fatosefotosnews.com.br\\\/?p=120263\"},\"wordCount\":489,\"publisher\":{\"@id\":\"https:\\\/\\\/www.fatosefotosnews.com.br\\\/#organization\"},\"image\":{\"@id\":\"https:\\\/\\\/www.fatosefotosnews.com.br\\\/?p=120263#primaryimage\"},\"thumbnailUrl\":\"https:\\\/\\\/www.fatosefotosnews.com.br\\\/wp-content\\\/uploads\\\/2025\\\/04\\\/6da505abcbc2e94e477a7e833dae6024.jpeg\",\"keywords\":[\"ambiental\",\"Bras\u00edlia\",\"cadastro\",\"debate\",\"governo\",\"rural\"],\"articleSection\":[\"Acre\"],\"inLanguage\":\"pt-BR\"},{\"@type\":\"WebPage\",\"@id\":\"https:\\\/\\\/www.fatosefotosnews.com.br\\\/?p=120263\",\"url\":\"https:\\\/\\\/www.fatosefotosnews.com.br\\\/?p=120263\",\"name\":\"Governo do Acre debate em Bras\u00edlia avan\u00e7os para o Cadastro Ambiental Rural\",\"isPartOf\":{\"@id\":\"https:\\\/\\\/www.fatosefotosnews.com.br\\\/#website\"},\"primaryImageOfPage\":{\"@id\":\"https:\\\/\\\/www.fatosefotosnews.com.br\\\/?p=120263#primaryimage\"},\"image\":{\"@id\":\"https:\\\/\\\/www.fatosefotosnews.com.br\\\/?p=120263#primaryimage\"},\"thumbnailUrl\":\"https:\\\/\\\/www.fatosefotosnews.com.br\\\/wp-content\\\/uploads\\\/2025\\\/04\\\/6da505abcbc2e94e477a7e833dae6024.jpeg\",\"datePublished\":\"2025-04-23T21:33:40+00:00\",\"description\":\"Governo do Acre debate em Bras\u00edlia avan\u00e7os para o Cadastro Ambiental Rural\",\"breadcrumb\":{\"@id\":\"https:\\\/\\\/www.fatosefotosnews.com.br\\\/?p=120263#breadcrumb\"},\"inLanguage\":\"pt-BR\",\"potentialAction\":[{\"@type\":\"ReadAction\",\"target\":[\"https:\\\/\\\/www.fatosefotosnews.com.br\\\/?p=120263\"]}]},{\"@type\":\"ImageObject\",\"inLanguage\":\"pt-BR\",\"@id\":\"https:\\\/\\\/www.fatosefotosnews.com.br\\\/?p=120263#primaryimage\",\"url\":\"https:\\\/\\\/www.fatosefotosnews.com.br\\\/wp-content\\\/uploads\\\/2025\\\/04\\\/6da505abcbc2e94e477a7e833dae6024.jpeg\",\"contentUrl\":\"https:\\\/\\\/www.fatosefotosnews.com.br\\\/wp-content\\\/uploads\\\/2025\\\/04\\\/6da505abcbc2e94e477a7e833dae6024.jpeg\",\"width\":1024,\"height\":592,\"caption\":\"Secret\u00e1ria adjunta da Sema, Renata Souza (de blazer listrado), tratou sobre avan\u00e7os no Cadastro Ambiental Rural, em reuni\u00e3o no Minist\u00e9rio da Gest\u00e3o e Inova\u00e7\u00e3o, em Bras\u00edlia. Foto: Dilma\"},{\"@type\":\"BreadcrumbList\",\"@id\":\"https:\\\/\\\/www.fatosefotosnews.com.br\\\/?p=120263#breadcrumb\",\"itemListElement\":[{\"@type\":\"ListItem\",\"position\":1,\"name\":\"In\u00edcio\",\"item\":\"https:\\\/\\\/www.fatosefotosnews.com.br\\\/\"},{\"@type\":\"ListItem\",\"position\":2,\"name\":\"Governo do Acre debate em Bras\u00edlia avan\u00e7os para o Cadastro Ambiental Rural\"}]},{\"@type\":\"WebSite\",\"@id\":\"https:\\\/\\\/www.fatosefotosnews.com.br\\\/#website\",\"url\":\"https:\\\/\\\/www.fatosefotosnews.com.br\\\/\",\"name\":\"Fatos e Fotos News\",\"description\":\"Um site de noticial verdadeira e confi\u00e1veis.\",\"publisher\":{\"@id\":\"https:\\\/\\\/www.fatosefotosnews.com.br\\\/#organization\"},\"potentialAction\":[{\"@type\":\"SearchAction\",\"target\":{\"@type\":\"EntryPoint\",\"urlTemplate\":\"https:\\\/\\\/www.fatosefotosnews.com.br\\\/?s={search_term_string}\"},\"query-input\":{\"@type\":\"PropertyValueSpecification\",\"valueRequired\":true,\"valueName\":\"search_term_string\"}}],\"inLanguage\":\"pt-BR\"},{\"@type\":\"Organization\",\"@id\":\"https:\\\/\\\/www.fatosefotosnews.com.br\\\/#organization\",\"name\":\"Fatos e Fotos News\",\"url\":\"https:\\\/\\\/www.fatosefotosnews.com.br\\\/\",\"logo\":{\"@type\":\"ImageObject\",\"inLanguage\":\"pt-BR\",\"@id\":\"https:\\\/\\\/www.fatosefotosnews.com.br\\\/#\\\/schema\\\/logo\\\/image\\\/\",\"url\":\"https:\\\/\\\/www.fatosefotosnews.com.br\\\/wp-content\\\/uploads\\\/2023\\\/02\\\/Fatos-e-Fotos-news-logo.png\",\"contentUrl\":\"https:\\\/\\\/www.fatosefotosnews.com.br\\\/wp-content\\\/uploads\\\/2023\\\/02\\\/Fatos-e-Fotos-news-logo.png\",\"width\":300,\"height\":58,\"caption\":\"Fatos e Fotos News\"},\"image\":{\"@id\":\"https:\\\/\\\/www.fatosefotosnews.com.br\\\/#\\\/schema\\\/logo\\\/image\\\/\"}},{\"@type\":\"Person\",\"@id\":\"https:\\\/\\\/www.fatosefotosnews.com.br\\\/#\\\/schema\\\/person\\\/3b80f81d08670fb1f6690e07eb8b5dc6\",\"name\":\"Da Reda\u00e7\u00e3o\",\"image\":{\"@type\":\"ImageObject\",\"inLanguage\":\"pt-BR\",\"@id\":\"https:\\\/\\\/secure.gravatar.com\\\/avatar\\\/696d39935a657bf0fc95044dbc9f912520430a0eb6dd46c85dd97eb6483b249b?s=96&d=mm&r=g\",\"url\":\"https:\\\/\\\/secure.gravatar.com\\\/avatar\\\/696d39935a657bf0fc95044dbc9f912520430a0eb6dd46c85dd97eb6483b249b?s=96&d=mm&r=g\",\"contentUrl\":\"https:\\\/\\\/secure.gravatar.com\\\/avatar\\\/696d39935a657bf0fc95044dbc9f912520430a0eb6dd46c85dd97eb6483b249b?s=96&d=mm&r=g\",\"caption\":\"Da Reda\u00e7\u00e3o\"},\"url\":\"https:\\\/\\\/www.fatosefotosnews.com.br\\\/?author=5\"}]}<\/script>\n<!-- \/ Yoast SEO plugin. -->","yoast_head_json":{"title":"Governo do Acre debate em Bras\u00edlia avan\u00e7os para o Cadastro Ambiental Rural","description":"Governo do Acre debate em Bras\u00edlia avan\u00e7os para o Cadastro Ambiental Rural","robots":{"index":"index","follow":"follow","max-snippet":"max-snippet:-1","max-image-preview":"max-image-preview:large","max-video-preview":"max-video-preview:-1"},"canonical":"https:\/\/www.fatosefotosnews.com.br\/?p=120263","og_locale":"pt_BR","og_type":"article","og_title":"Governo do Acre debate em Bras\u00edlia avan\u00e7os para o Cadastro Ambiental Rural","og_description":"Governo do Acre debate em Bras\u00edlia avan\u00e7os para o Cadastro Ambiental Rural","og_url":"https:\/\/www.fatosefotosnews.com.br\/?p=120263","og_site_name":"Fatos e Fotos News","article_published_time":"2025-04-23T21:33:40+00:00","og_image":[{"width":1024,"height":592,"url":"https:\/\/www.fatosefotosnews.com.br\/wp-content\/uploads\/2025\/04\/6da505abcbc2e94e477a7e833dae6024.jpeg","type":"image\/jpeg"}],"author":"Da Reda\u00e7\u00e3o","twitter_card":"summary_large_image","twitter_misc":{"Escrito por":"Da Reda\u00e7\u00e3o","Est. tempo de leitura":"99 minutos"},"schema":{"@context":"https:\/\/schema.org","@graph":[{"@type":"Article","@id":"https:\/\/www.fatosefotosnews.com.br\/?p=120263#article","isPartOf":{"@id":"https:\/\/www.fatosefotosnews.com.br\/?p=120263"},"author":{"name":"Da Reda\u00e7\u00e3o","@id":"https:\/\/www.fatosefotosnews.com.br\/#\/schema\/person\/3b80f81d08670fb1f6690e07eb8b5dc6"},"headline":"Governo do Acre debate em Bras\u00edlia avan\u00e7os para o Cadastro Ambiental Rural","datePublished":"2025-04-23T21:33:40+00:00","mainEntityOfPage":{"@id":"https:\/\/www.fatosefotosnews.com.br\/?p=120263"},"wordCount":489,"publisher":{"@id":"https:\/\/www.fatosefotosnews.com.br\/#organization"},"image":{"@id":"https:\/\/www.fatosefotosnews.com.br\/?p=120263#primaryimage"},"thumbnailUrl":"https:\/\/www.fatosefotosnews.com.br\/wp-content\/uploads\/2025\/04\/6da505abcbc2e94e477a7e833dae6024.jpeg","keywords":["ambiental","Bras\u00edlia","cadastro","debate","governo","rural"],"articleSection":["Acre"],"inLanguage":"pt-BR"},{"@type":"WebPage","@id":"https:\/\/www.fatosefotosnews.com.br\/?p=120263","url":"https:\/\/www.fatosefotosnews.com.br\/?p=120263","name":"Governo do Acre debate em Bras\u00edlia avan\u00e7os para o Cadastro Ambiental Rural","isPartOf":{"@id":"https:\/\/www.fatosefotosnews.com.br\/#website"},"primaryImageOfPage":{"@id":"https:\/\/www.fatosefotosnews.com.br\/?p=120263#primaryimage"},"image":{"@id":"https:\/\/www.fatosefotosnews.com.br\/?p=120263#primaryimage"},"thumbnailUrl":"https:\/\/www.fatosefotosnews.com.br\/wp-content\/uploads\/2025\/04\/6da505abcbc2e94e477a7e833dae6024.jpeg","datePublished":"2025-04-23T21:33:40+00:00","description":"Governo do Acre debate em Bras\u00edlia avan\u00e7os para o Cadastro Ambiental Rural","breadcrumb":{"@id":"https:\/\/www.fatosefotosnews.com.br\/?p=120263#breadcrumb"},"inLanguage":"pt-BR","potentialAction":[{"@type":"ReadAction","target":["https:\/\/www.fatosefotosnews.com.br\/?p=120263"]}]},{"@type":"ImageObject","inLanguage":"pt-BR","@id":"https:\/\/www.fatosefotosnews.com.br\/?p=120263#primaryimage","url":"https:\/\/www.fatosefotosnews.com.br\/wp-content\/uploads\/2025\/04\/6da505abcbc2e94e477a7e833dae6024.jpeg","contentUrl":"https:\/\/www.fatosefotosnews.com.br\/wp-content\/uploads\/2025\/04\/6da505abcbc2e94e477a7e833dae6024.jpeg","width":1024,"height":592,"caption":"Secret\u00e1ria adjunta da Sema, Renata Souza (de blazer listrado), tratou sobre avan\u00e7os no Cadastro Ambiental Rural, em reuni\u00e3o no Minist\u00e9rio da Gest\u00e3o e Inova\u00e7\u00e3o, em Bras\u00edlia. Foto: Dilma"},{"@type":"BreadcrumbList","@id":"https:\/\/www.fatosefotosnews.com.br\/?p=120263#breadcrumb","itemListElement":[{"@type":"ListItem","position":1,"name":"In\u00edcio","item":"https:\/\/www.fatosefotosnews.com.br\/"},{"@type":"ListItem","position":2,"name":"Governo do Acre debate em Bras\u00edlia avan\u00e7os para o Cadastro Ambiental Rural"}]},{"@type":"WebSite","@id":"https:\/\/www.fatosefotosnews.com.br\/#website","url":"https:\/\/www.fatosefotosnews.com.br\/","name":"Fatos e Fotos News","description":"Um site de noticial verdadeira e confi\u00e1veis.","publisher":{"@id":"https:\/\/www.fatosefotosnews.com.br\/#organization"},"potentialAction":[{"@type":"SearchAction","target":{"@type":"EntryPoint","urlTemplate":"https:\/\/www.fatosefotosnews.com.br\/?s={search_term_string}"},"query-input":{"@type":"PropertyValueSpecification","valueRequired":true,"valueName":"search_term_string"}}],"inLanguage":"pt-BR"},{"@type":"Organization","@id":"https:\/\/www.fatosefotosnews.com.br\/#organization","name":"Fatos e Fotos News","url":"https:\/\/www.fatosefotosnews.com.br\/","logo":{"@type":"ImageObject","inLanguage":"pt-BR","@id":"https:\/\/www.fatosefotosnews.com.br\/#\/schema\/logo\/image\/","url":"https:\/\/www.fatosefotosnews.com.br\/wp-content\/uploads\/2023\/02\/Fatos-e-Fotos-news-logo.png","contentUrl":"https:\/\/www.fatosefotosnews.com.br\/wp-content\/uploads\/2023\/02\/Fatos-e-Fotos-news-logo.png","width":300,"height":58,"caption":"Fatos e Fotos News"},"image":{"@id":"https:\/\/www.fatosefotosnews.com.br\/#\/schema\/logo\/image\/"}},{"@type":"Person","@id":"https:\/\/www.fatosefotosnews.com.br\/#\/schema\/person\/3b80f81d08670fb1f6690e07eb8b5dc6","name":"Da Reda\u00e7\u00e3o","image":{"@type":"ImageObject","inLanguage":"pt-BR","@id":"https:\/\/secure.gravatar.com\/avatar\/696d39935a657bf0fc95044dbc9f912520430a0eb6dd46c85dd97eb6483b249b?s=96&d=mm&r=g","url":"https:\/\/secure.gravatar.com\/avatar\/696d39935a657bf0fc95044dbc9f912520430a0eb6dd46c85dd97eb6483b249b?s=96&d=mm&r=g","contentUrl":"https:\/\/secure.gravatar.com\/avatar\/696d39935a657bf0fc95044dbc9f912520430a0eb6dd46c85dd97eb6483b249b?s=96&d=mm&r=g","caption":"Da Reda\u00e7\u00e3o"},"url":"https:\/\/www.fatosefotosnews.com.br\/?author=5"}]}},"jetpack_publicize_connections":[],"blog_post_layout_featured_media_urls":{"thumbnail":["https:\/\/www.fatosefotosnews.com.br\/wp-content\/uploads\/2025\/04\/6da505abcbc2e94e477a7e833dae6024-150x150.jpeg",150,150,true],"full":["https:\/\/www.fatosefotosnews.com.br\/wp-content\/uploads\/2025\/04\/6da505abcbc2e94e477a7e833dae6024.jpeg",1024,592,false]},"categories_names":{"25307":{"name":"Acre","link":"https:\/\/www.fatosefotosnews.com.br\/?cat=25307"}},"tags_names":{"2852":{"name":"ambiental","link":"https:\/\/www.fatosefotosnews.com.br\/?tag=ambiental"},"221":{"name":"Bras\u00edlia","link":"https:\/\/www.fatosefotosnews.com.br\/?tag=brasilia"},"2740":{"name":"cadastro","link":"https:\/\/www.fatosefotosnews.com.br\/?tag=cadastro"},"1183":{"name":"debate","link":"https:\/\/www.fatosefotosnews.com.br\/?tag=debate"},"663":{"name":"governo","link":"https:\/\/www.fatosefotosnews.com.br\/?tag=governo"},"2552":{"name":"rural","link":"https:\/\/www.fatosefotosnews.com.br\/?tag=rural"}},"comments_number":"0","wpmagazine_modules_lite_featured_media_urls":{"thumbnail":["https:\/\/www.fatosefotosnews.com.br\/wp-content\/uploads\/2025\/04\/6da505abcbc2e94e477a7e833dae6024-150x150.jpeg",150,150,true],"cvmm-medium":["https:\/\/www.fatosefotosnews.com.br\/wp-content\/uploads\/2025\/04\/6da505abcbc2e94e477a7e833dae6024-300x300.jpeg",300,300,true],"cvmm-medium-plus":["https:\/\/www.fatosefotosnews.com.br\/wp-content\/uploads\/2025\/04\/6da505abcbc2e94e477a7e833dae6024-305x207.jpeg",305,207,true],"cvmm-portrait":["https:\/\/www.fatosefotosnews.com.br\/wp-content\/uploads\/2025\/04\/6da505abcbc2e94e477a7e833dae6024-400x592.jpeg",400,592,true],"cvmm-medium-square":["https:\/\/www.fatosefotosnews.com.br\/wp-content\/uploads\/2025\/04\/6da505abcbc2e94e477a7e833dae6024-600x592.jpeg",600,592,true],"cvmm-large":["https:\/\/www.fatosefotosnews.com.br\/wp-content\/uploads\/2025\/04\/6da505abcbc2e94e477a7e833dae6024.jpeg",1024,592,false],"cvmm-small":["https:\/\/www.fatosefotosnews.com.br\/wp-content\/uploads\/2025\/04\/6da505abcbc2e94e477a7e833dae6024-130x95.jpeg",130,95,true],"full":["https:\/\/www.fatosefotosnews.com.br\/wp-content\/uploads\/2025\/04\/6da505abcbc2e94e477a7e833dae6024.jpeg",1024,592,false]},"_links":{"self":[{"href":"https:\/\/www.fatosefotosnews.com.br\/index.php?rest_route=\/wp\/v2\/posts\/120263","targetHints":{"allow":["GET"]}}],"collection":[{"href":"https:\/\/www.fatosefotosnews.com.br\/index.php?rest_route=\/wp\/v2\/posts"}],"about":[{"href":"https:\/\/www.fatosefotosnews.com.br\/index.php?rest_route=\/wp\/v2\/types\/post"}],"author":[{"embeddable":true,"href":"https:\/\/www.fatosefotosnews.com.br\/index.php?rest_route=\/wp\/v2\/users\/5"}],"replies":[{"embeddable":true,"href":"https:\/\/www.fatosefotosnews.com.br\/index.php?rest_route=%2Fwp%2Fv2%2Fcomments&post=120263"}],"version-history":[{"count":0,"href":"https:\/\/www.fatosefotosnews.com.br\/index.php?rest_route=\/wp\/v2\/posts\/120263\/revisions"}],"wp:featuredmedia":[{"embeddable":true,"href":"https:\/\/www.fatosefotosnews.com.br\/index.php?rest_route=\/wp\/v2\/media\/120264"}],"wp:attachment":[{"href":"https:\/\/www.fatosefotosnews.com.br\/index.php?rest_route=%2Fwp%2Fv2%2Fmedia&parent=120263"}],"wp:term":[{"taxonomy":"category","embeddable":true,"href":"https:\/\/www.fatosefotosnews.com.br\/index.php?rest_route=%2Fwp%2Fv2%2Fcategories&post=120263"},{"taxonomy":"post_tag","embeddable":true,"href":"https:\/\/www.fatosefotosnews.com.br\/index.php?rest_route=%2Fwp%2Fv2%2Ftags&post=120263"}],"curies":[{"name":"wp","href":"https:\/\/api.w.org\/{rel}","templated":true}]}}