{"id":123587,"date":"2025-05-15T14:01:45","date_gmt":"2025-05-15T17:01:45","guid":{"rendered":"https:\/\/www.fatosefotosnews.com.br\/pf-e-pmpr-apreendem-veiculo-e-uma-carga-de-pneus-contrabandeados-em-foz-do-iguacu\/"},"modified":"2025-05-15T14:01:45","modified_gmt":"2025-05-15T17:01:45","slug":"pf-e-pmpr-apreendem-veiculo-e-uma-carga-de-pneus-contrabandeados-em-foz-do-iguacu","status":"publish","type":"post","link":"https:\/\/www.fatosefotosnews.com.br\/?p=123587","title":{"rendered":"PF e PMPR apreendem ve\u00edculo e uma carga de pneus contrabandeados em Foz do Igua\u00e7u"},"content":{"rendered":"<div id=\"infocoweb\" data-uuid=\"0a35405d-dc6b-4e4a-9b21-affa9e16a333\" class=\"infocoweb infocoweb_canal_105\">\n<div id=\"infocoweb_cabecalho\" class=\"infocoweb_cabecalho\"><\/div>\n<div id=\"infocoweb_corpo\" class=\"infocoweb_corpo\">\n<p style=\"text-align: justify\"><b>Foz do Igua\u00e7u\/PR. <\/b>Policiais federais e militares apreenderam, nesta quinta-feira (15\/5), um ve\u00edculo e uma carga de pneus contrabandeados do Paraguai, na regi\u00e3o da aduana da Ponte Internacional da Amizade.<\/p>\n<p style=\"text-align: justify\">Os policiais identificaram uma movimenta\u00e7\u00e3o de barcos atracando em um ponto nas margens do rio Paran\u00e1 e se deslocaram para o local. Com a movimenta\u00e7\u00e3o, a embarca\u00e7\u00e3o retornou para o Paraguai e os indiv\u00edduos que faziam o transporte fugiram pela mata ciliar.<\/p>\n<p style=\"text-align: justify\">No local, foi encontrado um ve\u00edculo e cerca de 30 pneus estrangeiros sem a devida documenta\u00e7\u00e3o legal, que foram levados para a Receita Federal para a correta destina\u00e7\u00e3o dos materiais.<\/p>\n<p align=\"right\"><i>Comunica\u00e7\u00e3o Social da Pol\u00edcia Federal em Foz do Igua\u00e7u<br \/> <a href=\"mailto:cs.foz@pf.gov.br\">cs.foz@pf.gov.br<\/a><br \/> @pffoz<\/i><\/p>\n<p align=\"right\"><i>Canal para Den\u00fancia<br \/> denuncias.fig.pr@pf.gov.br<\/i><\/p>\n<p id=\"infocoweb_fonte\" class=\"infocoweb_fonte\">Fonte: <a target=\"_blank\" href=\"https:\/\/www.gov.br\/pf\/pt-br\/assuntos\/noticias\/2025\/05\/pf-e-pmpr-apreendem-veiculo-e-uma-carga-de-pneus-contrabandeados-em-foz-do-iguacu#0a35405d-dc6b-4e4a-9b21-affa9e16a333\">Pol\u00edcia Federal<\/a><\/p>\n<\/div>\n<div id=\"infocoweb_rodape\" class=\"infocoweb_rodape\"><\/div>\n<\/div>\n<p><script src=\"https:\/\/noticia.infocoweb.com.br\/analytics.js?uuid=0a35405d-dc6b-4e4a-9b21-affa9e16a333\"><\/script><\/p>\n","protected":false},"excerpt":{"rendered":"<p>Foz do Igua\u00e7u\/PR. Policiais federais e militares apreenderam, nesta quinta-feira (15\/5), um ve\u00edculo e uma carga de pneus contrabandeados do Paraguai, na regi\u00e3o da aduana da Ponte Internacional da Amizade. Os policiais identificaram uma movimenta\u00e7\u00e3o de barcos atracando em um ponto nas margens do rio Paran\u00e1 e se deslocaram para o local. Com a movimenta\u00e7\u00e3o, [&hellip;]<\/p>\n","protected":false},"author":5,"featured_media":123588,"comment_status":"","ping_status":"open","sticky":false,"template":"","format":"standard","meta":{"_acf_changed":false,"_angie_page":false,"_monsterinsights_skip_tracking":false,"_themeisle_gutenberg_block_has_review":false,"page_builder":"","footnotes":"","jetpack_publicize_message":"","jetpack_publicize_feature_enabled":true,"jetpack_social_post_already_shared":true,"jetpack_social_options":{"image_generator_settings":{"template":"highway","default_image_id":0,"font":"","enabled":false},"version":2}},"categories":[167],"tags":[8263,3929,17166,25861,6816],"class_list":["post-123587","post","type-post","status-publish","format-standard","has-post-thumbnail","hentry","category-geral","tag-apreendem","tag-carga","tag-contrabandeados","tag-pneus","tag-veiculo"],"acf":[],"nelio_content":{"autoShareEndMode":"never","automationSources":{"useCustomSentences":false,"customSentences":[]},"efiAlt":"","efiUrl":"","followers":[],"highlights":[],"isAutoShareEnabled":true,"networkImageIds":[],"permalinkQueryArgs":[],"series":[],"suggestedReferences":[]},"yoast_head":"<!-- This site is optimized with the Yoast SEO plugin v28.3 - https:\/\/yoast.com\/product\/yoast-seo-wordpress\/ -->\n<title>PF e PMPR apreendem ve\u00edculo e uma carga de pneus contrabandeados em Foz do Igua\u00e7u<\/title>\n<meta name=\"description\" content=\"PF e PMPR apreendem ve\u00edculo e uma carga de pneus contrabandeados em Foz do Igua\u00e7u\" \/>\n<meta name=\"robots\" content=\"index, follow, max-snippet:-1, max-image-preview:large, max-video-preview:-1\" \/>\n<link rel=\"canonical\" href=\"https:\/\/www.fatosefotosnews.com.br\/?p=123587\" \/>\n<meta property=\"og:locale\" content=\"pt_BR\" \/>\n<meta property=\"og:type\" content=\"article\" \/>\n<meta property=\"og:title\" content=\"PF e PMPR apreendem ve\u00edculo e uma carga de pneus contrabandeados em Foz do Igua\u00e7u\" \/>\n<meta property=\"og:description\" content=\"PF e PMPR apreendem ve\u00edculo e uma carga de pneus contrabandeados em Foz do Igua\u00e7u\" \/>\n<meta property=\"og:url\" content=\"https:\/\/www.fatosefotosnews.com.br\/?p=123587\" \/>\n<meta property=\"og:site_name\" content=\"Fatos e Fotos News\" \/>\n<meta property=\"article:published_time\" content=\"2025-05-15T17:01:45+00:00\" \/>\n<meta property=\"og:image\" content=\"https:\/\/www.fatosefotosnews.com.br\/wp-content\/uploads\/2025\/05\/118fe5f770cd83edc47017dc79bbf776.jpeg\" \/>\n\t<meta property=\"og:image:width\" content=\"768\" \/>\n\t<meta property=\"og:image:height\" content=\"768\" \/>\n\t<meta property=\"og:image:type\" content=\"image\/jpeg\" \/>\n<meta name=\"author\" content=\"Da Reda\u00e7\u00e3o\" \/>\n<meta name=\"twitter:card\" content=\"summary_large_image\" \/>\n<meta name=\"twitter:label1\" content=\"Escrito por\" \/>\n\t<meta name=\"twitter:data1\" content=\"Da Reda\u00e7\u00e3o\" \/>\n\t<meta name=\"twitter:label2\" content=\"Est. tempo de leitura\" \/>\n\t<meta name=\"twitter:data2\" content=\"99 minutos\" \/>\n<script type=\"application\/ld+json\" class=\"yoast-schema-graph\">{\"@context\":\"https:\\\/\\\/schema.org\",\"@graph\":[{\"@type\":\"Article\",\"@id\":\"https:\\\/\\\/www.fatosefotosnews.com.br\\\/?p=123587#article\",\"isPartOf\":{\"@id\":\"https:\\\/\\\/www.fatosefotosnews.com.br\\\/?p=123587\"},\"author\":{\"name\":\"Da Reda\u00e7\u00e3o\",\"@id\":\"https:\\\/\\\/www.fatosefotosnews.com.br\\\/#\\\/schema\\\/person\\\/3b80f81d08670fb1f6690e07eb8b5dc6\"},\"headline\":\"PF e PMPR apreendem ve\u00edculo e uma carga de pneus contrabandeados em Foz do Igua\u00e7u\",\"datePublished\":\"2025-05-15T17:01:45+00:00\",\"mainEntityOfPage\":{\"@id\":\"https:\\\/\\\/www.fatosefotosnews.com.br\\\/?p=123587\"},\"wordCount\":160,\"publisher\":{\"@id\":\"https:\\\/\\\/www.fatosefotosnews.com.br\\\/#organization\"},\"image\":{\"@id\":\"https:\\\/\\\/www.fatosefotosnews.com.br\\\/?p=123587#primaryimage\"},\"thumbnailUrl\":\"https:\\\/\\\/www.fatosefotosnews.com.br\\\/wp-content\\\/uploads\\\/2025\\\/05\\\/118fe5f770cd83edc47017dc79bbf776.jpeg\",\"keywords\":[\"apreendem\",\"carga\",\"contrabandeados\",\"pneus\",\"veiculo\"],\"articleSection\":[\"Geral\"],\"inLanguage\":\"pt-BR\"},{\"@type\":\"WebPage\",\"@id\":\"https:\\\/\\\/www.fatosefotosnews.com.br\\\/?p=123587\",\"url\":\"https:\\\/\\\/www.fatosefotosnews.com.br\\\/?p=123587\",\"name\":\"PF e PMPR apreendem ve\u00edculo e uma carga de pneus contrabandeados em Foz do Igua\u00e7u\",\"isPartOf\":{\"@id\":\"https:\\\/\\\/www.fatosefotosnews.com.br\\\/#website\"},\"primaryImageOfPage\":{\"@id\":\"https:\\\/\\\/www.fatosefotosnews.com.br\\\/?p=123587#primaryimage\"},\"image\":{\"@id\":\"https:\\\/\\\/www.fatosefotosnews.com.br\\\/?p=123587#primaryimage\"},\"thumbnailUrl\":\"https:\\\/\\\/www.fatosefotosnews.com.br\\\/wp-content\\\/uploads\\\/2025\\\/05\\\/118fe5f770cd83edc47017dc79bbf776.jpeg\",\"datePublished\":\"2025-05-15T17:01:45+00:00\",\"description\":\"PF e PMPR apreendem ve\u00edculo e uma carga de pneus contrabandeados em Foz do Igua\u00e7u\",\"breadcrumb\":{\"@id\":\"https:\\\/\\\/www.fatosefotosnews.com.br\\\/?p=123587#breadcrumb\"},\"inLanguage\":\"pt-BR\",\"potentialAction\":[{\"@type\":\"ReadAction\",\"target\":[\"https:\\\/\\\/www.fatosefotosnews.com.br\\\/?p=123587\"]}]},{\"@type\":\"ImageObject\",\"inLanguage\":\"pt-BR\",\"@id\":\"https:\\\/\\\/www.fatosefotosnews.com.br\\\/?p=123587#primaryimage\",\"url\":\"https:\\\/\\\/www.fatosefotosnews.com.br\\\/wp-content\\\/uploads\\\/2025\\\/05\\\/118fe5f770cd83edc47017dc79bbf776.jpeg\",\"contentUrl\":\"https:\\\/\\\/www.fatosefotosnews.com.br\\\/wp-content\\\/uploads\\\/2025\\\/05\\\/118fe5f770cd83edc47017dc79bbf776.jpeg\",\"width\":768,\"height\":768},{\"@type\":\"BreadcrumbList\",\"@id\":\"https:\\\/\\\/www.fatosefotosnews.com.br\\\/?p=123587#breadcrumb\",\"itemListElement\":[{\"@type\":\"ListItem\",\"position\":1,\"name\":\"In\u00edcio\",\"item\":\"https:\\\/\\\/www.fatosefotosnews.com.br\\\/\"},{\"@type\":\"ListItem\",\"position\":2,\"name\":\"PF e PMPR apreendem ve\u00edculo e uma carga de pneus contrabandeados em Foz do Igua\u00e7u\"}]},{\"@type\":\"WebSite\",\"@id\":\"https:\\\/\\\/www.fatosefotosnews.com.br\\\/#website\",\"url\":\"https:\\\/\\\/www.fatosefotosnews.com.br\\\/\",\"name\":\"Fatos e Fotos News\",\"description\":\"Um site de noticial verdadeira e confi\u00e1veis.\",\"publisher\":{\"@id\":\"https:\\\/\\\/www.fatosefotosnews.com.br\\\/#organization\"},\"potentialAction\":[{\"@type\":\"SearchAction\",\"target\":{\"@type\":\"EntryPoint\",\"urlTemplate\":\"https:\\\/\\\/www.fatosefotosnews.com.br\\\/?s={search_term_string}\"},\"query-input\":{\"@type\":\"PropertyValueSpecification\",\"valueRequired\":true,\"valueName\":\"search_term_string\"}}],\"inLanguage\":\"pt-BR\"},{\"@type\":\"Organization\",\"@id\":\"https:\\\/\\\/www.fatosefotosnews.com.br\\\/#organization\",\"name\":\"Fatos e Fotos News\",\"url\":\"https:\\\/\\\/www.fatosefotosnews.com.br\\\/\",\"logo\":{\"@type\":\"ImageObject\",\"inLanguage\":\"pt-BR\",\"@id\":\"https:\\\/\\\/www.fatosefotosnews.com.br\\\/#\\\/schema\\\/logo\\\/image\\\/\",\"url\":\"https:\\\/\\\/www.fatosefotosnews.com.br\\\/wp-content\\\/uploads\\\/2023\\\/02\\\/Fatos-e-Fotos-news-logo.png\",\"contentUrl\":\"https:\\\/\\\/www.fatosefotosnews.com.br\\\/wp-content\\\/uploads\\\/2023\\\/02\\\/Fatos-e-Fotos-news-logo.png\",\"width\":300,\"height\":58,\"caption\":\"Fatos e Fotos News\"},\"image\":{\"@id\":\"https:\\\/\\\/www.fatosefotosnews.com.br\\\/#\\\/schema\\\/logo\\\/image\\\/\"}},{\"@type\":\"Person\",\"@id\":\"https:\\\/\\\/www.fatosefotosnews.com.br\\\/#\\\/schema\\\/person\\\/3b80f81d08670fb1f6690e07eb8b5dc6\",\"name\":\"Da Reda\u00e7\u00e3o\",\"image\":{\"@type\":\"ImageObject\",\"inLanguage\":\"pt-BR\",\"@id\":\"https:\\\/\\\/secure.gravatar.com\\\/avatar\\\/696d39935a657bf0fc95044dbc9f912520430a0eb6dd46c85dd97eb6483b249b?s=96&d=mm&r=g\",\"url\":\"https:\\\/\\\/secure.gravatar.com\\\/avatar\\\/696d39935a657bf0fc95044dbc9f912520430a0eb6dd46c85dd97eb6483b249b?s=96&d=mm&r=g\",\"contentUrl\":\"https:\\\/\\\/secure.gravatar.com\\\/avatar\\\/696d39935a657bf0fc95044dbc9f912520430a0eb6dd46c85dd97eb6483b249b?s=96&d=mm&r=g\",\"caption\":\"Da Reda\u00e7\u00e3o\"},\"url\":\"https:\\\/\\\/www.fatosefotosnews.com.br\\\/?author=5\"}]}<\/script>\n<!-- \/ Yoast SEO plugin. -->","yoast_head_json":{"title":"PF e PMPR apreendem ve\u00edculo e uma carga de pneus contrabandeados em Foz do Igua\u00e7u","description":"PF e PMPR apreendem ve\u00edculo e uma carga de pneus contrabandeados em Foz do Igua\u00e7u","robots":{"index":"index","follow":"follow","max-snippet":"max-snippet:-1","max-image-preview":"max-image-preview:large","max-video-preview":"max-video-preview:-1"},"canonical":"https:\/\/www.fatosefotosnews.com.br\/?p=123587","og_locale":"pt_BR","og_type":"article","og_title":"PF e PMPR apreendem ve\u00edculo e uma carga de pneus contrabandeados em Foz do Igua\u00e7u","og_description":"PF e PMPR apreendem ve\u00edculo e uma carga de pneus contrabandeados em Foz do Igua\u00e7u","og_url":"https:\/\/www.fatosefotosnews.com.br\/?p=123587","og_site_name":"Fatos e Fotos News","article_published_time":"2025-05-15T17:01:45+00:00","og_image":[{"width":768,"height":768,"url":"https:\/\/www.fatosefotosnews.com.br\/wp-content\/uploads\/2025\/05\/118fe5f770cd83edc47017dc79bbf776.jpeg","type":"image\/jpeg"}],"author":"Da Reda\u00e7\u00e3o","twitter_card":"summary_large_image","twitter_misc":{"Escrito por":"Da Reda\u00e7\u00e3o","Est. tempo de leitura":"99 minutos"},"schema":{"@context":"https:\/\/schema.org","@graph":[{"@type":"Article","@id":"https:\/\/www.fatosefotosnews.com.br\/?p=123587#article","isPartOf":{"@id":"https:\/\/www.fatosefotosnews.com.br\/?p=123587"},"author":{"name":"Da Reda\u00e7\u00e3o","@id":"https:\/\/www.fatosefotosnews.com.br\/#\/schema\/person\/3b80f81d08670fb1f6690e07eb8b5dc6"},"headline":"PF e PMPR apreendem ve\u00edculo e uma carga de pneus contrabandeados em Foz do Igua\u00e7u","datePublished":"2025-05-15T17:01:45+00:00","mainEntityOfPage":{"@id":"https:\/\/www.fatosefotosnews.com.br\/?p=123587"},"wordCount":160,"publisher":{"@id":"https:\/\/www.fatosefotosnews.com.br\/#organization"},"image":{"@id":"https:\/\/www.fatosefotosnews.com.br\/?p=123587#primaryimage"},"thumbnailUrl":"https:\/\/www.fatosefotosnews.com.br\/wp-content\/uploads\/2025\/05\/118fe5f770cd83edc47017dc79bbf776.jpeg","keywords":["apreendem","carga","contrabandeados","pneus","veiculo"],"articleSection":["Geral"],"inLanguage":"pt-BR"},{"@type":"WebPage","@id":"https:\/\/www.fatosefotosnews.com.br\/?p=123587","url":"https:\/\/www.fatosefotosnews.com.br\/?p=123587","name":"PF e PMPR apreendem ve\u00edculo e uma carga de pneus contrabandeados em Foz do Igua\u00e7u","isPartOf":{"@id":"https:\/\/www.fatosefotosnews.com.br\/#website"},"primaryImageOfPage":{"@id":"https:\/\/www.fatosefotosnews.com.br\/?p=123587#primaryimage"},"image":{"@id":"https:\/\/www.fatosefotosnews.com.br\/?p=123587#primaryimage"},"thumbnailUrl":"https:\/\/www.fatosefotosnews.com.br\/wp-content\/uploads\/2025\/05\/118fe5f770cd83edc47017dc79bbf776.jpeg","datePublished":"2025-05-15T17:01:45+00:00","description":"PF e PMPR apreendem ve\u00edculo e uma carga de pneus contrabandeados em Foz do Igua\u00e7u","breadcrumb":{"@id":"https:\/\/www.fatosefotosnews.com.br\/?p=123587#breadcrumb"},"inLanguage":"pt-BR","potentialAction":[{"@type":"ReadAction","target":["https:\/\/www.fatosefotosnews.com.br\/?p=123587"]}]},{"@type":"ImageObject","inLanguage":"pt-BR","@id":"https:\/\/www.fatosefotosnews.com.br\/?p=123587#primaryimage","url":"https:\/\/www.fatosefotosnews.com.br\/wp-content\/uploads\/2025\/05\/118fe5f770cd83edc47017dc79bbf776.jpeg","contentUrl":"https:\/\/www.fatosefotosnews.com.br\/wp-content\/uploads\/2025\/05\/118fe5f770cd83edc47017dc79bbf776.jpeg","width":768,"height":768},{"@type":"BreadcrumbList","@id":"https:\/\/www.fatosefotosnews.com.br\/?p=123587#breadcrumb","itemListElement":[{"@type":"ListItem","position":1,"name":"In\u00edcio","item":"https:\/\/www.fatosefotosnews.com.br\/"},{"@type":"ListItem","position":2,"name":"PF e PMPR apreendem ve\u00edculo e uma carga de pneus contrabandeados em Foz do Igua\u00e7u"}]},{"@type":"WebSite","@id":"https:\/\/www.fatosefotosnews.com.br\/#website","url":"https:\/\/www.fatosefotosnews.com.br\/","name":"Fatos e Fotos News","description":"Um site de noticial verdadeira e confi\u00e1veis.","publisher":{"@id":"https:\/\/www.fatosefotosnews.com.br\/#organization"},"potentialAction":[{"@type":"SearchAction","target":{"@type":"EntryPoint","urlTemplate":"https:\/\/www.fatosefotosnews.com.br\/?s={search_term_string}"},"query-input":{"@type":"PropertyValueSpecification","valueRequired":true,"valueName":"search_term_string"}}],"inLanguage":"pt-BR"},{"@type":"Organization","@id":"https:\/\/www.fatosefotosnews.com.br\/#organization","name":"Fatos e Fotos News","url":"https:\/\/www.fatosefotosnews.com.br\/","logo":{"@type":"ImageObject","inLanguage":"pt-BR","@id":"https:\/\/www.fatosefotosnews.com.br\/#\/schema\/logo\/image\/","url":"https:\/\/www.fatosefotosnews.com.br\/wp-content\/uploads\/2023\/02\/Fatos-e-Fotos-news-logo.png","contentUrl":"https:\/\/www.fatosefotosnews.com.br\/wp-content\/uploads\/2023\/02\/Fatos-e-Fotos-news-logo.png","width":300,"height":58,"caption":"Fatos e Fotos News"},"image":{"@id":"https:\/\/www.fatosefotosnews.com.br\/#\/schema\/logo\/image\/"}},{"@type":"Person","@id":"https:\/\/www.fatosefotosnews.com.br\/#\/schema\/person\/3b80f81d08670fb1f6690e07eb8b5dc6","name":"Da Reda\u00e7\u00e3o","image":{"@type":"ImageObject","inLanguage":"pt-BR","@id":"https:\/\/secure.gravatar.com\/avatar\/696d39935a657bf0fc95044dbc9f912520430a0eb6dd46c85dd97eb6483b249b?s=96&d=mm&r=g","url":"https:\/\/secure.gravatar.com\/avatar\/696d39935a657bf0fc95044dbc9f912520430a0eb6dd46c85dd97eb6483b249b?s=96&d=mm&r=g","contentUrl":"https:\/\/secure.gravatar.com\/avatar\/696d39935a657bf0fc95044dbc9f912520430a0eb6dd46c85dd97eb6483b249b?s=96&d=mm&r=g","caption":"Da Reda\u00e7\u00e3o"},"url":"https:\/\/www.fatosefotosnews.com.br\/?author=5"}]}},"jetpack_publicize_connections":[],"blog_post_layout_featured_media_urls":{"thumbnail":["https:\/\/www.fatosefotosnews.com.br\/wp-content\/uploads\/2025\/05\/118fe5f770cd83edc47017dc79bbf776-150x150.jpeg",150,150,true],"full":["https:\/\/www.fatosefotosnews.com.br\/wp-content\/uploads\/2025\/05\/118fe5f770cd83edc47017dc79bbf776.jpeg",768,768,false]},"categories_names":{"167":{"name":"Geral","link":"https:\/\/www.fatosefotosnews.com.br\/?cat=167"}},"tags_names":{"8263":{"name":"apreendem","link":"https:\/\/www.fatosefotosnews.com.br\/?tag=apreendem"},"3929":{"name":"carga","link":"https:\/\/www.fatosefotosnews.com.br\/?tag=carga"},"17166":{"name":"contrabandeados","link":"https:\/\/www.fatosefotosnews.com.br\/?tag=contrabandeados"},"25861":{"name":"pneus","link":"https:\/\/www.fatosefotosnews.com.br\/?tag=pneus"},"6816":{"name":"veiculo","link":"https:\/\/www.fatosefotosnews.com.br\/?tag=veiculo"}},"comments_number":"0","wpmagazine_modules_lite_featured_media_urls":{"thumbnail":["https:\/\/www.fatosefotosnews.com.br\/wp-content\/uploads\/2025\/05\/118fe5f770cd83edc47017dc79bbf776-150x150.jpeg",150,150,true],"cvmm-medium":["https:\/\/www.fatosefotosnews.com.br\/wp-content\/uploads\/2025\/05\/118fe5f770cd83edc47017dc79bbf776-300x300.jpeg",300,300,true],"cvmm-medium-plus":["https:\/\/www.fatosefotosnews.com.br\/wp-content\/uploads\/2025\/05\/118fe5f770cd83edc47017dc79bbf776-305x207.jpeg",305,207,true],"cvmm-portrait":["https:\/\/www.fatosefotosnews.com.br\/wp-content\/uploads\/2025\/05\/118fe5f770cd83edc47017dc79bbf776-400x600.jpeg",400,600,true],"cvmm-medium-square":["https:\/\/www.fatosefotosnews.com.br\/wp-content\/uploads\/2025\/05\/118fe5f770cd83edc47017dc79bbf776-600x600.jpeg",600,600,true],"cvmm-large":["https:\/\/www.fatosefotosnews.com.br\/wp-content\/uploads\/2025\/05\/118fe5f770cd83edc47017dc79bbf776.jpeg",768,768,false],"cvmm-small":["https:\/\/www.fatosefotosnews.com.br\/wp-content\/uploads\/2025\/05\/118fe5f770cd83edc47017dc79bbf776-130x95.jpeg",130,95,true],"full":["https:\/\/www.fatosefotosnews.com.br\/wp-content\/uploads\/2025\/05\/118fe5f770cd83edc47017dc79bbf776.jpeg",768,768,false]},"_links":{"self":[{"href":"https:\/\/www.fatosefotosnews.com.br\/index.php?rest_route=\/wp\/v2\/posts\/123587","targetHints":{"allow":["GET"]}}],"collection":[{"href":"https:\/\/www.fatosefotosnews.com.br\/index.php?rest_route=\/wp\/v2\/posts"}],"about":[{"href":"https:\/\/www.fatosefotosnews.com.br\/index.php?rest_route=\/wp\/v2\/types\/post"}],"author":[{"embeddable":true,"href":"https:\/\/www.fatosefotosnews.com.br\/index.php?rest_route=\/wp\/v2\/users\/5"}],"replies":[{"embeddable":true,"href":"https:\/\/www.fatosefotosnews.com.br\/index.php?rest_route=%2Fwp%2Fv2%2Fcomments&post=123587"}],"version-history":[{"count":0,"href":"https:\/\/www.fatosefotosnews.com.br\/index.php?rest_route=\/wp\/v2\/posts\/123587\/revisions"}],"wp:featuredmedia":[{"embeddable":true,"href":"https:\/\/www.fatosefotosnews.com.br\/index.php?rest_route=\/wp\/v2\/media\/123588"}],"wp:attachment":[{"href":"https:\/\/www.fatosefotosnews.com.br\/index.php?rest_route=%2Fwp%2Fv2%2Fmedia&parent=123587"}],"wp:term":[{"taxonomy":"category","embeddable":true,"href":"https:\/\/www.fatosefotosnews.com.br\/index.php?rest_route=%2Fwp%2Fv2%2Fcategories&post=123587"},{"taxonomy":"post_tag","embeddable":true,"href":"https:\/\/www.fatosefotosnews.com.br\/index.php?rest_route=%2Fwp%2Fv2%2Ftags&post=123587"}],"curies":[{"name":"wp","href":"https:\/\/api.w.org\/{rel}","templated":true}]}}