{"id":125022,"date":"2025-05-22T21:29:46","date_gmt":"2025-05-23T00:29:46","guid":{"rendered":"https:\/\/www.fatosefotosnews.com.br\/a-cultura-e-ferramenta-de-enfrentamento-de-desigualdades-afirma-margareth-menezes-no-stj\/"},"modified":"2025-05-22T21:29:46","modified_gmt":"2025-05-23T00:29:46","slug":"a-cultura-e-ferramenta-de-enfrentamento-de-desigualdades-afirma-margareth-menezes-no-stj","status":"publish","type":"post","link":"https:\/\/www.fatosefotosnews.com.br\/?p=125022","title":{"rendered":"&#8220;A cultura \u00e9 ferramenta de enfrentamento de desigualdades&#8221;, afirma Margareth Menezes no STJ"},"content":{"rendered":"<div id=\"infocoweb\" data-uuid=\"0ce0fdd8-f722-4594-a742-ed1fe9d84af4\" class=\"infocoweb infocoweb_canal_821\">\n<div id=\"infocoweb_cabecalho\" class=\"infocoweb_cabecalho\"><\/div>\n<div id=\"infocoweb_corpo\" class=\"infocoweb_corpo\">\n<p dir=\"ltr\"><span>Em um momento de escuta, ancestralidade e compromisso com o futuro, o Superior Tribunal de Justi\u00e7a (STJ) sediou, nesta quinta-feira (22), o painel Preserva\u00e7\u00e3o da Cultura Brasileira a partir da Perspectiva \u00c9tnico-Racial. A atividade integrou a Semana da Justi\u00e7a pela Diversidade Cultural \u2013 iniciativa do Supremo Tribunal Federal (STF) em celebra\u00e7\u00e3o ao Dia Mundial da Diversidade Cultural para o Di\u00e1logo e o Desenvolvimento.<\/span><\/p>\n<p dir=\"ltr\"><span>A mesa foi composta pela ministra da Cultura, Margareth Menezes, pelo presidente do STJ, ministro Herman Benjamin, pela escritora e ativista ind\u00edgena, M\u00e1rcia Kambeba, e pelo advogado ind\u00edgena e defensor de direitos humanos, Ivo Makuxi. O encontro teve como foco central a valoriza\u00e7\u00e3o da diversidade \u00e9tnico-racial e da cultura como base para uma sociedade mais democr\u00e1tica, inclusiva e com justi\u00e7a social.<\/span><\/p>\n<p dir=\"ltr\"><span>Durante sua fala, Margareth Menezes foi enf\u00e1tica ao destacar que a cultura n\u00e3o pode ser reduzida a mero ornamento ou ocupar um papel secund\u00e1rio nas pol\u00edticas p\u00fablicas.<\/span><\/p>\n<p dir=\"ltr\"><span>\u201cA cultura \u00e9 ferramenta de enfrentamento de desigualdades e discrimina\u00e7\u00f5es. A cultura \u00e9 produtora de riquezas, geradora de emprego e renda, e promotora de desenvolvimento econ\u00f4mico e ideais democr\u00e1ticos\u201d, afirmou.<\/span><\/p>\n<p dir=\"ltr\"><span>A ministra denunciou as desigualdades hist\u00f3ricas que marcam o Brasil e ressaltou a urg\u00eancia de enfrentar esses desafios por meio de pol\u00edticas p\u00fablicas efetivas.<\/span><\/p>\n<p dir=\"ltr\"><span>\u201cSe quisermos falar de respeito \u00e0 cultura, de respeito \u00e0 diversidade \u00e9tnico-racial e \u00e0 produ\u00e7\u00e3o cultural dessa diversidade, precisamos ter coragem de contemplar esses gargalos que impossibilitam o povo brasileiro de acessar coisas comuns, riquezas maravilhosas que existem no nosso pa\u00eds\u201d, disse.<\/span><\/p>\n<p dir=\"ltr\"><span>Ela defendeu que a\u00e7\u00f5es pautadas pela justi\u00e7a social e pela equidade t\u00eam poder transformador. \u201cA\u00e7\u00f5es guiadas por justi\u00e7a social e econ\u00f4mica s\u00e3o capazes de realizar uma mudan\u00e7a de paradigma imensa e realizar transforma\u00e7\u00f5es importantes na condi\u00e7\u00e3o de vida do povo brasileiro, enriquecendo ainda mais toda a cadeia social em escala nunca antes vista\u201d, enfatizou.<\/span><\/p>\n<p dir=\"ltr\"><strong>Justi\u00e7a para todos os povos<\/strong><\/p>\n<p dir=\"ltr\"><span>O ministro Herman Benjamin, presidente do STJ, trouxe para o centro do debate a necessidade de pluralidade no pr\u00f3prio sistema de justi\u00e7a.\u00a0<\/span><\/p>\n<p dir=\"ltr\"><span>\u201cFalamos tanto em diversidade cultural, mas \u00e9 importante reconhecer que, no campo da justi\u00e7a, essa \u00e9 uma pauta ainda pouco explorada,\u00a0 e muito menos concretizada\u201d, afirmou.<\/span><\/p>\n<p dir=\"ltr\"><span>Ele apontou a aus\u00eancia de ministros e ministras ind\u00edgenas como um reflexo da exclus\u00e3o estrutural ainda existente. \u201cN\u00e3o somos, n\u00e3o queremos ser e nem podemos ser uma institui\u00e7\u00e3o da elite brasileira, mesmo que fosse uma elite \u2018iluminada\u2019. Porque sentir, nesse contexto, depende de viver e de ser. E a viv\u00eancia de cada povo, de cada cultura, precisa estar presente e representada aqui\u201d, declarou.<\/span><\/p>\n<p dir=\"ltr\"><span>A escritora ind\u00edgena M\u00e1rcia Kambeba, do povo Om\u00e1gua\/Kambeba, emocionou o p\u00fablico ao compartilhar sua trajet\u00f3ria e sua produ\u00e7\u00e3o intelectual voltada ao fortalecimento das l\u00ednguas ancestrais. \u201cN\u00e3o busco apenas t\u00edtulos. \u00c9 porque precisamos interligar mundos\u201d, explicou.<\/span><\/p>\n<p dir=\"ltr\"><span>Ela destacou que a presen\u00e7a dos povos origin\u00e1rios nos espa\u00e7os acad\u00eamicos, culturais e pol\u00edticos \u00e9 uma forma de resist\u00eancia e reconex\u00e3o com a terra e os saberes.\u00a0<\/span><\/p>\n<p dir=\"ltr\"><span>\u201cN\u00f3s somos a natureza. E, assim como uma conex\u00e3o de internet pode ser cortada, nossa liga\u00e7\u00e3o com a terra tamb\u00e9m pode ser rompida. Reconectar \u00e9 vital. E \u00e9 isso que fazemos todos os dias ao bater os p\u00e9s no ch\u00e3o, ao balan\u00e7ar o marac\u00e1, ao cantar nossas can\u00e7\u00f5es\u201d, declarou.<\/span><\/p>\n<p dir=\"ltr\"><span>O advogado ind\u00edgena Ivo Makuxi, que j\u00e1 atuou no STF e na Comiss\u00e3o Interamericana de Direitos Humanos, ressaltou a import\u00e2ncia da ocupa\u00e7\u00e3o dos espa\u00e7os institucionais pelos povos ind\u00edgenas.<\/span><\/p>\n<p dir=\"ltr\"><span>\u201cAprendi portugu\u00eas aos 12 anos. Depois estudei Direito, ingl\u00eas, espanhol, e agora quero aprender alem\u00e3o. Porque sei o quanto as l\u00ednguas e as culturas s\u00e3o fundamentais para nos manter vivos e enraizados\u201d, contou.<\/span><\/p>\n<p dir=\"ltr\"><span>Ivo afirmou que sua forma\u00e7\u00e3o jur\u00eddica foi uma estrat\u00e9gia de resist\u00eancia, mas tamb\u00e9m um caminho de honra \u00e0 sua ancestralidade.\u00a0<\/span><\/p>\n<p dir=\"ltr\"><span>\u201cO que o STJ faz aqui hoje \u00e9 importante, mas acredito que o mais transformador acontece no cora\u00e7\u00e3o das pessoas. Quando olhamos o outro e reconhecemos a sua diferen\u00e7a, criamos espa\u00e7o para uma nova escuta\u201d, afirmou.\u00a0<\/span><\/p>\n<p dir=\"ltr\">Para Ti\u00e3o Soares, diretor de Promo\u00e7\u00e3o das Culturas Populares do MinC, tamb\u00e9m presente no evento, \u00e9 fundamental que o sistema judici\u00e1rio reconhe\u00e7a a pluralidade do povo brasileiro.<\/p>\n<p dir=\"ltr\">\u201cO Superior Tribunal de Justi\u00e7a, como guardi\u00e3o da Constitui\u00e7\u00e3o e das leis do Brasil, desempenha um papel crucial na promo\u00e7\u00e3o da justi\u00e7a e da equidade. \u00c9 fundamental que este tribunal, assim como todo o sistema judici\u00e1rio brasileiro, mantenha um olhar atento \u00e0 diversidade cultural que comp\u00f5e nossa sociedade. A inclus\u00e3o de pautas que respeitem e valorizem a pluralidade \u00e9 essencial para garantir a prote\u00e7\u00e3o dos direitos de todos os cidad\u00e3os. Ao celebrar o Dia da Diversidade Cultural, refor\u00e7amos a import\u00e2ncia de uma justi\u00e7a que n\u00e3o apenas julga, mas tamb\u00e9m reconhece e dignifica as variadas identidades que enriquecem nosso pa\u00eds\u201d, afirmou.<\/p>\n<p dir=\"ltr\"><strong>Caminhos poss\u00edveis<\/strong><\/p>\n<p dir=\"ltr\"><span>O painel foi encerrado com uma mensagem comum a todos os participantes: a diversidade cultural brasileira precisa deixar de ser celebrada apenas simbolicamente e se tornar eixo estruturante das pol\u00edticas p\u00fablicas, da justi\u00e7a e do futuro do pa\u00eds.<\/span><\/p>\n<p dir=\"ltr\"><span>Para Margareth Menezes, esse caminho j\u00e1 come\u00e7ou a ser trilhado: \u201cEstamos comprometidos com a constru\u00e7\u00e3o de pol\u00edticas culturais que acolham todas as express\u00f5es e garantam direitos. Porque a identidade do Brasil est\u00e1 na sua diversidade. Viva a diversidade cultural brasileira, e viva o povo brasileiro\u201d, concluiu.<\/span><\/p>\n<p><a href=\"https:\/\/www.flickr.com\/photos\/ministeriodaculturaoficial\/albums\/72177720326330669\" title=\"22.05.2025 - Semana da Justi\u00e7a pela Diversidade Cultural - Painel: A Preserva\u00e7\u00e3o da Cultura Brasileira a partir da Perspectiva \u00c9tnico-Racial\" data-flickr-embed=\"true\" data-header=\"true\" data-footer=\"true\"><img fetchpriority=\"high\" decoding=\"async\" alt=\"22.05.2025 - Semana da Justi\u00e7a pela Diversidade Cultural - Painel: A Preserva\u00e7\u00e3o da Cultura Brasileira a partir da Perspectiva \u00c9tnico-Racial\" height=\"480\" src=\"https:\/\/live.staticflickr.com\/65535\/54538275409_15141787dc_z.jpg\" width=\"640\"><\/a><\/p>\n<p id=\"infocoweb_fonte\" class=\"infocoweb_fonte\">Fonte: <a target=\"_blank\" href=\"https:\/\/www.gov.br\/cultura\/pt-br\/assuntos\/noticias\/201ca-cultura-e-ferramenta-de-enfrentamento-de-desigualdades201d-afirma-margareth-menezes-no-stj#0ce0fdd8-f722-4594-a742-ed1fe9d84af4\">Minist\u00e9rio da Cultura<\/a><\/p>\n<\/div>\n<div id=\"infocoweb_rodape\" class=\"infocoweb_rodape\"><\/div>\n<\/div>\n<p><script src=\"https:\/\/noticia.infocoweb.com.br\/analytics.js?uuid=0ce0fdd8-f722-4594-a742-ed1fe9d84af4\"><\/script><\/p>\n","protected":false},"excerpt":{"rendered":"<p>Em um momento de escuta, ancestralidade e compromisso com o futuro, o Superior Tribunal de Justi\u00e7a (STJ) sediou, nesta quinta-feira (22), o painel Preserva\u00e7\u00e3o da Cultura Brasileira a partir da Perspectiva \u00c9tnico-Racial. A atividade integrou a Semana da Justi\u00e7a pela Diversidade Cultural \u2013 iniciativa do Supremo Tribunal Federal (STF) em celebra\u00e7\u00e3o ao Dia Mundial da [&hellip;]<\/p>\n","protected":false},"author":5,"featured_media":125023,"comment_status":"","ping_status":"open","sticky":false,"template":"","format":"standard","meta":{"_acf_changed":false,"_angie_page":false,"_monsterinsights_skip_tracking":false,"_themeisle_gutenberg_block_has_review":false,"page_builder":"","footnotes":"","jetpack_publicize_message":"","jetpack_publicize_feature_enabled":true,"jetpack_social_post_already_shared":true,"jetpack_social_options":{"image_generator_settings":{"template":"highway","default_image_id":0,"font":"","enabled":false},"version":2}},"categories":[4265],"tags":[2069,947,10570,1763,5829,6379,6380],"class_list":["post-125022","post","type-post","status-publish","format-standard","has-post-thumbnail","hentry","category-cultura","tag-afirma","tag-cultura","tag-desigualdades","tag-enfrentamento","tag-ferramenta","tag-margareth","tag-menezes"],"acf":[],"nelio_content":{"autoShareEndMode":"never","automationSources":{"useCustomSentences":false,"customSentences":[]},"efiAlt":"","efiUrl":"","followers":[],"highlights":[],"isAutoShareEnabled":true,"networkImageIds":[],"permalinkQueryArgs":[],"series":[],"suggestedReferences":[]},"yoast_head":"<!-- This site is optimized with the Yoast SEO plugin v28.3 - https:\/\/yoast.com\/product\/yoast-seo-wordpress\/ -->\n<title>&quot;A cultura \u00e9 ferramenta de enfrentamento de desigualdades&quot;, afirma Margareth Menezes no STJ<\/title>\n<meta name=\"description\" content=\"&quot;A cultura \u00e9 ferramenta de enfrentamento de desigualdades&quot;, afirma Margareth Menezes no STJ\" \/>\n<meta name=\"robots\" content=\"index, follow, max-snippet:-1, max-image-preview:large, max-video-preview:-1\" \/>\n<link rel=\"canonical\" href=\"https:\/\/www.fatosefotosnews.com.br\/?p=125022\" \/>\n<meta property=\"og:locale\" content=\"pt_BR\" \/>\n<meta property=\"og:type\" content=\"article\" \/>\n<meta property=\"og:title\" content=\"&quot;A cultura \u00e9 ferramenta de enfrentamento de desigualdades&quot;, afirma Margareth Menezes no STJ\" \/>\n<meta property=\"og:description\" content=\"&quot;A cultura \u00e9 ferramenta de enfrentamento de desigualdades&quot;, afirma Margareth Menezes no STJ\" \/>\n<meta property=\"og:url\" content=\"https:\/\/www.fatosefotosnews.com.br\/?p=125022\" \/>\n<meta property=\"og:site_name\" content=\"Fatos e Fotos News\" \/>\n<meta property=\"article:published_time\" content=\"2025-05-23T00:29:46+00:00\" \/>\n<meta property=\"og:image\" content=\"https:\/\/www.fatosefotosnews.com.br\/wp-content\/uploads\/2025\/05\/ca56946ed21d870b2ec732fc1fe52247.jpeg\" \/>\n\t<meta property=\"og:image:width\" content=\"1024\" \/>\n\t<meta property=\"og:image:height\" content=\"680\" \/>\n\t<meta property=\"og:image:type\" content=\"image\/jpeg\" \/>\n<meta name=\"author\" content=\"Da Reda\u00e7\u00e3o\" \/>\n<meta name=\"twitter:card\" content=\"summary_large_image\" \/>\n<meta name=\"twitter:label1\" content=\"Escrito por\" \/>\n\t<meta name=\"twitter:data1\" content=\"Da Reda\u00e7\u00e3o\" \/>\n\t<meta name=\"twitter:label2\" content=\"Est. tempo de leitura\" \/>\n\t<meta name=\"twitter:data2\" content=\"99 minutos\" \/>\n<script type=\"application\/ld+json\" class=\"yoast-schema-graph\">{\"@context\":\"https:\\\/\\\/schema.org\",\"@graph\":[{\"@type\":\"Article\",\"@id\":\"https:\\\/\\\/www.fatosefotosnews.com.br\\\/?p=125022#article\",\"isPartOf\":{\"@id\":\"https:\\\/\\\/www.fatosefotosnews.com.br\\\/?p=125022\"},\"author\":{\"name\":\"Da Reda\u00e7\u00e3o\",\"@id\":\"https:\\\/\\\/www.fatosefotosnews.com.br\\\/#\\\/schema\\\/person\\\/3b80f81d08670fb1f6690e07eb8b5dc6\"},\"headline\":\"&#8220;A cultura \u00e9 ferramenta de enfrentamento de desigualdades&#8221;, afirma Margareth Menezes no STJ\",\"datePublished\":\"2025-05-23T00:29:46+00:00\",\"mainEntityOfPage\":{\"@id\":\"https:\\\/\\\/www.fatosefotosnews.com.br\\\/?p=125022\"},\"wordCount\":975,\"publisher\":{\"@id\":\"https:\\\/\\\/www.fatosefotosnews.com.br\\\/#organization\"},\"image\":{\"@id\":\"https:\\\/\\\/www.fatosefotosnews.com.br\\\/?p=125022#primaryimage\"},\"thumbnailUrl\":\"https:\\\/\\\/www.fatosefotosnews.com.br\\\/wp-content\\\/uploads\\\/2025\\\/05\\\/ca56946ed21d870b2ec732fc1fe52247.jpeg\",\"keywords\":[\"afirma\",\"cultura\",\"desigualdades\",\"enfrentamento\",\"ferramenta\",\"margareth\",\"menezes\"],\"articleSection\":[\"Cultura\"],\"inLanguage\":\"pt-BR\"},{\"@type\":\"WebPage\",\"@id\":\"https:\\\/\\\/www.fatosefotosnews.com.br\\\/?p=125022\",\"url\":\"https:\\\/\\\/www.fatosefotosnews.com.br\\\/?p=125022\",\"name\":\"\\\"A cultura \u00e9 ferramenta de enfrentamento de desigualdades\\\", afirma Margareth Menezes no STJ\",\"isPartOf\":{\"@id\":\"https:\\\/\\\/www.fatosefotosnews.com.br\\\/#website\"},\"primaryImageOfPage\":{\"@id\":\"https:\\\/\\\/www.fatosefotosnews.com.br\\\/?p=125022#primaryimage\"},\"image\":{\"@id\":\"https:\\\/\\\/www.fatosefotosnews.com.br\\\/?p=125022#primaryimage\"},\"thumbnailUrl\":\"https:\\\/\\\/www.fatosefotosnews.com.br\\\/wp-content\\\/uploads\\\/2025\\\/05\\\/ca56946ed21d870b2ec732fc1fe52247.jpeg\",\"datePublished\":\"2025-05-23T00:29:46+00:00\",\"description\":\"\\\"A cultura \u00e9 ferramenta de enfrentamento de desigualdades\\\", afirma Margareth Menezes no STJ\",\"breadcrumb\":{\"@id\":\"https:\\\/\\\/www.fatosefotosnews.com.br\\\/?p=125022#breadcrumb\"},\"inLanguage\":\"pt-BR\",\"potentialAction\":[{\"@type\":\"ReadAction\",\"target\":[\"https:\\\/\\\/www.fatosefotosnews.com.br\\\/?p=125022\"]}]},{\"@type\":\"ImageObject\",\"inLanguage\":\"pt-BR\",\"@id\":\"https:\\\/\\\/www.fatosefotosnews.com.br\\\/?p=125022#primaryimage\",\"url\":\"https:\\\/\\\/www.fatosefotosnews.com.br\\\/wp-content\\\/uploads\\\/2025\\\/05\\\/ca56946ed21d870b2ec732fc1fe52247.jpeg\",\"contentUrl\":\"https:\\\/\\\/www.fatosefotosnews.com.br\\\/wp-content\\\/uploads\\\/2025\\\/05\\\/ca56946ed21d870b2ec732fc1fe52247.jpeg\",\"width\":1024,\"height\":680,\"caption\":\"Foto: Tarcisio Boquady\\\/MinC\"},{\"@type\":\"BreadcrumbList\",\"@id\":\"https:\\\/\\\/www.fatosefotosnews.com.br\\\/?p=125022#breadcrumb\",\"itemListElement\":[{\"@type\":\"ListItem\",\"position\":1,\"name\":\"In\u00edcio\",\"item\":\"https:\\\/\\\/www.fatosefotosnews.com.br\\\/\"},{\"@type\":\"ListItem\",\"position\":2,\"name\":\"&#8220;A cultura \u00e9 ferramenta de enfrentamento de desigualdades&#8221;, afirma Margareth Menezes no STJ\"}]},{\"@type\":\"WebSite\",\"@id\":\"https:\\\/\\\/www.fatosefotosnews.com.br\\\/#website\",\"url\":\"https:\\\/\\\/www.fatosefotosnews.com.br\\\/\",\"name\":\"Fatos e Fotos News\",\"description\":\"Um site de noticial verdadeira e confi\u00e1veis.\",\"publisher\":{\"@id\":\"https:\\\/\\\/www.fatosefotosnews.com.br\\\/#organization\"},\"potentialAction\":[{\"@type\":\"SearchAction\",\"target\":{\"@type\":\"EntryPoint\",\"urlTemplate\":\"https:\\\/\\\/www.fatosefotosnews.com.br\\\/?s={search_term_string}\"},\"query-input\":{\"@type\":\"PropertyValueSpecification\",\"valueRequired\":true,\"valueName\":\"search_term_string\"}}],\"inLanguage\":\"pt-BR\"},{\"@type\":\"Organization\",\"@id\":\"https:\\\/\\\/www.fatosefotosnews.com.br\\\/#organization\",\"name\":\"Fatos e Fotos News\",\"url\":\"https:\\\/\\\/www.fatosefotosnews.com.br\\\/\",\"logo\":{\"@type\":\"ImageObject\",\"inLanguage\":\"pt-BR\",\"@id\":\"https:\\\/\\\/www.fatosefotosnews.com.br\\\/#\\\/schema\\\/logo\\\/image\\\/\",\"url\":\"https:\\\/\\\/www.fatosefotosnews.com.br\\\/wp-content\\\/uploads\\\/2023\\\/02\\\/Fatos-e-Fotos-news-logo.png\",\"contentUrl\":\"https:\\\/\\\/www.fatosefotosnews.com.br\\\/wp-content\\\/uploads\\\/2023\\\/02\\\/Fatos-e-Fotos-news-logo.png\",\"width\":300,\"height\":58,\"caption\":\"Fatos e Fotos News\"},\"image\":{\"@id\":\"https:\\\/\\\/www.fatosefotosnews.com.br\\\/#\\\/schema\\\/logo\\\/image\\\/\"}},{\"@type\":\"Person\",\"@id\":\"https:\\\/\\\/www.fatosefotosnews.com.br\\\/#\\\/schema\\\/person\\\/3b80f81d08670fb1f6690e07eb8b5dc6\",\"name\":\"Da Reda\u00e7\u00e3o\",\"image\":{\"@type\":\"ImageObject\",\"inLanguage\":\"pt-BR\",\"@id\":\"https:\\\/\\\/secure.gravatar.com\\\/avatar\\\/696d39935a657bf0fc95044dbc9f912520430a0eb6dd46c85dd97eb6483b249b?s=96&d=mm&r=g\",\"url\":\"https:\\\/\\\/secure.gravatar.com\\\/avatar\\\/696d39935a657bf0fc95044dbc9f912520430a0eb6dd46c85dd97eb6483b249b?s=96&d=mm&r=g\",\"contentUrl\":\"https:\\\/\\\/secure.gravatar.com\\\/avatar\\\/696d39935a657bf0fc95044dbc9f912520430a0eb6dd46c85dd97eb6483b249b?s=96&d=mm&r=g\",\"caption\":\"Da Reda\u00e7\u00e3o\"},\"url\":\"https:\\\/\\\/www.fatosefotosnews.com.br\\\/?author=5\"}]}<\/script>\n<!-- \/ Yoast SEO plugin. -->","yoast_head_json":{"title":"\"A cultura \u00e9 ferramenta de enfrentamento de desigualdades\", afirma Margareth Menezes no STJ","description":"\"A cultura \u00e9 ferramenta de enfrentamento de desigualdades\", afirma Margareth Menezes no STJ","robots":{"index":"index","follow":"follow","max-snippet":"max-snippet:-1","max-image-preview":"max-image-preview:large","max-video-preview":"max-video-preview:-1"},"canonical":"https:\/\/www.fatosefotosnews.com.br\/?p=125022","og_locale":"pt_BR","og_type":"article","og_title":"\"A cultura \u00e9 ferramenta de enfrentamento de desigualdades\", afirma Margareth Menezes no STJ","og_description":"\"A cultura \u00e9 ferramenta de enfrentamento de desigualdades\", afirma Margareth Menezes no STJ","og_url":"https:\/\/www.fatosefotosnews.com.br\/?p=125022","og_site_name":"Fatos e Fotos News","article_published_time":"2025-05-23T00:29:46+00:00","og_image":[{"width":1024,"height":680,"url":"https:\/\/www.fatosefotosnews.com.br\/wp-content\/uploads\/2025\/05\/ca56946ed21d870b2ec732fc1fe52247.jpeg","type":"image\/jpeg"}],"author":"Da Reda\u00e7\u00e3o","twitter_card":"summary_large_image","twitter_misc":{"Escrito por":"Da Reda\u00e7\u00e3o","Est. tempo de leitura":"99 minutos"},"schema":{"@context":"https:\/\/schema.org","@graph":[{"@type":"Article","@id":"https:\/\/www.fatosefotosnews.com.br\/?p=125022#article","isPartOf":{"@id":"https:\/\/www.fatosefotosnews.com.br\/?p=125022"},"author":{"name":"Da Reda\u00e7\u00e3o","@id":"https:\/\/www.fatosefotosnews.com.br\/#\/schema\/person\/3b80f81d08670fb1f6690e07eb8b5dc6"},"headline":"&#8220;A cultura \u00e9 ferramenta de enfrentamento de desigualdades&#8221;, afirma Margareth Menezes no STJ","datePublished":"2025-05-23T00:29:46+00:00","mainEntityOfPage":{"@id":"https:\/\/www.fatosefotosnews.com.br\/?p=125022"},"wordCount":975,"publisher":{"@id":"https:\/\/www.fatosefotosnews.com.br\/#organization"},"image":{"@id":"https:\/\/www.fatosefotosnews.com.br\/?p=125022#primaryimage"},"thumbnailUrl":"https:\/\/www.fatosefotosnews.com.br\/wp-content\/uploads\/2025\/05\/ca56946ed21d870b2ec732fc1fe52247.jpeg","keywords":["afirma","cultura","desigualdades","enfrentamento","ferramenta","margareth","menezes"],"articleSection":["Cultura"],"inLanguage":"pt-BR"},{"@type":"WebPage","@id":"https:\/\/www.fatosefotosnews.com.br\/?p=125022","url":"https:\/\/www.fatosefotosnews.com.br\/?p=125022","name":"\"A cultura \u00e9 ferramenta de enfrentamento de desigualdades\", afirma Margareth Menezes no STJ","isPartOf":{"@id":"https:\/\/www.fatosefotosnews.com.br\/#website"},"primaryImageOfPage":{"@id":"https:\/\/www.fatosefotosnews.com.br\/?p=125022#primaryimage"},"image":{"@id":"https:\/\/www.fatosefotosnews.com.br\/?p=125022#primaryimage"},"thumbnailUrl":"https:\/\/www.fatosefotosnews.com.br\/wp-content\/uploads\/2025\/05\/ca56946ed21d870b2ec732fc1fe52247.jpeg","datePublished":"2025-05-23T00:29:46+00:00","description":"\"A cultura \u00e9 ferramenta de enfrentamento de desigualdades\", afirma Margareth Menezes no STJ","breadcrumb":{"@id":"https:\/\/www.fatosefotosnews.com.br\/?p=125022#breadcrumb"},"inLanguage":"pt-BR","potentialAction":[{"@type":"ReadAction","target":["https:\/\/www.fatosefotosnews.com.br\/?p=125022"]}]},{"@type":"ImageObject","inLanguage":"pt-BR","@id":"https:\/\/www.fatosefotosnews.com.br\/?p=125022#primaryimage","url":"https:\/\/www.fatosefotosnews.com.br\/wp-content\/uploads\/2025\/05\/ca56946ed21d870b2ec732fc1fe52247.jpeg","contentUrl":"https:\/\/www.fatosefotosnews.com.br\/wp-content\/uploads\/2025\/05\/ca56946ed21d870b2ec732fc1fe52247.jpeg","width":1024,"height":680,"caption":"Foto: Tarcisio Boquady\/MinC"},{"@type":"BreadcrumbList","@id":"https:\/\/www.fatosefotosnews.com.br\/?p=125022#breadcrumb","itemListElement":[{"@type":"ListItem","position":1,"name":"In\u00edcio","item":"https:\/\/www.fatosefotosnews.com.br\/"},{"@type":"ListItem","position":2,"name":"&#8220;A cultura \u00e9 ferramenta de enfrentamento de desigualdades&#8221;, afirma Margareth Menezes no STJ"}]},{"@type":"WebSite","@id":"https:\/\/www.fatosefotosnews.com.br\/#website","url":"https:\/\/www.fatosefotosnews.com.br\/","name":"Fatos e Fotos News","description":"Um site de noticial verdadeira e confi\u00e1veis.","publisher":{"@id":"https:\/\/www.fatosefotosnews.com.br\/#organization"},"potentialAction":[{"@type":"SearchAction","target":{"@type":"EntryPoint","urlTemplate":"https:\/\/www.fatosefotosnews.com.br\/?s={search_term_string}"},"query-input":{"@type":"PropertyValueSpecification","valueRequired":true,"valueName":"search_term_string"}}],"inLanguage":"pt-BR"},{"@type":"Organization","@id":"https:\/\/www.fatosefotosnews.com.br\/#organization","name":"Fatos e Fotos News","url":"https:\/\/www.fatosefotosnews.com.br\/","logo":{"@type":"ImageObject","inLanguage":"pt-BR","@id":"https:\/\/www.fatosefotosnews.com.br\/#\/schema\/logo\/image\/","url":"https:\/\/www.fatosefotosnews.com.br\/wp-content\/uploads\/2023\/02\/Fatos-e-Fotos-news-logo.png","contentUrl":"https:\/\/www.fatosefotosnews.com.br\/wp-content\/uploads\/2023\/02\/Fatos-e-Fotos-news-logo.png","width":300,"height":58,"caption":"Fatos e Fotos News"},"image":{"@id":"https:\/\/www.fatosefotosnews.com.br\/#\/schema\/logo\/image\/"}},{"@type":"Person","@id":"https:\/\/www.fatosefotosnews.com.br\/#\/schema\/person\/3b80f81d08670fb1f6690e07eb8b5dc6","name":"Da Reda\u00e7\u00e3o","image":{"@type":"ImageObject","inLanguage":"pt-BR","@id":"https:\/\/secure.gravatar.com\/avatar\/696d39935a657bf0fc95044dbc9f912520430a0eb6dd46c85dd97eb6483b249b?s=96&d=mm&r=g","url":"https:\/\/secure.gravatar.com\/avatar\/696d39935a657bf0fc95044dbc9f912520430a0eb6dd46c85dd97eb6483b249b?s=96&d=mm&r=g","contentUrl":"https:\/\/secure.gravatar.com\/avatar\/696d39935a657bf0fc95044dbc9f912520430a0eb6dd46c85dd97eb6483b249b?s=96&d=mm&r=g","caption":"Da Reda\u00e7\u00e3o"},"url":"https:\/\/www.fatosefotosnews.com.br\/?author=5"}]}},"jetpack_publicize_connections":[],"blog_post_layout_featured_media_urls":{"thumbnail":["https:\/\/www.fatosefotosnews.com.br\/wp-content\/uploads\/2025\/05\/ca56946ed21d870b2ec732fc1fe52247-150x150.jpeg",150,150,true],"full":["https:\/\/www.fatosefotosnews.com.br\/wp-content\/uploads\/2025\/05\/ca56946ed21d870b2ec732fc1fe52247.jpeg",1024,680,false]},"categories_names":{"4265":{"name":"Cultura","link":"https:\/\/www.fatosefotosnews.com.br\/?cat=4265"}},"tags_names":{"2069":{"name":"afirma","link":"https:\/\/www.fatosefotosnews.com.br\/?tag=afirma"},"947":{"name":"cultura","link":"https:\/\/www.fatosefotosnews.com.br\/?tag=cultura"},"10570":{"name":"desigualdades","link":"https:\/\/www.fatosefotosnews.com.br\/?tag=desigualdades"},"1763":{"name":"enfrentamento","link":"https:\/\/www.fatosefotosnews.com.br\/?tag=enfrentamento"},"5829":{"name":"ferramenta","link":"https:\/\/www.fatosefotosnews.com.br\/?tag=ferramenta"},"6379":{"name":"margareth","link":"https:\/\/www.fatosefotosnews.com.br\/?tag=margareth"},"6380":{"name":"menezes","link":"https:\/\/www.fatosefotosnews.com.br\/?tag=menezes"}},"comments_number":"0","wpmagazine_modules_lite_featured_media_urls":{"thumbnail":["https:\/\/www.fatosefotosnews.com.br\/wp-content\/uploads\/2025\/05\/ca56946ed21d870b2ec732fc1fe52247-150x150.jpeg",150,150,true],"cvmm-medium":["https:\/\/www.fatosefotosnews.com.br\/wp-content\/uploads\/2025\/05\/ca56946ed21d870b2ec732fc1fe52247-300x300.jpeg",300,300,true],"cvmm-medium-plus":["https:\/\/www.fatosefotosnews.com.br\/wp-content\/uploads\/2025\/05\/ca56946ed21d870b2ec732fc1fe52247-305x207.jpeg",305,207,true],"cvmm-portrait":["https:\/\/www.fatosefotosnews.com.br\/wp-content\/uploads\/2025\/05\/ca56946ed21d870b2ec732fc1fe52247-400x600.jpeg",400,600,true],"cvmm-medium-square":["https:\/\/www.fatosefotosnews.com.br\/wp-content\/uploads\/2025\/05\/ca56946ed21d870b2ec732fc1fe52247-600x600.jpeg",600,600,true],"cvmm-large":["https:\/\/www.fatosefotosnews.com.br\/wp-content\/uploads\/2025\/05\/ca56946ed21d870b2ec732fc1fe52247.jpeg",1024,680,false],"cvmm-small":["https:\/\/www.fatosefotosnews.com.br\/wp-content\/uploads\/2025\/05\/ca56946ed21d870b2ec732fc1fe52247-130x95.jpeg",130,95,true],"full":["https:\/\/www.fatosefotosnews.com.br\/wp-content\/uploads\/2025\/05\/ca56946ed21d870b2ec732fc1fe52247.jpeg",1024,680,false]},"_links":{"self":[{"href":"https:\/\/www.fatosefotosnews.com.br\/index.php?rest_route=\/wp\/v2\/posts\/125022","targetHints":{"allow":["GET"]}}],"collection":[{"href":"https:\/\/www.fatosefotosnews.com.br\/index.php?rest_route=\/wp\/v2\/posts"}],"about":[{"href":"https:\/\/www.fatosefotosnews.com.br\/index.php?rest_route=\/wp\/v2\/types\/post"}],"author":[{"embeddable":true,"href":"https:\/\/www.fatosefotosnews.com.br\/index.php?rest_route=\/wp\/v2\/users\/5"}],"replies":[{"embeddable":true,"href":"https:\/\/www.fatosefotosnews.com.br\/index.php?rest_route=%2Fwp%2Fv2%2Fcomments&post=125022"}],"version-history":[{"count":0,"href":"https:\/\/www.fatosefotosnews.com.br\/index.php?rest_route=\/wp\/v2\/posts\/125022\/revisions"}],"wp:featuredmedia":[{"embeddable":true,"href":"https:\/\/www.fatosefotosnews.com.br\/index.php?rest_route=\/wp\/v2\/media\/125023"}],"wp:attachment":[{"href":"https:\/\/www.fatosefotosnews.com.br\/index.php?rest_route=%2Fwp%2Fv2%2Fmedia&parent=125022"}],"wp:term":[{"taxonomy":"category","embeddable":true,"href":"https:\/\/www.fatosefotosnews.com.br\/index.php?rest_route=%2Fwp%2Fv2%2Fcategories&post=125022"},{"taxonomy":"post_tag","embeddable":true,"href":"https:\/\/www.fatosefotosnews.com.br\/index.php?rest_route=%2Fwp%2Fv2%2Ftags&post=125022"}],"curies":[{"name":"wp","href":"https:\/\/api.w.org\/{rel}","templated":true}]}}