{"id":126212,"date":"2025-05-29T18:31:53","date_gmt":"2025-05-29T21:31:53","guid":{"rendered":"https:\/\/www.fatosefotosnews.com.br\/pf-prende-homem-em-flagrante-por-trafico-internacional-de-drogas-em-rio-grande-rs\/"},"modified":"2025-05-29T18:31:53","modified_gmt":"2025-05-29T21:31:53","slug":"pf-prende-homem-em-flagrante-por-trafico-internacional-de-drogas-em-rio-grande-rs","status":"publish","type":"post","link":"https:\/\/www.fatosefotosnews.com.br\/?p=126212","title":{"rendered":"PF prende homem em flagrante por tr\u00e1fico internacional de drogas em Rio Grande\/RS"},"content":{"rendered":"<div id=\"infocoweb\" data-uuid=\"48eef555-2eae-4781-afb5-4c086b9d814a\" class=\"infocoweb infocoweb_canal_105\">\n<div id=\"infocoweb_cabecalho\" class=\"infocoweb_cabecalho\"><\/div>\n<div id=\"infocoweb_corpo\" class=\"infocoweb_corpo\">\n<p dir=\"ltr\" style=\"text-align: justify\"><strong>Rio Grande\/RS. <\/strong><span>Nesta quinta-feira (29\/5), a Pol\u00edcia Federal prendeu um homem em flagrante transportando 14 kg de maconha. A a\u00e7\u00e3o ocorreu durante abordagem veicular na estrada entre Santa Vit\u00f3ria do Palmar e Rio Grande, no RS.<\/span><\/p>\n<p dir=\"ltr\" style=\"text-align: justify\"><span>A a\u00e7\u00e3o aconteceu ap\u00f3s troca de informa\u00e7\u00f5es entre a Pol\u00edcia Federal e a Receita Federal, que alertavam sobre poss\u00edvel transporte de entorpecentes em ve\u00edculo oriundo da regi\u00e3o de fronteira com o Uruguai.<\/span><\/p>\n<p dir=\"ltr\" style=\"text-align: justify\"><span>Durante a revista, os policiais federais localizaram duas malas e uma mochila contendo subst\u00e2ncia entorpecente. O indiv\u00edduo confessou ser o propriet\u00e1rio das bagagens e foi preso em flagrante por tr\u00e1fico internacional de drogas.<\/span><\/p>\n<p dir=\"ltr\" style=\"text-align: justify\"><span>O homem foi encaminhado \u00e0 Delegacia da Pol\u00edcia Federal em Rio Grande, onde foram adotadas todas as medidas de pol\u00edcia judici\u00e1ria.<\/span><\/p>\n<p dir=\"ltr\" style=\"text-align: right\"><em>Comunica\u00e7\u00e3o Social da Pol\u00edcia Federal no Rio Grande do Sul<br \/>Fone: (53) 3293-9000<\/em><\/p>\n<p id=\"infocoweb_fonte\" class=\"infocoweb_fonte\">Fonte: <a target=\"_blank\" href=\"https:\/\/www.gov.br\/pf\/pt-br\/assuntos\/noticias\/2025\/05\/pf-prende-homem-em-flagrante-por-trafico-internacional-de-drogas-em-rio-grande-rs#48eef555-2eae-4781-afb5-4c086b9d814a\">Pol\u00edcia Federal<\/a><\/p>\n<\/div>\n<div id=\"infocoweb_rodape\" class=\"infocoweb_rodape\"><\/div>\n<\/div>\n<p><script src=\"https:\/\/noticia.infocoweb.com.br\/analytics.js?uuid=48eef555-2eae-4781-afb5-4c086b9d814a\"><\/script><\/p>\n","protected":false},"excerpt":{"rendered":"<p>Rio Grande\/RS. Nesta quinta-feira (29\/5), a Pol\u00edcia Federal prendeu um homem em flagrante transportando 14 kg de maconha. A a\u00e7\u00e3o ocorreu durante abordagem veicular na estrada entre Santa Vit\u00f3ria do Palmar e Rio Grande, no RS. A a\u00e7\u00e3o aconteceu ap\u00f3s troca de informa\u00e7\u00f5es entre a Pol\u00edcia Federal e a Receita Federal, que alertavam sobre poss\u00edvel [&hellip;]<\/p>\n","protected":false},"author":5,"featured_media":126213,"comment_status":"","ping_status":"open","sticky":false,"template":"","format":"standard","meta":{"_acf_changed":false,"_angie_page":false,"_monsterinsights_skip_tracking":false,"_themeisle_gutenberg_block_has_review":false,"page_builder":"","footnotes":"","jetpack_publicize_message":"","jetpack_publicize_feature_enabled":true,"jetpack_social_post_already_shared":true,"jetpack_social_options":{"image_generator_settings":{"template":"highway","default_image_id":0,"font":"","enabled":false},"version":2}},"categories":[167],"tags":[4678,8920,1294,1572,2410,1934,4677],"class_list":["post-126212","post","type-post","status-publish","format-standard","has-post-thumbnail","hentry","category-geral","tag-drogas","tag-flagrante","tag-grande","tag-homem","tag-internacional","tag-prende","tag-trafico"],"acf":[],"nelio_content":{"autoShareEndMode":"never","automationSources":{"useCustomSentences":false,"customSentences":[]},"efiAlt":"","efiUrl":"","followers":[],"highlights":[],"isAutoShareEnabled":true,"networkImageIds":[],"permalinkQueryArgs":[],"series":[],"suggestedReferences":[]},"yoast_head":"<!-- This site is optimized with the Yoast SEO plugin v28.3 - https:\/\/yoast.com\/product\/yoast-seo-wordpress\/ -->\n<title>PF prende homem em flagrante por tr\u00e1fico internacional de drogas em Rio Grande\/RS<\/title>\n<meta name=\"description\" content=\"PF prende homem em flagrante por tr\u00e1fico internacional de drogas em Rio Grande\/RS\" \/>\n<meta name=\"robots\" content=\"index, follow, max-snippet:-1, max-image-preview:large, max-video-preview:-1\" \/>\n<link rel=\"canonical\" href=\"https:\/\/www.fatosefotosnews.com.br\/?p=126212\" \/>\n<meta property=\"og:locale\" content=\"pt_BR\" \/>\n<meta property=\"og:type\" content=\"article\" \/>\n<meta property=\"og:title\" content=\"PF prende homem em flagrante por tr\u00e1fico internacional de drogas em Rio Grande\/RS\" \/>\n<meta property=\"og:description\" content=\"PF prende homem em flagrante por tr\u00e1fico internacional de drogas em Rio Grande\/RS\" \/>\n<meta property=\"og:url\" content=\"https:\/\/www.fatosefotosnews.com.br\/?p=126212\" \/>\n<meta property=\"og:site_name\" content=\"Fatos e Fotos News\" \/>\n<meta property=\"article:published_time\" content=\"2025-05-29T21:31:53+00:00\" \/>\n<meta property=\"og:image\" content=\"https:\/\/www.fatosefotosnews.com.br\/wp-content\/uploads\/2025\/05\/a6d9a0094e0d6df3be8b4f9a311831f9.png\" \/>\n\t<meta property=\"og:image:width\" content=\"576\" \/>\n\t<meta property=\"og:image:height\" content=\"768\" \/>\n\t<meta property=\"og:image:type\" content=\"image\/png\" \/>\n<meta name=\"author\" content=\"Da Reda\u00e7\u00e3o\" \/>\n<meta name=\"twitter:card\" content=\"summary_large_image\" \/>\n<meta name=\"twitter:label1\" content=\"Escrito por\" \/>\n\t<meta name=\"twitter:data1\" content=\"Da Reda\u00e7\u00e3o\" \/>\n\t<meta name=\"twitter:label2\" content=\"Est. tempo de leitura\" \/>\n\t<meta name=\"twitter:data2\" content=\"99 minutos\" \/>\n<script type=\"application\/ld+json\" class=\"yoast-schema-graph\">{\"@context\":\"https:\\\/\\\/schema.org\",\"@graph\":[{\"@type\":\"Article\",\"@id\":\"https:\\\/\\\/www.fatosefotosnews.com.br\\\/?p=126212#article\",\"isPartOf\":{\"@id\":\"https:\\\/\\\/www.fatosefotosnews.com.br\\\/?p=126212\"},\"author\":{\"name\":\"Da Reda\u00e7\u00e3o\",\"@id\":\"https:\\\/\\\/www.fatosefotosnews.com.br\\\/#\\\/schema\\\/person\\\/3b80f81d08670fb1f6690e07eb8b5dc6\"},\"headline\":\"PF prende homem em flagrante por tr\u00e1fico internacional de drogas em Rio Grande\\\/RS\",\"datePublished\":\"2025-05-29T21:31:53+00:00\",\"mainEntityOfPage\":{\"@id\":\"https:\\\/\\\/www.fatosefotosnews.com.br\\\/?p=126212\"},\"wordCount\":169,\"publisher\":{\"@id\":\"https:\\\/\\\/www.fatosefotosnews.com.br\\\/#organization\"},\"image\":{\"@id\":\"https:\\\/\\\/www.fatosefotosnews.com.br\\\/?p=126212#primaryimage\"},\"thumbnailUrl\":\"https:\\\/\\\/www.fatosefotosnews.com.br\\\/wp-content\\\/uploads\\\/2025\\\/05\\\/a6d9a0094e0d6df3be8b4f9a311831f9.png\",\"keywords\":[\"drogas\",\"flagrante\",\"grande\",\"homem\",\"Internacional\",\"prende\",\"trafico\"],\"articleSection\":[\"Geral\"],\"inLanguage\":\"pt-BR\"},{\"@type\":\"WebPage\",\"@id\":\"https:\\\/\\\/www.fatosefotosnews.com.br\\\/?p=126212\",\"url\":\"https:\\\/\\\/www.fatosefotosnews.com.br\\\/?p=126212\",\"name\":\"PF prende homem em flagrante por tr\u00e1fico internacional de drogas em Rio Grande\\\/RS\",\"isPartOf\":{\"@id\":\"https:\\\/\\\/www.fatosefotosnews.com.br\\\/#website\"},\"primaryImageOfPage\":{\"@id\":\"https:\\\/\\\/www.fatosefotosnews.com.br\\\/?p=126212#primaryimage\"},\"image\":{\"@id\":\"https:\\\/\\\/www.fatosefotosnews.com.br\\\/?p=126212#primaryimage\"},\"thumbnailUrl\":\"https:\\\/\\\/www.fatosefotosnews.com.br\\\/wp-content\\\/uploads\\\/2025\\\/05\\\/a6d9a0094e0d6df3be8b4f9a311831f9.png\",\"datePublished\":\"2025-05-29T21:31:53+00:00\",\"description\":\"PF prende homem em flagrante por tr\u00e1fico internacional de drogas em Rio Grande\\\/RS\",\"breadcrumb\":{\"@id\":\"https:\\\/\\\/www.fatosefotosnews.com.br\\\/?p=126212#breadcrumb\"},\"inLanguage\":\"pt-BR\",\"potentialAction\":[{\"@type\":\"ReadAction\",\"target\":[\"https:\\\/\\\/www.fatosefotosnews.com.br\\\/?p=126212\"]}]},{\"@type\":\"ImageObject\",\"inLanguage\":\"pt-BR\",\"@id\":\"https:\\\/\\\/www.fatosefotosnews.com.br\\\/?p=126212#primaryimage\",\"url\":\"https:\\\/\\\/www.fatosefotosnews.com.br\\\/wp-content\\\/uploads\\\/2025\\\/05\\\/a6d9a0094e0d6df3be8b4f9a311831f9.png\",\"contentUrl\":\"https:\\\/\\\/www.fatosefotosnews.com.br\\\/wp-content\\\/uploads\\\/2025\\\/05\\\/a6d9a0094e0d6df3be8b4f9a311831f9.png\",\"width\":576,\"height\":768},{\"@type\":\"BreadcrumbList\",\"@id\":\"https:\\\/\\\/www.fatosefotosnews.com.br\\\/?p=126212#breadcrumb\",\"itemListElement\":[{\"@type\":\"ListItem\",\"position\":1,\"name\":\"In\u00edcio\",\"item\":\"https:\\\/\\\/www.fatosefotosnews.com.br\\\/\"},{\"@type\":\"ListItem\",\"position\":2,\"name\":\"PF prende homem em flagrante por tr\u00e1fico internacional de drogas em Rio Grande\\\/RS\"}]},{\"@type\":\"WebSite\",\"@id\":\"https:\\\/\\\/www.fatosefotosnews.com.br\\\/#website\",\"url\":\"https:\\\/\\\/www.fatosefotosnews.com.br\\\/\",\"name\":\"Fatos e Fotos News\",\"description\":\"Um site de noticial verdadeira e confi\u00e1veis.\",\"publisher\":{\"@id\":\"https:\\\/\\\/www.fatosefotosnews.com.br\\\/#organization\"},\"potentialAction\":[{\"@type\":\"SearchAction\",\"target\":{\"@type\":\"EntryPoint\",\"urlTemplate\":\"https:\\\/\\\/www.fatosefotosnews.com.br\\\/?s={search_term_string}\"},\"query-input\":{\"@type\":\"PropertyValueSpecification\",\"valueRequired\":true,\"valueName\":\"search_term_string\"}}],\"inLanguage\":\"pt-BR\"},{\"@type\":\"Organization\",\"@id\":\"https:\\\/\\\/www.fatosefotosnews.com.br\\\/#organization\",\"name\":\"Fatos e Fotos News\",\"url\":\"https:\\\/\\\/www.fatosefotosnews.com.br\\\/\",\"logo\":{\"@type\":\"ImageObject\",\"inLanguage\":\"pt-BR\",\"@id\":\"https:\\\/\\\/www.fatosefotosnews.com.br\\\/#\\\/schema\\\/logo\\\/image\\\/\",\"url\":\"https:\\\/\\\/www.fatosefotosnews.com.br\\\/wp-content\\\/uploads\\\/2023\\\/02\\\/Fatos-e-Fotos-news-logo.png\",\"contentUrl\":\"https:\\\/\\\/www.fatosefotosnews.com.br\\\/wp-content\\\/uploads\\\/2023\\\/02\\\/Fatos-e-Fotos-news-logo.png\",\"width\":300,\"height\":58,\"caption\":\"Fatos e Fotos News\"},\"image\":{\"@id\":\"https:\\\/\\\/www.fatosefotosnews.com.br\\\/#\\\/schema\\\/logo\\\/image\\\/\"}},{\"@type\":\"Person\",\"@id\":\"https:\\\/\\\/www.fatosefotosnews.com.br\\\/#\\\/schema\\\/person\\\/3b80f81d08670fb1f6690e07eb8b5dc6\",\"name\":\"Da Reda\u00e7\u00e3o\",\"image\":{\"@type\":\"ImageObject\",\"inLanguage\":\"pt-BR\",\"@id\":\"https:\\\/\\\/secure.gravatar.com\\\/avatar\\\/696d39935a657bf0fc95044dbc9f912520430a0eb6dd46c85dd97eb6483b249b?s=96&d=mm&r=g\",\"url\":\"https:\\\/\\\/secure.gravatar.com\\\/avatar\\\/696d39935a657bf0fc95044dbc9f912520430a0eb6dd46c85dd97eb6483b249b?s=96&d=mm&r=g\",\"contentUrl\":\"https:\\\/\\\/secure.gravatar.com\\\/avatar\\\/696d39935a657bf0fc95044dbc9f912520430a0eb6dd46c85dd97eb6483b249b?s=96&d=mm&r=g\",\"caption\":\"Da Reda\u00e7\u00e3o\"},\"url\":\"https:\\\/\\\/www.fatosefotosnews.com.br\\\/?author=5\"}]}<\/script>\n<!-- \/ Yoast SEO plugin. -->","yoast_head_json":{"title":"PF prende homem em flagrante por tr\u00e1fico internacional de drogas em Rio Grande\/RS","description":"PF prende homem em flagrante por tr\u00e1fico internacional de drogas em Rio Grande\/RS","robots":{"index":"index","follow":"follow","max-snippet":"max-snippet:-1","max-image-preview":"max-image-preview:large","max-video-preview":"max-video-preview:-1"},"canonical":"https:\/\/www.fatosefotosnews.com.br\/?p=126212","og_locale":"pt_BR","og_type":"article","og_title":"PF prende homem em flagrante por tr\u00e1fico internacional de drogas em Rio Grande\/RS","og_description":"PF prende homem em flagrante por tr\u00e1fico internacional de drogas em Rio Grande\/RS","og_url":"https:\/\/www.fatosefotosnews.com.br\/?p=126212","og_site_name":"Fatos e Fotos News","article_published_time":"2025-05-29T21:31:53+00:00","og_image":[{"width":576,"height":768,"url":"https:\/\/www.fatosefotosnews.com.br\/wp-content\/uploads\/2025\/05\/a6d9a0094e0d6df3be8b4f9a311831f9.png","type":"image\/png"}],"author":"Da Reda\u00e7\u00e3o","twitter_card":"summary_large_image","twitter_misc":{"Escrito por":"Da Reda\u00e7\u00e3o","Est. tempo de leitura":"99 minutos"},"schema":{"@context":"https:\/\/schema.org","@graph":[{"@type":"Article","@id":"https:\/\/www.fatosefotosnews.com.br\/?p=126212#article","isPartOf":{"@id":"https:\/\/www.fatosefotosnews.com.br\/?p=126212"},"author":{"name":"Da Reda\u00e7\u00e3o","@id":"https:\/\/www.fatosefotosnews.com.br\/#\/schema\/person\/3b80f81d08670fb1f6690e07eb8b5dc6"},"headline":"PF prende homem em flagrante por tr\u00e1fico internacional de drogas em Rio Grande\/RS","datePublished":"2025-05-29T21:31:53+00:00","mainEntityOfPage":{"@id":"https:\/\/www.fatosefotosnews.com.br\/?p=126212"},"wordCount":169,"publisher":{"@id":"https:\/\/www.fatosefotosnews.com.br\/#organization"},"image":{"@id":"https:\/\/www.fatosefotosnews.com.br\/?p=126212#primaryimage"},"thumbnailUrl":"https:\/\/www.fatosefotosnews.com.br\/wp-content\/uploads\/2025\/05\/a6d9a0094e0d6df3be8b4f9a311831f9.png","keywords":["drogas","flagrante","grande","homem","Internacional","prende","trafico"],"articleSection":["Geral"],"inLanguage":"pt-BR"},{"@type":"WebPage","@id":"https:\/\/www.fatosefotosnews.com.br\/?p=126212","url":"https:\/\/www.fatosefotosnews.com.br\/?p=126212","name":"PF prende homem em flagrante por tr\u00e1fico internacional de drogas em Rio Grande\/RS","isPartOf":{"@id":"https:\/\/www.fatosefotosnews.com.br\/#website"},"primaryImageOfPage":{"@id":"https:\/\/www.fatosefotosnews.com.br\/?p=126212#primaryimage"},"image":{"@id":"https:\/\/www.fatosefotosnews.com.br\/?p=126212#primaryimage"},"thumbnailUrl":"https:\/\/www.fatosefotosnews.com.br\/wp-content\/uploads\/2025\/05\/a6d9a0094e0d6df3be8b4f9a311831f9.png","datePublished":"2025-05-29T21:31:53+00:00","description":"PF prende homem em flagrante por tr\u00e1fico internacional de drogas em Rio Grande\/RS","breadcrumb":{"@id":"https:\/\/www.fatosefotosnews.com.br\/?p=126212#breadcrumb"},"inLanguage":"pt-BR","potentialAction":[{"@type":"ReadAction","target":["https:\/\/www.fatosefotosnews.com.br\/?p=126212"]}]},{"@type":"ImageObject","inLanguage":"pt-BR","@id":"https:\/\/www.fatosefotosnews.com.br\/?p=126212#primaryimage","url":"https:\/\/www.fatosefotosnews.com.br\/wp-content\/uploads\/2025\/05\/a6d9a0094e0d6df3be8b4f9a311831f9.png","contentUrl":"https:\/\/www.fatosefotosnews.com.br\/wp-content\/uploads\/2025\/05\/a6d9a0094e0d6df3be8b4f9a311831f9.png","width":576,"height":768},{"@type":"BreadcrumbList","@id":"https:\/\/www.fatosefotosnews.com.br\/?p=126212#breadcrumb","itemListElement":[{"@type":"ListItem","position":1,"name":"In\u00edcio","item":"https:\/\/www.fatosefotosnews.com.br\/"},{"@type":"ListItem","position":2,"name":"PF prende homem em flagrante por tr\u00e1fico internacional de drogas em Rio Grande\/RS"}]},{"@type":"WebSite","@id":"https:\/\/www.fatosefotosnews.com.br\/#website","url":"https:\/\/www.fatosefotosnews.com.br\/","name":"Fatos e Fotos News","description":"Um site de noticial verdadeira e confi\u00e1veis.","publisher":{"@id":"https:\/\/www.fatosefotosnews.com.br\/#organization"},"potentialAction":[{"@type":"SearchAction","target":{"@type":"EntryPoint","urlTemplate":"https:\/\/www.fatosefotosnews.com.br\/?s={search_term_string}"},"query-input":{"@type":"PropertyValueSpecification","valueRequired":true,"valueName":"search_term_string"}}],"inLanguage":"pt-BR"},{"@type":"Organization","@id":"https:\/\/www.fatosefotosnews.com.br\/#organization","name":"Fatos e Fotos News","url":"https:\/\/www.fatosefotosnews.com.br\/","logo":{"@type":"ImageObject","inLanguage":"pt-BR","@id":"https:\/\/www.fatosefotosnews.com.br\/#\/schema\/logo\/image\/","url":"https:\/\/www.fatosefotosnews.com.br\/wp-content\/uploads\/2023\/02\/Fatos-e-Fotos-news-logo.png","contentUrl":"https:\/\/www.fatosefotosnews.com.br\/wp-content\/uploads\/2023\/02\/Fatos-e-Fotos-news-logo.png","width":300,"height":58,"caption":"Fatos e Fotos News"},"image":{"@id":"https:\/\/www.fatosefotosnews.com.br\/#\/schema\/logo\/image\/"}},{"@type":"Person","@id":"https:\/\/www.fatosefotosnews.com.br\/#\/schema\/person\/3b80f81d08670fb1f6690e07eb8b5dc6","name":"Da Reda\u00e7\u00e3o","image":{"@type":"ImageObject","inLanguage":"pt-BR","@id":"https:\/\/secure.gravatar.com\/avatar\/696d39935a657bf0fc95044dbc9f912520430a0eb6dd46c85dd97eb6483b249b?s=96&d=mm&r=g","url":"https:\/\/secure.gravatar.com\/avatar\/696d39935a657bf0fc95044dbc9f912520430a0eb6dd46c85dd97eb6483b249b?s=96&d=mm&r=g","contentUrl":"https:\/\/secure.gravatar.com\/avatar\/696d39935a657bf0fc95044dbc9f912520430a0eb6dd46c85dd97eb6483b249b?s=96&d=mm&r=g","caption":"Da Reda\u00e7\u00e3o"},"url":"https:\/\/www.fatosefotosnews.com.br\/?author=5"}]}},"jetpack_publicize_connections":[],"blog_post_layout_featured_media_urls":{"thumbnail":["https:\/\/www.fatosefotosnews.com.br\/wp-content\/uploads\/2025\/05\/a6d9a0094e0d6df3be8b4f9a311831f9-150x150.png",150,150,true],"full":["https:\/\/www.fatosefotosnews.com.br\/wp-content\/uploads\/2025\/05\/a6d9a0094e0d6df3be8b4f9a311831f9.png",576,768,false]},"categories_names":{"167":{"name":"Geral","link":"https:\/\/www.fatosefotosnews.com.br\/?cat=167"}},"tags_names":{"4678":{"name":"drogas","link":"https:\/\/www.fatosefotosnews.com.br\/?tag=drogas"},"8920":{"name":"flagrante","link":"https:\/\/www.fatosefotosnews.com.br\/?tag=flagrante"},"1294":{"name":"grande","link":"https:\/\/www.fatosefotosnews.com.br\/?tag=grande"},"1572":{"name":"homem","link":"https:\/\/www.fatosefotosnews.com.br\/?tag=homem"},"2410":{"name":"Internacional","link":"https:\/\/www.fatosefotosnews.com.br\/?tag=internacional"},"1934":{"name":"prende","link":"https:\/\/www.fatosefotosnews.com.br\/?tag=prende"},"4677":{"name":"trafico","link":"https:\/\/www.fatosefotosnews.com.br\/?tag=trafico"}},"comments_number":"0","wpmagazine_modules_lite_featured_media_urls":{"thumbnail":["https:\/\/www.fatosefotosnews.com.br\/wp-content\/uploads\/2025\/05\/a6d9a0094e0d6df3be8b4f9a311831f9-150x150.png",150,150,true],"cvmm-medium":["https:\/\/www.fatosefotosnews.com.br\/wp-content\/uploads\/2025\/05\/a6d9a0094e0d6df3be8b4f9a311831f9-300x300.png",300,300,true],"cvmm-medium-plus":["https:\/\/www.fatosefotosnews.com.br\/wp-content\/uploads\/2025\/05\/a6d9a0094e0d6df3be8b4f9a311831f9-305x207.png",305,207,true],"cvmm-portrait":["https:\/\/www.fatosefotosnews.com.br\/wp-content\/uploads\/2025\/05\/a6d9a0094e0d6df3be8b4f9a311831f9-400x600.png",400,600,true],"cvmm-medium-square":["https:\/\/www.fatosefotosnews.com.br\/wp-content\/uploads\/2025\/05\/a6d9a0094e0d6df3be8b4f9a311831f9-576x600.png",576,600,true],"cvmm-large":["https:\/\/www.fatosefotosnews.com.br\/wp-content\/uploads\/2025\/05\/a6d9a0094e0d6df3be8b4f9a311831f9.png",576,768,false],"cvmm-small":["https:\/\/www.fatosefotosnews.com.br\/wp-content\/uploads\/2025\/05\/a6d9a0094e0d6df3be8b4f9a311831f9-130x95.png",130,95,true],"full":["https:\/\/www.fatosefotosnews.com.br\/wp-content\/uploads\/2025\/05\/a6d9a0094e0d6df3be8b4f9a311831f9.png",576,768,false]},"_links":{"self":[{"href":"https:\/\/www.fatosefotosnews.com.br\/index.php?rest_route=\/wp\/v2\/posts\/126212","targetHints":{"allow":["GET"]}}],"collection":[{"href":"https:\/\/www.fatosefotosnews.com.br\/index.php?rest_route=\/wp\/v2\/posts"}],"about":[{"href":"https:\/\/www.fatosefotosnews.com.br\/index.php?rest_route=\/wp\/v2\/types\/post"}],"author":[{"embeddable":true,"href":"https:\/\/www.fatosefotosnews.com.br\/index.php?rest_route=\/wp\/v2\/users\/5"}],"replies":[{"embeddable":true,"href":"https:\/\/www.fatosefotosnews.com.br\/index.php?rest_route=%2Fwp%2Fv2%2Fcomments&post=126212"}],"version-history":[{"count":0,"href":"https:\/\/www.fatosefotosnews.com.br\/index.php?rest_route=\/wp\/v2\/posts\/126212\/revisions"}],"wp:featuredmedia":[{"embeddable":true,"href":"https:\/\/www.fatosefotosnews.com.br\/index.php?rest_route=\/wp\/v2\/media\/126213"}],"wp:attachment":[{"href":"https:\/\/www.fatosefotosnews.com.br\/index.php?rest_route=%2Fwp%2Fv2%2Fmedia&parent=126212"}],"wp:term":[{"taxonomy":"category","embeddable":true,"href":"https:\/\/www.fatosefotosnews.com.br\/index.php?rest_route=%2Fwp%2Fv2%2Fcategories&post=126212"},{"taxonomy":"post_tag","embeddable":true,"href":"https:\/\/www.fatosefotosnews.com.br\/index.php?rest_route=%2Fwp%2Fv2%2Ftags&post=126212"}],"curies":[{"name":"wp","href":"https:\/\/api.w.org\/{rel}","templated":true}]}}