{"id":126702,"date":"2025-06-02T17:01:56","date_gmt":"2025-06-02T20:01:56","guid":{"rendered":"https:\/\/www.fatosefotosnews.com.br\/gefron-divulga-resultados-operacionais-de-janeiro-a-maio-de-2025\/"},"modified":"2025-06-02T17:01:56","modified_gmt":"2025-06-02T20:01:56","slug":"gefron-divulga-resultados-operacionais-de-janeiro-a-maio-de-2025","status":"publish","type":"post","link":"https:\/\/www.fatosefotosnews.com.br\/?p=126702","title":{"rendered":"Gefron divulga resultados operacionais de janeiro a maio de 2025"},"content":{"rendered":"<div id=\"infocoweb\" data-uuid=\"6e34ed43-8f63-4892-a19e-e7d9dcef5507\" class=\"infocoweb infocoweb_canal_272\">\n<div id=\"infocoweb_cabecalho\" class=\"infocoweb_cabecalho\"><\/div>\n<div id=\"infocoweb_corpo\" class=\"infocoweb_corpo\">\n<p><span style=\"font-weight: 400\">Com objetivo de fortalecer a seguran\u00e7a no estado, a Secretaria de Estado de Justi\u00e7a e Seguran\u00e7a P\u00fablica do Acre (Sejusp), por meio do Grupo Especial de Opera\u00e7\u00e3o em Fronteira (Gefron), <\/span><span style=\"font-weight: 400\">divulgou <\/span><span style=\"font-weight: 400\">o relat\u00f3rio de atividades operacionais de janeiro a maio de 2025.\u00a0<\/span><\/p>\n<figure id=\"attachment_839318\" aria-describedby=\"caption-attachment-839318\" style=\"width: 800px\" class=\"wp-caption aligncenter\"><img fetchpriority=\"high\" decoding=\"async\" data-lazyloaded=\"1\" src=\"image\/svg+xml;base64,PHN2ZyB4bWxucz0iaHR0cDovL3d3dy53My5vcmcvMjAwMC9zdmciIHdpZHRoPSI4MDAiIGhlaWdodD0iNTM0IiB2aWV3Qm94PSIwIDAgODAwIDUzNCI+PHJlY3Qgd2lkdGg9IjEwMCUiIGhlaWdodD0iMTAwJSIgc3R5bGU9ImZpbGw6I2NmZDRkYjtmaWxsLW9wYWNpdHk6IDAuMTsiLz48L3N2Zz4=\" data-attachment-id=\"839318\" data-permalink=\"https:\/\/agencia.ac.gov.br\/gefron-divulga-resultados-operacionais-de-janeiro-a-maio-de-2025\/gefron-patrulhamento-em-czs_dharcules-pinheiro-114\/\" data-orig-file=\"https:\/\/agencia.ac.gov.br\/wp-content\/uploads\/2025\/06\/Gefron-patrulhamento-em-CZS_Dharcules-Pinheiro-114-scaled.jpg\" data-orig-size=\"2560,1707\" data-comments-opened=\"0\" data-image-meta='{\"aperture\":\"3.2\",\"credit\":\"\",\"camera\":\"Canon EOS 6D\",\"caption\":\"\",\"created_timestamp\":\"1743792953\",\"copyright\":\"\",\"focal_length\":\"140\",\"iso\":\"250\",\"shutter_speed\":\"0.0004\",\"title\":\"\",\"orientation\":\"1\"}' data-image-title=\"\" data-image-description=\"\" data-image-caption=\"\" data-medium-file=\"https:\/\/agencia.ac.gov.br\/wp-content\/uploads\/2025\/06\/Gefron-patrulhamento-em-CZS_Dharcules-Pinheiro-114-300x200.jpg\" data-large-file=\"https:\/\/agencia.ac.gov.br\/wp-content\/uploads\/2025\/06\/Gefron-patrulhamento-em-CZS_Dharcules-Pinheiro-114-1024x683.jpg\" class=\"wp-image-839318 size-large\" alt=\"\" width=\"800\" height=\"534\" data-srcset=\"https:\/\/agencia.ac.gov.br\/wp-content\/uploads\/2025\/06\/Gefron-patrulhamento-em-CZS_Dharcules-Pinheiro-114-1024x683.jpg 1024w, https:\/\/agencia.ac.gov.br\/wp-content\/uploads\/2025\/06\/Gefron-patrulhamento-em-CZS_Dharcules-Pinheiro-114-300x200.jpg 300w, https:\/\/agencia.ac.gov.br\/wp-content\/uploads\/2025\/06\/Gefron-patrulhamento-em-CZS_Dharcules-Pinheiro-114-768x512.jpg 768w, https:\/\/agencia.ac.gov.br\/wp-content\/uploads\/2025\/06\/Gefron-patrulhamento-em-CZS_Dharcules-Pinheiro-114-1536x1024.jpg 1536w, https:\/\/agencia.ac.gov.br\/wp-content\/uploads\/2025\/06\/Gefron-patrulhamento-em-CZS_Dharcules-Pinheiro-114-2048x1365.jpg 2048w\" data-sizes=\"(max-width: 800px) 100vw, 800px\"><figcaption id=\"caption-attachment-839318\" class=\"wp-caption-text\">Grupo Especial de Opera\u00e7\u00e3o em Fronteira divulgou relat\u00f3rio de atividades operacionais de janeiro a maio de 2025. Foto: Dharcules Pinheiro\/Sejusp<\/figcaption><\/figure>\n<p><span style=\"font-weight: 400\">O titular da Sejusp, Jos\u00e9 Am\u00e9rico Gaia, destaca a import\u00e2ncia do Gefron em suas opera\u00e7\u00f5es. \u201cEsses n\u00fameros s\u00e3o resultado do comprometimento e da efici\u00eancia das nossas for\u00e7as de seguran\u00e7a em combater a criminalidade na regi\u00e3o. A colabora\u00e7\u00e3o entre as equipes reflete nosso objetivo de proteger a popula\u00e7\u00e3o e criar um ambiente mais seguro em nosso estado. Vamos continuar investindo em estrat\u00e9gias inovadoras e fortalecendo a parceria entre os \u00f3rg\u00e3os de seguran\u00e7a p\u00fablica, para avan\u00e7ar ainda mais na luta contra o crime em nossas fronteiras\u201d, afirma.<\/span><\/p>\n<figure id=\"attachment_839320\" aria-describedby=\"caption-attachment-839320\" style=\"width: 800px\" class=\"wp-caption aligncenter\"><img decoding=\"async\" data-lazyloaded=\"1\" src=\"image\/svg+xml;base64,PHN2ZyB4bWxucz0iaHR0cDovL3d3dy53My5vcmcvMjAwMC9zdmciIHdpZHRoPSI4MDAiIGhlaWdodD0iNTM0IiB2aWV3Qm94PSIwIDAgODAwIDUzNCI+PHJlY3Qgd2lkdGg9IjEwMCUiIGhlaWdodD0iMTAwJSIgc3R5bGU9ImZpbGw6I2NmZDRkYjtmaWxsLW9wYWNpdHk6IDAuMTsiLz48L3N2Zz4=\" data-attachment-id=\"839320\" data-permalink=\"https:\/\/agencia.ac.gov.br\/gefron-divulga-resultados-operacionais-de-janeiro-a-maio-de-2025\/cel-gaia_dharcules-pinheiro-11-2\/\" data-orig-file=\"https:\/\/agencia.ac.gov.br\/wp-content\/uploads\/2025\/06\/Cel-Gaia_Dharcules-Pinheiro-11-scaled.jpg\" data-orig-size=\"2560,1707\" data-comments-opened=\"0\" data-image-meta='{\"aperture\":\"3.2\",\"credit\":\"\",\"camera\":\"Canon EOS 6D\",\"caption\":\"\",\"created_timestamp\":\"1747656765\",\"copyright\":\"\",\"focal_length\":\"200\",\"iso\":\"1600\",\"shutter_speed\":\"0.008\",\"title\":\"\",\"orientation\":\"1\"}' data-image-title=\"Cel Gaia_Dh\u00e1rcules Pinheiro (11)\" data-image-description=\"\" data-image-caption=\"\" data-medium-file=\"https:\/\/agencia.ac.gov.br\/wp-content\/uploads\/2025\/06\/Cel-Gaia_Dharcules-Pinheiro-11-300x200.jpg\" data-large-file=\"https:\/\/agencia.ac.gov.br\/wp-content\/uploads\/2025\/06\/Cel-Gaia_Dharcules-Pinheiro-11-1024x683.jpg\" class=\"wp-image-839320 size-large\" alt=\"\" width=\"800\" height=\"534\" data-srcset=\"https:\/\/agencia.ac.gov.br\/wp-content\/uploads\/2025\/06\/Cel-Gaia_Dharcules-Pinheiro-11-1024x683.jpg 1024w, https:\/\/agencia.ac.gov.br\/wp-content\/uploads\/2025\/06\/Cel-Gaia_Dharcules-Pinheiro-11-300x200.jpg 300w, https:\/\/agencia.ac.gov.br\/wp-content\/uploads\/2025\/06\/Cel-Gaia_Dharcules-Pinheiro-11-768x512.jpg 768w, https:\/\/agencia.ac.gov.br\/wp-content\/uploads\/2025\/06\/Cel-Gaia_Dharcules-Pinheiro-11-1536x1024.jpg 1536w, https:\/\/agencia.ac.gov.br\/wp-content\/uploads\/2025\/06\/Cel-Gaia_Dharcules-Pinheiro-11-2048x1365.jpg 2048w\" data-sizes=\"(max-width: 800px) 100vw, 800px\"><figcaption id=\"caption-attachment-839320\" class=\"wp-caption-text\">Secret\u00e1rio de Estado de Justi\u00e7a e Seguran\u00e7a P\u00fablica, Jos\u00e9 Am\u00e9rico Gaia, destaca a import\u00e2ncia do Gefron em suas opera\u00e7\u00f5es. Foto: Dharcules Pinheiro\/Sejusp<\/figcaption><\/figure>\n<p><span style=\"font-weight: 400\">Foram registradas 79 ocorr\u00eancias no total; 18 relacionadas a tr\u00e1fico de drogas e 39 a contrabando. Al\u00e9m de 47 mil ma\u00e7os de cigarro, da apreens\u00e3o de 250 kg de drogas e 26 ve\u00edculos, entre apreendidos e recuperados.<\/span>\u00a0As opera\u00e7\u00f5es tamb\u00e9m contaram com a participa\u00e7\u00e3o de equipes especializadas, que realizaram buscas em pontos estrat\u00e9gicos da cidade.<\/p>\n<figure id=\"attachment_839324\" aria-describedby=\"caption-attachment-839324\" style=\"width: 800px\" class=\"wp-caption aligncenter\"><img decoding=\"async\" data-lazyloaded=\"1\" src=\"image\/svg+xml;base64,PHN2ZyB4bWxucz0iaHR0cDovL3d3dy53My5vcmcvMjAwMC9zdmciIHdpZHRoPSI4MDAiIGhlaWdodD0iNTM0IiB2aWV3Qm94PSIwIDAgODAwIDUzNCI+PHJlY3Qgd2lkdGg9IjEwMCUiIGhlaWdodD0iMTAwJSIgc3R5bGU9ImZpbGw6I2NmZDRkYjtmaWxsLW9wYWNpdHk6IDAuMTsiLz48L3N2Zz4=\" data-attachment-id=\"839324\" data-permalink=\"https:\/\/agencia.ac.gov.br\/gefron-divulga-resultados-operacionais-de-janeiro-a-maio-de-2025\/cel-assis-gefron_dharcules-pinheiro-5\/\" data-orig-file=\"https:\/\/agencia.ac.gov.br\/wp-content\/uploads\/2025\/06\/Cel-Assis-Gefron_Dharcules-Pinheiro-5-scaled.jpg\" data-orig-size=\"2560,1707\" data-comments-opened=\"0\" data-image-meta='{\"aperture\":\"4.5\",\"credit\":\"\",\"camera\":\"Canon EOS 6D\",\"caption\":\"\",\"created_timestamp\":\"1743790385\",\"copyright\":\"\",\"focal_length\":\"70\",\"iso\":\"200\",\"shutter_speed\":\"0.0008\",\"title\":\"\",\"orientation\":\"1\"}' data-image-title=\"Cel Assis (Gefron)_Dh\u00e1rcules Pinheiro 5\" data-image-description=\"\" data-image-caption=\"\n\n<p>Foto: Dharcules Pinheiro\/Sejusp<\/p>\n<p> &#8221; data-medium-file=&#8221;https:\/\/agencia.ac.gov.br\/wp-content\/uploads\/2025\/06\/Cel-Assis-Gefron_Dharcules-Pinheiro-5-300&#215;200.jpg&#8221; data-large-file=&#8221;https:\/\/agencia.ac.gov.br\/wp-content\/uploads\/2025\/06\/Cel-Assis-Gefron_Dharcules-Pinheiro-5-1024&#215;683.jpg&#8221; class=&#8221;wp-image-839324 size-large&#8221; alt=&#8221;&#8221; width=&#8221;800&#8243; height=&#8221;534&#8243; data-srcset=&#8221;https:\/\/agencia.ac.gov.br\/wp-content\/uploads\/2025\/06\/Cel-Assis-Gefron_Dharcules-Pinheiro-5-1024&#215;683.jpg 1024w, https:\/\/agencia.ac.gov.br\/wp-content\/uploads\/2025\/06\/Cel-Assis-Gefron_Dharcules-Pinheiro-5-300&#215;200.jpg 300w, https:\/\/agencia.ac.gov.br\/wp-content\/uploads\/2025\/06\/Cel-Assis-Gefron_Dharcules-Pinheiro-5-768&#215;512.jpg 768w, https:\/\/agencia.ac.gov.br\/wp-content\/uploads\/2025\/06\/Cel-Assis-Gefron_Dharcules-Pinheiro-5-1536&#215;1024.jpg 1536w, https:\/\/agencia.ac.gov.br\/wp-content\/uploads\/2025\/06\/Cel-Assis-Gefron_Dharcules-Pinheiro-5-2048&#215;1365.jpg 2048w&#8221; data-sizes=&#8221;(max-width: 800px) 100vw, 800px&#8221;><figcaption id=\"caption-attachment-839324\" class=\"wp-caption-text\">Resultado positivo das opera\u00e7\u00f5es \u00e9 resultado do esfor\u00e7o conjunto de toda a equipe, mostrando a efic\u00e1cia das a\u00e7\u00f5es no combate \u00e0 criminalidade. Foto: Dharcules Pinheiro\/Sejusp<\/figcaption><\/figure>\n<p><span style=\"font-weight: 400\">O coordenador do Gefron, Assis dos Santos, observa que o resultado positivo das opera\u00e7\u00f5es \u00e9 resultado do esfor\u00e7o conjunto de toda a equipe, mostrando a efic\u00e1cia das a\u00e7\u00f5es no combate \u00e0 criminalidade. \u201cVamos continuar trabalhando para proteger a sociedade das atividades il\u00edcitas em nossa regi\u00e3o. Nossa miss\u00e3o \u00e9 garantir a seguran\u00e7a e a tranquilidade da popula\u00e7\u00e3o, e estamos comprometidos em alcan\u00e7ar esse objetivo\u201d, diz.<\/span><\/p>\n<div data-carousel-extra='{\"blog_id\":1,\"permalink\":\"https:\/\/agencia.ac.gov.br\/gefron-divulga-resultados-operacionais-de-janeiro-a-maio-de-2025\/\"}' id=\"gallery-1\" class=\"gallery galleryid-839312 gallery-columns-3 gallery-size-medium\">\n<figure class=\"gallery-item\">\n<div class=\"gallery-icon landscape\"> <a href=\"https:\/\/agencia.ac.gov.br\/wp-content\/uploads\/2025\/06\/Gefron-patrulhamento-Cidade-do-Povo-2025_Dharcules-Pinheiro-3-scaled.jpg\"><img decoding=\"async\" data-lazyloaded=\"1\" src=\"image\/svg+xml;base64,PHN2ZyB4bWxucz0iaHR0cDovL3d3dy53My5vcmcvMjAwMC9zdmciIHdpZHRoPSIzMDAiIGhlaWdodD0iMjAwIiB2aWV3Qm94PSIwIDAgMzAwIDIwMCI+PHJlY3Qgd2lkdGg9IjEwMCUiIGhlaWdodD0iMTAwJSIgc3R5bGU9ImZpbGw6I2NmZDRkYjtmaWxsLW9wYWNpdHk6IDAuMTsiLz48L3N2Zz4=\" width=\"300\" height=\"200\" class=\"attachment-medium size-medium\" alt=\"\" aria-describedby=\"gallery-1-839322\" data-srcset=\"https:\/\/agencia.ac.gov.br\/wp-content\/uploads\/2025\/06\/Gefron-patrulhamento-Cidade-do-Povo-2025_Dharcules-Pinheiro-3-300x200.jpg 300w, https:\/\/agencia.ac.gov.br\/wp-content\/uploads\/2025\/06\/Gefron-patrulhamento-Cidade-do-Povo-2025_Dharcules-Pinheiro-3-1024x683.jpg 1024w, https:\/\/agencia.ac.gov.br\/wp-content\/uploads\/2025\/06\/Gefron-patrulhamento-Cidade-do-Povo-2025_Dharcules-Pinheiro-3-768x512.jpg 768w, https:\/\/agencia.ac.gov.br\/wp-content\/uploads\/2025\/06\/Gefron-patrulhamento-Cidade-do-Povo-2025_Dharcules-Pinheiro-3-1536x1024.jpg 1536w, https:\/\/agencia.ac.gov.br\/wp-content\/uploads\/2025\/06\/Gefron-patrulhamento-Cidade-do-Povo-2025_Dharcules-Pinheiro-3-2048x1365.jpg 2048w\" data-sizes=\"(max-width: 300px) 100vw, 300px\" loading=\"eager\" data-attachment-id=\"839322\" data-permalink=\"https:\/\/agencia.ac.gov.br\/gefron-divulga-resultados-operacionais-de-janeiro-a-maio-de-2025\/gefron-patrulhamento-cidade-do-povo-2025_dharcules-pinheiro-3\/\" data-orig-file=\"https:\/\/agencia.ac.gov.br\/wp-content\/uploads\/2025\/06\/Gefron-patrulhamento-Cidade-do-Povo-2025_Dharcules-Pinheiro-3-scaled.jpg\" data-orig-size=\"2560,1707\" data-comments-opened=\"0\" data-image-meta='{\"aperture\":\"2.8\",\"credit\":\"\",\"camera\":\"Canon EOS 6D\",\"caption\":\"\",\"created_timestamp\":\"1743288790\",\"copyright\":\"\",\"focal_length\":\"95\",\"iso\":\"1600\",\"shutter_speed\":\"0.025\",\"title\":\"\",\"orientation\":\"1\"}' data-image-title=\"Gefron patrulhamento Cidade do Povo 2025_Dh\u00e1rcules Pinheiro 3\" data-image-description=\"\" data-image-caption=\"\n\n<p>Foto: Dharcules Pinheiro\/Sejusp<\/p>\n<p> &#8221; data-medium-file=&#8221;https:\/\/agencia.ac.gov.br\/wp-content\/uploads\/2025\/06\/Gefron-patrulhamento-Cidade-do-Povo-2025_Dharcules-Pinheiro-3-300&#215;200.jpg&#8221; data-large-file=&#8221;https:\/\/agencia.ac.gov.br\/wp-content\/uploads\/2025\/06\/Gefron-patrulhamento-Cidade-do-Povo-2025_Dharcules-Pinheiro-3-1024&#215;683.jpg&#8221;><\/a><\/div><figcaption class=\"wp-caption-text gallery-caption\" id=\"gallery-1-839322\"> Foto: Dharcules Pinheiro\/Sejusp<\/figcaption><\/figure>\n<figure class=\"gallery-item\">\n<div class=\"gallery-icon landscape\"> <a href=\"https:\/\/agencia.ac.gov.br\/wp-content\/uploads\/2025\/06\/Gefron-patrulhamento-Cidade-do-Povo-2025_Dharcules-Pinheiro-4-scaled.jpg\"><img decoding=\"async\" data-lazyloaded=\"1\" src=\"image\/svg+xml;base64,PHN2ZyB4bWxucz0iaHR0cDovL3d3dy53My5vcmcvMjAwMC9zdmciIHdpZHRoPSIzMDAiIGhlaWdodD0iMjAwIiB2aWV3Qm94PSIwIDAgMzAwIDIwMCI+PHJlY3Qgd2lkdGg9IjEwMCUiIGhlaWdodD0iMTAwJSIgc3R5bGU9ImZpbGw6I2NmZDRkYjtmaWxsLW9wYWNpdHk6IDAuMTsiLz48L3N2Zz4=\" width=\"300\" height=\"200\" class=\"attachment-medium size-medium\" alt=\"\" aria-describedby=\"gallery-1-839321\" data-srcset=\"https:\/\/agencia.ac.gov.br\/wp-content\/uploads\/2025\/06\/Gefron-patrulhamento-Cidade-do-Povo-2025_Dharcules-Pinheiro-4-300x200.jpg 300w, https:\/\/agencia.ac.gov.br\/wp-content\/uploads\/2025\/06\/Gefron-patrulhamento-Cidade-do-Povo-2025_Dharcules-Pinheiro-4-1024x683.jpg 1024w, https:\/\/agencia.ac.gov.br\/wp-content\/uploads\/2025\/06\/Gefron-patrulhamento-Cidade-do-Povo-2025_Dharcules-Pinheiro-4-768x512.jpg 768w, https:\/\/agencia.ac.gov.br\/wp-content\/uploads\/2025\/06\/Gefron-patrulhamento-Cidade-do-Povo-2025_Dharcules-Pinheiro-4-1536x1024.jpg 1536w, https:\/\/agencia.ac.gov.br\/wp-content\/uploads\/2025\/06\/Gefron-patrulhamento-Cidade-do-Povo-2025_Dharcules-Pinheiro-4-2048x1365.jpg 2048w\" data-sizes=\"(max-width: 300px) 100vw, 300px\" loading=\"eager\" data-attachment-id=\"839321\" data-permalink=\"https:\/\/agencia.ac.gov.br\/gefron-divulga-resultados-operacionais-de-janeiro-a-maio-de-2025\/gefron-patrulhamento-cidade-do-povo-2025_dharcules-pinheiro-4\/\" data-orig-file=\"https:\/\/agencia.ac.gov.br\/wp-content\/uploads\/2025\/06\/Gefron-patrulhamento-Cidade-do-Povo-2025_Dharcules-Pinheiro-4-scaled.jpg\" data-orig-size=\"2560,1707\" data-comments-opened=\"0\" data-image-meta='{\"aperture\":\"2.8\",\"credit\":\"\",\"camera\":\"Canon EOS 6D\",\"caption\":\"\",\"created_timestamp\":\"1743289115\",\"copyright\":\"\",\"focal_length\":\"90\",\"iso\":\"1600\",\"shutter_speed\":\"0.025\",\"title\":\"\",\"orientation\":\"1\"}' data-image-title=\"Gefron patrulhamento Cidade do Povo 2025_Dh\u00e1rcules Pinheiro 4\" data-image-description=\"\" data-image-caption=\"\n\n<p>Foto: Dharcules Pinheiro\/Sejusp<\/p>\n<p> &#8221; data-medium-file=&#8221;https:\/\/agencia.ac.gov.br\/wp-content\/uploads\/2025\/06\/Gefron-patrulhamento-Cidade-do-Povo-2025_Dharcules-Pinheiro-4-300&#215;200.jpg&#8221; data-large-file=&#8221;https:\/\/agencia.ac.gov.br\/wp-content\/uploads\/2025\/06\/Gefron-patrulhamento-Cidade-do-Povo-2025_Dharcules-Pinheiro-4-1024&#215;683.jpg&#8221;><\/a><\/div><figcaption class=\"wp-caption-text gallery-caption\" id=\"gallery-1-839321\"> Foto: Dharcules Pinheiro\/Sejusp<\/figcaption><\/figure>\n<figure class=\"gallery-item\">\n<div class=\"gallery-icon landscape\"> <a href=\"https:\/\/agencia.ac.gov.br\/wp-content\/uploads\/2025\/06\/Gefron-patrulhamento-Cidade-do-Povo-2025_Dharcules-Pinheiro-2-scaled.jpg\"><img decoding=\"async\" data-lazyloaded=\"1\" src=\"image\/svg+xml;base64,PHN2ZyB4bWxucz0iaHR0cDovL3d3dy53My5vcmcvMjAwMC9zdmciIHdpZHRoPSIzMDAiIGhlaWdodD0iMjAwIiB2aWV3Qm94PSIwIDAgMzAwIDIwMCI+PHJlY3Qgd2lkdGg9IjEwMCUiIGhlaWdodD0iMTAwJSIgc3R5bGU9ImZpbGw6I2NmZDRkYjtmaWxsLW9wYWNpdHk6IDAuMTsiLz48L3N2Zz4=\" width=\"300\" height=\"200\" class=\"attachment-medium size-medium\" alt=\"\" aria-describedby=\"gallery-1-839323\" data-srcset=\"https:\/\/agencia.ac.gov.br\/wp-content\/uploads\/2025\/06\/Gefron-patrulhamento-Cidade-do-Povo-2025_Dharcules-Pinheiro-2-300x200.jpg 300w, https:\/\/agencia.ac.gov.br\/wp-content\/uploads\/2025\/06\/Gefron-patrulhamento-Cidade-do-Povo-2025_Dharcules-Pinheiro-2-1024x683.jpg 1024w, https:\/\/agencia.ac.gov.br\/wp-content\/uploads\/2025\/06\/Gefron-patrulhamento-Cidade-do-Povo-2025_Dharcules-Pinheiro-2-768x512.jpg 768w, https:\/\/agencia.ac.gov.br\/wp-content\/uploads\/2025\/06\/Gefron-patrulhamento-Cidade-do-Povo-2025_Dharcules-Pinheiro-2-1536x1024.jpg 1536w, https:\/\/agencia.ac.gov.br\/wp-content\/uploads\/2025\/06\/Gefron-patrulhamento-Cidade-do-Povo-2025_Dharcules-Pinheiro-2-2048x1365.jpg 2048w\" data-sizes=\"(max-width: 300px) 100vw, 300px\" loading=\"eager\" data-attachment-id=\"839323\" data-permalink=\"https:\/\/agencia.ac.gov.br\/gefron-divulga-resultados-operacionais-de-janeiro-a-maio-de-2025\/gefron-patrulhamento-cidade-do-povo-2025_dharcules-pinheiro-2\/\" data-orig-file=\"https:\/\/agencia.ac.gov.br\/wp-content\/uploads\/2025\/06\/Gefron-patrulhamento-Cidade-do-Povo-2025_Dharcules-Pinheiro-2-scaled.jpg\" data-orig-size=\"2560,1707\" data-comments-opened=\"0\" data-image-meta='{\"aperture\":\"2.8\",\"credit\":\"\",\"camera\":\"Canon EOS 6D\",\"caption\":\"\",\"created_timestamp\":\"1743288464\",\"copyright\":\"\",\"focal_length\":\"70\",\"iso\":\"1600\",\"shutter_speed\":\"0.02\",\"title\":\"\",\"orientation\":\"1\"}' data-image-title=\"Gefron patrulhamento Cidade do Povo 2025_Dh\u00e1rcules Pinheiro 2\" data-image-description=\"\" data-image-caption=\"\n\n<p>Foto: Dharcules Pinheiro\/Sejusp<\/p>\n<p> &#8221; data-medium-file=&#8221;https:\/\/agencia.ac.gov.br\/wp-content\/uploads\/2025\/06\/Gefron-patrulhamento-Cidade-do-Povo-2025_Dharcules-Pinheiro-2-300&#215;200.jpg&#8221; data-large-file=&#8221;https:\/\/agencia.ac.gov.br\/wp-content\/uploads\/2025\/06\/Gefron-patrulhamento-Cidade-do-Povo-2025_Dharcules-Pinheiro-2-1024&#215;683.jpg&#8221;><\/a><\/div><figcaption class=\"wp-caption-text gallery-caption\" id=\"gallery-1-839323\"> Foto: Dharcules Pinheiro\/Sejusp<\/figcaption><\/figure>\n<figure class=\"gallery-item\">\n<div class=\"gallery-icon landscape\"> <a href=\"https:\/\/agencia.ac.gov.br\/wp-content\/uploads\/2025\/06\/Gefron-patrulhamento-em-CZS_Dharcules-Pinheiro-7-scaled.jpg\"><img decoding=\"async\" data-lazyloaded=\"1\" src=\"image\/svg+xml;base64,PHN2ZyB4bWxucz0iaHR0cDovL3d3dy53My5vcmcvMjAwMC9zdmciIHdpZHRoPSIzMDAiIGhlaWdodD0iMjAwIiB2aWV3Qm94PSIwIDAgMzAwIDIwMCI+PHJlY3Qgd2lkdGg9IjEwMCUiIGhlaWdodD0iMTAwJSIgc3R5bGU9ImZpbGw6I2NmZDRkYjtmaWxsLW9wYWNpdHk6IDAuMTsiLz48L3N2Zz4=\" width=\"300\" height=\"200\" class=\"attachment-medium size-medium\" alt=\"\" aria-describedby=\"gallery-1-839326\" data-srcset=\"https:\/\/agencia.ac.gov.br\/wp-content\/uploads\/2025\/06\/Gefron-patrulhamento-em-CZS_Dharcules-Pinheiro-7-300x200.jpg 300w, https:\/\/agencia.ac.gov.br\/wp-content\/uploads\/2025\/06\/Gefron-patrulhamento-em-CZS_Dharcules-Pinheiro-7-1024x683.jpg 1024w, https:\/\/agencia.ac.gov.br\/wp-content\/uploads\/2025\/06\/Gefron-patrulhamento-em-CZS_Dharcules-Pinheiro-7-768x512.jpg 768w, https:\/\/agencia.ac.gov.br\/wp-content\/uploads\/2025\/06\/Gefron-patrulhamento-em-CZS_Dharcules-Pinheiro-7-1536x1024.jpg 1536w, https:\/\/agencia.ac.gov.br\/wp-content\/uploads\/2025\/06\/Gefron-patrulhamento-em-CZS_Dharcules-Pinheiro-7-2048x1365.jpg 2048w\" data-sizes=\"(max-width: 300px) 100vw, 300px\" loading=\"eager\" data-attachment-id=\"839326\" data-permalink=\"https:\/\/agencia.ac.gov.br\/gefron-divulga-resultados-operacionais-de-janeiro-a-maio-de-2025\/gefron-patrulhamento-em-czs_dharcules-pinheiro-7\/\" data-orig-file=\"https:\/\/agencia.ac.gov.br\/wp-content\/uploads\/2025\/06\/Gefron-patrulhamento-em-CZS_Dharcules-Pinheiro-7-scaled.jpg\" data-orig-size=\"2560,1707\" data-comments-opened=\"0\" data-image-meta='{\"aperture\":\"3.2\",\"credit\":\"\",\"camera\":\"Canon EOS 6D\",\"caption\":\"\",\"created_timestamp\":\"1743793093\",\"copyright\":\"\",\"focal_length\":\"70\",\"iso\":\"250\",\"shutter_speed\":\"0.0008\",\"title\":\"\",\"orientation\":\"1\"}' data-image-title=\"Gefron patrulhamento em CZS_Dh\u00e1rcules Pinheiro 7\" data-image-description=\"\" data-image-caption=\"\n\n<p>Foto: Dharcules Pinheiro\/Sejusp<\/p>\n<p> &#8221; data-medium-file=&#8221;https:\/\/agencia.ac.gov.br\/wp-content\/uploads\/2025\/06\/Gefron-patrulhamento-em-CZS_Dharcules-Pinheiro-7-300&#215;200.jpg&#8221; data-large-file=&#8221;https:\/\/agencia.ac.gov.br\/wp-content\/uploads\/2025\/06\/Gefron-patrulhamento-em-CZS_Dharcules-Pinheiro-7-1024&#215;683.jpg&#8221;><\/a><\/div><figcaption class=\"wp-caption-text gallery-caption\" id=\"gallery-1-839326\"> Foto: Dharcules Pinheiro\/Sejusp<\/figcaption><\/figure>\n<figure class=\"gallery-item\">\n<div class=\"gallery-icon landscape\"> <a href=\"https:\/\/agencia.ac.gov.br\/wp-content\/uploads\/2025\/06\/Cel-Assis-Gefron_Dharcules-Pinheiro-5-scaled.jpg\"><img decoding=\"async\" data-lazyloaded=\"1\" src=\"image\/svg+xml;base64,PHN2ZyB4bWxucz0iaHR0cDovL3d3dy53My5vcmcvMjAwMC9zdmciIHdpZHRoPSIzMDAiIGhlaWdodD0iMjAwIiB2aWV3Qm94PSIwIDAgMzAwIDIwMCI+PHJlY3Qgd2lkdGg9IjEwMCUiIGhlaWdodD0iMTAwJSIgc3R5bGU9ImZpbGw6I2NmZDRkYjtmaWxsLW9wYWNpdHk6IDAuMTsiLz48L3N2Zz4=\" width=\"300\" height=\"200\" class=\"attachment-medium size-medium\" alt=\"\" aria-describedby=\"gallery-1-839324\" data-srcset=\"https:\/\/agencia.ac.gov.br\/wp-content\/uploads\/2025\/06\/Cel-Assis-Gefron_Dharcules-Pinheiro-5-300x200.jpg 300w, https:\/\/agencia.ac.gov.br\/wp-content\/uploads\/2025\/06\/Cel-Assis-Gefron_Dharcules-Pinheiro-5-1024x683.jpg 1024w, https:\/\/agencia.ac.gov.br\/wp-content\/uploads\/2025\/06\/Cel-Assis-Gefron_Dharcules-Pinheiro-5-768x512.jpg 768w, https:\/\/agencia.ac.gov.br\/wp-content\/uploads\/2025\/06\/Cel-Assis-Gefron_Dharcules-Pinheiro-5-1536x1024.jpg 1536w, https:\/\/agencia.ac.gov.br\/wp-content\/uploads\/2025\/06\/Cel-Assis-Gefron_Dharcules-Pinheiro-5-2048x1365.jpg 2048w\" data-sizes=\"(max-width: 300px) 100vw, 300px\" loading=\"eager\" data-attachment-id=\"839324\" data-permalink=\"https:\/\/agencia.ac.gov.br\/gefron-divulga-resultados-operacionais-de-janeiro-a-maio-de-2025\/cel-assis-gefron_dharcules-pinheiro-5\/\" data-orig-file=\"https:\/\/agencia.ac.gov.br\/wp-content\/uploads\/2025\/06\/Cel-Assis-Gefron_Dharcules-Pinheiro-5-scaled.jpg\" data-orig-size=\"2560,1707\" data-comments-opened=\"0\" data-image-meta='{\"aperture\":\"4.5\",\"credit\":\"\",\"camera\":\"Canon EOS 6D\",\"caption\":\"\",\"created_timestamp\":\"1743790385\",\"copyright\":\"\",\"focal_length\":\"70\",\"iso\":\"200\",\"shutter_speed\":\"0.0008\",\"title\":\"\",\"orientation\":\"1\"}' data-image-title=\"Cel Assis (Gefron)_Dh\u00e1rcules Pinheiro 5\" data-image-description=\"\" data-image-caption=\"\n\n<p>Foto: Dharcules Pinheiro\/Sejusp<\/p>\n<p> &#8221; data-medium-file=&#8221;https:\/\/agencia.ac.gov.br\/wp-content\/uploads\/2025\/06\/Cel-Assis-Gefron_Dharcules-Pinheiro-5-300&#215;200.jpg&#8221; data-large-file=&#8221;https:\/\/agencia.ac.gov.br\/wp-content\/uploads\/2025\/06\/Cel-Assis-Gefron_Dharcules-Pinheiro-5-1024&#215;683.jpg&#8221;><\/a><\/div><figcaption class=\"wp-caption-text gallery-caption\" id=\"gallery-1-839324\"> Foto: Dharcules Pinheiro\/Sejusp<\/figcaption><\/figure>\n<figure class=\"gallery-item\">\n<div class=\"gallery-icon landscape\"> <a href=\"https:\/\/agencia.ac.gov.br\/wp-content\/uploads\/2025\/06\/Gefron-patrulhamento-em-CZS_Dharcules-Pinheiro-2-scaled.jpg\"><img decoding=\"async\" data-lazyloaded=\"1\" src=\"image\/svg+xml;base64,PHN2ZyB4bWxucz0iaHR0cDovL3d3dy53My5vcmcvMjAwMC9zdmciIHdpZHRoPSIzMDAiIGhlaWdodD0iMjAwIiB2aWV3Qm94PSIwIDAgMzAwIDIwMCI+PHJlY3Qgd2lkdGg9IjEwMCUiIGhlaWdodD0iMTAwJSIgc3R5bGU9ImZpbGw6I2NmZDRkYjtmaWxsLW9wYWNpdHk6IDAuMTsiLz48L3N2Zz4=\" width=\"300\" height=\"200\" class=\"attachment-medium size-medium\" alt=\"\" aria-describedby=\"gallery-1-839325\" data-srcset=\"https:\/\/agencia.ac.gov.br\/wp-content\/uploads\/2025\/06\/Gefron-patrulhamento-em-CZS_Dharcules-Pinheiro-2-300x200.jpg 300w, https:\/\/agencia.ac.gov.br\/wp-content\/uploads\/2025\/06\/Gefron-patrulhamento-em-CZS_Dharcules-Pinheiro-2-1024x683.jpg 1024w, https:\/\/agencia.ac.gov.br\/wp-content\/uploads\/2025\/06\/Gefron-patrulhamento-em-CZS_Dharcules-Pinheiro-2-768x512.jpg 768w, https:\/\/agencia.ac.gov.br\/wp-content\/uploads\/2025\/06\/Gefron-patrulhamento-em-CZS_Dharcules-Pinheiro-2-1536x1024.jpg 1536w, https:\/\/agencia.ac.gov.br\/wp-content\/uploads\/2025\/06\/Gefron-patrulhamento-em-CZS_Dharcules-Pinheiro-2-2048x1365.jpg 2048w\" data-sizes=\"(max-width: 300px) 100vw, 300px\" loading=\"eager\" data-attachment-id=\"839325\" data-permalink=\"https:\/\/agencia.ac.gov.br\/gefron-divulga-resultados-operacionais-de-janeiro-a-maio-de-2025\/gefron-patrulhamento-em-czs_dharcules-pinheiro-2\/\" data-orig-file=\"https:\/\/agencia.ac.gov.br\/wp-content\/uploads\/2025\/06\/Gefron-patrulhamento-em-CZS_Dharcules-Pinheiro-2-scaled.jpg\" data-orig-size=\"2560,1707\" data-comments-opened=\"0\" data-image-meta='{\"aperture\":\"3.2\",\"credit\":\"\",\"camera\":\"Canon EOS 6D\",\"caption\":\"\",\"created_timestamp\":\"1743793214\",\"copyright\":\"\",\"focal_length\":\"110\",\"iso\":\"250\",\"shutter_speed\":\"0.0003125\",\"title\":\"\",\"orientation\":\"1\"}' data-image-title=\"Gefron patrulhamento em CZS_Dh\u00e1rcules Pinheiro 2\" data-image-description=\"\" data-image-caption=\"\n\n<p>Foto: Dharcules Pinheiro\/Sejusp<\/p>\n<p> &#8221; data-medium-file=&#8221;https:\/\/agencia.ac.gov.br\/wp-content\/uploads\/2025\/06\/Gefron-patrulhamento-em-CZS_Dharcules-Pinheiro-2-300&#215;200.jpg&#8221; data-large-file=&#8221;https:\/\/agencia.ac.gov.br\/wp-content\/uploads\/2025\/06\/Gefron-patrulhamento-em-CZS_Dharcules-Pinheiro-2-1024&#215;683.jpg&#8221;><\/a><\/div><figcaption class=\"wp-caption-text gallery-caption\" id=\"gallery-1-839325\"> Foto: Dharcules Pinheiro\/Sejusp<\/figcaption><\/figure>\n<\/div>\n<p id=\"infocoweb_fonte\" class=\"infocoweb_fonte\">Fonte: <a target=\"_blank\" href=\"https:\/\/agencia.ac.gov.br\/gefron-divulga-resultados-operacionais-de-janeiro-a-maio-de-2025\/#6e34ed43-8f63-4892-a19e-e7d9dcef5507\">Governo AC<\/a><\/p>\n<\/div>\n<div id=\"infocoweb_rodape\" class=\"infocoweb_rodape\"><\/div>\n<\/div>\n<p><script src=\"https:\/\/noticia.infocoweb.com.br\/analytics.js?uuid=6e34ed43-8f63-4892-a19e-e7d9dcef5507\"><\/script><\/p>\n","protected":false},"excerpt":{"rendered":"<p>Com objetivo de fortalecer a seguran\u00e7a no estado, a Secretaria de Estado de Justi\u00e7a e Seguran\u00e7a P\u00fablica do Acre (Sejusp), por meio do Grupo Especial de Opera\u00e7\u00e3o em Fronteira (Gefron), divulgou o relat\u00f3rio de atividades operacionais de janeiro a maio de 2025.\u00a0 Grupo Especial de Opera\u00e7\u00e3o em Fronteira divulgou relat\u00f3rio de atividades operacionais de janeiro [&hellip;]<\/p>\n","protected":false},"author":5,"featured_media":126703,"comment_status":"","ping_status":"open","sticky":false,"template":"","format":"standard","meta":{"_acf_changed":false,"_angie_page":false,"_monsterinsights_skip_tracking":false,"_themeisle_gutenberg_block_has_review":false,"page_builder":"","footnotes":"","jetpack_publicize_message":"","jetpack_publicize_feature_enabled":true,"jetpack_social_post_already_shared":true,"jetpack_social_options":{"image_generator_settings":{"template":"highway","default_image_id":0,"font":"","enabled":false},"version":2}},"categories":[25307],"tags":[1534,26412,940,6771,6016],"class_list":["post-126702","post","type-post","status-publish","format-standard","has-post-thumbnail","hentry","category-acre","tag-divulga","tag-gefron","tag-janeiro","tag-operacionais","tag-resultados"],"acf":[],"nelio_content":{"autoShareEndMode":"never","automationSources":{"useCustomSentences":false,"customSentences":[]},"efiAlt":"","efiUrl":"","followers":[],"highlights":[],"isAutoShareEnabled":true,"networkImageIds":[],"permalinkQueryArgs":[],"series":[],"suggestedReferences":[]},"yoast_head":"<!-- This site is optimized with the Yoast SEO plugin v28.3 - https:\/\/yoast.com\/product\/yoast-seo-wordpress\/ -->\n<title>Gefron divulga resultados operacionais de janeiro a maio de 2025<\/title>\n<meta name=\"description\" content=\"Gefron divulga resultados operacionais de janeiro a maio de 2025\" \/>\n<meta name=\"robots\" content=\"index, follow, max-snippet:-1, max-image-preview:large, max-video-preview:-1\" \/>\n<link rel=\"canonical\" href=\"https:\/\/www.fatosefotosnews.com.br\/?p=126702\" \/>\n<meta property=\"og:locale\" content=\"pt_BR\" \/>\n<meta property=\"og:type\" content=\"article\" \/>\n<meta property=\"og:title\" content=\"Gefron divulga resultados operacionais de janeiro a maio de 2025\" \/>\n<meta property=\"og:description\" content=\"Gefron divulga resultados operacionais de janeiro a maio de 2025\" \/>\n<meta property=\"og:url\" content=\"https:\/\/www.fatosefotosnews.com.br\/?p=126702\" \/>\n<meta property=\"og:site_name\" content=\"Fatos e Fotos News\" \/>\n<meta property=\"article:published_time\" content=\"2025-06-02T20:01:56+00:00\" \/>\n<meta property=\"og:image\" content=\"https:\/\/www.fatosefotosnews.com.br\/wp-content\/uploads\/2025\/06\/5256c791c2cf673eb1214043697a01fd.jpeg\" \/>\n\t<meta property=\"og:image:width\" content=\"1024\" \/>\n\t<meta property=\"og:image:height\" content=\"683\" \/>\n\t<meta property=\"og:image:type\" content=\"image\/jpeg\" \/>\n<meta name=\"author\" content=\"Da Reda\u00e7\u00e3o\" \/>\n<meta name=\"twitter:card\" content=\"summary_large_image\" \/>\n<meta name=\"twitter:label1\" content=\"Escrito por\" \/>\n\t<meta name=\"twitter:data1\" content=\"Da Reda\u00e7\u00e3o\" \/>\n\t<meta name=\"twitter:label2\" content=\"Est. tempo de leitura\" \/>\n\t<meta name=\"twitter:data2\" content=\"99 minutos\" \/>\n<script type=\"application\/ld+json\" class=\"yoast-schema-graph\">{\"@context\":\"https:\\\/\\\/schema.org\",\"@graph\":[{\"@type\":\"Article\",\"@id\":\"https:\\\/\\\/www.fatosefotosnews.com.br\\\/?p=126702#article\",\"isPartOf\":{\"@id\":\"https:\\\/\\\/www.fatosefotosnews.com.br\\\/?p=126702\"},\"author\":{\"name\":\"Da Reda\u00e7\u00e3o\",\"@id\":\"https:\\\/\\\/www.fatosefotosnews.com.br\\\/#\\\/schema\\\/person\\\/3b80f81d08670fb1f6690e07eb8b5dc6\"},\"headline\":\"Gefron divulga resultados operacionais de janeiro a maio de 2025\",\"datePublished\":\"2025-06-02T20:01:56+00:00\",\"mainEntityOfPage\":{\"@id\":\"https:\\\/\\\/www.fatosefotosnews.com.br\\\/?p=126702\"},\"wordCount\":394,\"publisher\":{\"@id\":\"https:\\\/\\\/www.fatosefotosnews.com.br\\\/#organization\"},\"image\":{\"@id\":\"https:\\\/\\\/www.fatosefotosnews.com.br\\\/?p=126702#primaryimage\"},\"thumbnailUrl\":\"https:\\\/\\\/www.fatosefotosnews.com.br\\\/wp-content\\\/uploads\\\/2025\\\/06\\\/5256c791c2cf673eb1214043697a01fd.jpeg\",\"keywords\":[\"divulga\",\"gefron\",\"janeiro\",\"operacionais\",\"resultados\"],\"articleSection\":[\"Acre\"],\"inLanguage\":\"pt-BR\"},{\"@type\":\"WebPage\",\"@id\":\"https:\\\/\\\/www.fatosefotosnews.com.br\\\/?p=126702\",\"url\":\"https:\\\/\\\/www.fatosefotosnews.com.br\\\/?p=126702\",\"name\":\"Gefron divulga resultados operacionais de janeiro a maio de 2025\",\"isPartOf\":{\"@id\":\"https:\\\/\\\/www.fatosefotosnews.com.br\\\/#website\"},\"primaryImageOfPage\":{\"@id\":\"https:\\\/\\\/www.fatosefotosnews.com.br\\\/?p=126702#primaryimage\"},\"image\":{\"@id\":\"https:\\\/\\\/www.fatosefotosnews.com.br\\\/?p=126702#primaryimage\"},\"thumbnailUrl\":\"https:\\\/\\\/www.fatosefotosnews.com.br\\\/wp-content\\\/uploads\\\/2025\\\/06\\\/5256c791c2cf673eb1214043697a01fd.jpeg\",\"datePublished\":\"2025-06-02T20:01:56+00:00\",\"description\":\"Gefron divulga resultados operacionais de janeiro a maio de 2025\",\"breadcrumb\":{\"@id\":\"https:\\\/\\\/www.fatosefotosnews.com.br\\\/?p=126702#breadcrumb\"},\"inLanguage\":\"pt-BR\",\"potentialAction\":[{\"@type\":\"ReadAction\",\"target\":[\"https:\\\/\\\/www.fatosefotosnews.com.br\\\/?p=126702\"]}]},{\"@type\":\"ImageObject\",\"inLanguage\":\"pt-BR\",\"@id\":\"https:\\\/\\\/www.fatosefotosnews.com.br\\\/?p=126702#primaryimage\",\"url\":\"https:\\\/\\\/www.fatosefotosnews.com.br\\\/wp-content\\\/uploads\\\/2025\\\/06\\\/5256c791c2cf673eb1214043697a01fd.jpeg\",\"contentUrl\":\"https:\\\/\\\/www.fatosefotosnews.com.br\\\/wp-content\\\/uploads\\\/2025\\\/06\\\/5256c791c2cf673eb1214043697a01fd.jpeg\",\"width\":1024,\"height\":683,\"caption\":\"Grupo Especial de Opera\u00e7\u00e3o em Fronteira divulgou relat\u00f3rio de atividades operacionais de janeiro a maio de 2025. Foto: Dharcules\"},{\"@type\":\"BreadcrumbList\",\"@id\":\"https:\\\/\\\/www.fatosefotosnews.com.br\\\/?p=126702#breadcrumb\",\"itemListElement\":[{\"@type\":\"ListItem\",\"position\":1,\"name\":\"In\u00edcio\",\"item\":\"https:\\\/\\\/www.fatosefotosnews.com.br\\\/\"},{\"@type\":\"ListItem\",\"position\":2,\"name\":\"Gefron divulga resultados operacionais de janeiro a maio de 2025\"}]},{\"@type\":\"WebSite\",\"@id\":\"https:\\\/\\\/www.fatosefotosnews.com.br\\\/#website\",\"url\":\"https:\\\/\\\/www.fatosefotosnews.com.br\\\/\",\"name\":\"Fatos e Fotos News\",\"description\":\"Um site de noticial verdadeira e confi\u00e1veis.\",\"publisher\":{\"@id\":\"https:\\\/\\\/www.fatosefotosnews.com.br\\\/#organization\"},\"potentialAction\":[{\"@type\":\"SearchAction\",\"target\":{\"@type\":\"EntryPoint\",\"urlTemplate\":\"https:\\\/\\\/www.fatosefotosnews.com.br\\\/?s={search_term_string}\"},\"query-input\":{\"@type\":\"PropertyValueSpecification\",\"valueRequired\":true,\"valueName\":\"search_term_string\"}}],\"inLanguage\":\"pt-BR\"},{\"@type\":\"Organization\",\"@id\":\"https:\\\/\\\/www.fatosefotosnews.com.br\\\/#organization\",\"name\":\"Fatos e Fotos News\",\"url\":\"https:\\\/\\\/www.fatosefotosnews.com.br\\\/\",\"logo\":{\"@type\":\"ImageObject\",\"inLanguage\":\"pt-BR\",\"@id\":\"https:\\\/\\\/www.fatosefotosnews.com.br\\\/#\\\/schema\\\/logo\\\/image\\\/\",\"url\":\"https:\\\/\\\/www.fatosefotosnews.com.br\\\/wp-content\\\/uploads\\\/2023\\\/02\\\/Fatos-e-Fotos-news-logo.png\",\"contentUrl\":\"https:\\\/\\\/www.fatosefotosnews.com.br\\\/wp-content\\\/uploads\\\/2023\\\/02\\\/Fatos-e-Fotos-news-logo.png\",\"width\":300,\"height\":58,\"caption\":\"Fatos e Fotos News\"},\"image\":{\"@id\":\"https:\\\/\\\/www.fatosefotosnews.com.br\\\/#\\\/schema\\\/logo\\\/image\\\/\"}},{\"@type\":\"Person\",\"@id\":\"https:\\\/\\\/www.fatosefotosnews.com.br\\\/#\\\/schema\\\/person\\\/3b80f81d08670fb1f6690e07eb8b5dc6\",\"name\":\"Da Reda\u00e7\u00e3o\",\"image\":{\"@type\":\"ImageObject\",\"inLanguage\":\"pt-BR\",\"@id\":\"https:\\\/\\\/secure.gravatar.com\\\/avatar\\\/696d39935a657bf0fc95044dbc9f912520430a0eb6dd46c85dd97eb6483b249b?s=96&d=mm&r=g\",\"url\":\"https:\\\/\\\/secure.gravatar.com\\\/avatar\\\/696d39935a657bf0fc95044dbc9f912520430a0eb6dd46c85dd97eb6483b249b?s=96&d=mm&r=g\",\"contentUrl\":\"https:\\\/\\\/secure.gravatar.com\\\/avatar\\\/696d39935a657bf0fc95044dbc9f912520430a0eb6dd46c85dd97eb6483b249b?s=96&d=mm&r=g\",\"caption\":\"Da Reda\u00e7\u00e3o\"},\"url\":\"https:\\\/\\\/www.fatosefotosnews.com.br\\\/?author=5\"}]}<\/script>\n<!-- \/ Yoast SEO plugin. -->","yoast_head_json":{"title":"Gefron divulga resultados operacionais de janeiro a maio de 2025","description":"Gefron divulga resultados operacionais de janeiro a maio de 2025","robots":{"index":"index","follow":"follow","max-snippet":"max-snippet:-1","max-image-preview":"max-image-preview:large","max-video-preview":"max-video-preview:-1"},"canonical":"https:\/\/www.fatosefotosnews.com.br\/?p=126702","og_locale":"pt_BR","og_type":"article","og_title":"Gefron divulga resultados operacionais de janeiro a maio de 2025","og_description":"Gefron divulga resultados operacionais de janeiro a maio de 2025","og_url":"https:\/\/www.fatosefotosnews.com.br\/?p=126702","og_site_name":"Fatos e Fotos News","article_published_time":"2025-06-02T20:01:56+00:00","og_image":[{"width":1024,"height":683,"url":"https:\/\/www.fatosefotosnews.com.br\/wp-content\/uploads\/2025\/06\/5256c791c2cf673eb1214043697a01fd.jpeg","type":"image\/jpeg"}],"author":"Da Reda\u00e7\u00e3o","twitter_card":"summary_large_image","twitter_misc":{"Escrito por":"Da Reda\u00e7\u00e3o","Est. tempo de leitura":"99 minutos"},"schema":{"@context":"https:\/\/schema.org","@graph":[{"@type":"Article","@id":"https:\/\/www.fatosefotosnews.com.br\/?p=126702#article","isPartOf":{"@id":"https:\/\/www.fatosefotosnews.com.br\/?p=126702"},"author":{"name":"Da Reda\u00e7\u00e3o","@id":"https:\/\/www.fatosefotosnews.com.br\/#\/schema\/person\/3b80f81d08670fb1f6690e07eb8b5dc6"},"headline":"Gefron divulga resultados operacionais de janeiro a maio de 2025","datePublished":"2025-06-02T20:01:56+00:00","mainEntityOfPage":{"@id":"https:\/\/www.fatosefotosnews.com.br\/?p=126702"},"wordCount":394,"publisher":{"@id":"https:\/\/www.fatosefotosnews.com.br\/#organization"},"image":{"@id":"https:\/\/www.fatosefotosnews.com.br\/?p=126702#primaryimage"},"thumbnailUrl":"https:\/\/www.fatosefotosnews.com.br\/wp-content\/uploads\/2025\/06\/5256c791c2cf673eb1214043697a01fd.jpeg","keywords":["divulga","gefron","janeiro","operacionais","resultados"],"articleSection":["Acre"],"inLanguage":"pt-BR"},{"@type":"WebPage","@id":"https:\/\/www.fatosefotosnews.com.br\/?p=126702","url":"https:\/\/www.fatosefotosnews.com.br\/?p=126702","name":"Gefron divulga resultados operacionais de janeiro a maio de 2025","isPartOf":{"@id":"https:\/\/www.fatosefotosnews.com.br\/#website"},"primaryImageOfPage":{"@id":"https:\/\/www.fatosefotosnews.com.br\/?p=126702#primaryimage"},"image":{"@id":"https:\/\/www.fatosefotosnews.com.br\/?p=126702#primaryimage"},"thumbnailUrl":"https:\/\/www.fatosefotosnews.com.br\/wp-content\/uploads\/2025\/06\/5256c791c2cf673eb1214043697a01fd.jpeg","datePublished":"2025-06-02T20:01:56+00:00","description":"Gefron divulga resultados operacionais de janeiro a maio de 2025","breadcrumb":{"@id":"https:\/\/www.fatosefotosnews.com.br\/?p=126702#breadcrumb"},"inLanguage":"pt-BR","potentialAction":[{"@type":"ReadAction","target":["https:\/\/www.fatosefotosnews.com.br\/?p=126702"]}]},{"@type":"ImageObject","inLanguage":"pt-BR","@id":"https:\/\/www.fatosefotosnews.com.br\/?p=126702#primaryimage","url":"https:\/\/www.fatosefotosnews.com.br\/wp-content\/uploads\/2025\/06\/5256c791c2cf673eb1214043697a01fd.jpeg","contentUrl":"https:\/\/www.fatosefotosnews.com.br\/wp-content\/uploads\/2025\/06\/5256c791c2cf673eb1214043697a01fd.jpeg","width":1024,"height":683,"caption":"Grupo Especial de Opera\u00e7\u00e3o em Fronteira divulgou relat\u00f3rio de atividades operacionais de janeiro a maio de 2025. Foto: Dharcules"},{"@type":"BreadcrumbList","@id":"https:\/\/www.fatosefotosnews.com.br\/?p=126702#breadcrumb","itemListElement":[{"@type":"ListItem","position":1,"name":"In\u00edcio","item":"https:\/\/www.fatosefotosnews.com.br\/"},{"@type":"ListItem","position":2,"name":"Gefron divulga resultados operacionais de janeiro a maio de 2025"}]},{"@type":"WebSite","@id":"https:\/\/www.fatosefotosnews.com.br\/#website","url":"https:\/\/www.fatosefotosnews.com.br\/","name":"Fatos e Fotos News","description":"Um site de noticial verdadeira e confi\u00e1veis.","publisher":{"@id":"https:\/\/www.fatosefotosnews.com.br\/#organization"},"potentialAction":[{"@type":"SearchAction","target":{"@type":"EntryPoint","urlTemplate":"https:\/\/www.fatosefotosnews.com.br\/?s={search_term_string}"},"query-input":{"@type":"PropertyValueSpecification","valueRequired":true,"valueName":"search_term_string"}}],"inLanguage":"pt-BR"},{"@type":"Organization","@id":"https:\/\/www.fatosefotosnews.com.br\/#organization","name":"Fatos e Fotos News","url":"https:\/\/www.fatosefotosnews.com.br\/","logo":{"@type":"ImageObject","inLanguage":"pt-BR","@id":"https:\/\/www.fatosefotosnews.com.br\/#\/schema\/logo\/image\/","url":"https:\/\/www.fatosefotosnews.com.br\/wp-content\/uploads\/2023\/02\/Fatos-e-Fotos-news-logo.png","contentUrl":"https:\/\/www.fatosefotosnews.com.br\/wp-content\/uploads\/2023\/02\/Fatos-e-Fotos-news-logo.png","width":300,"height":58,"caption":"Fatos e Fotos News"},"image":{"@id":"https:\/\/www.fatosefotosnews.com.br\/#\/schema\/logo\/image\/"}},{"@type":"Person","@id":"https:\/\/www.fatosefotosnews.com.br\/#\/schema\/person\/3b80f81d08670fb1f6690e07eb8b5dc6","name":"Da Reda\u00e7\u00e3o","image":{"@type":"ImageObject","inLanguage":"pt-BR","@id":"https:\/\/secure.gravatar.com\/avatar\/696d39935a657bf0fc95044dbc9f912520430a0eb6dd46c85dd97eb6483b249b?s=96&d=mm&r=g","url":"https:\/\/secure.gravatar.com\/avatar\/696d39935a657bf0fc95044dbc9f912520430a0eb6dd46c85dd97eb6483b249b?s=96&d=mm&r=g","contentUrl":"https:\/\/secure.gravatar.com\/avatar\/696d39935a657bf0fc95044dbc9f912520430a0eb6dd46c85dd97eb6483b249b?s=96&d=mm&r=g","caption":"Da Reda\u00e7\u00e3o"},"url":"https:\/\/www.fatosefotosnews.com.br\/?author=5"}]}},"jetpack_publicize_connections":[],"blog_post_layout_featured_media_urls":{"thumbnail":["https:\/\/www.fatosefotosnews.com.br\/wp-content\/uploads\/2025\/06\/5256c791c2cf673eb1214043697a01fd-150x150.jpeg",150,150,true],"full":["https:\/\/www.fatosefotosnews.com.br\/wp-content\/uploads\/2025\/06\/5256c791c2cf673eb1214043697a01fd.jpeg",1024,683,false]},"categories_names":{"25307":{"name":"Acre","link":"https:\/\/www.fatosefotosnews.com.br\/?cat=25307"}},"tags_names":{"1534":{"name":"divulga","link":"https:\/\/www.fatosefotosnews.com.br\/?tag=divulga"},"26412":{"name":"gefron","link":"https:\/\/www.fatosefotosnews.com.br\/?tag=gefron"},"940":{"name":"janeiro","link":"https:\/\/www.fatosefotosnews.com.br\/?tag=janeiro"},"6771":{"name":"operacionais","link":"https:\/\/www.fatosefotosnews.com.br\/?tag=operacionais"},"6016":{"name":"resultados","link":"https:\/\/www.fatosefotosnews.com.br\/?tag=resultados"}},"comments_number":"0","wpmagazine_modules_lite_featured_media_urls":{"thumbnail":["https:\/\/www.fatosefotosnews.com.br\/wp-content\/uploads\/2025\/06\/5256c791c2cf673eb1214043697a01fd-150x150.jpeg",150,150,true],"cvmm-medium":["https:\/\/www.fatosefotosnews.com.br\/wp-content\/uploads\/2025\/06\/5256c791c2cf673eb1214043697a01fd-300x300.jpeg",300,300,true],"cvmm-medium-plus":["https:\/\/www.fatosefotosnews.com.br\/wp-content\/uploads\/2025\/06\/5256c791c2cf673eb1214043697a01fd-305x207.jpeg",305,207,true],"cvmm-portrait":["https:\/\/www.fatosefotosnews.com.br\/wp-content\/uploads\/2025\/06\/5256c791c2cf673eb1214043697a01fd-400x600.jpeg",400,600,true],"cvmm-medium-square":["https:\/\/www.fatosefotosnews.com.br\/wp-content\/uploads\/2025\/06\/5256c791c2cf673eb1214043697a01fd-600x600.jpeg",600,600,true],"cvmm-large":["https:\/\/www.fatosefotosnews.com.br\/wp-content\/uploads\/2025\/06\/5256c791c2cf673eb1214043697a01fd.jpeg",1024,683,false],"cvmm-small":["https:\/\/www.fatosefotosnews.com.br\/wp-content\/uploads\/2025\/06\/5256c791c2cf673eb1214043697a01fd-130x95.jpeg",130,95,true],"full":["https:\/\/www.fatosefotosnews.com.br\/wp-content\/uploads\/2025\/06\/5256c791c2cf673eb1214043697a01fd.jpeg",1024,683,false]},"_links":{"self":[{"href":"https:\/\/www.fatosefotosnews.com.br\/index.php?rest_route=\/wp\/v2\/posts\/126702","targetHints":{"allow":["GET"]}}],"collection":[{"href":"https:\/\/www.fatosefotosnews.com.br\/index.php?rest_route=\/wp\/v2\/posts"}],"about":[{"href":"https:\/\/www.fatosefotosnews.com.br\/index.php?rest_route=\/wp\/v2\/types\/post"}],"author":[{"embeddable":true,"href":"https:\/\/www.fatosefotosnews.com.br\/index.php?rest_route=\/wp\/v2\/users\/5"}],"replies":[{"embeddable":true,"href":"https:\/\/www.fatosefotosnews.com.br\/index.php?rest_route=%2Fwp%2Fv2%2Fcomments&post=126702"}],"version-history":[{"count":0,"href":"https:\/\/www.fatosefotosnews.com.br\/index.php?rest_route=\/wp\/v2\/posts\/126702\/revisions"}],"wp:featuredmedia":[{"embeddable":true,"href":"https:\/\/www.fatosefotosnews.com.br\/index.php?rest_route=\/wp\/v2\/media\/126703"}],"wp:attachment":[{"href":"https:\/\/www.fatosefotosnews.com.br\/index.php?rest_route=%2Fwp%2Fv2%2Fmedia&parent=126702"}],"wp:term":[{"taxonomy":"category","embeddable":true,"href":"https:\/\/www.fatosefotosnews.com.br\/index.php?rest_route=%2Fwp%2Fv2%2Fcategories&post=126702"},{"taxonomy":"post_tag","embeddable":true,"href":"https:\/\/www.fatosefotosnews.com.br\/index.php?rest_route=%2Fwp%2Fv2%2Ftags&post=126702"}],"curies":[{"name":"wp","href":"https:\/\/api.w.org\/{rel}","templated":true}]}}