{"id":127374,"date":"2025-06-05T19:31:56","date_gmt":"2025-06-05T22:31:56","guid":{"rendered":"https:\/\/www.fatosefotosnews.com.br\/conheca-historias-que-emocionam-de-quem-ja-fez-o-enem\/"},"modified":"2025-06-05T19:31:56","modified_gmt":"2025-06-05T22:31:56","slug":"conheca-historias-que-emocionam-de-quem-ja-fez-o-enem","status":"publish","type":"post","link":"https:\/\/www.fatosefotosnews.com.br\/?p=127374","title":{"rendered":"Conhe\u00e7a hist\u00f3rias que emocionam de quem j\u00e1 fez o Enem"},"content":{"rendered":"<div id=\"infocoweb\" data-uuid=\"732f5e9f-1b04-4694-a4f4-3ede3f0c30d7\" class=\"infocoweb infocoweb_canal_843\">\n<div id=\"infocoweb_cabecalho\" class=\"infocoweb_cabecalho\"><\/div>\n<div id=\"infocoweb_corpo\" class=\"infocoweb_corpo\">\n<div class=\"SCXW163569400 BCX0\">\n<div class=\"OutlineElement Ltr SCXW163569400 BCX0\">\n<p class=\"Paragraph SCXW163569400 BCX0\"><span class=\"TextRun SCXW163569400 BCX0\" data-contrast=\"auto\"><span class=\"NormalTextRun SCXW163569400 BCX0\">O<\/span><span class=\"NormalTextRun SCXW163569400 BCX0\"> <\/span><\/span><a class=\"Hyperlink SCXW163569400 BCX0\" href=\"https:\/\/www.gov.br\/inep\/pt-br\/areas-de-atuacao\/avaliacao-e-exames-educacionais\/enem\" rel=\"noreferrer noopener\" target=\"_blank\"><span class=\"TextRun Underlined SCXW163569400 BCX0\" data-contrast=\"none\"><span class=\"NormalTextRun SCXW163569400 BCX0\" data-ccp-charstyle=\"Hyperlink\">Exame Nacional do Ensino M\u00e9dio<\/span><span class=\"NormalTextRun SCXW163569400 BCX0\" data-ccp-charstyle=\"Hyperlink\"> (Enem)<\/span><\/span><\/a><span class=\"TextRun SCXW163569400 BCX0\" data-contrast=\"auto\"><span class=\"NormalTextRun SCXW163569400 BCX0\"> transforma a vida dos estudantes brasileiros h\u00e1 quase tr\u00eas d\u00e9cadas. Criado em 1998, a avalia\u00e7\u00e3o se <\/span><span class=\"NormalTextRun SCXW163569400 BCX0\">tornou<\/span><span class=\"NormalTextRun SCXW163569400 BCX0\"> a principal porta de entrada para o ensino superior no pa\u00eds. <\/span><span class=\"NormalTextRun SCXW163569400 BCX0\">Al\u00e9m disso, c<\/span><span class=\"NormalTextRun SCXW163569400 BCX0\">ontabiliza diversas hist\u00f3rias de jovens e adultos que tiveram a vida transformada <\/span><span class=\"NormalTextRun SCXW163569400 BCX0\">por meio <\/span><span class=\"NormalTextRun SCXW163569400 BCX0\">da educa\u00e7\u00e3o.<\/span><\/span><span class=\"EOP SCXW163569400 BCX0\" data-ccp-props=\"{}\"><br \/><\/span><\/p>\n<\/p>\n<\/div>\n<div class=\"ListContainerWrapper SCXW163569400 BCX0\">\n<ul class=\"BulletListStyle1 SCXW163569400 BCX0\">\n<li class=\"OutlineElement Ltr SCXW163569400 BCX0\" data-leveltext=\"\uf0b7\" data-font=\"Symbol\" data-listid=\"1\" data-list-defn-props='{\"335552541\":1,\"335559685\":720,\"335559991\":360,\"469769226\":\"Symbol\",\"469769242\":[8226],\"469777803\":\"left\",\"469777804\":\"\uf0b7\",\"469777815\":\"multilevel\"}' data-aria-posinset=\"1\" data-aria-level=\"1\">\n<p class=\"Paragraph SCXW163569400 BCX0\"><strong><span class=\"TextRun SCXW163569400 BCX0\" data-contrast=\"auto\">Leia mais<\/span><\/strong><span class=\"TextRun SCXW163569400 BCX0\" data-contrast=\"auto\"><strong>:<\/strong>\u202f<\/span><a class=\"Hyperlink SCXW163569400 BCX0\" href=\"https:\/\/www.gov.br\/mec\/pt-br\/assuntos\/noticias\/2025\/maio\/cinco-caminhos-para-o-ensino-superior-que-comecam-com-o-enem\" rel=\"noreferrer noopener\" target=\"_blank\"><span class=\"TextRun Underlined SCXW163569400 BCX0\" data-contrast=\"none\"><span class=\"NormalTextRun SCXW163569400 BCX0\" data-ccp-charstyle=\"Hyperlink\">Cinco caminhos para o ensino superior que come\u00e7am com o\u202fEnem<\/span><\/span><\/a><span class=\"EOP SCXW163569400 BCX0\" data-ccp-props=\"{}\"><br \/><\/span><\/p>\n<\/li>\n<\/ul>\n<\/div>\n<div class=\"OutlineElement Ltr SCXW163569400 BCX0\">\n<p class=\"Paragraph SCXW163569400 BCX0\"><span class=\"TextRun SCXW163569400 BCX0\" data-contrast=\"auto\"><span class=\"NormalTextRun SCXW163569400 BCX0\">S\u00e3o trajet\u00f3rias <\/span><span class=\"NormalTextRun SCXW163569400 BCX0\">como a do professor Paulo Almeida, que participou da primeira edi\u00e7\u00e3o do Enem. \u201cUma experi\u00eancia hist\u00f3rica\u201d, co<\/span><span class=\"NormalTextRun SCXW163569400 BCX0\">nta<\/span><span class=\"NormalTextRun SCXW163569400 BCX0\">.<\/span><span class=\"NormalTextRun SCXW163569400 BCX0\"> Naquela \u00e9poca, <\/span><span class=\"NormalTextRun SCXW163569400 BCX0\">a prova era usada apenas para avaliar os conhecimentos de estudantes concluintes do ensino m\u00e9dio e n\u00e3o como processo seletivo<\/span><span class=\"NormalTextRun SCXW163569400 BCX0\">, mas, segundo Paulo, j\u00e1 havia uma expectativa de que <\/span><span class=\"NormalTextRun SCXW163569400 BCX0\">evolu\u00edsse para funcionar<\/span><span class=\"NormalTextRun SCXW163569400 BCX0\"> <\/span><span class=\"NormalTextRun SCXW163569400 BCX0\">nos m<\/span><span class=\"NormalTextRun SCXW163569400 BCX0\">oldes<\/span><span class=\"NormalTextRun SCXW163569400 BCX0\"> de hoje<\/span><span class=\"NormalTextRun SCXW163569400 BCX0\">.<\/p>\n<dl style=\"width:288px\" class=\"image-right captioned caption-center\">\n<dt><a rel=\"lightbox\" href=\"\/mec\/pt-br\/assuntos\/noticias\/2025\/junho\/enempaulo.jpg\"><img fetchpriority=\"high\" decoding=\"async\" src=\"https:\/\/www.gov.br\/mec\/pt-br\/assuntos\/noticias\/2025\/junho\/enempaulo.jpg\/@@images\/2361c264-5396-44ec-bc12-76f6853f34ed.jpeg\" alt=\"paulo\" height=\"370\" width=\"288\"><\/a><\/dt>\n<dd class=\"image-caption\" style=\"width:288px\">Paulo Almeida, professor, participou da primeira edi\u00e7\u00e3o do Enem, em 1998 <\/dd>\n<\/dl>\n<p><span class=\"TextRun SCXW163569400 BCX0\" data-contrast=\"auto\"><span class=\"NormalTextRun SCXW163569400 BCX0\"><\/p>\n<p>\u201c<\/span><span class=\"NormalTextRun SCXW163569400 BCX0\">Ao ir bem no Enem<\/span><span class=\"NormalTextRun SCXW163569400 BCX0\">, t<\/span><span class=\"NormalTextRun SCXW163569400 BCX0\">\u00ednhamos a certeza de que est\u00e1vamos indo para o caminho certo<\/span><span class=\"NormalTextRun SCXW163569400 BCX0\">.<\/span><span class=\"NormalTextRun SCXW163569400 BCX0\"> <\/span><span class=\"NormalTextRun SCXW163569400 BCX0\">I<\/span><span class=\"NormalTextRun SCXW163569400 BCX0\">sso <\/span><span class=\"NormalTextRun SCXW163569400 BCX0\">me <\/span><span class=\"NormalTextRun SCXW163569400 BCX0\">deu uma seguran\u00e7a grande para fazer outras provas, inclusive o vestibular daquele ano<\/span><span class=\"NormalTextRun SCXW163569400 BCX0\">, em que fui aprovado para odontologia<\/span><span class=\"NormalTextRun SCXW163569400 BCX0\">. Hoje<\/span><span class=\"NormalTextRun SCXW163569400 BCX0\">,<\/span><span class=\"NormalTextRun SCXW163569400 BCX0\"> como professor, percebo que temos uma inclus\u00e3o muito grande na sala de aula de alunos <\/span><span class=\"NormalTextRun SCXW163569400 BCX0\">que<\/span><span class=\"NormalTextRun SCXW163569400 BCX0\"> <\/span><span class=\"NormalTextRun SCXW163569400 BCX0\">t\u00eam acesso ao ensino superior<\/span><span class=\"NormalTextRun SCXW163569400 BCX0\"> por conta de<\/span><span class=\"NormalTextRun SCXW163569400 BCX0\">ss<\/span><span class=\"NormalTextRun SCXW163569400 BCX0\">a avalia\u00e7\u00e3o<\/span><span class=\"NormalTextRun SCXW163569400 BCX0\"> t\u00e3o<\/span><span class=\"NormalTextRun SCXW163569400 BCX0\"> importante\u201d, <\/span><span class=\"NormalTextRun SCXW163569400 BCX0\">observ<\/span><span class=\"NormalTextRun SCXW163569400 BCX0\">a.<\/span><\/span><span class=\"EOP SCXW163569400 BCX0\" data-ccp-props=\"{}\">\u00a0<\/span><\/span><\/span><\/p>\n<\/p>\n<\/div>\n<div class=\"OutlineElement Ltr SCXW163569400 BCX0\">\n<p class=\"Paragraph SCXW163569400 BCX0\"><span class=\"TextRun SCXW163569400 BCX0\" data-contrast=\"auto\"><span class=\"NormalTextRun SCXW163569400 BCX0\">Foi o caso de<\/span><span class=\"NormalTextRun SCXW163569400 BCX0\"> <\/span><span class=\"NormalTextRun SpellingErrorV2Themed SCXW163569400 BCX0\">Neander<\/span><span class=\"NormalTextRun SCXW163569400 BCX0\"> <\/span><span class=\"NormalTextRun SpellingErrorV2Themed SCXW163569400 BCX0\">O\u00edbio<\/span><span class=\"NormalTextRun SCXW163569400 BCX0\">. Ap\u00f3s se formar em medicina veterin\u00e1ria, ele continuou estudando e fazendo a prova todos os anos porque tinha como alvo a gradua\u00e7\u00e3o dos seus sonhos. <\/span><span class=\"NormalTextRun SpellingErrorV2Themed SCXW163569400 BCX0\">Neander<\/span><span class=\"NormalTextRun SCXW163569400 BCX0\"> usou a nota do Enem no\u202fprocesso seletivo para o Fundo de Financiamento Estudantil (Fies) e conseguiu ingressar na Universidade Cat\u00f3lica de Bras\u00edlia para cursar medicina<\/span><span class=\"NormalTextRun SCXW163569400 BCX0\">, tendo o curso financiado.<\/p>\n<dl style=\"width:220px\" class=\"image-left captioned caption-center\">\n<dt><a rel=\"lightbox\" href=\"\/mec\/pt-br\/assuntos\/noticias\/2025\/junho\/enemneander.jpg\"><img decoding=\"async\" src=\"https:\/\/www.gov.br\/mec\/pt-br\/assuntos\/noticias\/2025\/junho\/enemneander.jpg\/@@images\/f96a9d38-4574-4bd3-88d3-f2b099835f46.jpeg\" alt=\".\" height=\"370\" width=\"220\"><\/a><\/dt>\n<dd class=\"image-caption\" style=\"width:220px\">O m\u00e9dico Neander O\u00edbio conseguiu uma vaga no curso dos seus sonhos pelo Fies <\/dd>\n<\/dl>\n<p><span class=\"TextRun SCXW163569400 BCX0\" data-contrast=\"auto\"><span class=\"NormalTextRun SCXW163569400 BCX0\"><\/p>\n<p>\u201cSa\u00ed de uma fam\u00edlia muito humilde<\/span><span class=\"NormalTextRun SCXW163569400 BCX0\">, mas s<\/span><span class=\"NormalTextRun SCXW163569400 BCX0\">empre acreditei muito em estudar para mudar a minha realidade. O Enem foi um divisor de \u00e1guas. <\/span><span class=\"NormalTextRun SCXW163569400 BCX0\">F<\/span><span class=\"NormalTextRun SCXW163569400 BCX0\">iz a prova em 2012, tirei uma nota boa e<\/span><span class=\"NormalTextRun SCXW163569400 BCX0\"> realizei <\/span><span class=\"NormalTextRun SCXW163569400 BCX0\">o<\/span><span class=\"NormalTextRun SCXW163569400 BCX0\"> sonho<\/span><span class=\"NormalTextRun SCXW163569400 BCX0\"> de cursar <\/span><span class=\"NormalTextRun SCXW163569400 BCX0\">minha primeir<\/span><span class=\"NormalTextRun SCXW163569400 BCX0\">a gradua\u00e7\u00e3o<\/span><span class=\"NormalTextRun SCXW163569400 BCX0\">, <\/span><span class=\"NormalTextRun SCXW163569400 BCX0\">mas<\/span><span class=\"NormalTextRun SCXW163569400 BCX0\"> continuei estudando. <\/span><span class=\"NormalTextRun SCXW163569400 BCX0\">Anos depois, consegui passar no processo seletivo para cursar medicina<\/span><span class=\"NormalTextRun SCXW163569400 BCX0\">:<\/span><span class=\"NormalTextRun SCXW163569400 BCX0\"> foi uma ponte para sair da realidade e conquistar meu sonho. <\/span><span class=\"NormalTextRun SCXW163569400 BCX0\">Hoje, dou monitoria em alguns cursinhos, ajudo voluntariamente, porque \u00e9 algo que gosto de fazer. Acredito que a educa\u00e7\u00e3o vai mudar a vida das pessoas, como mudou a minha\u201d, <\/span><span class=\"NormalTextRun SCXW163569400 BCX0\">lembra<\/span><span class=\"NormalTextRun SCXW163569400 BCX0\">.<\/span><\/span><\/span><\/span><\/p>\n<\/p>\n<\/div>\n<div class=\"OutlineElement Ltr SCXW163569400 BCX0\">\n<p class=\"Paragraph SCXW163569400 BCX0\"><span class=\"TextRun SCXW163569400 BCX0\" data-contrast=\"auto\"><span class=\"NormalTextRun SCXW163569400 BCX0\">Sua hist\u00f3ria n\u00e3o \u00e9 uma exce\u00e7\u00e3o e se repetiu em<\/span><span class=\"NormalTextRun SCXW163569400 BCX0\"> 2023, no interior do Maranh\u00e3o.<\/span><span class=\"NormalTextRun SCXW163569400 BCX0\"> O v\u00eddeo do momento em que Sabrina da Silva recebe a not\u00edcia da sua aprova\u00e7\u00e3o viralizou nas redes sociais. Nele, ela aparece ao lado da fam\u00edlia em uma casa simples de madeira, ouvindo a divulga\u00e7\u00e3o do resultado pelo r\u00e1dio da universidade \u2014 <\/span><span class=\"NormalTextRun SCXW163569400 BCX0\">uma cena que emocionou o pa\u00eds e simboliza o poder da educa\u00e7\u00e3o p\u00fablica como motor de transforma\u00e7\u00e3o social.<\/p>\n<dl style=\"width:225px\" class=\"image-right captioned caption-center\">\n<dt><a rel=\"lightbox\" href=\"\/mec\/pt-br\/assuntos\/noticias\/2025\/junho\/WhatsAppImage20250605at14.55.49.jpeg\"><img decoding=\"async\" src=\"https:\/\/www.gov.br\/mec\/pt-br\/assuntos\/noticias\/2025\/junho\/WhatsAppImage20250605at14.55.49.jpeg\/@@images\/3ec713b9-9c57-4c94-aca5-6a59d106ba0a.jpeg\" alt=\".\" height=\"370\" width=\"225\"><\/a><\/dt>\n<dd class=\"image-caption\" style=\"width:225px\">Sabrina \u00e9 a primeira da fam\u00edlia a estudar em uma universidade p\u00fablica <\/dd>\n<\/dl>\n<p><\/span><\/span><\/p>\n<\/p>\n<\/div>\n<div class=\"OutlineElement Ltr SCXW163569400 BCX0\">\n<p class=\"Paragraph SCXW163569400 BCX0\"><span class=\"TextRun SCXW163569400 BCX0\" data-contrast=\"auto\"><span class=\"NormalTextRun SCXW163569400 BCX0\">Ca\u00e7ula de sete irm\u00e3os<\/span><span class=\"NormalTextRun SCXW163569400 BCX0\">, <\/span><span class=\"NormalTextRun SCXW163569400 BCX0\">a filha de uma empregada dom\u00e9stica e de um lavrador<\/span><span class=\"NormalTextRun SCXW163569400 BCX0\">,<\/span><span class=\"NormalTextRun SCXW163569400 BCX0\"> que sempre estudou em escola p\u00fablica<\/span><span class=\"NormalTextRun SCXW163569400 BCX0\">,<\/span><span class=\"NormalTextRun SCXW163569400 BCX0\"> <\/span><span class=\"NormalTextRun SCXW163569400 BCX0\">entrou para o curso de<\/span><span class=\"NormalTextRun SCXW163569400 BCX0\"> medicina <\/span><span class=\"NormalTextRun SCXW163569400 BCX0\">com a nota<\/span><span class=\"NormalTextRun SCXW163569400 BCX0\"> do Enem.<\/span><span class=\"NormalTextRun SCXW163569400 BCX0\"> <\/span><span class=\"NormalTextRun SCXW163569400 BCX0\">H<\/span><span class=\"NormalTextRun SCXW163569400 BCX0\">oje no quarto per\u00edodo <\/span><span class=\"NormalTextRun SCXW163569400 BCX0\">n<\/span><span class=\"NormalTextRun SCXW163569400 BCX0\">a Universidade Federal do Maranh\u00e3o (UFMA), <\/span><span class=\"NormalTextRun SCXW163569400 BCX0\">Sabrina <\/span><span class=\"NormalTextRun SCXW163569400 BCX0\">diz<\/span><span class=\"NormalTextRun SCXW163569400 BCX0\"> que <\/span><span class=\"NormalTextRun SCXW163569400 BCX0\">n\u00e3o conhecia a prova at\u00e9 <\/span><span class=\"NormalTextRun SCXW163569400 BCX0\">se mud<\/span><span class=\"NormalTextRun SCXW163569400 BCX0\">ar <\/span><span class=\"NormalTextRun SCXW163569400 BCX0\">para <\/span><span class=\"NormalTextRun SCXW163569400 BCX0\">a capital<\/span><span class=\"NormalTextRun SCXW163569400 BCX0\"> do estado<\/span><span class=\"NormalTextRun SCXW163569400 BCX0\">, S\u00e3o Lu\u00eds<\/span><span class=\"NormalTextRun SCXW163569400 BCX0\">.<\/p>\n<p><\/span><\/span><span class=\"TextRun SCXW163569400 BCX0\" data-contrast=\"auto\"><span class=\"NormalTextRun SCXW163569400 BCX0\">\u201cN<\/span><span class=\"NormalTextRun SCXW163569400 BCX0\">o interior, a gente nem ouvia falar sobre<\/span><span class=\"NormalTextRun SCXW163569400 BCX0\"> o Enem<\/span><span class=\"NormalTextRun SCXW163569400 BCX0\">, parecia at\u00e9 que isso n\u00e3o me pertencia<\/span><span class=\"NormalTextRun SCXW163569400 BCX0\">. <\/span><span class=\"NormalTextRun SCXW163569400 BCX0\">Mas s<\/span><span class=\"NormalTextRun SCXW163569400 BCX0\">empre gostei de estudar<\/span><span class=\"NormalTextRun SCXW163569400 BCX0\"> e<\/span><span class=\"NormalTextRun SCXW163569400 BCX0\"> tinha grandes sonhos. Em S\u00e3o Lu\u00eds, fiz tr\u00eas anos de cursinho, nunca desisti. <\/span><span class=\"NormalTextRun SCXW163569400 BCX0\">Quando ouvi meu nome no r\u00e1dio, f<\/span><span class=\"NormalTextRun SCXW163569400 BCX0\">oi o momento em que minha vida mudou<\/span><span class=\"NormalTextRun SCXW163569400 BCX0\">. S<\/span><span class=\"NormalTextRun SCXW163569400 BCX0\">ou a primeira da minha <\/span><span class=\"NormalTextRun SCXW163569400 BCX0\">fam\u00edlia a cursar ensino superior em uma universidade p\u00fablica<\/span><span class=\"NormalTextRun SCXW163569400 BCX0\">\u201d, celebra.<\/span><\/span><\/p>\n<\/p>\n<\/div>\n<div class=\"OutlineElement Ltr SCXW163569400 BCX0\">\n<p class=\"Paragraph SCXW163569400 BCX0\"><span class=\"TextRun SCXW163569400 BCX0\" data-contrast=\"auto\">As inscri\u00e7\u00f5es do Enem 2025 est\u00e3o abertas<\/span><span class=\"TextRun SCXW163569400 BCX0\" data-contrast=\"none\"> <\/span><span class=\"TextRun SCXW163569400 BCX0\" data-contrast=\"auto\">pela <\/span><a class=\"Hyperlink SCXW163569400 BCX0\" href=\"https:\/\/enem.inep.gov.br\/participante\/#!\/\" rel=\"noreferrer noopener\" target=\"_blank\"><span class=\"TextRun Underlined SCXW163569400 BCX0\" data-contrast=\"none\"><span class=\"NormalTextRun SCXW163569400 BCX0\" data-ccp-charstyle=\"Hyperlink\">P\u00e1gina do Participante<\/span><\/span><\/a><span class=\"TextRun SCXW163569400 BCX0\" data-contrast=\"auto\"> <\/span><span class=\"TextRun SCXW163569400 BCX0\" data-contrast=\"auto\">at\u00e9 sexta-feira, 6 de junho, para que novas hist\u00f3rias de transforma\u00e7\u00e3o pessoal e social sejam contadas. <\/span><span class=\"TextRun SCXW163569400 BCX0\" data-contrast=\"auto\"><span class=\"NormalTextRun SCXW163569400 BCX0\">Uma das novidades<\/span><span class=\"NormalTextRun SCXW163569400 BCX0\"> dessa edi\u00e7\u00e3o<\/span><span class=\"NormalTextRun SCXW163569400 BCX0\"> \u00e9 a inscri\u00e7\u00e3<\/span><span class=\"NormalTextRun SCXW163569400 BCX0\">o <\/span><span class=\"NormalTextRun SpellingErrorV2Themed SCXW163569400 BCX0\">p<\/span><span class=\"NormalTextRun SpellingErrorV2Themed SCXW163569400 BCX0\">r\u00e9<\/span><span class=\"NormalTextRun SCXW163569400 BCX0\">-preenchida para concluintes da rede p\u00fablica. Nesses casos, o participante deve acessar a p\u00e1gina oficial para confirmar a inscri\u00e7\u00e3o e selecionar a prova de l\u00edngua estrangeira (ingl\u00eas ou espanhol) que deseja realizar.<\/span><span class=\"NormalTextRun SCXW163569400 BCX0\"> <\/span><\/span><span class=\"TextRun SCXW163569400 BCX0\" data-contrast=\"auto\">As provas ser\u00e3o aplicadas em 9 e 16 de novembro, nas 27 unidades da Federa\u00e7\u00e3o.<\/span><span class=\"EOP SCXW163569400 BCX0\" data-ccp-props=\"{}\"><br \/><\/span><\/p>\n<\/p>\n<\/div>\n<\/div>\n<div class=\"SCXW163569400 BCX0\">\n<div class=\"ListContainerWrapper SCXW163569400 BCX0\">\n<ul class=\"BulletListStyle1 SCXW163569400 BCX0\">\n<li class=\"OutlineElement Ltr SCXW163569400 BCX0\" data-leveltext=\"\uf0b7\" data-font=\"Symbol\" data-listid=\"2\" data-list-defn-props='{\"335552541\":1,\"335559685\":720,\"335559991\":360,\"469769226\":\"Symbol\",\"469769242\":[8226],\"469777803\":\"left\",\"469777804\":\"\uf0b7\",\"469777815\":\"hybridMultilevel\"}' data-aria-posinset=\"1\" data-aria-level=\"1\">\n<p class=\"Paragraph SCXW163569400 BCX0\"><span class=\"TextRun SCXW163569400 BCX0\" data-contrast=\"auto\"><strong>Leia mais:<\/strong> <\/span><a class=\"Hyperlink SCXW163569400 BCX0\" href=\"https:\/\/www.gov.br\/mec\/pt-br\/assuntos\/noticias\/2025\/junho\/enem-2025-prazo-de-inscricao-termina-amanha-6\" rel=\"noreferrer noopener\" target=\"_blank\"><span class=\"TextRun Underlined SCXW163569400 BCX0\" data-contrast=\"none\"><span class=\"NormalTextRun SCXW163569400 BCX0\" data-ccp-charstyle=\"Hyperlink\">Enem 2025: prazo de inscri\u00e7\u00e3o termina amanh\u00e3 (6)<\/span><\/span><\/a><span class=\"EOP SCXW163569400 BCX0\" data-ccp-props=\"{}\"><br \/><\/span><\/p>\n<\/li>\n<\/ul>\n<\/div>\n<div class=\"ListContainerWrapper SCXW163569400 BCX0\">\n<ul class=\"BulletListStyle1 SCXW163569400 BCX0\">\n<li class=\"OutlineElement Ltr SCXW163569400 BCX0\" data-leveltext=\"\uf0b7\" data-font=\"Symbol\" data-listid=\"2\" data-list-defn-props='{\"335552541\":1,\"335559685\":720,\"335559991\":360,\"469769226\":\"Symbol\",\"469769242\":[8226],\"469777803\":\"left\",\"469777804\":\"\uf0b7\",\"469777815\":\"hybridMultilevel\"}' data-aria-posinset=\"2\" data-aria-level=\"1\">\n<p class=\"Paragraph SCXW163569400 BCX0\"><strong><span class=\"TextRun SCXW163569400 BCX0\" data-contrast=\"auto\">Leia mais:<\/span><\/strong><span class=\"TextRun SCXW163569400 BCX0\" data-contrast=\"auto\"> <\/span><a class=\"Hyperlink SCXW163569400 BCX0\" href=\"https:\/\/www.gov.br\/mec\/pt-br\/assuntos\/noticias\/2025\/junho\/enem-estudantes-devem-pagar-taxa-para-garantir-participacao\" rel=\"noreferrer noopener\" target=\"_blank\"><span class=\"TextRun Underlined SCXW163569400 BCX0\" data-contrast=\"none\"><span class=\"NormalTextRun SCXW163569400 BCX0\" data-ccp-charstyle=\"Hyperlink\">Enem: estudantes devem pagar taxa para garantir participa\u00e7\u00e3o<\/span><\/span><\/a><span class=\"EOP SCXW163569400 BCX0\" data-ccp-props=\"{}\"><br \/><\/span><\/p>\n<\/li>\n<\/ul>\n<\/div>\n<div class=\"OutlineElement Ltr SCXW163569400 BCX0\">\n<p class=\"Paragraph SCXW163569400 BCX0\"><strong><span class=\"TextRun SCXW163569400 BCX0\" data-contrast=\"auto\">Enem\u202f\u2013<\/span><\/strong><span class=\"TextRun SCXW163569400 BCX0\" data-contrast=\"auto\">\u202fO\u202f<\/span><a class=\"Hyperlink SCXW163569400 BCX0\" href=\"https:\/\/www.gov.br\/inep\/pt-br\/areas-de-atuacao\/avaliacao-e-exames-educacionais\/enem\" rel=\"noreferrer noopener\" target=\"_blank\"><span class=\"TextRun Underlined SCXW163569400 BCX0\" data-contrast=\"none\"><span class=\"NormalTextRun SCXW163569400 BCX0\" data-ccp-charstyle=\"Hyperlink\">Exame Nacional do Ensino M\u00e9dio<\/span><\/span><\/a><span class=\"TextRun SCXW163569400 BCX0\" data-contrast=\"auto\">\u202favalia o desempenho escolar dos estudantes ao t\u00e9rmino da educa\u00e7\u00e3o b\u00e1sica. Ao longo de mais de duas d\u00e9cadas de exist\u00eancia, o\u202fEnem\u202ftornou-se a principal porta de entrada para a educa\u00e7\u00e3o superior no Brasil, por meio do Sistema de Sele\u00e7\u00e3o Unificada (Sisu), do Programa Universidade para Todos (Prouni) e do Fundo de Financiamento Estudantil (Fies).<\/span><span class=\"EOP SCXW163569400 BCX0\" data-ccp-props=\"{}\"><br \/><\/span><\/p>\n<\/p>\n<\/div>\n<div class=\"OutlineElement Ltr SCXW163569400 BCX0\">\n<p class=\"Paragraph SCXW163569400 BCX0\"><span class=\"TextRun SCXW163569400 BCX0\" data-contrast=\"auto\">Institui\u00e7\u00f5es de ensino p\u00fablicas e privadas tamb\u00e9m utilizam o\u202fEnem\u202fpara selecionar estudantes, como crit\u00e9rio \u00fanico ou complementar aos processos seletivos. Os resultados individuais do\u202fEnem\u202fpodem ainda ser aproveitados nos processos seletivos de institui\u00e7\u00f5es portuguesas que possuem conv\u00eanio com o Inep para aceitar as notas do\u202fexame. Os acordos garantem acesso facilitado \u00e0s notas dos estudantes brasileiros interessados em cursar a educa\u00e7\u00e3o superior em Portugal.<\/span><span class=\"EOP SCXW163569400 BCX0\" data-ccp-props=\"{}\"><br \/><\/span><\/p>\n<\/p>\n<\/div>\n<div class=\"OutlineElement Ltr SCXW163569400 BCX0\">\n<p class=\"Paragraph SCXW163569400 BCX0\"><span class=\"TextRun EmptyTextRun SCXW163569400 BCX0\" data-contrast=\"auto\"><\/span><a class=\"Hyperlink SCXW163569400 BCX0\" href=\"https:\/\/download.inep.gov.br\/enem\/edital_52_de_23_de_maio_de_2025.pdf\" rel=\"noreferrer noopener\" target=\"_blank\"><span class=\"TextRun Underlined SCXW163569400 BCX0\" data-contrast=\"none\"><span class=\"NormalTextRun SCXW163569400 BCX0\" data-ccp-charstyle=\"Hyperlink\">Acesse o edital do\u202fEnem\u202f2025<\/span><\/span><\/a><span class=\"EOP SCXW163569400 BCX0\" data-ccp-props=\"{}\"><br \/><\/span><\/p>\n<\/p>\n<\/div>\n<div class=\"OutlineElement Ltr SCXW163569400 BCX0\">\n<p class=\"Paragraph SCXW163569400 BCX0\"><span class=\"TextRun EmptyTextRun SCXW163569400 BCX0\" data-contrast=\"auto\"><\/span><a class=\"Hyperlink SCXW163569400 BCX0\" href=\"https:\/\/www.youtube.com\/watch?v=JOD6xa6VsM4&#038;list=PLjz5Kd6rxbE5LRBaZKtU0z6cngH4bzHl4\" rel=\"noreferrer noopener\" target=\"_blank\"><span class=\"TextRun Underlined SCXW163569400 BCX0\" data-contrast=\"none\"><span class=\"NormalTextRun SCXW163569400 BCX0\" data-ccp-charstyle=\"Hyperlink\">Acesse o edital do\u202fEnem\u202f2025 em Libras<\/span><\/span><\/a><span class=\"TextRun SCXW163569400 BCX0\" data-contrast=\"auto\">\u202f<\/span><span class=\"EOP SCXW163569400 BCX0\" data-ccp-props=\"{}\"><br \/><\/span><\/p>\n<\/p>\n<\/div>\n<div class=\"OutlineElement Ltr SCXW163569400 BCX0\">\n<p class=\"Paragraph SCXW163569400 BCX0\"><span class=\"TextRun SCXW163569400 BCX0\" data-contrast=\"auto\"><span class=\"NormalTextRun SCXW163569400 BCX0\"><\/span><\/span><span class=\"EOP SCXW163569400 BCX0\" data-ccp-props=\"{}\">\u00a0<\/span><\/p>\n<\/p>\n<\/div>\n<div class=\"OutlineElement Ltr SCXW163569400 BCX0\">\n<p class=\"Paragraph SCXW163569400 BCX0\"><em><span class=\"TextRun SCXW163569400 BCX0\" data-contrast=\"auto\">Assessoria de Comunica\u00e7\u00e3o Social do\u202fMEC<\/span><span class=\"EOP SCXW163569400 BCX0\" data-ccp-props=\"{}\">\u00a0<\/span><\/em><\/p>\n<\/p>\n<\/div>\n<\/div>\n<p id=\"infocoweb_fonte\" class=\"infocoweb_fonte\">Fonte: <a target=\"_blank\" href=\"https:\/\/www.gov.br\/mec\/pt-br\/assuntos\/noticias\/2025\/junho\/conheca-historias-que-emocionam-de-quem-ja-fez-o-enem#732f5e9f-1b04-4694-a4f4-3ede3f0c30d7\">Minist\u00e9rio da Educa\u00e7\u00e3o<\/a><\/p>\n<\/div>\n<div id=\"infocoweb_rodape\" class=\"infocoweb_rodape\"><\/div>\n<\/div>\n<p><script src=\"https:\/\/noticia.infocoweb.com.br\/analytics.js?uuid=732f5e9f-1b04-4694-a4f4-3ede3f0c30d7\"><\/script><\/p>\n","protected":false},"excerpt":{"rendered":"<p>O Exame Nacional do Ensino M\u00e9dio (Enem) transforma a vida dos estudantes brasileiros h\u00e1 quase tr\u00eas d\u00e9cadas. Criado em 1998, a avalia\u00e7\u00e3o se tornou a principal porta de entrada para o ensino superior no pa\u00eds. Al\u00e9m disso, contabiliza diversas hist\u00f3rias de jovens e adultos que tiveram a vida transformada por meio da educa\u00e7\u00e3o. Leia mais:\u202fCinco [&hellip;]<\/p>\n","protected":false},"author":5,"featured_media":127375,"comment_status":"","ping_status":"open","sticky":false,"template":"","format":"standard","meta":{"_acf_changed":false,"_angie_page":false,"_monsterinsights_skip_tracking":false,"_themeisle_gutenberg_block_has_review":false,"page_builder":"","footnotes":"","jetpack_publicize_message":"","jetpack_publicize_feature_enabled":true,"jetpack_social_post_already_shared":true,"jetpack_social_options":{"image_generator_settings":{"template":"highway","default_image_id":0,"font":"","enabled":false},"version":2}},"categories":[24902],"tags":[562,13477,2365],"class_list":["post-127374","post","type-post","status-publish","format-standard","has-post-thumbnail","hentry","category-educacao","tag-conhe","tag-emocionam","tag-historias"],"acf":[],"nelio_content":{"autoShareEndMode":"never","automationSources":{"useCustomSentences":false,"customSentences":[]},"efiAlt":"","efiUrl":"","followers":[],"highlights":[],"isAutoShareEnabled":true,"networkImageIds":[],"permalinkQueryArgs":[],"series":[],"suggestedReferences":[]},"yoast_head":"<!-- This site is optimized with the Yoast SEO plugin v28.3 - https:\/\/yoast.com\/product\/yoast-seo-wordpress\/ -->\n<title>Conhe\u00e7a hist\u00f3rias que emocionam de quem j\u00e1 fez o Enem<\/title>\n<meta name=\"description\" content=\"Conhe\u00e7a hist\u00f3rias que emocionam de quem j\u00e1 fez o Enem\" \/>\n<meta name=\"robots\" content=\"index, follow, max-snippet:-1, max-image-preview:large, max-video-preview:-1\" \/>\n<link rel=\"canonical\" href=\"https:\/\/www.fatosefotosnews.com.br\/?p=127374\" \/>\n<meta property=\"og:locale\" content=\"pt_BR\" \/>\n<meta property=\"og:type\" content=\"article\" \/>\n<meta property=\"og:title\" content=\"Conhe\u00e7a hist\u00f3rias que emocionam de quem j\u00e1 fez o Enem\" \/>\n<meta property=\"og:description\" content=\"Conhe\u00e7a hist\u00f3rias que emocionam de quem j\u00e1 fez o Enem\" \/>\n<meta property=\"og:url\" content=\"https:\/\/www.fatosefotosnews.com.br\/?p=127374\" \/>\n<meta property=\"og:site_name\" content=\"Fatos e Fotos News\" \/>\n<meta property=\"article:published_time\" content=\"2025-06-05T22:31:56+00:00\" \/>\n<meta property=\"og:image\" content=\"https:\/\/www.fatosefotosnews.com.br\/wp-content\/uploads\/2025\/06\/a1a5b2f39fcfea08d57d23e8a9b275bb.png\" \/>\n\t<meta property=\"og:image:width\" content=\"1024\" \/>\n\t<meta property=\"og:image:height\" content=\"614\" \/>\n\t<meta property=\"og:image:type\" content=\"image\/png\" \/>\n<meta name=\"author\" content=\"Da Reda\u00e7\u00e3o\" \/>\n<meta name=\"twitter:card\" content=\"summary_large_image\" \/>\n<meta name=\"twitter:label1\" content=\"Escrito por\" \/>\n\t<meta name=\"twitter:data1\" content=\"Da Reda\u00e7\u00e3o\" \/>\n\t<meta name=\"twitter:label2\" content=\"Est. tempo de leitura\" \/>\n\t<meta name=\"twitter:data2\" content=\"99 minutos\" \/>\n<script type=\"application\/ld+json\" class=\"yoast-schema-graph\">{\"@context\":\"https:\\\/\\\/schema.org\",\"@graph\":[{\"@type\":\"Article\",\"@id\":\"https:\\\/\\\/www.fatosefotosnews.com.br\\\/?p=127374#article\",\"isPartOf\":{\"@id\":\"https:\\\/\\\/www.fatosefotosnews.com.br\\\/?p=127374\"},\"author\":{\"name\":\"Da Reda\u00e7\u00e3o\",\"@id\":\"https:\\\/\\\/www.fatosefotosnews.com.br\\\/#\\\/schema\\\/person\\\/3b80f81d08670fb1f6690e07eb8b5dc6\"},\"headline\":\"Conhe\u00e7a hist\u00f3rias que emocionam de quem j\u00e1 fez o Enem\",\"datePublished\":\"2025-06-05T22:31:56+00:00\",\"mainEntityOfPage\":{\"@id\":\"https:\\\/\\\/www.fatosefotosnews.com.br\\\/?p=127374\"},\"wordCount\":951,\"publisher\":{\"@id\":\"https:\\\/\\\/www.fatosefotosnews.com.br\\\/#organization\"},\"image\":{\"@id\":\"https:\\\/\\\/www.fatosefotosnews.com.br\\\/?p=127374#primaryimage\"},\"thumbnailUrl\":\"https:\\\/\\\/www.fatosefotosnews.com.br\\\/wp-content\\\/uploads\\\/2025\\\/06\\\/a1a5b2f39fcfea08d57d23e8a9b275bb.png\",\"keywords\":[\"conhe\",\"emocionam\",\"historias\"],\"articleSection\":[\"Educa\u00e7\u00e3o\"],\"inLanguage\":\"pt-BR\"},{\"@type\":\"WebPage\",\"@id\":\"https:\\\/\\\/www.fatosefotosnews.com.br\\\/?p=127374\",\"url\":\"https:\\\/\\\/www.fatosefotosnews.com.br\\\/?p=127374\",\"name\":\"Conhe\u00e7a hist\u00f3rias que emocionam de quem j\u00e1 fez o Enem\",\"isPartOf\":{\"@id\":\"https:\\\/\\\/www.fatosefotosnews.com.br\\\/#website\"},\"primaryImageOfPage\":{\"@id\":\"https:\\\/\\\/www.fatosefotosnews.com.br\\\/?p=127374#primaryimage\"},\"image\":{\"@id\":\"https:\\\/\\\/www.fatosefotosnews.com.br\\\/?p=127374#primaryimage\"},\"thumbnailUrl\":\"https:\\\/\\\/www.fatosefotosnews.com.br\\\/wp-content\\\/uploads\\\/2025\\\/06\\\/a1a5b2f39fcfea08d57d23e8a9b275bb.png\",\"datePublished\":\"2025-06-05T22:31:56+00:00\",\"description\":\"Conhe\u00e7a hist\u00f3rias que emocionam de quem j\u00e1 fez o Enem\",\"breadcrumb\":{\"@id\":\"https:\\\/\\\/www.fatosefotosnews.com.br\\\/?p=127374#breadcrumb\"},\"inLanguage\":\"pt-BR\",\"potentialAction\":[{\"@type\":\"ReadAction\",\"target\":[\"https:\\\/\\\/www.fatosefotosnews.com.br\\\/?p=127374\"]}]},{\"@type\":\"ImageObject\",\"inLanguage\":\"pt-BR\",\"@id\":\"https:\\\/\\\/www.fatosefotosnews.com.br\\\/?p=127374#primaryimage\",\"url\":\"https:\\\/\\\/www.fatosefotosnews.com.br\\\/wp-content\\\/uploads\\\/2025\\\/06\\\/a1a5b2f39fcfea08d57d23e8a9b275bb.png\",\"contentUrl\":\"https:\\\/\\\/www.fatosefotosnews.com.br\\\/wp-content\\\/uploads\\\/2025\\\/06\\\/a1a5b2f39fcfea08d57d23e8a9b275bb.png\",\"width\":1024,\"height\":614,\"caption\":\"Foto: Arquivo Pessoal\"},{\"@type\":\"BreadcrumbList\",\"@id\":\"https:\\\/\\\/www.fatosefotosnews.com.br\\\/?p=127374#breadcrumb\",\"itemListElement\":[{\"@type\":\"ListItem\",\"position\":1,\"name\":\"In\u00edcio\",\"item\":\"https:\\\/\\\/www.fatosefotosnews.com.br\\\/\"},{\"@type\":\"ListItem\",\"position\":2,\"name\":\"Conhe\u00e7a hist\u00f3rias que emocionam de quem j\u00e1 fez o Enem\"}]},{\"@type\":\"WebSite\",\"@id\":\"https:\\\/\\\/www.fatosefotosnews.com.br\\\/#website\",\"url\":\"https:\\\/\\\/www.fatosefotosnews.com.br\\\/\",\"name\":\"Fatos e Fotos News\",\"description\":\"Um site de noticial verdadeira e confi\u00e1veis.\",\"publisher\":{\"@id\":\"https:\\\/\\\/www.fatosefotosnews.com.br\\\/#organization\"},\"potentialAction\":[{\"@type\":\"SearchAction\",\"target\":{\"@type\":\"EntryPoint\",\"urlTemplate\":\"https:\\\/\\\/www.fatosefotosnews.com.br\\\/?s={search_term_string}\"},\"query-input\":{\"@type\":\"PropertyValueSpecification\",\"valueRequired\":true,\"valueName\":\"search_term_string\"}}],\"inLanguage\":\"pt-BR\"},{\"@type\":\"Organization\",\"@id\":\"https:\\\/\\\/www.fatosefotosnews.com.br\\\/#organization\",\"name\":\"Fatos e Fotos News\",\"url\":\"https:\\\/\\\/www.fatosefotosnews.com.br\\\/\",\"logo\":{\"@type\":\"ImageObject\",\"inLanguage\":\"pt-BR\",\"@id\":\"https:\\\/\\\/www.fatosefotosnews.com.br\\\/#\\\/schema\\\/logo\\\/image\\\/\",\"url\":\"https:\\\/\\\/www.fatosefotosnews.com.br\\\/wp-content\\\/uploads\\\/2023\\\/02\\\/Fatos-e-Fotos-news-logo.png\",\"contentUrl\":\"https:\\\/\\\/www.fatosefotosnews.com.br\\\/wp-content\\\/uploads\\\/2023\\\/02\\\/Fatos-e-Fotos-news-logo.png\",\"width\":300,\"height\":58,\"caption\":\"Fatos e Fotos News\"},\"image\":{\"@id\":\"https:\\\/\\\/www.fatosefotosnews.com.br\\\/#\\\/schema\\\/logo\\\/image\\\/\"}},{\"@type\":\"Person\",\"@id\":\"https:\\\/\\\/www.fatosefotosnews.com.br\\\/#\\\/schema\\\/person\\\/3b80f81d08670fb1f6690e07eb8b5dc6\",\"name\":\"Da Reda\u00e7\u00e3o\",\"image\":{\"@type\":\"ImageObject\",\"inLanguage\":\"pt-BR\",\"@id\":\"https:\\\/\\\/secure.gravatar.com\\\/avatar\\\/696d39935a657bf0fc95044dbc9f912520430a0eb6dd46c85dd97eb6483b249b?s=96&d=mm&r=g\",\"url\":\"https:\\\/\\\/secure.gravatar.com\\\/avatar\\\/696d39935a657bf0fc95044dbc9f912520430a0eb6dd46c85dd97eb6483b249b?s=96&d=mm&r=g\",\"contentUrl\":\"https:\\\/\\\/secure.gravatar.com\\\/avatar\\\/696d39935a657bf0fc95044dbc9f912520430a0eb6dd46c85dd97eb6483b249b?s=96&d=mm&r=g\",\"caption\":\"Da Reda\u00e7\u00e3o\"},\"url\":\"https:\\\/\\\/www.fatosefotosnews.com.br\\\/?author=5\"}]}<\/script>\n<!-- \/ Yoast SEO plugin. -->","yoast_head_json":{"title":"Conhe\u00e7a hist\u00f3rias que emocionam de quem j\u00e1 fez o Enem","description":"Conhe\u00e7a hist\u00f3rias que emocionam de quem j\u00e1 fez o Enem","robots":{"index":"index","follow":"follow","max-snippet":"max-snippet:-1","max-image-preview":"max-image-preview:large","max-video-preview":"max-video-preview:-1"},"canonical":"https:\/\/www.fatosefotosnews.com.br\/?p=127374","og_locale":"pt_BR","og_type":"article","og_title":"Conhe\u00e7a hist\u00f3rias que emocionam de quem j\u00e1 fez o Enem","og_description":"Conhe\u00e7a hist\u00f3rias que emocionam de quem j\u00e1 fez o Enem","og_url":"https:\/\/www.fatosefotosnews.com.br\/?p=127374","og_site_name":"Fatos e Fotos News","article_published_time":"2025-06-05T22:31:56+00:00","og_image":[{"width":1024,"height":614,"url":"https:\/\/www.fatosefotosnews.com.br\/wp-content\/uploads\/2025\/06\/a1a5b2f39fcfea08d57d23e8a9b275bb.png","type":"image\/png"}],"author":"Da Reda\u00e7\u00e3o","twitter_card":"summary_large_image","twitter_misc":{"Escrito por":"Da Reda\u00e7\u00e3o","Est. tempo de leitura":"99 minutos"},"schema":{"@context":"https:\/\/schema.org","@graph":[{"@type":"Article","@id":"https:\/\/www.fatosefotosnews.com.br\/?p=127374#article","isPartOf":{"@id":"https:\/\/www.fatosefotosnews.com.br\/?p=127374"},"author":{"name":"Da Reda\u00e7\u00e3o","@id":"https:\/\/www.fatosefotosnews.com.br\/#\/schema\/person\/3b80f81d08670fb1f6690e07eb8b5dc6"},"headline":"Conhe\u00e7a hist\u00f3rias que emocionam de quem j\u00e1 fez o Enem","datePublished":"2025-06-05T22:31:56+00:00","mainEntityOfPage":{"@id":"https:\/\/www.fatosefotosnews.com.br\/?p=127374"},"wordCount":951,"publisher":{"@id":"https:\/\/www.fatosefotosnews.com.br\/#organization"},"image":{"@id":"https:\/\/www.fatosefotosnews.com.br\/?p=127374#primaryimage"},"thumbnailUrl":"https:\/\/www.fatosefotosnews.com.br\/wp-content\/uploads\/2025\/06\/a1a5b2f39fcfea08d57d23e8a9b275bb.png","keywords":["conhe","emocionam","historias"],"articleSection":["Educa\u00e7\u00e3o"],"inLanguage":"pt-BR"},{"@type":"WebPage","@id":"https:\/\/www.fatosefotosnews.com.br\/?p=127374","url":"https:\/\/www.fatosefotosnews.com.br\/?p=127374","name":"Conhe\u00e7a hist\u00f3rias que emocionam de quem j\u00e1 fez o Enem","isPartOf":{"@id":"https:\/\/www.fatosefotosnews.com.br\/#website"},"primaryImageOfPage":{"@id":"https:\/\/www.fatosefotosnews.com.br\/?p=127374#primaryimage"},"image":{"@id":"https:\/\/www.fatosefotosnews.com.br\/?p=127374#primaryimage"},"thumbnailUrl":"https:\/\/www.fatosefotosnews.com.br\/wp-content\/uploads\/2025\/06\/a1a5b2f39fcfea08d57d23e8a9b275bb.png","datePublished":"2025-06-05T22:31:56+00:00","description":"Conhe\u00e7a hist\u00f3rias que emocionam de quem j\u00e1 fez o Enem","breadcrumb":{"@id":"https:\/\/www.fatosefotosnews.com.br\/?p=127374#breadcrumb"},"inLanguage":"pt-BR","potentialAction":[{"@type":"ReadAction","target":["https:\/\/www.fatosefotosnews.com.br\/?p=127374"]}]},{"@type":"ImageObject","inLanguage":"pt-BR","@id":"https:\/\/www.fatosefotosnews.com.br\/?p=127374#primaryimage","url":"https:\/\/www.fatosefotosnews.com.br\/wp-content\/uploads\/2025\/06\/a1a5b2f39fcfea08d57d23e8a9b275bb.png","contentUrl":"https:\/\/www.fatosefotosnews.com.br\/wp-content\/uploads\/2025\/06\/a1a5b2f39fcfea08d57d23e8a9b275bb.png","width":1024,"height":614,"caption":"Foto: Arquivo Pessoal"},{"@type":"BreadcrumbList","@id":"https:\/\/www.fatosefotosnews.com.br\/?p=127374#breadcrumb","itemListElement":[{"@type":"ListItem","position":1,"name":"In\u00edcio","item":"https:\/\/www.fatosefotosnews.com.br\/"},{"@type":"ListItem","position":2,"name":"Conhe\u00e7a hist\u00f3rias que emocionam de quem j\u00e1 fez o Enem"}]},{"@type":"WebSite","@id":"https:\/\/www.fatosefotosnews.com.br\/#website","url":"https:\/\/www.fatosefotosnews.com.br\/","name":"Fatos e Fotos News","description":"Um site de noticial verdadeira e confi\u00e1veis.","publisher":{"@id":"https:\/\/www.fatosefotosnews.com.br\/#organization"},"potentialAction":[{"@type":"SearchAction","target":{"@type":"EntryPoint","urlTemplate":"https:\/\/www.fatosefotosnews.com.br\/?s={search_term_string}"},"query-input":{"@type":"PropertyValueSpecification","valueRequired":true,"valueName":"search_term_string"}}],"inLanguage":"pt-BR"},{"@type":"Organization","@id":"https:\/\/www.fatosefotosnews.com.br\/#organization","name":"Fatos e Fotos News","url":"https:\/\/www.fatosefotosnews.com.br\/","logo":{"@type":"ImageObject","inLanguage":"pt-BR","@id":"https:\/\/www.fatosefotosnews.com.br\/#\/schema\/logo\/image\/","url":"https:\/\/www.fatosefotosnews.com.br\/wp-content\/uploads\/2023\/02\/Fatos-e-Fotos-news-logo.png","contentUrl":"https:\/\/www.fatosefotosnews.com.br\/wp-content\/uploads\/2023\/02\/Fatos-e-Fotos-news-logo.png","width":300,"height":58,"caption":"Fatos e Fotos News"},"image":{"@id":"https:\/\/www.fatosefotosnews.com.br\/#\/schema\/logo\/image\/"}},{"@type":"Person","@id":"https:\/\/www.fatosefotosnews.com.br\/#\/schema\/person\/3b80f81d08670fb1f6690e07eb8b5dc6","name":"Da Reda\u00e7\u00e3o","image":{"@type":"ImageObject","inLanguage":"pt-BR","@id":"https:\/\/secure.gravatar.com\/avatar\/696d39935a657bf0fc95044dbc9f912520430a0eb6dd46c85dd97eb6483b249b?s=96&d=mm&r=g","url":"https:\/\/secure.gravatar.com\/avatar\/696d39935a657bf0fc95044dbc9f912520430a0eb6dd46c85dd97eb6483b249b?s=96&d=mm&r=g","contentUrl":"https:\/\/secure.gravatar.com\/avatar\/696d39935a657bf0fc95044dbc9f912520430a0eb6dd46c85dd97eb6483b249b?s=96&d=mm&r=g","caption":"Da Reda\u00e7\u00e3o"},"url":"https:\/\/www.fatosefotosnews.com.br\/?author=5"}]}},"jetpack_publicize_connections":[],"blog_post_layout_featured_media_urls":{"thumbnail":["https:\/\/www.fatosefotosnews.com.br\/wp-content\/uploads\/2025\/06\/a1a5b2f39fcfea08d57d23e8a9b275bb-150x150.png",150,150,true],"full":["https:\/\/www.fatosefotosnews.com.br\/wp-content\/uploads\/2025\/06\/a1a5b2f39fcfea08d57d23e8a9b275bb.png",1024,614,false]},"categories_names":{"24902":{"name":"Educa\u00e7\u00e3o","link":"https:\/\/www.fatosefotosnews.com.br\/?cat=24902"}},"tags_names":{"562":{"name":"conhe","link":"https:\/\/www.fatosefotosnews.com.br\/?tag=conhe"},"13477":{"name":"emocionam","link":"https:\/\/www.fatosefotosnews.com.br\/?tag=emocionam"},"2365":{"name":"historias","link":"https:\/\/www.fatosefotosnews.com.br\/?tag=historias"}},"comments_number":"0","wpmagazine_modules_lite_featured_media_urls":{"thumbnail":["https:\/\/www.fatosefotosnews.com.br\/wp-content\/uploads\/2025\/06\/a1a5b2f39fcfea08d57d23e8a9b275bb-150x150.png",150,150,true],"cvmm-medium":["https:\/\/www.fatosefotosnews.com.br\/wp-content\/uploads\/2025\/06\/a1a5b2f39fcfea08d57d23e8a9b275bb-300x300.png",300,300,true],"cvmm-medium-plus":["https:\/\/www.fatosefotosnews.com.br\/wp-content\/uploads\/2025\/06\/a1a5b2f39fcfea08d57d23e8a9b275bb-305x207.png",305,207,true],"cvmm-portrait":["https:\/\/www.fatosefotosnews.com.br\/wp-content\/uploads\/2025\/06\/a1a5b2f39fcfea08d57d23e8a9b275bb-400x600.png",400,600,true],"cvmm-medium-square":["https:\/\/www.fatosefotosnews.com.br\/wp-content\/uploads\/2025\/06\/a1a5b2f39fcfea08d57d23e8a9b275bb-600x600.png",600,600,true],"cvmm-large":["https:\/\/www.fatosefotosnews.com.br\/wp-content\/uploads\/2025\/06\/a1a5b2f39fcfea08d57d23e8a9b275bb.png",1024,614,false],"cvmm-small":["https:\/\/www.fatosefotosnews.com.br\/wp-content\/uploads\/2025\/06\/a1a5b2f39fcfea08d57d23e8a9b275bb-130x95.png",130,95,true],"full":["https:\/\/www.fatosefotosnews.com.br\/wp-content\/uploads\/2025\/06\/a1a5b2f39fcfea08d57d23e8a9b275bb.png",1024,614,false]},"_links":{"self":[{"href":"https:\/\/www.fatosefotosnews.com.br\/index.php?rest_route=\/wp\/v2\/posts\/127374","targetHints":{"allow":["GET"]}}],"collection":[{"href":"https:\/\/www.fatosefotosnews.com.br\/index.php?rest_route=\/wp\/v2\/posts"}],"about":[{"href":"https:\/\/www.fatosefotosnews.com.br\/index.php?rest_route=\/wp\/v2\/types\/post"}],"author":[{"embeddable":true,"href":"https:\/\/www.fatosefotosnews.com.br\/index.php?rest_route=\/wp\/v2\/users\/5"}],"replies":[{"embeddable":true,"href":"https:\/\/www.fatosefotosnews.com.br\/index.php?rest_route=%2Fwp%2Fv2%2Fcomments&post=127374"}],"version-history":[{"count":0,"href":"https:\/\/www.fatosefotosnews.com.br\/index.php?rest_route=\/wp\/v2\/posts\/127374\/revisions"}],"wp:featuredmedia":[{"embeddable":true,"href":"https:\/\/www.fatosefotosnews.com.br\/index.php?rest_route=\/wp\/v2\/media\/127375"}],"wp:attachment":[{"href":"https:\/\/www.fatosefotosnews.com.br\/index.php?rest_route=%2Fwp%2Fv2%2Fmedia&parent=127374"}],"wp:term":[{"taxonomy":"category","embeddable":true,"href":"https:\/\/www.fatosefotosnews.com.br\/index.php?rest_route=%2Fwp%2Fv2%2Fcategories&post=127374"},{"taxonomy":"post_tag","embeddable":true,"href":"https:\/\/www.fatosefotosnews.com.br\/index.php?rest_route=%2Fwp%2Fv2%2Ftags&post=127374"}],"curies":[{"name":"wp","href":"https:\/\/api.w.org\/{rel}","templated":true}]}}