{"id":128043,"date":"2025-06-10T18:32:55","date_gmt":"2025-06-10T21:32:55","guid":{"rendered":"https:\/\/www.fatosefotosnews.com.br\/prefeitura-de-rio-branco-lanca-plano-de-prevencao-portal-de-denuncias-e-sistema-de-monitoramento-de-queimadas-urbanas\/"},"modified":"2025-06-10T18:32:55","modified_gmt":"2025-06-10T21:32:55","slug":"prefeitura-de-rio-branco-lanca-plano-de-prevencao-portal-de-denuncias-e-sistema-de-monitoramento-de-queimadas-urbanas","status":"publish","type":"post","link":"https:\/\/www.fatosefotosnews.com.br\/?p=128043","title":{"rendered":"Prefeitura de Rio Branco lan\u00e7a Plano de Preven\u00e7\u00e3o, Portal de Den\u00fancias e Sistema de Monitoramento de Queimadas Urbanas"},"content":{"rendered":"<div id=\"infocoweb\" data-uuid=\"a57da3ac-99cb-4ce8-9757-85a19b96bcde\" class=\"infocoweb infocoweb_canal_375\">\n<div id=\"infocoweb_cabecalho\" class=\"infocoweb_cabecalho\"><\/div>\n<div id=\"infocoweb_corpo\" class=\"infocoweb_corpo\">\n<p>A Prefeitura de Rio Branco, por meio da Secretaria Municipal de Meio Ambiente, lan\u00e7ou nesta ter\u00e7a-feira (10), no Horto Florestal, um pacote de medidas inovadoras para o enfrentamento \u00e0s queimadas urbanas durante o per\u00edodo de estiagem. A a\u00e7\u00e3o integra o lan\u00e7amento do Plano de Combate e Preven\u00e7\u00e3o \u00e0s Queimadas Urbanas 2025 e o novo Portal de Den\u00fancias Ambientais e o Sistema de Gest\u00e3o e Monitoramento de Queimadas.<\/p>\n<figure id=\"attachment_151384\" aria-describedby=\"caption-attachment-151384\" style=\"width: 166px\" class=\"wp-caption alignright\"><img decoding=\"async\" class=\"wp-image-151384\" src=\"https:\/\/www.riobranco.ac.gov.br\/wp-content\/uploads\/2025\/06\/Plano-de-Prevencao-Queimadas-Urbanas-18-e1749584323925.jpeg\" alt=\"\" width=\"166\" height=\"170\"><figcaption id=\"caption-attachment-151384\" class=\"wp-caption-text\"><em>Alysson: \u201d O foco \u00e9 a educa\u00e7\u00e3o ambiental\u201d (Foto: Marcos Ara\u00fajo\/Secom)<\/em><\/figcaption><\/figure>\n<p>Segundo o prefeito em exerc\u00edcio, Alysson Bestene, a iniciativa representa um avan\u00e7o significativo na atua\u00e7\u00e3o ambiental do munic\u00edpio, refor\u00e7ando o compromisso com a sa\u00fade p\u00fablica e a qualidade de vida da popula\u00e7\u00e3o.<\/p>\n<p>\u201cTodas essas a\u00e7\u00f5es v\u00eam em converg\u00eancia com o nosso Plano Municipal, constru\u00eddo durante a Confer\u00eancia Municipal do Meio Ambiente. O foco \u00e9 a educa\u00e7\u00e3o ambiental e a conscientiza\u00e7\u00e3o da popula\u00e7\u00e3o para evitar pr\u00e1ticas como a queima de lixo dom\u00e9stico ou entulho, contribuindo assim para um ar mais limpo em nossa cidade\u201d, destacou o prefeito.<\/p>\n<p><strong>Tecnologia e transpar\u00eancia no combate \u00e0s queimadas<\/strong><\/p>\n<p>Um dos destaques do lan\u00e7amento foi o Sistema de Gest\u00e3o e Monitoramento de Queimadas, que permitir\u00e1 o controle mais preciso dos focos de inc\u00eandio na cidade. A plataforma apresenta dados como n\u00famero de ocorr\u00eancias, localiza\u00e7\u00e3o por regionais, tipos de queimadas e outras informa\u00e7\u00f5es relevantes para a atua\u00e7\u00e3o preventiva e fiscalizat\u00f3ria dos \u00f3rg\u00e3os ambientais.<\/p>\n<figure id=\"attachment_151420\" aria-describedby=\"caption-attachment-151420\" style=\"width: 174px\" class=\"wp-caption alignleft\"><img decoding=\"async\" class=\"wp-image-151420\" src=\"https:\/\/www.riobranco.ac.gov.br\/wp-content\/uploads\/2025\/06\/Plano-de-Prevencao-Queimadas-Urbanas-16-1-e1749585795329.jpeg\" alt=\"\" width=\"174\" height=\"151\"><figcaption id=\"caption-attachment-151420\" class=\"wp-caption-text\"><em>Flaviane: \u201c\u00c9 mais seguran\u00e7a e confian\u00e7a ao denunciante\u201d (Foto: Marcos Ara\u00fajo\/Secom)<\/em><\/figcaption><\/figure>\n<p>A secret\u00e1ria Municipal de Meio Ambiente, Flaviane Stedile, explicou que o novo Portal de Den\u00fancias Ambientais foi desenvolvido para aprimorar a comunica\u00e7\u00e3o com a popula\u00e7\u00e3o, garantindo mais efici\u00eancia e transpar\u00eancia no atendimento \u00e0s den\u00fancias.<\/p>\n<p>\u201cMuitas vezes, o cidad\u00e3o realizava a den\u00fancia, mas n\u00e3o recebia retorno sobre o andamento. Com essa nova ferramenta, ser\u00e1 poss\u00edvel acompanhar o status da den\u00fancia via WhatsApp, e-mail ou diretamente pelo Portal. Isso oferece mais seguran\u00e7a e confian\u00e7a ao denunciante\u201d, afirmou.<\/p>\n<p>O portal j\u00e1 est\u00e1 dispon\u00edvel no site oficial da Prefeitura de Rio Branco. Para acess\u00e1-lo, basta entrar em meioambiente.riobranco.ac.gov.br ou, alternativamente, acessar o site da Prefeitura e clicar em Portal > Portal da Semeia.<\/p>\n<p>Al\u00e9m disso, est\u00e1 dispon\u00edvel o n\u00famero de Disque Den\u00fancia Ambiental pelo WhatsApp: (68) 3212-7466, que funcionar\u00e1 como mais um canal de atendimento direto \u00e0 popula\u00e7\u00e3o.<\/p>\n<p><strong>Preven\u00e7\u00e3o, educa\u00e7\u00e3o e fiscaliza\u00e7\u00e3o<\/strong><\/p>\n<figure id=\"attachment_151368\" aria-describedby=\"caption-attachment-151368\" style=\"width: 157px\" class=\"wp-caption alignright\"><img decoding=\"async\" class=\"wp-image-151368\" src=\"https:\/\/www.riobranco.ac.gov.br\/wp-content\/uploads\/2025\/06\/Plano-de-Prevencao-Queimadas-Urbanas-2-e1749584639226.jpeg\" alt=\"\" width=\"157\" height=\"160\"><figcaption id=\"caption-attachment-151368\" class=\"wp-caption-text\"><em>Kelen: \u201c\u201cSofremos muito com os efeitos das queimadas\u201d (Foto: Marcos Ara\u00fajo\/Secom)<\/em><\/figcaption><\/figure>\n<p>A chefe de Gabinete da Prefeitura, Kelen Bocalom, ressaltou que o plano \u00e9 parte de um esfor\u00e7o mais amplo para combater os impactos negativos das queimadas, como o aumento das doen\u00e7as respirat\u00f3rias e os danos ao meio ambiente.<\/p>\n<p>\u201cSofremos muito com os efeitos das queimadas. S\u00e3o in\u00fameros casos de problemas respirat\u00f3rios. Pensando nisso, a Prefeitura apoia essa iniciativa da Semeia, que vem com uma proposta educativa, fiscalizat\u00f3ria e, principalmente, preventiva. Com a colabora\u00e7\u00e3o da popula\u00e7\u00e3o, poderemos reduzir significativamente os focos de inc\u00eandio em \u00e1reas urbanas\u201d, refor\u00e7ou.<\/p>\n<p>Com essas a\u00e7\u00f5es integradas, a Prefeitura de Rio Branco reafirma seu compromisso com a sustentabilidade, a sa\u00fade p\u00fablica e a participa\u00e7\u00e3o cidad\u00e3 no enfrentamento aos desafios ambientais do munic\u00edpio.<\/p>\n<div id=\"gallery-2\" class=\"gallery galleryid-151365 gallery-columns-3 gallery-size-full\">\n<figure class=\"gallery-item\">\n<div class=\"gallery-icon landscape\"> \t\t\t\t<a href=\"https:\/\/www.riobranco.ac.gov.br\/wp-content\/uploads\/2025\/06\/Plano-de-Prevencao-Queimadas-Urbanas-21.jpeg\"><img loading=\"lazy\" decoding=\"async\" loading=\"lazy\" width=\"1280\" height=\"853\" src=\"https:\/\/www.riobranco.ac.gov.br\/wp-content\/uploads\/2025\/06\/Plano-de-Prevencao-Queimadas-Urbanas-21.jpeg\" class=\"attachment-full size-full\" alt=\"\" aria-describedby=\"gallery-2-151387\"><\/a> \t\t\t<\/div><figcaption class=\"wp-caption-text gallery-caption\" id=\"gallery-2-151387\"> \t\t\t\t(Foto: Marcos Ara\u00fajo\/Secom) \t\t\t\t<\/figcaption><\/figure>\n<figure class=\"gallery-item\">\n<div class=\"gallery-icon landscape\"> \t\t\t\t<a href=\"https:\/\/www.riobranco.ac.gov.br\/wp-content\/uploads\/2025\/06\/Plano-de-Prevencao-Queimadas-Urbanas-20.jpeg\"><img loading=\"lazy\" decoding=\"async\" loading=\"lazy\" width=\"1280\" height=\"853\" src=\"https:\/\/www.riobranco.ac.gov.br\/wp-content\/uploads\/2025\/06\/Plano-de-Prevencao-Queimadas-Urbanas-20.jpeg\" class=\"attachment-full size-full\" alt=\"\" aria-describedby=\"gallery-2-151386\"><\/a> \t\t\t<\/div><figcaption class=\"wp-caption-text gallery-caption\" id=\"gallery-2-151386\"> \t\t\t\t(Foto: Marcos Ara\u00fajo\/Secom) \t\t\t\t<\/figcaption><\/figure>\n<figure class=\"gallery-item\">\n<div class=\"gallery-icon landscape\"> \t\t\t\t<a href=\"https:\/\/www.riobranco.ac.gov.br\/wp-content\/uploads\/2025\/06\/Plano-de-Prevencao-Queimadas-Urbanas-19.jpeg\"><img loading=\"lazy\" decoding=\"async\" loading=\"lazy\" width=\"1280\" height=\"853\" src=\"https:\/\/www.riobranco.ac.gov.br\/wp-content\/uploads\/2025\/06\/Plano-de-Prevencao-Queimadas-Urbanas-19.jpeg\" class=\"attachment-full size-full\" alt=\"\" aria-describedby=\"gallery-2-151385\"><\/a> \t\t\t<\/div><figcaption class=\"wp-caption-text gallery-caption\" id=\"gallery-2-151385\"> \t\t\t\t(Foto: Marcos Ara\u00fajo\/Secom) \t\t\t\t<\/figcaption><\/figure>\n<figure class=\"gallery-item\">\n<div class=\"gallery-icon landscape\"> \t\t\t\t<a href=\"https:\/\/www.riobranco.ac.gov.br\/wp-content\/uploads\/2025\/06\/Plano-de-Prevencao-Queimadas-Urbanas-17.jpeg\"><img loading=\"lazy\" decoding=\"async\" loading=\"lazy\" width=\"1600\" height=\"1067\" src=\"https:\/\/www.riobranco.ac.gov.br\/wp-content\/uploads\/2025\/06\/Plano-de-Prevencao-Queimadas-Urbanas-17.jpeg\" class=\"attachment-full size-full\" alt=\"\" aria-describedby=\"gallery-2-151383\"><\/a> \t\t\t<\/div><figcaption class=\"wp-caption-text gallery-caption\" id=\"gallery-2-151383\"> \t\t\t\t(Foto: Marcos Ara\u00fajo\/Secom) \t\t\t\t<\/figcaption><\/figure>\n<figure class=\"gallery-item\">\n<div class=\"gallery-icon landscape\"> \t\t\t\t<a href=\"https:\/\/www.riobranco.ac.gov.br\/wp-content\/uploads\/2025\/06\/Plano-de-Prevencao-Queimadas-Urbanas-16.jpeg\"><img loading=\"lazy\" decoding=\"async\" loading=\"lazy\" width=\"1280\" height=\"853\" src=\"https:\/\/www.riobranco.ac.gov.br\/wp-content\/uploads\/2025\/06\/Plano-de-Prevencao-Queimadas-Urbanas-16.jpeg\" class=\"attachment-full size-full\" alt=\"\" aria-describedby=\"gallery-2-151382\"><\/a> \t\t\t<\/div><figcaption class=\"wp-caption-text gallery-caption\" id=\"gallery-2-151382\"> \t\t\t\t(Foto: Marcos Ara\u00fajo\/Secom) \t\t\t\t<\/figcaption><\/figure>\n<figure class=\"gallery-item\">\n<div class=\"gallery-icon landscape\"> \t\t\t\t<a href=\"https:\/\/www.riobranco.ac.gov.br\/wp-content\/uploads\/2025\/06\/Plano-de-Prevencao-Queimadas-Urbanas-14.jpeg\"><img loading=\"lazy\" decoding=\"async\" loading=\"lazy\" width=\"1280\" height=\"853\" src=\"https:\/\/www.riobranco.ac.gov.br\/wp-content\/uploads\/2025\/06\/Plano-de-Prevencao-Queimadas-Urbanas-14.jpeg\" class=\"attachment-full size-full\" alt=\"\" aria-describedby=\"gallery-2-151380\"><\/a> \t\t\t<\/div><figcaption class=\"wp-caption-text gallery-caption\" id=\"gallery-2-151380\"> \t\t\t\t(Foto: Marcos Ara\u00fajo\/Secom) \t\t\t\t<\/figcaption><\/figure>\n<figure class=\"gallery-item\">\n<div class=\"gallery-icon landscape\"> \t\t\t\t<a href=\"https:\/\/www.riobranco.ac.gov.br\/wp-content\/uploads\/2025\/06\/Plano-de-Prevencao-Queimadas-Urbanas-13.jpeg\"><img loading=\"lazy\" decoding=\"async\" loading=\"lazy\" width=\"1280\" height=\"853\" src=\"https:\/\/www.riobranco.ac.gov.br\/wp-content\/uploads\/2025\/06\/Plano-de-Prevencao-Queimadas-Urbanas-13.jpeg\" class=\"attachment-full size-full\" alt=\"\" aria-describedby=\"gallery-2-151379\"><\/a> \t\t\t<\/div><figcaption class=\"wp-caption-text gallery-caption\" id=\"gallery-2-151379\"> \t\t\t\t(Foto: Marcos Ara\u00fajo\/Secom) \t\t\t\t<\/figcaption><\/figure>\n<figure class=\"gallery-item\">\n<div class=\"gallery-icon landscape\"> \t\t\t\t<a href=\"https:\/\/www.riobranco.ac.gov.br\/wp-content\/uploads\/2025\/06\/Plano-de-Prevencao-Queimadas-Urbanas-12.jpeg\"><img loading=\"lazy\" decoding=\"async\" loading=\"lazy\" width=\"1280\" height=\"853\" src=\"https:\/\/www.riobranco.ac.gov.br\/wp-content\/uploads\/2025\/06\/Plano-de-Prevencao-Queimadas-Urbanas-12.jpeg\" class=\"attachment-full size-full\" alt=\"\" aria-describedby=\"gallery-2-151378\"><\/a> \t\t\t<\/div><figcaption class=\"wp-caption-text gallery-caption\" id=\"gallery-2-151378\"> \t\t\t\t(Foto: Marcos Ara\u00fajo\/Secom) \t\t\t\t<\/figcaption><\/figure>\n<figure class=\"gallery-item\">\n<div class=\"gallery-icon landscape\"> \t\t\t\t<a href=\"https:\/\/www.riobranco.ac.gov.br\/wp-content\/uploads\/2025\/06\/Plano-de-Prevencao-Queimadas-Urbanas-10.jpeg\"><img loading=\"lazy\" decoding=\"async\" loading=\"lazy\" width=\"1280\" height=\"853\" src=\"https:\/\/www.riobranco.ac.gov.br\/wp-content\/uploads\/2025\/06\/Plano-de-Prevencao-Queimadas-Urbanas-10.jpeg\" class=\"attachment-full size-full\" alt=\"\" aria-describedby=\"gallery-2-151376\"><\/a> \t\t\t<\/div><figcaption class=\"wp-caption-text gallery-caption\" id=\"gallery-2-151376\"> \t\t\t\t(Foto: Marcos Ara\u00fajo\/Secom) \t\t\t\t<\/figcaption><\/figure>\n<figure class=\"gallery-item\">\n<div class=\"gallery-icon landscape\"> \t\t\t\t<a href=\"https:\/\/www.riobranco.ac.gov.br\/wp-content\/uploads\/2025\/06\/Plano-de-Prevencao-Queimadas-Urbanas-11.jpeg\"><img loading=\"lazy\" decoding=\"async\" loading=\"lazy\" width=\"1600\" height=\"1067\" src=\"https:\/\/www.riobranco.ac.gov.br\/wp-content\/uploads\/2025\/06\/Plano-de-Prevencao-Queimadas-Urbanas-11.jpeg\" class=\"attachment-full size-full\" alt=\"\" aria-describedby=\"gallery-2-151377\"><\/a> \t\t\t<\/div><figcaption class=\"wp-caption-text gallery-caption\" id=\"gallery-2-151377\"> \t\t\t\t(Foto: Marcos Ara\u00fajo\/Secom) \t\t\t\t<\/figcaption><\/figure>\n<figure class=\"gallery-item\">\n<div class=\"gallery-icon landscape\"> \t\t\t\t<a href=\"https:\/\/www.riobranco.ac.gov.br\/wp-content\/uploads\/2025\/06\/Plano-de-Prevencao-Queimadas-Urbanas-9.jpeg\"><img loading=\"lazy\" decoding=\"async\" loading=\"lazy\" width=\"1280\" height=\"853\" src=\"https:\/\/www.riobranco.ac.gov.br\/wp-content\/uploads\/2025\/06\/Plano-de-Prevencao-Queimadas-Urbanas-9.jpeg\" class=\"attachment-full size-full\" alt=\"\" aria-describedby=\"gallery-2-151375\"><\/a> \t\t\t<\/div><figcaption class=\"wp-caption-text gallery-caption\" id=\"gallery-2-151375\"> \t\t\t\t(Foto: Marcos Ara\u00fajo\/Secom) \t\t\t\t<\/figcaption><\/figure>\n<figure class=\"gallery-item\">\n<div class=\"gallery-icon landscape\"> \t\t\t\t<a href=\"https:\/\/www.riobranco.ac.gov.br\/wp-content\/uploads\/2025\/06\/Plano-de-Prevencao-Queimadas-Urbanas-8.jpeg\"><img loading=\"lazy\" decoding=\"async\" loading=\"lazy\" width=\"1280\" height=\"853\" src=\"https:\/\/www.riobranco.ac.gov.br\/wp-content\/uploads\/2025\/06\/Plano-de-Prevencao-Queimadas-Urbanas-8.jpeg\" class=\"attachment-full size-full\" alt=\"\" aria-describedby=\"gallery-2-151374\"><\/a> \t\t\t<\/div><figcaption class=\"wp-caption-text gallery-caption\" id=\"gallery-2-151374\"> \t\t\t\t(Foto: Marcos Ara\u00fajo\/Secom) \t\t\t\t<\/figcaption><\/figure>\n<figure class=\"gallery-item\">\n<div class=\"gallery-icon landscape\"> \t\t\t\t<a href=\"https:\/\/www.riobranco.ac.gov.br\/wp-content\/uploads\/2025\/06\/Plano-de-Prevencao-Queimadas-Urbanas-7.jpeg\"><img loading=\"lazy\" decoding=\"async\" loading=\"lazy\" width=\"1280\" height=\"853\" src=\"https:\/\/www.riobranco.ac.gov.br\/wp-content\/uploads\/2025\/06\/Plano-de-Prevencao-Queimadas-Urbanas-7.jpeg\" class=\"attachment-full size-full\" alt=\"\" aria-describedby=\"gallery-2-151373\"><\/a> \t\t\t<\/div><figcaption class=\"wp-caption-text gallery-caption\" id=\"gallery-2-151373\"> \t\t\t\t(Foto: Marcos Ara\u00fajo\/Secom) \t\t\t\t<\/figcaption><\/figure>\n<figure class=\"gallery-item\">\n<div class=\"gallery-icon landscape\"> \t\t\t\t<a href=\"https:\/\/www.riobranco.ac.gov.br\/wp-content\/uploads\/2025\/06\/Plano-de-Prevencao-Queimadas-Urbanas-6.jpeg\"><img loading=\"lazy\" decoding=\"async\" loading=\"lazy\" width=\"1280\" height=\"853\" src=\"https:\/\/www.riobranco.ac.gov.br\/wp-content\/uploads\/2025\/06\/Plano-de-Prevencao-Queimadas-Urbanas-6.jpeg\" class=\"attachment-full size-full\" alt=\"\" aria-describedby=\"gallery-2-151372\"><\/a> \t\t\t<\/div><figcaption class=\"wp-caption-text gallery-caption\" id=\"gallery-2-151372\"> \t\t\t\t(Foto: Marcos Ara\u00fajo\/Secom) \t\t\t\t<\/figcaption><\/figure>\n<figure class=\"gallery-item\">\n<div class=\"gallery-icon landscape\"> \t\t\t\t<a href=\"https:\/\/www.riobranco.ac.gov.br\/wp-content\/uploads\/2025\/06\/Plano-de-Prevencao-Queimadas-Urbanas-4.jpeg\"><img loading=\"lazy\" decoding=\"async\" loading=\"lazy\" width=\"1280\" height=\"853\" src=\"https:\/\/www.riobranco.ac.gov.br\/wp-content\/uploads\/2025\/06\/Plano-de-Prevencao-Queimadas-Urbanas-4.jpeg\" class=\"attachment-full size-full\" alt=\"\" aria-describedby=\"gallery-2-151370\"><\/a> \t\t\t<\/div><figcaption class=\"wp-caption-text gallery-caption\" id=\"gallery-2-151370\"> \t\t\t\t(Foto: Marcos Ara\u00fajo\/Secom) \t\t\t\t<\/figcaption><\/figure>\n<figure class=\"gallery-item\">\n<div class=\"gallery-icon landscape\"> \t\t\t\t<a href=\"https:\/\/www.riobranco.ac.gov.br\/wp-content\/uploads\/2025\/06\/Plano-de-Prevencao-Queimadas-Urbanas-1.jpeg\"><img loading=\"lazy\" decoding=\"async\" loading=\"lazy\" width=\"1280\" height=\"853\" src=\"https:\/\/www.riobranco.ac.gov.br\/wp-content\/uploads\/2025\/06\/Plano-de-Prevencao-Queimadas-Urbanas-1.jpeg\" class=\"attachment-full size-full\" alt=\"\" aria-describedby=\"gallery-2-151367\"><\/a> \t\t\t<\/div><figcaption class=\"wp-caption-text gallery-caption\" id=\"gallery-2-151367\"> \t\t\t\t(Foto: Marcos Ara\u00fajo\/Secom) \t\t\t\t<\/figcaption><\/figure>\n<figure class=\"gallery-item\">\n<div class=\"gallery-icon landscape\"> \t\t\t\t<a href=\"https:\/\/www.riobranco.ac.gov.br\/wp-content\/uploads\/2025\/06\/Plano-de-Prevencao-Queimadas-Urbanas-3.jpeg\"><img loading=\"lazy\" decoding=\"async\" loading=\"lazy\" width=\"1280\" height=\"853\" src=\"https:\/\/www.riobranco.ac.gov.br\/wp-content\/uploads\/2025\/06\/Plano-de-Prevencao-Queimadas-Urbanas-3.jpeg\" class=\"attachment-full size-full\" alt=\"\" aria-describedby=\"gallery-2-151369\"><\/a> \t\t\t<\/div><figcaption class=\"wp-caption-text gallery-caption\" id=\"gallery-2-151369\"> \t\t\t\t(Foto: Marcos Ara\u00fajo\/Secom) \t\t\t\t<\/figcaption><\/figure>\n<figure class=\"gallery-item\">\n<div class=\"gallery-icon landscape\"> \t\t\t\t<a href=\"https:\/\/www.riobranco.ac.gov.br\/wp-content\/uploads\/2025\/06\/Plano-de-Prevencao-Queimadas-Urbanas-15-1.jpeg\"><img loading=\"lazy\" decoding=\"async\" loading=\"lazy\" width=\"1280\" height=\"853\" src=\"https:\/\/www.riobranco.ac.gov.br\/wp-content\/uploads\/2025\/06\/Plano-de-Prevencao-Queimadas-Urbanas-15-1.jpeg\" class=\"attachment-full size-full\" alt=\"\" aria-describedby=\"gallery-2-151395\"><\/a> \t\t\t<\/div><figcaption class=\"wp-caption-text gallery-caption\" id=\"gallery-2-151395\"> \t\t\t\t(Foto: Marcos Ara\u00fajo\/Secom) \t\t\t\t<\/figcaption><\/figure>\n<\/p>\n<\/div>\n<p id=\"infocoweb_fonte\" class=\"infocoweb_fonte\">Fonte: <a target=\"_blank\" href=\"https:\/\/www.riobranco.ac.gov.br\/?p=151365#a57da3ac-99cb-4ce8-9757-85a19b96bcde\">Prefeitura de Rio Branco \u2013 AC<\/a><\/p>\n<\/div>\n<div id=\"infocoweb_rodape\" class=\"infocoweb_rodape\"><\/div>\n<\/div>\n<p><script src=\"https:\/\/noticia.infocoweb.com.br\/analytics.js?uuid=a57da3ac-99cb-4ce8-9757-85a19b96bcde\"><\/script><\/p>\n","protected":false},"excerpt":{"rendered":"<p>A Prefeitura de Rio Branco, por meio da Secretaria Municipal de Meio Ambiente, lan\u00e7ou nesta ter\u00e7a-feira (10), no Horto Florestal, um pacote de medidas inovadoras para o enfrentamento \u00e0s queimadas urbanas durante o per\u00edodo de estiagem. A a\u00e7\u00e3o integra o lan\u00e7amento do Plano de Combate e Preven\u00e7\u00e3o \u00e0s Queimadas Urbanas 2025 e o novo Portal [&hellip;]<\/p>\n","protected":false},"author":5,"featured_media":128044,"comment_status":"","ping_status":"open","sticky":false,"template":"","format":"standard","meta":{"_acf_changed":false,"_angie_page":false,"_monsterinsights_skip_tracking":false,"_themeisle_gutenberg_block_has_review":false,"page_builder":"","footnotes":"","jetpack_publicize_message":"","jetpack_publicize_feature_enabled":true,"jetpack_social_post_already_shared":true,"jetpack_social_options":{"image_generator_settings":{"template":"highway","default_image_id":0,"font":"","enabled":false},"version":2}},"categories":[25307],"tags":[5612,4727,2049,7202,1533,1388,1710],"class_list":["post-128043","post","type-post","status-publish","format-standard","has-post-thumbnail","hentry","category-acre","tag-branco","tag-denuncias","tag-plano","tag-portal","tag-prefeitura","tag-preven","tag-sistema"],"acf":[],"nelio_content":{"autoShareEndMode":"never","automationSources":{"useCustomSentences":false,"customSentences":[]},"efiAlt":"","efiUrl":"","followers":[],"highlights":[],"isAutoShareEnabled":true,"networkImageIds":[],"permalinkQueryArgs":[],"series":[],"suggestedReferences":[]},"yoast_head":"<!-- This site is optimized with the Yoast SEO plugin v28.3 - https:\/\/yoast.com\/product\/yoast-seo-wordpress\/ -->\n<title>Prefeitura de Rio Branco lan\u00e7a Plano de Preven\u00e7\u00e3o, Portal de Den\u00fancias e Sistema de Monitoramento de Queimadas Urbanas<\/title>\n<meta name=\"description\" content=\"Prefeitura de Rio Branco lan\u00e7a Plano de Preven\u00e7\u00e3o, Portal de Den\u00fancias e Sistema de Monitoramento de Queimadas Urbanas\" \/>\n<meta name=\"robots\" content=\"index, follow, max-snippet:-1, max-image-preview:large, max-video-preview:-1\" \/>\n<link rel=\"canonical\" href=\"https:\/\/www.fatosefotosnews.com.br\/?p=128043\" \/>\n<meta property=\"og:locale\" content=\"pt_BR\" \/>\n<meta property=\"og:type\" content=\"article\" \/>\n<meta property=\"og:title\" content=\"Prefeitura de Rio Branco lan\u00e7a Plano de Preven\u00e7\u00e3o, Portal de Den\u00fancias e Sistema de Monitoramento de Queimadas Urbanas\" \/>\n<meta property=\"og:description\" content=\"Prefeitura de Rio Branco lan\u00e7a Plano de Preven\u00e7\u00e3o, Portal de Den\u00fancias e Sistema de Monitoramento de Queimadas Urbanas\" \/>\n<meta property=\"og:url\" content=\"https:\/\/www.fatosefotosnews.com.br\/?p=128043\" \/>\n<meta property=\"og:site_name\" content=\"Fatos e Fotos News\" \/>\n<meta property=\"article:published_time\" content=\"2025-06-10T21:32:55+00:00\" \/>\n<meta property=\"og:image\" content=\"https:\/\/www.fatosefotosnews.com.br\/wp-content\/uploads\/2025\/06\/ee5c6cb6a44d6b38ef742f8207bbad83.jpeg\" \/>\n\t<meta property=\"og:image:width\" content=\"1024\" \/>\n\t<meta property=\"og:image:height\" content=\"576\" \/>\n\t<meta property=\"og:image:type\" content=\"image\/jpeg\" \/>\n<meta name=\"author\" content=\"Da Reda\u00e7\u00e3o\" \/>\n<meta name=\"twitter:card\" content=\"summary_large_image\" \/>\n<meta name=\"twitter:label1\" content=\"Escrito por\" \/>\n\t<meta name=\"twitter:data1\" content=\"Da Reda\u00e7\u00e3o\" \/>\n\t<meta name=\"twitter:label2\" content=\"Est. tempo de leitura\" \/>\n\t<meta name=\"twitter:data2\" content=\"99 minutos\" \/>\n<script type=\"application\/ld+json\" class=\"yoast-schema-graph\">{\"@context\":\"https:\\\/\\\/schema.org\",\"@graph\":[{\"@type\":\"Article\",\"@id\":\"https:\\\/\\\/www.fatosefotosnews.com.br\\\/?p=128043#article\",\"isPartOf\":{\"@id\":\"https:\\\/\\\/www.fatosefotosnews.com.br\\\/?p=128043\"},\"author\":{\"name\":\"Da Reda\u00e7\u00e3o\",\"@id\":\"https:\\\/\\\/www.fatosefotosnews.com.br\\\/#\\\/schema\\\/person\\\/3b80f81d08670fb1f6690e07eb8b5dc6\"},\"headline\":\"Prefeitura de Rio Branco lan\u00e7a Plano de Preven\u00e7\u00e3o, Portal de Den\u00fancias e Sistema de Monitoramento de Queimadas Urbanas\",\"datePublished\":\"2025-06-10T21:32:55+00:00\",\"mainEntityOfPage\":{\"@id\":\"https:\\\/\\\/www.fatosefotosnews.com.br\\\/?p=128043\"},\"wordCount\":696,\"publisher\":{\"@id\":\"https:\\\/\\\/www.fatosefotosnews.com.br\\\/#organization\"},\"image\":{\"@id\":\"https:\\\/\\\/www.fatosefotosnews.com.br\\\/?p=128043#primaryimage\"},\"thumbnailUrl\":\"https:\\\/\\\/www.fatosefotosnews.com.br\\\/wp-content\\\/uploads\\\/2025\\\/06\\\/ee5c6cb6a44d6b38ef742f8207bbad83.jpeg\",\"keywords\":[\"branco\",\"denuncias\",\"plano\",\"portal\",\"prefeitura\",\"preven\",\"sistema\"],\"articleSection\":[\"Acre\"],\"inLanguage\":\"pt-BR\"},{\"@type\":\"WebPage\",\"@id\":\"https:\\\/\\\/www.fatosefotosnews.com.br\\\/?p=128043\",\"url\":\"https:\\\/\\\/www.fatosefotosnews.com.br\\\/?p=128043\",\"name\":\"Prefeitura de Rio Branco lan\u00e7a Plano de Preven\u00e7\u00e3o, Portal de Den\u00fancias e Sistema de Monitoramento de Queimadas Urbanas\",\"isPartOf\":{\"@id\":\"https:\\\/\\\/www.fatosefotosnews.com.br\\\/#website\"},\"primaryImageOfPage\":{\"@id\":\"https:\\\/\\\/www.fatosefotosnews.com.br\\\/?p=128043#primaryimage\"},\"image\":{\"@id\":\"https:\\\/\\\/www.fatosefotosnews.com.br\\\/?p=128043#primaryimage\"},\"thumbnailUrl\":\"https:\\\/\\\/www.fatosefotosnews.com.br\\\/wp-content\\\/uploads\\\/2025\\\/06\\\/ee5c6cb6a44d6b38ef742f8207bbad83.jpeg\",\"datePublished\":\"2025-06-10T21:32:55+00:00\",\"description\":\"Prefeitura de Rio Branco lan\u00e7a Plano de Preven\u00e7\u00e3o, Portal de Den\u00fancias e Sistema de Monitoramento de Queimadas Urbanas\",\"breadcrumb\":{\"@id\":\"https:\\\/\\\/www.fatosefotosnews.com.br\\\/?p=128043#breadcrumb\"},\"inLanguage\":\"pt-BR\",\"potentialAction\":[{\"@type\":\"ReadAction\",\"target\":[\"https:\\\/\\\/www.fatosefotosnews.com.br\\\/?p=128043\"]}]},{\"@type\":\"ImageObject\",\"inLanguage\":\"pt-BR\",\"@id\":\"https:\\\/\\\/www.fatosefotosnews.com.br\\\/?p=128043#primaryimage\",\"url\":\"https:\\\/\\\/www.fatosefotosnews.com.br\\\/wp-content\\\/uploads\\\/2025\\\/06\\\/ee5c6cb6a44d6b38ef742f8207bbad83.jpeg\",\"contentUrl\":\"https:\\\/\\\/www.fatosefotosnews.com.br\\\/wp-content\\\/uploads\\\/2025\\\/06\\\/ee5c6cb6a44d6b38ef742f8207bbad83.jpeg\",\"width\":1024,\"height\":576,\"caption\":\"Alysson: \u201d O foco \u00e9 a educa\u00e7\u00e3o ambiental\u201d (Foto: Marcos\"},{\"@type\":\"BreadcrumbList\",\"@id\":\"https:\\\/\\\/www.fatosefotosnews.com.br\\\/?p=128043#breadcrumb\",\"itemListElement\":[{\"@type\":\"ListItem\",\"position\":1,\"name\":\"In\u00edcio\",\"item\":\"https:\\\/\\\/www.fatosefotosnews.com.br\\\/\"},{\"@type\":\"ListItem\",\"position\":2,\"name\":\"Prefeitura de Rio Branco lan\u00e7a Plano de Preven\u00e7\u00e3o, Portal de Den\u00fancias e Sistema de Monitoramento de Queimadas Urbanas\"}]},{\"@type\":\"WebSite\",\"@id\":\"https:\\\/\\\/www.fatosefotosnews.com.br\\\/#website\",\"url\":\"https:\\\/\\\/www.fatosefotosnews.com.br\\\/\",\"name\":\"Fatos e Fotos News\",\"description\":\"Um site de noticial verdadeira e confi\u00e1veis.\",\"publisher\":{\"@id\":\"https:\\\/\\\/www.fatosefotosnews.com.br\\\/#organization\"},\"potentialAction\":[{\"@type\":\"SearchAction\",\"target\":{\"@type\":\"EntryPoint\",\"urlTemplate\":\"https:\\\/\\\/www.fatosefotosnews.com.br\\\/?s={search_term_string}\"},\"query-input\":{\"@type\":\"PropertyValueSpecification\",\"valueRequired\":true,\"valueName\":\"search_term_string\"}}],\"inLanguage\":\"pt-BR\"},{\"@type\":\"Organization\",\"@id\":\"https:\\\/\\\/www.fatosefotosnews.com.br\\\/#organization\",\"name\":\"Fatos e Fotos News\",\"url\":\"https:\\\/\\\/www.fatosefotosnews.com.br\\\/\",\"logo\":{\"@type\":\"ImageObject\",\"inLanguage\":\"pt-BR\",\"@id\":\"https:\\\/\\\/www.fatosefotosnews.com.br\\\/#\\\/schema\\\/logo\\\/image\\\/\",\"url\":\"https:\\\/\\\/www.fatosefotosnews.com.br\\\/wp-content\\\/uploads\\\/2023\\\/02\\\/Fatos-e-Fotos-news-logo.png\",\"contentUrl\":\"https:\\\/\\\/www.fatosefotosnews.com.br\\\/wp-content\\\/uploads\\\/2023\\\/02\\\/Fatos-e-Fotos-news-logo.png\",\"width\":300,\"height\":58,\"caption\":\"Fatos e Fotos News\"},\"image\":{\"@id\":\"https:\\\/\\\/www.fatosefotosnews.com.br\\\/#\\\/schema\\\/logo\\\/image\\\/\"}},{\"@type\":\"Person\",\"@id\":\"https:\\\/\\\/www.fatosefotosnews.com.br\\\/#\\\/schema\\\/person\\\/3b80f81d08670fb1f6690e07eb8b5dc6\",\"name\":\"Da Reda\u00e7\u00e3o\",\"image\":{\"@type\":\"ImageObject\",\"inLanguage\":\"pt-BR\",\"@id\":\"https:\\\/\\\/secure.gravatar.com\\\/avatar\\\/696d39935a657bf0fc95044dbc9f912520430a0eb6dd46c85dd97eb6483b249b?s=96&d=mm&r=g\",\"url\":\"https:\\\/\\\/secure.gravatar.com\\\/avatar\\\/696d39935a657bf0fc95044dbc9f912520430a0eb6dd46c85dd97eb6483b249b?s=96&d=mm&r=g\",\"contentUrl\":\"https:\\\/\\\/secure.gravatar.com\\\/avatar\\\/696d39935a657bf0fc95044dbc9f912520430a0eb6dd46c85dd97eb6483b249b?s=96&d=mm&r=g\",\"caption\":\"Da Reda\u00e7\u00e3o\"},\"url\":\"https:\\\/\\\/www.fatosefotosnews.com.br\\\/?author=5\"}]}<\/script>\n<!-- \/ Yoast SEO plugin. -->","yoast_head_json":{"title":"Prefeitura de Rio Branco lan\u00e7a Plano de Preven\u00e7\u00e3o, Portal de Den\u00fancias e Sistema de Monitoramento de Queimadas Urbanas","description":"Prefeitura de Rio Branco lan\u00e7a Plano de Preven\u00e7\u00e3o, Portal de Den\u00fancias e Sistema de Monitoramento de Queimadas Urbanas","robots":{"index":"index","follow":"follow","max-snippet":"max-snippet:-1","max-image-preview":"max-image-preview:large","max-video-preview":"max-video-preview:-1"},"canonical":"https:\/\/www.fatosefotosnews.com.br\/?p=128043","og_locale":"pt_BR","og_type":"article","og_title":"Prefeitura de Rio Branco lan\u00e7a Plano de Preven\u00e7\u00e3o, Portal de Den\u00fancias e Sistema de Monitoramento de Queimadas Urbanas","og_description":"Prefeitura de Rio Branco lan\u00e7a Plano de Preven\u00e7\u00e3o, Portal de Den\u00fancias e Sistema de Monitoramento de Queimadas Urbanas","og_url":"https:\/\/www.fatosefotosnews.com.br\/?p=128043","og_site_name":"Fatos e Fotos News","article_published_time":"2025-06-10T21:32:55+00:00","og_image":[{"width":1024,"height":576,"url":"https:\/\/www.fatosefotosnews.com.br\/wp-content\/uploads\/2025\/06\/ee5c6cb6a44d6b38ef742f8207bbad83.jpeg","type":"image\/jpeg"}],"author":"Da Reda\u00e7\u00e3o","twitter_card":"summary_large_image","twitter_misc":{"Escrito por":"Da Reda\u00e7\u00e3o","Est. tempo de leitura":"99 minutos"},"schema":{"@context":"https:\/\/schema.org","@graph":[{"@type":"Article","@id":"https:\/\/www.fatosefotosnews.com.br\/?p=128043#article","isPartOf":{"@id":"https:\/\/www.fatosefotosnews.com.br\/?p=128043"},"author":{"name":"Da Reda\u00e7\u00e3o","@id":"https:\/\/www.fatosefotosnews.com.br\/#\/schema\/person\/3b80f81d08670fb1f6690e07eb8b5dc6"},"headline":"Prefeitura de Rio Branco lan\u00e7a Plano de Preven\u00e7\u00e3o, Portal de Den\u00fancias e Sistema de Monitoramento de Queimadas Urbanas","datePublished":"2025-06-10T21:32:55+00:00","mainEntityOfPage":{"@id":"https:\/\/www.fatosefotosnews.com.br\/?p=128043"},"wordCount":696,"publisher":{"@id":"https:\/\/www.fatosefotosnews.com.br\/#organization"},"image":{"@id":"https:\/\/www.fatosefotosnews.com.br\/?p=128043#primaryimage"},"thumbnailUrl":"https:\/\/www.fatosefotosnews.com.br\/wp-content\/uploads\/2025\/06\/ee5c6cb6a44d6b38ef742f8207bbad83.jpeg","keywords":["branco","denuncias","plano","portal","prefeitura","preven","sistema"],"articleSection":["Acre"],"inLanguage":"pt-BR"},{"@type":"WebPage","@id":"https:\/\/www.fatosefotosnews.com.br\/?p=128043","url":"https:\/\/www.fatosefotosnews.com.br\/?p=128043","name":"Prefeitura de Rio Branco lan\u00e7a Plano de Preven\u00e7\u00e3o, Portal de Den\u00fancias e Sistema de Monitoramento de Queimadas Urbanas","isPartOf":{"@id":"https:\/\/www.fatosefotosnews.com.br\/#website"},"primaryImageOfPage":{"@id":"https:\/\/www.fatosefotosnews.com.br\/?p=128043#primaryimage"},"image":{"@id":"https:\/\/www.fatosefotosnews.com.br\/?p=128043#primaryimage"},"thumbnailUrl":"https:\/\/www.fatosefotosnews.com.br\/wp-content\/uploads\/2025\/06\/ee5c6cb6a44d6b38ef742f8207bbad83.jpeg","datePublished":"2025-06-10T21:32:55+00:00","description":"Prefeitura de Rio Branco lan\u00e7a Plano de Preven\u00e7\u00e3o, Portal de Den\u00fancias e Sistema de Monitoramento de Queimadas Urbanas","breadcrumb":{"@id":"https:\/\/www.fatosefotosnews.com.br\/?p=128043#breadcrumb"},"inLanguage":"pt-BR","potentialAction":[{"@type":"ReadAction","target":["https:\/\/www.fatosefotosnews.com.br\/?p=128043"]}]},{"@type":"ImageObject","inLanguage":"pt-BR","@id":"https:\/\/www.fatosefotosnews.com.br\/?p=128043#primaryimage","url":"https:\/\/www.fatosefotosnews.com.br\/wp-content\/uploads\/2025\/06\/ee5c6cb6a44d6b38ef742f8207bbad83.jpeg","contentUrl":"https:\/\/www.fatosefotosnews.com.br\/wp-content\/uploads\/2025\/06\/ee5c6cb6a44d6b38ef742f8207bbad83.jpeg","width":1024,"height":576,"caption":"Alysson: \u201d O foco \u00e9 a educa\u00e7\u00e3o ambiental\u201d (Foto: Marcos"},{"@type":"BreadcrumbList","@id":"https:\/\/www.fatosefotosnews.com.br\/?p=128043#breadcrumb","itemListElement":[{"@type":"ListItem","position":1,"name":"In\u00edcio","item":"https:\/\/www.fatosefotosnews.com.br\/"},{"@type":"ListItem","position":2,"name":"Prefeitura de Rio Branco lan\u00e7a Plano de Preven\u00e7\u00e3o, Portal de Den\u00fancias e Sistema de Monitoramento de Queimadas Urbanas"}]},{"@type":"WebSite","@id":"https:\/\/www.fatosefotosnews.com.br\/#website","url":"https:\/\/www.fatosefotosnews.com.br\/","name":"Fatos e Fotos News","description":"Um site de noticial verdadeira e confi\u00e1veis.","publisher":{"@id":"https:\/\/www.fatosefotosnews.com.br\/#organization"},"potentialAction":[{"@type":"SearchAction","target":{"@type":"EntryPoint","urlTemplate":"https:\/\/www.fatosefotosnews.com.br\/?s={search_term_string}"},"query-input":{"@type":"PropertyValueSpecification","valueRequired":true,"valueName":"search_term_string"}}],"inLanguage":"pt-BR"},{"@type":"Organization","@id":"https:\/\/www.fatosefotosnews.com.br\/#organization","name":"Fatos e Fotos News","url":"https:\/\/www.fatosefotosnews.com.br\/","logo":{"@type":"ImageObject","inLanguage":"pt-BR","@id":"https:\/\/www.fatosefotosnews.com.br\/#\/schema\/logo\/image\/","url":"https:\/\/www.fatosefotosnews.com.br\/wp-content\/uploads\/2023\/02\/Fatos-e-Fotos-news-logo.png","contentUrl":"https:\/\/www.fatosefotosnews.com.br\/wp-content\/uploads\/2023\/02\/Fatos-e-Fotos-news-logo.png","width":300,"height":58,"caption":"Fatos e Fotos News"},"image":{"@id":"https:\/\/www.fatosefotosnews.com.br\/#\/schema\/logo\/image\/"}},{"@type":"Person","@id":"https:\/\/www.fatosefotosnews.com.br\/#\/schema\/person\/3b80f81d08670fb1f6690e07eb8b5dc6","name":"Da Reda\u00e7\u00e3o","image":{"@type":"ImageObject","inLanguage":"pt-BR","@id":"https:\/\/secure.gravatar.com\/avatar\/696d39935a657bf0fc95044dbc9f912520430a0eb6dd46c85dd97eb6483b249b?s=96&d=mm&r=g","url":"https:\/\/secure.gravatar.com\/avatar\/696d39935a657bf0fc95044dbc9f912520430a0eb6dd46c85dd97eb6483b249b?s=96&d=mm&r=g","contentUrl":"https:\/\/secure.gravatar.com\/avatar\/696d39935a657bf0fc95044dbc9f912520430a0eb6dd46c85dd97eb6483b249b?s=96&d=mm&r=g","caption":"Da Reda\u00e7\u00e3o"},"url":"https:\/\/www.fatosefotosnews.com.br\/?author=5"}]}},"jetpack_publicize_connections":[],"blog_post_layout_featured_media_urls":{"thumbnail":["https:\/\/www.fatosefotosnews.com.br\/wp-content\/uploads\/2025\/06\/ee5c6cb6a44d6b38ef742f8207bbad83-150x150.jpeg",150,150,true],"full":["https:\/\/www.fatosefotosnews.com.br\/wp-content\/uploads\/2025\/06\/ee5c6cb6a44d6b38ef742f8207bbad83.jpeg",1024,576,false]},"categories_names":{"25307":{"name":"Acre","link":"https:\/\/www.fatosefotosnews.com.br\/?cat=25307"}},"tags_names":{"5612":{"name":"branco","link":"https:\/\/www.fatosefotosnews.com.br\/?tag=branco"},"4727":{"name":"denuncias","link":"https:\/\/www.fatosefotosnews.com.br\/?tag=denuncias"},"2049":{"name":"plano","link":"https:\/\/www.fatosefotosnews.com.br\/?tag=plano"},"7202":{"name":"portal","link":"https:\/\/www.fatosefotosnews.com.br\/?tag=portal"},"1533":{"name":"prefeitura","link":"https:\/\/www.fatosefotosnews.com.br\/?tag=prefeitura"},"1388":{"name":"preven","link":"https:\/\/www.fatosefotosnews.com.br\/?tag=preven"},"1710":{"name":"sistema","link":"https:\/\/www.fatosefotosnews.com.br\/?tag=sistema"}},"comments_number":"0","wpmagazine_modules_lite_featured_media_urls":{"thumbnail":["https:\/\/www.fatosefotosnews.com.br\/wp-content\/uploads\/2025\/06\/ee5c6cb6a44d6b38ef742f8207bbad83-150x150.jpeg",150,150,true],"cvmm-medium":["https:\/\/www.fatosefotosnews.com.br\/wp-content\/uploads\/2025\/06\/ee5c6cb6a44d6b38ef742f8207bbad83-300x300.jpeg",300,300,true],"cvmm-medium-plus":["https:\/\/www.fatosefotosnews.com.br\/wp-content\/uploads\/2025\/06\/ee5c6cb6a44d6b38ef742f8207bbad83-305x207.jpeg",305,207,true],"cvmm-portrait":["https:\/\/www.fatosefotosnews.com.br\/wp-content\/uploads\/2025\/06\/ee5c6cb6a44d6b38ef742f8207bbad83-400x576.jpeg",400,576,true],"cvmm-medium-square":["https:\/\/www.fatosefotosnews.com.br\/wp-content\/uploads\/2025\/06\/ee5c6cb6a44d6b38ef742f8207bbad83-600x576.jpeg",600,576,true],"cvmm-large":["https:\/\/www.fatosefotosnews.com.br\/wp-content\/uploads\/2025\/06\/ee5c6cb6a44d6b38ef742f8207bbad83.jpeg",1024,576,false],"cvmm-small":["https:\/\/www.fatosefotosnews.com.br\/wp-content\/uploads\/2025\/06\/ee5c6cb6a44d6b38ef742f8207bbad83-130x95.jpeg",130,95,true],"full":["https:\/\/www.fatosefotosnews.com.br\/wp-content\/uploads\/2025\/06\/ee5c6cb6a44d6b38ef742f8207bbad83.jpeg",1024,576,false]},"_links":{"self":[{"href":"https:\/\/www.fatosefotosnews.com.br\/index.php?rest_route=\/wp\/v2\/posts\/128043","targetHints":{"allow":["GET"]}}],"collection":[{"href":"https:\/\/www.fatosefotosnews.com.br\/index.php?rest_route=\/wp\/v2\/posts"}],"about":[{"href":"https:\/\/www.fatosefotosnews.com.br\/index.php?rest_route=\/wp\/v2\/types\/post"}],"author":[{"embeddable":true,"href":"https:\/\/www.fatosefotosnews.com.br\/index.php?rest_route=\/wp\/v2\/users\/5"}],"replies":[{"embeddable":true,"href":"https:\/\/www.fatosefotosnews.com.br\/index.php?rest_route=%2Fwp%2Fv2%2Fcomments&post=128043"}],"version-history":[{"count":0,"href":"https:\/\/www.fatosefotosnews.com.br\/index.php?rest_route=\/wp\/v2\/posts\/128043\/revisions"}],"wp:featuredmedia":[{"embeddable":true,"href":"https:\/\/www.fatosefotosnews.com.br\/index.php?rest_route=\/wp\/v2\/media\/128044"}],"wp:attachment":[{"href":"https:\/\/www.fatosefotosnews.com.br\/index.php?rest_route=%2Fwp%2Fv2%2Fmedia&parent=128043"}],"wp:term":[{"taxonomy":"category","embeddable":true,"href":"https:\/\/www.fatosefotosnews.com.br\/index.php?rest_route=%2Fwp%2Fv2%2Fcategories&post=128043"},{"taxonomy":"post_tag","embeddable":true,"href":"https:\/\/www.fatosefotosnews.com.br\/index.php?rest_route=%2Fwp%2Fv2%2Ftags&post=128043"}],"curies":[{"name":"wp","href":"https:\/\/api.w.org\/{rel}","templated":true}]}}