{"id":131705,"date":"2025-07-04T12:01:12","date_gmt":"2025-07-04T15:01:12","guid":{"rendered":"https:\/\/www.fatosefotosnews.com.br\/mec-seleciona-800-municipios-para-o-gestao-presente-na-escola\/"},"modified":"2025-07-04T12:01:12","modified_gmt":"2025-07-04T15:01:12","slug":"mec-seleciona-800-municipios-para-o-gestao-presente-na-escola","status":"publish","type":"post","link":"https:\/\/www.fatosefotosnews.com.br\/?p=131705","title":{"rendered":"MEC seleciona 800 munic\u00edpios para o Gest\u00e3o Presente na Escola"},"content":{"rendered":"<div id=\"infocoweb\" data-uuid=\"ad2f4105-ccdb-4743-a913-f595e3b0a213\" class=\"infocoweb infocoweb_canal_843\">\n<div id=\"infocoweb_cabecalho\" class=\"infocoweb_cabecalho\"><\/div>\n<div id=\"infocoweb_corpo\" class=\"infocoweb_corpo\">\n<p>O Minist\u00e9rio da Educa\u00e7\u00e3o (MEC) anunciou, na ter\u00e7a-feira, 2 de julho, a sele\u00e7\u00e3o de 800 redes municipais de ensino que participar\u00e3o da etapa de implementa\u00e7\u00e3o do\u202fm\u00f3dulo <a href=\"https:\/\/www.gov.br\/mec\/pt-br\/mec-gestao-presente\/gestao-presente-na-escola\" target=\"_blank\">Gest\u00e3o Presente na Escola (GPE)<\/a> da plataforma <a href=\"https:\/\/www.gov.br\/mec\/pt-br\/mec-gestao-presente\" target=\"_blank\">MEC Gest\u00e3o Presente<\/a>. A a\u00e7\u00e3o tem como objetivo fortalecer a gest\u00e3o escolar ao promover o uso estrat\u00e9gico de dados educacionais, com impacto direto na perman\u00eancia dos estudantes e na melhoria do ambiente para toda a comunidade escolar.\u202f\u202f\u00a0<\/p>\n<p>A iniciativa integra o esfor\u00e7o do governo federal para garantir uma gest\u00e3o educacional mais eficaz, equitativa e digital, conforme previsto na <a href=\"https:\/\/www.in.gov.br\/web\/dou\/-\/portaria-mec-n-234-de-2-de-abril-de-2025-621883017\" target=\"_blank\">Portaria MEC n\u00ba 234, de 2 de abril de 2025<\/a>.\u202f\u202f\u00a0<\/p>\n<p>O GPE \u00e9 um m\u00f3dulo da plataforma MEC Gest\u00e3o Presente desenvolvido para a organiza\u00e7\u00e3o de processos administrativos nas escolas p\u00fablicas brasileiras. Ele permite a digitaliza\u00e7\u00e3o de atividades rotineiras como a gest\u00e3o de matr\u00edculas, enturma\u00e7\u00e3o, calend\u00e1rio letivo, quadro de hor\u00e1rios, profissionais da educa\u00e7\u00e3o e di\u00e1rio de classe. Al\u00e9m disso, por meio do Sistema Gest\u00e3o Presente (SGP), o GPE promove a integra\u00e7\u00e3o dos dados escolares com o MEC, facilitando o planejamento e o monitoramento das pol\u00edticas p\u00fablicas educacionais.\u202f\u00a0<\/p>\n<p><b>Crit\u00e9rios de sele\u00e7\u00e3o <\/b>\u2013 Tendo em vista o interesse de mais de duas mil redes em aderir ao GPE, foi necess\u00e1rio adotar crit\u00e9rios t\u00e9cnicos para selecionar as 800 redes de ensino participantes. Esses crit\u00e9rios foram validados pelo Comit\u00ea Tripartite, inst\u00e2ncia colegiada criada para coordenar a implementa\u00e7\u00e3o e a gest\u00e3o da Plataforma MEC Gest\u00e3o Presente e composta por representantes da Uni\u00e3o, dos estados, dos munic\u00edpios e do Distrito Federal.\u202f\u00a0<\/p>\n<p>A escolha considerou os seguintes fatores:\u202f\u00a0<\/p>\n<ul type=\"disc\">\n<li>Redes <b>aderentes ao GPE<\/b> que formalizaram sua participa\u00e7\u00e3o;\u202f\u202f\u00a0<\/li>\n<\/ul>\n<ul type=\"disc\">\n<li>Redes <b>sem estudantes benefici\u00e1rios do Programa P\u00e9-de-Meia<\/b>, garantindo que a an\u00e1lise se concentre nas etapas da educa\u00e7\u00e3o b\u00e1sica de responsabilidade municipal;\u202f\u00a0<\/li>\n<\/ul>\n<ul type=\"disc\">\n<li>Redes com <b>n\u00edvel m\u00ednimo de conectividade<\/b>, permitindo o uso adequado da tecnologia;\u202f\u00a0<\/li>\n<\/ul>\n<ul type=\"disc\">\n<li>Munic\u00edpios de <b>pequeno e m\u00e9dio porte<\/b>, priorizando contextos com desafios administrativos;\u202fe\u00a0<\/li>\n<\/ul>\n<ul type=\"disc\">\n<li>Munic\u00edpios com <b>maior taxa de abandono escolar nos anos finais do ensino fundamental<\/b>, refor\u00e7ando o compromisso com o enfrentamento das desigualdades educacionais.\u202f\u00a0<br \/> \u202f\u00a0<\/li>\n<\/ul>\n<p>A distribui\u00e7\u00e3o das vagas tamb\u00e9m considerou a representatividade regional e a propor\u00e7\u00e3o de matr\u00edculas. A regi\u00e3o Nordeste, por exemplo, recebeu 464 vagas (58% do total), enquanto o Norte foi contemplado com 125 redes.\u202f\u00a0<\/p>\n<p><b>Capacita\u00e7\u00e3o \u2013 <\/b>A forma\u00e7\u00e3o dos operadores locais e o envio de dados via Sistema Gest\u00e3o Presente (SGP) j\u00e1 come\u00e7aram para as redes-piloto e ter\u00e3o continuidade com os 800 munic\u00edpios selecionados ao longo do m\u00eas de julho. A partir de 10 de julho, as equipes locais das redes de ensino receber\u00e3o capacita\u00e7\u00e3o t\u00e9cnica para o uso do GPE, com foco na autonomia e digitaliza\u00e7\u00e3o da gest\u00e3o escolar.\u202f\u00a0<\/p>\n<p>Al\u00e9m disso, os munic\u00edpios ser\u00e3o inclu\u00eddos em canais de comunica\u00e7\u00e3o e acompanhamento direto via grupos organizados pelo MEC, o que garante suporte cont\u00ednuo \u00e0s equipes envolvidas na implementa\u00e7\u00e3o do sistema.\u202f\u00a0<\/p>\n<p><b>Segundo ciclo \u2013 <\/b>O MEC informa que haver\u00e1 um novo ciclo de sele\u00e7\u00e3o para a expans\u00e3o da implementa\u00e7\u00e3o do GPE previsto para o ano de 2026, permitindo que mais redes p\u00fablicas municipais tenham acesso \u00e0 ferramenta. A expectativa \u00e9 que o processo siga os aprendizados do primeiro ciclo, com base em crit\u00e9rios t\u00e9cnicos e na escuta das redes educacionais.\u202f\u00a0<\/p>\n<p><i>\u202f<\/i>\u00a0<\/p>\n<p><i>Assessoria de Comunica\u00e7\u00e3o Social do MEC, com informa\u00e7\u00f5es da Secretaria de Educa\u00e7\u00e3o B\u00e1sica (SEB)<\/i>\u00a0<\/p>\n<p id=\"infocoweb_fonte\" class=\"infocoweb_fonte\">Fonte: <a target=\"_blank\" href=\"https:\/\/www.gov.br\/mec\/pt-br\/assuntos\/noticias\/2025\/julho\/mec-seleciona-800-municipios-para-o-gestao-presente-na-escola#ad2f4105-ccdb-4743-a913-f595e3b0a213\">Minist\u00e9rio da Educa\u00e7\u00e3o<\/a><\/p>\n<\/div>\n<div id=\"infocoweb_rodape\" class=\"infocoweb_rodape\"><\/div>\n<\/div>\n<p><script src=\"https:\/\/noticia.infocoweb.com.br\/analytics.js?uuid=ad2f4105-ccdb-4743-a913-f595e3b0a213\"><\/script><\/p>\n","protected":false},"excerpt":{"rendered":"<p>O Minist\u00e9rio da Educa\u00e7\u00e3o (MEC) anunciou, na ter\u00e7a-feira, 2 de julho, a sele\u00e7\u00e3o de 800 redes municipais de ensino que participar\u00e3o da etapa de implementa\u00e7\u00e3o do\u202fm\u00f3dulo Gest\u00e3o Presente na Escola (GPE) da plataforma MEC Gest\u00e3o Presente. A a\u00e7\u00e3o tem como objetivo fortalecer a gest\u00e3o escolar ao promover o uso estrat\u00e9gico de dados educacionais, com impacto [&hellip;]<\/p>\n","protected":false},"author":5,"featured_media":131706,"comment_status":"","ping_status":"open","sticky":false,"template":"","format":"standard","meta":{"_acf_changed":false,"_angie_page":false,"_monsterinsights_skip_tracking":false,"_themeisle_gutenberg_block_has_review":false,"page_builder":"","footnotes":"","jetpack_publicize_message":"","jetpack_publicize_feature_enabled":true,"jetpack_social_post_already_shared":true,"jetpack_social_options":{"image_generator_settings":{"template":"highway","default_image_id":0,"font":"","enabled":false},"version":2}},"categories":[24902],"tags":[4551,1328,3669,11252],"class_list":["post-131705","post","type-post","status-publish","format-standard","has-post-thumbnail","hentry","category-educacao","tag-escola","tag-municipios","tag-presente","tag-seleciona"],"acf":[],"nelio_content":{"autoShareEndMode":"never","automationSources":{"useCustomSentences":false,"customSentences":[]},"efiAlt":"","efiUrl":"","followers":[],"highlights":[],"isAutoShareEnabled":true,"networkImageIds":[],"permalinkQueryArgs":[],"series":[],"suggestedReferences":[]},"yoast_head":"<!-- This site is optimized with the Yoast SEO plugin v28.3 - https:\/\/yoast.com\/product\/yoast-seo-wordpress\/ -->\n<title>MEC seleciona 800 munic\u00edpios para o Gest\u00e3o Presente na Escola<\/title>\n<meta name=\"description\" content=\"MEC seleciona 800 munic\u00edpios para o Gest\u00e3o Presente na Escola\" \/>\n<meta name=\"robots\" content=\"index, follow, max-snippet:-1, max-image-preview:large, max-video-preview:-1\" \/>\n<link rel=\"canonical\" href=\"https:\/\/www.fatosefotosnews.com.br\/?p=131705\" \/>\n<meta property=\"og:locale\" content=\"pt_BR\" \/>\n<meta property=\"og:type\" content=\"article\" \/>\n<meta property=\"og:title\" content=\"MEC seleciona 800 munic\u00edpios para o Gest\u00e3o Presente na Escola\" \/>\n<meta property=\"og:description\" content=\"MEC seleciona 800 munic\u00edpios para o Gest\u00e3o Presente na Escola\" \/>\n<meta property=\"og:url\" content=\"https:\/\/www.fatosefotosnews.com.br\/?p=131705\" \/>\n<meta property=\"og:site_name\" content=\"Fatos e Fotos News\" \/>\n<meta property=\"article:published_time\" content=\"2025-07-04T15:01:12+00:00\" \/>\n<meta property=\"og:image\" content=\"https:\/\/www.fatosefotosnews.com.br\/wp-content\/uploads\/2025\/07\/cdd588da9de46e26366bcbf277314880.png\" \/>\n\t<meta property=\"og:image:width\" content=\"1024\" \/>\n\t<meta property=\"og:image:height\" content=\"590\" \/>\n\t<meta property=\"og:image:type\" content=\"image\/png\" \/>\n<meta name=\"author\" content=\"Da Reda\u00e7\u00e3o\" \/>\n<meta name=\"twitter:card\" content=\"summary_large_image\" \/>\n<meta name=\"twitter:label1\" content=\"Escrito por\" \/>\n\t<meta name=\"twitter:data1\" content=\"Da Reda\u00e7\u00e3o\" \/>\n\t<meta name=\"twitter:label2\" content=\"Est. tempo de leitura\" \/>\n\t<meta name=\"twitter:data2\" content=\"99 minutos\" \/>\n<script type=\"application\/ld+json\" class=\"yoast-schema-graph\">{\"@context\":\"https:\\\/\\\/schema.org\",\"@graph\":[{\"@type\":\"Article\",\"@id\":\"https:\\\/\\\/www.fatosefotosnews.com.br\\\/?p=131705#article\",\"isPartOf\":{\"@id\":\"https:\\\/\\\/www.fatosefotosnews.com.br\\\/?p=131705\"},\"author\":{\"name\":\"Da Reda\u00e7\u00e3o\",\"@id\":\"https:\\\/\\\/www.fatosefotosnews.com.br\\\/#\\\/schema\\\/person\\\/3b80f81d08670fb1f6690e07eb8b5dc6\"},\"headline\":\"MEC seleciona 800 munic\u00edpios para o Gest\u00e3o Presente na Escola\",\"datePublished\":\"2025-07-04T15:01:12+00:00\",\"mainEntityOfPage\":{\"@id\":\"https:\\\/\\\/www.fatosefotosnews.com.br\\\/?p=131705\"},\"wordCount\":618,\"publisher\":{\"@id\":\"https:\\\/\\\/www.fatosefotosnews.com.br\\\/#organization\"},\"image\":{\"@id\":\"https:\\\/\\\/www.fatosefotosnews.com.br\\\/?p=131705#primaryimage\"},\"thumbnailUrl\":\"https:\\\/\\\/www.fatosefotosnews.com.br\\\/wp-content\\\/uploads\\\/2025\\\/07\\\/cdd588da9de46e26366bcbf277314880.png\",\"keywords\":[\"escola\",\"municipios\",\"presente\",\"seleciona\"],\"articleSection\":[\"Educa\u00e7\u00e3o\"],\"inLanguage\":\"pt-BR\"},{\"@type\":\"WebPage\",\"@id\":\"https:\\\/\\\/www.fatosefotosnews.com.br\\\/?p=131705\",\"url\":\"https:\\\/\\\/www.fatosefotosnews.com.br\\\/?p=131705\",\"name\":\"MEC seleciona 800 munic\u00edpios para o Gest\u00e3o Presente na Escola\",\"isPartOf\":{\"@id\":\"https:\\\/\\\/www.fatosefotosnews.com.br\\\/#website\"},\"primaryImageOfPage\":{\"@id\":\"https:\\\/\\\/www.fatosefotosnews.com.br\\\/?p=131705#primaryimage\"},\"image\":{\"@id\":\"https:\\\/\\\/www.fatosefotosnews.com.br\\\/?p=131705#primaryimage\"},\"thumbnailUrl\":\"https:\\\/\\\/www.fatosefotosnews.com.br\\\/wp-content\\\/uploads\\\/2025\\\/07\\\/cdd588da9de46e26366bcbf277314880.png\",\"datePublished\":\"2025-07-04T15:01:12+00:00\",\"description\":\"MEC seleciona 800 munic\u00edpios para o Gest\u00e3o Presente na Escola\",\"breadcrumb\":{\"@id\":\"https:\\\/\\\/www.fatosefotosnews.com.br\\\/?p=131705#breadcrumb\"},\"inLanguage\":\"pt-BR\",\"potentialAction\":[{\"@type\":\"ReadAction\",\"target\":[\"https:\\\/\\\/www.fatosefotosnews.com.br\\\/?p=131705\"]}]},{\"@type\":\"ImageObject\",\"inLanguage\":\"pt-BR\",\"@id\":\"https:\\\/\\\/www.fatosefotosnews.com.br\\\/?p=131705#primaryimage\",\"url\":\"https:\\\/\\\/www.fatosefotosnews.com.br\\\/wp-content\\\/uploads\\\/2025\\\/07\\\/cdd588da9de46e26366bcbf277314880.png\",\"contentUrl\":\"https:\\\/\\\/www.fatosefotosnews.com.br\\\/wp-content\\\/uploads\\\/2025\\\/07\\\/cdd588da9de46e26366bcbf277314880.png\",\"width\":1024,\"height\":590,\"caption\":\"Foto: Divulga\u00e7\u00e3o\\\/MEC\"},{\"@type\":\"BreadcrumbList\",\"@id\":\"https:\\\/\\\/www.fatosefotosnews.com.br\\\/?p=131705#breadcrumb\",\"itemListElement\":[{\"@type\":\"ListItem\",\"position\":1,\"name\":\"In\u00edcio\",\"item\":\"https:\\\/\\\/www.fatosefotosnews.com.br\\\/\"},{\"@type\":\"ListItem\",\"position\":2,\"name\":\"MEC seleciona 800 munic\u00edpios para o Gest\u00e3o Presente na Escola\"}]},{\"@type\":\"WebSite\",\"@id\":\"https:\\\/\\\/www.fatosefotosnews.com.br\\\/#website\",\"url\":\"https:\\\/\\\/www.fatosefotosnews.com.br\\\/\",\"name\":\"Fatos e Fotos News\",\"description\":\"Um site de noticial verdadeira e confi\u00e1veis.\",\"publisher\":{\"@id\":\"https:\\\/\\\/www.fatosefotosnews.com.br\\\/#organization\"},\"potentialAction\":[{\"@type\":\"SearchAction\",\"target\":{\"@type\":\"EntryPoint\",\"urlTemplate\":\"https:\\\/\\\/www.fatosefotosnews.com.br\\\/?s={search_term_string}\"},\"query-input\":{\"@type\":\"PropertyValueSpecification\",\"valueRequired\":true,\"valueName\":\"search_term_string\"}}],\"inLanguage\":\"pt-BR\"},{\"@type\":\"Organization\",\"@id\":\"https:\\\/\\\/www.fatosefotosnews.com.br\\\/#organization\",\"name\":\"Fatos e Fotos News\",\"url\":\"https:\\\/\\\/www.fatosefotosnews.com.br\\\/\",\"logo\":{\"@type\":\"ImageObject\",\"inLanguage\":\"pt-BR\",\"@id\":\"https:\\\/\\\/www.fatosefotosnews.com.br\\\/#\\\/schema\\\/logo\\\/image\\\/\",\"url\":\"https:\\\/\\\/www.fatosefotosnews.com.br\\\/wp-content\\\/uploads\\\/2023\\\/02\\\/Fatos-e-Fotos-news-logo.png\",\"contentUrl\":\"https:\\\/\\\/www.fatosefotosnews.com.br\\\/wp-content\\\/uploads\\\/2023\\\/02\\\/Fatos-e-Fotos-news-logo.png\",\"width\":300,\"height\":58,\"caption\":\"Fatos e Fotos News\"},\"image\":{\"@id\":\"https:\\\/\\\/www.fatosefotosnews.com.br\\\/#\\\/schema\\\/logo\\\/image\\\/\"}},{\"@type\":\"Person\",\"@id\":\"https:\\\/\\\/www.fatosefotosnews.com.br\\\/#\\\/schema\\\/person\\\/3b80f81d08670fb1f6690e07eb8b5dc6\",\"name\":\"Da Reda\u00e7\u00e3o\",\"image\":{\"@type\":\"ImageObject\",\"inLanguage\":\"pt-BR\",\"@id\":\"https:\\\/\\\/secure.gravatar.com\\\/avatar\\\/696d39935a657bf0fc95044dbc9f912520430a0eb6dd46c85dd97eb6483b249b?s=96&d=mm&r=g\",\"url\":\"https:\\\/\\\/secure.gravatar.com\\\/avatar\\\/696d39935a657bf0fc95044dbc9f912520430a0eb6dd46c85dd97eb6483b249b?s=96&d=mm&r=g\",\"contentUrl\":\"https:\\\/\\\/secure.gravatar.com\\\/avatar\\\/696d39935a657bf0fc95044dbc9f912520430a0eb6dd46c85dd97eb6483b249b?s=96&d=mm&r=g\",\"caption\":\"Da Reda\u00e7\u00e3o\"},\"url\":\"https:\\\/\\\/www.fatosefotosnews.com.br\\\/?author=5\"}]}<\/script>\n<!-- \/ Yoast SEO plugin. -->","yoast_head_json":{"title":"MEC seleciona 800 munic\u00edpios para o Gest\u00e3o Presente na Escola","description":"MEC seleciona 800 munic\u00edpios para o Gest\u00e3o Presente na Escola","robots":{"index":"index","follow":"follow","max-snippet":"max-snippet:-1","max-image-preview":"max-image-preview:large","max-video-preview":"max-video-preview:-1"},"canonical":"https:\/\/www.fatosefotosnews.com.br\/?p=131705","og_locale":"pt_BR","og_type":"article","og_title":"MEC seleciona 800 munic\u00edpios para o Gest\u00e3o Presente na Escola","og_description":"MEC seleciona 800 munic\u00edpios para o Gest\u00e3o Presente na Escola","og_url":"https:\/\/www.fatosefotosnews.com.br\/?p=131705","og_site_name":"Fatos e Fotos News","article_published_time":"2025-07-04T15:01:12+00:00","og_image":[{"width":1024,"height":590,"url":"https:\/\/www.fatosefotosnews.com.br\/wp-content\/uploads\/2025\/07\/cdd588da9de46e26366bcbf277314880.png","type":"image\/png"}],"author":"Da Reda\u00e7\u00e3o","twitter_card":"summary_large_image","twitter_misc":{"Escrito por":"Da Reda\u00e7\u00e3o","Est. tempo de leitura":"99 minutos"},"schema":{"@context":"https:\/\/schema.org","@graph":[{"@type":"Article","@id":"https:\/\/www.fatosefotosnews.com.br\/?p=131705#article","isPartOf":{"@id":"https:\/\/www.fatosefotosnews.com.br\/?p=131705"},"author":{"name":"Da Reda\u00e7\u00e3o","@id":"https:\/\/www.fatosefotosnews.com.br\/#\/schema\/person\/3b80f81d08670fb1f6690e07eb8b5dc6"},"headline":"MEC seleciona 800 munic\u00edpios para o Gest\u00e3o Presente na Escola","datePublished":"2025-07-04T15:01:12+00:00","mainEntityOfPage":{"@id":"https:\/\/www.fatosefotosnews.com.br\/?p=131705"},"wordCount":618,"publisher":{"@id":"https:\/\/www.fatosefotosnews.com.br\/#organization"},"image":{"@id":"https:\/\/www.fatosefotosnews.com.br\/?p=131705#primaryimage"},"thumbnailUrl":"https:\/\/www.fatosefotosnews.com.br\/wp-content\/uploads\/2025\/07\/cdd588da9de46e26366bcbf277314880.png","keywords":["escola","municipios","presente","seleciona"],"articleSection":["Educa\u00e7\u00e3o"],"inLanguage":"pt-BR"},{"@type":"WebPage","@id":"https:\/\/www.fatosefotosnews.com.br\/?p=131705","url":"https:\/\/www.fatosefotosnews.com.br\/?p=131705","name":"MEC seleciona 800 munic\u00edpios para o Gest\u00e3o Presente na Escola","isPartOf":{"@id":"https:\/\/www.fatosefotosnews.com.br\/#website"},"primaryImageOfPage":{"@id":"https:\/\/www.fatosefotosnews.com.br\/?p=131705#primaryimage"},"image":{"@id":"https:\/\/www.fatosefotosnews.com.br\/?p=131705#primaryimage"},"thumbnailUrl":"https:\/\/www.fatosefotosnews.com.br\/wp-content\/uploads\/2025\/07\/cdd588da9de46e26366bcbf277314880.png","datePublished":"2025-07-04T15:01:12+00:00","description":"MEC seleciona 800 munic\u00edpios para o Gest\u00e3o Presente na Escola","breadcrumb":{"@id":"https:\/\/www.fatosefotosnews.com.br\/?p=131705#breadcrumb"},"inLanguage":"pt-BR","potentialAction":[{"@type":"ReadAction","target":["https:\/\/www.fatosefotosnews.com.br\/?p=131705"]}]},{"@type":"ImageObject","inLanguage":"pt-BR","@id":"https:\/\/www.fatosefotosnews.com.br\/?p=131705#primaryimage","url":"https:\/\/www.fatosefotosnews.com.br\/wp-content\/uploads\/2025\/07\/cdd588da9de46e26366bcbf277314880.png","contentUrl":"https:\/\/www.fatosefotosnews.com.br\/wp-content\/uploads\/2025\/07\/cdd588da9de46e26366bcbf277314880.png","width":1024,"height":590,"caption":"Foto: Divulga\u00e7\u00e3o\/MEC"},{"@type":"BreadcrumbList","@id":"https:\/\/www.fatosefotosnews.com.br\/?p=131705#breadcrumb","itemListElement":[{"@type":"ListItem","position":1,"name":"In\u00edcio","item":"https:\/\/www.fatosefotosnews.com.br\/"},{"@type":"ListItem","position":2,"name":"MEC seleciona 800 munic\u00edpios para o Gest\u00e3o Presente na Escola"}]},{"@type":"WebSite","@id":"https:\/\/www.fatosefotosnews.com.br\/#website","url":"https:\/\/www.fatosefotosnews.com.br\/","name":"Fatos e Fotos News","description":"Um site de noticial verdadeira e confi\u00e1veis.","publisher":{"@id":"https:\/\/www.fatosefotosnews.com.br\/#organization"},"potentialAction":[{"@type":"SearchAction","target":{"@type":"EntryPoint","urlTemplate":"https:\/\/www.fatosefotosnews.com.br\/?s={search_term_string}"},"query-input":{"@type":"PropertyValueSpecification","valueRequired":true,"valueName":"search_term_string"}}],"inLanguage":"pt-BR"},{"@type":"Organization","@id":"https:\/\/www.fatosefotosnews.com.br\/#organization","name":"Fatos e Fotos News","url":"https:\/\/www.fatosefotosnews.com.br\/","logo":{"@type":"ImageObject","inLanguage":"pt-BR","@id":"https:\/\/www.fatosefotosnews.com.br\/#\/schema\/logo\/image\/","url":"https:\/\/www.fatosefotosnews.com.br\/wp-content\/uploads\/2023\/02\/Fatos-e-Fotos-news-logo.png","contentUrl":"https:\/\/www.fatosefotosnews.com.br\/wp-content\/uploads\/2023\/02\/Fatos-e-Fotos-news-logo.png","width":300,"height":58,"caption":"Fatos e Fotos News"},"image":{"@id":"https:\/\/www.fatosefotosnews.com.br\/#\/schema\/logo\/image\/"}},{"@type":"Person","@id":"https:\/\/www.fatosefotosnews.com.br\/#\/schema\/person\/3b80f81d08670fb1f6690e07eb8b5dc6","name":"Da Reda\u00e7\u00e3o","image":{"@type":"ImageObject","inLanguage":"pt-BR","@id":"https:\/\/secure.gravatar.com\/avatar\/696d39935a657bf0fc95044dbc9f912520430a0eb6dd46c85dd97eb6483b249b?s=96&d=mm&r=g","url":"https:\/\/secure.gravatar.com\/avatar\/696d39935a657bf0fc95044dbc9f912520430a0eb6dd46c85dd97eb6483b249b?s=96&d=mm&r=g","contentUrl":"https:\/\/secure.gravatar.com\/avatar\/696d39935a657bf0fc95044dbc9f912520430a0eb6dd46c85dd97eb6483b249b?s=96&d=mm&r=g","caption":"Da Reda\u00e7\u00e3o"},"url":"https:\/\/www.fatosefotosnews.com.br\/?author=5"}]}},"jetpack_publicize_connections":[],"blog_post_layout_featured_media_urls":{"thumbnail":["https:\/\/www.fatosefotosnews.com.br\/wp-content\/uploads\/2025\/07\/cdd588da9de46e26366bcbf277314880-150x150.png",150,150,true],"full":["https:\/\/www.fatosefotosnews.com.br\/wp-content\/uploads\/2025\/07\/cdd588da9de46e26366bcbf277314880.png",1024,590,false]},"categories_names":{"24902":{"name":"Educa\u00e7\u00e3o","link":"https:\/\/www.fatosefotosnews.com.br\/?cat=24902"}},"tags_names":{"4551":{"name":"escola","link":"https:\/\/www.fatosefotosnews.com.br\/?tag=escola"},"1328":{"name":"municipios","link":"https:\/\/www.fatosefotosnews.com.br\/?tag=municipios"},"3669":{"name":"presente","link":"https:\/\/www.fatosefotosnews.com.br\/?tag=presente"},"11252":{"name":"seleciona","link":"https:\/\/www.fatosefotosnews.com.br\/?tag=seleciona"}},"comments_number":"0","wpmagazine_modules_lite_featured_media_urls":{"thumbnail":["https:\/\/www.fatosefotosnews.com.br\/wp-content\/uploads\/2025\/07\/cdd588da9de46e26366bcbf277314880-150x150.png",150,150,true],"cvmm-medium":["https:\/\/www.fatosefotosnews.com.br\/wp-content\/uploads\/2025\/07\/cdd588da9de46e26366bcbf277314880-300x300.png",300,300,true],"cvmm-medium-plus":["https:\/\/www.fatosefotosnews.com.br\/wp-content\/uploads\/2025\/07\/cdd588da9de46e26366bcbf277314880-305x207.png",305,207,true],"cvmm-portrait":["https:\/\/www.fatosefotosnews.com.br\/wp-content\/uploads\/2025\/07\/cdd588da9de46e26366bcbf277314880-400x590.png",400,590,true],"cvmm-medium-square":["https:\/\/www.fatosefotosnews.com.br\/wp-content\/uploads\/2025\/07\/cdd588da9de46e26366bcbf277314880-600x590.png",600,590,true],"cvmm-large":["https:\/\/www.fatosefotosnews.com.br\/wp-content\/uploads\/2025\/07\/cdd588da9de46e26366bcbf277314880.png",1024,590,false],"cvmm-small":["https:\/\/www.fatosefotosnews.com.br\/wp-content\/uploads\/2025\/07\/cdd588da9de46e26366bcbf277314880-130x95.png",130,95,true],"full":["https:\/\/www.fatosefotosnews.com.br\/wp-content\/uploads\/2025\/07\/cdd588da9de46e26366bcbf277314880.png",1024,590,false]},"_links":{"self":[{"href":"https:\/\/www.fatosefotosnews.com.br\/index.php?rest_route=\/wp\/v2\/posts\/131705","targetHints":{"allow":["GET"]}}],"collection":[{"href":"https:\/\/www.fatosefotosnews.com.br\/index.php?rest_route=\/wp\/v2\/posts"}],"about":[{"href":"https:\/\/www.fatosefotosnews.com.br\/index.php?rest_route=\/wp\/v2\/types\/post"}],"author":[{"embeddable":true,"href":"https:\/\/www.fatosefotosnews.com.br\/index.php?rest_route=\/wp\/v2\/users\/5"}],"replies":[{"embeddable":true,"href":"https:\/\/www.fatosefotosnews.com.br\/index.php?rest_route=%2Fwp%2Fv2%2Fcomments&post=131705"}],"version-history":[{"count":0,"href":"https:\/\/www.fatosefotosnews.com.br\/index.php?rest_route=\/wp\/v2\/posts\/131705\/revisions"}],"wp:featuredmedia":[{"embeddable":true,"href":"https:\/\/www.fatosefotosnews.com.br\/index.php?rest_route=\/wp\/v2\/media\/131706"}],"wp:attachment":[{"href":"https:\/\/www.fatosefotosnews.com.br\/index.php?rest_route=%2Fwp%2Fv2%2Fmedia&parent=131705"}],"wp:term":[{"taxonomy":"category","embeddable":true,"href":"https:\/\/www.fatosefotosnews.com.br\/index.php?rest_route=%2Fwp%2Fv2%2Fcategories&post=131705"},{"taxonomy":"post_tag","embeddable":true,"href":"https:\/\/www.fatosefotosnews.com.br\/index.php?rest_route=%2Fwp%2Fv2%2Ftags&post=131705"}],"curies":[{"name":"wp","href":"https:\/\/api.w.org\/{rel}","templated":true}]}}