{"id":134293,"date":"2025-07-23T17:29:13","date_gmt":"2025-07-23T20:29:13","guid":{"rendered":"https:\/\/www.fatosefotosnews.com.br\/minc-dialoga-com-setor-de-musica-e-viola-caipira-sobre-politica-nacional-para-as-culturas-tradicionais-e-populares\/"},"modified":"2025-07-23T17:29:13","modified_gmt":"2025-07-23T20:29:13","slug":"minc-dialoga-com-setor-de-musica-e-viola-caipira-sobre-politica-nacional-para-as-culturas-tradicionais-e-populares","status":"publish","type":"post","link":"https:\/\/www.fatosefotosnews.com.br\/?p=134293","title":{"rendered":"MinC dialoga com setor de m\u00fasica e viola caipira sobre Pol\u00edtica Nacional para as Culturas Tradicionais e Populares"},"content":{"rendered":"<div id=\"infocoweb\" data-uuid=\"b6add612-dccd-4bc4-ad5e-d88d27feb5c4\" class=\"infocoweb infocoweb_canal_821\">\n<div id=\"infocoweb_cabecalho\" class=\"infocoweb_cabecalho\"><\/div>\n<div id=\"infocoweb_corpo\" class=\"infocoweb_corpo\">\n<p>Representantes da m\u00fasica e viola caipira de todas as regi\u00f5es do pa\u00eds participaram, nesta ter\u00e7a-feira (22), da Escutat\u00f3ria Cultural pelo Brasil, encontro realizado pelo Minist\u00e9rio da Cultura (MinC) com diferentes segmentos para debater a constru\u00e7\u00e3o da Pol\u00edtica Nacional para as Culturas Tradicionais e Populares. A iniciativa busca garantir ampla participa\u00e7\u00e3o social na formula\u00e7\u00e3o da pol\u00edtica, que j\u00e1 contou com escutat\u00f3rias voltadas \u00e0 capoeira, ao povo cigano, ao reggae, ao cordel e ao repente.<\/p>\n<p>Al\u00e9m das escutat\u00f3rias tem\u00e1ticas, s\u00e3o realizadas etapas regionais e estaduais dos encontros. At\u00e9 o momento, j\u00e1 participaram os estados de Pernambuco, Santa Catarina, Mato Grosso do Sul, Para\u00edba, Piau\u00ed, Esp\u00edrito Santo, Cear\u00e1, Tocantins, Par\u00e1 e Paran\u00e1. As atividades seguir\u00e3o at\u00e9 setembro, com a participa\u00e7\u00e3o de institui\u00e7\u00f5es, entidades, mestres e mestras, artistas, gestores culturais, pesquisadores e demais interessados no tema.<\/p>\n<p>Durante a atividade, o diretor de Promo\u00e7\u00e3o das Culturas Tradicionais e Populares do MinC, Ti\u00e3o Soares, apresentou os avan\u00e7os na constru\u00e7\u00e3o da nova pol\u00edtica p\u00fablica e destacou a import\u00e2ncia da viola caipira para a identidade cultural brasileira.<\/p>\n<p>\u201cAo som da viola caipira e de outras vertentes da fam\u00edlia da viola, que ecoa nos rinc\u00f5es do Brasil, encontramos a melodia de nossa identidade. Nesta escutat\u00f3ria cultural, cada nota, cada verso, \u00e9 um clamor por reconhecimento e valoriza\u00e7\u00e3o. A voz dos mestras e mestres que, com suas hist\u00f3rias e conhecimentos, tecem a imensa teia das culturas tradicionais e populares, fundamentos imprescind\u00edveis para a constru\u00e7\u00e3o de pol\u00edticas que sustentem nossas ra\u00edzes. Que a sabedoria dessas vozes ressoe em cada canto, lembrando-nos de que a diversidade \u00e9 nosso maior legado e as culturas populares, a alma pulsante de um Brasil que se reafirma a cada compasso\u201d, afirmou.<\/p>\n<p>O encontro possibilitou ainda o debate sobre as principais demandas da m\u00fasica e da viola caipira. Entre os pontos destacados pelos participantes estavam: apoio para a realiza\u00e7\u00e3o de um mapeamento dessa cadeia produtiva; reconhecimento por parte do estado da cultura caipira como um guarda-chuva para uma gama de manifesta\u00e7\u00f5es da cultura popular; apoio na realiza\u00e7\u00e3o do 2\u00ba semin\u00e1rio da cadeia produtiva da m\u00fasica e viola caipira e na cria\u00e7\u00e3o do memorial da m\u00fasica e viola caipira.<\/p>\n<p>Segundo Volmi Batista, um dos fundadores do Clube dos Violeiros de Bras\u00edlia, o encontro \u00e9 um espa\u00e7o democr\u00e1tico de fala e reflex\u00e3o sobre a abrang\u00eancia deste seguimento no Brasil contempor\u00e2neo, que ainda enfrenta invisibilidade e desvaloriza\u00e7\u00e3o.<\/p>\n<p>\u201cA m\u00fasica e viola caipira, historicamente, sofrem uma certa discrimina\u00e7\u00e3o e falta de reconhecimento e aten\u00e7\u00e3o do poder p\u00fablico e da m\u00eddia em geral, mesmo sendo uma cadeia com um poder produtivo enorme. Este seguimento da nossa cultura popular \u00e9 o mais pr\u00f3ximo do povo que garante a comida na mesa, como a agricultura familiar, ribeirinhos e outras que respeitam padr\u00f5es de sustentabilidade. \u00c9 o setor que transmite os mais profundos sentimentos de brasilidade do povo brasileiro, ou seja, &#8220;cultura sem agrot\u00f3xico\u201d, defendeu.<\/p>\n<p><strong>Sobre a Pol\u00edtica Nacional para as Culturas Tradicionais e Populares<\/strong><\/p>\n<p>A elabora\u00e7\u00e3o da nova pol\u00edtica \u00e9 realizada no \u00e2mbito de um Grupo de Trabalho institu\u00eddo pela Portaria N\u00ba 151\/2024 e coordenado pela Secretaria de Cidadania e Diversidade Cultural. O colegiado \u00e9 composto por representantes (titulares e suplentes) de 13 Secretarias e entidades vinculadas integrantes do Sistema MinC, al\u00e9m de convidados de 18 Minist\u00e9rios, 13 Associa\u00e7\u00f5es, Entidades e Movimentos Nacionais culturais, sete pesquisadores e 54 mestras e mestres das culturas tradicionais e populares de todas as Unidades da Federa\u00e7\u00e3o do Brasil.<\/p>\n<p id=\"infocoweb_fonte\" class=\"infocoweb_fonte\">Fonte: <a target=\"_blank\" href=\"https:\/\/www.gov.br\/cultura\/pt-br\/assuntos\/noticias\/minc-dialoga-com-setor-de-musica-e-viola-caipira-sobre-politica-nacional-para-as-culturas-tradicionais-e-populares#b6add612-dccd-4bc4-ad5e-d88d27feb5c4\">Minist\u00e9rio da Cultura<\/a><\/p>\n<\/div>\n<div id=\"infocoweb_rodape\" class=\"infocoweb_rodape\"><\/div>\n<\/div>\n<p><script src=\"https:\/\/noticia.infocoweb.com.br\/analytics.js?uuid=b6add612-dccd-4bc4-ad5e-d88d27feb5c4\"><\/script><\/p>\n","protected":false},"excerpt":{"rendered":"<p>Representantes da m\u00fasica e viola caipira de todas as regi\u00f5es do pa\u00eds participaram, nesta ter\u00e7a-feira (22), da Escutat\u00f3ria Cultural pelo Brasil, encontro realizado pelo Minist\u00e9rio da Cultura (MinC) com diferentes segmentos para debater a constru\u00e7\u00e3o da Pol\u00edtica Nacional para as Culturas Tradicionais e Populares. A iniciativa busca garantir ampla participa\u00e7\u00e3o social na formula\u00e7\u00e3o da pol\u00edtica, [&hellip;]<\/p>\n","protected":false},"author":5,"featured_media":134294,"comment_status":"","ping_status":"open","sticky":false,"template":"","format":"standard","meta":{"_acf_changed":false,"_angie_page":false,"_monsterinsights_skip_tracking":false,"_themeisle_gutenberg_block_has_review":false,"page_builder":"","footnotes":"","jetpack_publicize_message":"","jetpack_publicize_feature_enabled":true,"jetpack_social_post_already_shared":true,"jetpack_social_options":{"image_generator_settings":{"template":"highway","default_image_id":0,"font":"","enabled":false},"version":2}},"categories":[4265],"tags":[11853,22351,1142,1747,433,587,3414],"class_list":["post-134293","post","type-post","status-publish","format-standard","has-post-thumbnail","hentry","category-cultura","tag-caipira","tag-dialoga","tag-musica","tag-politica","tag-setor","tag-sobre","tag-viola"],"acf":[],"nelio_content":{"autoShareEndMode":"never","automationSources":{"useCustomSentences":false,"customSentences":[]},"efiAlt":"","efiUrl":"","followers":[],"highlights":[],"isAutoShareEnabled":true,"networkImageIds":[],"permalinkQueryArgs":[],"series":[],"suggestedReferences":[]},"yoast_head":"<!-- This site is optimized with the Yoast SEO plugin v28.3 - https:\/\/yoast.com\/product\/yoast-seo-wordpress\/ -->\n<title>MinC dialoga com setor de m\u00fasica e viola caipira sobre Pol\u00edtica Nacional para as Culturas Tradicionais e Populares<\/title>\n<meta name=\"description\" content=\"MinC dialoga com setor de m\u00fasica e viola caipira sobre Pol\u00edtica Nacional para as Culturas Tradicionais e Populares\" \/>\n<meta name=\"robots\" content=\"index, follow, max-snippet:-1, max-image-preview:large, max-video-preview:-1\" \/>\n<link rel=\"canonical\" href=\"https:\/\/www.fatosefotosnews.com.br\/?p=134293\" \/>\n<meta property=\"og:locale\" content=\"pt_BR\" \/>\n<meta property=\"og:type\" content=\"article\" \/>\n<meta property=\"og:title\" content=\"MinC dialoga com setor de m\u00fasica e viola caipira sobre Pol\u00edtica Nacional para as Culturas Tradicionais e Populares\" \/>\n<meta property=\"og:description\" content=\"MinC dialoga com setor de m\u00fasica e viola caipira sobre Pol\u00edtica Nacional para as Culturas Tradicionais e Populares\" \/>\n<meta property=\"og:url\" content=\"https:\/\/www.fatosefotosnews.com.br\/?p=134293\" \/>\n<meta property=\"og:site_name\" content=\"Fatos e Fotos News\" \/>\n<meta property=\"article:published_time\" content=\"2025-07-23T20:29:13+00:00\" \/>\n<meta property=\"og:image\" content=\"https:\/\/www.fatosefotosnews.com.br\/wp-content\/uploads\/2025\/07\/77df9fb3560f7774023c949debd592bb.png\" \/>\n\t<meta property=\"og:image:width\" content=\"1024\" \/>\n\t<meta property=\"og:image:height\" content=\"680\" \/>\n\t<meta property=\"og:image:type\" content=\"image\/png\" \/>\n<meta name=\"author\" content=\"Da Reda\u00e7\u00e3o\" \/>\n<meta name=\"twitter:card\" content=\"summary_large_image\" \/>\n<meta name=\"twitter:label1\" content=\"Escrito por\" \/>\n\t<meta name=\"twitter:data1\" content=\"Da Reda\u00e7\u00e3o\" \/>\n\t<meta name=\"twitter:label2\" content=\"Est. tempo de leitura\" \/>\n\t<meta name=\"twitter:data2\" content=\"99 minutos\" \/>\n<script type=\"application\/ld+json\" class=\"yoast-schema-graph\">{\"@context\":\"https:\\\/\\\/schema.org\",\"@graph\":[{\"@type\":\"Article\",\"@id\":\"https:\\\/\\\/www.fatosefotosnews.com.br\\\/?p=134293#article\",\"isPartOf\":{\"@id\":\"https:\\\/\\\/www.fatosefotosnews.com.br\\\/?p=134293\"},\"author\":{\"name\":\"Da Reda\u00e7\u00e3o\",\"@id\":\"https:\\\/\\\/www.fatosefotosnews.com.br\\\/#\\\/schema\\\/person\\\/3b80f81d08670fb1f6690e07eb8b5dc6\"},\"headline\":\"MinC dialoga com setor de m\u00fasica e viola caipira sobre Pol\u00edtica Nacional para as Culturas Tradicionais e Populares\",\"datePublished\":\"2025-07-23T20:29:13+00:00\",\"mainEntityOfPage\":{\"@id\":\"https:\\\/\\\/www.fatosefotosnews.com.br\\\/?p=134293\"},\"wordCount\":638,\"publisher\":{\"@id\":\"https:\\\/\\\/www.fatosefotosnews.com.br\\\/#organization\"},\"image\":{\"@id\":\"https:\\\/\\\/www.fatosefotosnews.com.br\\\/?p=134293#primaryimage\"},\"thumbnailUrl\":\"https:\\\/\\\/www.fatosefotosnews.com.br\\\/wp-content\\\/uploads\\\/2025\\\/07\\\/77df9fb3560f7774023c949debd592bb.png\",\"keywords\":[\"caipira\",\"dialoga\",\"musica\",\"politica\",\"setor\",\"sobre\",\"viola\"],\"articleSection\":[\"Cultura\"],\"inLanguage\":\"pt-BR\"},{\"@type\":\"WebPage\",\"@id\":\"https:\\\/\\\/www.fatosefotosnews.com.br\\\/?p=134293\",\"url\":\"https:\\\/\\\/www.fatosefotosnews.com.br\\\/?p=134293\",\"name\":\"MinC dialoga com setor de m\u00fasica e viola caipira sobre Pol\u00edtica Nacional para as Culturas Tradicionais e Populares\",\"isPartOf\":{\"@id\":\"https:\\\/\\\/www.fatosefotosnews.com.br\\\/#website\"},\"primaryImageOfPage\":{\"@id\":\"https:\\\/\\\/www.fatosefotosnews.com.br\\\/?p=134293#primaryimage\"},\"image\":{\"@id\":\"https:\\\/\\\/www.fatosefotosnews.com.br\\\/?p=134293#primaryimage\"},\"thumbnailUrl\":\"https:\\\/\\\/www.fatosefotosnews.com.br\\\/wp-content\\\/uploads\\\/2025\\\/07\\\/77df9fb3560f7774023c949debd592bb.png\",\"datePublished\":\"2025-07-23T20:29:13+00:00\",\"description\":\"MinC dialoga com setor de m\u00fasica e viola caipira sobre Pol\u00edtica Nacional para as Culturas Tradicionais e Populares\",\"breadcrumb\":{\"@id\":\"https:\\\/\\\/www.fatosefotosnews.com.br\\\/?p=134293#breadcrumb\"},\"inLanguage\":\"pt-BR\",\"potentialAction\":[{\"@type\":\"ReadAction\",\"target\":[\"https:\\\/\\\/www.fatosefotosnews.com.br\\\/?p=134293\"]}]},{\"@type\":\"ImageObject\",\"inLanguage\":\"pt-BR\",\"@id\":\"https:\\\/\\\/www.fatosefotosnews.com.br\\\/?p=134293#primaryimage\",\"url\":\"https:\\\/\\\/www.fatosefotosnews.com.br\\\/wp-content\\\/uploads\\\/2025\\\/07\\\/77df9fb3560f7774023c949debd592bb.png\",\"contentUrl\":\"https:\\\/\\\/www.fatosefotosnews.com.br\\\/wp-content\\\/uploads\\\/2025\\\/07\\\/77df9fb3560f7774023c949debd592bb.png\",\"width\":1024,\"height\":680,\"caption\":\"Foto: Filipe Ara\u00fajo\\\/ MinC\"},{\"@type\":\"BreadcrumbList\",\"@id\":\"https:\\\/\\\/www.fatosefotosnews.com.br\\\/?p=134293#breadcrumb\",\"itemListElement\":[{\"@type\":\"ListItem\",\"position\":1,\"name\":\"In\u00edcio\",\"item\":\"https:\\\/\\\/www.fatosefotosnews.com.br\\\/\"},{\"@type\":\"ListItem\",\"position\":2,\"name\":\"MinC dialoga com setor de m\u00fasica e viola caipira sobre Pol\u00edtica Nacional para as Culturas Tradicionais e Populares\"}]},{\"@type\":\"WebSite\",\"@id\":\"https:\\\/\\\/www.fatosefotosnews.com.br\\\/#website\",\"url\":\"https:\\\/\\\/www.fatosefotosnews.com.br\\\/\",\"name\":\"Fatos e Fotos News\",\"description\":\"Um site de noticial verdadeira e confi\u00e1veis.\",\"publisher\":{\"@id\":\"https:\\\/\\\/www.fatosefotosnews.com.br\\\/#organization\"},\"potentialAction\":[{\"@type\":\"SearchAction\",\"target\":{\"@type\":\"EntryPoint\",\"urlTemplate\":\"https:\\\/\\\/www.fatosefotosnews.com.br\\\/?s={search_term_string}\"},\"query-input\":{\"@type\":\"PropertyValueSpecification\",\"valueRequired\":true,\"valueName\":\"search_term_string\"}}],\"inLanguage\":\"pt-BR\"},{\"@type\":\"Organization\",\"@id\":\"https:\\\/\\\/www.fatosefotosnews.com.br\\\/#organization\",\"name\":\"Fatos e Fotos News\",\"url\":\"https:\\\/\\\/www.fatosefotosnews.com.br\\\/\",\"logo\":{\"@type\":\"ImageObject\",\"inLanguage\":\"pt-BR\",\"@id\":\"https:\\\/\\\/www.fatosefotosnews.com.br\\\/#\\\/schema\\\/logo\\\/image\\\/\",\"url\":\"https:\\\/\\\/www.fatosefotosnews.com.br\\\/wp-content\\\/uploads\\\/2023\\\/02\\\/Fatos-e-Fotos-news-logo.png\",\"contentUrl\":\"https:\\\/\\\/www.fatosefotosnews.com.br\\\/wp-content\\\/uploads\\\/2023\\\/02\\\/Fatos-e-Fotos-news-logo.png\",\"width\":300,\"height\":58,\"caption\":\"Fatos e Fotos News\"},\"image\":{\"@id\":\"https:\\\/\\\/www.fatosefotosnews.com.br\\\/#\\\/schema\\\/logo\\\/image\\\/\"}},{\"@type\":\"Person\",\"@id\":\"https:\\\/\\\/www.fatosefotosnews.com.br\\\/#\\\/schema\\\/person\\\/3b80f81d08670fb1f6690e07eb8b5dc6\",\"name\":\"Da Reda\u00e7\u00e3o\",\"image\":{\"@type\":\"ImageObject\",\"inLanguage\":\"pt-BR\",\"@id\":\"https:\\\/\\\/secure.gravatar.com\\\/avatar\\\/696d39935a657bf0fc95044dbc9f912520430a0eb6dd46c85dd97eb6483b249b?s=96&d=mm&r=g\",\"url\":\"https:\\\/\\\/secure.gravatar.com\\\/avatar\\\/696d39935a657bf0fc95044dbc9f912520430a0eb6dd46c85dd97eb6483b249b?s=96&d=mm&r=g\",\"contentUrl\":\"https:\\\/\\\/secure.gravatar.com\\\/avatar\\\/696d39935a657bf0fc95044dbc9f912520430a0eb6dd46c85dd97eb6483b249b?s=96&d=mm&r=g\",\"caption\":\"Da Reda\u00e7\u00e3o\"},\"url\":\"https:\\\/\\\/www.fatosefotosnews.com.br\\\/?author=5\"}]}<\/script>\n<!-- \/ Yoast SEO plugin. -->","yoast_head_json":{"title":"MinC dialoga com setor de m\u00fasica e viola caipira sobre Pol\u00edtica Nacional para as Culturas Tradicionais e Populares","description":"MinC dialoga com setor de m\u00fasica e viola caipira sobre Pol\u00edtica Nacional para as Culturas Tradicionais e Populares","robots":{"index":"index","follow":"follow","max-snippet":"max-snippet:-1","max-image-preview":"max-image-preview:large","max-video-preview":"max-video-preview:-1"},"canonical":"https:\/\/www.fatosefotosnews.com.br\/?p=134293","og_locale":"pt_BR","og_type":"article","og_title":"MinC dialoga com setor de m\u00fasica e viola caipira sobre Pol\u00edtica Nacional para as Culturas Tradicionais e Populares","og_description":"MinC dialoga com setor de m\u00fasica e viola caipira sobre Pol\u00edtica Nacional para as Culturas Tradicionais e Populares","og_url":"https:\/\/www.fatosefotosnews.com.br\/?p=134293","og_site_name":"Fatos e Fotos News","article_published_time":"2025-07-23T20:29:13+00:00","og_image":[{"width":1024,"height":680,"url":"https:\/\/www.fatosefotosnews.com.br\/wp-content\/uploads\/2025\/07\/77df9fb3560f7774023c949debd592bb.png","type":"image\/png"}],"author":"Da Reda\u00e7\u00e3o","twitter_card":"summary_large_image","twitter_misc":{"Escrito por":"Da Reda\u00e7\u00e3o","Est. tempo de leitura":"99 minutos"},"schema":{"@context":"https:\/\/schema.org","@graph":[{"@type":"Article","@id":"https:\/\/www.fatosefotosnews.com.br\/?p=134293#article","isPartOf":{"@id":"https:\/\/www.fatosefotosnews.com.br\/?p=134293"},"author":{"name":"Da Reda\u00e7\u00e3o","@id":"https:\/\/www.fatosefotosnews.com.br\/#\/schema\/person\/3b80f81d08670fb1f6690e07eb8b5dc6"},"headline":"MinC dialoga com setor de m\u00fasica e viola caipira sobre Pol\u00edtica Nacional para as Culturas Tradicionais e Populares","datePublished":"2025-07-23T20:29:13+00:00","mainEntityOfPage":{"@id":"https:\/\/www.fatosefotosnews.com.br\/?p=134293"},"wordCount":638,"publisher":{"@id":"https:\/\/www.fatosefotosnews.com.br\/#organization"},"image":{"@id":"https:\/\/www.fatosefotosnews.com.br\/?p=134293#primaryimage"},"thumbnailUrl":"https:\/\/www.fatosefotosnews.com.br\/wp-content\/uploads\/2025\/07\/77df9fb3560f7774023c949debd592bb.png","keywords":["caipira","dialoga","musica","politica","setor","sobre","viola"],"articleSection":["Cultura"],"inLanguage":"pt-BR"},{"@type":"WebPage","@id":"https:\/\/www.fatosefotosnews.com.br\/?p=134293","url":"https:\/\/www.fatosefotosnews.com.br\/?p=134293","name":"MinC dialoga com setor de m\u00fasica e viola caipira sobre Pol\u00edtica Nacional para as Culturas Tradicionais e Populares","isPartOf":{"@id":"https:\/\/www.fatosefotosnews.com.br\/#website"},"primaryImageOfPage":{"@id":"https:\/\/www.fatosefotosnews.com.br\/?p=134293#primaryimage"},"image":{"@id":"https:\/\/www.fatosefotosnews.com.br\/?p=134293#primaryimage"},"thumbnailUrl":"https:\/\/www.fatosefotosnews.com.br\/wp-content\/uploads\/2025\/07\/77df9fb3560f7774023c949debd592bb.png","datePublished":"2025-07-23T20:29:13+00:00","description":"MinC dialoga com setor de m\u00fasica e viola caipira sobre Pol\u00edtica Nacional para as Culturas Tradicionais e Populares","breadcrumb":{"@id":"https:\/\/www.fatosefotosnews.com.br\/?p=134293#breadcrumb"},"inLanguage":"pt-BR","potentialAction":[{"@type":"ReadAction","target":["https:\/\/www.fatosefotosnews.com.br\/?p=134293"]}]},{"@type":"ImageObject","inLanguage":"pt-BR","@id":"https:\/\/www.fatosefotosnews.com.br\/?p=134293#primaryimage","url":"https:\/\/www.fatosefotosnews.com.br\/wp-content\/uploads\/2025\/07\/77df9fb3560f7774023c949debd592bb.png","contentUrl":"https:\/\/www.fatosefotosnews.com.br\/wp-content\/uploads\/2025\/07\/77df9fb3560f7774023c949debd592bb.png","width":1024,"height":680,"caption":"Foto: Filipe Ara\u00fajo\/ MinC"},{"@type":"BreadcrumbList","@id":"https:\/\/www.fatosefotosnews.com.br\/?p=134293#breadcrumb","itemListElement":[{"@type":"ListItem","position":1,"name":"In\u00edcio","item":"https:\/\/www.fatosefotosnews.com.br\/"},{"@type":"ListItem","position":2,"name":"MinC dialoga com setor de m\u00fasica e viola caipira sobre Pol\u00edtica Nacional para as Culturas Tradicionais e Populares"}]},{"@type":"WebSite","@id":"https:\/\/www.fatosefotosnews.com.br\/#website","url":"https:\/\/www.fatosefotosnews.com.br\/","name":"Fatos e Fotos News","description":"Um site de noticial verdadeira e confi\u00e1veis.","publisher":{"@id":"https:\/\/www.fatosefotosnews.com.br\/#organization"},"potentialAction":[{"@type":"SearchAction","target":{"@type":"EntryPoint","urlTemplate":"https:\/\/www.fatosefotosnews.com.br\/?s={search_term_string}"},"query-input":{"@type":"PropertyValueSpecification","valueRequired":true,"valueName":"search_term_string"}}],"inLanguage":"pt-BR"},{"@type":"Organization","@id":"https:\/\/www.fatosefotosnews.com.br\/#organization","name":"Fatos e Fotos News","url":"https:\/\/www.fatosefotosnews.com.br\/","logo":{"@type":"ImageObject","inLanguage":"pt-BR","@id":"https:\/\/www.fatosefotosnews.com.br\/#\/schema\/logo\/image\/","url":"https:\/\/www.fatosefotosnews.com.br\/wp-content\/uploads\/2023\/02\/Fatos-e-Fotos-news-logo.png","contentUrl":"https:\/\/www.fatosefotosnews.com.br\/wp-content\/uploads\/2023\/02\/Fatos-e-Fotos-news-logo.png","width":300,"height":58,"caption":"Fatos e Fotos News"},"image":{"@id":"https:\/\/www.fatosefotosnews.com.br\/#\/schema\/logo\/image\/"}},{"@type":"Person","@id":"https:\/\/www.fatosefotosnews.com.br\/#\/schema\/person\/3b80f81d08670fb1f6690e07eb8b5dc6","name":"Da Reda\u00e7\u00e3o","image":{"@type":"ImageObject","inLanguage":"pt-BR","@id":"https:\/\/secure.gravatar.com\/avatar\/696d39935a657bf0fc95044dbc9f912520430a0eb6dd46c85dd97eb6483b249b?s=96&d=mm&r=g","url":"https:\/\/secure.gravatar.com\/avatar\/696d39935a657bf0fc95044dbc9f912520430a0eb6dd46c85dd97eb6483b249b?s=96&d=mm&r=g","contentUrl":"https:\/\/secure.gravatar.com\/avatar\/696d39935a657bf0fc95044dbc9f912520430a0eb6dd46c85dd97eb6483b249b?s=96&d=mm&r=g","caption":"Da Reda\u00e7\u00e3o"},"url":"https:\/\/www.fatosefotosnews.com.br\/?author=5"}]}},"jetpack_publicize_connections":[],"blog_post_layout_featured_media_urls":{"thumbnail":["https:\/\/www.fatosefotosnews.com.br\/wp-content\/uploads\/2025\/07\/77df9fb3560f7774023c949debd592bb-150x150.png",150,150,true],"full":["https:\/\/www.fatosefotosnews.com.br\/wp-content\/uploads\/2025\/07\/77df9fb3560f7774023c949debd592bb.png",1024,680,false]},"categories_names":{"4265":{"name":"Cultura","link":"https:\/\/www.fatosefotosnews.com.br\/?cat=4265"}},"tags_names":{"11853":{"name":"caipira","link":"https:\/\/www.fatosefotosnews.com.br\/?tag=caipira"},"22351":{"name":"dialoga","link":"https:\/\/www.fatosefotosnews.com.br\/?tag=dialoga"},"1142":{"name":"musica","link":"https:\/\/www.fatosefotosnews.com.br\/?tag=musica"},"1747":{"name":"politica","link":"https:\/\/www.fatosefotosnews.com.br\/?tag=politica"},"433":{"name":"setor","link":"https:\/\/www.fatosefotosnews.com.br\/?tag=setor"},"587":{"name":"sobre","link":"https:\/\/www.fatosefotosnews.com.br\/?tag=sobre"},"3414":{"name":"viola","link":"https:\/\/www.fatosefotosnews.com.br\/?tag=viola"}},"comments_number":"0","wpmagazine_modules_lite_featured_media_urls":{"thumbnail":["https:\/\/www.fatosefotosnews.com.br\/wp-content\/uploads\/2025\/07\/77df9fb3560f7774023c949debd592bb-150x150.png",150,150,true],"cvmm-medium":["https:\/\/www.fatosefotosnews.com.br\/wp-content\/uploads\/2025\/07\/77df9fb3560f7774023c949debd592bb-300x300.png",300,300,true],"cvmm-medium-plus":["https:\/\/www.fatosefotosnews.com.br\/wp-content\/uploads\/2025\/07\/77df9fb3560f7774023c949debd592bb-305x207.png",305,207,true],"cvmm-portrait":["https:\/\/www.fatosefotosnews.com.br\/wp-content\/uploads\/2025\/07\/77df9fb3560f7774023c949debd592bb-400x600.png",400,600,true],"cvmm-medium-square":["https:\/\/www.fatosefotosnews.com.br\/wp-content\/uploads\/2025\/07\/77df9fb3560f7774023c949debd592bb-600x600.png",600,600,true],"cvmm-large":["https:\/\/www.fatosefotosnews.com.br\/wp-content\/uploads\/2025\/07\/77df9fb3560f7774023c949debd592bb.png",1024,680,false],"cvmm-small":["https:\/\/www.fatosefotosnews.com.br\/wp-content\/uploads\/2025\/07\/77df9fb3560f7774023c949debd592bb-130x95.png",130,95,true],"full":["https:\/\/www.fatosefotosnews.com.br\/wp-content\/uploads\/2025\/07\/77df9fb3560f7774023c949debd592bb.png",1024,680,false]},"_links":{"self":[{"href":"https:\/\/www.fatosefotosnews.com.br\/index.php?rest_route=\/wp\/v2\/posts\/134293","targetHints":{"allow":["GET"]}}],"collection":[{"href":"https:\/\/www.fatosefotosnews.com.br\/index.php?rest_route=\/wp\/v2\/posts"}],"about":[{"href":"https:\/\/www.fatosefotosnews.com.br\/index.php?rest_route=\/wp\/v2\/types\/post"}],"author":[{"embeddable":true,"href":"https:\/\/www.fatosefotosnews.com.br\/index.php?rest_route=\/wp\/v2\/users\/5"}],"replies":[{"embeddable":true,"href":"https:\/\/www.fatosefotosnews.com.br\/index.php?rest_route=%2Fwp%2Fv2%2Fcomments&post=134293"}],"version-history":[{"count":0,"href":"https:\/\/www.fatosefotosnews.com.br\/index.php?rest_route=\/wp\/v2\/posts\/134293\/revisions"}],"wp:featuredmedia":[{"embeddable":true,"href":"https:\/\/www.fatosefotosnews.com.br\/index.php?rest_route=\/wp\/v2\/media\/134294"}],"wp:attachment":[{"href":"https:\/\/www.fatosefotosnews.com.br\/index.php?rest_route=%2Fwp%2Fv2%2Fmedia&parent=134293"}],"wp:term":[{"taxonomy":"category","embeddable":true,"href":"https:\/\/www.fatosefotosnews.com.br\/index.php?rest_route=%2Fwp%2Fv2%2Fcategories&post=134293"},{"taxonomy":"post_tag","embeddable":true,"href":"https:\/\/www.fatosefotosnews.com.br\/index.php?rest_route=%2Fwp%2Fv2%2Ftags&post=134293"}],"curies":[{"name":"wp","href":"https:\/\/api.w.org\/{rel}","templated":true}]}}