{"id":134826,"date":"2025-07-27T17:58:12","date_gmt":"2025-07-27T20:58:12","guid":{"rendered":"https:\/\/www.fatosefotosnews.com.br\/deracre-celebra-62-anos-com-mais-de-r-750-milhoes-em-obras-e-leva-experiencia-imersiva-a-expoacre\/"},"modified":"2025-07-27T17:58:12","modified_gmt":"2025-07-27T20:58:12","slug":"deracre-celebra-62-anos-com-mais-de-r-750-milhoes-em-obras-e-leva-experiencia-imersiva-a-expoacre","status":"publish","type":"post","link":"https:\/\/www.fatosefotosnews.com.br\/?p=134826","title":{"rendered":"Deracre celebra 62 anos com mais de R$ 750 milh\u00f5es em obras e leva experi\u00eancia imersiva \u00e0 Expoacre"},"content":{"rendered":"<div id=\"infocoweb\" data-uuid=\"03c253af-2d40-4177-9a9e-b640fa8da163\" class=\"infocoweb infocoweb_canal_272\">\n<div id=\"infocoweb_cabecalho\" class=\"infocoweb_cabecalho\"><\/div>\n<div id=\"infocoweb_corpo\" class=\"infocoweb_corpo\">\n<p>O Departamento de Estradas de Rodagem, Infraestrutura Hidrovi\u00e1ria e Aeroportu\u00e1ria do Acre (Deracre) participa da Expoacre com um estande interativo que permite ao p\u00fablico conhecer as principais obras em andamento no estado. No s\u00e1bado, 26 de julho, o \u00f3rg\u00e3o celebrou 62 anos de atua\u00e7\u00e3o dedicados ao desenvolvimento da infraestrutura estadual, refor\u00e7ando seu compromisso com a transpar\u00eancia e a aproxima\u00e7\u00e3o com a popula\u00e7\u00e3o. A presidente do Deracre, Sula Ximenes, refor\u00e7ou o papel estrat\u00e9gico da autarquia e agradeceu a confian\u00e7a do governador Gladson Camel\u00ed, dos parlamentares e servidores.<\/p>\n<p>\u201cCelebramos mais de seis d\u00e9cadas de compromisso com o Acre. O Deracre est\u00e1 presente onde o povo mais precisa, garantindo mobilidade, acesso e dignidade. A cada frente de trabalho, reafirmamos nossa miss\u00e3o de construir um estado mais conectado e com mais oportunidades para todos\u201d, afirmou a presidente.<\/p>\n<figure id=\"attachment_858296\" aria-describedby=\"caption-attachment-858296\" style=\"width: 2560px\" class=\"wp-caption aligncenter\"><img fetchpriority=\"high\" decoding=\"async\" data-lazyloaded=\"1\" src=\"image\/svg+xml;base64,PHN2ZyB4bWxucz0iaHR0cDovL3d3dy53My5vcmcvMjAwMC9zdmciIHdpZHRoPSIyNTYwIiBoZWlnaHQ9IjE5MjAiIHZpZXdCb3g9IjAgMCAyNTYwIDE5MjAiPjxyZWN0IHdpZHRoPSIxMDAlIiBoZWlnaHQ9IjEwMCUiIHN0eWxlPSJmaWxsOiNjZmQ0ZGI7ZmlsbC1vcGFjaXR5OiAwLjE7Ii8+PC9zdmc+\" data-attachment-id=\"858296\" data-permalink=\"https:\/\/agencia.ac.gov.br\/deracre-celebra-62-anos-com-mais-de-r-750-milhoes-em-obras-e-leva-experiencia-imersiva-a-expoacre\/whatsapp-image-2025-07-26-at-22-45-49\/\" data-orig-file=\"https:\/\/agencia.ac.gov.br\/wp-content\/uploads\/2025\/07\/WhatsApp-Image-2025-07-26-at-22.45.49-scaled.jpeg\" data-orig-size=\"2560,1920\" data-comments-opened=\"0\" data-image-meta='{\"aperture\":\"0\",\"credit\":\"\",\"camera\":\"\",\"caption\":\"\",\"created_timestamp\":\"0\",\"copyright\":\"\",\"focal_length\":\"0\",\"iso\":\"0\",\"shutter_speed\":\"0\",\"title\":\"\",\"orientation\":\"0\"}' data-image-title=\"WhatsApp Image 2025-07-26 at 22.45.49\" data-image-description=\"\" data-image-caption=\"\" data-medium-file=\"https:\/\/agencia.ac.gov.br\/wp-content\/uploads\/2025\/07\/WhatsApp-Image-2025-07-26-at-22.45.49-300x225.jpeg\" data-large-file=\"https:\/\/agencia.ac.gov.br\/wp-content\/uploads\/2025\/07\/WhatsApp-Image-2025-07-26-at-22.45.49-1024x768.jpeg\" class=\"wp-image-858296 size-full\" alt=\"\" width=\"2560\" height=\"1920\" data-srcset=\"https:\/\/agencia.ac.gov.br\/wp-content\/uploads\/2025\/07\/WhatsApp-Image-2025-07-26-at-22.45.49-scaled.jpeg 2560w, https:\/\/agencia.ac.gov.br\/wp-content\/uploads\/2025\/07\/WhatsApp-Image-2025-07-26-at-22.45.49-300x225.jpeg 300w, https:\/\/agencia.ac.gov.br\/wp-content\/uploads\/2025\/07\/WhatsApp-Image-2025-07-26-at-22.45.49-1024x768.jpeg 1024w, https:\/\/agencia.ac.gov.br\/wp-content\/uploads\/2025\/07\/WhatsApp-Image-2025-07-26-at-22.45.49-768x576.jpeg 768w, https:\/\/agencia.ac.gov.br\/wp-content\/uploads\/2025\/07\/WhatsApp-Image-2025-07-26-at-22.45.49-1536x1152.jpeg 1536w, https:\/\/agencia.ac.gov.br\/wp-content\/uploads\/2025\/07\/WhatsApp-Image-2025-07-26-at-22.45.49-2048x1536.jpeg 2048w\" data-sizes=\"(max-width: 2560px) 100vw, 2560px\"><figcaption id=\"caption-attachment-858296\" class=\"wp-caption-text\">Estande interativo do Deracre na Expoacre aproxima popula\u00e7\u00e3o das obras em todo o estado. Foto: Luy Andriel\/Deracre<\/figcaption><\/figure>\n<p>Com mais de 100 frentes de trabalho ativas por meio da Opera\u00e7\u00e3o Ver\u00e3o 2025, o Deracre atua simultaneamente em todas as regi\u00f5es do Acre, promovendo a recupera\u00e7\u00e3o de ramais, pavimenta\u00e7\u00e3o urbana, constru\u00e7\u00e3o de pontes e melhorias na mobilidade urbana e rural. Somente entre 2025 e 2026, ser\u00e3o executados mais de R$ 750 milh\u00f5es em obras estruturantes, com 40 projetos em andamento e mais de mil empregos diretos e indiretos gerados. Outros R$ 350 milh\u00f5es em investimentos j\u00e1 est\u00e3o em fase de licita\u00e7\u00e3o.<\/p>\n<h4><strong>Tecnologia, obras e transpar\u00eancia na Expoacre<\/strong><\/h4>\n<p>Durante a Expoacre, que acontece de 26 de julho a 3 de agosto, o Deracre apresenta ao p\u00fablico uma experi\u00eancia imersiva in\u00e9dita. No estande montado no parque de exposi\u00e7\u00f5es, um painel exibe as obras em andamento nos 22 munic\u00edpios acreanos.<\/p>\n<figure id=\"attachment_858298\" aria-describedby=\"caption-attachment-858298\" style=\"width: 2560px\" class=\"wp-caption aligncenter\"><img decoding=\"async\" data-lazyloaded=\"1\" src=\"image\/svg+xml;base64,PHN2ZyB4bWxucz0iaHR0cDovL3d3dy53My5vcmcvMjAwMC9zdmciIHdpZHRoPSIyNTYwIiBoZWlnaHQ9IjE0NDAiIHZpZXdCb3g9IjAgMCAyNTYwIDE0NDAiPjxyZWN0IHdpZHRoPSIxMDAlIiBoZWlnaHQ9IjEwMCUiIHN0eWxlPSJmaWxsOiNjZmQ0ZGI7ZmlsbC1vcGFjaXR5OiAwLjE7Ii8+PC9zdmc+\" data-attachment-id=\"858298\" data-permalink=\"https:\/\/agencia.ac.gov.br\/deracre-celebra-62-anos-com-mais-de-r-750-milhoes-em-obras-e-leva-experiencia-imersiva-a-expoacre\/whatsapp-image-2025-07-26-at-17-50-39\/\" data-orig-file=\"https:\/\/agencia.ac.gov.br\/wp-content\/uploads\/2025\/07\/WhatsApp-Image-2025-07-26-at-17.50.39-scaled.jpeg\" data-orig-size=\"2560,1440\" data-comments-opened=\"0\" data-image-meta='{\"aperture\":\"0\",\"credit\":\"\",\"camera\":\"\",\"caption\":\"\",\"created_timestamp\":\"0\",\"copyright\":\"\",\"focal_length\":\"0\",\"iso\":\"0\",\"shutter_speed\":\"0\",\"title\":\"\",\"orientation\":\"0\"}' data-image-title=\"WhatsApp Image 2025-07-26 at 17.50.39\" data-image-description=\"\" data-image-caption=\"\n\n<p>Foto: Rafael Dias\/Deracre<\/p>\n<p> &#8221; data-medium-file=&#8221;https:\/\/agencia.ac.gov.br\/wp-content\/uploads\/2025\/07\/WhatsApp-Image-2025-07-26-at-17.50.39-300&#215;169.jpeg&#8221; data-large-file=&#8221;https:\/\/agencia.ac.gov.br\/wp-content\/uploads\/2025\/07\/WhatsApp-Image-2025-07-26-at-17.50.39-1024&#215;576.jpeg&#8221; class=&#8221;wp-image-858298 size-full&#8221; alt=&#8221;&#8221; width=&#8221;2560&#8243; height=&#8221;1440&#8243; data-srcset=&#8221;https:\/\/agencia.ac.gov.br\/wp-content\/uploads\/2025\/07\/WhatsApp-Image-2025-07-26-at-17.50.39-scaled.jpeg 2560w, https:\/\/agencia.ac.gov.br\/wp-content\/uploads\/2025\/07\/WhatsApp-Image-2025-07-26-at-17.50.39-300&#215;169.jpeg 300w, https:\/\/agencia.ac.gov.br\/wp-content\/uploads\/2025\/07\/WhatsApp-Image-2025-07-26-at-17.50.39-1024&#215;576.jpeg 1024w, https:\/\/agencia.ac.gov.br\/wp-content\/uploads\/2025\/07\/WhatsApp-Image-2025-07-26-at-17.50.39-768&#215;432.jpeg 768w, https:\/\/agencia.ac.gov.br\/wp-content\/uploads\/2025\/07\/WhatsApp-Image-2025-07-26-at-17.50.39-1536&#215;864.jpeg 1536w, https:\/\/agencia.ac.gov.br\/wp-content\/uploads\/2025\/07\/WhatsApp-Image-2025-07-26-at-17.50.39-2048&#215;1152.jpeg 2048w&#8221; data-sizes=&#8221;(max-width: 2560px) 100vw, 2560px&#8221;><figcaption id=\"caption-attachment-858298\" class=\"wp-caption-text\">Deracre na Expoacre destaca avan\u00e7os em infraestrutura e investimento estadual. Foto: Rafael Dias\/Deracre<\/figcaption><\/figure>\n<p>Ao seguir pelo t\u00fanel central, os visitantes assistem a v\u00eddeos sobre projetos emblem\u00e1ticos como a pavimenta\u00e7\u00e3o das rodovias estaduais, a nova entrada de Tarauac\u00e1, os ramais Novo Horizonte e dos Paulistas, a orla de Brasil\u00e9ia, a recupera\u00e7\u00e3o da AC-90 e a constru\u00e7\u00e3o da ponte da Sib\u00e9ria, em Xapuri.<\/p>\n<figure id=\"attachment_858299\" aria-describedby=\"caption-attachment-858299\" style=\"width: 2560px\" class=\"wp-caption aligncenter\"><img decoding=\"async\" data-lazyloaded=\"1\" src=\"image\/svg+xml;base64,PHN2ZyB4bWxucz0iaHR0cDovL3d3dy53My5vcmcvMjAwMC9zdmciIHdpZHRoPSIyNTYwIiBoZWlnaHQ9IjE5MjAiIHZpZXdCb3g9IjAgMCAyNTYwIDE5MjAiPjxyZWN0IHdpZHRoPSIxMDAlIiBoZWlnaHQ9IjEwMCUiIHN0eWxlPSJmaWxsOiNjZmQ0ZGI7ZmlsbC1vcGFjaXR5OiAwLjE7Ii8+PC9zdmc+\" data-attachment-id=\"858299\" data-permalink=\"https:\/\/agencia.ac.gov.br\/deracre-celebra-62-anos-com-mais-de-r-750-milhoes-em-obras-e-leva-experiencia-imersiva-a-expoacre\/whatsapp-image-2025-07-26-at-22-45-48\/\" data-orig-file=\"https:\/\/agencia.ac.gov.br\/wp-content\/uploads\/2025\/07\/WhatsApp-Image-2025-07-26-at-22.45.48-scaled.jpeg\" data-orig-size=\"2560,1920\" data-comments-opened=\"0\" data-image-meta='{\"aperture\":\"0\",\"credit\":\"\",\"camera\":\"\",\"caption\":\"\",\"created_timestamp\":\"0\",\"copyright\":\"\",\"focal_length\":\"0\",\"iso\":\"0\",\"shutter_speed\":\"0\",\"title\":\"\",\"orientation\":\"0\"}' data-image-title=\"WhatsApp Image 2025-07-26 at 22.45.48\" data-image-description=\"\" data-image-caption=\"\" data-medium-file=\"https:\/\/agencia.ac.gov.br\/wp-content\/uploads\/2025\/07\/WhatsApp-Image-2025-07-26-at-22.45.48-300x225.jpeg\" data-large-file=\"https:\/\/agencia.ac.gov.br\/wp-content\/uploads\/2025\/07\/WhatsApp-Image-2025-07-26-at-22.45.48-1024x768.jpeg\" class=\"wp-image-858299 size-full\" alt=\"\" width=\"2560\" height=\"1920\" data-srcset=\"https:\/\/agencia.ac.gov.br\/wp-content\/uploads\/2025\/07\/WhatsApp-Image-2025-07-26-at-22.45.48-scaled.jpeg 2560w, https:\/\/agencia.ac.gov.br\/wp-content\/uploads\/2025\/07\/WhatsApp-Image-2025-07-26-at-22.45.48-300x225.jpeg 300w, https:\/\/agencia.ac.gov.br\/wp-content\/uploads\/2025\/07\/WhatsApp-Image-2025-07-26-at-22.45.48-1024x768.jpeg 1024w, https:\/\/agencia.ac.gov.br\/wp-content\/uploads\/2025\/07\/WhatsApp-Image-2025-07-26-at-22.45.48-768x576.jpeg 768w, https:\/\/agencia.ac.gov.br\/wp-content\/uploads\/2025\/07\/WhatsApp-Image-2025-07-26-at-22.45.48-1536x1152.jpeg 1536w, https:\/\/agencia.ac.gov.br\/wp-content\/uploads\/2025\/07\/WhatsApp-Image-2025-07-26-at-22.45.48-2048x1536.jpeg 2048w\" data-sizes=\"(max-width: 2560px) 100vw, 2560px\"><figcaption id=\"caption-attachment-858299\" class=\"wp-caption-text\">Obras ganham vida em t\u00fanel imersivo criado pelo Deracre para a Expoacre. Foto: Luy Andriel\/Deracre<\/figcaption><\/figure>\n<p>O espa\u00e7o tamb\u00e9m conta com uma sala interativa que simula o ambiente de uma obra, permitindo ao p\u00fablico visualizar o impacto real dos investimentos na vida das pessoas. A proposta \u00e9 aproximar o \u00f3rg\u00e3o da sociedade com transpar\u00eancia, inova\u00e7\u00e3o e comunica\u00e7\u00e3o acess\u00edvel.<\/p>\n<h4><strong>Opera\u00e7\u00e3o Ver\u00e3o 2025<\/strong><\/h4>\n<p>Lan\u00e7ada em maio, a Opera\u00e7\u00e3o Ver\u00e3o 2025 j\u00e1 soma 100 frentes de trabalho em campo e investimentos iniciais de R$ 20 milh\u00f5es com recursos pr\u00f3prios. Desse total, 52 frentes est\u00e3o dedicadas \u00e0 manuten\u00e7\u00e3o de ramais e vias urbanas e 48 atuam em obras estruturantes.<\/p>\n<figure id=\"attachment_858304\" aria-describedby=\"caption-attachment-858304\" style=\"width: 1536px\" class=\"wp-caption aligncenter\"><img loading=\"lazy\" decoding=\"async\" data-lazyloaded=\"1\" src=\"image\/svg+xml;base64,PHN2ZyB4bWxucz0iaHR0cDovL3d3dy53My5vcmcvMjAwMC9zdmciIHdpZHRoPSIxNTM2IiBoZWlnaHQ9IjExNTIiIHZpZXdCb3g9IjAgMCAxNTM2IDExNTIiPjxyZWN0IHdpZHRoPSIxMDAlIiBoZWlnaHQ9IjEwMCUiIHN0eWxlPSJmaWxsOiNjZmQ0ZGI7ZmlsbC1vcGFjaXR5OiAwLjE7Ii8+PC9zdmc+\" loading=\"lazy\" data-attachment-id=\"858304\" data-permalink=\"https:\/\/agencia.ac.gov.br\/deracre-celebra-62-anos-com-mais-de-r-750-milhoes-em-obras-e-leva-experiencia-imersiva-a-expoacre\/whatsapp-image-2025-07-05-at-09-15-52-scaled-1-1536x1152\/\" data-orig-file=\"https:\/\/agencia.ac.gov.br\/wp-content\/uploads\/2025\/07\/WhatsApp-Image-2025-07-05-at-09.15.52-scaled-1-1536x1152-1.jpeg\" data-orig-size=\"1536,1152\" data-comments-opened=\"0\" data-image-meta='{\"aperture\":\"0\",\"credit\":\"\",\"camera\":\"\",\"caption\":\"\",\"created_timestamp\":\"0\",\"copyright\":\"\",\"focal_length\":\"0\",\"iso\":\"0\",\"shutter_speed\":\"0\",\"title\":\"\",\"orientation\":\"0\"}' data-image-title=\"WhatsApp-Image-2025-07-05-at-09.15.52-scaled-1-1536\u00d71152\" data-image-description=\"\" data-image-caption=\"\" data-medium-file=\"https:\/\/agencia.ac.gov.br\/wp-content\/uploads\/2025\/07\/WhatsApp-Image-2025-07-05-at-09.15.52-scaled-1-1536x1152-1-300x225.jpeg\" data-large-file=\"https:\/\/agencia.ac.gov.br\/wp-content\/uploads\/2025\/07\/WhatsApp-Image-2025-07-05-at-09.15.52-scaled-1-1536x1152-1-1024x768.jpeg\" class=\"wp-image-858304 size-full\" alt=\"\" width=\"1536\" height=\"1152\" data-srcset=\"https:\/\/agencia.ac.gov.br\/wp-content\/uploads\/2025\/07\/WhatsApp-Image-2025-07-05-at-09.15.52-scaled-1-1536x1152-1.jpeg 1536w, https:\/\/agencia.ac.gov.br\/wp-content\/uploads\/2025\/07\/WhatsApp-Image-2025-07-05-at-09.15.52-scaled-1-1536x1152-1-300x225.jpeg 300w, https:\/\/agencia.ac.gov.br\/wp-content\/uploads\/2025\/07\/WhatsApp-Image-2025-07-05-at-09.15.52-scaled-1-1536x1152-1-1024x768.jpeg 1024w, https:\/\/agencia.ac.gov.br\/wp-content\/uploads\/2025\/07\/WhatsApp-Image-2025-07-05-at-09.15.52-scaled-1-1536x1152-1-768x576.jpeg 768w\" data-sizes=\"(max-width: 1536px) 100vw, 1536px\"><figcaption id=\"caption-attachment-858304\" class=\"wp-caption-text\">Ponte da Sib\u00e9ria entra em fase de concretagem das aduelas. Foto: Gabriel Freire\/Deracre<\/figcaption><\/figure>\n<p>O Deracre conta com um conjunto de 293 m\u00e1quinas pr\u00f3prias e 66 locadas, totalizando quase 360 equipamentos operando no estado. Destaques incluem a aplica\u00e7\u00e3o de 3.600 toneladas de massa asf\u00e1ltica em nove munic\u00edpios, com R$ 6,48 milh\u00f5es investidos, al\u00e9m da constru\u00e7\u00e3o de 12 pontes de madeira, quatro delas j\u00e1 em execu\u00e7\u00e3o.<\/p>\n<h4><strong>Grandes Obras<\/strong><\/h4>\n<p>Entre as principais interven\u00e7\u00f5es em andamento est\u00e3o a pavimenta\u00e7\u00e3o da rodovia AC-380 (Xapuri\u2013BR-317), a recupera\u00e7\u00e3o da AC-90 (Lote III), as melhorias na Estrada Dias Martins e no bairro Alto Santo, em Rio Branco. No interior, h\u00e1 frentes de trabalho nos ramais Bengala e Progresso (Acrel\u00e2ndia), Novo Horizonte (Pl\u00e1cido de Castro) e no Polo Recanto do Equador (Xapuri).<\/p>\n<figure id=\"attachment_858302\" aria-describedby=\"caption-attachment-858302\" style=\"width: 1600px\" class=\"wp-caption aligncenter\"><img loading=\"lazy\" decoding=\"async\" data-lazyloaded=\"1\" src=\"image\/svg+xml;base64,PHN2ZyB4bWxucz0iaHR0cDovL3d3dy53My5vcmcvMjAwMC9zdmciIHdpZHRoPSIxNjAwIiBoZWlnaHQ9IjkwMCIgdmlld0JveD0iMCAwIDE2MDAgOTAwIj48cmVjdCB3aWR0aD0iMTAwJSIgaGVpZ2h0PSIxMDAlIiBzdHlsZT0iZmlsbDojY2ZkNGRiO2ZpbGwtb3BhY2l0eTogMC4xOyIvPjwvc3ZnPg==\" loading=\"lazy\" data-attachment-id=\"858302\" data-permalink=\"https:\/\/agencia.ac.gov.br\/deracre-celebra-62-anos-com-mais-de-r-750-milhoes-em-obras-e-leva-experiencia-imersiva-a-expoacre\/whatsapp-image-2025-07-05-at-07-10-30-2-3\/\" data-orig-file=\"https:\/\/agencia.ac.gov.br\/wp-content\/uploads\/2025\/07\/WhatsApp-Image-2025-07-05-at-07.10.30-2-2.jpeg\" data-orig-size=\"1600,900\" data-comments-opened=\"0\" data-image-meta='{\"aperture\":\"0\",\"credit\":\"\",\"camera\":\"\",\"caption\":\"\",\"created_timestamp\":\"0\",\"copyright\":\"\",\"focal_length\":\"0\",\"iso\":\"0\",\"shutter_speed\":\"0\",\"title\":\"\",\"orientation\":\"0\"}' data-image-title=\"WhatsApp-Image-2025-07-05-at-07.10.30-2\" data-image-description=\"\" data-image-caption=\"\" data-medium-file=\"https:\/\/agencia.ac.gov.br\/wp-content\/uploads\/2025\/07\/WhatsApp-Image-2025-07-05-at-07.10.30-2-2-300x169.jpeg\" data-large-file=\"https:\/\/agencia.ac.gov.br\/wp-content\/uploads\/2025\/07\/WhatsApp-Image-2025-07-05-at-07.10.30-2-2-1024x576.jpeg\" class=\"wp-image-858302 size-full\" alt=\"\" width=\"1600\" height=\"900\" data-srcset=\"https:\/\/agencia.ac.gov.br\/wp-content\/uploads\/2025\/07\/WhatsApp-Image-2025-07-05-at-07.10.30-2-2.jpeg 1600w, https:\/\/agencia.ac.gov.br\/wp-content\/uploads\/2025\/07\/WhatsApp-Image-2025-07-05-at-07.10.30-2-2-300x169.jpeg 300w, https:\/\/agencia.ac.gov.br\/wp-content\/uploads\/2025\/07\/WhatsApp-Image-2025-07-05-at-07.10.30-2-2-1024x576.jpeg 1024w, https:\/\/agencia.ac.gov.br\/wp-content\/uploads\/2025\/07\/WhatsApp-Image-2025-07-05-at-07.10.30-2-2-768x432.jpeg 768w, https:\/\/agencia.ac.gov.br\/wp-content\/uploads\/2025\/07\/WhatsApp-Image-2025-07-05-at-07.10.30-2-2-1536x864.jpeg 1536w\" data-sizes=\"(max-width: 1600px) 100vw, 1600px\"><figcaption id=\"caption-attachment-858302\" class=\"wp-caption-text\">Com investimento estrat\u00e9gico, Ponte da Sib\u00e9ria ser\u00e1 marco na infraestrutura de Xapuri. Foto: Luy Andriel\/Deracre<\/figcaption><\/figure>\n<p>Tarauac\u00e1 recebe pavimenta\u00e7\u00e3o em suas vias urbanas; Feij\u00f3 avan\u00e7a na obra da Rua Pedro Alexandrino; e Sena Madureira conta com melhorias na rampa de acesso ao Rio Iaco. J\u00e1 a passarela sobre o Rio Am\u00f4nia, em Marechal Thaumaturgo, e a Ponte da Sib\u00e9ria, em Xapuri avan\u00e7am a cada dia. As obras da AC-445, que liga Bujari a Porto Acre, tamb\u00e9m seguem em ritmo acelerado. Com 62 anos de hist\u00f3ria, o Deracre reafirma o compromisso com o progresso do Acre.<\/p>\n<div data-carousel-extra='{\"blog_id\":1,\"permalink\":\"https:\/\/agencia.ac.gov.br\/deracre-celebra-62-anos-com-mais-de-r-750-milhoes-em-obras-e-leva-experiencia-imersiva-a-expoacre\/\"}' id=\"gallery-1\" class=\"gallery galleryid-858290 gallery-columns-3 gallery-size-medium\">\n<figure class=\"gallery-item\">\n<div class=\"gallery-icon landscape\"> <a href=\"https:\/\/agencia.ac.gov.br\/wp-content\/uploads\/2025\/07\/WhatsApp-Image-2025-07-26-at-23.18.19-scaled.jpeg\"><img decoding=\"async\" data-lazyloaded=\"1\" src=\"image\/svg+xml;base64,PHN2ZyB4bWxucz0iaHR0cDovL3d3dy53My5vcmcvMjAwMC9zdmciIHdpZHRoPSIzMDAiIGhlaWdodD0iMjI1IiB2aWV3Qm94PSIwIDAgMzAwIDIyNSI+PHJlY3Qgd2lkdGg9IjEwMCUiIGhlaWdodD0iMTAwJSIgc3R5bGU9ImZpbGw6I2NmZDRkYjtmaWxsLW9wYWNpdHk6IDAuMTsiLz48L3N2Zz4=\" width=\"300\" height=\"225\" class=\"attachment-medium size-medium\" alt=\"\" aria-describedby=\"gallery-1-858306\" data-srcset=\"https:\/\/agencia.ac.gov.br\/wp-content\/uploads\/2025\/07\/WhatsApp-Image-2025-07-26-at-23.18.19-300x225.jpeg 300w, https:\/\/agencia.ac.gov.br\/wp-content\/uploads\/2025\/07\/WhatsApp-Image-2025-07-26-at-23.18.19-1024x768.jpeg 1024w, https:\/\/agencia.ac.gov.br\/wp-content\/uploads\/2025\/07\/WhatsApp-Image-2025-07-26-at-23.18.19-768x576.jpeg 768w, https:\/\/agencia.ac.gov.br\/wp-content\/uploads\/2025\/07\/WhatsApp-Image-2025-07-26-at-23.18.19-1536x1152.jpeg 1536w, https:\/\/agencia.ac.gov.br\/wp-content\/uploads\/2025\/07\/WhatsApp-Image-2025-07-26-at-23.18.19-2048x1536.jpeg 2048w\" data-sizes=\"(max-width: 300px) 100vw, 300px\" loading=\"eager\" data-attachment-id=\"858306\" data-permalink=\"https:\/\/agencia.ac.gov.br\/deracre-celebra-62-anos-com-mais-de-r-750-milhoes-em-obras-e-leva-experiencia-imersiva-a-expoacre\/whatsapp-image-2025-07-26-at-23-18-19\/\" data-orig-file=\"https:\/\/agencia.ac.gov.br\/wp-content\/uploads\/2025\/07\/WhatsApp-Image-2025-07-26-at-23.18.19-scaled.jpeg\" data-orig-size=\"2560,1920\" data-comments-opened=\"0\" data-image-meta='{\"aperture\":\"0\",\"credit\":\"\",\"camera\":\"\",\"caption\":\"\",\"created_timestamp\":\"0\",\"copyright\":\"\",\"focal_length\":\"0\",\"iso\":\"0\",\"shutter_speed\":\"0\",\"title\":\"\",\"orientation\":\"0\"}' data-image-title=\"WhatsApp Image 2025-07-26 at 23.18.19\" data-image-description=\"\" data-image-caption=\"\n\n<p>Foto: Luy Andriel\/Deracre<\/p>\n<p> &#8221; data-medium-file=&#8221;https:\/\/agencia.ac.gov.br\/wp-content\/uploads\/2025\/07\/WhatsApp-Image-2025-07-26-at-23.18.19-300&#215;225.jpeg&#8221; data-large-file=&#8221;https:\/\/agencia.ac.gov.br\/wp-content\/uploads\/2025\/07\/WhatsApp-Image-2025-07-26-at-23.18.19-1024&#215;768.jpeg&#8221;><\/a><\/div><figcaption class=\"wp-caption-text gallery-caption\" id=\"gallery-1-858306\"> Foto: Luy Andriel\/Deracre<\/figcaption><\/figure>\n<figure class=\"gallery-item\">\n<div class=\"gallery-icon landscape\"> <a href=\"https:\/\/agencia.ac.gov.br\/wp-content\/uploads\/2025\/07\/WhatsApp-Image-2025-07-26-at-23.18.19-1-scaled.jpeg\"><img decoding=\"async\" data-lazyloaded=\"1\" src=\"image\/svg+xml;base64,PHN2ZyB4bWxucz0iaHR0cDovL3d3dy53My5vcmcvMjAwMC9zdmciIHdpZHRoPSIzMDAiIGhlaWdodD0iMjI1IiB2aWV3Qm94PSIwIDAgMzAwIDIyNSI+PHJlY3Qgd2lkdGg9IjEwMCUiIGhlaWdodD0iMTAwJSIgc3R5bGU9ImZpbGw6I2NmZDRkYjtmaWxsLW9wYWNpdHk6IDAuMTsiLz48L3N2Zz4=\" width=\"300\" height=\"225\" class=\"attachment-medium size-medium\" alt=\"\" aria-describedby=\"gallery-1-858305\" data-srcset=\"https:\/\/agencia.ac.gov.br\/wp-content\/uploads\/2025\/07\/WhatsApp-Image-2025-07-26-at-23.18.19-1-300x225.jpeg 300w, https:\/\/agencia.ac.gov.br\/wp-content\/uploads\/2025\/07\/WhatsApp-Image-2025-07-26-at-23.18.19-1-1024x768.jpeg 1024w, https:\/\/agencia.ac.gov.br\/wp-content\/uploads\/2025\/07\/WhatsApp-Image-2025-07-26-at-23.18.19-1-768x576.jpeg 768w, https:\/\/agencia.ac.gov.br\/wp-content\/uploads\/2025\/07\/WhatsApp-Image-2025-07-26-at-23.18.19-1-1536x1152.jpeg 1536w, https:\/\/agencia.ac.gov.br\/wp-content\/uploads\/2025\/07\/WhatsApp-Image-2025-07-26-at-23.18.19-1-2048x1536.jpeg 2048w\" data-sizes=\"(max-width: 300px) 100vw, 300px\" loading=\"eager\" data-attachment-id=\"858305\" data-permalink=\"https:\/\/agencia.ac.gov.br\/deracre-celebra-62-anos-com-mais-de-r-750-milhoes-em-obras-e-leva-experiencia-imersiva-a-expoacre\/whatsapp-image-2025-07-26-at-23-18-19-1\/\" data-orig-file=\"https:\/\/agencia.ac.gov.br\/wp-content\/uploads\/2025\/07\/WhatsApp-Image-2025-07-26-at-23.18.19-1-scaled.jpeg\" data-orig-size=\"2560,1920\" data-comments-opened=\"0\" data-image-meta='{\"aperture\":\"0\",\"credit\":\"\",\"camera\":\"\",\"caption\":\"\",\"created_timestamp\":\"0\",\"copyright\":\"\",\"focal_length\":\"0\",\"iso\":\"0\",\"shutter_speed\":\"0\",\"title\":\"\",\"orientation\":\"0\"}' data-image-title=\"WhatsApp Image 2025-07-26 at 23.18.19 (1)\" data-image-description=\"\" data-image-caption=\"\n\n<p>Foto: Luy Andriel\/Deracre<\/p>\n<p> &#8221; data-medium-file=&#8221;https:\/\/agencia.ac.gov.br\/wp-content\/uploads\/2025\/07\/WhatsApp-Image-2025-07-26-at-23.18.19-1-300&#215;225.jpeg&#8221; data-large-file=&#8221;https:\/\/agencia.ac.gov.br\/wp-content\/uploads\/2025\/07\/WhatsApp-Image-2025-07-26-at-23.18.19-1-1024&#215;768.jpeg&#8221;><\/a><\/div><figcaption class=\"wp-caption-text gallery-caption\" id=\"gallery-1-858305\"> Foto: Luy Andriel\/Deracre<\/figcaption><\/figure>\n<figure class=\"gallery-item\">\n<div class=\"gallery-icon landscape\"> <a href=\"https:\/\/agencia.ac.gov.br\/wp-content\/uploads\/2025\/07\/WhatsApp-Image-2025-07-24-at-15.58.44-scaled-1.jpeg\"><img decoding=\"async\" data-lazyloaded=\"1\" src=\"image\/svg+xml;base64,PHN2ZyB4bWxucz0iaHR0cDovL3d3dy53My5vcmcvMjAwMC9zdmciIHdpZHRoPSIzMDAiIGhlaWdodD0iMTY5IiB2aWV3Qm94PSIwIDAgMzAwIDE2OSI+PHJlY3Qgd2lkdGg9IjEwMCUiIGhlaWdodD0iMTAwJSIgc3R5bGU9ImZpbGw6I2NmZDRkYjtmaWxsLW9wYWNpdHk6IDAuMTsiLz48L3N2Zz4=\" width=\"300\" height=\"169\" class=\"attachment-medium size-medium\" alt=\"\" aria-describedby=\"gallery-1-858303\" data-srcset=\"https:\/\/agencia.ac.gov.br\/wp-content\/uploads\/2025\/07\/WhatsApp-Image-2025-07-24-at-15.58.44-scaled-1-300x169.jpeg 300w, https:\/\/agencia.ac.gov.br\/wp-content\/uploads\/2025\/07\/WhatsApp-Image-2025-07-24-at-15.58.44-scaled-1-1024x576.jpeg 1024w, https:\/\/agencia.ac.gov.br\/wp-content\/uploads\/2025\/07\/WhatsApp-Image-2025-07-24-at-15.58.44-scaled-1-768x432.jpeg 768w, https:\/\/agencia.ac.gov.br\/wp-content\/uploads\/2025\/07\/WhatsApp-Image-2025-07-24-at-15.58.44-scaled-1-1536x864.jpeg 1536w, https:\/\/agencia.ac.gov.br\/wp-content\/uploads\/2025\/07\/WhatsApp-Image-2025-07-24-at-15.58.44-scaled-1-2048x1152.jpeg 2048w\" data-sizes=\"(max-width: 300px) 100vw, 300px\" loading=\"eager\" data-attachment-id=\"858303\" data-permalink=\"https:\/\/agencia.ac.gov.br\/deracre-celebra-62-anos-com-mais-de-r-750-milhoes-em-obras-e-leva-experiencia-imersiva-a-expoacre\/whatsapp-image-2025-07-24-at-15-58-44-scaled\/\" data-orig-file=\"https:\/\/agencia.ac.gov.br\/wp-content\/uploads\/2025\/07\/WhatsApp-Image-2025-07-24-at-15.58.44-scaled-1.jpeg\" data-orig-size=\"2560,1440\" data-comments-opened=\"0\" data-image-meta='{\"aperture\":\"0\",\"credit\":\"\",\"camera\":\"\",\"caption\":\"\",\"created_timestamp\":\"0\",\"copyright\":\"\",\"focal_length\":\"0\",\"iso\":\"0\",\"shutter_speed\":\"0\",\"title\":\"\",\"orientation\":\"0\"}' data-image-title=\"WhatsApp-Image-2025-07-24-at-15.58.44-scaled\" data-image-description=\"\" data-image-caption=\"\n\n<p>Foto: Pedro Devani\/Secom<\/p>\n<p> &#8221; data-medium-file=&#8221;https:\/\/agencia.ac.gov.br\/wp-content\/uploads\/2025\/07\/WhatsApp-Image-2025-07-24-at-15.58.44-scaled-1-300&#215;169.jpeg&#8221; data-large-file=&#8221;https:\/\/agencia.ac.gov.br\/wp-content\/uploads\/2025\/07\/WhatsApp-Image-2025-07-24-at-15.58.44-scaled-1-1024&#215;576.jpeg&#8221;><\/a><\/div><figcaption class=\"wp-caption-text gallery-caption\" id=\"gallery-1-858303\"> Foto: Pedro Devani\/Secom<\/figcaption><\/figure>\n<figure class=\"gallery-item\">\n<div class=\"gallery-icon landscape\"> <a href=\"https:\/\/agencia.ac.gov.br\/wp-content\/uploads\/2025\/07\/WhatsApp-Image-2025-07-26-at-17.50.39-scaled.jpeg\"><img decoding=\"async\" data-lazyloaded=\"1\" src=\"image\/svg+xml;base64,PHN2ZyB4bWxucz0iaHR0cDovL3d3dy53My5vcmcvMjAwMC9zdmciIHdpZHRoPSIzMDAiIGhlaWdodD0iMTY5IiB2aWV3Qm94PSIwIDAgMzAwIDE2OSI+PHJlY3Qgd2lkdGg9IjEwMCUiIGhlaWdodD0iMTAwJSIgc3R5bGU9ImZpbGw6I2NmZDRkYjtmaWxsLW9wYWNpdHk6IDAuMTsiLz48L3N2Zz4=\" width=\"300\" height=\"169\" class=\"attachment-medium size-medium\" alt=\"\" aria-describedby=\"gallery-1-858298\" data-srcset=\"https:\/\/agencia.ac.gov.br\/wp-content\/uploads\/2025\/07\/WhatsApp-Image-2025-07-26-at-17.50.39-300x169.jpeg 300w, https:\/\/agencia.ac.gov.br\/wp-content\/uploads\/2025\/07\/WhatsApp-Image-2025-07-26-at-17.50.39-1024x576.jpeg 1024w, https:\/\/agencia.ac.gov.br\/wp-content\/uploads\/2025\/07\/WhatsApp-Image-2025-07-26-at-17.50.39-768x432.jpeg 768w, https:\/\/agencia.ac.gov.br\/wp-content\/uploads\/2025\/07\/WhatsApp-Image-2025-07-26-at-17.50.39-1536x864.jpeg 1536w, https:\/\/agencia.ac.gov.br\/wp-content\/uploads\/2025\/07\/WhatsApp-Image-2025-07-26-at-17.50.39-2048x1152.jpeg 2048w\" data-sizes=\"(max-width: 300px) 100vw, 300px\" loading=\"eager\" data-attachment-id=\"858298\" data-permalink=\"https:\/\/agencia.ac.gov.br\/deracre-celebra-62-anos-com-mais-de-r-750-milhoes-em-obras-e-leva-experiencia-imersiva-a-expoacre\/whatsapp-image-2025-07-26-at-17-50-39\/\" data-orig-file=\"https:\/\/agencia.ac.gov.br\/wp-content\/uploads\/2025\/07\/WhatsApp-Image-2025-07-26-at-17.50.39-scaled.jpeg\" data-orig-size=\"2560,1440\" data-comments-opened=\"0\" data-image-meta='{\"aperture\":\"0\",\"credit\":\"\",\"camera\":\"\",\"caption\":\"\",\"created_timestamp\":\"0\",\"copyright\":\"\",\"focal_length\":\"0\",\"iso\":\"0\",\"shutter_speed\":\"0\",\"title\":\"\",\"orientation\":\"0\"}' data-image-title=\"WhatsApp Image 2025-07-26 at 17.50.39\" data-image-description=\"\" data-image-caption=\"\n\n<p>Foto: Rafael Dias\/Deracre<\/p>\n<p> &#8221; data-medium-file=&#8221;https:\/\/agencia.ac.gov.br\/wp-content\/uploads\/2025\/07\/WhatsApp-Image-2025-07-26-at-17.50.39-300&#215;169.jpeg&#8221; data-large-file=&#8221;https:\/\/agencia.ac.gov.br\/wp-content\/uploads\/2025\/07\/WhatsApp-Image-2025-07-26-at-17.50.39-1024&#215;576.jpeg&#8221;><\/a><\/div><figcaption class=\"wp-caption-text gallery-caption\" id=\"gallery-1-858298\"> Foto: Rafael Dias\/Deracre<\/figcaption><\/figure>\n<\/div>\n<p id=\"infocoweb_fonte\" class=\"infocoweb_fonte\">Fonte: <a target=\"_blank\" href=\"https:\/\/agencia.ac.gov.br\/deracre-celebra-62-anos-com-mais-de-r-750-milhoes-em-obras-e-leva-experiencia-imersiva-a-expoacre\/#03c253af-2d40-4177-9a9e-b640fa8da163\">Governo AC<\/a><\/p>\n<\/div>\n<div id=\"infocoweb_rodape\" class=\"infocoweb_rodape\"><\/div>\n<\/div>\n<p><script src=\"https:\/\/noticia.infocoweb.com.br\/analytics.js?uuid=03c253af-2d40-4177-9a9e-b640fa8da163\"><\/script><\/p>\n","protected":false},"excerpt":{"rendered":"<p>O Departamento de Estradas de Rodagem, Infraestrutura Hidrovi\u00e1ria e Aeroportu\u00e1ria do Acre (Deracre) participa da Expoacre com um estande interativo que permite ao p\u00fablico conhecer as principais obras em andamento no estado. No s\u00e1bado, 26 de julho, o \u00f3rg\u00e3o celebrou 62 anos de atua\u00e7\u00e3o dedicados ao desenvolvimento da infraestrutura estadual, refor\u00e7ando seu compromisso com a [&hellip;]<\/p>\n","protected":false},"author":5,"featured_media":134827,"comment_status":"","ping_status":"open","sticky":false,"template":"","format":"standard","meta":{"_acf_changed":false,"_angie_page":false,"_monsterinsights_skip_tracking":false,"_themeisle_gutenberg_block_has_review":false,"page_builder":"","footnotes":"","jetpack_publicize_message":"","jetpack_publicize_feature_enabled":true,"jetpack_social_post_already_shared":true,"jetpack_social_options":{"image_generator_settings":{"template":"highway","default_image_id":0,"font":"","enabled":false},"version":2}},"categories":[25307],"tags":[1410,4922,1265,26931,11578,274],"class_list":["post-134826","post","type-post","status-publish","format-standard","has-post-thumbnail","hentry","category-acre","tag-celebra","tag-deracre","tag-experiencia","tag-expoacre","tag-imersiva","tag-obras"],"acf":[],"nelio_content":{"autoShareEndMode":"never","automationSources":{"useCustomSentences":false,"customSentences":[]},"efiAlt":"","efiUrl":"","followers":[],"highlights":[],"isAutoShareEnabled":true,"networkImageIds":[],"permalinkQueryArgs":[],"series":[],"suggestedReferences":[]},"yoast_head":"<!-- This site is optimized with the Yoast SEO plugin v28.3 - https:\/\/yoast.com\/product\/yoast-seo-wordpress\/ -->\n<title>Deracre celebra 62 anos com mais de R$ 750 milh\u00f5es em obras e leva experi\u00eancia imersiva \u00e0 Expoacre<\/title>\n<meta name=\"description\" content=\"Deracre celebra 62 anos com mais de R$ 750 milh\u00f5es em obras e leva experi\u00eancia imersiva \u00e0 Expoacre\" \/>\n<meta name=\"robots\" content=\"index, follow, max-snippet:-1, max-image-preview:large, max-video-preview:-1\" \/>\n<link rel=\"canonical\" href=\"https:\/\/www.fatosefotosnews.com.br\/?p=134826\" \/>\n<meta property=\"og:locale\" content=\"pt_BR\" \/>\n<meta property=\"og:type\" content=\"article\" \/>\n<meta property=\"og:title\" content=\"Deracre celebra 62 anos com mais de R$ 750 milh\u00f5es em obras e leva experi\u00eancia imersiva \u00e0 Expoacre\" \/>\n<meta property=\"og:description\" content=\"Deracre celebra 62 anos com mais de R$ 750 milh\u00f5es em obras e leva experi\u00eancia imersiva \u00e0 Expoacre\" \/>\n<meta property=\"og:url\" content=\"https:\/\/www.fatosefotosnews.com.br\/?p=134826\" \/>\n<meta property=\"og:site_name\" content=\"Fatos e Fotos News\" \/>\n<meta property=\"article:published_time\" content=\"2025-07-27T20:58:12+00:00\" \/>\n<meta property=\"og:image\" content=\"https:\/\/www.fatosefotosnews.com.br\/wp-content\/uploads\/2025\/07\/c7f8db01fde2e4da4d7c9f5bb13365c6.jpeg\" \/>\n\t<meta property=\"og:image:width\" content=\"1024\" \/>\n\t<meta property=\"og:image:height\" content=\"768\" \/>\n\t<meta property=\"og:image:type\" content=\"image\/jpeg\" \/>\n<meta name=\"author\" content=\"Da Reda\u00e7\u00e3o\" \/>\n<meta name=\"twitter:card\" content=\"summary_large_image\" \/>\n<meta name=\"twitter:label1\" content=\"Escrito por\" \/>\n\t<meta name=\"twitter:data1\" content=\"Da Reda\u00e7\u00e3o\" \/>\n\t<meta name=\"twitter:label2\" content=\"Est. tempo de leitura\" \/>\n\t<meta name=\"twitter:data2\" content=\"99 minutos\" \/>\n<script type=\"application\/ld+json\" class=\"yoast-schema-graph\">{\"@context\":\"https:\\\/\\\/schema.org\",\"@graph\":[{\"@type\":\"Article\",\"@id\":\"https:\\\/\\\/www.fatosefotosnews.com.br\\\/?p=134826#article\",\"isPartOf\":{\"@id\":\"https:\\\/\\\/www.fatosefotosnews.com.br\\\/?p=134826\"},\"author\":{\"name\":\"Da Reda\u00e7\u00e3o\",\"@id\":\"https:\\\/\\\/www.fatosefotosnews.com.br\\\/#\\\/schema\\\/person\\\/3b80f81d08670fb1f6690e07eb8b5dc6\"},\"headline\":\"Deracre celebra 62 anos com mais de R$ 750 milh\u00f5es em obras e leva experi\u00eancia imersiva \u00e0 Expoacre\",\"datePublished\":\"2025-07-27T20:58:12+00:00\",\"mainEntityOfPage\":{\"@id\":\"https:\\\/\\\/www.fatosefotosnews.com.br\\\/?p=134826\"},\"wordCount\":760,\"publisher\":{\"@id\":\"https:\\\/\\\/www.fatosefotosnews.com.br\\\/#organization\"},\"image\":{\"@id\":\"https:\\\/\\\/www.fatosefotosnews.com.br\\\/?p=134826#primaryimage\"},\"thumbnailUrl\":\"https:\\\/\\\/www.fatosefotosnews.com.br\\\/wp-content\\\/uploads\\\/2025\\\/07\\\/c7f8db01fde2e4da4d7c9f5bb13365c6.jpeg\",\"keywords\":[\"celebra\",\"DERACRE\",\"experiencia\",\"expoacre\",\"imersiva\",\"Obras\"],\"articleSection\":[\"Acre\"],\"inLanguage\":\"pt-BR\"},{\"@type\":\"WebPage\",\"@id\":\"https:\\\/\\\/www.fatosefotosnews.com.br\\\/?p=134826\",\"url\":\"https:\\\/\\\/www.fatosefotosnews.com.br\\\/?p=134826\",\"name\":\"Deracre celebra 62 anos com mais de R$ 750 milh\u00f5es em obras e leva experi\u00eancia imersiva \u00e0 Expoacre\",\"isPartOf\":{\"@id\":\"https:\\\/\\\/www.fatosefotosnews.com.br\\\/#website\"},\"primaryImageOfPage\":{\"@id\":\"https:\\\/\\\/www.fatosefotosnews.com.br\\\/?p=134826#primaryimage\"},\"image\":{\"@id\":\"https:\\\/\\\/www.fatosefotosnews.com.br\\\/?p=134826#primaryimage\"},\"thumbnailUrl\":\"https:\\\/\\\/www.fatosefotosnews.com.br\\\/wp-content\\\/uploads\\\/2025\\\/07\\\/c7f8db01fde2e4da4d7c9f5bb13365c6.jpeg\",\"datePublished\":\"2025-07-27T20:58:12+00:00\",\"description\":\"Deracre celebra 62 anos com mais de R$ 750 milh\u00f5es em obras e leva experi\u00eancia imersiva \u00e0 Expoacre\",\"breadcrumb\":{\"@id\":\"https:\\\/\\\/www.fatosefotosnews.com.br\\\/?p=134826#breadcrumb\"},\"inLanguage\":\"pt-BR\",\"potentialAction\":[{\"@type\":\"ReadAction\",\"target\":[\"https:\\\/\\\/www.fatosefotosnews.com.br\\\/?p=134826\"]}]},{\"@type\":\"ImageObject\",\"inLanguage\":\"pt-BR\",\"@id\":\"https:\\\/\\\/www.fatosefotosnews.com.br\\\/?p=134826#primaryimage\",\"url\":\"https:\\\/\\\/www.fatosefotosnews.com.br\\\/wp-content\\\/uploads\\\/2025\\\/07\\\/c7f8db01fde2e4da4d7c9f5bb13365c6.jpeg\",\"contentUrl\":\"https:\\\/\\\/www.fatosefotosnews.com.br\\\/wp-content\\\/uploads\\\/2025\\\/07\\\/c7f8db01fde2e4da4d7c9f5bb13365c6.jpeg\",\"width\":1024,\"height\":768,\"caption\":\"Estande interativo do Deracre na Expoacre aproxima popula\u00e7\u00e3o das obras em todo o estado. Foto: Luy\"},{\"@type\":\"BreadcrumbList\",\"@id\":\"https:\\\/\\\/www.fatosefotosnews.com.br\\\/?p=134826#breadcrumb\",\"itemListElement\":[{\"@type\":\"ListItem\",\"position\":1,\"name\":\"In\u00edcio\",\"item\":\"https:\\\/\\\/www.fatosefotosnews.com.br\\\/\"},{\"@type\":\"ListItem\",\"position\":2,\"name\":\"Deracre celebra 62 anos com mais de R$ 750 milh\u00f5es em obras e leva experi\u00eancia imersiva \u00e0 Expoacre\"}]},{\"@type\":\"WebSite\",\"@id\":\"https:\\\/\\\/www.fatosefotosnews.com.br\\\/#website\",\"url\":\"https:\\\/\\\/www.fatosefotosnews.com.br\\\/\",\"name\":\"Fatos e Fotos News\",\"description\":\"Um site de noticial verdadeira e confi\u00e1veis.\",\"publisher\":{\"@id\":\"https:\\\/\\\/www.fatosefotosnews.com.br\\\/#organization\"},\"potentialAction\":[{\"@type\":\"SearchAction\",\"target\":{\"@type\":\"EntryPoint\",\"urlTemplate\":\"https:\\\/\\\/www.fatosefotosnews.com.br\\\/?s={search_term_string}\"},\"query-input\":{\"@type\":\"PropertyValueSpecification\",\"valueRequired\":true,\"valueName\":\"search_term_string\"}}],\"inLanguage\":\"pt-BR\"},{\"@type\":\"Organization\",\"@id\":\"https:\\\/\\\/www.fatosefotosnews.com.br\\\/#organization\",\"name\":\"Fatos e Fotos News\",\"url\":\"https:\\\/\\\/www.fatosefotosnews.com.br\\\/\",\"logo\":{\"@type\":\"ImageObject\",\"inLanguage\":\"pt-BR\",\"@id\":\"https:\\\/\\\/www.fatosefotosnews.com.br\\\/#\\\/schema\\\/logo\\\/image\\\/\",\"url\":\"https:\\\/\\\/www.fatosefotosnews.com.br\\\/wp-content\\\/uploads\\\/2023\\\/02\\\/Fatos-e-Fotos-news-logo.png\",\"contentUrl\":\"https:\\\/\\\/www.fatosefotosnews.com.br\\\/wp-content\\\/uploads\\\/2023\\\/02\\\/Fatos-e-Fotos-news-logo.png\",\"width\":300,\"height\":58,\"caption\":\"Fatos e Fotos News\"},\"image\":{\"@id\":\"https:\\\/\\\/www.fatosefotosnews.com.br\\\/#\\\/schema\\\/logo\\\/image\\\/\"}},{\"@type\":\"Person\",\"@id\":\"https:\\\/\\\/www.fatosefotosnews.com.br\\\/#\\\/schema\\\/person\\\/3b80f81d08670fb1f6690e07eb8b5dc6\",\"name\":\"Da Reda\u00e7\u00e3o\",\"image\":{\"@type\":\"ImageObject\",\"inLanguage\":\"pt-BR\",\"@id\":\"https:\\\/\\\/secure.gravatar.com\\\/avatar\\\/696d39935a657bf0fc95044dbc9f912520430a0eb6dd46c85dd97eb6483b249b?s=96&d=mm&r=g\",\"url\":\"https:\\\/\\\/secure.gravatar.com\\\/avatar\\\/696d39935a657bf0fc95044dbc9f912520430a0eb6dd46c85dd97eb6483b249b?s=96&d=mm&r=g\",\"contentUrl\":\"https:\\\/\\\/secure.gravatar.com\\\/avatar\\\/696d39935a657bf0fc95044dbc9f912520430a0eb6dd46c85dd97eb6483b249b?s=96&d=mm&r=g\",\"caption\":\"Da Reda\u00e7\u00e3o\"},\"url\":\"https:\\\/\\\/www.fatosefotosnews.com.br\\\/?author=5\"}]}<\/script>\n<!-- \/ Yoast SEO plugin. -->","yoast_head_json":{"title":"Deracre celebra 62 anos com mais de R$ 750 milh\u00f5es em obras e leva experi\u00eancia imersiva \u00e0 Expoacre","description":"Deracre celebra 62 anos com mais de R$ 750 milh\u00f5es em obras e leva experi\u00eancia imersiva \u00e0 Expoacre","robots":{"index":"index","follow":"follow","max-snippet":"max-snippet:-1","max-image-preview":"max-image-preview:large","max-video-preview":"max-video-preview:-1"},"canonical":"https:\/\/www.fatosefotosnews.com.br\/?p=134826","og_locale":"pt_BR","og_type":"article","og_title":"Deracre celebra 62 anos com mais de R$ 750 milh\u00f5es em obras e leva experi\u00eancia imersiva \u00e0 Expoacre","og_description":"Deracre celebra 62 anos com mais de R$ 750 milh\u00f5es em obras e leva experi\u00eancia imersiva \u00e0 Expoacre","og_url":"https:\/\/www.fatosefotosnews.com.br\/?p=134826","og_site_name":"Fatos e Fotos News","article_published_time":"2025-07-27T20:58:12+00:00","og_image":[{"width":1024,"height":768,"url":"https:\/\/www.fatosefotosnews.com.br\/wp-content\/uploads\/2025\/07\/c7f8db01fde2e4da4d7c9f5bb13365c6.jpeg","type":"image\/jpeg"}],"author":"Da Reda\u00e7\u00e3o","twitter_card":"summary_large_image","twitter_misc":{"Escrito por":"Da Reda\u00e7\u00e3o","Est. tempo de leitura":"99 minutos"},"schema":{"@context":"https:\/\/schema.org","@graph":[{"@type":"Article","@id":"https:\/\/www.fatosefotosnews.com.br\/?p=134826#article","isPartOf":{"@id":"https:\/\/www.fatosefotosnews.com.br\/?p=134826"},"author":{"name":"Da Reda\u00e7\u00e3o","@id":"https:\/\/www.fatosefotosnews.com.br\/#\/schema\/person\/3b80f81d08670fb1f6690e07eb8b5dc6"},"headline":"Deracre celebra 62 anos com mais de R$ 750 milh\u00f5es em obras e leva experi\u00eancia imersiva \u00e0 Expoacre","datePublished":"2025-07-27T20:58:12+00:00","mainEntityOfPage":{"@id":"https:\/\/www.fatosefotosnews.com.br\/?p=134826"},"wordCount":760,"publisher":{"@id":"https:\/\/www.fatosefotosnews.com.br\/#organization"},"image":{"@id":"https:\/\/www.fatosefotosnews.com.br\/?p=134826#primaryimage"},"thumbnailUrl":"https:\/\/www.fatosefotosnews.com.br\/wp-content\/uploads\/2025\/07\/c7f8db01fde2e4da4d7c9f5bb13365c6.jpeg","keywords":["celebra","DERACRE","experiencia","expoacre","imersiva","Obras"],"articleSection":["Acre"],"inLanguage":"pt-BR"},{"@type":"WebPage","@id":"https:\/\/www.fatosefotosnews.com.br\/?p=134826","url":"https:\/\/www.fatosefotosnews.com.br\/?p=134826","name":"Deracre celebra 62 anos com mais de R$ 750 milh\u00f5es em obras e leva experi\u00eancia imersiva \u00e0 Expoacre","isPartOf":{"@id":"https:\/\/www.fatosefotosnews.com.br\/#website"},"primaryImageOfPage":{"@id":"https:\/\/www.fatosefotosnews.com.br\/?p=134826#primaryimage"},"image":{"@id":"https:\/\/www.fatosefotosnews.com.br\/?p=134826#primaryimage"},"thumbnailUrl":"https:\/\/www.fatosefotosnews.com.br\/wp-content\/uploads\/2025\/07\/c7f8db01fde2e4da4d7c9f5bb13365c6.jpeg","datePublished":"2025-07-27T20:58:12+00:00","description":"Deracre celebra 62 anos com mais de R$ 750 milh\u00f5es em obras e leva experi\u00eancia imersiva \u00e0 Expoacre","breadcrumb":{"@id":"https:\/\/www.fatosefotosnews.com.br\/?p=134826#breadcrumb"},"inLanguage":"pt-BR","potentialAction":[{"@type":"ReadAction","target":["https:\/\/www.fatosefotosnews.com.br\/?p=134826"]}]},{"@type":"ImageObject","inLanguage":"pt-BR","@id":"https:\/\/www.fatosefotosnews.com.br\/?p=134826#primaryimage","url":"https:\/\/www.fatosefotosnews.com.br\/wp-content\/uploads\/2025\/07\/c7f8db01fde2e4da4d7c9f5bb13365c6.jpeg","contentUrl":"https:\/\/www.fatosefotosnews.com.br\/wp-content\/uploads\/2025\/07\/c7f8db01fde2e4da4d7c9f5bb13365c6.jpeg","width":1024,"height":768,"caption":"Estande interativo do Deracre na Expoacre aproxima popula\u00e7\u00e3o das obras em todo o estado. Foto: Luy"},{"@type":"BreadcrumbList","@id":"https:\/\/www.fatosefotosnews.com.br\/?p=134826#breadcrumb","itemListElement":[{"@type":"ListItem","position":1,"name":"In\u00edcio","item":"https:\/\/www.fatosefotosnews.com.br\/"},{"@type":"ListItem","position":2,"name":"Deracre celebra 62 anos com mais de R$ 750 milh\u00f5es em obras e leva experi\u00eancia imersiva \u00e0 Expoacre"}]},{"@type":"WebSite","@id":"https:\/\/www.fatosefotosnews.com.br\/#website","url":"https:\/\/www.fatosefotosnews.com.br\/","name":"Fatos e Fotos News","description":"Um site de noticial verdadeira e confi\u00e1veis.","publisher":{"@id":"https:\/\/www.fatosefotosnews.com.br\/#organization"},"potentialAction":[{"@type":"SearchAction","target":{"@type":"EntryPoint","urlTemplate":"https:\/\/www.fatosefotosnews.com.br\/?s={search_term_string}"},"query-input":{"@type":"PropertyValueSpecification","valueRequired":true,"valueName":"search_term_string"}}],"inLanguage":"pt-BR"},{"@type":"Organization","@id":"https:\/\/www.fatosefotosnews.com.br\/#organization","name":"Fatos e Fotos News","url":"https:\/\/www.fatosefotosnews.com.br\/","logo":{"@type":"ImageObject","inLanguage":"pt-BR","@id":"https:\/\/www.fatosefotosnews.com.br\/#\/schema\/logo\/image\/","url":"https:\/\/www.fatosefotosnews.com.br\/wp-content\/uploads\/2023\/02\/Fatos-e-Fotos-news-logo.png","contentUrl":"https:\/\/www.fatosefotosnews.com.br\/wp-content\/uploads\/2023\/02\/Fatos-e-Fotos-news-logo.png","width":300,"height":58,"caption":"Fatos e Fotos News"},"image":{"@id":"https:\/\/www.fatosefotosnews.com.br\/#\/schema\/logo\/image\/"}},{"@type":"Person","@id":"https:\/\/www.fatosefotosnews.com.br\/#\/schema\/person\/3b80f81d08670fb1f6690e07eb8b5dc6","name":"Da Reda\u00e7\u00e3o","image":{"@type":"ImageObject","inLanguage":"pt-BR","@id":"https:\/\/secure.gravatar.com\/avatar\/696d39935a657bf0fc95044dbc9f912520430a0eb6dd46c85dd97eb6483b249b?s=96&d=mm&r=g","url":"https:\/\/secure.gravatar.com\/avatar\/696d39935a657bf0fc95044dbc9f912520430a0eb6dd46c85dd97eb6483b249b?s=96&d=mm&r=g","contentUrl":"https:\/\/secure.gravatar.com\/avatar\/696d39935a657bf0fc95044dbc9f912520430a0eb6dd46c85dd97eb6483b249b?s=96&d=mm&r=g","caption":"Da Reda\u00e7\u00e3o"},"url":"https:\/\/www.fatosefotosnews.com.br\/?author=5"}]}},"jetpack_publicize_connections":[],"blog_post_layout_featured_media_urls":{"thumbnail":["https:\/\/www.fatosefotosnews.com.br\/wp-content\/uploads\/2025\/07\/c7f8db01fde2e4da4d7c9f5bb13365c6-150x150.jpeg",150,150,true],"full":["https:\/\/www.fatosefotosnews.com.br\/wp-content\/uploads\/2025\/07\/c7f8db01fde2e4da4d7c9f5bb13365c6.jpeg",1024,768,false]},"categories_names":{"25307":{"name":"Acre","link":"https:\/\/www.fatosefotosnews.com.br\/?cat=25307"}},"tags_names":{"1410":{"name":"celebra","link":"https:\/\/www.fatosefotosnews.com.br\/?tag=celebra"},"4922":{"name":"DERACRE","link":"https:\/\/www.fatosefotosnews.com.br\/?tag=deracre"},"1265":{"name":"experiencia","link":"https:\/\/www.fatosefotosnews.com.br\/?tag=experiencia"},"26931":{"name":"expoacre","link":"https:\/\/www.fatosefotosnews.com.br\/?tag=expoacre"},"11578":{"name":"imersiva","link":"https:\/\/www.fatosefotosnews.com.br\/?tag=imersiva"},"274":{"name":"Obras","link":"https:\/\/www.fatosefotosnews.com.br\/?tag=obras"}},"comments_number":"0","wpmagazine_modules_lite_featured_media_urls":{"thumbnail":["https:\/\/www.fatosefotosnews.com.br\/wp-content\/uploads\/2025\/07\/c7f8db01fde2e4da4d7c9f5bb13365c6-150x150.jpeg",150,150,true],"cvmm-medium":["https:\/\/www.fatosefotosnews.com.br\/wp-content\/uploads\/2025\/07\/c7f8db01fde2e4da4d7c9f5bb13365c6-300x300.jpeg",300,300,true],"cvmm-medium-plus":["https:\/\/www.fatosefotosnews.com.br\/wp-content\/uploads\/2025\/07\/c7f8db01fde2e4da4d7c9f5bb13365c6-305x207.jpeg",305,207,true],"cvmm-portrait":["https:\/\/www.fatosefotosnews.com.br\/wp-content\/uploads\/2025\/07\/c7f8db01fde2e4da4d7c9f5bb13365c6-400x600.jpeg",400,600,true],"cvmm-medium-square":["https:\/\/www.fatosefotosnews.com.br\/wp-content\/uploads\/2025\/07\/c7f8db01fde2e4da4d7c9f5bb13365c6-600x600.jpeg",600,600,true],"cvmm-large":["https:\/\/www.fatosefotosnews.com.br\/wp-content\/uploads\/2025\/07\/c7f8db01fde2e4da4d7c9f5bb13365c6.jpeg",1024,768,false],"cvmm-small":["https:\/\/www.fatosefotosnews.com.br\/wp-content\/uploads\/2025\/07\/c7f8db01fde2e4da4d7c9f5bb13365c6-130x95.jpeg",130,95,true],"full":["https:\/\/www.fatosefotosnews.com.br\/wp-content\/uploads\/2025\/07\/c7f8db01fde2e4da4d7c9f5bb13365c6.jpeg",1024,768,false]},"_links":{"self":[{"href":"https:\/\/www.fatosefotosnews.com.br\/index.php?rest_route=\/wp\/v2\/posts\/134826","targetHints":{"allow":["GET"]}}],"collection":[{"href":"https:\/\/www.fatosefotosnews.com.br\/index.php?rest_route=\/wp\/v2\/posts"}],"about":[{"href":"https:\/\/www.fatosefotosnews.com.br\/index.php?rest_route=\/wp\/v2\/types\/post"}],"author":[{"embeddable":true,"href":"https:\/\/www.fatosefotosnews.com.br\/index.php?rest_route=\/wp\/v2\/users\/5"}],"replies":[{"embeddable":true,"href":"https:\/\/www.fatosefotosnews.com.br\/index.php?rest_route=%2Fwp%2Fv2%2Fcomments&post=134826"}],"version-history":[{"count":0,"href":"https:\/\/www.fatosefotosnews.com.br\/index.php?rest_route=\/wp\/v2\/posts\/134826\/revisions"}],"wp:featuredmedia":[{"embeddable":true,"href":"https:\/\/www.fatosefotosnews.com.br\/index.php?rest_route=\/wp\/v2\/media\/134827"}],"wp:attachment":[{"href":"https:\/\/www.fatosefotosnews.com.br\/index.php?rest_route=%2Fwp%2Fv2%2Fmedia&parent=134826"}],"wp:term":[{"taxonomy":"category","embeddable":true,"href":"https:\/\/www.fatosefotosnews.com.br\/index.php?rest_route=%2Fwp%2Fv2%2Fcategories&post=134826"},{"taxonomy":"post_tag","embeddable":true,"href":"https:\/\/www.fatosefotosnews.com.br\/index.php?rest_route=%2Fwp%2Fv2%2Ftags&post=134826"}],"curies":[{"name":"wp","href":"https:\/\/api.w.org\/{rel}","templated":true}]}}