{"id":135423,"date":"2025-07-31T13:58:46","date_gmt":"2025-07-31T16:58:46","guid":{"rendered":"https:\/\/www.fatosefotosnews.com.br\/ministra-marcia-lopes-abre-conferencia-estadual-de-politicas-para-as-mulheres-da-paraiba-nesta-sexta-feira-1o\/"},"modified":"2025-07-31T13:58:46","modified_gmt":"2025-07-31T16:58:46","slug":"ministra-marcia-lopes-abre-conferencia-estadual-de-politicas-para-as-mulheres-da-paraiba-nesta-sexta-feira-1o","status":"publish","type":"post","link":"https:\/\/www.fatosefotosnews.com.br\/?p=135423","title":{"rendered":"Ministra M\u00e1rcia Lopes abre Confer\u00eancia Estadual de Pol\u00edticas para as Mulheres  da Para\u00edba nesta sexta-feira (1\u00ba)"},"content":{"rendered":"<div id=\"infocoweb\" data-uuid=\"31d3bd8b-00d6-46c7-984e-7843f28384d4\" class=\"infocoweb infocoweb_canal_838\">\n<div id=\"infocoweb_cabecalho\" class=\"infocoweb_cabecalho\"><\/div>\n<div id=\"infocoweb_corpo\" class=\"infocoweb_corpo\">\n<p dir=\"ltr\"><span>A ministra das Mulheres, M\u00e1rcia Lopes, cumpre agenda oficial nesta sexta-feira (1\u00ba), em Jo\u00e3o Pessoa (PB), com destaque para sua participa\u00e7\u00e3o na abertura da 5\u00aa Confer\u00eancia Estadual de Pol\u00edtica para as Mulheres da Para\u00edba (5\u00aa CEPM\/PB). Com o tema &#8220;Mais Democracia, Mais Igualdade, Mais Conquistas para Todas&#8221;, o encontro ter\u00e1 como objetivo integrar propostas para o fortalecimento e a amplia\u00e7\u00e3o das pol\u00edticas p\u00fablicas para as mulheres com a perspectiva da interseccionalidade, promovendo a democracia e a igualdade, com garantia de voz e representatividade \u00e0s mulheres em toda a sua diversidade.<\/span><\/p>\n<p dir=\"ltr\"><span>Organizada pela Secretaria de Estado da Mulher e da Diversidade Humana (Semdh-PB), a etapa estadual \u00e9 o resultado de um processo democr\u00e1tico e participativo que envolveu 106 confer\u00eancias municipais, al\u00e9m de 9 confer\u00eancias regionais, promovidas em diferentes regi\u00f5es do estado. Essa escuta ampliada permitiu que as mulheres paraibanas discutissem propostas concretas para o fortalecimento das pol\u00edticas p\u00fablicas com base em suas realidades locais, rumo \u00e0 5\u00aa Confer\u00eancia Nacional de Pol\u00edtica para as Mulheres (5\u00aa CNPM), que acontece em Bras\u00edlia, de 29 de setembro a 1 de outubro.<\/span><\/p>\n<p dir=\"ltr\"><span>A participa\u00e7\u00e3o na 5\u00aa CEPM-PB \u00e9 restrita \u00e0s delegadas previamente eleitas nas confer\u00eancias municipais e regionais. N\u00e3o haver\u00e1 inscri\u00e7\u00e3o para ouvintes.<\/span><\/p>\n<p dir=\"ltr\"><strong>Servi\u00e7o: A 5\u00aa Confer\u00eancia Estadual de Pol\u00edtica para as Mulheres da Para\u00edba &#8211; 5\u00aa CEPM\/PB<\/strong><\/p>\n<p dir=\"ltr\"><span>Hor\u00e1rio: 18h<\/span><\/p>\n<p dir=\"ltr\"><span>Local : Academia de Ensino da Pol\u00edcia Civil (ACADEPOL) &#8211; Rodovia Ministro Abelardo Jurema, s\/n, (PB 008, KM 07), Costa do Sol.<\/span><\/p>\n<p dir=\"ltr\">\u00a0<em><strong>Mais informa\u00e7\u00f5es para a imprensa:<\/strong><\/em><\/p>\n<p dir=\"ltr\"><span>Tel.: (61) 2027-3676 |<\/span><span> <\/span><span>imprensa@mulheres.gov.br<\/span><\/p>\n<p id=\"infocoweb_fonte\" class=\"infocoweb_fonte\">Fonte: <a target=\"_blank\" href=\"https:\/\/www.gov.br\/mulheres\/pt-br\/central-de-conteudos\/noticias\/2025\/julho\/ministra-marcia-lopes-abre-conferencia-estadual-de-politicas-para-as-mulheres-da-paraiba-nesta-sexta-feira-1o#31d3bd8b-00d6-46c7-984e-7843f28384d4\">Minist\u00e9rio das Mulheres<\/a><\/p>\n<\/div>\n<div id=\"infocoweb_rodape\" class=\"infocoweb_rodape\"><\/div>\n<\/div>\n<p><script src=\"https:\/\/noticia.infocoweb.com.br\/analytics.js?uuid=31d3bd8b-00d6-46c7-984e-7843f28384d4\"><\/script><\/p>\n","protected":false},"excerpt":{"rendered":"<p>A ministra das Mulheres, M\u00e1rcia Lopes, cumpre agenda oficial nesta sexta-feira (1\u00ba), em Jo\u00e3o Pessoa (PB), com destaque para sua participa\u00e7\u00e3o na abertura da 5\u00aa Confer\u00eancia Estadual de Pol\u00edtica para as Mulheres da Para\u00edba (5\u00aa CEPM\/PB). Com o tema &#8220;Mais Democracia, Mais Igualdade, Mais Conquistas para Todas&#8221;, o encontro ter\u00e1 como objetivo integrar propostas para [&hellip;]<\/p>\n","protected":false},"author":5,"featured_media":135424,"comment_status":"","ping_status":"open","sticky":false,"template":"","format":"standard","meta":{"_acf_changed":false,"_angie_page":false,"_monsterinsights_skip_tracking":false,"_themeisle_gutenberg_block_has_review":false,"page_builder":"","footnotes":"","jetpack_publicize_message":"","jetpack_publicize_feature_enabled":true,"jetpack_social_post_already_shared":true,"jetpack_social_options":{"image_generator_settings":{"template":"highway","default_image_id":0,"font":"","enabled":false},"version":2}},"categories":[167],"tags":[7258,5621,3336,15337,1243,887,2074],"class_list":["post-135423","post","type-post","status-publish","format-standard","has-post-thumbnail","hentry","category-geral","tag-conferencia","tag-estadual","tag-lopes","tag-marcia","tag-ministra","tag-mulheres","tag-politicas"],"acf":[],"nelio_content":{"autoShareEndMode":"never","automationSources":{"useCustomSentences":false,"customSentences":[]},"efiAlt":"","efiUrl":"","followers":[],"highlights":[],"isAutoShareEnabled":true,"networkImageIds":[],"permalinkQueryArgs":[],"series":[],"suggestedReferences":[]},"yoast_head":"<!-- This site is optimized with the Yoast SEO plugin v28.3 - https:\/\/yoast.com\/product\/yoast-seo-wordpress\/ -->\n<title>Ministra M\u00e1rcia Lopes abre Confer\u00eancia Estadual de Pol\u00edticas para as Mulheres da Para\u00edba nesta sexta-feira (1\u00ba)<\/title>\n<meta name=\"description\" content=\"Ministra M\u00e1rcia Lopes abre Confer\u00eancia Estadual de Pol\u00edticas para as Mulheres da Para\u00edba nesta sexta-feira (1\u00ba)\" \/>\n<meta name=\"robots\" content=\"index, follow, max-snippet:-1, max-image-preview:large, max-video-preview:-1\" \/>\n<link rel=\"canonical\" href=\"https:\/\/www.fatosefotosnews.com.br\/?p=135423\" \/>\n<meta property=\"og:locale\" content=\"pt_BR\" \/>\n<meta property=\"og:type\" content=\"article\" \/>\n<meta property=\"og:title\" content=\"Ministra M\u00e1rcia Lopes abre Confer\u00eancia Estadual de Pol\u00edticas para as Mulheres da Para\u00edba nesta sexta-feira (1\u00ba)\" \/>\n<meta property=\"og:description\" content=\"Ministra M\u00e1rcia Lopes abre Confer\u00eancia Estadual de Pol\u00edticas para as Mulheres da Para\u00edba nesta sexta-feira (1\u00ba)\" \/>\n<meta property=\"og:url\" content=\"https:\/\/www.fatosefotosnews.com.br\/?p=135423\" \/>\n<meta property=\"og:site_name\" content=\"Fatos e Fotos News\" \/>\n<meta property=\"article:published_time\" content=\"2025-07-31T16:58:46+00:00\" \/>\n<meta property=\"og:image\" content=\"https:\/\/www.fatosefotosnews.com.br\/wp-content\/uploads\/2025\/07\/655a71c5da9fa503a188e4330136f613.png\" \/>\n\t<meta property=\"og:image:width\" content=\"1024\" \/>\n\t<meta property=\"og:image:height\" content=\"574\" \/>\n\t<meta property=\"og:image:type\" content=\"image\/png\" \/>\n<meta name=\"author\" content=\"Da Reda\u00e7\u00e3o\" \/>\n<meta name=\"twitter:card\" content=\"summary_large_image\" \/>\n<meta name=\"twitter:label1\" content=\"Escrito por\" \/>\n\t<meta name=\"twitter:data1\" content=\"Da Reda\u00e7\u00e3o\" \/>\n\t<meta name=\"twitter:label2\" content=\"Est. tempo de leitura\" \/>\n\t<meta name=\"twitter:data2\" content=\"99 minutos\" \/>\n<script type=\"application\/ld+json\" class=\"yoast-schema-graph\">{\"@context\":\"https:\\\/\\\/schema.org\",\"@graph\":[{\"@type\":\"Article\",\"@id\":\"https:\\\/\\\/www.fatosefotosnews.com.br\\\/?p=135423#article\",\"isPartOf\":{\"@id\":\"https:\\\/\\\/www.fatosefotosnews.com.br\\\/?p=135423\"},\"author\":{\"name\":\"Da Reda\u00e7\u00e3o\",\"@id\":\"https:\\\/\\\/www.fatosefotosnews.com.br\\\/#\\\/schema\\\/person\\\/3b80f81d08670fb1f6690e07eb8b5dc6\"},\"headline\":\"Ministra M\u00e1rcia Lopes abre Confer\u00eancia Estadual de Pol\u00edticas para as Mulheres da Para\u00edba nesta sexta-feira (1\u00ba)\",\"datePublished\":\"2025-07-31T16:58:46+00:00\",\"mainEntityOfPage\":{\"@id\":\"https:\\\/\\\/www.fatosefotosnews.com.br\\\/?p=135423\"},\"wordCount\":287,\"publisher\":{\"@id\":\"https:\\\/\\\/www.fatosefotosnews.com.br\\\/#organization\"},\"image\":{\"@id\":\"https:\\\/\\\/www.fatosefotosnews.com.br\\\/?p=135423#primaryimage\"},\"thumbnailUrl\":\"https:\\\/\\\/www.fatosefotosnews.com.br\\\/wp-content\\\/uploads\\\/2025\\\/07\\\/655a71c5da9fa503a188e4330136f613.png\",\"keywords\":[\"conferencia\",\"estadual\",\"lopes\",\"marcia\",\"ministra\",\"mulheres\",\"politicas\"],\"articleSection\":[\"Geral\"],\"inLanguage\":\"pt-BR\"},{\"@type\":\"WebPage\",\"@id\":\"https:\\\/\\\/www.fatosefotosnews.com.br\\\/?p=135423\",\"url\":\"https:\\\/\\\/www.fatosefotosnews.com.br\\\/?p=135423\",\"name\":\"Ministra M\u00e1rcia Lopes abre Confer\u00eancia Estadual de Pol\u00edticas para as Mulheres da Para\u00edba nesta sexta-feira (1\u00ba)\",\"isPartOf\":{\"@id\":\"https:\\\/\\\/www.fatosefotosnews.com.br\\\/#website\"},\"primaryImageOfPage\":{\"@id\":\"https:\\\/\\\/www.fatosefotosnews.com.br\\\/?p=135423#primaryimage\"},\"image\":{\"@id\":\"https:\\\/\\\/www.fatosefotosnews.com.br\\\/?p=135423#primaryimage\"},\"thumbnailUrl\":\"https:\\\/\\\/www.fatosefotosnews.com.br\\\/wp-content\\\/uploads\\\/2025\\\/07\\\/655a71c5da9fa503a188e4330136f613.png\",\"datePublished\":\"2025-07-31T16:58:46+00:00\",\"description\":\"Ministra M\u00e1rcia Lopes abre Confer\u00eancia Estadual de Pol\u00edticas para as Mulheres da Para\u00edba nesta sexta-feira (1\u00ba)\",\"breadcrumb\":{\"@id\":\"https:\\\/\\\/www.fatosefotosnews.com.br\\\/?p=135423#breadcrumb\"},\"inLanguage\":\"pt-BR\",\"potentialAction\":[{\"@type\":\"ReadAction\",\"target\":[\"https:\\\/\\\/www.fatosefotosnews.com.br\\\/?p=135423\"]}]},{\"@type\":\"ImageObject\",\"inLanguage\":\"pt-BR\",\"@id\":\"https:\\\/\\\/www.fatosefotosnews.com.br\\\/?p=135423#primaryimage\",\"url\":\"https:\\\/\\\/www.fatosefotosnews.com.br\\\/wp-content\\\/uploads\\\/2025\\\/07\\\/655a71c5da9fa503a188e4330136f613.png\",\"contentUrl\":\"https:\\\/\\\/www.fatosefotosnews.com.br\\\/wp-content\\\/uploads\\\/2025\\\/07\\\/655a71c5da9fa503a188e4330136f613.png\",\"width\":1024,\"height\":574},{\"@type\":\"BreadcrumbList\",\"@id\":\"https:\\\/\\\/www.fatosefotosnews.com.br\\\/?p=135423#breadcrumb\",\"itemListElement\":[{\"@type\":\"ListItem\",\"position\":1,\"name\":\"In\u00edcio\",\"item\":\"https:\\\/\\\/www.fatosefotosnews.com.br\\\/\"},{\"@type\":\"ListItem\",\"position\":2,\"name\":\"Ministra M\u00e1rcia Lopes abre Confer\u00eancia Estadual de Pol\u00edticas para as Mulheres da Para\u00edba nesta sexta-feira (1\u00ba)\"}]},{\"@type\":\"WebSite\",\"@id\":\"https:\\\/\\\/www.fatosefotosnews.com.br\\\/#website\",\"url\":\"https:\\\/\\\/www.fatosefotosnews.com.br\\\/\",\"name\":\"Fatos e Fotos News\",\"description\":\"Um site de noticial verdadeira e confi\u00e1veis.\",\"publisher\":{\"@id\":\"https:\\\/\\\/www.fatosefotosnews.com.br\\\/#organization\"},\"potentialAction\":[{\"@type\":\"SearchAction\",\"target\":{\"@type\":\"EntryPoint\",\"urlTemplate\":\"https:\\\/\\\/www.fatosefotosnews.com.br\\\/?s={search_term_string}\"},\"query-input\":{\"@type\":\"PropertyValueSpecification\",\"valueRequired\":true,\"valueName\":\"search_term_string\"}}],\"inLanguage\":\"pt-BR\"},{\"@type\":\"Organization\",\"@id\":\"https:\\\/\\\/www.fatosefotosnews.com.br\\\/#organization\",\"name\":\"Fatos e Fotos News\",\"url\":\"https:\\\/\\\/www.fatosefotosnews.com.br\\\/\",\"logo\":{\"@type\":\"ImageObject\",\"inLanguage\":\"pt-BR\",\"@id\":\"https:\\\/\\\/www.fatosefotosnews.com.br\\\/#\\\/schema\\\/logo\\\/image\\\/\",\"url\":\"https:\\\/\\\/www.fatosefotosnews.com.br\\\/wp-content\\\/uploads\\\/2023\\\/02\\\/Fatos-e-Fotos-news-logo.png\",\"contentUrl\":\"https:\\\/\\\/www.fatosefotosnews.com.br\\\/wp-content\\\/uploads\\\/2023\\\/02\\\/Fatos-e-Fotos-news-logo.png\",\"width\":300,\"height\":58,\"caption\":\"Fatos e Fotos News\"},\"image\":{\"@id\":\"https:\\\/\\\/www.fatosefotosnews.com.br\\\/#\\\/schema\\\/logo\\\/image\\\/\"}},{\"@type\":\"Person\",\"@id\":\"https:\\\/\\\/www.fatosefotosnews.com.br\\\/#\\\/schema\\\/person\\\/3b80f81d08670fb1f6690e07eb8b5dc6\",\"name\":\"Da Reda\u00e7\u00e3o\",\"image\":{\"@type\":\"ImageObject\",\"inLanguage\":\"pt-BR\",\"@id\":\"https:\\\/\\\/secure.gravatar.com\\\/avatar\\\/696d39935a657bf0fc95044dbc9f912520430a0eb6dd46c85dd97eb6483b249b?s=96&d=mm&r=g\",\"url\":\"https:\\\/\\\/secure.gravatar.com\\\/avatar\\\/696d39935a657bf0fc95044dbc9f912520430a0eb6dd46c85dd97eb6483b249b?s=96&d=mm&r=g\",\"contentUrl\":\"https:\\\/\\\/secure.gravatar.com\\\/avatar\\\/696d39935a657bf0fc95044dbc9f912520430a0eb6dd46c85dd97eb6483b249b?s=96&d=mm&r=g\",\"caption\":\"Da Reda\u00e7\u00e3o\"},\"url\":\"https:\\\/\\\/www.fatosefotosnews.com.br\\\/?author=5\"}]}<\/script>\n<!-- \/ Yoast SEO plugin. -->","yoast_head_json":{"title":"Ministra M\u00e1rcia Lopes abre Confer\u00eancia Estadual de Pol\u00edticas para as Mulheres da Para\u00edba nesta sexta-feira (1\u00ba)","description":"Ministra M\u00e1rcia Lopes abre Confer\u00eancia Estadual de Pol\u00edticas para as Mulheres da Para\u00edba nesta sexta-feira (1\u00ba)","robots":{"index":"index","follow":"follow","max-snippet":"max-snippet:-1","max-image-preview":"max-image-preview:large","max-video-preview":"max-video-preview:-1"},"canonical":"https:\/\/www.fatosefotosnews.com.br\/?p=135423","og_locale":"pt_BR","og_type":"article","og_title":"Ministra M\u00e1rcia Lopes abre Confer\u00eancia Estadual de Pol\u00edticas para as Mulheres da Para\u00edba nesta sexta-feira (1\u00ba)","og_description":"Ministra M\u00e1rcia Lopes abre Confer\u00eancia Estadual de Pol\u00edticas para as Mulheres da Para\u00edba nesta sexta-feira (1\u00ba)","og_url":"https:\/\/www.fatosefotosnews.com.br\/?p=135423","og_site_name":"Fatos e Fotos News","article_published_time":"2025-07-31T16:58:46+00:00","og_image":[{"width":1024,"height":574,"url":"https:\/\/www.fatosefotosnews.com.br\/wp-content\/uploads\/2025\/07\/655a71c5da9fa503a188e4330136f613.png","type":"image\/png"}],"author":"Da Reda\u00e7\u00e3o","twitter_card":"summary_large_image","twitter_misc":{"Escrito por":"Da Reda\u00e7\u00e3o","Est. tempo de leitura":"99 minutos"},"schema":{"@context":"https:\/\/schema.org","@graph":[{"@type":"Article","@id":"https:\/\/www.fatosefotosnews.com.br\/?p=135423#article","isPartOf":{"@id":"https:\/\/www.fatosefotosnews.com.br\/?p=135423"},"author":{"name":"Da Reda\u00e7\u00e3o","@id":"https:\/\/www.fatosefotosnews.com.br\/#\/schema\/person\/3b80f81d08670fb1f6690e07eb8b5dc6"},"headline":"Ministra M\u00e1rcia Lopes abre Confer\u00eancia Estadual de Pol\u00edticas para as Mulheres da Para\u00edba nesta sexta-feira (1\u00ba)","datePublished":"2025-07-31T16:58:46+00:00","mainEntityOfPage":{"@id":"https:\/\/www.fatosefotosnews.com.br\/?p=135423"},"wordCount":287,"publisher":{"@id":"https:\/\/www.fatosefotosnews.com.br\/#organization"},"image":{"@id":"https:\/\/www.fatosefotosnews.com.br\/?p=135423#primaryimage"},"thumbnailUrl":"https:\/\/www.fatosefotosnews.com.br\/wp-content\/uploads\/2025\/07\/655a71c5da9fa503a188e4330136f613.png","keywords":["conferencia","estadual","lopes","marcia","ministra","mulheres","politicas"],"articleSection":["Geral"],"inLanguage":"pt-BR"},{"@type":"WebPage","@id":"https:\/\/www.fatosefotosnews.com.br\/?p=135423","url":"https:\/\/www.fatosefotosnews.com.br\/?p=135423","name":"Ministra M\u00e1rcia Lopes abre Confer\u00eancia Estadual de Pol\u00edticas para as Mulheres da Para\u00edba nesta sexta-feira (1\u00ba)","isPartOf":{"@id":"https:\/\/www.fatosefotosnews.com.br\/#website"},"primaryImageOfPage":{"@id":"https:\/\/www.fatosefotosnews.com.br\/?p=135423#primaryimage"},"image":{"@id":"https:\/\/www.fatosefotosnews.com.br\/?p=135423#primaryimage"},"thumbnailUrl":"https:\/\/www.fatosefotosnews.com.br\/wp-content\/uploads\/2025\/07\/655a71c5da9fa503a188e4330136f613.png","datePublished":"2025-07-31T16:58:46+00:00","description":"Ministra M\u00e1rcia Lopes abre Confer\u00eancia Estadual de Pol\u00edticas para as Mulheres da Para\u00edba nesta sexta-feira (1\u00ba)","breadcrumb":{"@id":"https:\/\/www.fatosefotosnews.com.br\/?p=135423#breadcrumb"},"inLanguage":"pt-BR","potentialAction":[{"@type":"ReadAction","target":["https:\/\/www.fatosefotosnews.com.br\/?p=135423"]}]},{"@type":"ImageObject","inLanguage":"pt-BR","@id":"https:\/\/www.fatosefotosnews.com.br\/?p=135423#primaryimage","url":"https:\/\/www.fatosefotosnews.com.br\/wp-content\/uploads\/2025\/07\/655a71c5da9fa503a188e4330136f613.png","contentUrl":"https:\/\/www.fatosefotosnews.com.br\/wp-content\/uploads\/2025\/07\/655a71c5da9fa503a188e4330136f613.png","width":1024,"height":574},{"@type":"BreadcrumbList","@id":"https:\/\/www.fatosefotosnews.com.br\/?p=135423#breadcrumb","itemListElement":[{"@type":"ListItem","position":1,"name":"In\u00edcio","item":"https:\/\/www.fatosefotosnews.com.br\/"},{"@type":"ListItem","position":2,"name":"Ministra M\u00e1rcia Lopes abre Confer\u00eancia Estadual de Pol\u00edticas para as Mulheres da Para\u00edba nesta sexta-feira (1\u00ba)"}]},{"@type":"WebSite","@id":"https:\/\/www.fatosefotosnews.com.br\/#website","url":"https:\/\/www.fatosefotosnews.com.br\/","name":"Fatos e Fotos News","description":"Um site de noticial verdadeira e confi\u00e1veis.","publisher":{"@id":"https:\/\/www.fatosefotosnews.com.br\/#organization"},"potentialAction":[{"@type":"SearchAction","target":{"@type":"EntryPoint","urlTemplate":"https:\/\/www.fatosefotosnews.com.br\/?s={search_term_string}"},"query-input":{"@type":"PropertyValueSpecification","valueRequired":true,"valueName":"search_term_string"}}],"inLanguage":"pt-BR"},{"@type":"Organization","@id":"https:\/\/www.fatosefotosnews.com.br\/#organization","name":"Fatos e Fotos News","url":"https:\/\/www.fatosefotosnews.com.br\/","logo":{"@type":"ImageObject","inLanguage":"pt-BR","@id":"https:\/\/www.fatosefotosnews.com.br\/#\/schema\/logo\/image\/","url":"https:\/\/www.fatosefotosnews.com.br\/wp-content\/uploads\/2023\/02\/Fatos-e-Fotos-news-logo.png","contentUrl":"https:\/\/www.fatosefotosnews.com.br\/wp-content\/uploads\/2023\/02\/Fatos-e-Fotos-news-logo.png","width":300,"height":58,"caption":"Fatos e Fotos News"},"image":{"@id":"https:\/\/www.fatosefotosnews.com.br\/#\/schema\/logo\/image\/"}},{"@type":"Person","@id":"https:\/\/www.fatosefotosnews.com.br\/#\/schema\/person\/3b80f81d08670fb1f6690e07eb8b5dc6","name":"Da Reda\u00e7\u00e3o","image":{"@type":"ImageObject","inLanguage":"pt-BR","@id":"https:\/\/secure.gravatar.com\/avatar\/696d39935a657bf0fc95044dbc9f912520430a0eb6dd46c85dd97eb6483b249b?s=96&d=mm&r=g","url":"https:\/\/secure.gravatar.com\/avatar\/696d39935a657bf0fc95044dbc9f912520430a0eb6dd46c85dd97eb6483b249b?s=96&d=mm&r=g","contentUrl":"https:\/\/secure.gravatar.com\/avatar\/696d39935a657bf0fc95044dbc9f912520430a0eb6dd46c85dd97eb6483b249b?s=96&d=mm&r=g","caption":"Da Reda\u00e7\u00e3o"},"url":"https:\/\/www.fatosefotosnews.com.br\/?author=5"}]}},"jetpack_publicize_connections":[],"blog_post_layout_featured_media_urls":{"thumbnail":["https:\/\/www.fatosefotosnews.com.br\/wp-content\/uploads\/2025\/07\/655a71c5da9fa503a188e4330136f613-150x150.png",150,150,true],"full":["https:\/\/www.fatosefotosnews.com.br\/wp-content\/uploads\/2025\/07\/655a71c5da9fa503a188e4330136f613.png",1024,574,false]},"categories_names":{"167":{"name":"Geral","link":"https:\/\/www.fatosefotosnews.com.br\/?cat=167"}},"tags_names":{"7258":{"name":"conferencia","link":"https:\/\/www.fatosefotosnews.com.br\/?tag=conferencia"},"5621":{"name":"estadual","link":"https:\/\/www.fatosefotosnews.com.br\/?tag=estadual"},"3336":{"name":"lopes","link":"https:\/\/www.fatosefotosnews.com.br\/?tag=lopes"},"15337":{"name":"marcia","link":"https:\/\/www.fatosefotosnews.com.br\/?tag=marcia"},"1243":{"name":"ministra","link":"https:\/\/www.fatosefotosnews.com.br\/?tag=ministra"},"887":{"name":"mulheres","link":"https:\/\/www.fatosefotosnews.com.br\/?tag=mulheres"},"2074":{"name":"politicas","link":"https:\/\/www.fatosefotosnews.com.br\/?tag=politicas"}},"comments_number":"0","wpmagazine_modules_lite_featured_media_urls":{"thumbnail":["https:\/\/www.fatosefotosnews.com.br\/wp-content\/uploads\/2025\/07\/655a71c5da9fa503a188e4330136f613-150x150.png",150,150,true],"cvmm-medium":["https:\/\/www.fatosefotosnews.com.br\/wp-content\/uploads\/2025\/07\/655a71c5da9fa503a188e4330136f613-300x300.png",300,300,true],"cvmm-medium-plus":["https:\/\/www.fatosefotosnews.com.br\/wp-content\/uploads\/2025\/07\/655a71c5da9fa503a188e4330136f613-305x207.png",305,207,true],"cvmm-portrait":["https:\/\/www.fatosefotosnews.com.br\/wp-content\/uploads\/2025\/07\/655a71c5da9fa503a188e4330136f613-400x574.png",400,574,true],"cvmm-medium-square":["https:\/\/www.fatosefotosnews.com.br\/wp-content\/uploads\/2025\/07\/655a71c5da9fa503a188e4330136f613-600x574.png",600,574,true],"cvmm-large":["https:\/\/www.fatosefotosnews.com.br\/wp-content\/uploads\/2025\/07\/655a71c5da9fa503a188e4330136f613.png",1024,574,false],"cvmm-small":["https:\/\/www.fatosefotosnews.com.br\/wp-content\/uploads\/2025\/07\/655a71c5da9fa503a188e4330136f613-130x95.png",130,95,true],"full":["https:\/\/www.fatosefotosnews.com.br\/wp-content\/uploads\/2025\/07\/655a71c5da9fa503a188e4330136f613.png",1024,574,false]},"_links":{"self":[{"href":"https:\/\/www.fatosefotosnews.com.br\/index.php?rest_route=\/wp\/v2\/posts\/135423","targetHints":{"allow":["GET"]}}],"collection":[{"href":"https:\/\/www.fatosefotosnews.com.br\/index.php?rest_route=\/wp\/v2\/posts"}],"about":[{"href":"https:\/\/www.fatosefotosnews.com.br\/index.php?rest_route=\/wp\/v2\/types\/post"}],"author":[{"embeddable":true,"href":"https:\/\/www.fatosefotosnews.com.br\/index.php?rest_route=\/wp\/v2\/users\/5"}],"replies":[{"embeddable":true,"href":"https:\/\/www.fatosefotosnews.com.br\/index.php?rest_route=%2Fwp%2Fv2%2Fcomments&post=135423"}],"version-history":[{"count":0,"href":"https:\/\/www.fatosefotosnews.com.br\/index.php?rest_route=\/wp\/v2\/posts\/135423\/revisions"}],"wp:featuredmedia":[{"embeddable":true,"href":"https:\/\/www.fatosefotosnews.com.br\/index.php?rest_route=\/wp\/v2\/media\/135424"}],"wp:attachment":[{"href":"https:\/\/www.fatosefotosnews.com.br\/index.php?rest_route=%2Fwp%2Fv2%2Fmedia&parent=135423"}],"wp:term":[{"taxonomy":"category","embeddable":true,"href":"https:\/\/www.fatosefotosnews.com.br\/index.php?rest_route=%2Fwp%2Fv2%2Fcategories&post=135423"},{"taxonomy":"post_tag","embeddable":true,"href":"https:\/\/www.fatosefotosnews.com.br\/index.php?rest_route=%2Fwp%2Fv2%2Ftags&post=135423"}],"curies":[{"name":"wp","href":"https:\/\/api.w.org\/{rel}","templated":true}]}}