{"id":135597,"date":"2025-08-01T12:30:06","date_gmt":"2025-08-01T15:30:06","guid":{"rendered":"https:\/\/www.fatosefotosnews.com.br\/fala-mds-segundo-episodio-da-serie-com-o-cnas-explica-atuacao-dos-conselhos-nas-politicas-de-assistencia-social\/"},"modified":"2025-08-01T12:30:06","modified_gmt":"2025-08-01T15:30:06","slug":"fala-mds-segundo-episodio-da-serie-com-o-cnas-explica-atuacao-dos-conselhos-nas-politicas-de-assistencia-social","status":"publish","type":"post","link":"https:\/\/www.fatosefotosnews.com.br\/?p=135597","title":{"rendered":"Fala MDS: segundo epis\u00f3dio da s\u00e9rie com o CNAS explica atua\u00e7\u00e3o dos conselhos nas pol\u00edticas de assist\u00eancia social"},"content":{"rendered":"<div id=\"infocoweb\" data-uuid=\"09a4f9ef-5005-434a-b4a5-a93a2babeb07\" class=\"infocoweb infocoweb_canal_845\">\n<div id=\"infocoweb_cabecalho\" class=\"infocoweb_cabecalho\"><\/div>\n<div id=\"infocoweb_corpo\" class=\"infocoweb_corpo\">\n<p dir=\"ltr\">A edi\u00e7\u00e3o do Fala MDS desta sexta-feira (1.08) traz o segundo epis\u00f3dio da s\u00e9rie que aborda as a\u00e7\u00f5es do Conselho Nacional de Assist\u00eancia Social (CNAS) no \u00e2mbito da garantia do fortalecimento e da efetividade das pol\u00edticas p\u00fablicas no Brasil.<\/p>\n<p dir=\"ltr\"><span>A entrevistada\u00a0 \u00e9 a professora e doutora em Ci\u00eancia Pol\u00edtica, Eleonora Cunha, da Universidade Federal de Minas Gerais (UFMG). Na conversa, ela detalha como conselhos e confer\u00eancias que est\u00e3o presentes na pol\u00edtica de assist\u00eancia social se relacionam com o controle social e com a democracia brasileira de uma maneira mais ampla.\u00a0<\/span><\/p>\n<p dir=\"ltr\"><span>\u201cO controle social \u00e9 um processo em que a sociedade ou suas organiza\u00e7\u00f5es acompanham, monitoram, avaliam tudo aquilo que o poder p\u00fablico realiza. E, se for o caso, quando encontram alguma irregularidade, algo que n\u00e3o acham que \u00e9 adequado, podem tomar provid\u00eancias que acharem cab\u00edveis, para que essa situa\u00e7\u00e3o identificada seja corrigida\u201d, explica.<\/span><span><br \/><\/span><\/p>\n<p dir=\"ltr\"><span>Eleonora defende que, no regime democr\u00e1tico, a transpar\u00eancia \u00e9 fundamental, porque ela permite que cidad\u00e3os conhe\u00e7am, acompanhem e avaliem os governos, al\u00e9m de possibilitar que as pessoas interessadas obtenham informa\u00e7\u00f5es.<\/span><span><br \/><\/span><span><br \/><\/span><span> \u201cTranspar\u00eancia e comunica\u00e7\u00e3o andam juntas. No caso do Sistema \u00danico de Assist\u00eancia Social, os servi\u00e7os e benef\u00edcios s\u00e3o ofertados pelo governo e, de forma complementar, por organiza\u00e7\u00f5es da sociedade civil. Nesse sentido, gestores e entidades de assist\u00eancia social devem manter informa\u00e7\u00f5es atualizadas e divulgar de forma acess\u00edvel quais servi\u00e7os e benef\u00edcios oferecem\u201d, finaliza.<\/span><span><br \/><\/span><\/p>\n<p>O Fala MDS tem epis\u00f3dios semanais, publicados \u00e0s sextas-feiras, e est\u00e1 dispon\u00edvel nas plataformas\u00a0<a href=\"https:\/\/open.spotify.com\/show\/2tO0sljA29o8k2Vp8RYrgx?si=DxEkypFURYGHB5G2lTc2vQ&#038;nd=1&#038;dlsi=a25e157090bc4fd3\">Spotify<\/a>,\u00a0<a href=\"https:\/\/music.amazon.com.br\/podcasts\/8396ac5c-399b-4a88-8a94-9c561973d922\/fala-mds\">Amazon<\/a>,\u00a0<a href=\"https:\/\/www.deezer.com\/br\/show\/1000827081\">Deezer<\/a>,\u00a0<a href=\"https:\/\/podcasts.apple.com\/us\/podcast\/fala-mds\/id1739838997\">Apple Podcasts<\/a>\u00a0e\u00a0<a href=\"https:\/\/soundcloud.com\/mindesenvolvimento?utm_source=clipboard&#038;utm_medium=text&#038;utm_campaign=social_sharing\">SoundCloud<\/a>. O podcast tamb\u00e9m \u00e9 distribu\u00eddo \u00e0s r\u00e1dios de todo o pa\u00eds que queiram veicul\u00e1-lo.<\/p>\n<p><iframe src=\"https:\/\/w.soundcloud.com\/player\/?url=https%3A\/\/api.soundcloud.com\/tracks\/2140279185&#038;color=%23ff5500&#038;auto_play=false&#038;hide_related=false&#038;show_comments=true&#038;show_user=true&#038;show_reposts=false&#038;show_teaser=true\" width=\"100%\" height=\"166\"><\/iframe><\/p>\n<div><a href=\"https:\/\/soundcloud.com\/mindesenvolvimento\" style=\"text-decoration: none\" target=\"_blank\" title=\"Minist\u00e9rio do Desenvolvimento e Assist\u00eancia Social\">Minist\u00e9rio do Desenvolvimento e Assist\u00eancia Social<\/a> \u00b7 <a href=\"https:\/\/soundcloud.com\/mindesenvolvimento\/fala-mds-segundo-episodio-da-serie-com-o-cnas-explica-atuacao-dos-conselhos-nas-politicas-de-assistencia-social\" style=\"text-decoration: none\" target=\"_blank\" title=\"Fala MDS: segundo epis\u00f3dio da s\u00e9rie com o CNAS explica atua\u00e7\u00e3o dos conselhos  nas pol\u00edticas de assist\u00eancia social\">Fala MDS: segundo epis\u00f3dio da s\u00e9rie com o CNAS explica atua\u00e7\u00e3o dos conselhos nas pol\u00edticas de assist\u00eancia social<\/a><\/div>\n<p dir=\"ltr\"><strong><br \/>Assessoria de Comunica\u00e7\u00e3o \u2013 MDS<\/strong><\/p>\n<p><span>\u00a0<\/span><\/p>\n<p><span id=\"docs-internal-guid-a9e15f5a-7fff-1137-27eb-c774cb2213b0\"><span>\u00a0<\/span><\/span><\/p>\n<p id=\"infocoweb_fonte\" class=\"infocoweb_fonte\">Fonte: <a target=\"_blank\" href=\"https:\/\/www.gov.br\/mds\/pt-br\/noticias-e-conteudos\/desenvolvimento-social\/noticias-desenvolvimento-social\/fala-mds-segundo-episodio-da-serie-com-o-cnas-explica-como-conselhos-atuam-nas-politicas-de-assistencia-social#09a4f9ef-5005-434a-b4a5-a93a2babeb07\">Minist\u00e9rio do Desenvolvimento e Assist\u00eancia Social, Fam\u00edlia e Combate \u00e0 Fome<\/a><\/p>\n<\/div>\n<div id=\"infocoweb_rodape\" class=\"infocoweb_rodape\"><\/div>\n<\/div>\n<p><script src=\"https:\/\/noticia.infocoweb.com.br\/analytics.js?uuid=09a4f9ef-5005-434a-b4a5-a93a2babeb07\"><\/script><\/p>\n","protected":false},"excerpt":{"rendered":"<p>A edi\u00e7\u00e3o do Fala MDS desta sexta-feira (1.08) traz o segundo epis\u00f3dio da s\u00e9rie que aborda as a\u00e7\u00f5es do Conselho Nacional de Assist\u00eancia Social (CNAS) no \u00e2mbito da garantia do fortalecimento e da efetividade das pol\u00edticas p\u00fablicas no Brasil. A entrevistada\u00a0 \u00e9 a professora e doutora em Ci\u00eancia Pol\u00edtica, Eleonora Cunha, da Universidade Federal de [&hellip;]<\/p>\n","protected":false},"author":5,"featured_media":135598,"comment_status":"","ping_status":"open","sticky":false,"template":"","format":"standard","meta":{"_acf_changed":false,"_angie_page":false,"_monsterinsights_skip_tracking":false,"_themeisle_gutenberg_block_has_review":false,"page_builder":"","footnotes":"","jetpack_publicize_message":"","jetpack_publicize_feature_enabled":true,"jetpack_social_post_already_shared":true,"jetpack_social_options":{"image_generator_settings":{"template":"highway","default_image_id":0,"font":"","enabled":false},"version":2}},"categories":[167],"tags":[6276,4931,9759,1591,2074,1279,557],"class_list":["post-135597","post","type-post","status-publish","format-standard","has-post-thumbnail","hentry","category-geral","tag-assistencia","tag-conselhos","tag-episodio","tag-explica","tag-politicas","tag-segundo","tag-serie"],"acf":[],"nelio_content":{"autoShareEndMode":"never","automationSources":{"useCustomSentences":false,"customSentences":[]},"efiAlt":"","efiUrl":"","followers":[],"highlights":[],"isAutoShareEnabled":true,"networkImageIds":[],"permalinkQueryArgs":[],"series":[],"suggestedReferences":[]},"yoast_head":"<!-- This site is optimized with the Yoast SEO plugin v28.3 - https:\/\/yoast.com\/product\/yoast-seo-wordpress\/ -->\n<title>Fala MDS: segundo epis\u00f3dio da s\u00e9rie com o CNAS explica atua\u00e7\u00e3o dos conselhos nas pol\u00edticas de assist\u00eancia social<\/title>\n<meta name=\"description\" content=\"Fala MDS: segundo epis\u00f3dio da s\u00e9rie com o CNAS explica atua\u00e7\u00e3o dos conselhos nas pol\u00edticas de assist\u00eancia social\" \/>\n<meta name=\"robots\" content=\"index, follow, max-snippet:-1, max-image-preview:large, max-video-preview:-1\" \/>\n<link rel=\"canonical\" href=\"https:\/\/www.fatosefotosnews.com.br\/?p=135597\" \/>\n<meta property=\"og:locale\" content=\"pt_BR\" \/>\n<meta property=\"og:type\" content=\"article\" \/>\n<meta property=\"og:title\" content=\"Fala MDS: segundo epis\u00f3dio da s\u00e9rie com o CNAS explica atua\u00e7\u00e3o dos conselhos nas pol\u00edticas de assist\u00eancia social\" \/>\n<meta property=\"og:description\" content=\"Fala MDS: segundo epis\u00f3dio da s\u00e9rie com o CNAS explica atua\u00e7\u00e3o dos conselhos nas pol\u00edticas de assist\u00eancia social\" \/>\n<meta property=\"og:url\" content=\"https:\/\/www.fatosefotosnews.com.br\/?p=135597\" \/>\n<meta property=\"og:site_name\" content=\"Fatos e Fotos News\" \/>\n<meta property=\"article:published_time\" content=\"2025-08-01T15:30:06+00:00\" \/>\n<meta property=\"og:image\" content=\"https:\/\/www.fatosefotosnews.com.br\/wp-content\/uploads\/2025\/08\/7afa8222a150af522fb391c5f6bae5ac.png\" \/>\n\t<meta property=\"og:image:width\" content=\"1024\" \/>\n\t<meta property=\"og:image:height\" content=\"682\" \/>\n\t<meta property=\"og:image:type\" content=\"image\/png\" \/>\n<meta name=\"author\" content=\"Da Reda\u00e7\u00e3o\" \/>\n<meta name=\"twitter:card\" content=\"summary_large_image\" \/>\n<meta name=\"twitter:label1\" content=\"Escrito por\" \/>\n\t<meta name=\"twitter:data1\" content=\"Da Reda\u00e7\u00e3o\" \/>\n\t<meta name=\"twitter:label2\" content=\"Est. tempo de leitura\" \/>\n\t<meta name=\"twitter:data2\" content=\"99 minutos\" \/>\n<script type=\"application\/ld+json\" class=\"yoast-schema-graph\">{\"@context\":\"https:\\\/\\\/schema.org\",\"@graph\":[{\"@type\":\"Article\",\"@id\":\"https:\\\/\\\/www.fatosefotosnews.com.br\\\/?p=135597#article\",\"isPartOf\":{\"@id\":\"https:\\\/\\\/www.fatosefotosnews.com.br\\\/?p=135597\"},\"author\":{\"name\":\"Da Reda\u00e7\u00e3o\",\"@id\":\"https:\\\/\\\/www.fatosefotosnews.com.br\\\/#\\\/schema\\\/person\\\/3b80f81d08670fb1f6690e07eb8b5dc6\"},\"headline\":\"Fala MDS: segundo epis\u00f3dio da s\u00e9rie com o CNAS explica atua\u00e7\u00e3o dos conselhos nas pol\u00edticas de assist\u00eancia social\",\"datePublished\":\"2025-08-01T15:30:06+00:00\",\"mainEntityOfPage\":{\"@id\":\"https:\\\/\\\/www.fatosefotosnews.com.br\\\/?p=135597\"},\"wordCount\":372,\"publisher\":{\"@id\":\"https:\\\/\\\/www.fatosefotosnews.com.br\\\/#organization\"},\"image\":{\"@id\":\"https:\\\/\\\/www.fatosefotosnews.com.br\\\/?p=135597#primaryimage\"},\"thumbnailUrl\":\"https:\\\/\\\/www.fatosefotosnews.com.br\\\/wp-content\\\/uploads\\\/2025\\\/08\\\/7afa8222a150af522fb391c5f6bae5ac.png\",\"keywords\":[\"assistencia\",\"conselhos\",\"episodio\",\"explica\",\"politicas\",\"segundo\",\"serie\"],\"articleSection\":[\"Geral\"],\"inLanguage\":\"pt-BR\"},{\"@type\":\"WebPage\",\"@id\":\"https:\\\/\\\/www.fatosefotosnews.com.br\\\/?p=135597\",\"url\":\"https:\\\/\\\/www.fatosefotosnews.com.br\\\/?p=135597\",\"name\":\"Fala MDS: segundo epis\u00f3dio da s\u00e9rie com o CNAS explica atua\u00e7\u00e3o dos conselhos nas pol\u00edticas de assist\u00eancia social\",\"isPartOf\":{\"@id\":\"https:\\\/\\\/www.fatosefotosnews.com.br\\\/#website\"},\"primaryImageOfPage\":{\"@id\":\"https:\\\/\\\/www.fatosefotosnews.com.br\\\/?p=135597#primaryimage\"},\"image\":{\"@id\":\"https:\\\/\\\/www.fatosefotosnews.com.br\\\/?p=135597#primaryimage\"},\"thumbnailUrl\":\"https:\\\/\\\/www.fatosefotosnews.com.br\\\/wp-content\\\/uploads\\\/2025\\\/08\\\/7afa8222a150af522fb391c5f6bae5ac.png\",\"datePublished\":\"2025-08-01T15:30:06+00:00\",\"description\":\"Fala MDS: segundo epis\u00f3dio da s\u00e9rie com o CNAS explica atua\u00e7\u00e3o dos conselhos nas pol\u00edticas de assist\u00eancia social\",\"breadcrumb\":{\"@id\":\"https:\\\/\\\/www.fatosefotosnews.com.br\\\/?p=135597#breadcrumb\"},\"inLanguage\":\"pt-BR\",\"potentialAction\":[{\"@type\":\"ReadAction\",\"target\":[\"https:\\\/\\\/www.fatosefotosnews.com.br\\\/?p=135597\"]}]},{\"@type\":\"ImageObject\",\"inLanguage\":\"pt-BR\",\"@id\":\"https:\\\/\\\/www.fatosefotosnews.com.br\\\/?p=135597#primaryimage\",\"url\":\"https:\\\/\\\/www.fatosefotosnews.com.br\\\/wp-content\\\/uploads\\\/2025\\\/08\\\/7afa8222a150af522fb391c5f6bae5ac.png\",\"contentUrl\":\"https:\\\/\\\/www.fatosefotosnews.com.br\\\/wp-content\\\/uploads\\\/2025\\\/08\\\/7afa8222a150af522fb391c5f6bae5ac.png\",\"width\":1024,\"height\":682},{\"@type\":\"BreadcrumbList\",\"@id\":\"https:\\\/\\\/www.fatosefotosnews.com.br\\\/?p=135597#breadcrumb\",\"itemListElement\":[{\"@type\":\"ListItem\",\"position\":1,\"name\":\"In\u00edcio\",\"item\":\"https:\\\/\\\/www.fatosefotosnews.com.br\\\/\"},{\"@type\":\"ListItem\",\"position\":2,\"name\":\"Fala MDS: segundo epis\u00f3dio da s\u00e9rie com o CNAS explica atua\u00e7\u00e3o dos conselhos nas pol\u00edticas de assist\u00eancia social\"}]},{\"@type\":\"WebSite\",\"@id\":\"https:\\\/\\\/www.fatosefotosnews.com.br\\\/#website\",\"url\":\"https:\\\/\\\/www.fatosefotosnews.com.br\\\/\",\"name\":\"Fatos e Fotos News\",\"description\":\"Um site de noticial verdadeira e confi\u00e1veis.\",\"publisher\":{\"@id\":\"https:\\\/\\\/www.fatosefotosnews.com.br\\\/#organization\"},\"potentialAction\":[{\"@type\":\"SearchAction\",\"target\":{\"@type\":\"EntryPoint\",\"urlTemplate\":\"https:\\\/\\\/www.fatosefotosnews.com.br\\\/?s={search_term_string}\"},\"query-input\":{\"@type\":\"PropertyValueSpecification\",\"valueRequired\":true,\"valueName\":\"search_term_string\"}}],\"inLanguage\":\"pt-BR\"},{\"@type\":\"Organization\",\"@id\":\"https:\\\/\\\/www.fatosefotosnews.com.br\\\/#organization\",\"name\":\"Fatos e Fotos News\",\"url\":\"https:\\\/\\\/www.fatosefotosnews.com.br\\\/\",\"logo\":{\"@type\":\"ImageObject\",\"inLanguage\":\"pt-BR\",\"@id\":\"https:\\\/\\\/www.fatosefotosnews.com.br\\\/#\\\/schema\\\/logo\\\/image\\\/\",\"url\":\"https:\\\/\\\/www.fatosefotosnews.com.br\\\/wp-content\\\/uploads\\\/2023\\\/02\\\/Fatos-e-Fotos-news-logo.png\",\"contentUrl\":\"https:\\\/\\\/www.fatosefotosnews.com.br\\\/wp-content\\\/uploads\\\/2023\\\/02\\\/Fatos-e-Fotos-news-logo.png\",\"width\":300,\"height\":58,\"caption\":\"Fatos e Fotos News\"},\"image\":{\"@id\":\"https:\\\/\\\/www.fatosefotosnews.com.br\\\/#\\\/schema\\\/logo\\\/image\\\/\"}},{\"@type\":\"Person\",\"@id\":\"https:\\\/\\\/www.fatosefotosnews.com.br\\\/#\\\/schema\\\/person\\\/3b80f81d08670fb1f6690e07eb8b5dc6\",\"name\":\"Da Reda\u00e7\u00e3o\",\"image\":{\"@type\":\"ImageObject\",\"inLanguage\":\"pt-BR\",\"@id\":\"https:\\\/\\\/secure.gravatar.com\\\/avatar\\\/696d39935a657bf0fc95044dbc9f912520430a0eb6dd46c85dd97eb6483b249b?s=96&d=mm&r=g\",\"url\":\"https:\\\/\\\/secure.gravatar.com\\\/avatar\\\/696d39935a657bf0fc95044dbc9f912520430a0eb6dd46c85dd97eb6483b249b?s=96&d=mm&r=g\",\"contentUrl\":\"https:\\\/\\\/secure.gravatar.com\\\/avatar\\\/696d39935a657bf0fc95044dbc9f912520430a0eb6dd46c85dd97eb6483b249b?s=96&d=mm&r=g\",\"caption\":\"Da Reda\u00e7\u00e3o\"},\"url\":\"https:\\\/\\\/www.fatosefotosnews.com.br\\\/?author=5\"}]}<\/script>\n<!-- \/ Yoast SEO plugin. -->","yoast_head_json":{"title":"Fala MDS: segundo epis\u00f3dio da s\u00e9rie com o CNAS explica atua\u00e7\u00e3o dos conselhos nas pol\u00edticas de assist\u00eancia social","description":"Fala MDS: segundo epis\u00f3dio da s\u00e9rie com o CNAS explica atua\u00e7\u00e3o dos conselhos nas pol\u00edticas de assist\u00eancia social","robots":{"index":"index","follow":"follow","max-snippet":"max-snippet:-1","max-image-preview":"max-image-preview:large","max-video-preview":"max-video-preview:-1"},"canonical":"https:\/\/www.fatosefotosnews.com.br\/?p=135597","og_locale":"pt_BR","og_type":"article","og_title":"Fala MDS: segundo epis\u00f3dio da s\u00e9rie com o CNAS explica atua\u00e7\u00e3o dos conselhos nas pol\u00edticas de assist\u00eancia social","og_description":"Fala MDS: segundo epis\u00f3dio da s\u00e9rie com o CNAS explica atua\u00e7\u00e3o dos conselhos nas pol\u00edticas de assist\u00eancia social","og_url":"https:\/\/www.fatosefotosnews.com.br\/?p=135597","og_site_name":"Fatos e Fotos News","article_published_time":"2025-08-01T15:30:06+00:00","og_image":[{"width":1024,"height":682,"url":"https:\/\/www.fatosefotosnews.com.br\/wp-content\/uploads\/2025\/08\/7afa8222a150af522fb391c5f6bae5ac.png","type":"image\/png"}],"author":"Da Reda\u00e7\u00e3o","twitter_card":"summary_large_image","twitter_misc":{"Escrito por":"Da Reda\u00e7\u00e3o","Est. tempo de leitura":"99 minutos"},"schema":{"@context":"https:\/\/schema.org","@graph":[{"@type":"Article","@id":"https:\/\/www.fatosefotosnews.com.br\/?p=135597#article","isPartOf":{"@id":"https:\/\/www.fatosefotosnews.com.br\/?p=135597"},"author":{"name":"Da Reda\u00e7\u00e3o","@id":"https:\/\/www.fatosefotosnews.com.br\/#\/schema\/person\/3b80f81d08670fb1f6690e07eb8b5dc6"},"headline":"Fala MDS: segundo epis\u00f3dio da s\u00e9rie com o CNAS explica atua\u00e7\u00e3o dos conselhos nas pol\u00edticas de assist\u00eancia social","datePublished":"2025-08-01T15:30:06+00:00","mainEntityOfPage":{"@id":"https:\/\/www.fatosefotosnews.com.br\/?p=135597"},"wordCount":372,"publisher":{"@id":"https:\/\/www.fatosefotosnews.com.br\/#organization"},"image":{"@id":"https:\/\/www.fatosefotosnews.com.br\/?p=135597#primaryimage"},"thumbnailUrl":"https:\/\/www.fatosefotosnews.com.br\/wp-content\/uploads\/2025\/08\/7afa8222a150af522fb391c5f6bae5ac.png","keywords":["assistencia","conselhos","episodio","explica","politicas","segundo","serie"],"articleSection":["Geral"],"inLanguage":"pt-BR"},{"@type":"WebPage","@id":"https:\/\/www.fatosefotosnews.com.br\/?p=135597","url":"https:\/\/www.fatosefotosnews.com.br\/?p=135597","name":"Fala MDS: segundo epis\u00f3dio da s\u00e9rie com o CNAS explica atua\u00e7\u00e3o dos conselhos nas pol\u00edticas de assist\u00eancia social","isPartOf":{"@id":"https:\/\/www.fatosefotosnews.com.br\/#website"},"primaryImageOfPage":{"@id":"https:\/\/www.fatosefotosnews.com.br\/?p=135597#primaryimage"},"image":{"@id":"https:\/\/www.fatosefotosnews.com.br\/?p=135597#primaryimage"},"thumbnailUrl":"https:\/\/www.fatosefotosnews.com.br\/wp-content\/uploads\/2025\/08\/7afa8222a150af522fb391c5f6bae5ac.png","datePublished":"2025-08-01T15:30:06+00:00","description":"Fala MDS: segundo epis\u00f3dio da s\u00e9rie com o CNAS explica atua\u00e7\u00e3o dos conselhos nas pol\u00edticas de assist\u00eancia social","breadcrumb":{"@id":"https:\/\/www.fatosefotosnews.com.br\/?p=135597#breadcrumb"},"inLanguage":"pt-BR","potentialAction":[{"@type":"ReadAction","target":["https:\/\/www.fatosefotosnews.com.br\/?p=135597"]}]},{"@type":"ImageObject","inLanguage":"pt-BR","@id":"https:\/\/www.fatosefotosnews.com.br\/?p=135597#primaryimage","url":"https:\/\/www.fatosefotosnews.com.br\/wp-content\/uploads\/2025\/08\/7afa8222a150af522fb391c5f6bae5ac.png","contentUrl":"https:\/\/www.fatosefotosnews.com.br\/wp-content\/uploads\/2025\/08\/7afa8222a150af522fb391c5f6bae5ac.png","width":1024,"height":682},{"@type":"BreadcrumbList","@id":"https:\/\/www.fatosefotosnews.com.br\/?p=135597#breadcrumb","itemListElement":[{"@type":"ListItem","position":1,"name":"In\u00edcio","item":"https:\/\/www.fatosefotosnews.com.br\/"},{"@type":"ListItem","position":2,"name":"Fala MDS: segundo epis\u00f3dio da s\u00e9rie com o CNAS explica atua\u00e7\u00e3o dos conselhos nas pol\u00edticas de assist\u00eancia social"}]},{"@type":"WebSite","@id":"https:\/\/www.fatosefotosnews.com.br\/#website","url":"https:\/\/www.fatosefotosnews.com.br\/","name":"Fatos e Fotos News","description":"Um site de noticial verdadeira e confi\u00e1veis.","publisher":{"@id":"https:\/\/www.fatosefotosnews.com.br\/#organization"},"potentialAction":[{"@type":"SearchAction","target":{"@type":"EntryPoint","urlTemplate":"https:\/\/www.fatosefotosnews.com.br\/?s={search_term_string}"},"query-input":{"@type":"PropertyValueSpecification","valueRequired":true,"valueName":"search_term_string"}}],"inLanguage":"pt-BR"},{"@type":"Organization","@id":"https:\/\/www.fatosefotosnews.com.br\/#organization","name":"Fatos e Fotos News","url":"https:\/\/www.fatosefotosnews.com.br\/","logo":{"@type":"ImageObject","inLanguage":"pt-BR","@id":"https:\/\/www.fatosefotosnews.com.br\/#\/schema\/logo\/image\/","url":"https:\/\/www.fatosefotosnews.com.br\/wp-content\/uploads\/2023\/02\/Fatos-e-Fotos-news-logo.png","contentUrl":"https:\/\/www.fatosefotosnews.com.br\/wp-content\/uploads\/2023\/02\/Fatos-e-Fotos-news-logo.png","width":300,"height":58,"caption":"Fatos e Fotos News"},"image":{"@id":"https:\/\/www.fatosefotosnews.com.br\/#\/schema\/logo\/image\/"}},{"@type":"Person","@id":"https:\/\/www.fatosefotosnews.com.br\/#\/schema\/person\/3b80f81d08670fb1f6690e07eb8b5dc6","name":"Da Reda\u00e7\u00e3o","image":{"@type":"ImageObject","inLanguage":"pt-BR","@id":"https:\/\/secure.gravatar.com\/avatar\/696d39935a657bf0fc95044dbc9f912520430a0eb6dd46c85dd97eb6483b249b?s=96&d=mm&r=g","url":"https:\/\/secure.gravatar.com\/avatar\/696d39935a657bf0fc95044dbc9f912520430a0eb6dd46c85dd97eb6483b249b?s=96&d=mm&r=g","contentUrl":"https:\/\/secure.gravatar.com\/avatar\/696d39935a657bf0fc95044dbc9f912520430a0eb6dd46c85dd97eb6483b249b?s=96&d=mm&r=g","caption":"Da Reda\u00e7\u00e3o"},"url":"https:\/\/www.fatosefotosnews.com.br\/?author=5"}]}},"jetpack_publicize_connections":[],"blog_post_layout_featured_media_urls":{"thumbnail":["https:\/\/www.fatosefotosnews.com.br\/wp-content\/uploads\/2025\/08\/7afa8222a150af522fb391c5f6bae5ac-150x150.png",150,150,true],"full":["https:\/\/www.fatosefotosnews.com.br\/wp-content\/uploads\/2025\/08\/7afa8222a150af522fb391c5f6bae5ac.png",1024,682,false]},"categories_names":{"167":{"name":"Geral","link":"https:\/\/www.fatosefotosnews.com.br\/?cat=167"}},"tags_names":{"6276":{"name":"assistencia","link":"https:\/\/www.fatosefotosnews.com.br\/?tag=assistencia"},"4931":{"name":"conselhos","link":"https:\/\/www.fatosefotosnews.com.br\/?tag=conselhos"},"9759":{"name":"episodio","link":"https:\/\/www.fatosefotosnews.com.br\/?tag=episodio"},"1591":{"name":"explica","link":"https:\/\/www.fatosefotosnews.com.br\/?tag=explica"},"2074":{"name":"politicas","link":"https:\/\/www.fatosefotosnews.com.br\/?tag=politicas"},"1279":{"name":"segundo","link":"https:\/\/www.fatosefotosnews.com.br\/?tag=segundo"},"557":{"name":"serie","link":"https:\/\/www.fatosefotosnews.com.br\/?tag=serie"}},"comments_number":"0","wpmagazine_modules_lite_featured_media_urls":{"thumbnail":["https:\/\/www.fatosefotosnews.com.br\/wp-content\/uploads\/2025\/08\/7afa8222a150af522fb391c5f6bae5ac-150x150.png",150,150,true],"cvmm-medium":["https:\/\/www.fatosefotosnews.com.br\/wp-content\/uploads\/2025\/08\/7afa8222a150af522fb391c5f6bae5ac-300x300.png",300,300,true],"cvmm-medium-plus":["https:\/\/www.fatosefotosnews.com.br\/wp-content\/uploads\/2025\/08\/7afa8222a150af522fb391c5f6bae5ac-305x207.png",305,207,true],"cvmm-portrait":["https:\/\/www.fatosefotosnews.com.br\/wp-content\/uploads\/2025\/08\/7afa8222a150af522fb391c5f6bae5ac-400x600.png",400,600,true],"cvmm-medium-square":["https:\/\/www.fatosefotosnews.com.br\/wp-content\/uploads\/2025\/08\/7afa8222a150af522fb391c5f6bae5ac-600x600.png",600,600,true],"cvmm-large":["https:\/\/www.fatosefotosnews.com.br\/wp-content\/uploads\/2025\/08\/7afa8222a150af522fb391c5f6bae5ac.png",1024,682,false],"cvmm-small":["https:\/\/www.fatosefotosnews.com.br\/wp-content\/uploads\/2025\/08\/7afa8222a150af522fb391c5f6bae5ac-130x95.png",130,95,true],"full":["https:\/\/www.fatosefotosnews.com.br\/wp-content\/uploads\/2025\/08\/7afa8222a150af522fb391c5f6bae5ac.png",1024,682,false]},"_links":{"self":[{"href":"https:\/\/www.fatosefotosnews.com.br\/index.php?rest_route=\/wp\/v2\/posts\/135597","targetHints":{"allow":["GET"]}}],"collection":[{"href":"https:\/\/www.fatosefotosnews.com.br\/index.php?rest_route=\/wp\/v2\/posts"}],"about":[{"href":"https:\/\/www.fatosefotosnews.com.br\/index.php?rest_route=\/wp\/v2\/types\/post"}],"author":[{"embeddable":true,"href":"https:\/\/www.fatosefotosnews.com.br\/index.php?rest_route=\/wp\/v2\/users\/5"}],"replies":[{"embeddable":true,"href":"https:\/\/www.fatosefotosnews.com.br\/index.php?rest_route=%2Fwp%2Fv2%2Fcomments&post=135597"}],"version-history":[{"count":0,"href":"https:\/\/www.fatosefotosnews.com.br\/index.php?rest_route=\/wp\/v2\/posts\/135597\/revisions"}],"wp:featuredmedia":[{"embeddable":true,"href":"https:\/\/www.fatosefotosnews.com.br\/index.php?rest_route=\/wp\/v2\/media\/135598"}],"wp:attachment":[{"href":"https:\/\/www.fatosefotosnews.com.br\/index.php?rest_route=%2Fwp%2Fv2%2Fmedia&parent=135597"}],"wp:term":[{"taxonomy":"category","embeddable":true,"href":"https:\/\/www.fatosefotosnews.com.br\/index.php?rest_route=%2Fwp%2Fv2%2Fcategories&post=135597"},{"taxonomy":"post_tag","embeddable":true,"href":"https:\/\/www.fatosefotosnews.com.br\/index.php?rest_route=%2Fwp%2Fv2%2Ftags&post=135597"}],"curies":[{"name":"wp","href":"https:\/\/api.w.org\/{rel}","templated":true}]}}