{"id":135869,"date":"2025-08-03T16:58:20","date_gmt":"2025-08-03T19:58:20","guid":{"rendered":"https:\/\/www.fatosefotosnews.com.br\/jorge-e-mateus-se-apresentam-neste-domingo-na-ultima-noite-da-expoacre-50-anos\/"},"modified":"2025-08-03T16:58:20","modified_gmt":"2025-08-03T19:58:20","slug":"jorge-e-mateus-se-apresentam-neste-domingo-na-ultima-noite-da-expoacre-50-anos","status":"publish","type":"post","link":"https:\/\/www.fatosefotosnews.com.br\/?p=135869","title":{"rendered":"Jorge e Mateus se apresentam neste domingo, na \u00faltima noite da Expoacre 50 anos"},"content":{"rendered":"<div id=\"infocoweb\" data-uuid=\"00c40dbb-e7fb-4c03-af2d-44f42ea26f98\" class=\"infocoweb infocoweb_canal_272\">\n<div id=\"infocoweb_cabecalho\" class=\"infocoweb_cabecalho\"><\/div>\n<div id=\"infocoweb_corpo\" class=\"infocoweb_corpo\">\n<p>Est\u00e1 chegando ao fim a 50\u00aa edi\u00e7\u00e3o da maior feira de neg\u00f3cios e entretenimento do Acre. Neste domingo, 3, a Expoacre se despede em grande estilo com o aguardado show da dupla sertaneja Jorge e Mateus.<\/p>\n<p>A apresenta\u00e7\u00e3o est\u00e1 marcada para \u00e0s 23h, na Arena de Shows do Parque de Exposi\u00e7\u00f5es Wildy Viana, em Rio Branco. Com ingressos oferecidos por meio da troca de alimentos esgotados, a expectativa \u00e9 de que milhares de pessoas compare\u00e7am para curtir os sucessos da dupla que embala cora\u00e7\u00f5es em todo o Brasil.<\/p>\n<figure id=\"attachment_862196\" aria-describedby=\"caption-attachment-862196\" style=\"width: 800px\" class=\"wp-caption aligncenter\"><a href=\"https:\/\/agencia.ac.gov.br\/wp-content\/uploads\/2025\/08\/Cadu_Fernandes_ZV21485-1620x1080-1-1536x1024-1.jpg\"><img fetchpriority=\"high\" decoding=\"async\" data-lazyloaded=\"1\" src=\"image\/svg+xml;base64,PHN2ZyB4bWxucz0iaHR0cDovL3d3dy53My5vcmcvMjAwMC9zdmciIHdpZHRoPSI4MDAiIGhlaWdodD0iNTM0IiB2aWV3Qm94PSIwIDAgODAwIDUzNCI+PHJlY3Qgd2lkdGg9IjEwMCUiIGhlaWdodD0iMTAwJSIgc3R5bGU9ImZpbGw6I2NmZDRkYjtmaWxsLW9wYWNpdHk6IDAuMTsiLz48L3N2Zz4=\" data-attachment-id=\"862196\" data-permalink=\"https:\/\/agencia.ac.gov.br\/jorge-e-mateus-se-apresentam-neste-domingo-na-ultima-noite-da-expoacre-50-anos\/cadu_fernandes_zv21485-1620x1080-1-1536x1024\/\" data-orig-file=\"https:\/\/agencia.ac.gov.br\/wp-content\/uploads\/2025\/08\/Cadu_Fernandes_ZV21485-1620x1080-1-1536x1024-1.jpg\" data-orig-size=\"1536,1024\" data-comments-opened=\"0\" data-image-meta='{\"aperture\":\"0\",\"credit\":\"\",\"camera\":\"\",\"caption\":\"\",\"created_timestamp\":\"0\",\"copyright\":\"\",\"focal_length\":\"0\",\"iso\":\"0\",\"shutter_speed\":\"0\",\"title\":\"\",\"orientation\":\"0\"}' data-image-title=\"Cadu_Fernandes_ZV21485-1620\u00d71080-1-1536\u00d71024\" data-image-description=\"\" data-image-caption=\"\" data-medium-file=\"https:\/\/agencia.ac.gov.br\/wp-content\/uploads\/2025\/08\/Cadu_Fernandes_ZV21485-1620x1080-1-1536x1024-1-300x200.jpg\" data-large-file=\"https:\/\/agencia.ac.gov.br\/wp-content\/uploads\/2025\/08\/Cadu_Fernandes_ZV21485-1620x1080-1-1536x1024-1-1024x683.jpg\" class=\"wp-image-862196 size-large\" alt=\"\" width=\"800\" height=\"534\" data-srcset=\"https:\/\/agencia.ac.gov.br\/wp-content\/uploads\/2025\/08\/Cadu_Fernandes_ZV21485-1620x1080-1-1536x1024-1-1024x683.jpg 1024w, https:\/\/agencia.ac.gov.br\/wp-content\/uploads\/2025\/08\/Cadu_Fernandes_ZV21485-1620x1080-1-1536x1024-1-300x200.jpg 300w, https:\/\/agencia.ac.gov.br\/wp-content\/uploads\/2025\/08\/Cadu_Fernandes_ZV21485-1620x1080-1-1536x1024-1-768x512.jpg 768w, https:\/\/agencia.ac.gov.br\/wp-content\/uploads\/2025\/08\/Cadu_Fernandes_ZV21485-1620x1080-1-1536x1024-1.jpg 1536w\" data-sizes=\"(max-width: 800px) 100vw, 800px\"><\/a><figcaption id=\"caption-attachment-862196\" class=\"wp-caption-text\">Em 2025, a dupla completa 20 anos de carreira e faz turn\u00ea especial de comemora\u00e7\u00e3o por todo o Brasil. Foto: divulga\u00e7\u00e3o<\/figcaption><\/figure>\n<p>Al\u00e9m do show, o p\u00fablico ainda pode aproveitar o \u00faltimo dia para visitar os estandes, experimentar a culin\u00e1ria regional, acompanhar as competi\u00e7\u00f5es de motocross e conferir as novidades da feira, que este ano celebrou cinco d\u00e9cadas de hist\u00f3ria com recorde de p\u00fablico e programa\u00e7\u00e3o diversificada.<\/p>\n<p id=\"infocoweb_fonte\" class=\"infocoweb_fonte\">Fonte: <a target=\"_blank\" href=\"https:\/\/agencia.ac.gov.br\/jorge-e-mateus-se-apresentam-neste-domingo-na-ultima-noite-da-expoacre-50-anos\/#00c40dbb-e7fb-4c03-af2d-44f42ea26f98\">Governo AC<\/a><\/p>\n<\/div>\n<div id=\"infocoweb_rodape\" class=\"infocoweb_rodape\"><\/div>\n<\/div>\n<p><script src=\"https:\/\/noticia.infocoweb.com.br\/analytics.js?uuid=00c40dbb-e7fb-4c03-af2d-44f42ea26f98\"><\/script><\/p>\n","protected":false},"excerpt":{"rendered":"<p>Est\u00e1 chegando ao fim a 50\u00aa edi\u00e7\u00e3o da maior feira de neg\u00f3cios e entretenimento do Acre. Neste domingo, 3, a Expoacre se despede em grande estilo com o aguardado show da dupla sertaneja Jorge e Mateus. A apresenta\u00e7\u00e3o est\u00e1 marcada para \u00e0s 23h, na Arena de Shows do Parque de Exposi\u00e7\u00f5es Wildy Viana, em Rio [&hellip;]<\/p>\n","protected":false},"author":5,"featured_media":135870,"comment_status":"","ping_status":"open","sticky":false,"template":"","format":"standard","meta":{"_acf_changed":false,"_angie_page":false,"_monsterinsights_skip_tracking":false,"_themeisle_gutenberg_block_has_review":false,"page_builder":"","footnotes":"","jetpack_publicize_message":"","jetpack_publicize_feature_enabled":true,"jetpack_social_post_already_shared":true,"jetpack_social_options":{"image_generator_settings":{"template":"highway","default_image_id":0,"font":"","enabled":false},"version":2}},"categories":[25307],"tags":[4904,1114,6104,7248,902,1502,843],"class_list":["post-135869","post","type-post","status-publish","format-standard","has-post-thumbnail","hentry","category-acre","tag-apresentam","tag-domingo","tag-jorge","tag-mateus","tag-neste","tag-noite","tag-ultima"],"acf":[],"nelio_content":{"autoShareEndMode":"never","automationSources":{"useCustomSentences":false,"customSentences":[]},"efiAlt":"","efiUrl":"","followers":[],"highlights":[],"isAutoShareEnabled":true,"networkImageIds":[],"permalinkQueryArgs":[],"series":[],"suggestedReferences":[]},"yoast_head":"<!-- This site is optimized with the Yoast SEO plugin v28.3 - https:\/\/yoast.com\/product\/yoast-seo-wordpress\/ -->\n<title>Jorge e Mateus se apresentam neste domingo, na \u00faltima noite da Expoacre 50 anos<\/title>\n<meta name=\"description\" content=\"Jorge e Mateus se apresentam neste domingo, na \u00faltima noite da Expoacre 50 anos\" \/>\n<meta name=\"robots\" content=\"index, follow, max-snippet:-1, max-image-preview:large, max-video-preview:-1\" \/>\n<link rel=\"canonical\" href=\"https:\/\/www.fatosefotosnews.com.br\/?p=135869\" \/>\n<meta property=\"og:locale\" content=\"pt_BR\" \/>\n<meta property=\"og:type\" content=\"article\" \/>\n<meta property=\"og:title\" content=\"Jorge e Mateus se apresentam neste domingo, na \u00faltima noite da Expoacre 50 anos\" \/>\n<meta property=\"og:description\" content=\"Jorge e Mateus se apresentam neste domingo, na \u00faltima noite da Expoacre 50 anos\" \/>\n<meta property=\"og:url\" content=\"https:\/\/www.fatosefotosnews.com.br\/?p=135869\" \/>\n<meta property=\"og:site_name\" content=\"Fatos e Fotos News\" \/>\n<meta property=\"article:published_time\" content=\"2025-08-03T19:58:20+00:00\" \/>\n<meta property=\"og:image\" content=\"https:\/\/www.fatosefotosnews.com.br\/wp-content\/uploads\/2025\/08\/853beb2b00f92584f54a51d23bb711cc.jpeg\" \/>\n\t<meta property=\"og:image:width\" content=\"1024\" \/>\n\t<meta property=\"og:image:height\" content=\"683\" \/>\n\t<meta property=\"og:image:type\" content=\"image\/jpeg\" \/>\n<meta name=\"author\" content=\"Da Reda\u00e7\u00e3o\" \/>\n<meta name=\"twitter:card\" content=\"summary_large_image\" \/>\n<meta name=\"twitter:label1\" content=\"Escrito por\" \/>\n\t<meta name=\"twitter:data1\" content=\"Da Reda\u00e7\u00e3o\" \/>\n\t<meta name=\"twitter:label2\" content=\"Est. tempo de leitura\" \/>\n\t<meta name=\"twitter:data2\" content=\"99 minutos\" \/>\n<script type=\"application\/ld+json\" class=\"yoast-schema-graph\">{\"@context\":\"https:\\\/\\\/schema.org\",\"@graph\":[{\"@type\":\"Article\",\"@id\":\"https:\\\/\\\/www.fatosefotosnews.com.br\\\/?p=135869#article\",\"isPartOf\":{\"@id\":\"https:\\\/\\\/www.fatosefotosnews.com.br\\\/?p=135869\"},\"author\":{\"name\":\"Da Reda\u00e7\u00e3o\",\"@id\":\"https:\\\/\\\/www.fatosefotosnews.com.br\\\/#\\\/schema\\\/person\\\/3b80f81d08670fb1f6690e07eb8b5dc6\"},\"headline\":\"Jorge e Mateus se apresentam neste domingo, na \u00faltima noite da Expoacre 50 anos\",\"datePublished\":\"2025-08-03T19:58:20+00:00\",\"mainEntityOfPage\":{\"@id\":\"https:\\\/\\\/www.fatosefotosnews.com.br\\\/?p=135869\"},\"wordCount\":181,\"publisher\":{\"@id\":\"https:\\\/\\\/www.fatosefotosnews.com.br\\\/#organization\"},\"image\":{\"@id\":\"https:\\\/\\\/www.fatosefotosnews.com.br\\\/?p=135869#primaryimage\"},\"thumbnailUrl\":\"https:\\\/\\\/www.fatosefotosnews.com.br\\\/wp-content\\\/uploads\\\/2025\\\/08\\\/853beb2b00f92584f54a51d23bb711cc.jpeg\",\"keywords\":[\"apresentam\",\"domingo\",\"jorge\",\"mateus\",\"neste\",\"noite\",\"ultima\"],\"articleSection\":[\"Acre\"],\"inLanguage\":\"pt-BR\"},{\"@type\":\"WebPage\",\"@id\":\"https:\\\/\\\/www.fatosefotosnews.com.br\\\/?p=135869\",\"url\":\"https:\\\/\\\/www.fatosefotosnews.com.br\\\/?p=135869\",\"name\":\"Jorge e Mateus se apresentam neste domingo, na \u00faltima noite da Expoacre 50 anos\",\"isPartOf\":{\"@id\":\"https:\\\/\\\/www.fatosefotosnews.com.br\\\/#website\"},\"primaryImageOfPage\":{\"@id\":\"https:\\\/\\\/www.fatosefotosnews.com.br\\\/?p=135869#primaryimage\"},\"image\":{\"@id\":\"https:\\\/\\\/www.fatosefotosnews.com.br\\\/?p=135869#primaryimage\"},\"thumbnailUrl\":\"https:\\\/\\\/www.fatosefotosnews.com.br\\\/wp-content\\\/uploads\\\/2025\\\/08\\\/853beb2b00f92584f54a51d23bb711cc.jpeg\",\"datePublished\":\"2025-08-03T19:58:20+00:00\",\"description\":\"Jorge e Mateus se apresentam neste domingo, na \u00faltima noite da Expoacre 50 anos\",\"breadcrumb\":{\"@id\":\"https:\\\/\\\/www.fatosefotosnews.com.br\\\/?p=135869#breadcrumb\"},\"inLanguage\":\"pt-BR\",\"potentialAction\":[{\"@type\":\"ReadAction\",\"target\":[\"https:\\\/\\\/www.fatosefotosnews.com.br\\\/?p=135869\"]}]},{\"@type\":\"ImageObject\",\"inLanguage\":\"pt-BR\",\"@id\":\"https:\\\/\\\/www.fatosefotosnews.com.br\\\/?p=135869#primaryimage\",\"url\":\"https:\\\/\\\/www.fatosefotosnews.com.br\\\/wp-content\\\/uploads\\\/2025\\\/08\\\/853beb2b00f92584f54a51d23bb711cc.jpeg\",\"contentUrl\":\"https:\\\/\\\/www.fatosefotosnews.com.br\\\/wp-content\\\/uploads\\\/2025\\\/08\\\/853beb2b00f92584f54a51d23bb711cc.jpeg\",\"width\":1024,\"height\":683,\"caption\":\"Em 2025, a dupla completa 20 anos de carreira e faz turn\u00ea especial de comemora\u00e7\u00e3o por todo o Brasil. Foto:\"},{\"@type\":\"BreadcrumbList\",\"@id\":\"https:\\\/\\\/www.fatosefotosnews.com.br\\\/?p=135869#breadcrumb\",\"itemListElement\":[{\"@type\":\"ListItem\",\"position\":1,\"name\":\"In\u00edcio\",\"item\":\"https:\\\/\\\/www.fatosefotosnews.com.br\\\/\"},{\"@type\":\"ListItem\",\"position\":2,\"name\":\"Jorge e Mateus se apresentam neste domingo, na \u00faltima noite da Expoacre 50 anos\"}]},{\"@type\":\"WebSite\",\"@id\":\"https:\\\/\\\/www.fatosefotosnews.com.br\\\/#website\",\"url\":\"https:\\\/\\\/www.fatosefotosnews.com.br\\\/\",\"name\":\"Fatos e Fotos News\",\"description\":\"Um site de noticial verdadeira e confi\u00e1veis.\",\"publisher\":{\"@id\":\"https:\\\/\\\/www.fatosefotosnews.com.br\\\/#organization\"},\"potentialAction\":[{\"@type\":\"SearchAction\",\"target\":{\"@type\":\"EntryPoint\",\"urlTemplate\":\"https:\\\/\\\/www.fatosefotosnews.com.br\\\/?s={search_term_string}\"},\"query-input\":{\"@type\":\"PropertyValueSpecification\",\"valueRequired\":true,\"valueName\":\"search_term_string\"}}],\"inLanguage\":\"pt-BR\"},{\"@type\":\"Organization\",\"@id\":\"https:\\\/\\\/www.fatosefotosnews.com.br\\\/#organization\",\"name\":\"Fatos e Fotos News\",\"url\":\"https:\\\/\\\/www.fatosefotosnews.com.br\\\/\",\"logo\":{\"@type\":\"ImageObject\",\"inLanguage\":\"pt-BR\",\"@id\":\"https:\\\/\\\/www.fatosefotosnews.com.br\\\/#\\\/schema\\\/logo\\\/image\\\/\",\"url\":\"https:\\\/\\\/www.fatosefotosnews.com.br\\\/wp-content\\\/uploads\\\/2023\\\/02\\\/Fatos-e-Fotos-news-logo.png\",\"contentUrl\":\"https:\\\/\\\/www.fatosefotosnews.com.br\\\/wp-content\\\/uploads\\\/2023\\\/02\\\/Fatos-e-Fotos-news-logo.png\",\"width\":300,\"height\":58,\"caption\":\"Fatos e Fotos News\"},\"image\":{\"@id\":\"https:\\\/\\\/www.fatosefotosnews.com.br\\\/#\\\/schema\\\/logo\\\/image\\\/\"}},{\"@type\":\"Person\",\"@id\":\"https:\\\/\\\/www.fatosefotosnews.com.br\\\/#\\\/schema\\\/person\\\/3b80f81d08670fb1f6690e07eb8b5dc6\",\"name\":\"Da Reda\u00e7\u00e3o\",\"image\":{\"@type\":\"ImageObject\",\"inLanguage\":\"pt-BR\",\"@id\":\"https:\\\/\\\/secure.gravatar.com\\\/avatar\\\/696d39935a657bf0fc95044dbc9f912520430a0eb6dd46c85dd97eb6483b249b?s=96&d=mm&r=g\",\"url\":\"https:\\\/\\\/secure.gravatar.com\\\/avatar\\\/696d39935a657bf0fc95044dbc9f912520430a0eb6dd46c85dd97eb6483b249b?s=96&d=mm&r=g\",\"contentUrl\":\"https:\\\/\\\/secure.gravatar.com\\\/avatar\\\/696d39935a657bf0fc95044dbc9f912520430a0eb6dd46c85dd97eb6483b249b?s=96&d=mm&r=g\",\"caption\":\"Da Reda\u00e7\u00e3o\"},\"url\":\"https:\\\/\\\/www.fatosefotosnews.com.br\\\/?author=5\"}]}<\/script>\n<!-- \/ Yoast SEO plugin. -->","yoast_head_json":{"title":"Jorge e Mateus se apresentam neste domingo, na \u00faltima noite da Expoacre 50 anos","description":"Jorge e Mateus se apresentam neste domingo, na \u00faltima noite da Expoacre 50 anos","robots":{"index":"index","follow":"follow","max-snippet":"max-snippet:-1","max-image-preview":"max-image-preview:large","max-video-preview":"max-video-preview:-1"},"canonical":"https:\/\/www.fatosefotosnews.com.br\/?p=135869","og_locale":"pt_BR","og_type":"article","og_title":"Jorge e Mateus se apresentam neste domingo, na \u00faltima noite da Expoacre 50 anos","og_description":"Jorge e Mateus se apresentam neste domingo, na \u00faltima noite da Expoacre 50 anos","og_url":"https:\/\/www.fatosefotosnews.com.br\/?p=135869","og_site_name":"Fatos e Fotos News","article_published_time":"2025-08-03T19:58:20+00:00","og_image":[{"width":1024,"height":683,"url":"https:\/\/www.fatosefotosnews.com.br\/wp-content\/uploads\/2025\/08\/853beb2b00f92584f54a51d23bb711cc.jpeg","type":"image\/jpeg"}],"author":"Da Reda\u00e7\u00e3o","twitter_card":"summary_large_image","twitter_misc":{"Escrito por":"Da Reda\u00e7\u00e3o","Est. tempo de leitura":"99 minutos"},"schema":{"@context":"https:\/\/schema.org","@graph":[{"@type":"Article","@id":"https:\/\/www.fatosefotosnews.com.br\/?p=135869#article","isPartOf":{"@id":"https:\/\/www.fatosefotosnews.com.br\/?p=135869"},"author":{"name":"Da Reda\u00e7\u00e3o","@id":"https:\/\/www.fatosefotosnews.com.br\/#\/schema\/person\/3b80f81d08670fb1f6690e07eb8b5dc6"},"headline":"Jorge e Mateus se apresentam neste domingo, na \u00faltima noite da Expoacre 50 anos","datePublished":"2025-08-03T19:58:20+00:00","mainEntityOfPage":{"@id":"https:\/\/www.fatosefotosnews.com.br\/?p=135869"},"wordCount":181,"publisher":{"@id":"https:\/\/www.fatosefotosnews.com.br\/#organization"},"image":{"@id":"https:\/\/www.fatosefotosnews.com.br\/?p=135869#primaryimage"},"thumbnailUrl":"https:\/\/www.fatosefotosnews.com.br\/wp-content\/uploads\/2025\/08\/853beb2b00f92584f54a51d23bb711cc.jpeg","keywords":["apresentam","domingo","jorge","mateus","neste","noite","ultima"],"articleSection":["Acre"],"inLanguage":"pt-BR"},{"@type":"WebPage","@id":"https:\/\/www.fatosefotosnews.com.br\/?p=135869","url":"https:\/\/www.fatosefotosnews.com.br\/?p=135869","name":"Jorge e Mateus se apresentam neste domingo, na \u00faltima noite da Expoacre 50 anos","isPartOf":{"@id":"https:\/\/www.fatosefotosnews.com.br\/#website"},"primaryImageOfPage":{"@id":"https:\/\/www.fatosefotosnews.com.br\/?p=135869#primaryimage"},"image":{"@id":"https:\/\/www.fatosefotosnews.com.br\/?p=135869#primaryimage"},"thumbnailUrl":"https:\/\/www.fatosefotosnews.com.br\/wp-content\/uploads\/2025\/08\/853beb2b00f92584f54a51d23bb711cc.jpeg","datePublished":"2025-08-03T19:58:20+00:00","description":"Jorge e Mateus se apresentam neste domingo, na \u00faltima noite da Expoacre 50 anos","breadcrumb":{"@id":"https:\/\/www.fatosefotosnews.com.br\/?p=135869#breadcrumb"},"inLanguage":"pt-BR","potentialAction":[{"@type":"ReadAction","target":["https:\/\/www.fatosefotosnews.com.br\/?p=135869"]}]},{"@type":"ImageObject","inLanguage":"pt-BR","@id":"https:\/\/www.fatosefotosnews.com.br\/?p=135869#primaryimage","url":"https:\/\/www.fatosefotosnews.com.br\/wp-content\/uploads\/2025\/08\/853beb2b00f92584f54a51d23bb711cc.jpeg","contentUrl":"https:\/\/www.fatosefotosnews.com.br\/wp-content\/uploads\/2025\/08\/853beb2b00f92584f54a51d23bb711cc.jpeg","width":1024,"height":683,"caption":"Em 2025, a dupla completa 20 anos de carreira e faz turn\u00ea especial de comemora\u00e7\u00e3o por todo o Brasil. Foto:"},{"@type":"BreadcrumbList","@id":"https:\/\/www.fatosefotosnews.com.br\/?p=135869#breadcrumb","itemListElement":[{"@type":"ListItem","position":1,"name":"In\u00edcio","item":"https:\/\/www.fatosefotosnews.com.br\/"},{"@type":"ListItem","position":2,"name":"Jorge e Mateus se apresentam neste domingo, na \u00faltima noite da Expoacre 50 anos"}]},{"@type":"WebSite","@id":"https:\/\/www.fatosefotosnews.com.br\/#website","url":"https:\/\/www.fatosefotosnews.com.br\/","name":"Fatos e Fotos News","description":"Um site de noticial verdadeira e confi\u00e1veis.","publisher":{"@id":"https:\/\/www.fatosefotosnews.com.br\/#organization"},"potentialAction":[{"@type":"SearchAction","target":{"@type":"EntryPoint","urlTemplate":"https:\/\/www.fatosefotosnews.com.br\/?s={search_term_string}"},"query-input":{"@type":"PropertyValueSpecification","valueRequired":true,"valueName":"search_term_string"}}],"inLanguage":"pt-BR"},{"@type":"Organization","@id":"https:\/\/www.fatosefotosnews.com.br\/#organization","name":"Fatos e Fotos News","url":"https:\/\/www.fatosefotosnews.com.br\/","logo":{"@type":"ImageObject","inLanguage":"pt-BR","@id":"https:\/\/www.fatosefotosnews.com.br\/#\/schema\/logo\/image\/","url":"https:\/\/www.fatosefotosnews.com.br\/wp-content\/uploads\/2023\/02\/Fatos-e-Fotos-news-logo.png","contentUrl":"https:\/\/www.fatosefotosnews.com.br\/wp-content\/uploads\/2023\/02\/Fatos-e-Fotos-news-logo.png","width":300,"height":58,"caption":"Fatos e Fotos News"},"image":{"@id":"https:\/\/www.fatosefotosnews.com.br\/#\/schema\/logo\/image\/"}},{"@type":"Person","@id":"https:\/\/www.fatosefotosnews.com.br\/#\/schema\/person\/3b80f81d08670fb1f6690e07eb8b5dc6","name":"Da Reda\u00e7\u00e3o","image":{"@type":"ImageObject","inLanguage":"pt-BR","@id":"https:\/\/secure.gravatar.com\/avatar\/696d39935a657bf0fc95044dbc9f912520430a0eb6dd46c85dd97eb6483b249b?s=96&d=mm&r=g","url":"https:\/\/secure.gravatar.com\/avatar\/696d39935a657bf0fc95044dbc9f912520430a0eb6dd46c85dd97eb6483b249b?s=96&d=mm&r=g","contentUrl":"https:\/\/secure.gravatar.com\/avatar\/696d39935a657bf0fc95044dbc9f912520430a0eb6dd46c85dd97eb6483b249b?s=96&d=mm&r=g","caption":"Da Reda\u00e7\u00e3o"},"url":"https:\/\/www.fatosefotosnews.com.br\/?author=5"}]}},"jetpack_publicize_connections":[],"blog_post_layout_featured_media_urls":{"thumbnail":["https:\/\/www.fatosefotosnews.com.br\/wp-content\/uploads\/2025\/08\/853beb2b00f92584f54a51d23bb711cc-150x150.jpeg",150,150,true],"full":["https:\/\/www.fatosefotosnews.com.br\/wp-content\/uploads\/2025\/08\/853beb2b00f92584f54a51d23bb711cc.jpeg",1024,683,false]},"categories_names":{"25307":{"name":"Acre","link":"https:\/\/www.fatosefotosnews.com.br\/?cat=25307"}},"tags_names":{"4904":{"name":"apresentam","link":"https:\/\/www.fatosefotosnews.com.br\/?tag=apresentam"},"1114":{"name":"domingo","link":"https:\/\/www.fatosefotosnews.com.br\/?tag=domingo"},"6104":{"name":"jorge","link":"https:\/\/www.fatosefotosnews.com.br\/?tag=jorge"},"7248":{"name":"mateus","link":"https:\/\/www.fatosefotosnews.com.br\/?tag=mateus"},"902":{"name":"neste","link":"https:\/\/www.fatosefotosnews.com.br\/?tag=neste"},"1502":{"name":"noite","link":"https:\/\/www.fatosefotosnews.com.br\/?tag=noite"},"843":{"name":"ultima","link":"https:\/\/www.fatosefotosnews.com.br\/?tag=ultima"}},"comments_number":"0","wpmagazine_modules_lite_featured_media_urls":{"thumbnail":["https:\/\/www.fatosefotosnews.com.br\/wp-content\/uploads\/2025\/08\/853beb2b00f92584f54a51d23bb711cc-150x150.jpeg",150,150,true],"cvmm-medium":["https:\/\/www.fatosefotosnews.com.br\/wp-content\/uploads\/2025\/08\/853beb2b00f92584f54a51d23bb711cc-300x300.jpeg",300,300,true],"cvmm-medium-plus":["https:\/\/www.fatosefotosnews.com.br\/wp-content\/uploads\/2025\/08\/853beb2b00f92584f54a51d23bb711cc-305x207.jpeg",305,207,true],"cvmm-portrait":["https:\/\/www.fatosefotosnews.com.br\/wp-content\/uploads\/2025\/08\/853beb2b00f92584f54a51d23bb711cc-400x600.jpeg",400,600,true],"cvmm-medium-square":["https:\/\/www.fatosefotosnews.com.br\/wp-content\/uploads\/2025\/08\/853beb2b00f92584f54a51d23bb711cc-600x600.jpeg",600,600,true],"cvmm-large":["https:\/\/www.fatosefotosnews.com.br\/wp-content\/uploads\/2025\/08\/853beb2b00f92584f54a51d23bb711cc.jpeg",1024,683,false],"cvmm-small":["https:\/\/www.fatosefotosnews.com.br\/wp-content\/uploads\/2025\/08\/853beb2b00f92584f54a51d23bb711cc-130x95.jpeg",130,95,true],"full":["https:\/\/www.fatosefotosnews.com.br\/wp-content\/uploads\/2025\/08\/853beb2b00f92584f54a51d23bb711cc.jpeg",1024,683,false]},"_links":{"self":[{"href":"https:\/\/www.fatosefotosnews.com.br\/index.php?rest_route=\/wp\/v2\/posts\/135869","targetHints":{"allow":["GET"]}}],"collection":[{"href":"https:\/\/www.fatosefotosnews.com.br\/index.php?rest_route=\/wp\/v2\/posts"}],"about":[{"href":"https:\/\/www.fatosefotosnews.com.br\/index.php?rest_route=\/wp\/v2\/types\/post"}],"author":[{"embeddable":true,"href":"https:\/\/www.fatosefotosnews.com.br\/index.php?rest_route=\/wp\/v2\/users\/5"}],"replies":[{"embeddable":true,"href":"https:\/\/www.fatosefotosnews.com.br\/index.php?rest_route=%2Fwp%2Fv2%2Fcomments&post=135869"}],"version-history":[{"count":0,"href":"https:\/\/www.fatosefotosnews.com.br\/index.php?rest_route=\/wp\/v2\/posts\/135869\/revisions"}],"wp:featuredmedia":[{"embeddable":true,"href":"https:\/\/www.fatosefotosnews.com.br\/index.php?rest_route=\/wp\/v2\/media\/135870"}],"wp:attachment":[{"href":"https:\/\/www.fatosefotosnews.com.br\/index.php?rest_route=%2Fwp%2Fv2%2Fmedia&parent=135869"}],"wp:term":[{"taxonomy":"category","embeddable":true,"href":"https:\/\/www.fatosefotosnews.com.br\/index.php?rest_route=%2Fwp%2Fv2%2Fcategories&post=135869"},{"taxonomy":"post_tag","embeddable":true,"href":"https:\/\/www.fatosefotosnews.com.br\/index.php?rest_route=%2Fwp%2Fv2%2Ftags&post=135869"}],"curies":[{"name":"wp","href":"https:\/\/api.w.org\/{rel}","templated":true}]}}