{"id":137739,"date":"2025-08-15T09:57:20","date_gmt":"2025-08-15T12:57:20","guid":{"rendered":"https:\/\/www.fatosefotosnews.com.br\/quinto-dia-da-agenda-na-china-destaca-cooperacao-regional-e-fortalecimento-de-lacos-comerciais\/"},"modified":"2025-08-15T09:57:20","modified_gmt":"2025-08-15T12:57:20","slug":"quinto-dia-da-agenda-na-china-destaca-cooperacao-regional-e-fortalecimento-de-lacos-comerciais","status":"publish","type":"post","link":"https:\/\/www.fatosefotosnews.com.br\/?p=137739","title":{"rendered":"Quinto dia da agenda na China destaca coopera\u00e7\u00e3o regional e fortalecimento de la\u00e7os comerciais"},"content":{"rendered":"<div id=\"infocoweb\" data-uuid=\"32e7a190-7334-45be-91b2-217d4104b68d\" class=\"infocoweb infocoweb_canal_826\">\n<div id=\"infocoweb_cabecalho\" class=\"infocoweb_cabecalho\"><\/div>\n<div id=\"infocoweb_corpo\" class=\"infocoweb_corpo\">\n<p data-prosemirror-content-type=\"node\" data-prosemirror-node-name=\"paragraph\" data-prosemirror-node-block=\"true\" data-pm-slice=\"0 0 []\">Guangzhou (China) \u2013 O ministro da Integra\u00e7\u00e3o e do Desenvolvimento Regional, Waldez G\u00f3es, cumpre, nesta sexta-feira (15), o quinto dia da miss\u00e3o oficial do Governo Federal \u00e0 China. A agenda contempla encontros com autoridades locais e visitas a pontos estrat\u00e9gicos da Prov\u00edncia de Guangdong, com o objetivo de ampliar a coopera\u00e7\u00e3o regional, fortalecer rela\u00e7\u00f5es comerciais e identificar oportunidades para o desenvolvimento sustent\u00e1vel no Brasil.<\/p>\n<p data-prosemirror-content-type=\"node\" data-prosemirror-node-name=\"paragraph\" data-prosemirror-node-block=\"true\">Pela manh\u00e3, a comitiva participa de reuni\u00e3o com o vice-governador da prov\u00edncia de Guangdong, na cidade de Guangzhou. O encontro abordar\u00e1 a estrat\u00e9gia de desenvolvimento regional da Grande Ba\u00eda de Guangdong \u2014 que integra as cidades de Guangzhou, Zhuhai e Shenzhen \u2014, refer\u00eancia mundial em inova\u00e7\u00e3o, log\u00edstica e conectividade. A experi\u00eancia chinesa pode inspirar projetos estruturantes para impulsionar a competitividade e a integra\u00e7\u00e3o regional no Brasil.<\/p>\n<p data-prosemirror-content-type=\"node\" data-prosemirror-node-name=\"paragraph\" data-prosemirror-node-block=\"true\">Em seguida, a delega\u00e7\u00e3o segue para o Porto de Gaolan onde ser\u00e3o discutidas iniciativas voltadas ao fortalecimento da rota mar\u00edtima Gaolan\u2013Santana, no Amap\u00e1, ampliando o interc\u00e2mbio comercial e log\u00edstico entre o Brasil e a China.<\/p>\n<p data-prosemirror-content-type=\"node\" data-prosemirror-node-name=\"paragraph\" data-prosemirror-node-block=\"true\">No final da tarde, o ministro cumpre agenda em Zhuhai, onde ser\u00e1 recebido por autoridades municipais. A programa\u00e7\u00e3o prev\u00ea a apresenta\u00e7\u00e3o de projetos e oportunidades de coopera\u00e7\u00e3o nas \u00e1reas de bioeconomia, inova\u00e7\u00e3o e tecnologia, com foco no fortalecimento das rela\u00e7\u00f5es comerciais entre Zhuhai e o Brasil, especialmente o estado do Amap\u00e1.<\/p>\n<p data-prosemirror-content-type=\"node\" data-prosemirror-node-name=\"paragraph\" data-prosemirror-node-block=\"true\">A miss\u00e3o do ministro Waldez G\u00f3es na China tem como prop\u00f3sito ampliar parcerias estrat\u00e9gicas em setores priorit\u00e1rios para o desenvolvimento regional, incluindo seguran\u00e7a h\u00eddrica, infraestrutura, meio ambiente, log\u00edstica, inova\u00e7\u00e3o e fortalecimento da capacidade de preven\u00e7\u00e3o e resposta a desastres no Brasil.<\/p>\n<p dir=\"ltr\"><span>\u00a0<\/span><\/p>\n<hr>\n<p data-prosemirror-content-type=\"node\" data-prosemirror-node-name=\"paragraph\" data-prosemirror-node-block=\"true\"><strong><span class=\"visualHighlight\">Outras Not\u00edcias:<\/span><\/strong><\/p>\n<p data-prosemirror-content-type=\"node\" data-prosemirror-node-name=\"paragraph\" data-prosemirror-node-block=\"true\"><a href=\"https:\/\/www.gov.br\/mdr\/pt-br\/noticias\/parceria-com-banco-do-brics-mira-r-2-7-bilhoes-para-infraestrutura-e-logistica\">Parceria com Banco do BRICS mira R$ 2,7 bilh\u00f5es para infraestrutura e log\u00edstica<\/a><\/p>\n<p data-prosemirror-content-type=\"node\" data-prosemirror-node-name=\"paragraph\" data-prosemirror-node-block=\"true\"><a href=\"https:\/\/www.gov.br\/mdr\/pt-br\/noticias\/acordo-com-empresas-chinesas-ampliara-investimentos-e-renda-na-amazonia\">Acordo com empresas chinesas ampliar\u00e1 investimentos e renda na Amaz\u00f4nia<\/a><\/p>\n<p><a href=\"https:\/\/www.gov.br\/mdr\/pt-br\/noticias\/brasil-e-china-assinam-acordo-para-impulsionar-desenvolvimento-regional-sustentavel\">Brasil e China assinam acordo para impulsionar desenvolvimento regional sustent\u00e1vel<\/a><\/p>\n<p data-prosemirror-content-type=\"node\" data-prosemirror-node-name=\"paragraph\" data-prosemirror-node-block=\"true\"><a href=\"https:\/\/www.gov.br\/mdr\/pt-br\/noticias\/parceria-com-banco-do-brics-mira-r-2-7-bilhoes-para-infraestrutura-e-logistica\">\u00a0<\/a><\/p>\n<p id=\"infocoweb_fonte\" class=\"infocoweb_fonte\">Fonte: <a target=\"_blank\" href=\"https:\/\/www.gov.br\/mdr\/pt-br\/noticias\/quinto-dia-da-agenda-na-china-destaca-cooperacao-regional-e-fortalecimento-de-lacos-comerciais#32e7a190-7334-45be-91b2-217d4104b68d\">Minist\u00e9rio da Integra\u00e7\u00e3o e do Desenvolvimento Regional<\/a><\/p>\n<\/div>\n<div id=\"infocoweb_rodape\" class=\"infocoweb_rodape\"><\/div>\n<\/div>\n<p><script src=\"https:\/\/noticia.infocoweb.com.br\/analytics.js?uuid=32e7a190-7334-45be-91b2-217d4104b68d\"><\/script><\/p>\n","protected":false},"excerpt":{"rendered":"<p>Guangzhou (China) \u2013 O ministro da Integra\u00e7\u00e3o e do Desenvolvimento Regional, Waldez G\u00f3es, cumpre, nesta sexta-feira (15), o quinto dia da miss\u00e3o oficial do Governo Federal \u00e0 China. A agenda contempla encontros com autoridades locais e visitas a pontos estrat\u00e9gicos da Prov\u00edncia de Guangdong, com o objetivo de ampliar a coopera\u00e7\u00e3o regional, fortalecer rela\u00e7\u00f5es comerciais [&hellip;]<\/p>\n","protected":false},"author":5,"featured_media":137740,"comment_status":"","ping_status":"open","sticky":false,"template":"","format":"standard","meta":{"_acf_changed":false,"_angie_page":false,"_monsterinsights_skip_tracking":false,"_themeisle_gutenberg_block_has_review":false,"page_builder":"","footnotes":"","jetpack_publicize_message":"","jetpack_publicize_feature_enabled":true,"jetpack_social_post_already_shared":true,"jetpack_social_options":{"image_generator_settings":{"template":"highway","default_image_id":0,"font":"","enabled":false},"version":2}},"categories":[167],"tags":[3962,1070,5065,935,9307,7989,11199],"class_list":["post-137739","post","type-post","status-publish","format-standard","has-post-thumbnail","hentry","category-geral","tag-agenda","tag-china","tag-coopera","tag-destaca","tag-fortalecimento","tag-quinto","tag-regional"],"acf":[],"nelio_content":{"autoShareEndMode":"never","automationSources":{"useCustomSentences":false,"customSentences":[]},"efiAlt":"","efiUrl":"","followers":[],"highlights":[],"isAutoShareEnabled":true,"networkImageIds":[],"permalinkQueryArgs":[],"series":[],"suggestedReferences":[]},"yoast_head":"<!-- This site is optimized with the Yoast SEO plugin v28.3 - https:\/\/yoast.com\/product\/yoast-seo-wordpress\/ -->\n<title>Quinto dia da agenda na China destaca coopera\u00e7\u00e3o regional e fortalecimento de la\u00e7os comerciais<\/title>\n<meta name=\"description\" content=\"Quinto dia da agenda na China destaca coopera\u00e7\u00e3o regional e fortalecimento de la\u00e7os comerciais\" \/>\n<meta name=\"robots\" content=\"index, follow, max-snippet:-1, max-image-preview:large, max-video-preview:-1\" \/>\n<link rel=\"canonical\" href=\"https:\/\/www.fatosefotosnews.com.br\/?p=137739\" \/>\n<meta property=\"og:locale\" content=\"pt_BR\" \/>\n<meta property=\"og:type\" content=\"article\" \/>\n<meta property=\"og:title\" content=\"Quinto dia da agenda na China destaca coopera\u00e7\u00e3o regional e fortalecimento de la\u00e7os comerciais\" \/>\n<meta property=\"og:description\" content=\"Quinto dia da agenda na China destaca coopera\u00e7\u00e3o regional e fortalecimento de la\u00e7os comerciais\" \/>\n<meta property=\"og:url\" content=\"https:\/\/www.fatosefotosnews.com.br\/?p=137739\" \/>\n<meta property=\"og:site_name\" content=\"Fatos e Fotos News\" \/>\n<meta property=\"article:published_time\" content=\"2025-08-15T12:57:20+00:00\" \/>\n<meta property=\"og:image\" content=\"https:\/\/www.fatosefotosnews.com.br\/wp-content\/uploads\/2025\/08\/4fd52124cd7d0a6ecb06586880803ed1.png\" \/>\n\t<meta property=\"og:image:width\" content=\"1024\" \/>\n\t<meta property=\"og:image:height\" content=\"696\" \/>\n\t<meta property=\"og:image:type\" content=\"image\/png\" \/>\n<meta name=\"author\" content=\"Da Reda\u00e7\u00e3o\" \/>\n<meta name=\"twitter:card\" content=\"summary_large_image\" \/>\n<meta name=\"twitter:label1\" content=\"Escrito por\" \/>\n\t<meta name=\"twitter:data1\" content=\"Da Reda\u00e7\u00e3o\" \/>\n\t<meta name=\"twitter:label2\" content=\"Est. tempo de leitura\" \/>\n\t<meta name=\"twitter:data2\" content=\"99 minutos\" \/>\n<script type=\"application\/ld+json\" class=\"yoast-schema-graph\">{\"@context\":\"https:\\\/\\\/schema.org\",\"@graph\":[{\"@type\":\"Article\",\"@id\":\"https:\\\/\\\/www.fatosefotosnews.com.br\\\/?p=137739#article\",\"isPartOf\":{\"@id\":\"https:\\\/\\\/www.fatosefotosnews.com.br\\\/?p=137739\"},\"author\":{\"name\":\"Da Reda\u00e7\u00e3o\",\"@id\":\"https:\\\/\\\/www.fatosefotosnews.com.br\\\/#\\\/schema\\\/person\\\/3b80f81d08670fb1f6690e07eb8b5dc6\"},\"headline\":\"Quinto dia da agenda na China destaca coopera\u00e7\u00e3o regional e fortalecimento de la\u00e7os comerciais\",\"datePublished\":\"2025-08-15T12:57:20+00:00\",\"mainEntityOfPage\":{\"@id\":\"https:\\\/\\\/www.fatosefotosnews.com.br\\\/?p=137739\"},\"wordCount\":355,\"publisher\":{\"@id\":\"https:\\\/\\\/www.fatosefotosnews.com.br\\\/#organization\"},\"image\":{\"@id\":\"https:\\\/\\\/www.fatosefotosnews.com.br\\\/?p=137739#primaryimage\"},\"thumbnailUrl\":\"https:\\\/\\\/www.fatosefotosnews.com.br\\\/wp-content\\\/uploads\\\/2025\\\/08\\\/4fd52124cd7d0a6ecb06586880803ed1.png\",\"keywords\":[\"agenda\",\"china\",\"coopera\",\"destaca\",\"fortalecimento\",\"quinto\",\"regional\"],\"articleSection\":[\"Geral\"],\"inLanguage\":\"pt-BR\"},{\"@type\":\"WebPage\",\"@id\":\"https:\\\/\\\/www.fatosefotosnews.com.br\\\/?p=137739\",\"url\":\"https:\\\/\\\/www.fatosefotosnews.com.br\\\/?p=137739\",\"name\":\"Quinto dia da agenda na China destaca coopera\u00e7\u00e3o regional e fortalecimento de la\u00e7os comerciais\",\"isPartOf\":{\"@id\":\"https:\\\/\\\/www.fatosefotosnews.com.br\\\/#website\"},\"primaryImageOfPage\":{\"@id\":\"https:\\\/\\\/www.fatosefotosnews.com.br\\\/?p=137739#primaryimage\"},\"image\":{\"@id\":\"https:\\\/\\\/www.fatosefotosnews.com.br\\\/?p=137739#primaryimage\"},\"thumbnailUrl\":\"https:\\\/\\\/www.fatosefotosnews.com.br\\\/wp-content\\\/uploads\\\/2025\\\/08\\\/4fd52124cd7d0a6ecb06586880803ed1.png\",\"datePublished\":\"2025-08-15T12:57:20+00:00\",\"description\":\"Quinto dia da agenda na China destaca coopera\u00e7\u00e3o regional e fortalecimento de la\u00e7os comerciais\",\"breadcrumb\":{\"@id\":\"https:\\\/\\\/www.fatosefotosnews.com.br\\\/?p=137739#breadcrumb\"},\"inLanguage\":\"pt-BR\",\"potentialAction\":[{\"@type\":\"ReadAction\",\"target\":[\"https:\\\/\\\/www.fatosefotosnews.com.br\\\/?p=137739\"]}]},{\"@type\":\"ImageObject\",\"inLanguage\":\"pt-BR\",\"@id\":\"https:\\\/\\\/www.fatosefotosnews.com.br\\\/?p=137739#primaryimage\",\"url\":\"https:\\\/\\\/www.fatosefotosnews.com.br\\\/wp-content\\\/uploads\\\/2025\\\/08\\\/4fd52124cd7d0a6ecb06586880803ed1.png\",\"contentUrl\":\"https:\\\/\\\/www.fatosefotosnews.com.br\\\/wp-content\\\/uploads\\\/2025\\\/08\\\/4fd52124cd7d0a6ecb06586880803ed1.png\",\"width\":1024,\"height\":696,\"caption\":\"Fortalecimento de rela\u00e7\u00f5es comerciais na agenda da miss\u00e3o internacional do MIDR (Foto: Alexandre Costa\\\/MIDR)\"},{\"@type\":\"BreadcrumbList\",\"@id\":\"https:\\\/\\\/www.fatosefotosnews.com.br\\\/?p=137739#breadcrumb\",\"itemListElement\":[{\"@type\":\"ListItem\",\"position\":1,\"name\":\"In\u00edcio\",\"item\":\"https:\\\/\\\/www.fatosefotosnews.com.br\\\/\"},{\"@type\":\"ListItem\",\"position\":2,\"name\":\"Quinto dia da agenda na China destaca coopera\u00e7\u00e3o regional e fortalecimento de la\u00e7os comerciais\"}]},{\"@type\":\"WebSite\",\"@id\":\"https:\\\/\\\/www.fatosefotosnews.com.br\\\/#website\",\"url\":\"https:\\\/\\\/www.fatosefotosnews.com.br\\\/\",\"name\":\"Fatos e Fotos News\",\"description\":\"Um site de noticial verdadeira e confi\u00e1veis.\",\"publisher\":{\"@id\":\"https:\\\/\\\/www.fatosefotosnews.com.br\\\/#organization\"},\"potentialAction\":[{\"@type\":\"SearchAction\",\"target\":{\"@type\":\"EntryPoint\",\"urlTemplate\":\"https:\\\/\\\/www.fatosefotosnews.com.br\\\/?s={search_term_string}\"},\"query-input\":{\"@type\":\"PropertyValueSpecification\",\"valueRequired\":true,\"valueName\":\"search_term_string\"}}],\"inLanguage\":\"pt-BR\"},{\"@type\":\"Organization\",\"@id\":\"https:\\\/\\\/www.fatosefotosnews.com.br\\\/#organization\",\"name\":\"Fatos e Fotos News\",\"url\":\"https:\\\/\\\/www.fatosefotosnews.com.br\\\/\",\"logo\":{\"@type\":\"ImageObject\",\"inLanguage\":\"pt-BR\",\"@id\":\"https:\\\/\\\/www.fatosefotosnews.com.br\\\/#\\\/schema\\\/logo\\\/image\\\/\",\"url\":\"https:\\\/\\\/www.fatosefotosnews.com.br\\\/wp-content\\\/uploads\\\/2023\\\/02\\\/Fatos-e-Fotos-news-logo.png\",\"contentUrl\":\"https:\\\/\\\/www.fatosefotosnews.com.br\\\/wp-content\\\/uploads\\\/2023\\\/02\\\/Fatos-e-Fotos-news-logo.png\",\"width\":300,\"height\":58,\"caption\":\"Fatos e Fotos News\"},\"image\":{\"@id\":\"https:\\\/\\\/www.fatosefotosnews.com.br\\\/#\\\/schema\\\/logo\\\/image\\\/\"}},{\"@type\":\"Person\",\"@id\":\"https:\\\/\\\/www.fatosefotosnews.com.br\\\/#\\\/schema\\\/person\\\/3b80f81d08670fb1f6690e07eb8b5dc6\",\"name\":\"Da Reda\u00e7\u00e3o\",\"image\":{\"@type\":\"ImageObject\",\"inLanguage\":\"pt-BR\",\"@id\":\"https:\\\/\\\/secure.gravatar.com\\\/avatar\\\/696d39935a657bf0fc95044dbc9f912520430a0eb6dd46c85dd97eb6483b249b?s=96&d=mm&r=g\",\"url\":\"https:\\\/\\\/secure.gravatar.com\\\/avatar\\\/696d39935a657bf0fc95044dbc9f912520430a0eb6dd46c85dd97eb6483b249b?s=96&d=mm&r=g\",\"contentUrl\":\"https:\\\/\\\/secure.gravatar.com\\\/avatar\\\/696d39935a657bf0fc95044dbc9f912520430a0eb6dd46c85dd97eb6483b249b?s=96&d=mm&r=g\",\"caption\":\"Da Reda\u00e7\u00e3o\"},\"url\":\"https:\\\/\\\/www.fatosefotosnews.com.br\\\/?author=5\"}]}<\/script>\n<!-- \/ Yoast SEO plugin. -->","yoast_head_json":{"title":"Quinto dia da agenda na China destaca coopera\u00e7\u00e3o regional e fortalecimento de la\u00e7os comerciais","description":"Quinto dia da agenda na China destaca coopera\u00e7\u00e3o regional e fortalecimento de la\u00e7os comerciais","robots":{"index":"index","follow":"follow","max-snippet":"max-snippet:-1","max-image-preview":"max-image-preview:large","max-video-preview":"max-video-preview:-1"},"canonical":"https:\/\/www.fatosefotosnews.com.br\/?p=137739","og_locale":"pt_BR","og_type":"article","og_title":"Quinto dia da agenda na China destaca coopera\u00e7\u00e3o regional e fortalecimento de la\u00e7os comerciais","og_description":"Quinto dia da agenda na China destaca coopera\u00e7\u00e3o regional e fortalecimento de la\u00e7os comerciais","og_url":"https:\/\/www.fatosefotosnews.com.br\/?p=137739","og_site_name":"Fatos e Fotos News","article_published_time":"2025-08-15T12:57:20+00:00","og_image":[{"width":1024,"height":696,"url":"https:\/\/www.fatosefotosnews.com.br\/wp-content\/uploads\/2025\/08\/4fd52124cd7d0a6ecb06586880803ed1.png","type":"image\/png"}],"author":"Da Reda\u00e7\u00e3o","twitter_card":"summary_large_image","twitter_misc":{"Escrito por":"Da Reda\u00e7\u00e3o","Est. tempo de leitura":"99 minutos"},"schema":{"@context":"https:\/\/schema.org","@graph":[{"@type":"Article","@id":"https:\/\/www.fatosefotosnews.com.br\/?p=137739#article","isPartOf":{"@id":"https:\/\/www.fatosefotosnews.com.br\/?p=137739"},"author":{"name":"Da Reda\u00e7\u00e3o","@id":"https:\/\/www.fatosefotosnews.com.br\/#\/schema\/person\/3b80f81d08670fb1f6690e07eb8b5dc6"},"headline":"Quinto dia da agenda na China destaca coopera\u00e7\u00e3o regional e fortalecimento de la\u00e7os comerciais","datePublished":"2025-08-15T12:57:20+00:00","mainEntityOfPage":{"@id":"https:\/\/www.fatosefotosnews.com.br\/?p=137739"},"wordCount":355,"publisher":{"@id":"https:\/\/www.fatosefotosnews.com.br\/#organization"},"image":{"@id":"https:\/\/www.fatosefotosnews.com.br\/?p=137739#primaryimage"},"thumbnailUrl":"https:\/\/www.fatosefotosnews.com.br\/wp-content\/uploads\/2025\/08\/4fd52124cd7d0a6ecb06586880803ed1.png","keywords":["agenda","china","coopera","destaca","fortalecimento","quinto","regional"],"articleSection":["Geral"],"inLanguage":"pt-BR"},{"@type":"WebPage","@id":"https:\/\/www.fatosefotosnews.com.br\/?p=137739","url":"https:\/\/www.fatosefotosnews.com.br\/?p=137739","name":"Quinto dia da agenda na China destaca coopera\u00e7\u00e3o regional e fortalecimento de la\u00e7os comerciais","isPartOf":{"@id":"https:\/\/www.fatosefotosnews.com.br\/#website"},"primaryImageOfPage":{"@id":"https:\/\/www.fatosefotosnews.com.br\/?p=137739#primaryimage"},"image":{"@id":"https:\/\/www.fatosefotosnews.com.br\/?p=137739#primaryimage"},"thumbnailUrl":"https:\/\/www.fatosefotosnews.com.br\/wp-content\/uploads\/2025\/08\/4fd52124cd7d0a6ecb06586880803ed1.png","datePublished":"2025-08-15T12:57:20+00:00","description":"Quinto dia da agenda na China destaca coopera\u00e7\u00e3o regional e fortalecimento de la\u00e7os comerciais","breadcrumb":{"@id":"https:\/\/www.fatosefotosnews.com.br\/?p=137739#breadcrumb"},"inLanguage":"pt-BR","potentialAction":[{"@type":"ReadAction","target":["https:\/\/www.fatosefotosnews.com.br\/?p=137739"]}]},{"@type":"ImageObject","inLanguage":"pt-BR","@id":"https:\/\/www.fatosefotosnews.com.br\/?p=137739#primaryimage","url":"https:\/\/www.fatosefotosnews.com.br\/wp-content\/uploads\/2025\/08\/4fd52124cd7d0a6ecb06586880803ed1.png","contentUrl":"https:\/\/www.fatosefotosnews.com.br\/wp-content\/uploads\/2025\/08\/4fd52124cd7d0a6ecb06586880803ed1.png","width":1024,"height":696,"caption":"Fortalecimento de rela\u00e7\u00f5es comerciais na agenda da miss\u00e3o internacional do MIDR (Foto: Alexandre Costa\/MIDR)"},{"@type":"BreadcrumbList","@id":"https:\/\/www.fatosefotosnews.com.br\/?p=137739#breadcrumb","itemListElement":[{"@type":"ListItem","position":1,"name":"In\u00edcio","item":"https:\/\/www.fatosefotosnews.com.br\/"},{"@type":"ListItem","position":2,"name":"Quinto dia da agenda na China destaca coopera\u00e7\u00e3o regional e fortalecimento de la\u00e7os comerciais"}]},{"@type":"WebSite","@id":"https:\/\/www.fatosefotosnews.com.br\/#website","url":"https:\/\/www.fatosefotosnews.com.br\/","name":"Fatos e Fotos News","description":"Um site de noticial verdadeira e confi\u00e1veis.","publisher":{"@id":"https:\/\/www.fatosefotosnews.com.br\/#organization"},"potentialAction":[{"@type":"SearchAction","target":{"@type":"EntryPoint","urlTemplate":"https:\/\/www.fatosefotosnews.com.br\/?s={search_term_string}"},"query-input":{"@type":"PropertyValueSpecification","valueRequired":true,"valueName":"search_term_string"}}],"inLanguage":"pt-BR"},{"@type":"Organization","@id":"https:\/\/www.fatosefotosnews.com.br\/#organization","name":"Fatos e Fotos News","url":"https:\/\/www.fatosefotosnews.com.br\/","logo":{"@type":"ImageObject","inLanguage":"pt-BR","@id":"https:\/\/www.fatosefotosnews.com.br\/#\/schema\/logo\/image\/","url":"https:\/\/www.fatosefotosnews.com.br\/wp-content\/uploads\/2023\/02\/Fatos-e-Fotos-news-logo.png","contentUrl":"https:\/\/www.fatosefotosnews.com.br\/wp-content\/uploads\/2023\/02\/Fatos-e-Fotos-news-logo.png","width":300,"height":58,"caption":"Fatos e Fotos News"},"image":{"@id":"https:\/\/www.fatosefotosnews.com.br\/#\/schema\/logo\/image\/"}},{"@type":"Person","@id":"https:\/\/www.fatosefotosnews.com.br\/#\/schema\/person\/3b80f81d08670fb1f6690e07eb8b5dc6","name":"Da Reda\u00e7\u00e3o","image":{"@type":"ImageObject","inLanguage":"pt-BR","@id":"https:\/\/secure.gravatar.com\/avatar\/696d39935a657bf0fc95044dbc9f912520430a0eb6dd46c85dd97eb6483b249b?s=96&d=mm&r=g","url":"https:\/\/secure.gravatar.com\/avatar\/696d39935a657bf0fc95044dbc9f912520430a0eb6dd46c85dd97eb6483b249b?s=96&d=mm&r=g","contentUrl":"https:\/\/secure.gravatar.com\/avatar\/696d39935a657bf0fc95044dbc9f912520430a0eb6dd46c85dd97eb6483b249b?s=96&d=mm&r=g","caption":"Da Reda\u00e7\u00e3o"},"url":"https:\/\/www.fatosefotosnews.com.br\/?author=5"}]}},"jetpack_publicize_connections":[],"blog_post_layout_featured_media_urls":{"thumbnail":["https:\/\/www.fatosefotosnews.com.br\/wp-content\/uploads\/2025\/08\/4fd52124cd7d0a6ecb06586880803ed1-150x150.png",150,150,true],"full":["https:\/\/www.fatosefotosnews.com.br\/wp-content\/uploads\/2025\/08\/4fd52124cd7d0a6ecb06586880803ed1.png",1024,696,false]},"categories_names":{"167":{"name":"Geral","link":"https:\/\/www.fatosefotosnews.com.br\/?cat=167"}},"tags_names":{"3962":{"name":"agenda","link":"https:\/\/www.fatosefotosnews.com.br\/?tag=agenda"},"1070":{"name":"china","link":"https:\/\/www.fatosefotosnews.com.br\/?tag=china"},"5065":{"name":"coopera","link":"https:\/\/www.fatosefotosnews.com.br\/?tag=coopera"},"935":{"name":"destaca","link":"https:\/\/www.fatosefotosnews.com.br\/?tag=destaca"},"9307":{"name":"fortalecimento","link":"https:\/\/www.fatosefotosnews.com.br\/?tag=fortalecimento"},"7989":{"name":"quinto","link":"https:\/\/www.fatosefotosnews.com.br\/?tag=quinto"},"11199":{"name":"regional","link":"https:\/\/www.fatosefotosnews.com.br\/?tag=regional"}},"comments_number":"0","wpmagazine_modules_lite_featured_media_urls":{"thumbnail":["https:\/\/www.fatosefotosnews.com.br\/wp-content\/uploads\/2025\/08\/4fd52124cd7d0a6ecb06586880803ed1-150x150.png",150,150,true],"cvmm-medium":["https:\/\/www.fatosefotosnews.com.br\/wp-content\/uploads\/2025\/08\/4fd52124cd7d0a6ecb06586880803ed1-300x300.png",300,300,true],"cvmm-medium-plus":["https:\/\/www.fatosefotosnews.com.br\/wp-content\/uploads\/2025\/08\/4fd52124cd7d0a6ecb06586880803ed1-305x207.png",305,207,true],"cvmm-portrait":["https:\/\/www.fatosefotosnews.com.br\/wp-content\/uploads\/2025\/08\/4fd52124cd7d0a6ecb06586880803ed1-400x600.png",400,600,true],"cvmm-medium-square":["https:\/\/www.fatosefotosnews.com.br\/wp-content\/uploads\/2025\/08\/4fd52124cd7d0a6ecb06586880803ed1-600x600.png",600,600,true],"cvmm-large":["https:\/\/www.fatosefotosnews.com.br\/wp-content\/uploads\/2025\/08\/4fd52124cd7d0a6ecb06586880803ed1.png",1024,696,false],"cvmm-small":["https:\/\/www.fatosefotosnews.com.br\/wp-content\/uploads\/2025\/08\/4fd52124cd7d0a6ecb06586880803ed1-130x95.png",130,95,true],"full":["https:\/\/www.fatosefotosnews.com.br\/wp-content\/uploads\/2025\/08\/4fd52124cd7d0a6ecb06586880803ed1.png",1024,696,false]},"_links":{"self":[{"href":"https:\/\/www.fatosefotosnews.com.br\/index.php?rest_route=\/wp\/v2\/posts\/137739","targetHints":{"allow":["GET"]}}],"collection":[{"href":"https:\/\/www.fatosefotosnews.com.br\/index.php?rest_route=\/wp\/v2\/posts"}],"about":[{"href":"https:\/\/www.fatosefotosnews.com.br\/index.php?rest_route=\/wp\/v2\/types\/post"}],"author":[{"embeddable":true,"href":"https:\/\/www.fatosefotosnews.com.br\/index.php?rest_route=\/wp\/v2\/users\/5"}],"replies":[{"embeddable":true,"href":"https:\/\/www.fatosefotosnews.com.br\/index.php?rest_route=%2Fwp%2Fv2%2Fcomments&post=137739"}],"version-history":[{"count":0,"href":"https:\/\/www.fatosefotosnews.com.br\/index.php?rest_route=\/wp\/v2\/posts\/137739\/revisions"}],"wp:featuredmedia":[{"embeddable":true,"href":"https:\/\/www.fatosefotosnews.com.br\/index.php?rest_route=\/wp\/v2\/media\/137740"}],"wp:attachment":[{"href":"https:\/\/www.fatosefotosnews.com.br\/index.php?rest_route=%2Fwp%2Fv2%2Fmedia&parent=137739"}],"wp:term":[{"taxonomy":"category","embeddable":true,"href":"https:\/\/www.fatosefotosnews.com.br\/index.php?rest_route=%2Fwp%2Fv2%2Fcategories&post=137739"},{"taxonomy":"post_tag","embeddable":true,"href":"https:\/\/www.fatosefotosnews.com.br\/index.php?rest_route=%2Fwp%2Fv2%2Ftags&post=137739"}],"curies":[{"name":"wp","href":"https:\/\/api.w.org\/{rel}","templated":true}]}}