{"id":139487,"date":"2025-08-26T16:00:00","date_gmt":"2025-08-26T19:00:00","guid":{"rendered":"https:\/\/www.fatosefotosnews.com.br\/brasil-tem-potencial-para-liderar-transicao-energetica-do-transporte-maritimo-com-biocombustiveis-e-outros-combustiveis-sustentaveis\/"},"modified":"2025-08-26T16:00:00","modified_gmt":"2025-08-26T19:00:00","slug":"brasil-tem-potencial-para-liderar-transicao-energetica-do-transporte-maritimo-com-biocombustiveis-e-outros-combustiveis-sustentaveis","status":"publish","type":"post","link":"https:\/\/www.fatosefotosnews.com.br\/?p=139487","title":{"rendered":"Brasil tem potencial para liderar transi\u00e7\u00e3o energ\u00e9tica do transporte mar\u00edtimo com biocombust\u00edveis e outros combust\u00edveis sustent\u00e1veis"},"content":{"rendered":"<div id=\"infocoweb\" data-uuid=\"a7331420-57ff-4d72-a524-49912392c83c\" class=\"infocoweb infocoweb_canal_825\">\n<div id=\"infocoweb_cabecalho\" class=\"infocoweb_cabecalho\"><\/div>\n<div id=\"infocoweb_corpo\" class=\"infocoweb_corpo\">\n<p>O Brasil re\u00fane condi\u00e7\u00f5es \u00fanicas para assumir protagonismo na transi\u00e7\u00e3o energ\u00e9tica do transporte mar\u00edtimo mundial. \u00c9 o que mostra a <a class=\"external-link\" href=\"https:\/\/www.epe.gov.br\/sites-pt\/publicacoes-dados-abertos\/publicacoes\/PublicacoesArquivos\/publicacao-903\/NT-EPE-DPG-SDB-2025-04_Descarboniza%C3%A7%C3%A3o_Transporte_Aquavi%C3%A1rio.pdf\" target=\"_blank\" title=\"\" data-tippreview-enabled=\"false\" data-tippreview-image=\"\" data-tippreview-title=\"\">Nota T\u00e9cnica<\/a> \u201cDescarboniza\u00e7\u00e3o do Transporte Aquavi\u00e1rio \u2013 Desafios e Trajet\u00f3rias Nacionais para Combust\u00edveis Mar\u00edtimos\u201d, publicada, na \u00faltima semana, pela Empresa de Pesquisa Energ\u00e9tica (EPE), vinculada ao Minist\u00e9rio de Minas e Energia. O estudo, que \u00e9 parte das entregas do Grupo de Trabalho da Resolu\u00e7\u00e3o n\u00ba 10\/2024, do Conselho Nacional de Pol\u00edtica Energ\u00e9tica (CNPE), detalha alternativas de combust\u00edveis de baixa emiss\u00e3o, apresenta cen\u00e1rios para a redu\u00e7\u00e3o de gases de efeito estufa at\u00e9 2050 e refor\u00e7a a import\u00e2ncia dos biocombust\u00edveis como solu\u00e7\u00e3o estrat\u00e9gica.<\/p>\n<p>\u201cO mundo precisa de solu\u00e7\u00f5es energ\u00e9ticas sustent\u00e1veis, e o Brasil est\u00e1 pronto para oferecer alternativas seguras e competitivas. O tema do combust\u00edvel sustent\u00e1vel de navega\u00e7\u00e3o, nos cen\u00e1rios internacional e nacional, refor\u00e7a que nossos biocombust\u00edveis e outros combust\u00edveis sustent\u00e1veis t\u00eam potencial para transformar o transporte mar\u00edtimo internacional e fortalecer o papel do pa\u00eds nas negocia\u00e7\u00f5es globais sobre o clima&#8221;, destacou o ministro de Minas e Energia, Alexandre Silveira.<\/p>\n<p>O transporte aquavi\u00e1rio responde por cerca de 90% do com\u00e9rcio global e por 3% das emiss\u00f5es de gases de efeito estufa no planeta. No Brasil, a relev\u00e2ncia \u00e9 ainda maior devido \u00e0 extensa costa e \u00e0 depend\u00eancia da navega\u00e7\u00e3o de longo curso, da cabotagem e do transporte fluvial para o escoamento de cargas e passageiros. Diante desse cen\u00e1rio, a ado\u00e7\u00e3o de combust\u00edveis sustent\u00e1veis \u00e9 fundamental para garantir seguran\u00e7a energ\u00e9tica e competitividade log\u00edstica.<\/p>\n<p>Segundo o estudo, os biocombust\u00edveis, por exemplo, se apresentam como uma alternativa vantajosa porque podem ser utilizados de forma imediata, sem necessidade de grandes investimentos em adapta\u00e7\u00e3o de infraestrutura ou frota. O biodiesel e o etanol, al\u00e9m de derivados de mat\u00e9rias-primas residuais, como \u00f3leo de cozinha usado, j\u00e1 est\u00e3o em uso em embarca\u00e7\u00f5es no Brasil, ap\u00f3s autoriza\u00e7\u00e3o da ANP. Essa caracter\u00edstica de compatibilidade com os sistemas atuais, conhecida como \u201cdrop in\u201d, reduz custos e acelera a transi\u00e7\u00e3o.<\/p>\n<p>A publica\u00e7\u00e3o tamb\u00e9m destaca o avan\u00e7o regulat\u00f3rio internacional, conduzido pela Organiza\u00e7\u00e3o Mar\u00edtima Internacional (IMO, na sigla em ingl\u00eas), que estabeleceu metas de redu\u00e7\u00e3o de emiss\u00f5es para 2030, 2040 e 2050. Nesse contexto, o Brasil pode se beneficiar da lideran\u00e7a estabelecida na produ\u00e7\u00e3o de biocombust\u00edveis, se colocando como fornecedor estrat\u00e9gico para a log\u00edstica de navega\u00e7\u00e3o mundial.<\/p>\n<p>Al\u00e9m dos biocombust\u00edveis, o documento avalia o papel de alternativas como g\u00e1s natural liquefeito, metanol, hidrog\u00eanio, am\u00f4nia e eletrocombust\u00edveis. Tamb\u00e9m s\u00e3o abordadas medidas de efici\u00eancia energ\u00e9tica em navios, o desenvolvimento de corredores mar\u00edtimos verdes e o papel dos portos na transi\u00e7\u00e3o.<\/p>\n<p>As trajet\u00f3rias simuladas pela EPE indicam que, combinando combust\u00edveis alternativos, efici\u00eancia operacional e inova\u00e7\u00e3o tecnol\u00f3gica, \u00e9 poss\u00edvel alcan\u00e7ar redu\u00e7\u00f5es de at\u00e9 102% nas emiss\u00f5es do setor em 2050, cen\u00e1rio que inclui a captura e armazenamento de carbono a partir da biomassa.<\/p>\n<p>Esse trabalho tamb\u00e9m vai compor o relat\u00f3rio final do Grupo de Trabalho da Resolu\u00e7\u00e3o CNPE n\u00ba 10\/2024, sendo parte da base t\u00e9cnico-cient\u00edfica para as recomenda\u00e7\u00f5es a serem apresentadas ao colegiado com objetivo de criar uma pol\u00edtica nacional para o combust\u00edvel sustent\u00e1vel de navega\u00e7\u00e3o.<\/p>\n<p dir=\"ltr\" style=\"text-align: center\"><span><strong>Assessoria Especial de Comunica\u00e7\u00e3o Social &#8211; MME<\/strong><br \/><\/span><strong>Telefone: <\/strong>(61) 2032-5759 <span>| <\/span><strong>Email: <\/strong><a href=\"mailto:imprensa@mme.gov.br\">imprensa@mme.gov.br<\/a><\/p>\n<hr>\n<p style=\"text-align: center\"><span class=\"fa-brands fa-instagram\"><\/span> <a class=\"external-link\" href=\"https:\/\/www.instagram.com\/minaseenergia\" target=\"_blank\" title=\"MME\">Instagram<\/a> \u25cf <span class=\"fa-brands fa-square-x-twitter\"><\/span> <a class=\"external-link\" href=\"https:\/\/www.twitter.com\/Minas_Energia\" target=\"_blank\" title=\"MME\">Twitter<\/a> \u25cf <span class=\"fa-brands fa-facebook\"><\/span> <a class=\"external-link\" href=\"https:\/\/www.facebook.com\/minaseenergia\" target=\"_blank\" title=\"MME\">Facebook<\/a> \u25cf <span class=\"fa-brands fa-youtube\"><\/span> <a class=\"external-link\" href=\"https:\/\/www.youtube.com\/@MME-Brasil\" target=\"_blank\" title=\"MME\">YouTube<\/a> \u25cf <span class=\"fa-brands fa-flickr\"><\/span> <a class=\"external-link\" href=\"https:\/\/www.flickr.com\/photos\/minaseenergia\" target=\"_blank\" title=\"MME\">Flickr<\/a> \u25cf <span class=\"fa-brands fa-linkedin\"><\/span> <a class=\"external-link\" href=\"https:\/\/linkedin.com\/company\/ministeriominaseenergia\" target=\"_blank\" title=\"MME\">LinkedIn<\/a><\/p>\n<p id=\"infocoweb_fonte\" class=\"infocoweb_fonte\">Fonte: <a target=\"_blank\" href=\"https:\/\/www.gov.br\/mme\/pt-br\/assuntos\/noticias\/brasil-tem-potencial-para-liderar-transicao-energetica-do-transporte-maritimo-com-biocombustiveis-e-outros-combustiveis-sustentaveis#a7331420-57ff-4d72-a524-49912392c83c\">Minist\u00e9rio de Minas e Energia<\/a><\/p>\n<\/div>\n<div id=\"infocoweb_rodape\" class=\"infocoweb_rodape\"><\/div>\n<\/div>\n<p><script src=\"https:\/\/noticia.infocoweb.com.br\/analytics.js?uuid=a7331420-57ff-4d72-a524-49912392c83c\"><\/script><\/p>\n","protected":false},"excerpt":{"rendered":"<p>O Brasil re\u00fane condi\u00e7\u00f5es \u00fanicas para assumir protagonismo na transi\u00e7\u00e3o energ\u00e9tica do transporte mar\u00edtimo mundial. \u00c9 o que mostra a Nota T\u00e9cnica \u201cDescarboniza\u00e7\u00e3o do Transporte Aquavi\u00e1rio \u2013 Desafios e Trajet\u00f3rias Nacionais para Combust\u00edveis Mar\u00edtimos\u201d, publicada, na \u00faltima semana, pela Empresa de Pesquisa Energ\u00e9tica (EPE), vinculada ao Minist\u00e9rio de Minas e Energia. O estudo, que \u00e9 [&hellip;]<\/p>\n","protected":false},"author":5,"featured_media":139488,"comment_status":"","ping_status":"open","sticky":false,"template":"","format":"standard","meta":{"_acf_changed":false,"_angie_page":false,"_monsterinsights_skip_tracking":false,"_themeisle_gutenberg_block_has_review":false,"page_builder":"","footnotes":"","jetpack_publicize_message":"","jetpack_publicize_feature_enabled":true,"jetpack_social_post_already_shared":true,"jetpack_social_options":{"image_generator_settings":{"template":"highway","default_image_id":0,"font":"","enabled":false},"version":2}},"categories":[167],"tags":[179,6765,5589,15906,7773,5820,3199],"class_list":["post-139487","post","type-post","status-publish","format-standard","has-post-thumbnail","hentry","category-geral","tag-brasil","tag-energetica","tag-liderar","tag-maritimo","tag-potencial","tag-transi","tag-transporte"],"acf":[],"nelio_content":{"autoShareEndMode":"never","automationSources":{"useCustomSentences":false,"customSentences":[]},"efiAlt":"","efiUrl":"","followers":[],"highlights":[],"isAutoShareEnabled":true,"networkImageIds":[],"permalinkQueryArgs":[],"series":[],"suggestedReferences":[]},"yoast_head":"<!-- This site is optimized with the Yoast SEO plugin v28.3 - https:\/\/yoast.com\/product\/yoast-seo-wordpress\/ -->\n<title>Brasil tem potencial para liderar transi\u00e7\u00e3o energ\u00e9tica do transporte mar\u00edtimo com biocombust\u00edveis e outros combust\u00edveis sustent\u00e1veis<\/title>\n<meta name=\"description\" content=\"Brasil tem potencial para liderar transi\u00e7\u00e3o energ\u00e9tica do transporte mar\u00edtimo com biocombust\u00edveis e outros combust\u00edveis sustent\u00e1veis\" \/>\n<meta name=\"robots\" content=\"index, follow, max-snippet:-1, max-image-preview:large, max-video-preview:-1\" \/>\n<link rel=\"canonical\" href=\"https:\/\/www.fatosefotosnews.com.br\/?p=139487\" \/>\n<meta property=\"og:locale\" content=\"pt_BR\" \/>\n<meta property=\"og:type\" content=\"article\" \/>\n<meta property=\"og:title\" content=\"Brasil tem potencial para liderar transi\u00e7\u00e3o energ\u00e9tica do transporte mar\u00edtimo com biocombust\u00edveis e outros combust\u00edveis sustent\u00e1veis\" \/>\n<meta property=\"og:description\" content=\"Brasil tem potencial para liderar transi\u00e7\u00e3o energ\u00e9tica do transporte mar\u00edtimo com biocombust\u00edveis e outros combust\u00edveis sustent\u00e1veis\" \/>\n<meta property=\"og:url\" content=\"https:\/\/www.fatosefotosnews.com.br\/?p=139487\" \/>\n<meta property=\"og:site_name\" content=\"Fatos e Fotos News\" \/>\n<meta property=\"article:published_time\" content=\"2025-08-26T19:00:00+00:00\" \/>\n<meta property=\"og:image\" content=\"https:\/\/www.fatosefotosnews.com.br\/wp-content\/uploads\/2025\/08\/bf4970eef4248e0f668db6cc198f7449.png\" \/>\n\t<meta property=\"og:image:width\" content=\"1024\" \/>\n\t<meta property=\"og:image:height\" content=\"527\" \/>\n\t<meta property=\"og:image:type\" content=\"image\/png\" \/>\n<meta name=\"author\" content=\"Da Reda\u00e7\u00e3o\" \/>\n<meta name=\"twitter:card\" content=\"summary_large_image\" \/>\n<meta name=\"twitter:label1\" content=\"Escrito por\" \/>\n\t<meta name=\"twitter:data1\" content=\"Da Reda\u00e7\u00e3o\" \/>\n\t<meta name=\"twitter:label2\" content=\"Est. tempo de leitura\" \/>\n\t<meta name=\"twitter:data2\" content=\"99 minutos\" \/>\n<script type=\"application\/ld+json\" class=\"yoast-schema-graph\">{\"@context\":\"https:\\\/\\\/schema.org\",\"@graph\":[{\"@type\":\"Article\",\"@id\":\"https:\\\/\\\/www.fatosefotosnews.com.br\\\/?p=139487#article\",\"isPartOf\":{\"@id\":\"https:\\\/\\\/www.fatosefotosnews.com.br\\\/?p=139487\"},\"author\":{\"name\":\"Da Reda\u00e7\u00e3o\",\"@id\":\"https:\\\/\\\/www.fatosefotosnews.com.br\\\/#\\\/schema\\\/person\\\/3b80f81d08670fb1f6690e07eb8b5dc6\"},\"headline\":\"Brasil tem potencial para liderar transi\u00e7\u00e3o energ\u00e9tica do transporte mar\u00edtimo com biocombust\u00edveis e outros combust\u00edveis sustent\u00e1veis\",\"datePublished\":\"2025-08-26T19:00:00+00:00\",\"mainEntityOfPage\":{\"@id\":\"https:\\\/\\\/www.fatosefotosnews.com.br\\\/?p=139487\"},\"wordCount\":639,\"publisher\":{\"@id\":\"https:\\\/\\\/www.fatosefotosnews.com.br\\\/#organization\"},\"image\":{\"@id\":\"https:\\\/\\\/www.fatosefotosnews.com.br\\\/?p=139487#primaryimage\"},\"thumbnailUrl\":\"https:\\\/\\\/www.fatosefotosnews.com.br\\\/wp-content\\\/uploads\\\/2025\\\/08\\\/bf4970eef4248e0f668db6cc198f7449.png\",\"keywords\":[\"Brasil\",\"energetica\",\"liderar\",\"maritimo\",\"potencial\",\"transi\",\"transporte\"],\"articleSection\":[\"Geral\"],\"inLanguage\":\"pt-BR\"},{\"@type\":\"WebPage\",\"@id\":\"https:\\\/\\\/www.fatosefotosnews.com.br\\\/?p=139487\",\"url\":\"https:\\\/\\\/www.fatosefotosnews.com.br\\\/?p=139487\",\"name\":\"Brasil tem potencial para liderar transi\u00e7\u00e3o energ\u00e9tica do transporte mar\u00edtimo com biocombust\u00edveis e outros combust\u00edveis sustent\u00e1veis\",\"isPartOf\":{\"@id\":\"https:\\\/\\\/www.fatosefotosnews.com.br\\\/#website\"},\"primaryImageOfPage\":{\"@id\":\"https:\\\/\\\/www.fatosefotosnews.com.br\\\/?p=139487#primaryimage\"},\"image\":{\"@id\":\"https:\\\/\\\/www.fatosefotosnews.com.br\\\/?p=139487#primaryimage\"},\"thumbnailUrl\":\"https:\\\/\\\/www.fatosefotosnews.com.br\\\/wp-content\\\/uploads\\\/2025\\\/08\\\/bf4970eef4248e0f668db6cc198f7449.png\",\"datePublished\":\"2025-08-26T19:00:00+00:00\",\"description\":\"Brasil tem potencial para liderar transi\u00e7\u00e3o energ\u00e9tica do transporte mar\u00edtimo com biocombust\u00edveis e outros combust\u00edveis sustent\u00e1veis\",\"breadcrumb\":{\"@id\":\"https:\\\/\\\/www.fatosefotosnews.com.br\\\/?p=139487#breadcrumb\"},\"inLanguage\":\"pt-BR\",\"potentialAction\":[{\"@type\":\"ReadAction\",\"target\":[\"https:\\\/\\\/www.fatosefotosnews.com.br\\\/?p=139487\"]}]},{\"@type\":\"ImageObject\",\"inLanguage\":\"pt-BR\",\"@id\":\"https:\\\/\\\/www.fatosefotosnews.com.br\\\/?p=139487#primaryimage\",\"url\":\"https:\\\/\\\/www.fatosefotosnews.com.br\\\/wp-content\\\/uploads\\\/2025\\\/08\\\/bf4970eef4248e0f668db6cc198f7449.png\",\"contentUrl\":\"https:\\\/\\\/www.fatosefotosnews.com.br\\\/wp-content\\\/uploads\\\/2025\\\/08\\\/bf4970eef4248e0f668db6cc198f7449.png\",\"width\":1024,\"height\":527,\"caption\":\"- Foto: Bfk92\\\/Getty Images\"},{\"@type\":\"BreadcrumbList\",\"@id\":\"https:\\\/\\\/www.fatosefotosnews.com.br\\\/?p=139487#breadcrumb\",\"itemListElement\":[{\"@type\":\"ListItem\",\"position\":1,\"name\":\"In\u00edcio\",\"item\":\"https:\\\/\\\/www.fatosefotosnews.com.br\\\/\"},{\"@type\":\"ListItem\",\"position\":2,\"name\":\"Brasil tem potencial para liderar transi\u00e7\u00e3o energ\u00e9tica do transporte mar\u00edtimo com biocombust\u00edveis e outros combust\u00edveis sustent\u00e1veis\"}]},{\"@type\":\"WebSite\",\"@id\":\"https:\\\/\\\/www.fatosefotosnews.com.br\\\/#website\",\"url\":\"https:\\\/\\\/www.fatosefotosnews.com.br\\\/\",\"name\":\"Fatos e Fotos News\",\"description\":\"Um site de noticial verdadeira e confi\u00e1veis.\",\"publisher\":{\"@id\":\"https:\\\/\\\/www.fatosefotosnews.com.br\\\/#organization\"},\"potentialAction\":[{\"@type\":\"SearchAction\",\"target\":{\"@type\":\"EntryPoint\",\"urlTemplate\":\"https:\\\/\\\/www.fatosefotosnews.com.br\\\/?s={search_term_string}\"},\"query-input\":{\"@type\":\"PropertyValueSpecification\",\"valueRequired\":true,\"valueName\":\"search_term_string\"}}],\"inLanguage\":\"pt-BR\"},{\"@type\":\"Organization\",\"@id\":\"https:\\\/\\\/www.fatosefotosnews.com.br\\\/#organization\",\"name\":\"Fatos e Fotos News\",\"url\":\"https:\\\/\\\/www.fatosefotosnews.com.br\\\/\",\"logo\":{\"@type\":\"ImageObject\",\"inLanguage\":\"pt-BR\",\"@id\":\"https:\\\/\\\/www.fatosefotosnews.com.br\\\/#\\\/schema\\\/logo\\\/image\\\/\",\"url\":\"https:\\\/\\\/www.fatosefotosnews.com.br\\\/wp-content\\\/uploads\\\/2023\\\/02\\\/Fatos-e-Fotos-news-logo.png\",\"contentUrl\":\"https:\\\/\\\/www.fatosefotosnews.com.br\\\/wp-content\\\/uploads\\\/2023\\\/02\\\/Fatos-e-Fotos-news-logo.png\",\"width\":300,\"height\":58,\"caption\":\"Fatos e Fotos News\"},\"image\":{\"@id\":\"https:\\\/\\\/www.fatosefotosnews.com.br\\\/#\\\/schema\\\/logo\\\/image\\\/\"}},{\"@type\":\"Person\",\"@id\":\"https:\\\/\\\/www.fatosefotosnews.com.br\\\/#\\\/schema\\\/person\\\/3b80f81d08670fb1f6690e07eb8b5dc6\",\"name\":\"Da Reda\u00e7\u00e3o\",\"image\":{\"@type\":\"ImageObject\",\"inLanguage\":\"pt-BR\",\"@id\":\"https:\\\/\\\/secure.gravatar.com\\\/avatar\\\/696d39935a657bf0fc95044dbc9f912520430a0eb6dd46c85dd97eb6483b249b?s=96&d=mm&r=g\",\"url\":\"https:\\\/\\\/secure.gravatar.com\\\/avatar\\\/696d39935a657bf0fc95044dbc9f912520430a0eb6dd46c85dd97eb6483b249b?s=96&d=mm&r=g\",\"contentUrl\":\"https:\\\/\\\/secure.gravatar.com\\\/avatar\\\/696d39935a657bf0fc95044dbc9f912520430a0eb6dd46c85dd97eb6483b249b?s=96&d=mm&r=g\",\"caption\":\"Da Reda\u00e7\u00e3o\"},\"url\":\"https:\\\/\\\/www.fatosefotosnews.com.br\\\/?author=5\"}]}<\/script>\n<!-- \/ Yoast SEO plugin. -->","yoast_head_json":{"title":"Brasil tem potencial para liderar transi\u00e7\u00e3o energ\u00e9tica do transporte mar\u00edtimo com biocombust\u00edveis e outros combust\u00edveis sustent\u00e1veis","description":"Brasil tem potencial para liderar transi\u00e7\u00e3o energ\u00e9tica do transporte mar\u00edtimo com biocombust\u00edveis e outros combust\u00edveis sustent\u00e1veis","robots":{"index":"index","follow":"follow","max-snippet":"max-snippet:-1","max-image-preview":"max-image-preview:large","max-video-preview":"max-video-preview:-1"},"canonical":"https:\/\/www.fatosefotosnews.com.br\/?p=139487","og_locale":"pt_BR","og_type":"article","og_title":"Brasil tem potencial para liderar transi\u00e7\u00e3o energ\u00e9tica do transporte mar\u00edtimo com biocombust\u00edveis e outros combust\u00edveis sustent\u00e1veis","og_description":"Brasil tem potencial para liderar transi\u00e7\u00e3o energ\u00e9tica do transporte mar\u00edtimo com biocombust\u00edveis e outros combust\u00edveis sustent\u00e1veis","og_url":"https:\/\/www.fatosefotosnews.com.br\/?p=139487","og_site_name":"Fatos e Fotos News","article_published_time":"2025-08-26T19:00:00+00:00","og_image":[{"width":1024,"height":527,"url":"https:\/\/www.fatosefotosnews.com.br\/wp-content\/uploads\/2025\/08\/bf4970eef4248e0f668db6cc198f7449.png","type":"image\/png"}],"author":"Da Reda\u00e7\u00e3o","twitter_card":"summary_large_image","twitter_misc":{"Escrito por":"Da Reda\u00e7\u00e3o","Est. tempo de leitura":"99 minutos"},"schema":{"@context":"https:\/\/schema.org","@graph":[{"@type":"Article","@id":"https:\/\/www.fatosefotosnews.com.br\/?p=139487#article","isPartOf":{"@id":"https:\/\/www.fatosefotosnews.com.br\/?p=139487"},"author":{"name":"Da Reda\u00e7\u00e3o","@id":"https:\/\/www.fatosefotosnews.com.br\/#\/schema\/person\/3b80f81d08670fb1f6690e07eb8b5dc6"},"headline":"Brasil tem potencial para liderar transi\u00e7\u00e3o energ\u00e9tica do transporte mar\u00edtimo com biocombust\u00edveis e outros combust\u00edveis sustent\u00e1veis","datePublished":"2025-08-26T19:00:00+00:00","mainEntityOfPage":{"@id":"https:\/\/www.fatosefotosnews.com.br\/?p=139487"},"wordCount":639,"publisher":{"@id":"https:\/\/www.fatosefotosnews.com.br\/#organization"},"image":{"@id":"https:\/\/www.fatosefotosnews.com.br\/?p=139487#primaryimage"},"thumbnailUrl":"https:\/\/www.fatosefotosnews.com.br\/wp-content\/uploads\/2025\/08\/bf4970eef4248e0f668db6cc198f7449.png","keywords":["Brasil","energetica","liderar","maritimo","potencial","transi","transporte"],"articleSection":["Geral"],"inLanguage":"pt-BR"},{"@type":"WebPage","@id":"https:\/\/www.fatosefotosnews.com.br\/?p=139487","url":"https:\/\/www.fatosefotosnews.com.br\/?p=139487","name":"Brasil tem potencial para liderar transi\u00e7\u00e3o energ\u00e9tica do transporte mar\u00edtimo com biocombust\u00edveis e outros combust\u00edveis sustent\u00e1veis","isPartOf":{"@id":"https:\/\/www.fatosefotosnews.com.br\/#website"},"primaryImageOfPage":{"@id":"https:\/\/www.fatosefotosnews.com.br\/?p=139487#primaryimage"},"image":{"@id":"https:\/\/www.fatosefotosnews.com.br\/?p=139487#primaryimage"},"thumbnailUrl":"https:\/\/www.fatosefotosnews.com.br\/wp-content\/uploads\/2025\/08\/bf4970eef4248e0f668db6cc198f7449.png","datePublished":"2025-08-26T19:00:00+00:00","description":"Brasil tem potencial para liderar transi\u00e7\u00e3o energ\u00e9tica do transporte mar\u00edtimo com biocombust\u00edveis e outros combust\u00edveis sustent\u00e1veis","breadcrumb":{"@id":"https:\/\/www.fatosefotosnews.com.br\/?p=139487#breadcrumb"},"inLanguage":"pt-BR","potentialAction":[{"@type":"ReadAction","target":["https:\/\/www.fatosefotosnews.com.br\/?p=139487"]}]},{"@type":"ImageObject","inLanguage":"pt-BR","@id":"https:\/\/www.fatosefotosnews.com.br\/?p=139487#primaryimage","url":"https:\/\/www.fatosefotosnews.com.br\/wp-content\/uploads\/2025\/08\/bf4970eef4248e0f668db6cc198f7449.png","contentUrl":"https:\/\/www.fatosefotosnews.com.br\/wp-content\/uploads\/2025\/08\/bf4970eef4248e0f668db6cc198f7449.png","width":1024,"height":527,"caption":"- Foto: Bfk92\/Getty Images"},{"@type":"BreadcrumbList","@id":"https:\/\/www.fatosefotosnews.com.br\/?p=139487#breadcrumb","itemListElement":[{"@type":"ListItem","position":1,"name":"In\u00edcio","item":"https:\/\/www.fatosefotosnews.com.br\/"},{"@type":"ListItem","position":2,"name":"Brasil tem potencial para liderar transi\u00e7\u00e3o energ\u00e9tica do transporte mar\u00edtimo com biocombust\u00edveis e outros combust\u00edveis sustent\u00e1veis"}]},{"@type":"WebSite","@id":"https:\/\/www.fatosefotosnews.com.br\/#website","url":"https:\/\/www.fatosefotosnews.com.br\/","name":"Fatos e Fotos News","description":"Um site de noticial verdadeira e confi\u00e1veis.","publisher":{"@id":"https:\/\/www.fatosefotosnews.com.br\/#organization"},"potentialAction":[{"@type":"SearchAction","target":{"@type":"EntryPoint","urlTemplate":"https:\/\/www.fatosefotosnews.com.br\/?s={search_term_string}"},"query-input":{"@type":"PropertyValueSpecification","valueRequired":true,"valueName":"search_term_string"}}],"inLanguage":"pt-BR"},{"@type":"Organization","@id":"https:\/\/www.fatosefotosnews.com.br\/#organization","name":"Fatos e Fotos News","url":"https:\/\/www.fatosefotosnews.com.br\/","logo":{"@type":"ImageObject","inLanguage":"pt-BR","@id":"https:\/\/www.fatosefotosnews.com.br\/#\/schema\/logo\/image\/","url":"https:\/\/www.fatosefotosnews.com.br\/wp-content\/uploads\/2023\/02\/Fatos-e-Fotos-news-logo.png","contentUrl":"https:\/\/www.fatosefotosnews.com.br\/wp-content\/uploads\/2023\/02\/Fatos-e-Fotos-news-logo.png","width":300,"height":58,"caption":"Fatos e Fotos News"},"image":{"@id":"https:\/\/www.fatosefotosnews.com.br\/#\/schema\/logo\/image\/"}},{"@type":"Person","@id":"https:\/\/www.fatosefotosnews.com.br\/#\/schema\/person\/3b80f81d08670fb1f6690e07eb8b5dc6","name":"Da Reda\u00e7\u00e3o","image":{"@type":"ImageObject","inLanguage":"pt-BR","@id":"https:\/\/secure.gravatar.com\/avatar\/696d39935a657bf0fc95044dbc9f912520430a0eb6dd46c85dd97eb6483b249b?s=96&d=mm&r=g","url":"https:\/\/secure.gravatar.com\/avatar\/696d39935a657bf0fc95044dbc9f912520430a0eb6dd46c85dd97eb6483b249b?s=96&d=mm&r=g","contentUrl":"https:\/\/secure.gravatar.com\/avatar\/696d39935a657bf0fc95044dbc9f912520430a0eb6dd46c85dd97eb6483b249b?s=96&d=mm&r=g","caption":"Da Reda\u00e7\u00e3o"},"url":"https:\/\/www.fatosefotosnews.com.br\/?author=5"}]}},"jetpack_publicize_connections":[],"blog_post_layout_featured_media_urls":{"thumbnail":["https:\/\/www.fatosefotosnews.com.br\/wp-content\/uploads\/2025\/08\/bf4970eef4248e0f668db6cc198f7449-150x150.png",150,150,true],"full":["https:\/\/www.fatosefotosnews.com.br\/wp-content\/uploads\/2025\/08\/bf4970eef4248e0f668db6cc198f7449.png",1024,527,false]},"categories_names":{"167":{"name":"Geral","link":"https:\/\/www.fatosefotosnews.com.br\/?cat=167"}},"tags_names":{"179":{"name":"Brasil","link":"https:\/\/www.fatosefotosnews.com.br\/?tag=brasil"},"6765":{"name":"energetica","link":"https:\/\/www.fatosefotosnews.com.br\/?tag=energetica"},"5589":{"name":"liderar","link":"https:\/\/www.fatosefotosnews.com.br\/?tag=liderar"},"15906":{"name":"maritimo","link":"https:\/\/www.fatosefotosnews.com.br\/?tag=maritimo"},"7773":{"name":"potencial","link":"https:\/\/www.fatosefotosnews.com.br\/?tag=potencial"},"5820":{"name":"transi","link":"https:\/\/www.fatosefotosnews.com.br\/?tag=transi"},"3199":{"name":"transporte","link":"https:\/\/www.fatosefotosnews.com.br\/?tag=transporte"}},"comments_number":"0","wpmagazine_modules_lite_featured_media_urls":{"thumbnail":["https:\/\/www.fatosefotosnews.com.br\/wp-content\/uploads\/2025\/08\/bf4970eef4248e0f668db6cc198f7449-150x150.png",150,150,true],"cvmm-medium":["https:\/\/www.fatosefotosnews.com.br\/wp-content\/uploads\/2025\/08\/bf4970eef4248e0f668db6cc198f7449-300x300.png",300,300,true],"cvmm-medium-plus":["https:\/\/www.fatosefotosnews.com.br\/wp-content\/uploads\/2025\/08\/bf4970eef4248e0f668db6cc198f7449-305x207.png",305,207,true],"cvmm-portrait":["https:\/\/www.fatosefotosnews.com.br\/wp-content\/uploads\/2025\/08\/bf4970eef4248e0f668db6cc198f7449-400x527.png",400,527,true],"cvmm-medium-square":["https:\/\/www.fatosefotosnews.com.br\/wp-content\/uploads\/2025\/08\/bf4970eef4248e0f668db6cc198f7449-600x527.png",600,527,true],"cvmm-large":["https:\/\/www.fatosefotosnews.com.br\/wp-content\/uploads\/2025\/08\/bf4970eef4248e0f668db6cc198f7449.png",1024,527,false],"cvmm-small":["https:\/\/www.fatosefotosnews.com.br\/wp-content\/uploads\/2025\/08\/bf4970eef4248e0f668db6cc198f7449-130x95.png",130,95,true],"full":["https:\/\/www.fatosefotosnews.com.br\/wp-content\/uploads\/2025\/08\/bf4970eef4248e0f668db6cc198f7449.png",1024,527,false]},"_links":{"self":[{"href":"https:\/\/www.fatosefotosnews.com.br\/index.php?rest_route=\/wp\/v2\/posts\/139487","targetHints":{"allow":["GET"]}}],"collection":[{"href":"https:\/\/www.fatosefotosnews.com.br\/index.php?rest_route=\/wp\/v2\/posts"}],"about":[{"href":"https:\/\/www.fatosefotosnews.com.br\/index.php?rest_route=\/wp\/v2\/types\/post"}],"author":[{"embeddable":true,"href":"https:\/\/www.fatosefotosnews.com.br\/index.php?rest_route=\/wp\/v2\/users\/5"}],"replies":[{"embeddable":true,"href":"https:\/\/www.fatosefotosnews.com.br\/index.php?rest_route=%2Fwp%2Fv2%2Fcomments&post=139487"}],"version-history":[{"count":0,"href":"https:\/\/www.fatosefotosnews.com.br\/index.php?rest_route=\/wp\/v2\/posts\/139487\/revisions"}],"wp:featuredmedia":[{"embeddable":true,"href":"https:\/\/www.fatosefotosnews.com.br\/index.php?rest_route=\/wp\/v2\/media\/139488"}],"wp:attachment":[{"href":"https:\/\/www.fatosefotosnews.com.br\/index.php?rest_route=%2Fwp%2Fv2%2Fmedia&parent=139487"}],"wp:term":[{"taxonomy":"category","embeddable":true,"href":"https:\/\/www.fatosefotosnews.com.br\/index.php?rest_route=%2Fwp%2Fv2%2Fcategories&post=139487"},{"taxonomy":"post_tag","embeddable":true,"href":"https:\/\/www.fatosefotosnews.com.br\/index.php?rest_route=%2Fwp%2Fv2%2Ftags&post=139487"}],"curies":[{"name":"wp","href":"https:\/\/api.w.org\/{rel}","templated":true}]}}