{"id":139761,"date":"2025-08-27T19:30:15","date_gmt":"2025-08-27T22:30:15","guid":{"rendered":"https:\/\/www.fatosefotosnews.com.br\/programa-pontos-de-memoria-inicia-novo-ciclo-com-encontro-virtual-do-comite-consultivo\/"},"modified":"2025-08-27T19:30:15","modified_gmt":"2025-08-27T22:30:15","slug":"programa-pontos-de-memoria-inicia-novo-ciclo-com-encontro-virtual-do-comite-consultivo","status":"publish","type":"post","link":"https:\/\/www.fatosefotosnews.com.br\/?p=139761","title":{"rendered":"Programa Pontos de Mem\u00f3ria inicia novo ciclo com encontro virtual do Comit\u00ea Consultivo"},"content":{"rendered":"<div id=\"infocoweb\" data-uuid=\"d3983b5f-3a33-490a-b012-403a4dbf9a51\" class=\"infocoweb infocoweb_canal_821\">\n<div id=\"infocoweb_cabecalho\" class=\"infocoweb_cabecalho\"><\/div>\n<div id=\"infocoweb_corpo\" class=\"infocoweb_corpo\">\n<p>O Instituto Brasileiro de Museus (Ibram) deu in\u00edcio a um novo ciclo do Programa Pontos de Mem\u00f3ria com a realiza\u00e7\u00e3o, em 5 de agosto, do primeiro encontro do Comit\u00ea Consultivo em seu novo mandato. O evento, realizado em formato virtual, reuniu cerca de 150 representa\u00e7\u00f5es de Pontos de Mem\u00f3ria de todas as regi\u00f5es do Brasil, consolidando-se como um momento estrat\u00e9gico de articula\u00e7\u00e3o e de fortalecimento da participa\u00e7\u00e3o social.<\/p>\n<p>A abertura contou com a participa\u00e7\u00e3o da presidenta do Ibram e da diretora do Departamento de Processos Museais, que ressaltaram a centralidade da escuta qualificada e da gest\u00e3o compartilhada na constru\u00e7\u00e3o de pol\u00edticas p\u00fablicas para o setor. Em seguida, foram apresentados os novos integrantes do colegiado, eleitos e designados, que representam tanto as cinco regi\u00f5es do pa\u00eds quanto redes tem\u00e1ticas e regionais.<\/p>\n<p>Durante o encontro, foram detalhadas as linhas de atua\u00e7\u00e3o priorit\u00e1rias para o tri\u00eanio 2025\u20132027. Entre os eixos estrat\u00e9gicos est\u00e3o:<\/p>\n<ul type=\"disc\">\n<li>a cria\u00e7\u00e3o de grupos de trabalho permanentes e tempor\u00e1rios;<\/li>\n<li>a realiza\u00e7\u00e3o de encontros regulares, regionais e tem\u00e1ticos;<\/li>\n<li>o fortalecimento da atua\u00e7\u00e3o dos conselheiros em seus territ\u00f3rios;<\/li>\n<li>a retomada do processo de certifica\u00e7\u00e3o dos Pontos de Mem\u00f3ria;<\/li>\n<li>a promo\u00e7\u00e3o de a\u00e7\u00f5es formativas e de articula\u00e7\u00e3o institucional;<\/li>\n<li>a realiza\u00e7\u00e3o da Teia Nacional da Mem\u00f3ria, prevista para 2026;<\/li>\n<li>e a revis\u00e3o e atualiza\u00e7\u00e3o dos documentos normativos do Programa e do pr\u00f3prio Comit\u00ea.<\/li>\n<\/ul>\n<p>Com essa agenda, o Ibram reafirma o compromisso de fortalecer o di\u00e1logo com a sociedade civil e de consolidar o Programa Pontos de Mem\u00f3ria como uma pol\u00edtica p\u00fablica de Estado. Ao valorizar as iniciativas comunit\u00e1rias, o Programa amplia a democratiza\u00e7\u00e3o do acesso aos museus e promove o direito \u00e0 mem\u00f3ria como dimens\u00e3o essencial da cidadania e da diversidade cultural brasileira.<\/p>\n<p id=\"infocoweb_fonte\" class=\"infocoweb_fonte\">Fonte: <a target=\"_blank\" href=\"https:\/\/www.gov.br\/cultura\/pt-br\/assuntos\/noticias\/programa-pontos-de-memoria-inicia-novo-ciclo-com-encontro-virtual-do-comite-consultivo#d3983b5f-3a33-490a-b012-403a4dbf9a51\">Minist\u00e9rio da Cultura<\/a><\/p>\n<\/div>\n<div id=\"infocoweb_rodape\" class=\"infocoweb_rodape\"><\/div>\n<\/div>\n<p><script src=\"https:\/\/noticia.infocoweb.com.br\/analytics.js?uuid=d3983b5f-3a33-490a-b012-403a4dbf9a51\"><\/script><\/p>\n","protected":false},"excerpt":{"rendered":"<p>O Instituto Brasileiro de Museus (Ibram) deu in\u00edcio a um novo ciclo do Programa Pontos de Mem\u00f3ria com a realiza\u00e7\u00e3o, em 5 de agosto, do primeiro encontro do Comit\u00ea Consultivo em seu novo mandato. O evento, realizado em formato virtual, reuniu cerca de 150 representa\u00e7\u00f5es de Pontos de Mem\u00f3ria de todas as regi\u00f5es do Brasil, [&hellip;]<\/p>\n","protected":false},"author":5,"featured_media":139762,"comment_status":"","ping_status":"open","sticky":false,"template":"","format":"standard","meta":{"_acf_changed":false,"_angie_page":false,"_monsterinsights_skip_tracking":false,"_themeisle_gutenberg_block_has_review":false,"page_builder":"","footnotes":"","jetpack_publicize_message":"","jetpack_publicize_feature_enabled":true,"jetpack_social_post_already_shared":true,"jetpack_social_options":{"image_generator_settings":{"template":"highway","default_image_id":0,"font":"","enabled":false},"version":2}},"categories":[4265],"tags":[4412,422,605,1188,1312,1428,2586],"class_list":["post-139761","post","type-post","status-publish","format-standard","has-post-thumbnail","hentry","category-cultura","tag-ciclo","tag-encontro","tag-inicia","tag-memoria","tag-pontos","tag-programa","tag-virtual"],"acf":[],"nelio_content":{"autoShareEndMode":"never","automationSources":{"useCustomSentences":false,"customSentences":[]},"efiAlt":"","efiUrl":"","followers":[],"highlights":[],"isAutoShareEnabled":true,"networkImageIds":[],"permalinkQueryArgs":[],"series":[],"suggestedReferences":[]},"yoast_head":"<!-- This site is optimized with the Yoast SEO plugin v28.3 - https:\/\/yoast.com\/product\/yoast-seo-wordpress\/ -->\n<title>Programa Pontos de Mem\u00f3ria inicia novo ciclo com encontro virtual do Comit\u00ea Consultivo<\/title>\n<meta name=\"description\" content=\"Programa Pontos de Mem\u00f3ria inicia novo ciclo com encontro virtual do Comit\u00ea Consultivo\" \/>\n<meta name=\"robots\" content=\"index, follow, max-snippet:-1, max-image-preview:large, max-video-preview:-1\" \/>\n<link rel=\"canonical\" href=\"https:\/\/www.fatosefotosnews.com.br\/?p=139761\" \/>\n<meta property=\"og:locale\" content=\"pt_BR\" \/>\n<meta property=\"og:type\" content=\"article\" \/>\n<meta property=\"og:title\" content=\"Programa Pontos de Mem\u00f3ria inicia novo ciclo com encontro virtual do Comit\u00ea Consultivo\" \/>\n<meta property=\"og:description\" content=\"Programa Pontos de Mem\u00f3ria inicia novo ciclo com encontro virtual do Comit\u00ea Consultivo\" \/>\n<meta property=\"og:url\" content=\"https:\/\/www.fatosefotosnews.com.br\/?p=139761\" \/>\n<meta property=\"og:site_name\" content=\"Fatos e Fotos News\" \/>\n<meta property=\"article:published_time\" content=\"2025-08-27T22:30:15+00:00\" \/>\n<meta property=\"og:image\" content=\"https:\/\/www.fatosefotosnews.com.br\/wp-content\/uploads\/2025\/08\/7b4103bb4492f150c909f3241245d693.png\" \/>\n\t<meta property=\"og:image:width\" content=\"1024\" \/>\n\t<meta property=\"og:image:height\" content=\"681\" \/>\n\t<meta property=\"og:image:type\" content=\"image\/png\" \/>\n<meta name=\"author\" content=\"Da Reda\u00e7\u00e3o\" \/>\n<meta name=\"twitter:card\" content=\"summary_large_image\" \/>\n<meta name=\"twitter:label1\" content=\"Escrito por\" \/>\n\t<meta name=\"twitter:data1\" content=\"Da Reda\u00e7\u00e3o\" \/>\n\t<meta name=\"twitter:label2\" content=\"Est. tempo de leitura\" \/>\n\t<meta name=\"twitter:data2\" content=\"99 minutos\" \/>\n<script type=\"application\/ld+json\" class=\"yoast-schema-graph\">{\"@context\":\"https:\\\/\\\/schema.org\",\"@graph\":[{\"@type\":\"Article\",\"@id\":\"https:\\\/\\\/www.fatosefotosnews.com.br\\\/?p=139761#article\",\"isPartOf\":{\"@id\":\"https:\\\/\\\/www.fatosefotosnews.com.br\\\/?p=139761\"},\"author\":{\"name\":\"Da Reda\u00e7\u00e3o\",\"@id\":\"https:\\\/\\\/www.fatosefotosnews.com.br\\\/#\\\/schema\\\/person\\\/3b80f81d08670fb1f6690e07eb8b5dc6\"},\"headline\":\"Programa Pontos de Mem\u00f3ria inicia novo ciclo com encontro virtual do Comit\u00ea Consultivo\",\"datePublished\":\"2025-08-27T22:30:15+00:00\",\"mainEntityOfPage\":{\"@id\":\"https:\\\/\\\/www.fatosefotosnews.com.br\\\/?p=139761\"},\"wordCount\":338,\"publisher\":{\"@id\":\"https:\\\/\\\/www.fatosefotosnews.com.br\\\/#organization\"},\"image\":{\"@id\":\"https:\\\/\\\/www.fatosefotosnews.com.br\\\/?p=139761#primaryimage\"},\"thumbnailUrl\":\"https:\\\/\\\/www.fatosefotosnews.com.br\\\/wp-content\\\/uploads\\\/2025\\\/08\\\/7b4103bb4492f150c909f3241245d693.png\",\"keywords\":[\"ciclo\",\"encontro\",\"inicia\",\"memoria\",\"pontos\",\"programa\",\"virtual\"],\"articleSection\":[\"Cultura\"],\"inLanguage\":\"pt-BR\"},{\"@type\":\"WebPage\",\"@id\":\"https:\\\/\\\/www.fatosefotosnews.com.br\\\/?p=139761\",\"url\":\"https:\\\/\\\/www.fatosefotosnews.com.br\\\/?p=139761\",\"name\":\"Programa Pontos de Mem\u00f3ria inicia novo ciclo com encontro virtual do Comit\u00ea Consultivo\",\"isPartOf\":{\"@id\":\"https:\\\/\\\/www.fatosefotosnews.com.br\\\/#website\"},\"primaryImageOfPage\":{\"@id\":\"https:\\\/\\\/www.fatosefotosnews.com.br\\\/?p=139761#primaryimage\"},\"image\":{\"@id\":\"https:\\\/\\\/www.fatosefotosnews.com.br\\\/?p=139761#primaryimage\"},\"thumbnailUrl\":\"https:\\\/\\\/www.fatosefotosnews.com.br\\\/wp-content\\\/uploads\\\/2025\\\/08\\\/7b4103bb4492f150c909f3241245d693.png\",\"datePublished\":\"2025-08-27T22:30:15+00:00\",\"description\":\"Programa Pontos de Mem\u00f3ria inicia novo ciclo com encontro virtual do Comit\u00ea Consultivo\",\"breadcrumb\":{\"@id\":\"https:\\\/\\\/www.fatosefotosnews.com.br\\\/?p=139761#breadcrumb\"},\"inLanguage\":\"pt-BR\",\"potentialAction\":[{\"@type\":\"ReadAction\",\"target\":[\"https:\\\/\\\/www.fatosefotosnews.com.br\\\/?p=139761\"]}]},{\"@type\":\"ImageObject\",\"inLanguage\":\"pt-BR\",\"@id\":\"https:\\\/\\\/www.fatosefotosnews.com.br\\\/?p=139761#primaryimage\",\"url\":\"https:\\\/\\\/www.fatosefotosnews.com.br\\\/wp-content\\\/uploads\\\/2025\\\/08\\\/7b4103bb4492f150c909f3241245d693.png\",\"contentUrl\":\"https:\\\/\\\/www.fatosefotosnews.com.br\\\/wp-content\\\/uploads\\\/2025\\\/08\\\/7b4103bb4492f150c909f3241245d693.png\",\"width\":1024,\"height\":681,\"caption\":\"Foto: Reprodu\u00e7\u00e3o\\\/Ibram\"},{\"@type\":\"BreadcrumbList\",\"@id\":\"https:\\\/\\\/www.fatosefotosnews.com.br\\\/?p=139761#breadcrumb\",\"itemListElement\":[{\"@type\":\"ListItem\",\"position\":1,\"name\":\"In\u00edcio\",\"item\":\"https:\\\/\\\/www.fatosefotosnews.com.br\\\/\"},{\"@type\":\"ListItem\",\"position\":2,\"name\":\"Programa Pontos de Mem\u00f3ria inicia novo ciclo com encontro virtual do Comit\u00ea Consultivo\"}]},{\"@type\":\"WebSite\",\"@id\":\"https:\\\/\\\/www.fatosefotosnews.com.br\\\/#website\",\"url\":\"https:\\\/\\\/www.fatosefotosnews.com.br\\\/\",\"name\":\"Fatos e Fotos News\",\"description\":\"Um site de noticial verdadeira e confi\u00e1veis.\",\"publisher\":{\"@id\":\"https:\\\/\\\/www.fatosefotosnews.com.br\\\/#organization\"},\"potentialAction\":[{\"@type\":\"SearchAction\",\"target\":{\"@type\":\"EntryPoint\",\"urlTemplate\":\"https:\\\/\\\/www.fatosefotosnews.com.br\\\/?s={search_term_string}\"},\"query-input\":{\"@type\":\"PropertyValueSpecification\",\"valueRequired\":true,\"valueName\":\"search_term_string\"}}],\"inLanguage\":\"pt-BR\"},{\"@type\":\"Organization\",\"@id\":\"https:\\\/\\\/www.fatosefotosnews.com.br\\\/#organization\",\"name\":\"Fatos e Fotos News\",\"url\":\"https:\\\/\\\/www.fatosefotosnews.com.br\\\/\",\"logo\":{\"@type\":\"ImageObject\",\"inLanguage\":\"pt-BR\",\"@id\":\"https:\\\/\\\/www.fatosefotosnews.com.br\\\/#\\\/schema\\\/logo\\\/image\\\/\",\"url\":\"https:\\\/\\\/www.fatosefotosnews.com.br\\\/wp-content\\\/uploads\\\/2023\\\/02\\\/Fatos-e-Fotos-news-logo.png\",\"contentUrl\":\"https:\\\/\\\/www.fatosefotosnews.com.br\\\/wp-content\\\/uploads\\\/2023\\\/02\\\/Fatos-e-Fotos-news-logo.png\",\"width\":300,\"height\":58,\"caption\":\"Fatos e Fotos News\"},\"image\":{\"@id\":\"https:\\\/\\\/www.fatosefotosnews.com.br\\\/#\\\/schema\\\/logo\\\/image\\\/\"}},{\"@type\":\"Person\",\"@id\":\"https:\\\/\\\/www.fatosefotosnews.com.br\\\/#\\\/schema\\\/person\\\/3b80f81d08670fb1f6690e07eb8b5dc6\",\"name\":\"Da Reda\u00e7\u00e3o\",\"image\":{\"@type\":\"ImageObject\",\"inLanguage\":\"pt-BR\",\"@id\":\"https:\\\/\\\/secure.gravatar.com\\\/avatar\\\/696d39935a657bf0fc95044dbc9f912520430a0eb6dd46c85dd97eb6483b249b?s=96&d=mm&r=g\",\"url\":\"https:\\\/\\\/secure.gravatar.com\\\/avatar\\\/696d39935a657bf0fc95044dbc9f912520430a0eb6dd46c85dd97eb6483b249b?s=96&d=mm&r=g\",\"contentUrl\":\"https:\\\/\\\/secure.gravatar.com\\\/avatar\\\/696d39935a657bf0fc95044dbc9f912520430a0eb6dd46c85dd97eb6483b249b?s=96&d=mm&r=g\",\"caption\":\"Da Reda\u00e7\u00e3o\"},\"url\":\"https:\\\/\\\/www.fatosefotosnews.com.br\\\/?author=5\"}]}<\/script>\n<!-- \/ Yoast SEO plugin. -->","yoast_head_json":{"title":"Programa Pontos de Mem\u00f3ria inicia novo ciclo com encontro virtual do Comit\u00ea Consultivo","description":"Programa Pontos de Mem\u00f3ria inicia novo ciclo com encontro virtual do Comit\u00ea Consultivo","robots":{"index":"index","follow":"follow","max-snippet":"max-snippet:-1","max-image-preview":"max-image-preview:large","max-video-preview":"max-video-preview:-1"},"canonical":"https:\/\/www.fatosefotosnews.com.br\/?p=139761","og_locale":"pt_BR","og_type":"article","og_title":"Programa Pontos de Mem\u00f3ria inicia novo ciclo com encontro virtual do Comit\u00ea Consultivo","og_description":"Programa Pontos de Mem\u00f3ria inicia novo ciclo com encontro virtual do Comit\u00ea Consultivo","og_url":"https:\/\/www.fatosefotosnews.com.br\/?p=139761","og_site_name":"Fatos e Fotos News","article_published_time":"2025-08-27T22:30:15+00:00","og_image":[{"width":1024,"height":681,"url":"https:\/\/www.fatosefotosnews.com.br\/wp-content\/uploads\/2025\/08\/7b4103bb4492f150c909f3241245d693.png","type":"image\/png"}],"author":"Da Reda\u00e7\u00e3o","twitter_card":"summary_large_image","twitter_misc":{"Escrito por":"Da Reda\u00e7\u00e3o","Est. tempo de leitura":"99 minutos"},"schema":{"@context":"https:\/\/schema.org","@graph":[{"@type":"Article","@id":"https:\/\/www.fatosefotosnews.com.br\/?p=139761#article","isPartOf":{"@id":"https:\/\/www.fatosefotosnews.com.br\/?p=139761"},"author":{"name":"Da Reda\u00e7\u00e3o","@id":"https:\/\/www.fatosefotosnews.com.br\/#\/schema\/person\/3b80f81d08670fb1f6690e07eb8b5dc6"},"headline":"Programa Pontos de Mem\u00f3ria inicia novo ciclo com encontro virtual do Comit\u00ea Consultivo","datePublished":"2025-08-27T22:30:15+00:00","mainEntityOfPage":{"@id":"https:\/\/www.fatosefotosnews.com.br\/?p=139761"},"wordCount":338,"publisher":{"@id":"https:\/\/www.fatosefotosnews.com.br\/#organization"},"image":{"@id":"https:\/\/www.fatosefotosnews.com.br\/?p=139761#primaryimage"},"thumbnailUrl":"https:\/\/www.fatosefotosnews.com.br\/wp-content\/uploads\/2025\/08\/7b4103bb4492f150c909f3241245d693.png","keywords":["ciclo","encontro","inicia","memoria","pontos","programa","virtual"],"articleSection":["Cultura"],"inLanguage":"pt-BR"},{"@type":"WebPage","@id":"https:\/\/www.fatosefotosnews.com.br\/?p=139761","url":"https:\/\/www.fatosefotosnews.com.br\/?p=139761","name":"Programa Pontos de Mem\u00f3ria inicia novo ciclo com encontro virtual do Comit\u00ea Consultivo","isPartOf":{"@id":"https:\/\/www.fatosefotosnews.com.br\/#website"},"primaryImageOfPage":{"@id":"https:\/\/www.fatosefotosnews.com.br\/?p=139761#primaryimage"},"image":{"@id":"https:\/\/www.fatosefotosnews.com.br\/?p=139761#primaryimage"},"thumbnailUrl":"https:\/\/www.fatosefotosnews.com.br\/wp-content\/uploads\/2025\/08\/7b4103bb4492f150c909f3241245d693.png","datePublished":"2025-08-27T22:30:15+00:00","description":"Programa Pontos de Mem\u00f3ria inicia novo ciclo com encontro virtual do Comit\u00ea Consultivo","breadcrumb":{"@id":"https:\/\/www.fatosefotosnews.com.br\/?p=139761#breadcrumb"},"inLanguage":"pt-BR","potentialAction":[{"@type":"ReadAction","target":["https:\/\/www.fatosefotosnews.com.br\/?p=139761"]}]},{"@type":"ImageObject","inLanguage":"pt-BR","@id":"https:\/\/www.fatosefotosnews.com.br\/?p=139761#primaryimage","url":"https:\/\/www.fatosefotosnews.com.br\/wp-content\/uploads\/2025\/08\/7b4103bb4492f150c909f3241245d693.png","contentUrl":"https:\/\/www.fatosefotosnews.com.br\/wp-content\/uploads\/2025\/08\/7b4103bb4492f150c909f3241245d693.png","width":1024,"height":681,"caption":"Foto: Reprodu\u00e7\u00e3o\/Ibram"},{"@type":"BreadcrumbList","@id":"https:\/\/www.fatosefotosnews.com.br\/?p=139761#breadcrumb","itemListElement":[{"@type":"ListItem","position":1,"name":"In\u00edcio","item":"https:\/\/www.fatosefotosnews.com.br\/"},{"@type":"ListItem","position":2,"name":"Programa Pontos de Mem\u00f3ria inicia novo ciclo com encontro virtual do Comit\u00ea Consultivo"}]},{"@type":"WebSite","@id":"https:\/\/www.fatosefotosnews.com.br\/#website","url":"https:\/\/www.fatosefotosnews.com.br\/","name":"Fatos e Fotos News","description":"Um site de noticial verdadeira e confi\u00e1veis.","publisher":{"@id":"https:\/\/www.fatosefotosnews.com.br\/#organization"},"potentialAction":[{"@type":"SearchAction","target":{"@type":"EntryPoint","urlTemplate":"https:\/\/www.fatosefotosnews.com.br\/?s={search_term_string}"},"query-input":{"@type":"PropertyValueSpecification","valueRequired":true,"valueName":"search_term_string"}}],"inLanguage":"pt-BR"},{"@type":"Organization","@id":"https:\/\/www.fatosefotosnews.com.br\/#organization","name":"Fatos e Fotos News","url":"https:\/\/www.fatosefotosnews.com.br\/","logo":{"@type":"ImageObject","inLanguage":"pt-BR","@id":"https:\/\/www.fatosefotosnews.com.br\/#\/schema\/logo\/image\/","url":"https:\/\/www.fatosefotosnews.com.br\/wp-content\/uploads\/2023\/02\/Fatos-e-Fotos-news-logo.png","contentUrl":"https:\/\/www.fatosefotosnews.com.br\/wp-content\/uploads\/2023\/02\/Fatos-e-Fotos-news-logo.png","width":300,"height":58,"caption":"Fatos e Fotos News"},"image":{"@id":"https:\/\/www.fatosefotosnews.com.br\/#\/schema\/logo\/image\/"}},{"@type":"Person","@id":"https:\/\/www.fatosefotosnews.com.br\/#\/schema\/person\/3b80f81d08670fb1f6690e07eb8b5dc6","name":"Da Reda\u00e7\u00e3o","image":{"@type":"ImageObject","inLanguage":"pt-BR","@id":"https:\/\/secure.gravatar.com\/avatar\/696d39935a657bf0fc95044dbc9f912520430a0eb6dd46c85dd97eb6483b249b?s=96&d=mm&r=g","url":"https:\/\/secure.gravatar.com\/avatar\/696d39935a657bf0fc95044dbc9f912520430a0eb6dd46c85dd97eb6483b249b?s=96&d=mm&r=g","contentUrl":"https:\/\/secure.gravatar.com\/avatar\/696d39935a657bf0fc95044dbc9f912520430a0eb6dd46c85dd97eb6483b249b?s=96&d=mm&r=g","caption":"Da Reda\u00e7\u00e3o"},"url":"https:\/\/www.fatosefotosnews.com.br\/?author=5"}]}},"jetpack_publicize_connections":[],"blog_post_layout_featured_media_urls":{"thumbnail":["https:\/\/www.fatosefotosnews.com.br\/wp-content\/uploads\/2025\/08\/7b4103bb4492f150c909f3241245d693-150x150.png",150,150,true],"full":["https:\/\/www.fatosefotosnews.com.br\/wp-content\/uploads\/2025\/08\/7b4103bb4492f150c909f3241245d693.png",1024,681,false]},"categories_names":{"4265":{"name":"Cultura","link":"https:\/\/www.fatosefotosnews.com.br\/?cat=4265"}},"tags_names":{"4412":{"name":"ciclo","link":"https:\/\/www.fatosefotosnews.com.br\/?tag=ciclo"},"422":{"name":"encontro","link":"https:\/\/www.fatosefotosnews.com.br\/?tag=encontro"},"605":{"name":"inicia","link":"https:\/\/www.fatosefotosnews.com.br\/?tag=inicia"},"1188":{"name":"memoria","link":"https:\/\/www.fatosefotosnews.com.br\/?tag=memoria"},"1312":{"name":"pontos","link":"https:\/\/www.fatosefotosnews.com.br\/?tag=pontos"},"1428":{"name":"programa","link":"https:\/\/www.fatosefotosnews.com.br\/?tag=programa"},"2586":{"name":"virtual","link":"https:\/\/www.fatosefotosnews.com.br\/?tag=virtual"}},"comments_number":"0","wpmagazine_modules_lite_featured_media_urls":{"thumbnail":["https:\/\/www.fatosefotosnews.com.br\/wp-content\/uploads\/2025\/08\/7b4103bb4492f150c909f3241245d693-150x150.png",150,150,true],"cvmm-medium":["https:\/\/www.fatosefotosnews.com.br\/wp-content\/uploads\/2025\/08\/7b4103bb4492f150c909f3241245d693-300x300.png",300,300,true],"cvmm-medium-plus":["https:\/\/www.fatosefotosnews.com.br\/wp-content\/uploads\/2025\/08\/7b4103bb4492f150c909f3241245d693-305x207.png",305,207,true],"cvmm-portrait":["https:\/\/www.fatosefotosnews.com.br\/wp-content\/uploads\/2025\/08\/7b4103bb4492f150c909f3241245d693-400x600.png",400,600,true],"cvmm-medium-square":["https:\/\/www.fatosefotosnews.com.br\/wp-content\/uploads\/2025\/08\/7b4103bb4492f150c909f3241245d693-600x600.png",600,600,true],"cvmm-large":["https:\/\/www.fatosefotosnews.com.br\/wp-content\/uploads\/2025\/08\/7b4103bb4492f150c909f3241245d693.png",1024,681,false],"cvmm-small":["https:\/\/www.fatosefotosnews.com.br\/wp-content\/uploads\/2025\/08\/7b4103bb4492f150c909f3241245d693-130x95.png",130,95,true],"full":["https:\/\/www.fatosefotosnews.com.br\/wp-content\/uploads\/2025\/08\/7b4103bb4492f150c909f3241245d693.png",1024,681,false]},"_links":{"self":[{"href":"https:\/\/www.fatosefotosnews.com.br\/index.php?rest_route=\/wp\/v2\/posts\/139761","targetHints":{"allow":["GET"]}}],"collection":[{"href":"https:\/\/www.fatosefotosnews.com.br\/index.php?rest_route=\/wp\/v2\/posts"}],"about":[{"href":"https:\/\/www.fatosefotosnews.com.br\/index.php?rest_route=\/wp\/v2\/types\/post"}],"author":[{"embeddable":true,"href":"https:\/\/www.fatosefotosnews.com.br\/index.php?rest_route=\/wp\/v2\/users\/5"}],"replies":[{"embeddable":true,"href":"https:\/\/www.fatosefotosnews.com.br\/index.php?rest_route=%2Fwp%2Fv2%2Fcomments&post=139761"}],"version-history":[{"count":0,"href":"https:\/\/www.fatosefotosnews.com.br\/index.php?rest_route=\/wp\/v2\/posts\/139761\/revisions"}],"wp:featuredmedia":[{"embeddable":true,"href":"https:\/\/www.fatosefotosnews.com.br\/index.php?rest_route=\/wp\/v2\/media\/139762"}],"wp:attachment":[{"href":"https:\/\/www.fatosefotosnews.com.br\/index.php?rest_route=%2Fwp%2Fv2%2Fmedia&parent=139761"}],"wp:term":[{"taxonomy":"category","embeddable":true,"href":"https:\/\/www.fatosefotosnews.com.br\/index.php?rest_route=%2Fwp%2Fv2%2Fcategories&post=139761"},{"taxonomy":"post_tag","embeddable":true,"href":"https:\/\/www.fatosefotosnews.com.br\/index.php?rest_route=%2Fwp%2Fv2%2Ftags&post=139761"}],"curies":[{"name":"wp","href":"https:\/\/api.w.org\/{rel}","templated":true}]}}