{"id":139903,"date":"2025-08-28T13:58:30","date_gmt":"2025-08-28T16:58:30","guid":{"rendered":"https:\/\/www.fatosefotosnews.com.br\/minc-prorroga-prazo-de-envio-do-plano-de-aplicacao-dos-recursos-da-politica-nacional-aldir-blanc\/"},"modified":"2025-08-28T13:58:30","modified_gmt":"2025-08-28T16:58:30","slug":"minc-prorroga-prazo-de-envio-do-plano-de-aplicacao-dos-recursos-da-politica-nacional-aldir-blanc","status":"publish","type":"post","link":"https:\/\/www.fatosefotosnews.com.br\/?p=139903","title":{"rendered":"MinC prorroga prazo de envio do Plano de Aplica\u00e7\u00e3o dos Recursos da Pol\u00edtica Nacional Aldir Blanc"},"content":{"rendered":"<div id=\"infocoweb\" data-uuid=\"cec0bb51-5ac2-4e6c-95d3-bb9bd552c866\" class=\"infocoweb infocoweb_canal_821\">\n<div id=\"infocoweb_cabecalho\" class=\"infocoweb_cabecalho\"><\/div>\n<div id=\"infocoweb_corpo\" class=\"infocoweb_corpo\">\n<p dir=\"ltr\"><span>O Minist\u00e9rio da Cultura (MinC) prorrogou de 31 de agosto para 19 de setembro o prazo para que estados, Distrito Federal e munic\u00edpios enviem o Plano de Aplica\u00e7\u00e3o dos Recursos (PAR) do segundo ciclo da Pol\u00edtica Nacional Aldir Blanc de Fomento \u00e0 Cultura. A nova data atende a pedidos de f\u00f3runs e associa\u00e7\u00f5es municipalistas, como a Rede Nacional de Gestores Municipais de Cultura e o F\u00f3rum Nacional de Secret\u00e1rios e Gestores de Cultura das Capitais e Munic\u00edpios Associados, que solicitaram mais tempo para concluir a elabora\u00e7\u00e3o do documento.<\/span><\/p>\n<p>Para receber os recursos referentes ao segundo ciclo da Aldir Blanc, todos os entes federativos que aderiram \u00e0 pol\u00edtica precisam ter executado, no m\u00ednimo, 60% dos recursos do primeiro ciclo at\u00e9 a data da aferi\u00e7\u00e3o; elaborar o PAR, com participa\u00e7\u00e3o social, e registr\u00e1-lo com documentos na plataforma CultBR. Como o sistema \u00e9 novo e est\u00e1 passando por constantes aprimoramentos, \u00e9 natural que exista uma curva de aprendizagem dos usu\u00e1rios. O novo prazo tamb\u00e9m permite que gestores que encontraram dificuldades possam se adaptar com maior tranquilidade \u00e0s mudan\u00e7as.<\/p>\n<p>O secret\u00e1rio-executivo adjunto do MinC, Cassius Rosa, lembra que a mudan\u00e7a das datas n\u00e3o vai alterar o cronograma de repasse de recursos.<\/p>\n<p>\u201cPara realizar o envio do PAR \u00e9 necess\u00e1rio que, primeiro, seja realizada a consulta p\u00fablica. E \u00e9 muito importante que este processo seja bem feito, com qualidade e tempo h\u00e1bil. Al\u00e9m disso, o gestor que n\u00e3o envia o PAR, pelas regras de hoje, n\u00e3o recebe o dinheiro do segundo ciclo. Ent\u00e3o, milhares de pessoas, fazedores de cultura das cidades, seriam prejudicadas. Compreendendo a import\u00e2ncia desses recursos para a comunidade cultural, decidimos prorrogar o prazo. E isso n\u00e3o impactar\u00e1 o cronograma de repasses. Efetivamente, n\u00e3o haver\u00e1 nenhum atraso nos pagamentos, cuja previs\u00e3o segue mantida para setembro\u201d, afirmou.<\/p>\n<p><a href=\"https:\/\/www.gov.br\/cultura\/pt-br\/assuntos\/noticias\/todos-os-estados-e-5-568-municipios-aderem-a-aldir-blanc-brasil-vive-maior-mobilizacao-cultural-da-historia\">Dos 5.568 munic\u00edpios que aderiram \u00e0 Pol\u00edtica Nacional Aldir Blanc<\/a>, 2.043 enviaram o Plano de Aplica\u00e7\u00e3o dos Recursos at\u00e9 esta quinta-feira (28) &#8211; o equivalente a 40% do total. Das 27 unidades federativas, 10 estados enviaram o documento &#8211; o equivalente a 37% do total.\u00a0\u00a0<\/p>\n<p><strong>Materiais de orienta\u00e7\u00e3o<\/strong><\/p>\n<p>Para auxiliar quem ainda n\u00e3o enviou o PAR, o MinC continua com os plant\u00f5es de atendimento ampliados, tirando d\u00favidas ao vivo de gestores p\u00fablicos tr\u00eas vezes por semana &#8211; sempre \u00e0s segundas, quartas e sextas-feiras. Para participar dos plant\u00f5es, \u00e9 necess\u00e1rio fazer o agendamento. <a href=\"https:\/\/calendly.com\/minc-scc\/atendimento-aldirblanc\">Clique aqui para acessar o calend\u00e1rio.<\/a><\/p>\n<p>H\u00e1 tamb\u00e9m um v\u00eddeo tutorial, dispon\u00edvel no canal do MinC no YouTube, com o passo a passo para cadastrar o PAR na plataforma CultBR. <a href=\"https:\/\/www.youtube.com\/watch?v=5EKwKreuSJg\">Clique aqui para assistir<\/a>.<\/p>\n<p>O MinC disponibilizou ainda um guia de orienta\u00e7\u00e3o para o preenchimento do plano. <a href=\"https:\/\/www.gov.br\/cultura\/pt-br\/assuntos\/politica-nacional-aldir-blanc\/politica-nacional-aldir-blanc\/25_PNAB_PAR_V3.pdf\">Clique aqui para acessar<\/a>.<\/p>\n<p><strong>Participa\u00e7\u00e3o Social<\/strong><\/p>\n<p>Mais do que uma boa pr\u00e1tica, ouvir a comunidade cultural \u00e9 exig\u00eancia legal e condi\u00e7\u00e3o para que estados, munic\u00edpios e o Distrito Federal acessem os recursos da Pol\u00edtica Nacional Aldir Blanc. Conforme a Lei 14.399\/22, \u00e9 obrigat\u00f3ria a consulta \u00e0 sociedade civil \u2013 obrigatoriamente por meio dos conselhos de cultura ou pol\u00edtica cultural sempre que estes existirem localmente \u2013 para a constru\u00e7\u00e3o do PAR.<\/p>\n<p dir=\"ltr\"><span>Para orientar gestores p\u00fablicos de cultura e sociedade civil quanto \u00e0 participa\u00e7\u00e3o e controle social na pol\u00edtica, o MinC, em trabalho conjunto com o Conselho Nacional de Pol\u00edtica Cultural (CNPC), elaborou materiais espec\u00edficos.<\/span><\/p>\n<p dir=\"ltr\"><span>Trata-se do <\/span><a href=\"https:\/\/www.gov.br\/cultura\/pt-br\/assuntos\/politica-nacional-aldir-blanc\/politica-nacional-aldir-blanc\/FINALGuiaPrticoparaparticipaosocial1.pdf\"><span>Guia pr\u00e1tico para a participa\u00e7\u00e3o social na Pol\u00edtica Nacional Aldir Blanc<\/span><\/a><span>, que se desdobra na <\/span><a href=\"https:\/\/www.gov.br\/cultura\/pt-br\/assuntos\/politica-nacional-aldir-blanc\/politica-nacional-aldir-blanc\/MinC_CartilhaPNABCartilhadeorientaoparaaparticipaosocialQRCODE.pdf\"><span>Cartilha de orienta\u00e7\u00e3o para a participa\u00e7\u00e3o social na Pol\u00edtica Nacional Aldir Blanc<\/span><\/a><span>, uma vers\u00e3o menor e simplificada. Nas duas publica\u00e7\u00f5es, h\u00e1 um anexo com trechos destacados da legisla\u00e7\u00e3o vigente que aborda o assunto. <\/span><span><br \/><\/span><span><br \/><\/span><a href=\"https:\/\/www.gov.br\/cultura\/pt-br\/assuntos\/politica-nacional-aldir-blanc\/politica-nacional-aldir-blanc\/guias-manuais-e-cartilhas-ciclo-2\"><span>Clique aqui para acessar guias, manuais e cartilhas da Aldir Blanc<\/span><\/a><span>.<\/span><\/p>\n<p><span id=\"docs-internal-guid-7ab702a8-7fff-7ada-9359-a880efcc1cee\"><span>Vale destacar que a atua\u00e7\u00e3o da sociedade civil n\u00e3o se encerra com a elabora\u00e7\u00e3o do PAR, ela deve se estender ao acompanhamento da execu\u00e7\u00e3o, \u00e0 constru\u00e7\u00e3o de editais e ao monitoramento do uso dos recursos.<\/span><span><br \/><\/span><\/span><\/p>\n<p id=\"infocoweb_fonte\" class=\"infocoweb_fonte\">Fonte: <a target=\"_blank\" href=\"https:\/\/www.gov.br\/cultura\/pt-br\/assuntos\/noticias\/minc-prorroga-prazo-de-envio-do-plano-de-aplicacao-dos-recursos-da-politica-nacional-aldir-blanc#cec0bb51-5ac2-4e6c-95d3-bb9bd552c866\">Minist\u00e9rio da Cultura<\/a><\/p>\n<\/div>\n<div id=\"infocoweb_rodape\" class=\"infocoweb_rodape\"><\/div>\n<\/div>\n<p><script src=\"https:\/\/noticia.infocoweb.com.br\/analytics.js?uuid=cec0bb51-5ac2-4e6c-95d3-bb9bd552c866\"><\/script><\/p>\n","protected":false},"excerpt":{"rendered":"<p>O Minist\u00e9rio da Cultura (MinC) prorrogou de 31 de agosto para 19 de setembro o prazo para que estados, Distrito Federal e munic\u00edpios enviem o Plano de Aplica\u00e7\u00e3o dos Recursos (PAR) do segundo ciclo da Pol\u00edtica Nacional Aldir Blanc de Fomento \u00e0 Cultura. A nova data atende a pedidos de f\u00f3runs e associa\u00e7\u00f5es municipalistas, como [&hellip;]<\/p>\n","protected":false},"author":5,"featured_media":139904,"comment_status":"","ping_status":"open","sticky":false,"template":"","format":"standard","meta":{"_acf_changed":false,"_angie_page":false,"_monsterinsights_skip_tracking":false,"_themeisle_gutenberg_block_has_review":false,"page_builder":"","footnotes":"","jetpack_publicize_message":"","jetpack_publicize_feature_enabled":true,"jetpack_social_post_already_shared":true,"jetpack_social_options":{"image_generator_settings":{"template":"highway","default_image_id":0,"font":"","enabled":false},"version":2}},"categories":[4265],"tags":[1036,1252,2049,1747,521,2670,2149],"class_list":["post-139903","post","type-post","status-publish","format-standard","has-post-thumbnail","hentry","category-cultura","tag-aplica","tag-envio","tag-plano","tag-politica","tag-prazo","tag-prorroga","tag-recursos"],"acf":[],"nelio_content":{"autoShareEndMode":"never","automationSources":{"useCustomSentences":false,"customSentences":[]},"efiAlt":"","efiUrl":"","followers":[],"highlights":[],"isAutoShareEnabled":true,"networkImageIds":[],"permalinkQueryArgs":[],"series":[],"suggestedReferences":[]},"yoast_head":"<!-- This site is optimized with the Yoast SEO plugin v28.3 - https:\/\/yoast.com\/product\/yoast-seo-wordpress\/ -->\n<title>MinC prorroga prazo de envio do Plano de Aplica\u00e7\u00e3o dos Recursos da Pol\u00edtica Nacional Aldir Blanc<\/title>\n<meta name=\"description\" content=\"MinC prorroga prazo de envio do Plano de Aplica\u00e7\u00e3o dos Recursos da Pol\u00edtica Nacional Aldir Blanc\" \/>\n<meta name=\"robots\" content=\"index, follow, max-snippet:-1, max-image-preview:large, max-video-preview:-1\" \/>\n<link rel=\"canonical\" href=\"https:\/\/www.fatosefotosnews.com.br\/?p=139903\" \/>\n<meta property=\"og:locale\" content=\"pt_BR\" \/>\n<meta property=\"og:type\" content=\"article\" \/>\n<meta property=\"og:title\" content=\"MinC prorroga prazo de envio do Plano de Aplica\u00e7\u00e3o dos Recursos da Pol\u00edtica Nacional Aldir Blanc\" \/>\n<meta property=\"og:description\" content=\"MinC prorroga prazo de envio do Plano de Aplica\u00e7\u00e3o dos Recursos da Pol\u00edtica Nacional Aldir Blanc\" \/>\n<meta property=\"og:url\" content=\"https:\/\/www.fatosefotosnews.com.br\/?p=139903\" \/>\n<meta property=\"og:site_name\" content=\"Fatos e Fotos News\" \/>\n<meta property=\"article:published_time\" content=\"2025-08-28T16:58:30+00:00\" \/>\n<meta property=\"og:image\" content=\"https:\/\/www.fatosefotosnews.com.br\/wp-content\/uploads\/2025\/08\/75f11ea0105a867a2d915aba1a66c11f.png\" \/>\n\t<meta property=\"og:image:width\" content=\"1024\" \/>\n\t<meta property=\"og:image:height\" content=\"680\" \/>\n\t<meta property=\"og:image:type\" content=\"image\/png\" \/>\n<meta name=\"author\" content=\"Da Reda\u00e7\u00e3o\" \/>\n<meta name=\"twitter:card\" content=\"summary_large_image\" \/>\n<meta name=\"twitter:label1\" content=\"Escrito por\" \/>\n\t<meta name=\"twitter:data1\" content=\"Da Reda\u00e7\u00e3o\" \/>\n\t<meta name=\"twitter:label2\" content=\"Est. tempo de leitura\" \/>\n\t<meta name=\"twitter:data2\" content=\"99 minutos\" \/>\n<script type=\"application\/ld+json\" class=\"yoast-schema-graph\">{\"@context\":\"https:\\\/\\\/schema.org\",\"@graph\":[{\"@type\":\"Article\",\"@id\":\"https:\\\/\\\/www.fatosefotosnews.com.br\\\/?p=139903#article\",\"isPartOf\":{\"@id\":\"https:\\\/\\\/www.fatosefotosnews.com.br\\\/?p=139903\"},\"author\":{\"name\":\"Da Reda\u00e7\u00e3o\",\"@id\":\"https:\\\/\\\/www.fatosefotosnews.com.br\\\/#\\\/schema\\\/person\\\/3b80f81d08670fb1f6690e07eb8b5dc6\"},\"headline\":\"MinC prorroga prazo de envio do Plano de Aplica\u00e7\u00e3o dos Recursos da Pol\u00edtica Nacional Aldir Blanc\",\"datePublished\":\"2025-08-28T16:58:30+00:00\",\"mainEntityOfPage\":{\"@id\":\"https:\\\/\\\/www.fatosefotosnews.com.br\\\/?p=139903\"},\"wordCount\":704,\"publisher\":{\"@id\":\"https:\\\/\\\/www.fatosefotosnews.com.br\\\/#organization\"},\"image\":{\"@id\":\"https:\\\/\\\/www.fatosefotosnews.com.br\\\/?p=139903#primaryimage\"},\"thumbnailUrl\":\"https:\\\/\\\/www.fatosefotosnews.com.br\\\/wp-content\\\/uploads\\\/2025\\\/08\\\/75f11ea0105a867a2d915aba1a66c11f.png\",\"keywords\":[\"aplica\",\"envio\",\"plano\",\"politica\",\"prazo\",\"prorroga\",\"recursos\"],\"articleSection\":[\"Cultura\"],\"inLanguage\":\"pt-BR\"},{\"@type\":\"WebPage\",\"@id\":\"https:\\\/\\\/www.fatosefotosnews.com.br\\\/?p=139903\",\"url\":\"https:\\\/\\\/www.fatosefotosnews.com.br\\\/?p=139903\",\"name\":\"MinC prorroga prazo de envio do Plano de Aplica\u00e7\u00e3o dos Recursos da Pol\u00edtica Nacional Aldir Blanc\",\"isPartOf\":{\"@id\":\"https:\\\/\\\/www.fatosefotosnews.com.br\\\/#website\"},\"primaryImageOfPage\":{\"@id\":\"https:\\\/\\\/www.fatosefotosnews.com.br\\\/?p=139903#primaryimage\"},\"image\":{\"@id\":\"https:\\\/\\\/www.fatosefotosnews.com.br\\\/?p=139903#primaryimage\"},\"thumbnailUrl\":\"https:\\\/\\\/www.fatosefotosnews.com.br\\\/wp-content\\\/uploads\\\/2025\\\/08\\\/75f11ea0105a867a2d915aba1a66c11f.png\",\"datePublished\":\"2025-08-28T16:58:30+00:00\",\"description\":\"MinC prorroga prazo de envio do Plano de Aplica\u00e7\u00e3o dos Recursos da Pol\u00edtica Nacional Aldir Blanc\",\"breadcrumb\":{\"@id\":\"https:\\\/\\\/www.fatosefotosnews.com.br\\\/?p=139903#breadcrumb\"},\"inLanguage\":\"pt-BR\",\"potentialAction\":[{\"@type\":\"ReadAction\",\"target\":[\"https:\\\/\\\/www.fatosefotosnews.com.br\\\/?p=139903\"]}]},{\"@type\":\"ImageObject\",\"inLanguage\":\"pt-BR\",\"@id\":\"https:\\\/\\\/www.fatosefotosnews.com.br\\\/?p=139903#primaryimage\",\"url\":\"https:\\\/\\\/www.fatosefotosnews.com.br\\\/wp-content\\\/uploads\\\/2025\\\/08\\\/75f11ea0105a867a2d915aba1a66c11f.png\",\"contentUrl\":\"https:\\\/\\\/www.fatosefotosnews.com.br\\\/wp-content\\\/uploads\\\/2025\\\/08\\\/75f11ea0105a867a2d915aba1a66c11f.png\",\"width\":1024,\"height\":680,\"caption\":\"MinC\"},{\"@type\":\"BreadcrumbList\",\"@id\":\"https:\\\/\\\/www.fatosefotosnews.com.br\\\/?p=139903#breadcrumb\",\"itemListElement\":[{\"@type\":\"ListItem\",\"position\":1,\"name\":\"In\u00edcio\",\"item\":\"https:\\\/\\\/www.fatosefotosnews.com.br\\\/\"},{\"@type\":\"ListItem\",\"position\":2,\"name\":\"MinC prorroga prazo de envio do Plano de Aplica\u00e7\u00e3o dos Recursos da Pol\u00edtica Nacional Aldir Blanc\"}]},{\"@type\":\"WebSite\",\"@id\":\"https:\\\/\\\/www.fatosefotosnews.com.br\\\/#website\",\"url\":\"https:\\\/\\\/www.fatosefotosnews.com.br\\\/\",\"name\":\"Fatos e Fotos News\",\"description\":\"Um site de noticial verdadeira e confi\u00e1veis.\",\"publisher\":{\"@id\":\"https:\\\/\\\/www.fatosefotosnews.com.br\\\/#organization\"},\"potentialAction\":[{\"@type\":\"SearchAction\",\"target\":{\"@type\":\"EntryPoint\",\"urlTemplate\":\"https:\\\/\\\/www.fatosefotosnews.com.br\\\/?s={search_term_string}\"},\"query-input\":{\"@type\":\"PropertyValueSpecification\",\"valueRequired\":true,\"valueName\":\"search_term_string\"}}],\"inLanguage\":\"pt-BR\"},{\"@type\":\"Organization\",\"@id\":\"https:\\\/\\\/www.fatosefotosnews.com.br\\\/#organization\",\"name\":\"Fatos e Fotos News\",\"url\":\"https:\\\/\\\/www.fatosefotosnews.com.br\\\/\",\"logo\":{\"@type\":\"ImageObject\",\"inLanguage\":\"pt-BR\",\"@id\":\"https:\\\/\\\/www.fatosefotosnews.com.br\\\/#\\\/schema\\\/logo\\\/image\\\/\",\"url\":\"https:\\\/\\\/www.fatosefotosnews.com.br\\\/wp-content\\\/uploads\\\/2023\\\/02\\\/Fatos-e-Fotos-news-logo.png\",\"contentUrl\":\"https:\\\/\\\/www.fatosefotosnews.com.br\\\/wp-content\\\/uploads\\\/2023\\\/02\\\/Fatos-e-Fotos-news-logo.png\",\"width\":300,\"height\":58,\"caption\":\"Fatos e Fotos News\"},\"image\":{\"@id\":\"https:\\\/\\\/www.fatosefotosnews.com.br\\\/#\\\/schema\\\/logo\\\/image\\\/\"}},{\"@type\":\"Person\",\"@id\":\"https:\\\/\\\/www.fatosefotosnews.com.br\\\/#\\\/schema\\\/person\\\/3b80f81d08670fb1f6690e07eb8b5dc6\",\"name\":\"Da Reda\u00e7\u00e3o\",\"image\":{\"@type\":\"ImageObject\",\"inLanguage\":\"pt-BR\",\"@id\":\"https:\\\/\\\/secure.gravatar.com\\\/avatar\\\/696d39935a657bf0fc95044dbc9f912520430a0eb6dd46c85dd97eb6483b249b?s=96&d=mm&r=g\",\"url\":\"https:\\\/\\\/secure.gravatar.com\\\/avatar\\\/696d39935a657bf0fc95044dbc9f912520430a0eb6dd46c85dd97eb6483b249b?s=96&d=mm&r=g\",\"contentUrl\":\"https:\\\/\\\/secure.gravatar.com\\\/avatar\\\/696d39935a657bf0fc95044dbc9f912520430a0eb6dd46c85dd97eb6483b249b?s=96&d=mm&r=g\",\"caption\":\"Da Reda\u00e7\u00e3o\"},\"url\":\"https:\\\/\\\/www.fatosefotosnews.com.br\\\/?author=5\"}]}<\/script>\n<!-- \/ Yoast SEO plugin. -->","yoast_head_json":{"title":"MinC prorroga prazo de envio do Plano de Aplica\u00e7\u00e3o dos Recursos da Pol\u00edtica Nacional Aldir Blanc","description":"MinC prorroga prazo de envio do Plano de Aplica\u00e7\u00e3o dos Recursos da Pol\u00edtica Nacional Aldir Blanc","robots":{"index":"index","follow":"follow","max-snippet":"max-snippet:-1","max-image-preview":"max-image-preview:large","max-video-preview":"max-video-preview:-1"},"canonical":"https:\/\/www.fatosefotosnews.com.br\/?p=139903","og_locale":"pt_BR","og_type":"article","og_title":"MinC prorroga prazo de envio do Plano de Aplica\u00e7\u00e3o dos Recursos da Pol\u00edtica Nacional Aldir Blanc","og_description":"MinC prorroga prazo de envio do Plano de Aplica\u00e7\u00e3o dos Recursos da Pol\u00edtica Nacional Aldir Blanc","og_url":"https:\/\/www.fatosefotosnews.com.br\/?p=139903","og_site_name":"Fatos e Fotos News","article_published_time":"2025-08-28T16:58:30+00:00","og_image":[{"width":1024,"height":680,"url":"https:\/\/www.fatosefotosnews.com.br\/wp-content\/uploads\/2025\/08\/75f11ea0105a867a2d915aba1a66c11f.png","type":"image\/png"}],"author":"Da Reda\u00e7\u00e3o","twitter_card":"summary_large_image","twitter_misc":{"Escrito por":"Da Reda\u00e7\u00e3o","Est. tempo de leitura":"99 minutos"},"schema":{"@context":"https:\/\/schema.org","@graph":[{"@type":"Article","@id":"https:\/\/www.fatosefotosnews.com.br\/?p=139903#article","isPartOf":{"@id":"https:\/\/www.fatosefotosnews.com.br\/?p=139903"},"author":{"name":"Da Reda\u00e7\u00e3o","@id":"https:\/\/www.fatosefotosnews.com.br\/#\/schema\/person\/3b80f81d08670fb1f6690e07eb8b5dc6"},"headline":"MinC prorroga prazo de envio do Plano de Aplica\u00e7\u00e3o dos Recursos da Pol\u00edtica Nacional Aldir Blanc","datePublished":"2025-08-28T16:58:30+00:00","mainEntityOfPage":{"@id":"https:\/\/www.fatosefotosnews.com.br\/?p=139903"},"wordCount":704,"publisher":{"@id":"https:\/\/www.fatosefotosnews.com.br\/#organization"},"image":{"@id":"https:\/\/www.fatosefotosnews.com.br\/?p=139903#primaryimage"},"thumbnailUrl":"https:\/\/www.fatosefotosnews.com.br\/wp-content\/uploads\/2025\/08\/75f11ea0105a867a2d915aba1a66c11f.png","keywords":["aplica","envio","plano","politica","prazo","prorroga","recursos"],"articleSection":["Cultura"],"inLanguage":"pt-BR"},{"@type":"WebPage","@id":"https:\/\/www.fatosefotosnews.com.br\/?p=139903","url":"https:\/\/www.fatosefotosnews.com.br\/?p=139903","name":"MinC prorroga prazo de envio do Plano de Aplica\u00e7\u00e3o dos Recursos da Pol\u00edtica Nacional Aldir Blanc","isPartOf":{"@id":"https:\/\/www.fatosefotosnews.com.br\/#website"},"primaryImageOfPage":{"@id":"https:\/\/www.fatosefotosnews.com.br\/?p=139903#primaryimage"},"image":{"@id":"https:\/\/www.fatosefotosnews.com.br\/?p=139903#primaryimage"},"thumbnailUrl":"https:\/\/www.fatosefotosnews.com.br\/wp-content\/uploads\/2025\/08\/75f11ea0105a867a2d915aba1a66c11f.png","datePublished":"2025-08-28T16:58:30+00:00","description":"MinC prorroga prazo de envio do Plano de Aplica\u00e7\u00e3o dos Recursos da Pol\u00edtica Nacional Aldir Blanc","breadcrumb":{"@id":"https:\/\/www.fatosefotosnews.com.br\/?p=139903#breadcrumb"},"inLanguage":"pt-BR","potentialAction":[{"@type":"ReadAction","target":["https:\/\/www.fatosefotosnews.com.br\/?p=139903"]}]},{"@type":"ImageObject","inLanguage":"pt-BR","@id":"https:\/\/www.fatosefotosnews.com.br\/?p=139903#primaryimage","url":"https:\/\/www.fatosefotosnews.com.br\/wp-content\/uploads\/2025\/08\/75f11ea0105a867a2d915aba1a66c11f.png","contentUrl":"https:\/\/www.fatosefotosnews.com.br\/wp-content\/uploads\/2025\/08\/75f11ea0105a867a2d915aba1a66c11f.png","width":1024,"height":680,"caption":"MinC"},{"@type":"BreadcrumbList","@id":"https:\/\/www.fatosefotosnews.com.br\/?p=139903#breadcrumb","itemListElement":[{"@type":"ListItem","position":1,"name":"In\u00edcio","item":"https:\/\/www.fatosefotosnews.com.br\/"},{"@type":"ListItem","position":2,"name":"MinC prorroga prazo de envio do Plano de Aplica\u00e7\u00e3o dos Recursos da Pol\u00edtica Nacional Aldir Blanc"}]},{"@type":"WebSite","@id":"https:\/\/www.fatosefotosnews.com.br\/#website","url":"https:\/\/www.fatosefotosnews.com.br\/","name":"Fatos e Fotos News","description":"Um site de noticial verdadeira e confi\u00e1veis.","publisher":{"@id":"https:\/\/www.fatosefotosnews.com.br\/#organization"},"potentialAction":[{"@type":"SearchAction","target":{"@type":"EntryPoint","urlTemplate":"https:\/\/www.fatosefotosnews.com.br\/?s={search_term_string}"},"query-input":{"@type":"PropertyValueSpecification","valueRequired":true,"valueName":"search_term_string"}}],"inLanguage":"pt-BR"},{"@type":"Organization","@id":"https:\/\/www.fatosefotosnews.com.br\/#organization","name":"Fatos e Fotos News","url":"https:\/\/www.fatosefotosnews.com.br\/","logo":{"@type":"ImageObject","inLanguage":"pt-BR","@id":"https:\/\/www.fatosefotosnews.com.br\/#\/schema\/logo\/image\/","url":"https:\/\/www.fatosefotosnews.com.br\/wp-content\/uploads\/2023\/02\/Fatos-e-Fotos-news-logo.png","contentUrl":"https:\/\/www.fatosefotosnews.com.br\/wp-content\/uploads\/2023\/02\/Fatos-e-Fotos-news-logo.png","width":300,"height":58,"caption":"Fatos e Fotos News"},"image":{"@id":"https:\/\/www.fatosefotosnews.com.br\/#\/schema\/logo\/image\/"}},{"@type":"Person","@id":"https:\/\/www.fatosefotosnews.com.br\/#\/schema\/person\/3b80f81d08670fb1f6690e07eb8b5dc6","name":"Da Reda\u00e7\u00e3o","image":{"@type":"ImageObject","inLanguage":"pt-BR","@id":"https:\/\/secure.gravatar.com\/avatar\/696d39935a657bf0fc95044dbc9f912520430a0eb6dd46c85dd97eb6483b249b?s=96&d=mm&r=g","url":"https:\/\/secure.gravatar.com\/avatar\/696d39935a657bf0fc95044dbc9f912520430a0eb6dd46c85dd97eb6483b249b?s=96&d=mm&r=g","contentUrl":"https:\/\/secure.gravatar.com\/avatar\/696d39935a657bf0fc95044dbc9f912520430a0eb6dd46c85dd97eb6483b249b?s=96&d=mm&r=g","caption":"Da Reda\u00e7\u00e3o"},"url":"https:\/\/www.fatosefotosnews.com.br\/?author=5"}]}},"jetpack_publicize_connections":[],"blog_post_layout_featured_media_urls":{"thumbnail":["https:\/\/www.fatosefotosnews.com.br\/wp-content\/uploads\/2025\/08\/75f11ea0105a867a2d915aba1a66c11f-150x150.png",150,150,true],"full":["https:\/\/www.fatosefotosnews.com.br\/wp-content\/uploads\/2025\/08\/75f11ea0105a867a2d915aba1a66c11f.png",1024,680,false]},"categories_names":{"4265":{"name":"Cultura","link":"https:\/\/www.fatosefotosnews.com.br\/?cat=4265"}},"tags_names":{"1036":{"name":"aplica","link":"https:\/\/www.fatosefotosnews.com.br\/?tag=aplica"},"1252":{"name":"envio","link":"https:\/\/www.fatosefotosnews.com.br\/?tag=envio"},"2049":{"name":"plano","link":"https:\/\/www.fatosefotosnews.com.br\/?tag=plano"},"1747":{"name":"politica","link":"https:\/\/www.fatosefotosnews.com.br\/?tag=politica"},"521":{"name":"prazo","link":"https:\/\/www.fatosefotosnews.com.br\/?tag=prazo"},"2670":{"name":"prorroga","link":"https:\/\/www.fatosefotosnews.com.br\/?tag=prorroga"},"2149":{"name":"recursos","link":"https:\/\/www.fatosefotosnews.com.br\/?tag=recursos"}},"comments_number":"0","wpmagazine_modules_lite_featured_media_urls":{"thumbnail":["https:\/\/www.fatosefotosnews.com.br\/wp-content\/uploads\/2025\/08\/75f11ea0105a867a2d915aba1a66c11f-150x150.png",150,150,true],"cvmm-medium":["https:\/\/www.fatosefotosnews.com.br\/wp-content\/uploads\/2025\/08\/75f11ea0105a867a2d915aba1a66c11f-300x300.png",300,300,true],"cvmm-medium-plus":["https:\/\/www.fatosefotosnews.com.br\/wp-content\/uploads\/2025\/08\/75f11ea0105a867a2d915aba1a66c11f-305x207.png",305,207,true],"cvmm-portrait":["https:\/\/www.fatosefotosnews.com.br\/wp-content\/uploads\/2025\/08\/75f11ea0105a867a2d915aba1a66c11f-400x600.png",400,600,true],"cvmm-medium-square":["https:\/\/www.fatosefotosnews.com.br\/wp-content\/uploads\/2025\/08\/75f11ea0105a867a2d915aba1a66c11f-600x600.png",600,600,true],"cvmm-large":["https:\/\/www.fatosefotosnews.com.br\/wp-content\/uploads\/2025\/08\/75f11ea0105a867a2d915aba1a66c11f.png",1024,680,false],"cvmm-small":["https:\/\/www.fatosefotosnews.com.br\/wp-content\/uploads\/2025\/08\/75f11ea0105a867a2d915aba1a66c11f-130x95.png",130,95,true],"full":["https:\/\/www.fatosefotosnews.com.br\/wp-content\/uploads\/2025\/08\/75f11ea0105a867a2d915aba1a66c11f.png",1024,680,false]},"_links":{"self":[{"href":"https:\/\/www.fatosefotosnews.com.br\/index.php?rest_route=\/wp\/v2\/posts\/139903","targetHints":{"allow":["GET"]}}],"collection":[{"href":"https:\/\/www.fatosefotosnews.com.br\/index.php?rest_route=\/wp\/v2\/posts"}],"about":[{"href":"https:\/\/www.fatosefotosnews.com.br\/index.php?rest_route=\/wp\/v2\/types\/post"}],"author":[{"embeddable":true,"href":"https:\/\/www.fatosefotosnews.com.br\/index.php?rest_route=\/wp\/v2\/users\/5"}],"replies":[{"embeddable":true,"href":"https:\/\/www.fatosefotosnews.com.br\/index.php?rest_route=%2Fwp%2Fv2%2Fcomments&post=139903"}],"version-history":[{"count":0,"href":"https:\/\/www.fatosefotosnews.com.br\/index.php?rest_route=\/wp\/v2\/posts\/139903\/revisions"}],"wp:featuredmedia":[{"embeddable":true,"href":"https:\/\/www.fatosefotosnews.com.br\/index.php?rest_route=\/wp\/v2\/media\/139904"}],"wp:attachment":[{"href":"https:\/\/www.fatosefotosnews.com.br\/index.php?rest_route=%2Fwp%2Fv2%2Fmedia&parent=139903"}],"wp:term":[{"taxonomy":"category","embeddable":true,"href":"https:\/\/www.fatosefotosnews.com.br\/index.php?rest_route=%2Fwp%2Fv2%2Fcategories&post=139903"},{"taxonomy":"post_tag","embeddable":true,"href":"https:\/\/www.fatosefotosnews.com.br\/index.php?rest_route=%2Fwp%2Fv2%2Ftags&post=139903"}],"curies":[{"name":"wp","href":"https:\/\/api.w.org\/{rel}","templated":true}]}}