{"id":141230,"date":"2025-09-05T18:28:27","date_gmt":"2025-09-05T21:28:27","guid":{"rendered":"https:\/\/www.fatosefotosnews.com.br\/mec-realiza-formacao-sobre-etapa-de-planejamento-do-novo-par\/"},"modified":"2025-09-05T18:28:27","modified_gmt":"2025-09-05T21:28:27","slug":"mec-realiza-formacao-sobre-etapa-de-planejamento-do-novo-par","status":"publish","type":"post","link":"https:\/\/www.fatosefotosnews.com.br\/?p=141230","title":{"rendered":"MEC realiza forma\u00e7\u00e3o sobre etapa de planejamento do Novo PAR"},"content":{"rendered":"<div id=\"infocoweb\" data-uuid=\"f85c8ae9-eb0f-4465-91df-c5c9e9e23724\" class=\"infocoweb infocoweb_canal_843\">\n<div id=\"infocoweb_cabecalho\" class=\"infocoweb_cabecalho\"><\/div>\n<div id=\"infocoweb_corpo\" class=\"infocoweb_corpo\">\n<p>Cerca de 1.100 articuladores de todas as regi\u00f5es do Brasil participaram de cursos presenciais e remotos para integrar a Rede de Assist\u00eancia T\u00e9cnica e Forma\u00e7\u00e3o do Novo PAR (Renapar). Os profissionais foram indicados pelas secretarias estaduais de educa\u00e7\u00e3o e pela Uni\u00e3o Nacional dos Dirigentes Municipais de Educa\u00e7\u00e3o (Undime) para atuar no fortalecimento da gest\u00e3o educacional por meio do <a href=\"https:\/\/www.gov.br\/mec\/pt-br\/novo-par\" target=\"_blank\">Novo Plano de A\u00e7\u00f5es Articuladas (PAR)<\/a>.\u00a0 \u00a0<\/p>\n<p>Criada pelo Minist\u00e9rio da Educa\u00e7\u00e3o (MEC), a Renapar visa apoiar estados e munic\u00edpios na constru\u00e7\u00e3o de diagn\u00f3sticos qualificados, na elabora\u00e7\u00e3o de planos coerentes com suas realidades e na promo\u00e7\u00e3o de uma cultura de gest\u00e3o com foco em avan\u00e7o cont\u00ednuo, equidade e melhoria da aprendizagem.\u00a0\u00a0<\/p>\n<p>O coordenador-geral de Apoio \u00e0s Redes de Ensino do MEC, Jo\u00e3o C\u00e9sar, destaca a import\u00e2ncia da articula\u00e7\u00e3o coletiva e da colabora\u00e7\u00e3o em todas as inst\u00e2ncias: \u201cO Novo PAR \u00e9 uma ferramenta que representa um esfor\u00e7o de colabora\u00e7\u00e3o. Ela foi constru\u00edda por muitas m\u00e3os. Com a Renapar, come\u00e7amos um trabalho conjunto no qual os protagonistas s\u00e3o aqueles vivem nos territ\u00f3rios e conhecem a realidade local\u201d.\u00a0\u00a0<\/p>\n<p>O coordenador explica que os articuladores da Renapar ser\u00e3o multiplicadores, que formar\u00e3o as equipes t\u00e9cnicas para que o Plano de A\u00e7\u00f5es Articuladas (PAR) de estados e munic\u00edpios seja um reflexo das necessidades, dos desafios e das prioridades de cada rede.\u00a0<\/p>\n<p>Todos os entes federados poder\u00e3o contar com uma dupla de articuladores da Renapar, que compor\u00e3o uma rede permanente de colabora\u00e7\u00e3o e apoio t\u00e9cnico. Os profissionais acompanhar\u00e3o a execu\u00e7\u00e3o dos planos, apoiar ajustes e revis\u00f5es e promover a troca de boas pr\u00e1ticas.\u00a0\u00a0\u00a0<\/p>\n<p>Vivien S\u00e3o Jos\u00e9, de Sergipe, trabalha com o PAR h\u00e1 quase 10 anos e participou do grupo de trabalho que ajudou a conceber o quinto ciclo do plano. Ela refor\u00e7a a import\u00e2ncia do resgate do regime de colabora\u00e7\u00e3o. \u201cO Novo PAR foi criado em um processo muito interessante, pois buscou parcerias para construir junto um sistema, uma rede que se apoia. Nas edi\u00e7\u00f5es anteriores do PAR, n\u00f3s fic\u00e1vamos isolados: governo federal, estados e munic\u00edpios. Agora, \u00e9 estado junto com munic\u00edpio, em uma constru\u00e7\u00e3o que fortalece todo o processo educativo\u201d.\u00a0\u00a0\u00a0<\/p>\n<p>Por meio do PAR, o Fundo Nacional de Desenvolvimento da Educa\u00e7\u00e3o (FNDE) pode transferir recursos da assist\u00eancia financeira volunt\u00e1ria do MEC, inclusive de emendas parlamentares, aos entes\u202fpara iniciativas diversas, como a aquisi\u00e7\u00e3o de \u00f4nibus do Programa Caminho da Escola, equipamentos de tecnologia e aparelhos de ar-condicionado; a constru\u00e7\u00e3o de escolas e creches; e a forma\u00e7\u00e3o de professores e profissionais da educa\u00e7\u00e3o, entre outras.\u202f\u00a0\u00a0\u00a0<\/p>\n<p><b>PAR <\/b>\u2013 O Plano de A\u00e7\u00f5es Articuladas \u00e9 um instrumento de diagn\u00f3stico, planejamento e gest\u00e3o das redes de ensino da educa\u00e7\u00e3o b\u00e1sica e de assist\u00eancia t\u00e9cnica e financeira do MEC aos estados, aos munic\u00edpios e ao Distrito Federal, com foco na melhoria da qualidade da educa\u00e7\u00e3o.\u00a0 \u00c9 implementado em ciclos de quatro anos.\u202fEm fevereiro de 2025, o MEC lan\u00e7ou o Novo PAR (2025-2028), que foi reformulado em rela\u00e7\u00e3o aos ciclos anteriores.\u202f\u00a0\u00a0<\/p>\n<p>O FNDE \u00e9 o \u00f3rg\u00e3o respons\u00e1vel pelo gerenciamento t\u00e1tico e operacional dos M\u00f3dulos do PAR no SIMEC. Al\u00e9m disso, cabem \u00e0s \u00e1reas t\u00e9cnicas do FNDE e do MEC a an\u00e1lise da coer\u00eancia entre o que foi solicitado e os dados do Censo Escolar, verificando a viabilidade e a necessidade das demandas de acordo com o diagn\u00f3stico da realidade local informada pelos \u00f3rg\u00e3os municipais e estaduais. A partir dessa valida\u00e7\u00e3o, tem-se o PAR para o munic\u00edpio, o estado ou o Distrito Federal.\u00a0<\/p>\n<p><i>Assessoria de Comunica\u00e7\u00e3o Social do MEC, com informa\u00e7\u00f5es da Secretaria de Educa\u00e7\u00e3o B\u00e1sica (SEB)\u00a0\u00a0<\/i>\u00a0<\/p>\n<p id=\"infocoweb_fonte\" class=\"infocoweb_fonte\">Fonte: <a target=\"_blank\" href=\"https:\/\/www.gov.br\/mec\/pt-br\/assuntos\/noticias\/2025\/setembro\/mec-realiza-formacao-sobre-etapa-de-planejamento-do-novo-par#f85c8ae9-eb0f-4465-91df-c5c9e9e23724\">Minist\u00e9rio da Educa\u00e7\u00e3o<\/a><\/p>\n<\/div>\n<div id=\"infocoweb_rodape\" class=\"infocoweb_rodape\"><\/div>\n<\/div>\n<p><script src=\"https:\/\/noticia.infocoweb.com.br\/analytics.js?uuid=f85c8ae9-eb0f-4465-91df-c5c9e9e23724\"><\/script><\/p>\n","protected":false},"excerpt":{"rendered":"<p>Cerca de 1.100 articuladores de todas as regi\u00f5es do Brasil participaram de cursos presenciais e remotos para integrar a Rede de Assist\u00eancia T\u00e9cnica e Forma\u00e7\u00e3o do Novo PAR (Renapar). Os profissionais foram indicados pelas secretarias estaduais de educa\u00e7\u00e3o e pela Uni\u00e3o Nacional dos Dirigentes Municipais de Educa\u00e7\u00e3o (Undime) para atuar no fortalecimento da gest\u00e3o educacional [&hellip;]<\/p>\n","protected":false},"author":5,"featured_media":141231,"comment_status":"","ping_status":"open","sticky":false,"template":"","format":"standard","meta":{"_acf_changed":false,"_angie_page":false,"_monsterinsights_skip_tracking":false,"_themeisle_gutenberg_block_has_review":false,"page_builder":"","footnotes":"","jetpack_publicize_message":"","jetpack_publicize_feature_enabled":true,"jetpack_social_post_already_shared":true,"jetpack_social_options":{"image_generator_settings":{"template":"highway","default_image_id":0,"font":"","enabled":false},"version":2}},"categories":[24902],"tags":[1082,796,6223,2005,587],"class_list":["post-141230","post","type-post","status-publish","format-standard","has-post-thumbnail","hentry","category-educacao","tag-etapa","tag-forma","tag-planejamento","tag-realiza","tag-sobre"],"acf":[],"nelio_content":{"autoShareEndMode":"never","automationSources":{"useCustomSentences":false,"customSentences":[]},"efiAlt":"","efiUrl":"","followers":[],"highlights":[],"isAutoShareEnabled":true,"networkImageIds":[],"permalinkQueryArgs":[],"series":[],"suggestedReferences":[]},"yoast_head":"<!-- This site is optimized with the Yoast SEO plugin v28.3 - https:\/\/yoast.com\/product\/yoast-seo-wordpress\/ -->\n<title>MEC realiza forma\u00e7\u00e3o sobre etapa de planejamento do Novo PAR<\/title>\n<meta name=\"description\" content=\"MEC realiza forma\u00e7\u00e3o sobre etapa de planejamento do Novo PAR\" \/>\n<meta name=\"robots\" content=\"index, follow, max-snippet:-1, max-image-preview:large, max-video-preview:-1\" \/>\n<link rel=\"canonical\" href=\"https:\/\/www.fatosefotosnews.com.br\/?p=141230\" \/>\n<meta property=\"og:locale\" content=\"pt_BR\" \/>\n<meta property=\"og:type\" content=\"article\" \/>\n<meta property=\"og:title\" content=\"MEC realiza forma\u00e7\u00e3o sobre etapa de planejamento do Novo PAR\" \/>\n<meta property=\"og:description\" content=\"MEC realiza forma\u00e7\u00e3o sobre etapa de planejamento do Novo PAR\" \/>\n<meta property=\"og:url\" content=\"https:\/\/www.fatosefotosnews.com.br\/?p=141230\" \/>\n<meta property=\"og:site_name\" content=\"Fatos e Fotos News\" \/>\n<meta property=\"article:published_time\" content=\"2025-09-05T21:28:27+00:00\" \/>\n<meta property=\"og:image\" content=\"https:\/\/www.fatosefotosnews.com.br\/wp-content\/uploads\/2025\/09\/ad45572f7f9e70dd3562aaf9f2dc8ac3.jpeg\" \/>\n\t<meta property=\"og:image:width\" content=\"1024\" \/>\n\t<meta property=\"og:image:height\" content=\"683\" \/>\n\t<meta property=\"og:image:type\" content=\"image\/jpeg\" \/>\n<meta name=\"author\" content=\"Da Reda\u00e7\u00e3o\" \/>\n<meta name=\"twitter:card\" content=\"summary_large_image\" \/>\n<meta name=\"twitter:label1\" content=\"Escrito por\" \/>\n\t<meta name=\"twitter:data1\" content=\"Da Reda\u00e7\u00e3o\" \/>\n\t<meta name=\"twitter:label2\" content=\"Est. tempo de leitura\" \/>\n\t<meta name=\"twitter:data2\" content=\"99 minutos\" \/>\n<script type=\"application\/ld+json\" class=\"yoast-schema-graph\">{\"@context\":\"https:\\\/\\\/schema.org\",\"@graph\":[{\"@type\":\"Article\",\"@id\":\"https:\\\/\\\/www.fatosefotosnews.com.br\\\/?p=141230#article\",\"isPartOf\":{\"@id\":\"https:\\\/\\\/www.fatosefotosnews.com.br\\\/?p=141230\"},\"author\":{\"name\":\"Da Reda\u00e7\u00e3o\",\"@id\":\"https:\\\/\\\/www.fatosefotosnews.com.br\\\/#\\\/schema\\\/person\\\/3b80f81d08670fb1f6690e07eb8b5dc6\"},\"headline\":\"MEC realiza forma\u00e7\u00e3o sobre etapa de planejamento do Novo PAR\",\"datePublished\":\"2025-09-05T21:28:27+00:00\",\"mainEntityOfPage\":{\"@id\":\"https:\\\/\\\/www.fatosefotosnews.com.br\\\/?p=141230\"},\"wordCount\":670,\"publisher\":{\"@id\":\"https:\\\/\\\/www.fatosefotosnews.com.br\\\/#organization\"},\"image\":{\"@id\":\"https:\\\/\\\/www.fatosefotosnews.com.br\\\/?p=141230#primaryimage\"},\"thumbnailUrl\":\"https:\\\/\\\/www.fatosefotosnews.com.br\\\/wp-content\\\/uploads\\\/2025\\\/09\\\/ad45572f7f9e70dd3562aaf9f2dc8ac3.jpeg\",\"keywords\":[\"etapa\",\"forma\",\"planejamento\",\"realiza\",\"sobre\"],\"articleSection\":[\"Educa\u00e7\u00e3o\"],\"inLanguage\":\"pt-BR\"},{\"@type\":\"WebPage\",\"@id\":\"https:\\\/\\\/www.fatosefotosnews.com.br\\\/?p=141230\",\"url\":\"https:\\\/\\\/www.fatosefotosnews.com.br\\\/?p=141230\",\"name\":\"MEC realiza forma\u00e7\u00e3o sobre etapa de planejamento do Novo PAR\",\"isPartOf\":{\"@id\":\"https:\\\/\\\/www.fatosefotosnews.com.br\\\/#website\"},\"primaryImageOfPage\":{\"@id\":\"https:\\\/\\\/www.fatosefotosnews.com.br\\\/?p=141230#primaryimage\"},\"image\":{\"@id\":\"https:\\\/\\\/www.fatosefotosnews.com.br\\\/?p=141230#primaryimage\"},\"thumbnailUrl\":\"https:\\\/\\\/www.fatosefotosnews.com.br\\\/wp-content\\\/uploads\\\/2025\\\/09\\\/ad45572f7f9e70dd3562aaf9f2dc8ac3.jpeg\",\"datePublished\":\"2025-09-05T21:28:27+00:00\",\"description\":\"MEC realiza forma\u00e7\u00e3o sobre etapa de planejamento do Novo PAR\",\"breadcrumb\":{\"@id\":\"https:\\\/\\\/www.fatosefotosnews.com.br\\\/?p=141230#breadcrumb\"},\"inLanguage\":\"pt-BR\",\"potentialAction\":[{\"@type\":\"ReadAction\",\"target\":[\"https:\\\/\\\/www.fatosefotosnews.com.br\\\/?p=141230\"]}]},{\"@type\":\"ImageObject\",\"inLanguage\":\"pt-BR\",\"@id\":\"https:\\\/\\\/www.fatosefotosnews.com.br\\\/?p=141230#primaryimage\",\"url\":\"https:\\\/\\\/www.fatosefotosnews.com.br\\\/wp-content\\\/uploads\\\/2025\\\/09\\\/ad45572f7f9e70dd3562aaf9f2dc8ac3.jpeg\",\"contentUrl\":\"https:\\\/\\\/www.fatosefotosnews.com.br\\\/wp-content\\\/uploads\\\/2025\\\/09\\\/ad45572f7f9e70dd3562aaf9f2dc8ac3.jpeg\",\"width\":1024,\"height\":683,\"caption\":\"Foto: F\u00e1bio Nakakura\"},{\"@type\":\"BreadcrumbList\",\"@id\":\"https:\\\/\\\/www.fatosefotosnews.com.br\\\/?p=141230#breadcrumb\",\"itemListElement\":[{\"@type\":\"ListItem\",\"position\":1,\"name\":\"In\u00edcio\",\"item\":\"https:\\\/\\\/www.fatosefotosnews.com.br\\\/\"},{\"@type\":\"ListItem\",\"position\":2,\"name\":\"MEC realiza forma\u00e7\u00e3o sobre etapa de planejamento do Novo PAR\"}]},{\"@type\":\"WebSite\",\"@id\":\"https:\\\/\\\/www.fatosefotosnews.com.br\\\/#website\",\"url\":\"https:\\\/\\\/www.fatosefotosnews.com.br\\\/\",\"name\":\"Fatos e Fotos News\",\"description\":\"Um site de noticial verdadeira e confi\u00e1veis.\",\"publisher\":{\"@id\":\"https:\\\/\\\/www.fatosefotosnews.com.br\\\/#organization\"},\"potentialAction\":[{\"@type\":\"SearchAction\",\"target\":{\"@type\":\"EntryPoint\",\"urlTemplate\":\"https:\\\/\\\/www.fatosefotosnews.com.br\\\/?s={search_term_string}\"},\"query-input\":{\"@type\":\"PropertyValueSpecification\",\"valueRequired\":true,\"valueName\":\"search_term_string\"}}],\"inLanguage\":\"pt-BR\"},{\"@type\":\"Organization\",\"@id\":\"https:\\\/\\\/www.fatosefotosnews.com.br\\\/#organization\",\"name\":\"Fatos e Fotos News\",\"url\":\"https:\\\/\\\/www.fatosefotosnews.com.br\\\/\",\"logo\":{\"@type\":\"ImageObject\",\"inLanguage\":\"pt-BR\",\"@id\":\"https:\\\/\\\/www.fatosefotosnews.com.br\\\/#\\\/schema\\\/logo\\\/image\\\/\",\"url\":\"https:\\\/\\\/www.fatosefotosnews.com.br\\\/wp-content\\\/uploads\\\/2023\\\/02\\\/Fatos-e-Fotos-news-logo.png\",\"contentUrl\":\"https:\\\/\\\/www.fatosefotosnews.com.br\\\/wp-content\\\/uploads\\\/2023\\\/02\\\/Fatos-e-Fotos-news-logo.png\",\"width\":300,\"height\":58,\"caption\":\"Fatos e Fotos News\"},\"image\":{\"@id\":\"https:\\\/\\\/www.fatosefotosnews.com.br\\\/#\\\/schema\\\/logo\\\/image\\\/\"}},{\"@type\":\"Person\",\"@id\":\"https:\\\/\\\/www.fatosefotosnews.com.br\\\/#\\\/schema\\\/person\\\/3b80f81d08670fb1f6690e07eb8b5dc6\",\"name\":\"Da Reda\u00e7\u00e3o\",\"image\":{\"@type\":\"ImageObject\",\"inLanguage\":\"pt-BR\",\"@id\":\"https:\\\/\\\/secure.gravatar.com\\\/avatar\\\/696d39935a657bf0fc95044dbc9f912520430a0eb6dd46c85dd97eb6483b249b?s=96&d=mm&r=g\",\"url\":\"https:\\\/\\\/secure.gravatar.com\\\/avatar\\\/696d39935a657bf0fc95044dbc9f912520430a0eb6dd46c85dd97eb6483b249b?s=96&d=mm&r=g\",\"contentUrl\":\"https:\\\/\\\/secure.gravatar.com\\\/avatar\\\/696d39935a657bf0fc95044dbc9f912520430a0eb6dd46c85dd97eb6483b249b?s=96&d=mm&r=g\",\"caption\":\"Da Reda\u00e7\u00e3o\"},\"url\":\"https:\\\/\\\/www.fatosefotosnews.com.br\\\/?author=5\"}]}<\/script>\n<!-- \/ Yoast SEO plugin. -->","yoast_head_json":{"title":"MEC realiza forma\u00e7\u00e3o sobre etapa de planejamento do Novo PAR","description":"MEC realiza forma\u00e7\u00e3o sobre etapa de planejamento do Novo PAR","robots":{"index":"index","follow":"follow","max-snippet":"max-snippet:-1","max-image-preview":"max-image-preview:large","max-video-preview":"max-video-preview:-1"},"canonical":"https:\/\/www.fatosefotosnews.com.br\/?p=141230","og_locale":"pt_BR","og_type":"article","og_title":"MEC realiza forma\u00e7\u00e3o sobre etapa de planejamento do Novo PAR","og_description":"MEC realiza forma\u00e7\u00e3o sobre etapa de planejamento do Novo PAR","og_url":"https:\/\/www.fatosefotosnews.com.br\/?p=141230","og_site_name":"Fatos e Fotos News","article_published_time":"2025-09-05T21:28:27+00:00","og_image":[{"width":1024,"height":683,"url":"https:\/\/www.fatosefotosnews.com.br\/wp-content\/uploads\/2025\/09\/ad45572f7f9e70dd3562aaf9f2dc8ac3.jpeg","type":"image\/jpeg"}],"author":"Da Reda\u00e7\u00e3o","twitter_card":"summary_large_image","twitter_misc":{"Escrito por":"Da Reda\u00e7\u00e3o","Est. tempo de leitura":"99 minutos"},"schema":{"@context":"https:\/\/schema.org","@graph":[{"@type":"Article","@id":"https:\/\/www.fatosefotosnews.com.br\/?p=141230#article","isPartOf":{"@id":"https:\/\/www.fatosefotosnews.com.br\/?p=141230"},"author":{"name":"Da Reda\u00e7\u00e3o","@id":"https:\/\/www.fatosefotosnews.com.br\/#\/schema\/person\/3b80f81d08670fb1f6690e07eb8b5dc6"},"headline":"MEC realiza forma\u00e7\u00e3o sobre etapa de planejamento do Novo PAR","datePublished":"2025-09-05T21:28:27+00:00","mainEntityOfPage":{"@id":"https:\/\/www.fatosefotosnews.com.br\/?p=141230"},"wordCount":670,"publisher":{"@id":"https:\/\/www.fatosefotosnews.com.br\/#organization"},"image":{"@id":"https:\/\/www.fatosefotosnews.com.br\/?p=141230#primaryimage"},"thumbnailUrl":"https:\/\/www.fatosefotosnews.com.br\/wp-content\/uploads\/2025\/09\/ad45572f7f9e70dd3562aaf9f2dc8ac3.jpeg","keywords":["etapa","forma","planejamento","realiza","sobre"],"articleSection":["Educa\u00e7\u00e3o"],"inLanguage":"pt-BR"},{"@type":"WebPage","@id":"https:\/\/www.fatosefotosnews.com.br\/?p=141230","url":"https:\/\/www.fatosefotosnews.com.br\/?p=141230","name":"MEC realiza forma\u00e7\u00e3o sobre etapa de planejamento do Novo PAR","isPartOf":{"@id":"https:\/\/www.fatosefotosnews.com.br\/#website"},"primaryImageOfPage":{"@id":"https:\/\/www.fatosefotosnews.com.br\/?p=141230#primaryimage"},"image":{"@id":"https:\/\/www.fatosefotosnews.com.br\/?p=141230#primaryimage"},"thumbnailUrl":"https:\/\/www.fatosefotosnews.com.br\/wp-content\/uploads\/2025\/09\/ad45572f7f9e70dd3562aaf9f2dc8ac3.jpeg","datePublished":"2025-09-05T21:28:27+00:00","description":"MEC realiza forma\u00e7\u00e3o sobre etapa de planejamento do Novo PAR","breadcrumb":{"@id":"https:\/\/www.fatosefotosnews.com.br\/?p=141230#breadcrumb"},"inLanguage":"pt-BR","potentialAction":[{"@type":"ReadAction","target":["https:\/\/www.fatosefotosnews.com.br\/?p=141230"]}]},{"@type":"ImageObject","inLanguage":"pt-BR","@id":"https:\/\/www.fatosefotosnews.com.br\/?p=141230#primaryimage","url":"https:\/\/www.fatosefotosnews.com.br\/wp-content\/uploads\/2025\/09\/ad45572f7f9e70dd3562aaf9f2dc8ac3.jpeg","contentUrl":"https:\/\/www.fatosefotosnews.com.br\/wp-content\/uploads\/2025\/09\/ad45572f7f9e70dd3562aaf9f2dc8ac3.jpeg","width":1024,"height":683,"caption":"Foto: F\u00e1bio Nakakura"},{"@type":"BreadcrumbList","@id":"https:\/\/www.fatosefotosnews.com.br\/?p=141230#breadcrumb","itemListElement":[{"@type":"ListItem","position":1,"name":"In\u00edcio","item":"https:\/\/www.fatosefotosnews.com.br\/"},{"@type":"ListItem","position":2,"name":"MEC realiza forma\u00e7\u00e3o sobre etapa de planejamento do Novo PAR"}]},{"@type":"WebSite","@id":"https:\/\/www.fatosefotosnews.com.br\/#website","url":"https:\/\/www.fatosefotosnews.com.br\/","name":"Fatos e Fotos News","description":"Um site de noticial verdadeira e confi\u00e1veis.","publisher":{"@id":"https:\/\/www.fatosefotosnews.com.br\/#organization"},"potentialAction":[{"@type":"SearchAction","target":{"@type":"EntryPoint","urlTemplate":"https:\/\/www.fatosefotosnews.com.br\/?s={search_term_string}"},"query-input":{"@type":"PropertyValueSpecification","valueRequired":true,"valueName":"search_term_string"}}],"inLanguage":"pt-BR"},{"@type":"Organization","@id":"https:\/\/www.fatosefotosnews.com.br\/#organization","name":"Fatos e Fotos News","url":"https:\/\/www.fatosefotosnews.com.br\/","logo":{"@type":"ImageObject","inLanguage":"pt-BR","@id":"https:\/\/www.fatosefotosnews.com.br\/#\/schema\/logo\/image\/","url":"https:\/\/www.fatosefotosnews.com.br\/wp-content\/uploads\/2023\/02\/Fatos-e-Fotos-news-logo.png","contentUrl":"https:\/\/www.fatosefotosnews.com.br\/wp-content\/uploads\/2023\/02\/Fatos-e-Fotos-news-logo.png","width":300,"height":58,"caption":"Fatos e Fotos News"},"image":{"@id":"https:\/\/www.fatosefotosnews.com.br\/#\/schema\/logo\/image\/"}},{"@type":"Person","@id":"https:\/\/www.fatosefotosnews.com.br\/#\/schema\/person\/3b80f81d08670fb1f6690e07eb8b5dc6","name":"Da Reda\u00e7\u00e3o","image":{"@type":"ImageObject","inLanguage":"pt-BR","@id":"https:\/\/secure.gravatar.com\/avatar\/696d39935a657bf0fc95044dbc9f912520430a0eb6dd46c85dd97eb6483b249b?s=96&d=mm&r=g","url":"https:\/\/secure.gravatar.com\/avatar\/696d39935a657bf0fc95044dbc9f912520430a0eb6dd46c85dd97eb6483b249b?s=96&d=mm&r=g","contentUrl":"https:\/\/secure.gravatar.com\/avatar\/696d39935a657bf0fc95044dbc9f912520430a0eb6dd46c85dd97eb6483b249b?s=96&d=mm&r=g","caption":"Da Reda\u00e7\u00e3o"},"url":"https:\/\/www.fatosefotosnews.com.br\/?author=5"}]}},"jetpack_publicize_connections":[],"blog_post_layout_featured_media_urls":{"thumbnail":["https:\/\/www.fatosefotosnews.com.br\/wp-content\/uploads\/2025\/09\/ad45572f7f9e70dd3562aaf9f2dc8ac3-150x150.jpeg",150,150,true],"full":["https:\/\/www.fatosefotosnews.com.br\/wp-content\/uploads\/2025\/09\/ad45572f7f9e70dd3562aaf9f2dc8ac3.jpeg",1024,683,false]},"categories_names":{"24902":{"name":"Educa\u00e7\u00e3o","link":"https:\/\/www.fatosefotosnews.com.br\/?cat=24902"}},"tags_names":{"1082":{"name":"etapa","link":"https:\/\/www.fatosefotosnews.com.br\/?tag=etapa"},"796":{"name":"forma","link":"https:\/\/www.fatosefotosnews.com.br\/?tag=forma"},"6223":{"name":"planejamento","link":"https:\/\/www.fatosefotosnews.com.br\/?tag=planejamento"},"2005":{"name":"realiza","link":"https:\/\/www.fatosefotosnews.com.br\/?tag=realiza"},"587":{"name":"sobre","link":"https:\/\/www.fatosefotosnews.com.br\/?tag=sobre"}},"comments_number":"0","wpmagazine_modules_lite_featured_media_urls":{"thumbnail":["https:\/\/www.fatosefotosnews.com.br\/wp-content\/uploads\/2025\/09\/ad45572f7f9e70dd3562aaf9f2dc8ac3-150x150.jpeg",150,150,true],"cvmm-medium":["https:\/\/www.fatosefotosnews.com.br\/wp-content\/uploads\/2025\/09\/ad45572f7f9e70dd3562aaf9f2dc8ac3-300x300.jpeg",300,300,true],"cvmm-medium-plus":["https:\/\/www.fatosefotosnews.com.br\/wp-content\/uploads\/2025\/09\/ad45572f7f9e70dd3562aaf9f2dc8ac3-305x207.jpeg",305,207,true],"cvmm-portrait":["https:\/\/www.fatosefotosnews.com.br\/wp-content\/uploads\/2025\/09\/ad45572f7f9e70dd3562aaf9f2dc8ac3-400x600.jpeg",400,600,true],"cvmm-medium-square":["https:\/\/www.fatosefotosnews.com.br\/wp-content\/uploads\/2025\/09\/ad45572f7f9e70dd3562aaf9f2dc8ac3-600x600.jpeg",600,600,true],"cvmm-large":["https:\/\/www.fatosefotosnews.com.br\/wp-content\/uploads\/2025\/09\/ad45572f7f9e70dd3562aaf9f2dc8ac3.jpeg",1024,683,false],"cvmm-small":["https:\/\/www.fatosefotosnews.com.br\/wp-content\/uploads\/2025\/09\/ad45572f7f9e70dd3562aaf9f2dc8ac3-130x95.jpeg",130,95,true],"full":["https:\/\/www.fatosefotosnews.com.br\/wp-content\/uploads\/2025\/09\/ad45572f7f9e70dd3562aaf9f2dc8ac3.jpeg",1024,683,false]},"_links":{"self":[{"href":"https:\/\/www.fatosefotosnews.com.br\/index.php?rest_route=\/wp\/v2\/posts\/141230","targetHints":{"allow":["GET"]}}],"collection":[{"href":"https:\/\/www.fatosefotosnews.com.br\/index.php?rest_route=\/wp\/v2\/posts"}],"about":[{"href":"https:\/\/www.fatosefotosnews.com.br\/index.php?rest_route=\/wp\/v2\/types\/post"}],"author":[{"embeddable":true,"href":"https:\/\/www.fatosefotosnews.com.br\/index.php?rest_route=\/wp\/v2\/users\/5"}],"replies":[{"embeddable":true,"href":"https:\/\/www.fatosefotosnews.com.br\/index.php?rest_route=%2Fwp%2Fv2%2Fcomments&post=141230"}],"version-history":[{"count":0,"href":"https:\/\/www.fatosefotosnews.com.br\/index.php?rest_route=\/wp\/v2\/posts\/141230\/revisions"}],"wp:featuredmedia":[{"embeddable":true,"href":"https:\/\/www.fatosefotosnews.com.br\/index.php?rest_route=\/wp\/v2\/media\/141231"}],"wp:attachment":[{"href":"https:\/\/www.fatosefotosnews.com.br\/index.php?rest_route=%2Fwp%2Fv2%2Fmedia&parent=141230"}],"wp:term":[{"taxonomy":"category","embeddable":true,"href":"https:\/\/www.fatosefotosnews.com.br\/index.php?rest_route=%2Fwp%2Fv2%2Fcategories&post=141230"},{"taxonomy":"post_tag","embeddable":true,"href":"https:\/\/www.fatosefotosnews.com.br\/index.php?rest_route=%2Fwp%2Fv2%2Ftags&post=141230"}],"curies":[{"name":"wp","href":"https:\/\/api.w.org\/{rel}","templated":true}]}}