{"id":141407,"date":"2025-09-08T14:28:05","date_gmt":"2025-09-08T17:28:05","guid":{"rendered":"https:\/\/www.fatosefotosnews.com.br\/prefeitura-apresenta-ao-mpac-dados-sobre-a-importancia-do-rio-acre-para-o-abastecimento-de-rio-branco\/"},"modified":"2025-09-08T14:28:05","modified_gmt":"2025-09-08T17:28:05","slug":"prefeitura-apresenta-ao-mpac-dados-sobre-a-importancia-do-rio-acre-para-o-abastecimento-de-rio-branco","status":"publish","type":"post","link":"https:\/\/www.fatosefotosnews.com.br\/?p=141407","title":{"rendered":"Prefeitura apresenta ao MPAC dados sobre a import\u00e2ncia do Rio Acre para o abastecimento de Rio Branco"},"content":{"rendered":"<div id=\"infocoweb\" data-uuid=\"e58f4bcc-2c9d-4319-bcc7-9f7032176ede\" class=\"infocoweb infocoweb_canal_375\">\n<div id=\"infocoweb_cabecalho\" class=\"infocoweb_cabecalho\"><\/div>\n<div id=\"infocoweb_corpo\" class=\"infocoweb_corpo\">\n<p>Em visita ao Minist\u00e9rio P\u00fablico do Acre (MPAC), representado pelo procurador de Justi\u00e7a Danilo Lovisaro, a Prefeitura de Rio Branco, por meio do Servi\u00e7o de \u00c1gua e Esgoto (Saerb), apresentou um levantamento sobre a situa\u00e7\u00e3o do Rio Acre, refor\u00e7ando a import\u00e2ncia do manancial para o abastecimento da capital.<\/p>\n<p>Segundo os dados, o rio fornece \u00e1gua pot\u00e1vel para mais da metade da popula\u00e7\u00e3o do estado. Em per\u00edodos de estiagem, essa depend\u00eancia pode chegar a quase 56%, j\u00e1 que munic\u00edpios como Assis Brasil, Epitaciol\u00e2ndia e Capixaba ficam sem outra alternativa de capta\u00e7\u00e3o. Atualmente, quatro cidades utilizam diretamente o rio, mas esse n\u00famero pode chegar a sete.<\/p>\n<p>Outro ponto preocupante \u00e9 a degrada\u00e7\u00e3o da mata ciliar. Em pouco mais de cinco d\u00e9cadas, cerca de 40% da vegeta\u00e7\u00e3o nativa foi perdida. Entre 2008 e 2023, mais de 141 km\u00b2 foram desmatados \u00e0s margens do rio. Em setembro de 2024, o n\u00edvel em Rio Branco chegou a apenas 1,23 metro (medi\u00e7\u00e3o do n\u00edvel do rio realizada em r\u00e9gua instalada na margem, indicando a altura da \u00e1gua acima do leito do rio), o menor registrado em 54 anos.<\/p>\n<p>Mesmo diante desse cen\u00e1rio, o Saerb manteve o abastecimento.\u00a0 No dia 20 de setembro de 2024, o rio registrou apenas 22 m\u00b3 por segundo de volume (quantidade de \u00e1gua que passa por determinado ponto do rio por segundo), dos quais a autarquia conseguiu captar 1,6 m\u00b3\/s equivalente a 138 mil m\u00b3 por dia de \u00e1gua tratada distribu\u00edda \u00e0 popula\u00e7\u00e3o (um metro c\u00fabico corresponde a mil litros de \u00e1gua).<\/p>\n<p>\u201cA estiagem tem-se agravado ano ap\u00f3s ano. Para se ter ideia, em setembro de 2024, de toda \u00e1gua que passou em Rio Branco, 7,3% foram captados para tratamento e distribui\u00e7\u00e3o, um percentual muito alto e que passa a nos preocupar. Ent\u00e3o esse \u00e9 um esfor\u00e7o que exige o engajamento conjunto dos \u00f3rg\u00e3os p\u00fablicos e de toda a sociedade\u201d, destacou o diretor-presidente do Saerb, Enoque Pereira.<\/p>\n<p>Al\u00e9m da seca, o uso intensivo de agrot\u00f3xicos \u00e9 outro fator de risco. Em 2024, foram aplicados mais de 1,8 milh\u00e3o de litros no estado, sendo que quatro munic\u00edpios concentraram mais da metade desse total, aumentando os riscos de contamina\u00e7\u00e3o.<\/p>\n<p>Esse estudo tamb\u00e9m identificou longos trechos sem mata ciliar. Em Xapuri, por exemplo, abaixo do munic\u00edpio, h\u00e1 mais de 30 km de margens desprotegidas. Entre as medidas sugeridas est\u00e3o programas de reflorestamento, acordos de compromisso com propriet\u00e1rios de terra em situa\u00e7\u00e3o irregular na prote\u00e7\u00e3o ciliar e maior controle do uso de agrot\u00f3xicos.<\/p>\n<p>O procurador de Justi\u00e7a Danilo Lovisaro ressaltou que o Minist\u00e9rio P\u00fablico do Acre (MPAC) vai utilizar os dados apresentados para desenvolver a\u00e7\u00f5es mais concretas e efetivas em rela\u00e7\u00e3o \u00e0 estiagem e \u00e0 preserva\u00e7\u00e3o do rio.<\/p>\n<p>Durante o encontro, tamb\u00e9m estiveram presentes o diretor-t\u00e9cnico Ant\u00f4nio Lima, a diretora de Planejamento Rutileny Barros, o procurador jur\u00eddico \u00c1lefe Costa e o engenheiro sanitarista e ambiental Henrique Amaral. Eles contribu\u00edram com informa\u00e7\u00f5es t\u00e9cnicas importantes, ampliando o entendimento sobre os impactos da estiagem e fortalecendo o discurso institucional.<\/p>\n<div id=\"gallery-2\" class=\"gallery galleryid-168043 gallery-columns-3 gallery-size-full\">\n<figure class=\"gallery-item\">\n<div class=\"gallery-icon landscape\"> \t\t\t\t<a href=\"https:\/\/www.riobranco.ac.gov.br\/wp-content\/uploads\/2025\/09\/REUNIAO-SAERB-X-MPE-SECOM-2-scaled.jpeg\"><img fetchpriority=\"high\" decoding=\"async\" width=\"2560\" height=\"1440\" src=\"https:\/\/www.riobranco.ac.gov.br\/wp-content\/uploads\/2025\/09\/REUNIAO-SAERB-X-MPE-SECOM-2-scaled.jpeg\" class=\"attachment-full size-full\" alt=\"REUNIAO SAERB X MPE SECOM 2 scaled\" aria-describedby=\"gallery-2-168044\" title=\"Prefeitura apresenta ao MPAC dados sobre a import\u00e2ncia do Rio Acre para o abastecimento de Rio Branco 1\"><\/a> \t\t\t<\/div><figcaption class=\"wp-caption-text gallery-caption\" id=\"gallery-2-168044\"> \t\t\t\tFoto: Secom \t\t\t\t<\/figcaption><\/figure>\n<figure class=\"gallery-item\">\n<div class=\"gallery-icon landscape\"> \t\t\t\t<a href=\"https:\/\/www.riobranco.ac.gov.br\/wp-content\/uploads\/2025\/09\/REUNIAO-SAERB-X-MPE-SECOM-3-scaled.jpeg\"><img decoding=\"async\" width=\"2560\" height=\"1440\" src=\"https:\/\/www.riobranco.ac.gov.br\/wp-content\/uploads\/2025\/09\/REUNIAO-SAERB-X-MPE-SECOM-3-scaled.jpeg\" class=\"attachment-full size-full\" alt=\"REUNIAO SAERB X MPE SECOM 3 scaled\" aria-describedby=\"gallery-2-168045\" title=\"Prefeitura apresenta ao MPAC dados sobre a import\u00e2ncia do Rio Acre para o abastecimento de Rio Branco 2\"><\/a> \t\t\t<\/div><figcaption class=\"wp-caption-text gallery-caption\" id=\"gallery-2-168045\"> \t\t\t\tFoto: Secom \t\t\t\t<\/figcaption><\/figure>\n<figure class=\"gallery-item\">\n<div class=\"gallery-icon landscape\"> \t\t\t\t<a href=\"https:\/\/www.riobranco.ac.gov.br\/wp-content\/uploads\/2025\/09\/REUNIAO-SAERB-X-MPE-SECOM-4-scaled.jpeg\"><img decoding=\"async\" width=\"2560\" height=\"1440\" src=\"https:\/\/www.riobranco.ac.gov.br\/wp-content\/uploads\/2025\/09\/REUNIAO-SAERB-X-MPE-SECOM-4-scaled.jpeg\" class=\"attachment-full size-full\" alt=\"REUNIAO SAERB X MPE SECOM 4 scaled\" aria-describedby=\"gallery-2-168046\" title=\"Prefeitura apresenta ao MPAC dados sobre a import\u00e2ncia do Rio Acre para o abastecimento de Rio Branco 3\"><\/a> \t\t\t<\/div><figcaption class=\"wp-caption-text gallery-caption\" id=\"gallery-2-168046\"> \t\t\t\tFoto: Secom \t\t\t\t<\/figcaption><\/figure>\n<figure class=\"gallery-item\">\n<div class=\"gallery-icon landscape\"> \t\t\t\t<a href=\"https:\/\/www.riobranco.ac.gov.br\/wp-content\/uploads\/2025\/09\/REUNIAO-SAERB-X-MPE-SECOM-5-scaled.jpeg\"><img loading=\"lazy\" decoding=\"async\" loading=\"lazy\" width=\"2560\" height=\"1440\" src=\"https:\/\/www.riobranco.ac.gov.br\/wp-content\/uploads\/2025\/09\/REUNIAO-SAERB-X-MPE-SECOM-5-scaled.jpeg\" class=\"attachment-full size-full\" alt=\"REUNIAO SAERB X MPE SECOM 5 scaled\" aria-describedby=\"gallery-2-168047\" title=\"Prefeitura apresenta ao MPAC dados sobre a import\u00e2ncia do Rio Acre para o abastecimento de Rio Branco 4\"><\/a> \t\t\t<\/div><figcaption class=\"wp-caption-text gallery-caption\" id=\"gallery-2-168047\"> \t\t\t\tFoto: Secom \t\t\t\t<\/figcaption><\/figure>\n<figure class=\"gallery-item\">\n<div class=\"gallery-icon landscape\"> \t\t\t\t<a href=\"https:\/\/www.riobranco.ac.gov.br\/wp-content\/uploads\/2025\/09\/REUNIAO-SAERB-X-MPE-SECOM-1-scaled.jpeg\"><img loading=\"lazy\" decoding=\"async\" loading=\"lazy\" width=\"2560\" height=\"1440\" src=\"https:\/\/www.riobranco.ac.gov.br\/wp-content\/uploads\/2025\/09\/REUNIAO-SAERB-X-MPE-SECOM-1-scaled.jpeg\" class=\"attachment-full size-full\" alt=\"REUNIAO SAERB X MPE SECOM 1 scaled\" aria-describedby=\"gallery-2-168049\" title=\"Prefeitura apresenta ao MPAC dados sobre a import\u00e2ncia do Rio Acre para o abastecimento de Rio Branco 5\"><\/a> \t\t\t<\/div><figcaption class=\"wp-caption-text gallery-caption\" id=\"gallery-2-168049\"> \t\t\t\tFoto: Secom \t\t\t\t<\/figcaption><\/figure>\n<\/p>\n<\/div>\n<p>                                          <!--begin code -->                                              <span class=\"pp-multiple-authors-boxes-wrapper pp-multiple-authors-wrapper pp-multiple-authors-layout-inline multiple-authors-target-the-content box-post-id-148406 box-instance-id-1 ppma_boxes_148406\" data-post_id=\"148406\" data-instance_id=\"1\" data-additional_class=\"pp-multiple-authors-layout-inline.multiple-authors-target-the-content\" data-original_class=\"pp-multiple-authors-boxes-wrapper pp-multiple-authors-wrapper box-post-id-148406 box-instance-id-1\">                                                  <span class=\"ppma-layout-prefix\"><\/span>                          <span class=\"ppma-author-category-wrap\">                                                                                                                                      <span class=\"ppma-category-group ppma-category-group-1 category-index-0\">                                                                                                                                                                                                                                                                                                                                                                                                                                                                                                                                                                                      <span class=\"pp-author-boxes-avatar-details\">                                                                  <span class=\"pp-author-boxes-name multiple-authors-name\"><a href=\"https:\/\/www.riobranco.ac.gov.br\/author\/miriam-melo\/\" rel=\"author\" title=\"Miriam Melo\/Secom\" class=\"author url fn\">Miriam Melo\/Secom<\/a><\/span>                                                                                                                                                                                                                                                                                                                                                                                                                                                                <\/span>                                                                                                                                                                                                                                                                                                                                          <\/span>                                                                                                                          <\/span>                          <span class=\"ppma-layout-suffix\"><\/span>                                              <\/span>                      <!--end code --><\/p>\n<p id=\"infocoweb_fonte\" class=\"infocoweb_fonte\">Fonte: <a target=\"_blank\" href=\"https:\/\/www.riobranco.ac.gov.br\/saerb\/prefeitura-apresenta-ao-mpac-dados-sobre-a-importancia-do-rio-acre-para-o-abastecimento-de-rio-branco\/#e58f4bcc-2c9d-4319-bcc7-9f7032176ede\">Prefeitura de Rio Branco \u2013 AC<\/a><\/p>\n<\/div>\n<div id=\"infocoweb_rodape\" class=\"infocoweb_rodape\"><\/div>\n<\/div>\n<p><script src=\"https:\/\/noticia.infocoweb.com.br\/analytics.js?uuid=e58f4bcc-2c9d-4319-bcc7-9f7032176ede\"><\/script><\/p>\n","protected":false},"excerpt":{"rendered":"<p>Em visita ao Minist\u00e9rio P\u00fablico do Acre (MPAC), representado pelo procurador de Justi\u00e7a Danilo Lovisaro, a Prefeitura de Rio Branco, por meio do Servi\u00e7o de \u00c1gua e Esgoto (Saerb), apresentou um levantamento sobre a situa\u00e7\u00e3o do Rio Acre, refor\u00e7ando a import\u00e2ncia do manancial para o abastecimento da capital. Segundo os dados, o rio fornece \u00e1gua [&hellip;]<\/p>\n","protected":false},"author":5,"featured_media":141408,"comment_status":"","ping_status":"open","sticky":false,"template":"","format":"standard","meta":{"_acf_changed":false,"_angie_page":false,"_monsterinsights_skip_tracking":false,"_themeisle_gutenberg_block_has_review":false,"page_builder":"","footnotes":"","jetpack_publicize_message":"","jetpack_publicize_feature_enabled":true,"jetpack_social_post_already_shared":true,"jetpack_social_options":{"image_generator_settings":{"template":"highway","default_image_id":0,"font":"","enabled":false},"version":2}},"categories":[25307],"tags":[1614,1093,5612,1509,471,1533,587],"class_list":["post-141407","post","type-post","status-publish","format-standard","has-post-thumbnail","hentry","category-acre","tag-abastecimento","tag-apresenta","tag-branco","tag-dados","tag-importancia","tag-prefeitura","tag-sobre"],"acf":[],"nelio_content":{"autoShareEndMode":"never","automationSources":{"useCustomSentences":false,"customSentences":[]},"efiAlt":"","efiUrl":"","followers":[],"highlights":[],"isAutoShareEnabled":true,"networkImageIds":[],"permalinkQueryArgs":[],"series":[],"suggestedReferences":[]},"yoast_head":"<!-- This site is optimized with the Yoast SEO plugin v28.3 - https:\/\/yoast.com\/product\/yoast-seo-wordpress\/ -->\n<title>Prefeitura apresenta ao MPAC dados sobre a import\u00e2ncia do Rio Acre para o abastecimento de Rio Branco<\/title>\n<meta name=\"description\" content=\"Prefeitura apresenta ao MPAC dados sobre a import\u00e2ncia do Rio Acre para o abastecimento de Rio Branco\" \/>\n<meta name=\"robots\" content=\"index, follow, max-snippet:-1, max-image-preview:large, max-video-preview:-1\" \/>\n<link rel=\"canonical\" href=\"https:\/\/www.fatosefotosnews.com.br\/?p=141407\" \/>\n<meta property=\"og:locale\" content=\"pt_BR\" \/>\n<meta property=\"og:type\" content=\"article\" \/>\n<meta property=\"og:title\" content=\"Prefeitura apresenta ao MPAC dados sobre a import\u00e2ncia do Rio Acre para o abastecimento de Rio Branco\" \/>\n<meta property=\"og:description\" content=\"Prefeitura apresenta ao MPAC dados sobre a import\u00e2ncia do Rio Acre para o abastecimento de Rio Branco\" \/>\n<meta property=\"og:url\" content=\"https:\/\/www.fatosefotosnews.com.br\/?p=141407\" \/>\n<meta property=\"og:site_name\" content=\"Fatos e Fotos News\" \/>\n<meta property=\"article:published_time\" content=\"2025-09-08T17:28:05+00:00\" \/>\n<meta property=\"og:image\" content=\"https:\/\/www.fatosefotosnews.com.br\/wp-content\/uploads\/2025\/09\/7d1abc507a7188237c8cbd0156b2c193.jpeg\" \/>\n\t<meta property=\"og:image:width\" content=\"1024\" \/>\n\t<meta property=\"og:image:height\" content=\"577\" \/>\n\t<meta property=\"og:image:type\" content=\"image\/jpeg\" \/>\n<meta name=\"author\" content=\"Da Reda\u00e7\u00e3o\" \/>\n<meta name=\"twitter:card\" content=\"summary_large_image\" \/>\n<meta name=\"twitter:label1\" content=\"Escrito por\" \/>\n\t<meta name=\"twitter:data1\" content=\"Da Reda\u00e7\u00e3o\" \/>\n\t<meta name=\"twitter:label2\" content=\"Est. tempo de leitura\" \/>\n\t<meta name=\"twitter:data2\" content=\"99 minutos\" \/>\n<script type=\"application\/ld+json\" class=\"yoast-schema-graph\">{\"@context\":\"https:\\\/\\\/schema.org\",\"@graph\":[{\"@type\":\"Article\",\"@id\":\"https:\\\/\\\/www.fatosefotosnews.com.br\\\/?p=141407#article\",\"isPartOf\":{\"@id\":\"https:\\\/\\\/www.fatosefotosnews.com.br\\\/?p=141407\"},\"author\":{\"name\":\"Da Reda\u00e7\u00e3o\",\"@id\":\"https:\\\/\\\/www.fatosefotosnews.com.br\\\/#\\\/schema\\\/person\\\/3b80f81d08670fb1f6690e07eb8b5dc6\"},\"headline\":\"Prefeitura apresenta ao MPAC dados sobre a import\u00e2ncia do Rio Acre para o abastecimento de Rio Branco\",\"datePublished\":\"2025-09-08T17:28:05+00:00\",\"mainEntityOfPage\":{\"@id\":\"https:\\\/\\\/www.fatosefotosnews.com.br\\\/?p=141407\"},\"wordCount\":561,\"publisher\":{\"@id\":\"https:\\\/\\\/www.fatosefotosnews.com.br\\\/#organization\"},\"image\":{\"@id\":\"https:\\\/\\\/www.fatosefotosnews.com.br\\\/?p=141407#primaryimage\"},\"thumbnailUrl\":\"https:\\\/\\\/www.fatosefotosnews.com.br\\\/wp-content\\\/uploads\\\/2025\\\/09\\\/7d1abc507a7188237c8cbd0156b2c193.jpeg\",\"keywords\":[\"abastecimento\",\"apresenta\",\"branco\",\"dados\",\"importancia\",\"prefeitura\",\"sobre\"],\"articleSection\":[\"Acre\"],\"inLanguage\":\"pt-BR\"},{\"@type\":\"WebPage\",\"@id\":\"https:\\\/\\\/www.fatosefotosnews.com.br\\\/?p=141407\",\"url\":\"https:\\\/\\\/www.fatosefotosnews.com.br\\\/?p=141407\",\"name\":\"Prefeitura apresenta ao MPAC dados sobre a import\u00e2ncia do Rio Acre para o abastecimento de Rio Branco\",\"isPartOf\":{\"@id\":\"https:\\\/\\\/www.fatosefotosnews.com.br\\\/#website\"},\"primaryImageOfPage\":{\"@id\":\"https:\\\/\\\/www.fatosefotosnews.com.br\\\/?p=141407#primaryimage\"},\"image\":{\"@id\":\"https:\\\/\\\/www.fatosefotosnews.com.br\\\/?p=141407#primaryimage\"},\"thumbnailUrl\":\"https:\\\/\\\/www.fatosefotosnews.com.br\\\/wp-content\\\/uploads\\\/2025\\\/09\\\/7d1abc507a7188237c8cbd0156b2c193.jpeg\",\"datePublished\":\"2025-09-08T17:28:05+00:00\",\"description\":\"Prefeitura apresenta ao MPAC dados sobre a import\u00e2ncia do Rio Acre para o abastecimento de Rio Branco\",\"breadcrumb\":{\"@id\":\"https:\\\/\\\/www.fatosefotosnews.com.br\\\/?p=141407#breadcrumb\"},\"inLanguage\":\"pt-BR\",\"potentialAction\":[{\"@type\":\"ReadAction\",\"target\":[\"https:\\\/\\\/www.fatosefotosnews.com.br\\\/?p=141407\"]}]},{\"@type\":\"ImageObject\",\"inLanguage\":\"pt-BR\",\"@id\":\"https:\\\/\\\/www.fatosefotosnews.com.br\\\/?p=141407#primaryimage\",\"url\":\"https:\\\/\\\/www.fatosefotosnews.com.br\\\/wp-content\\\/uploads\\\/2025\\\/09\\\/7d1abc507a7188237c8cbd0156b2c193.jpeg\",\"contentUrl\":\"https:\\\/\\\/www.fatosefotosnews.com.br\\\/wp-content\\\/uploads\\\/2025\\\/09\\\/7d1abc507a7188237c8cbd0156b2c193.jpeg\",\"width\":1024,\"height\":577,\"caption\":\"Foto: Secom\"},{\"@type\":\"BreadcrumbList\",\"@id\":\"https:\\\/\\\/www.fatosefotosnews.com.br\\\/?p=141407#breadcrumb\",\"itemListElement\":[{\"@type\":\"ListItem\",\"position\":1,\"name\":\"In\u00edcio\",\"item\":\"https:\\\/\\\/www.fatosefotosnews.com.br\\\/\"},{\"@type\":\"ListItem\",\"position\":2,\"name\":\"Prefeitura apresenta ao MPAC dados sobre a import\u00e2ncia do Rio Acre para o abastecimento de Rio Branco\"}]},{\"@type\":\"WebSite\",\"@id\":\"https:\\\/\\\/www.fatosefotosnews.com.br\\\/#website\",\"url\":\"https:\\\/\\\/www.fatosefotosnews.com.br\\\/\",\"name\":\"Fatos e Fotos News\",\"description\":\"Um site de noticial verdadeira e confi\u00e1veis.\",\"publisher\":{\"@id\":\"https:\\\/\\\/www.fatosefotosnews.com.br\\\/#organization\"},\"potentialAction\":[{\"@type\":\"SearchAction\",\"target\":{\"@type\":\"EntryPoint\",\"urlTemplate\":\"https:\\\/\\\/www.fatosefotosnews.com.br\\\/?s={search_term_string}\"},\"query-input\":{\"@type\":\"PropertyValueSpecification\",\"valueRequired\":true,\"valueName\":\"search_term_string\"}}],\"inLanguage\":\"pt-BR\"},{\"@type\":\"Organization\",\"@id\":\"https:\\\/\\\/www.fatosefotosnews.com.br\\\/#organization\",\"name\":\"Fatos e Fotos News\",\"url\":\"https:\\\/\\\/www.fatosefotosnews.com.br\\\/\",\"logo\":{\"@type\":\"ImageObject\",\"inLanguage\":\"pt-BR\",\"@id\":\"https:\\\/\\\/www.fatosefotosnews.com.br\\\/#\\\/schema\\\/logo\\\/image\\\/\",\"url\":\"https:\\\/\\\/www.fatosefotosnews.com.br\\\/wp-content\\\/uploads\\\/2023\\\/02\\\/Fatos-e-Fotos-news-logo.png\",\"contentUrl\":\"https:\\\/\\\/www.fatosefotosnews.com.br\\\/wp-content\\\/uploads\\\/2023\\\/02\\\/Fatos-e-Fotos-news-logo.png\",\"width\":300,\"height\":58,\"caption\":\"Fatos e Fotos News\"},\"image\":{\"@id\":\"https:\\\/\\\/www.fatosefotosnews.com.br\\\/#\\\/schema\\\/logo\\\/image\\\/\"}},{\"@type\":\"Person\",\"@id\":\"https:\\\/\\\/www.fatosefotosnews.com.br\\\/#\\\/schema\\\/person\\\/3b80f81d08670fb1f6690e07eb8b5dc6\",\"name\":\"Da Reda\u00e7\u00e3o\",\"image\":{\"@type\":\"ImageObject\",\"inLanguage\":\"pt-BR\",\"@id\":\"https:\\\/\\\/secure.gravatar.com\\\/avatar\\\/696d39935a657bf0fc95044dbc9f912520430a0eb6dd46c85dd97eb6483b249b?s=96&d=mm&r=g\",\"url\":\"https:\\\/\\\/secure.gravatar.com\\\/avatar\\\/696d39935a657bf0fc95044dbc9f912520430a0eb6dd46c85dd97eb6483b249b?s=96&d=mm&r=g\",\"contentUrl\":\"https:\\\/\\\/secure.gravatar.com\\\/avatar\\\/696d39935a657bf0fc95044dbc9f912520430a0eb6dd46c85dd97eb6483b249b?s=96&d=mm&r=g\",\"caption\":\"Da Reda\u00e7\u00e3o\"},\"url\":\"https:\\\/\\\/www.fatosefotosnews.com.br\\\/?author=5\"}]}<\/script>\n<!-- \/ Yoast SEO plugin. -->","yoast_head_json":{"title":"Prefeitura apresenta ao MPAC dados sobre a import\u00e2ncia do Rio Acre para o abastecimento de Rio Branco","description":"Prefeitura apresenta ao MPAC dados sobre a import\u00e2ncia do Rio Acre para o abastecimento de Rio Branco","robots":{"index":"index","follow":"follow","max-snippet":"max-snippet:-1","max-image-preview":"max-image-preview:large","max-video-preview":"max-video-preview:-1"},"canonical":"https:\/\/www.fatosefotosnews.com.br\/?p=141407","og_locale":"pt_BR","og_type":"article","og_title":"Prefeitura apresenta ao MPAC dados sobre a import\u00e2ncia do Rio Acre para o abastecimento de Rio Branco","og_description":"Prefeitura apresenta ao MPAC dados sobre a import\u00e2ncia do Rio Acre para o abastecimento de Rio Branco","og_url":"https:\/\/www.fatosefotosnews.com.br\/?p=141407","og_site_name":"Fatos e Fotos News","article_published_time":"2025-09-08T17:28:05+00:00","og_image":[{"width":1024,"height":577,"url":"https:\/\/www.fatosefotosnews.com.br\/wp-content\/uploads\/2025\/09\/7d1abc507a7188237c8cbd0156b2c193.jpeg","type":"image\/jpeg"}],"author":"Da Reda\u00e7\u00e3o","twitter_card":"summary_large_image","twitter_misc":{"Escrito por":"Da Reda\u00e7\u00e3o","Est. tempo de leitura":"99 minutos"},"schema":{"@context":"https:\/\/schema.org","@graph":[{"@type":"Article","@id":"https:\/\/www.fatosefotosnews.com.br\/?p=141407#article","isPartOf":{"@id":"https:\/\/www.fatosefotosnews.com.br\/?p=141407"},"author":{"name":"Da Reda\u00e7\u00e3o","@id":"https:\/\/www.fatosefotosnews.com.br\/#\/schema\/person\/3b80f81d08670fb1f6690e07eb8b5dc6"},"headline":"Prefeitura apresenta ao MPAC dados sobre a import\u00e2ncia do Rio Acre para o abastecimento de Rio Branco","datePublished":"2025-09-08T17:28:05+00:00","mainEntityOfPage":{"@id":"https:\/\/www.fatosefotosnews.com.br\/?p=141407"},"wordCount":561,"publisher":{"@id":"https:\/\/www.fatosefotosnews.com.br\/#organization"},"image":{"@id":"https:\/\/www.fatosefotosnews.com.br\/?p=141407#primaryimage"},"thumbnailUrl":"https:\/\/www.fatosefotosnews.com.br\/wp-content\/uploads\/2025\/09\/7d1abc507a7188237c8cbd0156b2c193.jpeg","keywords":["abastecimento","apresenta","branco","dados","importancia","prefeitura","sobre"],"articleSection":["Acre"],"inLanguage":"pt-BR"},{"@type":"WebPage","@id":"https:\/\/www.fatosefotosnews.com.br\/?p=141407","url":"https:\/\/www.fatosefotosnews.com.br\/?p=141407","name":"Prefeitura apresenta ao MPAC dados sobre a import\u00e2ncia do Rio Acre para o abastecimento de Rio Branco","isPartOf":{"@id":"https:\/\/www.fatosefotosnews.com.br\/#website"},"primaryImageOfPage":{"@id":"https:\/\/www.fatosefotosnews.com.br\/?p=141407#primaryimage"},"image":{"@id":"https:\/\/www.fatosefotosnews.com.br\/?p=141407#primaryimage"},"thumbnailUrl":"https:\/\/www.fatosefotosnews.com.br\/wp-content\/uploads\/2025\/09\/7d1abc507a7188237c8cbd0156b2c193.jpeg","datePublished":"2025-09-08T17:28:05+00:00","description":"Prefeitura apresenta ao MPAC dados sobre a import\u00e2ncia do Rio Acre para o abastecimento de Rio Branco","breadcrumb":{"@id":"https:\/\/www.fatosefotosnews.com.br\/?p=141407#breadcrumb"},"inLanguage":"pt-BR","potentialAction":[{"@type":"ReadAction","target":["https:\/\/www.fatosefotosnews.com.br\/?p=141407"]}]},{"@type":"ImageObject","inLanguage":"pt-BR","@id":"https:\/\/www.fatosefotosnews.com.br\/?p=141407#primaryimage","url":"https:\/\/www.fatosefotosnews.com.br\/wp-content\/uploads\/2025\/09\/7d1abc507a7188237c8cbd0156b2c193.jpeg","contentUrl":"https:\/\/www.fatosefotosnews.com.br\/wp-content\/uploads\/2025\/09\/7d1abc507a7188237c8cbd0156b2c193.jpeg","width":1024,"height":577,"caption":"Foto: Secom"},{"@type":"BreadcrumbList","@id":"https:\/\/www.fatosefotosnews.com.br\/?p=141407#breadcrumb","itemListElement":[{"@type":"ListItem","position":1,"name":"In\u00edcio","item":"https:\/\/www.fatosefotosnews.com.br\/"},{"@type":"ListItem","position":2,"name":"Prefeitura apresenta ao MPAC dados sobre a import\u00e2ncia do Rio Acre para o abastecimento de Rio Branco"}]},{"@type":"WebSite","@id":"https:\/\/www.fatosefotosnews.com.br\/#website","url":"https:\/\/www.fatosefotosnews.com.br\/","name":"Fatos e Fotos News","description":"Um site de noticial verdadeira e confi\u00e1veis.","publisher":{"@id":"https:\/\/www.fatosefotosnews.com.br\/#organization"},"potentialAction":[{"@type":"SearchAction","target":{"@type":"EntryPoint","urlTemplate":"https:\/\/www.fatosefotosnews.com.br\/?s={search_term_string}"},"query-input":{"@type":"PropertyValueSpecification","valueRequired":true,"valueName":"search_term_string"}}],"inLanguage":"pt-BR"},{"@type":"Organization","@id":"https:\/\/www.fatosefotosnews.com.br\/#organization","name":"Fatos e Fotos News","url":"https:\/\/www.fatosefotosnews.com.br\/","logo":{"@type":"ImageObject","inLanguage":"pt-BR","@id":"https:\/\/www.fatosefotosnews.com.br\/#\/schema\/logo\/image\/","url":"https:\/\/www.fatosefotosnews.com.br\/wp-content\/uploads\/2023\/02\/Fatos-e-Fotos-news-logo.png","contentUrl":"https:\/\/www.fatosefotosnews.com.br\/wp-content\/uploads\/2023\/02\/Fatos-e-Fotos-news-logo.png","width":300,"height":58,"caption":"Fatos e Fotos News"},"image":{"@id":"https:\/\/www.fatosefotosnews.com.br\/#\/schema\/logo\/image\/"}},{"@type":"Person","@id":"https:\/\/www.fatosefotosnews.com.br\/#\/schema\/person\/3b80f81d08670fb1f6690e07eb8b5dc6","name":"Da Reda\u00e7\u00e3o","image":{"@type":"ImageObject","inLanguage":"pt-BR","@id":"https:\/\/secure.gravatar.com\/avatar\/696d39935a657bf0fc95044dbc9f912520430a0eb6dd46c85dd97eb6483b249b?s=96&d=mm&r=g","url":"https:\/\/secure.gravatar.com\/avatar\/696d39935a657bf0fc95044dbc9f912520430a0eb6dd46c85dd97eb6483b249b?s=96&d=mm&r=g","contentUrl":"https:\/\/secure.gravatar.com\/avatar\/696d39935a657bf0fc95044dbc9f912520430a0eb6dd46c85dd97eb6483b249b?s=96&d=mm&r=g","caption":"Da Reda\u00e7\u00e3o"},"url":"https:\/\/www.fatosefotosnews.com.br\/?author=5"}]}},"jetpack_publicize_connections":[],"blog_post_layout_featured_media_urls":{"thumbnail":["https:\/\/www.fatosefotosnews.com.br\/wp-content\/uploads\/2025\/09\/7d1abc507a7188237c8cbd0156b2c193-150x150.jpeg",150,150,true],"full":["https:\/\/www.fatosefotosnews.com.br\/wp-content\/uploads\/2025\/09\/7d1abc507a7188237c8cbd0156b2c193.jpeg",1024,577,false]},"categories_names":{"25307":{"name":"Acre","link":"https:\/\/www.fatosefotosnews.com.br\/?cat=25307"}},"tags_names":{"1614":{"name":"abastecimento","link":"https:\/\/www.fatosefotosnews.com.br\/?tag=abastecimento"},"1093":{"name":"apresenta","link":"https:\/\/www.fatosefotosnews.com.br\/?tag=apresenta"},"5612":{"name":"branco","link":"https:\/\/www.fatosefotosnews.com.br\/?tag=branco"},"1509":{"name":"dados","link":"https:\/\/www.fatosefotosnews.com.br\/?tag=dados"},"471":{"name":"importancia","link":"https:\/\/www.fatosefotosnews.com.br\/?tag=importancia"},"1533":{"name":"prefeitura","link":"https:\/\/www.fatosefotosnews.com.br\/?tag=prefeitura"},"587":{"name":"sobre","link":"https:\/\/www.fatosefotosnews.com.br\/?tag=sobre"}},"comments_number":"0","wpmagazine_modules_lite_featured_media_urls":{"thumbnail":["https:\/\/www.fatosefotosnews.com.br\/wp-content\/uploads\/2025\/09\/7d1abc507a7188237c8cbd0156b2c193-150x150.jpeg",150,150,true],"cvmm-medium":["https:\/\/www.fatosefotosnews.com.br\/wp-content\/uploads\/2025\/09\/7d1abc507a7188237c8cbd0156b2c193-300x300.jpeg",300,300,true],"cvmm-medium-plus":["https:\/\/www.fatosefotosnews.com.br\/wp-content\/uploads\/2025\/09\/7d1abc507a7188237c8cbd0156b2c193-305x207.jpeg",305,207,true],"cvmm-portrait":["https:\/\/www.fatosefotosnews.com.br\/wp-content\/uploads\/2025\/09\/7d1abc507a7188237c8cbd0156b2c193-400x577.jpeg",400,577,true],"cvmm-medium-square":["https:\/\/www.fatosefotosnews.com.br\/wp-content\/uploads\/2025\/09\/7d1abc507a7188237c8cbd0156b2c193-600x577.jpeg",600,577,true],"cvmm-large":["https:\/\/www.fatosefotosnews.com.br\/wp-content\/uploads\/2025\/09\/7d1abc507a7188237c8cbd0156b2c193.jpeg",1024,577,false],"cvmm-small":["https:\/\/www.fatosefotosnews.com.br\/wp-content\/uploads\/2025\/09\/7d1abc507a7188237c8cbd0156b2c193-130x95.jpeg",130,95,true],"full":["https:\/\/www.fatosefotosnews.com.br\/wp-content\/uploads\/2025\/09\/7d1abc507a7188237c8cbd0156b2c193.jpeg",1024,577,false]},"_links":{"self":[{"href":"https:\/\/www.fatosefotosnews.com.br\/index.php?rest_route=\/wp\/v2\/posts\/141407","targetHints":{"allow":["GET"]}}],"collection":[{"href":"https:\/\/www.fatosefotosnews.com.br\/index.php?rest_route=\/wp\/v2\/posts"}],"about":[{"href":"https:\/\/www.fatosefotosnews.com.br\/index.php?rest_route=\/wp\/v2\/types\/post"}],"author":[{"embeddable":true,"href":"https:\/\/www.fatosefotosnews.com.br\/index.php?rest_route=\/wp\/v2\/users\/5"}],"replies":[{"embeddable":true,"href":"https:\/\/www.fatosefotosnews.com.br\/index.php?rest_route=%2Fwp%2Fv2%2Fcomments&post=141407"}],"version-history":[{"count":0,"href":"https:\/\/www.fatosefotosnews.com.br\/index.php?rest_route=\/wp\/v2\/posts\/141407\/revisions"}],"wp:featuredmedia":[{"embeddable":true,"href":"https:\/\/www.fatosefotosnews.com.br\/index.php?rest_route=\/wp\/v2\/media\/141408"}],"wp:attachment":[{"href":"https:\/\/www.fatosefotosnews.com.br\/index.php?rest_route=%2Fwp%2Fv2%2Fmedia&parent=141407"}],"wp:term":[{"taxonomy":"category","embeddable":true,"href":"https:\/\/www.fatosefotosnews.com.br\/index.php?rest_route=%2Fwp%2Fv2%2Fcategories&post=141407"},{"taxonomy":"post_tag","embeddable":true,"href":"https:\/\/www.fatosefotosnews.com.br\/index.php?rest_route=%2Fwp%2Fv2%2Ftags&post=141407"}],"curies":[{"name":"wp","href":"https:\/\/api.w.org\/{rel}","templated":true}]}}