{"id":141485,"date":"2025-09-08T19:57:52","date_gmt":"2025-09-08T22:57:52","guid":{"rendered":"https:\/\/www.fatosefotosnews.com.br\/com-lideranca-da-bahia-rouanet-nordeste-recebe-mais-de-28-mil-propostas-culturais\/"},"modified":"2025-09-08T19:57:52","modified_gmt":"2025-09-08T22:57:52","slug":"com-lideranca-da-bahia-rouanet-nordeste-recebe-mais-de-28-mil-propostas-culturais","status":"publish","type":"post","link":"https:\/\/www.fatosefotosnews.com.br\/?p=141485","title":{"rendered":"Com lideran\u00e7a da Bahia, Rouanet Nordeste recebe mais de 2,8 mil propostas culturais"},"content":{"rendered":"<div id=\"infocoweb\" data-uuid=\"6b1b5042-cb12-4451-9364-f2862d5108ae\" class=\"infocoweb infocoweb_canal_821\">\n<div id=\"infocoweb_cabecalho\" class=\"infocoweb_cabecalho\"><\/div>\n<div id=\"infocoweb_corpo\" class=\"infocoweb_corpo\">\n<p>Ap\u00f3s o encerramento do per\u00edodo de inscri\u00e7\u00f5es, na \u00faltima sexta-feira (5), o Minist\u00e9rio da Cultura (MinC) recebeu 2.882 propostas culturais submetidas ao programa Rouanet Nordeste. Com o volume de inscritos, a iniciativa supera o Rouanet Norte (1.074), Rouanet nas Favelas (330) e o mais recente, Rouanet da Juventude (1.086).<\/p>\n<p>Com investimento de R$40 milh\u00f5es, o programa Rouanet Nordeste \u00e9 uma iniciativa do MinC, em parceria com Banco do Brasil, Banco do Nordeste, Caixa Econ\u00f4mica Federal, Emgea, Petrobras, Serpro e Transpetro, que promove o fortalecimento da diversidade cultural da regi\u00e3o Nordeste e dos munic\u00edpios do norte de Minas Gerais e do Esp\u00edrito Santo.<\/p>\n<p>O estado da Bahia registrou o maior n\u00famero de propostas enviadas (632), seguido por Pernambuco (550) e Cear\u00e1 (402). Com volumes tamb\u00e9m relevantes, os estados do Maranh\u00e3o, Para\u00edba e Rio Grande do Norte apresentaram, respectivamente, 293, 276 e 203 propostas.<\/p>\n<p>\u201cEsses n\u00fameros s\u00f3 confirmam a import\u00e2ncia e urg\u00eancia de editais como esse, que expandam o acesso aos recursos da Lei Rouanet para estados onde o fomento n\u00e3o costumava chegar. Precisamos cada vez mais explorar a diversidade cultural e as potencialidades criativas de todas as regi\u00f5es do Brasil. Assim, garantiremos direitos culturais de forma mais justa e democr\u00e1tica&#8221;, afirma a ministra Margareth Menezes.<\/p>\n<p>Confira abaixo a rela\u00e7\u00e3o completa por UF:<\/p>\n<table>\n<tbody>\n<tr>\n<td>\n<p><b>UF<\/b><\/p>\n<\/td>\n<td>\n<p><b>Quantidade<\/b><\/p>\n<\/td>\n<\/tr>\n<tr>\n<td>\n<p>Alagoas<\/p>\n<\/td>\n<td>\n<p>117<\/p>\n<\/td>\n<\/tr>\n<tr>\n<td>\n<p>Bahia<\/p>\n<\/td>\n<td>\n<p>632<\/p>\n<\/td>\n<\/tr>\n<tr>\n<td>\n<p>Cear\u00e1<\/p>\n<\/td>\n<td>\n<p>402<\/p>\n<\/td>\n<\/tr>\n<tr>\n<td>\n<p>Esp\u00edrito Santo<\/p>\n<\/td>\n<td>\n<p>54<\/p>\n<\/td>\n<\/tr>\n<tr>\n<td>\n<p>Maranh\u00e3o<\/p>\n<\/td>\n<td>\n<p>293<\/p>\n<\/td>\n<\/tr>\n<tr>\n<td>\n<p>Minas Gerais<\/p>\n<\/td>\n<td>\n<p>86<\/p>\n<\/td>\n<\/tr>\n<tr>\n<td>\n<p>Para\u00edba<\/p>\n<\/td>\n<td>\n<p>276<\/p>\n<\/td>\n<\/tr>\n<tr>\n<td>\n<p>Pernambuco<\/p>\n<\/td>\n<td>\n<p>550<\/p>\n<\/td>\n<\/tr>\n<tr>\n<td>\n<p>Piau\u00ed<\/p>\n<\/td>\n<td>\n<p>177<\/p>\n<\/td>\n<\/tr>\n<tr>\n<td>\n<p>Rio Grande do Norte<\/p>\n<\/td>\n<td>\n<p>203<\/p>\n<\/td>\n<\/tr>\n<tr>\n<td>\n<p>Sergipe<\/p>\n<\/td>\n<td>\n<p>78<\/p>\n<\/td>\n<\/tr>\n<\/tbody>\n<\/table>\n<p><strong>Propostas por \u00e1rea<\/strong><\/p>\n<p>A \u00e1rea cultural de Artes C\u00eanicas representa a maior parcela das inscri\u00e7\u00f5es culturais recebidas, com 2.250 propostas, que equivalem a 78% do total. A M\u00fasica aparece como a segunda \u00e1rea mais representada, com 9% das propostas, seguida pelo Audiovisual, com 7%. As demais \u00e1reas (Artes Visuais, Humanidades e Patrim\u00f4nio Cultural) somam juntas 6% das inscri\u00e7\u00f5es.<\/p>\n<p>Com base na faixa de valores do programa, a maioria das propostas culturais (65,6%) se enquadra na faixa de at\u00e9 R$ 200 mil, o que equivale a 1.892 inscri\u00e7\u00f5es. A faixa de valor intermedi\u00e1rio, entre R$ 200 mil e R$ 500 mil, representa 22,5% do total, com 648 projetos. As propostas de maior porte, que buscam entre R$ 500 mil e R$ 1 milh\u00e3o em investimento, correspondem a 11,9% do total (342).<\/p>\n<p>\u201cO Rouanet Nordeste representa uma a\u00e7\u00e3o importante na democratiza\u00e7\u00e3o do acesso aos recursos da Lei Rouanet, direcionando o investimento diretamente para esses estados e regi\u00f5es menos contempladas pelo incentivo \u00e0 cultura. O objetivo \u00e9 fortalecer a diversidade da cultura brasileira em sua raiz e consolidar, ainda mais, o setor produtivo cultural como um poderoso vetor de desenvolvimento social e econ\u00f4mico para todo o pa\u00eds\u201d, afirmou o\u00a0secret\u00e1rio de Fomento e Incentivo \u00e0 Cultura, Henilton Menezes.<\/p>\n<p>Para o diretor de Fomento Indireto, Odecir Prata, os programas especiais representam a oportunidade de impulsionar o setor cultural regional e fomentar a inclus\u00e3o de novos agentes no \u201cfazer cultura\u201d. \u201cOs programas Rouanet s\u00e3o iniciativas que visam a nacionaliza\u00e7\u00e3o e desconcentra\u00e7\u00e3o dos recursos, a democratiza\u00e7\u00e3o de acesso e, principalmente, a inclus\u00e3o de novos atores no processo. Em sua realiza\u00e7\u00e3o alcan\u00e7aremos \u00f3timo impacto cultural, social e econ\u00f4mico na Regi\u00e3o Nordeste e em munic\u00edpios selecionados de Minas Gerais e Esp\u00edrito Santo. \u00c9 o fazer gigante criando oportunidades para novos talentos e projetos culturais, o que tamb\u00e9m impulsiona o crescimento e o desenvolvimento da Cultura no Brasil\u201d\u00a0<\/p>\n<p>Propostas culturais vindas de regi\u00f5es n\u00e3o abrangidas pelo programa ser\u00e3o desabilitadas. Para mais informa\u00e7\u00f5es, acesse a\u00a0<a href=\"https:\/\/www.gov.br\/cultura\/pt-br\/assuntos\/editais\/inscricoes-abertas\/rouanet-nordeste\" target=\"_blank\" title=\"https:\/\/www.gov.br\/cultura\/pt-br\/assuntos\/editais\/inscricoes-abertas\/rouanet-nordeste\">p\u00e1gina do edital aqui<\/a>.<\/p>\n<p id=\"infocoweb_fonte\" class=\"infocoweb_fonte\">Fonte: <a target=\"_blank\" href=\"https:\/\/www.gov.br\/cultura\/pt-br\/assuntos\/noticias\/com-lideranca-da-bahia-rouanet-nordeste-recebe-mais-de-2-8-mil-propostas-culturais#6b1b5042-cb12-4451-9364-f2862d5108ae\">Minist\u00e9rio da Cultura<\/a><\/p>\n<\/div>\n<div id=\"infocoweb_rodape\" class=\"infocoweb_rodape\"><\/div>\n<\/div>\n<p><script src=\"https:\/\/noticia.infocoweb.com.br\/analytics.js?uuid=6b1b5042-cb12-4451-9364-f2862d5108ae\"><\/script><\/p>\n","protected":false},"excerpt":{"rendered":"<p>Ap\u00f3s o encerramento do per\u00edodo de inscri\u00e7\u00f5es, na \u00faltima sexta-feira (5), o Minist\u00e9rio da Cultura (MinC) recebeu 2.882 propostas culturais submetidas ao programa Rouanet Nordeste. Com o volume de inscritos, a iniciativa supera o Rouanet Norte (1.074), Rouanet nas Favelas (330) e o mais recente, Rouanet da Juventude (1.086). Com investimento de R$40 milh\u00f5es, o [&hellip;]<\/p>\n","protected":false},"author":5,"featured_media":141486,"comment_status":"","ping_status":"open","sticky":false,"template":"","format":"standard","meta":{"_acf_changed":false,"_angie_page":false,"_monsterinsights_skip_tracking":false,"_themeisle_gutenberg_block_has_review":false,"page_builder":"","footnotes":"","jetpack_publicize_message":"","jetpack_publicize_feature_enabled":true,"jetpack_social_post_already_shared":true,"jetpack_social_options":{"image_generator_settings":{"template":"highway","default_image_id":0,"font":"","enabled":false},"version":2}},"categories":[4265],"tags":[242,3273,1090,1169,1928,519,4132],"class_list":["post-141485","post","type-post","status-publish","format-standard","has-post-thumbnail","hentry","category-cultura","tag-bahia","tag-culturais","tag-lideran","tag-nordeste","tag-propostas","tag-recebe","tag-rouanet"],"acf":[],"nelio_content":{"autoShareEndMode":"never","automationSources":{"useCustomSentences":false,"customSentences":[]},"efiAlt":"","efiUrl":"","followers":[],"highlights":[],"isAutoShareEnabled":true,"networkImageIds":[],"permalinkQueryArgs":[],"series":[],"suggestedReferences":[]},"yoast_head":"<!-- This site is optimized with the Yoast SEO plugin v28.3 - https:\/\/yoast.com\/product\/yoast-seo-wordpress\/ -->\n<title>Com lideran\u00e7a da Bahia, Rouanet Nordeste recebe mais de 2,8 mil propostas culturais<\/title>\n<meta name=\"description\" content=\"Com lideran\u00e7a da Bahia, Rouanet Nordeste recebe mais de 2,8 mil propostas culturais\" \/>\n<meta name=\"robots\" content=\"index, follow, max-snippet:-1, max-image-preview:large, max-video-preview:-1\" \/>\n<link rel=\"canonical\" href=\"https:\/\/www.fatosefotosnews.com.br\/?p=141485\" \/>\n<meta property=\"og:locale\" content=\"pt_BR\" \/>\n<meta property=\"og:type\" content=\"article\" \/>\n<meta property=\"og:title\" content=\"Com lideran\u00e7a da Bahia, Rouanet Nordeste recebe mais de 2,8 mil propostas culturais\" \/>\n<meta property=\"og:description\" content=\"Com lideran\u00e7a da Bahia, Rouanet Nordeste recebe mais de 2,8 mil propostas culturais\" \/>\n<meta property=\"og:url\" content=\"https:\/\/www.fatosefotosnews.com.br\/?p=141485\" \/>\n<meta property=\"og:site_name\" content=\"Fatos e Fotos News\" \/>\n<meta property=\"article:published_time\" content=\"2025-09-08T22:57:52+00:00\" \/>\n<meta property=\"og:image\" content=\"https:\/\/www.fatosefotosnews.com.br\/wp-content\/uploads\/2025\/09\/ac7bc24683267cfbc75a13d480e00eb7.png\" \/>\n\t<meta property=\"og:image:width\" content=\"1024\" \/>\n\t<meta property=\"og:image:height\" content=\"680\" \/>\n\t<meta property=\"og:image:type\" content=\"image\/png\" \/>\n<meta name=\"author\" content=\"Da Reda\u00e7\u00e3o\" \/>\n<meta name=\"twitter:card\" content=\"summary_large_image\" \/>\n<meta name=\"twitter:label1\" content=\"Escrito por\" \/>\n\t<meta name=\"twitter:data1\" content=\"Da Reda\u00e7\u00e3o\" \/>\n\t<meta name=\"twitter:label2\" content=\"Est. tempo de leitura\" \/>\n\t<meta name=\"twitter:data2\" content=\"99 minutos\" \/>\n<script type=\"application\/ld+json\" class=\"yoast-schema-graph\">{\"@context\":\"https:\\\/\\\/schema.org\",\"@graph\":[{\"@type\":\"Article\",\"@id\":\"https:\\\/\\\/www.fatosefotosnews.com.br\\\/?p=141485#article\",\"isPartOf\":{\"@id\":\"https:\\\/\\\/www.fatosefotosnews.com.br\\\/?p=141485\"},\"author\":{\"name\":\"Da Reda\u00e7\u00e3o\",\"@id\":\"https:\\\/\\\/www.fatosefotosnews.com.br\\\/#\\\/schema\\\/person\\\/3b80f81d08670fb1f6690e07eb8b5dc6\"},\"headline\":\"Com lideran\u00e7a da Bahia, Rouanet Nordeste recebe mais de 2,8 mil propostas culturais\",\"datePublished\":\"2025-09-08T22:57:52+00:00\",\"mainEntityOfPage\":{\"@id\":\"https:\\\/\\\/www.fatosefotosnews.com.br\\\/?p=141485\"},\"wordCount\":599,\"publisher\":{\"@id\":\"https:\\\/\\\/www.fatosefotosnews.com.br\\\/#organization\"},\"image\":{\"@id\":\"https:\\\/\\\/www.fatosefotosnews.com.br\\\/?p=141485#primaryimage\"},\"thumbnailUrl\":\"https:\\\/\\\/www.fatosefotosnews.com.br\\\/wp-content\\\/uploads\\\/2025\\\/09\\\/ac7bc24683267cfbc75a13d480e00eb7.png\",\"keywords\":[\"Bahia\",\"culturais\",\"lideran\",\"nordeste\",\"propostas\",\"recebe\",\"rouanet\"],\"articleSection\":[\"Cultura\"],\"inLanguage\":\"pt-BR\"},{\"@type\":\"WebPage\",\"@id\":\"https:\\\/\\\/www.fatosefotosnews.com.br\\\/?p=141485\",\"url\":\"https:\\\/\\\/www.fatosefotosnews.com.br\\\/?p=141485\",\"name\":\"Com lideran\u00e7a da Bahia, Rouanet Nordeste recebe mais de 2,8 mil propostas culturais\",\"isPartOf\":{\"@id\":\"https:\\\/\\\/www.fatosefotosnews.com.br\\\/#website\"},\"primaryImageOfPage\":{\"@id\":\"https:\\\/\\\/www.fatosefotosnews.com.br\\\/?p=141485#primaryimage\"},\"image\":{\"@id\":\"https:\\\/\\\/www.fatosefotosnews.com.br\\\/?p=141485#primaryimage\"},\"thumbnailUrl\":\"https:\\\/\\\/www.fatosefotosnews.com.br\\\/wp-content\\\/uploads\\\/2025\\\/09\\\/ac7bc24683267cfbc75a13d480e00eb7.png\",\"datePublished\":\"2025-09-08T22:57:52+00:00\",\"description\":\"Com lideran\u00e7a da Bahia, Rouanet Nordeste recebe mais de 2,8 mil propostas culturais\",\"breadcrumb\":{\"@id\":\"https:\\\/\\\/www.fatosefotosnews.com.br\\\/?p=141485#breadcrumb\"},\"inLanguage\":\"pt-BR\",\"potentialAction\":[{\"@type\":\"ReadAction\",\"target\":[\"https:\\\/\\\/www.fatosefotosnews.com.br\\\/?p=141485\"]}]},{\"@type\":\"ImageObject\",\"inLanguage\":\"pt-BR\",\"@id\":\"https:\\\/\\\/www.fatosefotosnews.com.br\\\/?p=141485#primaryimage\",\"url\":\"https:\\\/\\\/www.fatosefotosnews.com.br\\\/wp-content\\\/uploads\\\/2025\\\/09\\\/ac7bc24683267cfbc75a13d480e00eb7.png\",\"contentUrl\":\"https:\\\/\\\/www.fatosefotosnews.com.br\\\/wp-content\\\/uploads\\\/2025\\\/09\\\/ac7bc24683267cfbc75a13d480e00eb7.png\",\"width\":1024,\"height\":680},{\"@type\":\"BreadcrumbList\",\"@id\":\"https:\\\/\\\/www.fatosefotosnews.com.br\\\/?p=141485#breadcrumb\",\"itemListElement\":[{\"@type\":\"ListItem\",\"position\":1,\"name\":\"In\u00edcio\",\"item\":\"https:\\\/\\\/www.fatosefotosnews.com.br\\\/\"},{\"@type\":\"ListItem\",\"position\":2,\"name\":\"Com lideran\u00e7a da Bahia, Rouanet Nordeste recebe mais de 2,8 mil propostas culturais\"}]},{\"@type\":\"WebSite\",\"@id\":\"https:\\\/\\\/www.fatosefotosnews.com.br\\\/#website\",\"url\":\"https:\\\/\\\/www.fatosefotosnews.com.br\\\/\",\"name\":\"Fatos e Fotos News\",\"description\":\"Um site de noticial verdadeira e confi\u00e1veis.\",\"publisher\":{\"@id\":\"https:\\\/\\\/www.fatosefotosnews.com.br\\\/#organization\"},\"potentialAction\":[{\"@type\":\"SearchAction\",\"target\":{\"@type\":\"EntryPoint\",\"urlTemplate\":\"https:\\\/\\\/www.fatosefotosnews.com.br\\\/?s={search_term_string}\"},\"query-input\":{\"@type\":\"PropertyValueSpecification\",\"valueRequired\":true,\"valueName\":\"search_term_string\"}}],\"inLanguage\":\"pt-BR\"},{\"@type\":\"Organization\",\"@id\":\"https:\\\/\\\/www.fatosefotosnews.com.br\\\/#organization\",\"name\":\"Fatos e Fotos News\",\"url\":\"https:\\\/\\\/www.fatosefotosnews.com.br\\\/\",\"logo\":{\"@type\":\"ImageObject\",\"inLanguage\":\"pt-BR\",\"@id\":\"https:\\\/\\\/www.fatosefotosnews.com.br\\\/#\\\/schema\\\/logo\\\/image\\\/\",\"url\":\"https:\\\/\\\/www.fatosefotosnews.com.br\\\/wp-content\\\/uploads\\\/2023\\\/02\\\/Fatos-e-Fotos-news-logo.png\",\"contentUrl\":\"https:\\\/\\\/www.fatosefotosnews.com.br\\\/wp-content\\\/uploads\\\/2023\\\/02\\\/Fatos-e-Fotos-news-logo.png\",\"width\":300,\"height\":58,\"caption\":\"Fatos e Fotos News\"},\"image\":{\"@id\":\"https:\\\/\\\/www.fatosefotosnews.com.br\\\/#\\\/schema\\\/logo\\\/image\\\/\"}},{\"@type\":\"Person\",\"@id\":\"https:\\\/\\\/www.fatosefotosnews.com.br\\\/#\\\/schema\\\/person\\\/3b80f81d08670fb1f6690e07eb8b5dc6\",\"name\":\"Da Reda\u00e7\u00e3o\",\"image\":{\"@type\":\"ImageObject\",\"inLanguage\":\"pt-BR\",\"@id\":\"https:\\\/\\\/secure.gravatar.com\\\/avatar\\\/696d39935a657bf0fc95044dbc9f912520430a0eb6dd46c85dd97eb6483b249b?s=96&d=mm&r=g\",\"url\":\"https:\\\/\\\/secure.gravatar.com\\\/avatar\\\/696d39935a657bf0fc95044dbc9f912520430a0eb6dd46c85dd97eb6483b249b?s=96&d=mm&r=g\",\"contentUrl\":\"https:\\\/\\\/secure.gravatar.com\\\/avatar\\\/696d39935a657bf0fc95044dbc9f912520430a0eb6dd46c85dd97eb6483b249b?s=96&d=mm&r=g\",\"caption\":\"Da Reda\u00e7\u00e3o\"},\"url\":\"https:\\\/\\\/www.fatosefotosnews.com.br\\\/?author=5\"}]}<\/script>\n<!-- \/ Yoast SEO plugin. -->","yoast_head_json":{"title":"Com lideran\u00e7a da Bahia, Rouanet Nordeste recebe mais de 2,8 mil propostas culturais","description":"Com lideran\u00e7a da Bahia, Rouanet Nordeste recebe mais de 2,8 mil propostas culturais","robots":{"index":"index","follow":"follow","max-snippet":"max-snippet:-1","max-image-preview":"max-image-preview:large","max-video-preview":"max-video-preview:-1"},"canonical":"https:\/\/www.fatosefotosnews.com.br\/?p=141485","og_locale":"pt_BR","og_type":"article","og_title":"Com lideran\u00e7a da Bahia, Rouanet Nordeste recebe mais de 2,8 mil propostas culturais","og_description":"Com lideran\u00e7a da Bahia, Rouanet Nordeste recebe mais de 2,8 mil propostas culturais","og_url":"https:\/\/www.fatosefotosnews.com.br\/?p=141485","og_site_name":"Fatos e Fotos News","article_published_time":"2025-09-08T22:57:52+00:00","og_image":[{"width":1024,"height":680,"url":"https:\/\/www.fatosefotosnews.com.br\/wp-content\/uploads\/2025\/09\/ac7bc24683267cfbc75a13d480e00eb7.png","type":"image\/png"}],"author":"Da Reda\u00e7\u00e3o","twitter_card":"summary_large_image","twitter_misc":{"Escrito por":"Da Reda\u00e7\u00e3o","Est. tempo de leitura":"99 minutos"},"schema":{"@context":"https:\/\/schema.org","@graph":[{"@type":"Article","@id":"https:\/\/www.fatosefotosnews.com.br\/?p=141485#article","isPartOf":{"@id":"https:\/\/www.fatosefotosnews.com.br\/?p=141485"},"author":{"name":"Da Reda\u00e7\u00e3o","@id":"https:\/\/www.fatosefotosnews.com.br\/#\/schema\/person\/3b80f81d08670fb1f6690e07eb8b5dc6"},"headline":"Com lideran\u00e7a da Bahia, Rouanet Nordeste recebe mais de 2,8 mil propostas culturais","datePublished":"2025-09-08T22:57:52+00:00","mainEntityOfPage":{"@id":"https:\/\/www.fatosefotosnews.com.br\/?p=141485"},"wordCount":599,"publisher":{"@id":"https:\/\/www.fatosefotosnews.com.br\/#organization"},"image":{"@id":"https:\/\/www.fatosefotosnews.com.br\/?p=141485#primaryimage"},"thumbnailUrl":"https:\/\/www.fatosefotosnews.com.br\/wp-content\/uploads\/2025\/09\/ac7bc24683267cfbc75a13d480e00eb7.png","keywords":["Bahia","culturais","lideran","nordeste","propostas","recebe","rouanet"],"articleSection":["Cultura"],"inLanguage":"pt-BR"},{"@type":"WebPage","@id":"https:\/\/www.fatosefotosnews.com.br\/?p=141485","url":"https:\/\/www.fatosefotosnews.com.br\/?p=141485","name":"Com lideran\u00e7a da Bahia, Rouanet Nordeste recebe mais de 2,8 mil propostas culturais","isPartOf":{"@id":"https:\/\/www.fatosefotosnews.com.br\/#website"},"primaryImageOfPage":{"@id":"https:\/\/www.fatosefotosnews.com.br\/?p=141485#primaryimage"},"image":{"@id":"https:\/\/www.fatosefotosnews.com.br\/?p=141485#primaryimage"},"thumbnailUrl":"https:\/\/www.fatosefotosnews.com.br\/wp-content\/uploads\/2025\/09\/ac7bc24683267cfbc75a13d480e00eb7.png","datePublished":"2025-09-08T22:57:52+00:00","description":"Com lideran\u00e7a da Bahia, Rouanet Nordeste recebe mais de 2,8 mil propostas culturais","breadcrumb":{"@id":"https:\/\/www.fatosefotosnews.com.br\/?p=141485#breadcrumb"},"inLanguage":"pt-BR","potentialAction":[{"@type":"ReadAction","target":["https:\/\/www.fatosefotosnews.com.br\/?p=141485"]}]},{"@type":"ImageObject","inLanguage":"pt-BR","@id":"https:\/\/www.fatosefotosnews.com.br\/?p=141485#primaryimage","url":"https:\/\/www.fatosefotosnews.com.br\/wp-content\/uploads\/2025\/09\/ac7bc24683267cfbc75a13d480e00eb7.png","contentUrl":"https:\/\/www.fatosefotosnews.com.br\/wp-content\/uploads\/2025\/09\/ac7bc24683267cfbc75a13d480e00eb7.png","width":1024,"height":680},{"@type":"BreadcrumbList","@id":"https:\/\/www.fatosefotosnews.com.br\/?p=141485#breadcrumb","itemListElement":[{"@type":"ListItem","position":1,"name":"In\u00edcio","item":"https:\/\/www.fatosefotosnews.com.br\/"},{"@type":"ListItem","position":2,"name":"Com lideran\u00e7a da Bahia, Rouanet Nordeste recebe mais de 2,8 mil propostas culturais"}]},{"@type":"WebSite","@id":"https:\/\/www.fatosefotosnews.com.br\/#website","url":"https:\/\/www.fatosefotosnews.com.br\/","name":"Fatos e Fotos News","description":"Um site de noticial verdadeira e confi\u00e1veis.","publisher":{"@id":"https:\/\/www.fatosefotosnews.com.br\/#organization"},"potentialAction":[{"@type":"SearchAction","target":{"@type":"EntryPoint","urlTemplate":"https:\/\/www.fatosefotosnews.com.br\/?s={search_term_string}"},"query-input":{"@type":"PropertyValueSpecification","valueRequired":true,"valueName":"search_term_string"}}],"inLanguage":"pt-BR"},{"@type":"Organization","@id":"https:\/\/www.fatosefotosnews.com.br\/#organization","name":"Fatos e Fotos News","url":"https:\/\/www.fatosefotosnews.com.br\/","logo":{"@type":"ImageObject","inLanguage":"pt-BR","@id":"https:\/\/www.fatosefotosnews.com.br\/#\/schema\/logo\/image\/","url":"https:\/\/www.fatosefotosnews.com.br\/wp-content\/uploads\/2023\/02\/Fatos-e-Fotos-news-logo.png","contentUrl":"https:\/\/www.fatosefotosnews.com.br\/wp-content\/uploads\/2023\/02\/Fatos-e-Fotos-news-logo.png","width":300,"height":58,"caption":"Fatos e Fotos News"},"image":{"@id":"https:\/\/www.fatosefotosnews.com.br\/#\/schema\/logo\/image\/"}},{"@type":"Person","@id":"https:\/\/www.fatosefotosnews.com.br\/#\/schema\/person\/3b80f81d08670fb1f6690e07eb8b5dc6","name":"Da Reda\u00e7\u00e3o","image":{"@type":"ImageObject","inLanguage":"pt-BR","@id":"https:\/\/secure.gravatar.com\/avatar\/696d39935a657bf0fc95044dbc9f912520430a0eb6dd46c85dd97eb6483b249b?s=96&d=mm&r=g","url":"https:\/\/secure.gravatar.com\/avatar\/696d39935a657bf0fc95044dbc9f912520430a0eb6dd46c85dd97eb6483b249b?s=96&d=mm&r=g","contentUrl":"https:\/\/secure.gravatar.com\/avatar\/696d39935a657bf0fc95044dbc9f912520430a0eb6dd46c85dd97eb6483b249b?s=96&d=mm&r=g","caption":"Da Reda\u00e7\u00e3o"},"url":"https:\/\/www.fatosefotosnews.com.br\/?author=5"}]}},"jetpack_publicize_connections":[],"blog_post_layout_featured_media_urls":{"thumbnail":["https:\/\/www.fatosefotosnews.com.br\/wp-content\/uploads\/2025\/09\/ac7bc24683267cfbc75a13d480e00eb7-150x150.png",150,150,true],"full":["https:\/\/www.fatosefotosnews.com.br\/wp-content\/uploads\/2025\/09\/ac7bc24683267cfbc75a13d480e00eb7.png",1024,680,false]},"categories_names":{"4265":{"name":"Cultura","link":"https:\/\/www.fatosefotosnews.com.br\/?cat=4265"}},"tags_names":{"242":{"name":"Bahia","link":"https:\/\/www.fatosefotosnews.com.br\/?tag=bahia"},"3273":{"name":"culturais","link":"https:\/\/www.fatosefotosnews.com.br\/?tag=culturais"},"1090":{"name":"lideran","link":"https:\/\/www.fatosefotosnews.com.br\/?tag=lideran"},"1169":{"name":"nordeste","link":"https:\/\/www.fatosefotosnews.com.br\/?tag=nordeste"},"1928":{"name":"propostas","link":"https:\/\/www.fatosefotosnews.com.br\/?tag=propostas"},"519":{"name":"recebe","link":"https:\/\/www.fatosefotosnews.com.br\/?tag=recebe"},"4132":{"name":"rouanet","link":"https:\/\/www.fatosefotosnews.com.br\/?tag=rouanet"}},"comments_number":"0","wpmagazine_modules_lite_featured_media_urls":{"thumbnail":["https:\/\/www.fatosefotosnews.com.br\/wp-content\/uploads\/2025\/09\/ac7bc24683267cfbc75a13d480e00eb7-150x150.png",150,150,true],"cvmm-medium":["https:\/\/www.fatosefotosnews.com.br\/wp-content\/uploads\/2025\/09\/ac7bc24683267cfbc75a13d480e00eb7-300x300.png",300,300,true],"cvmm-medium-plus":["https:\/\/www.fatosefotosnews.com.br\/wp-content\/uploads\/2025\/09\/ac7bc24683267cfbc75a13d480e00eb7-305x207.png",305,207,true],"cvmm-portrait":["https:\/\/www.fatosefotosnews.com.br\/wp-content\/uploads\/2025\/09\/ac7bc24683267cfbc75a13d480e00eb7-400x600.png",400,600,true],"cvmm-medium-square":["https:\/\/www.fatosefotosnews.com.br\/wp-content\/uploads\/2025\/09\/ac7bc24683267cfbc75a13d480e00eb7-600x600.png",600,600,true],"cvmm-large":["https:\/\/www.fatosefotosnews.com.br\/wp-content\/uploads\/2025\/09\/ac7bc24683267cfbc75a13d480e00eb7.png",1024,680,false],"cvmm-small":["https:\/\/www.fatosefotosnews.com.br\/wp-content\/uploads\/2025\/09\/ac7bc24683267cfbc75a13d480e00eb7-130x95.png",130,95,true],"full":["https:\/\/www.fatosefotosnews.com.br\/wp-content\/uploads\/2025\/09\/ac7bc24683267cfbc75a13d480e00eb7.png",1024,680,false]},"_links":{"self":[{"href":"https:\/\/www.fatosefotosnews.com.br\/index.php?rest_route=\/wp\/v2\/posts\/141485","targetHints":{"allow":["GET"]}}],"collection":[{"href":"https:\/\/www.fatosefotosnews.com.br\/index.php?rest_route=\/wp\/v2\/posts"}],"about":[{"href":"https:\/\/www.fatosefotosnews.com.br\/index.php?rest_route=\/wp\/v2\/types\/post"}],"author":[{"embeddable":true,"href":"https:\/\/www.fatosefotosnews.com.br\/index.php?rest_route=\/wp\/v2\/users\/5"}],"replies":[{"embeddable":true,"href":"https:\/\/www.fatosefotosnews.com.br\/index.php?rest_route=%2Fwp%2Fv2%2Fcomments&post=141485"}],"version-history":[{"count":0,"href":"https:\/\/www.fatosefotosnews.com.br\/index.php?rest_route=\/wp\/v2\/posts\/141485\/revisions"}],"wp:featuredmedia":[{"embeddable":true,"href":"https:\/\/www.fatosefotosnews.com.br\/index.php?rest_route=\/wp\/v2\/media\/141486"}],"wp:attachment":[{"href":"https:\/\/www.fatosefotosnews.com.br\/index.php?rest_route=%2Fwp%2Fv2%2Fmedia&parent=141485"}],"wp:term":[{"taxonomy":"category","embeddable":true,"href":"https:\/\/www.fatosefotosnews.com.br\/index.php?rest_route=%2Fwp%2Fv2%2Fcategories&post=141485"},{"taxonomy":"post_tag","embeddable":true,"href":"https:\/\/www.fatosefotosnews.com.br\/index.php?rest_route=%2Fwp%2Fv2%2Ftags&post=141485"}],"curies":[{"name":"wp","href":"https:\/\/api.w.org\/{rel}","templated":true}]}}