{"id":142057,"date":"2025-09-11T20:26:57","date_gmt":"2025-09-11T23:26:57","guid":{"rendered":"https:\/\/www.fatosefotosnews.com.br\/procon-do-acre-celebra-os-35-anos-de-criacao-do-codigo-de-defesa-do-consumidor\/"},"modified":"2025-09-11T20:26:57","modified_gmt":"2025-09-11T23:26:57","slug":"procon-do-acre-celebra-os-35-anos-de-criacao-do-codigo-de-defesa-do-consumidor","status":"publish","type":"post","link":"https:\/\/www.fatosefotosnews.com.br\/?p=142057","title":{"rendered":"Procon do Acre celebra os 35 anos de cria\u00e7\u00e3o do C\u00f3digo de Defesa do Consumidor"},"content":{"rendered":"<div id=\"infocoweb\" data-uuid=\"dc0988ac-2fc3-4a9d-9553-d8766c298816\" class=\"infocoweb infocoweb_canal_272\">\n<div id=\"infocoweb_cabecalho\" class=\"infocoweb_cabecalho\"><\/div>\n<div id=\"infocoweb_corpo\" class=\"infocoweb_corpo\">\n<p>H\u00e1 35 anos, o C\u00f3digo de Defesa do Consumidor transformou a cidadania brasileira em poder de escolha, respeito e justi\u00e7a. Foi com essa reflex\u00e3o que, nesta quinta-feira, 11, o Instituto de Prote\u00e7\u00e3o e Defesa do Consumidor do Acre (Procon) promoveu um ato solene para celebrar essa legisla\u00e7\u00e3o consumerista.<\/p>\n<p>O encontro ocorreu na sede do instituto, em Rio Branco, e contou com a presen\u00e7a de representantes do Conselho Estadual de Defesa do Direito do Consumidor (Condecon), que re\u00fane \u00f3rg\u00e3os governamentais, dos poderes Legislativo e Judici\u00e1rio, al\u00e9m de entidades civis e categorias profissionais.<\/p>\n<figure id=\"attachment_874449\" aria-describedby=\"caption-attachment-874449\" style=\"width: 800px\" class=\"wp-caption aligncenter\"><img decoding=\"async\" data-lazyloaded=\"1\" src=\"image\/svg+xml;base64,PHN2ZyB4bWxucz0iaHR0cDovL3d3dy53My5vcmcvMjAwMC9zdmciIHdpZHRoPSI4MDAiIGhlaWdodD0iNTM0IiB2aWV3Qm94PSIwIDAgODAwIDUzNCI+PHJlY3Qgd2lkdGg9IjEwMCUiIGhlaWdodD0iMTAwJSIgc3R5bGU9ImZpbGw6I2NmZDRkYjtmaWxsLW9wYWNpdHk6IDAuMTsiLz48L3N2Zz4=\" data-attachment-id=\"874449\" data-permalink=\"https:\/\/agencia.ac.gov.br\/procon-do-acre-celebra-os-35-anos-de-criacao-do-codigo-de-defesa-do-consumidor\/img_9836-4\/\" data-orig-file=\"https:\/\/agencia.ac.gov.br\/wp-content\/uploads\/2025\/09\/IMG_9836-scaled.jpg\" data-orig-size=\"2560,1707\" data-comments-opened=\"0\" data-image-meta='{\"aperture\":\"4\",\"credit\":\"\",\"camera\":\"Canon EOS 6D Mark II\",\"caption\":\"\",\"created_timestamp\":\"1757584665\",\"copyright\":\"\",\"focal_length\":\"58\",\"iso\":\"2500\",\"shutter_speed\":\"0.01\",\"title\":\"\",\"orientation\":\"1\"}' data-image-title=\"IMG_9836\" data-image-description=\"\" data-image-caption=\"\n\n<p>Centenas de exemplares do C\u00f3digo de Defesa do Consumidor foram doadas para MPAC e SETE. Foto: Alice Le\u00e3o\/Secom<\/p>\n<p> &#8221; data-medium-file=&#8221;https:\/\/agencia.ac.gov.br\/wp-content\/uploads\/2025\/09\/IMG_9836-300&#215;200.jpg&#8221; data-large-file=&#8221;https:\/\/agencia.ac.gov.br\/wp-content\/uploads\/2025\/09\/IMG_9836-1024&#215;683.jpg&#8221; class=&#8221;size-large wp-image-874449&#8243; alt=&#8221;&#8221; width=&#8221;800&#8243; height=&#8221;534&#8243; data-srcset=&#8221;https:\/\/agencia.ac.gov.br\/wp-content\/uploads\/2025\/09\/IMG_9836-1024&#215;683.jpg 1024w, https:\/\/agencia.ac.gov.br\/wp-content\/uploads\/2025\/09\/IMG_9836-300&#215;200.jpg 300w, https:\/\/agencia.ac.gov.br\/wp-content\/uploads\/2025\/09\/IMG_9836-768&#215;512.jpg 768w, https:\/\/agencia.ac.gov.br\/wp-content\/uploads\/2025\/09\/IMG_9836-1536&#215;1024.jpg 1536w, https:\/\/agencia.ac.gov.br\/wp-content\/uploads\/2025\/09\/IMG_9836-2048&#215;1365.jpg 2048w&#8221; data-sizes=&#8221;(max-width: 800px) 100vw, 800px&#8221;><figcaption id=\"caption-attachment-874449\" class=\"wp-caption-text\">Centenas de exemplares do C\u00f3digo de Defesa do Consumidor foram doadas para MPAC e Sete. Foto: Alice Le\u00e3o\/Secom<\/figcaption><\/figure>\n<p>Ao iniciar a solenidade, a presidente do Procon, Alana Albuquerque, entregou centenas de exemplares do C\u00f3digo de Defesa do Consumidor (CDC) ao Centro de Apoio Operacional do Consumidor do Minist\u00e9rio P\u00fablico do Acre (MPAC) e \u00e0 Secretaria de Estado de Turismo e Empreendedorismo (Sete).<\/p>\n<p>\u201cUm dos nossos deveres \u00e9 garantir informa\u00e7\u00e3o, transpar\u00eancia e respeito ao cidad\u00e3o. Por isso, esses exemplares ir\u00e3o fortalecer os trabalhos dessas institui\u00e7\u00f5es que s\u00e3o parceiras dos consumidores. Ter a lei em m\u00e3os, al\u00e9m de ser uma obriga\u00e7\u00e3o legal, fortalece a confian\u00e7a entre cliente e fornecedor, previne conflitos e promove escolhas mais conscientes\u201d, destacou a gestora do Procon.<\/p>\n<figure id=\"attachment_874452\" aria-describedby=\"caption-attachment-874452\" style=\"width: 800px\" class=\"wp-caption aligncenter\"><img decoding=\"async\" data-lazyloaded=\"1\" src=\"image\/svg+xml;base64,PHN2ZyB4bWxucz0iaHR0cDovL3d3dy53My5vcmcvMjAwMC9zdmciIHdpZHRoPSI4MDAiIGhlaWdodD0iNTM0IiB2aWV3Qm94PSIwIDAgODAwIDUzNCI+PHJlY3Qgd2lkdGg9IjEwMCUiIGhlaWdodD0iMTAwJSIgc3R5bGU9ImZpbGw6I2NmZDRkYjtmaWxsLW9wYWNpdHk6IDAuMTsiLz48L3N2Zz4=\" data-attachment-id=\"874452\" data-permalink=\"https:\/\/agencia.ac.gov.br\/procon-do-acre-celebra-os-35-anos-de-criacao-do-codigo-de-defesa-do-consumidor\/img_9875-2\/\" data-orig-file=\"https:\/\/agencia.ac.gov.br\/wp-content\/uploads\/2025\/09\/IMG_9875-scaled.jpg\" data-orig-size=\"2560,1707\" data-comments-opened=\"0\" data-image-meta='{\"aperture\":\"4\",\"credit\":\"\",\"camera\":\"Canon EOS 6D Mark II\",\"caption\":\"\",\"created_timestamp\":\"1757584938\",\"copyright\":\"\",\"focal_length\":\"105\",\"iso\":\"2500\",\"shutter_speed\":\"0.01\",\"title\":\"\",\"orientation\":\"1\"}' data-image-title=\"IMG_9875\" data-image-description=\"\" data-image-caption=\"\n\n<p>A presidente do Procon, Alana Albuquerque, discursa sobre a import\u00e2ncia do CDC nas a\u00e7\u00f5es di\u00e1rias do instituto. Foto: Alice Le\u00e3o\/Secom<\/p>\n<p> &#8221; data-medium-file=&#8221;https:\/\/agencia.ac.gov.br\/wp-content\/uploads\/2025\/09\/IMG_9875-300&#215;200.jpg&#8221; data-large-file=&#8221;https:\/\/agencia.ac.gov.br\/wp-content\/uploads\/2025\/09\/IMG_9875-1024&#215;683.jpg&#8221; class=&#8221;size-large wp-image-874452&#8243; alt=&#8221;&#8221; width=&#8221;800&#8243; height=&#8221;534&#8243; data-srcset=&#8221;https:\/\/agencia.ac.gov.br\/wp-content\/uploads\/2025\/09\/IMG_9875-1024&#215;683.jpg 1024w, https:\/\/agencia.ac.gov.br\/wp-content\/uploads\/2025\/09\/IMG_9875-300&#215;200.jpg 300w, https:\/\/agencia.ac.gov.br\/wp-content\/uploads\/2025\/09\/IMG_9875-768&#215;512.jpg 768w, https:\/\/agencia.ac.gov.br\/wp-content\/uploads\/2025\/09\/IMG_9875-1536&#215;1024.jpg 1536w, https:\/\/agencia.ac.gov.br\/wp-content\/uploads\/2025\/09\/IMG_9875-2048&#215;1365.jpg 2048w&#8221; data-sizes=&#8221;(max-width: 800px) 100vw, 800px&#8221;><figcaption id=\"caption-attachment-874452\" class=\"wp-caption-text\">Presidente do Procon, Alana Albuquerque, discursa sobre a import\u00e2ncia do CDC nas a\u00e7\u00f5es di\u00e1rias do instituto. Foto: Alice Le\u00e3o\/Secom<\/figcaption><\/figure>\n<p>Com esse mesmo vi\u00e9s, o procurador de Justi\u00e7a do MPAC, Carlos Maia, ressaltou os trabalhos conjuntos com o Procon em prol dos consumidores acreanos. \u201cAtuamos em parceria plena, por meio de diversos atos fiscalizat\u00f3rios e educativos, pois a educa\u00e7\u00e3o do consumidor, e principalmente do fornecedor, torna-se fundamental para a seguran\u00e7a de todos\u201d, enfatizou.<\/p>\n<p>A diretora de Empreendedorismo da Sete, Patr\u00edcia Parente, tamb\u00e9m fez uso da palavra para destacar que os exemplares do CDC auxiliar\u00e3o nas forma\u00e7\u00f5es promovidas pelo \u00f3rg\u00e3o. \u201cEstamos de m\u00e3os dadas com o Procon para capacitar os novos empreendedores, que precisam de informa\u00e7\u00f5es para fomentar suas recentes atividades comerciais\u201d, afirmou.<\/p>\n<figure id=\"attachment_874453\" aria-describedby=\"caption-attachment-874453\" style=\"width: 800px\" class=\"wp-caption aligncenter\"><img decoding=\"async\" data-lazyloaded=\"1\" src=\"image\/svg+xml;base64,PHN2ZyB4bWxucz0iaHR0cDovL3d3dy53My5vcmcvMjAwMC9zdmciIHdpZHRoPSI4MDAiIGhlaWdodD0iNTM0IiB2aWV3Qm94PSIwIDAgODAwIDUzNCI+PHJlY3Qgd2lkdGg9IjEwMCUiIGhlaWdodD0iMTAwJSIgc3R5bGU9ImZpbGw6I2NmZDRkYjtmaWxsLW9wYWNpdHk6IDAuMTsiLz48L3N2Zz4=\" data-attachment-id=\"874453\" data-permalink=\"https:\/\/agencia.ac.gov.br\/procon-do-acre-celebra-os-35-anos-de-criacao-do-codigo-de-defesa-do-consumidor\/img_9910-2\/\" data-orig-file=\"https:\/\/agencia.ac.gov.br\/wp-content\/uploads\/2025\/09\/IMG_9910-scaled.jpg\" data-orig-size=\"2560,1707\" data-comments-opened=\"0\" data-image-meta='{\"aperture\":\"4\",\"credit\":\"\",\"camera\":\"Canon EOS 6D Mark II\",\"caption\":\"\",\"created_timestamp\":\"1757585566\",\"copyright\":\"\",\"focal_length\":\"70\",\"iso\":\"4000\",\"shutter_speed\":\"0.01\",\"title\":\"\",\"orientation\":\"1\"}' data-image-title=\"IMG_9910\" data-image-description=\"\" data-image-caption=\"\n\n<p>Carlos Maia, promotor do MPAC fala sobre o aux\u00edlio dos exemplares do CDC nos trabalhos educativos em prol dos consumidores e fornecedores. Foto: Alice Le\u00e3o\/Secom<\/p>\n<p> &#8221; data-medium-file=&#8221;https:\/\/agencia.ac.gov.br\/wp-content\/uploads\/2025\/09\/IMG_9910-300&#215;200.jpg&#8221; data-large-file=&#8221;https:\/\/agencia.ac.gov.br\/wp-content\/uploads\/2025\/09\/IMG_9910-1024&#215;683.jpg&#8221; class=&#8221;size-large wp-image-874453&#8243; alt=&#8221;&#8221; width=&#8221;800&#8243; height=&#8221;534&#8243; data-srcset=&#8221;https:\/\/agencia.ac.gov.br\/wp-content\/uploads\/2025\/09\/IMG_9910-1024&#215;683.jpg 1024w, https:\/\/agencia.ac.gov.br\/wp-content\/uploads\/2025\/09\/IMG_9910-300&#215;200.jpg 300w, https:\/\/agencia.ac.gov.br\/wp-content\/uploads\/2025\/09\/IMG_9910-768&#215;512.jpg 768w, https:\/\/agencia.ac.gov.br\/wp-content\/uploads\/2025\/09\/IMG_9910-1536&#215;1024.jpg 1536w, https:\/\/agencia.ac.gov.br\/wp-content\/uploads\/2025\/09\/IMG_9910-2048&#215;1365.jpg 2048w&#8221; data-sizes=&#8221;(max-width: 800px) 100vw, 800px&#8221;><figcaption id=\"caption-attachment-874453\" class=\"wp-caption-text\">Carlos Maia, promotor do MPAC fala sobre o aux\u00edlio dos exemplares do CDC nos trabalhos educativos em prol dos consumidores e fornecedores. Foto: Alice Le\u00e3o\/Secom<\/figcaption><\/figure>\n<p>O deputado estadual Pedro Longo, presidente da Comiss\u00e3o de Defesa do Consumidor da Assembleia Legislativa do Acre (Aleac), refletiu sobre a efic\u00e1cia do CDC perante as rela\u00e7\u00f5es de consumo. \u201cH\u00e1 um ditado popular que diz que, no Brasil, existem leis que n\u00e3o pegam, ou seja, n\u00e3o se tornam pr\u00e1ticas. Por\u00e9m, isso n\u00e3o se aplica ao CDC, pois a nossa legisla\u00e7\u00e3o \u00e9 aplicada cotidianamente\u201d, disse.<\/p>\n<p>Tamb\u00e9m participaram da solenidade, representando o governador do Acre: o procurador-geral do Estado, Cristovam Pontes; a controladora-geral do Estado, Mayara Bandeira; o integrante da Ouvidoria Fundi\u00e1ria da PGE e ex-deputado federal, Fernando Melo; o coronel da Pol\u00edcia Militar, Luciano Dias; o 1\u00ba sargento da Pol\u00edcia Militar, Sidiclei Silva; e o procurador de Justi\u00e7a, Get\u00falio Barbosa.<\/p>\n<p><strong>Homenagem<\/strong><\/p>\n<p>Na ocasi\u00e3o, a desembargadora Eva Evangelista, atual ouvidora fundi\u00e1ria e do Meio Ambiente da Procuradoria-Geral do Estado (PGE), recebeu uma homenagem pelos seus 76 anos de idade, al\u00e9m do reconhecimento por seus trabalhos realizados no Poder Judici\u00e1rio do Acre.<\/p>\n<figure id=\"attachment_874454\" aria-describedby=\"caption-attachment-874454\" style=\"width: 800px\" class=\"wp-caption aligncenter\"><img decoding=\"async\" data-lazyloaded=\"1\" src=\"image\/svg+xml;base64,PHN2ZyB4bWxucz0iaHR0cDovL3d3dy53My5vcmcvMjAwMC9zdmciIHdpZHRoPSI4MDAiIGhlaWdodD0iNTM0IiB2aWV3Qm94PSIwIDAgODAwIDUzNCI+PHJlY3Qgd2lkdGg9IjEwMCUiIGhlaWdodD0iMTAwJSIgc3R5bGU9ImZpbGw6I2NmZDRkYjtmaWxsLW9wYWNpdHk6IDAuMTsiLz48L3N2Zz4=\" loading=\"lazy\" data-attachment-id=\"874454\" data-permalink=\"https:\/\/agencia.ac.gov.br\/procon-do-acre-celebra-os-35-anos-de-criacao-do-codigo-de-defesa-do-consumidor\/img_9747-5\/\" data-orig-file=\"https:\/\/agencia.ac.gov.br\/wp-content\/uploads\/2025\/09\/IMG_9747-scaled.jpg\" data-orig-size=\"2560,1707\" data-comments-opened=\"0\" data-image-meta='{\"aperture\":\"4\",\"credit\":\"\",\"camera\":\"Canon EOS 6D Mark II\",\"caption\":\"\",\"created_timestamp\":\"1757582678\",\"copyright\":\"\",\"focal_length\":\"45\",\"iso\":\"5000\",\"shutter_speed\":\"0.01\",\"title\":\"\",\"orientation\":\"1\"}' data-image-title=\"IMG_9747\" data-image-description=\"\" data-image-caption=\"\n\n<p>Representando o Governador Gladson Cameli, o subchefe da Casa Civil, Cristovam Moura, presenteia a desembargadora Eva Evangelista pelo seu anivers\u00e1rio. Foto: Alice Le\u00e3o\/Secom<\/p>\n<p> &#8221; data-medium-file=&#8221;https:\/\/agencia.ac.gov.br\/wp-content\/uploads\/2025\/09\/IMG_9747-300&#215;200.jpg&#8221; data-large-file=&#8221;https:\/\/agencia.ac.gov.br\/wp-content\/uploads\/2025\/09\/IMG_9747-1024&#215;683.jpg&#8221; class=&#8221;wp-image-874454 size-large&#8221; alt=&#8221;&#8221; width=&#8221;800&#8243; height=&#8221;534&#8243; data-srcset=&#8221;https:\/\/agencia.ac.gov.br\/wp-content\/uploads\/2025\/09\/IMG_9747-1024&#215;683.jpg 1024w, https:\/\/agencia.ac.gov.br\/wp-content\/uploads\/2025\/09\/IMG_9747-300&#215;200.jpg 300w, https:\/\/agencia.ac.gov.br\/wp-content\/uploads\/2025\/09\/IMG_9747-768&#215;512.jpg 768w, https:\/\/agencia.ac.gov.br\/wp-content\/uploads\/2025\/09\/IMG_9747-1536&#215;1024.jpg 1536w, https:\/\/agencia.ac.gov.br\/wp-content\/uploads\/2025\/09\/IMG_9747-2048&#215;1365.jpg 2048w&#8221; data-sizes=&#8221;(max-width: 800px) 100vw, 800px&#8221;><figcaption id=\"caption-attachment-874454\" class=\"wp-caption-text\">Representando o governador Gladson Cameli, o subchefe da Casa Civil, Cristovam Moura, presenteou a desembargadora Eva Evangelista pelo seu anivers\u00e1rio. Foto: Alice Le\u00e3o\/Secom<\/figcaption><\/figure>\n<p>\u201cFico extremamente emocionada por receber tanto carinho e respeito de tantas pessoas. Hoje \u00e9 celebrado o anivers\u00e1rio do C\u00f3digo de Defesa do Consumidor, que caiu, casualmente, na mesma data do meu anivers\u00e1rio. Comemoro duplamente, principalmente por dividir o mesmo ambiente de trabalho da Ouvidoria Fundi\u00e1ria com o Procon. Obrigada a todos, em nome da presidente Alana Albuquerque\u201d, agradece Eva Evangelista.<\/p>\n<div data-carousel-extra='{\"blog_id\":1,\"permalink\":\"https:\/\/agencia.ac.gov.br\/procon-do-acre-celebra-os-35-anos-de-criacao-do-codigo-de-defesa-do-consumidor\/\"}' id=\"gallery-1\" class=\"gallery galleryid-874446 gallery-columns-3 gallery-size-medium\">\n<figure class=\"gallery-item\">\n<div class=\"gallery-icon landscape\"> <a href=\"https:\/\/agencia.ac.gov.br\/wp-content\/uploads\/2025\/09\/IMG_0038-scaled.jpg\"><img fetchpriority=\"high\" decoding=\"async\" data-lazyloaded=\"1\" src=\"image\/svg+xml;base64,PHN2ZyB4bWxucz0iaHR0cDovL3d3dy53My5vcmcvMjAwMC9zdmciIHdpZHRoPSIzMDAiIGhlaWdodD0iMjAwIiB2aWV3Qm94PSIwIDAgMzAwIDIwMCI+PHJlY3Qgd2lkdGg9IjEwMCUiIGhlaWdodD0iMTAwJSIgc3R5bGU9ImZpbGw6I2NmZDRkYjtmaWxsLW9wYWNpdHk6IDAuMTsiLz48L3N2Zz4=\" width=\"300\" height=\"200\" class=\"attachment-medium size-medium\" alt=\"\" aria-describedby=\"gallery-1-874472\" data-srcset=\"https:\/\/agencia.ac.gov.br\/wp-content\/uploads\/2025\/09\/IMG_0038-300x200.jpg 300w, https:\/\/agencia.ac.gov.br\/wp-content\/uploads\/2025\/09\/IMG_0038-1024x683.jpg 1024w, https:\/\/agencia.ac.gov.br\/wp-content\/uploads\/2025\/09\/IMG_0038-768x512.jpg 768w, https:\/\/agencia.ac.gov.br\/wp-content\/uploads\/2025\/09\/IMG_0038-1536x1024.jpg 1536w, https:\/\/agencia.ac.gov.br\/wp-content\/uploads\/2025\/09\/IMG_0038-2048x1365.jpg 2048w\" data-sizes=\"(max-width: 300px) 100vw, 300px\" loading=\"eager\" data-attachment-id=\"874472\" data-permalink=\"https:\/\/agencia.ac.gov.br\/procon-do-acre-celebra-os-35-anos-de-criacao-do-codigo-de-defesa-do-consumidor\/img_0038-3\/\" data-orig-file=\"https:\/\/agencia.ac.gov.br\/wp-content\/uploads\/2025\/09\/IMG_0038-scaled.jpg\" data-orig-size=\"2560,1707\" data-comments-opened=\"0\" data-image-meta='{\"aperture\":\"4\",\"credit\":\"\",\"camera\":\"Canon EOS 6D Mark II\",\"caption\":\"\",\"created_timestamp\":\"1757588645\",\"copyright\":\"\",\"focal_length\":\"55\",\"iso\":\"4000\",\"shutter_speed\":\"0.01\",\"title\":\"\",\"orientation\":\"1\"}' data-image-title=\"IMG_0038\" data-image-description=\"\" data-image-caption=\"\n\n<p>Foto: Alice Le\u00e3o\/Secom<\/p>\n<p> &#8221; data-medium-file=&#8221;https:\/\/agencia.ac.gov.br\/wp-content\/uploads\/2025\/09\/IMG_0038-300&#215;200.jpg&#8221; data-large-file=&#8221;https:\/\/agencia.ac.gov.br\/wp-content\/uploads\/2025\/09\/IMG_0038-1024&#215;683.jpg&#8221;><\/a><\/div><figcaption class=\"wp-caption-text gallery-caption\" id=\"gallery-1-874472\"> Foto: Alice Le\u00e3o\/Secom<\/figcaption><\/figure>\n<figure class=\"gallery-item\">\n<div class=\"gallery-icon landscape\"> <a href=\"https:\/\/agencia.ac.gov.br\/wp-content\/uploads\/2025\/09\/IMG_0036-scaled.jpg\"><img decoding=\"async\" data-lazyloaded=\"1\" src=\"image\/svg+xml;base64,PHN2ZyB4bWxucz0iaHR0cDovL3d3dy53My5vcmcvMjAwMC9zdmciIHdpZHRoPSIzMDAiIGhlaWdodD0iMjAwIiB2aWV3Qm94PSIwIDAgMzAwIDIwMCI+PHJlY3Qgd2lkdGg9IjEwMCUiIGhlaWdodD0iMTAwJSIgc3R5bGU9ImZpbGw6I2NmZDRkYjtmaWxsLW9wYWNpdHk6IDAuMTsiLz48L3N2Zz4=\" width=\"300\" height=\"200\" class=\"attachment-medium size-medium\" alt=\"\" aria-describedby=\"gallery-1-874467\" data-srcset=\"https:\/\/agencia.ac.gov.br\/wp-content\/uploads\/2025\/09\/IMG_0036-300x200.jpg 300w, https:\/\/agencia.ac.gov.br\/wp-content\/uploads\/2025\/09\/IMG_0036-1024x683.jpg 1024w, https:\/\/agencia.ac.gov.br\/wp-content\/uploads\/2025\/09\/IMG_0036-768x512.jpg 768w, https:\/\/agencia.ac.gov.br\/wp-content\/uploads\/2025\/09\/IMG_0036-1536x1024.jpg 1536w, https:\/\/agencia.ac.gov.br\/wp-content\/uploads\/2025\/09\/IMG_0036-2048x1365.jpg 2048w\" data-sizes=\"(max-width: 300px) 100vw, 300px\" loading=\"eager\" data-attachment-id=\"874467\" data-permalink=\"https:\/\/agencia.ac.gov.br\/procon-do-acre-celebra-os-35-anos-de-criacao-do-codigo-de-defesa-do-consumidor\/img_0036-6\/\" data-orig-file=\"https:\/\/agencia.ac.gov.br\/wp-content\/uploads\/2025\/09\/IMG_0036-scaled.jpg\" data-orig-size=\"2560,1707\" data-comments-opened=\"0\" data-image-meta='{\"aperture\":\"4\",\"credit\":\"\",\"camera\":\"Canon EOS 6D Mark II\",\"caption\":\"\",\"created_timestamp\":\"1757588583\",\"copyright\":\"\",\"focal_length\":\"50\",\"iso\":\"4000\",\"shutter_speed\":\"0.01\",\"title\":\"\",\"orientation\":\"1\"}' data-image-title=\"IMG_0036\" data-image-description=\"\" data-image-caption=\"\n\n<p>Foto: Alice Le\u00e3o\/Secom<\/p>\n<p> &#8221; data-medium-file=&#8221;https:\/\/agencia.ac.gov.br\/wp-content\/uploads\/2025\/09\/IMG_0036-300&#215;200.jpg&#8221; data-large-file=&#8221;https:\/\/agencia.ac.gov.br\/wp-content\/uploads\/2025\/09\/IMG_0036-1024&#215;683.jpg&#8221;><\/a><\/div><figcaption class=\"wp-caption-text gallery-caption\" id=\"gallery-1-874467\"> Foto: Alice Le\u00e3o\/Secom<\/figcaption><\/figure>\n<figure class=\"gallery-item\">\n<div class=\"gallery-icon landscape\"> <a href=\"https:\/\/agencia.ac.gov.br\/wp-content\/uploads\/2025\/09\/IMG_9733-scaled.jpg\"><img decoding=\"async\" data-lazyloaded=\"1\" src=\"image\/svg+xml;base64,PHN2ZyB4bWxucz0iaHR0cDovL3d3dy53My5vcmcvMjAwMC9zdmciIHdpZHRoPSIzMDAiIGhlaWdodD0iMjAwIiB2aWV3Qm94PSIwIDAgMzAwIDIwMCI+PHJlY3Qgd2lkdGg9IjEwMCUiIGhlaWdodD0iMTAwJSIgc3R5bGU9ImZpbGw6I2NmZDRkYjtmaWxsLW9wYWNpdHk6IDAuMTsiLz48L3N2Zz4=\" width=\"300\" height=\"200\" class=\"attachment-medium size-medium\" alt=\"\" aria-describedby=\"gallery-1-874468\" data-srcset=\"https:\/\/agencia.ac.gov.br\/wp-content\/uploads\/2025\/09\/IMG_9733-300x200.jpg 300w, https:\/\/agencia.ac.gov.br\/wp-content\/uploads\/2025\/09\/IMG_9733-1024x683.jpg 1024w, https:\/\/agencia.ac.gov.br\/wp-content\/uploads\/2025\/09\/IMG_9733-768x512.jpg 768w, https:\/\/agencia.ac.gov.br\/wp-content\/uploads\/2025\/09\/IMG_9733-1536x1024.jpg 1536w, https:\/\/agencia.ac.gov.br\/wp-content\/uploads\/2025\/09\/IMG_9733-2048x1365.jpg 2048w\" data-sizes=\"(max-width: 300px) 100vw, 300px\" loading=\"eager\" data-attachment-id=\"874468\" data-permalink=\"https:\/\/agencia.ac.gov.br\/procon-do-acre-celebra-os-35-anos-de-criacao-do-codigo-de-defesa-do-consumidor\/img_9733-7\/\" data-orig-file=\"https:\/\/agencia.ac.gov.br\/wp-content\/uploads\/2025\/09\/IMG_9733-scaled.jpg\" data-orig-size=\"2560,1707\" data-comments-opened=\"0\" data-image-meta='{\"aperture\":\"4\",\"credit\":\"\",\"camera\":\"Canon EOS 6D Mark II\",\"caption\":\"\",\"created_timestamp\":\"1757581688\",\"copyright\":\"\",\"focal_length\":\"105\",\"iso\":\"3200\",\"shutter_speed\":\"0.01\",\"title\":\"\",\"orientation\":\"1\"}' data-image-title=\"IMG_9733\" data-image-description=\"\" data-image-caption=\"\n\n<p>Foto: Alice Le\u00e3o\/Secom<\/p>\n<p> &#8221; data-medium-file=&#8221;https:\/\/agencia.ac.gov.br\/wp-content\/uploads\/2025\/09\/IMG_9733-300&#215;200.jpg&#8221; data-large-file=&#8221;https:\/\/agencia.ac.gov.br\/wp-content\/uploads\/2025\/09\/IMG_9733-1024&#215;683.jpg&#8221;><\/a><\/div><figcaption class=\"wp-caption-text gallery-caption\" id=\"gallery-1-874468\"> Foto: Alice Le\u00e3o\/Secom<\/figcaption><\/figure>\n<figure class=\"gallery-item\">\n<div class=\"gallery-icon landscape\"> <a href=\"https:\/\/agencia.ac.gov.br\/wp-content\/uploads\/2025\/09\/IMG_9929-1-scaled.jpg\"><img decoding=\"async\" data-lazyloaded=\"1\" src=\"image\/svg+xml;base64,PHN2ZyB4bWxucz0iaHR0cDovL3d3dy53My5vcmcvMjAwMC9zdmciIHdpZHRoPSIzMDAiIGhlaWdodD0iMjAwIiB2aWV3Qm94PSIwIDAgMzAwIDIwMCI+PHJlY3Qgd2lkdGg9IjEwMCUiIGhlaWdodD0iMTAwJSIgc3R5bGU9ImZpbGw6I2NmZDRkYjtmaWxsLW9wYWNpdHk6IDAuMTsiLz48L3N2Zz4=\" width=\"300\" height=\"200\" class=\"attachment-medium size-medium\" alt=\"\" aria-describedby=\"gallery-1-874465\" data-srcset=\"https:\/\/agencia.ac.gov.br\/wp-content\/uploads\/2025\/09\/IMG_9929-1-300x200.jpg 300w, https:\/\/agencia.ac.gov.br\/wp-content\/uploads\/2025\/09\/IMG_9929-1-1024x683.jpg 1024w, https:\/\/agencia.ac.gov.br\/wp-content\/uploads\/2025\/09\/IMG_9929-1-768x512.jpg 768w, https:\/\/agencia.ac.gov.br\/wp-content\/uploads\/2025\/09\/IMG_9929-1-1536x1024.jpg 1536w, https:\/\/agencia.ac.gov.br\/wp-content\/uploads\/2025\/09\/IMG_9929-1-2048x1365.jpg 2048w\" data-sizes=\"(max-width: 300px) 100vw, 300px\" loading=\"eager\" data-attachment-id=\"874465\" data-permalink=\"https:\/\/agencia.ac.gov.br\/procon-do-acre-celebra-os-35-anos-de-criacao-do-codigo-de-defesa-do-consumidor\/img_9929-2\/\" data-orig-file=\"https:\/\/agencia.ac.gov.br\/wp-content\/uploads\/2025\/09\/IMG_9929-1-scaled.jpg\" data-orig-size=\"2560,1707\" data-comments-opened=\"0\" data-image-meta='{\"aperture\":\"4\",\"credit\":\"\",\"camera\":\"Canon EOS 6D Mark II\",\"caption\":\"\",\"created_timestamp\":\"1757586078\",\"copyright\":\"\",\"focal_length\":\"95\",\"iso\":\"4000\",\"shutter_speed\":\"0.01\",\"title\":\"\",\"orientation\":\"1\"}' data-image-title=\"IMG_9929\" data-image-description=\"\" data-image-caption=\"\n\n<p>Foto: Alice Le\u00e3o\/Secom<\/p>\n<p> &#8221; data-medium-file=&#8221;https:\/\/agencia.ac.gov.br\/wp-content\/uploads\/2025\/09\/IMG_9929-1-300&#215;200.jpg&#8221; data-large-file=&#8221;https:\/\/agencia.ac.gov.br\/wp-content\/uploads\/2025\/09\/IMG_9929-1-1024&#215;683.jpg&#8221;><\/a><\/div><figcaption class=\"wp-caption-text gallery-caption\" id=\"gallery-1-874465\"> Foto: Alice Le\u00e3o\/Secom<\/figcaption><\/figure>\n<figure class=\"gallery-item\">\n<div class=\"gallery-icon landscape\"> <a href=\"https:\/\/agencia.ac.gov.br\/wp-content\/uploads\/2025\/09\/IMG_9965-scaled.jpg\"><img decoding=\"async\" data-lazyloaded=\"1\" src=\"image\/svg+xml;base64,PHN2ZyB4bWxucz0iaHR0cDovL3d3dy53My5vcmcvMjAwMC9zdmciIHdpZHRoPSIzMDAiIGhlaWdodD0iMjAwIiB2aWV3Qm94PSIwIDAgMzAwIDIwMCI+PHJlY3Qgd2lkdGg9IjEwMCUiIGhlaWdodD0iMTAwJSIgc3R5bGU9ImZpbGw6I2NmZDRkYjtmaWxsLW9wYWNpdHk6IDAuMTsiLz48L3N2Zz4=\" width=\"300\" height=\"200\" class=\"attachment-medium size-medium\" alt=\"\" aria-describedby=\"gallery-1-874460\" data-srcset=\"https:\/\/agencia.ac.gov.br\/wp-content\/uploads\/2025\/09\/IMG_9965-300x200.jpg 300w, https:\/\/agencia.ac.gov.br\/wp-content\/uploads\/2025\/09\/IMG_9965-1024x683.jpg 1024w, https:\/\/agencia.ac.gov.br\/wp-content\/uploads\/2025\/09\/IMG_9965-768x512.jpg 768w, https:\/\/agencia.ac.gov.br\/wp-content\/uploads\/2025\/09\/IMG_9965-1536x1024.jpg 1536w, https:\/\/agencia.ac.gov.br\/wp-content\/uploads\/2025\/09\/IMG_9965-2048x1365.jpg 2048w\" data-sizes=\"(max-width: 300px) 100vw, 300px\" loading=\"eager\" data-attachment-id=\"874460\" data-permalink=\"https:\/\/agencia.ac.gov.br\/procon-do-acre-celebra-os-35-anos-de-criacao-do-codigo-de-defesa-do-consumidor\/img_9965-2\/\" data-orig-file=\"https:\/\/agencia.ac.gov.br\/wp-content\/uploads\/2025\/09\/IMG_9965-scaled.jpg\" data-orig-size=\"2560,1707\" data-comments-opened=\"0\" data-image-meta='{\"aperture\":\"4\",\"credit\":\"\",\"camera\":\"Canon EOS 6D Mark II\",\"caption\":\"\",\"created_timestamp\":\"1757587453\",\"copyright\":\"\",\"focal_length\":\"45\",\"iso\":\"4000\",\"shutter_speed\":\"0.01\",\"title\":\"\",\"orientation\":\"1\"}' data-image-title=\"IMG_9965\" data-image-description=\"\" data-image-caption=\"\n\n<p>Foto: Alice Le\u00e3o\/Secom<\/p>\n<p> &#8221; data-medium-file=&#8221;https:\/\/agencia.ac.gov.br\/wp-content\/uploads\/2025\/09\/IMG_9965-300&#215;200.jpg&#8221; data-large-file=&#8221;https:\/\/agencia.ac.gov.br\/wp-content\/uploads\/2025\/09\/IMG_9965-1024&#215;683.jpg&#8221;><\/a><\/div><figcaption class=\"wp-caption-text gallery-caption\" id=\"gallery-1-874460\"> Foto: Alice Le\u00e3o\/Secom<\/figcaption><\/figure>\n<figure class=\"gallery-item\">\n<div class=\"gallery-icon landscape\"> <a href=\"https:\/\/agencia.ac.gov.br\/wp-content\/uploads\/2025\/09\/IMG_9962-scaled.jpg\"><img decoding=\"async\" data-lazyloaded=\"1\" src=\"image\/svg+xml;base64,PHN2ZyB4bWxucz0iaHR0cDovL3d3dy53My5vcmcvMjAwMC9zdmciIHdpZHRoPSIzMDAiIGhlaWdodD0iMjAwIiB2aWV3Qm94PSIwIDAgMzAwIDIwMCI+PHJlY3Qgd2lkdGg9IjEwMCUiIGhlaWdodD0iMTAwJSIgc3R5bGU9ImZpbGw6I2NmZDRkYjtmaWxsLW9wYWNpdHk6IDAuMTsiLz48L3N2Zz4=\" width=\"300\" height=\"200\" class=\"attachment-medium size-medium\" alt=\"\" aria-describedby=\"gallery-1-874464\" data-srcset=\"https:\/\/agencia.ac.gov.br\/wp-content\/uploads\/2025\/09\/IMG_9962-300x200.jpg 300w, https:\/\/agencia.ac.gov.br\/wp-content\/uploads\/2025\/09\/IMG_9962-1024x683.jpg 1024w, https:\/\/agencia.ac.gov.br\/wp-content\/uploads\/2025\/09\/IMG_9962-768x512.jpg 768w, https:\/\/agencia.ac.gov.br\/wp-content\/uploads\/2025\/09\/IMG_9962-1536x1024.jpg 1536w, https:\/\/agencia.ac.gov.br\/wp-content\/uploads\/2025\/09\/IMG_9962-2048x1365.jpg 2048w\" data-sizes=\"(max-width: 300px) 100vw, 300px\" loading=\"eager\" data-attachment-id=\"874464\" data-permalink=\"https:\/\/agencia.ac.gov.br\/procon-do-acre-celebra-os-35-anos-de-criacao-do-codigo-de-defesa-do-consumidor\/img_9962-4\/\" data-orig-file=\"https:\/\/agencia.ac.gov.br\/wp-content\/uploads\/2025\/09\/IMG_9962-scaled.jpg\" data-orig-size=\"2560,1707\" data-comments-opened=\"0\" data-image-meta='{\"aperture\":\"4\",\"credit\":\"\",\"camera\":\"Canon EOS 6D Mark II\",\"caption\":\"\",\"created_timestamp\":\"1757587295\",\"copyright\":\"\",\"focal_length\":\"28\",\"iso\":\"4000\",\"shutter_speed\":\"0.01\",\"title\":\"\",\"orientation\":\"1\"}' data-image-title=\"IMG_9962\" data-image-description=\"\" data-image-caption=\"\n\n<p>Foto: Alice Le\u00e3o\/Secom<\/p>\n<p> &#8221; data-medium-file=&#8221;https:\/\/agencia.ac.gov.br\/wp-content\/uploads\/2025\/09\/IMG_9962-300&#215;200.jpg&#8221; data-large-file=&#8221;https:\/\/agencia.ac.gov.br\/wp-content\/uploads\/2025\/09\/IMG_9962-1024&#215;683.jpg&#8221;><\/a><\/div><figcaption class=\"wp-caption-text gallery-caption\" id=\"gallery-1-874464\"> Foto: Alice Le\u00e3o\/Secom<\/figcaption><\/figure>\n<figure class=\"gallery-item\">\n<div class=\"gallery-icon landscape\"> <a href=\"https:\/\/agencia.ac.gov.br\/wp-content\/uploads\/2025\/09\/IMG_0005-scaled.jpg\"><img decoding=\"async\" data-lazyloaded=\"1\" src=\"image\/svg+xml;base64,PHN2ZyB4bWxucz0iaHR0cDovL3d3dy53My5vcmcvMjAwMC9zdmciIHdpZHRoPSIzMDAiIGhlaWdodD0iMjAwIiB2aWV3Qm94PSIwIDAgMzAwIDIwMCI+PHJlY3Qgd2lkdGg9IjEwMCUiIGhlaWdodD0iMTAwJSIgc3R5bGU9ImZpbGw6I2NmZDRkYjtmaWxsLW9wYWNpdHk6IDAuMTsiLz48L3N2Zz4=\" width=\"300\" height=\"200\" class=\"attachment-medium size-medium\" alt=\"\" aria-describedby=\"gallery-1-874469\" data-srcset=\"https:\/\/agencia.ac.gov.br\/wp-content\/uploads\/2025\/09\/IMG_0005-300x200.jpg 300w, https:\/\/agencia.ac.gov.br\/wp-content\/uploads\/2025\/09\/IMG_0005-1024x683.jpg 1024w, https:\/\/agencia.ac.gov.br\/wp-content\/uploads\/2025\/09\/IMG_0005-768x512.jpg 768w, https:\/\/agencia.ac.gov.br\/wp-content\/uploads\/2025\/09\/IMG_0005-1536x1024.jpg 1536w, https:\/\/agencia.ac.gov.br\/wp-content\/uploads\/2025\/09\/IMG_0005-2048x1365.jpg 2048w\" data-sizes=\"(max-width: 300px) 100vw, 300px\" loading=\"eager\" data-attachment-id=\"874469\" data-permalink=\"https:\/\/agencia.ac.gov.br\/procon-do-acre-celebra-os-35-anos-de-criacao-do-codigo-de-defesa-do-consumidor\/img_0005-3\/\" data-orig-file=\"https:\/\/agencia.ac.gov.br\/wp-content\/uploads\/2025\/09\/IMG_0005-scaled.jpg\" data-orig-size=\"2560,1707\" data-comments-opened=\"0\" data-image-meta='{\"aperture\":\"4\",\"credit\":\"\",\"camera\":\"Canon EOS 6D Mark II\",\"caption\":\"\",\"created_timestamp\":\"1757588176\",\"copyright\":\"\",\"focal_length\":\"80\",\"iso\":\"4000\",\"shutter_speed\":\"0.01\",\"title\":\"\",\"orientation\":\"1\"}' data-image-title=\"IMG_0005\" data-image-description=\"\" data-image-caption=\"\n\n<p>Foto: Alice Le\u00e3o\/Secom<\/p>\n<p> &#8221; data-medium-file=&#8221;https:\/\/agencia.ac.gov.br\/wp-content\/uploads\/2025\/09\/IMG_0005-300&#215;200.jpg&#8221; data-large-file=&#8221;https:\/\/agencia.ac.gov.br\/wp-content\/uploads\/2025\/09\/IMG_0005-1024&#215;683.jpg&#8221;><\/a><\/div><figcaption class=\"wp-caption-text gallery-caption\" id=\"gallery-1-874469\"> Foto: Alice Le\u00e3o\/Secom<\/figcaption><\/figure>\n<figure class=\"gallery-item\">\n<div class=\"gallery-icon landscape\"> <a href=\"https:\/\/agencia.ac.gov.br\/wp-content\/uploads\/2025\/09\/IMG_9975-scaled.jpg\"><img decoding=\"async\" data-lazyloaded=\"1\" src=\"image\/svg+xml;base64,PHN2ZyB4bWxucz0iaHR0cDovL3d3dy53My5vcmcvMjAwMC9zdmciIHdpZHRoPSIzMDAiIGhlaWdodD0iMjAwIiB2aWV3Qm94PSIwIDAgMzAwIDIwMCI+PHJlY3Qgd2lkdGg9IjEwMCUiIGhlaWdodD0iMTAwJSIgc3R5bGU9ImZpbGw6I2NmZDRkYjtmaWxsLW9wYWNpdHk6IDAuMTsiLz48L3N2Zz4=\" width=\"300\" height=\"200\" class=\"attachment-medium size-medium\" alt=\"\" aria-describedby=\"gallery-1-874466\" data-srcset=\"https:\/\/agencia.ac.gov.br\/wp-content\/uploads\/2025\/09\/IMG_9975-300x200.jpg 300w, https:\/\/agencia.ac.gov.br\/wp-content\/uploads\/2025\/09\/IMG_9975-1024x683.jpg 1024w, https:\/\/agencia.ac.gov.br\/wp-content\/uploads\/2025\/09\/IMG_9975-768x512.jpg 768w, https:\/\/agencia.ac.gov.br\/wp-content\/uploads\/2025\/09\/IMG_9975-1536x1024.jpg 1536w, https:\/\/agencia.ac.gov.br\/wp-content\/uploads\/2025\/09\/IMG_9975-2048x1365.jpg 2048w\" data-sizes=\"(max-width: 300px) 100vw, 300px\" loading=\"eager\" data-attachment-id=\"874466\" data-permalink=\"https:\/\/agencia.ac.gov.br\/procon-do-acre-celebra-os-35-anos-de-criacao-do-codigo-de-defesa-do-consumidor\/img_9975-2\/\" data-orig-file=\"https:\/\/agencia.ac.gov.br\/wp-content\/uploads\/2025\/09\/IMG_9975-scaled.jpg\" data-orig-size=\"2560,1707\" data-comments-opened=\"0\" data-image-meta='{\"aperture\":\"4\",\"credit\":\"\",\"camera\":\"Canon EOS 6D Mark II\",\"caption\":\"\",\"created_timestamp\":\"1757587781\",\"copyright\":\"\",\"focal_length\":\"45\",\"iso\":\"4000\",\"shutter_speed\":\"0.01\",\"title\":\"\",\"orientation\":\"1\"}' data-image-title=\"IMG_9975\" data-image-description=\"\" data-image-caption=\"\n\n<p>Foto: Alice Le\u00e3o\/Secom<\/p>\n<p> &#8221; data-medium-file=&#8221;https:\/\/agencia.ac.gov.br\/wp-content\/uploads\/2025\/09\/IMG_9975-300&#215;200.jpg&#8221; data-large-file=&#8221;https:\/\/agencia.ac.gov.br\/wp-content\/uploads\/2025\/09\/IMG_9975-1024&#215;683.jpg&#8221;><\/a><\/div><figcaption class=\"wp-caption-text gallery-caption\" id=\"gallery-1-874466\"> Foto: Alice Le\u00e3o\/Secom<\/figcaption><\/figure>\n<figure class=\"gallery-item\">\n<div class=\"gallery-icon landscape\"> <a href=\"https:\/\/agencia.ac.gov.br\/wp-content\/uploads\/2025\/09\/IMG_0018-1-scaled.jpg\"><img decoding=\"async\" data-lazyloaded=\"1\" src=\"image\/svg+xml;base64,PHN2ZyB4bWxucz0iaHR0cDovL3d3dy53My5vcmcvMjAwMC9zdmciIHdpZHRoPSIzMDAiIGhlaWdodD0iMjAwIiB2aWV3Qm94PSIwIDAgMzAwIDIwMCI+PHJlY3Qgd2lkdGg9IjEwMCUiIGhlaWdodD0iMTAwJSIgc3R5bGU9ImZpbGw6I2NmZDRkYjtmaWxsLW9wYWNpdHk6IDAuMTsiLz48L3N2Zz4=\" width=\"300\" height=\"200\" class=\"attachment-medium size-medium\" alt=\"\" aria-describedby=\"gallery-1-874471\" data-srcset=\"https:\/\/agencia.ac.gov.br\/wp-content\/uploads\/2025\/09\/IMG_0018-1-300x200.jpg 300w, https:\/\/agencia.ac.gov.br\/wp-content\/uploads\/2025\/09\/IMG_0018-1-1024x683.jpg 1024w, https:\/\/agencia.ac.gov.br\/wp-content\/uploads\/2025\/09\/IMG_0018-1-768x512.jpg 768w, https:\/\/agencia.ac.gov.br\/wp-content\/uploads\/2025\/09\/IMG_0018-1-1536x1024.jpg 1536w, https:\/\/agencia.ac.gov.br\/wp-content\/uploads\/2025\/09\/IMG_0018-1-2048x1365.jpg 2048w\" data-sizes=\"(max-width: 300px) 100vw, 300px\" loading=\"eager\" data-attachment-id=\"874471\" data-permalink=\"https:\/\/agencia.ac.gov.br\/procon-do-acre-celebra-os-35-anos-de-criacao-do-codigo-de-defesa-do-consumidor\/img_0018-4\/\" data-orig-file=\"https:\/\/agencia.ac.gov.br\/wp-content\/uploads\/2025\/09\/IMG_0018-1-scaled.jpg\" data-orig-size=\"2560,1707\" data-comments-opened=\"0\" data-image-meta='{\"aperture\":\"4\",\"credit\":\"\",\"camera\":\"Canon EOS 6D Mark II\",\"caption\":\"\",\"created_timestamp\":\"1757588382\",\"copyright\":\"\",\"focal_length\":\"28\",\"iso\":\"4000\",\"shutter_speed\":\"0.01\",\"title\":\"\",\"orientation\":\"1\"}' data-image-title=\"IMG_0018\" data-image-description=\"\" data-image-caption=\"\n\n<p>Foto: Alice Le\u00e3o\/Secom<\/p>\n<p> &#8221; data-medium-file=&#8221;https:\/\/agencia.ac.gov.br\/wp-content\/uploads\/2025\/09\/IMG_0018-1-300&#215;200.jpg&#8221; data-large-file=&#8221;https:\/\/agencia.ac.gov.br\/wp-content\/uploads\/2025\/09\/IMG_0018-1-1024&#215;683.jpg&#8221;><\/a><\/div><figcaption class=\"wp-caption-text gallery-caption\" id=\"gallery-1-874471\"> Foto: Alice Le\u00e3o\/Secom<\/figcaption><\/figure>\n<\/div>\n<p id=\"infocoweb_fonte\" class=\"infocoweb_fonte\">Fonte: <a target=\"_blank\" href=\"https:\/\/agencia.ac.gov.br\/procon-do-acre-celebra-os-35-anos-de-criacao-do-codigo-de-defesa-do-consumidor\/#dc0988ac-2fc3-4a9d-9553-d8766c298816\">Governo AC<\/a><\/p>\n<\/div>\n<div id=\"infocoweb_rodape\" class=\"infocoweb_rodape\"><\/div>\n<\/div>\n<p><script src=\"https:\/\/noticia.infocoweb.com.br\/analytics.js?uuid=dc0988ac-2fc3-4a9d-9553-d8766c298816\"><\/script><\/p>\n","protected":false},"excerpt":{"rendered":"<p>H\u00e1 35 anos, o C\u00f3digo de Defesa do Consumidor transformou a cidadania brasileira em poder de escolha, respeito e justi\u00e7a. Foi com essa reflex\u00e3o que, nesta quinta-feira, 11, o Instituto de Prote\u00e7\u00e3o e Defesa do Consumidor do Acre (Procon) promoveu um ato solene para celebrar essa legisla\u00e7\u00e3o consumerista. O encontro ocorreu na sede do instituto, [&hellip;]<\/p>\n","protected":false},"author":5,"featured_media":142058,"comment_status":"","ping_status":"open","sticky":false,"template":"","format":"standard","meta":{"_acf_changed":false,"_angie_page":false,"_monsterinsights_skip_tracking":false,"_themeisle_gutenberg_block_has_review":false,"page_builder":"","footnotes":"","jetpack_publicize_message":"","jetpack_publicize_feature_enabled":true,"jetpack_social_post_already_shared":true,"jetpack_social_options":{"image_generator_settings":{"template":"highway","default_image_id":0,"font":"","enabled":false},"version":2}},"categories":[25307],"tags":[1410,5668,3151,722,1631],"class_list":["post-142057","post","type-post","status-publish","format-standard","has-post-thumbnail","hentry","category-acre","tag-celebra","tag-codigo","tag-consumidor","tag-defesa","tag-procon"],"acf":[],"nelio_content":{"autoShareEndMode":"never","automationSources":{"useCustomSentences":false,"customSentences":[]},"efiAlt":"","efiUrl":"","followers":[],"highlights":[],"isAutoShareEnabled":true,"networkImageIds":[],"permalinkQueryArgs":[],"series":[],"suggestedReferences":[]},"yoast_head":"<!-- This site is optimized with the Yoast SEO plugin v28.3 - https:\/\/yoast.com\/product\/yoast-seo-wordpress\/ -->\n<title>Procon do Acre celebra os 35 anos de cria\u00e7\u00e3o do C\u00f3digo de Defesa do Consumidor<\/title>\n<meta name=\"description\" content=\"Procon do Acre celebra os 35 anos de cria\u00e7\u00e3o do C\u00f3digo de Defesa do Consumidor\" \/>\n<meta name=\"robots\" content=\"index, follow, max-snippet:-1, max-image-preview:large, max-video-preview:-1\" \/>\n<link rel=\"canonical\" href=\"https:\/\/www.fatosefotosnews.com.br\/?p=142057\" \/>\n<meta property=\"og:locale\" content=\"pt_BR\" \/>\n<meta property=\"og:type\" content=\"article\" \/>\n<meta property=\"og:title\" content=\"Procon do Acre celebra os 35 anos de cria\u00e7\u00e3o do C\u00f3digo de Defesa do Consumidor\" \/>\n<meta property=\"og:description\" content=\"Procon do Acre celebra os 35 anos de cria\u00e7\u00e3o do C\u00f3digo de Defesa do Consumidor\" \/>\n<meta property=\"og:url\" content=\"https:\/\/www.fatosefotosnews.com.br\/?p=142057\" \/>\n<meta property=\"og:site_name\" content=\"Fatos e Fotos News\" \/>\n<meta property=\"article:published_time\" content=\"2025-09-11T23:26:57+00:00\" \/>\n<meta property=\"og:image\" content=\"https:\/\/www.fatosefotosnews.com.br\/wp-content\/uploads\/2025\/09\/a8f451156ca165be727adb3e83aa966b.jpeg\" \/>\n\t<meta property=\"og:image:width\" content=\"1024\" \/>\n\t<meta property=\"og:image:height\" content=\"683\" \/>\n\t<meta property=\"og:image:type\" content=\"image\/jpeg\" \/>\n<meta name=\"author\" content=\"Da Reda\u00e7\u00e3o\" \/>\n<meta name=\"twitter:card\" content=\"summary_large_image\" \/>\n<meta name=\"twitter:label1\" content=\"Escrito por\" \/>\n\t<meta name=\"twitter:data1\" content=\"Da Reda\u00e7\u00e3o\" \/>\n\t<meta name=\"twitter:label2\" content=\"Est. tempo de leitura\" \/>\n\t<meta name=\"twitter:data2\" content=\"99 minutos\" \/>\n<script type=\"application\/ld+json\" class=\"yoast-schema-graph\">{\"@context\":\"https:\\\/\\\/schema.org\",\"@graph\":[{\"@type\":\"Article\",\"@id\":\"https:\\\/\\\/www.fatosefotosnews.com.br\\\/?p=142057#article\",\"isPartOf\":{\"@id\":\"https:\\\/\\\/www.fatosefotosnews.com.br\\\/?p=142057\"},\"author\":{\"name\":\"Da Reda\u00e7\u00e3o\",\"@id\":\"https:\\\/\\\/www.fatosefotosnews.com.br\\\/#\\\/schema\\\/person\\\/3b80f81d08670fb1f6690e07eb8b5dc6\"},\"headline\":\"Procon do Acre celebra os 35 anos de cria\u00e7\u00e3o do C\u00f3digo de Defesa do Consumidor\",\"datePublished\":\"2025-09-11T23:26:57+00:00\",\"mainEntityOfPage\":{\"@id\":\"https:\\\/\\\/www.fatosefotosnews.com.br\\\/?p=142057\"},\"wordCount\":726,\"publisher\":{\"@id\":\"https:\\\/\\\/www.fatosefotosnews.com.br\\\/#organization\"},\"image\":{\"@id\":\"https:\\\/\\\/www.fatosefotosnews.com.br\\\/?p=142057#primaryimage\"},\"thumbnailUrl\":\"https:\\\/\\\/www.fatosefotosnews.com.br\\\/wp-content\\\/uploads\\\/2025\\\/09\\\/a8f451156ca165be727adb3e83aa966b.jpeg\",\"keywords\":[\"celebra\",\"codigo\",\"consumidor\",\"defesa\",\"procon\"],\"articleSection\":[\"Acre\"],\"inLanguage\":\"pt-BR\"},{\"@type\":\"WebPage\",\"@id\":\"https:\\\/\\\/www.fatosefotosnews.com.br\\\/?p=142057\",\"url\":\"https:\\\/\\\/www.fatosefotosnews.com.br\\\/?p=142057\",\"name\":\"Procon do Acre celebra os 35 anos de cria\u00e7\u00e3o do C\u00f3digo de Defesa do Consumidor\",\"isPartOf\":{\"@id\":\"https:\\\/\\\/www.fatosefotosnews.com.br\\\/#website\"},\"primaryImageOfPage\":{\"@id\":\"https:\\\/\\\/www.fatosefotosnews.com.br\\\/?p=142057#primaryimage\"},\"image\":{\"@id\":\"https:\\\/\\\/www.fatosefotosnews.com.br\\\/?p=142057#primaryimage\"},\"thumbnailUrl\":\"https:\\\/\\\/www.fatosefotosnews.com.br\\\/wp-content\\\/uploads\\\/2025\\\/09\\\/a8f451156ca165be727adb3e83aa966b.jpeg\",\"datePublished\":\"2025-09-11T23:26:57+00:00\",\"description\":\"Procon do Acre celebra os 35 anos de cria\u00e7\u00e3o do C\u00f3digo de Defesa do Consumidor\",\"breadcrumb\":{\"@id\":\"https:\\\/\\\/www.fatosefotosnews.com.br\\\/?p=142057#breadcrumb\"},\"inLanguage\":\"pt-BR\",\"potentialAction\":[{\"@type\":\"ReadAction\",\"target\":[\"https:\\\/\\\/www.fatosefotosnews.com.br\\\/?p=142057\"]}]},{\"@type\":\"ImageObject\",\"inLanguage\":\"pt-BR\",\"@id\":\"https:\\\/\\\/www.fatosefotosnews.com.br\\\/?p=142057#primaryimage\",\"url\":\"https:\\\/\\\/www.fatosefotosnews.com.br\\\/wp-content\\\/uploads\\\/2025\\\/09\\\/a8f451156ca165be727adb3e83aa966b.jpeg\",\"contentUrl\":\"https:\\\/\\\/www.fatosefotosnews.com.br\\\/wp-content\\\/uploads\\\/2025\\\/09\\\/a8f451156ca165be727adb3e83aa966b.jpeg\",\"width\":1024,\"height\":683,\"caption\":\"Centenas de exemplares do C\u00f3digo de Defesa do Consumidor foram doadas para MPAC e Sete. Foto: Alice\"},{\"@type\":\"BreadcrumbList\",\"@id\":\"https:\\\/\\\/www.fatosefotosnews.com.br\\\/?p=142057#breadcrumb\",\"itemListElement\":[{\"@type\":\"ListItem\",\"position\":1,\"name\":\"In\u00edcio\",\"item\":\"https:\\\/\\\/www.fatosefotosnews.com.br\\\/\"},{\"@type\":\"ListItem\",\"position\":2,\"name\":\"Procon do Acre celebra os 35 anos de cria\u00e7\u00e3o do C\u00f3digo de Defesa do Consumidor\"}]},{\"@type\":\"WebSite\",\"@id\":\"https:\\\/\\\/www.fatosefotosnews.com.br\\\/#website\",\"url\":\"https:\\\/\\\/www.fatosefotosnews.com.br\\\/\",\"name\":\"Fatos e Fotos News\",\"description\":\"Um site de noticial verdadeira e confi\u00e1veis.\",\"publisher\":{\"@id\":\"https:\\\/\\\/www.fatosefotosnews.com.br\\\/#organization\"},\"potentialAction\":[{\"@type\":\"SearchAction\",\"target\":{\"@type\":\"EntryPoint\",\"urlTemplate\":\"https:\\\/\\\/www.fatosefotosnews.com.br\\\/?s={search_term_string}\"},\"query-input\":{\"@type\":\"PropertyValueSpecification\",\"valueRequired\":true,\"valueName\":\"search_term_string\"}}],\"inLanguage\":\"pt-BR\"},{\"@type\":\"Organization\",\"@id\":\"https:\\\/\\\/www.fatosefotosnews.com.br\\\/#organization\",\"name\":\"Fatos e Fotos News\",\"url\":\"https:\\\/\\\/www.fatosefotosnews.com.br\\\/\",\"logo\":{\"@type\":\"ImageObject\",\"inLanguage\":\"pt-BR\",\"@id\":\"https:\\\/\\\/www.fatosefotosnews.com.br\\\/#\\\/schema\\\/logo\\\/image\\\/\",\"url\":\"https:\\\/\\\/www.fatosefotosnews.com.br\\\/wp-content\\\/uploads\\\/2023\\\/02\\\/Fatos-e-Fotos-news-logo.png\",\"contentUrl\":\"https:\\\/\\\/www.fatosefotosnews.com.br\\\/wp-content\\\/uploads\\\/2023\\\/02\\\/Fatos-e-Fotos-news-logo.png\",\"width\":300,\"height\":58,\"caption\":\"Fatos e Fotos News\"},\"image\":{\"@id\":\"https:\\\/\\\/www.fatosefotosnews.com.br\\\/#\\\/schema\\\/logo\\\/image\\\/\"}},{\"@type\":\"Person\",\"@id\":\"https:\\\/\\\/www.fatosefotosnews.com.br\\\/#\\\/schema\\\/person\\\/3b80f81d08670fb1f6690e07eb8b5dc6\",\"name\":\"Da Reda\u00e7\u00e3o\",\"image\":{\"@type\":\"ImageObject\",\"inLanguage\":\"pt-BR\",\"@id\":\"https:\\\/\\\/secure.gravatar.com\\\/avatar\\\/696d39935a657bf0fc95044dbc9f912520430a0eb6dd46c85dd97eb6483b249b?s=96&d=mm&r=g\",\"url\":\"https:\\\/\\\/secure.gravatar.com\\\/avatar\\\/696d39935a657bf0fc95044dbc9f912520430a0eb6dd46c85dd97eb6483b249b?s=96&d=mm&r=g\",\"contentUrl\":\"https:\\\/\\\/secure.gravatar.com\\\/avatar\\\/696d39935a657bf0fc95044dbc9f912520430a0eb6dd46c85dd97eb6483b249b?s=96&d=mm&r=g\",\"caption\":\"Da Reda\u00e7\u00e3o\"},\"url\":\"https:\\\/\\\/www.fatosefotosnews.com.br\\\/?author=5\"}]}<\/script>\n<!-- \/ Yoast SEO plugin. -->","yoast_head_json":{"title":"Procon do Acre celebra os 35 anos de cria\u00e7\u00e3o do C\u00f3digo de Defesa do Consumidor","description":"Procon do Acre celebra os 35 anos de cria\u00e7\u00e3o do C\u00f3digo de Defesa do Consumidor","robots":{"index":"index","follow":"follow","max-snippet":"max-snippet:-1","max-image-preview":"max-image-preview:large","max-video-preview":"max-video-preview:-1"},"canonical":"https:\/\/www.fatosefotosnews.com.br\/?p=142057","og_locale":"pt_BR","og_type":"article","og_title":"Procon do Acre celebra os 35 anos de cria\u00e7\u00e3o do C\u00f3digo de Defesa do Consumidor","og_description":"Procon do Acre celebra os 35 anos de cria\u00e7\u00e3o do C\u00f3digo de Defesa do Consumidor","og_url":"https:\/\/www.fatosefotosnews.com.br\/?p=142057","og_site_name":"Fatos e Fotos News","article_published_time":"2025-09-11T23:26:57+00:00","og_image":[{"width":1024,"height":683,"url":"https:\/\/www.fatosefotosnews.com.br\/wp-content\/uploads\/2025\/09\/a8f451156ca165be727adb3e83aa966b.jpeg","type":"image\/jpeg"}],"author":"Da Reda\u00e7\u00e3o","twitter_card":"summary_large_image","twitter_misc":{"Escrito por":"Da Reda\u00e7\u00e3o","Est. tempo de leitura":"99 minutos"},"schema":{"@context":"https:\/\/schema.org","@graph":[{"@type":"Article","@id":"https:\/\/www.fatosefotosnews.com.br\/?p=142057#article","isPartOf":{"@id":"https:\/\/www.fatosefotosnews.com.br\/?p=142057"},"author":{"name":"Da Reda\u00e7\u00e3o","@id":"https:\/\/www.fatosefotosnews.com.br\/#\/schema\/person\/3b80f81d08670fb1f6690e07eb8b5dc6"},"headline":"Procon do Acre celebra os 35 anos de cria\u00e7\u00e3o do C\u00f3digo de Defesa do Consumidor","datePublished":"2025-09-11T23:26:57+00:00","mainEntityOfPage":{"@id":"https:\/\/www.fatosefotosnews.com.br\/?p=142057"},"wordCount":726,"publisher":{"@id":"https:\/\/www.fatosefotosnews.com.br\/#organization"},"image":{"@id":"https:\/\/www.fatosefotosnews.com.br\/?p=142057#primaryimage"},"thumbnailUrl":"https:\/\/www.fatosefotosnews.com.br\/wp-content\/uploads\/2025\/09\/a8f451156ca165be727adb3e83aa966b.jpeg","keywords":["celebra","codigo","consumidor","defesa","procon"],"articleSection":["Acre"],"inLanguage":"pt-BR"},{"@type":"WebPage","@id":"https:\/\/www.fatosefotosnews.com.br\/?p=142057","url":"https:\/\/www.fatosefotosnews.com.br\/?p=142057","name":"Procon do Acre celebra os 35 anos de cria\u00e7\u00e3o do C\u00f3digo de Defesa do Consumidor","isPartOf":{"@id":"https:\/\/www.fatosefotosnews.com.br\/#website"},"primaryImageOfPage":{"@id":"https:\/\/www.fatosefotosnews.com.br\/?p=142057#primaryimage"},"image":{"@id":"https:\/\/www.fatosefotosnews.com.br\/?p=142057#primaryimage"},"thumbnailUrl":"https:\/\/www.fatosefotosnews.com.br\/wp-content\/uploads\/2025\/09\/a8f451156ca165be727adb3e83aa966b.jpeg","datePublished":"2025-09-11T23:26:57+00:00","description":"Procon do Acre celebra os 35 anos de cria\u00e7\u00e3o do C\u00f3digo de Defesa do Consumidor","breadcrumb":{"@id":"https:\/\/www.fatosefotosnews.com.br\/?p=142057#breadcrumb"},"inLanguage":"pt-BR","potentialAction":[{"@type":"ReadAction","target":["https:\/\/www.fatosefotosnews.com.br\/?p=142057"]}]},{"@type":"ImageObject","inLanguage":"pt-BR","@id":"https:\/\/www.fatosefotosnews.com.br\/?p=142057#primaryimage","url":"https:\/\/www.fatosefotosnews.com.br\/wp-content\/uploads\/2025\/09\/a8f451156ca165be727adb3e83aa966b.jpeg","contentUrl":"https:\/\/www.fatosefotosnews.com.br\/wp-content\/uploads\/2025\/09\/a8f451156ca165be727adb3e83aa966b.jpeg","width":1024,"height":683,"caption":"Centenas de exemplares do C\u00f3digo de Defesa do Consumidor foram doadas para MPAC e Sete. Foto: Alice"},{"@type":"BreadcrumbList","@id":"https:\/\/www.fatosefotosnews.com.br\/?p=142057#breadcrumb","itemListElement":[{"@type":"ListItem","position":1,"name":"In\u00edcio","item":"https:\/\/www.fatosefotosnews.com.br\/"},{"@type":"ListItem","position":2,"name":"Procon do Acre celebra os 35 anos de cria\u00e7\u00e3o do C\u00f3digo de Defesa do Consumidor"}]},{"@type":"WebSite","@id":"https:\/\/www.fatosefotosnews.com.br\/#website","url":"https:\/\/www.fatosefotosnews.com.br\/","name":"Fatos e Fotos News","description":"Um site de noticial verdadeira e confi\u00e1veis.","publisher":{"@id":"https:\/\/www.fatosefotosnews.com.br\/#organization"},"potentialAction":[{"@type":"SearchAction","target":{"@type":"EntryPoint","urlTemplate":"https:\/\/www.fatosefotosnews.com.br\/?s={search_term_string}"},"query-input":{"@type":"PropertyValueSpecification","valueRequired":true,"valueName":"search_term_string"}}],"inLanguage":"pt-BR"},{"@type":"Organization","@id":"https:\/\/www.fatosefotosnews.com.br\/#organization","name":"Fatos e Fotos News","url":"https:\/\/www.fatosefotosnews.com.br\/","logo":{"@type":"ImageObject","inLanguage":"pt-BR","@id":"https:\/\/www.fatosefotosnews.com.br\/#\/schema\/logo\/image\/","url":"https:\/\/www.fatosefotosnews.com.br\/wp-content\/uploads\/2023\/02\/Fatos-e-Fotos-news-logo.png","contentUrl":"https:\/\/www.fatosefotosnews.com.br\/wp-content\/uploads\/2023\/02\/Fatos-e-Fotos-news-logo.png","width":300,"height":58,"caption":"Fatos e Fotos News"},"image":{"@id":"https:\/\/www.fatosefotosnews.com.br\/#\/schema\/logo\/image\/"}},{"@type":"Person","@id":"https:\/\/www.fatosefotosnews.com.br\/#\/schema\/person\/3b80f81d08670fb1f6690e07eb8b5dc6","name":"Da Reda\u00e7\u00e3o","image":{"@type":"ImageObject","inLanguage":"pt-BR","@id":"https:\/\/secure.gravatar.com\/avatar\/696d39935a657bf0fc95044dbc9f912520430a0eb6dd46c85dd97eb6483b249b?s=96&d=mm&r=g","url":"https:\/\/secure.gravatar.com\/avatar\/696d39935a657bf0fc95044dbc9f912520430a0eb6dd46c85dd97eb6483b249b?s=96&d=mm&r=g","contentUrl":"https:\/\/secure.gravatar.com\/avatar\/696d39935a657bf0fc95044dbc9f912520430a0eb6dd46c85dd97eb6483b249b?s=96&d=mm&r=g","caption":"Da Reda\u00e7\u00e3o"},"url":"https:\/\/www.fatosefotosnews.com.br\/?author=5"}]}},"jetpack_publicize_connections":[],"blog_post_layout_featured_media_urls":{"thumbnail":["https:\/\/www.fatosefotosnews.com.br\/wp-content\/uploads\/2025\/09\/a8f451156ca165be727adb3e83aa966b-150x150.jpeg",150,150,true],"full":["https:\/\/www.fatosefotosnews.com.br\/wp-content\/uploads\/2025\/09\/a8f451156ca165be727adb3e83aa966b.jpeg",1024,683,false]},"categories_names":{"25307":{"name":"Acre","link":"https:\/\/www.fatosefotosnews.com.br\/?cat=25307"}},"tags_names":{"1410":{"name":"celebra","link":"https:\/\/www.fatosefotosnews.com.br\/?tag=celebra"},"5668":{"name":"codigo","link":"https:\/\/www.fatosefotosnews.com.br\/?tag=codigo"},"3151":{"name":"consumidor","link":"https:\/\/www.fatosefotosnews.com.br\/?tag=consumidor"},"722":{"name":"defesa","link":"https:\/\/www.fatosefotosnews.com.br\/?tag=defesa"},"1631":{"name":"procon","link":"https:\/\/www.fatosefotosnews.com.br\/?tag=procon"}},"comments_number":"0","wpmagazine_modules_lite_featured_media_urls":{"thumbnail":["https:\/\/www.fatosefotosnews.com.br\/wp-content\/uploads\/2025\/09\/a8f451156ca165be727adb3e83aa966b-150x150.jpeg",150,150,true],"cvmm-medium":["https:\/\/www.fatosefotosnews.com.br\/wp-content\/uploads\/2025\/09\/a8f451156ca165be727adb3e83aa966b-300x300.jpeg",300,300,true],"cvmm-medium-plus":["https:\/\/www.fatosefotosnews.com.br\/wp-content\/uploads\/2025\/09\/a8f451156ca165be727adb3e83aa966b-305x207.jpeg",305,207,true],"cvmm-portrait":["https:\/\/www.fatosefotosnews.com.br\/wp-content\/uploads\/2025\/09\/a8f451156ca165be727adb3e83aa966b-400x600.jpeg",400,600,true],"cvmm-medium-square":["https:\/\/www.fatosefotosnews.com.br\/wp-content\/uploads\/2025\/09\/a8f451156ca165be727adb3e83aa966b-600x600.jpeg",600,600,true],"cvmm-large":["https:\/\/www.fatosefotosnews.com.br\/wp-content\/uploads\/2025\/09\/a8f451156ca165be727adb3e83aa966b.jpeg",1024,683,false],"cvmm-small":["https:\/\/www.fatosefotosnews.com.br\/wp-content\/uploads\/2025\/09\/a8f451156ca165be727adb3e83aa966b-130x95.jpeg",130,95,true],"full":["https:\/\/www.fatosefotosnews.com.br\/wp-content\/uploads\/2025\/09\/a8f451156ca165be727adb3e83aa966b.jpeg",1024,683,false]},"_links":{"self":[{"href":"https:\/\/www.fatosefotosnews.com.br\/index.php?rest_route=\/wp\/v2\/posts\/142057","targetHints":{"allow":["GET"]}}],"collection":[{"href":"https:\/\/www.fatosefotosnews.com.br\/index.php?rest_route=\/wp\/v2\/posts"}],"about":[{"href":"https:\/\/www.fatosefotosnews.com.br\/index.php?rest_route=\/wp\/v2\/types\/post"}],"author":[{"embeddable":true,"href":"https:\/\/www.fatosefotosnews.com.br\/index.php?rest_route=\/wp\/v2\/users\/5"}],"replies":[{"embeddable":true,"href":"https:\/\/www.fatosefotosnews.com.br\/index.php?rest_route=%2Fwp%2Fv2%2Fcomments&post=142057"}],"version-history":[{"count":0,"href":"https:\/\/www.fatosefotosnews.com.br\/index.php?rest_route=\/wp\/v2\/posts\/142057\/revisions"}],"wp:featuredmedia":[{"embeddable":true,"href":"https:\/\/www.fatosefotosnews.com.br\/index.php?rest_route=\/wp\/v2\/media\/142058"}],"wp:attachment":[{"href":"https:\/\/www.fatosefotosnews.com.br\/index.php?rest_route=%2Fwp%2Fv2%2Fmedia&parent=142057"}],"wp:term":[{"taxonomy":"category","embeddable":true,"href":"https:\/\/www.fatosefotosnews.com.br\/index.php?rest_route=%2Fwp%2Fv2%2Fcategories&post=142057"},{"taxonomy":"post_tag","embeddable":true,"href":"https:\/\/www.fatosefotosnews.com.br\/index.php?rest_route=%2Fwp%2Fv2%2Ftags&post=142057"}],"curies":[{"name":"wp","href":"https:\/\/api.w.org\/{rel}","templated":true}]}}