{"id":143261,"date":"2025-09-19T16:28:15","date_gmt":"2025-09-19T19:28:15","guid":{"rendered":"https:\/\/www.fatosefotosnews.com.br\/mec-celebra-aniversario-de-paulo-freire-com-avancos-no-pacto-eja\/"},"modified":"2025-09-19T16:28:15","modified_gmt":"2025-09-19T19:28:15","slug":"mec-celebra-aniversario-de-paulo-freire-com-avancos-no-pacto-eja","status":"publish","type":"post","link":"https:\/\/www.fatosefotosnews.com.br\/?p=143261","title":{"rendered":"MEC celebra anivers\u00e1rio de Paulo Freire com avan\u00e7os no Pacto EJA"},"content":{"rendered":"<div id=\"infocoweb\" data-uuid=\"25915ba9-9741-4e92-99bb-37ec73dacd3b\" class=\"infocoweb infocoweb_canal_843\">\n<div id=\"infocoweb_cabecalho\" class=\"infocoweb_cabecalho\"><\/div>\n<div id=\"infocoweb_corpo\" class=\"infocoweb_corpo\">\n<p>Neste m\u00eas de setembro, o Brasil celebra o nascimento de Paulo Freire, patrono da educa\u00e7\u00e3o brasileira e refer\u00eancia mundial em pedagogia cr\u00edtica. O educador pernambucano completaria 104 anos de uma trajet\u00f3ria marcada pelo compromisso com a justi\u00e7a social, a alfabetiza\u00e7\u00e3o popular e a valoriza\u00e7\u00e3o do saber constru\u00eddo com o povo. As pol\u00edticas de educa\u00e7\u00e3o de jovens e adultos do Minist\u00e9rio da Educa\u00e7\u00e3o (MEC), inspiradas em seus m\u00e9todos, traduzem esses pensamentos em a\u00e7\u00f5es concretas, ao articular alfabetiza\u00e7\u00e3o, cidadania e inclus\u00e3o social.\u00a0\u00a0<\/p>\n<p>O <a href=\"https:\/\/www.gov.br\/mec\/pt-br\/pacto-eja\" target=\"_blank\">Pacto Nacional pela Supera\u00e7\u00e3o do Analfabetismo e Qualifica\u00e7\u00e3o da Educa\u00e7\u00e3o de Jovens e Adultos (Pacto EJA)<\/a>, mais do que uma pol\u00edtica de gest\u00e3o, \u00e9 uma pol\u00edtica pedag\u00f3gica. Baseado nos princ\u00edpios de Paulo Freire, a pol\u00edtica reconhece que alfabetizar \u00e9 mais do que ensinar a ler e escrever: \u00e9 possibilitar a leitura cr\u00edtica do mundo.\u00a0<\/p>\n<p>A pedagogia freiriana se traduz na centralidade dos sujeitos da EJA \u2014 jovens, adultos e idosos com trajet\u00f3rias diversas \u2014 que s\u00e3o o ponto de partida para uma aprendizagem significativa. O uso de palavras geradoras, os c\u00edrculos de cultura e o v\u00ednculo entre ensino e cotidiano se refletem nos materiais did\u00e1ticos e nas estrat\u00e9gias de mobiliza\u00e7\u00e3o intersetorial, como as campanhas de matr\u00edcula baseadas em dados do Cadastro \u00danico para Programas Sociais (Cad\u00danico), da sa\u00fade e da assist\u00eancia social.\u00a0<\/p>\n<p>E o pacto demonstra que o m\u00e9todo de Freire funciona: apresentando resultados expressivos, a iniciativa se consolidou como uma pol\u00edtica p\u00fablica estrat\u00e9gica voltada ao enfrentamento do analfabetismo e \u00e0 valoriza\u00e7\u00e3o da EJA no pa\u00eds. Apenas no ciclo de 2025, foram abertas mais de 9 mil turmas do <a href=\"https:\/\/www.gov.br\/mec\/pt-br\/brasil-alfabetizado\" target=\"_blank\">Programa Brasil Alfabetizado (PBA)<\/a>, a\u00e7\u00e3o de alfabetiza\u00e7\u00e3o popular que integra o pacto, alcan\u00e7ando 883 munic\u00edpios em todo o pa\u00eds, com 6.933 turmas em funcionamento apenas em 2025. \u00a0<\/p>\n<ul type=\"disc\">\n<li><b>Leia mais:<\/b> <a href=\"https:\/\/www.gov.br\/mec\/pt-br\/assuntos\/noticias\/2025\/setembro\/pba-encerra-novo-ciclo-com-mais-de-92-mil-matriculas\" target=\"_blank\">PBA encerra novo ciclo com mais de 92 mil matr\u00edculas<\/a>\u00a0<\/li>\n<\/ul>\n<p>O impacto da forma\u00e7\u00e3o de tantos estudantes da EJA pode ser observado na economia do pa\u00eds. A publica\u00e7\u00e3o <a href=\"https:\/\/www.gov.br\/mec\/pt-br\/pacto-eja\/EJA1.pdf\" target=\"_blank\">A Educa\u00e7\u00e3o que transforma vidas adultas: um estudo sobre o retorno econ\u00f4mico da Educa\u00e7\u00e3o de Jovens e Adultos no Brasil<\/a> demonstrou que a EJA representa um ganho significativo na renda m\u00e9dia de estudantes entre 18 e 60 anos \u2014 de 16,3%. Para aqueles com 46 a 60 anos, esse impacto \u00e9 ainda maior, chegando a 23,3%. \u00a0Para quem concluiu os anos finais do ensino fundamental na EJA, a renda m\u00e9dia \u00e9 4,6% maior do que para aqueles que pararam de estudar ap\u00f3s concluir os anos iniciais. Essa melhoria \u00e9 particularmente not\u00e1vel para o grupo de 26 a 35 anos, com um aumento de 14,9% na renda.\u00a0<\/p>\n<p>J\u00e1 a conclus\u00e3o do ensino m\u00e9dio na EJA eleva a renda mensal em 6%, em m\u00e9dia, para todos os profissionais de 18 a 60 anos, em compara\u00e7\u00e3o com quem parou os estudos no ensino fundamental. O maior impacto \u00e9 observado na faixa de 26 a 35 anos, com um aumento de 10% na renda.\u00a0<\/p>\n<ul type=\"disc\">\n<li>Leia mais: <a href=\"https:\/\/www.gov.br\/mec\/pt-br\/assuntos\/noticias\/2025\/setembro\/mec-lanca-estudo-e-colecao-de-cadernos-para-eja\" target=\"_blank\">MEC lan\u00e7a estudo e cole\u00e7\u00e3o de cadernos para EJA<\/a>\u00a0<\/li>\n<\/ul>\n<p><b>Docentes \u2013<\/b> O <a href=\"https:\/\/www.gov.br\/mec\/pt-br\/assuntos\/noticias\/2025\/marco\/formacao-docente-voltada-a-profissionais-da-eja-e-iniciada\" target=\"_blank\">Programa Nacional de Forma\u00e7\u00e3o para a Doc\u00eancia na EJA (ProfEJA)<\/a>, que oferece forma\u00e7\u00e3o inicial, continuada e em servi\u00e7o a professores e educadores populares, \u00e9 pautado no di\u00e1logo e na media\u00e7\u00e3o do conhecimento, uma express\u00e3o direta do legado freiriano. No ProfEJA, os educadores s\u00e3o preparados para construir, junto com os estudantes, percursos educativos conectados \u00e0s suas realidades e saberes. \u00c9 uma pol\u00edtica de transforma\u00e7\u00e3o social, que reconhece a diversidade dos sujeitos e a pot\u00eancia de seus territ\u00f3rios.\u00a0\u00a0<\/p>\n<p>Iniciativas como a Medalha Paulo Freire, que homenageia pr\u00e1ticas exitosas de alfabetiza\u00e7\u00e3o, contribuem para manter vivo o legado do educador e valorizar os profissionais dessa modalidade de ensino.\u00a0<\/p>\n<ul type=\"disc\">\n<li><b>Leia mais:<\/b> <a href=\"https:\/\/www.gov.br\/mec\/pt-br\/assuntos\/noticias\/2025\/maio\/mec-lancaedital-da-medalha-paulo-freireem-eja\" target=\"_blank\">MEC lan\u00e7a\u202fedital da Medalha Paulo Freire\u202fem EJA<\/a>\u00a0<\/li>\n<\/ul>\n<p><b>Investimento \u2013<\/b> O MEC tem trabalhado para fortalecer e retomar a EJA no pa\u00eds. A homologa\u00e7\u00e3o da Resolu\u00e7\u00e3o <a href=\"https:\/\/www.gov.br\/mec\/pt-br\/cne\/2025\/abril\/rceb003_25.pdf\" target=\"_blank\">CNE\/CEB n\u00ba 3\/2025<\/a> atualizou os referenciais operacionais da modalidade, alinhando-os aos desafios atuais e \u00e0s especificidades dos territ\u00f3rios.\u00a0\u00a0<\/p>\n<p>Outro marco importante inclui a retomada do <a href=\"https:\/\/www.gov.br\/fnde\/pt-br\/acesso-a-informacao\/acoes-e-programas\/programas\/programas-do-livro\/pnld\/escolha-pnld-eja-2026-a-2029\/escolha-pnld-eja-2026-a-2029\" target=\"_blank\">Programa Nacional do Livro Did\u00e1tico para a EJA (PNLD EJA)<\/a>. Inativo h\u00e1 dez anos, \u00e9 uma pol\u00edtica p\u00fablica executada pelo Fundo Nacional de Desenvolvimento da Educa\u00e7\u00e3o (FNDE) e pelo MEC que disponibiliza obras did\u00e1ticas, pedag\u00f3gicas e liter\u00e1rias de forma sistem\u00e1tica, regular e gratuita a professores e estudantes, configurando-se como um dos maiores programas de distribui\u00e7\u00e3o de livros do mundo.\u00a0<\/p>\n<p>A equidade no financiamento foi fortalecida com o aumento do fator de pondera\u00e7\u00e3o do Fundo de Manuten\u00e7\u00e3o e Desenvolvimento da Educa\u00e7\u00e3o B\u00e1sica e de Valoriza\u00e7\u00e3o dos Profissionais da Educa\u00e7\u00e3o (Fundeb) para a EJA-Fundamental, equiparando os repasses aos valores do ensino regular.\u00a0<\/p>\n<ul type=\"disc\">\n<li><b>Leia mais:<\/b> <a href=\"https:\/\/www.gov.br\/mec\/pt-br\/assuntos\/noticias\/2024\/julho\/mec-amplia-financiamento-de-tempo-integral-e-modalidades-de-ensino\" target=\"_blank\">MEC amplia financiamento de tempo integral e modalidades de ensino<\/a>\u00a0<\/li>\n<\/ul>\n<p>No ciclo 2024-2025, 3.876 escolas aderiram ao <a href=\"https:\/\/www.gov.br\/mec\/pt-br\/pdde\/pdde-equidade\" target=\"_blank\">PDDE Equidade \u2013 Diversidades\/EJA,<\/a> que destina recursos financeiros em car\u00e1ter suplementar \u00e0s escolas p\u00fablicas de educa\u00e7\u00e3o b\u00e1sica que atendem popula\u00e7\u00f5es historicamente exclu\u00eddas.\u00a0<\/p>\n<p>Para apoiar a trajet\u00f3ria escolar de parte desses estudantes, o programa <a href=\"https:\/\/www.gov.br\/mec\/pt-br\/assuntos\/noticias\/2024\/agosto\/pe-de-meia-saiba-como-estudantes-da-eja-vao-receber-o-incentivo\" target=\"_blank\">P\u00e9-de-Meia<\/a> beneficia mais de 160 mil estudantes da EJA, entre 19 e 24 anos, integrantes de uma fam\u00edlia inscrita no Cad\u00danico e que tenha renda, por pessoa, de at\u00e9 meio sal\u00e1rio m\u00ednimo. O programa, recentemente, foi fortalecido em contextos de priva\u00e7\u00e3o de liberdade.\u00a0<\/p>\n<p><i>Assessoria de Comunica\u00e7\u00e3o Social do MEC, com informa\u00e7\u00f5es da Secretaria de Educa\u00e7\u00e3o Continuada, Alfabetiza\u00e7\u00e3o de Jovens e Adultos, Diversidade e Inclus\u00e3o (Secadi)<\/i>\u00a0<\/p>\n<p id=\"infocoweb_fonte\" class=\"infocoweb_fonte\">Fonte: <a target=\"_blank\" href=\"https:\/\/www.gov.br\/mec\/pt-br\/assuntos\/noticias\/2025\/setembro\/mec-celebra-aniversario-de-paulo-freire-com-avancos-no-pacto-eja#25915ba9-9741-4e92-99bb-37ec73dacd3b\">Minist\u00e9rio da Educa\u00e7\u00e3o<\/a><\/p>\n<\/div>\n<div id=\"infocoweb_rodape\" class=\"infocoweb_rodape\"><\/div>\n<\/div>\n<p><script src=\"https:\/\/noticia.infocoweb.com.br\/analytics.js?uuid=25915ba9-9741-4e92-99bb-37ec73dacd3b\"><\/script><\/p>\n","protected":false},"excerpt":{"rendered":"<p>Neste m\u00eas de setembro, o Brasil celebra o nascimento de Paulo Freire, patrono da educa\u00e7\u00e3o brasileira e refer\u00eancia mundial em pedagogia cr\u00edtica. O educador pernambucano completaria 104 anos de uma trajet\u00f3ria marcada pelo compromisso com a justi\u00e7a social, a alfabetiza\u00e7\u00e3o popular e a valoriza\u00e7\u00e3o do saber constru\u00eddo com o povo. As pol\u00edticas de educa\u00e7\u00e3o de [&hellip;]<\/p>\n","protected":false},"author":5,"featured_media":0,"comment_status":"","ping_status":"open","sticky":false,"template":"","format":"standard","meta":{"_acf_changed":false,"_angie_page":false,"_monsterinsights_skip_tracking":false,"_themeisle_gutenberg_block_has_review":false,"page_builder":"","footnotes":"","jetpack_publicize_message":"","jetpack_publicize_feature_enabled":true,"jetpack_social_post_already_shared":true,"jetpack_social_options":{"image_generator_settings":{"template":"highway","default_image_id":0,"font":"","enabled":false},"version":2}},"categories":[24902],"tags":[1606,1410,6695,1097,398],"class_list":["post-143261","post","type-post","status-publish","format-standard","hentry","category-educacao","tag-aniversario","tag-celebra","tag-freire","tag-pacto","tag-paulo"],"acf":[],"nelio_content":{"autoShareEndMode":"never","automationSources":{"useCustomSentences":false,"customSentences":[]},"efiAlt":"","efiUrl":"","followers":[],"highlights":[],"isAutoShareEnabled":true,"networkImageIds":[],"permalinkQueryArgs":[],"series":[],"suggestedReferences":[]},"yoast_head":"<!-- This site is optimized with the Yoast SEO plugin v28.3 - https:\/\/yoast.com\/product\/yoast-seo-wordpress\/ -->\n<title>MEC celebra anivers\u00e1rio de Paulo Freire com avan\u00e7os no Pacto EJA<\/title>\n<meta name=\"description\" content=\"MEC celebra anivers\u00e1rio de Paulo Freire com avan\u00e7os no Pacto EJA\" \/>\n<meta name=\"robots\" content=\"index, follow, max-snippet:-1, max-image-preview:large, max-video-preview:-1\" \/>\n<link rel=\"canonical\" href=\"https:\/\/www.fatosefotosnews.com.br\/?p=143261\" \/>\n<meta property=\"og:locale\" content=\"pt_BR\" \/>\n<meta property=\"og:type\" content=\"article\" \/>\n<meta property=\"og:title\" content=\"MEC celebra anivers\u00e1rio de Paulo Freire com avan\u00e7os no Pacto EJA\" \/>\n<meta property=\"og:description\" content=\"MEC celebra anivers\u00e1rio de Paulo Freire com avan\u00e7os no Pacto EJA\" \/>\n<meta property=\"og:url\" content=\"https:\/\/www.fatosefotosnews.com.br\/?p=143261\" \/>\n<meta property=\"og:site_name\" content=\"Fatos e Fotos News\" \/>\n<meta property=\"article:published_time\" content=\"2025-09-19T19:28:15+00:00\" \/>\n<meta property=\"og:image\" content=\"https:\/\/www.fatosefotosnews.com.br\/wp-content\/uploads\/2025\/09\/9d9ec83bd799f8f174bd32fb38c91e2c.jpeg\" \/>\n\t<meta property=\"og:image:width\" content=\"1024\" \/>\n\t<meta property=\"og:image:height\" content=\"725\" \/>\n\t<meta property=\"og:image:type\" content=\"image\/jpeg\" \/>\n<meta name=\"author\" content=\"Da Reda\u00e7\u00e3o\" \/>\n<meta name=\"twitter:card\" content=\"summary_large_image\" \/>\n<meta name=\"twitter:label1\" content=\"Escrito por\" \/>\n\t<meta name=\"twitter:data1\" content=\"Da Reda\u00e7\u00e3o\" \/>\n\t<meta name=\"twitter:label2\" content=\"Est. tempo de leitura\" \/>\n\t<meta name=\"twitter:data2\" content=\"99 minutos\" \/>\n<script type=\"application\/ld+json\" class=\"yoast-schema-graph\">{\"@context\":\"https:\\\/\\\/schema.org\",\"@graph\":[{\"@type\":\"Article\",\"@id\":\"https:\\\/\\\/www.fatosefotosnews.com.br\\\/?p=143261#article\",\"isPartOf\":{\"@id\":\"https:\\\/\\\/www.fatosefotosnews.com.br\\\/?p=143261\"},\"author\":{\"name\":\"Da Reda\u00e7\u00e3o\",\"@id\":\"https:\\\/\\\/www.fatosefotosnews.com.br\\\/#\\\/schema\\\/person\\\/3b80f81d08670fb1f6690e07eb8b5dc6\"},\"headline\":\"MEC celebra anivers\u00e1rio de Paulo Freire com avan\u00e7os no Pacto EJA\",\"datePublished\":\"2025-09-19T19:28:15+00:00\",\"mainEntityOfPage\":{\"@id\":\"https:\\\/\\\/www.fatosefotosnews.com.br\\\/?p=143261\"},\"wordCount\":960,\"publisher\":{\"@id\":\"https:\\\/\\\/www.fatosefotosnews.com.br\\\/#organization\"},\"keywords\":[\"aniversario\",\"celebra\",\"freire\",\"pacto\",\"paulo\"],\"articleSection\":[\"Educa\u00e7\u00e3o\"],\"inLanguage\":\"pt-BR\"},{\"@type\":\"WebPage\",\"@id\":\"https:\\\/\\\/www.fatosefotosnews.com.br\\\/?p=143261\",\"url\":\"https:\\\/\\\/www.fatosefotosnews.com.br\\\/?p=143261\",\"name\":\"MEC celebra anivers\u00e1rio de Paulo Freire com avan\u00e7os no Pacto EJA\",\"isPartOf\":{\"@id\":\"https:\\\/\\\/www.fatosefotosnews.com.br\\\/#website\"},\"datePublished\":\"2025-09-19T19:28:15+00:00\",\"description\":\"MEC celebra anivers\u00e1rio de Paulo Freire com avan\u00e7os no Pacto EJA\",\"breadcrumb\":{\"@id\":\"https:\\\/\\\/www.fatosefotosnews.com.br\\\/?p=143261#breadcrumb\"},\"inLanguage\":\"pt-BR\",\"potentialAction\":[{\"@type\":\"ReadAction\",\"target\":[\"https:\\\/\\\/www.fatosefotosnews.com.br\\\/?p=143261\"]}]},{\"@type\":\"BreadcrumbList\",\"@id\":\"https:\\\/\\\/www.fatosefotosnews.com.br\\\/?p=143261#breadcrumb\",\"itemListElement\":[{\"@type\":\"ListItem\",\"position\":1,\"name\":\"In\u00edcio\",\"item\":\"https:\\\/\\\/www.fatosefotosnews.com.br\\\/\"},{\"@type\":\"ListItem\",\"position\":2,\"name\":\"MEC celebra anivers\u00e1rio de Paulo Freire com avan\u00e7os no Pacto EJA\"}]},{\"@type\":\"WebSite\",\"@id\":\"https:\\\/\\\/www.fatosefotosnews.com.br\\\/#website\",\"url\":\"https:\\\/\\\/www.fatosefotosnews.com.br\\\/\",\"name\":\"Fatos e Fotos News\",\"description\":\"Um site de noticial verdadeira e confi\u00e1veis.\",\"publisher\":{\"@id\":\"https:\\\/\\\/www.fatosefotosnews.com.br\\\/#organization\"},\"potentialAction\":[{\"@type\":\"SearchAction\",\"target\":{\"@type\":\"EntryPoint\",\"urlTemplate\":\"https:\\\/\\\/www.fatosefotosnews.com.br\\\/?s={search_term_string}\"},\"query-input\":{\"@type\":\"PropertyValueSpecification\",\"valueRequired\":true,\"valueName\":\"search_term_string\"}}],\"inLanguage\":\"pt-BR\"},{\"@type\":\"Organization\",\"@id\":\"https:\\\/\\\/www.fatosefotosnews.com.br\\\/#organization\",\"name\":\"Fatos e Fotos News\",\"url\":\"https:\\\/\\\/www.fatosefotosnews.com.br\\\/\",\"logo\":{\"@type\":\"ImageObject\",\"inLanguage\":\"pt-BR\",\"@id\":\"https:\\\/\\\/www.fatosefotosnews.com.br\\\/#\\\/schema\\\/logo\\\/image\\\/\",\"url\":\"https:\\\/\\\/www.fatosefotosnews.com.br\\\/wp-content\\\/uploads\\\/2023\\\/02\\\/Fatos-e-Fotos-news-logo.png\",\"contentUrl\":\"https:\\\/\\\/www.fatosefotosnews.com.br\\\/wp-content\\\/uploads\\\/2023\\\/02\\\/Fatos-e-Fotos-news-logo.png\",\"width\":300,\"height\":58,\"caption\":\"Fatos e Fotos News\"},\"image\":{\"@id\":\"https:\\\/\\\/www.fatosefotosnews.com.br\\\/#\\\/schema\\\/logo\\\/image\\\/\"}},{\"@type\":\"Person\",\"@id\":\"https:\\\/\\\/www.fatosefotosnews.com.br\\\/#\\\/schema\\\/person\\\/3b80f81d08670fb1f6690e07eb8b5dc6\",\"name\":\"Da Reda\u00e7\u00e3o\",\"image\":{\"@type\":\"ImageObject\",\"inLanguage\":\"pt-BR\",\"@id\":\"https:\\\/\\\/secure.gravatar.com\\\/avatar\\\/696d39935a657bf0fc95044dbc9f912520430a0eb6dd46c85dd97eb6483b249b?s=96&d=mm&r=g\",\"url\":\"https:\\\/\\\/secure.gravatar.com\\\/avatar\\\/696d39935a657bf0fc95044dbc9f912520430a0eb6dd46c85dd97eb6483b249b?s=96&d=mm&r=g\",\"contentUrl\":\"https:\\\/\\\/secure.gravatar.com\\\/avatar\\\/696d39935a657bf0fc95044dbc9f912520430a0eb6dd46c85dd97eb6483b249b?s=96&d=mm&r=g\",\"caption\":\"Da Reda\u00e7\u00e3o\"},\"url\":\"https:\\\/\\\/www.fatosefotosnews.com.br\\\/?author=5\"}]}<\/script>\n<!-- \/ Yoast SEO plugin. -->","yoast_head_json":{"title":"MEC celebra anivers\u00e1rio de Paulo Freire com avan\u00e7os no Pacto EJA","description":"MEC celebra anivers\u00e1rio de Paulo Freire com avan\u00e7os no Pacto EJA","robots":{"index":"index","follow":"follow","max-snippet":"max-snippet:-1","max-image-preview":"max-image-preview:large","max-video-preview":"max-video-preview:-1"},"canonical":"https:\/\/www.fatosefotosnews.com.br\/?p=143261","og_locale":"pt_BR","og_type":"article","og_title":"MEC celebra anivers\u00e1rio de Paulo Freire com avan\u00e7os no Pacto EJA","og_description":"MEC celebra anivers\u00e1rio de Paulo Freire com avan\u00e7os no Pacto EJA","og_url":"https:\/\/www.fatosefotosnews.com.br\/?p=143261","og_site_name":"Fatos e Fotos News","article_published_time":"2025-09-19T19:28:15+00:00","og_image":[{"width":1024,"height":725,"url":"https:\/\/www.fatosefotosnews.com.br\/wp-content\/uploads\/2025\/09\/9d9ec83bd799f8f174bd32fb38c91e2c.jpeg","type":"image\/jpeg"}],"author":"Da Reda\u00e7\u00e3o","twitter_card":"summary_large_image","twitter_misc":{"Escrito por":"Da Reda\u00e7\u00e3o","Est. tempo de leitura":"99 minutos"},"schema":{"@context":"https:\/\/schema.org","@graph":[{"@type":"Article","@id":"https:\/\/www.fatosefotosnews.com.br\/?p=143261#article","isPartOf":{"@id":"https:\/\/www.fatosefotosnews.com.br\/?p=143261"},"author":{"name":"Da Reda\u00e7\u00e3o","@id":"https:\/\/www.fatosefotosnews.com.br\/#\/schema\/person\/3b80f81d08670fb1f6690e07eb8b5dc6"},"headline":"MEC celebra anivers\u00e1rio de Paulo Freire com avan\u00e7os no Pacto EJA","datePublished":"2025-09-19T19:28:15+00:00","mainEntityOfPage":{"@id":"https:\/\/www.fatosefotosnews.com.br\/?p=143261"},"wordCount":960,"publisher":{"@id":"https:\/\/www.fatosefotosnews.com.br\/#organization"},"keywords":["aniversario","celebra","freire","pacto","paulo"],"articleSection":["Educa\u00e7\u00e3o"],"inLanguage":"pt-BR"},{"@type":"WebPage","@id":"https:\/\/www.fatosefotosnews.com.br\/?p=143261","url":"https:\/\/www.fatosefotosnews.com.br\/?p=143261","name":"MEC celebra anivers\u00e1rio de Paulo Freire com avan\u00e7os no Pacto EJA","isPartOf":{"@id":"https:\/\/www.fatosefotosnews.com.br\/#website"},"datePublished":"2025-09-19T19:28:15+00:00","description":"MEC celebra anivers\u00e1rio de Paulo Freire com avan\u00e7os no Pacto EJA","breadcrumb":{"@id":"https:\/\/www.fatosefotosnews.com.br\/?p=143261#breadcrumb"},"inLanguage":"pt-BR","potentialAction":[{"@type":"ReadAction","target":["https:\/\/www.fatosefotosnews.com.br\/?p=143261"]}]},{"@type":"BreadcrumbList","@id":"https:\/\/www.fatosefotosnews.com.br\/?p=143261#breadcrumb","itemListElement":[{"@type":"ListItem","position":1,"name":"In\u00edcio","item":"https:\/\/www.fatosefotosnews.com.br\/"},{"@type":"ListItem","position":2,"name":"MEC celebra anivers\u00e1rio de Paulo Freire com avan\u00e7os no Pacto EJA"}]},{"@type":"WebSite","@id":"https:\/\/www.fatosefotosnews.com.br\/#website","url":"https:\/\/www.fatosefotosnews.com.br\/","name":"Fatos e Fotos News","description":"Um site de noticial verdadeira e confi\u00e1veis.","publisher":{"@id":"https:\/\/www.fatosefotosnews.com.br\/#organization"},"potentialAction":[{"@type":"SearchAction","target":{"@type":"EntryPoint","urlTemplate":"https:\/\/www.fatosefotosnews.com.br\/?s={search_term_string}"},"query-input":{"@type":"PropertyValueSpecification","valueRequired":true,"valueName":"search_term_string"}}],"inLanguage":"pt-BR"},{"@type":"Organization","@id":"https:\/\/www.fatosefotosnews.com.br\/#organization","name":"Fatos e Fotos News","url":"https:\/\/www.fatosefotosnews.com.br\/","logo":{"@type":"ImageObject","inLanguage":"pt-BR","@id":"https:\/\/www.fatosefotosnews.com.br\/#\/schema\/logo\/image\/","url":"https:\/\/www.fatosefotosnews.com.br\/wp-content\/uploads\/2023\/02\/Fatos-e-Fotos-news-logo.png","contentUrl":"https:\/\/www.fatosefotosnews.com.br\/wp-content\/uploads\/2023\/02\/Fatos-e-Fotos-news-logo.png","width":300,"height":58,"caption":"Fatos e Fotos News"},"image":{"@id":"https:\/\/www.fatosefotosnews.com.br\/#\/schema\/logo\/image\/"}},{"@type":"Person","@id":"https:\/\/www.fatosefotosnews.com.br\/#\/schema\/person\/3b80f81d08670fb1f6690e07eb8b5dc6","name":"Da Reda\u00e7\u00e3o","image":{"@type":"ImageObject","inLanguage":"pt-BR","@id":"https:\/\/secure.gravatar.com\/avatar\/696d39935a657bf0fc95044dbc9f912520430a0eb6dd46c85dd97eb6483b249b?s=96&d=mm&r=g","url":"https:\/\/secure.gravatar.com\/avatar\/696d39935a657bf0fc95044dbc9f912520430a0eb6dd46c85dd97eb6483b249b?s=96&d=mm&r=g","contentUrl":"https:\/\/secure.gravatar.com\/avatar\/696d39935a657bf0fc95044dbc9f912520430a0eb6dd46c85dd97eb6483b249b?s=96&d=mm&r=g","caption":"Da Reda\u00e7\u00e3o"},"url":"https:\/\/www.fatosefotosnews.com.br\/?author=5"}]}},"jetpack_publicize_connections":[],"blog_post_layout_featured_media_urls":{"thumbnail":"","full":""},"categories_names":{"24902":{"name":"Educa\u00e7\u00e3o","link":"https:\/\/www.fatosefotosnews.com.br\/?cat=24902"}},"tags_names":{"1606":{"name":"aniversario","link":"https:\/\/www.fatosefotosnews.com.br\/?tag=aniversario"},"1410":{"name":"celebra","link":"https:\/\/www.fatosefotosnews.com.br\/?tag=celebra"},"6695":{"name":"freire","link":"https:\/\/www.fatosefotosnews.com.br\/?tag=freire"},"1097":{"name":"pacto","link":"https:\/\/www.fatosefotosnews.com.br\/?tag=pacto"},"398":{"name":"paulo","link":"https:\/\/www.fatosefotosnews.com.br\/?tag=paulo"}},"comments_number":"0","wpmagazine_modules_lite_featured_media_urls":{"thumbnail":"","cvmm-medium":"","cvmm-medium-plus":"","cvmm-portrait":"","cvmm-medium-square":"","cvmm-large":"","cvmm-small":"","full":""},"_links":{"self":[{"href":"https:\/\/www.fatosefotosnews.com.br\/index.php?rest_route=\/wp\/v2\/posts\/143261","targetHints":{"allow":["GET"]}}],"collection":[{"href":"https:\/\/www.fatosefotosnews.com.br\/index.php?rest_route=\/wp\/v2\/posts"}],"about":[{"href":"https:\/\/www.fatosefotosnews.com.br\/index.php?rest_route=\/wp\/v2\/types\/post"}],"author":[{"embeddable":true,"href":"https:\/\/www.fatosefotosnews.com.br\/index.php?rest_route=\/wp\/v2\/users\/5"}],"replies":[{"embeddable":true,"href":"https:\/\/www.fatosefotosnews.com.br\/index.php?rest_route=%2Fwp%2Fv2%2Fcomments&post=143261"}],"version-history":[{"count":0,"href":"https:\/\/www.fatosefotosnews.com.br\/index.php?rest_route=\/wp\/v2\/posts\/143261\/revisions"}],"wp:attachment":[{"href":"https:\/\/www.fatosefotosnews.com.br\/index.php?rest_route=%2Fwp%2Fv2%2Fmedia&parent=143261"}],"wp:term":[{"taxonomy":"category","embeddable":true,"href":"https:\/\/www.fatosefotosnews.com.br\/index.php?rest_route=%2Fwp%2Fv2%2Fcategories&post=143261"},{"taxonomy":"post_tag","embeddable":true,"href":"https:\/\/www.fatosefotosnews.com.br\/index.php?rest_route=%2Fwp%2Fv2%2Ftags&post=143261"}],"curies":[{"name":"wp","href":"https:\/\/api.w.org\/{rel}","templated":true}]}}