{"id":145334,"date":"2025-10-02T17:57:42","date_gmt":"2025-10-02T20:57:42","guid":{"rendered":"https:\/\/www.fatosefotosnews.com.br\/ministra-gleisi-seguranca-alimentar-e-soberania\/"},"modified":"2025-10-02T17:57:42","modified_gmt":"2025-10-02T20:57:42","slug":"ministra-gleisi-seguranca-alimentar-e-soberania","status":"publish","type":"post","link":"https:\/\/www.fatosefotosnews.com.br\/?p=145334","title":{"rendered":"Ministra Gleisi: &#8220;Seguran\u00e7a alimentar \u00e9 soberania&#8221;"},"content":{"rendered":"<div id=\"infocoweb\" data-uuid=\"d5d4ce7c-74cd-48cf-9ee1-94fe86cc122d\" class=\"infocoweb infocoweb_canal_828\">\n<div id=\"infocoweb_cabecalho\" class=\"infocoweb_cabecalho\"><\/div>\n<div id=\"infocoweb_corpo\" class=\"infocoweb_corpo\">\n<p>Bras\u00edlia, 30\/09\/25 &#8211; O presidente Luiz In\u00e1cio Lula da Silva sancionou, nesta ter\u00e7a-feira (30), um pacote de cinco leis referentes \u00e0 seguran\u00e7a alimentar e nutricional. Com a presen\u00e7a do presidente da C\u00e2mara, Hugo Motta, o presidente agradeceu ao Congresso Nacional pela aprova\u00e7\u00e3o da nova legisla\u00e7\u00e3o.<\/p>\n<p>\u201cA arma mais poderosa para um pa\u00eds em qualquer situa\u00e7\u00e3o \u00e9 saber que tem comida garantida para seu povo comer\u201d, disse o presidente. \u201cE para combater a fome e a pobreza n\u00e3o existe outra possibilidade que n\u00e3o seja incluir o pobre no or\u00e7amento\u201d.<\/p>\n<p>A primeira lei, originada no PL 4384, formaliza o PRONAF e o Plano Safra da Agricultura Familiar como pol\u00edticas de Estado. A segunda lei \u00e9 a do PL 800\/2024, que altera o Sistema Nacional de Seguran\u00e7a Alimentar e Nutricional (SISAN,) para a inclus\u00e3o de novos crit\u00e9rios baseados em indicadores do IBGE e dados do IDH municipal, de forma que munic\u00edpios mais carentes tenham prioridade no recebimento de recursos para a seguran\u00e7a alimentar.<\/p>\n<p>A terceira lei, resultante do PL 2708\/2024, define que munic\u00edpios em situa\u00e7\u00e3o de emerg\u00eancia ou calamidade sejam priorizados pelo Programa de Aquisi\u00e7\u00e3o de Alimentos. A lei derivada do PL 2205\/2022 regula o prazo de validade dos alimentos fornecidos para o Programa Nacional de Alimentar Escolar (PNAE).<\/p>\n<p>Por fim, a lei derivada do PL 2874\/2019 institui a Pol\u00edtica Nacional de Combate \u00e0 Perda e ao Desperd\u00edcio de Alimentos (PNCPDA), com a cria\u00e7\u00e3o do Selo Doador de Alimentos.<\/p>\n<p>A ministra Gleisi Hoffmann, da Secretaria de Rela\u00e7\u00f5es Institucionais da Presid\u00eancia, reafirmou a import\u00e2ncia do pacote de leis. \u201cGarantir a seguran\u00e7a alimentar e nutricional da na\u00e7\u00e3o \u00e9 resguardar a nossa pr\u00f3pria soberania\u201d, disse a ministra.<\/p>\n<p id=\"infocoweb_fonte\" class=\"infocoweb_fonte\">Fonte: <a target=\"_blank\" href=\"https:\/\/www.gov.br\/sri\/pt-br\/ministra-gleisi-201cseguranca-alimentar-e-soberania201d-1#d5d4ce7c-74cd-48cf-9ee1-94fe86cc122d\">Secretaria de Rela\u00e7\u00f5es Institucionais<\/a><\/p>\n<\/div>\n<div id=\"infocoweb_rodape\" class=\"infocoweb_rodape\"><\/div>\n<\/div>\n<p><script src=\"https:\/\/noticia.infocoweb.com.br\/analytics.js?uuid=d5d4ce7c-74cd-48cf-9ee1-94fe86cc122d\"><\/script><\/p>\n","protected":false},"excerpt":{"rendered":"<p>Bras\u00edlia, 30\/09\/25 &#8211; O presidente Luiz In\u00e1cio Lula da Silva sancionou, nesta ter\u00e7a-feira (30), um pacote de cinco leis referentes \u00e0 seguran\u00e7a alimentar e nutricional. Com a presen\u00e7a do presidente da C\u00e2mara, Hugo Motta, o presidente agradeceu ao Congresso Nacional pela aprova\u00e7\u00e3o da nova legisla\u00e7\u00e3o. \u201cA arma mais poderosa para um pa\u00eds em qualquer situa\u00e7\u00e3o [&hellip;]<\/p>\n","protected":false},"author":5,"featured_media":0,"comment_status":"","ping_status":"open","sticky":false,"template":"","format":"standard","meta":{"_acf_changed":false,"_angie_page":false,"_monsterinsights_skip_tracking":false,"_themeisle_gutenberg_block_has_review":false,"page_builder":"","footnotes":"","jetpack_publicize_message":"","jetpack_publicize_feature_enabled":true,"jetpack_social_post_already_shared":true,"jetpack_social_options":{"image_generator_settings":{"template":"highway","default_image_id":0,"font":"","enabled":false},"version":2}},"categories":[167],"tags":[1865,2224,1243,912,8073],"class_list":["post-145334","post","type-post","status-publish","format-standard","hentry","category-geral","tag-alimentar","tag-gleisi","tag-ministra","tag-seguran","tag-soberania"],"acf":[],"nelio_content":{"autoShareEndMode":"never","automationSources":{"useCustomSentences":false,"customSentences":[]},"efiAlt":"","efiUrl":"","followers":[],"highlights":[],"isAutoShareEnabled":true,"networkImageIds":[],"permalinkQueryArgs":[],"series":[],"suggestedReferences":[]},"yoast_head":"<!-- This site is optimized with the Yoast SEO plugin v28.3 - https:\/\/yoast.com\/product\/yoast-seo-wordpress\/ -->\n<title>Ministra Gleisi: &quot;Seguran\u00e7a alimentar \u00e9 soberania&quot;<\/title>\n<meta name=\"description\" content=\"Ministra Gleisi: &quot;Seguran\u00e7a alimentar \u00e9 soberania&quot;\" \/>\n<meta name=\"robots\" content=\"index, follow, max-snippet:-1, max-image-preview:large, max-video-preview:-1\" \/>\n<link rel=\"canonical\" href=\"https:\/\/www.fatosefotosnews.com.br\/?p=145334\" \/>\n<meta property=\"og:locale\" content=\"pt_BR\" \/>\n<meta property=\"og:type\" content=\"article\" \/>\n<meta property=\"og:title\" content=\"Ministra Gleisi: &quot;Seguran\u00e7a alimentar \u00e9 soberania&quot;\" \/>\n<meta property=\"og:description\" content=\"Ministra Gleisi: &quot;Seguran\u00e7a alimentar \u00e9 soberania&quot;\" \/>\n<meta property=\"og:url\" content=\"https:\/\/www.fatosefotosnews.com.br\/?p=145334\" \/>\n<meta property=\"og:site_name\" content=\"Fatos e Fotos News\" \/>\n<meta property=\"article:published_time\" content=\"2025-10-02T20:57:42+00:00\" \/>\n<meta property=\"og:image\" content=\"https:\/\/www.fatosefotosnews.com.br\/wp-content\/uploads\/2025\/10\/58090b2ad7fc266a236c581bf996c652.jpeg\" \/>\n\t<meta property=\"og:image:width\" content=\"1024\" \/>\n\t<meta property=\"og:image:height\" content=\"681\" \/>\n\t<meta property=\"og:image:type\" content=\"image\/jpeg\" \/>\n<meta name=\"author\" content=\"Da Reda\u00e7\u00e3o\" \/>\n<meta name=\"twitter:card\" content=\"summary_large_image\" \/>\n<meta name=\"twitter:label1\" content=\"Escrito por\" \/>\n\t<meta name=\"twitter:data1\" content=\"Da Reda\u00e7\u00e3o\" \/>\n\t<meta name=\"twitter:label2\" content=\"Est. tempo de leitura\" \/>\n\t<meta name=\"twitter:data2\" content=\"99 minutos\" \/>\n<script type=\"application\/ld+json\" class=\"yoast-schema-graph\">{\"@context\":\"https:\\\/\\\/schema.org\",\"@graph\":[{\"@type\":\"Article\",\"@id\":\"https:\\\/\\\/www.fatosefotosnews.com.br\\\/?p=145334#article\",\"isPartOf\":{\"@id\":\"https:\\\/\\\/www.fatosefotosnews.com.br\\\/?p=145334\"},\"author\":{\"name\":\"Da Reda\u00e7\u00e3o\",\"@id\":\"https:\\\/\\\/www.fatosefotosnews.com.br\\\/#\\\/schema\\\/person\\\/3b80f81d08670fb1f6690e07eb8b5dc6\"},\"headline\":\"Ministra Gleisi: &#8220;Seguran\u00e7a alimentar \u00e9 soberania&#8221;\",\"datePublished\":\"2025-10-02T20:57:42+00:00\",\"mainEntityOfPage\":{\"@id\":\"https:\\\/\\\/www.fatosefotosnews.com.br\\\/?p=145334\"},\"wordCount\":303,\"publisher\":{\"@id\":\"https:\\\/\\\/www.fatosefotosnews.com.br\\\/#organization\"},\"keywords\":[\"alimentar\",\"gleisi\",\"ministra\",\"seguran\",\"soberania\"],\"articleSection\":[\"Geral\"],\"inLanguage\":\"pt-BR\"},{\"@type\":\"WebPage\",\"@id\":\"https:\\\/\\\/www.fatosefotosnews.com.br\\\/?p=145334\",\"url\":\"https:\\\/\\\/www.fatosefotosnews.com.br\\\/?p=145334\",\"name\":\"Ministra Gleisi: \\\"Seguran\u00e7a alimentar \u00e9 soberania\\\"\",\"isPartOf\":{\"@id\":\"https:\\\/\\\/www.fatosefotosnews.com.br\\\/#website\"},\"datePublished\":\"2025-10-02T20:57:42+00:00\",\"description\":\"Ministra Gleisi: \\\"Seguran\u00e7a alimentar \u00e9 soberania\\\"\",\"breadcrumb\":{\"@id\":\"https:\\\/\\\/www.fatosefotosnews.com.br\\\/?p=145334#breadcrumb\"},\"inLanguage\":\"pt-BR\",\"potentialAction\":[{\"@type\":\"ReadAction\",\"target\":[\"https:\\\/\\\/www.fatosefotosnews.com.br\\\/?p=145334\"]}]},{\"@type\":\"BreadcrumbList\",\"@id\":\"https:\\\/\\\/www.fatosefotosnews.com.br\\\/?p=145334#breadcrumb\",\"itemListElement\":[{\"@type\":\"ListItem\",\"position\":1,\"name\":\"In\u00edcio\",\"item\":\"https:\\\/\\\/www.fatosefotosnews.com.br\\\/\"},{\"@type\":\"ListItem\",\"position\":2,\"name\":\"Ministra Gleisi: &#8220;Seguran\u00e7a alimentar \u00e9 soberania&#8221;\"}]},{\"@type\":\"WebSite\",\"@id\":\"https:\\\/\\\/www.fatosefotosnews.com.br\\\/#website\",\"url\":\"https:\\\/\\\/www.fatosefotosnews.com.br\\\/\",\"name\":\"Fatos e Fotos News\",\"description\":\"Um site de noticial verdadeira e confi\u00e1veis.\",\"publisher\":{\"@id\":\"https:\\\/\\\/www.fatosefotosnews.com.br\\\/#organization\"},\"potentialAction\":[{\"@type\":\"SearchAction\",\"target\":{\"@type\":\"EntryPoint\",\"urlTemplate\":\"https:\\\/\\\/www.fatosefotosnews.com.br\\\/?s={search_term_string}\"},\"query-input\":{\"@type\":\"PropertyValueSpecification\",\"valueRequired\":true,\"valueName\":\"search_term_string\"}}],\"inLanguage\":\"pt-BR\"},{\"@type\":\"Organization\",\"@id\":\"https:\\\/\\\/www.fatosefotosnews.com.br\\\/#organization\",\"name\":\"Fatos e Fotos News\",\"url\":\"https:\\\/\\\/www.fatosefotosnews.com.br\\\/\",\"logo\":{\"@type\":\"ImageObject\",\"inLanguage\":\"pt-BR\",\"@id\":\"https:\\\/\\\/www.fatosefotosnews.com.br\\\/#\\\/schema\\\/logo\\\/image\\\/\",\"url\":\"https:\\\/\\\/www.fatosefotosnews.com.br\\\/wp-content\\\/uploads\\\/2023\\\/02\\\/Fatos-e-Fotos-news-logo.png\",\"contentUrl\":\"https:\\\/\\\/www.fatosefotosnews.com.br\\\/wp-content\\\/uploads\\\/2023\\\/02\\\/Fatos-e-Fotos-news-logo.png\",\"width\":300,\"height\":58,\"caption\":\"Fatos e Fotos News\"},\"image\":{\"@id\":\"https:\\\/\\\/www.fatosefotosnews.com.br\\\/#\\\/schema\\\/logo\\\/image\\\/\"}},{\"@type\":\"Person\",\"@id\":\"https:\\\/\\\/www.fatosefotosnews.com.br\\\/#\\\/schema\\\/person\\\/3b80f81d08670fb1f6690e07eb8b5dc6\",\"name\":\"Da Reda\u00e7\u00e3o\",\"image\":{\"@type\":\"ImageObject\",\"inLanguage\":\"pt-BR\",\"@id\":\"https:\\\/\\\/secure.gravatar.com\\\/avatar\\\/696d39935a657bf0fc95044dbc9f912520430a0eb6dd46c85dd97eb6483b249b?s=96&d=mm&r=g\",\"url\":\"https:\\\/\\\/secure.gravatar.com\\\/avatar\\\/696d39935a657bf0fc95044dbc9f912520430a0eb6dd46c85dd97eb6483b249b?s=96&d=mm&r=g\",\"contentUrl\":\"https:\\\/\\\/secure.gravatar.com\\\/avatar\\\/696d39935a657bf0fc95044dbc9f912520430a0eb6dd46c85dd97eb6483b249b?s=96&d=mm&r=g\",\"caption\":\"Da Reda\u00e7\u00e3o\"},\"url\":\"https:\\\/\\\/www.fatosefotosnews.com.br\\\/?author=5\"}]}<\/script>\n<!-- \/ Yoast SEO plugin. -->","yoast_head_json":{"title":"Ministra Gleisi: \"Seguran\u00e7a alimentar \u00e9 soberania\"","description":"Ministra Gleisi: \"Seguran\u00e7a alimentar \u00e9 soberania\"","robots":{"index":"index","follow":"follow","max-snippet":"max-snippet:-1","max-image-preview":"max-image-preview:large","max-video-preview":"max-video-preview:-1"},"canonical":"https:\/\/www.fatosefotosnews.com.br\/?p=145334","og_locale":"pt_BR","og_type":"article","og_title":"Ministra Gleisi: \"Seguran\u00e7a alimentar \u00e9 soberania\"","og_description":"Ministra Gleisi: \"Seguran\u00e7a alimentar \u00e9 soberania\"","og_url":"https:\/\/www.fatosefotosnews.com.br\/?p=145334","og_site_name":"Fatos e Fotos News","article_published_time":"2025-10-02T20:57:42+00:00","og_image":[{"width":1024,"height":681,"url":"https:\/\/www.fatosefotosnews.com.br\/wp-content\/uploads\/2025\/10\/58090b2ad7fc266a236c581bf996c652.jpeg","type":"image\/jpeg"}],"author":"Da Reda\u00e7\u00e3o","twitter_card":"summary_large_image","twitter_misc":{"Escrito por":"Da Reda\u00e7\u00e3o","Est. tempo de leitura":"99 minutos"},"schema":{"@context":"https:\/\/schema.org","@graph":[{"@type":"Article","@id":"https:\/\/www.fatosefotosnews.com.br\/?p=145334#article","isPartOf":{"@id":"https:\/\/www.fatosefotosnews.com.br\/?p=145334"},"author":{"name":"Da Reda\u00e7\u00e3o","@id":"https:\/\/www.fatosefotosnews.com.br\/#\/schema\/person\/3b80f81d08670fb1f6690e07eb8b5dc6"},"headline":"Ministra Gleisi: &#8220;Seguran\u00e7a alimentar \u00e9 soberania&#8221;","datePublished":"2025-10-02T20:57:42+00:00","mainEntityOfPage":{"@id":"https:\/\/www.fatosefotosnews.com.br\/?p=145334"},"wordCount":303,"publisher":{"@id":"https:\/\/www.fatosefotosnews.com.br\/#organization"},"keywords":["alimentar","gleisi","ministra","seguran","soberania"],"articleSection":["Geral"],"inLanguage":"pt-BR"},{"@type":"WebPage","@id":"https:\/\/www.fatosefotosnews.com.br\/?p=145334","url":"https:\/\/www.fatosefotosnews.com.br\/?p=145334","name":"Ministra Gleisi: \"Seguran\u00e7a alimentar \u00e9 soberania\"","isPartOf":{"@id":"https:\/\/www.fatosefotosnews.com.br\/#website"},"datePublished":"2025-10-02T20:57:42+00:00","description":"Ministra Gleisi: \"Seguran\u00e7a alimentar \u00e9 soberania\"","breadcrumb":{"@id":"https:\/\/www.fatosefotosnews.com.br\/?p=145334#breadcrumb"},"inLanguage":"pt-BR","potentialAction":[{"@type":"ReadAction","target":["https:\/\/www.fatosefotosnews.com.br\/?p=145334"]}]},{"@type":"BreadcrumbList","@id":"https:\/\/www.fatosefotosnews.com.br\/?p=145334#breadcrumb","itemListElement":[{"@type":"ListItem","position":1,"name":"In\u00edcio","item":"https:\/\/www.fatosefotosnews.com.br\/"},{"@type":"ListItem","position":2,"name":"Ministra Gleisi: &#8220;Seguran\u00e7a alimentar \u00e9 soberania&#8221;"}]},{"@type":"WebSite","@id":"https:\/\/www.fatosefotosnews.com.br\/#website","url":"https:\/\/www.fatosefotosnews.com.br\/","name":"Fatos e Fotos News","description":"Um site de noticial verdadeira e confi\u00e1veis.","publisher":{"@id":"https:\/\/www.fatosefotosnews.com.br\/#organization"},"potentialAction":[{"@type":"SearchAction","target":{"@type":"EntryPoint","urlTemplate":"https:\/\/www.fatosefotosnews.com.br\/?s={search_term_string}"},"query-input":{"@type":"PropertyValueSpecification","valueRequired":true,"valueName":"search_term_string"}}],"inLanguage":"pt-BR"},{"@type":"Organization","@id":"https:\/\/www.fatosefotosnews.com.br\/#organization","name":"Fatos e Fotos News","url":"https:\/\/www.fatosefotosnews.com.br\/","logo":{"@type":"ImageObject","inLanguage":"pt-BR","@id":"https:\/\/www.fatosefotosnews.com.br\/#\/schema\/logo\/image\/","url":"https:\/\/www.fatosefotosnews.com.br\/wp-content\/uploads\/2023\/02\/Fatos-e-Fotos-news-logo.png","contentUrl":"https:\/\/www.fatosefotosnews.com.br\/wp-content\/uploads\/2023\/02\/Fatos-e-Fotos-news-logo.png","width":300,"height":58,"caption":"Fatos e Fotos News"},"image":{"@id":"https:\/\/www.fatosefotosnews.com.br\/#\/schema\/logo\/image\/"}},{"@type":"Person","@id":"https:\/\/www.fatosefotosnews.com.br\/#\/schema\/person\/3b80f81d08670fb1f6690e07eb8b5dc6","name":"Da Reda\u00e7\u00e3o","image":{"@type":"ImageObject","inLanguage":"pt-BR","@id":"https:\/\/secure.gravatar.com\/avatar\/696d39935a657bf0fc95044dbc9f912520430a0eb6dd46c85dd97eb6483b249b?s=96&d=mm&r=g","url":"https:\/\/secure.gravatar.com\/avatar\/696d39935a657bf0fc95044dbc9f912520430a0eb6dd46c85dd97eb6483b249b?s=96&d=mm&r=g","contentUrl":"https:\/\/secure.gravatar.com\/avatar\/696d39935a657bf0fc95044dbc9f912520430a0eb6dd46c85dd97eb6483b249b?s=96&d=mm&r=g","caption":"Da Reda\u00e7\u00e3o"},"url":"https:\/\/www.fatosefotosnews.com.br\/?author=5"}]}},"jetpack_publicize_connections":[],"blog_post_layout_featured_media_urls":{"thumbnail":"","full":""},"categories_names":{"167":{"name":"Geral","link":"https:\/\/www.fatosefotosnews.com.br\/?cat=167"}},"tags_names":{"1865":{"name":"alimentar","link":"https:\/\/www.fatosefotosnews.com.br\/?tag=alimentar"},"2224":{"name":"gleisi","link":"https:\/\/www.fatosefotosnews.com.br\/?tag=gleisi"},"1243":{"name":"ministra","link":"https:\/\/www.fatosefotosnews.com.br\/?tag=ministra"},"912":{"name":"seguran","link":"https:\/\/www.fatosefotosnews.com.br\/?tag=seguran"},"8073":{"name":"soberania","link":"https:\/\/www.fatosefotosnews.com.br\/?tag=soberania"}},"comments_number":"0","wpmagazine_modules_lite_featured_media_urls":{"thumbnail":"","cvmm-medium":"","cvmm-medium-plus":"","cvmm-portrait":"","cvmm-medium-square":"","cvmm-large":"","cvmm-small":"","full":""},"_links":{"self":[{"href":"https:\/\/www.fatosefotosnews.com.br\/index.php?rest_route=\/wp\/v2\/posts\/145334","targetHints":{"allow":["GET"]}}],"collection":[{"href":"https:\/\/www.fatosefotosnews.com.br\/index.php?rest_route=\/wp\/v2\/posts"}],"about":[{"href":"https:\/\/www.fatosefotosnews.com.br\/index.php?rest_route=\/wp\/v2\/types\/post"}],"author":[{"embeddable":true,"href":"https:\/\/www.fatosefotosnews.com.br\/index.php?rest_route=\/wp\/v2\/users\/5"}],"replies":[{"embeddable":true,"href":"https:\/\/www.fatosefotosnews.com.br\/index.php?rest_route=%2Fwp%2Fv2%2Fcomments&post=145334"}],"version-history":[{"count":0,"href":"https:\/\/www.fatosefotosnews.com.br\/index.php?rest_route=\/wp\/v2\/posts\/145334\/revisions"}],"wp:attachment":[{"href":"https:\/\/www.fatosefotosnews.com.br\/index.php?rest_route=%2Fwp%2Fv2%2Fmedia&parent=145334"}],"wp:term":[{"taxonomy":"category","embeddable":true,"href":"https:\/\/www.fatosefotosnews.com.br\/index.php?rest_route=%2Fwp%2Fv2%2Fcategories&post=145334"},{"taxonomy":"post_tag","embeddable":true,"href":"https:\/\/www.fatosefotosnews.com.br\/index.php?rest_route=%2Fwp%2Fv2%2Ftags&post=145334"}],"curies":[{"name":"wp","href":"https:\/\/api.w.org\/{rel}","templated":true}]}}