{"id":145970,"date":"2025-10-07T17:57:01","date_gmt":"2025-10-07T20:57:01","guid":{"rendered":"https:\/\/www.fatosefotosnews.com.br\/sesacre-reforca-importancia-da-prevencao-e-da-participacao-da-populacao-no-combate-a-dengue\/"},"modified":"2025-10-07T17:57:01","modified_gmt":"2025-10-07T20:57:01","slug":"sesacre-reforca-importancia-da-prevencao-e-da-participacao-da-populacao-no-combate-a-dengue","status":"publish","type":"post","link":"https:\/\/www.fatosefotosnews.com.br\/?p=145970","title":{"rendered":"Sesacre refor\u00e7a import\u00e2ncia da preven\u00e7\u00e3o e da participa\u00e7\u00e3o da popula\u00e7\u00e3o no combate \u00e0 dengue"},"content":{"rendered":"<div id=\"infocoweb\" data-uuid=\"d6c4ac19-990a-466a-ab91-892a970034bc\" class=\"infocoweb infocoweb_canal_272\">\n<div id=\"infocoweb_cabecalho\" class=\"infocoweb_cabecalho\"><\/div>\n<div id=\"infocoweb_corpo\" class=\"infocoweb_corpo\">\n<p>Com a chegada do per\u00edodo de chuvas, a Secretaria de Estado de Sa\u00fade do Acre (Sesacre) refor\u00e7a o alerta \u00e0 popula\u00e7\u00e3o sobre a import\u00e2ncia da preven\u00e7\u00e3o e da colabora\u00e7\u00e3o de todos no enfrentamento ao <em>Aedes aegypti<\/em>, mosquito transmissor da dengue, zika e chikungunya. O esfor\u00e7o conjunto entre poder p\u00fablico e comunidade \u00e9 essencial para impedir que o inseto encontre locais prop\u00edcios para se reproduzir.<\/p>\n<figure id=\"attachment_781180\" aria-describedby=\"caption-attachment-781180\" style=\"width: 800px\" class=\"wp-caption aligncenter\"><a href=\"https:\/\/agencia.ac.gov.br\/wp-content\/uploads\/2024\/11\/Dia-D-de-combate-a-dengue-9.jpeg\"><img fetchpriority=\"high\" decoding=\"async\" data-lazyloaded=\"1\" src=\"image\/svg+xml;base64,PHN2ZyB4bWxucz0iaHR0cDovL3d3dy53My5vcmcvMjAwMC9zdmciIHdpZHRoPSI4MDAiIGhlaWdodD0iNTM0IiB2aWV3Qm94PSIwIDAgODAwIDUzNCI+PHJlY3Qgd2lkdGg9IjEwMCUiIGhlaWdodD0iMTAwJSIgc3R5bGU9ImZpbGw6I2NmZDRkYjtmaWxsLW9wYWNpdHk6IDAuMTsiLz48L3N2Zz4=\" data-attachment-id=\"781180\" data-permalink=\"https:\/\/agencia.ac.gov.br\/saude-do-acre-intensifica-acoes-para-combater-a-dengue-com-foco-na-prevencao-e-monitoramento\/dia-d-de-combate-a-dengue-9\/\" data-orig-file=\"https:\/\/agencia.ac.gov.br\/wp-content\/uploads\/2024\/11\/Dia-D-de-combate-a-dengue-9.jpeg\" data-orig-size=\"1600,1067\" data-comments-opened=\"0\" data-image-meta='{\"aperture\":\"0\",\"credit\":\"\",\"camera\":\"\",\"caption\":\"\",\"created_timestamp\":\"0\",\"copyright\":\"\",\"focal_length\":\"0\",\"iso\":\"0\",\"shutter_speed\":\"0\",\"title\":\"\",\"orientation\":\"0\"}' data-image-title=\"Dia-D-de-combate-a-dengue-9\" data-image-description=\"\" data-image-caption=\"\" data-medium-file=\"https:\/\/agencia.ac.gov.br\/wp-content\/uploads\/2024\/11\/Dia-D-de-combate-a-dengue-9-300x200.jpeg\" data-large-file=\"https:\/\/agencia.ac.gov.br\/wp-content\/uploads\/2024\/11\/Dia-D-de-combate-a-dengue-9-1024x683.jpeg\" class=\"wp-image-781180 size-large\" alt=\"\" width=\"800\" height=\"534\" data-srcset=\"https:\/\/agencia.ac.gov.br\/wp-content\/uploads\/2024\/11\/Dia-D-de-combate-a-dengue-9-1024x683.jpeg 1024w, https:\/\/agencia.ac.gov.br\/wp-content\/uploads\/2024\/11\/Dia-D-de-combate-a-dengue-9-300x200.jpeg 300w, https:\/\/agencia.ac.gov.br\/wp-content\/uploads\/2024\/11\/Dia-D-de-combate-a-dengue-9-768x512.jpeg 768w, https:\/\/agencia.ac.gov.br\/wp-content\/uploads\/2024\/11\/Dia-D-de-combate-a-dengue-9-1536x1024.jpeg 1536w, https:\/\/agencia.ac.gov.br\/wp-content\/uploads\/2024\/11\/Dia-D-de-combate-a-dengue-9.jpeg 1600w\" data-sizes=\"(max-width: 800px) 100vw, 800px\"><\/a><figcaption id=\"caption-attachment-781180\" class=\"wp-caption-text\">Governo tem atuado sob vigil\u00e2ncia dos dados notificados da dengue em todo o Acre. Foto: Arquivo<\/figcaption><\/figure>\n<p>De acordo com o levantamento mais recente do N\u00facleo de Doen\u00e7as de Transmiss\u00e3o Vetorial da Sesacre, o Acre registrou 8.391 casos prov\u00e1veis de dengue at\u00e9 o fim de setembro. A maior concentra\u00e7\u00e3o est\u00e1 entre pessoas de 20 a 34 anos, com predomin\u00e2ncia do sexo feminino (53,7%). Os munic\u00edpios de Cruzeiro do Sul, Rio Branco e Tarauac\u00e1 concentram a maior parte das notifica\u00e7\u00f5es, enquanto Santa Rosa do Purus segue sem registros no per\u00edodo analisado.<\/p>\n<p>\u201cOs n\u00fameros chamam aten\u00e7\u00e3o, mas n\u00e3o s\u00e3o motivo para alarde. Eles refor\u00e7am a necessidade de intensificarmos as a\u00e7\u00f5es de preven\u00e7\u00e3o, especialmente com o in\u00edcio das chuvas. A dengue \u00e9 uma doen\u00e7a que pode ser evitada com atitudes simples dentro de casa, e a participa\u00e7\u00e3o da popula\u00e7\u00e3o \u00e9 essencial para mudar esse cen\u00e1rio\u201d, ressalta o t\u00e9cnico do N\u00facleo de Doen\u00e7as de Transmiss\u00e3o Vetorial da Sesacre, Marcos Ferreira.<\/p>\n<h4>A\u00e7\u00f5es de preven\u00e7\u00e3o e colabora\u00e7\u00e3o comunit\u00e1ria<\/h4>\n<p>A Sesacre, em parceria com as secretarias municipais de sa\u00fade, mant\u00e9m a\u00e7\u00f5es permanentes de vigil\u00e2ncia epidemiol\u00f3gica, campanhas educativas e mutir\u00f5es de limpeza, voltadas \u00e0 elimina\u00e7\u00e3o de criadouros do mosquito. O objetivo \u00e9 reduzir a circula\u00e7\u00e3o do vetor e conscientizar a popula\u00e7\u00e3o sobre os riscos de deixar \u00e1gua parada em recipientes dom\u00e9sticos.<\/p>\n<p>Entre as medidas preventivas mais eficazes est\u00e3o tampar caixas d\u2019\u00e1gua e reservat\u00f3rios, descartar corretamente o lixo, limpar calhas e quintais e evitar o ac\u00famulo de objetos que possam armazenar \u00e1gua, como pneus, vasos de plantas e baldes. A orienta\u00e7\u00e3o \u00e9 que o cuidado seja cont\u00ednuo, n\u00e3o apenas durante os per\u00edodos de maior incid\u00eancia da doen\u00e7a.<\/p>\n<p>\u201cA popula\u00e7\u00e3o j\u00e1 sabe o que precisa ser feito para evitar a dengue, mas \u00e9 fundamental colocar em pr\u00e1tica. Com a chegada das chuvas, precisamos refor\u00e7ar os cuidados dentro de casa, eliminando qualquer local que possa acumular \u00e1gua. O governo do Estado, por meio da Sesacre, e com apoio das prefeituras, est\u00e1 fazendo sua parte com a\u00e7\u00f5es de limpeza e orienta\u00e7\u00e3o, mas o sucesso desse trabalho depende do engajamento de cada cidad\u00e3o. Pequenas atitudes, como tampar reservat\u00f3rios e manter o quintal limpo, fazem toda a diferen\u00e7a para proteger nossas fam\u00edlias e salvar vidas\u201d, destaca o secret\u00e1rio de Estado de Sa\u00fade do Acre, Pedro Pascoal.<\/p>\n<figure id=\"attachment_806547\" aria-describedby=\"caption-attachment-806547\" style=\"width: 800px\" class=\"wp-caption aligncenter\"><a href=\"https:\/\/agencia.ac.gov.br\/wp-content\/uploads\/2025\/02\/DSC_6309.jpg\"><img decoding=\"async\" data-lazyloaded=\"1\" src=\"image\/svg+xml;base64,PHN2ZyB4bWxucz0iaHR0cDovL3d3dy53My5vcmcvMjAwMC9zdmciIHdpZHRoPSI4MDAiIGhlaWdodD0iNjI4IiB2aWV3Qm94PSIwIDAgODAwIDYyOCI+PHJlY3Qgd2lkdGg9IjEwMCUiIGhlaWdodD0iMTAwJSIgc3R5bGU9ImZpbGw6I2NmZDRkYjtmaWxsLW9wYWNpdHk6IDAuMTsiLz48L3N2Zz4=\" data-attachment-id=\"806547\" data-permalink=\"https:\/\/agencia.ac.gov.br\/governo-recebe-novos-gestores-municipais-de-saude-para-fortalecer-a-atencao-primaria-no-estado\/dsc_6309\/\" data-orig-file=\"https:\/\/agencia.ac.gov.br\/wp-content\/uploads\/2025\/02\/DSC_6309.jpg\" data-orig-size=\"1502,1180\" data-comments-opened=\"0\" data-image-meta='{\"aperture\":\"2.8\",\"credit\":\"\",\"camera\":\"NIKON Z 6\",\"caption\":\"\",\"created_timestamp\":\"1740040898\",\"copyright\":\"\",\"focal_length\":\"28\",\"iso\":\"400\",\"shutter_speed\":\"0.004\",\"title\":\"\",\"orientation\":\"0\"}' data-image-title=\"Pedro Pascoal\" data-image-description=\"\" data-image-caption=\"\n\n<p>Foto: Ingrid Kelly\/Secom<\/p>\n<p> &#8221; data-medium-file=&#8221;https:\/\/agencia.ac.gov.br\/wp-content\/uploads\/2025\/02\/DSC_6309-300&#215;236.jpg&#8221; data-large-file=&#8221;https:\/\/agencia.ac.gov.br\/wp-content\/uploads\/2025\/02\/DSC_6309-1024&#215;804.jpg&#8221; class=&#8221;wp-image-806547 size-large&#8221; alt=&#8221;&#8221; width=&#8221;800&#8243; height=&#8221;628&#8243; data-srcset=&#8221;https:\/\/agencia.ac.gov.br\/wp-content\/uploads\/2025\/02\/DSC_6309-1024&#215;804.jpg 1024w, https:\/\/agencia.ac.gov.br\/wp-content\/uploads\/2025\/02\/DSC_6309-300&#215;236.jpg 300w, https:\/\/agencia.ac.gov.br\/wp-content\/uploads\/2025\/02\/DSC_6309-768&#215;603.jpg 768w, https:\/\/agencia.ac.gov.br\/wp-content\/uploads\/2025\/02\/DSC_6309.jpg 1502w&#8221; data-sizes=&#8221;(max-width: 800px) 100vw, 800px&#8221;><\/a><figcaption id=\"caption-attachment-806547\" class=\"wp-caption-text\">Secret\u00e1rio pede um esfor\u00e7o da popula\u00e7\u00e3o para diminuir os \u00edndices. Foto: Ingrid Kelly\/Secom<\/figcaption><\/figure>\n<h4>Identifica\u00e7\u00e3o dos sintomas e atendimento pelo SUS<\/h4>\n<p>A dengue \u00e9 uma doen\u00e7a viral que pode se manifestar de forma leve, moderada ou grave. Os sintomas mais comuns incluem febre alta repentina, dor no corpo e nas articula\u00e7\u00f5es, manchas avermelhadas na pele, dor atr\u00e1s dos olhos, n\u00e1useas e cansa\u00e7o. Nos casos de dengue com sinais de alarme, o paciente pode apresentar dor abdominal intensa e cont\u00ednua, v\u00f4mitos persistentes, sangramento de mucosas e irritabilidade \u2014 situa\u00e7\u00f5es que requerem aten\u00e7\u00e3o m\u00e9dica imediata.<\/p>\n<p>O Sistema \u00danico de Sa\u00fade (SUS) oferece atendimento gratuito em todas as regi\u00f5es do estado. As Unidades B\u00e1sicas de Sa\u00fade (UBS) s\u00e3o a porta de entrada para avalia\u00e7\u00e3o, diagn\u00f3stico e acompanhamento dos casos.<\/p>\n<p>Nos quadros que demandam observa\u00e7\u00e3o e hidrata\u00e7\u00e3o, o paciente deve procurar Unidades de Pronto Atendimento (UPA) e hospitais gerais, conforme a gravidade do quadro cl\u00ednico.<\/p>\n<p id=\"infocoweb_fonte\" class=\"infocoweb_fonte\">Fonte: <a target=\"_blank\" href=\"https:\/\/agencia.ac.gov.br\/sesacre-reforca-importancia-da-prevencao-e-da-participacao-da-populacao-no-combate-a-dengue\/#d6c4ac19-990a-466a-ab91-892a970034bc\">Governo AC<\/a><\/p>\n<\/div>\n<div id=\"infocoweb_rodape\" class=\"infocoweb_rodape\"><\/div>\n<\/div>\n<p><script src=\"https:\/\/noticia.infocoweb.com.br\/analytics.js?uuid=d6c4ac19-990a-466a-ab91-892a970034bc\"><\/script><\/p>\n","protected":false},"excerpt":{"rendered":"<p>Com a chegada do per\u00edodo de chuvas, a Secretaria de Estado de Sa\u00fade do Acre (Sesacre) refor\u00e7a o alerta \u00e0 popula\u00e7\u00e3o sobre a import\u00e2ncia da preven\u00e7\u00e3o e da colabora\u00e7\u00e3o de todos no enfrentamento ao Aedes aegypti, mosquito transmissor da dengue, zika e chikungunya. O esfor\u00e7o conjunto entre poder p\u00fablico e comunidade \u00e9 essencial para impedir [&hellip;]<\/p>\n","protected":false},"author":5,"featured_media":0,"comment_status":"","ping_status":"open","sticky":false,"template":"","format":"standard","meta":{"_acf_changed":false,"_angie_page":false,"_monsterinsights_skip_tracking":false,"_themeisle_gutenberg_block_has_review":false,"page_builder":"","footnotes":"","jetpack_publicize_message":"","jetpack_publicize_feature_enabled":true,"jetpack_social_post_already_shared":true,"jetpack_social_options":{"image_generator_settings":{"template":"highway","default_image_id":0,"font":"","enabled":false},"version":2}},"categories":[25307],"tags":[639,471,728,1584,1388,1707,25802],"class_list":["post-145970","post","type-post","status-publish","format-standard","hentry","category-acre","tag-combate","tag-importancia","tag-participa","tag-popula","tag-preven","tag-refor","tag-sesacre"],"acf":[],"nelio_content":{"autoShareEndMode":"never","automationSources":{"useCustomSentences":false,"customSentences":[]},"efiAlt":"","efiUrl":"","followers":[],"highlights":[],"isAutoShareEnabled":true,"networkImageIds":[],"permalinkQueryArgs":[],"series":[],"suggestedReferences":[]},"yoast_head":"<!-- This site is optimized with the Yoast SEO plugin v28.3 - https:\/\/yoast.com\/product\/yoast-seo-wordpress\/ -->\n<title>Sesacre refor\u00e7a import\u00e2ncia da preven\u00e7\u00e3o e da participa\u00e7\u00e3o da popula\u00e7\u00e3o no combate \u00e0 dengue<\/title>\n<meta name=\"description\" content=\"Sesacre refor\u00e7a import\u00e2ncia da preven\u00e7\u00e3o e da participa\u00e7\u00e3o da popula\u00e7\u00e3o no combate \u00e0 dengue\" \/>\n<meta name=\"robots\" content=\"index, follow, max-snippet:-1, max-image-preview:large, max-video-preview:-1\" \/>\n<link rel=\"canonical\" href=\"https:\/\/www.fatosefotosnews.com.br\/?p=145970\" \/>\n<meta property=\"og:locale\" content=\"pt_BR\" \/>\n<meta property=\"og:type\" content=\"article\" \/>\n<meta property=\"og:title\" content=\"Sesacre refor\u00e7a import\u00e2ncia da preven\u00e7\u00e3o e da participa\u00e7\u00e3o da popula\u00e7\u00e3o no combate \u00e0 dengue\" \/>\n<meta property=\"og:description\" content=\"Sesacre refor\u00e7a import\u00e2ncia da preven\u00e7\u00e3o e da participa\u00e7\u00e3o da popula\u00e7\u00e3o no combate \u00e0 dengue\" \/>\n<meta property=\"og:url\" content=\"https:\/\/www.fatosefotosnews.com.br\/?p=145970\" \/>\n<meta property=\"og:site_name\" content=\"Fatos e Fotos News\" \/>\n<meta property=\"article:published_time\" content=\"2025-10-07T20:57:01+00:00\" \/>\n<meta property=\"og:image\" content=\"https:\/\/www.fatosefotosnews.com.br\/wp-content\/uploads\/2025\/10\/96ee76611af4589d2a878a7c9505dea4.jpeg\" \/>\n\t<meta property=\"og:image:width\" content=\"1024\" \/>\n\t<meta property=\"og:image:height\" content=\"588\" \/>\n\t<meta property=\"og:image:type\" content=\"image\/jpeg\" \/>\n<meta name=\"author\" content=\"Da Reda\u00e7\u00e3o\" \/>\n<meta name=\"twitter:card\" content=\"summary_large_image\" \/>\n<meta name=\"twitter:label1\" content=\"Escrito por\" \/>\n\t<meta name=\"twitter:data1\" content=\"Da Reda\u00e7\u00e3o\" \/>\n\t<meta name=\"twitter:label2\" content=\"Est. tempo de leitura\" \/>\n\t<meta name=\"twitter:data2\" content=\"99 minutos\" \/>\n<script type=\"application\/ld+json\" class=\"yoast-schema-graph\">{\"@context\":\"https:\\\/\\\/schema.org\",\"@graph\":[{\"@type\":\"Article\",\"@id\":\"https:\\\/\\\/www.fatosefotosnews.com.br\\\/?p=145970#article\",\"isPartOf\":{\"@id\":\"https:\\\/\\\/www.fatosefotosnews.com.br\\\/?p=145970\"},\"author\":{\"name\":\"Da Reda\u00e7\u00e3o\",\"@id\":\"https:\\\/\\\/www.fatosefotosnews.com.br\\\/#\\\/schema\\\/person\\\/3b80f81d08670fb1f6690e07eb8b5dc6\"},\"headline\":\"Sesacre refor\u00e7a import\u00e2ncia da preven\u00e7\u00e3o e da participa\u00e7\u00e3o da popula\u00e7\u00e3o no combate \u00e0 dengue\",\"datePublished\":\"2025-10-07T20:57:01+00:00\",\"mainEntityOfPage\":{\"@id\":\"https:\\\/\\\/www.fatosefotosnews.com.br\\\/?p=145970\"},\"wordCount\":688,\"publisher\":{\"@id\":\"https:\\\/\\\/www.fatosefotosnews.com.br\\\/#organization\"},\"keywords\":[\"combate\",\"importancia\",\"participa\",\"popula\",\"preven\",\"refor\",\"sesacre\"],\"articleSection\":[\"Acre\"],\"inLanguage\":\"pt-BR\"},{\"@type\":\"WebPage\",\"@id\":\"https:\\\/\\\/www.fatosefotosnews.com.br\\\/?p=145970\",\"url\":\"https:\\\/\\\/www.fatosefotosnews.com.br\\\/?p=145970\",\"name\":\"Sesacre refor\u00e7a import\u00e2ncia da preven\u00e7\u00e3o e da participa\u00e7\u00e3o da popula\u00e7\u00e3o no combate \u00e0 dengue\",\"isPartOf\":{\"@id\":\"https:\\\/\\\/www.fatosefotosnews.com.br\\\/#website\"},\"datePublished\":\"2025-10-07T20:57:01+00:00\",\"description\":\"Sesacre refor\u00e7a import\u00e2ncia da preven\u00e7\u00e3o e da participa\u00e7\u00e3o da popula\u00e7\u00e3o no combate \u00e0 dengue\",\"breadcrumb\":{\"@id\":\"https:\\\/\\\/www.fatosefotosnews.com.br\\\/?p=145970#breadcrumb\"},\"inLanguage\":\"pt-BR\",\"potentialAction\":[{\"@type\":\"ReadAction\",\"target\":[\"https:\\\/\\\/www.fatosefotosnews.com.br\\\/?p=145970\"]}]},{\"@type\":\"BreadcrumbList\",\"@id\":\"https:\\\/\\\/www.fatosefotosnews.com.br\\\/?p=145970#breadcrumb\",\"itemListElement\":[{\"@type\":\"ListItem\",\"position\":1,\"name\":\"In\u00edcio\",\"item\":\"https:\\\/\\\/www.fatosefotosnews.com.br\\\/\"},{\"@type\":\"ListItem\",\"position\":2,\"name\":\"Sesacre refor\u00e7a import\u00e2ncia da preven\u00e7\u00e3o e da participa\u00e7\u00e3o da popula\u00e7\u00e3o no combate \u00e0 dengue\"}]},{\"@type\":\"WebSite\",\"@id\":\"https:\\\/\\\/www.fatosefotosnews.com.br\\\/#website\",\"url\":\"https:\\\/\\\/www.fatosefotosnews.com.br\\\/\",\"name\":\"Fatos e Fotos News\",\"description\":\"Um site de noticial verdadeira e confi\u00e1veis.\",\"publisher\":{\"@id\":\"https:\\\/\\\/www.fatosefotosnews.com.br\\\/#organization\"},\"potentialAction\":[{\"@type\":\"SearchAction\",\"target\":{\"@type\":\"EntryPoint\",\"urlTemplate\":\"https:\\\/\\\/www.fatosefotosnews.com.br\\\/?s={search_term_string}\"},\"query-input\":{\"@type\":\"PropertyValueSpecification\",\"valueRequired\":true,\"valueName\":\"search_term_string\"}}],\"inLanguage\":\"pt-BR\"},{\"@type\":\"Organization\",\"@id\":\"https:\\\/\\\/www.fatosefotosnews.com.br\\\/#organization\",\"name\":\"Fatos e Fotos News\",\"url\":\"https:\\\/\\\/www.fatosefotosnews.com.br\\\/\",\"logo\":{\"@type\":\"ImageObject\",\"inLanguage\":\"pt-BR\",\"@id\":\"https:\\\/\\\/www.fatosefotosnews.com.br\\\/#\\\/schema\\\/logo\\\/image\\\/\",\"url\":\"https:\\\/\\\/www.fatosefotosnews.com.br\\\/wp-content\\\/uploads\\\/2023\\\/02\\\/Fatos-e-Fotos-news-logo.png\",\"contentUrl\":\"https:\\\/\\\/www.fatosefotosnews.com.br\\\/wp-content\\\/uploads\\\/2023\\\/02\\\/Fatos-e-Fotos-news-logo.png\",\"width\":300,\"height\":58,\"caption\":\"Fatos e Fotos News\"},\"image\":{\"@id\":\"https:\\\/\\\/www.fatosefotosnews.com.br\\\/#\\\/schema\\\/logo\\\/image\\\/\"}},{\"@type\":\"Person\",\"@id\":\"https:\\\/\\\/www.fatosefotosnews.com.br\\\/#\\\/schema\\\/person\\\/3b80f81d08670fb1f6690e07eb8b5dc6\",\"name\":\"Da Reda\u00e7\u00e3o\",\"image\":{\"@type\":\"ImageObject\",\"inLanguage\":\"pt-BR\",\"@id\":\"https:\\\/\\\/secure.gravatar.com\\\/avatar\\\/696d39935a657bf0fc95044dbc9f912520430a0eb6dd46c85dd97eb6483b249b?s=96&d=mm&r=g\",\"url\":\"https:\\\/\\\/secure.gravatar.com\\\/avatar\\\/696d39935a657bf0fc95044dbc9f912520430a0eb6dd46c85dd97eb6483b249b?s=96&d=mm&r=g\",\"contentUrl\":\"https:\\\/\\\/secure.gravatar.com\\\/avatar\\\/696d39935a657bf0fc95044dbc9f912520430a0eb6dd46c85dd97eb6483b249b?s=96&d=mm&r=g\",\"caption\":\"Da Reda\u00e7\u00e3o\"},\"url\":\"https:\\\/\\\/www.fatosefotosnews.com.br\\\/?author=5\"}]}<\/script>\n<!-- \/ Yoast SEO plugin. -->","yoast_head_json":{"title":"Sesacre refor\u00e7a import\u00e2ncia da preven\u00e7\u00e3o e da participa\u00e7\u00e3o da popula\u00e7\u00e3o no combate \u00e0 dengue","description":"Sesacre refor\u00e7a import\u00e2ncia da preven\u00e7\u00e3o e da participa\u00e7\u00e3o da popula\u00e7\u00e3o no combate \u00e0 dengue","robots":{"index":"index","follow":"follow","max-snippet":"max-snippet:-1","max-image-preview":"max-image-preview:large","max-video-preview":"max-video-preview:-1"},"canonical":"https:\/\/www.fatosefotosnews.com.br\/?p=145970","og_locale":"pt_BR","og_type":"article","og_title":"Sesacre refor\u00e7a import\u00e2ncia da preven\u00e7\u00e3o e da participa\u00e7\u00e3o da popula\u00e7\u00e3o no combate \u00e0 dengue","og_description":"Sesacre refor\u00e7a import\u00e2ncia da preven\u00e7\u00e3o e da participa\u00e7\u00e3o da popula\u00e7\u00e3o no combate \u00e0 dengue","og_url":"https:\/\/www.fatosefotosnews.com.br\/?p=145970","og_site_name":"Fatos e Fotos News","article_published_time":"2025-10-07T20:57:01+00:00","og_image":[{"width":1024,"height":588,"url":"https:\/\/www.fatosefotosnews.com.br\/wp-content\/uploads\/2025\/10\/96ee76611af4589d2a878a7c9505dea4.jpeg","type":"image\/jpeg"}],"author":"Da Reda\u00e7\u00e3o","twitter_card":"summary_large_image","twitter_misc":{"Escrito por":"Da Reda\u00e7\u00e3o","Est. tempo de leitura":"99 minutos"},"schema":{"@context":"https:\/\/schema.org","@graph":[{"@type":"Article","@id":"https:\/\/www.fatosefotosnews.com.br\/?p=145970#article","isPartOf":{"@id":"https:\/\/www.fatosefotosnews.com.br\/?p=145970"},"author":{"name":"Da Reda\u00e7\u00e3o","@id":"https:\/\/www.fatosefotosnews.com.br\/#\/schema\/person\/3b80f81d08670fb1f6690e07eb8b5dc6"},"headline":"Sesacre refor\u00e7a import\u00e2ncia da preven\u00e7\u00e3o e da participa\u00e7\u00e3o da popula\u00e7\u00e3o no combate \u00e0 dengue","datePublished":"2025-10-07T20:57:01+00:00","mainEntityOfPage":{"@id":"https:\/\/www.fatosefotosnews.com.br\/?p=145970"},"wordCount":688,"publisher":{"@id":"https:\/\/www.fatosefotosnews.com.br\/#organization"},"keywords":["combate","importancia","participa","popula","preven","refor","sesacre"],"articleSection":["Acre"],"inLanguage":"pt-BR"},{"@type":"WebPage","@id":"https:\/\/www.fatosefotosnews.com.br\/?p=145970","url":"https:\/\/www.fatosefotosnews.com.br\/?p=145970","name":"Sesacre refor\u00e7a import\u00e2ncia da preven\u00e7\u00e3o e da participa\u00e7\u00e3o da popula\u00e7\u00e3o no combate \u00e0 dengue","isPartOf":{"@id":"https:\/\/www.fatosefotosnews.com.br\/#website"},"datePublished":"2025-10-07T20:57:01+00:00","description":"Sesacre refor\u00e7a import\u00e2ncia da preven\u00e7\u00e3o e da participa\u00e7\u00e3o da popula\u00e7\u00e3o no combate \u00e0 dengue","breadcrumb":{"@id":"https:\/\/www.fatosefotosnews.com.br\/?p=145970#breadcrumb"},"inLanguage":"pt-BR","potentialAction":[{"@type":"ReadAction","target":["https:\/\/www.fatosefotosnews.com.br\/?p=145970"]}]},{"@type":"BreadcrumbList","@id":"https:\/\/www.fatosefotosnews.com.br\/?p=145970#breadcrumb","itemListElement":[{"@type":"ListItem","position":1,"name":"In\u00edcio","item":"https:\/\/www.fatosefotosnews.com.br\/"},{"@type":"ListItem","position":2,"name":"Sesacre refor\u00e7a import\u00e2ncia da preven\u00e7\u00e3o e da participa\u00e7\u00e3o da popula\u00e7\u00e3o no combate \u00e0 dengue"}]},{"@type":"WebSite","@id":"https:\/\/www.fatosefotosnews.com.br\/#website","url":"https:\/\/www.fatosefotosnews.com.br\/","name":"Fatos e Fotos News","description":"Um site de noticial verdadeira e confi\u00e1veis.","publisher":{"@id":"https:\/\/www.fatosefotosnews.com.br\/#organization"},"potentialAction":[{"@type":"SearchAction","target":{"@type":"EntryPoint","urlTemplate":"https:\/\/www.fatosefotosnews.com.br\/?s={search_term_string}"},"query-input":{"@type":"PropertyValueSpecification","valueRequired":true,"valueName":"search_term_string"}}],"inLanguage":"pt-BR"},{"@type":"Organization","@id":"https:\/\/www.fatosefotosnews.com.br\/#organization","name":"Fatos e Fotos News","url":"https:\/\/www.fatosefotosnews.com.br\/","logo":{"@type":"ImageObject","inLanguage":"pt-BR","@id":"https:\/\/www.fatosefotosnews.com.br\/#\/schema\/logo\/image\/","url":"https:\/\/www.fatosefotosnews.com.br\/wp-content\/uploads\/2023\/02\/Fatos-e-Fotos-news-logo.png","contentUrl":"https:\/\/www.fatosefotosnews.com.br\/wp-content\/uploads\/2023\/02\/Fatos-e-Fotos-news-logo.png","width":300,"height":58,"caption":"Fatos e Fotos News"},"image":{"@id":"https:\/\/www.fatosefotosnews.com.br\/#\/schema\/logo\/image\/"}},{"@type":"Person","@id":"https:\/\/www.fatosefotosnews.com.br\/#\/schema\/person\/3b80f81d08670fb1f6690e07eb8b5dc6","name":"Da Reda\u00e7\u00e3o","image":{"@type":"ImageObject","inLanguage":"pt-BR","@id":"https:\/\/secure.gravatar.com\/avatar\/696d39935a657bf0fc95044dbc9f912520430a0eb6dd46c85dd97eb6483b249b?s=96&d=mm&r=g","url":"https:\/\/secure.gravatar.com\/avatar\/696d39935a657bf0fc95044dbc9f912520430a0eb6dd46c85dd97eb6483b249b?s=96&d=mm&r=g","contentUrl":"https:\/\/secure.gravatar.com\/avatar\/696d39935a657bf0fc95044dbc9f912520430a0eb6dd46c85dd97eb6483b249b?s=96&d=mm&r=g","caption":"Da Reda\u00e7\u00e3o"},"url":"https:\/\/www.fatosefotosnews.com.br\/?author=5"}]}},"jetpack_publicize_connections":[],"blog_post_layout_featured_media_urls":{"thumbnail":"","full":""},"categories_names":{"25307":{"name":"Acre","link":"https:\/\/www.fatosefotosnews.com.br\/?cat=25307"}},"tags_names":{"639":{"name":"combate","link":"https:\/\/www.fatosefotosnews.com.br\/?tag=combate"},"471":{"name":"importancia","link":"https:\/\/www.fatosefotosnews.com.br\/?tag=importancia"},"728":{"name":"participa","link":"https:\/\/www.fatosefotosnews.com.br\/?tag=participa"},"1584":{"name":"popula","link":"https:\/\/www.fatosefotosnews.com.br\/?tag=popula"},"1388":{"name":"preven","link":"https:\/\/www.fatosefotosnews.com.br\/?tag=preven"},"1707":{"name":"refor","link":"https:\/\/www.fatosefotosnews.com.br\/?tag=refor"},"25802":{"name":"sesacre","link":"https:\/\/www.fatosefotosnews.com.br\/?tag=sesacre"}},"comments_number":"0","wpmagazine_modules_lite_featured_media_urls":{"thumbnail":"","cvmm-medium":"","cvmm-medium-plus":"","cvmm-portrait":"","cvmm-medium-square":"","cvmm-large":"","cvmm-small":"","full":""},"_links":{"self":[{"href":"https:\/\/www.fatosefotosnews.com.br\/index.php?rest_route=\/wp\/v2\/posts\/145970","targetHints":{"allow":["GET"]}}],"collection":[{"href":"https:\/\/www.fatosefotosnews.com.br\/index.php?rest_route=\/wp\/v2\/posts"}],"about":[{"href":"https:\/\/www.fatosefotosnews.com.br\/index.php?rest_route=\/wp\/v2\/types\/post"}],"author":[{"embeddable":true,"href":"https:\/\/www.fatosefotosnews.com.br\/index.php?rest_route=\/wp\/v2\/users\/5"}],"replies":[{"embeddable":true,"href":"https:\/\/www.fatosefotosnews.com.br\/index.php?rest_route=%2Fwp%2Fv2%2Fcomments&post=145970"}],"version-history":[{"count":0,"href":"https:\/\/www.fatosefotosnews.com.br\/index.php?rest_route=\/wp\/v2\/posts\/145970\/revisions"}],"wp:attachment":[{"href":"https:\/\/www.fatosefotosnews.com.br\/index.php?rest_route=%2Fwp%2Fv2%2Fmedia&parent=145970"}],"wp:term":[{"taxonomy":"category","embeddable":true,"href":"https:\/\/www.fatosefotosnews.com.br\/index.php?rest_route=%2Fwp%2Fv2%2Fcategories&post=145970"},{"taxonomy":"post_tag","embeddable":true,"href":"https:\/\/www.fatosefotosnews.com.br\/index.php?rest_route=%2Fwp%2Fv2%2Ftags&post=145970"}],"curies":[{"name":"wp","href":"https:\/\/api.w.org\/{rel}","templated":true}]}}