{"id":147411,"date":"2025-11-03T13:46:39","date_gmt":"2025-11-03T16:46:39","guid":{"rendered":"https:\/\/www.fatosefotosnews.com.br\/?p=147411"},"modified":"2025-11-03T13:46:39","modified_gmt":"2025-11-03T16:46:39","slug":"fronteira-cerrado-ativistas-pedem-mesma-prioridade-dada-a-amazonia","status":"publish","type":"post","link":"https:\/\/www.fatosefotosnews.com.br\/?p=147411","title":{"rendered":"Fronteira Cerrado: ativistas pedem mesma prioridade dada \u00e0 Amaz\u00f4nia"},"content":{"rendered":"<div class=\"header-noticia full-width\">\n<h3 class=\"linha-fina-noticia\">Bioma tem papel central para seguran\u00e7a h\u00eddrica e crise clim\u00e1tica<\/h3>\n<\/div>\n<div class=\"subheader\">\n<div class=\"container-autoria\">\n<div class=\"local\"><\/div>\n<\/div>\n<nav class=\"compartilhamento rowflex\"><\/nav>\n<\/div>\n<div class=\"capa-materia rel-position\">\n<figure>Foto: Fernando Fraz\u00e3o<\/figure>\n<\/div>\n<div class=\"conteudo-noticia\">\n<p>Enquanto o mundo se prepara para a<strong>\u00a030\u00aa Confer\u00eancia da ONU para Mudan\u00e7as Clim\u00e1ticas (COP30)<\/strong>\u00a0em Bel\u00e9m (PA), ativistas, cientistas e ambientalistas clamam para que o\u00a0<strong>Cerrado seja igualado em import\u00e2ncia pol\u00edtica \u00e0 Floresta Amaz\u00f4nica<\/strong>, devido ao servi\u00e7o que o bioma presta \u00e0 sociedade.\u00a0<strong>Chamado de \u201cber\u00e7os das \u00e1guas\u201d, ele abriga as nascentes de oito das 12 bacias hidrogr\u00e1ficas do Brasil.\u00a0<\/strong><img decoding=\"async\" src=\"https:\/\/agenciabrasil.ebc.com.br\/ebc.png?id=1665891&amp;o=node\" \/><img decoding=\"async\" src=\"https:\/\/agenciabrasil.ebc.com.br\/ebc.gif?id=1665891&amp;o=node\" \/><\/p>\n<p>Uma s\u00e9rie de pesquisas t\u00eam sustentado que o bioma \u00e9 central para enfrentar as mudan\u00e7as do clima pelo seu potencial de armazenar \u00e1gua, insumo cada vez mais amea\u00e7ado frente \u00e0s secas prolongadas provocadas pelo aquecimento da Terra. Estima-se que 40% da \u00e1gua pot\u00e1vel do pa\u00eds venha do Cerrado.<\/p>\n<p>Ao derrubar as \u00e1rvores nativas do bioma, o\u00a0<strong>desmatamento &#8211; impulsionado pelo agroneg\u00f3cio &#8211; estaria contribuindo para aprofundar a redu\u00e7\u00e3o das vaz\u00f5es no Cerrado<\/strong>, bioma que ocupa 23,3% do territ\u00f3rio nacional.<\/p>\n<p><strong>Esse efeito \u00e9 causado especialmente porque essa vegeta\u00e7\u00e3o ajuda a abastecer os len\u00e7\u00f3is fre\u00e1ticos.<\/strong>\u00a0Tamb\u00e9m conhecido como \u201cfloresta invertida\u201d, o Cerrado possui esp\u00e9cies com ra\u00edzes de at\u00e9 15 metros de profundidade, que levam a \u00e1gua da chuva para os gigantescos aqu\u00edferos subterr\u00e2neos.<\/p>\n<blockquote><p>Para investigar o tema, a<strong>\u00a0Ag\u00eancia Brasil<\/strong>\u00a0<a href=\"https:\/\/agenciabrasil.ebc.com.br\/meio-ambiente\/noticia\/2025-10\/fronteira-cerrado-expansao-do-agro-no-coracao-hidrico-do-brasil\" target=\"_blank\" rel=\"noopener\">conheceu um dos epicentros da fronteira agr\u00edcola brasileira<\/a>, o munic\u00edpio de Balsas, no extremo sul do Maranh\u00e3o (MA), onde o crescimento econ\u00f4mico movido pelo agroneg\u00f3cio convive com altas taxas de desmatamento. A reportagem abriu a s\u00e9rie especial\u00a0<a href=\"https:\/\/agenciabrasil.ebc.com.br\/tags\/fronteira-cerrado\" target=\"_blank\" rel=\"noopener\">Fronteira Cerrado<\/a>.<\/p><\/blockquote>\n<p>A Ag\u00eancia Nacional de \u00c1guas (ANA)\u00a0<a href=\"https:\/\/www.gov.br\/ana\/pt-br\/assuntos\/noticias-e-eventos\/noticias\/ana-lanca-estudo-sobre-impactos-da-mudanca-climatica-nos-recursos-hidricos-das-diferentes-regioes-do-brasil%C2%A0\" target=\"_blank\" rel=\"noopener\">j\u00e1 reconhece<\/a>\u00a0que,\u00a0<strong>at\u00e9 2040, o Brasil pode perder at\u00e9 40% da \u00e1gua\u00a0<\/strong>em regi\u00f5es do Norte, Nordeste, Centro-Oeste e parte do Sudeste. Uma redu\u00e7\u00e3o substancial da vaz\u00e3o das \u00e1guas dos rios e nascentes pode trazer graves consequ\u00eancias, como infla\u00e7\u00e3o de alimentos e da energia el\u00e9trica, al\u00e9m de racionamentos de \u00e1gua e queda da produtividade agr\u00edcola.<\/p>\n<h2>Mais desmatamento, menos vaz\u00e3o nos rios<\/h2>\n<p>Uma das principais pesquisas sobre as \u00e1guas do Cerrado, publicada neste ano, analisou as seis principais bacias hidrogr\u00e1ficas do bioma a partir de dados da vaz\u00e3o de diversos rios, entre 1970 e 2021, fornecidos pela Ag\u00eancia Nacional de \u00c1guas (ANA), al\u00e9m de analisar dados do MapBiomas de \u00e1reas desmatadas entre 1985 e 2022.<\/p>\n<p>Por meio dessa an\u00e1lise, a Ambiental Media calculou que o\u00a0<strong>Cerrado perdeu 27% da vaz\u00e3o m\u00ednima na m\u00e9dia das seis principais bacias em compara\u00e7\u00e3o \u00e0 d\u00e9cada de 1970 &#8211;<\/strong>\u00a0o equivalente a 30 piscinas ol\u00edmpicas de \u00e1gua a cada minuto.<\/p>\n<div class=\"dnd-widget-wrapper context-sem_processamento type-image atom-align-center\">\n<div class=\"dnd-atom-rendered\"><img decoding=\"async\" title=\"Arte Ag\u00eancia Brasil\" src=\"https:\/\/agenciabrasil.ebc.com.br\/sites\/default\/files\/thumbnails\/image\/2025\/11\/01\/arte_1_copiar.jpg\" alt=\"Bras\u00edlia (DF), 01\/11\/2025 - Infogr\u00e1ficos - especial Fronteira Cerrado. Arte Ag\u00eancia Brasil\" \/><\/div>\n<\/div>\n<p>&nbsp;<\/p>\n<p>A vaz\u00e3o do Rio S\u00e3o Francisco caiu pela metade desde a d\u00e9cada de 1970. O mais importante rio do Nordeste, que abastece milh\u00f5es de brasileiros, tem 90% das suas nascentes vindas do Cerrado.<\/p>\n<p>O estudo\u00a0<a href=\"https:\/\/cerrado.ambiental.media\/pt\/dashboard\/\" target=\"_blank\" rel=\"noopener\">\u201cCerrado: o Elo Sagrado das \u00c1guas do Brasil\u201d\u00a0<\/a>atribui a queda da vaz\u00e3o a dois fatores principais: mudan\u00e7a no uso do solo via desmatamento, urbaniza\u00e7\u00e3o ou infraestruturas; e mudan\u00e7as clim\u00e1ticas. Enquanto o primeiro fator seria respons\u00e1vel por 56% da retra\u00e7\u00e3o do n\u00edvel de \u00e1gua, a mudan\u00e7a do clima seria respons\u00e1vel por 44% da vaz\u00e3o menor.<\/p>\n<p>As mudan\u00e7as clim\u00e1ticas afetam o n\u00edvel das \u00e1guas devido \u00e0 redu\u00e7\u00e3o do per\u00edodo da chuva e ao aumento da evapotranspira\u00e7\u00e3o dos rios, causado pelas temperaturas mais elevadas. J\u00e1 o desmatamento \u00e9 o principal fator para\u00a0a mudan\u00e7a do uso do solo, retirando a capacidade do Cerrado reter \u00e1gua e proteger nascentes.<\/p>\n<p>\u201cA expans\u00e3o da soja na bacia do S\u00e3o Francisco \u00e9 alarmante: em 37 anos, a \u00e1rea plantada cresceu 71 vezes. No oeste da Bahia, 2,6 milh\u00f5es de hectares foram convertidos em monoculturas [\u00e1rea do tamanho de Alagoas]\u201d, diz o estudo.<\/p>\n<div class=\"dnd-widget-wrapper context-medio_4colunas type-image atom-align-right\">\n<div class=\"dnd-atom-rendered\"><img decoding=\"async\" title=\"Valter Campanato\/Ag\u00eancia Brasil\" src=\"https:\/\/imagens.ebc.com.br\/h1LIxzv4E4Qq_1X9BG82v2MV10c=\/365x0\/smart\/https:\/\/agenciabrasil.ebc.com.br\/sites\/default\/files\/thumbnails\/image\/2025\/11\/03\/0d7a8747.jpg?itok=lAWWyu8M\" alt=\"Bras\u00edlia (DF), 03\/11\/2025 - Presidente do instituto cerrado, Yuri Salmona durante entrevista para projeto cerrado. Foto: Valter Campanato\/Ag\u00eancia Brasil\" \/><\/div>\n<div class=\"dnd-caption-wrapper\">\n<div class=\"meta\">Bras\u00edlia (DF), 03\/11\/2025 &#8211; Um dos autores do estudo do Ambiental Media, Yuri Salmona projeta cen\u00e1rio ainda pior at\u00e9 2050.\u00a0&#8211;\u00a0<strong>Valter Campanato\/Ag\u00eancia Brasil<\/strong><\/div>\n<\/div>\n<\/div>\n<p>O ge\u00f3logo Yuri Salmona, um dos autores da an\u00e1lise e doutor em ci\u00eancias florestais pela Universidade de Bras\u00edlia (UnB), destacou a gravidade da situa\u00e7\u00e3o: \u201co desmatamento no Cerrado \u00e9 um problema nacional por muitos motivos, mas especialmente porque ele impacta o maior insumo do pa\u00eds: a \u00e1gua\u201d, destacou.<\/p>\n<p>Estudos conduzidos pelo ge\u00f3logo projetam que o Cerrado deve perder, at\u00e9 2050, mais um ter\u00e7o de suas \u00e1guas, o que ter\u00e1 impactos sobre todos os demais biomas que recebem \u00e1guas do Cerrado, incluindo Caatinga, Pantanal, Amaz\u00f4nia e a bacia do Paran\u00e1, fundamental para produ\u00e7\u00e3o de energia.<\/p>\n<blockquote><p>\u201cPodemos esperar um ambiente mais seco, com mais escassez e mais conflitos por \u00e1gua. Nossa matriz energ\u00e9tica \u00e9 baseada em hidrel\u00e9tricas e a falta de \u00e1gua leva a falta de energia. Al\u00e9m disso, 80% da \u00e1rea irrigada do Brasil est\u00e1 dentro do Cerrado, sendo que 50% da \u00e1gua captada do Brasil \u00e9 para agricultura e cerca de 11% para a pecu\u00e1ria\u201d.<\/p><\/blockquote>\n<p>Consultada pela Ag\u00eancia Brasil, a ANA, entidade respons\u00e1vel por monitorar os recursos h\u00eddricos do Brasil, citou o estudo produzido pelo seu corpo t\u00e9cnico em 2024 que aponta para poss\u00edvel\u00a0<strong>significativa redu\u00e7\u00e3o da vaz\u00e3o dos rios, n\u00e3o apenas no Cerrado, em at\u00e9 40% nos pr\u00f3ximos 15 anos<\/strong>.<\/p>\n<p>\u201cEssa tend\u00eancia pode levar ao aumento de trechos de rios intermitentes, que secam temporariamente, afetando setores como gera\u00e7\u00e3o hidrel\u00e9trica, agricultura e abastecimento humano\u201d, disse, em nota.<\/p>\n<h2>Abertura de novas \u00e1reas<\/h2>\n<p>De acordo com o\u00a0<a href=\"https:\/\/alerta.mapbiomas.org\/wp-content\/uploads\/sites\/17\/2025\/05\/RAD2024_15.05.pdf\" target=\"_blank\" rel=\"noopener\">Relat\u00f3rio Anual do Desmatamento no Brasil (RAD 2024), do MapBiomas<\/a>, 2024 foi o segundo ano consecutivo em que o\u00a0<strong>Cerrado teve uma \u00e1rea desmatada maior que a da Amaz\u00f4nia<\/strong>\u00a0&#8211; enquanto ela ocupa o dobro do territ\u00f3rio no pa\u00eds.<\/p>\n<p>O primeiro lugar no ranking dos biomas permanece mesmo com uma\u00a0<a href=\"https:\/\/agenciabrasil.ebc.com.br\/meio-ambiente\/noticia\/2025-10\/amazonia-e-cerrado-registram-queda-de-11-no-desmatamento#:~:text=O%20desmatamento%20na%20Amaz%C3%B4nia%20e,de%20Pesquisas%20Espaciais%20(Inpe).\" target=\"_blank\" rel=\"noopener\">redu\u00e7\u00e3o de 11,49%<\/a>\u00a0de agosto de 2024 a junho de 2025 no desmatamento monitorado pelo Instituto Nacional de Pesquisas Espaciais (Inpe) &#8211; segundo ano consecutivo de queda ap\u00f3s cinco de alta.<\/p>\n<p>A situa\u00e7\u00e3o preocupa os especialistas, porque a tend\u00eancia \u00e9 de que\u00a0<a href=\"https:\/\/www.gov.br\/agricultura\/pt-br\/assuntos\/politica-agricola\/todas-publicacoes-de-politica-agricola\/projecoes-do-agronegocio\/projecoes-do-agronegocio-2022-2023-a-2032-2033.pdf\" target=\"_blank\" rel=\"noopener\">mais \u00e1reas sejam abertas para o agroneg\u00f3cio<\/a>\u00a0nos pr\u00f3ximos anos. Ao mesmo tempo, enquanto o<strong>\u00a0C\u00f3digo Florestal limita o desmatamento nas propriedades da Amaz\u00f4nia a 20%, no Cerrado, pode-se desmatar at\u00e9 80% das \u00e1reas privadas.<\/strong><\/p>\n<p>Proje\u00e7\u00f5es do Minist\u00e9rio da Agricultura e Pecu\u00e1ria (Mapa) estimam o\u00a0<strong>aumento de 15% da \u00e1rea plantada para gr\u00e3os em uma d\u00e9cada \u2013 desde a safra de 2023\/24 at\u00e9 a de 2033\/34 \u2013,<\/strong>\u00a0com destaque para a soja, que deve aumentar a \u00e1rea plantada em 25% nesses 10 anos.<\/p>\n<p>Ainda segundo o Mapa, essa expans\u00e3o deve se concentrar, principalmente, na regi\u00e3o do Matopiba, nome dado pelas iniciais do Maranh\u00e3o, Tocantins, Piau\u00ed e Bahia, e que \u00e9 a \u00e1rea priorit\u00e1ria para expans\u00e3o do agroneg\u00f3cio no Brasil, formada pelo Cerrado.<\/p>\n<p>&nbsp;<\/p>\n<h2>Desmatamento legal tamb\u00e9m \u00e9 um risco<\/h2>\n<p>O governo federal reconhece que o desmatamento do Cerrado pode colocar em risco a seguran\u00e7a h\u00eddrica do Brasil, conforme consta na\u00a0<a href=\"https:\/\/agenciabrasil.ebc.com.br\/geral\/noticia\/2023-11\/governo-lanca-4a-fase-do-plano-de-acao-contra-desmatamento-do-cerrado%C2%A0%C2%A0\" target=\"_blank\" rel=\"noopener\">4\u00aa fase do Plano de A\u00e7\u00e3o para Preven\u00e7\u00e3o e Controle do Desmatamento e das Queimadas no Bioma Cerrado<\/a>, lan\u00e7ado ainda em 2023.<\/p>\n<blockquote><p>\u201cMesmo com o controle total do desmatamento ilegal no bioma, a possibilidade de obter a autoriza\u00e7\u00e3o de supress\u00e3o para 34,7 milh\u00f5es de hectares implica na manuten\u00e7\u00e3o de taxas de desmatamento superiores a 10 mil km2 para al\u00e9m de 2050\u201d, diz o\u00a0<a href=\"https:\/\/www.gov.br\/mma\/pt-br\/assuntos\/controle-ao-desmatamento-queimadas-e-ordenamento-ambiental-territorial\/controle-do-desmatamento-1\/ppcerrado\/ppcerrado_4fase.pdf%C2%A0%C2%A0\" target=\"_blank\" rel=\"noopener\">plano<\/a>.<\/p><\/blockquote>\n<p>O documento do Minist\u00e9rio do Meio Ambiente (MMA) afirma que a forma como o C\u00f3digo Florestal \u00e9 aplicado \u00e9 insuficiente para a manuten\u00e7\u00e3o do regime h\u00eddrico da regi\u00e3o. \u201cSendo assim, torna-se urgente a revis\u00e3o do planejamento territorial do bioma, e principalmente do Matopiba\u201d, diz o PPCerrado.<\/p>\n<p>O secret\u00e1rio extraordin\u00e1rio de Controle do Desmatamento e Ordenamento Territorial do Minist\u00e9rio do Meio Ambiente (MMA), Andr\u00e9 Lima, explicou \u00e0<strong>\u00a0Ag\u00eancia Brasil\u00a0<\/strong>que o Cerrado \u00e9 fundamental para o equil\u00edbrio ecol\u00f3gico do pa\u00eds, ao estabelecer uma rela\u00e7\u00e3o com a Amaz\u00f4nia que forma os chamados \u201crios voadores\u201d, que produzem boa parte das chuvas no Brasil.<\/p>\n<p>\u201cO avan\u00e7o do desmatamento no bioma vem provocando atrasos no in\u00edcio das chuvas e impactando diretamente a produ\u00e7\u00e3o agr\u00edcola, a gera\u00e7\u00e3o de energia e o equil\u00edbrio h\u00eddrico\u201d, informou o secret\u00e1rio do MMA.<\/p>\n<p>Segundo o minist\u00e9rio, a\u00a0<strong>esta\u00e7\u00e3o chuvosa no Cerrado acumula um atraso de 1 m\u00eas e 26 dias<\/strong>\u00a0se comparado com a d\u00e9cada de 1980. Ou seja, as chuvas v\u00eam atrasando, em m\u00e9dia, 1,4 dia por ano.<\/p>\n<p>Em meio a esse cen\u00e1rio preocupante, o secret\u00e1rio Andr\u00e9 Lima lembrou que o desmatamento no bioma vem caindo. Ao mesmo tempo, informou que o Executivo n\u00e3o trabalha, por enquanto, com uma poss\u00edvel revis\u00e3o do C\u00f3digo Florestal para aumentar o n\u00edvel de prote\u00e7\u00e3o do bioma.<\/p>\n<p>Lima destacou que o governo aposta em pol\u00edticas para ampliar a conserva\u00e7\u00e3o e o controle do desmatamento, a exemplo do projeto Ecoinvest, que captou R$ 30 bilh\u00f5es para recupera\u00e7\u00e3o de pastagens degradadas e aumento da produtividade agr\u00edcola, o que evitaria abertura de novas \u00e1reas.<\/p>\n<blockquote><p>\u201cO MMA atua, ainda, na estrutura\u00e7\u00e3o de projetos de carbono, na amplia\u00e7\u00e3o do pagamento por servi\u00e7os ambientais e na cria\u00e7\u00e3o de incentivos tribut\u00e1rios e linhas de cr\u00e9dito mais atrativas para produtores que conservem \u00e1reas de Cerrado al\u00e9m do exigido pela legisla\u00e7\u00e3o\u201d.<\/p><\/blockquote>\n<h2>Problema \u201cinvis\u00edvel\u201d<\/h2>\n<p>A diretora respons\u00e1vel pelo Departamento de Recursos H\u00eddricos do MMA, Iara Bueno Giacomini, concorda que o problema \u00e9 mais grave do que a popula\u00e7\u00e3o consegue perceber no cotidiano.<\/p>\n<blockquote><p>\u201c\u00c9 dif\u00edcil a gente falar a dimens\u00e3o de uma coisa que a gente n\u00e3o v\u00ea. A maior parte da \u00e1gua do Cerrado est\u00e1 debaixo da terra. No reservat\u00f3rio da Cantareira, em S\u00e3o Paulo, todos sabemos o n\u00edvel da \u00e1gua a cada dia. A gente n\u00e3o tem isso dos rios e aqu\u00edferos do Cerrado\u201d, pontuou.<\/p><\/blockquote>\n<p>Iara destacou que o governo tem adotado pol\u00edticas para beneficiar e criar incentivos para a preserva\u00e7\u00e3o volunt\u00e1ria da vegeta\u00e7\u00e3o nativa. \u201cPorque a lei est\u00e1 criada de uma maneira que, de certa forma, permite que a gente continue desmatando o Cerrado\u201d, explicou.<\/p>\n<p>A diretora antecipou que o\u00a0<strong>governo trabalha para publicar decreto para regulamentar \u00c1reas Priorit\u00e1rias para Conserva\u00e7\u00e3o de \u00c1guas do Cerrado (APCACs)<\/strong>. Essas \u00e1reas devem inaugurar nova categoria de \u00e1rea de preserva\u00e7\u00e3o para proteger as \u00e1guas do bioma.<\/p>\n<p>O Departamento de Recursos H\u00eddricos do minist\u00e9rio ainda calcula que exista hoje no Brasil um d\u00e9ficit de 9 milh\u00f5es de hectares de \u00e1reas de preserva\u00e7\u00e3o para prote\u00e7\u00e3o de cursos d\u2019\u00e1gua, desde rios a nascentes.<\/p>\n<div class=\"dnd-widget-wrapper context-cheio_8colunas type-image atom-align-center\">\n<div class=\"dnd-atom-rendered\"><img decoding=\"async\" title=\"Fernando Fraz\u00e3o\/Ag\u00eancia Brasil\" src=\"https:\/\/imagens.ebc.com.br\/faPPGbTOg45yeS52LzuMwXJcRNw=\/754x0\/smart\/https:\/\/agenciabrasil.ebc.com.br\/sites\/default\/files\/thumbnails\/image\/2025\/10\/31\/_d6a9970_0.jpg?itok=mQ5EMo-B\" alt=\"Balsas (MA), 10\/10\/2025 \u2013 Riacho na comunidade do Brej\u00e3o, nos Gerais de Balsas. Foto: Fernando Fraz\u00e3o\/Ag\u00eancia Brasil\" \/><\/div>\n<div class=\"dnd-caption-wrapper\">\n<div class=\"meta\">Balsas (MA), 10\/10\/2025 \u2013 Riacho na comunidade do Brej\u00e3o, nos Gerais de Balsas.\u00a0 &#8211;\u00a0<strong>Fernando Fraz\u00e3o\/Ag\u00eancia Brasil<\/strong><\/div>\n<\/div>\n<\/div>\n<p>\u201cUma das metas do Plano de Adapta\u00e7\u00e3o Clim\u00e1tica \u00e9 promover a recupera\u00e7\u00e3o, at\u00e9 2031, de um milh\u00e3o desses hectares j\u00e1 mapeados que precisam de vegeta\u00e7\u00e3o para prote\u00e7\u00e3o dos recursos h\u00eddricos. Nosso plano \u00e9, para isso, mobilizar os Comit\u00eas de Bacia, munic\u00edpios e outros atores para atingir essa meta\u201d, acrescentou a diretora do departamento Iara Bueno Giacomini.<\/p>\n<p>O departamento de recursos h\u00eddricos explicou que, no Brasil, ainda n\u00e3o h\u00e1 uma ind\u00fastria da recupera\u00e7\u00e3o de vegeta\u00e7\u00e3o nativa estruturada, o que torna esse processo dif\u00edcil e mais caro.<\/p>\n<p>Entre os projetos em andamento, est\u00e1 o acordo firmado com a Eletrobr\u00e1s para investimentos de R$ 700 milh\u00f5es para recuperar 13 mil hectares de bacias hidrogr\u00e1ficas de todo o pa\u00eds.<\/p>\n<p>\u201cSe voc\u00ea olhar a longa hist\u00f3ria da agenda de revitaliza\u00e7\u00e3o do governo federal, n\u00e3o teve nenhum recurso dessa escala, nem de tamanho de \u00e1rea que o projeto envolve. A partir dessas experi\u00eancias, pretendemos baratear a recupera\u00e7\u00e3o ambiental e transformar isso em uma pol\u00edtica p\u00fablica est\u00e1vel e cont\u00ednua no tempo, dada a press\u00e3o sobre o Cerrado\u201d, informou o coordenador-geral de Revitaliza\u00e7\u00e3o de Bacias Hidrogr\u00e1ficas do MMA, Alexandre Tofeti.<\/p>\n<p>A diretora Iara Bueno considera ainda fundamental envolver o agroneg\u00f3cio no projeto para prote\u00e7\u00e3o das \u00e1guas do Cerrado. Para ela, ainda \u00e9 poss\u00edvel alcan\u00e7ar o desmatamento zero, como projeta o governo, com o atual modelo da atividade agropecu\u00e1ria no Brasil.<\/p>\n<p>\u201cA gente n\u00e3o atingiu ainda um ponto de n\u00e3o retorno no Cerrado, ainda bem. Agora, n\u00e3o tem solu\u00e7\u00e3o simples para problema complexo. Diante das incertezas das mudan\u00e7as clim\u00e1ticas, ningu\u00e9m pode assegurar que vai ter \u00e1gua em determinado lugar pelo per\u00edodo que se precisa. \u00c9 preciso trabalhar a conscientiza\u00e7\u00e3o do agroneg\u00f3cio, j\u00e1 que ele vai ser tamb\u00e9m afetado. Alguns atores do agroneg\u00f3cio j\u00e1 perceberam\u201d, completou.<\/p>\n<h2>Pesquisador minimiza efeitos do desmatamento<\/h2>\n<p>Contratado para analisar a situa\u00e7\u00e3o h\u00eddrica por associa\u00e7\u00f5es de produtores rurais que usam irriga\u00e7\u00e3o, o engenheiro agr\u00edcola Marcos Heil Costa, professor da Universidade Federal de Vi\u00e7osa (UFV), minimizou os efeitos do desmatamento para infiltra\u00e7\u00e3o da \u00e1gua nos solos do Cerrado.<\/p>\n<p>Ele calculou que\u00a0<strong>apenas em 10% das \u00e1reas analisadas por sua equipe foram identificados problemas para infiltra\u00e7\u00e3o da \u00e1gua\u00a0<\/strong>em \u00e1reas sem Cerrado.<\/p>\n<blockquote><p>\u201cS\u00f3 faz diferen\u00e7a quando o tr\u00e1fego de m\u00e1quinas ou o processo de desmatamento e preparo do solo reduz, por algum motivo, essa infiltra\u00e7\u00e3o. Medimos 120 pontos l\u00e1 na Bahia. Esse tipo de problema deu em 10% dos casos. E a literatura, e outros col\u00e9gios que estudaram isso em outros segmentos tamb\u00e9m, notaram n\u00fameros semelhantes. Diminui [a infiltra\u00e7\u00e3o], mas n\u00e3o diminui a ponto de ser cr\u00edtico\u201d.<\/p><\/blockquote>\n<p>O professor produz, h\u00e1 oito anos, an\u00e1lises hidrol\u00f3gicas para as Associa\u00e7\u00e3o de Irrigantes da Bahia (BA) e a Associa\u00e7\u00e3o de Produtores de Feij\u00e3o e Irrigantes de Mato Grosso (MT). Os empres\u00e1rios procuraram Heil preocupados com a situa\u00e7\u00e3o h\u00eddrica para a lavoura ap\u00f3s as secas de 2015 e 2016.<\/p>\n<p>\u201cIsso assustou eles, e vieram atr\u00e1s da gente procurar respostas. Eles tinham muitas perguntas e ningu\u00e9m tinha dado. Era um ambiente de total desinforma\u00e7\u00e3o\u201d, disse o especialista, para quem a seca anos ajudou os empres\u00e1rios a entender a l\u00f3gica h\u00eddrica que abastece o neg\u00f3cio.<\/p>\n<p>&nbsp;<\/p>\n<div class=\"dnd-widget-wrapper context-medio_4colunas type-image atom-align-right\">\n<div class=\"dnd-atom-rendered\"><img decoding=\"async\" title=\"Fernando Fraz\u00e3o\/Ag\u00eancia Brasil\" src=\"https:\/\/imagens.ebc.com.br\/_PIpu8Q1O9VkTHC9Tjh3_hA7hT8=\/365x0\/smart\/https:\/\/agenciabrasil.ebc.com.br\/sites\/default\/files\/thumbnails\/image\/2025\/10\/31\/_d6a9503_2_0.jpg?itok=VEoGo2dB\" alt=\"Balsas (MA), 09\/10\/2025 \u2013 Produ\u00e7\u00e3o de algod\u00e3o em fazenda na regi\u00e3o da Batavo. Foto: Fernando Fraz\u00e3o\/Ag\u00eancia Brasil\" \/><\/div>\n<div class=\"dnd-caption-wrapper\">\n<div class=\"meta\">Balsas (MA), 09\/10\/2025 \u2013 Produ\u00e7\u00e3o de algod\u00e3o em fazenda na regi\u00e3o da Batavo.\u00a0 &#8211;\u00a0<strong>Fernando Fraz\u00e3o\/Ag\u00eancia Brasil<\/strong><\/div>\n<\/div>\n<\/div>\n<p>Ainda segundo o pesquisador, apenas est\u00e3o preocupados com o tema aqueles agricultores que investem em irriga\u00e7\u00e3o. T\u00e9cnica que, segundo ele, vem crescendo no Brasil e que, se mal planejada, pode prejudicar a seguran\u00e7a h\u00eddrica das regi\u00f5es que fazem uso intensivo dela.<\/p>\n<p>\u201cRegi\u00f5es onde os agricultores dependem principalmente da chuva, e isso \u00e9 90% da agricultura brasileira e 100% da pastagem brasileira, eles n\u00e3o est\u00e3o preocupados. Realmente n\u00e3o est\u00e3o preocupados porque as chuvas normalmente s\u00e3o suficientes\u201d, avaliou.<\/p>\n<p>O professor de agronomia da UFV disse que empres\u00e1rios que investem em irriga\u00e7\u00e3o j\u00e1 come\u00e7aram a investir tamb\u00e9m em preserva\u00e7\u00e3o de nascentes, em controle de eros\u00e3o, em aumentar a infiltra\u00e7\u00e3o de \u00e1gua no solo, em plantar \u00e1rvores e em monitorar recursos h\u00eddricos.<\/p>\n<p>Para Costa, ningu\u00e9m sabe exatamente o tamanho do problema h\u00eddrico do Brasil, porque o monitoramento que o Brasil faz dos rios e aqu\u00edferos \u00e9 muito pouco desenvolvido. \u201cNosso monitoramento \u00e9 meio simb\u00f3lico. Voc\u00ea pega os Estados Unidos, eles t\u00eam 100 mil po\u00e7os de monitoramento instalados. No Brasil a gente n\u00e3o nem mil. Por isso, digo que ningu\u00e9m tem a no\u00e7\u00e3o exata da dimens\u00e3o desse problema no pa\u00eds\u201d, finalizou.<\/p>\n<h2>Posi\u00e7\u00e3o do agroneg\u00f3cio<\/h2>\n<p>A\u00a0<strong>Ag\u00eancia Brasil\u00a0<\/strong>procurou as principais organiza\u00e7\u00f5es do agroneg\u00f3cio do pa\u00eds para comentar os estudos que apontam que as atividades do setor contribuem para redu\u00e7\u00e3o das vaz\u00f5es dos rios do Cerrado.<\/p>\n<p>Procurada com semanas de anteced\u00eancia, a Confedera\u00e7\u00e3o Nacional da Agricultura e Pecu\u00e1ria (CNA), principal entidade que representa o setor nacionalmente, n\u00e3o se manifestou sobre o tema &#8211; assim como a Associa\u00e7\u00e3o Brasileira do Agroneg\u00f3cio (Abag) e a Associa\u00e7\u00e3o Brasileira das Ind\u00fastrias Exportadoras de Carnes (Abiec).<\/p>\n<p>Por outro lado, a Frente Parlamentar Agropecu\u00e1ria (FPA), que representa o agroneg\u00f3cio no Congresso Nacional com mais de 300 parlamentares, se manifestou por meio de nota.<\/p>\n<p>A FPA informou n\u00e3o reconhecer o estudo da Ambiental Media citado nesta reportagem sobre os riscos do desmatamento para seguran\u00e7a h\u00eddrica do Brasil. \u201cN\u00e3o reconhecemos estudos sem metodologia cient\u00edfica comprovada\u201d, afirmou, acrescentando que \u00e9 o Poder Executivo o respons\u00e1vel por pol\u00edticas que protejam o Cerrado e garantam o desenvolvimento sustent\u00e1vel.<\/p>\n<p>A metodologia est\u00e1 descrita na p\u00e1gina do estudo e pode ser acessada\u00a0<a href=\"https:\/\/cerrado.ambiental.media\/pt\/sobre\/#sobre\" target=\"_blank\" rel=\"noopener\">aqui<\/a>.<\/p>\n<p>\u201cO combate a invas\u00f5es de terras e a regulariza\u00e7\u00e3o fundi\u00e1ria s\u00e3o projetos que atuam em conformidade com o restabelecimento da seguran\u00e7a jur\u00eddica, com a responsabiliza\u00e7\u00e3o de crimes ambientais e o devido combate a qualquer irregularidade. Estas pautas s\u00e3o priorit\u00e1rias para a FPA e podem resolver os problemas ambientais no Brasil\u201d, disse a Frente Parlamentar.<\/p>\n<p>Tamb\u00e9m se manifestou, por meio de nota, a principal entidade de produtores de soja do Brasil: a Aprosoja. Disse que o Brasil \u00e9 conhecido pelas Na\u00e7\u00f5es Unidas (ONU) pelas boas pr\u00e1ticas agr\u00edcolas e que \u00e9 \u201cfrontalmente contra o desmatamento que n\u00e3o esteja em concord\u00e2ncia com as leis ambientais\u201d.<\/p>\n<p>&nbsp;<\/p>\n<div class=\"dnd-widget-wrapper context-cheio_8colunas type-image atom-align-center\">\n<div class=\"dnd-atom-rendered\"><img decoding=\"async\" title=\"Fernando Fraz\u00e3o\/Ag\u00eancia Brasil\" src=\"https:\/\/imagens.ebc.com.br\/E_zbi7JonAaWs-ewOu3uaIArFcM=\/754x0\/smart\/https:\/\/agenciabrasil.ebc.com.br\/sites\/default\/files\/thumbnails\/image\/2025\/10\/31\/_d6a9429_0.jpg?itok=4uYTb8tH\" alt=\"Balsas (MA), 09\/10\/2025 \u2013 Vista de fazendas de cultivo de soja ao longo da rodovia MA-007. Foto: Fernando Fraz\u00e3o\/Ag\u00eancia Brasil\" \/><\/div>\n<div class=\"dnd-caption-wrapper\">\n<div class=\"meta\">Balsas (MA), 09\/10\/2025 \u2013 Vista de fazendas de cultivo de soja ao longo da rodovia MA-007. &#8211;\u00a0<strong>Fernando Fraz\u00e3o\/Ag\u00eancia Brasil<\/strong><\/div>\n<\/div>\n<\/div>\n<h2>O reino da soja<\/h2>\n<p>A soja \u00e9 a principal lavoura do Cerrado. Atualmente, 50% desse gr\u00e3o cresce na savana brasileira, ocupando 23 milh\u00f5es de hectares na safra 2022\/2023.<\/p>\n<p>A organiza\u00e7\u00e3o ponderou que o estudo \u201cCerrado &#8211; O Elo Sagrado das \u00c1guas do Brasil\u201d n\u00e3o apresenta dados do aumento da produ\u00e7\u00e3o de gr\u00e3os e oferta de alimentos, \u201co que ajudaria a contextualizar os benef\u00edcios econ\u00f4micos e sociais que a soja proporciona com a gera\u00e7\u00e3o de empregos diretos e indiretos na produ\u00e7\u00e3o agr\u00edcola, no com\u00e9rcio e nos servi\u00e7os\u201d.<\/p>\n<p>A Aprosoja pondera que o<strong>\u00a0regime de chuvas do bioma favorece o cultivo do gr\u00e3o sem irriga\u00e7\u00e3o<\/strong>, o que preserva o volume de \u00e1gua dos rios. \u201c[A soja sem irriga\u00e7\u00e3o] representa aproximadamente 95% da \u00e1rea cultivada com soja no Cerrado\u201d.<\/p>\n<p>A associa\u00e7\u00e3o sustenta ainda que a planta ajuda a infiltrar a \u00e1gua no solo. \u201cSolos com boa estrutura e porosidade permitem maior reten\u00e7\u00e3o e movimenta\u00e7\u00e3o da \u00e1gua, que retorna para os cursos de \u00e1gua. Por isso, boas pr\u00e1ticas s\u00e3o fundamentais\u201d, disse.<\/p>\n<p>Os ambientalistas ponderam, por outro lado, que a\u00a0<strong>soja n\u00e3o tem a mesma capacidade de infiltra\u00e7\u00e3o das \u00e1rvores nativas do Cerrado,\u00a0<\/strong>que fazem o bioma ser conhecido como a caixa d\u2019\u00e1gua do Brasil.<\/p>\n<h2>Supress\u00e3o e rastreabilidade<\/h2>\n<p>Atuando na preserva\u00e7\u00e3o do Cerrado h\u00e1 22 anos, a ec\u00f3loga Isabel Figueiredo, que coordena o Programa Cerrado do Instituto Sociedade, Popula\u00e7\u00e3o e Natureza (ISPN), avalia que o pa\u00eds j\u00e1 vive um \u201cpequeno colapso clim\u00e1tico\u201d que vem aumentando o uso da irriga\u00e7\u00e3o das planta\u00e7\u00f5es de soja.<\/p>\n<div class=\"dnd-widget-wrapper context-medio_4colunas type-image atom-align-left\">\n<div class=\"dnd-atom-rendered\"><img decoding=\"async\" title=\"Valter Campanato\/Ag\u00eancia Brasil\" src=\"https:\/\/imagens.ebc.com.br\/Naarr1YfXcJHfHmgikCv6gShrMQ=\/365x0\/smart\/https:\/\/agenciabrasil.ebc.com.br\/sites\/default\/files\/thumbnails\/image\/2025\/11\/03\/0d7a8958.jpg?itok=noyjZBO-\" alt=\"Bras\u00edlia (DF), 03\/11\/2025 - Isabel Figueiredo (ISPN) durante entrevista para projeto cerrado. Foto: Valter Campanato\/Ag\u00eancia Brasil\" \/><\/div>\n<div class=\"dnd-caption-wrapper\">\n<div class=\"meta\">Bras\u00edlia (DF), 03\/11\/2025 &#8211; Isabel Figueiredo (ISPN) alerta: governos estaduais t\u00eam poder de mudar o cen\u00e1rio. &#8211;\u00a0<strong>Valter Campanato\/Ag\u00eancia Brasil<\/strong><\/div>\n<\/div>\n<\/div>\n<p>&nbsp;<\/p>\n<p>Para ela, o PPCerrado do governo federal \u00e9 \u201cum documento muito bom\u201d, mas destaca que faltam recursos or\u00e7ament\u00e1rios para implement\u00e1-lo em sua integridade. Al\u00e9m disso, avalia que o MMA tem pouco espa\u00e7o para reduzir o desmatamento, uma vez que as autoriza\u00e7\u00f5es para supress\u00e3o de vegeta\u00e7\u00e3o nativa \u00e9 uma atribui\u00e7\u00e3o dos estados.<\/p>\n<p>\u201cQuem vai mudar o cen\u00e1rio s\u00e3o os governos estaduais. Mas as secretarias de meio ambiente, em geral, ao inv\u00e9s de cumprirem com a sua tarefa, est\u00e3o como despachantes do agroneg\u00f3cio. T\u00e1 rolando muita concess\u00e3o de autoriza\u00e7\u00f5es de qualquer jeito\u201d, afirmou.<\/p>\n<p>Ainda segundo a especialista, a cadeia produtiva da soja n\u00e3o parece interessada em estabelecer processos para rastrear a origem dos gr\u00e3os, identificando a \u00e1rea onde foram plantados. Segundo Isabel, a soja teria que seguir o exemplo da cadeia da carne, que tem um processo de rastreamento consolidado.<\/p>\n<blockquote><p>\u201cHoje em dia, as cadeias produtivas todas querem se modernizar e a rastreabilidade dos produtos \u00e9 um diferencial. S\u00e3o qualidades que algumas ind\u00fastrias querem ostentar. J\u00e1 o setor da soja n\u00e3o, ele \u00e9 mais retr\u00f3grado. Ele n\u00e3o quer se modernizar nesse aspecto porque vai evidenciar que n\u00e3o tem como eles estarem limpos ambientalmente falando\u201d, completou.<\/p><\/blockquote>\n<p>A\u00a0<strong>Ag\u00eancia Brasil<\/strong>\u00a0questionou a Aprosoja se o setor tem interesse ou trabalha para implementar uma rastreabilidade do produto para saber exatamente onde aquele gr\u00e3o foi plantado e se respeitou a legisla\u00e7\u00e3o ambiental e os direitos humanos de comunidades tradicionais do Cerrado.<\/p>\n<p>A assessoria da Associa\u00e7\u00e3o dos Produtores de Soja explicou que a rastreabilidade do produto \u00e9 uma quest\u00e3o dos compradores da soja, e sugeriu consultar a Associa\u00e7\u00e3o Brasileira das Ind\u00fastrias de \u00d3leos Vegetais (Abiove), que processa os gr\u00e3os em farelo ou \u00f3leo.<\/p>\n<p>A Abiove afirmou \u00e0 reportagem que o setor segue crit\u00e9rios socioambientais rigorosos para compra e financiamento de produ\u00e7\u00e3o agr\u00edcola. Em nota, diz que as empresas que formam a associa\u00e7\u00e3o t\u00eam sistemas pr\u00f3prios de rastreabilidade e que lideraram as discuss\u00f5es sobre o tema na Coaliz\u00e3o Brasil clima, Floresta e Agricultura, que reuniu representantes do setor privado, financeiro e da sociedade civil e emitiu recomenda\u00e7\u00f5es para dar transpar\u00eancia ao setor.<\/p>\n<p>\u201cA Abiove apoia e participa de iniciativas que ampliam a transpar\u00eancia do campo \u00e0 ind\u00fastria, como a plataforma AfroBrasil+Sustent\u00e1vel, desenvolvida pelo governo federal, que cruza dados fundi\u00e1rios e ambientais e fortalece a rastreabilidade das cadeias agr\u00edcolas. O Brasil tem condi\u00e7\u00f5es \u00fanicas de produzir e conservar e o setor da soja \u00e9 um exemplo dessa concilia\u00e7\u00e3o\u201d, destacou a associa\u00e7\u00e3o.<\/p>\n<h2><\/h2>\n<\/div>\n","protected":false},"excerpt":{"rendered":"<p>Enquanto o mundo se prepara para a\u00a030\u00aa Confer\u00eancia da ONU para Mudan\u00e7as Clim\u00e1ticas (COP30)\u00a0em Bel\u00e9m (PA), ativistas, cientistas e ambientalistas clamam para que o\u00a0Cerrado seja igualado em import\u00e2ncia pol\u00edtica \u00e0 Floresta Amaz\u00f4nica, devido ao servi\u00e7o que o bioma presta \u00e0 sociedade.\u00a0Chamado de \u201cber\u00e7os das \u00e1guas\u201d, ele abriga as nascentes de oito das 12 bacias hidrogr\u00e1ficas do Brasil.\u00a0<\/p>\n","protected":false},"author":1,"featured_media":0,"comment_status":"closed","ping_status":"open","sticky":false,"template":"","format":"standard","meta":{"_acf_changed":false,"_angie_page":false,"_monsterinsights_skip_tracking":false,"_themeisle_gutenberg_block_has_review":false,"page_builder":"","footnotes":"","jetpack_publicize_message":"","jetpack_publicize_feature_enabled":true,"jetpack_social_post_already_shared":true,"jetpack_social_options":{"image_generator_settings":{"template":"highway","default_image_id":0,"font":"","enabled":false},"version":2}},"categories":[168],"tags":[172,2346,3476,28561],"class_list":["post-147411","post","type-post","status-publish","format-standard","hentry","category-meio-ambiente","tag-amazonia","tag-cerrado","tag-natureza","tag-preservacao"],"acf":[],"nelio_content":{"autoShareEndMode":"never","automationSources":{"useCustomSentences":false,"customSentences":[]},"efiAlt":"","efiUrl":"","followers":[4,1],"highlights":[],"isAutoShareEnabled":true,"networkImageIds":[],"permalinkQueryArgs":[],"series":[],"suggestedReferences":[]},"yoast_head":"<!-- This site is optimized with the Yoast SEO plugin v28.3 - https:\/\/yoast.com\/product\/yoast-seo-wordpress\/ -->\n<title>Fronteira Cerrado: ativistas pedem mesma prioridade dada \u00e0 Amaz\u00f4nia - Fatos e Fotos News<\/title>\n<meta name=\"description\" content=\"Chamado de \u201cber\u00e7os das \u00e1guas\u201d, ele abriga as nascentes de oito das 12 bacias hidrogr\u00e1ficas do Brasil.\u00a0\" \/>\n<meta name=\"robots\" content=\"index, follow, max-snippet:-1, max-image-preview:large, max-video-preview:-1\" \/>\n<link rel=\"canonical\" href=\"https:\/\/www.fatosefotosnews.com.br\/?p=147411\" \/>\n<meta property=\"og:locale\" content=\"pt_BR\" \/>\n<meta property=\"og:type\" content=\"article\" \/>\n<meta property=\"og:title\" content=\"Fronteira Cerrado: ativistas pedem mesma prioridade dada \u00e0 Amaz\u00f4nia - Fatos e Fotos News\" \/>\n<meta property=\"og:description\" content=\"Chamado de \u201cber\u00e7os das \u00e1guas\u201d, ele abriga as nascentes de oito das 12 bacias hidrogr\u00e1ficas do Brasil.\u00a0\" \/>\n<meta property=\"og:url\" content=\"https:\/\/www.fatosefotosnews.com.br\/?p=147411\" \/>\n<meta property=\"og:site_name\" content=\"Fatos e Fotos News\" \/>\n<meta property=\"article:published_time\" content=\"2025-11-03T16:46:39+00:00\" \/>\n<meta property=\"og:image\" content=\"https:\/\/www.fatosefotosnews.com.br\/wp-content\/uploads\/2025\/11\/dji_0276_0.webp\" \/>\n\t<meta property=\"og:image:width\" content=\"1170\" \/>\n\t<meta property=\"og:image:height\" content=\"700\" \/>\n\t<meta property=\"og:image:type\" content=\"image\/webp\" \/>\n<meta name=\"author\" content=\"fatosefotosnews\" \/>\n<meta name=\"twitter:card\" content=\"summary_large_image\" \/>\n<meta name=\"twitter:label1\" content=\"Escrito por\" \/>\n\t<meta name=\"twitter:data1\" content=\"fatosefotosnews\" \/>\n\t<meta name=\"twitter:label2\" content=\"Est. tempo de leitura\" \/>\n\t<meta name=\"twitter:data2\" content=\"19 minutos\" \/>\n<script type=\"application\/ld+json\" class=\"yoast-schema-graph\">{\"@context\":\"https:\\\/\\\/schema.org\",\"@graph\":[{\"@type\":\"Article\",\"@id\":\"https:\\\/\\\/www.fatosefotosnews.com.br\\\/?p=147411#article\",\"isPartOf\":{\"@id\":\"https:\\\/\\\/www.fatosefotosnews.com.br\\\/?p=147411\"},\"author\":{\"name\":\"fatosefotosnews\",\"@id\":\"https:\\\/\\\/www.fatosefotosnews.com.br\\\/#\\\/schema\\\/person\\\/70ccaf82072edcbc921e1c3ca2259803\"},\"headline\":\"Fronteira Cerrado: ativistas pedem mesma prioridade dada \u00e0 Amaz\u00f4nia\",\"datePublished\":\"2025-11-03T16:46:39+00:00\",\"mainEntityOfPage\":{\"@id\":\"https:\\\/\\\/www.fatosefotosnews.com.br\\\/?p=147411\"},\"wordCount\":3708,\"publisher\":{\"@id\":\"https:\\\/\\\/www.fatosefotosnews.com.br\\\/#organization\"},\"image\":{\"@id\":\"https:\\\/\\\/www.fatosefotosnews.com.br\\\/?p=147411#primaryimage\"},\"thumbnailUrl\":\"https:\\\/\\\/agenciabrasil.ebc.com.br\\\/ebc.png?id=1665891&amp;o=node\",\"keywords\":[\"Amaz\u00f4nia\",\"cerrado\",\"natureza\",\"Preserva\u00e7\u00e3o\"],\"articleSection\":[\"Meio Ambiente\"],\"inLanguage\":\"pt-BR\"},{\"@type\":\"WebPage\",\"@id\":\"https:\\\/\\\/www.fatosefotosnews.com.br\\\/?p=147411\",\"url\":\"https:\\\/\\\/www.fatosefotosnews.com.br\\\/?p=147411\",\"name\":\"Fronteira Cerrado: ativistas pedem mesma prioridade dada \u00e0 Amaz\u00f4nia - Fatos e Fotos News\",\"isPartOf\":{\"@id\":\"https:\\\/\\\/www.fatosefotosnews.com.br\\\/#website\"},\"primaryImageOfPage\":{\"@id\":\"https:\\\/\\\/www.fatosefotosnews.com.br\\\/?p=147411#primaryimage\"},\"image\":{\"@id\":\"https:\\\/\\\/www.fatosefotosnews.com.br\\\/?p=147411#primaryimage\"},\"thumbnailUrl\":\"https:\\\/\\\/agenciabrasil.ebc.com.br\\\/ebc.png?id=1665891&amp;o=node\",\"datePublished\":\"2025-11-03T16:46:39+00:00\",\"description\":\"Chamado de \u201cber\u00e7os das \u00e1guas\u201d, ele abriga as nascentes de oito das 12 bacias hidrogr\u00e1ficas do Brasil.\u00a0\",\"breadcrumb\":{\"@id\":\"https:\\\/\\\/www.fatosefotosnews.com.br\\\/?p=147411#breadcrumb\"},\"inLanguage\":\"pt-BR\",\"potentialAction\":[{\"@type\":\"ReadAction\",\"target\":[\"https:\\\/\\\/www.fatosefotosnews.com.br\\\/?p=147411\"]}]},{\"@type\":\"ImageObject\",\"inLanguage\":\"pt-BR\",\"@id\":\"https:\\\/\\\/www.fatosefotosnews.com.br\\\/?p=147411#primaryimage\",\"url\":\"https:\\\/\\\/agenciabrasil.ebc.com.br\\\/ebc.png?id=1665891&amp;o=node\",\"contentUrl\":\"https:\\\/\\\/agenciabrasil.ebc.com.br\\\/ebc.png?id=1665891&amp;o=node\"},{\"@type\":\"BreadcrumbList\",\"@id\":\"https:\\\/\\\/www.fatosefotosnews.com.br\\\/?p=147411#breadcrumb\",\"itemListElement\":[{\"@type\":\"ListItem\",\"position\":1,\"name\":\"In\u00edcio\",\"item\":\"https:\\\/\\\/www.fatosefotosnews.com.br\\\/\"},{\"@type\":\"ListItem\",\"position\":2,\"name\":\"Fronteira Cerrado: ativistas pedem mesma prioridade dada \u00e0 Amaz\u00f4nia\"}]},{\"@type\":\"WebSite\",\"@id\":\"https:\\\/\\\/www.fatosefotosnews.com.br\\\/#website\",\"url\":\"https:\\\/\\\/www.fatosefotosnews.com.br\\\/\",\"name\":\"Fatos e Fotos News\",\"description\":\"Um site de noticial verdadeira e confi\u00e1veis.\",\"publisher\":{\"@id\":\"https:\\\/\\\/www.fatosefotosnews.com.br\\\/#organization\"},\"potentialAction\":[{\"@type\":\"SearchAction\",\"target\":{\"@type\":\"EntryPoint\",\"urlTemplate\":\"https:\\\/\\\/www.fatosefotosnews.com.br\\\/?s={search_term_string}\"},\"query-input\":{\"@type\":\"PropertyValueSpecification\",\"valueRequired\":true,\"valueName\":\"search_term_string\"}}],\"inLanguage\":\"pt-BR\"},{\"@type\":\"Organization\",\"@id\":\"https:\\\/\\\/www.fatosefotosnews.com.br\\\/#organization\",\"name\":\"Fatos e Fotos News\",\"url\":\"https:\\\/\\\/www.fatosefotosnews.com.br\\\/\",\"logo\":{\"@type\":\"ImageObject\",\"inLanguage\":\"pt-BR\",\"@id\":\"https:\\\/\\\/www.fatosefotosnews.com.br\\\/#\\\/schema\\\/logo\\\/image\\\/\",\"url\":\"https:\\\/\\\/www.fatosefotosnews.com.br\\\/wp-content\\\/uploads\\\/2023\\\/02\\\/Fatos-e-Fotos-news-logo.png\",\"contentUrl\":\"https:\\\/\\\/www.fatosefotosnews.com.br\\\/wp-content\\\/uploads\\\/2023\\\/02\\\/Fatos-e-Fotos-news-logo.png\",\"width\":300,\"height\":58,\"caption\":\"Fatos e Fotos News\"},\"image\":{\"@id\":\"https:\\\/\\\/www.fatosefotosnews.com.br\\\/#\\\/schema\\\/logo\\\/image\\\/\"}},{\"@type\":\"Person\",\"@id\":\"https:\\\/\\\/www.fatosefotosnews.com.br\\\/#\\\/schema\\\/person\\\/70ccaf82072edcbc921e1c3ca2259803\",\"name\":\"fatosefotosnews\",\"image\":{\"@type\":\"ImageObject\",\"inLanguage\":\"pt-BR\",\"@id\":\"https:\\\/\\\/secure.gravatar.com\\\/avatar\\\/b347acc00c2543eadf2855e28bb74049205ff50092da0cb7bc50f2652c752f81?s=96&d=mm&r=g\",\"url\":\"https:\\\/\\\/secure.gravatar.com\\\/avatar\\\/b347acc00c2543eadf2855e28bb74049205ff50092da0cb7bc50f2652c752f81?s=96&d=mm&r=g\",\"contentUrl\":\"https:\\\/\\\/secure.gravatar.com\\\/avatar\\\/b347acc00c2543eadf2855e28bb74049205ff50092da0cb7bc50f2652c752f81?s=96&d=mm&r=g\",\"caption\":\"fatosefotosnews\"},\"sameAs\":[\"http:\\\/\\\/www.fatosefotosnews.com.br\"],\"url\":\"https:\\\/\\\/www.fatosefotosnews.com.br\\\/?author=1\"}]}<\/script>\n<!-- \/ Yoast SEO plugin. -->","yoast_head_json":{"title":"Fronteira Cerrado: ativistas pedem mesma prioridade dada \u00e0 Amaz\u00f4nia - Fatos e Fotos News","description":"Chamado de \u201cber\u00e7os das \u00e1guas\u201d, ele abriga as nascentes de oito das 12 bacias hidrogr\u00e1ficas do Brasil.\u00a0","robots":{"index":"index","follow":"follow","max-snippet":"max-snippet:-1","max-image-preview":"max-image-preview:large","max-video-preview":"max-video-preview:-1"},"canonical":"https:\/\/www.fatosefotosnews.com.br\/?p=147411","og_locale":"pt_BR","og_type":"article","og_title":"Fronteira Cerrado: ativistas pedem mesma prioridade dada \u00e0 Amaz\u00f4nia - Fatos e Fotos News","og_description":"Chamado de \u201cber\u00e7os das \u00e1guas\u201d, ele abriga as nascentes de oito das 12 bacias hidrogr\u00e1ficas do Brasil.\u00a0","og_url":"https:\/\/www.fatosefotosnews.com.br\/?p=147411","og_site_name":"Fatos e Fotos News","article_published_time":"2025-11-03T16:46:39+00:00","og_image":[{"width":1170,"height":700,"url":"https:\/\/www.fatosefotosnews.com.br\/wp-content\/uploads\/2025\/11\/dji_0276_0.webp","type":"image\/webp"}],"author":"fatosefotosnews","twitter_card":"summary_large_image","twitter_misc":{"Escrito por":"fatosefotosnews","Est. tempo de leitura":"19 minutos"},"schema":{"@context":"https:\/\/schema.org","@graph":[{"@type":"Article","@id":"https:\/\/www.fatosefotosnews.com.br\/?p=147411#article","isPartOf":{"@id":"https:\/\/www.fatosefotosnews.com.br\/?p=147411"},"author":{"name":"fatosefotosnews","@id":"https:\/\/www.fatosefotosnews.com.br\/#\/schema\/person\/70ccaf82072edcbc921e1c3ca2259803"},"headline":"Fronteira Cerrado: ativistas pedem mesma prioridade dada \u00e0 Amaz\u00f4nia","datePublished":"2025-11-03T16:46:39+00:00","mainEntityOfPage":{"@id":"https:\/\/www.fatosefotosnews.com.br\/?p=147411"},"wordCount":3708,"publisher":{"@id":"https:\/\/www.fatosefotosnews.com.br\/#organization"},"image":{"@id":"https:\/\/www.fatosefotosnews.com.br\/?p=147411#primaryimage"},"thumbnailUrl":"https:\/\/agenciabrasil.ebc.com.br\/ebc.png?id=1665891&amp;o=node","keywords":["Amaz\u00f4nia","cerrado","natureza","Preserva\u00e7\u00e3o"],"articleSection":["Meio Ambiente"],"inLanguage":"pt-BR"},{"@type":"WebPage","@id":"https:\/\/www.fatosefotosnews.com.br\/?p=147411","url":"https:\/\/www.fatosefotosnews.com.br\/?p=147411","name":"Fronteira Cerrado: ativistas pedem mesma prioridade dada \u00e0 Amaz\u00f4nia - Fatos e Fotos News","isPartOf":{"@id":"https:\/\/www.fatosefotosnews.com.br\/#website"},"primaryImageOfPage":{"@id":"https:\/\/www.fatosefotosnews.com.br\/?p=147411#primaryimage"},"image":{"@id":"https:\/\/www.fatosefotosnews.com.br\/?p=147411#primaryimage"},"thumbnailUrl":"https:\/\/agenciabrasil.ebc.com.br\/ebc.png?id=1665891&amp;o=node","datePublished":"2025-11-03T16:46:39+00:00","description":"Chamado de \u201cber\u00e7os das \u00e1guas\u201d, ele abriga as nascentes de oito das 12 bacias hidrogr\u00e1ficas do Brasil.\u00a0","breadcrumb":{"@id":"https:\/\/www.fatosefotosnews.com.br\/?p=147411#breadcrumb"},"inLanguage":"pt-BR","potentialAction":[{"@type":"ReadAction","target":["https:\/\/www.fatosefotosnews.com.br\/?p=147411"]}]},{"@type":"ImageObject","inLanguage":"pt-BR","@id":"https:\/\/www.fatosefotosnews.com.br\/?p=147411#primaryimage","url":"https:\/\/agenciabrasil.ebc.com.br\/ebc.png?id=1665891&amp;o=node","contentUrl":"https:\/\/agenciabrasil.ebc.com.br\/ebc.png?id=1665891&amp;o=node"},{"@type":"BreadcrumbList","@id":"https:\/\/www.fatosefotosnews.com.br\/?p=147411#breadcrumb","itemListElement":[{"@type":"ListItem","position":1,"name":"In\u00edcio","item":"https:\/\/www.fatosefotosnews.com.br\/"},{"@type":"ListItem","position":2,"name":"Fronteira Cerrado: ativistas pedem mesma prioridade dada \u00e0 Amaz\u00f4nia"}]},{"@type":"WebSite","@id":"https:\/\/www.fatosefotosnews.com.br\/#website","url":"https:\/\/www.fatosefotosnews.com.br\/","name":"Fatos e Fotos News","description":"Um site de noticial verdadeira e confi\u00e1veis.","publisher":{"@id":"https:\/\/www.fatosefotosnews.com.br\/#organization"},"potentialAction":[{"@type":"SearchAction","target":{"@type":"EntryPoint","urlTemplate":"https:\/\/www.fatosefotosnews.com.br\/?s={search_term_string}"},"query-input":{"@type":"PropertyValueSpecification","valueRequired":true,"valueName":"search_term_string"}}],"inLanguage":"pt-BR"},{"@type":"Organization","@id":"https:\/\/www.fatosefotosnews.com.br\/#organization","name":"Fatos e Fotos News","url":"https:\/\/www.fatosefotosnews.com.br\/","logo":{"@type":"ImageObject","inLanguage":"pt-BR","@id":"https:\/\/www.fatosefotosnews.com.br\/#\/schema\/logo\/image\/","url":"https:\/\/www.fatosefotosnews.com.br\/wp-content\/uploads\/2023\/02\/Fatos-e-Fotos-news-logo.png","contentUrl":"https:\/\/www.fatosefotosnews.com.br\/wp-content\/uploads\/2023\/02\/Fatos-e-Fotos-news-logo.png","width":300,"height":58,"caption":"Fatos e Fotos News"},"image":{"@id":"https:\/\/www.fatosefotosnews.com.br\/#\/schema\/logo\/image\/"}},{"@type":"Person","@id":"https:\/\/www.fatosefotosnews.com.br\/#\/schema\/person\/70ccaf82072edcbc921e1c3ca2259803","name":"fatosefotosnews","image":{"@type":"ImageObject","inLanguage":"pt-BR","@id":"https:\/\/secure.gravatar.com\/avatar\/b347acc00c2543eadf2855e28bb74049205ff50092da0cb7bc50f2652c752f81?s=96&d=mm&r=g","url":"https:\/\/secure.gravatar.com\/avatar\/b347acc00c2543eadf2855e28bb74049205ff50092da0cb7bc50f2652c752f81?s=96&d=mm&r=g","contentUrl":"https:\/\/secure.gravatar.com\/avatar\/b347acc00c2543eadf2855e28bb74049205ff50092da0cb7bc50f2652c752f81?s=96&d=mm&r=g","caption":"fatosefotosnews"},"sameAs":["http:\/\/www.fatosefotosnews.com.br"],"url":"https:\/\/www.fatosefotosnews.com.br\/?author=1"}]}},"jetpack_publicize_connections":[],"blog_post_layout_featured_media_urls":{"thumbnail":"","full":""},"categories_names":{"168":{"name":"Meio Ambiente","link":"https:\/\/www.fatosefotosnews.com.br\/?cat=168"}},"tags_names":{"172":{"name":"Amaz\u00f4nia","link":"https:\/\/www.fatosefotosnews.com.br\/?tag=amazonia"},"2346":{"name":"cerrado","link":"https:\/\/www.fatosefotosnews.com.br\/?tag=cerrado"},"3476":{"name":"natureza","link":"https:\/\/www.fatosefotosnews.com.br\/?tag=natureza"},"28561":{"name":"Preserva\u00e7\u00e3o","link":"https:\/\/www.fatosefotosnews.com.br\/?tag=preservacao"}},"comments_number":"0","wpmagazine_modules_lite_featured_media_urls":{"thumbnail":"","cvmm-medium":"","cvmm-medium-plus":"","cvmm-portrait":"","cvmm-medium-square":"","cvmm-large":"","cvmm-small":"","full":""},"_links":{"self":[{"href":"https:\/\/www.fatosefotosnews.com.br\/index.php?rest_route=\/wp\/v2\/posts\/147411","targetHints":{"allow":["GET"]}}],"collection":[{"href":"https:\/\/www.fatosefotosnews.com.br\/index.php?rest_route=\/wp\/v2\/posts"}],"about":[{"href":"https:\/\/www.fatosefotosnews.com.br\/index.php?rest_route=\/wp\/v2\/types\/post"}],"author":[{"embeddable":true,"href":"https:\/\/www.fatosefotosnews.com.br\/index.php?rest_route=\/wp\/v2\/users\/1"}],"replies":[{"embeddable":true,"href":"https:\/\/www.fatosefotosnews.com.br\/index.php?rest_route=%2Fwp%2Fv2%2Fcomments&post=147411"}],"version-history":[{"count":1,"href":"https:\/\/www.fatosefotosnews.com.br\/index.php?rest_route=\/wp\/v2\/posts\/147411\/revisions"}],"predecessor-version":[{"id":147413,"href":"https:\/\/www.fatosefotosnews.com.br\/index.php?rest_route=\/wp\/v2\/posts\/147411\/revisions\/147413"}],"wp:attachment":[{"href":"https:\/\/www.fatosefotosnews.com.br\/index.php?rest_route=%2Fwp%2Fv2%2Fmedia&parent=147411"}],"wp:term":[{"taxonomy":"category","embeddable":true,"href":"https:\/\/www.fatosefotosnews.com.br\/index.php?rest_route=%2Fwp%2Fv2%2Fcategories&post=147411"},{"taxonomy":"post_tag","embeddable":true,"href":"https:\/\/www.fatosefotosnews.com.br\/index.php?rest_route=%2Fwp%2Fv2%2Ftags&post=147411"}],"curies":[{"name":"wp","href":"https:\/\/api.w.org\/{rel}","templated":true}]}}