{"id":150208,"date":"2026-01-26T10:00:47","date_gmt":"2026-01-26T13:00:47","guid":{"rendered":"https:\/\/www.fatosefotosnews.com.br\/?p=150208"},"modified":"2026-01-25T23:38:40","modified_gmt":"2026-01-26T02:38:40","slug":"capital-paulista-tem-2o-maior-numero-de-mortes-no-transito-em-2025","status":"publish","type":"post","link":"https:\/\/www.fatosefotosnews.com.br\/?p=150208","title":{"rendered":"Capital paulista tem 2\u00ba maior n\u00famero de mortes no tr\u00e2nsito em 2025"},"content":{"rendered":"<p>Foto: Paulo Pinto<\/p>\n<p><strong>A capital paulista registrou, em 2025, o maior n\u00famero de mortes no tr\u00e2nsito desde o ano de 2015.<\/strong> Foram 1.034 \u00f3bitos no ano passado; em 2024, 1.029; e em 2015, 1.101 \u2013 os\u00a0tr\u00eas anos em que as mortes superaram o milhar. Os dados s\u00e3o do Sistema de Informa\u00e7\u00f5es Gerenciais de Sinistros de Tr\u00e2nsito de S\u00e3o Paulo (Infosiga SP).<img decoding=\"async\" src=\"https:\/\/agenciabrasil.ebc.com.br\/ebc.png?id=1675927&amp;o=node\" \/><img decoding=\"async\" src=\"https:\/\/agenciabrasil.ebc.com.br\/ebc.gif?id=1675927&amp;o=node\" \/><\/p>\n<p>Motociclistas formam o maior n\u00famero de v\u00edtimas, com 475 mortes, seguida dos pedestres (410), motoristas e passageiros de autom\u00f3vel (85), ciclistas (35), ocupantes de caminh\u00f5es (6); ocupantes de \u00f4nibus (6); outros (2); e n\u00e3o dispon\u00edvel (15). Segundo os dados, 82% das v\u00edtimas eram homens e 18%, mulheres.<\/p>\n<p><strong>Em 2025, a faixa et\u00e1ria com maior n\u00famero de v\u00edtimas foi a de 25 a 29 anos, <\/strong>seguida da de 20 a 24 anos, e a de 40 a 44 anos. J\u00e1 o dia da semana em que mais mortes foram registradas foi o domingo (180), seguido da sexta-feira (154), e s\u00e1bado (151).<\/p>\n<p><strong>Segundo o membro do Instituto de Engenharia, urbanista e arquiteto Flaminio Fichmann, a alta quantidade de mortes no tr\u00e2nsito paulistano em 2025 pode ser explicada pelo aumento da utiliza\u00e7\u00e3o de motocicletas, movimento que ocorre desde a pandemia de covid-19, e tamb\u00e9m pela migra\u00e7\u00e3o de usu\u00e1rios do transporte coletivo para o transporte individual, modal em que os acidentes s\u00e3o mais frequentes.<\/strong><\/p>\n<p>\u201cA gente teve uma diminui\u00e7\u00e3o do volume de pessoas utilizando o transporte p\u00fablico, metr\u00f4, trem e \u00f4nibus. E essa redu\u00e7\u00e3o transferiu esse pessoal para o transporte individual, que \u00e9 mais perigoso. O transporte p\u00fablico \u00e9 muito seguro de maneira geral, s\u00e3o raros os acidentes fatais. Em contrapartida, os acidentes que envolvem motocicletas e, depois, autom\u00f3veis, s\u00e3o consider\u00e1veis\u201d, destaca.<\/p>\n<p><strong>De acordo com Fichmann, as mortes no tr\u00e2nsito podem ser mitigadas com o incentivo, pelo poder p\u00fablico, ao uso do transporte coletivo, o que beneficiaria tamb\u00e9m o sistema p\u00fablico de sa\u00fade.<\/strong><\/p>\n<p>\u201cA cidade n\u00e3o tem espa\u00e7o vi\u00e1rio suficiente para abrigar uma quantidade cada vez maior de viagens, seja por motocicleta, seja por autom\u00f3veis. Isso produz enormes congestionamentos e todas as demais consequ\u00eancias, como polui\u00e7\u00e3o, e toda sorte de problemas, como acidentes e o consequente maior n\u00famero de interna\u00e7\u00f5es\u201d.<\/p>\n<p>Em nota, a Prefeitura de S\u00e3o Paulo disse que tem adotado diversas medidas para aumentar a seguran\u00e7a no vi\u00e1rio urbano, como \u00c1reas Calmas, com limite de 30 km\/h, Rotas Escolares Seguras, redu\u00e7\u00e3o de velocidade em vias, amplia\u00e7\u00e3o do tempo de travessia, implanta\u00e7\u00e3o de mais de 10 mil faixas de pedestres, travessias elevadas, minirrotat\u00f3rias e o Programa Operacional de Seguran\u00e7a, em locais com maior \u00edndice de acidentes.<\/p>\n<p>\u201cAl\u00e9m dos Programas de Seguran\u00e7a Vi\u00e1ria, o Plano de Metas Municipal inclui a implanta\u00e7\u00e3o de tempo integral nas passagens de pedestres semaforizadas em vias com canteiro central, evitando assim longos tempos de espera, e as Frentes Seguras (boxes de motos na espera do sem\u00e1foro veicular), que ampliam a seguran\u00e7a e a visibilidade entre pedestres e ve\u00edculos\u201d.<\/p>\n","protected":false},"excerpt":{"rendered":"<p>Foto: Paulo Pinto A capital paulista registrou, em 2025, o maior n\u00famero de mortes no tr\u00e2nsito desde o ano de 2015. Foram 1.034 \u00f3bitos no ano passado; em 2024, 1.029; e em 2015, 1.101 \u2013 os\u00a0tr\u00eas anos em que as mortes superaram o milhar. Os dados s\u00e3o do Sistema de Informa\u00e7\u00f5es Gerenciais de Sinistros de [&hellip;]<\/p>\n","protected":false},"author":12,"featured_media":0,"comment_status":"closed","ping_status":"open","sticky":false,"template":"","format":"standard","meta":{"_acf_changed":false,"_angie_page":false,"_monsterinsights_skip_tracking":false,"_themeisle_gutenberg_block_has_review":false,"page_builder":"","footnotes":"","jetpack_publicize_message":"","jetpack_publicize_feature_enabled":true,"jetpack_social_post_already_shared":true,"jetpack_social_options":{"image_generator_settings":{"template":"highway","default_image_id":0,"font":"","enabled":false},"version":2}},"categories":[167],"tags":[852,1395,483,1229,1390,743],"class_list":["post-150208","post","type-post","status-publish","format-standard","hentry","category-geral","tag-capital","tag-maior","tag-mortes","tag-numero","tag-paulista","tag-transito"],"acf":[],"nelio_content":{"autoShareEndMode":"never","automationSources":{"useCustomSentences":false,"customSentences":[]},"efiAlt":"","efiUrl":"","followers":[12],"highlights":[],"isAutoShareEnabled":true,"networkImageIds":[],"permalinkQueryArgs":[],"series":[],"suggestedReferences":[]},"yoast_head":"<!-- This site is optimized with the Yoast SEO plugin v28.3 - https:\/\/yoast.com\/product\/yoast-seo-wordpress\/ -->\n<title>Capital paulista tem 2\u00ba maior n\u00famero de mortes no tr\u00e2nsito em 2025 - Fatos e Fotos News<\/title>\n<meta name=\"robots\" content=\"index, follow, max-snippet:-1, max-image-preview:large, max-video-preview:-1\" \/>\n<link rel=\"canonical\" href=\"https:\/\/www.fatosefotosnews.com.br\/?p=150208\" \/>\n<meta property=\"og:locale\" content=\"pt_BR\" \/>\n<meta property=\"og:type\" content=\"article\" \/>\n<meta property=\"og:title\" content=\"Capital paulista tem 2\u00ba maior n\u00famero de mortes no tr\u00e2nsito em 2025 - Fatos e Fotos News\" \/>\n<meta property=\"og:description\" content=\"Foto: Paulo Pinto A capital paulista registrou, em 2025, o maior n\u00famero de mortes no tr\u00e2nsito desde o ano de 2015. Foram 1.034 \u00f3bitos no ano passado; em 2024, 1.029; e em 2015, 1.101 \u2013 os\u00a0tr\u00eas anos em que as mortes superaram o milhar. Os dados s\u00e3o do Sistema de Informa\u00e7\u00f5es Gerenciais de Sinistros de [&hellip;]\" \/>\n<meta property=\"og:url\" content=\"https:\/\/www.fatosefotosnews.com.br\/?p=150208\" \/>\n<meta property=\"og:site_name\" content=\"Fatos e Fotos News\" \/>\n<meta property=\"article:published_time\" content=\"2026-01-26T13:00:47+00:00\" \/>\n<meta property=\"og:image\" content=\"https:\/\/agenciabrasil.ebc.com.br\/ebc.png?id=1675927&amp;o=node\" \/>\n<meta name=\"author\" content=\"Mirela Portugal\" \/>\n<meta name=\"twitter:card\" content=\"summary_large_image\" \/>\n<meta name=\"twitter:label1\" content=\"Escrito por\" \/>\n\t<meta name=\"twitter:data1\" content=\"Mirela Portugal\" \/>\n\t<meta name=\"twitter:label2\" content=\"Est. tempo de leitura\" \/>\n\t<meta name=\"twitter:data2\" content=\"4 minutos\" \/>\n<script type=\"application\/ld+json\" class=\"yoast-schema-graph\">{\"@context\":\"https:\\\/\\\/schema.org\",\"@graph\":[{\"@type\":\"Article\",\"@id\":\"https:\\\/\\\/www.fatosefotosnews.com.br\\\/?p=150208#article\",\"isPartOf\":{\"@id\":\"https:\\\/\\\/www.fatosefotosnews.com.br\\\/?p=150208\"},\"author\":{\"name\":\"Mirela Portugal\",\"@id\":\"https:\\\/\\\/www.fatosefotosnews.com.br\\\/#\\\/schema\\\/person\\\/17b18da658f5277ed99382206a85602f\"},\"headline\":\"Capital paulista tem 2\u00ba maior n\u00famero de mortes no tr\u00e2nsito em 2025\",\"datePublished\":\"2026-01-26T13:00:47+00:00\",\"mainEntityOfPage\":{\"@id\":\"https:\\\/\\\/www.fatosefotosnews.com.br\\\/?p=150208\"},\"wordCount\":520,\"publisher\":{\"@id\":\"https:\\\/\\\/www.fatosefotosnews.com.br\\\/#organization\"},\"image\":{\"@id\":\"https:\\\/\\\/www.fatosefotosnews.com.br\\\/?p=150208#primaryimage\"},\"thumbnailUrl\":\"https:\\\/\\\/agenciabrasil.ebc.com.br\\\/ebc.png?id=1675927&amp;o=node\",\"keywords\":[\"capital\",\"maior\",\"mortes\",\"numero\",\"paulista\",\"transito\"],\"articleSection\":[\"Geral\"],\"inLanguage\":\"pt-BR\"},{\"@type\":\"WebPage\",\"@id\":\"https:\\\/\\\/www.fatosefotosnews.com.br\\\/?p=150208\",\"url\":\"https:\\\/\\\/www.fatosefotosnews.com.br\\\/?p=150208\",\"name\":\"Capital paulista tem 2\u00ba maior n\u00famero de mortes no tr\u00e2nsito em 2025 - Fatos e Fotos News\",\"isPartOf\":{\"@id\":\"https:\\\/\\\/www.fatosefotosnews.com.br\\\/#website\"},\"primaryImageOfPage\":{\"@id\":\"https:\\\/\\\/www.fatosefotosnews.com.br\\\/?p=150208#primaryimage\"},\"image\":{\"@id\":\"https:\\\/\\\/www.fatosefotosnews.com.br\\\/?p=150208#primaryimage\"},\"thumbnailUrl\":\"https:\\\/\\\/agenciabrasil.ebc.com.br\\\/ebc.png?id=1675927&amp;o=node\",\"datePublished\":\"2026-01-26T13:00:47+00:00\",\"breadcrumb\":{\"@id\":\"https:\\\/\\\/www.fatosefotosnews.com.br\\\/?p=150208#breadcrumb\"},\"inLanguage\":\"pt-BR\",\"potentialAction\":[{\"@type\":\"ReadAction\",\"target\":[\"https:\\\/\\\/www.fatosefotosnews.com.br\\\/?p=150208\"]}]},{\"@type\":\"ImageObject\",\"inLanguage\":\"pt-BR\",\"@id\":\"https:\\\/\\\/www.fatosefotosnews.com.br\\\/?p=150208#primaryimage\",\"url\":\"https:\\\/\\\/agenciabrasil.ebc.com.br\\\/ebc.png?id=1675927&amp;o=node\",\"contentUrl\":\"https:\\\/\\\/agenciabrasil.ebc.com.br\\\/ebc.png?id=1675927&amp;o=node\"},{\"@type\":\"BreadcrumbList\",\"@id\":\"https:\\\/\\\/www.fatosefotosnews.com.br\\\/?p=150208#breadcrumb\",\"itemListElement\":[{\"@type\":\"ListItem\",\"position\":1,\"name\":\"In\u00edcio\",\"item\":\"https:\\\/\\\/www.fatosefotosnews.com.br\\\/\"},{\"@type\":\"ListItem\",\"position\":2,\"name\":\"Capital paulista tem 2\u00ba maior n\u00famero de mortes no tr\u00e2nsito em 2025\"}]},{\"@type\":\"WebSite\",\"@id\":\"https:\\\/\\\/www.fatosefotosnews.com.br\\\/#website\",\"url\":\"https:\\\/\\\/www.fatosefotosnews.com.br\\\/\",\"name\":\"Fatos e Fotos News\",\"description\":\"Um site de noticial verdadeira e confi\u00e1veis.\",\"publisher\":{\"@id\":\"https:\\\/\\\/www.fatosefotosnews.com.br\\\/#organization\"},\"potentialAction\":[{\"@type\":\"SearchAction\",\"target\":{\"@type\":\"EntryPoint\",\"urlTemplate\":\"https:\\\/\\\/www.fatosefotosnews.com.br\\\/?s={search_term_string}\"},\"query-input\":{\"@type\":\"PropertyValueSpecification\",\"valueRequired\":true,\"valueName\":\"search_term_string\"}}],\"inLanguage\":\"pt-BR\"},{\"@type\":\"Organization\",\"@id\":\"https:\\\/\\\/www.fatosefotosnews.com.br\\\/#organization\",\"name\":\"Fatos e Fotos News\",\"url\":\"https:\\\/\\\/www.fatosefotosnews.com.br\\\/\",\"logo\":{\"@type\":\"ImageObject\",\"inLanguage\":\"pt-BR\",\"@id\":\"https:\\\/\\\/www.fatosefotosnews.com.br\\\/#\\\/schema\\\/logo\\\/image\\\/\",\"url\":\"https:\\\/\\\/www.fatosefotosnews.com.br\\\/wp-content\\\/uploads\\\/2023\\\/02\\\/Fatos-e-Fotos-news-logo.png\",\"contentUrl\":\"https:\\\/\\\/www.fatosefotosnews.com.br\\\/wp-content\\\/uploads\\\/2023\\\/02\\\/Fatos-e-Fotos-news-logo.png\",\"width\":300,\"height\":58,\"caption\":\"Fatos e Fotos News\"},\"image\":{\"@id\":\"https:\\\/\\\/www.fatosefotosnews.com.br\\\/#\\\/schema\\\/logo\\\/image\\\/\"}},{\"@type\":\"Person\",\"@id\":\"https:\\\/\\\/www.fatosefotosnews.com.br\\\/#\\\/schema\\\/person\\\/17b18da658f5277ed99382206a85602f\",\"name\":\"Mirela Portugal\",\"image\":{\"@type\":\"ImageObject\",\"inLanguage\":\"pt-BR\",\"@id\":\"https:\\\/\\\/secure.gravatar.com\\\/avatar\\\/2f92fb43fda38d1a46cf4a155e1c2951193d91d9bed3df97fce720eeb9595d08?s=96&d=mm&r=g\",\"url\":\"https:\\\/\\\/secure.gravatar.com\\\/avatar\\\/2f92fb43fda38d1a46cf4a155e1c2951193d91d9bed3df97fce720eeb9595d08?s=96&d=mm&r=g\",\"contentUrl\":\"https:\\\/\\\/secure.gravatar.com\\\/avatar\\\/2f92fb43fda38d1a46cf4a155e1c2951193d91d9bed3df97fce720eeb9595d08?s=96&d=mm&r=g\",\"caption\":\"Mirela Portugal\"},\"sameAs\":[\"http:\\\/\\\/fatosefotosnews.com.br\"],\"url\":\"https:\\\/\\\/www.fatosefotosnews.com.br\\\/?author=12\"}]}<\/script>\n<!-- \/ Yoast SEO plugin. -->","yoast_head_json":{"title":"Capital paulista tem 2\u00ba maior n\u00famero de mortes no tr\u00e2nsito em 2025 - Fatos e Fotos News","robots":{"index":"index","follow":"follow","max-snippet":"max-snippet:-1","max-image-preview":"max-image-preview:large","max-video-preview":"max-video-preview:-1"},"canonical":"https:\/\/www.fatosefotosnews.com.br\/?p=150208","og_locale":"pt_BR","og_type":"article","og_title":"Capital paulista tem 2\u00ba maior n\u00famero de mortes no tr\u00e2nsito em 2025 - Fatos e Fotos News","og_description":"Foto: Paulo Pinto A capital paulista registrou, em 2025, o maior n\u00famero de mortes no tr\u00e2nsito desde o ano de 2015. Foram 1.034 \u00f3bitos no ano passado; em 2024, 1.029; e em 2015, 1.101 \u2013 os\u00a0tr\u00eas anos em que as mortes superaram o milhar. Os dados s\u00e3o do Sistema de Informa\u00e7\u00f5es Gerenciais de Sinistros de [&hellip;]","og_url":"https:\/\/www.fatosefotosnews.com.br\/?p=150208","og_site_name":"Fatos e Fotos News","article_published_time":"2026-01-26T13:00:47+00:00","og_image":[{"url":"https:\/\/agenciabrasil.ebc.com.br\/ebc.png?id=1675927&amp;o=node","type":"","width":"","height":""}],"author":"Mirela Portugal","twitter_card":"summary_large_image","twitter_misc":{"Escrito por":"Mirela Portugal","Est. tempo de leitura":"4 minutos"},"schema":{"@context":"https:\/\/schema.org","@graph":[{"@type":"Article","@id":"https:\/\/www.fatosefotosnews.com.br\/?p=150208#article","isPartOf":{"@id":"https:\/\/www.fatosefotosnews.com.br\/?p=150208"},"author":{"name":"Mirela Portugal","@id":"https:\/\/www.fatosefotosnews.com.br\/#\/schema\/person\/17b18da658f5277ed99382206a85602f"},"headline":"Capital paulista tem 2\u00ba maior n\u00famero de mortes no tr\u00e2nsito em 2025","datePublished":"2026-01-26T13:00:47+00:00","mainEntityOfPage":{"@id":"https:\/\/www.fatosefotosnews.com.br\/?p=150208"},"wordCount":520,"publisher":{"@id":"https:\/\/www.fatosefotosnews.com.br\/#organization"},"image":{"@id":"https:\/\/www.fatosefotosnews.com.br\/?p=150208#primaryimage"},"thumbnailUrl":"https:\/\/agenciabrasil.ebc.com.br\/ebc.png?id=1675927&amp;o=node","keywords":["capital","maior","mortes","numero","paulista","transito"],"articleSection":["Geral"],"inLanguage":"pt-BR"},{"@type":"WebPage","@id":"https:\/\/www.fatosefotosnews.com.br\/?p=150208","url":"https:\/\/www.fatosefotosnews.com.br\/?p=150208","name":"Capital paulista tem 2\u00ba maior n\u00famero de mortes no tr\u00e2nsito em 2025 - Fatos e Fotos News","isPartOf":{"@id":"https:\/\/www.fatosefotosnews.com.br\/#website"},"primaryImageOfPage":{"@id":"https:\/\/www.fatosefotosnews.com.br\/?p=150208#primaryimage"},"image":{"@id":"https:\/\/www.fatosefotosnews.com.br\/?p=150208#primaryimage"},"thumbnailUrl":"https:\/\/agenciabrasil.ebc.com.br\/ebc.png?id=1675927&amp;o=node","datePublished":"2026-01-26T13:00:47+00:00","breadcrumb":{"@id":"https:\/\/www.fatosefotosnews.com.br\/?p=150208#breadcrumb"},"inLanguage":"pt-BR","potentialAction":[{"@type":"ReadAction","target":["https:\/\/www.fatosefotosnews.com.br\/?p=150208"]}]},{"@type":"ImageObject","inLanguage":"pt-BR","@id":"https:\/\/www.fatosefotosnews.com.br\/?p=150208#primaryimage","url":"https:\/\/agenciabrasil.ebc.com.br\/ebc.png?id=1675927&amp;o=node","contentUrl":"https:\/\/agenciabrasil.ebc.com.br\/ebc.png?id=1675927&amp;o=node"},{"@type":"BreadcrumbList","@id":"https:\/\/www.fatosefotosnews.com.br\/?p=150208#breadcrumb","itemListElement":[{"@type":"ListItem","position":1,"name":"In\u00edcio","item":"https:\/\/www.fatosefotosnews.com.br\/"},{"@type":"ListItem","position":2,"name":"Capital paulista tem 2\u00ba maior n\u00famero de mortes no tr\u00e2nsito em 2025"}]},{"@type":"WebSite","@id":"https:\/\/www.fatosefotosnews.com.br\/#website","url":"https:\/\/www.fatosefotosnews.com.br\/","name":"Fatos e Fotos News","description":"Um site de noticial verdadeira e confi\u00e1veis.","publisher":{"@id":"https:\/\/www.fatosefotosnews.com.br\/#organization"},"potentialAction":[{"@type":"SearchAction","target":{"@type":"EntryPoint","urlTemplate":"https:\/\/www.fatosefotosnews.com.br\/?s={search_term_string}"},"query-input":{"@type":"PropertyValueSpecification","valueRequired":true,"valueName":"search_term_string"}}],"inLanguage":"pt-BR"},{"@type":"Organization","@id":"https:\/\/www.fatosefotosnews.com.br\/#organization","name":"Fatos e Fotos News","url":"https:\/\/www.fatosefotosnews.com.br\/","logo":{"@type":"ImageObject","inLanguage":"pt-BR","@id":"https:\/\/www.fatosefotosnews.com.br\/#\/schema\/logo\/image\/","url":"https:\/\/www.fatosefotosnews.com.br\/wp-content\/uploads\/2023\/02\/Fatos-e-Fotos-news-logo.png","contentUrl":"https:\/\/www.fatosefotosnews.com.br\/wp-content\/uploads\/2023\/02\/Fatos-e-Fotos-news-logo.png","width":300,"height":58,"caption":"Fatos e Fotos News"},"image":{"@id":"https:\/\/www.fatosefotosnews.com.br\/#\/schema\/logo\/image\/"}},{"@type":"Person","@id":"https:\/\/www.fatosefotosnews.com.br\/#\/schema\/person\/17b18da658f5277ed99382206a85602f","name":"Mirela Portugal","image":{"@type":"ImageObject","inLanguage":"pt-BR","@id":"https:\/\/secure.gravatar.com\/avatar\/2f92fb43fda38d1a46cf4a155e1c2951193d91d9bed3df97fce720eeb9595d08?s=96&d=mm&r=g","url":"https:\/\/secure.gravatar.com\/avatar\/2f92fb43fda38d1a46cf4a155e1c2951193d91d9bed3df97fce720eeb9595d08?s=96&d=mm&r=g","contentUrl":"https:\/\/secure.gravatar.com\/avatar\/2f92fb43fda38d1a46cf4a155e1c2951193d91d9bed3df97fce720eeb9595d08?s=96&d=mm&r=g","caption":"Mirela Portugal"},"sameAs":["http:\/\/fatosefotosnews.com.br"],"url":"https:\/\/www.fatosefotosnews.com.br\/?author=12"}]}},"jetpack_publicize_connections":[],"blog_post_layout_featured_media_urls":{"thumbnail":"","full":""},"categories_names":{"167":{"name":"Geral","link":"https:\/\/www.fatosefotosnews.com.br\/?cat=167"}},"tags_names":{"852":{"name":"capital","link":"https:\/\/www.fatosefotosnews.com.br\/?tag=capital"},"1395":{"name":"maior","link":"https:\/\/www.fatosefotosnews.com.br\/?tag=maior"},"483":{"name":"mortes","link":"https:\/\/www.fatosefotosnews.com.br\/?tag=mortes"},"1229":{"name":"numero","link":"https:\/\/www.fatosefotosnews.com.br\/?tag=numero"},"1390":{"name":"paulista","link":"https:\/\/www.fatosefotosnews.com.br\/?tag=paulista"},"743":{"name":"transito","link":"https:\/\/www.fatosefotosnews.com.br\/?tag=transito"}},"comments_number":"0","wpmagazine_modules_lite_featured_media_urls":{"thumbnail":"","cvmm-medium":"","cvmm-medium-plus":"","cvmm-portrait":"","cvmm-medium-square":"","cvmm-large":"","cvmm-small":"","full":""},"_links":{"self":[{"href":"https:\/\/www.fatosefotosnews.com.br\/index.php?rest_route=\/wp\/v2\/posts\/150208","targetHints":{"allow":["GET"]}}],"collection":[{"href":"https:\/\/www.fatosefotosnews.com.br\/index.php?rest_route=\/wp\/v2\/posts"}],"about":[{"href":"https:\/\/www.fatosefotosnews.com.br\/index.php?rest_route=\/wp\/v2\/types\/post"}],"author":[{"embeddable":true,"href":"https:\/\/www.fatosefotosnews.com.br\/index.php?rest_route=\/wp\/v2\/users\/12"}],"replies":[{"embeddable":true,"href":"https:\/\/www.fatosefotosnews.com.br\/index.php?rest_route=%2Fwp%2Fv2%2Fcomments&post=150208"}],"version-history":[{"count":1,"href":"https:\/\/www.fatosefotosnews.com.br\/index.php?rest_route=\/wp\/v2\/posts\/150208\/revisions"}],"predecessor-version":[{"id":150210,"href":"https:\/\/www.fatosefotosnews.com.br\/index.php?rest_route=\/wp\/v2\/posts\/150208\/revisions\/150210"}],"wp:attachment":[{"href":"https:\/\/www.fatosefotosnews.com.br\/index.php?rest_route=%2Fwp%2Fv2%2Fmedia&parent=150208"}],"wp:term":[{"taxonomy":"category","embeddable":true,"href":"https:\/\/www.fatosefotosnews.com.br\/index.php?rest_route=%2Fwp%2Fv2%2Fcategories&post=150208"},{"taxonomy":"post_tag","embeddable":true,"href":"https:\/\/www.fatosefotosnews.com.br\/index.php?rest_route=%2Fwp%2Fv2%2Ftags&post=150208"}],"curies":[{"name":"wp","href":"https:\/\/api.w.org\/{rel}","templated":true}]}}