{"id":150523,"date":"2026-02-02T07:00:18","date_gmt":"2026-02-02T10:00:18","guid":{"rendered":"https:\/\/www.fatosefotosnews.com.br\/?p=150523"},"modified":"2026-02-01T21:49:43","modified_gmt":"2026-02-02T00:49:43","slug":"ciclone-extratropical-se-intensifica-em-santa-catarina","status":"publish","type":"post","link":"https:\/\/www.fatosefotosnews.com.br\/?p=150523","title":{"rendered":"Ciclone extratropical se intensifica em Santa Catarina"},"content":{"rendered":"<p>Foto: Corpo de Bombeiros Militar de Santa Catarina<\/p>\n<p>A forma\u00e7\u00e3o de um novo ciclone extratropical na Regi\u00e3o Sul do pa\u00eds est\u00e1 se intensificando em Santa Catarina, com a chegada de temporais isolados, com raios, rajadas de vento, granizo e alagamentos pontuais nas regi\u00f5es do litoral sul e na grande Florian\u00f3polis. Alerta\u00a0meteorol\u00f3gico, divulgado pela Defesa Civil do estado prev\u00ea\u00a0que o temporal permane\u00e7a entre duas e tr\u00eas horas.<img decoding=\"async\" src=\"https:\/\/agenciabrasil.ebc.com.br\/ebc.png?id=1676691&amp;o=node\" \/><img decoding=\"async\" src=\"https:\/\/agenciabrasil.ebc.com.br\/ebc.gif?id=1676691&amp;o=node\" \/><\/p>\n<p><strong>Em nota publicada na \u00faltima sexta-feira (30), a Defesa Civil de Santa Catarina alertava para a forma\u00e7\u00e3o de um ciclone extratropical, com chegada prevista entre a segunda (2) e a quarta-feira (4).<\/strong><\/p>\n<blockquote><p>\u201cO fen\u00f4meno deve se formar pr\u00f3ximo \u00e0 Regi\u00e3o Sudeste e trazer mais chuva ao litoral catarinense. A partir da madrugada de ter\u00e7a-feira (3), os temporais tendem a ganhar intensidade, principalmente entre o litoral norte e a grande Florian\u00f3polis. Os acumulados elevados aumentam o risco para alagamentos, enxurradas e eventuais deslizamentos\u201d.<\/p><\/blockquote>\n<p>A <strong>meteorologista Nicolle Reis, da Defesa Civil, disse\u00a0que \u201cdiferentemente do final de semana, quando as instabilidades s\u00e3o passageiras, a chuva deve ocorrer de forma persistente e volumosa nos pr\u00f3ximos dias\u201d.<\/strong><\/p>\n<p>A Defesa Civil informou ainda que da tarde de hoje para a noite, o aquecimento, a umidade e influ\u00eancia de uma \u00e1rea de baixa press\u00e3o e de ventos mais intensos em diferentes n\u00edveis da atmosfera, voltam a favorecer a forma\u00e7\u00e3o de temporais isolados. \u201cApesar da instabilidade do tempo ficar restrita \u00e0s \u00e1reas mais a leste do estado, como o litoral e Vale do Itaja\u00ed e os temporais serem mais isolados que no dia anterior, eles ainda podem produzir granizo e intensas rajadas de vento de forma localizada\u201d.<\/p>\n","protected":false},"excerpt":{"rendered":"<p>Foto: Corpo de Bombeiros Militar de Santa Catarina A forma\u00e7\u00e3o de um novo ciclone extratropical na Regi\u00e3o Sul do pa\u00eds est\u00e1 se intensificando em Santa Catarina, com a chegada de temporais isolados, com raios, rajadas de vento, granizo e alagamentos pontuais nas regi\u00f5es do litoral sul e na grande Florian\u00f3polis. Alerta\u00a0meteorol\u00f3gico, divulgado pela Defesa Civil [&hellip;]<\/p>\n","protected":false},"author":12,"featured_media":0,"comment_status":"closed","ping_status":"open","sticky":false,"template":"","format":"standard","meta":{"_acf_changed":false,"_angie_page":false,"_monsterinsights_skip_tracking":false,"_themeisle_gutenberg_block_has_review":false,"page_builder":"","footnotes":"","jetpack_publicize_message":"","jetpack_publicize_feature_enabled":true,"jetpack_social_post_already_shared":true,"jetpack_social_options":{"image_generator_settings":{"template":"highway","default_image_id":0,"font":"","enabled":false},"version":2}},"categories":[167],"tags":[1296,3677,3678,5814,1295],"class_list":["post-150523","post","type-post","status-publish","format-standard","hentry","category-geral","tag-catarina","tag-ciclone","tag-extratropical","tag-intensifica","tag-santa"],"acf":[],"nelio_content":{"autoShareEndMode":"never","automationSources":{"useCustomSentences":false,"customSentences":[]},"efiAlt":"","efiUrl":"","followers":[12],"highlights":[],"isAutoShareEnabled":true,"networkImageIds":[],"permalinkQueryArgs":[],"series":[],"suggestedReferences":[]},"yoast_head":"<!-- This site is optimized with the Yoast SEO plugin v28.3 - https:\/\/yoast.com\/product\/yoast-seo-wordpress\/ -->\n<title>Ciclone extratropical se intensifica em Santa Catarina - Fatos e Fotos News<\/title>\n<meta name=\"robots\" content=\"index, follow, max-snippet:-1, max-image-preview:large, max-video-preview:-1\" \/>\n<link rel=\"canonical\" href=\"https:\/\/www.fatosefotosnews.com.br\/?p=150523\" \/>\n<meta property=\"og:locale\" content=\"pt_BR\" \/>\n<meta property=\"og:type\" content=\"article\" \/>\n<meta property=\"og:title\" content=\"Ciclone extratropical se intensifica em Santa Catarina - Fatos e Fotos News\" \/>\n<meta property=\"og:description\" content=\"Foto: Corpo de Bombeiros Militar de Santa Catarina A forma\u00e7\u00e3o de um novo ciclone extratropical na Regi\u00e3o Sul do pa\u00eds est\u00e1 se intensificando em Santa Catarina, com a chegada de temporais isolados, com raios, rajadas de vento, granizo e alagamentos pontuais nas regi\u00f5es do litoral sul e na grande Florian\u00f3polis. Alerta\u00a0meteorol\u00f3gico, divulgado pela Defesa Civil [&hellip;]\" \/>\n<meta property=\"og:url\" content=\"https:\/\/www.fatosefotosnews.com.br\/?p=150523\" \/>\n<meta property=\"og:site_name\" content=\"Fatos e Fotos News\" \/>\n<meta property=\"article:published_time\" content=\"2026-02-02T10:00:18+00:00\" \/>\n<meta property=\"og:image\" content=\"https:\/\/www.fatosefotosnews.com.br\/wp-content\/uploads\/2026\/02\/IMG_1034.webp\" \/>\n\t<meta property=\"og:image:width\" content=\"1170\" \/>\n\t<meta property=\"og:image:height\" content=\"700\" \/>\n\t<meta property=\"og:image:type\" content=\"image\/webp\" \/>\n<meta name=\"author\" content=\"Mirela Portugal\" \/>\n<meta name=\"twitter:card\" content=\"summary_large_image\" \/>\n<meta name=\"twitter:label1\" content=\"Escrito por\" \/>\n\t<meta name=\"twitter:data1\" content=\"Mirela Portugal\" \/>\n\t<meta name=\"twitter:label2\" content=\"Est. tempo de leitura\" \/>\n\t<meta name=\"twitter:data2\" content=\"2 minutos\" \/>\n<script type=\"application\/ld+json\" class=\"yoast-schema-graph\">{\"@context\":\"https:\\\/\\\/schema.org\",\"@graph\":[{\"@type\":\"Article\",\"@id\":\"https:\\\/\\\/www.fatosefotosnews.com.br\\\/?p=150523#article\",\"isPartOf\":{\"@id\":\"https:\\\/\\\/www.fatosefotosnews.com.br\\\/?p=150523\"},\"author\":{\"name\":\"Mirela Portugal\",\"@id\":\"https:\\\/\\\/www.fatosefotosnews.com.br\\\/#\\\/schema\\\/person\\\/17b18da658f5277ed99382206a85602f\"},\"headline\":\"Ciclone extratropical se intensifica em Santa Catarina\",\"datePublished\":\"2026-02-02T10:00:18+00:00\",\"mainEntityOfPage\":{\"@id\":\"https:\\\/\\\/www.fatosefotosnews.com.br\\\/?p=150523\"},\"wordCount\":290,\"publisher\":{\"@id\":\"https:\\\/\\\/www.fatosefotosnews.com.br\\\/#organization\"},\"image\":{\"@id\":\"https:\\\/\\\/www.fatosefotosnews.com.br\\\/?p=150523#primaryimage\"},\"thumbnailUrl\":\"https:\\\/\\\/agenciabrasil.ebc.com.br\\\/ebc.png?id=1676691&amp;o=node\",\"keywords\":[\"catarina\",\"ciclone\",\"extratropical\",\"intensifica\",\"santa\"],\"articleSection\":[\"Geral\"],\"inLanguage\":\"pt-BR\"},{\"@type\":\"WebPage\",\"@id\":\"https:\\\/\\\/www.fatosefotosnews.com.br\\\/?p=150523\",\"url\":\"https:\\\/\\\/www.fatosefotosnews.com.br\\\/?p=150523\",\"name\":\"Ciclone extratropical se intensifica em Santa Catarina - Fatos e Fotos News\",\"isPartOf\":{\"@id\":\"https:\\\/\\\/www.fatosefotosnews.com.br\\\/#website\"},\"primaryImageOfPage\":{\"@id\":\"https:\\\/\\\/www.fatosefotosnews.com.br\\\/?p=150523#primaryimage\"},\"image\":{\"@id\":\"https:\\\/\\\/www.fatosefotosnews.com.br\\\/?p=150523#primaryimage\"},\"thumbnailUrl\":\"https:\\\/\\\/agenciabrasil.ebc.com.br\\\/ebc.png?id=1676691&amp;o=node\",\"datePublished\":\"2026-02-02T10:00:18+00:00\",\"breadcrumb\":{\"@id\":\"https:\\\/\\\/www.fatosefotosnews.com.br\\\/?p=150523#breadcrumb\"},\"inLanguage\":\"pt-BR\",\"potentialAction\":[{\"@type\":\"ReadAction\",\"target\":[\"https:\\\/\\\/www.fatosefotosnews.com.br\\\/?p=150523\"]}]},{\"@type\":\"ImageObject\",\"inLanguage\":\"pt-BR\",\"@id\":\"https:\\\/\\\/www.fatosefotosnews.com.br\\\/?p=150523#primaryimage\",\"url\":\"https:\\\/\\\/agenciabrasil.ebc.com.br\\\/ebc.png?id=1676691&amp;o=node\",\"contentUrl\":\"https:\\\/\\\/agenciabrasil.ebc.com.br\\\/ebc.png?id=1676691&amp;o=node\"},{\"@type\":\"BreadcrumbList\",\"@id\":\"https:\\\/\\\/www.fatosefotosnews.com.br\\\/?p=150523#breadcrumb\",\"itemListElement\":[{\"@type\":\"ListItem\",\"position\":1,\"name\":\"In\u00edcio\",\"item\":\"https:\\\/\\\/www.fatosefotosnews.com.br\\\/\"},{\"@type\":\"ListItem\",\"position\":2,\"name\":\"Ciclone extratropical se intensifica em Santa Catarina\"}]},{\"@type\":\"WebSite\",\"@id\":\"https:\\\/\\\/www.fatosefotosnews.com.br\\\/#website\",\"url\":\"https:\\\/\\\/www.fatosefotosnews.com.br\\\/\",\"name\":\"Fatos e Fotos News\",\"description\":\"Um site de noticial verdadeira e confi\u00e1veis.\",\"publisher\":{\"@id\":\"https:\\\/\\\/www.fatosefotosnews.com.br\\\/#organization\"},\"potentialAction\":[{\"@type\":\"SearchAction\",\"target\":{\"@type\":\"EntryPoint\",\"urlTemplate\":\"https:\\\/\\\/www.fatosefotosnews.com.br\\\/?s={search_term_string}\"},\"query-input\":{\"@type\":\"PropertyValueSpecification\",\"valueRequired\":true,\"valueName\":\"search_term_string\"}}],\"inLanguage\":\"pt-BR\"},{\"@type\":\"Organization\",\"@id\":\"https:\\\/\\\/www.fatosefotosnews.com.br\\\/#organization\",\"name\":\"Fatos e Fotos News\",\"url\":\"https:\\\/\\\/www.fatosefotosnews.com.br\\\/\",\"logo\":{\"@type\":\"ImageObject\",\"inLanguage\":\"pt-BR\",\"@id\":\"https:\\\/\\\/www.fatosefotosnews.com.br\\\/#\\\/schema\\\/logo\\\/image\\\/\",\"url\":\"https:\\\/\\\/www.fatosefotosnews.com.br\\\/wp-content\\\/uploads\\\/2023\\\/02\\\/Fatos-e-Fotos-news-logo.png\",\"contentUrl\":\"https:\\\/\\\/www.fatosefotosnews.com.br\\\/wp-content\\\/uploads\\\/2023\\\/02\\\/Fatos-e-Fotos-news-logo.png\",\"width\":300,\"height\":58,\"caption\":\"Fatos e Fotos News\"},\"image\":{\"@id\":\"https:\\\/\\\/www.fatosefotosnews.com.br\\\/#\\\/schema\\\/logo\\\/image\\\/\"}},{\"@type\":\"Person\",\"@id\":\"https:\\\/\\\/www.fatosefotosnews.com.br\\\/#\\\/schema\\\/person\\\/17b18da658f5277ed99382206a85602f\",\"name\":\"Mirela Portugal\",\"image\":{\"@type\":\"ImageObject\",\"inLanguage\":\"pt-BR\",\"@id\":\"https:\\\/\\\/secure.gravatar.com\\\/avatar\\\/2f92fb43fda38d1a46cf4a155e1c2951193d91d9bed3df97fce720eeb9595d08?s=96&d=mm&r=g\",\"url\":\"https:\\\/\\\/secure.gravatar.com\\\/avatar\\\/2f92fb43fda38d1a46cf4a155e1c2951193d91d9bed3df97fce720eeb9595d08?s=96&d=mm&r=g\",\"contentUrl\":\"https:\\\/\\\/secure.gravatar.com\\\/avatar\\\/2f92fb43fda38d1a46cf4a155e1c2951193d91d9bed3df97fce720eeb9595d08?s=96&d=mm&r=g\",\"caption\":\"Mirela Portugal\"},\"sameAs\":[\"http:\\\/\\\/fatosefotosnews.com.br\"],\"url\":\"https:\\\/\\\/www.fatosefotosnews.com.br\\\/?author=12\"}]}<\/script>\n<!-- \/ Yoast SEO plugin. -->","yoast_head_json":{"title":"Ciclone extratropical se intensifica em Santa Catarina - Fatos e Fotos News","robots":{"index":"index","follow":"follow","max-snippet":"max-snippet:-1","max-image-preview":"max-image-preview:large","max-video-preview":"max-video-preview:-1"},"canonical":"https:\/\/www.fatosefotosnews.com.br\/?p=150523","og_locale":"pt_BR","og_type":"article","og_title":"Ciclone extratropical se intensifica em Santa Catarina - Fatos e Fotos News","og_description":"Foto: Corpo de Bombeiros Militar de Santa Catarina A forma\u00e7\u00e3o de um novo ciclone extratropical na Regi\u00e3o Sul do pa\u00eds est\u00e1 se intensificando em Santa Catarina, com a chegada de temporais isolados, com raios, rajadas de vento, granizo e alagamentos pontuais nas regi\u00f5es do litoral sul e na grande Florian\u00f3polis. Alerta\u00a0meteorol\u00f3gico, divulgado pela Defesa Civil [&hellip;]","og_url":"https:\/\/www.fatosefotosnews.com.br\/?p=150523","og_site_name":"Fatos e Fotos News","article_published_time":"2026-02-02T10:00:18+00:00","og_image":[{"width":1170,"height":700,"url":"https:\/\/www.fatosefotosnews.com.br\/wp-content\/uploads\/2026\/02\/IMG_1034.webp","type":"image\/webp"}],"author":"Mirela Portugal","twitter_card":"summary_large_image","twitter_misc":{"Escrito por":"Mirela Portugal","Est. tempo de leitura":"2 minutos"},"schema":{"@context":"https:\/\/schema.org","@graph":[{"@type":"Article","@id":"https:\/\/www.fatosefotosnews.com.br\/?p=150523#article","isPartOf":{"@id":"https:\/\/www.fatosefotosnews.com.br\/?p=150523"},"author":{"name":"Mirela Portugal","@id":"https:\/\/www.fatosefotosnews.com.br\/#\/schema\/person\/17b18da658f5277ed99382206a85602f"},"headline":"Ciclone extratropical se intensifica em Santa Catarina","datePublished":"2026-02-02T10:00:18+00:00","mainEntityOfPage":{"@id":"https:\/\/www.fatosefotosnews.com.br\/?p=150523"},"wordCount":290,"publisher":{"@id":"https:\/\/www.fatosefotosnews.com.br\/#organization"},"image":{"@id":"https:\/\/www.fatosefotosnews.com.br\/?p=150523#primaryimage"},"thumbnailUrl":"https:\/\/agenciabrasil.ebc.com.br\/ebc.png?id=1676691&amp;o=node","keywords":["catarina","ciclone","extratropical","intensifica","santa"],"articleSection":["Geral"],"inLanguage":"pt-BR"},{"@type":"WebPage","@id":"https:\/\/www.fatosefotosnews.com.br\/?p=150523","url":"https:\/\/www.fatosefotosnews.com.br\/?p=150523","name":"Ciclone extratropical se intensifica em Santa Catarina - Fatos e Fotos News","isPartOf":{"@id":"https:\/\/www.fatosefotosnews.com.br\/#website"},"primaryImageOfPage":{"@id":"https:\/\/www.fatosefotosnews.com.br\/?p=150523#primaryimage"},"image":{"@id":"https:\/\/www.fatosefotosnews.com.br\/?p=150523#primaryimage"},"thumbnailUrl":"https:\/\/agenciabrasil.ebc.com.br\/ebc.png?id=1676691&amp;o=node","datePublished":"2026-02-02T10:00:18+00:00","breadcrumb":{"@id":"https:\/\/www.fatosefotosnews.com.br\/?p=150523#breadcrumb"},"inLanguage":"pt-BR","potentialAction":[{"@type":"ReadAction","target":["https:\/\/www.fatosefotosnews.com.br\/?p=150523"]}]},{"@type":"ImageObject","inLanguage":"pt-BR","@id":"https:\/\/www.fatosefotosnews.com.br\/?p=150523#primaryimage","url":"https:\/\/agenciabrasil.ebc.com.br\/ebc.png?id=1676691&amp;o=node","contentUrl":"https:\/\/agenciabrasil.ebc.com.br\/ebc.png?id=1676691&amp;o=node"},{"@type":"BreadcrumbList","@id":"https:\/\/www.fatosefotosnews.com.br\/?p=150523#breadcrumb","itemListElement":[{"@type":"ListItem","position":1,"name":"In\u00edcio","item":"https:\/\/www.fatosefotosnews.com.br\/"},{"@type":"ListItem","position":2,"name":"Ciclone extratropical se intensifica em Santa Catarina"}]},{"@type":"WebSite","@id":"https:\/\/www.fatosefotosnews.com.br\/#website","url":"https:\/\/www.fatosefotosnews.com.br\/","name":"Fatos e Fotos News","description":"Um site de noticial verdadeira e confi\u00e1veis.","publisher":{"@id":"https:\/\/www.fatosefotosnews.com.br\/#organization"},"potentialAction":[{"@type":"SearchAction","target":{"@type":"EntryPoint","urlTemplate":"https:\/\/www.fatosefotosnews.com.br\/?s={search_term_string}"},"query-input":{"@type":"PropertyValueSpecification","valueRequired":true,"valueName":"search_term_string"}}],"inLanguage":"pt-BR"},{"@type":"Organization","@id":"https:\/\/www.fatosefotosnews.com.br\/#organization","name":"Fatos e Fotos News","url":"https:\/\/www.fatosefotosnews.com.br\/","logo":{"@type":"ImageObject","inLanguage":"pt-BR","@id":"https:\/\/www.fatosefotosnews.com.br\/#\/schema\/logo\/image\/","url":"https:\/\/www.fatosefotosnews.com.br\/wp-content\/uploads\/2023\/02\/Fatos-e-Fotos-news-logo.png","contentUrl":"https:\/\/www.fatosefotosnews.com.br\/wp-content\/uploads\/2023\/02\/Fatos-e-Fotos-news-logo.png","width":300,"height":58,"caption":"Fatos e Fotos News"},"image":{"@id":"https:\/\/www.fatosefotosnews.com.br\/#\/schema\/logo\/image\/"}},{"@type":"Person","@id":"https:\/\/www.fatosefotosnews.com.br\/#\/schema\/person\/17b18da658f5277ed99382206a85602f","name":"Mirela Portugal","image":{"@type":"ImageObject","inLanguage":"pt-BR","@id":"https:\/\/secure.gravatar.com\/avatar\/2f92fb43fda38d1a46cf4a155e1c2951193d91d9bed3df97fce720eeb9595d08?s=96&d=mm&r=g","url":"https:\/\/secure.gravatar.com\/avatar\/2f92fb43fda38d1a46cf4a155e1c2951193d91d9bed3df97fce720eeb9595d08?s=96&d=mm&r=g","contentUrl":"https:\/\/secure.gravatar.com\/avatar\/2f92fb43fda38d1a46cf4a155e1c2951193d91d9bed3df97fce720eeb9595d08?s=96&d=mm&r=g","caption":"Mirela Portugal"},"sameAs":["http:\/\/fatosefotosnews.com.br"],"url":"https:\/\/www.fatosefotosnews.com.br\/?author=12"}]}},"jetpack_publicize_connections":[],"blog_post_layout_featured_media_urls":{"thumbnail":"","full":""},"categories_names":{"167":{"name":"Geral","link":"https:\/\/www.fatosefotosnews.com.br\/?cat=167"}},"tags_names":{"1296":{"name":"catarina","link":"https:\/\/www.fatosefotosnews.com.br\/?tag=catarina"},"3677":{"name":"ciclone","link":"https:\/\/www.fatosefotosnews.com.br\/?tag=ciclone"},"3678":{"name":"extratropical","link":"https:\/\/www.fatosefotosnews.com.br\/?tag=extratropical"},"5814":{"name":"intensifica","link":"https:\/\/www.fatosefotosnews.com.br\/?tag=intensifica"},"1295":{"name":"santa","link":"https:\/\/www.fatosefotosnews.com.br\/?tag=santa"}},"comments_number":"0","wpmagazine_modules_lite_featured_media_urls":{"thumbnail":"","cvmm-medium":"","cvmm-medium-plus":"","cvmm-portrait":"","cvmm-medium-square":"","cvmm-large":"","cvmm-small":"","full":""},"_links":{"self":[{"href":"https:\/\/www.fatosefotosnews.com.br\/index.php?rest_route=\/wp\/v2\/posts\/150523","targetHints":{"allow":["GET"]}}],"collection":[{"href":"https:\/\/www.fatosefotosnews.com.br\/index.php?rest_route=\/wp\/v2\/posts"}],"about":[{"href":"https:\/\/www.fatosefotosnews.com.br\/index.php?rest_route=\/wp\/v2\/types\/post"}],"author":[{"embeddable":true,"href":"https:\/\/www.fatosefotosnews.com.br\/index.php?rest_route=\/wp\/v2\/users\/12"}],"replies":[{"embeddable":true,"href":"https:\/\/www.fatosefotosnews.com.br\/index.php?rest_route=%2Fwp%2Fv2%2Fcomments&post=150523"}],"version-history":[{"count":1,"href":"https:\/\/www.fatosefotosnews.com.br\/index.php?rest_route=\/wp\/v2\/posts\/150523\/revisions"}],"predecessor-version":[{"id":150525,"href":"https:\/\/www.fatosefotosnews.com.br\/index.php?rest_route=\/wp\/v2\/posts\/150523\/revisions\/150525"}],"wp:attachment":[{"href":"https:\/\/www.fatosefotosnews.com.br\/index.php?rest_route=%2Fwp%2Fv2%2Fmedia&parent=150523"}],"wp:term":[{"taxonomy":"category","embeddable":true,"href":"https:\/\/www.fatosefotosnews.com.br\/index.php?rest_route=%2Fwp%2Fv2%2Fcategories&post=150523"},{"taxonomy":"post_tag","embeddable":true,"href":"https:\/\/www.fatosefotosnews.com.br\/index.php?rest_route=%2Fwp%2Fv2%2Ftags&post=150523"}],"curies":[{"name":"wp","href":"https:\/\/api.w.org\/{rel}","templated":true}]}}