{"id":152660,"date":"2026-03-20T07:56:02","date_gmt":"2026-03-20T10:56:02","guid":{"rendered":"https:\/\/www.fatosefotosnews.com.br\/?p=152660"},"modified":"2026-03-19T18:58:09","modified_gmt":"2026-03-19T21:58:09","slug":"gleisi-reforca-necessidade-de-adesao-ao-pacto-contra-o-feminicidio","status":"publish","type":"post","link":"https:\/\/www.fatosefotosnews.com.br\/?p=152660","title":{"rendered":"Gleisi refor\u00e7a necessidade de ades\u00e3o ao pacto contra o feminic\u00eddio"},"content":{"rendered":"<p>Foto: Ricardo Stuckert\/PR<\/p>\n<div class=\"conteudo-noticia\">\n<p>Ao participar da abertura da 17\u00aa Caravana Federativa, na capital paulista, nesta quinta-feira (19), a ministra da Secretaria de Rela\u00e7\u00f5es Institucionais da Presid\u00eancia da Rep\u00fablica, Gleisi Hoffmann, refor\u00e7ou o convite aos munic\u00edpios feito pelo presidente Luiz In\u00e1cio Lula da Silva, para que aderissem ao Pacto Nacional \u2013 Brasil contra o Feminic\u00eddio,\u00a0<a href=\"https:\/\/agenciabrasil.ebc.com.br\/politica\/noticia\/2026-02\/lula-defende-que-luta-contra-feminicidio-deve-ser-sobretudo-dos-homens\" target=\"_blank\" rel=\"noopener\">lan\u00e7ado no dia 4 de fevereiro<\/a>.\u00a0<img decoding=\"async\" src=\"https:\/\/agenciabrasil.ebc.com.br\/ebc.png?id=1682683&amp;o=node\" \/><img decoding=\"async\" src=\"https:\/\/agenciabrasil.ebc.com.br\/ebc.gif?id=1682683&amp;o=node\" \/><\/p>\n<p>A iniciativa prev\u00ea atua\u00e7\u00e3o coordenada e permanente dos Tr\u00eas Poderes com o objetivo de prevenir a viol\u00eancia contra meninas e mulheres no Brasil.<\/p>\n<p>O acordo reconhece que a viol\u00eancia contra mulheres no pa\u00eds figura como uma crise estrutural que n\u00e3o pode ser enfrentada por a\u00e7\u00f5es isoladas.<\/p>\n<blockquote><p>\u201cN\u00e3o posso deixar de falar sobre um tema que vem mobilizando fortemente a sociedade brasileira, que \u00e9 o feminic\u00eddio e a viol\u00eancia contra mulheres e meninas. Aqui em S\u00e3o Paulo, a situa\u00e7\u00e3o \u00e9 a mais grave, porque houve um aumento de 96% das v\u00edtimas de feminic\u00eddio entre 2021 e 2025, muito acima da m\u00e9dia nacional, de 14%.\u201d, disse a ministra.<\/p><\/blockquote>\n<p>Gleisi Hoffmann lembrou que uma das primeiras a\u00e7\u00f5es do pacto foi uma opera\u00e7\u00e3o conjunta com o Minist\u00e9rio da Justi\u00e7a e Secretarias de Seguran\u00e7a de todo pa\u00eds, mobilizando mais de 30 mil profissionais para cumprir mandados de pris\u00e3o,\u00a0<a href=\"https:\/\/agenciabrasil.ebc.com.br\/direitos-humanos\/noticia\/2026-03\/mobilizacao-nacional-detem-52-mil-por-violencia-contra-mulher\" target=\"_blank\" rel=\"noopener\">resultando na deten\u00e7\u00e3o de 5 mil pessoas<\/a>.<\/p>\n<h2>A\u00e7\u00f5es<\/h2>\n<p><strong>Durante seu discurso, a ministra destacou que, desde o in\u00edcio do atual governo, o estado de S\u00e3o Paulo tem recebido investimentos significativos em diversas \u00e1reas, como a contrata\u00e7\u00e3o de 587 mil moradias pelo programa Minha Casa, Minha Vida, totalizando R$ 108 milh\u00f5es.<\/strong><\/p>\n<p>Na \u00e1rea da sa\u00fade, Gleisi lembrou que o programa Farm\u00e1cia Popular distribuiu 10 milh\u00f5es de medicamentos para 10 milh\u00f5es de pessoas.Ela citou ainda o Fundo Nacional de Sa\u00fade.<\/p>\n<p>\u201cForam transferidos R$ 25 milh\u00f5es para S\u00e3o Paulo em 2025, um aumento de 44% em rela\u00e7\u00e3o a 2022, e os recursos para a sa\u00fade aumentaram 77% de 2022 para 2025 devido \u00e0 remo\u00e7\u00e3o dos limites fiscais do piso da sa\u00fade\u201d, disse.<\/p>\n<p>Nas \u00e1reas da educa\u00e7\u00e3o e cultura, Gleisi destacou os 539 mil estudantes atendidos no Programa P\u00e9 de Meia, a entrega de 13 novos campi de institutos federais de educa\u00e7\u00e3o em diversas cidades do estado, e os investimentos de mais de R$ 1 bilh\u00e3o via Lei Paulo Gustavo e Aldir Blanc.<\/p>\n<p><strong>De acordo com a ministra, o Novo Pacto Federativo permitiu a destina\u00e7\u00e3o de R$ 153 bilh\u00f5es a prefeituras para 699 empreendimentos conclu\u00eddos at\u00e9 dezembro de 2025.<\/strong><\/p>\n<p>Para agricultura e empresas foram R$ 106 milh\u00f5es para financiar a produ\u00e7\u00e3o agr\u00edcola e 138 mil opera\u00e7\u00f5es de cr\u00e9dito para pequenas e m\u00e9dias empresas.<\/p>\n<div class=\"noticias-relacionadas rel-position rowflex\"><\/div>\n<\/div>\n","protected":false},"excerpt":{"rendered":"<p>Foto: Ricardo Stuckert\/PR Ao participar da abertura da 17\u00aa Caravana Federativa, na capital paulista, nesta quinta-feira (19), a ministra da Secretaria de Rela\u00e7\u00f5es Institucionais da Presid\u00eancia da Rep\u00fablica, Gleisi Hoffmann, refor\u00e7ou o convite aos munic\u00edpios feito pelo presidente Luiz In\u00e1cio Lula da Silva, para que aderissem ao Pacto Nacional \u2013 Brasil contra o Feminic\u00eddio,\u00a0lan\u00e7ado no [&hellip;]<\/p>\n","protected":false},"author":12,"featured_media":0,"comment_status":"closed","ping_status":"open","sticky":false,"template":"","format":"standard","meta":{"_acf_changed":false,"_angie_page":false,"_monsterinsights_skip_tracking":false,"_themeisle_gutenberg_block_has_review":false,"page_builder":"","footnotes":"","jetpack_publicize_message":"","jetpack_publicize_feature_enabled":true,"jetpack_social_post_already_shared":true,"jetpack_social_options":{"image_generator_settings":{"template":"highway","default_image_id":0,"font":"","enabled":false},"version":2}},"categories":[25236],"tags":[473,3427,2224,9361,1097,1707],"class_list":["post-152660","post","type-post","status-publish","format-standard","hentry","category-direitos-humanos","tag-contra","tag-feminicidio","tag-gleisi","tag-necessidade","tag-pacto","tag-refor"],"acf":[],"nelio_content":{"autoShareEndMode":"never","automationSources":{"useCustomSentences":false,"customSentences":[]},"efiAlt":"","efiUrl":"","followers":[12],"highlights":[],"isAutoShareEnabled":true,"networkImageIds":[],"permalinkQueryArgs":[],"series":[],"suggestedReferences":[]},"yoast_head":"<!-- This site is optimized with the Yoast SEO plugin v28.3 - https:\/\/yoast.com\/product\/yoast-seo-wordpress\/ -->\n<title>Gleisi refor\u00e7a necessidade de ades\u00e3o ao pacto contra o feminic\u00eddio - Fatos e Fotos News<\/title>\n<meta name=\"robots\" content=\"index, follow, max-snippet:-1, max-image-preview:large, max-video-preview:-1\" \/>\n<link rel=\"canonical\" href=\"https:\/\/www.fatosefotosnews.com.br\/?p=152660\" \/>\n<meta property=\"og:locale\" content=\"pt_BR\" \/>\n<meta property=\"og:type\" content=\"article\" \/>\n<meta property=\"og:title\" content=\"Gleisi refor\u00e7a necessidade de ades\u00e3o ao pacto contra o feminic\u00eddio - Fatos e Fotos News\" \/>\n<meta property=\"og:description\" content=\"Foto: Ricardo Stuckert\/PR Ao participar da abertura da 17\u00aa Caravana Federativa, na capital paulista, nesta quinta-feira (19), a ministra da Secretaria de Rela\u00e7\u00f5es Institucionais da Presid\u00eancia da Rep\u00fablica, Gleisi Hoffmann, refor\u00e7ou o convite aos munic\u00edpios feito pelo presidente Luiz In\u00e1cio Lula da Silva, para que aderissem ao Pacto Nacional \u2013 Brasil contra o Feminic\u00eddio,\u00a0lan\u00e7ado no [&hellip;]\" \/>\n<meta property=\"og:url\" content=\"https:\/\/www.fatosefotosnews.com.br\/?p=152660\" \/>\n<meta property=\"og:site_name\" content=\"Fatos e Fotos News\" \/>\n<meta property=\"article:published_time\" content=\"2026-03-20T10:56:02+00:00\" \/>\n<meta property=\"og:image\" content=\"https:\/\/www.fatosefotosnews.com.br\/wp-content\/uploads\/2026\/03\/55155791882_fa00ff4517_o.webp\" \/>\n\t<meta property=\"og:image:width\" content=\"1170\" \/>\n\t<meta property=\"og:image:height\" content=\"700\" \/>\n\t<meta property=\"og:image:type\" content=\"image\/webp\" \/>\n<meta name=\"author\" content=\"Mirela Portugal\" \/>\n<meta name=\"twitter:card\" content=\"summary_large_image\" \/>\n<meta name=\"twitter:label1\" content=\"Escrito por\" \/>\n\t<meta name=\"twitter:data1\" content=\"Mirela Portugal\" \/>\n\t<meta name=\"twitter:label2\" content=\"Est. tempo de leitura\" \/>\n\t<meta name=\"twitter:data2\" content=\"3 minutos\" \/>\n<script type=\"application\/ld+json\" class=\"yoast-schema-graph\">{\"@context\":\"https:\\\/\\\/schema.org\",\"@graph\":[{\"@type\":\"Article\",\"@id\":\"https:\\\/\\\/www.fatosefotosnews.com.br\\\/?p=152660#article\",\"isPartOf\":{\"@id\":\"https:\\\/\\\/www.fatosefotosnews.com.br\\\/?p=152660\"},\"author\":{\"name\":\"Mirela Portugal\",\"@id\":\"https:\\\/\\\/www.fatosefotosnews.com.br\\\/#\\\/schema\\\/person\\\/17b18da658f5277ed99382206a85602f\"},\"headline\":\"Gleisi refor\u00e7a necessidade de ades\u00e3o ao pacto contra o feminic\u00eddio\",\"datePublished\":\"2026-03-20T10:56:02+00:00\",\"mainEntityOfPage\":{\"@id\":\"https:\\\/\\\/www.fatosefotosnews.com.br\\\/?p=152660\"},\"wordCount\":464,\"publisher\":{\"@id\":\"https:\\\/\\\/www.fatosefotosnews.com.br\\\/#organization\"},\"image\":{\"@id\":\"https:\\\/\\\/www.fatosefotosnews.com.br\\\/?p=152660#primaryimage\"},\"thumbnailUrl\":\"https:\\\/\\\/agenciabrasil.ebc.com.br\\\/ebc.png?id=1682683&amp;o=node\",\"keywords\":[\"contra\",\"feminicidio\",\"gleisi\",\"necessidade\",\"pacto\",\"refor\"],\"articleSection\":[\"Direitos Humanos\"],\"inLanguage\":\"pt-BR\"},{\"@type\":\"WebPage\",\"@id\":\"https:\\\/\\\/www.fatosefotosnews.com.br\\\/?p=152660\",\"url\":\"https:\\\/\\\/www.fatosefotosnews.com.br\\\/?p=152660\",\"name\":\"Gleisi refor\u00e7a necessidade de ades\u00e3o ao pacto contra o feminic\u00eddio - Fatos e Fotos News\",\"isPartOf\":{\"@id\":\"https:\\\/\\\/www.fatosefotosnews.com.br\\\/#website\"},\"primaryImageOfPage\":{\"@id\":\"https:\\\/\\\/www.fatosefotosnews.com.br\\\/?p=152660#primaryimage\"},\"image\":{\"@id\":\"https:\\\/\\\/www.fatosefotosnews.com.br\\\/?p=152660#primaryimage\"},\"thumbnailUrl\":\"https:\\\/\\\/agenciabrasil.ebc.com.br\\\/ebc.png?id=1682683&amp;o=node\",\"datePublished\":\"2026-03-20T10:56:02+00:00\",\"breadcrumb\":{\"@id\":\"https:\\\/\\\/www.fatosefotosnews.com.br\\\/?p=152660#breadcrumb\"},\"inLanguage\":\"pt-BR\",\"potentialAction\":[{\"@type\":\"ReadAction\",\"target\":[\"https:\\\/\\\/www.fatosefotosnews.com.br\\\/?p=152660\"]}]},{\"@type\":\"ImageObject\",\"inLanguage\":\"pt-BR\",\"@id\":\"https:\\\/\\\/www.fatosefotosnews.com.br\\\/?p=152660#primaryimage\",\"url\":\"https:\\\/\\\/agenciabrasil.ebc.com.br\\\/ebc.png?id=1682683&amp;o=node\",\"contentUrl\":\"https:\\\/\\\/agenciabrasil.ebc.com.br\\\/ebc.png?id=1682683&amp;o=node\"},{\"@type\":\"BreadcrumbList\",\"@id\":\"https:\\\/\\\/www.fatosefotosnews.com.br\\\/?p=152660#breadcrumb\",\"itemListElement\":[{\"@type\":\"ListItem\",\"position\":1,\"name\":\"In\u00edcio\",\"item\":\"https:\\\/\\\/www.fatosefotosnews.com.br\\\/\"},{\"@type\":\"ListItem\",\"position\":2,\"name\":\"Gleisi refor\u00e7a necessidade de ades\u00e3o ao pacto contra o feminic\u00eddio\"}]},{\"@type\":\"WebSite\",\"@id\":\"https:\\\/\\\/www.fatosefotosnews.com.br\\\/#website\",\"url\":\"https:\\\/\\\/www.fatosefotosnews.com.br\\\/\",\"name\":\"Fatos e Fotos News\",\"description\":\"Um site de noticial verdadeira e confi\u00e1veis.\",\"publisher\":{\"@id\":\"https:\\\/\\\/www.fatosefotosnews.com.br\\\/#organization\"},\"potentialAction\":[{\"@type\":\"SearchAction\",\"target\":{\"@type\":\"EntryPoint\",\"urlTemplate\":\"https:\\\/\\\/www.fatosefotosnews.com.br\\\/?s={search_term_string}\"},\"query-input\":{\"@type\":\"PropertyValueSpecification\",\"valueRequired\":true,\"valueName\":\"search_term_string\"}}],\"inLanguage\":\"pt-BR\"},{\"@type\":\"Organization\",\"@id\":\"https:\\\/\\\/www.fatosefotosnews.com.br\\\/#organization\",\"name\":\"Fatos e Fotos News\",\"url\":\"https:\\\/\\\/www.fatosefotosnews.com.br\\\/\",\"logo\":{\"@type\":\"ImageObject\",\"inLanguage\":\"pt-BR\",\"@id\":\"https:\\\/\\\/www.fatosefotosnews.com.br\\\/#\\\/schema\\\/logo\\\/image\\\/\",\"url\":\"https:\\\/\\\/www.fatosefotosnews.com.br\\\/wp-content\\\/uploads\\\/2023\\\/02\\\/Fatos-e-Fotos-news-logo.png\",\"contentUrl\":\"https:\\\/\\\/www.fatosefotosnews.com.br\\\/wp-content\\\/uploads\\\/2023\\\/02\\\/Fatos-e-Fotos-news-logo.png\",\"width\":300,\"height\":58,\"caption\":\"Fatos e Fotos News\"},\"image\":{\"@id\":\"https:\\\/\\\/www.fatosefotosnews.com.br\\\/#\\\/schema\\\/logo\\\/image\\\/\"}},{\"@type\":\"Person\",\"@id\":\"https:\\\/\\\/www.fatosefotosnews.com.br\\\/#\\\/schema\\\/person\\\/17b18da658f5277ed99382206a85602f\",\"name\":\"Mirela Portugal\",\"image\":{\"@type\":\"ImageObject\",\"inLanguage\":\"pt-BR\",\"@id\":\"https:\\\/\\\/secure.gravatar.com\\\/avatar\\\/2f92fb43fda38d1a46cf4a155e1c2951193d91d9bed3df97fce720eeb9595d08?s=96&d=mm&r=g\",\"url\":\"https:\\\/\\\/secure.gravatar.com\\\/avatar\\\/2f92fb43fda38d1a46cf4a155e1c2951193d91d9bed3df97fce720eeb9595d08?s=96&d=mm&r=g\",\"contentUrl\":\"https:\\\/\\\/secure.gravatar.com\\\/avatar\\\/2f92fb43fda38d1a46cf4a155e1c2951193d91d9bed3df97fce720eeb9595d08?s=96&d=mm&r=g\",\"caption\":\"Mirela Portugal\"},\"sameAs\":[\"http:\\\/\\\/fatosefotosnews.com.br\"],\"url\":\"https:\\\/\\\/www.fatosefotosnews.com.br\\\/?author=12\"}]}<\/script>\n<!-- \/ Yoast SEO plugin. -->","yoast_head_json":{"title":"Gleisi refor\u00e7a necessidade de ades\u00e3o ao pacto contra o feminic\u00eddio - Fatos e Fotos News","robots":{"index":"index","follow":"follow","max-snippet":"max-snippet:-1","max-image-preview":"max-image-preview:large","max-video-preview":"max-video-preview:-1"},"canonical":"https:\/\/www.fatosefotosnews.com.br\/?p=152660","og_locale":"pt_BR","og_type":"article","og_title":"Gleisi refor\u00e7a necessidade de ades\u00e3o ao pacto contra o feminic\u00eddio - Fatos e Fotos News","og_description":"Foto: Ricardo Stuckert\/PR Ao participar da abertura da 17\u00aa Caravana Federativa, na capital paulista, nesta quinta-feira (19), a ministra da Secretaria de Rela\u00e7\u00f5es Institucionais da Presid\u00eancia da Rep\u00fablica, Gleisi Hoffmann, refor\u00e7ou o convite aos munic\u00edpios feito pelo presidente Luiz In\u00e1cio Lula da Silva, para que aderissem ao Pacto Nacional \u2013 Brasil contra o Feminic\u00eddio,\u00a0lan\u00e7ado no [&hellip;]","og_url":"https:\/\/www.fatosefotosnews.com.br\/?p=152660","og_site_name":"Fatos e Fotos News","article_published_time":"2026-03-20T10:56:02+00:00","og_image":[{"width":1170,"height":700,"url":"https:\/\/www.fatosefotosnews.com.br\/wp-content\/uploads\/2026\/03\/55155791882_fa00ff4517_o.webp","type":"image\/webp"}],"author":"Mirela Portugal","twitter_card":"summary_large_image","twitter_misc":{"Escrito por":"Mirela Portugal","Est. tempo de leitura":"3 minutos"},"schema":{"@context":"https:\/\/schema.org","@graph":[{"@type":"Article","@id":"https:\/\/www.fatosefotosnews.com.br\/?p=152660#article","isPartOf":{"@id":"https:\/\/www.fatosefotosnews.com.br\/?p=152660"},"author":{"name":"Mirela Portugal","@id":"https:\/\/www.fatosefotosnews.com.br\/#\/schema\/person\/17b18da658f5277ed99382206a85602f"},"headline":"Gleisi refor\u00e7a necessidade de ades\u00e3o ao pacto contra o feminic\u00eddio","datePublished":"2026-03-20T10:56:02+00:00","mainEntityOfPage":{"@id":"https:\/\/www.fatosefotosnews.com.br\/?p=152660"},"wordCount":464,"publisher":{"@id":"https:\/\/www.fatosefotosnews.com.br\/#organization"},"image":{"@id":"https:\/\/www.fatosefotosnews.com.br\/?p=152660#primaryimage"},"thumbnailUrl":"https:\/\/agenciabrasil.ebc.com.br\/ebc.png?id=1682683&amp;o=node","keywords":["contra","feminicidio","gleisi","necessidade","pacto","refor"],"articleSection":["Direitos Humanos"],"inLanguage":"pt-BR"},{"@type":"WebPage","@id":"https:\/\/www.fatosefotosnews.com.br\/?p=152660","url":"https:\/\/www.fatosefotosnews.com.br\/?p=152660","name":"Gleisi refor\u00e7a necessidade de ades\u00e3o ao pacto contra o feminic\u00eddio - Fatos e Fotos News","isPartOf":{"@id":"https:\/\/www.fatosefotosnews.com.br\/#website"},"primaryImageOfPage":{"@id":"https:\/\/www.fatosefotosnews.com.br\/?p=152660#primaryimage"},"image":{"@id":"https:\/\/www.fatosefotosnews.com.br\/?p=152660#primaryimage"},"thumbnailUrl":"https:\/\/agenciabrasil.ebc.com.br\/ebc.png?id=1682683&amp;o=node","datePublished":"2026-03-20T10:56:02+00:00","breadcrumb":{"@id":"https:\/\/www.fatosefotosnews.com.br\/?p=152660#breadcrumb"},"inLanguage":"pt-BR","potentialAction":[{"@type":"ReadAction","target":["https:\/\/www.fatosefotosnews.com.br\/?p=152660"]}]},{"@type":"ImageObject","inLanguage":"pt-BR","@id":"https:\/\/www.fatosefotosnews.com.br\/?p=152660#primaryimage","url":"https:\/\/agenciabrasil.ebc.com.br\/ebc.png?id=1682683&amp;o=node","contentUrl":"https:\/\/agenciabrasil.ebc.com.br\/ebc.png?id=1682683&amp;o=node"},{"@type":"BreadcrumbList","@id":"https:\/\/www.fatosefotosnews.com.br\/?p=152660#breadcrumb","itemListElement":[{"@type":"ListItem","position":1,"name":"In\u00edcio","item":"https:\/\/www.fatosefotosnews.com.br\/"},{"@type":"ListItem","position":2,"name":"Gleisi refor\u00e7a necessidade de ades\u00e3o ao pacto contra o feminic\u00eddio"}]},{"@type":"WebSite","@id":"https:\/\/www.fatosefotosnews.com.br\/#website","url":"https:\/\/www.fatosefotosnews.com.br\/","name":"Fatos e Fotos News","description":"Um site de noticial verdadeira e confi\u00e1veis.","publisher":{"@id":"https:\/\/www.fatosefotosnews.com.br\/#organization"},"potentialAction":[{"@type":"SearchAction","target":{"@type":"EntryPoint","urlTemplate":"https:\/\/www.fatosefotosnews.com.br\/?s={search_term_string}"},"query-input":{"@type":"PropertyValueSpecification","valueRequired":true,"valueName":"search_term_string"}}],"inLanguage":"pt-BR"},{"@type":"Organization","@id":"https:\/\/www.fatosefotosnews.com.br\/#organization","name":"Fatos e Fotos News","url":"https:\/\/www.fatosefotosnews.com.br\/","logo":{"@type":"ImageObject","inLanguage":"pt-BR","@id":"https:\/\/www.fatosefotosnews.com.br\/#\/schema\/logo\/image\/","url":"https:\/\/www.fatosefotosnews.com.br\/wp-content\/uploads\/2023\/02\/Fatos-e-Fotos-news-logo.png","contentUrl":"https:\/\/www.fatosefotosnews.com.br\/wp-content\/uploads\/2023\/02\/Fatos-e-Fotos-news-logo.png","width":300,"height":58,"caption":"Fatos e Fotos News"},"image":{"@id":"https:\/\/www.fatosefotosnews.com.br\/#\/schema\/logo\/image\/"}},{"@type":"Person","@id":"https:\/\/www.fatosefotosnews.com.br\/#\/schema\/person\/17b18da658f5277ed99382206a85602f","name":"Mirela Portugal","image":{"@type":"ImageObject","inLanguage":"pt-BR","@id":"https:\/\/secure.gravatar.com\/avatar\/2f92fb43fda38d1a46cf4a155e1c2951193d91d9bed3df97fce720eeb9595d08?s=96&d=mm&r=g","url":"https:\/\/secure.gravatar.com\/avatar\/2f92fb43fda38d1a46cf4a155e1c2951193d91d9bed3df97fce720eeb9595d08?s=96&d=mm&r=g","contentUrl":"https:\/\/secure.gravatar.com\/avatar\/2f92fb43fda38d1a46cf4a155e1c2951193d91d9bed3df97fce720eeb9595d08?s=96&d=mm&r=g","caption":"Mirela Portugal"},"sameAs":["http:\/\/fatosefotosnews.com.br"],"url":"https:\/\/www.fatosefotosnews.com.br\/?author=12"}]}},"jetpack_publicize_connections":[],"blog_post_layout_featured_media_urls":{"thumbnail":"","full":""},"categories_names":{"25236":{"name":"Direitos Humanos","link":"https:\/\/www.fatosefotosnews.com.br\/?cat=25236"}},"tags_names":{"473":{"name":"contra","link":"https:\/\/www.fatosefotosnews.com.br\/?tag=contra"},"3427":{"name":"feminicidio","link":"https:\/\/www.fatosefotosnews.com.br\/?tag=feminicidio"},"2224":{"name":"gleisi","link":"https:\/\/www.fatosefotosnews.com.br\/?tag=gleisi"},"9361":{"name":"necessidade","link":"https:\/\/www.fatosefotosnews.com.br\/?tag=necessidade"},"1097":{"name":"pacto","link":"https:\/\/www.fatosefotosnews.com.br\/?tag=pacto"},"1707":{"name":"refor","link":"https:\/\/www.fatosefotosnews.com.br\/?tag=refor"}},"comments_number":"0","wpmagazine_modules_lite_featured_media_urls":{"thumbnail":"","cvmm-medium":"","cvmm-medium-plus":"","cvmm-portrait":"","cvmm-medium-square":"","cvmm-large":"","cvmm-small":"","full":""},"_links":{"self":[{"href":"https:\/\/www.fatosefotosnews.com.br\/index.php?rest_route=\/wp\/v2\/posts\/152660","targetHints":{"allow":["GET"]}}],"collection":[{"href":"https:\/\/www.fatosefotosnews.com.br\/index.php?rest_route=\/wp\/v2\/posts"}],"about":[{"href":"https:\/\/www.fatosefotosnews.com.br\/index.php?rest_route=\/wp\/v2\/types\/post"}],"author":[{"embeddable":true,"href":"https:\/\/www.fatosefotosnews.com.br\/index.php?rest_route=\/wp\/v2\/users\/12"}],"replies":[{"embeddable":true,"href":"https:\/\/www.fatosefotosnews.com.br\/index.php?rest_route=%2Fwp%2Fv2%2Fcomments&post=152660"}],"version-history":[{"count":1,"href":"https:\/\/www.fatosefotosnews.com.br\/index.php?rest_route=\/wp\/v2\/posts\/152660\/revisions"}],"predecessor-version":[{"id":152662,"href":"https:\/\/www.fatosefotosnews.com.br\/index.php?rest_route=\/wp\/v2\/posts\/152660\/revisions\/152662"}],"wp:attachment":[{"href":"https:\/\/www.fatosefotosnews.com.br\/index.php?rest_route=%2Fwp%2Fv2%2Fmedia&parent=152660"}],"wp:term":[{"taxonomy":"category","embeddable":true,"href":"https:\/\/www.fatosefotosnews.com.br\/index.php?rest_route=%2Fwp%2Fv2%2Fcategories&post=152660"},{"taxonomy":"post_tag","embeddable":true,"href":"https:\/\/www.fatosefotosnews.com.br\/index.php?rest_route=%2Fwp%2Fv2%2Ftags&post=152660"}],"curies":[{"name":"wp","href":"https:\/\/api.w.org\/{rel}","templated":true}]}}