{"id":152810,"date":"2026-03-24T08:41:09","date_gmt":"2026-03-24T11:41:09","guid":{"rendered":"https:\/\/www.fatosefotosnews.com.br\/?p=152810"},"modified":"2026-03-23T20:46:34","modified_gmt":"2026-03-23T23:46:34","slug":"policia-federal-investiga-furto-de-material-de-pesquisa-na-unicamp","status":"publish","type":"post","link":"https:\/\/www.fatosefotosnews.com.br\/?p=152810","title":{"rendered":"Pol\u00edcia Federal investiga furto de material de pesquisa na Unicamp"},"content":{"rendered":"<p>Foto: Thomaz Marostegan\/Unicamp<\/p>\n<div class=\"conteudo-noticia\">\n<p><strong>A Pol\u00edcia Federal investiga\u00a0um furto de materiais de pesquisa que ocorreu no fim\u00a0de semana nas depend\u00eancias do Instituto de Biologia da Universidade Estadual de Campinas (Unicamp), no interior paulista.<\/strong>\u00a0O tipo de material furtado e outras informa\u00e7\u00f5es sobre o caso n\u00e3o foram divulgados, segundo a Unicamp, \u201cpara n\u00e3o comprometer o andamento das investiga\u00e7\u00f5es\u201d.<img decoding=\"async\" src=\"https:\/\/agenciabrasil.ebc.com.br\/ebc.png?id=1683207&amp;o=node\" \/><img decoding=\"async\" src=\"https:\/\/agenciabrasil.ebc.com.br\/ebc.gif?id=1683207&amp;o=node\" \/><\/p>\n<p><strong>Como medida preventiva, os laborat\u00f3rios de pesquisa da unidade foram interditados temporariamente. J\u00e1 as aulas de gradua\u00e7\u00e3o e nos laborat\u00f3rios de ensino ocorrem normalmente.<\/strong><\/p>\n<p>Por meio de nota publicada nesta segunda-feira (23),<strong>\u00a0a reitoria da Unicamp informou que, \u201cem raz\u00e3o da gravidade do fato e da natureza do patrim\u00f4nio cient\u00edfico envolvido\u201d, acionou a Pol\u00edcia Federal e a Ag\u00eancia Nacional de Vigil\u00e2ncia Sanit\u00e1ria (Anvisa) para conduzir as investiga\u00e7\u00f5es sobre o caso e fazer os procedimentos periciais necess\u00e1rios.<\/strong><\/p>\n<p>\u201cA Universidade esclarece que vem tomando todas as medidas cab\u00edveis, colaborando integralmente com as autoridades competentes. Os poss\u00edveis envolvidos na ocorr\u00eancia ser\u00e3o responsabilizados, conforme previsto na legisla\u00e7\u00e3o vigente\u201d, diz a nota.<\/p>\n<p>Procurada pela\u00a0<strong>Ag\u00eancia Brasil<\/strong>, a Anvisa informou que\u00a0estava levantando mais informa\u00e7\u00f5es sobre o caso.<\/p>\n<p>No in\u00edcio deste ano, um laborat\u00f3rio da Universidade de S\u00e3o Paulo (USP), na capital paulista, foi assaltado. Os criminosos renderam os vigilantes do local e roubaram materiais do laborat\u00f3rio.<\/p>\n<\/div>\n","protected":false},"excerpt":{"rendered":"<p>Foto: Thomaz Marostegan\/Unicamp A Pol\u00edcia Federal investiga\u00a0um furto de materiais de pesquisa que ocorreu no fim\u00a0de semana nas depend\u00eancias do Instituto de Biologia da Universidade Estadual de Campinas (Unicamp), no interior paulista.\u00a0O tipo de material furtado e outras informa\u00e7\u00f5es sobre o caso n\u00e3o foram divulgados, segundo a Unicamp, \u201cpara n\u00e3o comprometer o andamento das investiga\u00e7\u00f5es\u201d. [&hellip;]<\/p>\n","protected":false},"author":12,"featured_media":0,"comment_status":"closed","ping_status":"open","sticky":false,"template":"","format":"standard","meta":{"_acf_changed":false,"_angie_page":false,"_monsterinsights_skip_tracking":false,"_themeisle_gutenberg_block_has_review":false,"page_builder":"","footnotes":"","jetpack_publicize_message":"","jetpack_publicize_feature_enabled":true,"jetpack_social_post_already_shared":true,"jetpack_social_options":{"image_generator_settings":{"template":"highway","default_image_id":0,"font":"","enabled":false},"version":2}},"categories":[167],"tags":[1246,2692,839,5395,805,785,5805],"class_list":["post-152810","post","type-post","status-publish","format-standard","hentry","category-geral","tag-federal","tag-furto","tag-investiga","tag-material","tag-pesquisa","tag-policia","tag-unicamp"],"acf":[],"nelio_content":{"autoShareEndMode":"never","automationSources":{"useCustomSentences":false,"customSentences":[]},"efiAlt":"","efiUrl":"","followers":[12],"highlights":[],"isAutoShareEnabled":true,"networkImageIds":[],"permalinkQueryArgs":[],"series":[],"suggestedReferences":[]},"yoast_head":"<!-- This site is optimized with the Yoast SEO plugin v28.3 - https:\/\/yoast.com\/product\/yoast-seo-wordpress\/ -->\n<title>Pol\u00edcia Federal investiga furto de material de pesquisa na Unicamp - Fatos e Fotos News<\/title>\n<meta name=\"robots\" content=\"index, follow, max-snippet:-1, max-image-preview:large, max-video-preview:-1\" \/>\n<link rel=\"canonical\" href=\"https:\/\/www.fatosefotosnews.com.br\/?p=152810\" \/>\n<meta property=\"og:locale\" content=\"pt_BR\" \/>\n<meta property=\"og:type\" content=\"article\" \/>\n<meta property=\"og:title\" content=\"Pol\u00edcia Federal investiga furto de material de pesquisa na Unicamp - Fatos e Fotos News\" \/>\n<meta property=\"og:description\" content=\"Foto: Thomaz Marostegan\/Unicamp A Pol\u00edcia Federal investiga\u00a0um furto de materiais de pesquisa que ocorreu no fim\u00a0de semana nas depend\u00eancias do Instituto de Biologia da Universidade Estadual de Campinas (Unicamp), no interior paulista.\u00a0O tipo de material furtado e outras informa\u00e7\u00f5es sobre o caso n\u00e3o foram divulgados, segundo a Unicamp, \u201cpara n\u00e3o comprometer o andamento das investiga\u00e7\u00f5es\u201d. [&hellip;]\" \/>\n<meta property=\"og:url\" content=\"https:\/\/www.fatosefotosnews.com.br\/?p=152810\" \/>\n<meta property=\"og:site_name\" content=\"Fatos e Fotos News\" \/>\n<meta property=\"article:published_time\" content=\"2026-03-24T11:41:09+00:00\" \/>\n<meta property=\"og:image\" content=\"https:\/\/www.fatosefotosnews.com.br\/wp-content\/uploads\/2026\/03\/unicamp.webp\" \/>\n\t<meta property=\"og:image:width\" content=\"1170\" \/>\n\t<meta property=\"og:image:height\" content=\"700\" \/>\n\t<meta property=\"og:image:type\" content=\"image\/webp\" \/>\n<meta name=\"author\" content=\"Mirela Portugal\" \/>\n<meta name=\"twitter:card\" content=\"summary_large_image\" \/>\n<meta name=\"twitter:label1\" content=\"Escrito por\" \/>\n\t<meta name=\"twitter:data1\" content=\"Mirela Portugal\" \/>\n\t<meta name=\"twitter:label2\" content=\"Est. tempo de leitura\" \/>\n\t<meta name=\"twitter:data2\" content=\"2 minutos\" \/>\n<script type=\"application\/ld+json\" class=\"yoast-schema-graph\">{\"@context\":\"https:\\\/\\\/schema.org\",\"@graph\":[{\"@type\":\"Article\",\"@id\":\"https:\\\/\\\/www.fatosefotosnews.com.br\\\/?p=152810#article\",\"isPartOf\":{\"@id\":\"https:\\\/\\\/www.fatosefotosnews.com.br\\\/?p=152810\"},\"author\":{\"name\":\"Mirela Portugal\",\"@id\":\"https:\\\/\\\/www.fatosefotosnews.com.br\\\/#\\\/schema\\\/person\\\/17b18da658f5277ed99382206a85602f\"},\"headline\":\"Pol\u00edcia Federal investiga furto de material de pesquisa na Unicamp\",\"datePublished\":\"2026-03-24T11:41:09+00:00\",\"mainEntityOfPage\":{\"@id\":\"https:\\\/\\\/www.fatosefotosnews.com.br\\\/?p=152810\"},\"wordCount\":249,\"publisher\":{\"@id\":\"https:\\\/\\\/www.fatosefotosnews.com.br\\\/#organization\"},\"image\":{\"@id\":\"https:\\\/\\\/www.fatosefotosnews.com.br\\\/?p=152810#primaryimage\"},\"thumbnailUrl\":\"https:\\\/\\\/agenciabrasil.ebc.com.br\\\/ebc.png?id=1683207&amp;o=node\",\"keywords\":[\"federal\",\"furto\",\"investiga\",\"material\",\"pesquisa\",\"policia\",\"unicamp\"],\"articleSection\":[\"Geral\"],\"inLanguage\":\"pt-BR\"},{\"@type\":\"WebPage\",\"@id\":\"https:\\\/\\\/www.fatosefotosnews.com.br\\\/?p=152810\",\"url\":\"https:\\\/\\\/www.fatosefotosnews.com.br\\\/?p=152810\",\"name\":\"Pol\u00edcia Federal investiga furto de material de pesquisa na Unicamp - Fatos e Fotos News\",\"isPartOf\":{\"@id\":\"https:\\\/\\\/www.fatosefotosnews.com.br\\\/#website\"},\"primaryImageOfPage\":{\"@id\":\"https:\\\/\\\/www.fatosefotosnews.com.br\\\/?p=152810#primaryimage\"},\"image\":{\"@id\":\"https:\\\/\\\/www.fatosefotosnews.com.br\\\/?p=152810#primaryimage\"},\"thumbnailUrl\":\"https:\\\/\\\/agenciabrasil.ebc.com.br\\\/ebc.png?id=1683207&amp;o=node\",\"datePublished\":\"2026-03-24T11:41:09+00:00\",\"breadcrumb\":{\"@id\":\"https:\\\/\\\/www.fatosefotosnews.com.br\\\/?p=152810#breadcrumb\"},\"inLanguage\":\"pt-BR\",\"potentialAction\":[{\"@type\":\"ReadAction\",\"target\":[\"https:\\\/\\\/www.fatosefotosnews.com.br\\\/?p=152810\"]}]},{\"@type\":\"ImageObject\",\"inLanguage\":\"pt-BR\",\"@id\":\"https:\\\/\\\/www.fatosefotosnews.com.br\\\/?p=152810#primaryimage\",\"url\":\"https:\\\/\\\/agenciabrasil.ebc.com.br\\\/ebc.png?id=1683207&amp;o=node\",\"contentUrl\":\"https:\\\/\\\/agenciabrasil.ebc.com.br\\\/ebc.png?id=1683207&amp;o=node\"},{\"@type\":\"BreadcrumbList\",\"@id\":\"https:\\\/\\\/www.fatosefotosnews.com.br\\\/?p=152810#breadcrumb\",\"itemListElement\":[{\"@type\":\"ListItem\",\"position\":1,\"name\":\"In\u00edcio\",\"item\":\"https:\\\/\\\/www.fatosefotosnews.com.br\\\/\"},{\"@type\":\"ListItem\",\"position\":2,\"name\":\"Pol\u00edcia Federal investiga furto de material de pesquisa na Unicamp\"}]},{\"@type\":\"WebSite\",\"@id\":\"https:\\\/\\\/www.fatosefotosnews.com.br\\\/#website\",\"url\":\"https:\\\/\\\/www.fatosefotosnews.com.br\\\/\",\"name\":\"Fatos e Fotos News\",\"description\":\"Um site de noticial verdadeira e confi\u00e1veis.\",\"publisher\":{\"@id\":\"https:\\\/\\\/www.fatosefotosnews.com.br\\\/#organization\"},\"potentialAction\":[{\"@type\":\"SearchAction\",\"target\":{\"@type\":\"EntryPoint\",\"urlTemplate\":\"https:\\\/\\\/www.fatosefotosnews.com.br\\\/?s={search_term_string}\"},\"query-input\":{\"@type\":\"PropertyValueSpecification\",\"valueRequired\":true,\"valueName\":\"search_term_string\"}}],\"inLanguage\":\"pt-BR\"},{\"@type\":\"Organization\",\"@id\":\"https:\\\/\\\/www.fatosefotosnews.com.br\\\/#organization\",\"name\":\"Fatos e Fotos News\",\"url\":\"https:\\\/\\\/www.fatosefotosnews.com.br\\\/\",\"logo\":{\"@type\":\"ImageObject\",\"inLanguage\":\"pt-BR\",\"@id\":\"https:\\\/\\\/www.fatosefotosnews.com.br\\\/#\\\/schema\\\/logo\\\/image\\\/\",\"url\":\"https:\\\/\\\/www.fatosefotosnews.com.br\\\/wp-content\\\/uploads\\\/2023\\\/02\\\/Fatos-e-Fotos-news-logo.png\",\"contentUrl\":\"https:\\\/\\\/www.fatosefotosnews.com.br\\\/wp-content\\\/uploads\\\/2023\\\/02\\\/Fatos-e-Fotos-news-logo.png\",\"width\":300,\"height\":58,\"caption\":\"Fatos e Fotos News\"},\"image\":{\"@id\":\"https:\\\/\\\/www.fatosefotosnews.com.br\\\/#\\\/schema\\\/logo\\\/image\\\/\"}},{\"@type\":\"Person\",\"@id\":\"https:\\\/\\\/www.fatosefotosnews.com.br\\\/#\\\/schema\\\/person\\\/17b18da658f5277ed99382206a85602f\",\"name\":\"Mirela Portugal\",\"image\":{\"@type\":\"ImageObject\",\"inLanguage\":\"pt-BR\",\"@id\":\"https:\\\/\\\/secure.gravatar.com\\\/avatar\\\/2f92fb43fda38d1a46cf4a155e1c2951193d91d9bed3df97fce720eeb9595d08?s=96&d=mm&r=g\",\"url\":\"https:\\\/\\\/secure.gravatar.com\\\/avatar\\\/2f92fb43fda38d1a46cf4a155e1c2951193d91d9bed3df97fce720eeb9595d08?s=96&d=mm&r=g\",\"contentUrl\":\"https:\\\/\\\/secure.gravatar.com\\\/avatar\\\/2f92fb43fda38d1a46cf4a155e1c2951193d91d9bed3df97fce720eeb9595d08?s=96&d=mm&r=g\",\"caption\":\"Mirela Portugal\"},\"sameAs\":[\"http:\\\/\\\/fatosefotosnews.com.br\"],\"url\":\"https:\\\/\\\/www.fatosefotosnews.com.br\\\/?author=12\"}]}<\/script>\n<!-- \/ Yoast SEO plugin. -->","yoast_head_json":{"title":"Pol\u00edcia Federal investiga furto de material de pesquisa na Unicamp - Fatos e Fotos News","robots":{"index":"index","follow":"follow","max-snippet":"max-snippet:-1","max-image-preview":"max-image-preview:large","max-video-preview":"max-video-preview:-1"},"canonical":"https:\/\/www.fatosefotosnews.com.br\/?p=152810","og_locale":"pt_BR","og_type":"article","og_title":"Pol\u00edcia Federal investiga furto de material de pesquisa na Unicamp - Fatos e Fotos News","og_description":"Foto: Thomaz Marostegan\/Unicamp A Pol\u00edcia Federal investiga\u00a0um furto de materiais de pesquisa que ocorreu no fim\u00a0de semana nas depend\u00eancias do Instituto de Biologia da Universidade Estadual de Campinas (Unicamp), no interior paulista.\u00a0O tipo de material furtado e outras informa\u00e7\u00f5es sobre o caso n\u00e3o foram divulgados, segundo a Unicamp, \u201cpara n\u00e3o comprometer o andamento das investiga\u00e7\u00f5es\u201d. [&hellip;]","og_url":"https:\/\/www.fatosefotosnews.com.br\/?p=152810","og_site_name":"Fatos e Fotos News","article_published_time":"2026-03-24T11:41:09+00:00","og_image":[{"width":1170,"height":700,"url":"https:\/\/www.fatosefotosnews.com.br\/wp-content\/uploads\/2026\/03\/unicamp.webp","type":"image\/webp"}],"author":"Mirela Portugal","twitter_card":"summary_large_image","twitter_misc":{"Escrito por":"Mirela Portugal","Est. tempo de leitura":"2 minutos"},"schema":{"@context":"https:\/\/schema.org","@graph":[{"@type":"Article","@id":"https:\/\/www.fatosefotosnews.com.br\/?p=152810#article","isPartOf":{"@id":"https:\/\/www.fatosefotosnews.com.br\/?p=152810"},"author":{"name":"Mirela Portugal","@id":"https:\/\/www.fatosefotosnews.com.br\/#\/schema\/person\/17b18da658f5277ed99382206a85602f"},"headline":"Pol\u00edcia Federal investiga furto de material de pesquisa na Unicamp","datePublished":"2026-03-24T11:41:09+00:00","mainEntityOfPage":{"@id":"https:\/\/www.fatosefotosnews.com.br\/?p=152810"},"wordCount":249,"publisher":{"@id":"https:\/\/www.fatosefotosnews.com.br\/#organization"},"image":{"@id":"https:\/\/www.fatosefotosnews.com.br\/?p=152810#primaryimage"},"thumbnailUrl":"https:\/\/agenciabrasil.ebc.com.br\/ebc.png?id=1683207&amp;o=node","keywords":["federal","furto","investiga","material","pesquisa","policia","unicamp"],"articleSection":["Geral"],"inLanguage":"pt-BR"},{"@type":"WebPage","@id":"https:\/\/www.fatosefotosnews.com.br\/?p=152810","url":"https:\/\/www.fatosefotosnews.com.br\/?p=152810","name":"Pol\u00edcia Federal investiga furto de material de pesquisa na Unicamp - Fatos e Fotos News","isPartOf":{"@id":"https:\/\/www.fatosefotosnews.com.br\/#website"},"primaryImageOfPage":{"@id":"https:\/\/www.fatosefotosnews.com.br\/?p=152810#primaryimage"},"image":{"@id":"https:\/\/www.fatosefotosnews.com.br\/?p=152810#primaryimage"},"thumbnailUrl":"https:\/\/agenciabrasil.ebc.com.br\/ebc.png?id=1683207&amp;o=node","datePublished":"2026-03-24T11:41:09+00:00","breadcrumb":{"@id":"https:\/\/www.fatosefotosnews.com.br\/?p=152810#breadcrumb"},"inLanguage":"pt-BR","potentialAction":[{"@type":"ReadAction","target":["https:\/\/www.fatosefotosnews.com.br\/?p=152810"]}]},{"@type":"ImageObject","inLanguage":"pt-BR","@id":"https:\/\/www.fatosefotosnews.com.br\/?p=152810#primaryimage","url":"https:\/\/agenciabrasil.ebc.com.br\/ebc.png?id=1683207&amp;o=node","contentUrl":"https:\/\/agenciabrasil.ebc.com.br\/ebc.png?id=1683207&amp;o=node"},{"@type":"BreadcrumbList","@id":"https:\/\/www.fatosefotosnews.com.br\/?p=152810#breadcrumb","itemListElement":[{"@type":"ListItem","position":1,"name":"In\u00edcio","item":"https:\/\/www.fatosefotosnews.com.br\/"},{"@type":"ListItem","position":2,"name":"Pol\u00edcia Federal investiga furto de material de pesquisa na Unicamp"}]},{"@type":"WebSite","@id":"https:\/\/www.fatosefotosnews.com.br\/#website","url":"https:\/\/www.fatosefotosnews.com.br\/","name":"Fatos e Fotos News","description":"Um site de noticial verdadeira e confi\u00e1veis.","publisher":{"@id":"https:\/\/www.fatosefotosnews.com.br\/#organization"},"potentialAction":[{"@type":"SearchAction","target":{"@type":"EntryPoint","urlTemplate":"https:\/\/www.fatosefotosnews.com.br\/?s={search_term_string}"},"query-input":{"@type":"PropertyValueSpecification","valueRequired":true,"valueName":"search_term_string"}}],"inLanguage":"pt-BR"},{"@type":"Organization","@id":"https:\/\/www.fatosefotosnews.com.br\/#organization","name":"Fatos e Fotos News","url":"https:\/\/www.fatosefotosnews.com.br\/","logo":{"@type":"ImageObject","inLanguage":"pt-BR","@id":"https:\/\/www.fatosefotosnews.com.br\/#\/schema\/logo\/image\/","url":"https:\/\/www.fatosefotosnews.com.br\/wp-content\/uploads\/2023\/02\/Fatos-e-Fotos-news-logo.png","contentUrl":"https:\/\/www.fatosefotosnews.com.br\/wp-content\/uploads\/2023\/02\/Fatos-e-Fotos-news-logo.png","width":300,"height":58,"caption":"Fatos e Fotos News"},"image":{"@id":"https:\/\/www.fatosefotosnews.com.br\/#\/schema\/logo\/image\/"}},{"@type":"Person","@id":"https:\/\/www.fatosefotosnews.com.br\/#\/schema\/person\/17b18da658f5277ed99382206a85602f","name":"Mirela Portugal","image":{"@type":"ImageObject","inLanguage":"pt-BR","@id":"https:\/\/secure.gravatar.com\/avatar\/2f92fb43fda38d1a46cf4a155e1c2951193d91d9bed3df97fce720eeb9595d08?s=96&d=mm&r=g","url":"https:\/\/secure.gravatar.com\/avatar\/2f92fb43fda38d1a46cf4a155e1c2951193d91d9bed3df97fce720eeb9595d08?s=96&d=mm&r=g","contentUrl":"https:\/\/secure.gravatar.com\/avatar\/2f92fb43fda38d1a46cf4a155e1c2951193d91d9bed3df97fce720eeb9595d08?s=96&d=mm&r=g","caption":"Mirela Portugal"},"sameAs":["http:\/\/fatosefotosnews.com.br"],"url":"https:\/\/www.fatosefotosnews.com.br\/?author=12"}]}},"jetpack_publicize_connections":[],"blog_post_layout_featured_media_urls":{"thumbnail":"","full":""},"categories_names":{"167":{"name":"Geral","link":"https:\/\/www.fatosefotosnews.com.br\/?cat=167"}},"tags_names":{"1246":{"name":"federal","link":"https:\/\/www.fatosefotosnews.com.br\/?tag=federal"},"2692":{"name":"furto","link":"https:\/\/www.fatosefotosnews.com.br\/?tag=furto"},"839":{"name":"investiga","link":"https:\/\/www.fatosefotosnews.com.br\/?tag=investiga"},"5395":{"name":"material","link":"https:\/\/www.fatosefotosnews.com.br\/?tag=material"},"805":{"name":"pesquisa","link":"https:\/\/www.fatosefotosnews.com.br\/?tag=pesquisa"},"785":{"name":"policia","link":"https:\/\/www.fatosefotosnews.com.br\/?tag=policia"},"5805":{"name":"unicamp","link":"https:\/\/www.fatosefotosnews.com.br\/?tag=unicamp"}},"comments_number":"0","wpmagazine_modules_lite_featured_media_urls":{"thumbnail":"","cvmm-medium":"","cvmm-medium-plus":"","cvmm-portrait":"","cvmm-medium-square":"","cvmm-large":"","cvmm-small":"","full":""},"_links":{"self":[{"href":"https:\/\/www.fatosefotosnews.com.br\/index.php?rest_route=\/wp\/v2\/posts\/152810","targetHints":{"allow":["GET"]}}],"collection":[{"href":"https:\/\/www.fatosefotosnews.com.br\/index.php?rest_route=\/wp\/v2\/posts"}],"about":[{"href":"https:\/\/www.fatosefotosnews.com.br\/index.php?rest_route=\/wp\/v2\/types\/post"}],"author":[{"embeddable":true,"href":"https:\/\/www.fatosefotosnews.com.br\/index.php?rest_route=\/wp\/v2\/users\/12"}],"replies":[{"embeddable":true,"href":"https:\/\/www.fatosefotosnews.com.br\/index.php?rest_route=%2Fwp%2Fv2%2Fcomments&post=152810"}],"version-history":[{"count":1,"href":"https:\/\/www.fatosefotosnews.com.br\/index.php?rest_route=\/wp\/v2\/posts\/152810\/revisions"}],"predecessor-version":[{"id":152812,"href":"https:\/\/www.fatosefotosnews.com.br\/index.php?rest_route=\/wp\/v2\/posts\/152810\/revisions\/152812"}],"wp:attachment":[{"href":"https:\/\/www.fatosefotosnews.com.br\/index.php?rest_route=%2Fwp%2Fv2%2Fmedia&parent=152810"}],"wp:term":[{"taxonomy":"category","embeddable":true,"href":"https:\/\/www.fatosefotosnews.com.br\/index.php?rest_route=%2Fwp%2Fv2%2Fcategories&post=152810"},{"taxonomy":"post_tag","embeddable":true,"href":"https:\/\/www.fatosefotosnews.com.br\/index.php?rest_route=%2Fwp%2Fv2%2Ftags&post=152810"}],"curies":[{"name":"wp","href":"https:\/\/api.w.org\/{rel}","templated":true}]}}