{"id":154800,"date":"2026-05-23T18:03:33","date_gmt":"2026-05-23T21:03:33","guid":{"rendered":"https:\/\/www.fatosefotosnews.com.br\/?p=154800"},"modified":"2026-05-23T18:03:40","modified_gmt":"2026-05-23T21:03:40","slug":"fiocruz-tera-producao-nacional-de-terapias-celulares-contra-o-cancer","status":"publish","type":"post","link":"https:\/\/www.fatosefotosnews.com.br\/?p=154800","title":{"rendered":"Fiocruz ter\u00e1 produ\u00e7\u00e3o nacional de terapias celulares contra o c\u00e2ncer"},"content":{"rendered":"\n<p class=\"wp-block-paragraph\">Foto: Rovena Rosa\/Ag\u00eancia Brasil<\/p>\n\n\n\n<p class=\"wp-block-paragraph\"><br>O Sistema \u00danico de Sa\u00fade (SUS) ganhou um refor\u00e7o, neste s\u00e1bado (23), com o lan\u00e7amento, na Funda\u00e7\u00e3o Oswaldo Cruz (Fiocruz), do Centro de Desenvolvimento e Produ\u00e7\u00e3o de Terapias CAR-T, que vai possibilitar a fabrica\u00e7\u00e3o nacional de terapias celulares a pre\u00e7os reduzidos.<\/p>\n\n\n\n<p class=\"wp-block-paragraph\">De acordo com a Fiocruz, a terapia CAR-T \u00e9 considerada um dos maiores avan\u00e7os recentes na oncologia. A partir da produ\u00e7\u00e3o na Funda\u00e7\u00e3o, o produto de alto valor tecnol\u00f3gico estar\u00e1 acess\u00edvel \u00e0 popula\u00e7\u00e3o \u201cem um processo que envolve incorpora\u00e7\u00e3o de tecnologia combinada ao desenvolvimento de estudo cl\u00ednico\u201d.<\/p>\n\n\n\n<p class=\"wp-block-paragraph\">A iniciativa no Brasil faz parte do Programa para Amplia\u00e7\u00e3o e Moderniza\u00e7\u00e3o de Infraestrutura do Complexo Econ\u00f4mico-Industrial da Sa\u00fade (PDCEIS), vinculado ao Novo PAC (Programa de Acelera\u00e7\u00e3o do Crescimento), que j\u00e1 investiu R$ 330 milh\u00f5es.<\/p>\n\n\n\n<p class=\"wp-block-paragraph\">Ainda conforme a Funda\u00e7\u00e3o, o Brasil \u00e9 um dos poucos pa\u00edses no mundo com potencial para se apropriar dessa revolu\u00e7\u00e3o na medicina para a popula\u00e7\u00e3o de forma gratuita, pelo SUS, uma vez que conta com institui\u00e7\u00f5es p\u00fablicas como a Fiocruz, capazes de disponibilizar terapias avan\u00e7adas.<\/p>\n\n\n\n<p class=\"wp-block-paragraph\">A tecnologia CAR-T produzida pela Fiocruz vai beneficiar diretamente pacientes que enfrentam leucemia, linfoma e mieloma. As c\u00e9lulas de defesa do paciente s\u00e3o removidas, modificadas geneticamente em laborat\u00f3rio e reintroduzidas na pessoa j\u00e1 \u201creprogramadas\u201d para combater o c\u00e2ncer.<\/p>\n\n\n\n<p class=\"wp-block-paragraph\">O presidente Luiz In\u00e1cio Lula da Silva participou do lan\u00e7amento, acompanhado do ministro da Sa\u00fade, Alexandre Padilha, e do presidente da Fiocruz, Mario Moreira.<\/p>\n\n\n\n<p class=\"wp-block-paragraph\">Chance de cura<br>No evento, Lula cumprimentou Paulo Peregrino, que passou por um tratamento no Hospital das Cl\u00ednicas de S\u00e3o Paulo com tecnologia semelhante e foi curado do c\u00e2ncer.<\/p>\n\n\n\n<p class=\"wp-block-paragraph\">Ele foi um dos 14 pacientes brasileiros submetidos ao tratamento inovador de terapia celular CAR-T Cell realizado pela Universidade de S\u00e3o Paulo (USP), em parceria com o Instituto Butant\u00e3.<\/p>\n\n\n\n<p class=\"wp-block-paragraph\">Peregrino contou que quando foi convidado, em 2022, para participar da pesquisa em S\u00e3o Paulo viu a possibilidade de tentar a cura. Segundo ele, o tratamento custava R$ 2 milh\u00f5es, valor que n\u00e3o teria condi\u00e7\u00e3o de pagar. Na \u00e9poca, j\u00e1 tinha tentado outros tratamentos e estava em estado muito grave.<\/p>\n\n\n\n<p class=\"wp-block-paragraph\">\u201cO fato de eu ter essa chance foi Deus e a ci\u00eancia, porque aconteceu exatamente no momento em que eu precisava. Ter a chance de conseguir ser selecionado e ter o tratamento que tive no HC de S\u00e3o Paulo, pelo SUS, foi uma coisa absolutamente fant\u00e1stica\u201d, disse \u00e0 Ag\u00eancia Brasil ap\u00f3s a cerim\u00f4nia.<\/p>\n\n\n\n<p class=\"wp-block-paragraph\">Centro de Desenvolvimento Tecnol\u00f3gico<br>Outro refor\u00e7o para o SUS foi a inaugura\u00e7\u00e3o da sede exclusiva para acolher projetos inovadores do Centro de Desenvolvimento Tecnol\u00f3gico em Sa\u00fade da Funda\u00e7\u00e3o Oswaldo Cruz (CDTS\/Fiocruz).<\/p>\n\n\n\n<p class=\"wp-block-paragraph\">Criado em 2002, com apoio do Minist\u00e9rio da Sa\u00fade, o Centro trabalha na gera\u00e7\u00e3o de conhecimento b\u00e1sico com o desenvolvimento tecnol\u00f3gico destinada \u00e0 produ\u00e7\u00e3o de novas tecnologias, produtos e servi\u00e7os para o SUS. O ponto de partida \u00e9 o conhecimento cient\u00edfico e tecnol\u00f3gico gerado na Funda\u00e7\u00e3o em parceria com universidades, centros de pesquisa e parceiros privados nacionais e internacionais.<\/p>\n\n\n\n<p class=\"wp-block-paragraph\">Com a sede exclusiva, que teve investimentos de R$ 370 milh\u00f5es, o CDTS, que h\u00e1 mais de 20 anos desenvolve projetos cient\u00edficos, poder\u00e1 avan\u00e7ar em tecnologias inovadoras ligadas a vacinas, f\u00e1rmacos, biof\u00e1rmacos, reativos e m\u00e9todos de diagn\u00f3stico para o SUS, fortalecendo a capacidade de inova\u00e7\u00e3o nacional e a soberania em sa\u00fade.<\/p>\n\n\n\n<p class=\"wp-block-paragraph\">Para o ministro da Sa\u00fade, Alexandre Padilha, a Fiocruz tem papel relevante no acesso da popula\u00e7\u00e3o \u00e0s tecnologias e projetos.<\/p>\n\n\n\n<p class=\"wp-block-paragraph\">\u201cN\u00e3o estamos falando apenas de uma grande ind\u00fastria de produ\u00e7\u00e3o tecnol\u00f3gica. Estamos falando de uma institui\u00e7\u00e3o que combina inova\u00e7\u00e3o, escala e acesso para salvar vidas\u201d, disse na cerim\u00f4nia.<\/p>\n\n\n\n<p class=\"wp-block-paragraph\">O presidente Lula destacou que esse tipo de entrega d\u00e1 ao pa\u00eds a certeza de n\u00e3o ser menor ou menos competitivo que nenhum outro. Segundo ele, fazer investimento em pesquisa \u00e9 algo que nem todo mundo gosta de fazer.<\/p>\n\n\n\n<p class=\"wp-block-paragraph\">&#8220;Porque o resultado da pesquisa pode n\u00e3o ser positivo. A\u00ed voc\u00ea pensa: \u2018Joguei dinheiro fora\u2019. N\u00e3o. Voc\u00ea n\u00e3o encontraria petr\u00f3leo se n\u00e3o fizesse pesquisa. Para tudo tem que ser feito pesquisa\u201d, completou.<\/p>\n\n\n\n<p class=\"wp-block-paragraph\">Ve\u00edculos<br>Tamb\u00e9m na Fiocruz, o programa Agora Tem Especialistas &#8211; Caminhos da Sa\u00fade recebeu 40 ve\u00edculos do SAMU para 38 munic\u00edpios do estado do Rio de Janeiro, em um investimento de mais de R$ 23,3 milh\u00f5es do governo federal.<\/p>\n\n\n\n<p class=\"wp-block-paragraph\">Tamb\u00e9m foi feita a primeira entrega de um micro-\u00f4nibus do programa, para garantir o deslocamento gratuito de pacientes do SUS que precisam se dirigir aos centros de radioterapia ou hemodi\u00e1lise, localizados a mais de 50 quil\u00f4metros do local de resid\u00eancia. Foi entregue tamb\u00e9m uma ambul\u00e2ncia ao munic\u00edpio de S\u00e3o Jo\u00e3o de Meriti.<\/p>\n\n\n\n<p class=\"wp-block-paragraph\">Ainda na cerim\u00f4nia, como forma de valoriza\u00e7\u00e3o dos sanitaristas, o presidente e o ministro da sa\u00fade entregaram carteiras de sanitaristas a quatro profissionais. Uma delas foi entregue \u00e0s filhas do ex-presidente da Fiocruz, S\u00e9rgio Arouca, morto em 2003.<\/p>\n","protected":false},"excerpt":{"rendered":"<p>Foto: Rovena Rosa\/Ag\u00eancia Brasil O Sistema \u00danico de Sa\u00fade (SUS) ganhou um refor\u00e7o, neste s\u00e1bado (23), com o lan\u00e7amento, na Funda\u00e7\u00e3o Oswaldo Cruz (Fiocruz), do Centro de Desenvolvimento e Produ\u00e7\u00e3o de Terapias CAR-T, que vai possibilitar a fabrica\u00e7\u00e3o nacional de terapias celulares a pre\u00e7os reduzidos. De acordo com a Fiocruz, a terapia CAR-T \u00e9 considerada [&hellip;]<\/p>\n","protected":false},"author":12,"featured_media":0,"comment_status":"closed","ping_status":"open","sticky":false,"template":"","format":"standard","meta":{"_acf_changed":false,"_angie_page":false,"_monsterinsights_skip_tracking":false,"_themeisle_gutenberg_block_has_review":false,"page_builder":"","footnotes":"","jetpack_publicize_message":"","jetpack_publicize_feature_enabled":true,"jetpack_social_post_already_shared":true,"jetpack_social_options":{"image_generator_settings":{"template":"highway","default_image_id":0,"font":"","enabled":false},"version":2}},"categories":[167],"tags":[304,1703,473,3307,1212,2083,10154],"class_list":["post-154800","post","type-post","status-publish","format-standard","hentry","category-geral","tag-cancer","tag-celulares","tag-contra","tag-fiocruz","tag-nacional","tag-produ","tag-terapias"],"acf":[],"nelio_content":{"autoShareEndMode":"never","automationSources":{"useCustomSentences":false,"customSentences":[]},"efiAlt":"","efiUrl":"","followers":[12],"highlights":[],"isAutoShareEnabled":true,"networkImageIds":[],"permalinkQueryArgs":[],"series":[],"suggestedReferences":[]},"yoast_head":"<!-- This site is optimized with the Yoast SEO plugin v28.3 - https:\/\/yoast.com\/product\/yoast-seo-wordpress\/ -->\n<title>Fiocruz ter\u00e1 produ\u00e7\u00e3o nacional de terapias celulares contra o c\u00e2ncer - Fatos e Fotos News<\/title>\n<meta name=\"robots\" content=\"index, follow, max-snippet:-1, max-image-preview:large, max-video-preview:-1\" \/>\n<link rel=\"canonical\" href=\"https:\/\/www.fatosefotosnews.com.br\/?p=154800\" \/>\n<meta property=\"og:locale\" content=\"pt_BR\" \/>\n<meta property=\"og:type\" content=\"article\" \/>\n<meta property=\"og:title\" content=\"Fiocruz ter\u00e1 produ\u00e7\u00e3o nacional de terapias celulares contra o c\u00e2ncer - Fatos e Fotos News\" \/>\n<meta property=\"og:description\" content=\"Foto: Rovena Rosa\/Ag\u00eancia Brasil O Sistema \u00danico de Sa\u00fade (SUS) ganhou um refor\u00e7o, neste s\u00e1bado (23), com o lan\u00e7amento, na Funda\u00e7\u00e3o Oswaldo Cruz (Fiocruz), do Centro de Desenvolvimento e Produ\u00e7\u00e3o de Terapias CAR-T, que vai possibilitar a fabrica\u00e7\u00e3o nacional de terapias celulares a pre\u00e7os reduzidos. De acordo com a Fiocruz, a terapia CAR-T \u00e9 considerada [&hellip;]\" \/>\n<meta property=\"og:url\" content=\"https:\/\/www.fatosefotosnews.com.br\/?p=154800\" \/>\n<meta property=\"og:site_name\" content=\"Fatos e Fotos News\" \/>\n<meta property=\"article:published_time\" content=\"2026-05-23T21:03:33+00:00\" \/>\n<meta property=\"article:modified_time\" content=\"2026-05-23T21:03:40+00:00\" \/>\n<meta property=\"og:image\" content=\"https:\/\/www.fatosefotosnews.com.br\/wp-content\/uploads\/2026\/05\/0g0a8839.webp\" \/>\n\t<meta property=\"og:image:width\" content=\"1170\" \/>\n\t<meta property=\"og:image:height\" content=\"700\" \/>\n\t<meta property=\"og:image:type\" content=\"image\/webp\" \/>\n<meta name=\"author\" content=\"Mirela Portugal\" \/>\n<meta name=\"twitter:card\" content=\"summary_large_image\" \/>\n<meta name=\"twitter:label1\" content=\"Escrito por\" \/>\n\t<meta name=\"twitter:data1\" content=\"Mirela Portugal\" \/>\n\t<meta name=\"twitter:label2\" content=\"Est. tempo de leitura\" \/>\n\t<meta name=\"twitter:data2\" content=\"5 minutos\" \/>\n<script type=\"application\/ld+json\" class=\"yoast-schema-graph\">{\"@context\":\"https:\\\/\\\/schema.org\",\"@graph\":[{\"@type\":\"Article\",\"@id\":\"https:\\\/\\\/www.fatosefotosnews.com.br\\\/?p=154800#article\",\"isPartOf\":{\"@id\":\"https:\\\/\\\/www.fatosefotosnews.com.br\\\/?p=154800\"},\"author\":{\"name\":\"Mirela Portugal\",\"@id\":\"https:\\\/\\\/www.fatosefotosnews.com.br\\\/#\\\/schema\\\/person\\\/17b18da658f5277ed99382206a85602f\"},\"headline\":\"Fiocruz ter\u00e1 produ\u00e7\u00e3o nacional de terapias celulares contra o c\u00e2ncer\",\"datePublished\":\"2026-05-23T21:03:33+00:00\",\"dateModified\":\"2026-05-23T21:03:40+00:00\",\"mainEntityOfPage\":{\"@id\":\"https:\\\/\\\/www.fatosefotosnews.com.br\\\/?p=154800\"},\"wordCount\":887,\"publisher\":{\"@id\":\"https:\\\/\\\/www.fatosefotosnews.com.br\\\/#organization\"},\"keywords\":[\"C\u00e2ncer\",\"celulares\",\"contra\",\"fiocruz\",\"nacional\",\"produ\",\"terapias\"],\"articleSection\":[\"Geral\"],\"inLanguage\":\"pt-BR\"},{\"@type\":\"WebPage\",\"@id\":\"https:\\\/\\\/www.fatosefotosnews.com.br\\\/?p=154800\",\"url\":\"https:\\\/\\\/www.fatosefotosnews.com.br\\\/?p=154800\",\"name\":\"Fiocruz ter\u00e1 produ\u00e7\u00e3o nacional de terapias celulares contra o c\u00e2ncer - Fatos e Fotos News\",\"isPartOf\":{\"@id\":\"https:\\\/\\\/www.fatosefotosnews.com.br\\\/#website\"},\"datePublished\":\"2026-05-23T21:03:33+00:00\",\"dateModified\":\"2026-05-23T21:03:40+00:00\",\"breadcrumb\":{\"@id\":\"https:\\\/\\\/www.fatosefotosnews.com.br\\\/?p=154800#breadcrumb\"},\"inLanguage\":\"pt-BR\",\"potentialAction\":[{\"@type\":\"ReadAction\",\"target\":[\"https:\\\/\\\/www.fatosefotosnews.com.br\\\/?p=154800\"]}]},{\"@type\":\"BreadcrumbList\",\"@id\":\"https:\\\/\\\/www.fatosefotosnews.com.br\\\/?p=154800#breadcrumb\",\"itemListElement\":[{\"@type\":\"ListItem\",\"position\":1,\"name\":\"In\u00edcio\",\"item\":\"https:\\\/\\\/www.fatosefotosnews.com.br\\\/\"},{\"@type\":\"ListItem\",\"position\":2,\"name\":\"Fiocruz ter\u00e1 produ\u00e7\u00e3o nacional de terapias celulares contra o c\u00e2ncer\"}]},{\"@type\":\"WebSite\",\"@id\":\"https:\\\/\\\/www.fatosefotosnews.com.br\\\/#website\",\"url\":\"https:\\\/\\\/www.fatosefotosnews.com.br\\\/\",\"name\":\"Fatos e Fotos News\",\"description\":\"Um site de noticial verdadeira e confi\u00e1veis.\",\"publisher\":{\"@id\":\"https:\\\/\\\/www.fatosefotosnews.com.br\\\/#organization\"},\"potentialAction\":[{\"@type\":\"SearchAction\",\"target\":{\"@type\":\"EntryPoint\",\"urlTemplate\":\"https:\\\/\\\/www.fatosefotosnews.com.br\\\/?s={search_term_string}\"},\"query-input\":{\"@type\":\"PropertyValueSpecification\",\"valueRequired\":true,\"valueName\":\"search_term_string\"}}],\"inLanguage\":\"pt-BR\"},{\"@type\":\"Organization\",\"@id\":\"https:\\\/\\\/www.fatosefotosnews.com.br\\\/#organization\",\"name\":\"Fatos e Fotos News\",\"url\":\"https:\\\/\\\/www.fatosefotosnews.com.br\\\/\",\"logo\":{\"@type\":\"ImageObject\",\"inLanguage\":\"pt-BR\",\"@id\":\"https:\\\/\\\/www.fatosefotosnews.com.br\\\/#\\\/schema\\\/logo\\\/image\\\/\",\"url\":\"https:\\\/\\\/www.fatosefotosnews.com.br\\\/wp-content\\\/uploads\\\/2023\\\/02\\\/Fatos-e-Fotos-news-logo.png\",\"contentUrl\":\"https:\\\/\\\/www.fatosefotosnews.com.br\\\/wp-content\\\/uploads\\\/2023\\\/02\\\/Fatos-e-Fotos-news-logo.png\",\"width\":300,\"height\":58,\"caption\":\"Fatos e Fotos News\"},\"image\":{\"@id\":\"https:\\\/\\\/www.fatosefotosnews.com.br\\\/#\\\/schema\\\/logo\\\/image\\\/\"}},{\"@type\":\"Person\",\"@id\":\"https:\\\/\\\/www.fatosefotosnews.com.br\\\/#\\\/schema\\\/person\\\/17b18da658f5277ed99382206a85602f\",\"name\":\"Mirela Portugal\",\"image\":{\"@type\":\"ImageObject\",\"inLanguage\":\"pt-BR\",\"@id\":\"https:\\\/\\\/secure.gravatar.com\\\/avatar\\\/2f92fb43fda38d1a46cf4a155e1c2951193d91d9bed3df97fce720eeb9595d08?s=96&d=mm&r=g\",\"url\":\"https:\\\/\\\/secure.gravatar.com\\\/avatar\\\/2f92fb43fda38d1a46cf4a155e1c2951193d91d9bed3df97fce720eeb9595d08?s=96&d=mm&r=g\",\"contentUrl\":\"https:\\\/\\\/secure.gravatar.com\\\/avatar\\\/2f92fb43fda38d1a46cf4a155e1c2951193d91d9bed3df97fce720eeb9595d08?s=96&d=mm&r=g\",\"caption\":\"Mirela Portugal\"},\"sameAs\":[\"http:\\\/\\\/fatosefotosnews.com.br\"],\"url\":\"https:\\\/\\\/www.fatosefotosnews.com.br\\\/?author=12\"}]}<\/script>\n<!-- \/ Yoast SEO plugin. -->","yoast_head_json":{"title":"Fiocruz ter\u00e1 produ\u00e7\u00e3o nacional de terapias celulares contra o c\u00e2ncer - Fatos e Fotos News","robots":{"index":"index","follow":"follow","max-snippet":"max-snippet:-1","max-image-preview":"max-image-preview:large","max-video-preview":"max-video-preview:-1"},"canonical":"https:\/\/www.fatosefotosnews.com.br\/?p=154800","og_locale":"pt_BR","og_type":"article","og_title":"Fiocruz ter\u00e1 produ\u00e7\u00e3o nacional de terapias celulares contra o c\u00e2ncer - Fatos e Fotos News","og_description":"Foto: Rovena Rosa\/Ag\u00eancia Brasil O Sistema \u00danico de Sa\u00fade (SUS) ganhou um refor\u00e7o, neste s\u00e1bado (23), com o lan\u00e7amento, na Funda\u00e7\u00e3o Oswaldo Cruz (Fiocruz), do Centro de Desenvolvimento e Produ\u00e7\u00e3o de Terapias CAR-T, que vai possibilitar a fabrica\u00e7\u00e3o nacional de terapias celulares a pre\u00e7os reduzidos. De acordo com a Fiocruz, a terapia CAR-T \u00e9 considerada [&hellip;]","og_url":"https:\/\/www.fatosefotosnews.com.br\/?p=154800","og_site_name":"Fatos e Fotos News","article_published_time":"2026-05-23T21:03:33+00:00","article_modified_time":"2026-05-23T21:03:40+00:00","og_image":[{"width":1170,"height":700,"url":"https:\/\/www.fatosefotosnews.com.br\/wp-content\/uploads\/2026\/05\/0g0a8839.webp","type":"image\/webp"}],"author":"Mirela Portugal","twitter_card":"summary_large_image","twitter_misc":{"Escrito por":"Mirela Portugal","Est. tempo de leitura":"5 minutos"},"schema":{"@context":"https:\/\/schema.org","@graph":[{"@type":"Article","@id":"https:\/\/www.fatosefotosnews.com.br\/?p=154800#article","isPartOf":{"@id":"https:\/\/www.fatosefotosnews.com.br\/?p=154800"},"author":{"name":"Mirela Portugal","@id":"https:\/\/www.fatosefotosnews.com.br\/#\/schema\/person\/17b18da658f5277ed99382206a85602f"},"headline":"Fiocruz ter\u00e1 produ\u00e7\u00e3o nacional de terapias celulares contra o c\u00e2ncer","datePublished":"2026-05-23T21:03:33+00:00","dateModified":"2026-05-23T21:03:40+00:00","mainEntityOfPage":{"@id":"https:\/\/www.fatosefotosnews.com.br\/?p=154800"},"wordCount":887,"publisher":{"@id":"https:\/\/www.fatosefotosnews.com.br\/#organization"},"keywords":["C\u00e2ncer","celulares","contra","fiocruz","nacional","produ","terapias"],"articleSection":["Geral"],"inLanguage":"pt-BR"},{"@type":"WebPage","@id":"https:\/\/www.fatosefotosnews.com.br\/?p=154800","url":"https:\/\/www.fatosefotosnews.com.br\/?p=154800","name":"Fiocruz ter\u00e1 produ\u00e7\u00e3o nacional de terapias celulares contra o c\u00e2ncer - Fatos e Fotos News","isPartOf":{"@id":"https:\/\/www.fatosefotosnews.com.br\/#website"},"datePublished":"2026-05-23T21:03:33+00:00","dateModified":"2026-05-23T21:03:40+00:00","breadcrumb":{"@id":"https:\/\/www.fatosefotosnews.com.br\/?p=154800#breadcrumb"},"inLanguage":"pt-BR","potentialAction":[{"@type":"ReadAction","target":["https:\/\/www.fatosefotosnews.com.br\/?p=154800"]}]},{"@type":"BreadcrumbList","@id":"https:\/\/www.fatosefotosnews.com.br\/?p=154800#breadcrumb","itemListElement":[{"@type":"ListItem","position":1,"name":"In\u00edcio","item":"https:\/\/www.fatosefotosnews.com.br\/"},{"@type":"ListItem","position":2,"name":"Fiocruz ter\u00e1 produ\u00e7\u00e3o nacional de terapias celulares contra o c\u00e2ncer"}]},{"@type":"WebSite","@id":"https:\/\/www.fatosefotosnews.com.br\/#website","url":"https:\/\/www.fatosefotosnews.com.br\/","name":"Fatos e Fotos News","description":"Um site de noticial verdadeira e confi\u00e1veis.","publisher":{"@id":"https:\/\/www.fatosefotosnews.com.br\/#organization"},"potentialAction":[{"@type":"SearchAction","target":{"@type":"EntryPoint","urlTemplate":"https:\/\/www.fatosefotosnews.com.br\/?s={search_term_string}"},"query-input":{"@type":"PropertyValueSpecification","valueRequired":true,"valueName":"search_term_string"}}],"inLanguage":"pt-BR"},{"@type":"Organization","@id":"https:\/\/www.fatosefotosnews.com.br\/#organization","name":"Fatos e Fotos News","url":"https:\/\/www.fatosefotosnews.com.br\/","logo":{"@type":"ImageObject","inLanguage":"pt-BR","@id":"https:\/\/www.fatosefotosnews.com.br\/#\/schema\/logo\/image\/","url":"https:\/\/www.fatosefotosnews.com.br\/wp-content\/uploads\/2023\/02\/Fatos-e-Fotos-news-logo.png","contentUrl":"https:\/\/www.fatosefotosnews.com.br\/wp-content\/uploads\/2023\/02\/Fatos-e-Fotos-news-logo.png","width":300,"height":58,"caption":"Fatos e Fotos News"},"image":{"@id":"https:\/\/www.fatosefotosnews.com.br\/#\/schema\/logo\/image\/"}},{"@type":"Person","@id":"https:\/\/www.fatosefotosnews.com.br\/#\/schema\/person\/17b18da658f5277ed99382206a85602f","name":"Mirela Portugal","image":{"@type":"ImageObject","inLanguage":"pt-BR","@id":"https:\/\/secure.gravatar.com\/avatar\/2f92fb43fda38d1a46cf4a155e1c2951193d91d9bed3df97fce720eeb9595d08?s=96&d=mm&r=g","url":"https:\/\/secure.gravatar.com\/avatar\/2f92fb43fda38d1a46cf4a155e1c2951193d91d9bed3df97fce720eeb9595d08?s=96&d=mm&r=g","contentUrl":"https:\/\/secure.gravatar.com\/avatar\/2f92fb43fda38d1a46cf4a155e1c2951193d91d9bed3df97fce720eeb9595d08?s=96&d=mm&r=g","caption":"Mirela Portugal"},"sameAs":["http:\/\/fatosefotosnews.com.br"],"url":"https:\/\/www.fatosefotosnews.com.br\/?author=12"}]}},"jetpack_publicize_connections":[],"blog_post_layout_featured_media_urls":{"thumbnail":"","full":""},"categories_names":{"167":{"name":"Geral","link":"https:\/\/www.fatosefotosnews.com.br\/?cat=167"}},"tags_names":{"304":{"name":"C\u00e2ncer","link":"https:\/\/www.fatosefotosnews.com.br\/?tag=cancer"},"1703":{"name":"celulares","link":"https:\/\/www.fatosefotosnews.com.br\/?tag=celulares"},"473":{"name":"contra","link":"https:\/\/www.fatosefotosnews.com.br\/?tag=contra"},"3307":{"name":"fiocruz","link":"https:\/\/www.fatosefotosnews.com.br\/?tag=fiocruz"},"1212":{"name":"nacional","link":"https:\/\/www.fatosefotosnews.com.br\/?tag=nacional"},"2083":{"name":"produ","link":"https:\/\/www.fatosefotosnews.com.br\/?tag=produ"},"10154":{"name":"terapias","link":"https:\/\/www.fatosefotosnews.com.br\/?tag=terapias"}},"comments_number":"0","wpmagazine_modules_lite_featured_media_urls":{"thumbnail":"","cvmm-medium":"","cvmm-medium-plus":"","cvmm-portrait":"","cvmm-medium-square":"","cvmm-large":"","cvmm-small":"","full":""},"_links":{"self":[{"href":"https:\/\/www.fatosefotosnews.com.br\/index.php?rest_route=\/wp\/v2\/posts\/154800","targetHints":{"allow":["GET"]}}],"collection":[{"href":"https:\/\/www.fatosefotosnews.com.br\/index.php?rest_route=\/wp\/v2\/posts"}],"about":[{"href":"https:\/\/www.fatosefotosnews.com.br\/index.php?rest_route=\/wp\/v2\/types\/post"}],"author":[{"embeddable":true,"href":"https:\/\/www.fatosefotosnews.com.br\/index.php?rest_route=\/wp\/v2\/users\/12"}],"replies":[{"embeddable":true,"href":"https:\/\/www.fatosefotosnews.com.br\/index.php?rest_route=%2Fwp%2Fv2%2Fcomments&post=154800"}],"version-history":[{"count":1,"href":"https:\/\/www.fatosefotosnews.com.br\/index.php?rest_route=\/wp\/v2\/posts\/154800\/revisions"}],"predecessor-version":[{"id":154802,"href":"https:\/\/www.fatosefotosnews.com.br\/index.php?rest_route=\/wp\/v2\/posts\/154800\/revisions\/154802"}],"wp:attachment":[{"href":"https:\/\/www.fatosefotosnews.com.br\/index.php?rest_route=%2Fwp%2Fv2%2Fmedia&parent=154800"}],"wp:term":[{"taxonomy":"category","embeddable":true,"href":"https:\/\/www.fatosefotosnews.com.br\/index.php?rest_route=%2Fwp%2Fv2%2Fcategories&post=154800"},{"taxonomy":"post_tag","embeddable":true,"href":"https:\/\/www.fatosefotosnews.com.br\/index.php?rest_route=%2Fwp%2Fv2%2Ftags&post=154800"}],"curies":[{"name":"wp","href":"https:\/\/api.w.org\/{rel}","templated":true}]}}