{"id":156259,"date":"2026-07-13T16:51:19","date_gmt":"2026-07-13T19:51:19","guid":{"rendered":"https:\/\/www.fatosefotosnews.com.br\/?p=156259"},"modified":"2026-07-13T16:51:27","modified_gmt":"2026-07-13T19:51:27","slug":"156259","status":"publish","type":"post","link":"https:\/\/www.fatosefotosnews.com.br\/?p=156259","title":{"rendered":""},"content":{"rendered":"\n<h1 class=\"wp-block-heading\">Congresso se aproxima do recesso sem votar PEC 6&#215;1 e PL da Misoginia<\/h1>\n\n\n\n<p class=\"wp-block-paragraph\">MP do Frete tamb\u00e9m n\u00e3o est\u00e1 na pauta da semana<\/p>\n\n\n\n<p class=\"wp-block-paragraph\">Foto: Rafa Neddermeyer<\/p>\n\n\n\n<p class=\"wp-block-paragraph\">O Congresso Nacional se aproxima do recesso parlamentar,&nbsp;<strong>previsto para come\u00e7ar neste s\u00e1bado (18)<\/strong>, sem concluir a an\u00e1lise da proposta de emenda \u00e0 Constitui\u00e7\u00e3o (PEC) que&nbsp;<a href=\"https:\/\/agenciabrasil.ebc.com.br\/politica\/noticia\/2026-05\/entenda-pec-que-acaba-com-escala-6x1-mais-tempo-livre-e-mesmo-salario\" target=\"_blank\" rel=\"noreferrer noopener\">acaba com a escala 6&#215;1<\/a>&nbsp;e reduz a jornada de trabalho das atuais 44 para 40 horas semanais.&nbsp;<img decoding=\"async\" src=\"https:\/\/agenciabrasil.ebc.com.br\/ebc.png?id=1696587&amp;o=node\"><img decoding=\"async\" src=\"https:\/\/agenciabrasil.ebc.com.br\/ebc.gif?id=1696587&amp;o=node\"><\/p>\n\n\n\n<p class=\"wp-block-paragraph\"><a href=\"https:\/\/agenciabrasil.ebc.com.br\/politica\/noticia\/2026-05\/saiba-como-votaram-os-deputados-na-pec-que-acaba-com-escala-6x1\" target=\"_blank\" rel=\"noreferrer noopener\">Aprovada na C\u00e2mara dos Deputados<\/a>, em 27 de maio, com apenas 22 votos contr\u00e1rios, a&nbsp;<a href=\"https:\/\/agenciabrasil.ebc.com.br\/politica\/noticia\/2026-06\/alcolumbre-mantem-pec-6x1-travada-em-semana-esvaziada-no-senado\" target=\"_blank\" rel=\"noreferrer noopener\">PEC segue travada na mesa do presidente do Senado<\/a>, Davi Alcolumbre (Uni\u00e3o-AP).<\/p>\n\n\n\n<p class=\"wp-block-paragraph\">O senador n\u00e3o despachou a proposta para a Comiss\u00e3o de Constitui\u00e7\u00e3o e Justi\u00e7a (CCJ), e como n\u00e3o h\u00e1 sess\u00e3o da comiss\u00e3o nesta semana, a an\u00e1lise da PEC deve ficar para o segundo semestre.<\/p>\n\n\n\n<h2 class=\"wp-block-heading\">Misoginia<\/h2>\n\n\n\n<p class=\"wp-block-paragraph\">Na C\u00e2mara dos Deputados, a expectativa \u00e9 para se votar o projeto de lei que criminaliza a misoginia, que&nbsp;<strong>\u00e9 o \u00f3dio e a discrimina\u00e7\u00e3o contra mulheres pelo fato de serem mulheres<\/strong>. O&nbsp;<a href=\"https:\/\/www.camara.leg.br\/proposicoesWeb\/prop_mostrarintegra?codteor=3107208&amp;filename=PL%20896\/2023\" target=\"_blank\" rel=\"noreferrer noopener\">PL 896 de 2023<\/a>&nbsp;equipara a misoginia \u00e0 pr\u00e1tica do racismo.<\/p>\n\n\n\n<p class=\"wp-block-paragraph\">A assessoria da relatora do projeto, deputada Tabata Amaral (PSB-SP), informou \u00e0&nbsp;<strong>Ag\u00eancia Brasil<\/strong>&nbsp;que \u201ctudo est\u00e1 encaminhado\u201d para o PL entrar na pauta na quarta-feira (15).<\/p>\n\n\n\n<p class=\"wp-block-paragraph\">Por\u00e9m,&nbsp;<strong>o texto n\u00e3o foi inclu\u00eddo na previs\u00e3o de vota\u00e7\u00f5es da semana<\/strong>. A pauta de vota\u00e7\u00f5es, contudo, pode sofrer altera\u00e7\u00f5es e a proposta pode ainda ser inclu\u00edda na pauta de \u00faltima hora.&nbsp;&nbsp;<\/p>\n\n\n\n<p class=\"wp-block-paragraph\">A urg\u00eancia do PL que criminaliza a misoginia foi aprovada na C\u00e2mara no dia 1\u00ba de julho por 293 votos favor\u00e1veis e 158 contr\u00e1rios.&nbsp;<strong>No Senado o texto foi aprovado, por unanimidade, em mar\u00e7o<\/strong>.<\/p>\n\n\n\n<p class=\"wp-block-paragraph\">O presidente da C\u00e2mara, deputado Hugo Motta (Republicanos-PB), ao reconhecer que a criminaliza\u00e7\u00e3o da misoginia divide o plen\u00e1rio, pediu que as bancadas recebam a relatora Tabata Amaral para constru\u00e7\u00e3o de um \u201ctexto de consenso\u201d.<\/p>\n\n\n\n<p class=\"wp-block-paragraph\"><strong>\u201c[Com a urg\u00eancia sendo aprovada] n\u00f3s vamos, ao lado das lideran\u00e7as, com muita cautela, com muito respeito, construir o melhor texto poss\u00edvel.\u201d, disse Motta.<\/strong><\/p>\n\n\n\n<p class=\"wp-block-paragraph\">A urg\u00eancia ao projeto foi rejeitada pelos partidos Novo, Miss\u00e3o e o Partido Liberal (PL) que encaminharam contra a vota\u00e7\u00e3o. A l\u00edder do PL J\u00falia Zanatta (PL-SC), argumenta que o tema n\u00e3o est\u00e1 maduro para vota\u00e7\u00e3o. \u201cH\u00e1 v\u00e1rias diverg\u00eancias\u201d, disse.<\/p>\n\n\n\n<h2 class=\"wp-block-heading\">MP do Frete<\/h2>\n\n\n\n<p class=\"wp-block-paragraph\">Outro tema que pode ficar de fora da pauta do Senado desta semana \u00e9 a&nbsp;<a href=\"https:\/\/www.planalto.gov.br\/ccivil_03\/_ato2023-2026\/2026\/mpv\/mpv1343.htm\" target=\"_blank\" rel=\"noreferrer noopener\">Medida Provis\u00f3ria (MP) 1.343, de 2026<\/a>, editada pelo governo federal e que&nbsp;<strong>altera a Pol\u00edtica Nacional de Pisos M\u00ednimos do Transporte Rodovi\u00e1rios de Cargas<\/strong>.<\/p>\n\n\n\n<p class=\"wp-block-paragraph\">A MP perde a validade na quinta-feira (16). Mesmo assim, n\u00e3o foi inclu\u00edda na pauta de vota\u00e7\u00f5es pelo presidente do Senado, Davi Alcolumbre.&nbsp;<strong>A MP foi aprovada na C\u00e2mara no dia 17 de junho.<\/strong><\/p>\n\n\n\n<p class=\"wp-block-paragraph\">Inicialmente, o texto do governo federal busca fortalecer a fiscaliza\u00e7\u00e3o para cumprimento do pagamento do piso m\u00ednimo do frete dos caminhoneiros, al\u00e9m de prever a aplica\u00e7\u00e3o de multas de at\u00e9 R$ 1 milh\u00e3o contra empresas que contratem motoristas aut\u00f4nomos por valores abaixo da tabela m\u00ednima do frete.&nbsp;<\/p>\n\n\n\n<p class=\"wp-block-paragraph\">Na C\u00e2mara, o texto sofreu altera\u00e7\u00f5es pelo relator Z\u00e9 Trov\u00e3o (PL-SC), que&nbsp;<strong>incluiu no texto uma anistia das multas dos caminhoneiros que fecharam rodovias em 2022<\/strong>.<\/p>\n\n\n\n<p class=\"wp-block-paragraph\">Trov\u00e3o ainda incluiu anistia para multas aplicadas contra quem descumpriu o pagamento do frete m\u00ednimo, institu\u00edda pela&nbsp;<a href=\"https:\/\/www.planalto.gov.br\/ccivil_03\/_ato2015-2018\/2018\/lei\/l13703.htm\" target=\"_blank\" rel=\"noreferrer noopener\">Lei 13.703, de 2018<\/a>.<\/p>\n\n\n\n<h2 class=\"wp-block-heading\">C\u00e2mara<\/h2>\n\n\n\n<p class=\"wp-block-paragraph\">A&nbsp;<a href=\"https:\/\/www.camara.leg.br\/internet\/plenario\/pautadasemana\/pauta_s.pdf\" target=\"_blank\" rel=\"noreferrer noopener\">pauta de vota\u00e7\u00f5es do plen\u00e1rio da C\u00e2mara<\/a>&nbsp;na \u00faltima semana antes do recesso parlamentar prev\u00ea a an\u00e1lise de 19 projetos, medidas provis\u00f3rias e requerimento de urg\u00eancia.&nbsp;&nbsp;<\/p>\n\n\n\n<p class=\"wp-block-paragraph\">Entre as MP,&nbsp;<strong>destacam-se as que abrem cr\u00e9ditos extraordin\u00e1rios para os minist\u00e9rios do Desenvolvimento Agr\u00e1rio; da Integra\u00e7\u00e3o e do Desenvolvimento Regional; de Minas e Energia, e do Meio Ambiente<\/strong>.<\/p>\n\n\n\n<p class=\"wp-block-paragraph\">Entre os projetos da pauta, est\u00e3o o que autoriza a instala\u00e7\u00e3o de c\u00e2meras de reconhecimento facial nas esta\u00e7\u00f5es ferrovi\u00e1rias e rodovi\u00e1rias, no interior dos&nbsp;vag\u00f5es das composi\u00e7\u00f5es, em vias p\u00fablicas e reparti\u00e7\u00f5es p\u00fablicas (<a href=\"https:\/\/www.camara.leg.br\/proposicoesWeb\/prop_mostrarintegra?codteor=2257911&amp;filename=PL%201828\/2023\" target=\"_blank\" rel=\"noreferrer noopener\">PL 1.828, de 2023<\/a>), assim como o projeto que prev\u00ea a cassa\u00e7\u00e3o da Carteira Nacional de Habilita\u00e7\u00e3o (CNH) de quem abandonar animais na rua.<\/p>\n\n\n\n<h2 class=\"wp-block-heading\">Senado<\/h2>\n\n\n\n<p class=\"wp-block-paragraph\">No Senado, a pauta do plen\u00e1rio prev\u00ea a an\u00e1lise de medidas provis\u00f3rias, entre elas a&nbsp;<a href=\"https:\/\/www.camara.leg.br\/proposicoesWeb\/prop_mostrarintegra?codteor=3158580&amp;filename=Avulso%20MPV%201344\/2026\" target=\"_blank\" rel=\"noreferrer noopener\">MP 1.344, de 2026<\/a>&nbsp;que abre cr\u00e9dito de R$ 10 bilh\u00f5es no or\u00e7amento para subsidiar parte do pre\u00e7o do diesel em fun\u00e7\u00e3o da guerra no Oriente M\u00e9dio.<\/p>\n\n\n\n<p class=\"wp-block-paragraph\">A&nbsp;<a href=\"https:\/\/www.planalto.gov.br\/ccivil_03\/_ato2023-2026\/2026\/mpv\/mpv1342.htm\" target=\"_blank\" rel=\"noreferrer noopener\">MP 1.342, de 2026<\/a>&nbsp;tamb\u00e9m foi pautada no Senado com&nbsp;<strong>previs\u00e3o de R$ 1,3 bilh\u00e3o para a\u00e7\u00f5es emergenciais nos munic\u00edpios de Minas Gerais atingidos pelas chuvas<\/strong>.<\/p>\n","protected":false},"excerpt":{"rendered":"<p>O Congresso Nacional se aproxima do recesso parlamentar,\u00a0previsto para come\u00e7ar neste s\u00e1bado (18), sem concluir a an\u00e1lise da proposta de emenda \u00e0 Constitui\u00e7\u00e3o (PEC) que\u00a0acaba com a escala 6&#215;1\u00a0e reduz a jornada de trabalho das atuais 44 para 40 horas semanais.\u00a0\ufffc<\/p>\n","protected":false},"author":1,"featured_media":156260,"comment_status":"closed","ping_status":"open","sticky":false,"template":"","format":"standard","meta":{"_acf_changed":false,"_angie_page":false,"_monsterinsights_skip_tracking":false,"_themeisle_gutenberg_block_has_review":false,"page_builder":"","footnotes":"","jetpack_publicize_message":"","jetpack_publicize_feature_enabled":true,"jetpack_social_post_already_shared":true,"jetpack_social_options":{"image_generator_settings":{"template":"highway","default_image_id":0,"font":"","enabled":false},"version":2}},"categories":[171,2],"tags":[15640,2288,10585,29145],"class_list":["post-156259","post","type-post","status-publish","format-standard","has-post-thumbnail","hentry","category-coluna-politica","category-politica","tag-alcolumbre","tag-congresso","tag-motta","tag-recesso-parlamentar"],"acf":[],"nelio_content":{"autoShareEndMode":"never","automationSources":{"useCustomSentences":false,"customSentences":[]},"efiAlt":"","efiUrl":"","followers":[4,1],"highlights":[],"isAutoShareEnabled":true,"networkImageIds":[],"permalinkQueryArgs":[],"series":[],"suggestedReferences":[]},"yoast_head":"<!-- This site is optimized with the Yoast SEO plugin v28.3 - https:\/\/yoast.com\/product\/yoast-seo-wordpress\/ -->\n<title>- Fatos e Fotos News<\/title>\n<meta name=\"description\" content=\"O Congresso se aproxima do recesso parlamentar,\u00a0previsto para come\u00e7ar neste s\u00e1bado (18), sem concluir a an\u00e1lise da PEC que\u00a0acaba com a escala 6x1\u00a0e reduz a jornada de trabalho das atuais 44 para 40 horas semanais.\u00a0\ufffc\" \/>\n<meta name=\"robots\" content=\"index, follow, max-snippet:-1, max-image-preview:large, max-video-preview:-1\" \/>\n<link rel=\"canonical\" href=\"https:\/\/www.fatosefotosnews.com.br\/?p=156259\" \/>\n<meta property=\"og:locale\" content=\"pt_BR\" \/>\n<meta property=\"og:type\" content=\"article\" \/>\n<meta property=\"og:title\" content=\"- Fatos e Fotos News\" \/>\n<meta property=\"og:description\" content=\"O Congresso se aproxima do recesso parlamentar,\u00a0previsto para come\u00e7ar neste s\u00e1bado (18), sem concluir a an\u00e1lise da PEC que\u00a0acaba com a escala 6x1\u00a0e reduz a jornada de trabalho das atuais 44 para 40 horas semanais.\u00a0\ufffc\" \/>\n<meta property=\"og:url\" content=\"https:\/\/www.fatosefotosnews.com.br\/?p=156259\" \/>\n<meta property=\"og:site_name\" content=\"Fatos e Fotos News\" \/>\n<meta property=\"article:published_time\" content=\"2026-07-13T19:51:19+00:00\" \/>\n<meta property=\"article:modified_time\" content=\"2026-07-13T19:51:27+00:00\" \/>\n<meta property=\"og:image\" content=\"https:\/\/www.fatosefotosnews.com.br\/wp-content\/uploads\/2026\/07\/raf1084.webp\" \/>\n\t<meta property=\"og:image:width\" content=\"1170\" \/>\n\t<meta property=\"og:image:height\" content=\"700\" \/>\n\t<meta property=\"og:image:type\" content=\"image\/webp\" \/>\n<meta name=\"author\" content=\"fatosefotosnews\" \/>\n<meta name=\"twitter:card\" content=\"summary_large_image\" \/>\n<meta name=\"twitter:label1\" content=\"Escrito por\" \/>\n\t<meta name=\"twitter:data1\" content=\"fatosefotosnews\" \/>\n\t<meta name=\"twitter:label2\" content=\"Est. tempo de leitura\" \/>\n\t<meta name=\"twitter:data2\" content=\"5 minutos\" \/>\n<script type=\"application\/ld+json\" class=\"yoast-schema-graph\">{\"@context\":\"https:\\\/\\\/schema.org\",\"@graph\":[{\"@type\":\"Article\",\"@id\":\"https:\\\/\\\/www.fatosefotosnews.com.br\\\/?p=156259#article\",\"isPartOf\":{\"@id\":\"https:\\\/\\\/www.fatosefotosnews.com.br\\\/?p=156259\"},\"author\":{\"name\":\"fatosefotosnews\",\"@id\":\"https:\\\/\\\/www.fatosefotosnews.com.br\\\/#\\\/schema\\\/person\\\/70ccaf82072edcbc921e1c3ca2259803\"},\"headline\":\"Sem t\u00edtulo\",\"datePublished\":\"2026-07-13T19:51:19+00:00\",\"dateModified\":\"2026-07-13T19:51:27+00:00\",\"mainEntityOfPage\":{\"@id\":\"https:\\\/\\\/www.fatosefotosnews.com.br\\\/?p=156259\"},\"wordCount\":828,\"publisher\":{\"@id\":\"https:\\\/\\\/www.fatosefotosnews.com.br\\\/#organization\"},\"image\":{\"@id\":\"https:\\\/\\\/www.fatosefotosnews.com.br\\\/?p=156259#primaryimage\"},\"thumbnailUrl\":\"https:\\\/\\\/www.fatosefotosnews.com.br\\\/wp-content\\\/uploads\\\/2026\\\/07\\\/raf1084.webp\",\"keywords\":[\"alcolumbre\",\"Congresso\",\"motta\",\"Recesso Parlamentar\"],\"articleSection\":[\"Coluna Pol\u00edtica\",\"Pol\u00edtica\"],\"inLanguage\":\"pt-BR\"},{\"@type\":\"WebPage\",\"@id\":\"https:\\\/\\\/www.fatosefotosnews.com.br\\\/?p=156259\",\"url\":\"https:\\\/\\\/www.fatosefotosnews.com.br\\\/?p=156259\",\"name\":\"- Fatos e Fotos News\",\"isPartOf\":{\"@id\":\"https:\\\/\\\/www.fatosefotosnews.com.br\\\/#website\"},\"primaryImageOfPage\":{\"@id\":\"https:\\\/\\\/www.fatosefotosnews.com.br\\\/?p=156259#primaryimage\"},\"image\":{\"@id\":\"https:\\\/\\\/www.fatosefotosnews.com.br\\\/?p=156259#primaryimage\"},\"thumbnailUrl\":\"https:\\\/\\\/www.fatosefotosnews.com.br\\\/wp-content\\\/uploads\\\/2026\\\/07\\\/raf1084.webp\",\"datePublished\":\"2026-07-13T19:51:19+00:00\",\"dateModified\":\"2026-07-13T19:51:27+00:00\",\"description\":\"O Congresso se aproxima do recesso parlamentar,\u00a0previsto para come\u00e7ar neste s\u00e1bado (18), sem concluir a an\u00e1lise da PEC que\u00a0acaba com a escala 6x1\u00a0e reduz a jornada de trabalho das atuais 44 para 40 horas semanais.\u00a0\ufffc\",\"inLanguage\":\"pt-BR\",\"potentialAction\":[{\"@type\":\"ReadAction\",\"target\":[\"https:\\\/\\\/www.fatosefotosnews.com.br\\\/?p=156259\"]}]},{\"@type\":\"ImageObject\",\"inLanguage\":\"pt-BR\",\"@id\":\"https:\\\/\\\/www.fatosefotosnews.com.br\\\/?p=156259#primaryimage\",\"url\":\"https:\\\/\\\/www.fatosefotosnews.com.br\\\/wp-content\\\/uploads\\\/2026\\\/07\\\/raf1084.webp\",\"contentUrl\":\"https:\\\/\\\/www.fatosefotosnews.com.br\\\/wp-content\\\/uploads\\\/2026\\\/07\\\/raf1084.webp\",\"width\":1170,\"height\":700},{\"@type\":\"WebSite\",\"@id\":\"https:\\\/\\\/www.fatosefotosnews.com.br\\\/#website\",\"url\":\"https:\\\/\\\/www.fatosefotosnews.com.br\\\/\",\"name\":\"Fatos e Fotos News\",\"description\":\"Um site de noticial verdadeira e confi\u00e1veis.\",\"publisher\":{\"@id\":\"https:\\\/\\\/www.fatosefotosnews.com.br\\\/#organization\"},\"potentialAction\":[{\"@type\":\"SearchAction\",\"target\":{\"@type\":\"EntryPoint\",\"urlTemplate\":\"https:\\\/\\\/www.fatosefotosnews.com.br\\\/?s={search_term_string}\"},\"query-input\":{\"@type\":\"PropertyValueSpecification\",\"valueRequired\":true,\"valueName\":\"search_term_string\"}}],\"inLanguage\":\"pt-BR\"},{\"@type\":\"Organization\",\"@id\":\"https:\\\/\\\/www.fatosefotosnews.com.br\\\/#organization\",\"name\":\"Fatos e Fotos News\",\"url\":\"https:\\\/\\\/www.fatosefotosnews.com.br\\\/\",\"logo\":{\"@type\":\"ImageObject\",\"inLanguage\":\"pt-BR\",\"@id\":\"https:\\\/\\\/www.fatosefotosnews.com.br\\\/#\\\/schema\\\/logo\\\/image\\\/\",\"url\":\"https:\\\/\\\/www.fatosefotosnews.com.br\\\/wp-content\\\/uploads\\\/2023\\\/02\\\/Fatos-e-Fotos-news-logo.png\",\"contentUrl\":\"https:\\\/\\\/www.fatosefotosnews.com.br\\\/wp-content\\\/uploads\\\/2023\\\/02\\\/Fatos-e-Fotos-news-logo.png\",\"width\":300,\"height\":58,\"caption\":\"Fatos e Fotos News\"},\"image\":{\"@id\":\"https:\\\/\\\/www.fatosefotosnews.com.br\\\/#\\\/schema\\\/logo\\\/image\\\/\"}},{\"@type\":\"Person\",\"@id\":\"https:\\\/\\\/www.fatosefotosnews.com.br\\\/#\\\/schema\\\/person\\\/70ccaf82072edcbc921e1c3ca2259803\",\"name\":\"fatosefotosnews\",\"image\":{\"@type\":\"ImageObject\",\"inLanguage\":\"pt-BR\",\"@id\":\"https:\\\/\\\/secure.gravatar.com\\\/avatar\\\/b347acc00c2543eadf2855e28bb74049205ff50092da0cb7bc50f2652c752f81?s=96&d=mm&r=g\",\"url\":\"https:\\\/\\\/secure.gravatar.com\\\/avatar\\\/b347acc00c2543eadf2855e28bb74049205ff50092da0cb7bc50f2652c752f81?s=96&d=mm&r=g\",\"contentUrl\":\"https:\\\/\\\/secure.gravatar.com\\\/avatar\\\/b347acc00c2543eadf2855e28bb74049205ff50092da0cb7bc50f2652c752f81?s=96&d=mm&r=g\",\"caption\":\"fatosefotosnews\"},\"sameAs\":[\"http:\\\/\\\/www.fatosefotosnews.com.br\"],\"url\":\"https:\\\/\\\/www.fatosefotosnews.com.br\\\/?author=1\"}]}<\/script>\n<!-- \/ Yoast SEO plugin. -->","yoast_head_json":{"title":"- Fatos e Fotos News","description":"O Congresso se aproxima do recesso parlamentar,\u00a0previsto para come\u00e7ar neste s\u00e1bado (18), sem concluir a an\u00e1lise da PEC que\u00a0acaba com a escala 6x1\u00a0e reduz a jornada de trabalho das atuais 44 para 40 horas semanais.\u00a0\ufffc","robots":{"index":"index","follow":"follow","max-snippet":"max-snippet:-1","max-image-preview":"max-image-preview:large","max-video-preview":"max-video-preview:-1"},"canonical":"https:\/\/www.fatosefotosnews.com.br\/?p=156259","og_locale":"pt_BR","og_type":"article","og_title":"- Fatos e Fotos News","og_description":"O Congresso se aproxima do recesso parlamentar,\u00a0previsto para come\u00e7ar neste s\u00e1bado (18), sem concluir a an\u00e1lise da PEC que\u00a0acaba com a escala 6x1\u00a0e reduz a jornada de trabalho das atuais 44 para 40 horas semanais.\u00a0\ufffc","og_url":"https:\/\/www.fatosefotosnews.com.br\/?p=156259","og_site_name":"Fatos e Fotos News","article_published_time":"2026-07-13T19:51:19+00:00","article_modified_time":"2026-07-13T19:51:27+00:00","og_image":[{"width":1170,"height":700,"url":"https:\/\/www.fatosefotosnews.com.br\/wp-content\/uploads\/2026\/07\/raf1084.webp","type":"image\/webp"}],"author":"fatosefotosnews","twitter_card":"summary_large_image","twitter_misc":{"Escrito por":"fatosefotosnews","Est. tempo de leitura":"5 minutos"},"schema":{"@context":"https:\/\/schema.org","@graph":[{"@type":"Article","@id":"https:\/\/www.fatosefotosnews.com.br\/?p=156259#article","isPartOf":{"@id":"https:\/\/www.fatosefotosnews.com.br\/?p=156259"},"author":{"name":"fatosefotosnews","@id":"https:\/\/www.fatosefotosnews.com.br\/#\/schema\/person\/70ccaf82072edcbc921e1c3ca2259803"},"headline":"Sem t\u00edtulo","datePublished":"2026-07-13T19:51:19+00:00","dateModified":"2026-07-13T19:51:27+00:00","mainEntityOfPage":{"@id":"https:\/\/www.fatosefotosnews.com.br\/?p=156259"},"wordCount":828,"publisher":{"@id":"https:\/\/www.fatosefotosnews.com.br\/#organization"},"image":{"@id":"https:\/\/www.fatosefotosnews.com.br\/?p=156259#primaryimage"},"thumbnailUrl":"https:\/\/www.fatosefotosnews.com.br\/wp-content\/uploads\/2026\/07\/raf1084.webp","keywords":["alcolumbre","Congresso","motta","Recesso Parlamentar"],"articleSection":["Coluna Pol\u00edtica","Pol\u00edtica"],"inLanguage":"pt-BR"},{"@type":"WebPage","@id":"https:\/\/www.fatosefotosnews.com.br\/?p=156259","url":"https:\/\/www.fatosefotosnews.com.br\/?p=156259","name":"- Fatos e Fotos News","isPartOf":{"@id":"https:\/\/www.fatosefotosnews.com.br\/#website"},"primaryImageOfPage":{"@id":"https:\/\/www.fatosefotosnews.com.br\/?p=156259#primaryimage"},"image":{"@id":"https:\/\/www.fatosefotosnews.com.br\/?p=156259#primaryimage"},"thumbnailUrl":"https:\/\/www.fatosefotosnews.com.br\/wp-content\/uploads\/2026\/07\/raf1084.webp","datePublished":"2026-07-13T19:51:19+00:00","dateModified":"2026-07-13T19:51:27+00:00","description":"O Congresso se aproxima do recesso parlamentar,\u00a0previsto para come\u00e7ar neste s\u00e1bado (18), sem concluir a an\u00e1lise da PEC que\u00a0acaba com a escala 6x1\u00a0e reduz a jornada de trabalho das atuais 44 para 40 horas semanais.\u00a0\ufffc","inLanguage":"pt-BR","potentialAction":[{"@type":"ReadAction","target":["https:\/\/www.fatosefotosnews.com.br\/?p=156259"]}]},{"@type":"ImageObject","inLanguage":"pt-BR","@id":"https:\/\/www.fatosefotosnews.com.br\/?p=156259#primaryimage","url":"https:\/\/www.fatosefotosnews.com.br\/wp-content\/uploads\/2026\/07\/raf1084.webp","contentUrl":"https:\/\/www.fatosefotosnews.com.br\/wp-content\/uploads\/2026\/07\/raf1084.webp","width":1170,"height":700},{"@type":"WebSite","@id":"https:\/\/www.fatosefotosnews.com.br\/#website","url":"https:\/\/www.fatosefotosnews.com.br\/","name":"Fatos e Fotos News","description":"Um site de noticial verdadeira e confi\u00e1veis.","publisher":{"@id":"https:\/\/www.fatosefotosnews.com.br\/#organization"},"potentialAction":[{"@type":"SearchAction","target":{"@type":"EntryPoint","urlTemplate":"https:\/\/www.fatosefotosnews.com.br\/?s={search_term_string}"},"query-input":{"@type":"PropertyValueSpecification","valueRequired":true,"valueName":"search_term_string"}}],"inLanguage":"pt-BR"},{"@type":"Organization","@id":"https:\/\/www.fatosefotosnews.com.br\/#organization","name":"Fatos e Fotos News","url":"https:\/\/www.fatosefotosnews.com.br\/","logo":{"@type":"ImageObject","inLanguage":"pt-BR","@id":"https:\/\/www.fatosefotosnews.com.br\/#\/schema\/logo\/image\/","url":"https:\/\/www.fatosefotosnews.com.br\/wp-content\/uploads\/2023\/02\/Fatos-e-Fotos-news-logo.png","contentUrl":"https:\/\/www.fatosefotosnews.com.br\/wp-content\/uploads\/2023\/02\/Fatos-e-Fotos-news-logo.png","width":300,"height":58,"caption":"Fatos e Fotos News"},"image":{"@id":"https:\/\/www.fatosefotosnews.com.br\/#\/schema\/logo\/image\/"}},{"@type":"Person","@id":"https:\/\/www.fatosefotosnews.com.br\/#\/schema\/person\/70ccaf82072edcbc921e1c3ca2259803","name":"fatosefotosnews","image":{"@type":"ImageObject","inLanguage":"pt-BR","@id":"https:\/\/secure.gravatar.com\/avatar\/b347acc00c2543eadf2855e28bb74049205ff50092da0cb7bc50f2652c752f81?s=96&d=mm&r=g","url":"https:\/\/secure.gravatar.com\/avatar\/b347acc00c2543eadf2855e28bb74049205ff50092da0cb7bc50f2652c752f81?s=96&d=mm&r=g","contentUrl":"https:\/\/secure.gravatar.com\/avatar\/b347acc00c2543eadf2855e28bb74049205ff50092da0cb7bc50f2652c752f81?s=96&d=mm&r=g","caption":"fatosefotosnews"},"sameAs":["http:\/\/www.fatosefotosnews.com.br"],"url":"https:\/\/www.fatosefotosnews.com.br\/?author=1"}]}},"jetpack_publicize_connections":[],"blog_post_layout_featured_media_urls":{"thumbnail":["https:\/\/www.fatosefotosnews.com.br\/wp-content\/uploads\/2026\/07\/raf1084-150x150.webp",150,150,true],"full":["https:\/\/www.fatosefotosnews.com.br\/wp-content\/uploads\/2026\/07\/raf1084.webp",1170,700,false]},"categories_names":{"171":{"name":"Coluna Pol\u00edtica","link":"https:\/\/www.fatosefotosnews.com.br\/?cat=171"},"2":{"name":"Pol\u00edtica","link":"https:\/\/www.fatosefotosnews.com.br\/?cat=2"}},"tags_names":{"15640":{"name":"alcolumbre","link":"https:\/\/www.fatosefotosnews.com.br\/?tag=alcolumbre"},"2288":{"name":"Congresso","link":"https:\/\/www.fatosefotosnews.com.br\/?tag=congresso"},"10585":{"name":"motta","link":"https:\/\/www.fatosefotosnews.com.br\/?tag=motta"},"29145":{"name":"Recesso Parlamentar","link":"https:\/\/www.fatosefotosnews.com.br\/?tag=recesso-parlamentar"}},"comments_number":"0","wpmagazine_modules_lite_featured_media_urls":{"thumbnail":["https:\/\/www.fatosefotosnews.com.br\/wp-content\/uploads\/2026\/07\/raf1084-150x150.webp",150,150,true],"cvmm-medium":["https:\/\/www.fatosefotosnews.com.br\/wp-content\/uploads\/2026\/07\/raf1084-300x300.webp",300,300,true],"cvmm-medium-plus":["https:\/\/www.fatosefotosnews.com.br\/wp-content\/uploads\/2026\/07\/raf1084-305x207.webp",305,207,true],"cvmm-portrait":["https:\/\/www.fatosefotosnews.com.br\/wp-content\/uploads\/2026\/07\/raf1084-400x600.webp",400,600,true],"cvmm-medium-square":["https:\/\/www.fatosefotosnews.com.br\/wp-content\/uploads\/2026\/07\/raf1084-600x600.webp",600,600,true],"cvmm-large":["https:\/\/www.fatosefotosnews.com.br\/wp-content\/uploads\/2026\/07\/raf1084-1024x700.webp",1024,700,true],"cvmm-small":["https:\/\/www.fatosefotosnews.com.br\/wp-content\/uploads\/2026\/07\/raf1084-130x95.webp",130,95,true],"full":["https:\/\/www.fatosefotosnews.com.br\/wp-content\/uploads\/2026\/07\/raf1084.webp",1170,700,false]},"_links":{"self":[{"href":"https:\/\/www.fatosefotosnews.com.br\/index.php?rest_route=\/wp\/v2\/posts\/156259","targetHints":{"allow":["GET"]}}],"collection":[{"href":"https:\/\/www.fatosefotosnews.com.br\/index.php?rest_route=\/wp\/v2\/posts"}],"about":[{"href":"https:\/\/www.fatosefotosnews.com.br\/index.php?rest_route=\/wp\/v2\/types\/post"}],"author":[{"embeddable":true,"href":"https:\/\/www.fatosefotosnews.com.br\/index.php?rest_route=\/wp\/v2\/users\/1"}],"replies":[{"embeddable":true,"href":"https:\/\/www.fatosefotosnews.com.br\/index.php?rest_route=%2Fwp%2Fv2%2Fcomments&post=156259"}],"version-history":[{"count":1,"href":"https:\/\/www.fatosefotosnews.com.br\/index.php?rest_route=\/wp\/v2\/posts\/156259\/revisions"}],"predecessor-version":[{"id":156261,"href":"https:\/\/www.fatosefotosnews.com.br\/index.php?rest_route=\/wp\/v2\/posts\/156259\/revisions\/156261"}],"wp:featuredmedia":[{"embeddable":true,"href":"https:\/\/www.fatosefotosnews.com.br\/index.php?rest_route=\/wp\/v2\/media\/156260"}],"wp:attachment":[{"href":"https:\/\/www.fatosefotosnews.com.br\/index.php?rest_route=%2Fwp%2Fv2%2Fmedia&parent=156259"}],"wp:term":[{"taxonomy":"category","embeddable":true,"href":"https:\/\/www.fatosefotosnews.com.br\/index.php?rest_route=%2Fwp%2Fv2%2Fcategories&post=156259"},{"taxonomy":"post_tag","embeddable":true,"href":"https:\/\/www.fatosefotosnews.com.br\/index.php?rest_route=%2Fwp%2Fv2%2Ftags&post=156259"}],"curies":[{"name":"wp","href":"https:\/\/api.w.org\/{rel}","templated":true}]}}