{"id":157291,"date":"2026-08-10T17:33:00","date_gmt":"2026-08-10T20:33:00","guid":{"rendered":"https:\/\/www.fatosefotosnews.com.br\/?p=157291"},"modified":"2026-08-10T16:36:14","modified_gmt":"2026-08-10T19:36:14","slug":"prazo-para-solicitacao-de-voto-em-transito-vai-ate-dia-20-deste-mes","status":"publish","type":"post","link":"https:\/\/www.fatosefotosnews.com.br\/?p=157291","title":{"rendered":"Prazo para solicita\u00e7\u00e3o de voto em tr\u00e2nsito vai at\u00e9 dia 20 deste m\u00eas"},"content":{"rendered":"\n<p class=\"wp-block-paragraph\">Foto: Marcelo Camargo\/Ag\u00eancia Brasil<\/p>\n\n\n\n<p class=\"wp-block-paragraph\"><\/p>\n\n\n\n<p class=\"wp-block-paragraph\">Vai at\u00e9 o dia 20 deste m\u00eas&nbsp;o prazo para o eleitor solicitar a habilita\u00e7\u00e3o para votar em tr\u00e2nsito nas elei\u00e7\u00f5es de outubro. A solicita\u00e7\u00e3o pode ser feita pela&nbsp;<a href=\"https:\/\/www.tse.jus.br\/servicos-eleitorais\/autoatendimento-eleitoral#\/\" target=\"_blank\" rel=\"noreferrer noopener\">p\u00e1gina do Tribunal Superior Eleitoral<\/a>&nbsp;(TSE)&nbsp;na internet ou nos cart\u00f3rios eleitorais em todo o pa\u00eds.&nbsp;<img decoding=\"async\" src=\"https:\/\/agenciabrasil.ebc.com.br\/ebc.png?id=1699204&amp;o=node\"><img decoding=\"async\" src=\"https:\/\/agenciabrasil.ebc.com.br\/ebc.gif?id=1699204&amp;o=node\"><\/p>\n\n\n\n<p class=\"wp-block-paragraph\"><strong>O voto em tr\u00e2nsito permite ao eleitor votar fora de sua cidade no dia do pleito.<\/strong><\/p>\n\n\n\n<p class=\"wp-block-paragraph\">Se optar pela solicita\u00e7\u00e3o eletr\u00f4nica, o eleitor deve clicar no menu &#8220;Fazer Transfer\u00eancia tempor\u00e1ria do local de vota\u00e7\u00e3o&#8221;. Em seguida, deve preencher seus dados, consultar os locais com vagas dispon\u00edveis e seguir os comandos da p\u00e1gina.<\/p>\n\n\n\n<p class=\"wp-block-paragraph\"><strong>No caso de atendimento presencial, basta apresentar um documento oficial com foto no cart\u00f3rio eleitoral mais pr\u00f3ximo<\/strong>.<\/p>\n\n\n\n<h2 class=\"wp-block-heading\">Regras<\/h2>\n\n\n\n<p class=\"wp-block-paragraph\"><strong>O eleitor que optar pelo voto em tr\u00e2nsito deve ficar atento \u00e0s regras para ter acesso ao benef\u00edcio, que est\u00e1 dispon\u00edvel nas capitais e nos munic\u00edpios com mais de 100 mil eleitores.&nbsp;<\/strong><\/p>\n\n\n\n<p class=\"wp-block-paragraph\">Quem estiver em uma cidade (domic\u00edlio eleitoral) localizada no mesmo estado em que mora poder\u00e1 votar em tr\u00e2nsito para todos os cargos que estar\u00e3o em disputa: deputado federal, estadual, distrital, governador, senador e presidente da Rep\u00fablica.<\/p>\n\n\n\n<p class=\"wp-block-paragraph\"><strong>Se a solicita\u00e7\u00e3o for para uma cidade fora do estado, o eleitor s\u00f3 poder\u00e1 votar para presidente.<\/strong><\/p>\n\n\n\n<p class=\"wp-block-paragraph\">O pedido de voto em tr\u00e2nsito pode ser feito para cidades distintas em cada um dos turnos.<\/p>\n\n\n\n<p class=\"wp-block-paragraph\">Altera\u00e7\u00f5es ou cancelamentos nas solicita\u00e7\u00f5es de voto em tr\u00e2nsito poder\u00e3o ser feitos at\u00e9 o dia 20 de agosto. Ap\u00f3s o prazo, nenhuma altera\u00e7\u00e3o poder\u00e1 ser feita.<\/p>\n\n\n\n<p class=\"wp-block-paragraph\"><strong>O eleitor que solicitar o voto em tr\u00e2nsito e n\u00e3o comparecer ao local de vota\u00e7\u00e3o dever\u00e1 fazer a justificativa de aus\u00eancia, que estar\u00e1 dispon\u00edvel por meio do aplicativo e-T\u00edtulo.<\/strong><\/p>\n\n\n\n<h2 class=\"wp-block-heading\">Exterior<\/h2>\n\n\n\n<p class=\"wp-block-paragraph\">Eleitor que tem t\u00edtulo registrado no exterior poder\u00e1 solicitar voto em tr\u00e2nsito se estiver de passagem pelo Brasil. Nesse caso, o voto s\u00f3 poder\u00e1 ser exercido para o cargo de presidente.<\/p>\n\n\n\n<p class=\"wp-block-paragraph\"><strong>O eleitor com documento registrado no Brasil n\u00e3o poder\u00e1 votar em tr\u00e2nsito se estiver fora do pa\u00eds no dia da vota\u00e7\u00e3o.<\/strong><\/p>\n\n\n\n<h2 class=\"wp-block-heading\">Elei\u00e7\u00f5es<\/h2>\n\n\n\n<p class=\"wp-block-paragraph\">O primeiro turno ser\u00e1 no dia 4 de outubro, quando v\u00e3o ser&nbsp;escolhidos deputados federais, estaduais, distritais, governadores, senadores e o presidente da Rep\u00fablica.<\/p>\n\n\n\n<p class=\"wp-block-paragraph\">O segundo turno est\u00e1 marcado para o dia 25&nbsp;de outubro&nbsp;e pode ocorrer na disputa para os cargos de governador e presidente. O eleitor voltar\u00e1 \u00e0s urnas se nenhum dos candidatos obtiver mais de 50% dos votos v\u00e1lidos, excluindo brancos e nulos, no primeiro turno.<\/p>\n","protected":false},"excerpt":{"rendered":"<p>Foto: Marcelo Camargo\/Ag\u00eancia Brasil Vai at\u00e9 o dia 20 deste m\u00eas&nbsp;o prazo para o eleitor solicitar a habilita\u00e7\u00e3o para votar em tr\u00e2nsito nas elei\u00e7\u00f5es de outubro. A solicita\u00e7\u00e3o pode ser feita pela&nbsp;p\u00e1gina do Tribunal Superior Eleitoral&nbsp;(TSE)&nbsp;na internet ou nos cart\u00f3rios eleitorais em todo o pa\u00eds.&nbsp; O voto em tr\u00e2nsito permite ao eleitor votar fora de [&hellip;]<\/p>\n","protected":false},"author":12,"featured_media":157292,"comment_status":"closed","ping_status":"open","sticky":false,"template":"","format":"standard","meta":{"_acf_changed":false,"_angie_page":false,"_monsterinsights_skip_tracking":false,"_themeisle_gutenberg_block_has_review":false,"page_builder":"","footnotes":"","jetpack_publicize_message":"","jetpack_publicize_feature_enabled":true,"jetpack_social_post_already_shared":true,"jetpack_social_options":{"image_generator_settings":{"template":"highway","default_image_id":0,"font":"","enabled":false},"version":2}},"categories":[24885],"tags":[2599,521,4714,743],"class_list":["post-157291","post","type-post","status-publish","format-standard","has-post-thumbnail","hentry","category-justica","tag-deste","tag-prazo","tag-solicita","tag-transito"],"acf":[],"nelio_content":{"autoShareEndMode":"never","automationSources":{"useCustomSentences":false,"customSentences":[]},"efiAlt":"","efiUrl":"","followers":[12],"highlights":[],"isAutoShareEnabled":true,"networkImageIds":[],"permalinkQueryArgs":[],"series":[],"suggestedReferences":[]},"yoast_head":"<!-- This site is optimized with the Yoast SEO plugin v28.3 - https:\/\/yoast.com\/product\/yoast-seo-wordpress\/ -->\n<title>Prazo para solicita\u00e7\u00e3o de voto em tr\u00e2nsito vai at\u00e9 dia 20 deste m\u00eas - Fatos e Fotos News<\/title>\n<meta name=\"robots\" content=\"index, follow, max-snippet:-1, max-image-preview:large, max-video-preview:-1\" \/>\n<link rel=\"canonical\" href=\"https:\/\/www.fatosefotosnews.com.br\/?p=157291\" \/>\n<meta property=\"og:locale\" content=\"pt_BR\" \/>\n<meta property=\"og:type\" content=\"article\" \/>\n<meta property=\"og:title\" content=\"Prazo para solicita\u00e7\u00e3o de voto em tr\u00e2nsito vai at\u00e9 dia 20 deste m\u00eas - Fatos e Fotos News\" \/>\n<meta property=\"og:description\" content=\"Foto: Marcelo Camargo\/Ag\u00eancia Brasil Vai at\u00e9 o dia 20 deste m\u00eas&nbsp;o prazo para o eleitor solicitar a habilita\u00e7\u00e3o para votar em tr\u00e2nsito nas elei\u00e7\u00f5es de outubro. A solicita\u00e7\u00e3o pode ser feita pela&nbsp;p\u00e1gina do Tribunal Superior Eleitoral&nbsp;(TSE)&nbsp;na internet ou nos cart\u00f3rios eleitorais em todo o pa\u00eds.&nbsp; O voto em tr\u00e2nsito permite ao eleitor votar fora de [&hellip;]\" \/>\n<meta property=\"og:url\" content=\"https:\/\/www.fatosefotosnews.com.br\/?p=157291\" \/>\n<meta property=\"og:site_name\" content=\"Fatos e Fotos News\" \/>\n<meta property=\"article:published_time\" content=\"2026-08-10T20:33:00+00:00\" \/>\n<meta property=\"og:image\" content=\"https:\/\/www.fatosefotosnews.com.br\/wp-content\/uploads\/2026\/08\/predio-tse_mcamgo_abr_22062023-5.webp\" \/>\n\t<meta property=\"og:image:width\" content=\"1170\" \/>\n\t<meta property=\"og:image:height\" content=\"700\" \/>\n\t<meta property=\"og:image:type\" content=\"image\/webp\" \/>\n<meta name=\"author\" content=\"Mirela Portugal\" \/>\n<meta name=\"twitter:card\" content=\"summary_large_image\" \/>\n<meta name=\"twitter:label1\" content=\"Escrito por\" \/>\n\t<meta name=\"twitter:data1\" content=\"Mirela Portugal\" \/>\n\t<meta name=\"twitter:label2\" content=\"Est. tempo de leitura\" \/>\n\t<meta name=\"twitter:data2\" content=\"3 minutos\" \/>\n<script type=\"application\/ld+json\" class=\"yoast-schema-graph\">{\"@context\":\"https:\\\/\\\/schema.org\",\"@graph\":[{\"@type\":\"Article\",\"@id\":\"https:\\\/\\\/www.fatosefotosnews.com.br\\\/?p=157291#article\",\"isPartOf\":{\"@id\":\"https:\\\/\\\/www.fatosefotosnews.com.br\\\/?p=157291\"},\"author\":{\"name\":\"Mirela Portugal\",\"@id\":\"https:\\\/\\\/www.fatosefotosnews.com.br\\\/#\\\/schema\\\/person\\\/17b18da658f5277ed99382206a85602f\"},\"headline\":\"Prazo para solicita\u00e7\u00e3o de voto em tr\u00e2nsito vai at\u00e9 dia 20 deste m\u00eas\",\"datePublished\":\"2026-08-10T20:33:00+00:00\",\"mainEntityOfPage\":{\"@id\":\"https:\\\/\\\/www.fatosefotosnews.com.br\\\/?p=157291\"},\"wordCount\":470,\"publisher\":{\"@id\":\"https:\\\/\\\/www.fatosefotosnews.com.br\\\/#organization\"},\"image\":{\"@id\":\"https:\\\/\\\/www.fatosefotosnews.com.br\\\/?p=157291#primaryimage\"},\"thumbnailUrl\":\"https:\\\/\\\/www.fatosefotosnews.com.br\\\/wp-content\\\/uploads\\\/2026\\\/08\\\/predio-tse_mcamgo_abr_22062023-5.webp\",\"keywords\":[\"deste\",\"prazo\",\"solicita\",\"transito\"],\"articleSection\":[\"Justi\u00e7a\"],\"inLanguage\":\"pt-BR\"},{\"@type\":\"WebPage\",\"@id\":\"https:\\\/\\\/www.fatosefotosnews.com.br\\\/?p=157291\",\"url\":\"https:\\\/\\\/www.fatosefotosnews.com.br\\\/?p=157291\",\"name\":\"Prazo para solicita\u00e7\u00e3o de voto em tr\u00e2nsito vai at\u00e9 dia 20 deste m\u00eas - Fatos e Fotos News\",\"isPartOf\":{\"@id\":\"https:\\\/\\\/www.fatosefotosnews.com.br\\\/#website\"},\"primaryImageOfPage\":{\"@id\":\"https:\\\/\\\/www.fatosefotosnews.com.br\\\/?p=157291#primaryimage\"},\"image\":{\"@id\":\"https:\\\/\\\/www.fatosefotosnews.com.br\\\/?p=157291#primaryimage\"},\"thumbnailUrl\":\"https:\\\/\\\/www.fatosefotosnews.com.br\\\/wp-content\\\/uploads\\\/2026\\\/08\\\/predio-tse_mcamgo_abr_22062023-5.webp\",\"datePublished\":\"2026-08-10T20:33:00+00:00\",\"breadcrumb\":{\"@id\":\"https:\\\/\\\/www.fatosefotosnews.com.br\\\/?p=157291#breadcrumb\"},\"inLanguage\":\"pt-BR\",\"potentialAction\":[{\"@type\":\"ReadAction\",\"target\":[\"https:\\\/\\\/www.fatosefotosnews.com.br\\\/?p=157291\"]}]},{\"@type\":\"ImageObject\",\"inLanguage\":\"pt-BR\",\"@id\":\"https:\\\/\\\/www.fatosefotosnews.com.br\\\/?p=157291#primaryimage\",\"url\":\"https:\\\/\\\/www.fatosefotosnews.com.br\\\/wp-content\\\/uploads\\\/2026\\\/08\\\/predio-tse_mcamgo_abr_22062023-5.webp\",\"contentUrl\":\"https:\\\/\\\/www.fatosefotosnews.com.br\\\/wp-content\\\/uploads\\\/2026\\\/08\\\/predio-tse_mcamgo_abr_22062023-5.webp\",\"width\":1170,\"height\":700},{\"@type\":\"BreadcrumbList\",\"@id\":\"https:\\\/\\\/www.fatosefotosnews.com.br\\\/?p=157291#breadcrumb\",\"itemListElement\":[{\"@type\":\"ListItem\",\"position\":1,\"name\":\"In\u00edcio\",\"item\":\"https:\\\/\\\/www.fatosefotosnews.com.br\\\/\"},{\"@type\":\"ListItem\",\"position\":2,\"name\":\"Prazo para solicita\u00e7\u00e3o de voto em tr\u00e2nsito vai at\u00e9 dia 20 deste m\u00eas\"}]},{\"@type\":\"WebSite\",\"@id\":\"https:\\\/\\\/www.fatosefotosnews.com.br\\\/#website\",\"url\":\"https:\\\/\\\/www.fatosefotosnews.com.br\\\/\",\"name\":\"Fatos e Fotos News\",\"description\":\"Um site de noticial verdadeira e confi\u00e1veis.\",\"publisher\":{\"@id\":\"https:\\\/\\\/www.fatosefotosnews.com.br\\\/#organization\"},\"potentialAction\":[{\"@type\":\"SearchAction\",\"target\":{\"@type\":\"EntryPoint\",\"urlTemplate\":\"https:\\\/\\\/www.fatosefotosnews.com.br\\\/?s={search_term_string}\"},\"query-input\":{\"@type\":\"PropertyValueSpecification\",\"valueRequired\":true,\"valueName\":\"search_term_string\"}}],\"inLanguage\":\"pt-BR\"},{\"@type\":\"Organization\",\"@id\":\"https:\\\/\\\/www.fatosefotosnews.com.br\\\/#organization\",\"name\":\"Fatos e Fotos News\",\"url\":\"https:\\\/\\\/www.fatosefotosnews.com.br\\\/\",\"logo\":{\"@type\":\"ImageObject\",\"inLanguage\":\"pt-BR\",\"@id\":\"https:\\\/\\\/www.fatosefotosnews.com.br\\\/#\\\/schema\\\/logo\\\/image\\\/\",\"url\":\"https:\\\/\\\/www.fatosefotosnews.com.br\\\/wp-content\\\/uploads\\\/2023\\\/02\\\/Fatos-e-Fotos-news-logo.png\",\"contentUrl\":\"https:\\\/\\\/www.fatosefotosnews.com.br\\\/wp-content\\\/uploads\\\/2023\\\/02\\\/Fatos-e-Fotos-news-logo.png\",\"width\":300,\"height\":58,\"caption\":\"Fatos e Fotos News\"},\"image\":{\"@id\":\"https:\\\/\\\/www.fatosefotosnews.com.br\\\/#\\\/schema\\\/logo\\\/image\\\/\"}},{\"@type\":\"Person\",\"@id\":\"https:\\\/\\\/www.fatosefotosnews.com.br\\\/#\\\/schema\\\/person\\\/17b18da658f5277ed99382206a85602f\",\"name\":\"Mirela Portugal\",\"image\":{\"@type\":\"ImageObject\",\"inLanguage\":\"pt-BR\",\"@id\":\"https:\\\/\\\/secure.gravatar.com\\\/avatar\\\/2f92fb43fda38d1a46cf4a155e1c2951193d91d9bed3df97fce720eeb9595d08?s=96&d=mm&r=g\",\"url\":\"https:\\\/\\\/secure.gravatar.com\\\/avatar\\\/2f92fb43fda38d1a46cf4a155e1c2951193d91d9bed3df97fce720eeb9595d08?s=96&d=mm&r=g\",\"contentUrl\":\"https:\\\/\\\/secure.gravatar.com\\\/avatar\\\/2f92fb43fda38d1a46cf4a155e1c2951193d91d9bed3df97fce720eeb9595d08?s=96&d=mm&r=g\",\"caption\":\"Mirela Portugal\"},\"sameAs\":[\"http:\\\/\\\/fatosefotosnews.com.br\"],\"url\":\"https:\\\/\\\/www.fatosefotosnews.com.br\\\/?author=12\"}]}<\/script>\n<!-- \/ Yoast SEO plugin. -->","yoast_head_json":{"title":"Prazo para solicita\u00e7\u00e3o de voto em tr\u00e2nsito vai at\u00e9 dia 20 deste m\u00eas - Fatos e Fotos News","robots":{"index":"index","follow":"follow","max-snippet":"max-snippet:-1","max-image-preview":"max-image-preview:large","max-video-preview":"max-video-preview:-1"},"canonical":"https:\/\/www.fatosefotosnews.com.br\/?p=157291","og_locale":"pt_BR","og_type":"article","og_title":"Prazo para solicita\u00e7\u00e3o de voto em tr\u00e2nsito vai at\u00e9 dia 20 deste m\u00eas - Fatos e Fotos News","og_description":"Foto: Marcelo Camargo\/Ag\u00eancia Brasil Vai at\u00e9 o dia 20 deste m\u00eas&nbsp;o prazo para o eleitor solicitar a habilita\u00e7\u00e3o para votar em tr\u00e2nsito nas elei\u00e7\u00f5es de outubro. A solicita\u00e7\u00e3o pode ser feita pela&nbsp;p\u00e1gina do Tribunal Superior Eleitoral&nbsp;(TSE)&nbsp;na internet ou nos cart\u00f3rios eleitorais em todo o pa\u00eds.&nbsp; O voto em tr\u00e2nsito permite ao eleitor votar fora de [&hellip;]","og_url":"https:\/\/www.fatosefotosnews.com.br\/?p=157291","og_site_name":"Fatos e Fotos News","article_published_time":"2026-08-10T20:33:00+00:00","og_image":[{"width":1170,"height":700,"url":"https:\/\/www.fatosefotosnews.com.br\/wp-content\/uploads\/2026\/08\/predio-tse_mcamgo_abr_22062023-5.webp","type":"image\/webp"}],"author":"Mirela Portugal","twitter_card":"summary_large_image","twitter_misc":{"Escrito por":"Mirela Portugal","Est. tempo de leitura":"3 minutos"},"schema":{"@context":"https:\/\/schema.org","@graph":[{"@type":"Article","@id":"https:\/\/www.fatosefotosnews.com.br\/?p=157291#article","isPartOf":{"@id":"https:\/\/www.fatosefotosnews.com.br\/?p=157291"},"author":{"name":"Mirela Portugal","@id":"https:\/\/www.fatosefotosnews.com.br\/#\/schema\/person\/17b18da658f5277ed99382206a85602f"},"headline":"Prazo para solicita\u00e7\u00e3o de voto em tr\u00e2nsito vai at\u00e9 dia 20 deste m\u00eas","datePublished":"2026-08-10T20:33:00+00:00","mainEntityOfPage":{"@id":"https:\/\/www.fatosefotosnews.com.br\/?p=157291"},"wordCount":470,"publisher":{"@id":"https:\/\/www.fatosefotosnews.com.br\/#organization"},"image":{"@id":"https:\/\/www.fatosefotosnews.com.br\/?p=157291#primaryimage"},"thumbnailUrl":"https:\/\/www.fatosefotosnews.com.br\/wp-content\/uploads\/2026\/08\/predio-tse_mcamgo_abr_22062023-5.webp","keywords":["deste","prazo","solicita","transito"],"articleSection":["Justi\u00e7a"],"inLanguage":"pt-BR"},{"@type":"WebPage","@id":"https:\/\/www.fatosefotosnews.com.br\/?p=157291","url":"https:\/\/www.fatosefotosnews.com.br\/?p=157291","name":"Prazo para solicita\u00e7\u00e3o de voto em tr\u00e2nsito vai at\u00e9 dia 20 deste m\u00eas - Fatos e Fotos News","isPartOf":{"@id":"https:\/\/www.fatosefotosnews.com.br\/#website"},"primaryImageOfPage":{"@id":"https:\/\/www.fatosefotosnews.com.br\/?p=157291#primaryimage"},"image":{"@id":"https:\/\/www.fatosefotosnews.com.br\/?p=157291#primaryimage"},"thumbnailUrl":"https:\/\/www.fatosefotosnews.com.br\/wp-content\/uploads\/2026\/08\/predio-tse_mcamgo_abr_22062023-5.webp","datePublished":"2026-08-10T20:33:00+00:00","breadcrumb":{"@id":"https:\/\/www.fatosefotosnews.com.br\/?p=157291#breadcrumb"},"inLanguage":"pt-BR","potentialAction":[{"@type":"ReadAction","target":["https:\/\/www.fatosefotosnews.com.br\/?p=157291"]}]},{"@type":"ImageObject","inLanguage":"pt-BR","@id":"https:\/\/www.fatosefotosnews.com.br\/?p=157291#primaryimage","url":"https:\/\/www.fatosefotosnews.com.br\/wp-content\/uploads\/2026\/08\/predio-tse_mcamgo_abr_22062023-5.webp","contentUrl":"https:\/\/www.fatosefotosnews.com.br\/wp-content\/uploads\/2026\/08\/predio-tse_mcamgo_abr_22062023-5.webp","width":1170,"height":700},{"@type":"BreadcrumbList","@id":"https:\/\/www.fatosefotosnews.com.br\/?p=157291#breadcrumb","itemListElement":[{"@type":"ListItem","position":1,"name":"In\u00edcio","item":"https:\/\/www.fatosefotosnews.com.br\/"},{"@type":"ListItem","position":2,"name":"Prazo para solicita\u00e7\u00e3o de voto em tr\u00e2nsito vai at\u00e9 dia 20 deste m\u00eas"}]},{"@type":"WebSite","@id":"https:\/\/www.fatosefotosnews.com.br\/#website","url":"https:\/\/www.fatosefotosnews.com.br\/","name":"Fatos e Fotos News","description":"Um site de noticial verdadeira e confi\u00e1veis.","publisher":{"@id":"https:\/\/www.fatosefotosnews.com.br\/#organization"},"potentialAction":[{"@type":"SearchAction","target":{"@type":"EntryPoint","urlTemplate":"https:\/\/www.fatosefotosnews.com.br\/?s={search_term_string}"},"query-input":{"@type":"PropertyValueSpecification","valueRequired":true,"valueName":"search_term_string"}}],"inLanguage":"pt-BR"},{"@type":"Organization","@id":"https:\/\/www.fatosefotosnews.com.br\/#organization","name":"Fatos e Fotos News","url":"https:\/\/www.fatosefotosnews.com.br\/","logo":{"@type":"ImageObject","inLanguage":"pt-BR","@id":"https:\/\/www.fatosefotosnews.com.br\/#\/schema\/logo\/image\/","url":"https:\/\/www.fatosefotosnews.com.br\/wp-content\/uploads\/2023\/02\/Fatos-e-Fotos-news-logo.png","contentUrl":"https:\/\/www.fatosefotosnews.com.br\/wp-content\/uploads\/2023\/02\/Fatos-e-Fotos-news-logo.png","width":300,"height":58,"caption":"Fatos e Fotos News"},"image":{"@id":"https:\/\/www.fatosefotosnews.com.br\/#\/schema\/logo\/image\/"}},{"@type":"Person","@id":"https:\/\/www.fatosefotosnews.com.br\/#\/schema\/person\/17b18da658f5277ed99382206a85602f","name":"Mirela Portugal","image":{"@type":"ImageObject","inLanguage":"pt-BR","@id":"https:\/\/secure.gravatar.com\/avatar\/2f92fb43fda38d1a46cf4a155e1c2951193d91d9bed3df97fce720eeb9595d08?s=96&d=mm&r=g","url":"https:\/\/secure.gravatar.com\/avatar\/2f92fb43fda38d1a46cf4a155e1c2951193d91d9bed3df97fce720eeb9595d08?s=96&d=mm&r=g","contentUrl":"https:\/\/secure.gravatar.com\/avatar\/2f92fb43fda38d1a46cf4a155e1c2951193d91d9bed3df97fce720eeb9595d08?s=96&d=mm&r=g","caption":"Mirela Portugal"},"sameAs":["http:\/\/fatosefotosnews.com.br"],"url":"https:\/\/www.fatosefotosnews.com.br\/?author=12"}]}},"jetpack_publicize_connections":[],"blog_post_layout_featured_media_urls":{"thumbnail":["https:\/\/www.fatosefotosnews.com.br\/wp-content\/uploads\/2026\/08\/predio-tse_mcamgo_abr_22062023-5-150x150.webp",150,150,true],"full":["https:\/\/www.fatosefotosnews.com.br\/wp-content\/uploads\/2026\/08\/predio-tse_mcamgo_abr_22062023-5.webp",1170,700,false]},"categories_names":{"24885":{"name":"Justi\u00e7a","link":"https:\/\/www.fatosefotosnews.com.br\/?cat=24885"}},"tags_names":{"2599":{"name":"deste","link":"https:\/\/www.fatosefotosnews.com.br\/?tag=deste"},"521":{"name":"prazo","link":"https:\/\/www.fatosefotosnews.com.br\/?tag=prazo"},"4714":{"name":"solicita","link":"https:\/\/www.fatosefotosnews.com.br\/?tag=solicita"},"743":{"name":"transito","link":"https:\/\/www.fatosefotosnews.com.br\/?tag=transito"}},"comments_number":"0","wpmagazine_modules_lite_featured_media_urls":{"thumbnail":["https:\/\/www.fatosefotosnews.com.br\/wp-content\/uploads\/2026\/08\/predio-tse_mcamgo_abr_22062023-5-150x150.webp",150,150,true],"cvmm-medium":["https:\/\/www.fatosefotosnews.com.br\/wp-content\/uploads\/2026\/08\/predio-tse_mcamgo_abr_22062023-5-300x300.webp",300,300,true],"cvmm-medium-plus":["https:\/\/www.fatosefotosnews.com.br\/wp-content\/uploads\/2026\/08\/predio-tse_mcamgo_abr_22062023-5-305x207.webp",305,207,true],"cvmm-portrait":["https:\/\/www.fatosefotosnews.com.br\/wp-content\/uploads\/2026\/08\/predio-tse_mcamgo_abr_22062023-5-400x600.webp",400,600,true],"cvmm-medium-square":["https:\/\/www.fatosefotosnews.com.br\/wp-content\/uploads\/2026\/08\/predio-tse_mcamgo_abr_22062023-5-600x600.webp",600,600,true],"cvmm-large":["https:\/\/www.fatosefotosnews.com.br\/wp-content\/uploads\/2026\/08\/predio-tse_mcamgo_abr_22062023-5-1024x700.webp",1024,700,true],"cvmm-small":["https:\/\/www.fatosefotosnews.com.br\/wp-content\/uploads\/2026\/08\/predio-tse_mcamgo_abr_22062023-5-130x95.webp",130,95,true],"full":["https:\/\/www.fatosefotosnews.com.br\/wp-content\/uploads\/2026\/08\/predio-tse_mcamgo_abr_22062023-5.webp",1170,700,false]},"_links":{"self":[{"href":"https:\/\/www.fatosefotosnews.com.br\/index.php?rest_route=\/wp\/v2\/posts\/157291","targetHints":{"allow":["GET"]}}],"collection":[{"href":"https:\/\/www.fatosefotosnews.com.br\/index.php?rest_route=\/wp\/v2\/posts"}],"about":[{"href":"https:\/\/www.fatosefotosnews.com.br\/index.php?rest_route=\/wp\/v2\/types\/post"}],"author":[{"embeddable":true,"href":"https:\/\/www.fatosefotosnews.com.br\/index.php?rest_route=\/wp\/v2\/users\/12"}],"replies":[{"embeddable":true,"href":"https:\/\/www.fatosefotosnews.com.br\/index.php?rest_route=%2Fwp%2Fv2%2Fcomments&post=157291"}],"version-history":[{"count":1,"href":"https:\/\/www.fatosefotosnews.com.br\/index.php?rest_route=\/wp\/v2\/posts\/157291\/revisions"}],"predecessor-version":[{"id":157294,"href":"https:\/\/www.fatosefotosnews.com.br\/index.php?rest_route=\/wp\/v2\/posts\/157291\/revisions\/157294"}],"wp:featuredmedia":[{"embeddable":true,"href":"https:\/\/www.fatosefotosnews.com.br\/index.php?rest_route=\/wp\/v2\/media\/157292"}],"wp:attachment":[{"href":"https:\/\/www.fatosefotosnews.com.br\/index.php?rest_route=%2Fwp%2Fv2%2Fmedia&parent=157291"}],"wp:term":[{"taxonomy":"category","embeddable":true,"href":"https:\/\/www.fatosefotosnews.com.br\/index.php?rest_route=%2Fwp%2Fv2%2Fcategories&post=157291"},{"taxonomy":"post_tag","embeddable":true,"href":"https:\/\/www.fatosefotosnews.com.br\/index.php?rest_route=%2Fwp%2Fv2%2Ftags&post=157291"}],"curies":[{"name":"wp","href":"https:\/\/api.w.org\/{rel}","templated":true}]}}