{"id":157495,"date":"2026-08-16T11:14:10","date_gmt":"2026-08-16T14:14:10","guid":{"rendered":"https:\/\/www.fatosefotosnews.com.br\/?p=157495"},"modified":"2026-08-16T11:14:22","modified_gmt":"2026-08-16T14:14:22","slug":"ginastica-ritmica-brasil-e-bronze-e-garante-vaga-em-los-angeles-2028","status":"publish","type":"post","link":"https:\/\/www.fatosefotosnews.com.br\/?p=157495","title":{"rendered":"Gin\u00e1stica r\u00edtmica: Brasil \u00e9 bronze e garante vaga em Los Angeles 2028"},"content":{"rendered":"\n<p class=\"wp-block-paragraph\">Foto: MeloGym\/CBG<\/p>\n\n\n\n<p class=\"wp-block-paragraph\"><\/p>\n\n\n\n<p class=\"wp-block-paragraph\">O conjunto brasileiro de gin\u00e1stica r\u00edtmica est\u00e1 classificado para os Jogos Ol\u00edmpicos de Los Angeles, nos Estados Unidos, em 2028. Neste s\u00e1bado (15), a equipe conquistou a medalha de bronze no conjunto geral do Campeonato Mundial da modalidade, em Frankfurt, na Alemanha.<img decoding=\"async\" src=\"https:\/\/agenciabrasil.ebc.com.br\/ebc.png?id=1699743&amp;o=node\"><img decoding=\"async\" src=\"https:\/\/agenciabrasil.ebc.com.br\/ebc.gif?id=1699743&amp;o=node\"><\/p>\n\n\n\n<p class=\"wp-block-paragraph\">A forma\u00e7\u00e3o \u00e9 composta pela alagoana Maria Eduarda Arakaki, pela paulista Nicole P\u00edrcio, pela capixaba Sofia Madeira, pelas paranaenses Julia Kurunczi e Mariana Gon\u00e7alves e pela amazonense Maria Paula Caminha.<br>&nbsp;<\/p>\n\n\n\n<figure class=\"wp-block-image\"><img decoding=\"async\" src=\"https:\/\/imagens.ebc.com.br\/jKIINcHfsjmgX4RpOJlgGDbArYQ=\/754x0\/smart\/https:\/\/agenciabrasil.ebc.com.br\/sites\/default\/files\/thumbnails\/image\/2026\/08\/15\/whatsapp_image_2026-08-15_at_13.47.56.jpeg?itok=jLQjUG2X\" alt=\" Gin\u00e1stica r\u00edtmica: Brasil \u00e9 bronze no Mundial e garante vaga ol\u00edmpica. Foto: MeloGym\/CBG\" title=\"MeloGym\/CBG\"\/><\/figure>\n\n\n\n<p class=\"wp-block-paragraph\">Gin\u00e1stica r\u00edtmica: Brasil conquista bronze no Mundial de Frankfurt we garante vaga nos Jogos Ol\u00edmpicos de Los Angeles, em 2028. Foto: MeloGym\/CBG &#8211;&nbsp;<strong>MeloGym\/CBG<\/strong><\/p>\n\n\n\n<p class=\"wp-block-paragraph\">A Espanha conquistou o t\u00edtulo. O&nbsp;Jap\u00e3o, campe\u00e3o mundial realizado no Brasil em 2025, ficou com a prata. As brasileiras deixaram para tr\u00e1s advers\u00e1rios de peso, como a China, atual campe\u00e3 ol\u00edmpica, e a Bulg\u00e1ria, vencedora dos Jogos de T\u00f3quio, em 2021.<\/p>\n\n\n\n<p class=\"wp-block-paragraph\">Na disputa do conjunto geral, as equipes realizam duas s\u00e9ries. Na mista, as ginastas se apresentam com tr\u00eas arcos e duas ma\u00e7as. Na apresenta\u00e7\u00e3o com cinco bolas, cada ginasta utiliza um dos aparelhos. A pontua\u00e7\u00e3o final \u00e9 a soma das notas das duas rotinas, que levam em conta aspectos como dificuldade, execu\u00e7\u00e3o e composi\u00e7\u00e3o art\u00edstica.<\/p>\n\n\n\n<p class=\"wp-block-paragraph\">Na s\u00e9rie mista, o Brasil teve a segunda melhor nota do dia, com 28,700 pontos, ao som de Abracadabra, de Lady Gaga. J\u00e1 na apresenta\u00e7\u00e3o com cinco bolas, que teve Feeling Good, de Michael Bubl\u00e9, como trilha, o conjunto obteve 26,800 pontos, a oitava melhor nota da prova. O total foi de 55,500 pontos.<\/p>\n\n\n\n<p class=\"wp-block-paragraph\">Os pa\u00edses foram divididos em tr\u00eas grupos de 14 conjuntos. O Brasil competiu no segundo grupo e terminou provisoriamente na segunda posi\u00e7\u00e3o, atr\u00e1s apenas da Espanha, que teve a melhor nota nas duas s\u00e9ries.<\/p>\n\n\n\n<p class=\"wp-block-paragraph\">A confirma\u00e7\u00e3o da medalha e da vaga ol\u00edmpica dependia dos resultados do terceiro grupo, que reunia advers\u00e1rios como Jap\u00e3o, Bulg\u00e1ria e R\u00fassia. Apenas as japonesas superaram a pontua\u00e7\u00e3o brasileira, garantindo o bronze ao Brasil e a classifica\u00e7\u00e3o para os Jogos de Los Angeles.<\/p>\n\n\n\n<p class=\"wp-block-paragraph\">Esta foi a segunda edi\u00e7\u00e3o consecutiva do Mundial com o Brasil no p\u00f3dio. No ano passado, quando a competi\u00e7\u00e3o foi disputada no Rio de Janeiro, o mesmo sexteto conquistou duas medalhas de prata, no conjunto geral e na s\u00e9rie mista.<br>&nbsp;<\/p>\n\n\n\n<figure class=\"wp-block-image\"><img decoding=\"async\" src=\"https:\/\/imagens.ebc.com.br\/Wc-hdKos-set6Tm4GcfUd3yXorc=\/754x0\/smart\/https:\/\/agenciabrasil.ebc.com.br\/sites\/default\/files\/thumbnails\/image\/2026\/08\/15\/whatsapp_image_2026-08-15_at_09.40.09.jpeg?itok=3nDBO9dO\" alt=\" Gin\u00e1stica r\u00edtmica: Brasil \u00e9 bronze no Mundial e garante vaga ol\u00edmpica. Foto: MeloGym\/CBG\n \" title=\"MeloGym\/CBG\"\/><\/figure>\n\n\n\n<p class=\"wp-block-paragraph\">Gin\u00e1stica r\u00edtmica: Brasil \u00e9 bronze no Mundial e garante vaga ol\u00edmpica. Foto: MeloGym\/CBG &#8211;&nbsp;<strong>MeloGym\/CBG<\/strong><\/p>\n\n\n\n<p class=\"wp-block-paragraph\">O Mundial termina neste domingo (16). O conjunto brasileiro ter\u00e1 as duas finais por aparelhos. A prova com cinco bolas come\u00e7a \u00e0s 6h, enquanto a s\u00e9rie mista est\u00e1 prevista para as 9h, ambas no hor\u00e1rio de Bras\u00edlia.<\/p>\n\n\n\n<p class=\"wp-block-paragraph\">&#8220;N\u00f3s simulamos v\u00e1rias vezes esse dia. Independentemente de como f\u00f4ssemos na primeira s\u00e9rie, ter\u00edamos que entrar na segunda e ir muito bem tamb\u00e9m. \u00c9 bem tenso para as ginastas porque, no fim das contas, elas t\u00eam menos de uma hora para se apresentarem novamente. Controlar as emo\u00e7\u00f5es n\u00e3o \u00e9 f\u00e1cil&#8221;, avaliou a t\u00e9cnica da sele\u00e7\u00e3o brasileira, Camila Ferezin, \u00e0 Confedera\u00e7\u00e3o Brasileira de Gin\u00e1stica (CBG).<\/p>\n\n\n\n<p class=\"wp-block-paragraph\">&#8220;Nossos conjuntos de cinco bolas e misto t\u00eam apresenta\u00e7\u00f5es com dificuldades muito altas. Ent\u00e3o, acredito que amanh\u00e3 [domingo], elas possam ir ainda melhor&#8221;, projetou a treinadora.<\/p>\n","protected":false},"excerpt":{"rendered":"<p>Foto: MeloGym\/CBG O conjunto brasileiro de gin\u00e1stica r\u00edtmica est\u00e1 classificado para os Jogos Ol\u00edmpicos de Los Angeles, nos Estados Unidos, em 2028. Neste s\u00e1bado (15), a equipe conquistou a medalha de bronze no conjunto geral do Campeonato Mundial da modalidade, em Frankfurt, na Alemanha. A forma\u00e7\u00e3o \u00e9 composta pela alagoana Maria Eduarda Arakaki, pela paulista [&hellip;]<\/p>\n","protected":false},"author":12,"featured_media":157497,"comment_status":"closed","ping_status":"open","sticky":false,"template":"","format":"standard","meta":{"_acf_changed":false,"_angie_page":false,"_monsterinsights_skip_tracking":false,"_themeisle_gutenberg_block_has_review":false,"page_builder":"","footnotes":"","jetpack_publicize_message":"","jetpack_publicize_feature_enabled":true,"jetpack_social_post_already_shared":true,"jetpack_social_options":{"image_generator_settings":{"template":"highway","default_image_id":0,"font":"","enabled":false},"version":2}},"categories":[5],"tags":[16096,179,8680,1669,14852,23419],"class_list":["post-157495","post","type-post","status-publish","format-standard","has-post-thumbnail","hentry","category-esporte","tag-angeles","tag-brasil","tag-bronze","tag-garante","tag-ginastica","tag-ritmica"],"acf":[],"nelio_content":{"autoShareEndMode":"never","automationSources":{"useCustomSentences":false,"customSentences":[]},"efiAlt":"","efiUrl":"","followers":[12],"highlights":[],"isAutoShareEnabled":true,"networkImageIds":[],"permalinkQueryArgs":[],"series":[],"suggestedReferences":[]},"yoast_head":"<!-- This site is optimized with the Yoast SEO plugin v28.3 - https:\/\/yoast.com\/product\/yoast-seo-wordpress\/ -->\n<title>Gin\u00e1stica r\u00edtmica: Brasil \u00e9 bronze e garante vaga em Los Angeles 2028 - Fatos e Fotos News<\/title>\n<meta name=\"robots\" content=\"index, follow, max-snippet:-1, max-image-preview:large, max-video-preview:-1\" \/>\n<link rel=\"canonical\" href=\"https:\/\/www.fatosefotosnews.com.br\/?p=157495\" \/>\n<meta property=\"og:locale\" content=\"pt_BR\" \/>\n<meta property=\"og:type\" content=\"article\" \/>\n<meta property=\"og:title\" content=\"Gin\u00e1stica r\u00edtmica: Brasil \u00e9 bronze e garante vaga em Los Angeles 2028 - Fatos e Fotos News\" \/>\n<meta property=\"og:description\" content=\"Foto: MeloGym\/CBG O conjunto brasileiro de gin\u00e1stica r\u00edtmica est\u00e1 classificado para os Jogos Ol\u00edmpicos de Los Angeles, nos Estados Unidos, em 2028. Neste s\u00e1bado (15), a equipe conquistou a medalha de bronze no conjunto geral do Campeonato Mundial da modalidade, em Frankfurt, na Alemanha. A forma\u00e7\u00e3o \u00e9 composta pela alagoana Maria Eduarda Arakaki, pela paulista [&hellip;]\" \/>\n<meta property=\"og:url\" content=\"https:\/\/www.fatosefotosnews.com.br\/?p=157495\" \/>\n<meta property=\"og:site_name\" content=\"Fatos e Fotos News\" \/>\n<meta property=\"article:published_time\" content=\"2026-08-16T14:14:10+00:00\" \/>\n<meta property=\"article:modified_time\" content=\"2026-08-16T14:14:22+00:00\" \/>\n<meta property=\"og:image\" content=\"https:\/\/www.fatosefotosnews.com.br\/wp-content\/uploads\/2026\/08\/whatsapp_image_2026-08-15_at_10.46.50.webp\" \/>\n\t<meta property=\"og:image:width\" content=\"1170\" \/>\n\t<meta property=\"og:image:height\" content=\"700\" \/>\n\t<meta property=\"og:image:type\" content=\"image\/webp\" \/>\n<meta name=\"author\" content=\"Mirela Portugal\" \/>\n<meta name=\"twitter:card\" content=\"summary_large_image\" \/>\n<meta name=\"twitter:label1\" content=\"Escrito por\" \/>\n\t<meta name=\"twitter:data1\" content=\"Mirela Portugal\" \/>\n\t<meta name=\"twitter:label2\" content=\"Est. tempo de leitura\" \/>\n\t<meta name=\"twitter:data2\" content=\"4 minutos\" \/>\n<script type=\"application\/ld+json\" class=\"yoast-schema-graph\">{\"@context\":\"https:\\\/\\\/schema.org\",\"@graph\":[{\"@type\":\"Article\",\"@id\":\"https:\\\/\\\/www.fatosefotosnews.com.br\\\/?p=157495#article\",\"isPartOf\":{\"@id\":\"https:\\\/\\\/www.fatosefotosnews.com.br\\\/?p=157495\"},\"author\":{\"name\":\"Mirela Portugal\",\"@id\":\"https:\\\/\\\/www.fatosefotosnews.com.br\\\/#\\\/schema\\\/person\\\/17b18da658f5277ed99382206a85602f\"},\"headline\":\"Gin\u00e1stica r\u00edtmica: Brasil \u00e9 bronze e garante vaga em Los Angeles 2028\",\"datePublished\":\"2026-08-16T14:14:10+00:00\",\"dateModified\":\"2026-08-16T14:14:22+00:00\",\"mainEntityOfPage\":{\"@id\":\"https:\\\/\\\/www.fatosefotosnews.com.br\\\/?p=157495\"},\"wordCount\":583,\"publisher\":{\"@id\":\"https:\\\/\\\/www.fatosefotosnews.com.br\\\/#organization\"},\"image\":{\"@id\":\"https:\\\/\\\/www.fatosefotosnews.com.br\\\/?p=157495#primaryimage\"},\"thumbnailUrl\":\"https:\\\/\\\/www.fatosefotosnews.com.br\\\/wp-content\\\/uploads\\\/2026\\\/08\\\/whatsapp_image_2026-08-15_at_10.46.50.webp\",\"keywords\":[\"angeles\",\"Brasil\",\"bronze\",\"garante\",\"ginastica\",\"ritmica\"],\"articleSection\":[\"Esporte\"],\"inLanguage\":\"pt-BR\"},{\"@type\":\"WebPage\",\"@id\":\"https:\\\/\\\/www.fatosefotosnews.com.br\\\/?p=157495\",\"url\":\"https:\\\/\\\/www.fatosefotosnews.com.br\\\/?p=157495\",\"name\":\"Gin\u00e1stica r\u00edtmica: Brasil \u00e9 bronze e garante vaga em Los Angeles 2028 - Fatos e Fotos News\",\"isPartOf\":{\"@id\":\"https:\\\/\\\/www.fatosefotosnews.com.br\\\/#website\"},\"primaryImageOfPage\":{\"@id\":\"https:\\\/\\\/www.fatosefotosnews.com.br\\\/?p=157495#primaryimage\"},\"image\":{\"@id\":\"https:\\\/\\\/www.fatosefotosnews.com.br\\\/?p=157495#primaryimage\"},\"thumbnailUrl\":\"https:\\\/\\\/www.fatosefotosnews.com.br\\\/wp-content\\\/uploads\\\/2026\\\/08\\\/whatsapp_image_2026-08-15_at_10.46.50.webp\",\"datePublished\":\"2026-08-16T14:14:10+00:00\",\"dateModified\":\"2026-08-16T14:14:22+00:00\",\"breadcrumb\":{\"@id\":\"https:\\\/\\\/www.fatosefotosnews.com.br\\\/?p=157495#breadcrumb\"},\"inLanguage\":\"pt-BR\",\"potentialAction\":[{\"@type\":\"ReadAction\",\"target\":[\"https:\\\/\\\/www.fatosefotosnews.com.br\\\/?p=157495\"]}]},{\"@type\":\"ImageObject\",\"inLanguage\":\"pt-BR\",\"@id\":\"https:\\\/\\\/www.fatosefotosnews.com.br\\\/?p=157495#primaryimage\",\"url\":\"https:\\\/\\\/www.fatosefotosnews.com.br\\\/wp-content\\\/uploads\\\/2026\\\/08\\\/whatsapp_image_2026-08-15_at_10.46.50.webp\",\"contentUrl\":\"https:\\\/\\\/www.fatosefotosnews.com.br\\\/wp-content\\\/uploads\\\/2026\\\/08\\\/whatsapp_image_2026-08-15_at_10.46.50.webp\",\"width\":1170,\"height\":700},{\"@type\":\"BreadcrumbList\",\"@id\":\"https:\\\/\\\/www.fatosefotosnews.com.br\\\/?p=157495#breadcrumb\",\"itemListElement\":[{\"@type\":\"ListItem\",\"position\":1,\"name\":\"In\u00edcio\",\"item\":\"https:\\\/\\\/www.fatosefotosnews.com.br\\\/\"},{\"@type\":\"ListItem\",\"position\":2,\"name\":\"Gin\u00e1stica r\u00edtmica: Brasil \u00e9 bronze e garante vaga em Los Angeles 2028\"}]},{\"@type\":\"WebSite\",\"@id\":\"https:\\\/\\\/www.fatosefotosnews.com.br\\\/#website\",\"url\":\"https:\\\/\\\/www.fatosefotosnews.com.br\\\/\",\"name\":\"Fatos e Fotos News\",\"description\":\"Um site de noticial verdadeira e confi\u00e1veis.\",\"publisher\":{\"@id\":\"https:\\\/\\\/www.fatosefotosnews.com.br\\\/#organization\"},\"potentialAction\":[{\"@type\":\"SearchAction\",\"target\":{\"@type\":\"EntryPoint\",\"urlTemplate\":\"https:\\\/\\\/www.fatosefotosnews.com.br\\\/?s={search_term_string}\"},\"query-input\":{\"@type\":\"PropertyValueSpecification\",\"valueRequired\":true,\"valueName\":\"search_term_string\"}}],\"inLanguage\":\"pt-BR\"},{\"@type\":\"Organization\",\"@id\":\"https:\\\/\\\/www.fatosefotosnews.com.br\\\/#organization\",\"name\":\"Fatos e Fotos News\",\"url\":\"https:\\\/\\\/www.fatosefotosnews.com.br\\\/\",\"logo\":{\"@type\":\"ImageObject\",\"inLanguage\":\"pt-BR\",\"@id\":\"https:\\\/\\\/www.fatosefotosnews.com.br\\\/#\\\/schema\\\/logo\\\/image\\\/\",\"url\":\"https:\\\/\\\/www.fatosefotosnews.com.br\\\/wp-content\\\/uploads\\\/2023\\\/02\\\/Fatos-e-Fotos-news-logo.png\",\"contentUrl\":\"https:\\\/\\\/www.fatosefotosnews.com.br\\\/wp-content\\\/uploads\\\/2023\\\/02\\\/Fatos-e-Fotos-news-logo.png\",\"width\":300,\"height\":58,\"caption\":\"Fatos e Fotos News\"},\"image\":{\"@id\":\"https:\\\/\\\/www.fatosefotosnews.com.br\\\/#\\\/schema\\\/logo\\\/image\\\/\"}},{\"@type\":\"Person\",\"@id\":\"https:\\\/\\\/www.fatosefotosnews.com.br\\\/#\\\/schema\\\/person\\\/17b18da658f5277ed99382206a85602f\",\"name\":\"Mirela Portugal\",\"image\":{\"@type\":\"ImageObject\",\"inLanguage\":\"pt-BR\",\"@id\":\"https:\\\/\\\/secure.gravatar.com\\\/avatar\\\/2f92fb43fda38d1a46cf4a155e1c2951193d91d9bed3df97fce720eeb9595d08?s=96&d=mm&r=g\",\"url\":\"https:\\\/\\\/secure.gravatar.com\\\/avatar\\\/2f92fb43fda38d1a46cf4a155e1c2951193d91d9bed3df97fce720eeb9595d08?s=96&d=mm&r=g\",\"contentUrl\":\"https:\\\/\\\/secure.gravatar.com\\\/avatar\\\/2f92fb43fda38d1a46cf4a155e1c2951193d91d9bed3df97fce720eeb9595d08?s=96&d=mm&r=g\",\"caption\":\"Mirela Portugal\"},\"sameAs\":[\"http:\\\/\\\/fatosefotosnews.com.br\"],\"url\":\"https:\\\/\\\/www.fatosefotosnews.com.br\\\/?author=12\"}]}<\/script>\n<!-- \/ Yoast SEO plugin. -->","yoast_head_json":{"title":"Gin\u00e1stica r\u00edtmica: Brasil \u00e9 bronze e garante vaga em Los Angeles 2028 - Fatos e Fotos News","robots":{"index":"index","follow":"follow","max-snippet":"max-snippet:-1","max-image-preview":"max-image-preview:large","max-video-preview":"max-video-preview:-1"},"canonical":"https:\/\/www.fatosefotosnews.com.br\/?p=157495","og_locale":"pt_BR","og_type":"article","og_title":"Gin\u00e1stica r\u00edtmica: Brasil \u00e9 bronze e garante vaga em Los Angeles 2028 - Fatos e Fotos News","og_description":"Foto: MeloGym\/CBG O conjunto brasileiro de gin\u00e1stica r\u00edtmica est\u00e1 classificado para os Jogos Ol\u00edmpicos de Los Angeles, nos Estados Unidos, em 2028. Neste s\u00e1bado (15), a equipe conquistou a medalha de bronze no conjunto geral do Campeonato Mundial da modalidade, em Frankfurt, na Alemanha. A forma\u00e7\u00e3o \u00e9 composta pela alagoana Maria Eduarda Arakaki, pela paulista [&hellip;]","og_url":"https:\/\/www.fatosefotosnews.com.br\/?p=157495","og_site_name":"Fatos e Fotos News","article_published_time":"2026-08-16T14:14:10+00:00","article_modified_time":"2026-08-16T14:14:22+00:00","og_image":[{"width":1170,"height":700,"url":"https:\/\/www.fatosefotosnews.com.br\/wp-content\/uploads\/2026\/08\/whatsapp_image_2026-08-15_at_10.46.50.webp","type":"image\/webp"}],"author":"Mirela Portugal","twitter_card":"summary_large_image","twitter_misc":{"Escrito por":"Mirela Portugal","Est. tempo de leitura":"4 minutos"},"schema":{"@context":"https:\/\/schema.org","@graph":[{"@type":"Article","@id":"https:\/\/www.fatosefotosnews.com.br\/?p=157495#article","isPartOf":{"@id":"https:\/\/www.fatosefotosnews.com.br\/?p=157495"},"author":{"name":"Mirela Portugal","@id":"https:\/\/www.fatosefotosnews.com.br\/#\/schema\/person\/17b18da658f5277ed99382206a85602f"},"headline":"Gin\u00e1stica r\u00edtmica: Brasil \u00e9 bronze e garante vaga em Los Angeles 2028","datePublished":"2026-08-16T14:14:10+00:00","dateModified":"2026-08-16T14:14:22+00:00","mainEntityOfPage":{"@id":"https:\/\/www.fatosefotosnews.com.br\/?p=157495"},"wordCount":583,"publisher":{"@id":"https:\/\/www.fatosefotosnews.com.br\/#organization"},"image":{"@id":"https:\/\/www.fatosefotosnews.com.br\/?p=157495#primaryimage"},"thumbnailUrl":"https:\/\/www.fatosefotosnews.com.br\/wp-content\/uploads\/2026\/08\/whatsapp_image_2026-08-15_at_10.46.50.webp","keywords":["angeles","Brasil","bronze","garante","ginastica","ritmica"],"articleSection":["Esporte"],"inLanguage":"pt-BR"},{"@type":"WebPage","@id":"https:\/\/www.fatosefotosnews.com.br\/?p=157495","url":"https:\/\/www.fatosefotosnews.com.br\/?p=157495","name":"Gin\u00e1stica r\u00edtmica: Brasil \u00e9 bronze e garante vaga em Los Angeles 2028 - Fatos e Fotos News","isPartOf":{"@id":"https:\/\/www.fatosefotosnews.com.br\/#website"},"primaryImageOfPage":{"@id":"https:\/\/www.fatosefotosnews.com.br\/?p=157495#primaryimage"},"image":{"@id":"https:\/\/www.fatosefotosnews.com.br\/?p=157495#primaryimage"},"thumbnailUrl":"https:\/\/www.fatosefotosnews.com.br\/wp-content\/uploads\/2026\/08\/whatsapp_image_2026-08-15_at_10.46.50.webp","datePublished":"2026-08-16T14:14:10+00:00","dateModified":"2026-08-16T14:14:22+00:00","breadcrumb":{"@id":"https:\/\/www.fatosefotosnews.com.br\/?p=157495#breadcrumb"},"inLanguage":"pt-BR","potentialAction":[{"@type":"ReadAction","target":["https:\/\/www.fatosefotosnews.com.br\/?p=157495"]}]},{"@type":"ImageObject","inLanguage":"pt-BR","@id":"https:\/\/www.fatosefotosnews.com.br\/?p=157495#primaryimage","url":"https:\/\/www.fatosefotosnews.com.br\/wp-content\/uploads\/2026\/08\/whatsapp_image_2026-08-15_at_10.46.50.webp","contentUrl":"https:\/\/www.fatosefotosnews.com.br\/wp-content\/uploads\/2026\/08\/whatsapp_image_2026-08-15_at_10.46.50.webp","width":1170,"height":700},{"@type":"BreadcrumbList","@id":"https:\/\/www.fatosefotosnews.com.br\/?p=157495#breadcrumb","itemListElement":[{"@type":"ListItem","position":1,"name":"In\u00edcio","item":"https:\/\/www.fatosefotosnews.com.br\/"},{"@type":"ListItem","position":2,"name":"Gin\u00e1stica r\u00edtmica: Brasil \u00e9 bronze e garante vaga em Los Angeles 2028"}]},{"@type":"WebSite","@id":"https:\/\/www.fatosefotosnews.com.br\/#website","url":"https:\/\/www.fatosefotosnews.com.br\/","name":"Fatos e Fotos News","description":"Um site de noticial verdadeira e confi\u00e1veis.","publisher":{"@id":"https:\/\/www.fatosefotosnews.com.br\/#organization"},"potentialAction":[{"@type":"SearchAction","target":{"@type":"EntryPoint","urlTemplate":"https:\/\/www.fatosefotosnews.com.br\/?s={search_term_string}"},"query-input":{"@type":"PropertyValueSpecification","valueRequired":true,"valueName":"search_term_string"}}],"inLanguage":"pt-BR"},{"@type":"Organization","@id":"https:\/\/www.fatosefotosnews.com.br\/#organization","name":"Fatos e Fotos News","url":"https:\/\/www.fatosefotosnews.com.br\/","logo":{"@type":"ImageObject","inLanguage":"pt-BR","@id":"https:\/\/www.fatosefotosnews.com.br\/#\/schema\/logo\/image\/","url":"https:\/\/www.fatosefotosnews.com.br\/wp-content\/uploads\/2023\/02\/Fatos-e-Fotos-news-logo.png","contentUrl":"https:\/\/www.fatosefotosnews.com.br\/wp-content\/uploads\/2023\/02\/Fatos-e-Fotos-news-logo.png","width":300,"height":58,"caption":"Fatos e Fotos News"},"image":{"@id":"https:\/\/www.fatosefotosnews.com.br\/#\/schema\/logo\/image\/"}},{"@type":"Person","@id":"https:\/\/www.fatosefotosnews.com.br\/#\/schema\/person\/17b18da658f5277ed99382206a85602f","name":"Mirela Portugal","image":{"@type":"ImageObject","inLanguage":"pt-BR","@id":"https:\/\/secure.gravatar.com\/avatar\/2f92fb43fda38d1a46cf4a155e1c2951193d91d9bed3df97fce720eeb9595d08?s=96&d=mm&r=g","url":"https:\/\/secure.gravatar.com\/avatar\/2f92fb43fda38d1a46cf4a155e1c2951193d91d9bed3df97fce720eeb9595d08?s=96&d=mm&r=g","contentUrl":"https:\/\/secure.gravatar.com\/avatar\/2f92fb43fda38d1a46cf4a155e1c2951193d91d9bed3df97fce720eeb9595d08?s=96&d=mm&r=g","caption":"Mirela Portugal"},"sameAs":["http:\/\/fatosefotosnews.com.br"],"url":"https:\/\/www.fatosefotosnews.com.br\/?author=12"}]}},"jetpack_publicize_connections":[],"blog_post_layout_featured_media_urls":{"thumbnail":["https:\/\/www.fatosefotosnews.com.br\/wp-content\/uploads\/2026\/08\/whatsapp_image_2026-08-15_at_10.46.50-150x150.webp",150,150,true],"full":["https:\/\/www.fatosefotosnews.com.br\/wp-content\/uploads\/2026\/08\/whatsapp_image_2026-08-15_at_10.46.50.webp",1170,700,false]},"categories_names":{"5":{"name":"Esporte","link":"https:\/\/www.fatosefotosnews.com.br\/?cat=5"}},"tags_names":{"16096":{"name":"angeles","link":"https:\/\/www.fatosefotosnews.com.br\/?tag=angeles"},"179":{"name":"Brasil","link":"https:\/\/www.fatosefotosnews.com.br\/?tag=brasil"},"8680":{"name":"bronze","link":"https:\/\/www.fatosefotosnews.com.br\/?tag=bronze"},"1669":{"name":"garante","link":"https:\/\/www.fatosefotosnews.com.br\/?tag=garante"},"14852":{"name":"ginastica","link":"https:\/\/www.fatosefotosnews.com.br\/?tag=ginastica"},"23419":{"name":"ritmica","link":"https:\/\/www.fatosefotosnews.com.br\/?tag=ritmica"}},"comments_number":"0","wpmagazine_modules_lite_featured_media_urls":{"thumbnail":["https:\/\/www.fatosefotosnews.com.br\/wp-content\/uploads\/2026\/08\/whatsapp_image_2026-08-15_at_10.46.50-150x150.webp",150,150,true],"cvmm-medium":["https:\/\/www.fatosefotosnews.com.br\/wp-content\/uploads\/2026\/08\/whatsapp_image_2026-08-15_at_10.46.50-300x300.webp",300,300,true],"cvmm-medium-plus":["https:\/\/www.fatosefotosnews.com.br\/wp-content\/uploads\/2026\/08\/whatsapp_image_2026-08-15_at_10.46.50-305x207.webp",305,207,true],"cvmm-portrait":["https:\/\/www.fatosefotosnews.com.br\/wp-content\/uploads\/2026\/08\/whatsapp_image_2026-08-15_at_10.46.50-400x600.webp",400,600,true],"cvmm-medium-square":["https:\/\/www.fatosefotosnews.com.br\/wp-content\/uploads\/2026\/08\/whatsapp_image_2026-08-15_at_10.46.50-600x600.webp",600,600,true],"cvmm-large":["https:\/\/www.fatosefotosnews.com.br\/wp-content\/uploads\/2026\/08\/whatsapp_image_2026-08-15_at_10.46.50-1024x700.webp",1024,700,true],"cvmm-small":["https:\/\/www.fatosefotosnews.com.br\/wp-content\/uploads\/2026\/08\/whatsapp_image_2026-08-15_at_10.46.50-130x95.webp",130,95,true],"full":["https:\/\/www.fatosefotosnews.com.br\/wp-content\/uploads\/2026\/08\/whatsapp_image_2026-08-15_at_10.46.50.webp",1170,700,false]},"_links":{"self":[{"href":"https:\/\/www.fatosefotosnews.com.br\/index.php?rest_route=\/wp\/v2\/posts\/157495","targetHints":{"allow":["GET"]}}],"collection":[{"href":"https:\/\/www.fatosefotosnews.com.br\/index.php?rest_route=\/wp\/v2\/posts"}],"about":[{"href":"https:\/\/www.fatosefotosnews.com.br\/index.php?rest_route=\/wp\/v2\/types\/post"}],"author":[{"embeddable":true,"href":"https:\/\/www.fatosefotosnews.com.br\/index.php?rest_route=\/wp\/v2\/users\/12"}],"replies":[{"embeddable":true,"href":"https:\/\/www.fatosefotosnews.com.br\/index.php?rest_route=%2Fwp%2Fv2%2Fcomments&post=157495"}],"version-history":[{"count":1,"href":"https:\/\/www.fatosefotosnews.com.br\/index.php?rest_route=\/wp\/v2\/posts\/157495\/revisions"}],"predecessor-version":[{"id":157498,"href":"https:\/\/www.fatosefotosnews.com.br\/index.php?rest_route=\/wp\/v2\/posts\/157495\/revisions\/157498"}],"wp:featuredmedia":[{"embeddable":true,"href":"https:\/\/www.fatosefotosnews.com.br\/index.php?rest_route=\/wp\/v2\/media\/157497"}],"wp:attachment":[{"href":"https:\/\/www.fatosefotosnews.com.br\/index.php?rest_route=%2Fwp%2Fv2%2Fmedia&parent=157495"}],"wp:term":[{"taxonomy":"category","embeddable":true,"href":"https:\/\/www.fatosefotosnews.com.br\/index.php?rest_route=%2Fwp%2Fv2%2Fcategories&post=157495"},{"taxonomy":"post_tag","embeddable":true,"href":"https:\/\/www.fatosefotosnews.com.br\/index.php?rest_route=%2Fwp%2Fv2%2Ftags&post=157495"}],"curies":[{"name":"wp","href":"https:\/\/api.w.org\/{rel}","templated":true}]}}