{"id":157559,"date":"2026-08-18T08:00:00","date_gmt":"2026-08-18T11:00:00","guid":{"rendered":"https:\/\/www.fatosefotosnews.com.br\/?p=157559"},"modified":"2026-08-17T21:01:20","modified_gmt":"2026-08-18T00:01:20","slug":"uso-de-medicamento-oferecido-no-sus-reduz-casos-de-malaria-no-brasil","status":"publish","type":"post","link":"https:\/\/www.fatosefotosnews.com.br\/?p=157559","title":{"rendered":"Uso de medicamento oferecido no SUS reduz casos de mal\u00e1ria no Brasil"},"content":{"rendered":"\n<p class=\"wp-block-paragraph\">Foto: Alex Pazuello\/Secom<\/p>\n\n\n\n<p class=\"wp-block-paragraph\"><\/p>\n\n\n\n<p class=\"wp-block-paragraph\"><strong>O Brasil registrou queda de 30% nas mortes por mal\u00e1ria em 2025. Os \u00f3bitos passaram de 56 em 2024 para 39 no ano passado. Al\u00e9m disso, os casos da forma mais grave da doen\u00e7a ca\u00edram 30,7%.&nbsp;<\/strong><img decoding=\"async\" src=\"https:\/\/agenciabrasil.ebc.com.br\/ebc.png?id=1699903&amp;o=node\"><img decoding=\"async\" src=\"https:\/\/agenciabrasil.ebc.com.br\/ebc.gif?id=1699903&amp;o=node\"><\/p>\n\n\n\n<p class=\"wp-block-paragraph\">Os 118.037 registros da doen\u00e7a contra\u00eddos no territ\u00f3rio nacional no mesmo per\u00edodo representam um recuo de 15% em rela\u00e7\u00e3o a 2024 e s\u00e3o o menor n\u00famero desde 1978.<\/p>\n\n\n\n<p class=\"wp-block-paragraph\">\u201cChegamos \u00e0 menor taxa de casos de mal\u00e1ria dos \u00faltimos 47 anos na nossa hist\u00f3ria\u201d, disse o ministro da Sa\u00fade, Alexandre Padilha, nesta segunda-feira (17), ap\u00f3s participar do 61\u00ba Congresso da Sociedade Brasileira de Medicina Tropical (MedTrop), em Bras\u00edlia.<\/p>\n\n\n\n<p class=\"wp-block-paragraph\"><strong>Os n\u00fameros resultam do in\u00edcio da oferta da tafenoquina no Sistema \u00danico de Sa\u00fade (SUS), usado em dose \u00fanica desde 2024 para prevenir novas manifesta\u00e7\u00f5es da mal\u00e1ria, como tamb\u00e9m, com a amplia\u00e7\u00e3o do diagn\u00f3stico, al\u00e9m da oferta de testes e tratamento adequado.<\/strong><\/p>\n\n\n\n<p class=\"wp-block-paragraph\"><strong>A tafenoquina, considerada pelo minist\u00e9rio como um dos principais avan\u00e7os nos tratamentos dispon\u00edveis no SUS, foi incorporada em 2023 para pacientes adultos com 16 anos ou mais e peso de 35 quilos ou mais.&nbsp;<\/strong>O medicamento usado em dose \u00fanica tem a\u00e7\u00e3o prolongada e ajuda a evitar que a doen\u00e7a volte a se manifestar.&nbsp;<\/p>\n\n\n\n<p class=\"wp-block-paragraph\">At\u00e9 junho de 2026, a tafenoquina foi inclu\u00edda no tratamento de mais de 33,7 mil pessoas. Entre os pacientes, 3.920 dos tratamentos foram registrados em Distritos Sanit\u00e1rios Especiais Ind\u00edgenas (DSEIs).<\/p>\n\n\n\n<blockquote class=\"wp-block-quote is-layout-flow wp-block-quote-is-layout-flow\">\n<p class=\"wp-block-paragraph\">\u201c[Em 2025] tivemos redu\u00e7\u00e3o de mais de 40% de redu\u00e7\u00e3o em terra ind\u00edgena, mais de 40% de mal\u00e1ria em \u00e1reas de assentamento rural e em assentamentos na regi\u00e3o amaz\u00f4nica brasileira, que \u00e9 uma das maiores em incid\u00eancia de casos de mal\u00e1ria. O Brasil passa a ser o primeiro pa\u00eds do mundo a incorporar a tafenoquina, que \u00e9 uma nova medica\u00e7\u00e3o para o tratamento da mal\u00e1ria\u201d, informou o ministro.<\/p>\n<\/blockquote>\n\n\n\n<h2 class=\"wp-block-heading\">Ind\u00edgenas<\/h2>\n\n\n\n<p class=\"wp-block-paragraph\">Conforme os dados do Minist\u00e9rio da Sa\u00fade, no Distrito Sanit\u00e1rio Especial Ind\u00edgena (DSEI) Yanomami 1.515 pessoas receberam tratamento com o medicamento. Segundo o Minist\u00e9rio da Sa\u00fade, entre mar\u00e7o e junho de 2026, as reca\u00eddas de mal\u00e1ria ca\u00edram 61,9% em rela\u00e7\u00e3o ao mesmo per\u00edodo de 2025.&nbsp;<\/p>\n\n\n\n<p class=\"wp-block-paragraph\">Entre janeiro e julho, os casos da doen\u00e7a diminu\u00edram 55%, passando de 17 mil para 7,6 mil, na compara\u00e7\u00e3o com o mesmo per\u00edodo do ano anterior.&nbsp;<\/p>\n\n\n\n<p class=\"wp-block-paragraph\"><strong>Segundo o ministro, o territ\u00f3rio Yanomami foi a primeira \u00e1rea ind\u00edgena em que foi aplicado o medicamento no tratamento contra a mal\u00e1ria.&nbsp;<\/strong><\/p>\n\n\n\n<blockquote class=\"wp-block-quote is-layout-flow wp-block-quote-is-layout-flow\">\n<p class=\"wp-block-paragraph\">\u201cConseguimos felizmente interromper o verdadeiro genoc\u00eddio que acontecia no povo Yanomami. Tivemos redu\u00e7\u00e3o de mais de 50% nos casos de mal\u00e1ria no territ\u00f3rio Yanomami e mais de 70% nos \u00f3bitos por mal\u00e1ria. Isso n\u00e3o s\u00f3 com as a\u00e7\u00f5es combinadas contra a mal\u00e1ria, mas com a recupera\u00e7\u00e3o nutricional daquele povo\u201d, disse Padilha.<\/p>\n<\/blockquote>\n\n\n\n<p class=\"wp-block-paragraph\">A tafenoquina tamb\u00e9m est\u00e1 dispon\u00edvel em uma formula\u00e7\u00e3o destinada a crian\u00e7as a partir de 2 anos e com peso m\u00ednimo de 10 quilos, desde mar\u00e7o de 2026. At\u00e9 junho, 1.446 crian\u00e7as e adolescentes receberam este tratamento no pa\u00eds.&nbsp;&nbsp;<\/p>\n\n\n\n<h2 class=\"wp-block-heading\">Sarampo<\/h2>\n\n\n\n<p class=\"wp-block-paragraph\"><strong>Padilha disse ainda que tamb\u00e9m est\u00e1 havendo um refor\u00e7o de vacina\u00e7\u00e3o contra o sarampo em todo o Brasil ap\u00f3s o registro de 38 casos importados da doen\u00e7a identificados em S\u00e3o Paulo, Esp\u00edrito Santo, Rio de Janeiro e Tocantins.&nbsp;<\/strong>\u201cNesse momento temos refor\u00e7ado a vacina\u00e7\u00e3o de sarampo em todo o Brasil\u201d, comentou.<\/p>\n\n\n\n<blockquote class=\"wp-block-quote is-layout-flow wp-block-quote-is-layout-flow\">\n<p class=\"wp-block-paragraph\">\u201cN\u00e3o \u00e0 toa em 2024, o Brasil recuperou o certificado de pa\u00eds livre de sarampo. Em 2025, mesmo com os 38 casos importados, por causa da vacina\u00e7\u00e3o n\u00e3o perdemos o certificado [o certificado de pa\u00eds livre de sarampo]\u201d, relatou.<\/p>\n<\/blockquote>\n\n\n\n<p class=\"wp-block-paragraph\">Conforme o ministro, em 2019 o Brasil perdeu o certificado por falta de a\u00e7\u00f5es de controle da doen\u00e7a que resultaram em casos de sarampo em Guarulhos, S\u00e3o Bernardo e S\u00e3o Paulo. A capital, segundo ele, chegou a ter 20 mil registros naquele momento. Nessas cidades, a faixa vacinal foi ampliada.&nbsp;<\/p>\n\n\n\n<p class=\"wp-block-paragraph\">\u201cEm S\u00e3o Paulo, Guarulhos e S\u00e3o Bernardo estamos vacinando todos a partir de 6 meses a 59 anos independente se foram vacinados ou n\u00e3o ou de checar a carteira de vacina\u00e7\u00e3o. J\u00e1 ultrapassamos 70 mil pessoas vacinadas na cidade de S\u00e3o Paulo\u201d, afirmou.<\/p>\n\n\n\n<p class=\"wp-block-paragraph\">Padilha informou que os casos importados de sarampo nas tr\u00eas cidades tinham cepas que circularam nos Estados Unidos e no Canad\u00e1. \u201cO continente americano desde 2025 vem tendo uma explos\u00e3o de casos na Am\u00e9rica do Norte. Os Estados Unidos, Canad\u00e1 e M\u00e9xico s\u00e3o respons\u00e1veis por mais de 75% dos casos no continente americano\u201d, concluiu.<\/p>\n","protected":false},"excerpt":{"rendered":"<p>Foto: Alex Pazuello\/Secom O Brasil registrou queda de 30% nas mortes por mal\u00e1ria em 2025. Os \u00f3bitos passaram de 56 em 2024 para 39 no ano passado. Al\u00e9m disso, os casos da forma mais grave da doen\u00e7a ca\u00edram 30,7%.&nbsp; Os 118.037 registros da doen\u00e7a contra\u00eddos no territ\u00f3rio nacional no mesmo per\u00edodo representam um recuo de [&hellip;]<\/p>\n","protected":false},"author":12,"featured_media":157553,"comment_status":"closed","ping_status":"open","sticky":false,"template":"","format":"standard","meta":{"_acf_changed":false,"_angie_page":false,"_monsterinsights_skip_tracking":false,"_themeisle_gutenberg_block_has_review":false,"page_builder":"","footnotes":"","jetpack_publicize_message":"","jetpack_publicize_feature_enabled":true,"jetpack_social_post_already_shared":true,"jetpack_social_options":{"image_generator_settings":{"template":"highway","default_image_id":0,"font":"","enabled":false},"version":2}},"categories":[24857],"tags":[179,966,4605,2174,18171,2831],"class_list":["post-157559","post","type-post","status-publish","format-standard","has-post-thumbnail","hentry","category-saude","tag-brasil","tag-casos","tag-malaria","tag-medicamento","tag-oferecido","tag-reduz"],"acf":[],"nelio_content":{"autoShareEndMode":"never","automationSources":{"useCustomSentences":false,"customSentences":[]},"efiAlt":"","efiUrl":"","followers":[12],"highlights":[],"isAutoShareEnabled":true,"networkImageIds":[],"permalinkQueryArgs":[],"series":[],"suggestedReferences":[]},"yoast_head":"<!-- This site is optimized with the Yoast SEO plugin v28.3 - https:\/\/yoast.com\/product\/yoast-seo-wordpress\/ -->\n<title>Uso de medicamento oferecido no SUS reduz casos de mal\u00e1ria no Brasil - Fatos e Fotos News<\/title>\n<meta name=\"robots\" content=\"index, follow, max-snippet:-1, max-image-preview:large, max-video-preview:-1\" \/>\n<link rel=\"canonical\" href=\"https:\/\/www.fatosefotosnews.com.br\/?p=157559\" \/>\n<meta property=\"og:locale\" content=\"pt_BR\" \/>\n<meta property=\"og:type\" content=\"article\" \/>\n<meta property=\"og:title\" content=\"Uso de medicamento oferecido no SUS reduz casos de mal\u00e1ria no Brasil - Fatos e Fotos News\" \/>\n<meta property=\"og:description\" content=\"Foto: Alex Pazuello\/Secom O Brasil registrou queda de 30% nas mortes por mal\u00e1ria em 2025. Os \u00f3bitos passaram de 56 em 2024 para 39 no ano passado. Al\u00e9m disso, os casos da forma mais grave da doen\u00e7a ca\u00edram 30,7%.&nbsp; Os 118.037 registros da doen\u00e7a contra\u00eddos no territ\u00f3rio nacional no mesmo per\u00edodo representam um recuo de [&hellip;]\" \/>\n<meta property=\"og:url\" content=\"https:\/\/www.fatosefotosnews.com.br\/?p=157559\" \/>\n<meta property=\"og:site_name\" content=\"Fatos e Fotos News\" \/>\n<meta property=\"article:published_time\" content=\"2026-08-18T11:00:00+00:00\" \/>\n<meta property=\"og:image\" content=\"https:\/\/www.fatosefotosnews.com.br\/wp-content\/uploads\/2026\/08\/53648101607_05fbb4f626_o.webp\" \/>\n\t<meta property=\"og:image:width\" content=\"1170\" \/>\n\t<meta property=\"og:image:height\" content=\"700\" \/>\n\t<meta property=\"og:image:type\" content=\"image\/webp\" \/>\n<meta name=\"author\" content=\"Mirela Portugal\" \/>\n<meta name=\"twitter:card\" content=\"summary_large_image\" \/>\n<meta name=\"twitter:label1\" content=\"Escrito por\" \/>\n\t<meta name=\"twitter:data1\" content=\"Mirela Portugal\" \/>\n\t<meta name=\"twitter:label2\" content=\"Est. tempo de leitura\" \/>\n\t<meta name=\"twitter:data2\" content=\"4 minutos\" \/>\n<script type=\"application\/ld+json\" class=\"yoast-schema-graph\">{\"@context\":\"https:\\\/\\\/schema.org\",\"@graph\":[{\"@type\":\"Article\",\"@id\":\"https:\\\/\\\/www.fatosefotosnews.com.br\\\/?p=157559#article\",\"isPartOf\":{\"@id\":\"https:\\\/\\\/www.fatosefotosnews.com.br\\\/?p=157559\"},\"author\":{\"name\":\"Mirela Portugal\",\"@id\":\"https:\\\/\\\/www.fatosefotosnews.com.br\\\/#\\\/schema\\\/person\\\/17b18da658f5277ed99382206a85602f\"},\"headline\":\"Uso de medicamento oferecido no SUS reduz casos de mal\u00e1ria no Brasil\",\"datePublished\":\"2026-08-18T11:00:00+00:00\",\"mainEntityOfPage\":{\"@id\":\"https:\\\/\\\/www.fatosefotosnews.com.br\\\/?p=157559\"},\"wordCount\":804,\"publisher\":{\"@id\":\"https:\\\/\\\/www.fatosefotosnews.com.br\\\/#organization\"},\"image\":{\"@id\":\"https:\\\/\\\/www.fatosefotosnews.com.br\\\/?p=157559#primaryimage\"},\"thumbnailUrl\":\"https:\\\/\\\/www.fatosefotosnews.com.br\\\/wp-content\\\/uploads\\\/2026\\\/08\\\/53648101607_05fbb4f626_o.webp\",\"keywords\":[\"Brasil\",\"casos\",\"malaria\",\"medicamento\",\"oferecido\",\"reduz\"],\"articleSection\":[\"Sa\u00fade\"],\"inLanguage\":\"pt-BR\"},{\"@type\":\"WebPage\",\"@id\":\"https:\\\/\\\/www.fatosefotosnews.com.br\\\/?p=157559\",\"url\":\"https:\\\/\\\/www.fatosefotosnews.com.br\\\/?p=157559\",\"name\":\"Uso de medicamento oferecido no SUS reduz casos de mal\u00e1ria no Brasil - Fatos e Fotos News\",\"isPartOf\":{\"@id\":\"https:\\\/\\\/www.fatosefotosnews.com.br\\\/#website\"},\"primaryImageOfPage\":{\"@id\":\"https:\\\/\\\/www.fatosefotosnews.com.br\\\/?p=157559#primaryimage\"},\"image\":{\"@id\":\"https:\\\/\\\/www.fatosefotosnews.com.br\\\/?p=157559#primaryimage\"},\"thumbnailUrl\":\"https:\\\/\\\/www.fatosefotosnews.com.br\\\/wp-content\\\/uploads\\\/2026\\\/08\\\/53648101607_05fbb4f626_o.webp\",\"datePublished\":\"2026-08-18T11:00:00+00:00\",\"breadcrumb\":{\"@id\":\"https:\\\/\\\/www.fatosefotosnews.com.br\\\/?p=157559#breadcrumb\"},\"inLanguage\":\"pt-BR\",\"potentialAction\":[{\"@type\":\"ReadAction\",\"target\":[\"https:\\\/\\\/www.fatosefotosnews.com.br\\\/?p=157559\"]}]},{\"@type\":\"ImageObject\",\"inLanguage\":\"pt-BR\",\"@id\":\"https:\\\/\\\/www.fatosefotosnews.com.br\\\/?p=157559#primaryimage\",\"url\":\"https:\\\/\\\/www.fatosefotosnews.com.br\\\/wp-content\\\/uploads\\\/2026\\\/08\\\/53648101607_05fbb4f626_o.webp\",\"contentUrl\":\"https:\\\/\\\/www.fatosefotosnews.com.br\\\/wp-content\\\/uploads\\\/2026\\\/08\\\/53648101607_05fbb4f626_o.webp\",\"width\":1170,\"height\":700},{\"@type\":\"BreadcrumbList\",\"@id\":\"https:\\\/\\\/www.fatosefotosnews.com.br\\\/?p=157559#breadcrumb\",\"itemListElement\":[{\"@type\":\"ListItem\",\"position\":1,\"name\":\"In\u00edcio\",\"item\":\"https:\\\/\\\/www.fatosefotosnews.com.br\\\/\"},{\"@type\":\"ListItem\",\"position\":2,\"name\":\"Uso de medicamento oferecido no SUS reduz casos de mal\u00e1ria no Brasil\"}]},{\"@type\":\"WebSite\",\"@id\":\"https:\\\/\\\/www.fatosefotosnews.com.br\\\/#website\",\"url\":\"https:\\\/\\\/www.fatosefotosnews.com.br\\\/\",\"name\":\"Fatos e Fotos News\",\"description\":\"Um site de noticial verdadeira e confi\u00e1veis.\",\"publisher\":{\"@id\":\"https:\\\/\\\/www.fatosefotosnews.com.br\\\/#organization\"},\"potentialAction\":[{\"@type\":\"SearchAction\",\"target\":{\"@type\":\"EntryPoint\",\"urlTemplate\":\"https:\\\/\\\/www.fatosefotosnews.com.br\\\/?s={search_term_string}\"},\"query-input\":{\"@type\":\"PropertyValueSpecification\",\"valueRequired\":true,\"valueName\":\"search_term_string\"}}],\"inLanguage\":\"pt-BR\"},{\"@type\":\"Organization\",\"@id\":\"https:\\\/\\\/www.fatosefotosnews.com.br\\\/#organization\",\"name\":\"Fatos e Fotos News\",\"url\":\"https:\\\/\\\/www.fatosefotosnews.com.br\\\/\",\"logo\":{\"@type\":\"ImageObject\",\"inLanguage\":\"pt-BR\",\"@id\":\"https:\\\/\\\/www.fatosefotosnews.com.br\\\/#\\\/schema\\\/logo\\\/image\\\/\",\"url\":\"https:\\\/\\\/www.fatosefotosnews.com.br\\\/wp-content\\\/uploads\\\/2023\\\/02\\\/Fatos-e-Fotos-news-logo.png\",\"contentUrl\":\"https:\\\/\\\/www.fatosefotosnews.com.br\\\/wp-content\\\/uploads\\\/2023\\\/02\\\/Fatos-e-Fotos-news-logo.png\",\"width\":300,\"height\":58,\"caption\":\"Fatos e Fotos News\"},\"image\":{\"@id\":\"https:\\\/\\\/www.fatosefotosnews.com.br\\\/#\\\/schema\\\/logo\\\/image\\\/\"}},{\"@type\":\"Person\",\"@id\":\"https:\\\/\\\/www.fatosefotosnews.com.br\\\/#\\\/schema\\\/person\\\/17b18da658f5277ed99382206a85602f\",\"name\":\"Mirela Portugal\",\"image\":{\"@type\":\"ImageObject\",\"inLanguage\":\"pt-BR\",\"@id\":\"https:\\\/\\\/secure.gravatar.com\\\/avatar\\\/2f92fb43fda38d1a46cf4a155e1c2951193d91d9bed3df97fce720eeb9595d08?s=96&d=mm&r=g\",\"url\":\"https:\\\/\\\/secure.gravatar.com\\\/avatar\\\/2f92fb43fda38d1a46cf4a155e1c2951193d91d9bed3df97fce720eeb9595d08?s=96&d=mm&r=g\",\"contentUrl\":\"https:\\\/\\\/secure.gravatar.com\\\/avatar\\\/2f92fb43fda38d1a46cf4a155e1c2951193d91d9bed3df97fce720eeb9595d08?s=96&d=mm&r=g\",\"caption\":\"Mirela Portugal\"},\"sameAs\":[\"http:\\\/\\\/fatosefotosnews.com.br\"],\"url\":\"https:\\\/\\\/www.fatosefotosnews.com.br\\\/?author=12\"}]}<\/script>\n<!-- \/ Yoast SEO plugin. -->","yoast_head_json":{"title":"Uso de medicamento oferecido no SUS reduz casos de mal\u00e1ria no Brasil - Fatos e Fotos News","robots":{"index":"index","follow":"follow","max-snippet":"max-snippet:-1","max-image-preview":"max-image-preview:large","max-video-preview":"max-video-preview:-1"},"canonical":"https:\/\/www.fatosefotosnews.com.br\/?p=157559","og_locale":"pt_BR","og_type":"article","og_title":"Uso de medicamento oferecido no SUS reduz casos de mal\u00e1ria no Brasil - Fatos e Fotos News","og_description":"Foto: Alex Pazuello\/Secom O Brasil registrou queda de 30% nas mortes por mal\u00e1ria em 2025. Os \u00f3bitos passaram de 56 em 2024 para 39 no ano passado. Al\u00e9m disso, os casos da forma mais grave da doen\u00e7a ca\u00edram 30,7%.&nbsp; Os 118.037 registros da doen\u00e7a contra\u00eddos no territ\u00f3rio nacional no mesmo per\u00edodo representam um recuo de [&hellip;]","og_url":"https:\/\/www.fatosefotosnews.com.br\/?p=157559","og_site_name":"Fatos e Fotos News","article_published_time":"2026-08-18T11:00:00+00:00","og_image":[{"width":1170,"height":700,"url":"https:\/\/www.fatosefotosnews.com.br\/wp-content\/uploads\/2026\/08\/53648101607_05fbb4f626_o.webp","type":"image\/webp"}],"author":"Mirela Portugal","twitter_card":"summary_large_image","twitter_misc":{"Escrito por":"Mirela Portugal","Est. tempo de leitura":"4 minutos"},"schema":{"@context":"https:\/\/schema.org","@graph":[{"@type":"Article","@id":"https:\/\/www.fatosefotosnews.com.br\/?p=157559#article","isPartOf":{"@id":"https:\/\/www.fatosefotosnews.com.br\/?p=157559"},"author":{"name":"Mirela Portugal","@id":"https:\/\/www.fatosefotosnews.com.br\/#\/schema\/person\/17b18da658f5277ed99382206a85602f"},"headline":"Uso de medicamento oferecido no SUS reduz casos de mal\u00e1ria no Brasil","datePublished":"2026-08-18T11:00:00+00:00","mainEntityOfPage":{"@id":"https:\/\/www.fatosefotosnews.com.br\/?p=157559"},"wordCount":804,"publisher":{"@id":"https:\/\/www.fatosefotosnews.com.br\/#organization"},"image":{"@id":"https:\/\/www.fatosefotosnews.com.br\/?p=157559#primaryimage"},"thumbnailUrl":"https:\/\/www.fatosefotosnews.com.br\/wp-content\/uploads\/2026\/08\/53648101607_05fbb4f626_o.webp","keywords":["Brasil","casos","malaria","medicamento","oferecido","reduz"],"articleSection":["Sa\u00fade"],"inLanguage":"pt-BR"},{"@type":"WebPage","@id":"https:\/\/www.fatosefotosnews.com.br\/?p=157559","url":"https:\/\/www.fatosefotosnews.com.br\/?p=157559","name":"Uso de medicamento oferecido no SUS reduz casos de mal\u00e1ria no Brasil - Fatos e Fotos News","isPartOf":{"@id":"https:\/\/www.fatosefotosnews.com.br\/#website"},"primaryImageOfPage":{"@id":"https:\/\/www.fatosefotosnews.com.br\/?p=157559#primaryimage"},"image":{"@id":"https:\/\/www.fatosefotosnews.com.br\/?p=157559#primaryimage"},"thumbnailUrl":"https:\/\/www.fatosefotosnews.com.br\/wp-content\/uploads\/2026\/08\/53648101607_05fbb4f626_o.webp","datePublished":"2026-08-18T11:00:00+00:00","breadcrumb":{"@id":"https:\/\/www.fatosefotosnews.com.br\/?p=157559#breadcrumb"},"inLanguage":"pt-BR","potentialAction":[{"@type":"ReadAction","target":["https:\/\/www.fatosefotosnews.com.br\/?p=157559"]}]},{"@type":"ImageObject","inLanguage":"pt-BR","@id":"https:\/\/www.fatosefotosnews.com.br\/?p=157559#primaryimage","url":"https:\/\/www.fatosefotosnews.com.br\/wp-content\/uploads\/2026\/08\/53648101607_05fbb4f626_o.webp","contentUrl":"https:\/\/www.fatosefotosnews.com.br\/wp-content\/uploads\/2026\/08\/53648101607_05fbb4f626_o.webp","width":1170,"height":700},{"@type":"BreadcrumbList","@id":"https:\/\/www.fatosefotosnews.com.br\/?p=157559#breadcrumb","itemListElement":[{"@type":"ListItem","position":1,"name":"In\u00edcio","item":"https:\/\/www.fatosefotosnews.com.br\/"},{"@type":"ListItem","position":2,"name":"Uso de medicamento oferecido no SUS reduz casos de mal\u00e1ria no Brasil"}]},{"@type":"WebSite","@id":"https:\/\/www.fatosefotosnews.com.br\/#website","url":"https:\/\/www.fatosefotosnews.com.br\/","name":"Fatos e Fotos News","description":"Um site de noticial verdadeira e confi\u00e1veis.","publisher":{"@id":"https:\/\/www.fatosefotosnews.com.br\/#organization"},"potentialAction":[{"@type":"SearchAction","target":{"@type":"EntryPoint","urlTemplate":"https:\/\/www.fatosefotosnews.com.br\/?s={search_term_string}"},"query-input":{"@type":"PropertyValueSpecification","valueRequired":true,"valueName":"search_term_string"}}],"inLanguage":"pt-BR"},{"@type":"Organization","@id":"https:\/\/www.fatosefotosnews.com.br\/#organization","name":"Fatos e Fotos News","url":"https:\/\/www.fatosefotosnews.com.br\/","logo":{"@type":"ImageObject","inLanguage":"pt-BR","@id":"https:\/\/www.fatosefotosnews.com.br\/#\/schema\/logo\/image\/","url":"https:\/\/www.fatosefotosnews.com.br\/wp-content\/uploads\/2023\/02\/Fatos-e-Fotos-news-logo.png","contentUrl":"https:\/\/www.fatosefotosnews.com.br\/wp-content\/uploads\/2023\/02\/Fatos-e-Fotos-news-logo.png","width":300,"height":58,"caption":"Fatos e Fotos News"},"image":{"@id":"https:\/\/www.fatosefotosnews.com.br\/#\/schema\/logo\/image\/"}},{"@type":"Person","@id":"https:\/\/www.fatosefotosnews.com.br\/#\/schema\/person\/17b18da658f5277ed99382206a85602f","name":"Mirela Portugal","image":{"@type":"ImageObject","inLanguage":"pt-BR","@id":"https:\/\/secure.gravatar.com\/avatar\/2f92fb43fda38d1a46cf4a155e1c2951193d91d9bed3df97fce720eeb9595d08?s=96&d=mm&r=g","url":"https:\/\/secure.gravatar.com\/avatar\/2f92fb43fda38d1a46cf4a155e1c2951193d91d9bed3df97fce720eeb9595d08?s=96&d=mm&r=g","contentUrl":"https:\/\/secure.gravatar.com\/avatar\/2f92fb43fda38d1a46cf4a155e1c2951193d91d9bed3df97fce720eeb9595d08?s=96&d=mm&r=g","caption":"Mirela Portugal"},"sameAs":["http:\/\/fatosefotosnews.com.br"],"url":"https:\/\/www.fatosefotosnews.com.br\/?author=12"}]}},"jetpack_publicize_connections":[],"blog_post_layout_featured_media_urls":{"thumbnail":["https:\/\/www.fatosefotosnews.com.br\/wp-content\/uploads\/2026\/08\/53648101607_05fbb4f626_o-150x150.webp",150,150,true],"full":["https:\/\/www.fatosefotosnews.com.br\/wp-content\/uploads\/2026\/08\/53648101607_05fbb4f626_o.webp",1170,700,false]},"categories_names":{"24857":{"name":"Sa\u00fade","link":"https:\/\/www.fatosefotosnews.com.br\/?cat=24857"}},"tags_names":{"179":{"name":"Brasil","link":"https:\/\/www.fatosefotosnews.com.br\/?tag=brasil"},"966":{"name":"casos","link":"https:\/\/www.fatosefotosnews.com.br\/?tag=casos"},"4605":{"name":"malaria","link":"https:\/\/www.fatosefotosnews.com.br\/?tag=malaria"},"2174":{"name":"medicamento","link":"https:\/\/www.fatosefotosnews.com.br\/?tag=medicamento"},"18171":{"name":"oferecido","link":"https:\/\/www.fatosefotosnews.com.br\/?tag=oferecido"},"2831":{"name":"reduz","link":"https:\/\/www.fatosefotosnews.com.br\/?tag=reduz"}},"comments_number":"0","wpmagazine_modules_lite_featured_media_urls":{"thumbnail":["https:\/\/www.fatosefotosnews.com.br\/wp-content\/uploads\/2026\/08\/53648101607_05fbb4f626_o-150x150.webp",150,150,true],"cvmm-medium":["https:\/\/www.fatosefotosnews.com.br\/wp-content\/uploads\/2026\/08\/53648101607_05fbb4f626_o-300x300.webp",300,300,true],"cvmm-medium-plus":["https:\/\/www.fatosefotosnews.com.br\/wp-content\/uploads\/2026\/08\/53648101607_05fbb4f626_o-305x207.webp",305,207,true],"cvmm-portrait":["https:\/\/www.fatosefotosnews.com.br\/wp-content\/uploads\/2026\/08\/53648101607_05fbb4f626_o-400x600.webp",400,600,true],"cvmm-medium-square":["https:\/\/www.fatosefotosnews.com.br\/wp-content\/uploads\/2026\/08\/53648101607_05fbb4f626_o-600x600.webp",600,600,true],"cvmm-large":["https:\/\/www.fatosefotosnews.com.br\/wp-content\/uploads\/2026\/08\/53648101607_05fbb4f626_o-1024x700.webp",1024,700,true],"cvmm-small":["https:\/\/www.fatosefotosnews.com.br\/wp-content\/uploads\/2026\/08\/53648101607_05fbb4f626_o-130x95.webp",130,95,true],"full":["https:\/\/www.fatosefotosnews.com.br\/wp-content\/uploads\/2026\/08\/53648101607_05fbb4f626_o.webp",1170,700,false]},"_links":{"self":[{"href":"https:\/\/www.fatosefotosnews.com.br\/index.php?rest_route=\/wp\/v2\/posts\/157559","targetHints":{"allow":["GET"]}}],"collection":[{"href":"https:\/\/www.fatosefotosnews.com.br\/index.php?rest_route=\/wp\/v2\/posts"}],"about":[{"href":"https:\/\/www.fatosefotosnews.com.br\/index.php?rest_route=\/wp\/v2\/types\/post"}],"author":[{"embeddable":true,"href":"https:\/\/www.fatosefotosnews.com.br\/index.php?rest_route=\/wp\/v2\/users\/12"}],"replies":[{"embeddable":true,"href":"https:\/\/www.fatosefotosnews.com.br\/index.php?rest_route=%2Fwp%2Fv2%2Fcomments&post=157559"}],"version-history":[{"count":1,"href":"https:\/\/www.fatosefotosnews.com.br\/index.php?rest_route=\/wp\/v2\/posts\/157559\/revisions"}],"predecessor-version":[{"id":157560,"href":"https:\/\/www.fatosefotosnews.com.br\/index.php?rest_route=\/wp\/v2\/posts\/157559\/revisions\/157560"}],"wp:featuredmedia":[{"embeddable":true,"href":"https:\/\/www.fatosefotosnews.com.br\/index.php?rest_route=\/wp\/v2\/media\/157553"}],"wp:attachment":[{"href":"https:\/\/www.fatosefotosnews.com.br\/index.php?rest_route=%2Fwp%2Fv2%2Fmedia&parent=157559"}],"wp:term":[{"taxonomy":"category","embeddable":true,"href":"https:\/\/www.fatosefotosnews.com.br\/index.php?rest_route=%2Fwp%2Fv2%2Fcategories&post=157559"},{"taxonomy":"post_tag","embeddable":true,"href":"https:\/\/www.fatosefotosnews.com.br\/index.php?rest_route=%2Fwp%2Fv2%2Ftags&post=157559"}],"curies":[{"name":"wp","href":"https:\/\/api.w.org\/{rel}","templated":true}]}}