{"id":157595,"date":"2026-08-19T06:15:00","date_gmt":"2026-08-19T09:15:00","guid":{"rendered":"https:\/\/www.fatosefotosnews.com.br\/?p=157595"},"modified":"2026-08-18T20:01:43","modified_gmt":"2026-08-18T23:01:43","slug":"anac-suspende-quatro-empresas-de-voos-panoramicos-que-operavam-no-rio","status":"publish","type":"post","link":"https:\/\/www.fatosefotosnews.com.br\/?p=157595","title":{"rendered":"Anac suspende quatro empresas de voos panor\u00e2micos que operavam no Rio"},"content":{"rendered":"\n<p class=\"wp-block-paragraph\">Foto: Fabio Motta\/ Prefeitura do Rio<\/p>\n\n\n\n<p class=\"wp-block-paragraph\"><\/p>\n\n\n\n<p class=\"wp-block-paragraph\"><strong>A Ag\u00eancia Nacional de Avia\u00e7\u00e3o Civil (Anac) suspendeu&nbsp;quatro empresas de voos panor\u00e2micos que operavam&nbsp;na cidade do&nbsp;Rio de Janeiro.<\/strong>&nbsp;O balan\u00e7o foi divulgado nesta ter\u00e7a-feira (18) em entrevista coletiva&nbsp;na sede do Centro de Opera\u00e7\u00f5es e Resili\u00eancia (COR) da prefeitura do Rio, na regi\u00e3o central da capital fluminense.<img decoding=\"async\" src=\"https:\/\/agenciabrasil.ebc.com.br\/ebc.png?id=1700023&amp;o=node\"><img decoding=\"async\" src=\"https:\/\/agenciabrasil.ebc.com.br\/ebc.gif?id=1700023&amp;o=node\"><\/p>\n\n\n\n<p class=\"wp-block-paragraph\">A Anac intensificou, na \u00faltima semana, as a\u00e7\u00f5es de fiscaliza\u00e7\u00e3o em empresas e aeronaves que operam voos panor\u00e2micos na cidade. Segundo a ag\u00eancia reguladora, atualmente, 12 empresas autorizadas utilizam 46 aeronaves nessa atividade.&nbsp;<strong>Os dados apurados nas opera\u00e7\u00f5es&nbsp;at\u00e9 esta segunda-feira (17)&nbsp;mostram que, das 12 empresas, nove foram fiscalizadas. Dessas,&nbsp;quatro tiveram os servi\u00e7os suspensos.<\/strong><\/p>\n\n\n\n<blockquote class=\"wp-block-quote is-layout-flow wp-block-quote-is-layout-flow\">\n<p class=\"wp-block-paragraph\">\u201cEstamos falando de 50% at\u00e9 hoje das atividades de voos panor\u00e2micos do Rio de Janeiro que est\u00e3o com algum tipo de irregularidade. Esse \u00e9 um n\u00famero preocupante e alt\u00edssimo\u201d, apontou &nbsp;o diretor-presidente da ag\u00eancia, Tiago Chagas Faierstein.<\/p>\n<\/blockquote>\n\n\n\n<p class=\"wp-block-paragraph\"><strong>Entre as 46 aeronaves, 18 passaram por fiscaliza\u00e7\u00e3o e nove foram suspensas.<\/strong>&nbsp;As opera\u00e7\u00f5es incluem auditorias nos Sistemas de Gerenciamento da Seguran\u00e7a Operacional (SGSO) e a verifica\u00e7\u00e3o do cumprimento de procedimentos operacionais, vistorias e inspe\u00e7\u00f5es t\u00e9cnicas em aeronaves.&nbsp;<\/p>\n\n\n\n<p class=\"wp-block-paragraph\">As a\u00e7\u00f5es&nbsp;aumentaram ap\u00f3s uma solicita\u00e7\u00e3o da prefeitura do Rio diante dos acidentes de helic\u00f3pteros que ocorreram na capital fluminense nos \u00faltimos meses.&nbsp;\u201cAs fiscaliza\u00e7\u00f5es s\u00e3o a\u00e7\u00f5es ordin\u00e1rias da Anac. No entanto, diante dos fatos ocorridos na cidade do Rio de Janeiro nos \u00faltimos meses, foi necess\u00e1rio o refor\u00e7o nas a\u00e7\u00f5es, especialmente em rela\u00e7\u00e3o \u00e0s empresas que oferecem servi\u00e7os de voos panor\u00e2micos\u201d, disse&nbsp;Faierstein, que participou da entrevista coletiva ao lado do prefeito Eduardo Cavaliere.<\/p>\n\n\n\n<h2 class=\"wp-block-heading\">Integra\u00e7\u00e3o<\/h2>\n\n\n\n<p class=\"wp-block-paragraph\">A prefeitura do Rio e a Anac realizam um trabalho conjunto para organizar o uso de helic\u00f3pteros em voos panor\u00e2micos na cidade. O acerto \u00e9 resultado de um pedido da administra\u00e7\u00e3o municipal ap\u00f3s&nbsp;acidentes com esse tipo de aeronave.<\/p>\n\n\n\n<p class=\"wp-block-paragraph\">\u201cDesde janeiro, infelizmente perdemos 13 vidas aqui na cidade do Rio de Janeiro envolvendo acidentes a\u00e9reos com helic\u00f3pteros, que obviamente despertam alerta e chamam aten\u00e7\u00e3o e fazem com que a popula\u00e7\u00e3o, a sociedade e as autoridades p\u00fablicas alertem em rela\u00e7\u00e3o a este tema\u201d, disse o prefeito.&nbsp;\u201cAs fiscaliza\u00e7\u00f5es refor\u00e7am o compromisso da Anac com a seguran\u00e7a dos passageiros e a regularidade das opera\u00e7\u00f5es de voo\u201d, completou.<\/p>\n\n\n\n<p class=\"wp-block-paragraph\">A administra\u00e7\u00e3o municipal e a Anac est\u00e3o trabalhando em conjunto para reduzir os riscos nos voos panor\u00e2micos, que est\u00e3o sendo mais procurados, de acordo com o prefeito, em consequ\u00eancia do aumento dos turistas na cidade.<\/p>\n\n\n\n<p class=\"wp-block-paragraph\">\u201cCom muito orgulho temos aeroportos s\u00f3lidos, com volume grande de voos. A gente tem recebido cada vez mais turistas, parte do que a gente est\u00e1 discutindo aqui tem a ver com isso. Sa\u00edram dados, hoje, de recorde hist\u00f3rico do Brasil de turistas novamente. Isso obviamente foi puxado pelo Gale\u00e3o\u201d, observou o prefeito.<\/p>\n\n\n\n<p class=\"wp-block-paragraph\">\u201cA prefeitura fez um trabalho de olhar a parte de autoriza\u00e7\u00e3o, explora\u00e7\u00e3o de atividade econ\u00f4mica e, nesse acordo&nbsp;com a prefeitura, pretendemos integrar a troca de informa\u00e7\u00f5es para sermos mais fortes na fiscaliza\u00e7\u00e3o do Rio de Janeiro\u201d, explicou o diretor-presidente da Anac.<\/p>\n\n\n\n<figure class=\"wp-block-image\"><img decoding=\"async\" src=\"https:\/\/imagens.ebc.com.br\/85z_0zd-xoEnDNmwP3EeGG6EjTI=\/463x0\/smart\/https:\/\/agenciabrasil.ebc.com.br\/sites\/default\/files\/thumbnails\/image\/2026\/08\/18\/sem_titulo-3_0.jpg?itok=DSKwegJG\" alt=\" Refor\u00e7o na fiscaliza\u00e7\u00e3o de voos panor\u00e2micos no Rio, Foto: : Fabio Motta\/ Prefeitura do Rio\" title=\"Fabio Motta\/ Prefeitura do Rio\"\/><\/figure>\n\n\n\n<p class=\"wp-block-paragraph\">O diretor-presidente da Anac, Tiago Chagas Faierstein; o prefeito Eduardo Cavaliere; e o presidente da C\u00e2mara de Vereadores do Rio, Carlo Caiado, durante coletiva sobre a fiscaliza\u00e7\u00e3o de voos panor\u00e2micos&nbsp;&#8211;&nbsp;<strong>Foto: Fabio Motta\/Prefeitura do Rio<\/strong><\/p>\n\n\n\n<p class=\"wp-block-paragraph\">Faierstein assegurou que a ag\u00eancia tem o compromisso de fiscalizar constantemente as empresas e os helic\u00f3pteros que operam voos panor\u00e2micos no Rio. Segundo ele, essas a\u00e7\u00f5es s\u00e3o sigilosas e envolvem um trabalho&nbsp;de intelig\u00eancia.<\/p>\n\n\n\n<p class=\"wp-block-paragraph\">&#8220;V\u00e3o continuar acontecendo at\u00e9 que se fiscalize todas e de maneira frequente e permanente\u201d, informou, adiantando ao prefeito que a Anac vai fiscalizar tamb\u00e9m as opera\u00e7\u00f5es de t\u00e1xi-a\u00e9reo e as empresas de manuten\u00e7\u00e3o no Rio de Janeiro.<\/p>\n\n\n\n<p class=\"wp-block-paragraph\">\u201cVamos fiscalizar todas as empresas de manuten\u00e7\u00e3o, porque \u00e0s vezes o problema n\u00e3o \u00e9 no helic\u00f3ptero que est\u00e1 fazendo o voo, mas na empresa que fez a manuten\u00e7\u00e3o de maneira errada ou que burlou algum documento de manuten\u00e7\u00e3o. Vamos fiscalizar todo esse ecossistema para garantir e ter certeza que voar de helic\u00f3ptero no Rio de Janeiro e no Brasil \u00e9 seguro\u201d, disse.<\/p>\n\n\n\n<p class=\"wp-block-paragraph\">O diretor-presidente lembrou&nbsp;que&nbsp;existem empresas s\u00e9rias que cumprem os regulamentos e est\u00e3o fazendo os seus trabalhos de forma correta com autoriza\u00e7\u00e3o para realizar voos de maneira segura.&nbsp;\u201cMas o que temos que combater \u00e9 quem est\u00e1 operando de maneira irregular\u201d, refor\u00e7ou.<\/p>\n\n\n\n<p class=\"wp-block-paragraph\">Faierstein reconheceu que o \u00f3rg\u00e3o n\u00e3o tem condi\u00e7\u00f5es de fiscalizar todas as empresas e voos panor\u00e2micos no pa\u00eds, por isso, apontou que \u00e9 necess\u00e1rio receber aux\u00edlio de quem participa da atividade. \u201cA avia\u00e7\u00e3o \u00e9 feita por camadas. Tem o piloto com sua responsabilidade, a empresa, o \u00f3rg\u00e3o regulador, os fabricantes de pe\u00e7as de aeronaves. Todas essas camadas funcionando juntas s\u00e3o o que torna a avia\u00e7\u00e3o segura n\u00e3o s\u00f3 no Brasil, mas no mundo\u201d, afirmou.<\/p>\n\n\n\n<p class=\"wp-block-paragraph\">O diretor-presidente tamb\u00e9m chamou a aten\u00e7\u00e3o para a import\u00e2ncia da participa\u00e7\u00e3o dos pr\u00f3prios usu\u00e1rios de voos panor\u00e2micos. \u201cAs pessoas podem denunciar o que est\u00e1 acontecendo. \u00c9 importante falar que temos uma plataforma chamada Voe Seguro, onde o usu\u00e1rio pode botar o prefixo da aeronave e saber se aquela que est\u00e1 entrando \u00e9 autorizada para a atividade. A gente precisa que as pessoas consultem.\u201d<\/p>\n\n\n\n<h2 class=\"wp-block-heading\">Revis\u00e3o regulat\u00f3ria<\/h2>\n\n\n\n<p class=\"wp-block-paragraph\"><strong>Faierstein anunciou que a Anac vai fazer a revis\u00e3o do&nbsp;Regulamento&nbsp;Brasileiro&nbsp;da Avia\u00e7\u00e3o Civil 136 (RBAC 136), cujo foco s\u00e3o opera\u00e7\u00f5es de voos panor\u00e2micos.<\/strong>&nbsp;A inten\u00e7\u00e3o \u00e9 aprimorar os requisitos de seguran\u00e7a operacional, considerando a evolu\u00e7\u00e3o do setor, as caracter\u00edsticas regionais e as boas pr\u00e1ticas internacionais. A revis\u00e3o vai alcan\u00e7ar os requisitos organizacionais das empresas, qualifica\u00e7\u00e3o de tripula\u00e7\u00f5es, manuten\u00e7\u00e3o e gest\u00e3o da seguran\u00e7a operacional. A ag\u00eancia conta com a participa\u00e7\u00e3o social e consulta p\u00fablica.<\/p>\n\n\n\n<p class=\"wp-block-paragraph\"><strong>O secret\u00e1rio municipal da Casa Civil, Leandro Matieli, informou que a prefeitura suspendeu o uso do heliponto da Lagoa por empresas de voo panor\u00e2mico.<\/strong>&nbsp;Conforme explicou, a partir do acidente com o&nbsp;<a href=\"https:\/\/agenciabrasil.ebc.com.br\/geral\/noticia\/2026-08\/quatro-pessoas-morrem-em-queda-de-helicoptero-no-rio-de-janeiro\" target=\"_blank\" rel=\"noreferrer noopener\">helic\u00f3ptero que caiu na Floresta da Tijuca<\/a>, no&nbsp;dia 8 de agosto,&nbsp;e provocou a morte de tr\u00eas turistas chilenas e do piloto, a administra\u00e7\u00e3o municipal identificou que cinco empresas que tinham autoriza\u00e7\u00e3o de opera\u00e7\u00e3o por meio do RBAC 136, exclusivo para voos panor\u00e2micos, n\u00e3o obedeciam ao regulamento de partir e retornar de um mesmo ponto.<\/p>\n\n\n\n<blockquote class=\"wp-block-quote is-layout-flow wp-block-quote-is-layout-flow\">\n<p class=\"wp-block-paragraph\">\u201cIdentificamos a possibilidade de essas empresas estarem burlando a norma e utilizando o pr\u00f3prio heliponto da Lagoa para desembarque de passageiros. A partir do momento que identificamos isso, foi informado \u00e0s empresas, e no Di\u00e1rio Oficial de segunda-feira suspendemos a opera\u00e7\u00e3o nesse heliponto. Desde o in\u00edcio da semana, essas cinco empresas est\u00e3o proibidas de operar no heliponto da Lagoa\u201d, disse.<\/p>\n<\/blockquote>\n\n\n\n<p class=\"wp-block-paragraph\">Al\u00e9m da queda do helic\u00f3ptero na Floresta da Tijuca, duas aeronaves se chocaram no ar e ca\u00edram no bairro do Recreio dos Bandeirantes, zona sudoeste do Rio de Janeiro, no dia 14 de junho. Nesse acidente, morreram seis pessoas.<\/p>\n","protected":false},"excerpt":{"rendered":"<p>Foto: Fabio Motta\/ Prefeitura do Rio A Ag\u00eancia Nacional de Avia\u00e7\u00e3o Civil (Anac) suspendeu&nbsp;quatro empresas de voos panor\u00e2micos que operavam&nbsp;na cidade do&nbsp;Rio de Janeiro.&nbsp;O balan\u00e7o foi divulgado nesta ter\u00e7a-feira (18) em entrevista coletiva&nbsp;na sede do Centro de Opera\u00e7\u00f5es e Resili\u00eancia (COR) da prefeitura do Rio, na regi\u00e3o central da capital fluminense. A Anac intensificou, na [&hellip;]<\/p>\n","protected":false},"author":12,"featured_media":157592,"comment_status":"closed","ping_status":"open","sticky":false,"template":"","format":"standard","meta":{"_acf_changed":false,"_angie_page":false,"_monsterinsights_skip_tracking":false,"_themeisle_gutenberg_block_has_review":false,"page_builder":"","footnotes":"","jetpack_publicize_message":"","jetpack_publicize_feature_enabled":true,"jetpack_social_post_already_shared":true,"jetpack_social_options":{"image_generator_settings":{"template":"highway","default_image_id":0,"font":"","enabled":false},"version":2}},"categories":[167],"tags":[1890,13365,23866,1586,2096],"class_list":["post-157595","post","type-post","status-publish","format-standard","has-post-thumbnail","hentry","category-geral","tag-empresas","tag-operavam","tag-panoramicos","tag-quatro","tag-suspende"],"acf":[],"nelio_content":{"autoShareEndMode":"never","automationSources":{"useCustomSentences":false,"customSentences":[]},"efiAlt":"","efiUrl":"","followers":[12],"highlights":[],"isAutoShareEnabled":true,"networkImageIds":[],"permalinkQueryArgs":[],"series":[],"suggestedReferences":[]},"yoast_head":"<!-- This site is optimized with the Yoast SEO plugin v28.3 - https:\/\/yoast.com\/product\/yoast-seo-wordpress\/ -->\n<title>Anac suspende quatro empresas de voos panor\u00e2micos que operavam no Rio - Fatos e Fotos News<\/title>\n<meta name=\"robots\" content=\"index, follow, max-snippet:-1, max-image-preview:large, max-video-preview:-1\" \/>\n<link rel=\"canonical\" href=\"https:\/\/www.fatosefotosnews.com.br\/?p=157595\" \/>\n<meta property=\"og:locale\" content=\"pt_BR\" \/>\n<meta property=\"og:type\" content=\"article\" \/>\n<meta property=\"og:title\" content=\"Anac suspende quatro empresas de voos panor\u00e2micos que operavam no Rio - Fatos e Fotos News\" \/>\n<meta property=\"og:description\" content=\"Foto: Fabio Motta\/ Prefeitura do Rio A Ag\u00eancia Nacional de Avia\u00e7\u00e3o Civil (Anac) suspendeu&nbsp;quatro empresas de voos panor\u00e2micos que operavam&nbsp;na cidade do&nbsp;Rio de Janeiro.&nbsp;O balan\u00e7o foi divulgado nesta ter\u00e7a-feira (18) em entrevista coletiva&nbsp;na sede do Centro de Opera\u00e7\u00f5es e Resili\u00eancia (COR) da prefeitura do Rio, na regi\u00e3o central da capital fluminense. A Anac intensificou, na [&hellip;]\" \/>\n<meta property=\"og:url\" content=\"https:\/\/www.fatosefotosnews.com.br\/?p=157595\" \/>\n<meta property=\"og:site_name\" content=\"Fatos e Fotos News\" \/>\n<meta property=\"article:published_time\" content=\"2026-08-19T09:15:00+00:00\" \/>\n<meta property=\"og:image\" content=\"https:\/\/www.fatosefotosnews.com.br\/wp-content\/uploads\/2026\/08\/sem_titulo-2_0.webp\" \/>\n\t<meta property=\"og:image:width\" content=\"1170\" \/>\n\t<meta property=\"og:image:height\" content=\"700\" \/>\n\t<meta property=\"og:image:type\" content=\"image\/webp\" \/>\n<meta name=\"author\" content=\"Mirela Portugal\" \/>\n<meta name=\"twitter:card\" content=\"summary_large_image\" \/>\n<meta name=\"twitter:label1\" content=\"Escrito por\" \/>\n\t<meta name=\"twitter:data1\" content=\"Mirela Portugal\" \/>\n\t<meta name=\"twitter:label2\" content=\"Est. tempo de leitura\" \/>\n\t<meta name=\"twitter:data2\" content=\"7 minutos\" \/>\n<script type=\"application\/ld+json\" class=\"yoast-schema-graph\">{\"@context\":\"https:\\\/\\\/schema.org\",\"@graph\":[{\"@type\":\"Article\",\"@id\":\"https:\\\/\\\/www.fatosefotosnews.com.br\\\/?p=157595#article\",\"isPartOf\":{\"@id\":\"https:\\\/\\\/www.fatosefotosnews.com.br\\\/?p=157595\"},\"author\":{\"name\":\"Mirela Portugal\",\"@id\":\"https:\\\/\\\/www.fatosefotosnews.com.br\\\/#\\\/schema\\\/person\\\/17b18da658f5277ed99382206a85602f\"},\"headline\":\"Anac suspende quatro empresas de voos panor\u00e2micos que operavam no Rio\",\"datePublished\":\"2026-08-19T09:15:00+00:00\",\"mainEntityOfPage\":{\"@id\":\"https:\\\/\\\/www.fatosefotosnews.com.br\\\/?p=157595\"},\"wordCount\":1283,\"publisher\":{\"@id\":\"https:\\\/\\\/www.fatosefotosnews.com.br\\\/#organization\"},\"image\":{\"@id\":\"https:\\\/\\\/www.fatosefotosnews.com.br\\\/?p=157595#primaryimage\"},\"thumbnailUrl\":\"https:\\\/\\\/www.fatosefotosnews.com.br\\\/wp-content\\\/uploads\\\/2026\\\/08\\\/sem_titulo-2_0.webp\",\"keywords\":[\"empresas\",\"operavam\",\"panoramicos\",\"quatro\",\"suspende\"],\"articleSection\":[\"Geral\"],\"inLanguage\":\"pt-BR\"},{\"@type\":\"WebPage\",\"@id\":\"https:\\\/\\\/www.fatosefotosnews.com.br\\\/?p=157595\",\"url\":\"https:\\\/\\\/www.fatosefotosnews.com.br\\\/?p=157595\",\"name\":\"Anac suspende quatro empresas de voos panor\u00e2micos que operavam no Rio - Fatos e Fotos News\",\"isPartOf\":{\"@id\":\"https:\\\/\\\/www.fatosefotosnews.com.br\\\/#website\"},\"primaryImageOfPage\":{\"@id\":\"https:\\\/\\\/www.fatosefotosnews.com.br\\\/?p=157595#primaryimage\"},\"image\":{\"@id\":\"https:\\\/\\\/www.fatosefotosnews.com.br\\\/?p=157595#primaryimage\"},\"thumbnailUrl\":\"https:\\\/\\\/www.fatosefotosnews.com.br\\\/wp-content\\\/uploads\\\/2026\\\/08\\\/sem_titulo-2_0.webp\",\"datePublished\":\"2026-08-19T09:15:00+00:00\",\"breadcrumb\":{\"@id\":\"https:\\\/\\\/www.fatosefotosnews.com.br\\\/?p=157595#breadcrumb\"},\"inLanguage\":\"pt-BR\",\"potentialAction\":[{\"@type\":\"ReadAction\",\"target\":[\"https:\\\/\\\/www.fatosefotosnews.com.br\\\/?p=157595\"]}]},{\"@type\":\"ImageObject\",\"inLanguage\":\"pt-BR\",\"@id\":\"https:\\\/\\\/www.fatosefotosnews.com.br\\\/?p=157595#primaryimage\",\"url\":\"https:\\\/\\\/www.fatosefotosnews.com.br\\\/wp-content\\\/uploads\\\/2026\\\/08\\\/sem_titulo-2_0.webp\",\"contentUrl\":\"https:\\\/\\\/www.fatosefotosnews.com.br\\\/wp-content\\\/uploads\\\/2026\\\/08\\\/sem_titulo-2_0.webp\",\"width\":1170,\"height\":700},{\"@type\":\"BreadcrumbList\",\"@id\":\"https:\\\/\\\/www.fatosefotosnews.com.br\\\/?p=157595#breadcrumb\",\"itemListElement\":[{\"@type\":\"ListItem\",\"position\":1,\"name\":\"In\u00edcio\",\"item\":\"https:\\\/\\\/www.fatosefotosnews.com.br\\\/\"},{\"@type\":\"ListItem\",\"position\":2,\"name\":\"Anac suspende quatro empresas de voos panor\u00e2micos que operavam no Rio\"}]},{\"@type\":\"WebSite\",\"@id\":\"https:\\\/\\\/www.fatosefotosnews.com.br\\\/#website\",\"url\":\"https:\\\/\\\/www.fatosefotosnews.com.br\\\/\",\"name\":\"Fatos e Fotos News\",\"description\":\"Um site de noticial verdadeira e confi\u00e1veis.\",\"publisher\":{\"@id\":\"https:\\\/\\\/www.fatosefotosnews.com.br\\\/#organization\"},\"potentialAction\":[{\"@type\":\"SearchAction\",\"target\":{\"@type\":\"EntryPoint\",\"urlTemplate\":\"https:\\\/\\\/www.fatosefotosnews.com.br\\\/?s={search_term_string}\"},\"query-input\":{\"@type\":\"PropertyValueSpecification\",\"valueRequired\":true,\"valueName\":\"search_term_string\"}}],\"inLanguage\":\"pt-BR\"},{\"@type\":\"Organization\",\"@id\":\"https:\\\/\\\/www.fatosefotosnews.com.br\\\/#organization\",\"name\":\"Fatos e Fotos News\",\"url\":\"https:\\\/\\\/www.fatosefotosnews.com.br\\\/\",\"logo\":{\"@type\":\"ImageObject\",\"inLanguage\":\"pt-BR\",\"@id\":\"https:\\\/\\\/www.fatosefotosnews.com.br\\\/#\\\/schema\\\/logo\\\/image\\\/\",\"url\":\"https:\\\/\\\/www.fatosefotosnews.com.br\\\/wp-content\\\/uploads\\\/2023\\\/02\\\/Fatos-e-Fotos-news-logo.png\",\"contentUrl\":\"https:\\\/\\\/www.fatosefotosnews.com.br\\\/wp-content\\\/uploads\\\/2023\\\/02\\\/Fatos-e-Fotos-news-logo.png\",\"width\":300,\"height\":58,\"caption\":\"Fatos e Fotos News\"},\"image\":{\"@id\":\"https:\\\/\\\/www.fatosefotosnews.com.br\\\/#\\\/schema\\\/logo\\\/image\\\/\"}},{\"@type\":\"Person\",\"@id\":\"https:\\\/\\\/www.fatosefotosnews.com.br\\\/#\\\/schema\\\/person\\\/17b18da658f5277ed99382206a85602f\",\"name\":\"Mirela Portugal\",\"image\":{\"@type\":\"ImageObject\",\"inLanguage\":\"pt-BR\",\"@id\":\"https:\\\/\\\/secure.gravatar.com\\\/avatar\\\/2f92fb43fda38d1a46cf4a155e1c2951193d91d9bed3df97fce720eeb9595d08?s=96&d=mm&r=g\",\"url\":\"https:\\\/\\\/secure.gravatar.com\\\/avatar\\\/2f92fb43fda38d1a46cf4a155e1c2951193d91d9bed3df97fce720eeb9595d08?s=96&d=mm&r=g\",\"contentUrl\":\"https:\\\/\\\/secure.gravatar.com\\\/avatar\\\/2f92fb43fda38d1a46cf4a155e1c2951193d91d9bed3df97fce720eeb9595d08?s=96&d=mm&r=g\",\"caption\":\"Mirela Portugal\"},\"sameAs\":[\"http:\\\/\\\/fatosefotosnews.com.br\"],\"url\":\"https:\\\/\\\/www.fatosefotosnews.com.br\\\/?author=12\"}]}<\/script>\n<!-- \/ Yoast SEO plugin. -->","yoast_head_json":{"title":"Anac suspende quatro empresas de voos panor\u00e2micos que operavam no Rio - Fatos e Fotos News","robots":{"index":"index","follow":"follow","max-snippet":"max-snippet:-1","max-image-preview":"max-image-preview:large","max-video-preview":"max-video-preview:-1"},"canonical":"https:\/\/www.fatosefotosnews.com.br\/?p=157595","og_locale":"pt_BR","og_type":"article","og_title":"Anac suspende quatro empresas de voos panor\u00e2micos que operavam no Rio - Fatos e Fotos News","og_description":"Foto: Fabio Motta\/ Prefeitura do Rio A Ag\u00eancia Nacional de Avia\u00e7\u00e3o Civil (Anac) suspendeu&nbsp;quatro empresas de voos panor\u00e2micos que operavam&nbsp;na cidade do&nbsp;Rio de Janeiro.&nbsp;O balan\u00e7o foi divulgado nesta ter\u00e7a-feira (18) em entrevista coletiva&nbsp;na sede do Centro de Opera\u00e7\u00f5es e Resili\u00eancia (COR) da prefeitura do Rio, na regi\u00e3o central da capital fluminense. A Anac intensificou, na [&hellip;]","og_url":"https:\/\/www.fatosefotosnews.com.br\/?p=157595","og_site_name":"Fatos e Fotos News","article_published_time":"2026-08-19T09:15:00+00:00","og_image":[{"width":1170,"height":700,"url":"https:\/\/www.fatosefotosnews.com.br\/wp-content\/uploads\/2026\/08\/sem_titulo-2_0.webp","type":"image\/webp"}],"author":"Mirela Portugal","twitter_card":"summary_large_image","twitter_misc":{"Escrito por":"Mirela Portugal","Est. tempo de leitura":"7 minutos"},"schema":{"@context":"https:\/\/schema.org","@graph":[{"@type":"Article","@id":"https:\/\/www.fatosefotosnews.com.br\/?p=157595#article","isPartOf":{"@id":"https:\/\/www.fatosefotosnews.com.br\/?p=157595"},"author":{"name":"Mirela Portugal","@id":"https:\/\/www.fatosefotosnews.com.br\/#\/schema\/person\/17b18da658f5277ed99382206a85602f"},"headline":"Anac suspende quatro empresas de voos panor\u00e2micos que operavam no Rio","datePublished":"2026-08-19T09:15:00+00:00","mainEntityOfPage":{"@id":"https:\/\/www.fatosefotosnews.com.br\/?p=157595"},"wordCount":1283,"publisher":{"@id":"https:\/\/www.fatosefotosnews.com.br\/#organization"},"image":{"@id":"https:\/\/www.fatosefotosnews.com.br\/?p=157595#primaryimage"},"thumbnailUrl":"https:\/\/www.fatosefotosnews.com.br\/wp-content\/uploads\/2026\/08\/sem_titulo-2_0.webp","keywords":["empresas","operavam","panoramicos","quatro","suspende"],"articleSection":["Geral"],"inLanguage":"pt-BR"},{"@type":"WebPage","@id":"https:\/\/www.fatosefotosnews.com.br\/?p=157595","url":"https:\/\/www.fatosefotosnews.com.br\/?p=157595","name":"Anac suspende quatro empresas de voos panor\u00e2micos que operavam no Rio - Fatos e Fotos News","isPartOf":{"@id":"https:\/\/www.fatosefotosnews.com.br\/#website"},"primaryImageOfPage":{"@id":"https:\/\/www.fatosefotosnews.com.br\/?p=157595#primaryimage"},"image":{"@id":"https:\/\/www.fatosefotosnews.com.br\/?p=157595#primaryimage"},"thumbnailUrl":"https:\/\/www.fatosefotosnews.com.br\/wp-content\/uploads\/2026\/08\/sem_titulo-2_0.webp","datePublished":"2026-08-19T09:15:00+00:00","breadcrumb":{"@id":"https:\/\/www.fatosefotosnews.com.br\/?p=157595#breadcrumb"},"inLanguage":"pt-BR","potentialAction":[{"@type":"ReadAction","target":["https:\/\/www.fatosefotosnews.com.br\/?p=157595"]}]},{"@type":"ImageObject","inLanguage":"pt-BR","@id":"https:\/\/www.fatosefotosnews.com.br\/?p=157595#primaryimage","url":"https:\/\/www.fatosefotosnews.com.br\/wp-content\/uploads\/2026\/08\/sem_titulo-2_0.webp","contentUrl":"https:\/\/www.fatosefotosnews.com.br\/wp-content\/uploads\/2026\/08\/sem_titulo-2_0.webp","width":1170,"height":700},{"@type":"BreadcrumbList","@id":"https:\/\/www.fatosefotosnews.com.br\/?p=157595#breadcrumb","itemListElement":[{"@type":"ListItem","position":1,"name":"In\u00edcio","item":"https:\/\/www.fatosefotosnews.com.br\/"},{"@type":"ListItem","position":2,"name":"Anac suspende quatro empresas de voos panor\u00e2micos que operavam no Rio"}]},{"@type":"WebSite","@id":"https:\/\/www.fatosefotosnews.com.br\/#website","url":"https:\/\/www.fatosefotosnews.com.br\/","name":"Fatos e Fotos News","description":"Um site de noticial verdadeira e confi\u00e1veis.","publisher":{"@id":"https:\/\/www.fatosefotosnews.com.br\/#organization"},"potentialAction":[{"@type":"SearchAction","target":{"@type":"EntryPoint","urlTemplate":"https:\/\/www.fatosefotosnews.com.br\/?s={search_term_string}"},"query-input":{"@type":"PropertyValueSpecification","valueRequired":true,"valueName":"search_term_string"}}],"inLanguage":"pt-BR"},{"@type":"Organization","@id":"https:\/\/www.fatosefotosnews.com.br\/#organization","name":"Fatos e Fotos News","url":"https:\/\/www.fatosefotosnews.com.br\/","logo":{"@type":"ImageObject","inLanguage":"pt-BR","@id":"https:\/\/www.fatosefotosnews.com.br\/#\/schema\/logo\/image\/","url":"https:\/\/www.fatosefotosnews.com.br\/wp-content\/uploads\/2023\/02\/Fatos-e-Fotos-news-logo.png","contentUrl":"https:\/\/www.fatosefotosnews.com.br\/wp-content\/uploads\/2023\/02\/Fatos-e-Fotos-news-logo.png","width":300,"height":58,"caption":"Fatos e Fotos News"},"image":{"@id":"https:\/\/www.fatosefotosnews.com.br\/#\/schema\/logo\/image\/"}},{"@type":"Person","@id":"https:\/\/www.fatosefotosnews.com.br\/#\/schema\/person\/17b18da658f5277ed99382206a85602f","name":"Mirela Portugal","image":{"@type":"ImageObject","inLanguage":"pt-BR","@id":"https:\/\/secure.gravatar.com\/avatar\/2f92fb43fda38d1a46cf4a155e1c2951193d91d9bed3df97fce720eeb9595d08?s=96&d=mm&r=g","url":"https:\/\/secure.gravatar.com\/avatar\/2f92fb43fda38d1a46cf4a155e1c2951193d91d9bed3df97fce720eeb9595d08?s=96&d=mm&r=g","contentUrl":"https:\/\/secure.gravatar.com\/avatar\/2f92fb43fda38d1a46cf4a155e1c2951193d91d9bed3df97fce720eeb9595d08?s=96&d=mm&r=g","caption":"Mirela Portugal"},"sameAs":["http:\/\/fatosefotosnews.com.br"],"url":"https:\/\/www.fatosefotosnews.com.br\/?author=12"}]}},"jetpack_publicize_connections":[],"blog_post_layout_featured_media_urls":{"thumbnail":["https:\/\/www.fatosefotosnews.com.br\/wp-content\/uploads\/2026\/08\/sem_titulo-2_0-150x150.webp",150,150,true],"full":["https:\/\/www.fatosefotosnews.com.br\/wp-content\/uploads\/2026\/08\/sem_titulo-2_0.webp",1170,700,false]},"categories_names":{"167":{"name":"Geral","link":"https:\/\/www.fatosefotosnews.com.br\/?cat=167"}},"tags_names":{"1890":{"name":"empresas","link":"https:\/\/www.fatosefotosnews.com.br\/?tag=empresas"},"13365":{"name":"operavam","link":"https:\/\/www.fatosefotosnews.com.br\/?tag=operavam"},"23866":{"name":"panoramicos","link":"https:\/\/www.fatosefotosnews.com.br\/?tag=panoramicos"},"1586":{"name":"quatro","link":"https:\/\/www.fatosefotosnews.com.br\/?tag=quatro"},"2096":{"name":"suspende","link":"https:\/\/www.fatosefotosnews.com.br\/?tag=suspende"}},"comments_number":"0","wpmagazine_modules_lite_featured_media_urls":{"thumbnail":["https:\/\/www.fatosefotosnews.com.br\/wp-content\/uploads\/2026\/08\/sem_titulo-2_0-150x150.webp",150,150,true],"cvmm-medium":["https:\/\/www.fatosefotosnews.com.br\/wp-content\/uploads\/2026\/08\/sem_titulo-2_0-300x300.webp",300,300,true],"cvmm-medium-plus":["https:\/\/www.fatosefotosnews.com.br\/wp-content\/uploads\/2026\/08\/sem_titulo-2_0-305x207.webp",305,207,true],"cvmm-portrait":["https:\/\/www.fatosefotosnews.com.br\/wp-content\/uploads\/2026\/08\/sem_titulo-2_0-400x600.webp",400,600,true],"cvmm-medium-square":["https:\/\/www.fatosefotosnews.com.br\/wp-content\/uploads\/2026\/08\/sem_titulo-2_0-600x600.webp",600,600,true],"cvmm-large":["https:\/\/www.fatosefotosnews.com.br\/wp-content\/uploads\/2026\/08\/sem_titulo-2_0-1024x700.webp",1024,700,true],"cvmm-small":["https:\/\/www.fatosefotosnews.com.br\/wp-content\/uploads\/2026\/08\/sem_titulo-2_0-130x95.webp",130,95,true],"full":["https:\/\/www.fatosefotosnews.com.br\/wp-content\/uploads\/2026\/08\/sem_titulo-2_0.webp",1170,700,false]},"_links":{"self":[{"href":"https:\/\/www.fatosefotosnews.com.br\/index.php?rest_route=\/wp\/v2\/posts\/157595","targetHints":{"allow":["GET"]}}],"collection":[{"href":"https:\/\/www.fatosefotosnews.com.br\/index.php?rest_route=\/wp\/v2\/posts"}],"about":[{"href":"https:\/\/www.fatosefotosnews.com.br\/index.php?rest_route=\/wp\/v2\/types\/post"}],"author":[{"embeddable":true,"href":"https:\/\/www.fatosefotosnews.com.br\/index.php?rest_route=\/wp\/v2\/users\/12"}],"replies":[{"embeddable":true,"href":"https:\/\/www.fatosefotosnews.com.br\/index.php?rest_route=%2Fwp%2Fv2%2Fcomments&post=157595"}],"version-history":[{"count":1,"href":"https:\/\/www.fatosefotosnews.com.br\/index.php?rest_route=\/wp\/v2\/posts\/157595\/revisions"}],"predecessor-version":[{"id":157596,"href":"https:\/\/www.fatosefotosnews.com.br\/index.php?rest_route=\/wp\/v2\/posts\/157595\/revisions\/157596"}],"wp:featuredmedia":[{"embeddable":true,"href":"https:\/\/www.fatosefotosnews.com.br\/index.php?rest_route=\/wp\/v2\/media\/157592"}],"wp:attachment":[{"href":"https:\/\/www.fatosefotosnews.com.br\/index.php?rest_route=%2Fwp%2Fv2%2Fmedia&parent=157595"}],"wp:term":[{"taxonomy":"category","embeddable":true,"href":"https:\/\/www.fatosefotosnews.com.br\/index.php?rest_route=%2Fwp%2Fv2%2Fcategories&post=157595"},{"taxonomy":"post_tag","embeddable":true,"href":"https:\/\/www.fatosefotosnews.com.br\/index.php?rest_route=%2Fwp%2Fv2%2Ftags&post=157595"}],"curies":[{"name":"wp","href":"https:\/\/api.w.org\/{rel}","templated":true}]}}