{"id":157607,"date":"2026-08-19T07:45:00","date_gmt":"2026-08-19T10:45:00","guid":{"rendered":"https:\/\/www.fatosefotosnews.com.br\/?p=157607"},"modified":"2026-08-18T20:16:19","modified_gmt":"2026-08-18T23:16:19","slug":"mec-lanca-diretrizes-para-ensino-de-arte-na-educacao-basica","status":"publish","type":"post","link":"https:\/\/www.fatosefotosnews.com.br\/?p=157607","title":{"rendered":"MEC lan\u00e7a diretrizes para ensino de arte na educa\u00e7\u00e3o b\u00e1sica"},"content":{"rendered":"\n<p class=\"wp-block-paragraph\">Foto:  Tomaz Silva\/Ag\u00eancia Brasil<\/p>\n\n\n\n<p class=\"wp-block-paragraph\"><\/p>\n\n\n\n<p class=\"wp-block-paragraph\">A rede escolar de educa\u00e7\u00e3o b\u00e1sica&nbsp;t\u00eam&nbsp;agora&nbsp;diretrizes para ensino de arte na educa\u00e7\u00e3o b\u00e1sica brasileira. Nesta ter\u00e7a-feira (18), foi publicada no&nbsp;<em>Di\u00e1rio Oficial da Uni\u00e3o<\/em>&nbsp;a&nbsp;<a href=\"https:\/\/www.gov.br\/mec\/pt-br\/cne\/2026\/marco-2026\/pceb002_26.pdf\" target=\"_blank\" rel=\"noreferrer noopener\">norma que trata a arte como campo de conhecimento<\/a>.&nbsp;<strong>O material foi produzido e aprovado, em mar\u00e7o de 2026, pela C\u00e2mara de Educa\u00e7\u00e3o B\u00e1sica do Conselho Nacional de Educa\u00e7\u00e3o (CNE) e complementa a Base Nacional Comum Curricular (BNCC).<\/strong><img decoding=\"async\" src=\"https:\/\/agenciabrasil.ebc.com.br\/ebc.png?id=1700013&amp;o=node\"><img decoding=\"async\" src=\"https:\/\/agenciabrasil.ebc.com.br\/ebc.gif?id=1700013&amp;o=node\"><\/p>\n\n\n\n<p class=\"wp-block-paragraph\">O documento destaca que o ensino e aprendizado das \u00e1reas art\u00edsticas devem ser organizados em quatro componentes curriculares, desde a educa\u00e7\u00e3o infantil at\u00e9 o ensino m\u00e9dio. S\u00e3o eles: artes visuais, dan\u00e7a, m\u00fasica e teatro.<\/p>\n\n\n\n<p class=\"wp-block-paragraph\">De acordo com Parecer CNE\/CEB n\u00ba 2, a arte \u00e9 um campo essencial \u00e0 forma\u00e7\u00e3o humana, capaz de promover a criatividade, o pensamento cr\u00edtico e o di\u00e1logo com outras \u00e1reas.<\/p>\n\n\n\n<p class=\"wp-block-paragraph\">O presidente do CNE, C\u00e9sar Callegari, explica o que muda na educa\u00e7\u00e3o brasileira.<\/p>\n\n\n\n<blockquote class=\"wp-block-quote is-layout-flow wp-block-quote-is-layout-flow\">\n<p class=\"wp-block-paragraph\">\u201cN\u00e3o podemos mais falar de arte com improviso ou apenas para ilustrar festas e comemora\u00e7\u00f5es. A arte \u00e9 fundamental para tudo, para o ensino da l\u00edngua portuguesa, para f\u00edsica, para matem\u00e1tica. Essa articula\u00e7\u00e3o \u00e9 que d\u00e1 sentido maior \u00e0quilo que n\u00f3s chamamos a forma\u00e7\u00e3o integral do indiv\u00edduo\u201d, pontuou.<\/p>\n<\/blockquote>\n\n\n\n<h2 class=\"wp-block-heading\">A nova norma<\/h2>\n\n\n\n<p class=\"wp-block-paragraph\"><strong>As escolas devem ensinar sobre conte\u00fados, m\u00e9todos, processos de cria\u00e7\u00e3o, refer\u00eancias culturais e formas pr\u00f3prias de produzir conhecimento.<\/strong><\/p>\n\n\n\n<ul class=\"wp-block-list\">\n<li>arte como pr\u00e1tica integradora \u2013 deve ser vista como pr\u00e1tica educativa com potencial para integrar experi\u00eancias dentro e fora do ambiente escolar;<\/li>\n\n\n\n<li>processos criativos e reflexivos \u2013 o ensino envolve cria\u00e7\u00e3o, experimenta\u00e7\u00e3o, aprecia\u00e7\u00e3o e reflex\u00e3o cr\u00edtica, al\u00e9m da t\u00e9cnica e da reprodu\u00e7\u00e3o;<\/li>\n\n\n\n<li>contextualiza\u00e7\u00e3o e an\u00e1lise cr\u00edtica \u2013 analisar obras em seus contextos hist\u00f3ricos, sociais e culturais amplia o repert\u00f3rio cultural dos estudantes;<\/li>\n\n\n\n<li>desenvolvimento integral do estudante \u2013 o ensino de arte favorece o desenvolvimento cognitivo, afetivo, social, cultural e est\u00e9tico dos estudantes.<\/li>\n<\/ul>\n\n\n\n<p class=\"wp-block-paragraph\"><strong>As redes de educa\u00e7\u00e3o devem definir uma carga hor\u00e1ria equilibrada e coerente para cada componente curricular de arte, com a implementa\u00e7\u00e3o de dois por ano, evitando sobreposi\u00e7\u00f5es e garantindo a continuidade da aprendizagem.<\/strong><\/p>\n\n\n\n<p class=\"wp-block-paragraph\">Al\u00e9m disso, as escolas tamb\u00e9m dever\u00e3o avaliar as condi\u00e7\u00f5es f\u00edsicas e pedag\u00f3gicas para ofertar os componentes; elaborar planos com metas progressivas para melhorar espa\u00e7os, materiais e recursos; integrar o espa\u00e7o escolar com equipamentos culturais e art\u00edsticos locais; e fomentar parcerias com a comunidade para enriquecer a educa\u00e7\u00e3o.<\/p>\n\n\n\n<p class=\"wp-block-paragraph\"><strong>O texto destaca que, na educa\u00e7\u00e3o b\u00e1sica,&nbsp;cada crian\u00e7a, jovem ou adulto aprende de um jeito \u00fanico e essa singularidade deve ser respeitada.<\/strong><\/p>\n\n\n\n<h2 class=\"wp-block-heading\">Deveres das redes de ensino<\/h2>\n\n\n\n<p class=\"wp-block-paragraph\"><strong>Os sistemas de ensino estaduais, do Distrito Federal e municipais, em regime de colabora\u00e7\u00e3o com a Uni\u00e3o, devem&nbsp;assegurar a completa implementa\u00e7\u00e3o desta resolu\u00e7\u00e3o at\u00e9 o fim do prazo de vig\u00eancia do Plano Nacional de Educa\u00e7\u00e3o (PNE 2026-2036).<\/strong><\/p>\n\n\n\n<p class=\"wp-block-paragraph\">O PNE estabelece as diretrizes, metas e estrat\u00e9gias para a pol\u00edtica educacional brasileira na pr\u00f3xima d\u00e9cada.<\/p>\n\n\n\n<p class=\"wp-block-paragraph\"><strong>O objetivo \u00e9 refor\u00e7ar a import\u00e2ncia da arte na forma\u00e7\u00e3o integral dos estudantes brasileiros.<\/strong><\/p>\n","protected":false},"excerpt":{"rendered":"<p>Foto: Tomaz Silva\/Ag\u00eancia Brasil A rede escolar de educa\u00e7\u00e3o b\u00e1sica&nbsp;t\u00eam&nbsp;agora&nbsp;diretrizes para ensino de arte na educa\u00e7\u00e3o b\u00e1sica brasileira. Nesta ter\u00e7a-feira (18), foi publicada no&nbsp;Di\u00e1rio Oficial da Uni\u00e3o&nbsp;a&nbsp;norma que trata a arte como campo de conhecimento.&nbsp;O material foi produzido e aprovado, em mar\u00e7o de 2026, pela C\u00e2mara de Educa\u00e7\u00e3o B\u00e1sica do Conselho Nacional de Educa\u00e7\u00e3o (CNE) [&hellip;]<\/p>\n","protected":false},"author":12,"featured_media":157586,"comment_status":"closed","ping_status":"open","sticky":false,"template":"","format":"standard","meta":{"_acf_changed":false,"_angie_page":false,"_monsterinsights_skip_tracking":false,"_themeisle_gutenberg_block_has_review":false,"page_builder":"","footnotes":"","jetpack_publicize_message":"","jetpack_publicize_feature_enabled":true,"jetpack_social_post_already_shared":true,"jetpack_social_options":{"image_generator_settings":{"template":"highway","default_image_id":0,"font":"","enabled":false},"version":2}},"categories":[24902],"tags":[4166,6683,2050,3441],"class_list":["post-157607","post","type-post","status-publish","format-standard","has-post-thumbnail","hentry","category-educacao","tag-basica","tag-diretrizes","tag-educa","tag-ensino"],"acf":[],"nelio_content":{"autoShareEndMode":"never","automationSources":{"useCustomSentences":false,"customSentences":[]},"efiAlt":"","efiUrl":"","followers":[12],"highlights":[],"isAutoShareEnabled":true,"networkImageIds":[],"permalinkQueryArgs":[],"series":[],"suggestedReferences":[]},"yoast_head":"<!-- This site is optimized with the Yoast SEO plugin v28.3 - https:\/\/yoast.com\/product\/yoast-seo-wordpress\/ -->\n<title>MEC lan\u00e7a diretrizes para ensino de arte na educa\u00e7\u00e3o b\u00e1sica - Fatos e Fotos News<\/title>\n<meta name=\"robots\" content=\"index, follow, max-snippet:-1, max-image-preview:large, max-video-preview:-1\" \/>\n<link rel=\"canonical\" href=\"https:\/\/www.fatosefotosnews.com.br\/?p=157607\" \/>\n<meta property=\"og:locale\" content=\"pt_BR\" \/>\n<meta property=\"og:type\" content=\"article\" \/>\n<meta property=\"og:title\" content=\"MEC lan\u00e7a diretrizes para ensino de arte na educa\u00e7\u00e3o b\u00e1sica - Fatos e Fotos News\" \/>\n<meta property=\"og:description\" content=\"Foto: Tomaz Silva\/Ag\u00eancia Brasil A rede escolar de educa\u00e7\u00e3o b\u00e1sica&nbsp;t\u00eam&nbsp;agora&nbsp;diretrizes para ensino de arte na educa\u00e7\u00e3o b\u00e1sica brasileira. Nesta ter\u00e7a-feira (18), foi publicada no&nbsp;Di\u00e1rio Oficial da Uni\u00e3o&nbsp;a&nbsp;norma que trata a arte como campo de conhecimento.&nbsp;O material foi produzido e aprovado, em mar\u00e7o de 2026, pela C\u00e2mara de Educa\u00e7\u00e3o B\u00e1sica do Conselho Nacional de Educa\u00e7\u00e3o (CNE) [&hellip;]\" \/>\n<meta property=\"og:url\" content=\"https:\/\/www.fatosefotosnews.com.br\/?p=157607\" \/>\n<meta property=\"og:site_name\" content=\"Fatos e Fotos News\" \/>\n<meta property=\"article:published_time\" content=\"2026-08-19T10:45:00+00:00\" \/>\n<meta property=\"og:image\" content=\"https:\/\/www.fatosefotosnews.com.br\/wp-content\/uploads\/2026\/08\/toms0719.webp\" \/>\n\t<meta property=\"og:image:width\" content=\"1170\" \/>\n\t<meta property=\"og:image:height\" content=\"700\" \/>\n\t<meta property=\"og:image:type\" content=\"image\/webp\" \/>\n<meta name=\"author\" content=\"Mirela Portugal\" \/>\n<meta name=\"twitter:card\" content=\"summary_large_image\" \/>\n<meta name=\"twitter:label1\" content=\"Escrito por\" \/>\n\t<meta name=\"twitter:data1\" content=\"Mirela Portugal\" \/>\n\t<meta name=\"twitter:label2\" content=\"Est. tempo de leitura\" \/>\n\t<meta name=\"twitter:data2\" content=\"3 minutos\" \/>\n<script type=\"application\/ld+json\" class=\"yoast-schema-graph\">{\"@context\":\"https:\\\/\\\/schema.org\",\"@graph\":[{\"@type\":\"Article\",\"@id\":\"https:\\\/\\\/www.fatosefotosnews.com.br\\\/?p=157607#article\",\"isPartOf\":{\"@id\":\"https:\\\/\\\/www.fatosefotosnews.com.br\\\/?p=157607\"},\"author\":{\"name\":\"Mirela Portugal\",\"@id\":\"https:\\\/\\\/www.fatosefotosnews.com.br\\\/#\\\/schema\\\/person\\\/17b18da658f5277ed99382206a85602f\"},\"headline\":\"MEC lan\u00e7a diretrizes para ensino de arte na educa\u00e7\u00e3o b\u00e1sica\",\"datePublished\":\"2026-08-19T10:45:00+00:00\",\"mainEntityOfPage\":{\"@id\":\"https:\\\/\\\/www.fatosefotosnews.com.br\\\/?p=157607\"},\"wordCount\":572,\"publisher\":{\"@id\":\"https:\\\/\\\/www.fatosefotosnews.com.br\\\/#organization\"},\"image\":{\"@id\":\"https:\\\/\\\/www.fatosefotosnews.com.br\\\/?p=157607#primaryimage\"},\"thumbnailUrl\":\"https:\\\/\\\/www.fatosefotosnews.com.br\\\/wp-content\\\/uploads\\\/2026\\\/08\\\/toms0719.webp\",\"keywords\":[\"basica\",\"diretrizes\",\"educa\",\"ensino\"],\"articleSection\":[\"Educa\u00e7\u00e3o\"],\"inLanguage\":\"pt-BR\"},{\"@type\":\"WebPage\",\"@id\":\"https:\\\/\\\/www.fatosefotosnews.com.br\\\/?p=157607\",\"url\":\"https:\\\/\\\/www.fatosefotosnews.com.br\\\/?p=157607\",\"name\":\"MEC lan\u00e7a diretrizes para ensino de arte na educa\u00e7\u00e3o b\u00e1sica - Fatos e Fotos News\",\"isPartOf\":{\"@id\":\"https:\\\/\\\/www.fatosefotosnews.com.br\\\/#website\"},\"primaryImageOfPage\":{\"@id\":\"https:\\\/\\\/www.fatosefotosnews.com.br\\\/?p=157607#primaryimage\"},\"image\":{\"@id\":\"https:\\\/\\\/www.fatosefotosnews.com.br\\\/?p=157607#primaryimage\"},\"thumbnailUrl\":\"https:\\\/\\\/www.fatosefotosnews.com.br\\\/wp-content\\\/uploads\\\/2026\\\/08\\\/toms0719.webp\",\"datePublished\":\"2026-08-19T10:45:00+00:00\",\"breadcrumb\":{\"@id\":\"https:\\\/\\\/www.fatosefotosnews.com.br\\\/?p=157607#breadcrumb\"},\"inLanguage\":\"pt-BR\",\"potentialAction\":[{\"@type\":\"ReadAction\",\"target\":[\"https:\\\/\\\/www.fatosefotosnews.com.br\\\/?p=157607\"]}]},{\"@type\":\"ImageObject\",\"inLanguage\":\"pt-BR\",\"@id\":\"https:\\\/\\\/www.fatosefotosnews.com.br\\\/?p=157607#primaryimage\",\"url\":\"https:\\\/\\\/www.fatosefotosnews.com.br\\\/wp-content\\\/uploads\\\/2026\\\/08\\\/toms0719.webp\",\"contentUrl\":\"https:\\\/\\\/www.fatosefotosnews.com.br\\\/wp-content\\\/uploads\\\/2026\\\/08\\\/toms0719.webp\",\"width\":1170,\"height\":700},{\"@type\":\"BreadcrumbList\",\"@id\":\"https:\\\/\\\/www.fatosefotosnews.com.br\\\/?p=157607#breadcrumb\",\"itemListElement\":[{\"@type\":\"ListItem\",\"position\":1,\"name\":\"In\u00edcio\",\"item\":\"https:\\\/\\\/www.fatosefotosnews.com.br\\\/\"},{\"@type\":\"ListItem\",\"position\":2,\"name\":\"MEC lan\u00e7a diretrizes para ensino de arte na educa\u00e7\u00e3o b\u00e1sica\"}]},{\"@type\":\"WebSite\",\"@id\":\"https:\\\/\\\/www.fatosefotosnews.com.br\\\/#website\",\"url\":\"https:\\\/\\\/www.fatosefotosnews.com.br\\\/\",\"name\":\"Fatos e Fotos News\",\"description\":\"Um site de noticial verdadeira e confi\u00e1veis.\",\"publisher\":{\"@id\":\"https:\\\/\\\/www.fatosefotosnews.com.br\\\/#organization\"},\"potentialAction\":[{\"@type\":\"SearchAction\",\"target\":{\"@type\":\"EntryPoint\",\"urlTemplate\":\"https:\\\/\\\/www.fatosefotosnews.com.br\\\/?s={search_term_string}\"},\"query-input\":{\"@type\":\"PropertyValueSpecification\",\"valueRequired\":true,\"valueName\":\"search_term_string\"}}],\"inLanguage\":\"pt-BR\"},{\"@type\":\"Organization\",\"@id\":\"https:\\\/\\\/www.fatosefotosnews.com.br\\\/#organization\",\"name\":\"Fatos e Fotos News\",\"url\":\"https:\\\/\\\/www.fatosefotosnews.com.br\\\/\",\"logo\":{\"@type\":\"ImageObject\",\"inLanguage\":\"pt-BR\",\"@id\":\"https:\\\/\\\/www.fatosefotosnews.com.br\\\/#\\\/schema\\\/logo\\\/image\\\/\",\"url\":\"https:\\\/\\\/www.fatosefotosnews.com.br\\\/wp-content\\\/uploads\\\/2023\\\/02\\\/Fatos-e-Fotos-news-logo.png\",\"contentUrl\":\"https:\\\/\\\/www.fatosefotosnews.com.br\\\/wp-content\\\/uploads\\\/2023\\\/02\\\/Fatos-e-Fotos-news-logo.png\",\"width\":300,\"height\":58,\"caption\":\"Fatos e Fotos News\"},\"image\":{\"@id\":\"https:\\\/\\\/www.fatosefotosnews.com.br\\\/#\\\/schema\\\/logo\\\/image\\\/\"}},{\"@type\":\"Person\",\"@id\":\"https:\\\/\\\/www.fatosefotosnews.com.br\\\/#\\\/schema\\\/person\\\/17b18da658f5277ed99382206a85602f\",\"name\":\"Mirela Portugal\",\"image\":{\"@type\":\"ImageObject\",\"inLanguage\":\"pt-BR\",\"@id\":\"https:\\\/\\\/secure.gravatar.com\\\/avatar\\\/2f92fb43fda38d1a46cf4a155e1c2951193d91d9bed3df97fce720eeb9595d08?s=96&d=mm&r=g\",\"url\":\"https:\\\/\\\/secure.gravatar.com\\\/avatar\\\/2f92fb43fda38d1a46cf4a155e1c2951193d91d9bed3df97fce720eeb9595d08?s=96&d=mm&r=g\",\"contentUrl\":\"https:\\\/\\\/secure.gravatar.com\\\/avatar\\\/2f92fb43fda38d1a46cf4a155e1c2951193d91d9bed3df97fce720eeb9595d08?s=96&d=mm&r=g\",\"caption\":\"Mirela Portugal\"},\"sameAs\":[\"http:\\\/\\\/fatosefotosnews.com.br\"],\"url\":\"https:\\\/\\\/www.fatosefotosnews.com.br\\\/?author=12\"}]}<\/script>\n<!-- \/ Yoast SEO plugin. -->","yoast_head_json":{"title":"MEC lan\u00e7a diretrizes para ensino de arte na educa\u00e7\u00e3o b\u00e1sica - Fatos e Fotos News","robots":{"index":"index","follow":"follow","max-snippet":"max-snippet:-1","max-image-preview":"max-image-preview:large","max-video-preview":"max-video-preview:-1"},"canonical":"https:\/\/www.fatosefotosnews.com.br\/?p=157607","og_locale":"pt_BR","og_type":"article","og_title":"MEC lan\u00e7a diretrizes para ensino de arte na educa\u00e7\u00e3o b\u00e1sica - Fatos e Fotos News","og_description":"Foto: Tomaz Silva\/Ag\u00eancia Brasil A rede escolar de educa\u00e7\u00e3o b\u00e1sica&nbsp;t\u00eam&nbsp;agora&nbsp;diretrizes para ensino de arte na educa\u00e7\u00e3o b\u00e1sica brasileira. Nesta ter\u00e7a-feira (18), foi publicada no&nbsp;Di\u00e1rio Oficial da Uni\u00e3o&nbsp;a&nbsp;norma que trata a arte como campo de conhecimento.&nbsp;O material foi produzido e aprovado, em mar\u00e7o de 2026, pela C\u00e2mara de Educa\u00e7\u00e3o B\u00e1sica do Conselho Nacional de Educa\u00e7\u00e3o (CNE) [&hellip;]","og_url":"https:\/\/www.fatosefotosnews.com.br\/?p=157607","og_site_name":"Fatos e Fotos News","article_published_time":"2026-08-19T10:45:00+00:00","og_image":[{"width":1170,"height":700,"url":"https:\/\/www.fatosefotosnews.com.br\/wp-content\/uploads\/2026\/08\/toms0719.webp","type":"image\/webp"}],"author":"Mirela Portugal","twitter_card":"summary_large_image","twitter_misc":{"Escrito por":"Mirela Portugal","Est. tempo de leitura":"3 minutos"},"schema":{"@context":"https:\/\/schema.org","@graph":[{"@type":"Article","@id":"https:\/\/www.fatosefotosnews.com.br\/?p=157607#article","isPartOf":{"@id":"https:\/\/www.fatosefotosnews.com.br\/?p=157607"},"author":{"name":"Mirela Portugal","@id":"https:\/\/www.fatosefotosnews.com.br\/#\/schema\/person\/17b18da658f5277ed99382206a85602f"},"headline":"MEC lan\u00e7a diretrizes para ensino de arte na educa\u00e7\u00e3o b\u00e1sica","datePublished":"2026-08-19T10:45:00+00:00","mainEntityOfPage":{"@id":"https:\/\/www.fatosefotosnews.com.br\/?p=157607"},"wordCount":572,"publisher":{"@id":"https:\/\/www.fatosefotosnews.com.br\/#organization"},"image":{"@id":"https:\/\/www.fatosefotosnews.com.br\/?p=157607#primaryimage"},"thumbnailUrl":"https:\/\/www.fatosefotosnews.com.br\/wp-content\/uploads\/2026\/08\/toms0719.webp","keywords":["basica","diretrizes","educa","ensino"],"articleSection":["Educa\u00e7\u00e3o"],"inLanguage":"pt-BR"},{"@type":"WebPage","@id":"https:\/\/www.fatosefotosnews.com.br\/?p=157607","url":"https:\/\/www.fatosefotosnews.com.br\/?p=157607","name":"MEC lan\u00e7a diretrizes para ensino de arte na educa\u00e7\u00e3o b\u00e1sica - Fatos e Fotos News","isPartOf":{"@id":"https:\/\/www.fatosefotosnews.com.br\/#website"},"primaryImageOfPage":{"@id":"https:\/\/www.fatosefotosnews.com.br\/?p=157607#primaryimage"},"image":{"@id":"https:\/\/www.fatosefotosnews.com.br\/?p=157607#primaryimage"},"thumbnailUrl":"https:\/\/www.fatosefotosnews.com.br\/wp-content\/uploads\/2026\/08\/toms0719.webp","datePublished":"2026-08-19T10:45:00+00:00","breadcrumb":{"@id":"https:\/\/www.fatosefotosnews.com.br\/?p=157607#breadcrumb"},"inLanguage":"pt-BR","potentialAction":[{"@type":"ReadAction","target":["https:\/\/www.fatosefotosnews.com.br\/?p=157607"]}]},{"@type":"ImageObject","inLanguage":"pt-BR","@id":"https:\/\/www.fatosefotosnews.com.br\/?p=157607#primaryimage","url":"https:\/\/www.fatosefotosnews.com.br\/wp-content\/uploads\/2026\/08\/toms0719.webp","contentUrl":"https:\/\/www.fatosefotosnews.com.br\/wp-content\/uploads\/2026\/08\/toms0719.webp","width":1170,"height":700},{"@type":"BreadcrumbList","@id":"https:\/\/www.fatosefotosnews.com.br\/?p=157607#breadcrumb","itemListElement":[{"@type":"ListItem","position":1,"name":"In\u00edcio","item":"https:\/\/www.fatosefotosnews.com.br\/"},{"@type":"ListItem","position":2,"name":"MEC lan\u00e7a diretrizes para ensino de arte na educa\u00e7\u00e3o b\u00e1sica"}]},{"@type":"WebSite","@id":"https:\/\/www.fatosefotosnews.com.br\/#website","url":"https:\/\/www.fatosefotosnews.com.br\/","name":"Fatos e Fotos News","description":"Um site de noticial verdadeira e confi\u00e1veis.","publisher":{"@id":"https:\/\/www.fatosefotosnews.com.br\/#organization"},"potentialAction":[{"@type":"SearchAction","target":{"@type":"EntryPoint","urlTemplate":"https:\/\/www.fatosefotosnews.com.br\/?s={search_term_string}"},"query-input":{"@type":"PropertyValueSpecification","valueRequired":true,"valueName":"search_term_string"}}],"inLanguage":"pt-BR"},{"@type":"Organization","@id":"https:\/\/www.fatosefotosnews.com.br\/#organization","name":"Fatos e Fotos News","url":"https:\/\/www.fatosefotosnews.com.br\/","logo":{"@type":"ImageObject","inLanguage":"pt-BR","@id":"https:\/\/www.fatosefotosnews.com.br\/#\/schema\/logo\/image\/","url":"https:\/\/www.fatosefotosnews.com.br\/wp-content\/uploads\/2023\/02\/Fatos-e-Fotos-news-logo.png","contentUrl":"https:\/\/www.fatosefotosnews.com.br\/wp-content\/uploads\/2023\/02\/Fatos-e-Fotos-news-logo.png","width":300,"height":58,"caption":"Fatos e Fotos News"},"image":{"@id":"https:\/\/www.fatosefotosnews.com.br\/#\/schema\/logo\/image\/"}},{"@type":"Person","@id":"https:\/\/www.fatosefotosnews.com.br\/#\/schema\/person\/17b18da658f5277ed99382206a85602f","name":"Mirela Portugal","image":{"@type":"ImageObject","inLanguage":"pt-BR","@id":"https:\/\/secure.gravatar.com\/avatar\/2f92fb43fda38d1a46cf4a155e1c2951193d91d9bed3df97fce720eeb9595d08?s=96&d=mm&r=g","url":"https:\/\/secure.gravatar.com\/avatar\/2f92fb43fda38d1a46cf4a155e1c2951193d91d9bed3df97fce720eeb9595d08?s=96&d=mm&r=g","contentUrl":"https:\/\/secure.gravatar.com\/avatar\/2f92fb43fda38d1a46cf4a155e1c2951193d91d9bed3df97fce720eeb9595d08?s=96&d=mm&r=g","caption":"Mirela Portugal"},"sameAs":["http:\/\/fatosefotosnews.com.br"],"url":"https:\/\/www.fatosefotosnews.com.br\/?author=12"}]}},"jetpack_publicize_connections":[],"blog_post_layout_featured_media_urls":{"thumbnail":["https:\/\/www.fatosefotosnews.com.br\/wp-content\/uploads\/2026\/08\/toms0719-150x150.webp",150,150,true],"full":["https:\/\/www.fatosefotosnews.com.br\/wp-content\/uploads\/2026\/08\/toms0719.webp",1170,700,false]},"categories_names":{"24902":{"name":"Educa\u00e7\u00e3o","link":"https:\/\/www.fatosefotosnews.com.br\/?cat=24902"}},"tags_names":{"4166":{"name":"basica","link":"https:\/\/www.fatosefotosnews.com.br\/?tag=basica"},"6683":{"name":"diretrizes","link":"https:\/\/www.fatosefotosnews.com.br\/?tag=diretrizes"},"2050":{"name":"educa","link":"https:\/\/www.fatosefotosnews.com.br\/?tag=educa"},"3441":{"name":"ensino","link":"https:\/\/www.fatosefotosnews.com.br\/?tag=ensino"}},"comments_number":"0","wpmagazine_modules_lite_featured_media_urls":{"thumbnail":["https:\/\/www.fatosefotosnews.com.br\/wp-content\/uploads\/2026\/08\/toms0719-150x150.webp",150,150,true],"cvmm-medium":["https:\/\/www.fatosefotosnews.com.br\/wp-content\/uploads\/2026\/08\/toms0719-300x300.webp",300,300,true],"cvmm-medium-plus":["https:\/\/www.fatosefotosnews.com.br\/wp-content\/uploads\/2026\/08\/toms0719-305x207.webp",305,207,true],"cvmm-portrait":["https:\/\/www.fatosefotosnews.com.br\/wp-content\/uploads\/2026\/08\/toms0719-400x600.webp",400,600,true],"cvmm-medium-square":["https:\/\/www.fatosefotosnews.com.br\/wp-content\/uploads\/2026\/08\/toms0719-600x600.webp",600,600,true],"cvmm-large":["https:\/\/www.fatosefotosnews.com.br\/wp-content\/uploads\/2026\/08\/toms0719-1024x700.webp",1024,700,true],"cvmm-small":["https:\/\/www.fatosefotosnews.com.br\/wp-content\/uploads\/2026\/08\/toms0719-130x95.webp",130,95,true],"full":["https:\/\/www.fatosefotosnews.com.br\/wp-content\/uploads\/2026\/08\/toms0719.webp",1170,700,false]},"_links":{"self":[{"href":"https:\/\/www.fatosefotosnews.com.br\/index.php?rest_route=\/wp\/v2\/posts\/157607","targetHints":{"allow":["GET"]}}],"collection":[{"href":"https:\/\/www.fatosefotosnews.com.br\/index.php?rest_route=\/wp\/v2\/posts"}],"about":[{"href":"https:\/\/www.fatosefotosnews.com.br\/index.php?rest_route=\/wp\/v2\/types\/post"}],"author":[{"embeddable":true,"href":"https:\/\/www.fatosefotosnews.com.br\/index.php?rest_route=\/wp\/v2\/users\/12"}],"replies":[{"embeddable":true,"href":"https:\/\/www.fatosefotosnews.com.br\/index.php?rest_route=%2Fwp%2Fv2%2Fcomments&post=157607"}],"version-history":[{"count":1,"href":"https:\/\/www.fatosefotosnews.com.br\/index.php?rest_route=\/wp\/v2\/posts\/157607\/revisions"}],"predecessor-version":[{"id":157608,"href":"https:\/\/www.fatosefotosnews.com.br\/index.php?rest_route=\/wp\/v2\/posts\/157607\/revisions\/157608"}],"wp:featuredmedia":[{"embeddable":true,"href":"https:\/\/www.fatosefotosnews.com.br\/index.php?rest_route=\/wp\/v2\/media\/157586"}],"wp:attachment":[{"href":"https:\/\/www.fatosefotosnews.com.br\/index.php?rest_route=%2Fwp%2Fv2%2Fmedia&parent=157607"}],"wp:term":[{"taxonomy":"category","embeddable":true,"href":"https:\/\/www.fatosefotosnews.com.br\/index.php?rest_route=%2Fwp%2Fv2%2Fcategories&post=157607"},{"taxonomy":"post_tag","embeddable":true,"href":"https:\/\/www.fatosefotosnews.com.br\/index.php?rest_route=%2Fwp%2Fv2%2Ftags&post=157607"}],"curies":[{"name":"wp","href":"https:\/\/api.w.org\/{rel}","templated":true}]}}