{"id":157637,"date":"2026-08-20T07:45:00","date_gmt":"2026-08-20T10:45:00","guid":{"rendered":"https:\/\/www.fatosefotosnews.com.br\/?p=157637"},"modified":"2026-08-19T22:47:15","modified_gmt":"2026-08-20T01:47:15","slug":"confira-como-foi-a-quarta-feira-dos-candidatos-a-presidente","status":"publish","type":"post","link":"https:\/\/www.fatosefotosnews.com.br\/?p=157637","title":{"rendered":"Confira como foi a quarta-feira dos candidatos a presidente"},"content":{"rendered":"\n<p class=\"wp-block-paragraph\">Foto: &nbsp;Ag\u00eancia Brasil<\/p>\n\n\n\n<p class=\"wp-block-paragraph\"><strong>&gt;&gt; Confira como foi a agenda de campanha dos candidatos \u00e0&nbsp;Presid\u00eancia da Rep\u00fablica nesta quarta-feira (19):&nbsp;<\/strong><strong><\/strong><img decoding=\"async\" src=\"https:\/\/agenciabrasil.ebc.com.br\/ebc.png?id=1700132&amp;o=node\"><img decoding=\"async\" src=\"https:\/\/agenciabrasil.ebc.com.br\/ebc.gif?id=1700132&amp;o=node\"><\/p>\n\n\n\n<p class=\"wp-block-paragraph\"><br><strong>Hertz Dias (PSTU)<\/strong><br><br>O candidato Hertz Dias esteve em Juiz de Fora (MG), onde participou de reuni\u00f5es com apoiadores e da assembleia dos trabalhadores da educa\u00e7\u00e3o municipal.<\/p>\n\n\n\n<p class=\"wp-block-paragraph\">Ele defendeu a valoriza\u00e7\u00e3o dos profissionais da educa\u00e7\u00e3o, amplia\u00e7\u00e3o dos investimentos p\u00fablicos e um sistema educacional que garanta as mesmas oportunidades para ricos e podres.<\/p>\n\n\n\n<p class=\"wp-block-paragraph\">\u201cEnquanto uma minoria tem acesso \u00e0s melhores escolas, laborat\u00f3rios, bibliotecas e forma\u00e7\u00e3o completa, milh\u00f5es de jovens estudam em escolas sem estrutura adequada e enfrentam um processo de empobrecimento do ensino\u201d, declarou.<br>&nbsp;<\/p>\n\n\n\n<p class=\"wp-block-paragraph\"><strong>Renan Santos (Miss\u00e3o)<\/strong><\/p>\n\n\n\n<p class=\"wp-block-paragraph\">O candidato Renan Santos fez campanha em Jo\u00e3o Pessoa.<\/p>\n\n\n\n<p class=\"wp-block-paragraph\">Ele acompanhou a retirada de c\u00e2meras instaladas em uma regi\u00e3o da capital paraibana, atribu\u00eddas a&nbsp;uma fac\u00e7\u00e3o criminosa.<\/p>\n\n\n\n<p class=\"wp-block-paragraph\">O candidato disse que uma de suas prioridades, caso eleito, ser\u00e1 o enfrentamento a organiza\u00e7\u00f5es criminosas, para impedi-las de controlar a circula\u00e7\u00e3o de moradores ou manter territ\u00f3rios sob seu dom\u00ednio.<\/p>\n\n\n\n<p class=\"wp-block-paragraph\">\u201cN\u00e3o haver\u00e1 bairro tomado pelo crime\u201d, declarou.<\/p>\n\n\n\n<p class=\"wp-block-paragraph\"><strong>Romeu Zema (Novo)<\/strong><br><br>O candidato Romeu Zema visitou a zona leste de S\u00e3o Paulo, onde conversou com eleitores e visitou a Feira de Guaianases.<\/p>\n\n\n\n<p class=\"wp-block-paragraph\">Em conversa r\u00e1pida com jornalistas, o candidato criticou a infla\u00e7\u00e3o sobre o pre\u00e7o dos alimentos e defendeu corte de gastos p\u00fablicos.<\/p>\n\n\n\n<p class=\"wp-block-paragraph\"><strong>Ronaldo Caiado (PSD)<\/strong><\/p>\n\n\n\n<p class=\"wp-block-paragraph\">O candidato Ronaldo Caiado participou, na manh\u00e3 desta quarta-feira (19), do 4\u00ba Congresso das Santas Casas e Hospitais Filantr\u00f3picos, em Bras\u00edlia.<\/p>\n\n\n\n<p class=\"wp-block-paragraph\">Ele defendeu a cria\u00e7\u00e3o de um sistema de sa\u00fade a partir da intelig\u00eancia artificial, com prontu\u00e1rios m\u00e9dicos no celular e agendamento virtual de revis\u00f5es, para agilizar o atendimento no Sistema \u00danico de Sa\u00fade (SUS), reduzir as filas de espera e acelerar os diagn\u00f3sticos.<\/p>\n\n\n\n<p class=\"wp-block-paragraph\">\u201cA sa\u00fade depende enormemente dela [intelig\u00eancia artificial]. Sem isso, n\u00e3o discutiremos mais a evolu\u00e7\u00e3o do atendimento em sa\u00fade\u201d, afirmou.<\/p>\n\n\n\n<p class=\"wp-block-paragraph\">\u00c0 tarde, Caiado foi o entrevistado do 11\u00ba F\u00f3rum CNT de Debates, da Confedera\u00e7\u00e3o Nacional do Transporte (CNT), na capital federal.<\/p>\n\n\n\n<p class=\"wp-block-paragraph\">Durante o evento, o candidato disse que as condi\u00e7\u00f5es das estradas n\u00e3o acompanharam o aumento do volume de cargas transportado, o que tem prejudicado a competitividade do pa\u00eds. Caiado prop\u00f5e a amplia\u00e7\u00e3o da malha ferrovi\u00e1ria e de hidrovias.<\/p>\n\n\n\n<p class=\"wp-block-paragraph\">Os candidatos Augusto Cury (Avante), Clariana Bar\u00e3o (DC), Edmilson Costa (PCB), Fl\u00e1vio Bolsonaro (PL), Luiz In\u00e1cio Lula da Silva&nbsp;(PT), Pablo Mar\u00e7al (PRTB), Rui Costa Pimenta&nbsp;(PCO), Samara Martins&nbsp;(UP) e Wilson Grassi (Democrata) n\u00e3o tiveram agenda p\u00fablica de campanha nesta quarta-feira.&nbsp;<\/p>\n","protected":false},"excerpt":{"rendered":"<p>Foto: &nbsp;Ag\u00eancia Brasil &gt;&gt; Confira como foi a agenda de campanha dos candidatos \u00e0&nbsp;Presid\u00eancia da Rep\u00fablica nesta quarta-feira (19):&nbsp; Hertz Dias (PSTU) O candidato Hertz Dias esteve em Juiz de Fora (MG), onde participou de reuni\u00f5es com apoiadores e da assembleia dos trabalhadores da educa\u00e7\u00e3o municipal. Ele defendeu a valoriza\u00e7\u00e3o dos profissionais da educa\u00e7\u00e3o, amplia\u00e7\u00e3o [&hellip;]<\/p>\n","protected":false},"author":12,"featured_media":157622,"comment_status":"closed","ping_status":"open","sticky":false,"template":"","format":"standard","meta":{"_acf_changed":false,"_angie_page":false,"_monsterinsights_skip_tracking":false,"_themeisle_gutenberg_block_has_review":false,"page_builder":"","footnotes":"","jetpack_publicize_message":"","jetpack_publicize_feature_enabled":true,"jetpack_social_post_already_shared":true,"jetpack_social_options":{"image_generator_settings":{"template":"highway","default_image_id":0,"font":"","enabled":false},"version":2}},"categories":[29246],"tags":[4930,397,518,453,1488],"class_list":["post-157637","post","type-post","status-publish","format-standard","has-post-thumbnail","hentry","category-eleicoes-2026","tag-candidatos","tag-confira","tag-feira","tag-presidente","tag-quarta"],"acf":[],"nelio_content":{"autoShareEndMode":"never","automationSources":{"useCustomSentences":false,"customSentences":[]},"efiAlt":"","efiUrl":"","followers":[12],"highlights":[],"isAutoShareEnabled":true,"networkImageIds":[],"permalinkQueryArgs":[],"series":[],"suggestedReferences":[]},"yoast_head":"<!-- This site is optimized with the Yoast SEO plugin v28.3 - https:\/\/yoast.com\/product\/yoast-seo-wordpress\/ -->\n<title>Confira como foi a quarta-feira dos candidatos a presidente - Fatos e Fotos News<\/title>\n<meta name=\"robots\" content=\"index, follow, max-snippet:-1, max-image-preview:large, max-video-preview:-1\" \/>\n<link rel=\"canonical\" href=\"https:\/\/www.fatosefotosnews.com.br\/?p=157637\" \/>\n<meta property=\"og:locale\" content=\"pt_BR\" \/>\n<meta property=\"og:type\" content=\"article\" \/>\n<meta property=\"og:title\" content=\"Confira como foi a quarta-feira dos candidatos a presidente - Fatos e Fotos News\" \/>\n<meta property=\"og:description\" content=\"Foto: &nbsp;Ag\u00eancia Brasil &gt;&gt; Confira como foi a agenda de campanha dos candidatos \u00e0&nbsp;Presid\u00eancia da Rep\u00fablica nesta quarta-feira (19):&nbsp; Hertz Dias (PSTU) O candidato Hertz Dias esteve em Juiz de Fora (MG), onde participou de reuni\u00f5es com apoiadores e da assembleia dos trabalhadores da educa\u00e7\u00e3o municipal. Ele defendeu a valoriza\u00e7\u00e3o dos profissionais da educa\u00e7\u00e3o, amplia\u00e7\u00e3o [&hellip;]\" \/>\n<meta property=\"og:url\" content=\"https:\/\/www.fatosefotosnews.com.br\/?p=157637\" \/>\n<meta property=\"og:site_name\" content=\"Fatos e Fotos News\" \/>\n<meta property=\"article:published_time\" content=\"2026-08-20T10:45:00+00:00\" \/>\n<meta property=\"og:image\" content=\"https:\/\/www.fatosefotosnews.com.br\/wp-content\/uploads\/2026\/08\/eleicoes-2026-banner.webp\" \/>\n\t<meta property=\"og:image:width\" content=\"1170\" \/>\n\t<meta property=\"og:image:height\" content=\"700\" \/>\n\t<meta property=\"og:image:type\" content=\"image\/webp\" \/>\n<meta name=\"author\" content=\"Mirela Portugal\" \/>\n<meta name=\"twitter:card\" content=\"summary_large_image\" \/>\n<meta name=\"twitter:label1\" content=\"Escrito por\" \/>\n\t<meta name=\"twitter:data1\" content=\"Mirela Portugal\" \/>\n\t<meta name=\"twitter:label2\" content=\"Est. tempo de leitura\" \/>\n\t<meta name=\"twitter:data2\" content=\"3 minutos\" \/>\n<script type=\"application\/ld+json\" class=\"yoast-schema-graph\">{\"@context\":\"https:\\\/\\\/schema.org\",\"@graph\":[{\"@type\":\"Article\",\"@id\":\"https:\\\/\\\/www.fatosefotosnews.com.br\\\/?p=157637#article\",\"isPartOf\":{\"@id\":\"https:\\\/\\\/www.fatosefotosnews.com.br\\\/?p=157637\"},\"author\":{\"name\":\"Mirela Portugal\",\"@id\":\"https:\\\/\\\/www.fatosefotosnews.com.br\\\/#\\\/schema\\\/person\\\/17b18da658f5277ed99382206a85602f\"},\"headline\":\"Confira como foi a quarta-feira dos candidatos a presidente\",\"datePublished\":\"2026-08-20T10:45:00+00:00\",\"mainEntityOfPage\":{\"@id\":\"https:\\\/\\\/www.fatosefotosnews.com.br\\\/?p=157637\"},\"wordCount\":472,\"publisher\":{\"@id\":\"https:\\\/\\\/www.fatosefotosnews.com.br\\\/#organization\"},\"image\":{\"@id\":\"https:\\\/\\\/www.fatosefotosnews.com.br\\\/?p=157637#primaryimage\"},\"thumbnailUrl\":\"https:\\\/\\\/www.fatosefotosnews.com.br\\\/wp-content\\\/uploads\\\/2026\\\/08\\\/eleicoes-2026-banner.webp\",\"keywords\":[\"candidatos\",\"confira\",\"feira\",\"presidente\",\"quarta\"],\"articleSection\":[\"Elei\u00e7\u00f5es 2026\"],\"inLanguage\":\"pt-BR\"},{\"@type\":\"WebPage\",\"@id\":\"https:\\\/\\\/www.fatosefotosnews.com.br\\\/?p=157637\",\"url\":\"https:\\\/\\\/www.fatosefotosnews.com.br\\\/?p=157637\",\"name\":\"Confira como foi a quarta-feira dos candidatos a presidente - Fatos e Fotos News\",\"isPartOf\":{\"@id\":\"https:\\\/\\\/www.fatosefotosnews.com.br\\\/#website\"},\"primaryImageOfPage\":{\"@id\":\"https:\\\/\\\/www.fatosefotosnews.com.br\\\/?p=157637#primaryimage\"},\"image\":{\"@id\":\"https:\\\/\\\/www.fatosefotosnews.com.br\\\/?p=157637#primaryimage\"},\"thumbnailUrl\":\"https:\\\/\\\/www.fatosefotosnews.com.br\\\/wp-content\\\/uploads\\\/2026\\\/08\\\/eleicoes-2026-banner.webp\",\"datePublished\":\"2026-08-20T10:45:00+00:00\",\"breadcrumb\":{\"@id\":\"https:\\\/\\\/www.fatosefotosnews.com.br\\\/?p=157637#breadcrumb\"},\"inLanguage\":\"pt-BR\",\"potentialAction\":[{\"@type\":\"ReadAction\",\"target\":[\"https:\\\/\\\/www.fatosefotosnews.com.br\\\/?p=157637\"]}]},{\"@type\":\"ImageObject\",\"inLanguage\":\"pt-BR\",\"@id\":\"https:\\\/\\\/www.fatosefotosnews.com.br\\\/?p=157637#primaryimage\",\"url\":\"https:\\\/\\\/www.fatosefotosnews.com.br\\\/wp-content\\\/uploads\\\/2026\\\/08\\\/eleicoes-2026-banner.webp\",\"contentUrl\":\"https:\\\/\\\/www.fatosefotosnews.com.br\\\/wp-content\\\/uploads\\\/2026\\\/08\\\/eleicoes-2026-banner.webp\",\"width\":1170,\"height\":700},{\"@type\":\"BreadcrumbList\",\"@id\":\"https:\\\/\\\/www.fatosefotosnews.com.br\\\/?p=157637#breadcrumb\",\"itemListElement\":[{\"@type\":\"ListItem\",\"position\":1,\"name\":\"In\u00edcio\",\"item\":\"https:\\\/\\\/www.fatosefotosnews.com.br\\\/\"},{\"@type\":\"ListItem\",\"position\":2,\"name\":\"Confira como foi a quarta-feira dos candidatos a presidente\"}]},{\"@type\":\"WebSite\",\"@id\":\"https:\\\/\\\/www.fatosefotosnews.com.br\\\/#website\",\"url\":\"https:\\\/\\\/www.fatosefotosnews.com.br\\\/\",\"name\":\"Fatos e Fotos News\",\"description\":\"Um site de noticial verdadeira e confi\u00e1veis.\",\"publisher\":{\"@id\":\"https:\\\/\\\/www.fatosefotosnews.com.br\\\/#organization\"},\"potentialAction\":[{\"@type\":\"SearchAction\",\"target\":{\"@type\":\"EntryPoint\",\"urlTemplate\":\"https:\\\/\\\/www.fatosefotosnews.com.br\\\/?s={search_term_string}\"},\"query-input\":{\"@type\":\"PropertyValueSpecification\",\"valueRequired\":true,\"valueName\":\"search_term_string\"}}],\"inLanguage\":\"pt-BR\"},{\"@type\":\"Organization\",\"@id\":\"https:\\\/\\\/www.fatosefotosnews.com.br\\\/#organization\",\"name\":\"Fatos e Fotos News\",\"url\":\"https:\\\/\\\/www.fatosefotosnews.com.br\\\/\",\"logo\":{\"@type\":\"ImageObject\",\"inLanguage\":\"pt-BR\",\"@id\":\"https:\\\/\\\/www.fatosefotosnews.com.br\\\/#\\\/schema\\\/logo\\\/image\\\/\",\"url\":\"https:\\\/\\\/www.fatosefotosnews.com.br\\\/wp-content\\\/uploads\\\/2023\\\/02\\\/Fatos-e-Fotos-news-logo.png\",\"contentUrl\":\"https:\\\/\\\/www.fatosefotosnews.com.br\\\/wp-content\\\/uploads\\\/2023\\\/02\\\/Fatos-e-Fotos-news-logo.png\",\"width\":300,\"height\":58,\"caption\":\"Fatos e Fotos News\"},\"image\":{\"@id\":\"https:\\\/\\\/www.fatosefotosnews.com.br\\\/#\\\/schema\\\/logo\\\/image\\\/\"}},{\"@type\":\"Person\",\"@id\":\"https:\\\/\\\/www.fatosefotosnews.com.br\\\/#\\\/schema\\\/person\\\/17b18da658f5277ed99382206a85602f\",\"name\":\"Mirela Portugal\",\"image\":{\"@type\":\"ImageObject\",\"inLanguage\":\"pt-BR\",\"@id\":\"https:\\\/\\\/secure.gravatar.com\\\/avatar\\\/2f92fb43fda38d1a46cf4a155e1c2951193d91d9bed3df97fce720eeb9595d08?s=96&d=mm&r=g\",\"url\":\"https:\\\/\\\/secure.gravatar.com\\\/avatar\\\/2f92fb43fda38d1a46cf4a155e1c2951193d91d9bed3df97fce720eeb9595d08?s=96&d=mm&r=g\",\"contentUrl\":\"https:\\\/\\\/secure.gravatar.com\\\/avatar\\\/2f92fb43fda38d1a46cf4a155e1c2951193d91d9bed3df97fce720eeb9595d08?s=96&d=mm&r=g\",\"caption\":\"Mirela Portugal\"},\"sameAs\":[\"http:\\\/\\\/fatosefotosnews.com.br\"],\"url\":\"https:\\\/\\\/www.fatosefotosnews.com.br\\\/?author=12\"}]}<\/script>\n<!-- \/ Yoast SEO plugin. -->","yoast_head_json":{"title":"Confira como foi a quarta-feira dos candidatos a presidente - Fatos e Fotos News","robots":{"index":"index","follow":"follow","max-snippet":"max-snippet:-1","max-image-preview":"max-image-preview:large","max-video-preview":"max-video-preview:-1"},"canonical":"https:\/\/www.fatosefotosnews.com.br\/?p=157637","og_locale":"pt_BR","og_type":"article","og_title":"Confira como foi a quarta-feira dos candidatos a presidente - Fatos e Fotos News","og_description":"Foto: &nbsp;Ag\u00eancia Brasil &gt;&gt; Confira como foi a agenda de campanha dos candidatos \u00e0&nbsp;Presid\u00eancia da Rep\u00fablica nesta quarta-feira (19):&nbsp; Hertz Dias (PSTU) O candidato Hertz Dias esteve em Juiz de Fora (MG), onde participou de reuni\u00f5es com apoiadores e da assembleia dos trabalhadores da educa\u00e7\u00e3o municipal. Ele defendeu a valoriza\u00e7\u00e3o dos profissionais da educa\u00e7\u00e3o, amplia\u00e7\u00e3o [&hellip;]","og_url":"https:\/\/www.fatosefotosnews.com.br\/?p=157637","og_site_name":"Fatos e Fotos News","article_published_time":"2026-08-20T10:45:00+00:00","og_image":[{"width":1170,"height":700,"url":"https:\/\/www.fatosefotosnews.com.br\/wp-content\/uploads\/2026\/08\/eleicoes-2026-banner.webp","type":"image\/webp"}],"author":"Mirela Portugal","twitter_card":"summary_large_image","twitter_misc":{"Escrito por":"Mirela Portugal","Est. tempo de leitura":"3 minutos"},"schema":{"@context":"https:\/\/schema.org","@graph":[{"@type":"Article","@id":"https:\/\/www.fatosefotosnews.com.br\/?p=157637#article","isPartOf":{"@id":"https:\/\/www.fatosefotosnews.com.br\/?p=157637"},"author":{"name":"Mirela Portugal","@id":"https:\/\/www.fatosefotosnews.com.br\/#\/schema\/person\/17b18da658f5277ed99382206a85602f"},"headline":"Confira como foi a quarta-feira dos candidatos a presidente","datePublished":"2026-08-20T10:45:00+00:00","mainEntityOfPage":{"@id":"https:\/\/www.fatosefotosnews.com.br\/?p=157637"},"wordCount":472,"publisher":{"@id":"https:\/\/www.fatosefotosnews.com.br\/#organization"},"image":{"@id":"https:\/\/www.fatosefotosnews.com.br\/?p=157637#primaryimage"},"thumbnailUrl":"https:\/\/www.fatosefotosnews.com.br\/wp-content\/uploads\/2026\/08\/eleicoes-2026-banner.webp","keywords":["candidatos","confira","feira","presidente","quarta"],"articleSection":["Elei\u00e7\u00f5es 2026"],"inLanguage":"pt-BR"},{"@type":"WebPage","@id":"https:\/\/www.fatosefotosnews.com.br\/?p=157637","url":"https:\/\/www.fatosefotosnews.com.br\/?p=157637","name":"Confira como foi a quarta-feira dos candidatos a presidente - Fatos e Fotos News","isPartOf":{"@id":"https:\/\/www.fatosefotosnews.com.br\/#website"},"primaryImageOfPage":{"@id":"https:\/\/www.fatosefotosnews.com.br\/?p=157637#primaryimage"},"image":{"@id":"https:\/\/www.fatosefotosnews.com.br\/?p=157637#primaryimage"},"thumbnailUrl":"https:\/\/www.fatosefotosnews.com.br\/wp-content\/uploads\/2026\/08\/eleicoes-2026-banner.webp","datePublished":"2026-08-20T10:45:00+00:00","breadcrumb":{"@id":"https:\/\/www.fatosefotosnews.com.br\/?p=157637#breadcrumb"},"inLanguage":"pt-BR","potentialAction":[{"@type":"ReadAction","target":["https:\/\/www.fatosefotosnews.com.br\/?p=157637"]}]},{"@type":"ImageObject","inLanguage":"pt-BR","@id":"https:\/\/www.fatosefotosnews.com.br\/?p=157637#primaryimage","url":"https:\/\/www.fatosefotosnews.com.br\/wp-content\/uploads\/2026\/08\/eleicoes-2026-banner.webp","contentUrl":"https:\/\/www.fatosefotosnews.com.br\/wp-content\/uploads\/2026\/08\/eleicoes-2026-banner.webp","width":1170,"height":700},{"@type":"BreadcrumbList","@id":"https:\/\/www.fatosefotosnews.com.br\/?p=157637#breadcrumb","itemListElement":[{"@type":"ListItem","position":1,"name":"In\u00edcio","item":"https:\/\/www.fatosefotosnews.com.br\/"},{"@type":"ListItem","position":2,"name":"Confira como foi a quarta-feira dos candidatos a presidente"}]},{"@type":"WebSite","@id":"https:\/\/www.fatosefotosnews.com.br\/#website","url":"https:\/\/www.fatosefotosnews.com.br\/","name":"Fatos e Fotos News","description":"Um site de noticial verdadeira e confi\u00e1veis.","publisher":{"@id":"https:\/\/www.fatosefotosnews.com.br\/#organization"},"potentialAction":[{"@type":"SearchAction","target":{"@type":"EntryPoint","urlTemplate":"https:\/\/www.fatosefotosnews.com.br\/?s={search_term_string}"},"query-input":{"@type":"PropertyValueSpecification","valueRequired":true,"valueName":"search_term_string"}}],"inLanguage":"pt-BR"},{"@type":"Organization","@id":"https:\/\/www.fatosefotosnews.com.br\/#organization","name":"Fatos e Fotos News","url":"https:\/\/www.fatosefotosnews.com.br\/","logo":{"@type":"ImageObject","inLanguage":"pt-BR","@id":"https:\/\/www.fatosefotosnews.com.br\/#\/schema\/logo\/image\/","url":"https:\/\/www.fatosefotosnews.com.br\/wp-content\/uploads\/2023\/02\/Fatos-e-Fotos-news-logo.png","contentUrl":"https:\/\/www.fatosefotosnews.com.br\/wp-content\/uploads\/2023\/02\/Fatos-e-Fotos-news-logo.png","width":300,"height":58,"caption":"Fatos e Fotos News"},"image":{"@id":"https:\/\/www.fatosefotosnews.com.br\/#\/schema\/logo\/image\/"}},{"@type":"Person","@id":"https:\/\/www.fatosefotosnews.com.br\/#\/schema\/person\/17b18da658f5277ed99382206a85602f","name":"Mirela Portugal","image":{"@type":"ImageObject","inLanguage":"pt-BR","@id":"https:\/\/secure.gravatar.com\/avatar\/2f92fb43fda38d1a46cf4a155e1c2951193d91d9bed3df97fce720eeb9595d08?s=96&d=mm&r=g","url":"https:\/\/secure.gravatar.com\/avatar\/2f92fb43fda38d1a46cf4a155e1c2951193d91d9bed3df97fce720eeb9595d08?s=96&d=mm&r=g","contentUrl":"https:\/\/secure.gravatar.com\/avatar\/2f92fb43fda38d1a46cf4a155e1c2951193d91d9bed3df97fce720eeb9595d08?s=96&d=mm&r=g","caption":"Mirela Portugal"},"sameAs":["http:\/\/fatosefotosnews.com.br"],"url":"https:\/\/www.fatosefotosnews.com.br\/?author=12"}]}},"jetpack_publicize_connections":[],"blog_post_layout_featured_media_urls":{"thumbnail":["https:\/\/www.fatosefotosnews.com.br\/wp-content\/uploads\/2026\/08\/eleicoes-2026-banner-150x150.webp",150,150,true],"full":["https:\/\/www.fatosefotosnews.com.br\/wp-content\/uploads\/2026\/08\/eleicoes-2026-banner.webp",1170,700,false]},"categories_names":{"29246":{"name":"Elei\u00e7\u00f5es 2026","link":"https:\/\/www.fatosefotosnews.com.br\/?cat=29246"}},"tags_names":{"4930":{"name":"candidatos","link":"https:\/\/www.fatosefotosnews.com.br\/?tag=candidatos"},"397":{"name":"confira","link":"https:\/\/www.fatosefotosnews.com.br\/?tag=confira"},"518":{"name":"feira","link":"https:\/\/www.fatosefotosnews.com.br\/?tag=feira"},"453":{"name":"presidente","link":"https:\/\/www.fatosefotosnews.com.br\/?tag=presidente"},"1488":{"name":"quarta","link":"https:\/\/www.fatosefotosnews.com.br\/?tag=quarta"}},"comments_number":"0","wpmagazine_modules_lite_featured_media_urls":{"thumbnail":["https:\/\/www.fatosefotosnews.com.br\/wp-content\/uploads\/2026\/08\/eleicoes-2026-banner-150x150.webp",150,150,true],"cvmm-medium":["https:\/\/www.fatosefotosnews.com.br\/wp-content\/uploads\/2026\/08\/eleicoes-2026-banner-300x300.webp",300,300,true],"cvmm-medium-plus":["https:\/\/www.fatosefotosnews.com.br\/wp-content\/uploads\/2026\/08\/eleicoes-2026-banner-305x207.webp",305,207,true],"cvmm-portrait":["https:\/\/www.fatosefotosnews.com.br\/wp-content\/uploads\/2026\/08\/eleicoes-2026-banner-400x600.webp",400,600,true],"cvmm-medium-square":["https:\/\/www.fatosefotosnews.com.br\/wp-content\/uploads\/2026\/08\/eleicoes-2026-banner-600x600.webp",600,600,true],"cvmm-large":["https:\/\/www.fatosefotosnews.com.br\/wp-content\/uploads\/2026\/08\/eleicoes-2026-banner-1024x700.webp",1024,700,true],"cvmm-small":["https:\/\/www.fatosefotosnews.com.br\/wp-content\/uploads\/2026\/08\/eleicoes-2026-banner-130x95.webp",130,95,true],"full":["https:\/\/www.fatosefotosnews.com.br\/wp-content\/uploads\/2026\/08\/eleicoes-2026-banner.webp",1170,700,false]},"_links":{"self":[{"href":"https:\/\/www.fatosefotosnews.com.br\/index.php?rest_route=\/wp\/v2\/posts\/157637","targetHints":{"allow":["GET"]}}],"collection":[{"href":"https:\/\/www.fatosefotosnews.com.br\/index.php?rest_route=\/wp\/v2\/posts"}],"about":[{"href":"https:\/\/www.fatosefotosnews.com.br\/index.php?rest_route=\/wp\/v2\/types\/post"}],"author":[{"embeddable":true,"href":"https:\/\/www.fatosefotosnews.com.br\/index.php?rest_route=\/wp\/v2\/users\/12"}],"replies":[{"embeddable":true,"href":"https:\/\/www.fatosefotosnews.com.br\/index.php?rest_route=%2Fwp%2Fv2%2Fcomments&post=157637"}],"version-history":[{"count":1,"href":"https:\/\/www.fatosefotosnews.com.br\/index.php?rest_route=\/wp\/v2\/posts\/157637\/revisions"}],"predecessor-version":[{"id":157638,"href":"https:\/\/www.fatosefotosnews.com.br\/index.php?rest_route=\/wp\/v2\/posts\/157637\/revisions\/157638"}],"wp:featuredmedia":[{"embeddable":true,"href":"https:\/\/www.fatosefotosnews.com.br\/index.php?rest_route=\/wp\/v2\/media\/157622"}],"wp:attachment":[{"href":"https:\/\/www.fatosefotosnews.com.br\/index.php?rest_route=%2Fwp%2Fv2%2Fmedia&parent=157637"}],"wp:term":[{"taxonomy":"category","embeddable":true,"href":"https:\/\/www.fatosefotosnews.com.br\/index.php?rest_route=%2Fwp%2Fv2%2Fcategories&post=157637"},{"taxonomy":"post_tag","embeddable":true,"href":"https:\/\/www.fatosefotosnews.com.br\/index.php?rest_route=%2Fwp%2Fv2%2Ftags&post=157637"}],"curies":[{"name":"wp","href":"https:\/\/api.w.org\/{rel}","templated":true}]}}